{"id":514104,"date":"2022-11-25T10:00:00","date_gmt":"2022-11-25T09:00:00","guid":{"rendered":"https:\/\/leregardlibre.com\/?p=514104"},"modified":"2025-12-13T22:50:56","modified_gmt":"2025-12-13T21:50:56","slug":"jean-baptiste-noe-l-universalisme-geopolitique-est-en-echec","status":"publish","type":"post","link":"https:\/\/leregardlibre.com\/de\/politik\/welt\/jean-baptiste-noe-l-universalisme-geopolitique-est-en-echec\/","title":{"rendered":"Jean-Baptiste No\u00e9: \u00abDer Universalismus ist gescheitert\u00bb.\u00bb"},"content":{"rendered":"<p class=\"has-drop-cap\"><strong>A l\u2019occasion de la sortie de son livre <em>Le d\u00e9clin d\u2019un monde<\/em>, Jean-Baptiste No\u00e9 \u00e9voque avec nous la fin du r\u00eave de l\u2019Occident<\/strong> <strong>de fa\u00e7onner le monde \u00e0 son image. Et il ose m\u00eame s\u2019en r\u00e9jouir.<\/strong><\/p>\n\n\n\n<!--more LIRE L\u2019iNTERVIEW (EN LIBRE ACC\u00c8S)-->\n\n\n\n<p>Jean-Baptiste No\u00e9 est un de ces intellectuels qui se donnent pour boussole de prendre le r\u00e9el comme il est, pour mieux d\u00e9noncer ceux qui le fuient. Docteur en histoire \u00e9conomique, professeur de g\u00e9opolitique et r\u00e9dacteur en chef de la revue fran\u00e7aise Conflits, il est \u00e9galement sp\u00e9cialiste de la g\u00e9opolitique du Vatican. Il analyse dans son nouveau livre \u2013 \u00e9toff\u00e9 par le travail de l\u2019\u00e9quipe de Conflits \u2013 l\u2019effritement d\u2019un ordre mondial qui aurait longtemps \u00e9t\u00e9 berc\u00e9 par une illusion universaliste. La guerre en Ukraine, la contestation g\u00e9n\u00e9ralis\u00e9e des institutions internationales et les \u00e9checs des interventions occidentales \u00e0 l\u2019\u00e9tranger r\u00e9v\u00e9leraient l\u2019obsolescence de cet ordre mondial. L\u2019heure est \u00e0 la lucidit\u00e9.<\/p>\n\n\n\n<h6 class=\"wp-block-heading\"><em>Le Regard Libre<\/em>: Votre nouveau livre s\u2019intitule \u00abLe d\u00e9clin d\u2019un monde\u00bb. A quel monde faites-vous r\u00e9f\u00e9rence?<\/h6>\n\n\n\n<p>Jean-Baptiste No\u00e9: Il s\u2019agit du monde occidental, et plus pr\u00e9cis\u00e9ment de son universalisme. Les Europ\u00e9ens ont longtemps cru, du XIXe si\u00e8cle jusqu\u2019aux derni\u00e8res d\u00e9cennies, qu\u2019ils allaient exporter leur culture, leurs valeurs et leur mode de pens\u00e9e \u00e0 travers le monde. Or, on se rend compte que beaucoup de populations non occidentales ne veulent pas s\u2019occidentaliser et pr\u00e9f\u00e8rent conserver leur particularisme, leur histoire, leur culture. Comme l\u2019affirme ce titre plut\u00f4t n\u00e9gatif, cet universalisme est en d\u00e9clin. Je pense cependant qu\u2019il faut s\u2019en r\u00e9jouir, car il a conduit \u00e0 des ing\u00e9rences et \u00e0 des guerres.<\/p>\n\n\n\n<h6 class=\"wp-block-heading\">Comment se manifestait cette forme d\u2019universalisme?<\/h6>\n\n\n\n<p>Il se manifestait concr\u00e8tement \u00e0 travers la colonisation, qui visait \u00e0 transformer les populations africaines en peuples europ\u00e9ens. A titre d\u2019exemple, dans les ann\u00e9es 1980-90, les Etats europ\u00e9ens conditionnaient l\u2019aide au d\u00e9veloppement donn\u00e9e aux Etats africains au respect d\u2019un agenda europ\u00e9en: mise en place de la d\u00e9mocratie, acceptation des normes de l\u2019ONU, etc.<strong> <\/strong>Par ailleurs, la guerre en Irak lanc\u00e9e en 2003 est \u00e9galement un symbole de cette volont\u00e9 d\u2019exporter la d\u00e9mocratie.<\/p>\n\n\n\n<h6 class=\"wp-block-heading\">A la diff\u00e9rence pr\u00e8s que la d\u00e9cision am\u00e9ricaine d\u2019envahir l\u2019Irak a fait l\u2019objet d\u2019une fronde.<\/h6>\n\n\n\n<p>Oui, cela a \u00e9t\u00e9 le seul moment de r\u00e9volte au sein du camp occidental. Cette fronde a cependant \u00e9t\u00e9 vaine, car la guerre a bien eu lieu malgr\u00e9 l\u2019opposition des Fran\u00e7ais et du Conseil de s\u00e9curit\u00e9 de l\u2019Organisation des Nations unies (ONU). Il y a ensuite eu l\u2019intervention de l\u2019Organisation du trait\u00e9 de l\u2019Atlantique Nord (OTAN) en Libye en 2011, et le lancement de l\u2019op\u00e9ration Barkhane au Mali en 2014, qui vient de s\u2019achever sur un cinglant \u00e9chec. Le terrorisme est toujours pr\u00e9sent et la r\u00e9gion est plus instable que jamais. Nous nous rendons compte d\u2019une part que les interventions militaires ne fonctionnent pas, et d\u2019autre part que l\u2019imposition de notre mod\u00e8le aux autres est vou\u00e9e \u00e0 l\u2019\u00e9chec.<\/p>\n\n\n\n<h6 class=\"wp-block-heading\">Quand ce \u00abmonde universaliste\u00bb a-t-il \u00e9merg\u00e9?<\/h6>\n\n\n\n<p>Je ferais remonter son \u00e9mergence moderne au milieu du XIXe si\u00e8cle, avec la colonisation de l\u2019Afrique et de l\u2019Asie. La cr\u00e9ation des institutions internationales, comme l\u2019ONU et le Fonds mon\u00e9taire international (FMI), s\u2019inscrit dans cette ligne, car celles-ci sont model\u00e9es sur la philosophie et le droit occidentaux. L\u2019id\u00e9e en est peut-\u00eatre g\u00e9n\u00e9reuse, mais l\u2019ordre mondial voulu n\u2019en reste pas moins occidental. Cela pouvait fonctionner quand l\u2019Occident avait les moyens militaires, politiques, \u00e9conomiques d\u2019imposer cet ordre. Il ne les a plus aujourd\u2019hui, notamment depuis la fin de la colonisation.<\/p>\n\n\n\n<h6 class=\"wp-block-heading\">Quels sont les signes de ce d\u00e9clin?<\/h6>\n\n\n\n<p>Cet \u00e9chec de l\u2019universalisme se traduit aujourd\u2019hui par une remise en cause de l\u2019ONU, dont la structure repose sur les vainqueurs de 1945. Etant donn\u00e9 que notre ordre du monde d\u00e9pend d\u2019un \u00e9v\u00e9nement qui date de 80 ans, il n\u2019est pas \u00e9tonnant qu\u2019il soit remis en cause. L\u2019Union africaine revendique un si\u00e8ge permanent au Conseil de s\u00e9curit\u00e9; P\u00e9kin rejette le droit international qui est purement occidental; l\u2019ambassadeur de Jordanie aupr\u00e8s de l\u2019UNESCO consid\u00e8re que le Coran est plus important que la D\u00e9claration des droits de l\u2019homme et du citoyen. Les exemples ne manquent pas. Ce d\u00e9clin se manifeste \u00e9galement par le rejet de la pr\u00e9sence europ\u00e9enne: le Mali nous a chass\u00e9s d\u2019Afrique, les militaires fran\u00e7ais sont mal vus au Burkina Faso et en C\u00f4te d\u2019Ivoire\u2026<\/p>\n\n\n\n<h6 class=\"wp-block-heading\">Pourquoi a-t-on tant parl\u00e9 de la th\u00e9orie de la \u00abfin de l\u2019histoire\u00bb de Fukuyama, qui d\u00e9crivait l\u2019av\u00e8nement de la d\u00e9mocratie lib\u00e9rale et la fin des conflits dans le monde?<\/h6>\n\n\n\n<p>C\u2019\u00e9tait le r\u00eave jusqu\u2019au d\u00e9but des ann\u00e9es 2000. <em>La Fin de l\u2019histoire et le Dernier Homme<\/em> fait partie de ces livres aux titres marquants, qui servent de r\u00e9f\u00e9rentiels dont on parle sans forc\u00e9ment les avoir lus. Il y a eu une p\u00e9riode pendant laquelle on a cru \u00e0 cette th\u00e8se, qui a dur\u00e9 une petite dizaine d\u2019ann\u00e9es, o\u00f9 il ne s\u2019est pas pass\u00e9 grand-chose. Cela nous a fait croire que nous \u00e9tions dans un nouveau monde, alors que \u00e7a n\u2019\u00e9tait qu\u2019une parenth\u00e8se.<\/p>\n\n\n\n<h6 class=\"wp-block-heading\">La d\u00e9mocratie lib\u00e9rale a donc \u00e9t\u00e9 coupable d\u2019<em>\u00dcberheblichkeit<\/em>...<\/h6>\n\n\n\n<p>Oui, de na\u00efvet\u00e9 et d\u2019<em>\u00dcberheblichkeit<\/em>. Coupable d\u2019<em>\u00dcberheblichkeit<\/em> parce qu\u2019on a voulu l\u2019exporter sans voir qu\u2019elle a toujours besoin d\u2019un terreau culturel et spirituel. Typiquement, elle ne peut pas s\u2019\u00e9panouir dans des cultures qui sont marqu\u00e9es par de fortes in\u00e9galit\u00e9s entre hommes et femmes ou par d\u2019importants clivages ethniques. Cette n\u00e9gation de l\u2019importance de la culture dans la cr\u00e9ation de la d\u00e9mocratie et ce refus de voir la sp\u00e9cificit\u00e9 de l\u2019Europe \u00e0 ce sujet trahissent ce m\u00e9lange de d\u00e9mesure et de na\u00efvet\u00e9. C\u2019est pr\u00e9cis\u00e9ment cette na\u00efvet\u00e9 qui nous fait tomber dans l\u2019<em>\u00dcberheblichkeit<\/em> et dans la volont\u00e9 de puissance. Thucydide l\u2019expliquait d\u00e9j\u00e0: les id\u00e9alistes sont ceux qui font les guerres. Les r\u00e9alistes, derri\u00e8re leurs atours plus bellicistes, cr\u00e9ent moins de guerres qu\u2019eux.<\/p>\n\n\n\n<p><em>Lesen Sie auch | <a href=\"https:\/\/leregardlibre.com\/de\/philosophie\/mathieu-bock-cote-il-y-a-une-corruption-intellectuelle-des-sciences-sociales\/\"><strong>Mathieu Bock-C\u00f4t\u00e9:<\/strong> \u00abLa d\u00e9mocratie lib\u00e9rale est inimaginable si l\u2019on ne pense pas la civilisation dont elle est la traduction politique\u00bb<\/a><\/em><\/p>\n\n\n\n<h6 class=\"wp-block-heading\">En somme, l\u2019Occident a fait de sa d\u00e9mocratie une norme mondiale, presque un imp\u00e9ratif moral. Quelle place la morale tient-elle en g\u00e9opolitique?<\/h6>\n\n\n\n<p>C\u2019est un vrai sujet. Quand la Chine intervient en Afrique, elle ne le fait pas au nom de la morale, mais au nom de ses int\u00e9r\u00eats. L\u2019Occident le fait au nom de la morale et n\u2019ose pas d\u00e9voiler sa volont\u00e9 de puissance. On n\u2019ose m\u00eame pas dire que l\u2019on veut contr\u00f4ler nos apports \u00e9nerg\u00e9tiques, alors m\u00eame que cela ne serait pas immoral. On veut faire croire \u00e0 la pratique d\u2019une sorte d\u2019altruisme g\u00e9n\u00e9ral, \u00e0 une philanthropie mondiale. Or, il est \u00e9vident que cela n\u2019est pas vrai : on intervient en Irak, mais pas au Y\u00e9men, on soutient l\u2019Ukraine, mais pas le Venezuela. Le choix des pays que l\u2019on aide r\u00e9pond d\u2019abord \u00e0 une logique politique, non altruiste.<\/p>\n\n\n\n<h6 class=\"wp-block-heading\">Le regain de \u00abr\u00e9alisme\u00bb dans la g\u00e9opolitique mondiale sonne-t-il le d\u00e9clin du multilat\u00e9ralisme?<\/h6>\n\n\n\n<p>Le multilat\u00e9ralisme ne peut exister qu\u2019avec un r\u00e9f\u00e9rentiel philosophique commun. Il marchait en 1945 avec 60 Etats dans le monde, issus de la m\u00eame matrice religieuse et civilisationnelle. Aujourd\u2019hui, il y a 300 Etats dans le monde; certains pr\u00e9f\u00e8rent le Coran et d\u2019autres la D\u00e9claration des droits de l\u2019homme. Le multilat\u00e9ralisme est d\u00e8s lors impossible. Comment peut-on instaurer un droit commun si l\u2019on n\u2019a pas les m\u00eames r\u00e9f\u00e9rences intellectuelles? Avant d\u2019\u00eatre un ensemble de textes, le droit est une philosophie, et une anthropologie. Il s\u2019agit d\u2019une vision de l\u2019homme et de sa place dans le monde. A une vision diff\u00e9rente correspondent des droits diff\u00e9rents.<\/p>\n\n\n\n<h6 class=\"wp-block-heading\">Ce r\u00e9f\u00e9rentiel intellectuel commun est-il cependant n\u00e9cessaire dans le cadre du multilat\u00e9ralisme li\u00e9 aux questions \u00e9cologiques? L\u2019urgence climatique est d\u2019ordre tr\u00e8s concret.<\/h6>\n\n\n\n<p>La COP est une fumisterie: on en organise tous les deux ans et on y promet \u00e0 chaque fois que tout va changer, alors que rien ne change. D\u2019ailleurs, les grands Etats ne la signent pas. Le multilat\u00e9ralisme \u00ab\u00e9cologique\u00bb est utile \u00e0 deux titres. D\u2019une part, il permet aux pays africains de demander des aides financi\u00e8res pour compenser la pollution occidentale. D\u2019autre part, il fait plaisir aux Europ\u00e9ens qui ont l\u2019impression de peser sur l\u2019ordre mondial en organisant leurs grandes messes qui servent \u00e0 faire vivre des fonctionnaires et des administrations internationales.<\/p>\n\n\n\n<h6 class=\"wp-block-heading\">Vous sugg\u00e9rez \u00e9galement que la pacification internationale repose plus sur l\u2019\u00e9conomie que sur les institutions internationales d\u00e9di\u00e9es \u00e0 la paix dans le monde.<\/h6>\n\n\n\n<p>L\u2019\u00e9conomie a une fonction pacificatrice. Cela renvoie \u00e0 un d\u00e9bat datant du XVIIIe si\u00e8cle. Les guerres nous montrent que notre syst\u00e8me ne fonctionne pas parfaitement, mais, malgr\u00e9 tout, on observe un lien entre l\u2019intensit\u00e9 des relations \u00e9conomiques et l\u2019absence de guerre. Les relations \u00e9conomiques entre la Chine, les Etats-Unis et l\u2019Europe sont telles que tous ces acteurs auraient \u00e9norm\u00e9ment \u00e0 perdre d\u2019une guerre frontale. Les pays o\u00f9 les guerres sont rudes sont les pays peu ins\u00e9r\u00e9s dans l\u2019espace \u00e9conomique mondial: on peut penser au Soudan, au Y\u00e9men ou encore \u00e0 la Syrie. Ces guerres ne \u00abg\u00eanent\u00bb personne, du point de vue \u00e9conomique. Une guerre \u00e0 Ta\u00efwan, au contraire, g\u00eanerait tout le monde. Pour le moment, elle n\u2019a donc pas \u00e9clat\u00e9, m\u00eame si la Chine a tr\u00e8s envie de l\u2019envahir.<\/p>\n\n\n\n<form method=\"post\" action=\"https:\/\/newsletter.infomaniak.com\/external\/submit\" class=\"inf-form\" target=\"_blank\"><input type=\"email\" name=\"email\" style=\"display:none\"><input type=\"hidden\" name=\"key\" value=\"eyJpdiI6IlZXRVJGMlRGQUU2alNqUE81bitIUk5adnNVa0c4MllFTStzOHdHT1FQZ3c9IiwidmFsdWUiOiJIYzhwMUVCK1pTNnlhY3MyMmhuZlhReWJqemEwNk93blMxTjFHc0s2VHZrPSIsIm1hYyI6ImVhYTQ5N2I1M2NiYWE4NzBm Njk2NzgzYjliM2Y5NmYzM2E2ZmU3NGQxNTU1ZDFkMTU1MzY5NTdjYjE3ZTJmNTUifQ==\"><input type=\"hidden\" name=\"webform_id\" value=\"7291\"><style> .inf-main_3000311ca56a1cb93397bc676c0b7fff{ background-color:#f5f5f5; padding:25px 20px; margin:25px auto; } .inf-main_3000311ca56a1cb93397bc676c0b7fff .inf-content { margin-top:13px;} .inf-main_3000311ca56a1cb93397bc676c0b7fff h4, .inf-main_3000311ca56a1cb93397bc676c0b7fff span, .inf- main_3000311ca56a1cb93397bc676c0b7fff label, .inf-main_3000311ca56a1cb93397bc676c0b7fff input, .inf-main_3000311ca56a1cb93397bc676c0b7fff .inf-submit, .inf-main_3000311ca56a1cb93397bc676c0b7fff .inf-success p a { color:#555555; font-size:14px; } .inf-main_3000311ca56a1cb93397bc676c0b7fff h4{ font-size:18px; margin:0px 0px 13px 0px; } .inf-main_3000311ca56a1cb93397bc676c0b7fff h4, .inf-main_3000311ca56a1cb93397bc676c0b7fff label{ font-weight:bold; } .inf- main_3000311ca56a1cb93397bc676c0b7fff .inf-input { margin-bottom:7px; } .inf-main_3000311ca56a1cb93397bc676c0b7fff label { display:block;} .inf-main_3000311ca56a1cb93397bc676c0b7fff input{ height:35px; color:#999999; border: 1px solid #E9E9E9; border:none; padding-left:7px; } .inf-main_3000311ca56a1cb93397bc676c0b7fff .inf-input.inf-error label, .inf-main_3000311ca56a1cb93397bc676c0b7fff .inf-input.inf-error span.inf-message{ color: #cc0033; } .inf- main_3000311ca56a1cb93397bc676c0b7fff .inf-input.inf-error input{ border: 1px solid #cc0033; } .inf-main_3000311ca56a1cb93397bc676c0b7fff .inf-input input { width:100%;} .inf-main_3000311ca56a1cb93397bc676c0b7fff .inf-input.inf-error span.inf-message { display: block; } .inf-main_3000311ca56a1cb93397bc676c0b7fff .inf-submit { text-align:right;} .inf-main_3000311ca56a1cb93397bc676c0b7fff .inf-submit input{ background-color:#777777; color:#ffffff; border:none; font-weight: normal; height:auto; padding:7px; } .inf-main_3000311ca56a1cb93397bc676c0b7fff .inf-submit input.disabled{ opacity: 0.4; } .inf-btn { color: rgb(85, 85, 85); border: medium none; font-weight: normal; height: auto; padding: 7px; display: inline- block; background-color: white; box-shadow: 0px 1px 1px rgba(0, 0, 0, 0.24); border-radius: 2px; line-height: 1em; } .inf-rgpd { margin:25px 0px 15px 0px; color:#555555; } <\/style> <div class=\"inf-main_3000311ca56a1cb93397bc676c0b7fff\"> <h4>NEWSLETTER DES FREIEN BLICKS<\/h4> <span>Erhalten Sie unsere Artikel jeden Sonntag.<\/span> <div class=\"inf-success\" style=\"display:none\"> <h4>Ihre Anmeldung f\u00fcr unseren w\u00f6chentlichen Newsletter wurde erfolgreich registriert!<\/h4> <p> <a href=\"#\" class=\"inf-btn\">\u00ab<\/a> <\/p> <\/div> <div class=\"inf-content\"> <div class=\"inf-input inf-input-text\"> <input type=\"text\" name=\"inf[1]\" data-inf-meta=\"1\" data-inf-error=\"Merci de renseigner une adresse email\" required=\"required\" placeholder=\"E-Mail\"> <\/div> <div class=\"inf-submit\"> <input type=\"submit\" name=\"\" value=\"Anmelden\"> <\/div> <\/div> <\/div> <\/form>\n\n\n\n<h6 class=\"wp-block-heading\">La Chine fait peur au monde occidental\u2026<\/h6>\n\n\n\n<p>Oui, \u00e0 juste titre. Elle est une concurrente pour le monde occidental. Elle change les choses dans la r\u00e9gion. Elle ne fait m\u00eame plus figure de \u00abpuissance qui monte\u00bb; elle est maintenant une puissance \u00abinstall\u00e9e\u00bb et p\u00e8se \u00e9norm\u00e9ment. Cette peur est aussi civilisationnelle, dans la mesure o\u00f9 les Occidentaux ont du mal \u00e0 comprendre et \u00e0 circonscrire la Chine. Elle a r\u00e9inject\u00e9 de l\u2019id\u00e9ologie marxiste, notamment lors du dernier congr\u00e8s du Parti. Nous ne sommes pas \u00e0 l\u2019aise avec son r\u00e9f\u00e9rentiel intellectuel, tr\u00e8s diff\u00e9rent du n\u00f4tre.<\/p>\n\n\n\n<h6 class=\"wp-block-heading\">Plut\u00f4t que la Chine, Jacques Attali affirme que c\u2019est le continent africain qui est le v\u00e9ritable enjeu des prochaines d\u00e9cennies pour la France, par son potentiel d\u00e9mographique et donc \u00e9conomique. Vous ne semblez pas partager son avis.<\/h6>\n\n\n\n<p>On parle du \u00abpotentiel africain\u00bb depuis deux si\u00e8cles. Jules Ferry, fer de lance de l\u2019id\u00e9al colonial fran\u00e7ais, pensait d\u00e9j\u00e0 en 1880 que la colonisation permettrait de d\u00e9velopper l\u2019industrie fran\u00e7aise. Cela n\u2019a pas eu lieu. Aujourd\u2019hui, la France commerce plus avec la Belgique qu\u2019avec l\u2019ensemble des pays africains. Les r\u00e9gions d\u2019avenir me semblent \u00eatre notamment l\u2019Asie centrale, l\u2019Am\u00e9rique latine, et les Etats-Unis, qui restent la premi\u00e8re puissance mondiale. Cette focalisation sur l\u2019Afrique fait partie de ces relents du tropisme colonialiste en France, qui pr\u00f4ne l\u2019intervention. Soit par int\u00e9r\u00eat, soit par fourvoiement sur l\u2019\u00e9tat r\u00e9el du monde.<\/p>\n\n\n\n<h6 class=\"wp-block-heading\">Quitter l\u2019Afrique porterait un grand coup \u00e0 la francophonie et donc au <em>Soft Power<\/em> fran\u00e7ais.<\/h6>\n\n\n\n<p>Je suis tr\u00e8s critique et r\u00e9serv\u00e9 \u00e0 l\u2019\u00e9gard de la francophonie. Elle a selon moi deux fonctions: maintenir une illusion coloniale et faire vivre une administration qui d\u00e9pend d\u2019elle. La francophonie est utile g\u00e9opolitiquement quand elle s\u2019adresse \u00e0 des \u00e9lites francophones, mais pas \u00e0 une masse de population peu \u00e9duqu\u00e9e et pauvre. Ce qui serait utile en mati\u00e8re de francophonie serait de d\u00e9velopper de v\u00e9ritables lyc\u00e9es fran\u00e7ais \u00e0 l\u2019\u00e9tranger dans des pays cl\u00e9s, dot\u00e9s des meilleurs professeurs et de programmes exigeants, afin de former l\u2019\u00e9lite de ces pays. De plus, le fran\u00e7ais est en net recul en Afrique par rapport aux dialectes locaux.<\/p>\n\n\n\n<h6 class=\"wp-block-heading\">Pourquoi la France devrait-elle pivoter de l\u2019Afrique vers la zone \u00abindo-pacifique\u00bb?<\/h6>\n\n\n\n<p>Parce qu\u2019elle y est pr\u00e9sente avec son territoire, son arm\u00e9e et sa population. Elle poss\u00e8de des territoires du canal du Mozambique jusqu\u2019en Polyn\u00e9sie. Cette zone est primordiale, car l\u2019essentiel du commerce mondial transite entre le canal de Suez et le d\u00e9troit de Malacca. De plus, elle rassemble presque la moiti\u00e9 de la population mondiale avec seulement la Chine et l\u2019Inde. L\u2019Occident y est aussi pr\u00e9sent gr\u00e2ce \u00e0 l\u2019Australie et la Nouvelle-Z\u00e9lande. Les acteurs de cette zone sont importants et sa population est jeune, travailleuse, bien form\u00e9e, et veut \u00eatre puissante. A ce titre, l\u2019exemple du Vi\u00eatnam est parlant: dans les ann\u00e9es 1980, personne ne misait sur ce pays ravag\u00e9 par les guerres, mais il a su se relever et il est aujourd\u2019hui en pleine expansion.<\/p>\n\n\n\n<h6 class=\"wp-block-heading\">Vous dressez un tableau contrast\u00e9, voire pessimiste, de la puissance fran\u00e7aise. La France tient-elle toujours un r\u00f4le majeur dans la g\u00e9opolitique mondiale?<\/h6>\n\n\n\n<p>La pr\u00e9sence mondiale de la France d\u00e9pend surtout de ses expatri\u00e9s, entrepreneurs et intellectuels. Un professeur qui voyage \u00e0 l\u2019\u00e9tranger dans le cadre de ses fonctions est un v\u00e9ritable ambassadeur fran\u00e7ais et contribue au rayonnement de la France \u00e0 l\u2019\u00e9chelle mondiale. Ce sont ces acteurs qui ont le r\u00f4le premier, alors que les diplomates et membres des administrations centrales ne comprennent plus le monde dans lequel ils vivent. Ces derniers manifestent cruellement la perte d\u2019influence de notre pays sur le plan international.<\/p>\n\n\n\n<h6 class=\"wp-block-heading\">Les acteurs priv\u00e9s seraient donc des atouts de puissance.<\/h6>\n\n\n\n<p>En effet, et cela est vrai \u00e0 deux niveaux. Sur le plan national, une \u00e9cole priv\u00e9e fonctionne mieux et co\u00fbte moins cher qu\u2019une \u00e9cole publique. Or, la question scolaire est premi\u00e8re car l\u2019analphab\u00e9tisme est un vrai probl\u00e8me. Un pays ne peut \u00eatre puissant s\u2019il ne forme pas bien ses citoyens. A l\u2019\u00e9chelle mondiale, un expatri\u00e9 fran\u00e7ais qui cr\u00e9e une entreprise, un artiste ou un \u00e9crivain ont un poids plus important que celui du Quai d\u2019Orsay.<\/p>\n\n\n\n<h6 class=\"wp-block-heading\">Vous voyez l\u2019administration fran\u00e7aise comme un frein au rayonnement fran\u00e7ais.<\/h6>\n\n\n\n<p>Tout \u00e0 fait. La France d\u00e9gringole dans tous les classements internationaux (scolaire, industriel\u2026). La puissance fran\u00e7aise est brid\u00e9e par son administration, qui d\u00e9fend son pr\u00e9 carr\u00e9 et \u00e9met ses normes. En r\u00e9alit\u00e9, la puissance fran\u00e7aise vient des grandes entreprises comme Michelin ou Total, et des PME innovantes, qui cr\u00e9ent de la richesse et t\u00e9moignent de notre savoir-faire. Un clivage se creuse entre la source effective de la puissance fran\u00e7aise et ceux qui la freinent. L\u2019avenir nous dira d\u2019ailleurs si la r\u00e9forme de la diplomatie voulue par Emmanuel Macron sera b\u00e9n\u00e9fique.<\/p>\n\n\n\n<h6 class=\"wp-block-heading\">Une autre bride de la puissance fran\u00e7aise est son voisin allemand, dites-vous. Vous ne m\u00e2chez pas vos mots \u00e0 ce sujet.<\/h6>\n\n\n\n<p>La France s\u2019est fait plomber par l\u2019Allemagne, qui a d\u00e9fendu ses int\u00e9r\u00eats. Elle a sabord\u00e9 le nucl\u00e9aire fran\u00e7ais et n\u2019a pas jou\u00e9 le jeu quant \u00e0 l\u2019industrie d\u2019armement. L\u2019Allemagne contr\u00f4le aujourd\u2019hui les principaux postes de l\u2019Union europ\u00e9enne (UE). Tout cela s\u2019est produit au d\u00e9triment de la France, et on s\u2019en rend compte trop tard. Fermer notre parc nucl\u00e9aire pour installer des \u00e9oliennes allemandes et importer du gaz russe a min\u00e9 notre ind\u00e9pendance.<\/p>\n\n\n\n<h6 class=\"wp-block-heading\">Quelles le\u00e7ons l\u2019UE doit-elle tirer de la guerre en Ukraine?<\/h6>\n\n\n\n<p>La premi\u00e8re le\u00e7on est que la guerre a \u00e9t\u00e9 d\u00e9clench\u00e9e en partie parce que l\u2019UE n\u2019a pas su faire appliquer les accords de Minsk. Cela montre que quand on ne traite pas efficacement un probl\u00e8me, il s\u2019infecte et d\u00e9bouche sur une guerre beaucoup plus lourde. La deuxi\u00e8me le\u00e7on est que lorsqu\u2019une guerre survient, ce sont les nations qui restent aux commandes et n\u00e9gocient les accords de paix, et non les syst\u00e8mes internationaux.<\/p>\n\n\n\n<h6 class=\"wp-block-heading\">La tendance a longtemps \u00e9t\u00e9 de na\u00efvement consid\u00e9rer que la guerre \u00e9tait impossible. Le contexte actuel (Ukraine, Ta\u00efwan) op\u00e8re un renversement et propage maintenant la crainte que le monde va exploser. Quel \u00e9quilibre trouver entre la na\u00efvet\u00e9 et la psychose?<\/h6>\n\n\n\n<p>La psychose est souvent le fruit de la na\u00efvet\u00e9. Comme nous avons \u00e9t\u00e9 na\u00effs de croire que la guerre avait disparu pour de bon, le retour de la guerre nous fait d\u00e9sormais entrer dans un \u00e9tat psychotique. Le bon positionnement est de voir que la guerre est malheureusement une r\u00e9alit\u00e9 et que les arm\u00e9es sont ainsi n\u00e9cessaires non pour attaquer, mais pour se prot\u00e9ger. En d\u2019autres termes, il s\u2019agit de regarder le monde tel qu\u2019il est.<\/p>\n\n\n\n<p><em>Schreiben Sie dem Autor:&nbsp;<a href=\"mailto:matthieu.levivier@leregardlibre.com\">matthieu.levivier@leregardlibre.com<\/a><\/em><\/p>\n\n\n\n<p><strong>Vous venez de lire une interview en libre acc\u00e8s.&nbsp;<\/strong>Debatten, Analysen, Kulturnachrichten:&nbsp;<a href=\"https:\/\/leregardlibre.com\/de\/abonnement\/\">abonnieren Sie<\/a>&nbsp;um uns zu unterst\u00fctzen und Zugang zu all unseren Inhalten zu erhalten!<\/p>\n\n\n\n<div class=\"wp-block-media-text alignwide is-stacked-on-mobile\" style=\"grid-template-columns:15% auto\"><figure class=\"wp-block-media-text__media\"><img fetchpriority=\"high\" decoding=\"async\" width=\"668\" height=\"1024\" src=\"http:\/\/leregardlibre.com\/wp-content\/uploads\/2022\/11\/le-declin-dun-monde-668x1024.jpg\" alt=\"Le d\u00e9clin d'un monde\" class=\"wp-image-514119 size-full\" srcset=\"https:\/\/leregardlibre.com\/wp-content\/uploads\/2022\/11\/le-declin-dun-monde-668x1024.jpg 668w, https:\/\/leregardlibre.com\/wp-content\/uploads\/2022\/11\/le-declin-dun-monde-196x300.jpg 196w, https:\/\/leregardlibre.com\/wp-content\/uploads\/2022\/11\/le-declin-dun-monde-98x150.jpg 98w, https:\/\/leregardlibre.com\/wp-content\/uploads\/2022\/11\/le-declin-dun-monde-768x1178.jpg 768w, https:\/\/leregardlibre.com\/wp-content\/uploads\/2022\/11\/le-declin-dun-monde-1002x1536.jpg 1002w, https:\/\/leregardlibre.com\/wp-content\/uploads\/2022\/11\/le-declin-dun-monde-1336x2048.jpg 1336w, https:\/\/leregardlibre.com\/wp-content\/uploads\/2022\/11\/le-declin-dun-monde-1170x1794.jpg 1170w, https:\/\/leregardlibre.com\/wp-content\/uploads\/2022\/11\/le-declin-dun-monde-585x897.jpg 585w, https:\/\/leregardlibre.com\/wp-content\/uploads\/2022\/11\/le-declin-dun-monde-300x460.jpg 300w, https:\/\/leregardlibre.com\/wp-content\/uploads\/2022\/11\/le-declin-dun-monde-600x920.jpg 600w, https:\/\/leregardlibre.com\/wp-content\/uploads\/2022\/11\/le-declin-dun-monde.jpg 1772w\" sizes=\"(max-width: 668px) 100vw, 668px\" \/><\/figure><div class=\"wp-block-media-text__content\">\n<p><strong>Jean-Baptiste No\u00e9<br><em>Le d\u00e9clin d&#8217;un monde: g\u00e9opolitique des affrontements et des rivalit\u00e9s en 2023<br><\/em>L&#8217;Artilleur<br>2022<br>288 Seiten<\/strong><\/p>\n\n\n\n<div class=\"wp-block-buttons is-layout-flex wp-block-buttons-is-layout-flex\"><\/div>\n<\/div><\/div>","protected":false},"excerpt":{"rendered":"<p>A l\u2019occasion de la sortie de son livre Le d\u00e9clin d\u2019un monde, Jean-Baptiste No\u00e9 \u00e9voque avec nous la fin du r\u00eave de l\u2019Occident de fa\u00e7onner le monde \u00e0 son image. Et il ose m\u00eame s\u2019en r\u00e9jouir.<\/p>","protected":false},"author":447,"featured_media":514117,"comment_status":"open","ping_status":"closed","sticky":false,"template":"","format":"standard","meta":{"_acf_changed":false,"footnotes":""},"categories":[644357281],"tags":[153704,378150,61091,11788,644355397],"class_list":["post-514104","post","type-post","status-publish","format-standard","has-post-thumbnail","hentry","category-monde","tag-colonies","tag-geopolitique","tag-guerre","tag-interviews","tag-universalisme"],"acf":[],"yoast_head":"<!-- This site is optimized with the Yoast SEO Premium plugin v27.4 (Yoast SEO v27.4) - https:\/\/yoast.com\/product\/yoast-seo-premium-wordpress\/ -->\n<title>Jean-Baptiste No\u00e9: \u00abL\u2019universalisme est en \u00e9chec\u00bb<\/title>\n<meta name=\"description\" content=\"Pour la sortie de son livre \u00abLe d\u00e9clin d\u2019un monde\u00bb, Jean-Baptiste No\u00e9 \u00e9voque la fin du r\u00eave de l\u2019Occident de fa\u00e7onner le monde \u00e0 son image.\" \/>\n<meta name=\"robots\" content=\"index, follow, max-snippet:-1, max-image-preview:large, max-video-preview:-1\" \/>\n<link rel=\"canonical\" href=\"https:\/\/leregardlibre.com\/de\/politik\/welt\/jean-baptiste-noe-l-universalisme-geopolitique-est-en-echec\/\" \/>\n<meta property=\"og:locale\" content=\"de_DE\" \/>\n<meta property=\"og:type\" content=\"article\" \/>\n<meta property=\"og:title\" content=\"Jean-Baptiste No\u00e9: \u00abL\u2019universalisme est en \u00e9chec\u00bb\" \/>\n<meta property=\"og:description\" content=\"Pour la sortie de son livre \u00abLe d\u00e9clin d\u2019un monde\u00bb, Jean-Baptiste No\u00e9 \u00e9voque la fin du r\u00eave de l\u2019Occident de fa\u00e7onner le monde \u00e0 son image.\" \/>\n<meta property=\"og:url\" content=\"https:\/\/leregardlibre.com\/de\/politik\/welt\/jean-baptiste-noe-l-universalisme-geopolitique-est-en-echec\/\" \/>\n<meta property=\"og:site_name\" content=\"Le Regard Libre\" \/>\n<meta property=\"article:publisher\" content=\"https:\/\/www.facebook.com\/leregardlibre\/\" \/>\n<meta property=\"article:published_time\" content=\"2022-11-25T09:00:00+00:00\" \/>\n<meta property=\"article:modified_time\" content=\"2025-12-13T21:50:56+00:00\" \/>\n<meta property=\"og:image\" content=\"https:\/\/leregardlibre.com\/wp-content\/uploads\/2022\/11\/jean-baptiste-noe--dr.jpg\" \/>\n\t<meta property=\"og:image:width\" content=\"1280\" \/>\n\t<meta property=\"og:image:height\" content=\"720\" \/>\n\t<meta property=\"og:image:type\" content=\"image\/jpeg\" \/>\n<meta name=\"author\" content=\"Matthieu Levivier\" \/>\n<meta name=\"twitter:card\" content=\"summary_large_image\" \/>\n<meta name=\"twitter:creator\" content=\"@LeRegardLibre\" \/>\n<meta name=\"twitter:site\" content=\"@LeRegardLibre\" \/>\n<meta name=\"twitter:label1\" content=\"Verfasst von\" \/>\n\t<meta name=\"twitter:data1\" content=\"Matthieu Levivier\" \/>\n\t<meta name=\"twitter:label2\" content=\"Gesch\u00e4tzte Lesezeit\" \/>\n\t<meta name=\"twitter:data2\" content=\"15\u00a0Minuten\" \/>\n<script type=\"application\/ld+json\" class=\"yoast-schema-graph\">{\"@context\":\"https:\\\/\\\/schema.org\",\"@graph\":[{\"@type\":\"Article\",\"@id\":\"https:\\\/\\\/leregardlibre.com\\\/politique\\\/monde\\\/jean-baptiste-noe-l-universalisme-geopolitique-est-en-echec\\\/#article\",\"isPartOf\":{\"@id\":\"https:\\\/\\\/leregardlibre.com\\\/politique\\\/monde\\\/jean-baptiste-noe-l-universalisme-geopolitique-est-en-echec\\\/\"},\"author\":{\"name\":\"Matthieu Levivier\",\"@id\":\"https:\\\/\\\/leregardlibre.com\\\/#\\\/schema\\\/person\\\/2985182785b3b93703c5a97ccbc9e14f\"},\"headline\":\"Jean-Baptiste No\u00e9: \u00abL\u2019universalisme est en \u00e9chec\u00bb\",\"datePublished\":\"2022-11-25T09:00:00+00:00\",\"dateModified\":\"2025-12-13T21:50:56+00:00\",\"mainEntityOfPage\":{\"@id\":\"https:\\\/\\\/leregardlibre.com\\\/politique\\\/monde\\\/jean-baptiste-noe-l-universalisme-geopolitique-est-en-echec\\\/\"},\"wordCount\":3051,\"commentCount\":0,\"publisher\":{\"@id\":\"https:\\\/\\\/leregardlibre.com\\\/#organization\"},\"image\":{\"@id\":\"https:\\\/\\\/leregardlibre.com\\\/politique\\\/monde\\\/jean-baptiste-noe-l-universalisme-geopolitique-est-en-echec\\\/#primaryimage\"},\"thumbnailUrl\":\"https:\\\/\\\/leregardlibre.com\\\/wp-content\\\/uploads\\\/2022\\\/11\\\/jean-baptiste-noe--dr.jpg\",\"keywords\":[\"Colonies\",\"G\u00e9opolitique\",\"Guerre\",\"Interview\",\"Universalisme\"],\"articleSection\":[\"Monde\"],\"inLanguage\":\"de\",\"potentialAction\":[{\"@type\":\"CommentAction\",\"name\":\"Comment\",\"target\":[\"https:\\\/\\\/leregardlibre.com\\\/politique\\\/monde\\\/jean-baptiste-noe-l-universalisme-geopolitique-est-en-echec\\\/#respond\"]}]},{\"@type\":\"WebPage\",\"@id\":\"https:\\\/\\\/leregardlibre.com\\\/politique\\\/monde\\\/jean-baptiste-noe-l-universalisme-geopolitique-est-en-echec\\\/\",\"url\":\"https:\\\/\\\/leregardlibre.com\\\/politique\\\/monde\\\/jean-baptiste-noe-l-universalisme-geopolitique-est-en-echec\\\/\",\"name\":\"Jean-Baptiste No\u00e9: \u00abL\u2019universalisme est en \u00e9chec\u00bb\",\"isPartOf\":{\"@id\":\"https:\\\/\\\/leregardlibre.com\\\/#website\"},\"primaryImageOfPage\":{\"@id\":\"https:\\\/\\\/leregardlibre.com\\\/politique\\\/monde\\\/jean-baptiste-noe-l-universalisme-geopolitique-est-en-echec\\\/#primaryimage\"},\"image\":{\"@id\":\"https:\\\/\\\/leregardlibre.com\\\/politique\\\/monde\\\/jean-baptiste-noe-l-universalisme-geopolitique-est-en-echec\\\/#primaryimage\"},\"thumbnailUrl\":\"https:\\\/\\\/leregardlibre.com\\\/wp-content\\\/uploads\\\/2022\\\/11\\\/jean-baptiste-noe--dr.jpg\",\"datePublished\":\"2022-11-25T09:00:00+00:00\",\"dateModified\":\"2025-12-13T21:50:56+00:00\",\"description\":\"Pour la sortie de son livre \u00abLe d\u00e9clin d\u2019un monde\u00bb, Jean-Baptiste No\u00e9 \u00e9voque la fin du r\u00eave de l\u2019Occident de fa\u00e7onner le monde \u00e0 son image.\",\"breadcrumb\":{\"@id\":\"https:\\\/\\\/leregardlibre.com\\\/politique\\\/monde\\\/jean-baptiste-noe-l-universalisme-geopolitique-est-en-echec\\\/#breadcrumb\"},\"inLanguage\":\"de\",\"potentialAction\":[{\"@type\":\"ReadAction\",\"target\":[\"https:\\\/\\\/leregardlibre.com\\\/politique\\\/monde\\\/jean-baptiste-noe-l-universalisme-geopolitique-est-en-echec\\\/\"]}]},{\"@type\":\"ImageObject\",\"inLanguage\":\"de\",\"@id\":\"https:\\\/\\\/leregardlibre.com\\\/politique\\\/monde\\\/jean-baptiste-noe-l-universalisme-geopolitique-est-en-echec\\\/#primaryimage\",\"url\":\"https:\\\/\\\/leregardlibre.com\\\/wp-content\\\/uploads\\\/2022\\\/11\\\/jean-baptiste-noe--dr.jpg\",\"contentUrl\":\"https:\\\/\\\/leregardlibre.com\\\/wp-content\\\/uploads\\\/2022\\\/11\\\/jean-baptiste-noe--dr.jpg\",\"width\":1280,\"height\":720,\"caption\":\"Jean-Baptiste Noe\u0301 \u00a9 DR\"},{\"@type\":\"BreadcrumbList\",\"@id\":\"https:\\\/\\\/leregardlibre.com\\\/politique\\\/monde\\\/jean-baptiste-noe-l-universalisme-geopolitique-est-en-echec\\\/#breadcrumb\",\"itemListElement\":[{\"@type\":\"ListItem\",\"position\":1,\"name\":\"Accueil\",\"item\":\"https:\\\/\\\/leregardlibre.com\\\/\"},{\"@type\":\"ListItem\",\"position\":2,\"name\":\"Jean-Baptiste No\u00e9: \u00abL\u2019universalisme est en \u00e9chec\u00bb\"}]},{\"@type\":\"WebSite\",\"@id\":\"https:\\\/\\\/leregardlibre.com\\\/#website\",\"url\":\"https:\\\/\\\/leregardlibre.com\\\/\",\"name\":\"Le Regard Libre\",\"description\":\"Premier mensuel suisse de d\u00e9bat\",\"publisher\":{\"@id\":\"https:\\\/\\\/leregardlibre.com\\\/#organization\"},\"potentialAction\":[{\"@type\":\"SearchAction\",\"target\":{\"@type\":\"EntryPoint\",\"urlTemplate\":\"https:\\\/\\\/leregardlibre.com\\\/?s={search_term_string}\"},\"query-input\":{\"@type\":\"PropertyValueSpecification\",\"valueRequired\":true,\"valueName\":\"search_term_string\"}}],\"inLanguage\":\"de\"},{\"@type\":\"Organization\",\"@id\":\"https:\\\/\\\/leregardlibre.com\\\/#organization\",\"name\":\"Le Regard Libre\",\"url\":\"https:\\\/\\\/leregardlibre.com\\\/\",\"logo\":{\"@type\":\"ImageObject\",\"inLanguage\":\"de\",\"@id\":\"https:\\\/\\\/leregardlibre.com\\\/#\\\/schema\\\/logo\\\/image\\\/\",\"url\":\"https:\\\/\\\/leregardlibre.com\\\/wp-content\\\/uploads\\\/2025\\\/08\\\/logo-rl-icone-neg.jpeg\",\"contentUrl\":\"https:\\\/\\\/leregardlibre.com\\\/wp-content\\\/uploads\\\/2025\\\/08\\\/logo-rl-icone-neg.jpeg\",\"width\":557,\"height\":556,\"caption\":\"Le Regard Libre\"},\"image\":{\"@id\":\"https:\\\/\\\/leregardlibre.com\\\/#\\\/schema\\\/logo\\\/image\\\/\"},\"sameAs\":[\"https:\\\/\\\/www.facebook.com\\\/leregardlibre\\\/\",\"https:\\\/\\\/x.com\\\/LeRegardLibre\",\"https:\\\/\\\/www.linkedin.com\\\/company\\\/le-regard-libre\",\"https:\\\/\\\/www.instagram.com\\\/leregardlibre\\\/\",\"http:\\\/\\\/t.me\\\/leregardlibre\",\"https:\\\/\\\/youtube.com\\\/channel\\\/UC6HzGPomj1LsUmlz-sJtITQ\"],\"description\":\"Le Regard Libre est un mensuel suisse de d\u00e9bat intellectuel et culturel. Sa r\u00e9daction est jeune, b\u00e9n\u00e9vole, lib\u00e9rale et pluraliste. Le magazine para\u00eet en ligne et sous forme papier. Sa langue est le fran\u00e7ais.\",\"email\":\"redaction@leregardlibre.com\",\"legalName\":\"Le Regard Libre\",\"foundingDate\":\"2014-01-01\",\"numberOfEmployees\":{\"@type\":\"QuantitativeValue\",\"minValue\":\"11\",\"maxValue\":\"50\"},\"publishingPrinciples\":\"https:\\\/\\\/leregardlibre.com\\\/a-propos\\\/notre-manifeste\\\/\",\"ownershipFundingInfo\":\"https:\\\/\\\/leregardlibre.com\\\/mentions-legales\\\/\",\"actionableFeedbackPolicy\":\"https:\\\/\\\/leregardlibre.com\\\/conditions-generales-de-vente\\\/\"},{\"@type\":\"Person\",\"@id\":\"https:\\\/\\\/leregardlibre.com\\\/#\\\/schema\\\/person\\\/2985182785b3b93703c5a97ccbc9e14f\",\"name\":\"Matthieu Levivier\",\"image\":{\"@type\":\"ImageObject\",\"inLanguage\":\"de\",\"@id\":\"https:\\\/\\\/secure.gravatar.com\\\/avatar\\\/250692748d4fdd17d25b963c15710a3b7fb50fd0d96d55c57e4b0f6e30400df9?s=96&d=identicon&r=g\",\"url\":\"https:\\\/\\\/secure.gravatar.com\\\/avatar\\\/250692748d4fdd17d25b963c15710a3b7fb50fd0d96d55c57e4b0f6e30400df9?s=96&d=identicon&r=g\",\"contentUrl\":\"https:\\\/\\\/secure.gravatar.com\\\/avatar\\\/250692748d4fdd17d25b963c15710a3b7fb50fd0d96d55c57e4b0f6e30400df9?s=96&d=identicon&r=g\",\"caption\":\"Matthieu Levivier\"},\"url\":\"https:\\\/\\\/leregardlibre.com\\\/de\\\/author\\\/matthieu-levivier\\\/\"}]}<\/script>\n<!-- \/ Yoast SEO Premium plugin. -->","yoast_head_json":{"title":"Jean-Baptiste No\u00e9: \u00abDer Universalismus ist gescheitert\u00bb.\u00bb","description":"Pour la sortie de son livre \u00abLe d\u00e9clin d\u2019un monde\u00bb, Jean-Baptiste No\u00e9 \u00e9voque la fin du r\u00eave de l\u2019Occident de fa\u00e7onner le monde \u00e0 son image.","robots":{"index":"index","follow":"follow","max-snippet":"max-snippet:-1","max-image-preview":"max-image-preview:large","max-video-preview":"max-video-preview:-1"},"canonical":"https:\/\/leregardlibre.com\/de\/politik\/welt\/jean-baptiste-noe-l-universalisme-geopolitique-est-en-echec\/","og_locale":"de_DE","og_type":"article","og_title":"Jean-Baptiste No\u00e9: \u00abL\u2019universalisme est en \u00e9chec\u00bb","og_description":"Pour la sortie de son livre \u00abLe d\u00e9clin d\u2019un monde\u00bb, Jean-Baptiste No\u00e9 \u00e9voque la fin du r\u00eave de l\u2019Occident de fa\u00e7onner le monde \u00e0 son image.","og_url":"https:\/\/leregardlibre.com\/de\/politik\/welt\/jean-baptiste-noe-l-universalisme-geopolitique-est-en-echec\/","og_site_name":"Le Regard Libre","article_publisher":"https:\/\/www.facebook.com\/leregardlibre\/","article_published_time":"2022-11-25T09:00:00+00:00","article_modified_time":"2025-12-13T21:50:56+00:00","og_image":[{"width":1280,"height":720,"url":"https:\/\/leregardlibre.com\/wp-content\/uploads\/2022\/11\/jean-baptiste-noe--dr.jpg","type":"image\/jpeg"}],"author":"Matthieu Levivier","twitter_card":"summary_large_image","twitter_creator":"@LeRegardLibre","twitter_site":"@LeRegardLibre","twitter_misc":{"Verfasst von":"Matthieu Levivier","Gesch\u00e4tzte Lesezeit":"15\u00a0Minuten"},"schema":{"@context":"https:\/\/schema.org","@graph":[{"@type":"Article","@id":"https:\/\/leregardlibre.com\/politique\/monde\/jean-baptiste-noe-l-universalisme-geopolitique-est-en-echec\/#article","isPartOf":{"@id":"https:\/\/leregardlibre.com\/politique\/monde\/jean-baptiste-noe-l-universalisme-geopolitique-est-en-echec\/"},"author":{"name":"Matthieu Levivier","@id":"https:\/\/leregardlibre.com\/#\/schema\/person\/2985182785b3b93703c5a97ccbc9e14f"},"headline":"Jean-Baptiste No\u00e9: \u00abL\u2019universalisme est en \u00e9chec\u00bb","datePublished":"2022-11-25T09:00:00+00:00","dateModified":"2025-12-13T21:50:56+00:00","mainEntityOfPage":{"@id":"https:\/\/leregardlibre.com\/politique\/monde\/jean-baptiste-noe-l-universalisme-geopolitique-est-en-echec\/"},"wordCount":3051,"commentCount":0,"publisher":{"@id":"https:\/\/leregardlibre.com\/#organization"},"image":{"@id":"https:\/\/leregardlibre.com\/politique\/monde\/jean-baptiste-noe-l-universalisme-geopolitique-est-en-echec\/#primaryimage"},"thumbnailUrl":"https:\/\/leregardlibre.com\/wp-content\/uploads\/2022\/11\/jean-baptiste-noe--dr.jpg","keywords":["Colonies","G\u00e9opolitique","Guerre","Interview","Universalisme"],"articleSection":["Monde"],"inLanguage":"de","potentialAction":[{"@type":"CommentAction","name":"Comment","target":["https:\/\/leregardlibre.com\/politique\/monde\/jean-baptiste-noe-l-universalisme-geopolitique-est-en-echec\/#respond"]}]},{"@type":"WebPage","@id":"https:\/\/leregardlibre.com\/politique\/monde\/jean-baptiste-noe-l-universalisme-geopolitique-est-en-echec\/","url":"https:\/\/leregardlibre.com\/politique\/monde\/jean-baptiste-noe-l-universalisme-geopolitique-est-en-echec\/","name":"Jean-Baptiste No\u00e9: \u00abDer Universalismus ist gescheitert\u00bb.\u00bb","isPartOf":{"@id":"https:\/\/leregardlibre.com\/#website"},"primaryImageOfPage":{"@id":"https:\/\/leregardlibre.com\/politique\/monde\/jean-baptiste-noe-l-universalisme-geopolitique-est-en-echec\/#primaryimage"},"image":{"@id":"https:\/\/leregardlibre.com\/politique\/monde\/jean-baptiste-noe-l-universalisme-geopolitique-est-en-echec\/#primaryimage"},"thumbnailUrl":"https:\/\/leregardlibre.com\/wp-content\/uploads\/2022\/11\/jean-baptiste-noe--dr.jpg","datePublished":"2022-11-25T09:00:00+00:00","dateModified":"2025-12-13T21:50:56+00:00","description":"Pour la sortie de son livre \u00abLe d\u00e9clin d\u2019un monde\u00bb, Jean-Baptiste No\u00e9 \u00e9voque la fin du r\u00eave de l\u2019Occident de fa\u00e7onner le monde \u00e0 son image.","breadcrumb":{"@id":"https:\/\/leregardlibre.com\/politique\/monde\/jean-baptiste-noe-l-universalisme-geopolitique-est-en-echec\/#breadcrumb"},"inLanguage":"de","potentialAction":[{"@type":"ReadAction","target":["https:\/\/leregardlibre.com\/politique\/monde\/jean-baptiste-noe-l-universalisme-geopolitique-est-en-echec\/"]}]},{"@type":"ImageObject","inLanguage":"de","@id":"https:\/\/leregardlibre.com\/politique\/monde\/jean-baptiste-noe-l-universalisme-geopolitique-est-en-echec\/#primaryimage","url":"https:\/\/leregardlibre.com\/wp-content\/uploads\/2022\/11\/jean-baptiste-noe--dr.jpg","contentUrl":"https:\/\/leregardlibre.com\/wp-content\/uploads\/2022\/11\/jean-baptiste-noe--dr.jpg","width":1280,"height":720,"caption":"Jean-Baptiste Noe\u0301 \u00a9 DR"},{"@type":"BreadcrumbList","@id":"https:\/\/leregardlibre.com\/politique\/monde\/jean-baptiste-noe-l-universalisme-geopolitique-est-en-echec\/#breadcrumb","itemListElement":[{"@type":"ListItem","position":1,"name":"Accueil","item":"https:\/\/leregardlibre.com\/"},{"@type":"ListItem","position":2,"name":"Jean-Baptiste No\u00e9: \u00abL\u2019universalisme est en \u00e9chec\u00bb"}]},{"@type":"WebSite","@id":"https:\/\/leregardlibre.com\/#website","url":"https:\/\/leregardlibre.com\/","name":"Le Regard Libre","description":"Erste Schweizer Monatszeitschrift f\u00fcr Debatten","publisher":{"@id":"https:\/\/leregardlibre.com\/#organization"},"potentialAction":[{"@type":"SearchAction","target":{"@type":"EntryPoint","urlTemplate":"https:\/\/leregardlibre.com\/?s={search_term_string}"},"query-input":{"@type":"PropertyValueSpecification","valueRequired":true,"valueName":"search_term_string"}}],"inLanguage":"de"},{"@type":"Organization","@id":"https:\/\/leregardlibre.com\/#organization","name":"Le Regard Libre","url":"https:\/\/leregardlibre.com\/","logo":{"@type":"ImageObject","inLanguage":"de","@id":"https:\/\/leregardlibre.com\/#\/schema\/logo\/image\/","url":"https:\/\/leregardlibre.com\/wp-content\/uploads\/2025\/08\/logo-rl-icone-neg.jpeg","contentUrl":"https:\/\/leregardlibre.com\/wp-content\/uploads\/2025\/08\/logo-rl-icone-neg.jpeg","width":557,"height":556,"caption":"Le Regard Libre"},"image":{"@id":"https:\/\/leregardlibre.com\/#\/schema\/logo\/image\/"},"sameAs":["https:\/\/www.facebook.com\/leregardlibre\/","https:\/\/x.com\/LeRegardLibre","https:\/\/www.linkedin.com\/company\/le-regard-libre","https:\/\/www.instagram.com\/leregardlibre\/","http:\/\/t.me\/leregardlibre","https:\/\/youtube.com\/channel\/UC6HzGPomj1LsUmlz-sJtITQ"],"description":"Le Regard Libre ist eine Schweizer Monatszeitschrift f\u00fcr intellektuelle und kulturelle Debatten. Seine Redaktion ist jung, ehrenamtlich, liberal und pluralistisch. Das Magazin erscheint online und in gedruckter Form. Seine Sprache ist Franz\u00f6sisch.","email":"redaction@leregardlibre.com","legalName":"Le Regard Libre","foundingDate":"2014-01-01","numberOfEmployees":{"@type":"QuantitativeValue","minValue":"11","maxValue":"50"},"publishingPrinciples":"https:\/\/leregardlibre.com\/a-propos\/notre-manifeste\/","ownershipFundingInfo":"https:\/\/leregardlibre.com\/mentions-legales\/","actionableFeedbackPolicy":"https:\/\/leregardlibre.com\/conditions-generales-de-vente\/"},{"@type":"Person","@id":"https:\/\/leregardlibre.com\/#\/schema\/person\/2985182785b3b93703c5a97ccbc9e14f","name":"Matthieu Levivier","image":{"@type":"ImageObject","inLanguage":"de","@id":"https:\/\/secure.gravatar.com\/avatar\/250692748d4fdd17d25b963c15710a3b7fb50fd0d96d55c57e4b0f6e30400df9?s=96&d=identicon&r=g","url":"https:\/\/secure.gravatar.com\/avatar\/250692748d4fdd17d25b963c15710a3b7fb50fd0d96d55c57e4b0f6e30400df9?s=96&d=identicon&r=g","contentUrl":"https:\/\/secure.gravatar.com\/avatar\/250692748d4fdd17d25b963c15710a3b7fb50fd0d96d55c57e4b0f6e30400df9?s=96&d=identicon&r=g","caption":"Matthieu Levivier"},"url":"https:\/\/leregardlibre.com\/de\/author\/matthieu-levivier\/"}]}},"_links":{"self":[{"href":"https:\/\/leregardlibre.com\/de\/wp-json\/wp\/v2\/posts\/514104","targetHints":{"allow":["GET"]}}],"collection":[{"href":"https:\/\/leregardlibre.com\/de\/wp-json\/wp\/v2\/posts"}],"about":[{"href":"https:\/\/leregardlibre.com\/de\/wp-json\/wp\/v2\/types\/post"}],"author":[{"embeddable":true,"href":"https:\/\/leregardlibre.com\/de\/wp-json\/wp\/v2\/users\/447"}],"replies":[{"embeddable":true,"href":"https:\/\/leregardlibre.com\/de\/wp-json\/wp\/v2\/comments?post=514104"}],"version-history":[{"count":2,"href":"https:\/\/leregardlibre.com\/de\/wp-json\/wp\/v2\/posts\/514104\/revisions"}],"predecessor-version":[{"id":516565,"href":"https:\/\/leregardlibre.com\/de\/wp-json\/wp\/v2\/posts\/514104\/revisions\/516565"}],"wp:featuredmedia":[{"embeddable":true,"href":"https:\/\/leregardlibre.com\/de\/wp-json\/wp\/v2\/media\/514117"}],"wp:attachment":[{"href":"https:\/\/leregardlibre.com\/de\/wp-json\/wp\/v2\/media?parent=514104"}],"wp:term":[{"taxonomy":"category","embeddable":true,"href":"https:\/\/leregardlibre.com\/de\/wp-json\/wp\/v2\/categories?post=514104"},{"taxonomy":"post_tag","embeddable":true,"href":"https:\/\/leregardlibre.com\/de\/wp-json\/wp\/v2\/tags?post=514104"}],"curies":[{"name":"wp","href":"https:\/\/api.w.org\/{rel}","templated":true}]}}