{"id":514684,"date":"2022-12-17T06:00:00","date_gmt":"2022-12-17T05:00:00","guid":{"rendered":"https:\/\/leregardlibre.com\/?p=514684"},"modified":"2023-01-27T01:16:42","modified_gmt":"2023-01-27T00:16:42","slug":"irak-als-lintox-den-krieg-forca","status":"publish","type":"post","link":"https:\/\/leregardlibre.com\/de\/geschichte\/irak-als-lintox-den-krieg-forca\/","title":{"rendered":"Irak: Als die Intoxikation den Krieg erzwang"},"content":{"rendered":"<div class='content_excerpt'>\n<p class=\"has-drop-cap\"><strong>Selten hatte eine Staatsl\u00fcge so dramatische Folgen. Im Jahr 2003 pr\u00e4sentierte die Bush-Regierung falsche Beweise f\u00fcr den Besitz von Massenvernichtungswaffen durch den Irak, bevor sie in das Land einmarschierte und sich in einem \u00e4u\u00dferst blutigen Krieg verstrickte.<\/strong><\/p>\n\n\n\n LESEN SIE DEN ARTIKEL (ABONNIERT)\n    <div class='restricted_content_fade'><\/div>\n    <\/div>\n  <style>\n    .content_excerpt{\n      position: relative;\n    }\n    .content_excerpt .restricted_content_fade{\n      position: absolute;\n      bottom: 0;\n      left: 0;\n      right: 0;\n      height: 75px;\n\t  margin-bottom: 0px;\n      background-image: linear-gradient(#ffffff2e, white);\n    }\n\n    .restricted_content{\n      margin-top: 30px;\n      border: solid #dddddd 1px;\n      border-radius: 7px;\n      padding: 30px;\n    }\n    \n    .restricted_content .restricted_content_title{\n      font-size: 22px;\n      font-weight: 600;\n    }\n    .restricted_content .restricted_content_flex_row{\n      display: flex;\n      flex-direction: row;\n    }\n    .restricted_content .restricted_content_image_container{\n      flex: 3;\n    }\n    .restricted_content .restricted_content_flex_column{\n      flex: 4;\n      display: flex;\n      flex-direction: column;\n      margin-left: 40px;\n      justify-content: center;\n    }\n\n\n    .restricted_content_buttons{\n      display: flex;\n      flex-direction: column;\n      width: min-content;\n    }\n    .restricted_content_button{\n      background-color: #f2f2f2;\n      text-transform: uppercase;\n      font-weight: 600;\n      padding: 8px 40px;\n      text-align: center;\n      font-size: 13px;\n      margin-top: 10px;\n      width: max-content;\n      width: 100%;\n      white-space: nowrap;\n    }\n    .restricted_content_button:hover {\n      background-color: #111111;\n      color: white;\n      text-decoration: none !important;\n    }\n\n    .restricted_content_primary_button{\n      background-color: #1F2A68 !important;\n      color: white !important;\n    }\n    .restricted_content_primary_button:hover {\n      background-color: #111111;\n    }\n\n    .restricted_content_text{\n      margin-bottom: 10px;\n      line-height: 1.2;\n      font-weight: 500;\n      font-size: 16px;\n    }\n\n  \n  <\/style>\n  <div class='restricted_content'>\n    <h3 class='restricted_content_title'>Dieser Inhalt ist unseren Abonnenten vorbehalten.<\/h3>\n    <div class='restricted_content_flex_row'>\n      <div class='restricted_content_image_container'>\n        <img class='restricted_content_image' src='\/wp-content\/uploads\/2025\/08\/abo_physique.png' \/>\n      <\/div>\n      <div class='restricted_content_flex_column'>\n        <div class='restricted_content_text'>Wenn Sie ein Konto haben, loggen Sie sich ein. Ansonsten entdecken Sie unsere verschiedenen Abonnements und erstellen Sie ein Konto ab CHF 2.50 im ersten Monat.<\/div>\n        <div class='restricted_content_buttons'>\n          <a href='\/de\/abonnement\/' class='restricted_content_button restricted_content_primary_button'>Abonnements ansehen<\/a><a href='\/de\/mein-konto\/?redirect_to=https:\/\/leregardlibre.com\/de\/geschichte\/irak-als-lintox-den-krieg-forca\/'class='restricted_content_button'>Sich anmelden<\/a><\/div>\n      <\/div>\n    <\/div>\n  <\/div>","protected":false},"excerpt":{"rendered":"<div class='content_excerpt'>\n<p class=\"has-drop-cap\"><strong>Selten hatte eine Staatsl\u00fcge so dramatische Folgen. Im Jahr 2003 pr\u00e4sentierte die Bush-Regierung falsche Beweise f\u00fcr den Besitz von Massenvernichtungswaffen durch den Irak, bevor sie in das Land einmarschierte und sich in einem \u00e4u\u00dferst blutigen Krieg verstrickte.<\/strong><\/p>\n<p> LESEN SIE DEN ARTIKEL (ABONNIERT)<\/p>\n<div class='restricted_content_fade'><\/div>\n<\/p><\/div>\n<style>\n    .content_excerpt{\n      position: relative;\n    }\n    .content_excerpt .restricted_content_fade{\n      position: absolute;\n      bottom: 0;\n      left: 0;\n      right: 0;\n      height: 75px;\n\t  margin-bottom: 0px;\n      background-image: linear-gradient(#ffffff2e, white);\n    }<\/p>\n<p>    .restricted_content{\n      margin-top: 30px;\n      border: solid #dddddd 1px;\n      border-radius: 7px;\n      padding: 30px;\n    }<\/p>\n<p>    .restricted_content .restricted_content_title{\n      font-size: 22px;\n      font-weight: 600;\n    }\n    .restricted_content .restricted_content_flex_row{\n      display: flex;\n      flex-direction: row;\n    }\n    .restricted_content .restricted_content_image_container{\n      flex: 3;\n    }\n    .restricted_content .restricted_content_flex_column{\n      flex: 4;\n      display: flex;\n      flex-direction: column;\n      margin-left: 40px;\n      justify-content: center;\n    }<\/p>\n<p>    .restricted_content_buttons{\n      display: flex;\n      flex-direction: column;\n      width: min-content;\n    }\n    .restricted_content_button{\n      background-color: #f2f2f2;\n      text-transform: uppercase;\n      font-weight: 600;\n      padding: 8px 40px;\n      text-align: center;\n      font-size: 13px;\n      margin-top: 10px;\n      width: max-content;\n      width: 100%;\n      white-space: nowrap;\n    }\n    .restricted_content_button:hover {\n      background-color: #111111;\n      color: white;\n      text-decoration: none !important;\n    }<\/p>\n<p>    .restricted_content_primary_button{\n      background-color: #1F2A68 !important;\n      color: white !important;\n    }\n    .restricted_content_primary_button:hover {\n      background-color: #111111;\n    }<\/p>\n<p>    .restricted_content_text{\n      margin-bottom: 10px;\n      line-height: 1.2;\n      font-weight: 500;\n      font-size: 16px;\n    }<\/p>\n<\/style>\n<div class='restricted_content'>\n<h3 class='restricted_content_title'>Dieser Inhalt ist unseren Abonnenten vorbehalten.<\/h3>\n<div class='restricted_content_flex_row'>\n<div class='restricted_content_image_container'>\n        <img class='restricted_content_image' src='\/wp-content\/uploads\/2025\/08\/abo_physique.png' \/>\n      <\/div>\n<div class='restricted_content_flex_column'>\n<div class='restricted_content_text'>Wenn Sie ein Konto haben, loggen Sie sich ein. Ansonsten entdecken Sie unsere verschiedenen Abonnements und erstellen Sie ein Konto ab CHF 2.50 im ersten Monat.<\/div>\n<div class='restricted_content_buttons'>\n          <a href='\/de\/abonnement\/' class='restricted_content_button restricted_content_primary_button'>Abonnements ansehen<\/a><a href='\/de\/mein-konto\/?redirect_to=https:\/\/leregardlibre.com\/de\/geschichte\/irak-als-lintox-den-krieg-forca\/'class='restricted_content_button'>Sich anmelden<\/a><\/div>\n<\/p><\/div>\n<\/p><\/div>\n<\/p><\/div>","protected":false},"author":447,"featured_media":514685,"comment_status":"open","ping_status":"closed","sticky":false,"template":"","format":"standard","meta":{"_acf_changed":false,"footnotes":""},"categories":[27785],"tags":[9472,644358146,699,61091,26256,1048873],"class_list":["post-514684","post","type-post","status-publish","format-standard","has-post-thumbnail","hentry","category-histoire","tag-analyses","tag-dossier-mensonge","tag-etats-unis","tag-guerre","tag-irak","tag-mensonge","membership-content","access-restricted"],"acf":[],"yoast_head":"<!-- This site is optimized with the Yoast SEO Premium plugin v27.4 (Yoast SEO v27.4) - https:\/\/yoast.com\/product\/yoast-seo-premium-wordpress\/ -->\n<title>Irak: quand l\u2019intox for\u00e7a la guerre | Le Regard Libre<\/title>\n<meta name=\"description\" content=\"En 2003, l\u2019administration Bush pr\u00e9sentait de fausses preuves de la possession d\u2019armes de destruction massive par l\u2019Irak. Analyse.\" \/>\n<meta name=\"robots\" content=\"index, follow, max-snippet:-1, max-image-preview:large, max-video-preview:-1\" \/>\n<link rel=\"canonical\" href=\"https:\/\/leregardlibre.com\/de\/geschichte\/irak-als-lintox-den-krieg-forca\/\" \/>\n<meta property=\"og:locale\" content=\"de_DE\" \/>\n<meta property=\"og:type\" content=\"article\" \/>\n<meta property=\"og:title\" content=\"Irak: quand l\u2019intox for\u00e7a la guerre\" \/>\n<meta property=\"og:description\" content=\"En 2003, l\u2019administration Bush pr\u00e9sentait de fausses preuves de la possession d\u2019armes de destruction massive par l\u2019Irak. Analyse.\" \/>\n<meta property=\"og:url\" content=\"https:\/\/leregardlibre.com\/de\/geschichte\/irak-als-lintox-den-krieg-forca\/\" \/>\n<meta property=\"og:site_name\" content=\"Le Regard Libre\" \/>\n<meta property=\"article:publisher\" content=\"https:\/\/www.facebook.com\/leregardlibre\/\" \/>\n<meta property=\"article:published_time\" content=\"2022-12-17T05:00:00+00:00\" \/>\n<meta property=\"article:modified_time\" content=\"2023-01-27T00:16:42+00:00\" \/>\n<meta property=\"og:image\" content=\"https:\/\/leregardlibre.com\/wp-content\/uploads\/2022\/12\/colin-powell-et-sa-fameuse-fiole-danthrax-a-lonu--dr-1024x576.png\" \/>\n\t<meta property=\"og:image:width\" content=\"1024\" \/>\n\t<meta property=\"og:image:height\" content=\"576\" \/>\n\t<meta property=\"og:image:type\" content=\"image\/png\" \/>\n<meta name=\"author\" content=\"Matthieu Levivier\" \/>\n<meta name=\"twitter:card\" content=\"summary_large_image\" \/>\n<meta name=\"twitter:creator\" content=\"@LeRegardLibre\" \/>\n<meta name=\"twitter:site\" content=\"@LeRegardLibre\" \/>\n<meta name=\"twitter:label1\" content=\"Verfasst von\" \/>\n\t<meta name=\"twitter:data1\" content=\"Matthieu Levivier\" \/>\n\t<meta name=\"twitter:label2\" content=\"Gesch\u00e4tzte Lesezeit\" \/>\n\t<meta name=\"twitter:data2\" content=\"5\u00a0Minuten\" \/>\n<script type=\"application\/ld+json\" class=\"yoast-schema-graph\">{\"@context\":\"https:\\\/\\\/schema.org\",\"@graph\":[{\"@type\":\"Article\",\"@id\":\"https:\\\/\\\/leregardlibre.com\\\/histoire\\\/irak-quand-lintox-forca-la-guerre%ef%bf%bc\\\/#article\",\"isPartOf\":{\"@id\":\"https:\\\/\\\/leregardlibre.com\\\/histoire\\\/irak-quand-lintox-forca-la-guerre%ef%bf%bc\\\/\"},\"author\":{\"name\":\"Matthieu Levivier\",\"@id\":\"https:\\\/\\\/leregardlibre.com\\\/#\\\/schema\\\/person\\\/2985182785b3b93703c5a97ccbc9e14f\"},\"headline\":\"Irak: quand l\u2019intox for\u00e7a la guerre\",\"datePublished\":\"2022-12-17T05:00:00+00:00\",\"dateModified\":\"2023-01-27T00:16:42+00:00\",\"mainEntityOfPage\":{\"@id\":\"https:\\\/\\\/leregardlibre.com\\\/histoire\\\/irak-quand-lintox-forca-la-guerre%ef%bf%bc\\\/\"},\"wordCount\":964,\"commentCount\":0,\"publisher\":{\"@id\":\"https:\\\/\\\/leregardlibre.com\\\/#organization\"},\"image\":{\"@id\":\"https:\\\/\\\/leregardlibre.com\\\/histoire\\\/irak-quand-lintox-forca-la-guerre%ef%bf%bc\\\/#primaryimage\"},\"thumbnailUrl\":\"https:\\\/\\\/leregardlibre.com\\\/wp-content\\\/uploads\\\/2022\\\/12\\\/colin-powell-et-sa-fameuse-fiole-danthrax-a-lonu--dr.png\",\"keywords\":[\"Analyse\",\"Dossier MENSONGE\",\"Etats-Unis\",\"Guerre\",\"Irak\",\"Mensonge\"],\"articleSection\":[\"Histoire\"],\"inLanguage\":\"de\",\"potentialAction\":[{\"@type\":\"CommentAction\",\"name\":\"Comment\",\"target\":[\"https:\\\/\\\/leregardlibre.com\\\/histoire\\\/irak-quand-lintox-forca-la-guerre%ef%bf%bc\\\/#respond\"]}]},{\"@type\":\"WebPage\",\"@id\":\"https:\\\/\\\/leregardlibre.com\\\/histoire\\\/irak-quand-lintox-forca-la-guerre%ef%bf%bc\\\/\",\"url\":\"https:\\\/\\\/leregardlibre.com\\\/histoire\\\/irak-quand-lintox-forca-la-guerre%ef%bf%bc\\\/\",\"name\":\"Irak: quand l\u2019intox for\u00e7a la guerre | Le Regard Libre\",\"isPartOf\":{\"@id\":\"https:\\\/\\\/leregardlibre.com\\\/#website\"},\"primaryImageOfPage\":{\"@id\":\"https:\\\/\\\/leregardlibre.com\\\/histoire\\\/irak-quand-lintox-forca-la-guerre%ef%bf%bc\\\/#primaryimage\"},\"image\":{\"@id\":\"https:\\\/\\\/leregardlibre.com\\\/histoire\\\/irak-quand-lintox-forca-la-guerre%ef%bf%bc\\\/#primaryimage\"},\"thumbnailUrl\":\"https:\\\/\\\/leregardlibre.com\\\/wp-content\\\/uploads\\\/2022\\\/12\\\/colin-powell-et-sa-fameuse-fiole-danthrax-a-lonu--dr.png\",\"datePublished\":\"2022-12-17T05:00:00+00:00\",\"dateModified\":\"2023-01-27T00:16:42+00:00\",\"description\":\"En 2003, l\u2019administration Bush pr\u00e9sentait de fausses preuves de la possession d\u2019armes de destruction massive par l\u2019Irak. Analyse.\",\"breadcrumb\":{\"@id\":\"https:\\\/\\\/leregardlibre.com\\\/histoire\\\/irak-quand-lintox-forca-la-guerre%ef%bf%bc\\\/#breadcrumb\"},\"inLanguage\":\"de\",\"potentialAction\":[{\"@type\":\"ReadAction\",\"target\":[\"https:\\\/\\\/leregardlibre.com\\\/histoire\\\/irak-quand-lintox-forca-la-guerre%ef%bf%bc\\\/\"]}]},{\"@type\":\"ImageObject\",\"inLanguage\":\"de\",\"@id\":\"https:\\\/\\\/leregardlibre.com\\\/histoire\\\/irak-quand-lintox-forca-la-guerre%ef%bf%bc\\\/#primaryimage\",\"url\":\"https:\\\/\\\/leregardlibre.com\\\/wp-content\\\/uploads\\\/2022\\\/12\\\/colin-powell-et-sa-fameuse-fiole-danthrax-a-lonu--dr.png\",\"contentUrl\":\"https:\\\/\\\/leregardlibre.com\\\/wp-content\\\/uploads\\\/2022\\\/12\\\/colin-powell-et-sa-fameuse-fiole-danthrax-a-lonu--dr.png\",\"width\":1920,\"height\":1080,\"caption\":\"Colin Powell et sa fameuse fiole d'anthrax \u00e0 l'ONU \u00a9 DR\"},{\"@type\":\"BreadcrumbList\",\"@id\":\"https:\\\/\\\/leregardlibre.com\\\/histoire\\\/irak-quand-lintox-forca-la-guerre%ef%bf%bc\\\/#breadcrumb\",\"itemListElement\":[{\"@type\":\"ListItem\",\"position\":1,\"name\":\"Accueil\",\"item\":\"https:\\\/\\\/leregardlibre.com\\\/\"},{\"@type\":\"ListItem\",\"position\":2,\"name\":\"Irak: quand l\u2019intox for\u00e7a la guerre\"}]},{\"@type\":\"WebSite\",\"@id\":\"https:\\\/\\\/leregardlibre.com\\\/#website\",\"url\":\"https:\\\/\\\/leregardlibre.com\\\/\",\"name\":\"Le Regard Libre\",\"description\":\"Premier mensuel suisse de d\u00e9bat\",\"publisher\":{\"@id\":\"https:\\\/\\\/leregardlibre.com\\\/#organization\"},\"potentialAction\":[{\"@type\":\"SearchAction\",\"target\":{\"@type\":\"EntryPoint\",\"urlTemplate\":\"https:\\\/\\\/leregardlibre.com\\\/?s={search_term_string}\"},\"query-input\":{\"@type\":\"PropertyValueSpecification\",\"valueRequired\":true,\"valueName\":\"search_term_string\"}}],\"inLanguage\":\"de\"},{\"@type\":\"Organization\",\"@id\":\"https:\\\/\\\/leregardlibre.com\\\/#organization\",\"name\":\"Le Regard Libre\",\"url\":\"https:\\\/\\\/leregardlibre.com\\\/\",\"logo\":{\"@type\":\"ImageObject\",\"inLanguage\":\"de\",\"@id\":\"https:\\\/\\\/leregardlibre.com\\\/#\\\/schema\\\/logo\\\/image\\\/\",\"url\":\"https:\\\/\\\/leregardlibre.com\\\/wp-content\\\/uploads\\\/2025\\\/08\\\/logo-rl-icone-neg.jpeg\",\"contentUrl\":\"https:\\\/\\\/leregardlibre.com\\\/wp-content\\\/uploads\\\/2025\\\/08\\\/logo-rl-icone-neg.jpeg\",\"width\":557,\"height\":556,\"caption\":\"Le Regard Libre\"},\"image\":{\"@id\":\"https:\\\/\\\/leregardlibre.com\\\/#\\\/schema\\\/logo\\\/image\\\/\"},\"sameAs\":[\"https:\\\/\\\/www.facebook.com\\\/leregardlibre\\\/\",\"https:\\\/\\\/x.com\\\/LeRegardLibre\",\"https:\\\/\\\/www.linkedin.com\\\/company\\\/le-regard-libre\",\"https:\\\/\\\/www.instagram.com\\\/leregardlibre\\\/\",\"http:\\\/\\\/t.me\\\/leregardlibre\",\"https:\\\/\\\/youtube.com\\\/channel\\\/UC6HzGPomj1LsUmlz-sJtITQ\"],\"description\":\"Le Regard Libre est un mensuel suisse de d\u00e9bat intellectuel et culturel. Sa r\u00e9daction est jeune, b\u00e9n\u00e9vole, lib\u00e9rale et pluraliste. Le magazine para\u00eet en ligne et sous forme papier. Sa langue est le fran\u00e7ais.\",\"email\":\"redaction@leregardlibre.com\",\"legalName\":\"Le Regard Libre\",\"foundingDate\":\"2014-01-01\",\"numberOfEmployees\":{\"@type\":\"QuantitativeValue\",\"minValue\":\"11\",\"maxValue\":\"50\"},\"publishingPrinciples\":\"https:\\\/\\\/leregardlibre.com\\\/a-propos\\\/notre-manifeste\\\/\",\"ownershipFundingInfo\":\"https:\\\/\\\/leregardlibre.com\\\/mentions-legales\\\/\",\"actionableFeedbackPolicy\":\"https:\\\/\\\/leregardlibre.com\\\/conditions-generales-de-vente\\\/\"},{\"@type\":\"Person\",\"@id\":\"https:\\\/\\\/leregardlibre.com\\\/#\\\/schema\\\/person\\\/2985182785b3b93703c5a97ccbc9e14f\",\"name\":\"Matthieu Levivier\",\"image\":{\"@type\":\"ImageObject\",\"inLanguage\":\"de\",\"@id\":\"https:\\\/\\\/secure.gravatar.com\\\/avatar\\\/250692748d4fdd17d25b963c15710a3b7fb50fd0d96d55c57e4b0f6e30400df9?s=96&d=identicon&r=g\",\"url\":\"https:\\\/\\\/secure.gravatar.com\\\/avatar\\\/250692748d4fdd17d25b963c15710a3b7fb50fd0d96d55c57e4b0f6e30400df9?s=96&d=identicon&r=g\",\"contentUrl\":\"https:\\\/\\\/secure.gravatar.com\\\/avatar\\\/250692748d4fdd17d25b963c15710a3b7fb50fd0d96d55c57e4b0f6e30400df9?s=96&d=identicon&r=g\",\"caption\":\"Matthieu Levivier\"},\"url\":\"https:\\\/\\\/leregardlibre.com\\\/de\\\/author\\\/matthieu-levivier\\\/\"}]}<\/script>\n<!-- \/ Yoast SEO Premium plugin. -->","yoast_head_json":{"title":"Irak: Als die Intoxikation den Krieg erzwang | Le Regard Libre","description":"Im Jahr 2003 legte die Bush-Regierung falsche Beweise f\u00fcr den Besitz von Massenvernichtungswaffen durch den Irak vor. Analyse.","robots":{"index":"index","follow":"follow","max-snippet":"max-snippet:-1","max-image-preview":"max-image-preview:large","max-video-preview":"max-video-preview:-1"},"canonical":"https:\/\/leregardlibre.com\/de\/geschichte\/irak-als-lintox-den-krieg-forca\/","og_locale":"de_DE","og_type":"article","og_title":"Irak: quand l\u2019intox for\u00e7a la guerre","og_description":"En 2003, l\u2019administration Bush pr\u00e9sentait de fausses preuves de la possession d\u2019armes de destruction massive par l\u2019Irak. Analyse.","og_url":"https:\/\/leregardlibre.com\/de\/geschichte\/irak-als-lintox-den-krieg-forca\/","og_site_name":"Le Regard Libre","article_publisher":"https:\/\/www.facebook.com\/leregardlibre\/","article_published_time":"2022-12-17T05:00:00+00:00","article_modified_time":"2023-01-27T00:16:42+00:00","og_image":[{"width":1024,"height":576,"url":"https:\/\/leregardlibre.com\/wp-content\/uploads\/2022\/12\/colin-powell-et-sa-fameuse-fiole-danthrax-a-lonu--dr-1024x576.png","type":"image\/png"}],"author":"Matthieu Levivier","twitter_card":"summary_large_image","twitter_creator":"@LeRegardLibre","twitter_site":"@LeRegardLibre","twitter_misc":{"Verfasst von":"Matthieu Levivier","Gesch\u00e4tzte Lesezeit":"5\u00a0Minuten"},"schema":{"@context":"https:\/\/schema.org","@graph":[{"@type":"Article","@id":"https:\/\/leregardlibre.com\/histoire\/irak-quand-lintox-forca-la-guerre%ef%bf%bc\/#article","isPartOf":{"@id":"https:\/\/leregardlibre.com\/histoire\/irak-quand-lintox-forca-la-guerre%ef%bf%bc\/"},"author":{"name":"Matthieu Levivier","@id":"https:\/\/leregardlibre.com\/#\/schema\/person\/2985182785b3b93703c5a97ccbc9e14f"},"headline":"Irak: quand l\u2019intox for\u00e7a la guerre","datePublished":"2022-12-17T05:00:00+00:00","dateModified":"2023-01-27T00:16:42+00:00","mainEntityOfPage":{"@id":"https:\/\/leregardlibre.com\/histoire\/irak-quand-lintox-forca-la-guerre%ef%bf%bc\/"},"wordCount":964,"commentCount":0,"publisher":{"@id":"https:\/\/leregardlibre.com\/#organization"},"image":{"@id":"https:\/\/leregardlibre.com\/histoire\/irak-quand-lintox-forca-la-guerre%ef%bf%bc\/#primaryimage"},"thumbnailUrl":"https:\/\/leregardlibre.com\/wp-content\/uploads\/2022\/12\/colin-powell-et-sa-fameuse-fiole-danthrax-a-lonu--dr.png","keywords":["Analyse","Dossier MENSONGE","Etats-Unis","Guerre","Irak","Mensonge"],"articleSection":["Histoire"],"inLanguage":"de","potentialAction":[{"@type":"CommentAction","name":"Comment","target":["https:\/\/leregardlibre.com\/histoire\/irak-quand-lintox-forca-la-guerre%ef%bf%bc\/#respond"]}]},{"@type":"WebPage","@id":"https:\/\/leregardlibre.com\/histoire\/irak-quand-lintox-forca-la-guerre%ef%bf%bc\/","url":"https:\/\/leregardlibre.com\/histoire\/irak-quand-lintox-forca-la-guerre%ef%bf%bc\/","name":"Irak: Als die Intoxikation den Krieg erzwang | Le Regard Libre","isPartOf":{"@id":"https:\/\/leregardlibre.com\/#website"},"primaryImageOfPage":{"@id":"https:\/\/leregardlibre.com\/histoire\/irak-quand-lintox-forca-la-guerre%ef%bf%bc\/#primaryimage"},"image":{"@id":"https:\/\/leregardlibre.com\/histoire\/irak-quand-lintox-forca-la-guerre%ef%bf%bc\/#primaryimage"},"thumbnailUrl":"https:\/\/leregardlibre.com\/wp-content\/uploads\/2022\/12\/colin-powell-et-sa-fameuse-fiole-danthrax-a-lonu--dr.png","datePublished":"2022-12-17T05:00:00+00:00","dateModified":"2023-01-27T00:16:42+00:00","description":"Im Jahr 2003 legte die Bush-Regierung falsche Beweise f\u00fcr den Besitz von Massenvernichtungswaffen durch den Irak vor. Analyse.","breadcrumb":{"@id":"https:\/\/leregardlibre.com\/histoire\/irak-quand-lintox-forca-la-guerre%ef%bf%bc\/#breadcrumb"},"inLanguage":"de","potentialAction":[{"@type":"ReadAction","target":["https:\/\/leregardlibre.com\/histoire\/irak-quand-lintox-forca-la-guerre%ef%bf%bc\/"]}]},{"@type":"ImageObject","inLanguage":"de","@id":"https:\/\/leregardlibre.com\/histoire\/irak-quand-lintox-forca-la-guerre%ef%bf%bc\/#primaryimage","url":"https:\/\/leregardlibre.com\/wp-content\/uploads\/2022\/12\/colin-powell-et-sa-fameuse-fiole-danthrax-a-lonu--dr.png","contentUrl":"https:\/\/leregardlibre.com\/wp-content\/uploads\/2022\/12\/colin-powell-et-sa-fameuse-fiole-danthrax-a-lonu--dr.png","width":1920,"height":1080,"caption":"Colin Powell et sa fameuse fiole d'anthrax \u00e0 l'ONU \u00a9 DR"},{"@type":"BreadcrumbList","@id":"https:\/\/leregardlibre.com\/histoire\/irak-quand-lintox-forca-la-guerre%ef%bf%bc\/#breadcrumb","itemListElement":[{"@type":"ListItem","position":1,"name":"Accueil","item":"https:\/\/leregardlibre.com\/"},{"@type":"ListItem","position":2,"name":"Irak: quand l\u2019intox for\u00e7a la guerre"}]},{"@type":"WebSite","@id":"https:\/\/leregardlibre.com\/#website","url":"https:\/\/leregardlibre.com\/","name":"Le Regard Libre","description":"Erste Schweizer Monatszeitschrift f\u00fcr Debatten","publisher":{"@id":"https:\/\/leregardlibre.com\/#organization"},"potentialAction":[{"@type":"SearchAction","target":{"@type":"EntryPoint","urlTemplate":"https:\/\/leregardlibre.com\/?s={search_term_string}"},"query-input":{"@type":"PropertyValueSpecification","valueRequired":true,"valueName":"search_term_string"}}],"inLanguage":"de"},{"@type":"Organization","@id":"https:\/\/leregardlibre.com\/#organization","name":"Le Regard Libre","url":"https:\/\/leregardlibre.com\/","logo":{"@type":"ImageObject","inLanguage":"de","@id":"https:\/\/leregardlibre.com\/#\/schema\/logo\/image\/","url":"https:\/\/leregardlibre.com\/wp-content\/uploads\/2025\/08\/logo-rl-icone-neg.jpeg","contentUrl":"https:\/\/leregardlibre.com\/wp-content\/uploads\/2025\/08\/logo-rl-icone-neg.jpeg","width":557,"height":556,"caption":"Le Regard Libre"},"image":{"@id":"https:\/\/leregardlibre.com\/#\/schema\/logo\/image\/"},"sameAs":["https:\/\/www.facebook.com\/leregardlibre\/","https:\/\/x.com\/LeRegardLibre","https:\/\/www.linkedin.com\/company\/le-regard-libre","https:\/\/www.instagram.com\/leregardlibre\/","http:\/\/t.me\/leregardlibre","https:\/\/youtube.com\/channel\/UC6HzGPomj1LsUmlz-sJtITQ"],"description":"Le Regard Libre ist eine Schweizer Monatszeitschrift f\u00fcr intellektuelle und kulturelle Debatten. Seine Redaktion ist jung, ehrenamtlich, liberal und pluralistisch. Das Magazin erscheint online und in gedruckter Form. Seine Sprache ist Franz\u00f6sisch.","email":"redaction@leregardlibre.com","legalName":"Le Regard Libre","foundingDate":"2014-01-01","numberOfEmployees":{"@type":"QuantitativeValue","minValue":"11","maxValue":"50"},"publishingPrinciples":"https:\/\/leregardlibre.com\/a-propos\/notre-manifeste\/","ownershipFundingInfo":"https:\/\/leregardlibre.com\/mentions-legales\/","actionableFeedbackPolicy":"https:\/\/leregardlibre.com\/conditions-generales-de-vente\/"},{"@type":"Person","@id":"https:\/\/leregardlibre.com\/#\/schema\/person\/2985182785b3b93703c5a97ccbc9e14f","name":"Matthieu Levivier","image":{"@type":"ImageObject","inLanguage":"de","@id":"https:\/\/secure.gravatar.com\/avatar\/250692748d4fdd17d25b963c15710a3b7fb50fd0d96d55c57e4b0f6e30400df9?s=96&d=identicon&r=g","url":"https:\/\/secure.gravatar.com\/avatar\/250692748d4fdd17d25b963c15710a3b7fb50fd0d96d55c57e4b0f6e30400df9?s=96&d=identicon&r=g","contentUrl":"https:\/\/secure.gravatar.com\/avatar\/250692748d4fdd17d25b963c15710a3b7fb50fd0d96d55c57e4b0f6e30400df9?s=96&d=identicon&r=g","caption":"Matthieu Levivier"},"url":"https:\/\/leregardlibre.com\/de\/author\/matthieu-levivier\/"}]}},"_links":{"self":[{"href":"https:\/\/leregardlibre.com\/de\/wp-json\/wp\/v2\/posts\/514684","targetHints":{"allow":["GET"]}}],"collection":[{"href":"https:\/\/leregardlibre.com\/de\/wp-json\/wp\/v2\/posts"}],"about":[{"href":"https:\/\/leregardlibre.com\/de\/wp-json\/wp\/v2\/types\/post"}],"author":[{"embeddable":true,"href":"https:\/\/leregardlibre.com\/de\/wp-json\/wp\/v2\/users\/447"}],"replies":[{"embeddable":true,"href":"https:\/\/leregardlibre.com\/de\/wp-json\/wp\/v2\/comments?post=514684"}],"version-history":[{"count":2,"href":"https:\/\/leregardlibre.com\/de\/wp-json\/wp\/v2\/posts\/514684\/revisions"}],"predecessor-version":[{"id":514708,"href":"https:\/\/leregardlibre.com\/de\/wp-json\/wp\/v2\/posts\/514684\/revisions\/514708"}],"wp:featuredmedia":[{"embeddable":true,"href":"https:\/\/leregardlibre.com\/de\/wp-json\/wp\/v2\/media\/514685"}],"wp:attachment":[{"href":"https:\/\/leregardlibre.com\/de\/wp-json\/wp\/v2\/media?parent=514684"}],"wp:term":[{"taxonomy":"category","embeddable":true,"href":"https:\/\/leregardlibre.com\/de\/wp-json\/wp\/v2\/categories?post=514684"},{"taxonomy":"post_tag","embeddable":true,"href":"https:\/\/leregardlibre.com\/de\/wp-json\/wp\/v2\/tags?post=514684"}],"curies":[{"name":"wp","href":"https:\/\/api.w.org\/{rel}","templated":true}]}}