{"id":515144,"date":"2022-12-29T06:00:00","date_gmt":"2022-12-29T05:00:00","guid":{"rendered":"https:\/\/leregardlibre.com\/?p=515144"},"modified":"2022-12-29T11:02:44","modified_gmt":"2022-12-29T10:02:44","slug":"kann-es-ethisch-sein-zu-lugen-die-kontroverse-kant-constant","status":"publish","type":"post","link":"https:\/\/leregardlibre.com\/de\/philosophie\/kann-es-ethisch-sein-zu-lugen-die-kontroverse-kant-constant\/","title":{"rendered":"Kann es ethisch sein zu l\u00fcgen? Die Kant-Konstant-Kontroverse"},"content":{"rendered":"<div class='content_excerpt'>\n<p class=\"has-drop-cap\"><strong>F\u00fcr Kant, den deutschen Philosophen, ist die L\u00fcge immer eine zu verbietende Handlung, da sie das Vertrauen innerhalb der Gesellschaft zerst\u00f6rt und das moralische Gesetz im Menschen ankratzt. Bei Constant, dem franz\u00f6sischen Philosophen, kann das L\u00fcgen je nach Kontext tugendhaft sein. Gekreuzte Blicke.<\/strong><\/p>\n\n\n\n Artikel lesen (abonniert)\n    <div class='restricted_content_fade'><\/div>\n    <\/div>\n  <style>\n    .content_excerpt{\n      position: relative;\n    }\n    .content_excerpt .restricted_content_fade{\n      position: absolute;\n      bottom: 0;\n      left: 0;\n      right: 0;\n      height: 75px;\n\t  margin-bottom: 0px;\n      background-image: linear-gradient(#ffffff2e, white);\n    }\n\n    .restricted_content{\n      margin-top: 30px;\n      border: solid #dddddd 1px;\n      border-radius: 7px;\n      padding: 30px;\n    }\n    \n    .restricted_content .restricted_content_title{\n      font-size: 22px;\n      font-weight: 600;\n    }\n    .restricted_content .restricted_content_flex_row{\n      display: flex;\n      flex-direction: row;\n    }\n    .restricted_content .restricted_content_image_container{\n      flex: 3;\n    }\n    .restricted_content .restricted_content_flex_column{\n      flex: 4;\n      display: flex;\n      flex-direction: column;\n      margin-left: 40px;\n      justify-content: center;\n    }\n\n\n    .restricted_content_buttons{\n      display: flex;\n      flex-direction: column;\n      width: min-content;\n    }\n    .restricted_content_button{\n      background-color: #f2f2f2;\n      text-transform: uppercase;\n      font-weight: 600;\n      padding: 8px 40px;\n      text-align: center;\n      font-size: 13px;\n      margin-top: 10px;\n      width: max-content;\n      width: 100%;\n      white-space: nowrap;\n    }\n    .restricted_content_button:hover {\n      background-color: #111111;\n      color: white;\n      text-decoration: none !important;\n    }\n\n    .restricted_content_primary_button{\n      background-color: #1F2A68 !important;\n      color: white !important;\n    }\n    .restricted_content_primary_button:hover {\n      background-color: #111111;\n    }\n\n    .restricted_content_text{\n      margin-bottom: 10px;\n      line-height: 1.2;\n      font-weight: 500;\n      font-size: 16px;\n    }\n\n  \n  <\/style>\n  <div class='restricted_content'>\n    <h3 class='restricted_content_title'>Dieser Inhalt ist unseren Abonnenten vorbehalten.<\/h3>\n    <div class='restricted_content_flex_row'>\n      <div class='restricted_content_image_container'>\n        <img class='restricted_content_image' src='\/wp-content\/uploads\/2025\/08\/abo_physique.png' \/>\n      <\/div>\n      <div class='restricted_content_flex_column'>\n        <div class='restricted_content_text'>Wenn Sie ein Konto haben, loggen Sie sich ein. Ansonsten entdecken Sie unsere verschiedenen Abonnements und erstellen Sie ein Konto ab CHF 2.50 im ersten Monat.<\/div>\n        <div class='restricted_content_buttons'>\n          <a href='\/de\/abonnement\/' class='restricted_content_button restricted_content_primary_button'>Abonnements ansehen<\/a><a href='\/de\/mein-konto\/?redirect_to=https:\/\/leregardlibre.com\/de\/philosophie\/kann-es-ethisch-sein-zu-lugen-die-kontroverse-kant-constant\/'class='restricted_content_button'>Sich anmelden<\/a><\/div>\n      <\/div>\n    <\/div>\n  <\/div>","protected":false},"excerpt":{"rendered":"<div class='content_excerpt'>\n<p class=\"has-drop-cap\"><strong>F\u00fcr Kant, den deutschen Philosophen, ist die L\u00fcge immer eine zu verbietende Handlung, da sie das Vertrauen innerhalb der Gesellschaft zerst\u00f6rt und das moralische Gesetz im Menschen ankratzt. Bei Constant, dem franz\u00f6sischen Philosophen, kann das L\u00fcgen je nach Kontext tugendhaft sein. Gekreuzte Blicke.<\/strong><\/p>\n<p> Artikel lesen (abonniert)<\/p>\n<div class='restricted_content_fade'><\/div>\n<\/p><\/div>\n<style>\n    .content_excerpt{\n      position: relative;\n    }\n    .content_excerpt .restricted_content_fade{\n      position: absolute;\n      bottom: 0;\n      left: 0;\n      right: 0;\n      height: 75px;\n\t  margin-bottom: 0px;\n      background-image: linear-gradient(#ffffff2e, white);\n    }<\/p>\n<p>    .restricted_content{\n      margin-top: 30px;\n      border: solid #dddddd 1px;\n      border-radius: 7px;\n      padding: 30px;\n    }<\/p>\n<p>    .restricted_content .restricted_content_title{\n      font-size: 22px;\n      font-weight: 600;\n    }\n    .restricted_content .restricted_content_flex_row{\n      display: flex;\n      flex-direction: row;\n    }\n    .restricted_content .restricted_content_image_container{\n      flex: 3;\n    }\n    .restricted_content .restricted_content_flex_column{\n      flex: 4;\n      display: flex;\n      flex-direction: column;\n      margin-left: 40px;\n      justify-content: center;\n    }<\/p>\n<p>    .restricted_content_buttons{\n      display: flex;\n      flex-direction: column;\n      width: min-content;\n    }\n    .restricted_content_button{\n      background-color: #f2f2f2;\n      text-transform: uppercase;\n      font-weight: 600;\n      padding: 8px 40px;\n      text-align: center;\n      font-size: 13px;\n      margin-top: 10px;\n      width: max-content;\n      width: 100%;\n      white-space: nowrap;\n    }\n    .restricted_content_button:hover {\n      background-color: #111111;\n      color: white;\n      text-decoration: none !important;\n    }<\/p>\n<p>    .restricted_content_primary_button{\n      background-color: #1F2A68 !important;\n      color: white !important;\n    }\n    .restricted_content_primary_button:hover {\n      background-color: #111111;\n    }<\/p>\n<p>    .restricted_content_text{\n      margin-bottom: 10px;\n      line-height: 1.2;\n      font-weight: 500;\n      font-size: 16px;\n    }<\/p>\n<\/style>\n<div class='restricted_content'>\n<h3 class='restricted_content_title'>Dieser Inhalt ist unseren Abonnenten vorbehalten.<\/h3>\n<div class='restricted_content_flex_row'>\n<div class='restricted_content_image_container'>\n        <img class='restricted_content_image' src='\/wp-content\/uploads\/2025\/08\/abo_physique.png' \/>\n      <\/div>\n<div class='restricted_content_flex_column'>\n<div class='restricted_content_text'>Wenn Sie ein Konto haben, loggen Sie sich ein. Ansonsten entdecken Sie unsere verschiedenen Abonnements und erstellen Sie ein Konto ab CHF 2.50 im ersten Monat.<\/div>\n<div class='restricted_content_buttons'>\n          <a href='\/de\/abonnement\/' class='restricted_content_button restricted_content_primary_button'>Abonnements ansehen<\/a><a href='\/de\/mein-konto\/?redirect_to=https:\/\/leregardlibre.com\/de\/philosophie\/kann-es-ethisch-sein-zu-lugen-die-kontroverse-kant-constant\/'class='restricted_content_button'>Sich anmelden<\/a><\/div>\n<\/p><\/div>\n<\/p><\/div>\n<\/p><\/div>","protected":false},"author":329,"featured_media":515145,"comment_status":"open","ping_status":"closed","sticky":false,"template":"","format":"standard","meta":{"_acf_changed":false,"footnotes":""},"categories":[11566],"tags":[923103,644358146,36593,1048873,644357607],"class_list":["post-515144","post","type-post","status-publish","format-standard","has-post-thumbnail","hentry","category-philosophie","tag-benjamin-constant","tag-dossier-mensonge","tag-kant","tag-mensonge","tag-regards-croises","membership-content","access-restricted"],"acf":[],"yoast_head":"<!-- This site is optimized with the Yoast SEO Premium plugin v27.4 (Yoast SEO v27.4) - https:\/\/yoast.com\/product\/yoast-seo-premium-wordpress\/ -->\n<title>Peut-il \u00eatre \u00e9thique de mentir? La controverse Kant-Constant<\/title>\n<meta name=\"description\" content=\"Pour Kant, le mensonge est toujours un acte \u00e0 bannir. Chez Constant, mentir peut \u00eatre vertueux en fonction du contexte.\" \/>\n<meta name=\"robots\" content=\"index, follow, max-snippet:-1, max-image-preview:large, max-video-preview:-1\" \/>\n<link rel=\"canonical\" href=\"https:\/\/leregardlibre.com\/de\/philosophie\/kann-es-ethisch-sein-zu-lugen-die-kontroverse-kant-constant\/\" \/>\n<meta property=\"og:locale\" content=\"de_DE\" \/>\n<meta property=\"og:type\" content=\"article\" \/>\n<meta property=\"og:title\" content=\"Peut-il \u00eatre \u00e9thique de mentir? La controverse Kant-Constant\" \/>\n<meta property=\"og:description\" content=\"Pour Kant, le mensonge est toujours un acte \u00e0 bannir. Chez Constant, mentir peut \u00eatre vertueux en fonction du contexte.\" \/>\n<meta property=\"og:url\" content=\"https:\/\/leregardlibre.com\/de\/philosophie\/kann-es-ethisch-sein-zu-lugen-die-kontroverse-kant-constant\/\" \/>\n<meta property=\"og:site_name\" content=\"Le Regard Libre\" \/>\n<meta property=\"article:publisher\" content=\"https:\/\/www.facebook.com\/leregardlibre\/\" \/>\n<meta property=\"article:published_time\" content=\"2022-12-29T05:00:00+00:00\" \/>\n<meta property=\"article:modified_time\" content=\"2022-12-29T10:02:44+00:00\" \/>\n<meta property=\"og:image\" content=\"https:\/\/leregardlibre.com\/wp-content\/uploads\/2022\/12\/kant-constant.jpg\" \/>\n\t<meta property=\"og:image:width\" content=\"824\" \/>\n\t<meta property=\"og:image:height\" content=\"525\" \/>\n\t<meta property=\"og:image:type\" content=\"image\/jpeg\" \/>\n<meta name=\"author\" content=\"Enzo Santacroce\" \/>\n<meta name=\"twitter:card\" content=\"summary_large_image\" \/>\n<meta name=\"twitter:creator\" content=\"@LeRegardLibre\" \/>\n<meta name=\"twitter:site\" content=\"@LeRegardLibre\" \/>\n<meta name=\"twitter:label1\" content=\"Verfasst von\" \/>\n\t<meta name=\"twitter:data1\" content=\"Enzo Santacroce\" \/>\n\t<meta name=\"twitter:label2\" content=\"Gesch\u00e4tzte Lesezeit\" \/>\n\t<meta name=\"twitter:data2\" content=\"4\u00a0Minuten\" \/>\n<script type=\"application\/ld+json\" class=\"yoast-schema-graph\">{\"@context\":\"https:\\\/\\\/schema.org\",\"@graph\":[{\"@type\":\"Article\",\"@id\":\"https:\\\/\\\/leregardlibre.com\\\/philosophie\\\/peut-il-etre-ethique-de-mentir-la-controverse-kant-constant\\\/#article\",\"isPartOf\":{\"@id\":\"https:\\\/\\\/leregardlibre.com\\\/philosophie\\\/peut-il-etre-ethique-de-mentir-la-controverse-kant-constant\\\/\"},\"author\":{\"name\":\"Enzo Santacroce\",\"@id\":\"https:\\\/\\\/leregardlibre.com\\\/#\\\/schema\\\/person\\\/049ed2dbce7d47cfb8cf1e43c0728a15\"},\"headline\":\"Peut-il \u00eatre \u00e9thique de mentir? La controverse Kant-Constant\",\"datePublished\":\"2022-12-29T05:00:00+00:00\",\"dateModified\":\"2022-12-29T10:02:44+00:00\",\"mainEntityOfPage\":{\"@id\":\"https:\\\/\\\/leregardlibre.com\\\/philosophie\\\/peut-il-etre-ethique-de-mentir-la-controverse-kant-constant\\\/\"},\"wordCount\":849,\"commentCount\":0,\"publisher\":{\"@id\":\"https:\\\/\\\/leregardlibre.com\\\/#organization\"},\"image\":{\"@id\":\"https:\\\/\\\/leregardlibre.com\\\/philosophie\\\/peut-il-etre-ethique-de-mentir-la-controverse-kant-constant\\\/#primaryimage\"},\"thumbnailUrl\":\"https:\\\/\\\/leregardlibre.com\\\/wp-content\\\/uploads\\\/2022\\\/12\\\/kant-constant.jpg\",\"keywords\":[\"Benjamin Constant\",\"Dossier MENSONGE\",\"Emmanuel Kant\",\"Mensonge\",\"Regards crois\u00e9s\"],\"articleSection\":[\"Philosophie\"],\"inLanguage\":\"de\",\"potentialAction\":[{\"@type\":\"CommentAction\",\"name\":\"Comment\",\"target\":[\"https:\\\/\\\/leregardlibre.com\\\/philosophie\\\/peut-il-etre-ethique-de-mentir-la-controverse-kant-constant\\\/#respond\"]}]},{\"@type\":\"WebPage\",\"@id\":\"https:\\\/\\\/leregardlibre.com\\\/philosophie\\\/peut-il-etre-ethique-de-mentir-la-controverse-kant-constant\\\/\",\"url\":\"https:\\\/\\\/leregardlibre.com\\\/philosophie\\\/peut-il-etre-ethique-de-mentir-la-controverse-kant-constant\\\/\",\"name\":\"Peut-il \u00eatre \u00e9thique de mentir? La controverse Kant-Constant\",\"isPartOf\":{\"@id\":\"https:\\\/\\\/leregardlibre.com\\\/#website\"},\"primaryImageOfPage\":{\"@id\":\"https:\\\/\\\/leregardlibre.com\\\/philosophie\\\/peut-il-etre-ethique-de-mentir-la-controverse-kant-constant\\\/#primaryimage\"},\"image\":{\"@id\":\"https:\\\/\\\/leregardlibre.com\\\/philosophie\\\/peut-il-etre-ethique-de-mentir-la-controverse-kant-constant\\\/#primaryimage\"},\"thumbnailUrl\":\"https:\\\/\\\/leregardlibre.com\\\/wp-content\\\/uploads\\\/2022\\\/12\\\/kant-constant.jpg\",\"datePublished\":\"2022-12-29T05:00:00+00:00\",\"dateModified\":\"2022-12-29T10:02:44+00:00\",\"description\":\"Pour Kant, le mensonge est toujours un acte \u00e0 bannir. Chez Constant, mentir peut \u00eatre vertueux en fonction du contexte.\",\"breadcrumb\":{\"@id\":\"https:\\\/\\\/leregardlibre.com\\\/philosophie\\\/peut-il-etre-ethique-de-mentir-la-controverse-kant-constant\\\/#breadcrumb\"},\"inLanguage\":\"de\",\"potentialAction\":[{\"@type\":\"ReadAction\",\"target\":[\"https:\\\/\\\/leregardlibre.com\\\/philosophie\\\/peut-il-etre-ethique-de-mentir-la-controverse-kant-constant\\\/\"]}]},{\"@type\":\"ImageObject\",\"inLanguage\":\"de\",\"@id\":\"https:\\\/\\\/leregardlibre.com\\\/philosophie\\\/peut-il-etre-ethique-de-mentir-la-controverse-kant-constant\\\/#primaryimage\",\"url\":\"https:\\\/\\\/leregardlibre.com\\\/wp-content\\\/uploads\\\/2022\\\/12\\\/kant-constant.jpg\",\"contentUrl\":\"https:\\\/\\\/leregardlibre.com\\\/wp-content\\\/uploads\\\/2022\\\/12\\\/kant-constant.jpg\",\"width\":824,\"height\":525,\"caption\":\"\u00a9 Montage de Lionel Cachin pour Le Regard Libre\"},{\"@type\":\"BreadcrumbList\",\"@id\":\"https:\\\/\\\/leregardlibre.com\\\/philosophie\\\/peut-il-etre-ethique-de-mentir-la-controverse-kant-constant\\\/#breadcrumb\",\"itemListElement\":[{\"@type\":\"ListItem\",\"position\":1,\"name\":\"Accueil\",\"item\":\"https:\\\/\\\/leregardlibre.com\\\/\"},{\"@type\":\"ListItem\",\"position\":2,\"name\":\"Peut-il \u00eatre \u00e9thique de mentir? La controverse Kant-Constant\"}]},{\"@type\":\"WebSite\",\"@id\":\"https:\\\/\\\/leregardlibre.com\\\/#website\",\"url\":\"https:\\\/\\\/leregardlibre.com\\\/\",\"name\":\"Le Regard Libre\",\"description\":\"Premier mensuel suisse de d\u00e9bat\",\"publisher\":{\"@id\":\"https:\\\/\\\/leregardlibre.com\\\/#organization\"},\"potentialAction\":[{\"@type\":\"SearchAction\",\"target\":{\"@type\":\"EntryPoint\",\"urlTemplate\":\"https:\\\/\\\/leregardlibre.com\\\/?s={search_term_string}\"},\"query-input\":{\"@type\":\"PropertyValueSpecification\",\"valueRequired\":true,\"valueName\":\"search_term_string\"}}],\"inLanguage\":\"de\"},{\"@type\":\"Organization\",\"@id\":\"https:\\\/\\\/leregardlibre.com\\\/#organization\",\"name\":\"Le Regard Libre\",\"url\":\"https:\\\/\\\/leregardlibre.com\\\/\",\"logo\":{\"@type\":\"ImageObject\",\"inLanguage\":\"de\",\"@id\":\"https:\\\/\\\/leregardlibre.com\\\/#\\\/schema\\\/logo\\\/image\\\/\",\"url\":\"https:\\\/\\\/leregardlibre.com\\\/wp-content\\\/uploads\\\/2025\\\/08\\\/logo-rl-icone-neg.jpeg\",\"contentUrl\":\"https:\\\/\\\/leregardlibre.com\\\/wp-content\\\/uploads\\\/2025\\\/08\\\/logo-rl-icone-neg.jpeg\",\"width\":557,\"height\":556,\"caption\":\"Le Regard Libre\"},\"image\":{\"@id\":\"https:\\\/\\\/leregardlibre.com\\\/#\\\/schema\\\/logo\\\/image\\\/\"},\"sameAs\":[\"https:\\\/\\\/www.facebook.com\\\/leregardlibre\\\/\",\"https:\\\/\\\/x.com\\\/LeRegardLibre\",\"https:\\\/\\\/www.linkedin.com\\\/company\\\/le-regard-libre\",\"https:\\\/\\\/www.instagram.com\\\/leregardlibre\\\/\",\"http:\\\/\\\/t.me\\\/leregardlibre\",\"https:\\\/\\\/youtube.com\\\/channel\\\/UC6HzGPomj1LsUmlz-sJtITQ\"],\"description\":\"Le Regard Libre est un mensuel suisse de d\u00e9bat intellectuel et culturel. Sa r\u00e9daction est jeune, b\u00e9n\u00e9vole, lib\u00e9rale et pluraliste. Le magazine para\u00eet en ligne et sous forme papier. Sa langue est le fran\u00e7ais.\",\"email\":\"redaction@leregardlibre.com\",\"legalName\":\"Le Regard Libre\",\"foundingDate\":\"2014-01-01\",\"numberOfEmployees\":{\"@type\":\"QuantitativeValue\",\"minValue\":\"11\",\"maxValue\":\"50\"},\"publishingPrinciples\":\"https:\\\/\\\/leregardlibre.com\\\/a-propos\\\/notre-manifeste\\\/\",\"ownershipFundingInfo\":\"https:\\\/\\\/leregardlibre.com\\\/mentions-legales\\\/\",\"actionableFeedbackPolicy\":\"https:\\\/\\\/leregardlibre.com\\\/conditions-generales-de-vente\\\/\"},{\"@type\":\"Person\",\"@id\":\"https:\\\/\\\/leregardlibre.com\\\/#\\\/schema\\\/person\\\/049ed2dbce7d47cfb8cf1e43c0728a15\",\"name\":\"Enzo Santacroce\",\"image\":{\"@type\":\"ImageObject\",\"inLanguage\":\"de\",\"@id\":\"https:\\\/\\\/secure.gravatar.com\\\/avatar\\\/dc0ddf551af050d4e590ee9748c6423c21ffd709c04fca5445e3a38757aa2afa?s=96&d=identicon&r=g\",\"url\":\"https:\\\/\\\/secure.gravatar.com\\\/avatar\\\/dc0ddf551af050d4e590ee9748c6423c21ffd709c04fca5445e3a38757aa2afa?s=96&d=identicon&r=g\",\"contentUrl\":\"https:\\\/\\\/secure.gravatar.com\\\/avatar\\\/dc0ddf551af050d4e590ee9748c6423c21ffd709c04fca5445e3a38757aa2afa?s=96&d=identicon&r=g\",\"caption\":\"Enzo Santacroce\"},\"sameAs\":[\"https:\\\/\\\/leregardlibre.com\\\/\",\"https:\\\/\\\/fr.wikipedia.org\\\/wiki\\\/Le_Regard_libre\"],\"url\":\"https:\\\/\\\/leregardlibre.com\\\/de\\\/author\\\/enzo-santacroce\\\/\"}]}<\/script>\n<!-- \/ Yoast SEO Premium plugin. -->","yoast_head_json":{"title":"Kann es ethisch sein zu l\u00fcgen? Die Kant-Konstant-Kontroverse","description":"F\u00fcr Kant ist die L\u00fcge immer eine Handlung, die zu verbieten ist. Bei Constant kann das L\u00fcgen je nach Kontext tugendhaft sein.","robots":{"index":"index","follow":"follow","max-snippet":"max-snippet:-1","max-image-preview":"max-image-preview:large","max-video-preview":"max-video-preview:-1"},"canonical":"https:\/\/leregardlibre.com\/de\/philosophie\/kann-es-ethisch-sein-zu-lugen-die-kontroverse-kant-constant\/","og_locale":"de_DE","og_type":"article","og_title":"Peut-il \u00eatre \u00e9thique de mentir? La controverse Kant-Constant","og_description":"Pour Kant, le mensonge est toujours un acte \u00e0 bannir. Chez Constant, mentir peut \u00eatre vertueux en fonction du contexte.","og_url":"https:\/\/leregardlibre.com\/de\/philosophie\/kann-es-ethisch-sein-zu-lugen-die-kontroverse-kant-constant\/","og_site_name":"Le Regard Libre","article_publisher":"https:\/\/www.facebook.com\/leregardlibre\/","article_published_time":"2022-12-29T05:00:00+00:00","article_modified_time":"2022-12-29T10:02:44+00:00","og_image":[{"width":824,"height":525,"url":"https:\/\/leregardlibre.com\/wp-content\/uploads\/2022\/12\/kant-constant.jpg","type":"image\/jpeg"}],"author":"Enzo Santacroce","twitter_card":"summary_large_image","twitter_creator":"@LeRegardLibre","twitter_site":"@LeRegardLibre","twitter_misc":{"Verfasst von":"Enzo Santacroce","Gesch\u00e4tzte Lesezeit":"4\u00a0Minuten"},"schema":{"@context":"https:\/\/schema.org","@graph":[{"@type":"Article","@id":"https:\/\/leregardlibre.com\/philosophie\/peut-il-etre-ethique-de-mentir-la-controverse-kant-constant\/#article","isPartOf":{"@id":"https:\/\/leregardlibre.com\/philosophie\/peut-il-etre-ethique-de-mentir-la-controverse-kant-constant\/"},"author":{"name":"Enzo Santacroce","@id":"https:\/\/leregardlibre.com\/#\/schema\/person\/049ed2dbce7d47cfb8cf1e43c0728a15"},"headline":"Peut-il \u00eatre \u00e9thique de mentir? La controverse Kant-Constant","datePublished":"2022-12-29T05:00:00+00:00","dateModified":"2022-12-29T10:02:44+00:00","mainEntityOfPage":{"@id":"https:\/\/leregardlibre.com\/philosophie\/peut-il-etre-ethique-de-mentir-la-controverse-kant-constant\/"},"wordCount":849,"commentCount":0,"publisher":{"@id":"https:\/\/leregardlibre.com\/#organization"},"image":{"@id":"https:\/\/leregardlibre.com\/philosophie\/peut-il-etre-ethique-de-mentir-la-controverse-kant-constant\/#primaryimage"},"thumbnailUrl":"https:\/\/leregardlibre.com\/wp-content\/uploads\/2022\/12\/kant-constant.jpg","keywords":["Benjamin Constant","Dossier MENSONGE","Emmanuel Kant","Mensonge","Regards crois\u00e9s"],"articleSection":["Philosophie"],"inLanguage":"de","potentialAction":[{"@type":"CommentAction","name":"Comment","target":["https:\/\/leregardlibre.com\/philosophie\/peut-il-etre-ethique-de-mentir-la-controverse-kant-constant\/#respond"]}]},{"@type":"WebPage","@id":"https:\/\/leregardlibre.com\/philosophie\/peut-il-etre-ethique-de-mentir-la-controverse-kant-constant\/","url":"https:\/\/leregardlibre.com\/philosophie\/peut-il-etre-ethique-de-mentir-la-controverse-kant-constant\/","name":"Kann es ethisch sein zu l\u00fcgen? Die Kant-Konstant-Kontroverse","isPartOf":{"@id":"https:\/\/leregardlibre.com\/#website"},"primaryImageOfPage":{"@id":"https:\/\/leregardlibre.com\/philosophie\/peut-il-etre-ethique-de-mentir-la-controverse-kant-constant\/#primaryimage"},"image":{"@id":"https:\/\/leregardlibre.com\/philosophie\/peut-il-etre-ethique-de-mentir-la-controverse-kant-constant\/#primaryimage"},"thumbnailUrl":"https:\/\/leregardlibre.com\/wp-content\/uploads\/2022\/12\/kant-constant.jpg","datePublished":"2022-12-29T05:00:00+00:00","dateModified":"2022-12-29T10:02:44+00:00","description":"F\u00fcr Kant ist die L\u00fcge immer eine Handlung, die zu verbieten ist. Bei Constant kann das L\u00fcgen je nach Kontext tugendhaft sein.","breadcrumb":{"@id":"https:\/\/leregardlibre.com\/philosophie\/peut-il-etre-ethique-de-mentir-la-controverse-kant-constant\/#breadcrumb"},"inLanguage":"de","potentialAction":[{"@type":"ReadAction","target":["https:\/\/leregardlibre.com\/philosophie\/peut-il-etre-ethique-de-mentir-la-controverse-kant-constant\/"]}]},{"@type":"ImageObject","inLanguage":"de","@id":"https:\/\/leregardlibre.com\/philosophie\/peut-il-etre-ethique-de-mentir-la-controverse-kant-constant\/#primaryimage","url":"https:\/\/leregardlibre.com\/wp-content\/uploads\/2022\/12\/kant-constant.jpg","contentUrl":"https:\/\/leregardlibre.com\/wp-content\/uploads\/2022\/12\/kant-constant.jpg","width":824,"height":525,"caption":"\u00a9 Montage de Lionel Cachin pour Le Regard Libre"},{"@type":"BreadcrumbList","@id":"https:\/\/leregardlibre.com\/philosophie\/peut-il-etre-ethique-de-mentir-la-controverse-kant-constant\/#breadcrumb","itemListElement":[{"@type":"ListItem","position":1,"name":"Accueil","item":"https:\/\/leregardlibre.com\/"},{"@type":"ListItem","position":2,"name":"Peut-il \u00eatre \u00e9thique de mentir? La controverse Kant-Constant"}]},{"@type":"WebSite","@id":"https:\/\/leregardlibre.com\/#website","url":"https:\/\/leregardlibre.com\/","name":"Le Regard Libre","description":"Erste Schweizer Monatszeitschrift f\u00fcr Debatten","publisher":{"@id":"https:\/\/leregardlibre.com\/#organization"},"potentialAction":[{"@type":"SearchAction","target":{"@type":"EntryPoint","urlTemplate":"https:\/\/leregardlibre.com\/?s={search_term_string}"},"query-input":{"@type":"PropertyValueSpecification","valueRequired":true,"valueName":"search_term_string"}}],"inLanguage":"de"},{"@type":"Organization","@id":"https:\/\/leregardlibre.com\/#organization","name":"Le Regard Libre","url":"https:\/\/leregardlibre.com\/","logo":{"@type":"ImageObject","inLanguage":"de","@id":"https:\/\/leregardlibre.com\/#\/schema\/logo\/image\/","url":"https:\/\/leregardlibre.com\/wp-content\/uploads\/2025\/08\/logo-rl-icone-neg.jpeg","contentUrl":"https:\/\/leregardlibre.com\/wp-content\/uploads\/2025\/08\/logo-rl-icone-neg.jpeg","width":557,"height":556,"caption":"Le Regard Libre"},"image":{"@id":"https:\/\/leregardlibre.com\/#\/schema\/logo\/image\/"},"sameAs":["https:\/\/www.facebook.com\/leregardlibre\/","https:\/\/x.com\/LeRegardLibre","https:\/\/www.linkedin.com\/company\/le-regard-libre","https:\/\/www.instagram.com\/leregardlibre\/","http:\/\/t.me\/leregardlibre","https:\/\/youtube.com\/channel\/UC6HzGPomj1LsUmlz-sJtITQ"],"description":"Le Regard Libre ist eine Schweizer Monatszeitschrift f\u00fcr intellektuelle und kulturelle Debatten. Seine Redaktion ist jung, ehrenamtlich, liberal und pluralistisch. Das Magazin erscheint online und in gedruckter Form. Seine Sprache ist Franz\u00f6sisch.","email":"redaction@leregardlibre.com","legalName":"Le Regard Libre","foundingDate":"2014-01-01","numberOfEmployees":{"@type":"QuantitativeValue","minValue":"11","maxValue":"50"},"publishingPrinciples":"https:\/\/leregardlibre.com\/a-propos\/notre-manifeste\/","ownershipFundingInfo":"https:\/\/leregardlibre.com\/mentions-legales\/","actionableFeedbackPolicy":"https:\/\/leregardlibre.com\/conditions-generales-de-vente\/"},{"@type":"Person","@id":"https:\/\/leregardlibre.com\/#\/schema\/person\/049ed2dbce7d47cfb8cf1e43c0728a15","name":"Enzo Santacroce","image":{"@type":"ImageObject","inLanguage":"de","@id":"https:\/\/secure.gravatar.com\/avatar\/dc0ddf551af050d4e590ee9748c6423c21ffd709c04fca5445e3a38757aa2afa?s=96&d=identicon&r=g","url":"https:\/\/secure.gravatar.com\/avatar\/dc0ddf551af050d4e590ee9748c6423c21ffd709c04fca5445e3a38757aa2afa?s=96&d=identicon&r=g","contentUrl":"https:\/\/secure.gravatar.com\/avatar\/dc0ddf551af050d4e590ee9748c6423c21ffd709c04fca5445e3a38757aa2afa?s=96&d=identicon&r=g","caption":"Enzo Santacroce"},"sameAs":["https:\/\/leregardlibre.com\/","https:\/\/fr.wikipedia.org\/wiki\/Le_Regard_libre"],"url":"https:\/\/leregardlibre.com\/de\/author\/enzo-santacroce\/"}]}},"_links":{"self":[{"href":"https:\/\/leregardlibre.com\/de\/wp-json\/wp\/v2\/posts\/515144","targetHints":{"allow":["GET"]}}],"collection":[{"href":"https:\/\/leregardlibre.com\/de\/wp-json\/wp\/v2\/posts"}],"about":[{"href":"https:\/\/leregardlibre.com\/de\/wp-json\/wp\/v2\/types\/post"}],"author":[{"embeddable":true,"href":"https:\/\/leregardlibre.com\/de\/wp-json\/wp\/v2\/users\/329"}],"replies":[{"embeddable":true,"href":"https:\/\/leregardlibre.com\/de\/wp-json\/wp\/v2\/comments?post=515144"}],"version-history":[{"count":2,"href":"https:\/\/leregardlibre.com\/de\/wp-json\/wp\/v2\/posts\/515144\/revisions"}],"predecessor-version":[{"id":515169,"href":"https:\/\/leregardlibre.com\/de\/wp-json\/wp\/v2\/posts\/515144\/revisions\/515169"}],"wp:featuredmedia":[{"embeddable":true,"href":"https:\/\/leregardlibre.com\/de\/wp-json\/wp\/v2\/media\/515145"}],"wp:attachment":[{"href":"https:\/\/leregardlibre.com\/de\/wp-json\/wp\/v2\/media?parent=515144"}],"wp:term":[{"taxonomy":"category","embeddable":true,"href":"https:\/\/leregardlibre.com\/de\/wp-json\/wp\/v2\/categories?post=515144"},{"taxonomy":"post_tag","embeddable":true,"href":"https:\/\/leregardlibre.com\/de\/wp-json\/wp\/v2\/tags?post=515144"}],"curies":[{"name":"wp","href":"https:\/\/api.w.org\/{rel}","templated":true}]}}