{"id":516057,"date":"2023-02-02T06:00:00","date_gmt":"2023-02-02T05:00:00","guid":{"rendered":"https:\/\/leregardlibre.com\/?p=516057"},"modified":"2023-02-02T08:28:57","modified_gmt":"2023-02-02T07:28:57","slug":"der-disabellarische-blick-der-faulheit","status":"publish","type":"post","link":"https:\/\/leregardlibre.com\/de\/philosophie\/der-disabellarische-blick-der-faulheit\/","title":{"rendered":"Isabelles Blick: Faulheit"},"content":{"rendered":"<div class='content_excerpt'>\n<p class=\"has-drop-cap\"><strong>Die sehr provokante franz\u00f6sische Abgeordnete Sandrine Rousseau hielt es k\u00fcrzlich f\u00fcr angebracht, ein \u00abRecht auf Faulheit\u00bb zu verk\u00fcnden. Die Aufregung war gro\u00df. Aber warum kommt die Verbindung dieser beiden Begriffe so schlecht an? Eine Entschl\u00fcsselung anhand des Begriffs \"Faulheit\".<\/strong><\/p>\n\n\n\n Chronik lesen (abonniert)\n    <div class='restricted_content_fade'><\/div>\n    <\/div>\n  <style>\n    .content_excerpt{\n      position: relative;\n    }\n    .content_excerpt .restricted_content_fade{\n      position: absolute;\n      bottom: 0;\n      left: 0;\n      right: 0;\n      height: 75px;\n\t  margin-bottom: 0px;\n      background-image: linear-gradient(#ffffff2e, white);\n    }\n\n    .restricted_content{\n      margin-top: 30px;\n      border: solid #dddddd 1px;\n      border-radius: 7px;\n      padding: 30px;\n    }\n    \n    .restricted_content .restricted_content_title{\n      font-size: 22px;\n      font-weight: 600;\n    }\n    .restricted_content .restricted_content_flex_row{\n      display: flex;\n      flex-direction: row;\n    }\n    .restricted_content .restricted_content_image_container{\n      flex: 3;\n    }\n    .restricted_content .restricted_content_flex_column{\n      flex: 4;\n      display: flex;\n      flex-direction: column;\n      margin-left: 40px;\n      justify-content: center;\n    }\n\n\n    .restricted_content_buttons{\n      display: flex;\n      flex-direction: column;\n      width: min-content;\n    }\n    .restricted_content_button{\n      background-color: #f2f2f2;\n      text-transform: uppercase;\n      font-weight: 600;\n      padding: 8px 40px;\n      text-align: center;\n      font-size: 13px;\n      margin-top: 10px;\n      width: max-content;\n      width: 100%;\n      white-space: nowrap;\n    }\n    .restricted_content_button:hover {\n      background-color: #111111;\n      color: white;\n      text-decoration: none !important;\n    }\n\n    .restricted_content_primary_button{\n      background-color: #1F2A68 !important;\n      color: white !important;\n    }\n    .restricted_content_primary_button:hover {\n      background-color: #111111;\n    }\n\n    .restricted_content_text{\n      margin-bottom: 10px;\n      line-height: 1.2;\n      font-weight: 500;\n      font-size: 16px;\n    }\n\n  \n  <\/style>\n  <div class='restricted_content'>\n    <h3 class='restricted_content_title'>Dieser Inhalt ist unseren Abonnenten vorbehalten.<\/h3>\n    <div class='restricted_content_flex_row'>\n      <div class='restricted_content_image_container'>\n        <img class='restricted_content_image' src='\/wp-content\/uploads\/2025\/08\/abo_physique.png' \/>\n      <\/div>\n      <div class='restricted_content_flex_column'>\n        <div class='restricted_content_text'>Wenn Sie ein Konto haben, loggen Sie sich ein. Ansonsten entdecken Sie unsere verschiedenen Abonnements und erstellen Sie ein Konto ab CHF 2.50 im ersten Monat.<\/div>\n        <div class='restricted_content_buttons'>\n          <a href='\/de\/abonnement\/' class='restricted_content_button restricted_content_primary_button'>Abonnements ansehen<\/a><a href='\/de\/mein-konto\/?redirect_to=https:\/\/leregardlibre.com\/de\/philosophie\/der-disabellarische-blick-der-faulheit\/'class='restricted_content_button'>Sich anmelden<\/a><\/div>\n      <\/div>\n    <\/div>\n  <\/div>","protected":false},"excerpt":{"rendered":"<div class='content_excerpt'>\n<p class=\"has-drop-cap\"><strong>Die sehr provokante franz\u00f6sische Abgeordnete Sandrine Rousseau hielt es k\u00fcrzlich f\u00fcr angebracht, ein \u00abRecht auf Faulheit\u00bb zu verk\u00fcnden. Die Aufregung war gro\u00df. Aber warum kommt die Verbindung dieser beiden Begriffe so schlecht an? Eine Entschl\u00fcsselung anhand des Begriffs \"Faulheit\".<\/strong><\/p>\n<p> Chronik lesen (abonniert)<\/p>\n<div class='restricted_content_fade'><\/div>\n<\/p><\/div>\n<style>\n    .content_excerpt{\n      position: relative;\n    }\n    .content_excerpt .restricted_content_fade{\n      position: absolute;\n      bottom: 0;\n      left: 0;\n      right: 0;\n      height: 75px;\n\t  margin-bottom: 0px;\n      background-image: linear-gradient(#ffffff2e, white);\n    }<\/p>\n<p>    .restricted_content{\n      margin-top: 30px;\n      border: solid #dddddd 1px;\n      border-radius: 7px;\n      padding: 30px;\n    }<\/p>\n<p>    .restricted_content .restricted_content_title{\n      font-size: 22px;\n      font-weight: 600;\n    }\n    .restricted_content .restricted_content_flex_row{\n      display: flex;\n      flex-direction: row;\n    }\n    .restricted_content .restricted_content_image_container{\n      flex: 3;\n    }\n    .restricted_content .restricted_content_flex_column{\n      flex: 4;\n      display: flex;\n      flex-direction: column;\n      margin-left: 40px;\n      justify-content: center;\n    }<\/p>\n<p>    .restricted_content_buttons{\n      display: flex;\n      flex-direction: column;\n      width: min-content;\n    }\n    .restricted_content_button{\n      background-color: #f2f2f2;\n      text-transform: uppercase;\n      font-weight: 600;\n      padding: 8px 40px;\n      text-align: center;\n      font-size: 13px;\n      margin-top: 10px;\n      width: max-content;\n      width: 100%;\n      white-space: nowrap;\n    }\n    .restricted_content_button:hover {\n      background-color: #111111;\n      color: white;\n      text-decoration: none !important;\n    }<\/p>\n<p>    .restricted_content_primary_button{\n      background-color: #1F2A68 !important;\n      color: white !important;\n    }\n    .restricted_content_primary_button:hover {\n      background-color: #111111;\n    }<\/p>\n<p>    .restricted_content_text{\n      margin-bottom: 10px;\n      line-height: 1.2;\n      font-weight: 500;\n      font-size: 16px;\n    }<\/p>\n<\/style>\n<div class='restricted_content'>\n<h3 class='restricted_content_title'>Dieser Inhalt ist unseren Abonnenten vorbehalten.<\/h3>\n<div class='restricted_content_flex_row'>\n<div class='restricted_content_image_container'>\n        <img class='restricted_content_image' src='\/wp-content\/uploads\/2025\/08\/abo_physique.png' \/>\n      <\/div>\n<div class='restricted_content_flex_column'>\n<div class='restricted_content_text'>Wenn Sie ein Konto haben, loggen Sie sich ein. Ansonsten entdecken Sie unsere verschiedenen Abonnements und erstellen Sie ein Konto ab CHF 2.50 im ersten Monat.<\/div>\n<div class='restricted_content_buttons'>\n          <a href='\/de\/abonnement\/' class='restricted_content_button restricted_content_primary_button'>Abonnements ansehen<\/a><a href='\/de\/mein-konto\/?redirect_to=https:\/\/leregardlibre.com\/de\/philosophie\/der-disabellarische-blick-der-faulheit\/'class='restricted_content_button'>Sich anmelden<\/a><\/div>\n<\/p><\/div>\n<\/p><\/div>\n<\/p><\/div>","protected":false},"author":13,"featured_media":516058,"comment_status":"open","ping_status":"closed","sticky":false,"template":"","format":"standard","meta":{"_acf_changed":false,"footnotes":""},"categories":[11566],"tags":[644358161,33673449],"class_list":["post-516057","post","type-post","status-publish","format-standard","has-post-thumbnail","hentry","category-philosophie","tag-le-regard-disabelle","tag-sandrine-rousseau","membership-content","access-restricted"],"acf":[],"yoast_head":"<!-- This site is optimized with the Yoast SEO Premium plugin v27.4 (Yoast SEO v27.4) - https:\/\/yoast.com\/product\/yoast-seo-premium-wordpress\/ -->\n<title>Le regard d\u2019Isabelle: De la paresse<\/title>\n<meta name=\"description\" content=\"La d\u00e9put\u00e9e fran\u00e7aise Sandrine Rousseau a r\u00e9cemment jug\u00e9 bon de proclamer l\u2019existence d\u2019un \u00abdroit \u00e0 la paresse\u00bb. Mais qu\u2019est-ce que la paresse?\" \/>\n<meta name=\"robots\" content=\"index, follow, max-snippet:-1, max-image-preview:large, max-video-preview:-1\" \/>\n<link rel=\"canonical\" href=\"https:\/\/leregardlibre.com\/de\/philosophie\/der-disabellarische-blick-der-faulheit\/\" \/>\n<meta property=\"og:locale\" content=\"de_DE\" \/>\n<meta property=\"og:type\" content=\"article\" \/>\n<meta property=\"og:title\" content=\"Le regard d\u2019Isabelle: De la paresse\" \/>\n<meta property=\"og:description\" content=\"La d\u00e9put\u00e9e fran\u00e7aise Sandrine Rousseau a r\u00e9cemment jug\u00e9 bon de proclamer l\u2019existence d\u2019un \u00abdroit \u00e0 la paresse\u00bb. Mais qu\u2019est-ce que la paresse?\" \/>\n<meta property=\"og:url\" content=\"https:\/\/leregardlibre.com\/de\/philosophie\/der-disabellarische-blick-der-faulheit\/\" \/>\n<meta property=\"og:site_name\" content=\"Le Regard Libre\" \/>\n<meta property=\"article:publisher\" content=\"https:\/\/www.facebook.com\/leregardlibre\/\" \/>\n<meta property=\"article:published_time\" content=\"2023-02-02T05:00:00+00:00\" \/>\n<meta property=\"article:modified_time\" content=\"2023-02-02T07:28:57+00:00\" \/>\n<meta property=\"og:image\" content=\"https:\/\/leregardlibre.com\/wp-content\/uploads\/2023\/02\/sandrine-rousseau--wikimedia-cc-4-0-1024x677.jpeg\" \/>\n\t<meta property=\"og:image:width\" content=\"1024\" \/>\n\t<meta property=\"og:image:height\" content=\"677\" \/>\n\t<meta property=\"og:image:type\" content=\"image\/jpeg\" \/>\n<meta name=\"author\" content=\"Isabelle Sch\u00f6nb\u00e4chler\" \/>\n<meta name=\"twitter:card\" content=\"summary_large_image\" \/>\n<meta name=\"twitter:creator\" content=\"@LeRegardLibre\" \/>\n<meta name=\"twitter:site\" content=\"@LeRegardLibre\" \/>\n<meta name=\"twitter:label1\" content=\"Verfasst von\" \/>\n\t<meta name=\"twitter:data1\" content=\"Isabelle Sch\u00f6nb\u00e4chler\" \/>\n\t<meta name=\"twitter:label2\" content=\"Gesch\u00e4tzte Lesezeit\" \/>\n\t<meta name=\"twitter:data2\" content=\"3\u00a0Minuten\" \/>\n<script type=\"application\/ld+json\" class=\"yoast-schema-graph\">{\"@context\":\"https:\\\/\\\/schema.org\",\"@graph\":[{\"@type\":\"Article\",\"@id\":\"https:\\\/\\\/leregardlibre.com\\\/philosophie\\\/le-regard-disabelle-de-la-paresse\\\/#article\",\"isPartOf\":{\"@id\":\"https:\\\/\\\/leregardlibre.com\\\/philosophie\\\/le-regard-disabelle-de-la-paresse\\\/\"},\"author\":{\"name\":\"Isabelle Sch\u00f6nb\u00e4chler\",\"@id\":\"https:\\\/\\\/leregardlibre.com\\\/#\\\/schema\\\/person\\\/73b0e79f3e08790437f9b41a2defaeef\"},\"headline\":\"Le regard d\u2019Isabelle: De la paresse\",\"datePublished\":\"2023-02-02T05:00:00+00:00\",\"dateModified\":\"2023-02-02T07:28:57+00:00\",\"mainEntityOfPage\":{\"@id\":\"https:\\\/\\\/leregardlibre.com\\\/philosophie\\\/le-regard-disabelle-de-la-paresse\\\/\"},\"wordCount\":610,\"commentCount\":0,\"publisher\":{\"@id\":\"https:\\\/\\\/leregardlibre.com\\\/#organization\"},\"image\":{\"@id\":\"https:\\\/\\\/leregardlibre.com\\\/philosophie\\\/le-regard-disabelle-de-la-paresse\\\/#primaryimage\"},\"thumbnailUrl\":\"https:\\\/\\\/leregardlibre.com\\\/wp-content\\\/uploads\\\/2023\\\/02\\\/sandrine-rousseau--wikimedia-cc-4-0.jpeg\",\"keywords\":[\"Le regard d\u2019Isabelle\",\"Sandrine Rousseau\"],\"articleSection\":[\"Philosophie\"],\"inLanguage\":\"de\",\"potentialAction\":[{\"@type\":\"CommentAction\",\"name\":\"Comment\",\"target\":[\"https:\\\/\\\/leregardlibre.com\\\/philosophie\\\/le-regard-disabelle-de-la-paresse\\\/#respond\"]}]},{\"@type\":\"WebPage\",\"@id\":\"https:\\\/\\\/leregardlibre.com\\\/philosophie\\\/le-regard-disabelle-de-la-paresse\\\/\",\"url\":\"https:\\\/\\\/leregardlibre.com\\\/philosophie\\\/le-regard-disabelle-de-la-paresse\\\/\",\"name\":\"Le regard d\u2019Isabelle: De la paresse\",\"isPartOf\":{\"@id\":\"https:\\\/\\\/leregardlibre.com\\\/#website\"},\"primaryImageOfPage\":{\"@id\":\"https:\\\/\\\/leregardlibre.com\\\/philosophie\\\/le-regard-disabelle-de-la-paresse\\\/#primaryimage\"},\"image\":{\"@id\":\"https:\\\/\\\/leregardlibre.com\\\/philosophie\\\/le-regard-disabelle-de-la-paresse\\\/#primaryimage\"},\"thumbnailUrl\":\"https:\\\/\\\/leregardlibre.com\\\/wp-content\\\/uploads\\\/2023\\\/02\\\/sandrine-rousseau--wikimedia-cc-4-0.jpeg\",\"datePublished\":\"2023-02-02T05:00:00+00:00\",\"dateModified\":\"2023-02-02T07:28:57+00:00\",\"description\":\"La d\u00e9put\u00e9e fran\u00e7aise Sandrine Rousseau a r\u00e9cemment jug\u00e9 bon de proclamer l\u2019existence d\u2019un \u00abdroit \u00e0 la paresse\u00bb. Mais qu\u2019est-ce que la paresse?\",\"breadcrumb\":{\"@id\":\"https:\\\/\\\/leregardlibre.com\\\/philosophie\\\/le-regard-disabelle-de-la-paresse\\\/#breadcrumb\"},\"inLanguage\":\"de\",\"potentialAction\":[{\"@type\":\"ReadAction\",\"target\":[\"https:\\\/\\\/leregardlibre.com\\\/philosophie\\\/le-regard-disabelle-de-la-paresse\\\/\"]}]},{\"@type\":\"ImageObject\",\"inLanguage\":\"de\",\"@id\":\"https:\\\/\\\/leregardlibre.com\\\/philosophie\\\/le-regard-disabelle-de-la-paresse\\\/#primaryimage\",\"url\":\"https:\\\/\\\/leregardlibre.com\\\/wp-content\\\/uploads\\\/2023\\\/02\\\/sandrine-rousseau--wikimedia-cc-4-0.jpeg\",\"contentUrl\":\"https:\\\/\\\/leregardlibre.com\\\/wp-content\\\/uploads\\\/2023\\\/02\\\/sandrine-rousseau--wikimedia-cc-4-0.jpeg\",\"width\":4327,\"height\":2861,\"caption\":\"La d\u00e9put\u00e9e fran\u00e7aise Sandrine Rousseau \u00a9 Wikimedia CC 4.0\"},{\"@type\":\"BreadcrumbList\",\"@id\":\"https:\\\/\\\/leregardlibre.com\\\/philosophie\\\/le-regard-disabelle-de-la-paresse\\\/#breadcrumb\",\"itemListElement\":[{\"@type\":\"ListItem\",\"position\":1,\"name\":\"Accueil\",\"item\":\"https:\\\/\\\/leregardlibre.com\\\/\"},{\"@type\":\"ListItem\",\"position\":2,\"name\":\"Le regard d\u2019Isabelle: De la paresse\"}]},{\"@type\":\"WebSite\",\"@id\":\"https:\\\/\\\/leregardlibre.com\\\/#website\",\"url\":\"https:\\\/\\\/leregardlibre.com\\\/\",\"name\":\"Le Regard Libre\",\"description\":\"Premier mensuel suisse de d\u00e9bat\",\"publisher\":{\"@id\":\"https:\\\/\\\/leregardlibre.com\\\/#organization\"},\"potentialAction\":[{\"@type\":\"SearchAction\",\"target\":{\"@type\":\"EntryPoint\",\"urlTemplate\":\"https:\\\/\\\/leregardlibre.com\\\/?s={search_term_string}\"},\"query-input\":{\"@type\":\"PropertyValueSpecification\",\"valueRequired\":true,\"valueName\":\"search_term_string\"}}],\"inLanguage\":\"de\"},{\"@type\":\"Organization\",\"@id\":\"https:\\\/\\\/leregardlibre.com\\\/#organization\",\"name\":\"Le Regard Libre\",\"url\":\"https:\\\/\\\/leregardlibre.com\\\/\",\"logo\":{\"@type\":\"ImageObject\",\"inLanguage\":\"de\",\"@id\":\"https:\\\/\\\/leregardlibre.com\\\/#\\\/schema\\\/logo\\\/image\\\/\",\"url\":\"https:\\\/\\\/leregardlibre.com\\\/wp-content\\\/uploads\\\/2025\\\/08\\\/logo-rl-icone-neg.jpeg\",\"contentUrl\":\"https:\\\/\\\/leregardlibre.com\\\/wp-content\\\/uploads\\\/2025\\\/08\\\/logo-rl-icone-neg.jpeg\",\"width\":557,\"height\":556,\"caption\":\"Le Regard Libre\"},\"image\":{\"@id\":\"https:\\\/\\\/leregardlibre.com\\\/#\\\/schema\\\/logo\\\/image\\\/\"},\"sameAs\":[\"https:\\\/\\\/www.facebook.com\\\/leregardlibre\\\/\",\"https:\\\/\\\/x.com\\\/LeRegardLibre\",\"https:\\\/\\\/www.linkedin.com\\\/company\\\/le-regard-libre\",\"https:\\\/\\\/www.instagram.com\\\/leregardlibre\\\/\",\"http:\\\/\\\/t.me\\\/leregardlibre\",\"https:\\\/\\\/youtube.com\\\/channel\\\/UC6HzGPomj1LsUmlz-sJtITQ\"],\"description\":\"Le Regard Libre est un mensuel suisse de d\u00e9bat intellectuel et culturel. Sa r\u00e9daction est jeune, b\u00e9n\u00e9vole, lib\u00e9rale et pluraliste. Le magazine para\u00eet en ligne et sous forme papier. Sa langue est le fran\u00e7ais.\",\"email\":\"redaction@leregardlibre.com\",\"legalName\":\"Le Regard Libre\",\"foundingDate\":\"2014-01-01\",\"numberOfEmployees\":{\"@type\":\"QuantitativeValue\",\"minValue\":\"11\",\"maxValue\":\"50\"},\"publishingPrinciples\":\"https:\\\/\\\/leregardlibre.com\\\/a-propos\\\/notre-manifeste\\\/\",\"ownershipFundingInfo\":\"https:\\\/\\\/leregardlibre.com\\\/mentions-legales\\\/\",\"actionableFeedbackPolicy\":\"https:\\\/\\\/leregardlibre.com\\\/conditions-generales-de-vente\\\/\"},{\"@type\":\"Person\",\"@id\":\"https:\\\/\\\/leregardlibre.com\\\/#\\\/schema\\\/person\\\/73b0e79f3e08790437f9b41a2defaeef\",\"name\":\"Isabelle Sch\u00f6nb\u00e4chler\",\"image\":{\"@type\":\"ImageObject\",\"inLanguage\":\"de\",\"@id\":\"https:\\\/\\\/secure.gravatar.com\\\/avatar\\\/30b0eeb8feceec8402ec2481bf7a6beb536c62bdd3fcc3e8d3fa9825089b86e9?s=96&d=identicon&r=g\",\"url\":\"https:\\\/\\\/secure.gravatar.com\\\/avatar\\\/30b0eeb8feceec8402ec2481bf7a6beb536c62bdd3fcc3e8d3fa9825089b86e9?s=96&d=identicon&r=g\",\"contentUrl\":\"https:\\\/\\\/secure.gravatar.com\\\/avatar\\\/30b0eeb8feceec8402ec2481bf7a6beb536c62bdd3fcc3e8d3fa9825089b86e9?s=96&d=identicon&r=g\",\"caption\":\"Isabelle Sch\u00f6nb\u00e4chler\"},\"description\":\"Physicienne et philosophe de formation, Isabelle Sch\u00f6nb\u00e4chler livre toutes les deux semaines, sous forme de chronique, une courte analyse philosophique d\u2019un trait humain ou d\u2019un ph\u00e9nom\u00e8ne de soci\u00e9t\u00e9, \u00e0 partir d\u2019un fait d\u2019actualit\u00e9.\",\"url\":\"https:\\\/\\\/leregardlibre.com\\\/de\\\/author\\\/isou\\\/\"}]}<\/script>\n<!-- \/ Yoast SEO Premium plugin. -->","yoast_head_json":{"title":"Isabelles Blick: Faulheit","description":"Die franz\u00f6sische Abgeordnete Sandrine Rousseau hielt es k\u00fcrzlich f\u00fcr angebracht, ein \u00abRecht auf Faulheit\u00bb zu verk\u00fcnden. Aber was ist Faulheit?","robots":{"index":"index","follow":"follow","max-snippet":"max-snippet:-1","max-image-preview":"max-image-preview:large","max-video-preview":"max-video-preview:-1"},"canonical":"https:\/\/leregardlibre.com\/de\/philosophie\/der-disabellarische-blick-der-faulheit\/","og_locale":"de_DE","og_type":"article","og_title":"Le regard d\u2019Isabelle: De la paresse","og_description":"La d\u00e9put\u00e9e fran\u00e7aise Sandrine Rousseau a r\u00e9cemment jug\u00e9 bon de proclamer l\u2019existence d\u2019un \u00abdroit \u00e0 la paresse\u00bb. Mais qu\u2019est-ce que la paresse?","og_url":"https:\/\/leregardlibre.com\/de\/philosophie\/der-disabellarische-blick-der-faulheit\/","og_site_name":"Le Regard Libre","article_publisher":"https:\/\/www.facebook.com\/leregardlibre\/","article_published_time":"2023-02-02T05:00:00+00:00","article_modified_time":"2023-02-02T07:28:57+00:00","og_image":[{"width":1024,"height":677,"url":"https:\/\/leregardlibre.com\/wp-content\/uploads\/2023\/02\/sandrine-rousseau--wikimedia-cc-4-0-1024x677.jpeg","type":"image\/jpeg"}],"author":"Isabelle Sch\u00f6nb\u00e4chler","twitter_card":"summary_large_image","twitter_creator":"@LeRegardLibre","twitter_site":"@LeRegardLibre","twitter_misc":{"Verfasst von":"Isabelle Sch\u00f6nb\u00e4chler","Gesch\u00e4tzte Lesezeit":"3\u00a0Minuten"},"schema":{"@context":"https:\/\/schema.org","@graph":[{"@type":"Article","@id":"https:\/\/leregardlibre.com\/philosophie\/le-regard-disabelle-de-la-paresse\/#article","isPartOf":{"@id":"https:\/\/leregardlibre.com\/philosophie\/le-regard-disabelle-de-la-paresse\/"},"author":{"name":"Isabelle Sch\u00f6nb\u00e4chler","@id":"https:\/\/leregardlibre.com\/#\/schema\/person\/73b0e79f3e08790437f9b41a2defaeef"},"headline":"Le regard d\u2019Isabelle: De la paresse","datePublished":"2023-02-02T05:00:00+00:00","dateModified":"2023-02-02T07:28:57+00:00","mainEntityOfPage":{"@id":"https:\/\/leregardlibre.com\/philosophie\/le-regard-disabelle-de-la-paresse\/"},"wordCount":610,"commentCount":0,"publisher":{"@id":"https:\/\/leregardlibre.com\/#organization"},"image":{"@id":"https:\/\/leregardlibre.com\/philosophie\/le-regard-disabelle-de-la-paresse\/#primaryimage"},"thumbnailUrl":"https:\/\/leregardlibre.com\/wp-content\/uploads\/2023\/02\/sandrine-rousseau--wikimedia-cc-4-0.jpeg","keywords":["Le regard d\u2019Isabelle","Sandrine Rousseau"],"articleSection":["Philosophie"],"inLanguage":"de","potentialAction":[{"@type":"CommentAction","name":"Comment","target":["https:\/\/leregardlibre.com\/philosophie\/le-regard-disabelle-de-la-paresse\/#respond"]}]},{"@type":"WebPage","@id":"https:\/\/leregardlibre.com\/philosophie\/le-regard-disabelle-de-la-paresse\/","url":"https:\/\/leregardlibre.com\/philosophie\/le-regard-disabelle-de-la-paresse\/","name":"Isabelles Blick: Faulheit","isPartOf":{"@id":"https:\/\/leregardlibre.com\/#website"},"primaryImageOfPage":{"@id":"https:\/\/leregardlibre.com\/philosophie\/le-regard-disabelle-de-la-paresse\/#primaryimage"},"image":{"@id":"https:\/\/leregardlibre.com\/philosophie\/le-regard-disabelle-de-la-paresse\/#primaryimage"},"thumbnailUrl":"https:\/\/leregardlibre.com\/wp-content\/uploads\/2023\/02\/sandrine-rousseau--wikimedia-cc-4-0.jpeg","datePublished":"2023-02-02T05:00:00+00:00","dateModified":"2023-02-02T07:28:57+00:00","description":"Die franz\u00f6sische Abgeordnete Sandrine Rousseau hielt es k\u00fcrzlich f\u00fcr angebracht, ein \u00abRecht auf Faulheit\u00bb zu verk\u00fcnden. Aber was ist Faulheit?","breadcrumb":{"@id":"https:\/\/leregardlibre.com\/philosophie\/le-regard-disabelle-de-la-paresse\/#breadcrumb"},"inLanguage":"de","potentialAction":[{"@type":"ReadAction","target":["https:\/\/leregardlibre.com\/philosophie\/le-regard-disabelle-de-la-paresse\/"]}]},{"@type":"ImageObject","inLanguage":"de","@id":"https:\/\/leregardlibre.com\/philosophie\/le-regard-disabelle-de-la-paresse\/#primaryimage","url":"https:\/\/leregardlibre.com\/wp-content\/uploads\/2023\/02\/sandrine-rousseau--wikimedia-cc-4-0.jpeg","contentUrl":"https:\/\/leregardlibre.com\/wp-content\/uploads\/2023\/02\/sandrine-rousseau--wikimedia-cc-4-0.jpeg","width":4327,"height":2861,"caption":"La d\u00e9put\u00e9e fran\u00e7aise Sandrine Rousseau \u00a9 Wikimedia CC 4.0"},{"@type":"BreadcrumbList","@id":"https:\/\/leregardlibre.com\/philosophie\/le-regard-disabelle-de-la-paresse\/#breadcrumb","itemListElement":[{"@type":"ListItem","position":1,"name":"Accueil","item":"https:\/\/leregardlibre.com\/"},{"@type":"ListItem","position":2,"name":"Le regard d\u2019Isabelle: De la paresse"}]},{"@type":"WebSite","@id":"https:\/\/leregardlibre.com\/#website","url":"https:\/\/leregardlibre.com\/","name":"Le Regard Libre","description":"Erste Schweizer Monatszeitschrift f\u00fcr Debatten","publisher":{"@id":"https:\/\/leregardlibre.com\/#organization"},"potentialAction":[{"@type":"SearchAction","target":{"@type":"EntryPoint","urlTemplate":"https:\/\/leregardlibre.com\/?s={search_term_string}"},"query-input":{"@type":"PropertyValueSpecification","valueRequired":true,"valueName":"search_term_string"}}],"inLanguage":"de"},{"@type":"Organization","@id":"https:\/\/leregardlibre.com\/#organization","name":"Le Regard Libre","url":"https:\/\/leregardlibre.com\/","logo":{"@type":"ImageObject","inLanguage":"de","@id":"https:\/\/leregardlibre.com\/#\/schema\/logo\/image\/","url":"https:\/\/leregardlibre.com\/wp-content\/uploads\/2025\/08\/logo-rl-icone-neg.jpeg","contentUrl":"https:\/\/leregardlibre.com\/wp-content\/uploads\/2025\/08\/logo-rl-icone-neg.jpeg","width":557,"height":556,"caption":"Le Regard Libre"},"image":{"@id":"https:\/\/leregardlibre.com\/#\/schema\/logo\/image\/"},"sameAs":["https:\/\/www.facebook.com\/leregardlibre\/","https:\/\/x.com\/LeRegardLibre","https:\/\/www.linkedin.com\/company\/le-regard-libre","https:\/\/www.instagram.com\/leregardlibre\/","http:\/\/t.me\/leregardlibre","https:\/\/youtube.com\/channel\/UC6HzGPomj1LsUmlz-sJtITQ"],"description":"Le Regard Libre ist eine Schweizer Monatszeitschrift f\u00fcr intellektuelle und kulturelle Debatten. Seine Redaktion ist jung, ehrenamtlich, liberal und pluralistisch. Das Magazin erscheint online und in gedruckter Form. Seine Sprache ist Franz\u00f6sisch.","email":"redaction@leregardlibre.com","legalName":"Le Regard Libre","foundingDate":"2014-01-01","numberOfEmployees":{"@type":"QuantitativeValue","minValue":"11","maxValue":"50"},"publishingPrinciples":"https:\/\/leregardlibre.com\/a-propos\/notre-manifeste\/","ownershipFundingInfo":"https:\/\/leregardlibre.com\/mentions-legales\/","actionableFeedbackPolicy":"https:\/\/leregardlibre.com\/conditions-generales-de-vente\/"},{"@type":"Person","@id":"https:\/\/leregardlibre.com\/#\/schema\/person\/73b0e79f3e08790437f9b41a2defaeef","name":"Isabelle Sch\u00f6nb\u00e4chler","image":{"@type":"ImageObject","inLanguage":"de","@id":"https:\/\/secure.gravatar.com\/avatar\/30b0eeb8feceec8402ec2481bf7a6beb536c62bdd3fcc3e8d3fa9825089b86e9?s=96&d=identicon&r=g","url":"https:\/\/secure.gravatar.com\/avatar\/30b0eeb8feceec8402ec2481bf7a6beb536c62bdd3fcc3e8d3fa9825089b86e9?s=96&d=identicon&r=g","contentUrl":"https:\/\/secure.gravatar.com\/avatar\/30b0eeb8feceec8402ec2481bf7a6beb536c62bdd3fcc3e8d3fa9825089b86e9?s=96&d=identicon&r=g","caption":"Isabelle Sch\u00f6nb\u00e4chler"},"description":"Isabelle Sch\u00f6nb\u00e4chler, ausgebildete Physikerin und Philosophin, liefert alle zwei Wochen in Form einer Kolumne eine kurze philosophische Analyse eines menschlichen Merkmals oder eines gesellschaftlichen Ph\u00e4nomens, ausgehend von einem aktuellen Ereignis.","url":"https:\/\/leregardlibre.com\/de\/author\/isou\/"}]}},"_links":{"self":[{"href":"https:\/\/leregardlibre.com\/de\/wp-json\/wp\/v2\/posts\/516057","targetHints":{"allow":["GET"]}}],"collection":[{"href":"https:\/\/leregardlibre.com\/de\/wp-json\/wp\/v2\/posts"}],"about":[{"href":"https:\/\/leregardlibre.com\/de\/wp-json\/wp\/v2\/types\/post"}],"author":[{"embeddable":true,"href":"https:\/\/leregardlibre.com\/de\/wp-json\/wp\/v2\/users\/13"}],"replies":[{"embeddable":true,"href":"https:\/\/leregardlibre.com\/de\/wp-json\/wp\/v2\/comments?post=516057"}],"version-history":[{"count":2,"href":"https:\/\/leregardlibre.com\/de\/wp-json\/wp\/v2\/posts\/516057\/revisions"}],"predecessor-version":[{"id":516079,"href":"https:\/\/leregardlibre.com\/de\/wp-json\/wp\/v2\/posts\/516057\/revisions\/516079"}],"wp:featuredmedia":[{"embeddable":true,"href":"https:\/\/leregardlibre.com\/de\/wp-json\/wp\/v2\/media\/516058"}],"wp:attachment":[{"href":"https:\/\/leregardlibre.com\/de\/wp-json\/wp\/v2\/media?parent=516057"}],"wp:term":[{"taxonomy":"category","embeddable":true,"href":"https:\/\/leregardlibre.com\/de\/wp-json\/wp\/v2\/categories?post=516057"},{"taxonomy":"post_tag","embeddable":true,"href":"https:\/\/leregardlibre.com\/de\/wp-json\/wp\/v2\/tags?post=516057"}],"curies":[{"name":"wp","href":"https:\/\/api.w.org\/{rel}","templated":true}]}}