{"id":519699,"date":"2023-08-22T06:00:00","date_gmt":"2023-08-22T04:00:00","guid":{"rendered":"https:\/\/leregardlibre.com\/?p=519699"},"modified":"2023-08-27T10:08:11","modified_gmt":"2023-08-27T08:08:11","slug":"ein-neuenburger-exil-zu-den-kleinen-pariser-machenschaften","status":"publish","type":"post","link":"https:\/\/leregardlibre.com\/de\/literatur\/ein-neuenburger-exil-zu-den-kleinen-pariser-machenschaften\/","title":{"rendered":"| Ein Neuenburger Exil zu den kleinen Pariser Machenschaften"},"content":{"rendered":"<p class=\"has-drop-cap\"><strong>Von den ruhigen Vororten Neuenburgs bis zu den Volksaufst\u00e4nden in Paris f\u00fchrt uns Colin Thibert in das Herz des sp\u00e4ten 18.<sup>.<\/sup> Jahrhundert, auf den Wegen eines ebenso aufstrebenden wie naiven Antihelden. Eine spannende Lekt\u00fcre.<\/strong><\/p>\n\n\n\n<!--more-->\n\n\n\n<p>Ein versehentlich begangener Mord zwingt Alexandre-Joseph Martinet-Dubied, die Druckerei seiner Familie und das unabh\u00e4ngige F\u00fcrstentum Neuenburg zu verlassen und nach Paris ins Exil zu gehen. Er braucht eine neue Identit\u00e4t: Er hei\u00dft nun Alessandro Vesperelli aus Cremona.<\/p>\n\n\n\n<p>Nachdem der Mann in der Hauptstadt angekommen war, dauerte es nicht lange, bis er sich in die Herrenh\u00e4user einschlich und seinen Charme und seine Tricks selbstlos einsetzte. Zun\u00e4chst war er der Assistent des Arztes und Magnetiseurs Messmer, bevor er selbst Madame de Vaupertuis in ihren privaten Salons die universelle Fl\u00fcssigkeit durch anmutige Ber\u00fchrungen einfl\u00f6\u00dfte.<\/p>\n\n\n\n<p>Doch Alessandro Vesperelli hat nicht die Absicht, es dabei zu belassen und seinen sozialen Aufstieg zu bremsen. So gibt er den Sirenen eines alten Marquis nach, der sich f\u00fcr Katoptrik begeistert, und verwandelt sich in einen Liebhaber. Die Raupe wird zum Schmetterling und die einfache Hilfskraft zum Ritter bef\u00f6rdert. Doch sein Appetit auf die Welt wird nicht gestillt.<\/p>\n\n\n\n<h3 class=\"wp-block-heading\">Ein falscher lombardischer Ritter f\u00fcr ein Italienisches Theater<\/h3>\n\n\n\n<p>Colin Thibert f\u00fchrt seine Geschichte mit einem Paukenschlag weiter, indem er die Ereignisse, Missverst\u00e4ndnisse und Wendungen der Charaktere aneinanderreiht, ohne das Tempo zu drosseln. Der franz\u00f6sisch-schweizerische Schriftsteller f\u00fchrt uns in ein verr\u00fccktes Epos, das von listigen F\u00e4lschern, exzentrischen Aristokraten, hinterlistigen H\u00e4ndlern, katastrophalen Handwerkern und gro\u00dfb\u00fcrgerlichen Ganoven bev\u00f6lkert wird.<\/p>\n\n\n\n<p>Das macht diesen<em> Zerschmetterter Ritter <\/em>ist sowohl ein historischer Roman als auch ein Abenteuerroman: Der Autor verwendet keine langen Beschreibungen, um die Epoche zu schildern, sondern l\u00e4sst sie uns durch die Handlungen des jungen Antihelden erleben. Die rasante Handlung verliert sich nicht in \u00fcberfl\u00fcssigen Details, sondern wird dem Leser im Stil eines Boulevardst\u00fccks mit vielen Tricks und Schelmenst\u00fccken nahegebracht. Mit diesem falschen Ritter aus der Lombardei kann man sich wunderbar zum Narren halten lassen.<\/p>\n\n\n\n<form method=\"post\" action=\"https:\/\/newsletter.infomaniak.com\/external\/submit\" class=\"inf-form\" target=\"_blank\"><input type=\"email\" name=\"email\" style=\"display:none\" \/><input type=\"hidden\" name=\"key\"\nvalue=\"eyJpdiI6IlZXRVJGMlRGQUU2alNqUE81bitIUk5adnNVa0c4MllFTStzOHdHT1FQZ3c9IiwidmFsdWUiOiJIYzhwMUVCK1pTNnlhY3MyMmhuZlhReWJqemEwNk93blMxTjFHc0s2VHZrPSIsIm1hYyI6ImVhYTQ5N2I1M2NiYWE4NzBmNjk2NzgzYjliM2Y5NmYzM2E2ZmU3NGQxNTU1ZDFkMTU1MzY5NTdjYjE3ZTJmNTUifQ==\"><input type=\"hidden\" name=\"webform_id\" value=\"7291\"><style> .inf-main_3000311ca56a1cb93397bc676c0b7fff{ background-color:#f5f5f5;\n\npadding:25px 20px; margin:25px auto; } .inf-main_3000311ca56a1cb93397bc676c0b7fff .inf-content { margin-top:13px;} .inf-main_3000311ca56a1cb93397bc676c0b7fff h4, .inf-main_3000311ca56a1cb93397bc676c0b7fff span, .inf-\nmain_3000311ca56a1cb93397bc676c0b7fff label, .inf-main_3000311ca56a1cb93397bc676c0b7fff input, .inf-main_3000311ca56a1cb93397bc676c0b7fff .inf-submit, .inf-main_3000311ca56a1cb93397bc676c0b7fff .inf-success p a { color:#555555;\n\nfont-size:14px; } .inf-main_3000311ca56a1cb93397bc676c0b7fff h4{ font-size:18px; margin:0px 0px 13px 0px; } .inf-main_3000311ca56a1cb93397bc676c0b7fff h4, .inf-main_3000311ca56a1cb93397bc676c0b7fff label{ font-weight:bold; } .inf-\nmain_3000311ca56a1cb93397bc676c0b7fff .inf-input { margin-bottom:7px; } .inf-main_3000311ca56a1cb93397bc676c0b7fff label { display:block;} .inf-main_3000311ca56a1cb93397bc676c0b7fff input{ height:35px; color:#999999; border: 1px solid\n\n#E9E9E9; border:none; padding-left:7px; } .inf-main_3000311ca56a1cb93397bc676c0b7fff .inf-input.inf-error label, .inf-main_3000311ca56a1cb93397bc676c0b7fff .inf-input.inf-error span.inf-message{ color: #cc0033; } .inf-\nmain_3000311ca56a1cb93397bc676c0b7fff .inf-input.inf-error input{ border: 1px solid #cc0033; } .inf-main_3000311ca56a1cb93397bc676c0b7fff .inf-input input { width:100%;} .inf-main_3000311ca56a1cb93397bc676c0b7fff .inf-input.inf-error\n\nspan.inf-message { display: block; } .inf-main_3000311ca56a1cb93397bc676c0b7fff .inf-submit { text-align:right;} .inf-main_3000311ca56a1cb93397bc676c0b7fff .inf-submit input{ background-color:#777777; color:#ffffff; border:none; font-weight:\n\nnormal; height:auto; padding:7px; } .inf-main_3000311ca56a1cb93397bc676c0b7fff .inf-submit input.disabled{ opacity: 0.4; } .inf-btn { color: rgb(85, 85, 85); border: medium none; font-weight: normal; height: auto; padding: 7px; display: inline-\nblock; background-color: white; box-shadow: 0px 1px 1px rgba(0, 0, 0, 0.24); border-radius: 2px; line-height: 1em; } .inf-rgpd { margin:25px 0px 15px 0px; color:#555555; } <\/style> <div class=\"inf-main_3000311ca56a1cb93397bc676c0b7fff\">\n\n<h4>NEWSLETTER DES FREIEN BLICKS<\/h4> <span>Erhalten Sie unsere Artikel jeden Sonntag.<\/span> <div class=\"inf-success\" style=\"display:none\"> <h4>Ihre Anmeldung f\u00fcr unseren w\u00f6chentlichen Newsletter wurde erfolgreich registriert!<\/h4>\n<p> <a href=\"#\" class=\"inf-btn\">\u00ab<\/a> <\/p> <\/div> <div class=\"inf-content\"> <div class=\"inf-input inf-input-text\"> <input type=\"text\" name=\"inf[1]\" data-inf-meta = \"1\" data-inf-error = \"Merci de renseigner une adresse email\"\nrequired=\"required\" placeholder=\"E-Mail\" > <\/div> <div class=\"inf-submit\"> <input type=\"submit\" name=\"\" value=\"Anmelden\"> <\/div> <\/div> <\/div> <\/form>\n\n\n\n<p>Aber nicht nur die Erz\u00e4hlung, sondern auch die Dialoge sind sehr lebhaft - das Duell der Bibelzitate ist ein Wunder an Humor - und der Tonfall des Erz\u00e4hlers schwankt zwischen scherzhaft und eloquent, am\u00fcsant und scharfz\u00fcngig. Am Vorabend der Revolution fliegen die Witze so schnell wie die K\u00f6pfe! Die Sprache ist ein Genuss und man merkt, dass der Autor sich selbst und seine eigenen Leute erfreut. Eines ist sicher: Colin Thibert hat einen Sinn f\u00fcr Wortwitz. Das Ergebnis ist eine Reise mit z\u00fcgellosem Temperament, die von einer respektlosen Energie getragen wird.<\/p>\n\n\n\n<blockquote class=\"wp-block-quote is-layout-flow wp-block-quote-is-layout-flow\">\n<p>\u00abAuf dem Stoppelparkett scheint der junge Schweizer zu tanzen, Herr eines Balletts, dessen Takt er vorgibt. Die M\u00e4nner attestieren ihm Haltung, und hinter ihren F\u00e4chern tr\u00e4umen die Frauen von Unanst\u00e4ndigkeiten.\u00bb<\/p>\n<\/blockquote>\n\n\n\n<p>Colin Thibert hat mit Schwung und K\u00fchnheit einen k\u00f6stlichen Roman geschrieben, der sowohl erfrischt als auch unterh\u00e4lt. Es gibt nur wenige B\u00fccher, die Literatur und Unterhaltung miteinander verbinden. Dieser <em>Zerschmetterter Ritter<\/em> gelingt dies mit Bravour.<\/p>\n\n\n\n<p><em>Schreiben Sie dem Autor:&nbsp;<a href=\"mailto:quentin.perissinotto@leregardlibre.com\">quentin.perissinotto@leregardlibre.com<\/a><\/em><\/p>\n\n\n\n<h6 class=\"wp-block-heading\"><strong>Sie haben gerade eine frei zug\u00e4ngliche Rezension gelesen. Debatten, Analysen, Kulturnachrichten:&nbsp;<a href=\"https:\/\/leregardlibre.com\/de\/abonnement\/\">abonnieren Sie<\/a>&nbsp;um uns zu unterst\u00fctzen und Zugang zu all unseren Inhalten zu erhalten!<\/strong><\/h6>\n\n\n\n<div class=\"wp-block-media-text alignwide is-stacked-on-mobile\" style=\"grid-template-columns:20% auto\"><figure class=\"wp-block-media-text__media\"><img fetchpriority=\"high\" decoding=\"async\" width=\"248\" height=\"364\" src=\"https:\/\/leregardlibre.com\/wp-content\/uploads\/2023\/08\/le-chevalier-fracasse.jpeg\" alt=\"\" class=\"wp-image-519700 size-full\" srcset=\"https:\/\/leregardlibre.com\/wp-content\/uploads\/2023\/08\/le-chevalier-fracasse.jpeg 248w, https:\/\/leregardlibre.com\/wp-content\/uploads\/2023\/08\/le-chevalier-fracasse-204x300.jpeg 204w, https:\/\/leregardlibre.com\/wp-content\/uploads\/2023\/08\/le-chevalier-fracasse-102x150.jpeg 102w\" sizes=\"(max-width: 248px) 100vw, 248px\" \/><\/figure><div class=\"wp-block-media-text__content\">\n<p><strong>Colin Thibert&nbsp;<br><em>Der zerschmetterte Ritter<\/em><\/strong><br><strong>Verlag H\u00e9lo\u00efse d'Ormesson&nbsp;<br>2023&nbsp;<br>208 Seiten&nbsp;<\/strong><\/p>\n\n\n\n<div class=\"wp-block-buttons is-layout-flex wp-block-buttons-is-layout-flex\">\n<div class=\"wp-block-button\"><a class=\"wp-block-button__link wp-element-button\" href=\"https:\/\/www.payot.ch\/Detail\/le_chevalier_fracasse-colin_thibert-9782350878539\">Das Buch bestellen<\/a><\/div>\n<\/div>\n<\/div><\/div>","protected":false},"excerpt":{"rendered":"<p>Von den ruhigen Vororten Neuenburgs bis zu den Volksaufst\u00e4nden in Paris f\u00fchrt uns Colin Thibert ins Herz des sp\u00e4ten 18. Jahrhunderts, auf den Spuren eines ebenso aufstrebenden wie einf\u00e4ltigen Antihelden. Eine spannende Lekt\u00fcre.<\/p>","protected":false},"author":213,"featured_media":519703,"comment_status":"open","ping_status":"closed","sticky":false,"template":"","format":"standard","meta":{"_acf_changed":false,"footnotes":""},"categories":[20663],"tags":[54879,1532851,193275253,146140,8610,38542,644342096],"class_list":["post-519699","post","type-post","status-publish","format-standard","has-post-thumbnail","hentry","category-litterature","tag-critiques-litteraires","tag-litterature-francophone","tag-litterature-romande","tag-neuchatel","tag-paris","tag-roman","tag-19e-siecle"],"acf":[],"yoast_head":"<!-- This site is optimized with the Yoast SEO Premium plugin v27.4 (Yoast SEO v27.4) - https:\/\/yoast.com\/product\/yoast-seo-premium-wordpress\/ -->\n<title>Un exil neuch\u00e2telois vers les petites magouilles parisiennes<\/title>\n<meta name=\"description\" content=\"L\u2019auteur suisse Colin Thibert nous emm\u00e8ne au c\u0153ur de la fin de XVIIIe si\u00e8cle avec \u00abLe Chevalier fracass\u00e9\u00bb. Une lecture palpitante.\" \/>\n<meta name=\"robots\" content=\"index, follow, max-snippet:-1, max-image-preview:large, max-video-preview:-1\" \/>\n<link rel=\"canonical\" href=\"https:\/\/leregardlibre.com\/de\/literatur\/ein-neuenburger-exil-zu-den-kleinen-pariser-machenschaften\/\" \/>\n<meta property=\"og:locale\" content=\"de_DE\" \/>\n<meta property=\"og:type\" content=\"article\" \/>\n<meta property=\"og:title\" content=\"Un exil neuch\u00e2telois vers les petites magouilles parisiennes\" \/>\n<meta property=\"og:description\" content=\"L\u2019auteur suisse Colin Thibert nous emm\u00e8ne au c\u0153ur de la fin de XVIIIe si\u00e8cle avec \u00abLe Chevalier fracass\u00e9\u00bb. Une lecture palpitante.\" \/>\n<meta property=\"og:url\" content=\"https:\/\/leregardlibre.com\/de\/literatur\/ein-neuenburger-exil-zu-den-kleinen-pariser-machenschaften\/\" \/>\n<meta property=\"og:site_name\" content=\"Le Regard Libre\" \/>\n<meta property=\"article:publisher\" content=\"https:\/\/www.facebook.com\/leregardlibre\/\" \/>\n<meta property=\"article:published_time\" content=\"2023-08-22T04:00:00+00:00\" \/>\n<meta property=\"article:modified_time\" content=\"2023-08-27T08:08:11+00:00\" \/>\n<meta property=\"og:image\" content=\"https:\/\/leregardlibre.com\/wp-content\/uploads\/2023\/08\/-quentin-perissinotto-pour-le-regard-libre-e1693123420985.jpg\" \/>\n\t<meta property=\"og:image:width\" content=\"1920\" \/>\n\t<meta property=\"og:image:height\" content=\"1440\" \/>\n\t<meta property=\"og:image:type\" content=\"image\/jpeg\" \/>\n<meta name=\"author\" content=\"Quentin Perissinotto\" \/>\n<meta name=\"twitter:card\" content=\"summary_large_image\" \/>\n<meta name=\"twitter:creator\" content=\"@LeRegardLibre\" \/>\n<meta name=\"twitter:site\" content=\"@LeRegardLibre\" \/>\n<meta name=\"twitter:label1\" content=\"Verfasst von\" \/>\n\t<meta name=\"twitter:data1\" content=\"Quentin Perissinotto\" \/>\n\t<meta name=\"twitter:label2\" content=\"Gesch\u00e4tzte Lesezeit\" \/>\n\t<meta name=\"twitter:data2\" content=\"4\u00a0Minuten\" \/>\n<script type=\"application\/ld+json\" class=\"yoast-schema-graph\">{\"@context\":\"https:\\\/\\\/schema.org\",\"@graph\":[{\"@type\":\"Article\",\"@id\":\"https:\\\/\\\/leregardlibre.com\\\/litterature\\\/un-exil-neuchatelois-vers-les-petites-magouilles-parisiennes\\\/#article\",\"isPartOf\":{\"@id\":\"https:\\\/\\\/leregardlibre.com\\\/litterature\\\/un-exil-neuchatelois-vers-les-petites-magouilles-parisiennes\\\/\"},\"author\":{\"name\":\"Quentin Perissinotto\",\"@id\":\"https:\\\/\\\/leregardlibre.com\\\/#\\\/schema\\\/person\\\/b2ac941a3f3efccb93d920d0cd1629f4\"},\"headline\":\"Un exil neuch\u00e2telois vers les petites magouilles parisiennes\",\"datePublished\":\"2023-08-22T04:00:00+00:00\",\"dateModified\":\"2023-08-27T08:08:11+00:00\",\"mainEntityOfPage\":{\"@id\":\"https:\\\/\\\/leregardlibre.com\\\/litterature\\\/un-exil-neuchatelois-vers-les-petites-magouilles-parisiennes\\\/\"},\"wordCount\":678,\"commentCount\":0,\"publisher\":{\"@id\":\"https:\\\/\\\/leregardlibre.com\\\/#organization\"},\"image\":{\"@id\":\"https:\\\/\\\/leregardlibre.com\\\/litterature\\\/un-exil-neuchatelois-vers-les-petites-magouilles-parisiennes\\\/#primaryimage\"},\"thumbnailUrl\":\"https:\\\/\\\/leregardlibre.com\\\/wp-content\\\/uploads\\\/2023\\\/08\\\/-quentin-perissinotto-pour-le-regard-libre-e1693123420985.jpg\",\"keywords\":[\"Critique litt\u00e9raire\",\"Litt\u00e9rature francophone\",\"Litt\u00e9rature romande\",\"Neuch\u00e2tel\",\"Paris\",\"Roman\",\"XIXe si\u00e8cle\"],\"articleSection\":[\"Litt\u00e9rature\"],\"inLanguage\":\"de\",\"potentialAction\":[{\"@type\":\"CommentAction\",\"name\":\"Comment\",\"target\":[\"https:\\\/\\\/leregardlibre.com\\\/litterature\\\/un-exil-neuchatelois-vers-les-petites-magouilles-parisiennes\\\/#respond\"]}]},{\"@type\":\"WebPage\",\"@id\":\"https:\\\/\\\/leregardlibre.com\\\/litterature\\\/un-exil-neuchatelois-vers-les-petites-magouilles-parisiennes\\\/\",\"url\":\"https:\\\/\\\/leregardlibre.com\\\/litterature\\\/un-exil-neuchatelois-vers-les-petites-magouilles-parisiennes\\\/\",\"name\":\"Un exil neuch\u00e2telois vers les petites magouilles parisiennes\",\"isPartOf\":{\"@id\":\"https:\\\/\\\/leregardlibre.com\\\/#website\"},\"primaryImageOfPage\":{\"@id\":\"https:\\\/\\\/leregardlibre.com\\\/litterature\\\/un-exil-neuchatelois-vers-les-petites-magouilles-parisiennes\\\/#primaryimage\"},\"image\":{\"@id\":\"https:\\\/\\\/leregardlibre.com\\\/litterature\\\/un-exil-neuchatelois-vers-les-petites-magouilles-parisiennes\\\/#primaryimage\"},\"thumbnailUrl\":\"https:\\\/\\\/leregardlibre.com\\\/wp-content\\\/uploads\\\/2023\\\/08\\\/-quentin-perissinotto-pour-le-regard-libre-e1693123420985.jpg\",\"datePublished\":\"2023-08-22T04:00:00+00:00\",\"dateModified\":\"2023-08-27T08:08:11+00:00\",\"description\":\"L\u2019auteur suisse Colin Thibert nous emm\u00e8ne au c\u0153ur de la fin de XVIIIe si\u00e8cle avec \u00abLe Chevalier fracass\u00e9\u00bb. Une lecture palpitante.\",\"breadcrumb\":{\"@id\":\"https:\\\/\\\/leregardlibre.com\\\/litterature\\\/un-exil-neuchatelois-vers-les-petites-magouilles-parisiennes\\\/#breadcrumb\"},\"inLanguage\":\"de\",\"potentialAction\":[{\"@type\":\"ReadAction\",\"target\":[\"https:\\\/\\\/leregardlibre.com\\\/litterature\\\/un-exil-neuchatelois-vers-les-petites-magouilles-parisiennes\\\/\"]}]},{\"@type\":\"ImageObject\",\"inLanguage\":\"de\",\"@id\":\"https:\\\/\\\/leregardlibre.com\\\/litterature\\\/un-exil-neuchatelois-vers-les-petites-magouilles-parisiennes\\\/#primaryimage\",\"url\":\"https:\\\/\\\/leregardlibre.com\\\/wp-content\\\/uploads\\\/2023\\\/08\\\/-quentin-perissinotto-pour-le-regard-libre-e1693123420985.jpg\",\"contentUrl\":\"https:\\\/\\\/leregardlibre.com\\\/wp-content\\\/uploads\\\/2023\\\/08\\\/-quentin-perissinotto-pour-le-regard-libre-e1693123420985.jpg\",\"width\":1920,\"height\":1440,\"caption\":\"Vue sur le jardin de l\u2019H\u00f4tel DuPeyrou, \u00e0 Neuch\u00e2tel \u00a9 Quentin Perissinotto pour Le Regard Libre\"},{\"@type\":\"BreadcrumbList\",\"@id\":\"https:\\\/\\\/leregardlibre.com\\\/litterature\\\/un-exil-neuchatelois-vers-les-petites-magouilles-parisiennes\\\/#breadcrumb\",\"itemListElement\":[{\"@type\":\"ListItem\",\"position\":1,\"name\":\"Accueil\",\"item\":\"https:\\\/\\\/leregardlibre.com\\\/\"},{\"@type\":\"ListItem\",\"position\":2,\"name\":\"Un exil neuch\u00e2telois vers les petites magouilles parisiennes\"}]},{\"@type\":\"WebSite\",\"@id\":\"https:\\\/\\\/leregardlibre.com\\\/#website\",\"url\":\"https:\\\/\\\/leregardlibre.com\\\/\",\"name\":\"Le Regard Libre\",\"description\":\"Premier mensuel suisse de d\u00e9bat\",\"publisher\":{\"@id\":\"https:\\\/\\\/leregardlibre.com\\\/#organization\"},\"potentialAction\":[{\"@type\":\"SearchAction\",\"target\":{\"@type\":\"EntryPoint\",\"urlTemplate\":\"https:\\\/\\\/leregardlibre.com\\\/?s={search_term_string}\"},\"query-input\":{\"@type\":\"PropertyValueSpecification\",\"valueRequired\":true,\"valueName\":\"search_term_string\"}}],\"inLanguage\":\"de\"},{\"@type\":\"Organization\",\"@id\":\"https:\\\/\\\/leregardlibre.com\\\/#organization\",\"name\":\"Le Regard Libre\",\"url\":\"https:\\\/\\\/leregardlibre.com\\\/\",\"logo\":{\"@type\":\"ImageObject\",\"inLanguage\":\"de\",\"@id\":\"https:\\\/\\\/leregardlibre.com\\\/#\\\/schema\\\/logo\\\/image\\\/\",\"url\":\"https:\\\/\\\/leregardlibre.com\\\/wp-content\\\/uploads\\\/2025\\\/08\\\/logo-rl-icone-neg.jpeg\",\"contentUrl\":\"https:\\\/\\\/leregardlibre.com\\\/wp-content\\\/uploads\\\/2025\\\/08\\\/logo-rl-icone-neg.jpeg\",\"width\":557,\"height\":556,\"caption\":\"Le Regard Libre\"},\"image\":{\"@id\":\"https:\\\/\\\/leregardlibre.com\\\/#\\\/schema\\\/logo\\\/image\\\/\"},\"sameAs\":[\"https:\\\/\\\/www.facebook.com\\\/leregardlibre\\\/\",\"https:\\\/\\\/x.com\\\/LeRegardLibre\",\"https:\\\/\\\/www.linkedin.com\\\/company\\\/le-regard-libre\",\"https:\\\/\\\/www.instagram.com\\\/leregardlibre\\\/\",\"http:\\\/\\\/t.me\\\/leregardlibre\",\"https:\\\/\\\/youtube.com\\\/channel\\\/UC6HzGPomj1LsUmlz-sJtITQ\"],\"description\":\"Le Regard Libre est un mensuel suisse de d\u00e9bat intellectuel et culturel. Sa r\u00e9daction est jeune, b\u00e9n\u00e9vole, lib\u00e9rale et pluraliste. Le magazine para\u00eet en ligne et sous forme papier. Sa langue est le fran\u00e7ais.\",\"email\":\"redaction@leregardlibre.com\",\"legalName\":\"Le Regard Libre\",\"foundingDate\":\"2014-01-01\",\"numberOfEmployees\":{\"@type\":\"QuantitativeValue\",\"minValue\":\"11\",\"maxValue\":\"50\"},\"publishingPrinciples\":\"https:\\\/\\\/leregardlibre.com\\\/a-propos\\\/notre-manifeste\\\/\",\"ownershipFundingInfo\":\"https:\\\/\\\/leregardlibre.com\\\/mentions-legales\\\/\",\"actionableFeedbackPolicy\":\"https:\\\/\\\/leregardlibre.com\\\/conditions-generales-de-vente\\\/\"},{\"@type\":\"Person\",\"@id\":\"https:\\\/\\\/leregardlibre.com\\\/#\\\/schema\\\/person\\\/b2ac941a3f3efccb93d920d0cd1629f4\",\"name\":\"Quentin Perissinotto\",\"image\":{\"@type\":\"ImageObject\",\"inLanguage\":\"de\",\"@id\":\"https:\\\/\\\/secure.gravatar.com\\\/avatar\\\/5bdc85640092297cabef9e4e9fafa5d0f6fdc4d68bde6549c358b1419521e8f3?s=96&d=identicon&r=g\",\"url\":\"https:\\\/\\\/secure.gravatar.com\\\/avatar\\\/5bdc85640092297cabef9e4e9fafa5d0f6fdc4d68bde6549c358b1419521e8f3?s=96&d=identicon&r=g\",\"contentUrl\":\"https:\\\/\\\/secure.gravatar.com\\\/avatar\\\/5bdc85640092297cabef9e4e9fafa5d0f6fdc4d68bde6549c358b1419521e8f3?s=96&d=identicon&r=g\",\"caption\":\"Quentin Perissinotto\"},\"description\":\"Conseiller-clients et \u00e9crivain, Quentin Perissinotto est critique litt\u00e9raire pour Le Regard Libre.\",\"sameAs\":[\"https:\\\/\\\/fr.wikipedia.org\\\/wiki\\\/Le_Regard_libre\"],\"url\":\"https:\\\/\\\/leregardlibre.com\\\/de\\\/author\\\/quentin-perissinotto\\\/\"}]}<\/script>\n<!-- \/ Yoast SEO Premium plugin. -->","yoast_head_json":{"title":"| Ein Neuenburger Exil zu den kleinen Pariser Machenschaften","description":"Der Schweizer Autor Colin Thibert entf\u00fchrt uns mit \u00abDer zerschlagene Ritter\u00bb ins Herz des sp\u00e4ten 18. Jahrhunderts. Jahrhunderts. Eine spannende Lekt\u00fcre.","robots":{"index":"index","follow":"follow","max-snippet":"max-snippet:-1","max-image-preview":"max-image-preview:large","max-video-preview":"max-video-preview:-1"},"canonical":"https:\/\/leregardlibre.com\/de\/literatur\/ein-neuenburger-exil-zu-den-kleinen-pariser-machenschaften\/","og_locale":"de_DE","og_type":"article","og_title":"Un exil neuch\u00e2telois vers les petites magouilles parisiennes","og_description":"L\u2019auteur suisse Colin Thibert nous emm\u00e8ne au c\u0153ur de la fin de XVIIIe si\u00e8cle avec \u00abLe Chevalier fracass\u00e9\u00bb. Une lecture palpitante.","og_url":"https:\/\/leregardlibre.com\/de\/literatur\/ein-neuenburger-exil-zu-den-kleinen-pariser-machenschaften\/","og_site_name":"Le Regard Libre","article_publisher":"https:\/\/www.facebook.com\/leregardlibre\/","article_published_time":"2023-08-22T04:00:00+00:00","article_modified_time":"2023-08-27T08:08:11+00:00","og_image":[{"width":1920,"height":1440,"url":"https:\/\/leregardlibre.com\/wp-content\/uploads\/2023\/08\/-quentin-perissinotto-pour-le-regard-libre-e1693123420985.jpg","type":"image\/jpeg"}],"author":"Quentin Perissinotto","twitter_card":"summary_large_image","twitter_creator":"@LeRegardLibre","twitter_site":"@LeRegardLibre","twitter_misc":{"Verfasst von":"Quentin Perissinotto","Gesch\u00e4tzte Lesezeit":"4\u00a0Minuten"},"schema":{"@context":"https:\/\/schema.org","@graph":[{"@type":"Article","@id":"https:\/\/leregardlibre.com\/litterature\/un-exil-neuchatelois-vers-les-petites-magouilles-parisiennes\/#article","isPartOf":{"@id":"https:\/\/leregardlibre.com\/litterature\/un-exil-neuchatelois-vers-les-petites-magouilles-parisiennes\/"},"author":{"name":"Quentin Perissinotto","@id":"https:\/\/leregardlibre.com\/#\/schema\/person\/b2ac941a3f3efccb93d920d0cd1629f4"},"headline":"Un exil neuch\u00e2telois vers les petites magouilles parisiennes","datePublished":"2023-08-22T04:00:00+00:00","dateModified":"2023-08-27T08:08:11+00:00","mainEntityOfPage":{"@id":"https:\/\/leregardlibre.com\/litterature\/un-exil-neuchatelois-vers-les-petites-magouilles-parisiennes\/"},"wordCount":678,"commentCount":0,"publisher":{"@id":"https:\/\/leregardlibre.com\/#organization"},"image":{"@id":"https:\/\/leregardlibre.com\/litterature\/un-exil-neuchatelois-vers-les-petites-magouilles-parisiennes\/#primaryimage"},"thumbnailUrl":"https:\/\/leregardlibre.com\/wp-content\/uploads\/2023\/08\/-quentin-perissinotto-pour-le-regard-libre-e1693123420985.jpg","keywords":["Critique litt\u00e9raire","Litt\u00e9rature francophone","Litt\u00e9rature romande","Neuch\u00e2tel","Paris","Roman","XIXe si\u00e8cle"],"articleSection":["Litt\u00e9rature"],"inLanguage":"de","potentialAction":[{"@type":"CommentAction","name":"Comment","target":["https:\/\/leregardlibre.com\/litterature\/un-exil-neuchatelois-vers-les-petites-magouilles-parisiennes\/#respond"]}]},{"@type":"WebPage","@id":"https:\/\/leregardlibre.com\/litterature\/un-exil-neuchatelois-vers-les-petites-magouilles-parisiennes\/","url":"https:\/\/leregardlibre.com\/litterature\/un-exil-neuchatelois-vers-les-petites-magouilles-parisiennes\/","name":"| Ein Neuenburger Exil zu den kleinen Pariser Machenschaften","isPartOf":{"@id":"https:\/\/leregardlibre.com\/#website"},"primaryImageOfPage":{"@id":"https:\/\/leregardlibre.com\/litterature\/un-exil-neuchatelois-vers-les-petites-magouilles-parisiennes\/#primaryimage"},"image":{"@id":"https:\/\/leregardlibre.com\/litterature\/un-exil-neuchatelois-vers-les-petites-magouilles-parisiennes\/#primaryimage"},"thumbnailUrl":"https:\/\/leregardlibre.com\/wp-content\/uploads\/2023\/08\/-quentin-perissinotto-pour-le-regard-libre-e1693123420985.jpg","datePublished":"2023-08-22T04:00:00+00:00","dateModified":"2023-08-27T08:08:11+00:00","description":"Der Schweizer Autor Colin Thibert entf\u00fchrt uns mit \u00abDer zerschlagene Ritter\u00bb ins Herz des sp\u00e4ten 18. Jahrhunderts. Jahrhunderts. Eine spannende Lekt\u00fcre.","breadcrumb":{"@id":"https:\/\/leregardlibre.com\/litterature\/un-exil-neuchatelois-vers-les-petites-magouilles-parisiennes\/#breadcrumb"},"inLanguage":"de","potentialAction":[{"@type":"ReadAction","target":["https:\/\/leregardlibre.com\/litterature\/un-exil-neuchatelois-vers-les-petites-magouilles-parisiennes\/"]}]},{"@type":"ImageObject","inLanguage":"de","@id":"https:\/\/leregardlibre.com\/litterature\/un-exil-neuchatelois-vers-les-petites-magouilles-parisiennes\/#primaryimage","url":"https:\/\/leregardlibre.com\/wp-content\/uploads\/2023\/08\/-quentin-perissinotto-pour-le-regard-libre-e1693123420985.jpg","contentUrl":"https:\/\/leregardlibre.com\/wp-content\/uploads\/2023\/08\/-quentin-perissinotto-pour-le-regard-libre-e1693123420985.jpg","width":1920,"height":1440,"caption":"Vue sur le jardin de l\u2019H\u00f4tel DuPeyrou, \u00e0 Neuch\u00e2tel \u00a9 Quentin Perissinotto pour Le Regard Libre"},{"@type":"BreadcrumbList","@id":"https:\/\/leregardlibre.com\/litterature\/un-exil-neuchatelois-vers-les-petites-magouilles-parisiennes\/#breadcrumb","itemListElement":[{"@type":"ListItem","position":1,"name":"Accueil","item":"https:\/\/leregardlibre.com\/"},{"@type":"ListItem","position":2,"name":"Un exil neuch\u00e2telois vers les petites magouilles parisiennes"}]},{"@type":"WebSite","@id":"https:\/\/leregardlibre.com\/#website","url":"https:\/\/leregardlibre.com\/","name":"Le Regard Libre","description":"Erste Schweizer Monatszeitschrift f\u00fcr Debatten","publisher":{"@id":"https:\/\/leregardlibre.com\/#organization"},"potentialAction":[{"@type":"SearchAction","target":{"@type":"EntryPoint","urlTemplate":"https:\/\/leregardlibre.com\/?s={search_term_string}"},"query-input":{"@type":"PropertyValueSpecification","valueRequired":true,"valueName":"search_term_string"}}],"inLanguage":"de"},{"@type":"Organization","@id":"https:\/\/leregardlibre.com\/#organization","name":"Le Regard Libre","url":"https:\/\/leregardlibre.com\/","logo":{"@type":"ImageObject","inLanguage":"de","@id":"https:\/\/leregardlibre.com\/#\/schema\/logo\/image\/","url":"https:\/\/leregardlibre.com\/wp-content\/uploads\/2025\/08\/logo-rl-icone-neg.jpeg","contentUrl":"https:\/\/leregardlibre.com\/wp-content\/uploads\/2025\/08\/logo-rl-icone-neg.jpeg","width":557,"height":556,"caption":"Le Regard Libre"},"image":{"@id":"https:\/\/leregardlibre.com\/#\/schema\/logo\/image\/"},"sameAs":["https:\/\/www.facebook.com\/leregardlibre\/","https:\/\/x.com\/LeRegardLibre","https:\/\/www.linkedin.com\/company\/le-regard-libre","https:\/\/www.instagram.com\/leregardlibre\/","http:\/\/t.me\/leregardlibre","https:\/\/youtube.com\/channel\/UC6HzGPomj1LsUmlz-sJtITQ"],"description":"Le Regard Libre ist eine Schweizer Monatszeitschrift f\u00fcr intellektuelle und kulturelle Debatten. Seine Redaktion ist jung, ehrenamtlich, liberal und pluralistisch. Das Magazin erscheint online und in gedruckter Form. Seine Sprache ist Franz\u00f6sisch.","email":"redaction@leregardlibre.com","legalName":"Le Regard Libre","foundingDate":"2014-01-01","numberOfEmployees":{"@type":"QuantitativeValue","minValue":"11","maxValue":"50"},"publishingPrinciples":"https:\/\/leregardlibre.com\/a-propos\/notre-manifeste\/","ownershipFundingInfo":"https:\/\/leregardlibre.com\/mentions-legales\/","actionableFeedbackPolicy":"https:\/\/leregardlibre.com\/conditions-generales-de-vente\/"},{"@type":"Person","@id":"https:\/\/leregardlibre.com\/#\/schema\/person\/b2ac941a3f3efccb93d920d0cd1629f4","name":"Quentin Perissinotto","image":{"@type":"ImageObject","inLanguage":"de","@id":"https:\/\/secure.gravatar.com\/avatar\/5bdc85640092297cabef9e4e9fafa5d0f6fdc4d68bde6549c358b1419521e8f3?s=96&d=identicon&r=g","url":"https:\/\/secure.gravatar.com\/avatar\/5bdc85640092297cabef9e4e9fafa5d0f6fdc4d68bde6549c358b1419521e8f3?s=96&d=identicon&r=g","contentUrl":"https:\/\/secure.gravatar.com\/avatar\/5bdc85640092297cabef9e4e9fafa5d0f6fdc4d68bde6549c358b1419521e8f3?s=96&d=identicon&r=g","caption":"Quentin Perissinotto"},"description":"Kundenberater und Schriftsteller, Quentin Perissinotto ist Literaturkritiker f\u00fcr Le Regard Libre.","sameAs":["https:\/\/fr.wikipedia.org\/wiki\/Le_Regard_libre"],"url":"https:\/\/leregardlibre.com\/de\/author\/quentin-perissinotto\/"}]}},"_links":{"self":[{"href":"https:\/\/leregardlibre.com\/de\/wp-json\/wp\/v2\/posts\/519699","targetHints":{"allow":["GET"]}}],"collection":[{"href":"https:\/\/leregardlibre.com\/de\/wp-json\/wp\/v2\/posts"}],"about":[{"href":"https:\/\/leregardlibre.com\/de\/wp-json\/wp\/v2\/types\/post"}],"author":[{"embeddable":true,"href":"https:\/\/leregardlibre.com\/de\/wp-json\/wp\/v2\/users\/213"}],"replies":[{"embeddable":true,"href":"https:\/\/leregardlibre.com\/de\/wp-json\/wp\/v2\/comments?post=519699"}],"version-history":[{"count":2,"href":"https:\/\/leregardlibre.com\/de\/wp-json\/wp\/v2\/posts\/519699\/revisions"}],"predecessor-version":[{"id":519737,"href":"https:\/\/leregardlibre.com\/de\/wp-json\/wp\/v2\/posts\/519699\/revisions\/519737"}],"wp:featuredmedia":[{"embeddable":true,"href":"https:\/\/leregardlibre.com\/de\/wp-json\/wp\/v2\/media\/519703"}],"wp:attachment":[{"href":"https:\/\/leregardlibre.com\/de\/wp-json\/wp\/v2\/media?parent=519699"}],"wp:term":[{"taxonomy":"category","embeddable":true,"href":"https:\/\/leregardlibre.com\/de\/wp-json\/wp\/v2\/categories?post=519699"},{"taxonomy":"post_tag","embeddable":true,"href":"https:\/\/leregardlibre.com\/de\/wp-json\/wp\/v2\/tags?post=519699"}],"curies":[{"name":"wp","href":"https:\/\/api.w.org\/{rel}","templated":true}]}}