{"id":521040,"date":"2023-11-03T06:00:00","date_gmt":"2023-11-03T05:00:00","guid":{"rendered":"https:\/\/leregardlibre.com\/?p=521040"},"modified":"2024-02-04T10:37:28","modified_gmt":"2024-02-04T09:37:28","slug":"hundert-folgen-und-so-viele-abenteuer","status":"publish","type":"post","link":"https:\/\/leregardlibre.com\/de\/societe\/medias\/cent-numeros-et-tant-daventures\/","title":{"rendered":"Hundert Ausgaben und so viele Abenteuer"},"content":{"rendered":"<p class=\"has-drop-cap\"><strong>Erstmals erschienen im Januar 2014,&nbsp;<em>Le Regard Libre<\/em>, das zwar weder seinen Namen noch seinen Auftrag jemals ge\u00e4ndert hat, sich jedoch von einer Studentenzeitschrift zu einem intellektuellen Magazin entwickelt hat, das in der Medienlandschaft pr\u00e4sent ist. Es ist an der Zeit, euch einen kleinen Einblick hinter die Kulissen zu gew\u00e4hren.<\/strong><\/p>\n\n\n\n<!--more-->\n\n\n\n<p>Herbst 2013, am Lyc\u00e9e-Coll\u00e8ge des Creusets in Sion. Ich war damals in meinem vorletzten Gymnasialjahr, das im Wallis f\u00fcnf Jahre dauert. Diese vorletzte Stufe war bereits der Vorbereitung auf die Maturpr\u00fcfungen gewidmet, die das letzte Jahr abschlie\u00dfen. In meiner Klasse mit Schwerpunkt auf den klassischen Geisteswissenschaften waren die Diskussionen im Philosophie- oder Franz\u00f6sischunterricht in vollem Gange. Mit einigen Mitsch\u00fclern teilten wir die Welt in Flaubert-Anh\u00e4nger und Stendhal-Anh\u00e4nger ein und schlugen uns die einen f\u00fcr Antigone, die anderen f\u00fcr Kreon auf. Und obwohl wir noch nicht einmal zwanzig Jahre alt waren, kritisierten wir die Welt mit einer gewissen L\u00e4ssigkeit.<\/p>\n\n\n\n<p>Aus solchen stereotypen Kontroversen, an die wir doch fest glaubten, kam mir eine Idee. Warum nicht eine Monatszeitschrift ins Leben rufen, um unsere gegens\u00e4tzlichen Ansichten zu Kultur und Gesellschaft zum Ausdruck zu bringen? Schlie\u00dflich fanden unsere Leidenschaften f\u00fcr bestimmte Aspekte des Lehrplans zwar in Aufs\u00e4tzen und anderen Referaten ihren Ausdruck, doch die politischen oder k\u00fcnstlerischen Themen, die uns au\u00dferhalb dieser Mauern besch\u00e4ftigten, verlangten danach, irgendwo diskutiert zu werden! Und aus dieser Zeitschrift, die nach dem Vorbild franz\u00f6sischer Publikationen konzipiert war, in denen die Liebe zur Debatte und der interdisziplin\u00e4re Dialog im Vordergrund stehen, w\u00fcrde sich vielleicht eine gewisse Nuance in unseren \u00dcberlegungen ergeben. Kurz gesagt: die M\u00f6glichkeit einer intellektuellen Weiterentwicklung, als Erg\u00e4nzung zu unseren Vorlesungen und als Fortsetzung unserer Entdeckungen.<\/p>\n\n\n\n<p>Drei Freunde nahmen meinen Vorschlag, jeden Monat f\u00fcr diese Publikation zu schreiben, deren Name noch gefunden werden musste, sofort an. Ich entschied mich \u2013 mit Zustimmung meiner Kollegen \u2013 f\u00fcr eine Kombination aus der&nbsp;<em>Freiheit<\/em>&nbsp;der Gedanken, mit denen wir unsere Seiten f\u00fcllen wollten, und der \u00dcbersetzung des&nbsp;<em>Blick<\/em>&nbsp;dem Deutschschweizer auf der einen Seite, einem&nbsp;<em>Blick<\/em>&nbsp;was damals auf journalistisches Interesse hindeutete. Da wir frei waren, entschieden wir uns daf\u00fcr, auch gegen\u00fcber dem reinen Zeitgeschehen frei zu bleiben, und zogen es vor, uns ihm \u00fcber zeitlose Fragen oder Umwege zu n\u00e4hern.&nbsp;<em>Le Regard Libre<\/em>&nbsp;war entstanden, und mit ihm seine Aufnahme in die gro\u00dfe Familie der Zeitschriften.<\/p>\n\n\n\n<h3 class=\"wp-block-heading\">Unsere erste Leserschaft&nbsp;<\/h3>\n\n\n\n<p>Die erste Ausgabe erschien im Januar 2014 ausschlie\u00dflich in digitaler Form, ebenso wie die elf folgenden Ausgaben. Die Weitergabe unserer PDF-Dateien durch das Gymnasium und die Mittelschule per E-Mail an alle Sch\u00fcler erm\u00f6glichte es uns, einen ersten Leserstamm aufzubauen, darunter auch unter den Lehrkr\u00e4ften. Einige sind uns bis heute treu geblieben, und wir verdanken ihnen viel \u2013 eine Grundlage f\u00fcr unsere Legitimit\u00e4t.<\/p>\n\n\n\n<p>Auf dem Titelblatt der Ausgabe Nr. 1 ist Papst Franziskus zu sehen. Eine Tatsache, die nicht unerheblich ist, da der Autor des betreffenden Artikels, Loris S. Musumeci, mehr als sechs Jahre lang zum Team geh\u00f6rte und mein Stellvertreter wurde, obwohl sich unsere Weltanschauungen in den ersten Jahren stark unterschieden, insbesondere in Bezug auf alles, was mit Religion zu tun hatte. Mein damaliger Antiklerikalismus sagte nichts \u00fcber meine Freundschaften aus \u2013 und schon gar nichts \u00fcber die Linie der Zeitung, die genau genommen nie eine solche hatte, au\u00dfer der F\u00f6rderung der Ideendebatte und der Kultur aus einer pluralistischen, also liberalen Perspektive. Der Artikel \u00fcber den franz\u00f6sischen Papst betraf \u00fcbrigens dessen Besuch \u2026 auf Lampedusa. Und nun sorgt diese Insel hundert Ausgaben sp\u00e4ter erneut f\u00fcr Gespr\u00e4chsstoff!<\/p>\n\n\n\n<h3 class=\"wp-block-heading\"><strong>Der Ideendiskussion wird Priorit\u00e4t einger\u00e4umt<\/strong><\/h3>\n\n\n\n<p>In den ersten zehn Ausgaben fanden einige unserer Steckenpferde Platz, die auch heute noch regelm\u00e4\u00dfig unsere Seiten f\u00fcllen: die gro\u00dfen ideologischen und soziologischen Gr\u00e4ben, die die aktuellen Debatten pr\u00e4gen, die Entwicklung des franz\u00f6sischen Chansons, unsere literarischen und filmischen Favoriten\u2026 F\u00fchrende Pers\u00f6nlichkeiten der Walliser Politik kamen in diesen Sammlerausgaben zu Wort. Es entstanden Debatten, die nie beendet wurden. Pers\u00f6nlichkeiten wurden bekannt.<\/p>\n\n\n\n<p>Ab der Ausgabe Nr. 11, die im Oktober 2015 erschien, spielte die Bundespolitik eine konkretere Rolle in unseren \u00dcberlegungen. Drei Ereignisse erkl\u00e4ren dies. Erstens bot dieser Monat die Gelegenheit, die ersten nationalen Wahlen zu analysieren, an denen wir teilnehmen durften. Zweitens hatten wir ein Jahr nach Erreichen der Vollj\u00e4hrigkeit auch die Schwelle zur Reife \u00fcberschritten: Meine Mitstreiter und ich hatten gerade unser Studium begonnen! In verschiedenen St\u00e4dten \u2026 was sich jedoch nicht als Nachteil, sondern als gro\u00dfe Chance erwies. Da wir jeden Monat in einer anderen Schweizer Stadt tagten (eine Gewohnheit, die wir beibehalten haben), dauerte es nicht lange, bis wir unser Netzwerk ausweiteten. Der erste Faden wurde gerade bei diesem ersten Treffen nach dem Abitur im Oktober 2015 gesponnen, und es war das dritte Ereignis, das die Einbeziehung der Bundespolitik in die bevorzugten Themenbereiche des&nbsp;<em>Regard Libre<\/em>: Ein Neuzugang hatte sich dem Team angeschlossen.<\/p>\n\n\n\n<p>Dieser Neuling stammte aus Neuenburg <a href=\"https:\/\/leregardlibre.com\/de\/author\/nicolas-jutzet\/\">Nicolas Jutzet<\/a>, der auch den wirtschaftlichen Aspekt der Zeitschrift einbrachte. Er machte seine ersten Schritte als Kolumnist in unseren Spalten und trug ma\u00dfgeblich zur Entwicklung unserer kleinen Redaktion sowie zur Qualit\u00e4t der von uns ver\u00f6ffentlichten Debatten bei. Bald darauf machte er sich einen Namen als Sprecher der Westschweiz f\u00fcr die Volksinitiative \u00abNo Billag\u00bb, die auf die Abschaffung der Geb\u00fchren f\u00fcr \u00f6ffentlich-rechtliches Radio und Fernsehen abzielte. Zu diesem Thema haben wir nie Stellung bezogen: nicht nur, weil die Meinungen innerhalb der Redaktion geteilt waren, sondern auch, weil wir \u2013 bis heute \u2013 zu keiner Abstimmung Stellung bezogen haben, im Gegensatz zu den meisten traditionellen Zeitungen, die doch nicht als \u00abMeinungsmedien\u00bb bezeichnet werden. Kuratios \u2026 aber konsequent in Bezug auf unsere Publikation, die es sich zur Ehrensache macht, unparteiisch zu sein, aber im Sinne der Praxis der Ideendebatte durchaus politisch ist.<\/p>\n\n\n\n<h3 class=\"wp-block-heading\"><strong>Auf dem Weg zu einer Ann\u00e4herung an Sie<\/strong><\/h3>\n\n\n\n<p>Bis Mai 2018 beschr\u00e4nkte sich unser Angebot pro Ausgabe auf 28 A4-Seiten, die grafisch gesehen allerdings immer professioneller wurden.&nbsp;<em>Le Regard Libre<\/em>&nbsp;Mit Ausgabe Nr. 36 erfolgte die Umstellung auf 68 Seiten \u2013 ein Format, das bis heute g\u00fcltig ist, au\u00dfer in diesem Monat, in dem wir 100 Seiten ver\u00f6ffentlichen wollten! Ein weiterer Meilenstein wurde mit der Einf\u00fchrung der Themenschwerpunkte ab Ausgabe Nr. 82 im Februar 2022 erreicht. Jeden Monat behandeln wir ein allgemeines Thema \u2013 Einwanderung, Ironie, Demokratie, Neutralit\u00e4t, Schule \u2026 \u2013 aus verschiedenen Blickwinkeln, seien sie geopolitischer, k\u00fcnstlerischer oder auch historischer Natur. Bei bestimmten gesellschaftlichen Ph\u00e4nomenen, wie dem \u201eWokismus\u201c, waren wir relativ wegweisend, auch wenn dies nie unser Ziel war. Wir ziehen es vor, uns die Zeit zu nehmen, die eine Monatszeitschrift bietet, um die Hintergr\u00fcnde einer Kontroverse zu beleuchten, die Paradoxien unserer Zeit hervorzuheben und die Best\u00e4ndigkeit oder die Entwicklungen des Menschen angesichts der gro\u00dfen Fragen, mit denen er konfrontiert ist, zu kommentieren. Das bereitet uns ein gewisses Vergn\u00fcgen.<\/p>\n\n\n\n<p>Und das scheint sich auszuzahlen, denn auch wenn wir kein Gehalt beziehen (abgesehen von einer erheblichen immateriellen Bereicherung), finden wir immer mehr Leser. Wir haben bei Null angefangen \u2013 was finanzielle Mittel, Zeit und Bekanntheitsgrad angeht \u2013, doch heute werden wir von unseren Kollegen anerkannt, sind mehrere meiner Kollegen und ich professionelle Journalisten und verzeichnen insgesamt 600 Abonnenten aller Abonnementarten, ganz zu schweigen von den Verk\u00e4ufen in den Payot-Buchhandlungen und in unserem Online-Shop, den Ausleihen einzelner Ausgaben in mehreren Bibliotheken der Schweiz, die monatlichen Besuche von 15\u2019000 Lesern auf unserer Website (eine Zahl, die seit einigen Jahren stabil ist) oder auch die zahlreichen neuen Besuche \u00fcber die Schnittstelle von Cairn.info, dem f\u00fchrenden franz\u00f6sischsprachigen Portal f\u00fcr geisteswissenschaftliche Zeitschriften und Nachrichten.<\/p>\n\n\n\n<p>Unsere Zahlen waren noch nie in den roten Zahlen. Und unsere Zukunft sieht rosig aus. Seit mehreren Wochen arbeiten wir mit Hilfe von Fachleuten an einer Verbesserung unseres Layouts. Ein neues Layout \u2013 das an das bestehende ankn\u00fcpft, aber mit vergleichbaren Publikationen wirklich mithalten kann \u2013 wird im kommenden Januar anl\u00e4sslich unseres zehnj\u00e4hrigen Bestehens vorgestellt. Au\u00dferdem m\u00f6chten wir noch enger mit unseren Lesern und Partnern zusammenarbeiten. Es sind verschiedene Ma\u00dfnahmen geplant, um&nbsp;<em>Le Regard Libre<\/em>&nbsp;als&nbsp;<em>the place to be<\/em>&nbsp;um in den Debatten mitzureden, sowohl in der Westschweiz als auch anderswo. Dieses Programm ist so motivierend! Bis bald und vielen Dank.<\/p>\n\n\n\n<p><em>Schreiben Sie dem Autor:&nbsp;<a href=\"mailto:jonas.follonier@leregardlibre.com\">jonas.follonier@leregardlibre.com<\/a><\/em><\/p>\n\n\n\n<h6 class=\"wp-block-heading\">Sie haben soeben einen Artikel gelesen, der in unserer Printausgabe erschienen ist (<a href=\"https:\/\/leregardlibre.com\/de\/cpt-editions\/der-freie-blick-n100\/\"><em>Le Regard Libre&nbsp;<\/em>N\u00b0100<\/a>).<\/h6>","protected":false},"excerpt":{"rendered":"<p>Le Regard Libre erschien erstmals im Januar 2014 und hat weder seinen Namen noch seine Mission ge\u00e4ndert. Dennoch hat es sich von einer Studentenzeitschrift zu einem intellektuellen Magazin entwickelt, das auf der Medienb\u00fchne pr\u00e4sent ist. Es ist an der Zeit, Ihnen einen Blick hinter die Kulissen zu gew\u00e4hren.<\/p>","protected":false},"author":138,"featured_media":521041,"comment_status":"open","ping_status":"closed","sticky":false,"template":"","format":"standard","meta":{"_acf_changed":false,"footnotes":""},"categories":[644358062],"tags":[4155756,26168],"class_list":["post-521040","post","type-post","status-publish","format-standard","has-post-thumbnail","hentry","category-medias","tag-debat-didees","tag-journalisme"],"acf":[],"yoast_head":"<!-- This site is optimized with the Yoast SEO Premium plugin v28.4 (Yoast SEO v28.4) - https:\/\/yoast.com\/product\/yoast-seo-premium-wordpress\/ -->\n<title>Le Regard Libre: cent num\u00e9ros et tant d\u2019aventures<\/title>\n<meta name=\"description\" content=\"Cent num\u00e9ros plus tard, Le Regard Libre n\u2019a chang\u00e9 ni de nom ni de mission. Mais il est devenu un magazine install\u00e9 sur la sc\u00e8ne m\u00e9diatique.\" \/>\n<meta name=\"robots\" content=\"index, follow, max-snippet:-1, max-image-preview:large, max-video-preview:-1\" \/>\n<link rel=\"canonical\" href=\"https:\/\/leregardlibre.com\/de\/gesellschaft\/medien\/hundert-folgen-und-so-viele-abenteuer\/\" \/>\n<meta property=\"og:locale\" content=\"de_DE\" \/>\n<meta property=\"og:type\" content=\"article\" \/>\n<meta property=\"og:title\" content=\"Cent num\u00e9ros et tant d\u2019aventures\" \/>\n<meta property=\"og:description\" content=\"Cent num\u00e9ros plus tard, Le Regard Libre n\u2019a chang\u00e9 ni de nom ni de mission. Mais il est devenu un magazine install\u00e9 sur la sc\u00e8ne m\u00e9diatique.\" \/>\n<meta property=\"og:url\" content=\"https:\/\/leregardlibre.com\/de\/gesellschaft\/medien\/hundert-folgen-und-so-viele-abenteuer\/\" \/>\n<meta property=\"og:site_name\" content=\"Le Regard Libre\" \/>\n<meta property=\"article:publisher\" content=\"https:\/\/www.facebook.com\/leregardlibre\/\" \/>\n<meta property=\"article:author\" content=\"https:\/\/www.facebook.com\/jonas.follonier\/\" \/>\n<meta property=\"article:published_time\" content=\"2023-11-03T05:00:00+00:00\" \/>\n<meta property=\"article:modified_time\" content=\"2024-02-04T09:37:28+00:00\" \/>\n<meta property=\"og:image\" content=\"https:\/\/leregardlibre.com\/wp-content\/uploads\/2023\/11\/le-regard-libre-fete-son-100e-numero-ici-jonas-follonier-fondateur-et-redacteur-en-chef-du-mensuel--daniel-wittmer-e1698919238676-1024x683.jpeg\" \/>\n\t<meta property=\"og:image:width\" content=\"1024\" \/>\n\t<meta property=\"og:image:height\" content=\"683\" \/>\n\t<meta property=\"og:image:type\" content=\"image\/jpeg\" \/>\n<meta name=\"author\" content=\"Jonas Follonier\" \/>\n<meta name=\"twitter:card\" content=\"summary_large_image\" \/>\n<meta name=\"twitter:creator\" content=\"@LeRegardLibre\" \/>\n<meta name=\"twitter:site\" content=\"@LeRegardLibre\" \/>\n<meta name=\"twitter:label1\" content=\"Verfasst von\" \/>\n\t<meta name=\"twitter:data1\" content=\"Jonas Follonier\" \/>\n\t<meta name=\"twitter:label2\" content=\"Gesch\u00e4tzte Lesezeit\" \/>\n\t<meta name=\"twitter:data2\" content=\"7\u00a0Minuten\" \/>\n<script type=\"application\/ld+json\" class=\"yoast-schema-graph\">{\"@context\":\"https:\\\/\\\/schema.org\",\"@graph\":[{\"@type\":\"Article\",\"@id\":\"https:\\\/\\\/leregardlibre.com\\\/societe\\\/medias\\\/cent-numeros-et-tant-daventures\\\/#article\",\"isPartOf\":{\"@id\":\"https:\\\/\\\/leregardlibre.com\\\/societe\\\/medias\\\/cent-numeros-et-tant-daventures\\\/\"},\"author\":{\"name\":\"Jonas Follonier\",\"@id\":\"https:\\\/\\\/leregardlibre.com\\\/#\\\/schema\\\/person\\\/bfe5aa794a23be71485d60e2d93ec0d2\"},\"headline\":\"Cent num\u00e9ros et tant d\u2019aventures\",\"datePublished\":\"2023-11-03T05:00:00+00:00\",\"dateModified\":\"2024-02-04T09:37:28+00:00\",\"mainEntityOfPage\":{\"@id\":\"https:\\\/\\\/leregardlibre.com\\\/societe\\\/medias\\\/cent-numeros-et-tant-daventures\\\/\"},\"wordCount\":1528,\"commentCount\":0,\"publisher\":{\"@id\":\"https:\\\/\\\/leregardlibre.com\\\/#organization\"},\"image\":{\"@id\":\"https:\\\/\\\/leregardlibre.com\\\/societe\\\/medias\\\/cent-numeros-et-tant-daventures\\\/#primaryimage\"},\"thumbnailUrl\":\"https:\\\/\\\/leregardlibre.com\\\/wp-content\\\/uploads\\\/2023\\\/11\\\/le-regard-libre-fete-son-100e-numero-ici-jonas-follonier-fondateur-et-redacteur-en-chef-du-mensuel--daniel-wittmer-e1698919238676.jpeg\",\"keywords\":[\"D\u00e9bat d\u2019id\u00e9es\",\"Journalisme\"],\"articleSection\":[\"M\u00e9dias\"],\"inLanguage\":\"de\",\"potentialAction\":[{\"@type\":\"CommentAction\",\"name\":\"Comment\",\"target\":[\"https:\\\/\\\/leregardlibre.com\\\/societe\\\/medias\\\/cent-numeros-et-tant-daventures\\\/#respond\"]}]},{\"@type\":\"WebPage\",\"@id\":\"https:\\\/\\\/leregardlibre.com\\\/societe\\\/medias\\\/cent-numeros-et-tant-daventures\\\/\",\"url\":\"https:\\\/\\\/leregardlibre.com\\\/societe\\\/medias\\\/cent-numeros-et-tant-daventures\\\/\",\"name\":\"Le Regard Libre: cent num\u00e9ros et tant d\u2019aventures\",\"isPartOf\":{\"@id\":\"https:\\\/\\\/leregardlibre.com\\\/#website\"},\"primaryImageOfPage\":{\"@id\":\"https:\\\/\\\/leregardlibre.com\\\/societe\\\/medias\\\/cent-numeros-et-tant-daventures\\\/#primaryimage\"},\"image\":{\"@id\":\"https:\\\/\\\/leregardlibre.com\\\/societe\\\/medias\\\/cent-numeros-et-tant-daventures\\\/#primaryimage\"},\"thumbnailUrl\":\"https:\\\/\\\/leregardlibre.com\\\/wp-content\\\/uploads\\\/2023\\\/11\\\/le-regard-libre-fete-son-100e-numero-ici-jonas-follonier-fondateur-et-redacteur-en-chef-du-mensuel--daniel-wittmer-e1698919238676.jpeg\",\"datePublished\":\"2023-11-03T05:00:00+00:00\",\"dateModified\":\"2024-02-04T09:37:28+00:00\",\"description\":\"Cent num\u00e9ros plus tard, Le Regard Libre n\u2019a chang\u00e9 ni de nom ni de mission. Mais il est devenu un magazine install\u00e9 sur la sc\u00e8ne m\u00e9diatique.\",\"breadcrumb\":{\"@id\":\"https:\\\/\\\/leregardlibre.com\\\/societe\\\/medias\\\/cent-numeros-et-tant-daventures\\\/#breadcrumb\"},\"inLanguage\":\"de\",\"potentialAction\":[{\"@type\":\"ReadAction\",\"target\":[\"https:\\\/\\\/leregardlibre.com\\\/societe\\\/medias\\\/cent-numeros-et-tant-daventures\\\/\"]}]},{\"@type\":\"ImageObject\",\"inLanguage\":\"de\",\"@id\":\"https:\\\/\\\/leregardlibre.com\\\/societe\\\/medias\\\/cent-numeros-et-tant-daventures\\\/#primaryimage\",\"url\":\"https:\\\/\\\/leregardlibre.com\\\/wp-content\\\/uploads\\\/2023\\\/11\\\/le-regard-libre-fete-son-100e-numero-ici-jonas-follonier-fondateur-et-redacteur-en-chef-du-mensuel--daniel-wittmer-e1698919238676.jpeg\",\"contentUrl\":\"https:\\\/\\\/leregardlibre.com\\\/wp-content\\\/uploads\\\/2023\\\/11\\\/le-regard-libre-fete-son-100e-numero-ici-jonas-follonier-fondateur-et-redacteur-en-chef-du-mensuel--daniel-wittmer-e1698919238676.jpeg\",\"width\":1920,\"height\":1280,\"caption\":\"Le Regard Libre f\u00eate son 100e num\u00e9ro (ici Jonas Follonier, fondateur et r\u00e9dacteur en chef du mensuel, dans son bureau) \u00a9 Daniel Wittmer\"},{\"@type\":\"BreadcrumbList\",\"@id\":\"https:\\\/\\\/leregardlibre.com\\\/societe\\\/medias\\\/cent-numeros-et-tant-daventures\\\/#breadcrumb\",\"itemListElement\":[{\"@type\":\"ListItem\",\"position\":1,\"name\":\"Accueil\",\"item\":\"https:\\\/\\\/leregardlibre.com\\\/\"},{\"@type\":\"ListItem\",\"position\":2,\"name\":\"Cent num\u00e9ros et tant d\u2019aventures\"}]},{\"@type\":\"WebSite\",\"@id\":\"https:\\\/\\\/leregardlibre.com\\\/#website\",\"url\":\"https:\\\/\\\/leregardlibre.com\\\/\",\"name\":\"Le Regard Libre\",\"description\":\"Premier mensuel suisse de d\u00e9bat\",\"publisher\":{\"@id\":\"https:\\\/\\\/leregardlibre.com\\\/#organization\"},\"potentialAction\":[{\"@type\":\"SearchAction\",\"target\":{\"@type\":\"EntryPoint\",\"urlTemplate\":\"https:\\\/\\\/leregardlibre.com\\\/?s={search_term_string}\"},\"query-input\":{\"@type\":\"PropertyValueSpecification\",\"valueRequired\":true,\"valueName\":\"search_term_string\"}}],\"inLanguage\":\"de\"},{\"@type\":\"Organization\",\"@id\":\"https:\\\/\\\/leregardlibre.com\\\/#organization\",\"name\":\"Le Regard Libre\",\"url\":\"https:\\\/\\\/leregardlibre.com\\\/\",\"logo\":{\"@type\":\"ImageObject\",\"inLanguage\":\"de\",\"@id\":\"https:\\\/\\\/leregardlibre.com\\\/#\\\/schema\\\/logo\\\/image\\\/\",\"url\":\"https:\\\/\\\/leregardlibre.com\\\/wp-content\\\/uploads\\\/2025\\\/08\\\/logo-rl-icone-neg.jpeg\",\"contentUrl\":\"https:\\\/\\\/leregardlibre.com\\\/wp-content\\\/uploads\\\/2025\\\/08\\\/logo-rl-icone-neg.jpeg\",\"width\":557,\"height\":556,\"caption\":\"Le Regard Libre\"},\"image\":{\"@id\":\"https:\\\/\\\/leregardlibre.com\\\/#\\\/schema\\\/logo\\\/image\\\/\"},\"sameAs\":[\"https:\\\/\\\/www.facebook.com\\\/leregardlibre\\\/\",\"https:\\\/\\\/x.com\\\/LeRegardLibre\",\"https:\\\/\\\/www.linkedin.com\\\/company\\\/le-regard-libre\",\"https:\\\/\\\/www.instagram.com\\\/leregardlibre\\\/\",\"http:\\\/\\\/t.me\\\/leregardlibre\",\"https:\\\/\\\/youtube.com\\\/channel\\\/UC6HzGPomj1LsUmlz-sJtITQ\"],\"description\":\"Le Regard Libre est un mensuel suisse de d\u00e9bat intellectuel et culturel. Sa r\u00e9daction est jeune, b\u00e9n\u00e9vole, lib\u00e9rale et pluraliste. Le magazine para\u00eet en ligne et sous forme papier. Sa langue est le fran\u00e7ais.\",\"email\":\"redaction@leregardlibre.com\",\"legalName\":\"Le Regard Libre\",\"foundingDate\":\"2014-01-01\",\"numberOfEmployees\":{\"@type\":\"QuantitativeValue\",\"minValue\":\"11\",\"maxValue\":\"50\"},\"publishingPrinciples\":\"https:\\\/\\\/leregardlibre.com\\\/a-propos\\\/notre-manifeste\\\/\",\"ownershipFundingInfo\":\"https:\\\/\\\/leregardlibre.com\\\/mentions-legales\\\/\",\"actionableFeedbackPolicy\":\"https:\\\/\\\/leregardlibre.com\\\/conditions-generales-de-vente\\\/\"},{\"@type\":\"Person\",\"@id\":\"https:\\\/\\\/leregardlibre.com\\\/#\\\/schema\\\/person\\\/bfe5aa794a23be71485d60e2d93ec0d2\",\"name\":\"Jonas Follonier\",\"image\":{\"@type\":\"ImageObject\",\"inLanguage\":\"de\",\"@id\":\"https:\\\/\\\/secure.gravatar.com\\\/avatar\\\/602060b40f6a458420c2d140f49b6caea99152ce6704f2c332e5a0c5aad80303?s=96&d=identicon&r=g\",\"url\":\"https:\\\/\\\/secure.gravatar.com\\\/avatar\\\/602060b40f6a458420c2d140f49b6caea99152ce6704f2c332e5a0c5aad80303?s=96&d=identicon&r=g\",\"contentUrl\":\"https:\\\/\\\/secure.gravatar.com\\\/avatar\\\/602060b40f6a458420c2d140f49b6caea99152ce6704f2c332e5a0c5aad80303?s=96&d=identicon&r=g\",\"caption\":\"Jonas Follonier\"},\"description\":\"R\u00e9dacteur en chef de \u00abL\u2019Agefi\u00bb et essayiste, Jonas Follonier est le fondateur et pr\u00e9sident du \u00abRegard Libre\u00bb.\",\"sameAs\":[\"https:\\\/\\\/www.facebook.com\\\/jonas.follonier\\\/\",\"https:\\\/\\\/www.instagram.com\\\/jonasfollonier\\\/\",\"https:\\\/\\\/www.linkedin.com\\\/in\\\/jonasfollonier\\\/\",\"https:\\\/\\\/fr.wikipedia.org\\\/wiki\\\/Le_Regard_libre\"],\"url\":\"https:\\\/\\\/leregardlibre.com\\\/de\\\/author\\\/jonas-follonier\\\/\"}]}<\/script>\n<!-- \/ Yoast SEO Premium plugin. -->","yoast_head_json":{"title":"\u201eLe Regard Libre\u201c: hundert Ausgaben und so viele Abenteuer","description":"Hundert Ausgaben sp\u00e4ter hat \u201eLe Regard Libre\u201c weder seinen Namen noch sein Leitbild ge\u00e4ndert. Doch es hat sich zu einer festen Gr\u00f6\u00dfe in der Medienlandschaft entwickelt.","robots":{"index":"index","follow":"follow","max-snippet":"max-snippet:-1","max-image-preview":"max-image-preview:large","max-video-preview":"max-video-preview:-1"},"canonical":"https:\/\/leregardlibre.com\/de\/gesellschaft\/medien\/hundert-folgen-und-so-viele-abenteuer\/","og_locale":"de_DE","og_type":"article","og_title":"Cent num\u00e9ros et tant d\u2019aventures","og_description":"Cent num\u00e9ros plus tard, Le Regard Libre n\u2019a chang\u00e9 ni de nom ni de mission. Mais il est devenu un magazine install\u00e9 sur la sc\u00e8ne m\u00e9diatique.","og_url":"https:\/\/leregardlibre.com\/de\/gesellschaft\/medien\/hundert-folgen-und-so-viele-abenteuer\/","og_site_name":"Le Regard Libre","article_publisher":"https:\/\/www.facebook.com\/leregardlibre\/","article_author":"https:\/\/www.facebook.com\/jonas.follonier\/","article_published_time":"2023-11-03T05:00:00+00:00","article_modified_time":"2024-02-04T09:37:28+00:00","og_image":[{"width":1024,"height":683,"url":"https:\/\/leregardlibre.com\/wp-content\/uploads\/2023\/11\/le-regard-libre-fete-son-100e-numero-ici-jonas-follonier-fondateur-et-redacteur-en-chef-du-mensuel--daniel-wittmer-e1698919238676-1024x683.jpeg","type":"image\/jpeg"}],"author":"Jonas Follonier","twitter_card":"summary_large_image","twitter_creator":"@LeRegardLibre","twitter_site":"@LeRegardLibre","twitter_misc":{"Verfasst von":"Jonas Follonier","Gesch\u00e4tzte Lesezeit":"7\u00a0Minuten"},"schema":{"@context":"https:\/\/schema.org","@graph":[{"@type":"Article","@id":"https:\/\/leregardlibre.com\/societe\/medias\/cent-numeros-et-tant-daventures\/#article","isPartOf":{"@id":"https:\/\/leregardlibre.com\/societe\/medias\/cent-numeros-et-tant-daventures\/"},"author":{"name":"Jonas Follonier","@id":"https:\/\/leregardlibre.com\/#\/schema\/person\/bfe5aa794a23be71485d60e2d93ec0d2"},"headline":"Cent num\u00e9ros et tant d\u2019aventures","datePublished":"2023-11-03T05:00:00+00:00","dateModified":"2024-02-04T09:37:28+00:00","mainEntityOfPage":{"@id":"https:\/\/leregardlibre.com\/societe\/medias\/cent-numeros-et-tant-daventures\/"},"wordCount":1528,"commentCount":0,"publisher":{"@id":"https:\/\/leregardlibre.com\/#organization"},"image":{"@id":"https:\/\/leregardlibre.com\/societe\/medias\/cent-numeros-et-tant-daventures\/#primaryimage"},"thumbnailUrl":"https:\/\/leregardlibre.com\/wp-content\/uploads\/2023\/11\/le-regard-libre-fete-son-100e-numero-ici-jonas-follonier-fondateur-et-redacteur-en-chef-du-mensuel--daniel-wittmer-e1698919238676.jpeg","keywords":["D\u00e9bat d\u2019id\u00e9es","Journalisme"],"articleSection":["M\u00e9dias"],"inLanguage":"de","potentialAction":[{"@type":"CommentAction","name":"Comment","target":["https:\/\/leregardlibre.com\/societe\/medias\/cent-numeros-et-tant-daventures\/#respond"]}]},{"@type":"WebPage","@id":"https:\/\/leregardlibre.com\/societe\/medias\/cent-numeros-et-tant-daventures\/","url":"https:\/\/leregardlibre.com\/societe\/medias\/cent-numeros-et-tant-daventures\/","name":"\u201eLe Regard Libre\u201c: hundert Ausgaben und so viele Abenteuer","isPartOf":{"@id":"https:\/\/leregardlibre.com\/#website"},"primaryImageOfPage":{"@id":"https:\/\/leregardlibre.com\/societe\/medias\/cent-numeros-et-tant-daventures\/#primaryimage"},"image":{"@id":"https:\/\/leregardlibre.com\/societe\/medias\/cent-numeros-et-tant-daventures\/#primaryimage"},"thumbnailUrl":"https:\/\/leregardlibre.com\/wp-content\/uploads\/2023\/11\/le-regard-libre-fete-son-100e-numero-ici-jonas-follonier-fondateur-et-redacteur-en-chef-du-mensuel--daniel-wittmer-e1698919238676.jpeg","datePublished":"2023-11-03T05:00:00+00:00","dateModified":"2024-02-04T09:37:28+00:00","description":"Hundert Ausgaben sp\u00e4ter hat \u201eLe Regard Libre\u201c weder seinen Namen noch sein Leitbild ge\u00e4ndert. Doch es hat sich zu einer festen Gr\u00f6\u00dfe in der Medienlandschaft entwickelt.","breadcrumb":{"@id":"https:\/\/leregardlibre.com\/societe\/medias\/cent-numeros-et-tant-daventures\/#breadcrumb"},"inLanguage":"de","potentialAction":[{"@type":"ReadAction","target":["https:\/\/leregardlibre.com\/societe\/medias\/cent-numeros-et-tant-daventures\/"]}]},{"@type":"ImageObject","inLanguage":"de","@id":"https:\/\/leregardlibre.com\/societe\/medias\/cent-numeros-et-tant-daventures\/#primaryimage","url":"https:\/\/leregardlibre.com\/wp-content\/uploads\/2023\/11\/le-regard-libre-fete-son-100e-numero-ici-jonas-follonier-fondateur-et-redacteur-en-chef-du-mensuel--daniel-wittmer-e1698919238676.jpeg","contentUrl":"https:\/\/leregardlibre.com\/wp-content\/uploads\/2023\/11\/le-regard-libre-fete-son-100e-numero-ici-jonas-follonier-fondateur-et-redacteur-en-chef-du-mensuel--daniel-wittmer-e1698919238676.jpeg","width":1920,"height":1280,"caption":"Le Regard Libre f\u00eate son 100e num\u00e9ro (ici Jonas Follonier, fondateur et r\u00e9dacteur en chef du mensuel, dans son bureau) \u00a9 Daniel Wittmer"},{"@type":"BreadcrumbList","@id":"https:\/\/leregardlibre.com\/societe\/medias\/cent-numeros-et-tant-daventures\/#breadcrumb","itemListElement":[{"@type":"ListItem","position":1,"name":"Accueil","item":"https:\/\/leregardlibre.com\/"},{"@type":"ListItem","position":2,"name":"Cent num\u00e9ros et tant d\u2019aventures"}]},{"@type":"WebSite","@id":"https:\/\/leregardlibre.com\/#website","url":"https:\/\/leregardlibre.com\/","name":"Le Regard Libre","description":"Erste Schweizer Monatszeitschrift f\u00fcr Debatten","publisher":{"@id":"https:\/\/leregardlibre.com\/#organization"},"potentialAction":[{"@type":"SearchAction","target":{"@type":"EntryPoint","urlTemplate":"https:\/\/leregardlibre.com\/?s={search_term_string}"},"query-input":{"@type":"PropertyValueSpecification","valueRequired":true,"valueName":"search_term_string"}}],"inLanguage":"de"},{"@type":"Organization","@id":"https:\/\/leregardlibre.com\/#organization","name":"Le Regard Libre","url":"https:\/\/leregardlibre.com\/","logo":{"@type":"ImageObject","inLanguage":"de","@id":"https:\/\/leregardlibre.com\/#\/schema\/logo\/image\/","url":"https:\/\/leregardlibre.com\/wp-content\/uploads\/2025\/08\/logo-rl-icone-neg.jpeg","contentUrl":"https:\/\/leregardlibre.com\/wp-content\/uploads\/2025\/08\/logo-rl-icone-neg.jpeg","width":557,"height":556,"caption":"Le Regard Libre"},"image":{"@id":"https:\/\/leregardlibre.com\/#\/schema\/logo\/image\/"},"sameAs":["https:\/\/www.facebook.com\/leregardlibre\/","https:\/\/x.com\/LeRegardLibre","https:\/\/www.linkedin.com\/company\/le-regard-libre","https:\/\/www.instagram.com\/leregardlibre\/","http:\/\/t.me\/leregardlibre","https:\/\/youtube.com\/channel\/UC6HzGPomj1LsUmlz-sJtITQ"],"description":"Le Regard Libre ist eine Schweizer Monatszeitschrift f\u00fcr intellektuelle und kulturelle Debatten. Seine Redaktion ist jung, ehrenamtlich, liberal und pluralistisch. Das Magazin erscheint online und in gedruckter Form. Seine Sprache ist Franz\u00f6sisch.","email":"redaction@leregardlibre.com","legalName":"Le Regard Libre","foundingDate":"2014-01-01","numberOfEmployees":{"@type":"QuantitativeValue","minValue":"11","maxValue":"50"},"publishingPrinciples":"https:\/\/leregardlibre.com\/a-propos\/notre-manifeste\/","ownershipFundingInfo":"https:\/\/leregardlibre.com\/mentions-legales\/","actionableFeedbackPolicy":"https:\/\/leregardlibre.com\/conditions-generales-de-vente\/"},{"@type":"Person","@id":"https:\/\/leregardlibre.com\/#\/schema\/person\/bfe5aa794a23be71485d60e2d93ec0d2","name":"Jonas Follonier","image":{"@type":"ImageObject","inLanguage":"de","@id":"https:\/\/secure.gravatar.com\/avatar\/602060b40f6a458420c2d140f49b6caea99152ce6704f2c332e5a0c5aad80303?s=96&d=identicon&r=g","url":"https:\/\/secure.gravatar.com\/avatar\/602060b40f6a458420c2d140f49b6caea99152ce6704f2c332e5a0c5aad80303?s=96&d=identicon&r=g","contentUrl":"https:\/\/secure.gravatar.com\/avatar\/602060b40f6a458420c2d140f49b6caea99152ce6704f2c332e5a0c5aad80303?s=96&d=identicon&r=g","caption":"Jonas Follonier"},"description":"Jonas Follonier ist Chefredakteur von \u00abL\u2019Agefi\u00bb und Essayist sowie Gr\u00fcnder und Vorsitzender von \u00abRegard Libre\u00bb.","sameAs":["https:\/\/www.facebook.com\/jonas.follonier\/","https:\/\/www.instagram.com\/jonasfollonier\/","https:\/\/www.linkedin.com\/in\/jonasfollonier\/","https:\/\/fr.wikipedia.org\/wiki\/Le_Regard_libre"],"url":"https:\/\/leregardlibre.com\/de\/author\/jonas-follonier\/"}]}},"_links":{"self":[{"href":"https:\/\/leregardlibre.com\/de\/wp-json\/wp\/v2\/posts\/521040","targetHints":{"allow":["GET"]}}],"collection":[{"href":"https:\/\/leregardlibre.com\/de\/wp-json\/wp\/v2\/posts"}],"about":[{"href":"https:\/\/leregardlibre.com\/de\/wp-json\/wp\/v2\/types\/post"}],"author":[{"embeddable":true,"href":"https:\/\/leregardlibre.com\/de\/wp-json\/wp\/v2\/users\/138"}],"replies":[{"embeddable":true,"href":"https:\/\/leregardlibre.com\/de\/wp-json\/wp\/v2\/comments?post=521040"}],"version-history":[{"count":2,"href":"https:\/\/leregardlibre.com\/de\/wp-json\/wp\/v2\/posts\/521040\/revisions"}],"predecessor-version":[{"id":522147,"href":"https:\/\/leregardlibre.com\/de\/wp-json\/wp\/v2\/posts\/521040\/revisions\/522147"}],"wp:featuredmedia":[{"embeddable":true,"href":"https:\/\/leregardlibre.com\/de\/wp-json\/wp\/v2\/media\/521041"}],"wp:attachment":[{"href":"https:\/\/leregardlibre.com\/de\/wp-json\/wp\/v2\/media?parent=521040"}],"wp:term":[{"taxonomy":"category","embeddable":true,"href":"https:\/\/leregardlibre.com\/de\/wp-json\/wp\/v2\/categories?post=521040"},{"taxonomy":"post_tag","embeddable":true,"href":"https:\/\/leregardlibre.com\/de\/wp-json\/wp\/v2\/tags?post=521040"}],"curies":[{"name":"wp","href":"https:\/\/api.w.org\/{rel}","templated":true}]}}