{"id":522628,"date":"2024-03-06T06:00:00","date_gmt":"2024-03-06T05:00:00","guid":{"rendered":"https:\/\/leregardlibre.com\/?p=522628"},"modified":"2024-03-10T12:20:00","modified_gmt":"2024-03-10T11:20:00","slug":"die-befreiung-der-frauen-beginnt-mit-dem-industriekapitalismus","status":"publish","type":"post","link":"https:\/\/leregardlibre.com\/de\/politik\/die-befreiung-der-frauen-beginnt-mit-dem-industriekapitalismus\/","title":{"rendered":"\u00abDie Befreiung der Frau beginnt mit dem Industriekapitalismus\u00bb"},"content":{"rendered":"<div class='content_excerpt'>\n<p class=\"has-drop-cap\">Mit ihrem Essay Feminicene bringt Vera Nikolski frischen Wind in ein Thema, das von ideologischen Gegens\u00e4tzen gepr\u00e4gt ist. Das Buch befasst sich mit dem eigentlichen Grund f\u00fcr die positive Entwicklung der Stellung der Frau: die industrielle Revolution.<\/p>\n\n\n\n (mehr ...)\n    <div class='restricted_content_fade'><\/div>\n    <\/div>\n  <style>\n    .content_excerpt{\n      position: relative;\n    }\n    .content_excerpt .restricted_content_fade{\n      position: absolute;\n      bottom: 0;\n      left: 0;\n      right: 0;\n      height: 75px;\n\t  margin-bottom: 0px;\n      background-image: linear-gradient(#ffffff2e, white);\n    }\n\n    .restricted_content{\n      margin-top: 30px;\n      border: solid #dddddd 1px;\n      border-radius: 7px;\n      padding: 30px;\n    }\n    \n    .restricted_content .restricted_content_title{\n      font-size: 22px;\n      font-weight: 600;\n    }\n    .restricted_content .restricted_content_flex_row{\n      display: flex;\n      flex-direction: row;\n    }\n    .restricted_content .restricted_content_image_container{\n      flex: 3;\n    }\n    .restricted_content .restricted_content_flex_column{\n      flex: 4;\n      display: flex;\n      flex-direction: column;\n      margin-left: 40px;\n      justify-content: center;\n    }\n\n\n    .restricted_content_buttons{\n      display: flex;\n      flex-direction: column;\n      width: min-content;\n    }\n    .restricted_content_button{\n      background-color: #f2f2f2;\n      text-transform: uppercase;\n      font-weight: 600;\n      padding: 8px 40px;\n      text-align: center;\n      font-size: 13px;\n      margin-top: 10px;\n      width: max-content;\n      width: 100%;\n      white-space: nowrap;\n    }\n    .restricted_content_button:hover {\n      background-color: #111111;\n      color: white;\n      text-decoration: none !important;\n    }\n\n    .restricted_content_primary_button{\n      background-color: #1F2A68 !important;\n      color: white !important;\n    }\n    .restricted_content_primary_button:hover {\n      background-color: #111111;\n    }\n\n    .restricted_content_text{\n      margin-bottom: 10px;\n      line-height: 1.2;\n      font-weight: 500;\n      font-size: 16px;\n    }\n\n  \n  <\/style>\n  <div class='restricted_content'>\n    <h3 class='restricted_content_title'>Dieser Inhalt ist unseren Abonnenten vorbehalten.<\/h3>\n    <div class='restricted_content_flex_row'>\n      <div class='restricted_content_image_container'>\n        <img class='restricted_content_image' src='\/wp-content\/uploads\/2025\/08\/abo_physique.png' \/>\n      <\/div>\n      <div class='restricted_content_flex_column'>\n        <div class='restricted_content_text'>Wenn Sie ein Konto haben, loggen Sie sich ein. Ansonsten entdecken Sie unsere verschiedenen Abonnements und erstellen Sie ein Konto ab CHF 2.50 im ersten Monat.<\/div>\n        <div class='restricted_content_buttons'>\n          <a href='\/de\/abonnement\/' class='restricted_content_button restricted_content_primary_button'>Abonnements ansehen<\/a><a href='\/de\/mein-konto\/?redirect_to=https:\/\/leregardlibre.com\/de\/politik\/die-befreiung-der-frauen-beginnt-mit-dem-industriekapitalismus\/'class='restricted_content_button'>Sich anmelden<\/a><\/div>\n      <\/div>\n    <\/div>\n  <\/div>","protected":false},"excerpt":{"rendered":"<div class='content_excerpt'>\n<p class=\"has-drop-cap\">Mit ihrem Essay Feminicene bringt Vera Nikolski frischen Wind in ein Thema, das von ideologischen Gegens\u00e4tzen gepr\u00e4gt ist. Das Buch befasst sich mit dem eigentlichen Grund f\u00fcr die positive Entwicklung der Stellung der Frau: die industrielle Revolution.<\/p>\n<p> (mehr ...)<\/p>\n<div class='restricted_content_fade'><\/div>\n<\/p><\/div>\n<style>\n    .content_excerpt{\n      position: relative;\n    }\n    .content_excerpt .restricted_content_fade{\n      position: absolute;\n      bottom: 0;\n      left: 0;\n      right: 0;\n      height: 75px;\n\t  margin-bottom: 0px;\n      background-image: linear-gradient(#ffffff2e, white);\n    }<\/p>\n<p>    .restricted_content{\n      margin-top: 30px;\n      border: solid #dddddd 1px;\n      border-radius: 7px;\n      padding: 30px;\n    }<\/p>\n<p>    .restricted_content .restricted_content_title{\n      font-size: 22px;\n      font-weight: 600;\n    }\n    .restricted_content .restricted_content_flex_row{\n      display: flex;\n      flex-direction: row;\n    }\n    .restricted_content .restricted_content_image_container{\n      flex: 3;\n    }\n    .restricted_content .restricted_content_flex_column{\n      flex: 4;\n      display: flex;\n      flex-direction: column;\n      margin-left: 40px;\n      justify-content: center;\n    }<\/p>\n<p>    .restricted_content_buttons{\n      display: flex;\n      flex-direction: column;\n      width: min-content;\n    }\n    .restricted_content_button{\n      background-color: #f2f2f2;\n      text-transform: uppercase;\n      font-weight: 600;\n      padding: 8px 40px;\n      text-align: center;\n      font-size: 13px;\n      margin-top: 10px;\n      width: max-content;\n      width: 100%;\n      white-space: nowrap;\n    }\n    .restricted_content_button:hover {\n      background-color: #111111;\n      color: white;\n      text-decoration: none !important;\n    }<\/p>\n<p>    .restricted_content_primary_button{\n      background-color: #1F2A68 !important;\n      color: white !important;\n    }\n    .restricted_content_primary_button:hover {\n      background-color: #111111;\n    }<\/p>\n<p>    .restricted_content_text{\n      margin-bottom: 10px;\n      line-height: 1.2;\n      font-weight: 500;\n      font-size: 16px;\n    }<\/p>\n<\/style>\n<div class='restricted_content'>\n<h3 class='restricted_content_title'>Dieser Inhalt ist unseren Abonnenten vorbehalten.<\/h3>\n<div class='restricted_content_flex_row'>\n<div class='restricted_content_image_container'>\n        <img class='restricted_content_image' src='\/wp-content\/uploads\/2025\/08\/abo_physique.png' \/>\n      <\/div>\n<div class='restricted_content_flex_column'>\n<div class='restricted_content_text'>Wenn Sie ein Konto haben, loggen Sie sich ein. Ansonsten entdecken Sie unsere verschiedenen Abonnements und erstellen Sie ein Konto ab CHF 2.50 im ersten Monat.<\/div>\n<div class='restricted_content_buttons'>\n          <a href='\/de\/abonnement\/' class='restricted_content_button restricted_content_primary_button'>Abonnements ansehen<\/a><a href='\/de\/mein-konto\/?redirect_to=https:\/\/leregardlibre.com\/de\/politik\/die-befreiung-der-frauen-beginnt-mit-dem-industriekapitalismus\/'class='restricted_content_button'>Sich anmelden<\/a><\/div>\n<\/p><\/div>\n<\/p><\/div>\n<\/p><\/div>","protected":false},"author":314,"featured_media":522630,"comment_status":"open","ping_status":"closed","sticky":false,"template":"","format":"standard","meta":{"_acf_changed":false,"footnotes":""},"categories":[1001],"tags":[615812,644358374,14421,67793,11788,644356898,644358373],"class_list":["post-522628","post","type-post","status-publish","format-standard","has-post-thumbnail","hentry","category-politique","tag-capitalisme","tag-dossier-travail","tag-essais","tag-feminisme","tag-interviews","tag-militantisme","tag-revolution-industrielle","membership-content","access-restricted"],"acf":[],"yoast_head":"<!-- This site is optimized with the Yoast SEO Premium plugin v27.4 (Yoast SEO v27.4) - https:\/\/yoast.com\/product\/yoast-seo-premium-wordpress\/ -->\n<title>\u00abLa lib\u00e9ration des femmes d\u00e9marre avec le capitalisme industriel\u00bb<\/title>\n<meta name=\"description\" content=\"Avec \u00abF\u00e9minic\u00e8ne\u00bb, V\u00e9ra Nikolski apporte un vent de fra\u00eecheur sur un sujet min\u00e9 par les oppositions id\u00e9ologiques: la lib\u00e9ration des femmes.\" \/>\n<meta name=\"robots\" content=\"index, follow, max-snippet:-1, max-image-preview:large, max-video-preview:-1\" \/>\n<link rel=\"canonical\" href=\"https:\/\/leregardlibre.com\/de\/politik\/die-befreiung-der-frauen-beginnt-mit-dem-industriekapitalismus\/\" \/>\n<meta property=\"og:locale\" content=\"de_DE\" \/>\n<meta property=\"og:type\" content=\"article\" \/>\n<meta property=\"og:title\" content=\"\u00abLa lib\u00e9ration des femmes d\u00e9marre avec le capitalisme industriel\u00bb\" \/>\n<meta property=\"og:description\" content=\"Avec \u00abF\u00e9minic\u00e8ne\u00bb, V\u00e9ra Nikolski apporte un vent de fra\u00eecheur sur un sujet min\u00e9 par les oppositions id\u00e9ologiques: la lib\u00e9ration des femmes.\" \/>\n<meta property=\"og:url\" content=\"https:\/\/leregardlibre.com\/de\/politik\/die-befreiung-der-frauen-beginnt-mit-dem-industriekapitalismus\/\" \/>\n<meta property=\"og:site_name\" content=\"Le Regard Libre\" \/>\n<meta property=\"article:publisher\" content=\"https:\/\/www.facebook.com\/leregardlibre\/\" \/>\n<meta property=\"article:published_time\" content=\"2024-03-06T05:00:00+00:00\" \/>\n<meta property=\"article:modified_time\" content=\"2024-03-10T11:20:00+00:00\" \/>\n<meta property=\"og:image\" content=\"https:\/\/leregardlibre.com\/wp-content\/uploads\/2024\/03\/dsc_0832_leregardlibre_fevr--19-2024-e1709654332920.jpg\" \/>\n\t<meta property=\"og:image:width\" content=\"5415\" \/>\n\t<meta property=\"og:image:height\" content=\"3050\" \/>\n\t<meta property=\"og:image:type\" content=\"image\/jpeg\" \/>\n<meta name=\"author\" content=\"Nicolas Jutzet\" \/>\n<meta name=\"twitter:card\" content=\"summary_large_image\" \/>\n<meta name=\"twitter:creator\" content=\"@LeRegardLibre\" \/>\n<meta name=\"twitter:site\" content=\"@LeRegardLibre\" \/>\n<meta name=\"twitter:label1\" content=\"Verfasst von\" \/>\n\t<meta name=\"twitter:data1\" content=\"Nicolas Jutzet\" \/>\n\t<meta name=\"twitter:label2\" content=\"Gesch\u00e4tzte Lesezeit\" \/>\n\t<meta name=\"twitter:data2\" content=\"1\u00a0Minute\" \/>\n<script type=\"application\/ld+json\" class=\"yoast-schema-graph\">{\"@context\":\"https:\\\/\\\/schema.org\",\"@graph\":[{\"@type\":\"Article\",\"@id\":\"https:\\\/\\\/leregardlibre.com\\\/politique\\\/la-liberation-des-femmes-demarre-avec-le-capitalisme-industriel\\\/#article\",\"isPartOf\":{\"@id\":\"https:\\\/\\\/leregardlibre.com\\\/politique\\\/la-liberation-des-femmes-demarre-avec-le-capitalisme-industriel\\\/\"},\"author\":{\"name\":\"Nicolas Jutzet\",\"@id\":\"https:\\\/\\\/leregardlibre.com\\\/#\\\/schema\\\/person\\\/3446d3a78b45211305188d4401e7719a\"},\"headline\":\"\u00abLa lib\u00e9ration des femmes d\u00e9marre avec le capitalisme industriel\u00bb\",\"datePublished\":\"2024-03-06T05:00:00+00:00\",\"dateModified\":\"2024-03-10T11:20:00+00:00\",\"mainEntityOfPage\":{\"@id\":\"https:\\\/\\\/leregardlibre.com\\\/politique\\\/la-liberation-des-femmes-demarre-avec-le-capitalisme-industriel\\\/\"},\"wordCount\":3444,\"commentCount\":0,\"publisher\":{\"@id\":\"https:\\\/\\\/leregardlibre.com\\\/#organization\"},\"image\":{\"@id\":\"https:\\\/\\\/leregardlibre.com\\\/politique\\\/la-liberation-des-femmes-demarre-avec-le-capitalisme-industriel\\\/#primaryimage\"},\"thumbnailUrl\":\"https:\\\/\\\/leregardlibre.com\\\/wp-content\\\/uploads\\\/2024\\\/03\\\/dsc_0832_leregardlibre_fevr--19-2024-e1709654332920.jpg\",\"keywords\":[\"Capitalisme\",\"Dossier TRAVAIL\",\"Essai\",\"F\u00e9minisme\",\"Interview\",\"Militantisme\",\"R\u00e9volution industrielle\"],\"articleSection\":[\"Politique\"],\"inLanguage\":\"de\",\"potentialAction\":[{\"@type\":\"CommentAction\",\"name\":\"Comment\",\"target\":[\"https:\\\/\\\/leregardlibre.com\\\/politique\\\/la-liberation-des-femmes-demarre-avec-le-capitalisme-industriel\\\/#respond\"]}]},{\"@type\":\"WebPage\",\"@id\":\"https:\\\/\\\/leregardlibre.com\\\/politique\\\/la-liberation-des-femmes-demarre-avec-le-capitalisme-industriel\\\/\",\"url\":\"https:\\\/\\\/leregardlibre.com\\\/politique\\\/la-liberation-des-femmes-demarre-avec-le-capitalisme-industriel\\\/\",\"name\":\"\u00abLa lib\u00e9ration des femmes d\u00e9marre avec le capitalisme industriel\u00bb\",\"isPartOf\":{\"@id\":\"https:\\\/\\\/leregardlibre.com\\\/#website\"},\"primaryImageOfPage\":{\"@id\":\"https:\\\/\\\/leregardlibre.com\\\/politique\\\/la-liberation-des-femmes-demarre-avec-le-capitalisme-industriel\\\/#primaryimage\"},\"image\":{\"@id\":\"https:\\\/\\\/leregardlibre.com\\\/politique\\\/la-liberation-des-femmes-demarre-avec-le-capitalisme-industriel\\\/#primaryimage\"},\"thumbnailUrl\":\"https:\\\/\\\/leregardlibre.com\\\/wp-content\\\/uploads\\\/2024\\\/03\\\/dsc_0832_leregardlibre_fevr--19-2024-e1709654332920.jpg\",\"datePublished\":\"2024-03-06T05:00:00+00:00\",\"dateModified\":\"2024-03-10T11:20:00+00:00\",\"description\":\"Avec \u00abF\u00e9minic\u00e8ne\u00bb, V\u00e9ra Nikolski apporte un vent de fra\u00eecheur sur un sujet min\u00e9 par les oppositions id\u00e9ologiques: la lib\u00e9ration des femmes.\",\"breadcrumb\":{\"@id\":\"https:\\\/\\\/leregardlibre.com\\\/politique\\\/la-liberation-des-femmes-demarre-avec-le-capitalisme-industriel\\\/#breadcrumb\"},\"inLanguage\":\"de\",\"potentialAction\":[{\"@type\":\"ReadAction\",\"target\":[\"https:\\\/\\\/leregardlibre.com\\\/politique\\\/la-liberation-des-femmes-demarre-avec-le-capitalisme-industriel\\\/\"]}]},{\"@type\":\"ImageObject\",\"inLanguage\":\"de\",\"@id\":\"https:\\\/\\\/leregardlibre.com\\\/politique\\\/la-liberation-des-femmes-demarre-avec-le-capitalisme-industriel\\\/#primaryimage\",\"url\":\"https:\\\/\\\/leregardlibre.com\\\/wp-content\\\/uploads\\\/2024\\\/03\\\/dsc_0832_leregardlibre_fevr--19-2024-e1709654332920.jpg\",\"contentUrl\":\"https:\\\/\\\/leregardlibre.com\\\/wp-content\\\/uploads\\\/2024\\\/03\\\/dsc_0832_leregardlibre_fevr--19-2024-e1709654332920.jpg\",\"width\":5415,\"height\":3050,\"caption\":\"L\u2019essayiste fran\u00e7ais V\u00e9ra Nikolski \u00a9 Adrien Largemain pour Le Regard Libre [Paris]\"},{\"@type\":\"BreadcrumbList\",\"@id\":\"https:\\\/\\\/leregardlibre.com\\\/politique\\\/la-liberation-des-femmes-demarre-avec-le-capitalisme-industriel\\\/#breadcrumb\",\"itemListElement\":[{\"@type\":\"ListItem\",\"position\":1,\"name\":\"Accueil\",\"item\":\"https:\\\/\\\/leregardlibre.com\\\/\"},{\"@type\":\"ListItem\",\"position\":2,\"name\":\"\u00abLa lib\u00e9ration des femmes d\u00e9marre avec le capitalisme industriel\u00bb\"}]},{\"@type\":\"WebSite\",\"@id\":\"https:\\\/\\\/leregardlibre.com\\\/#website\",\"url\":\"https:\\\/\\\/leregardlibre.com\\\/\",\"name\":\"Le Regard Libre\",\"description\":\"Premier mensuel suisse de d\u00e9bat\",\"publisher\":{\"@id\":\"https:\\\/\\\/leregardlibre.com\\\/#organization\"},\"potentialAction\":[{\"@type\":\"SearchAction\",\"target\":{\"@type\":\"EntryPoint\",\"urlTemplate\":\"https:\\\/\\\/leregardlibre.com\\\/?s={search_term_string}\"},\"query-input\":{\"@type\":\"PropertyValueSpecification\",\"valueRequired\":true,\"valueName\":\"search_term_string\"}}],\"inLanguage\":\"de\"},{\"@type\":\"Organization\",\"@id\":\"https:\\\/\\\/leregardlibre.com\\\/#organization\",\"name\":\"Le Regard Libre\",\"url\":\"https:\\\/\\\/leregardlibre.com\\\/\",\"logo\":{\"@type\":\"ImageObject\",\"inLanguage\":\"de\",\"@id\":\"https:\\\/\\\/leregardlibre.com\\\/#\\\/schema\\\/logo\\\/image\\\/\",\"url\":\"https:\\\/\\\/leregardlibre.com\\\/wp-content\\\/uploads\\\/2025\\\/08\\\/logo-rl-icone-neg.jpeg\",\"contentUrl\":\"https:\\\/\\\/leregardlibre.com\\\/wp-content\\\/uploads\\\/2025\\\/08\\\/logo-rl-icone-neg.jpeg\",\"width\":557,\"height\":556,\"caption\":\"Le Regard Libre\"},\"image\":{\"@id\":\"https:\\\/\\\/leregardlibre.com\\\/#\\\/schema\\\/logo\\\/image\\\/\"},\"sameAs\":[\"https:\\\/\\\/www.facebook.com\\\/leregardlibre\\\/\",\"https:\\\/\\\/x.com\\\/LeRegardLibre\",\"https:\\\/\\\/www.linkedin.com\\\/company\\\/le-regard-libre\",\"https:\\\/\\\/www.instagram.com\\\/leregardlibre\\\/\",\"http:\\\/\\\/t.me\\\/leregardlibre\",\"https:\\\/\\\/youtube.com\\\/channel\\\/UC6HzGPomj1LsUmlz-sJtITQ\"],\"description\":\"Le Regard Libre est un mensuel suisse de d\u00e9bat intellectuel et culturel. Sa r\u00e9daction est jeune, b\u00e9n\u00e9vole, lib\u00e9rale et pluraliste. Le magazine para\u00eet en ligne et sous forme papier. Sa langue est le fran\u00e7ais.\",\"email\":\"redaction@leregardlibre.com\",\"legalName\":\"Le Regard Libre\",\"foundingDate\":\"2014-01-01\",\"numberOfEmployees\":{\"@type\":\"QuantitativeValue\",\"minValue\":\"11\",\"maxValue\":\"50\"},\"publishingPrinciples\":\"https:\\\/\\\/leregardlibre.com\\\/a-propos\\\/notre-manifeste\\\/\",\"ownershipFundingInfo\":\"https:\\\/\\\/leregardlibre.com\\\/mentions-legales\\\/\",\"actionableFeedbackPolicy\":\"https:\\\/\\\/leregardlibre.com\\\/conditions-generales-de-vente\\\/\"},{\"@type\":\"Person\",\"@id\":\"https:\\\/\\\/leregardlibre.com\\\/#\\\/schema\\\/person\\\/3446d3a78b45211305188d4401e7719a\",\"name\":\"Nicolas Jutzet\",\"image\":{\"@type\":\"ImageObject\",\"inLanguage\":\"de\",\"@id\":\"https:\\\/\\\/secure.gravatar.com\\\/avatar\\\/0051d940078d390e50a5e700a6c653e3776f3a164b8878a91d3c09ee3a174239?s=96&d=identicon&r=g\",\"url\":\"https:\\\/\\\/secure.gravatar.com\\\/avatar\\\/0051d940078d390e50a5e700a6c653e3776f3a164b8878a91d3c09ee3a174239?s=96&d=identicon&r=g\",\"contentUrl\":\"https:\\\/\\\/secure.gravatar.com\\\/avatar\\\/0051d940078d390e50a5e700a6c653e3776f3a164b8878a91d3c09ee3a174239?s=96&d=identicon&r=g\",\"caption\":\"Nicolas Jutzet\"},\"description\":\"Co-fondateur du m\u00e9dia Liber-th\u00e9, Nicolas Jutzet est vice-directeur de l\u2019Institut lib\u00e9ral, en Suisse.\",\"sameAs\":[\"https:\\\/\\\/nicolasjutzet.ch\\\/a-propos\\\/\",\"https:\\\/\\\/fr.wikipedia.org\\\/wiki\\\/Le_Regard_libre\"],\"url\":\"https:\\\/\\\/leregardlibre.com\\\/de\\\/author\\\/nicolas-jutzet\\\/\"}]}<\/script>\n<!-- \/ Yoast SEO Premium plugin. -->","yoast_head_json":{"title":"\u00abDie Befreiung der Frau beginnt mit dem Industriekapitalismus\u00bb","description":"Mit \u00abFeminicene\u00bb bringt Vera Nikolski frischen Wind in ein Thema, das von ideologischen Gegens\u00e4tzen gepr\u00e4gt ist: die Befreiung der Frau.","robots":{"index":"index","follow":"follow","max-snippet":"max-snippet:-1","max-image-preview":"max-image-preview:large","max-video-preview":"max-video-preview:-1"},"canonical":"https:\/\/leregardlibre.com\/de\/politik\/die-befreiung-der-frauen-beginnt-mit-dem-industriekapitalismus\/","og_locale":"de_DE","og_type":"article","og_title":"\u00abLa lib\u00e9ration des femmes d\u00e9marre avec le capitalisme industriel\u00bb","og_description":"Avec \u00abF\u00e9minic\u00e8ne\u00bb, V\u00e9ra Nikolski apporte un vent de fra\u00eecheur sur un sujet min\u00e9 par les oppositions id\u00e9ologiques: la lib\u00e9ration des femmes.","og_url":"https:\/\/leregardlibre.com\/de\/politik\/die-befreiung-der-frauen-beginnt-mit-dem-industriekapitalismus\/","og_site_name":"Le Regard Libre","article_publisher":"https:\/\/www.facebook.com\/leregardlibre\/","article_published_time":"2024-03-06T05:00:00+00:00","article_modified_time":"2024-03-10T11:20:00+00:00","og_image":[{"width":5415,"height":3050,"url":"https:\/\/leregardlibre.com\/wp-content\/uploads\/2024\/03\/dsc_0832_leregardlibre_fevr--19-2024-e1709654332920.jpg","type":"image\/jpeg"}],"author":"Nicolas Jutzet","twitter_card":"summary_large_image","twitter_creator":"@LeRegardLibre","twitter_site":"@LeRegardLibre","twitter_misc":{"Verfasst von":"Nicolas Jutzet","Gesch\u00e4tzte Lesezeit":"1\u00a0Minute"},"schema":{"@context":"https:\/\/schema.org","@graph":[{"@type":"Article","@id":"https:\/\/leregardlibre.com\/politique\/la-liberation-des-femmes-demarre-avec-le-capitalisme-industriel\/#article","isPartOf":{"@id":"https:\/\/leregardlibre.com\/politique\/la-liberation-des-femmes-demarre-avec-le-capitalisme-industriel\/"},"author":{"name":"Nicolas Jutzet","@id":"https:\/\/leregardlibre.com\/#\/schema\/person\/3446d3a78b45211305188d4401e7719a"},"headline":"\u00abLa lib\u00e9ration des femmes d\u00e9marre avec le capitalisme industriel\u00bb","datePublished":"2024-03-06T05:00:00+00:00","dateModified":"2024-03-10T11:20:00+00:00","mainEntityOfPage":{"@id":"https:\/\/leregardlibre.com\/politique\/la-liberation-des-femmes-demarre-avec-le-capitalisme-industriel\/"},"wordCount":3444,"commentCount":0,"publisher":{"@id":"https:\/\/leregardlibre.com\/#organization"},"image":{"@id":"https:\/\/leregardlibre.com\/politique\/la-liberation-des-femmes-demarre-avec-le-capitalisme-industriel\/#primaryimage"},"thumbnailUrl":"https:\/\/leregardlibre.com\/wp-content\/uploads\/2024\/03\/dsc_0832_leregardlibre_fevr--19-2024-e1709654332920.jpg","keywords":["Capitalisme","Dossier TRAVAIL","Essai","F\u00e9minisme","Interview","Militantisme","R\u00e9volution industrielle"],"articleSection":["Politique"],"inLanguage":"de","potentialAction":[{"@type":"CommentAction","name":"Comment","target":["https:\/\/leregardlibre.com\/politique\/la-liberation-des-femmes-demarre-avec-le-capitalisme-industriel\/#respond"]}]},{"@type":"WebPage","@id":"https:\/\/leregardlibre.com\/politique\/la-liberation-des-femmes-demarre-avec-le-capitalisme-industriel\/","url":"https:\/\/leregardlibre.com\/politique\/la-liberation-des-femmes-demarre-avec-le-capitalisme-industriel\/","name":"\u00abDie Befreiung der Frau beginnt mit dem Industriekapitalismus\u00bb","isPartOf":{"@id":"https:\/\/leregardlibre.com\/#website"},"primaryImageOfPage":{"@id":"https:\/\/leregardlibre.com\/politique\/la-liberation-des-femmes-demarre-avec-le-capitalisme-industriel\/#primaryimage"},"image":{"@id":"https:\/\/leregardlibre.com\/politique\/la-liberation-des-femmes-demarre-avec-le-capitalisme-industriel\/#primaryimage"},"thumbnailUrl":"https:\/\/leregardlibre.com\/wp-content\/uploads\/2024\/03\/dsc_0832_leregardlibre_fevr--19-2024-e1709654332920.jpg","datePublished":"2024-03-06T05:00:00+00:00","dateModified":"2024-03-10T11:20:00+00:00","description":"Mit \u00abFeminicene\u00bb bringt Vera Nikolski frischen Wind in ein Thema, das von ideologischen Gegens\u00e4tzen gepr\u00e4gt ist: die Befreiung der Frau.","breadcrumb":{"@id":"https:\/\/leregardlibre.com\/politique\/la-liberation-des-femmes-demarre-avec-le-capitalisme-industriel\/#breadcrumb"},"inLanguage":"de","potentialAction":[{"@type":"ReadAction","target":["https:\/\/leregardlibre.com\/politique\/la-liberation-des-femmes-demarre-avec-le-capitalisme-industriel\/"]}]},{"@type":"ImageObject","inLanguage":"de","@id":"https:\/\/leregardlibre.com\/politique\/la-liberation-des-femmes-demarre-avec-le-capitalisme-industriel\/#primaryimage","url":"https:\/\/leregardlibre.com\/wp-content\/uploads\/2024\/03\/dsc_0832_leregardlibre_fevr--19-2024-e1709654332920.jpg","contentUrl":"https:\/\/leregardlibre.com\/wp-content\/uploads\/2024\/03\/dsc_0832_leregardlibre_fevr--19-2024-e1709654332920.jpg","width":5415,"height":3050,"caption":"L\u2019essayiste fran\u00e7ais V\u00e9ra Nikolski \u00a9 Adrien Largemain pour Le Regard Libre [Paris]"},{"@type":"BreadcrumbList","@id":"https:\/\/leregardlibre.com\/politique\/la-liberation-des-femmes-demarre-avec-le-capitalisme-industriel\/#breadcrumb","itemListElement":[{"@type":"ListItem","position":1,"name":"Accueil","item":"https:\/\/leregardlibre.com\/"},{"@type":"ListItem","position":2,"name":"\u00abLa lib\u00e9ration des femmes d\u00e9marre avec le capitalisme industriel\u00bb"}]},{"@type":"WebSite","@id":"https:\/\/leregardlibre.com\/#website","url":"https:\/\/leregardlibre.com\/","name":"Le Regard Libre","description":"Erste Schweizer Monatszeitschrift f\u00fcr Debatten","publisher":{"@id":"https:\/\/leregardlibre.com\/#organization"},"potentialAction":[{"@type":"SearchAction","target":{"@type":"EntryPoint","urlTemplate":"https:\/\/leregardlibre.com\/?s={search_term_string}"},"query-input":{"@type":"PropertyValueSpecification","valueRequired":true,"valueName":"search_term_string"}}],"inLanguage":"de"},{"@type":"Organization","@id":"https:\/\/leregardlibre.com\/#organization","name":"Le Regard Libre","url":"https:\/\/leregardlibre.com\/","logo":{"@type":"ImageObject","inLanguage":"de","@id":"https:\/\/leregardlibre.com\/#\/schema\/logo\/image\/","url":"https:\/\/leregardlibre.com\/wp-content\/uploads\/2025\/08\/logo-rl-icone-neg.jpeg","contentUrl":"https:\/\/leregardlibre.com\/wp-content\/uploads\/2025\/08\/logo-rl-icone-neg.jpeg","width":557,"height":556,"caption":"Le Regard Libre"},"image":{"@id":"https:\/\/leregardlibre.com\/#\/schema\/logo\/image\/"},"sameAs":["https:\/\/www.facebook.com\/leregardlibre\/","https:\/\/x.com\/LeRegardLibre","https:\/\/www.linkedin.com\/company\/le-regard-libre","https:\/\/www.instagram.com\/leregardlibre\/","http:\/\/t.me\/leregardlibre","https:\/\/youtube.com\/channel\/UC6HzGPomj1LsUmlz-sJtITQ"],"description":"Le Regard Libre ist eine Schweizer Monatszeitschrift f\u00fcr intellektuelle und kulturelle Debatten. Seine Redaktion ist jung, ehrenamtlich, liberal und pluralistisch. Das Magazin erscheint online und in gedruckter Form. Seine Sprache ist Franz\u00f6sisch.","email":"redaction@leregardlibre.com","legalName":"Le Regard Libre","foundingDate":"2014-01-01","numberOfEmployees":{"@type":"QuantitativeValue","minValue":"11","maxValue":"50"},"publishingPrinciples":"https:\/\/leregardlibre.com\/a-propos\/notre-manifeste\/","ownershipFundingInfo":"https:\/\/leregardlibre.com\/mentions-legales\/","actionableFeedbackPolicy":"https:\/\/leregardlibre.com\/conditions-generales-de-vente\/"},{"@type":"Person","@id":"https:\/\/leregardlibre.com\/#\/schema\/person\/3446d3a78b45211305188d4401e7719a","name":"Nicolas Jutzet","image":{"@type":"ImageObject","inLanguage":"de","@id":"https:\/\/secure.gravatar.com\/avatar\/0051d940078d390e50a5e700a6c653e3776f3a164b8878a91d3c09ee3a174239?s=96&d=identicon&r=g","url":"https:\/\/secure.gravatar.com\/avatar\/0051d940078d390e50a5e700a6c653e3776f3a164b8878a91d3c09ee3a174239?s=96&d=identicon&r=g","contentUrl":"https:\/\/secure.gravatar.com\/avatar\/0051d940078d390e50a5e700a6c653e3776f3a164b8878a91d3c09ee3a174239?s=96&d=identicon&r=g","caption":"Nicolas Jutzet"},"description":"Nicolas Jutzet ist Mitbegr\u00fcnder des Mediums Liber-th\u00e9 und Vize-Direktor des Liberalen Instituts in der Schweiz.","sameAs":["https:\/\/nicolasjutzet.ch\/a-propos\/","https:\/\/fr.wikipedia.org\/wiki\/Le_Regard_libre"],"url":"https:\/\/leregardlibre.com\/de\/author\/nicolas-jutzet\/"}]}},"_links":{"self":[{"href":"https:\/\/leregardlibre.com\/de\/wp-json\/wp\/v2\/posts\/522628","targetHints":{"allow":["GET"]}}],"collection":[{"href":"https:\/\/leregardlibre.com\/de\/wp-json\/wp\/v2\/posts"}],"about":[{"href":"https:\/\/leregardlibre.com\/de\/wp-json\/wp\/v2\/types\/post"}],"author":[{"embeddable":true,"href":"https:\/\/leregardlibre.com\/de\/wp-json\/wp\/v2\/users\/314"}],"replies":[{"embeddable":true,"href":"https:\/\/leregardlibre.com\/de\/wp-json\/wp\/v2\/comments?post=522628"}],"version-history":[{"count":2,"href":"https:\/\/leregardlibre.com\/de\/wp-json\/wp\/v2\/posts\/522628\/revisions"}],"predecessor-version":[{"id":522692,"href":"https:\/\/leregardlibre.com\/de\/wp-json\/wp\/v2\/posts\/522628\/revisions\/522692"}],"wp:featuredmedia":[{"embeddable":true,"href":"https:\/\/leregardlibre.com\/de\/wp-json\/wp\/v2\/media\/522630"}],"wp:attachment":[{"href":"https:\/\/leregardlibre.com\/de\/wp-json\/wp\/v2\/media?parent=522628"}],"wp:term":[{"taxonomy":"category","embeddable":true,"href":"https:\/\/leregardlibre.com\/de\/wp-json\/wp\/v2\/categories?post=522628"},{"taxonomy":"post_tag","embeddable":true,"href":"https:\/\/leregardlibre.com\/de\/wp-json\/wp\/v2\/tags?post=522628"}],"curies":[{"name":"wp","href":"https:\/\/api.w.org\/{rel}","templated":true}]}}