{"id":522716,"date":"2024-03-13T06:00:00","date_gmt":"2024-03-13T05:00:00","guid":{"rendered":"https:\/\/leregardlibre.com\/?p=522716"},"modified":"2024-03-13T07:56:51","modified_gmt":"2024-03-13T06:56:51","slug":"roman-des-romands-renaissance-reussie","status":"publish","type":"post","link":"https:\/\/leregardlibre.com\/de\/literatur\/roman-des-romands-renaissance-reussie\/","title":{"rendered":"Die erfolgreiche Wiederbelebung des Roman des Romands"},"content":{"rendered":"<p class=\"has-drop-cap\"><strong>Der Goncourt des Lyc\u00e9ens mit helvetischer Pr\u00e4gung, der aufgrund von Umstrukturierungen mehrere Jahre lang nicht stattgefunden hatte, feierte in seiner Ausgabe 2023-2024 ein bemerkenswertes Comeback. Mehr als 700 Sch\u00fclerinnen und Sch\u00fcler nahmen an diesem bildenden Literaturpreis teil.<\/strong><\/p>\n\n\n\n<!--more-->\n\n\n\n<p>Une clameur r\u00e9sonne sous la vo\u00fbte de la salle Paderewski, \u00e0 Lausanne. La v\u00e9n\u00e9rable enceinte du Casino de Montbenon fait auditoire comble, en ce vendredi soir de janvier, pour la remise du 14e prix du Roman des Romands. Des centaines de jeunes, souvent sur leur 31, ont fait le d\u00e9placement pour l\u2019occasion. Et ils accueillent en criant et tapant des pieds le couronnement de l\u2019auteur lausannois Eug\u00e8ne pour son livre <em><em><a href=\"https:\/\/leregardlibre.com\/de\/literatur\/quand-eugene-regle-ses-comptes-avec-nicolae-ceausescu\/\">Brief an meinen Diktator<\/a><\/em><\/em>, paru chez Slatkine.<\/p>\n\n\n\n<h6 class=\"wp-block-heading\" id=\"h-a-lire-aussi-eugene-conteur-innenarrable\">Lesen Sie auch | <a href=\"https:\/\/leregardlibre.com\/de\/literatur\/eugene-unaussprechlicher-erzahler\/\">Eug\u00e8ne, conteur inn\u00e9narrable<\/a><\/h6>\n\n\n\n<p>Cela fait tout juste quinze ans que ce prix litt\u00e9raire existe. Sorte de Goncourt des lyc\u00e9ens \u00e0 la Suisse, il est remis par des \u00e9l\u00e8ves du secondaire II et r\u00e9compense un auteur francophone helv\u00e9tique d\u2019une somme de 15\u2009000 francs, offerte par la fondation Francis et Marie-France Minkoff. La c\u00e9r\u00e9monie de cl\u00f4ture de cette \u00e9dition 2023-2024 est donc le point d\u2019orgue d\u2019un semestre de travail intense, aussi bien pour les enseignants que pour les \u00e9l\u00e8ves. Cette ann\u00e9e, une quarantaine de classes d\u2019une dizaine de cantons \u2013 soit plus de 700 \u00e9tudiants \u2013 ont lu les six livres en comp\u00e9tition, avant de trancher. Mais le choix a \u00e9t\u00e9 serr\u00e9 et chaque ouvrage \u00e2prement d\u00e9fendu.<\/p>\n\n\n\n<p>De nombreux jeunes se r\u00e9jouissent d\u2019avoir particip\u00e9 \u00e0 cette aventure. \u00abTu as ce petit plaisir \u00e0 lire ces livres qui sont tous diff\u00e9rents et qui t\u2019apportent beaucoup de choses diff\u00e9rentes de diff\u00e9rents endroits\u00bb, souligne Corentin, \u00e9l\u00e8ve de deuxi\u00e8me ann\u00e9e de gymnase \u00e0 Lausanne. \u00abC\u2019est une super exp\u00e9rience, par rapport en tout cas aux cours habituels. Les dissertations, les analyses de texte, c\u2019est un peu moins marrant\u00bb, plaisante-t-il. Son camarade Samuel a pour sa part appr\u00e9ci\u00e9 un autre rythme de lecture que celui qu\u2019il conna\u00eet habituellement en cours. Pour lui, proposer des ouvrages plus faciles et contemporains est certainement une mani\u00e8re d\u2019encourager la jeunesse \u00e0 lire.<\/p>\n\n\n\n<h3 class=\"wp-block-heading\" id=\"h-on-marche-toujours-sur-un-fil\">\u00abOn marche toujours sur un fil\u00bb<\/h3>\n\n\n\n<p>Apr\u00e8s la c\u00e9r\u00e9monie, la cr\u00e9atrice du Roman des Romands Fabienne Althaus Humerose poussait un soupir de soulagement. Organiser cette manifestation rel\u00e8ve \u00e0 chaque fois du d\u00e9fi. \u00abCela demande beaucoup de travail et des nerfs d\u2019acier. Mais on a \u00e9t\u00e9 bien r\u00e9compens\u00e9s cette ann\u00e9e\u00bb, reconna\u00eet la Genevoise, qui porte ce prix \u00e0 bout de bras depuis ses d\u00e9buts en 2009.<\/p>\n\n\n\n<p>Si cette \u00e9dition 2023-2024 a eu une saveur particuli\u00e8re, c\u2019est parce qu\u2019elle a failli ne jamais voir le jour. En 2021, Fabienne Althaus Humerose a voulu jeter l\u2019\u00e9ponge, lass\u00e9e du manque chronique de moyens et de l\u2019absence de soutien des collectivit\u00e9s publiques. Mais elle a pu \u00eatre \u00e9paul\u00e9e par un nouveau comit\u00e9 et engager une secr\u00e9taire g\u00e9n\u00e9rale. Cette r\u00e9organisation a b\u00e9n\u00e9fici\u00e9 de l\u2019appui de l\u2019Office f\u00e9d\u00e9ral de la culture, au titre des projets de transformation lanc\u00e9s apr\u00e8s la pand\u00e9mie. En outre, des fondations priv\u00e9es assurent les trois quarts du financement de cette \u00e9dition.<\/p>\n\n\n\n<h6 class=\"wp-block-heading\" id=\"h-a-lire-aussi-matthieu-megevand-pour-certains-artistes-la-creation-est-une-explosion\">Lesen Sie auch | <a href=\"https:\/\/leregardlibre.com\/de\/literatur\/matthieu-megevand-pour-certains-artistes-la-creation-est-une-explosion\/\">Matthieu M\u00e9gevand: \u00abF\u00fcr manche K\u00fcnstler ist die Kreation eine Explosion\u00bb.\u00bb<\/a><\/h6>\n\n\n\n<p>Gr\u00e2ce \u00e0 cette nouvelle structure, le Roman des Romands a pu repartir de plus belle cette ann\u00e9e, avec une participation record. La demande a \u00e9t\u00e9 telle que huit classes ont d\u00fb \u00eatre refus\u00e9es. Pour le comit\u00e9, il s\u2019agit surtout de proposer une bonne exp\u00e9rience aux auteurs. Car chaque classe rencontre deux \u00e9crivains au cours de l\u2019automne. Pour chaque livre en lice, cela repr\u00e9sentait une douzaine de d\u00e9placements. Les auteurs arrivaient donc \u00e0 leur limite. Si le succ\u00e8s continue sur cette lanc\u00e9e, l\u2019organisation songe \u00e0 proc\u00e9der \u00e0 des choix, avec en t\u00eate la n\u00e9cessit\u00e9 d\u2019assurer la repr\u00e9sentativit\u00e9 la plus large possible au sein du jury. Mais avant d\u2019en arriver l\u00e0, l\u2019argent reste le nerf de la guerre.<\/p>\n\n\n\n<p>Dans l\u2019imm\u00e9diat, l\u2019heure est \u00e0 la c\u00e9l\u00e9bration pour les participants \u00e0 cette 14e \u00e9dition du Roman des Romands. Il s\u2019agit \u00e9galement de laisser la parole au laur\u00e9at de cette ann\u00e9e Eug\u00e8ne, qui salue le travail qui a \u00e9t\u00e9 men\u00e9 par les \u00e9tudiants. \u00abChacune de mes douze rencontres scolaires a \u00e9t\u00e9 intense et amicale. A votre \u00e2ge, je ne savais pas parler de litt\u00e9rature aussi bien que vous.<\/p>\n\n\n\n<p><em>Schreiben Sie der Autorin:&nbsp;<a href=\"mailto:sandrine.rovere@leregardlibre.com\">sandrine.rovere@leregardlibre.com<\/a><\/em><\/p>\n\n\n\n<h6 class=\"wp-block-heading\" id=\"h-vous-venez-de-lire-un-article-tire-de-notre-edition-papier-le-regard-libre-n-104\">Vous venez de lire un article\u00a0tir\u00e9 de notre \u00e9dition papier (<a href=\"https:\/\/leregardlibre.com\/de\/cpt-editions\/le-regard-libre-n104-dossier-travail\/\"><em>Le Regard Libre<\/em>\u00a0N\u00b0104<\/a>).<\/h6>\n\n\n\n<div class=\"wp-block-media-text alignwide is-stacked-on-mobile\" style=\"grid-template-columns:15% auto\"><figure class=\"wp-block-media-text__media\"><img fetchpriority=\"high\" decoding=\"async\" width=\"200\" height=\"364\" src=\"https:\/\/leregardlibre.com\/wp-content\/uploads\/2022\/10\/couv-lettre-eugene.jpeg\" alt=\"\" class=\"wp-image-513088 size-full\" srcset=\"https:\/\/leregardlibre.com\/wp-content\/uploads\/2022\/10\/couv-lettre-eugene.jpeg 200w, https:\/\/leregardlibre.com\/wp-content\/uploads\/2022\/10\/couv-lettre-eugene-165x300.jpeg 165w, https:\/\/leregardlibre.com\/wp-content\/uploads\/2022\/10\/couv-lettre-eugene-82x150.jpeg 82w\" sizes=\"(max-width: 200px) 100vw, 200px\" \/><\/figure><div class=\"wp-block-media-text__content\">\n<p><strong>Eugene&nbsp;<br><em>Brief an meinen Diktator<\/em><br>Slaktine-Verlag&nbsp;<br>2022&nbsp;<br>190 Seiten&nbsp;<\/strong><\/p>\n\n\n\n<div class=\"wp-block-buttons is-layout-flex wp-block-buttons-is-layout-flex\">\n<div class=\"wp-block-button\"><a class=\"wp-block-button__link wp-element-button\" href=\"https:\/\/www.payot.ch\/Detail\/lettre_a_mon_dictateur-eugene_-9782832111420 \">Das Buch bestellen<\/a><\/div>\n<\/div>\n<\/div><\/div>","protected":false},"excerpt":{"rendered":"<p>Der Goncourt des Lyc\u00e9ens mit helvetischer Pr\u00e4gung, der aufgrund von Umstrukturierungen mehrere Jahre lang nicht stattgefunden hatte, feierte in seiner Ausgabe 2023-2024 ein bemerkenswertes Comeback. Mehr als 700 Sch\u00fclerinnen und Sch\u00fcler nahmen an diesem bildenden Literaturpreis teil.<\/p>","protected":false},"author":492,"featured_media":522723,"comment_status":"open","ping_status":"closed","sticky":false,"template":"","format":"standard","meta":{"_acf_changed":false,"footnotes":""},"categories":[20663],"tags":[644358224,644341580,644358090],"class_list":["post-522716","post","type-post","status-publish","format-standard","has-post-thumbnail","hentry","category-litterature","tag-eugene","tag-prix-litteraires","tag-reportage"],"acf":[],"yoast_head":"<!-- This site is optimized with the Yoast SEO Premium plugin v27.4 (Yoast SEO v27.4) - https:\/\/yoast.com\/product\/yoast-seo-premium-wordpress\/ -->\n<title>La renaissance r\u00e9ussie du Roman des Romands<\/title>\n<meta name=\"description\" content=\"Absent depuis plusieurs ann\u00e9es pour cause de restructuration, le Roman des Romands a fait un retour remarqu\u00e9 pour son \u00e9dition 2023-2024.\" \/>\n<meta name=\"robots\" content=\"index, follow, max-snippet:-1, max-image-preview:large, max-video-preview:-1\" \/>\n<link rel=\"canonical\" href=\"https:\/\/leregardlibre.com\/de\/literatur\/roman-des-romands-renaissance-reussie\/\" \/>\n<meta property=\"og:locale\" content=\"de_DE\" \/>\n<meta property=\"og:type\" content=\"article\" \/>\n<meta property=\"og:title\" content=\"La renaissance r\u00e9ussie du Roman des Romands\" \/>\n<meta property=\"og:description\" content=\"Absent depuis plusieurs ann\u00e9es pour cause de restructuration, le Roman des Romands a fait un retour remarqu\u00e9 pour son \u00e9dition 2023-2024.\" \/>\n<meta property=\"og:url\" content=\"https:\/\/leregardlibre.com\/de\/literatur\/roman-des-romands-renaissance-reussie\/\" \/>\n<meta property=\"og:site_name\" content=\"Le Regard Libre\" \/>\n<meta property=\"article:publisher\" content=\"https:\/\/www.facebook.com\/leregardlibre\/\" \/>\n<meta property=\"article:published_time\" content=\"2024-03-13T05:00:00+00:00\" \/>\n<meta property=\"article:modified_time\" content=\"2024-03-13T06:56:51+00:00\" \/>\n<meta property=\"og:image\" content=\"https:\/\/leregardlibre.com\/wp-content\/uploads\/2024\/03\/image-12-03-24-a-18-01-e1710263119946.jpg\" \/>\n\t<meta property=\"og:image:width\" content=\"2194\" \/>\n\t<meta property=\"og:image:height\" content=\"1235\" \/>\n\t<meta property=\"og:image:type\" content=\"image\/jpeg\" \/>\n<meta name=\"author\" content=\"Sandrine Rovere\" \/>\n<meta name=\"twitter:card\" content=\"summary_large_image\" \/>\n<meta name=\"twitter:creator\" content=\"@LeRegardLibre\" \/>\n<meta name=\"twitter:site\" content=\"@LeRegardLibre\" \/>\n<meta name=\"twitter:label1\" content=\"Verfasst von\" \/>\n\t<meta name=\"twitter:data1\" content=\"Sandrine Rovere\" \/>\n\t<meta name=\"twitter:label2\" content=\"Gesch\u00e4tzte Lesezeit\" \/>\n\t<meta name=\"twitter:data2\" content=\"5\u00a0Minuten\" \/>\n<script type=\"application\/ld+json\" class=\"yoast-schema-graph\">{\"@context\":\"https:\\\/\\\/schema.org\",\"@graph\":[{\"@type\":\"Article\",\"@id\":\"https:\\\/\\\/leregardlibre.com\\\/litterature\\\/roman-des-romands-renaissance-reussie\\\/#article\",\"isPartOf\":{\"@id\":\"https:\\\/\\\/leregardlibre.com\\\/litterature\\\/roman-des-romands-renaissance-reussie\\\/\"},\"author\":{\"name\":\"Sandrine Rovere\",\"@id\":\"https:\\\/\\\/leregardlibre.com\\\/#\\\/schema\\\/person\\\/5cf9384967cf2c85266e18312d586b6c\"},\"headline\":\"La renaissance r\u00e9ussie du Roman des Romands\",\"datePublished\":\"2024-03-13T05:00:00+00:00\",\"dateModified\":\"2024-03-13T06:56:51+00:00\",\"mainEntityOfPage\":{\"@id\":\"https:\\\/\\\/leregardlibre.com\\\/litterature\\\/roman-des-romands-renaissance-reussie\\\/\"},\"wordCount\":823,\"commentCount\":0,\"publisher\":{\"@id\":\"https:\\\/\\\/leregardlibre.com\\\/#organization\"},\"image\":{\"@id\":\"https:\\\/\\\/leregardlibre.com\\\/litterature\\\/roman-des-romands-renaissance-reussie\\\/#primaryimage\"},\"thumbnailUrl\":\"https:\\\/\\\/leregardlibre.com\\\/wp-content\\\/uploads\\\/2024\\\/03\\\/image-12-03-24-a-18-01-e1710263119946.jpg\",\"keywords\":[\"Eug\u00e8ne\",\"Prix litt\u00e9raires\",\"Reportage\"],\"articleSection\":[\"Litt\u00e9rature\"],\"inLanguage\":\"de\",\"potentialAction\":[{\"@type\":\"CommentAction\",\"name\":\"Comment\",\"target\":[\"https:\\\/\\\/leregardlibre.com\\\/litterature\\\/roman-des-romands-renaissance-reussie\\\/#respond\"]}]},{\"@type\":\"WebPage\",\"@id\":\"https:\\\/\\\/leregardlibre.com\\\/litterature\\\/roman-des-romands-renaissance-reussie\\\/\",\"url\":\"https:\\\/\\\/leregardlibre.com\\\/litterature\\\/roman-des-romands-renaissance-reussie\\\/\",\"name\":\"La renaissance r\u00e9ussie du Roman des Romands\",\"isPartOf\":{\"@id\":\"https:\\\/\\\/leregardlibre.com\\\/#website\"},\"primaryImageOfPage\":{\"@id\":\"https:\\\/\\\/leregardlibre.com\\\/litterature\\\/roman-des-romands-renaissance-reussie\\\/#primaryimage\"},\"image\":{\"@id\":\"https:\\\/\\\/leregardlibre.com\\\/litterature\\\/roman-des-romands-renaissance-reussie\\\/#primaryimage\"},\"thumbnailUrl\":\"https:\\\/\\\/leregardlibre.com\\\/wp-content\\\/uploads\\\/2024\\\/03\\\/image-12-03-24-a-18-01-e1710263119946.jpg\",\"datePublished\":\"2024-03-13T05:00:00+00:00\",\"dateModified\":\"2024-03-13T06:56:51+00:00\",\"description\":\"Absent depuis plusieurs ann\u00e9es pour cause de restructuration, le Roman des Romands a fait un retour remarqu\u00e9 pour son \u00e9dition 2023-2024.\",\"breadcrumb\":{\"@id\":\"https:\\\/\\\/leregardlibre.com\\\/litterature\\\/roman-des-romands-renaissance-reussie\\\/#breadcrumb\"},\"inLanguage\":\"de\",\"potentialAction\":[{\"@type\":\"ReadAction\",\"target\":[\"https:\\\/\\\/leregardlibre.com\\\/litterature\\\/roman-des-romands-renaissance-reussie\\\/\"]}]},{\"@type\":\"ImageObject\",\"inLanguage\":\"de\",\"@id\":\"https:\\\/\\\/leregardlibre.com\\\/litterature\\\/roman-des-romands-renaissance-reussie\\\/#primaryimage\",\"url\":\"https:\\\/\\\/leregardlibre.com\\\/wp-content\\\/uploads\\\/2024\\\/03\\\/image-12-03-24-a-18-01-e1710263119946.jpg\",\"contentUrl\":\"https:\\\/\\\/leregardlibre.com\\\/wp-content\\\/uploads\\\/2024\\\/03\\\/image-12-03-24-a-18-01-e1710263119946.jpg\",\"width\":2194,\"height\":1235,\"caption\":\"L'e\u0301crivain suisse Euge\u0300ne re\u0300gle ses comptes avec le dictateur roumain Nicolae Ceausescu \u00a9 Indra Crittin pour Le Regard Libre\"},{\"@type\":\"BreadcrumbList\",\"@id\":\"https:\\\/\\\/leregardlibre.com\\\/litterature\\\/roman-des-romands-renaissance-reussie\\\/#breadcrumb\",\"itemListElement\":[{\"@type\":\"ListItem\",\"position\":1,\"name\":\"Accueil\",\"item\":\"https:\\\/\\\/leregardlibre.com\\\/\"},{\"@type\":\"ListItem\",\"position\":2,\"name\":\"La renaissance r\u00e9ussie du Roman des Romands\"}]},{\"@type\":\"WebSite\",\"@id\":\"https:\\\/\\\/leregardlibre.com\\\/#website\",\"url\":\"https:\\\/\\\/leregardlibre.com\\\/\",\"name\":\"Le Regard Libre\",\"description\":\"Premier mensuel suisse de d\u00e9bat\",\"publisher\":{\"@id\":\"https:\\\/\\\/leregardlibre.com\\\/#organization\"},\"potentialAction\":[{\"@type\":\"SearchAction\",\"target\":{\"@type\":\"EntryPoint\",\"urlTemplate\":\"https:\\\/\\\/leregardlibre.com\\\/?s={search_term_string}\"},\"query-input\":{\"@type\":\"PropertyValueSpecification\",\"valueRequired\":true,\"valueName\":\"search_term_string\"}}],\"inLanguage\":\"de\"},{\"@type\":\"Organization\",\"@id\":\"https:\\\/\\\/leregardlibre.com\\\/#organization\",\"name\":\"Le Regard Libre\",\"url\":\"https:\\\/\\\/leregardlibre.com\\\/\",\"logo\":{\"@type\":\"ImageObject\",\"inLanguage\":\"de\",\"@id\":\"https:\\\/\\\/leregardlibre.com\\\/#\\\/schema\\\/logo\\\/image\\\/\",\"url\":\"https:\\\/\\\/leregardlibre.com\\\/wp-content\\\/uploads\\\/2025\\\/08\\\/logo-rl-icone-neg.jpeg\",\"contentUrl\":\"https:\\\/\\\/leregardlibre.com\\\/wp-content\\\/uploads\\\/2025\\\/08\\\/logo-rl-icone-neg.jpeg\",\"width\":557,\"height\":556,\"caption\":\"Le Regard Libre\"},\"image\":{\"@id\":\"https:\\\/\\\/leregardlibre.com\\\/#\\\/schema\\\/logo\\\/image\\\/\"},\"sameAs\":[\"https:\\\/\\\/www.facebook.com\\\/leregardlibre\\\/\",\"https:\\\/\\\/x.com\\\/LeRegardLibre\",\"https:\\\/\\\/www.linkedin.com\\\/company\\\/le-regard-libre\",\"https:\\\/\\\/www.instagram.com\\\/leregardlibre\\\/\",\"http:\\\/\\\/t.me\\\/leregardlibre\",\"https:\\\/\\\/youtube.com\\\/channel\\\/UC6HzGPomj1LsUmlz-sJtITQ\"],\"description\":\"Le Regard Libre est un mensuel suisse de d\u00e9bat intellectuel et culturel. Sa r\u00e9daction est jeune, b\u00e9n\u00e9vole, lib\u00e9rale et pluraliste. Le magazine para\u00eet en ligne et sous forme papier. Sa langue est le fran\u00e7ais.\",\"email\":\"redaction@leregardlibre.com\",\"legalName\":\"Le Regard Libre\",\"foundingDate\":\"2014-01-01\",\"numberOfEmployees\":{\"@type\":\"QuantitativeValue\",\"minValue\":\"11\",\"maxValue\":\"50\"},\"publishingPrinciples\":\"https:\\\/\\\/leregardlibre.com\\\/a-propos\\\/notre-manifeste\\\/\",\"ownershipFundingInfo\":\"https:\\\/\\\/leregardlibre.com\\\/mentions-legales\\\/\",\"actionableFeedbackPolicy\":\"https:\\\/\\\/leregardlibre.com\\\/conditions-generales-de-vente\\\/\"},{\"@type\":\"Person\",\"@id\":\"https:\\\/\\\/leregardlibre.com\\\/#\\\/schema\\\/person\\\/5cf9384967cf2c85266e18312d586b6c\",\"name\":\"Sandrine Rovere\",\"image\":{\"@type\":\"ImageObject\",\"inLanguage\":\"de\",\"@id\":\"https:\\\/\\\/secure.gravatar.com\\\/avatar\\\/1f960d21c9856ee6a0ca324df48fa4a90f6f6d2caf92f5fab2bbed99f8ec20db?s=96&d=identicon&r=g\",\"url\":\"https:\\\/\\\/secure.gravatar.com\\\/avatar\\\/1f960d21c9856ee6a0ca324df48fa4a90f6f6d2caf92f5fab2bbed99f8ec20db?s=96&d=identicon&r=g\",\"contentUrl\":\"https:\\\/\\\/secure.gravatar.com\\\/avatar\\\/1f960d21c9856ee6a0ca324df48fa4a90f6f6d2caf92f5fab2bbed99f8ec20db?s=96&d=identicon&r=g\",\"caption\":\"Sandrine Rovere\"},\"url\":\"https:\\\/\\\/leregardlibre.com\\\/de\\\/author\\\/sandrine-rovere\\\/\"}]}<\/script>\n<!-- \/ Yoast SEO Premium plugin. -->","yoast_head_json":{"title":"Die erfolgreiche Wiederbelebung des Roman des Romands","description":"Absent depuis plusieurs ann\u00e9es pour cause de restructuration, le Roman des Romands a fait un retour remarqu\u00e9 pour son \u00e9dition 2023-2024.","robots":{"index":"index","follow":"follow","max-snippet":"max-snippet:-1","max-image-preview":"max-image-preview:large","max-video-preview":"max-video-preview:-1"},"canonical":"https:\/\/leregardlibre.com\/de\/literatur\/roman-des-romands-renaissance-reussie\/","og_locale":"de_DE","og_type":"article","og_title":"La renaissance r\u00e9ussie du Roman des Romands","og_description":"Absent depuis plusieurs ann\u00e9es pour cause de restructuration, le Roman des Romands a fait un retour remarqu\u00e9 pour son \u00e9dition 2023-2024.","og_url":"https:\/\/leregardlibre.com\/de\/literatur\/roman-des-romands-renaissance-reussie\/","og_site_name":"Le Regard Libre","article_publisher":"https:\/\/www.facebook.com\/leregardlibre\/","article_published_time":"2024-03-13T05:00:00+00:00","article_modified_time":"2024-03-13T06:56:51+00:00","og_image":[{"width":2194,"height":1235,"url":"https:\/\/leregardlibre.com\/wp-content\/uploads\/2024\/03\/image-12-03-24-a-18-01-e1710263119946.jpg","type":"image\/jpeg"}],"author":"Sandrine Rovere","twitter_card":"summary_large_image","twitter_creator":"@LeRegardLibre","twitter_site":"@LeRegardLibre","twitter_misc":{"Verfasst von":"Sandrine Rovere","Gesch\u00e4tzte Lesezeit":"5\u00a0Minuten"},"schema":{"@context":"https:\/\/schema.org","@graph":[{"@type":"Article","@id":"https:\/\/leregardlibre.com\/litterature\/roman-des-romands-renaissance-reussie\/#article","isPartOf":{"@id":"https:\/\/leregardlibre.com\/litterature\/roman-des-romands-renaissance-reussie\/"},"author":{"name":"Sandrine Rovere","@id":"https:\/\/leregardlibre.com\/#\/schema\/person\/5cf9384967cf2c85266e18312d586b6c"},"headline":"La renaissance r\u00e9ussie du Roman des Romands","datePublished":"2024-03-13T05:00:00+00:00","dateModified":"2024-03-13T06:56:51+00:00","mainEntityOfPage":{"@id":"https:\/\/leregardlibre.com\/litterature\/roman-des-romands-renaissance-reussie\/"},"wordCount":823,"commentCount":0,"publisher":{"@id":"https:\/\/leregardlibre.com\/#organization"},"image":{"@id":"https:\/\/leregardlibre.com\/litterature\/roman-des-romands-renaissance-reussie\/#primaryimage"},"thumbnailUrl":"https:\/\/leregardlibre.com\/wp-content\/uploads\/2024\/03\/image-12-03-24-a-18-01-e1710263119946.jpg","keywords":["Eug\u00e8ne","Prix litt\u00e9raires","Reportage"],"articleSection":["Litt\u00e9rature"],"inLanguage":"de","potentialAction":[{"@type":"CommentAction","name":"Comment","target":["https:\/\/leregardlibre.com\/litterature\/roman-des-romands-renaissance-reussie\/#respond"]}]},{"@type":"WebPage","@id":"https:\/\/leregardlibre.com\/litterature\/roman-des-romands-renaissance-reussie\/","url":"https:\/\/leregardlibre.com\/litterature\/roman-des-romands-renaissance-reussie\/","name":"Die erfolgreiche Wiederbelebung des Roman des Romands","isPartOf":{"@id":"https:\/\/leregardlibre.com\/#website"},"primaryImageOfPage":{"@id":"https:\/\/leregardlibre.com\/litterature\/roman-des-romands-renaissance-reussie\/#primaryimage"},"image":{"@id":"https:\/\/leregardlibre.com\/litterature\/roman-des-romands-renaissance-reussie\/#primaryimage"},"thumbnailUrl":"https:\/\/leregardlibre.com\/wp-content\/uploads\/2024\/03\/image-12-03-24-a-18-01-e1710263119946.jpg","datePublished":"2024-03-13T05:00:00+00:00","dateModified":"2024-03-13T06:56:51+00:00","description":"Absent depuis plusieurs ann\u00e9es pour cause de restructuration, le Roman des Romands a fait un retour remarqu\u00e9 pour son \u00e9dition 2023-2024.","breadcrumb":{"@id":"https:\/\/leregardlibre.com\/litterature\/roman-des-romands-renaissance-reussie\/#breadcrumb"},"inLanguage":"de","potentialAction":[{"@type":"ReadAction","target":["https:\/\/leregardlibre.com\/litterature\/roman-des-romands-renaissance-reussie\/"]}]},{"@type":"ImageObject","inLanguage":"de","@id":"https:\/\/leregardlibre.com\/litterature\/roman-des-romands-renaissance-reussie\/#primaryimage","url":"https:\/\/leregardlibre.com\/wp-content\/uploads\/2024\/03\/image-12-03-24-a-18-01-e1710263119946.jpg","contentUrl":"https:\/\/leregardlibre.com\/wp-content\/uploads\/2024\/03\/image-12-03-24-a-18-01-e1710263119946.jpg","width":2194,"height":1235,"caption":"L'e\u0301crivain suisse Euge\u0300ne re\u0300gle ses comptes avec le dictateur roumain Nicolae Ceausescu \u00a9 Indra Crittin pour Le Regard Libre"},{"@type":"BreadcrumbList","@id":"https:\/\/leregardlibre.com\/litterature\/roman-des-romands-renaissance-reussie\/#breadcrumb","itemListElement":[{"@type":"ListItem","position":1,"name":"Accueil","item":"https:\/\/leregardlibre.com\/"},{"@type":"ListItem","position":2,"name":"La renaissance r\u00e9ussie du Roman des Romands"}]},{"@type":"WebSite","@id":"https:\/\/leregardlibre.com\/#website","url":"https:\/\/leregardlibre.com\/","name":"Le Regard Libre","description":"Erste Schweizer Monatszeitschrift f\u00fcr Debatten","publisher":{"@id":"https:\/\/leregardlibre.com\/#organization"},"potentialAction":[{"@type":"SearchAction","target":{"@type":"EntryPoint","urlTemplate":"https:\/\/leregardlibre.com\/?s={search_term_string}"},"query-input":{"@type":"PropertyValueSpecification","valueRequired":true,"valueName":"search_term_string"}}],"inLanguage":"de"},{"@type":"Organization","@id":"https:\/\/leregardlibre.com\/#organization","name":"Le Regard Libre","url":"https:\/\/leregardlibre.com\/","logo":{"@type":"ImageObject","inLanguage":"de","@id":"https:\/\/leregardlibre.com\/#\/schema\/logo\/image\/","url":"https:\/\/leregardlibre.com\/wp-content\/uploads\/2025\/08\/logo-rl-icone-neg.jpeg","contentUrl":"https:\/\/leregardlibre.com\/wp-content\/uploads\/2025\/08\/logo-rl-icone-neg.jpeg","width":557,"height":556,"caption":"Le Regard Libre"},"image":{"@id":"https:\/\/leregardlibre.com\/#\/schema\/logo\/image\/"},"sameAs":["https:\/\/www.facebook.com\/leregardlibre\/","https:\/\/x.com\/LeRegardLibre","https:\/\/www.linkedin.com\/company\/le-regard-libre","https:\/\/www.instagram.com\/leregardlibre\/","http:\/\/t.me\/leregardlibre","https:\/\/youtube.com\/channel\/UC6HzGPomj1LsUmlz-sJtITQ"],"description":"Le Regard Libre ist eine Schweizer Monatszeitschrift f\u00fcr intellektuelle und kulturelle Debatten. Seine Redaktion ist jung, ehrenamtlich, liberal und pluralistisch. Das Magazin erscheint online und in gedruckter Form. Seine Sprache ist Franz\u00f6sisch.","email":"redaction@leregardlibre.com","legalName":"Le Regard Libre","foundingDate":"2014-01-01","numberOfEmployees":{"@type":"QuantitativeValue","minValue":"11","maxValue":"50"},"publishingPrinciples":"https:\/\/leregardlibre.com\/a-propos\/notre-manifeste\/","ownershipFundingInfo":"https:\/\/leregardlibre.com\/mentions-legales\/","actionableFeedbackPolicy":"https:\/\/leregardlibre.com\/conditions-generales-de-vente\/"},{"@type":"Person","@id":"https:\/\/leregardlibre.com\/#\/schema\/person\/5cf9384967cf2c85266e18312d586b6c","name":"Sandrine Rovere","image":{"@type":"ImageObject","inLanguage":"de","@id":"https:\/\/secure.gravatar.com\/avatar\/1f960d21c9856ee6a0ca324df48fa4a90f6f6d2caf92f5fab2bbed99f8ec20db?s=96&d=identicon&r=g","url":"https:\/\/secure.gravatar.com\/avatar\/1f960d21c9856ee6a0ca324df48fa4a90f6f6d2caf92f5fab2bbed99f8ec20db?s=96&d=identicon&r=g","contentUrl":"https:\/\/secure.gravatar.com\/avatar\/1f960d21c9856ee6a0ca324df48fa4a90f6f6d2caf92f5fab2bbed99f8ec20db?s=96&d=identicon&r=g","caption":"Sandrine Rovere"},"url":"https:\/\/leregardlibre.com\/de\/author\/sandrine-rovere\/"}]}},"_links":{"self":[{"href":"https:\/\/leregardlibre.com\/de\/wp-json\/wp\/v2\/posts\/522716","targetHints":{"allow":["GET"]}}],"collection":[{"href":"https:\/\/leregardlibre.com\/de\/wp-json\/wp\/v2\/posts"}],"about":[{"href":"https:\/\/leregardlibre.com\/de\/wp-json\/wp\/v2\/types\/post"}],"author":[{"embeddable":true,"href":"https:\/\/leregardlibre.com\/de\/wp-json\/wp\/v2\/users\/492"}],"replies":[{"embeddable":true,"href":"https:\/\/leregardlibre.com\/de\/wp-json\/wp\/v2\/comments?post=522716"}],"version-history":[{"count":2,"href":"https:\/\/leregardlibre.com\/de\/wp-json\/wp\/v2\/posts\/522716\/revisions"}],"predecessor-version":[{"id":522726,"href":"https:\/\/leregardlibre.com\/de\/wp-json\/wp\/v2\/posts\/522716\/revisions\/522726"}],"wp:featuredmedia":[{"embeddable":true,"href":"https:\/\/leregardlibre.com\/de\/wp-json\/wp\/v2\/media\/522723"}],"wp:attachment":[{"href":"https:\/\/leregardlibre.com\/de\/wp-json\/wp\/v2\/media?parent=522716"}],"wp:term":[{"taxonomy":"category","embeddable":true,"href":"https:\/\/leregardlibre.com\/de\/wp-json\/wp\/v2\/categories?post=522716"},{"taxonomy":"post_tag","embeddable":true,"href":"https:\/\/leregardlibre.com\/de\/wp-json\/wp\/v2\/tags?post=522716"}],"curies":[{"name":"wp","href":"https:\/\/api.w.org\/{rel}","templated":true}]}}