{"id":523084,"date":"2024-04-14T18:22:43","date_gmt":"2024-04-14T16:22:43","guid":{"rendered":"https:\/\/leregardlibre.com\/?p=523084"},"modified":"2025-12-13T22:43:05","modified_gmt":"2025-12-13T21:43:05","slug":"cedh-das-wiederaufleben-der-naturlichen-rechte-zwischen-ideologie-und-legitimitat","status":"publish","type":"post","link":"https:\/\/leregardlibre.com\/de\/politik\/schweiz\/cedh-das-wiederaufleben-der-naturlichen-rechte-zwischen-ideologie-und-legitimitat\/","title":{"rendered":"EGMR: Das Wiederaufleben der nat\u00fcrlichen Rechte zwischen Ideologie und Legitimit\u00e4t"},"content":{"rendered":"<p class=\"has-normal-font-size\"><em>LESERKURIER, V. Conrad<\/em><\/p>\n\n\n\n<p class=\"has-drop-cap\">In der zeitgen\u00f6ssischen Rechtslandschaft l\u00f6st der Begriff der Grundrechte eine lebhafte Debatte aus, die von Fragen nach ihrem Ursprung, ihrer Reichweite und ihrer Legitimit\u00e4t gen\u00e4hrt wird. Im Mittelpunkt dieser Diskussion steht meiner Meinung nach der Begriff der nat\u00fcrlichen Rechte. Diese uralte Idee, die sich insbesondere gegen den Rechtspositivismus richtet, taucht in der modernen juristischen Debatte mit neuer Relevanz wieder auf.<\/p>\n\n\n\n<!--more-->\n\n\n\n<p>Professor Fr\u00e9d\u00e9ric Sudre bezeichnet diese Grundrechte treffend als \u00abideologische Rechte\u00bb (Fr\u00e9d\u00e9ric Sudre, <em>Europ\u00e4isches und internationales Menschenrechtsrecht<\/em>) und unterstreicht damit die ihnen innewohnende philosophische und moralische Dimension. In der Tat dr\u00fccken diese Rechte eine Reihe von Grundwerten aus, die unver\u00e4u\u00dferlich und dem Menschsein inh\u00e4rent sind. Dieser ideologische Charakter der nat\u00fcrlichen Rechte ist jedoch nicht unumstritten, insbesondere was ihre Auslegung und Anwendung betrifft.<\/p>\n\n\n\n<p>Davon zeugt der Europ\u00e4ische Gerichtshof f\u00fcr Menschenrechte (EGMR), der sich offenbar das Recht anma\u00dft, seine Ideologie auf das innerstaatliche Recht der Vertragsparteien auszudehnen. Diese Tendenz wirft berechtigterweise Bedenken hinsichtlich der Legitimit\u00e4t und der Einmischung dieses Gerichtshofs auf, der seine ideologischen Ambitionen nicht verbirgt, wie seine Erkl\u00e4rung in einem k\u00fcrzlich ergangenen Urteil zeigt, in dem die Schweiz verurteilt wurde (EGMR-Urteil in der Rechtssache <em>Verein Klimaseniorinnen Schweiz und andere gegen die Schweiz<\/em> vom 9. April 2024, Rn. 412), wonach \u00abdie Demokratie nicht auf den Mehrheitswillen der W\u00e4hler und der Gew\u00e4hlten reduziert werden kann\u00bb. Eine Aussage, die den Willen der Stra\u00dfburger Richter verdeutlicht, die als wesentlich erachteten Werte zu verteidigen, selbst auf Kosten der nationalen Souver\u00e4nit\u00e4t.<\/p>\n\n\n\n<form method=\"post\" action=\"https:\/\/newsletter.infomaniak.com\/external\/submit\" class=\"inf-form\" target=\"_blank\"><input type=\"email\" name=\"email\" style=\"display:none\" \/><input type=\"hidden\" name=\"key\" value=\"eyJpdiI6IlZXRVJGMlRGQUU2alNqUE81bitIUk5adnNVa0c4MllFTStzOHdHT1FQZ3c9IiwidmFsdWUiOiJIYzhwMUVCK1pTNnlhY3MyMmhuZlhReWJqemEwNk93blMxTjFHc0s2VHZrPSIsIm1hYyI6ImVhYTQ5N2I1M2NiYWE4NzBmNjk2NzgzYjliM2Y5NmYzM2E2ZmU3NGQxNTU1ZDFkMTU1MzY5NTdjYjE3ZTJmNTUifQ==\"><input type=\"hidden\" name=\"webform_id\" value=\"7291\"><style> .inf-main_3000311ca56a1cb93397bc676c0b7fff{ background-color:#f5f5f5; padding:25px 20px; margin:25px auto; } .inf-main_3000311ca56a1cb93397bc676c0b7fff .inf-content { margin-top:13px;} .inf-main_3000311ca56a1cb93397bc676c0b7fff h4, .inf-main_3000311ca56a1cb93397bc676c0b7fff span, .inf-main_3000311ca56a1cb93397bc676c0b7fff label, .inf-main_3000311ca56a1cb93397bc676c0b7fff input, .inf-main_3000311ca56a1cb93397bc676c0b7fff .inf-submit, .inf-main_3000311ca56a1cb93397bc676c0b7fff .inf-success p a { color:#555555; font-size:14px; } .inf-main_3000311ca56a1cb93397bc676c0b7fff h4{ font-size:18px; margin:0px 0px 13px 0px; } .inf-main_3000311ca56a1cb93397bc676c0b7fff h4, .inf-main_3000311ca56a1cb93397bc676c0b7fff label{ font-weight:bold; } .inf-main_3000311ca56a1cb93397bc676c0b7fff .inf-input { margin-bottom:7px; } .inf-main_3000311ca56a1cb93397bc676c0b7fff label { display:block;} .inf-main_3000311ca56a1cb93397bc676c0b7fff input{ height:35px; color:#999999; border: 1px solid #E9E9E9; border:none; padding-left:7px; } .inf-main_3000311ca56a1cb93397bc676c0b7fff .inf-input.inf-error label, .inf-main_3000311ca56a1cb93397bc676c0b7fff .inf-input.inf-error span.inf-message{ color: #cc0033; } .inf-main_3000311ca56a1cb93397bc676c0b7fff .inf-input.inf-error input{ border: 1px solid #cc0033; } .inf-main_3000311ca56a1cb93397bc676c0b7fff .inf-input input { width:100%;} .inf-main_3000311ca56a1cb93397bc676c0b7fff .inf-input.inf-error span.inf-message { display: block; } .inf-main_3000311ca56a1cb93397bc676c0b7fff .inf-submit { text-align:right;} .inf-main_3000311ca56a1cb93397bc676c0b7fff .inf-submit input{ background-color:#777777; color:#ffffff; border:none; font-weight: normal; height:auto; padding:7px; } .inf-main_3000311ca56a1cb93397bc676c0b7fff .inf-submit input.disabled{ opacity: 0.4; } .inf-btn { color: rgb(85, 85, 85); border: medium none; font-weight: normal; height: auto; padding: 7px; display: inline-block; background-color: white; box-shadow: 0px 1px 1px rgba(0, 0, 0, 0.24); border-radius: 2px; line-height: 1em; } .inf-rgpd { margin:25px 0px 15px 0px; color:#555555; } <\/style> <div class=\"inf-main_3000311ca56a1cb93397bc676c0b7fff\"> <h4>NEWSLETTER DES FREIEN BLICKS<\/h4> <span>Erhalten Sie unsere Artikel jeden Sonntag.<\/span> <div class=\"inf-success\" style=\"display:none\"> <h4>Ihre Anmeldung f\u00fcr unseren w\u00f6chentlichen Newsletter wurde erfolgreich registriert!<\/h4> <p> <a href=\"#\" class=\"inf-btn\">\u00ab<\/a> <\/p> <\/div> <div class=\"inf-content\"> <div class=\"inf-input inf-input-text\"> <input type=\"text\" name=\"inf[1]\" data-inf-meta = \"1\" data-inf-error = \"Merci de renseigner une adresse email\" required=\"required\" placeholder=\"E-Mail\" > <\/div> <div class=\"inf-submit\"> <input type=\"submit\" name=\"\" value=\"Anmelden\"> <\/div> <\/div> <\/div> <\/form>\n\n\n\n<p>In diesem Beispiel g\u00e4be es somit ein \u00fcbergeordnetes Recht f\u00fcr Einzelpersonen, dass der Staat aufgrund seiner internationalen Verpflichtungen zus\u00e4tzliche und dringende Ma\u00dfnahmen im Bereich seiner Klimapolitik ergreift, obwohl die Mehrheit des Schweizer Volkes die Klimastrategie des Bundes bei der Abstimmung \u00fcber das Klimagesetz am 18. Juni 2023 gebilligt hat. Der Gerichtshof stellt eine Verbindung zwischen der von der Schweiz unterzeichneten Europ\u00e4ischen Menschenrechtskonvention und der nationalen Verpflichtung her, die negativen Auswirkungen der globalen Erw\u00e4rmung auf Menschen, insbesondere auf gef\u00e4hrdete Personen, zu verringern.<\/p>\n\n\n\n<p>Damit wir uns richtig verstehen: Es geht nicht darum, die Bedeutung des Themas oder gar die Existenz des EGMR in Frage zu stellen, sondern um die extensive Auslegung des Gerichtshofs in diesem Fall. Diese Neigung, eine bestimmte Rechtsideologie durchzusetzen, erinnert an <a href=\"https:\/\/leregardlibre.com\/de\/politik\/rechtsstaatlichkeit-ghislain-benhessa\/\">die Analysen von Ghislain Benhessa<\/a> in seinem Werk <em>Das Totem der Rechtsstaatlichkeit<\/em> die beleuchtet, wie der Rechtsstaat manchmal das \u00f6ffentliche Interesse \u00fcbertrumpfen kann, indem er ein Geb\u00e4ude formt, dessen Konturen von wechselnden Werten bestimmt werden, die vom Richter auf Kosten der demokratischen Legitimit\u00e4t verteidigt werden.<\/p>\n\n\n\n<h3 class=\"wp-block-heading\" id=\"h-la-legitimite-de-la-cedh-en-question\">Die Legitimit\u00e4t des EGMR in Frage gestellt<\/h3>\n\n\n\n<p>Ein weiterer wichtiger Kritikpunkt betrifft die Legitimit\u00e4t des EGMR selbst, solche Entscheidungen zu treffen. Obwohl seine Richter indirekt von den nationalen Parlamenten gew\u00e4hlt werden, stellen einige diese demokratische Legitimit\u00e4t in Frage. Ihrer Meinung nach dr\u00fcckt die Wahl der Richter nicht die Repr\u00e4sentativit\u00e4t aus, die notwendig ist, um \u00fcber so grundlegende Fragen wie die Menschenrechte zu entscheiden. Meines Erachtens w\u00fcrden demokratische Grunds\u00e4tze eine aktivere Beteiligung der B\u00fcrger an der Ernennung dieser Richter erfordern, insbesondere wenn diese Richter \u00fcbergeordnetes Recht formulieren, das f\u00fcr das nationale Recht bindend ist.<\/p>\n\n\n\n<p>Angesichts dieser Fragen ist es meiner Meinung nach notwendig, ein Gleichgewicht zwischen dem Schutz der Grundrechte und der Achtung der nationalen demokratischen Prozesse zu finden. Zwar bieten die Grundrechte eine wesentliche Grundlage f\u00fcr den Schutz der individuellen Freiheiten, doch muss ihre Anwendung unbedingt in der Achtung der demokratischen Grunds\u00e4tze und der Souver\u00e4nit\u00e4t der Staaten verankert bleiben. Wenn auf diese Weise ein k\u00f6rperloses supranationales Naturrecht geschmiedet wird, besteht die Gefahr, dass unsere zeitgen\u00f6ssischen Demokratien noch weiter untergraben werden.<\/p>\n\n\n\n<h6 class=\"wp-block-heading\" id=\"h-a-lire-aussi-ghislain-benhessa-le-totem-de-l-etat-de-droit\">Lesen Sie auch | <a href=\"https:\/\/leregardlibre.com\/de\/politik\/rechtsstaatlichkeit-ghislain-benhessa\/\">Ghislain Benhessa, <em>Das Totem der Rechtsstaatlichkeit<\/em><\/a><\/h6>\n\n\n\n<p>Wiederum hatte die EMRK ein edles Ziel, n\u00e4mlich bestimmte Grundwerte zu bewahren, die insbesondere vom Nationalsozialismus w\u00e4hrend des Zweiten Weltkriegs mit F\u00fc\u00dfen getreten wurden. Er w\u00fcrde seinen Zweck verfehlen, wenn er st\u00e4ndig neue Rechte schaffen w\u00fcrde.<\/p>\n\n\n\n<p>Heute beklagen sich manche \u00fcber den Aufstieg des Populismus und \u00fcber ihre Vertreter, die diese EMRK kritisieren, aber diese Jammerer tragen zur Polarisierung der Gesellschaft und damit zum Aufstieg des Populismus bei, indem sie die Kluft zwischen den Eliten und der Mehrheit der Bev\u00f6lkerung noch weiter vergr\u00f6\u00dfern. Um eine Formulierung von Denis de Rougemont in <em>Mit den H\u00e4nden denken<\/em> (1936), der in den 1930er Jahren \u00fcber den Verfall unserer Kultur sprach: \u00abUnsere Kultur zerf\u00e4llt, weil sie sich geweigert hat, sich auf die H\u00f6he des Menschen, auf die Ebene des Realen, herabzulassen\u00bb. Um handlungsf\u00e4hig zu sein, m\u00fcssen wir wieder echte menschliche Gemeinschaften schaffen, die in der Lage sind, ohne \u00e4u\u00dferen Zwang vern\u00fcnftig zu handeln. \u00dcberzeugen ist besser als zwingen, auch in der Klimapolitik.<\/p>\n\n\n\n<h6 class=\"wp-block-heading\" id=\"h-notre-redacteur-en-chef-dans-un-debat-rts-dimanche-sur-ce-sujet\">Unser Chefredakteur in einer RTS-Debatte am Sonntag zu diesem Thema<\/h6>\n\n\n\n<iframe width=\"560\" height=\"315\" src=\"https:\/\/www.rts.ch\/play\/embed?urn=urn:rts:video:14834460&#038;subdivisions=false\" allowfullscreen allow=\"geolocation *; autoplay; encrypted-media\"><\/iframe>","protected":false},"excerpt":{"rendered":"<p>In der zeitgen\u00f6ssischen Rechtslandschaft l\u00f6st der Begriff der Grundrechte eine lebhafte Debatte aus, die von Fragen nach ihrem Ursprung, ihrer Reichweite und ihrer Legitimit\u00e4t gen\u00e4hrt wird. Im Mittelpunkt dieser Diskussion steht meiner Meinung nach der Begriff der nat\u00fcrlichen Rechte. Diese uralte Idee, die sich insbesondere gegen den Rechtspositivismus richtet, taucht in der modernen juristischen Debatte mit neuer Relevanz wieder auf.<\/p>","protected":false},"author":1,"featured_media":523086,"comment_status":"open","ping_status":"closed","sticky":false,"template":"","format":"standard","meta":{"_acf_changed":false,"footnotes":""},"categories":[644357279],"tags":[644358378,644344304,480197,45553],"class_list":["post-523084","post","type-post","status-publish","format-standard","has-post-thumbnail","hentry","category-suisse","tag-cedh","tag-courrier-des-lecteurs","tag-droits-de-lhomme","tag-liberte"],"acf":[],"yoast_head":"<!-- This site is optimized with the Yoast SEO Premium plugin v27.4 (Yoast SEO v27.4) - https:\/\/yoast.com\/product\/yoast-seo-premium-wordpress\/ -->\n<title>CEDH: la r\u00e9surgence des droits naturels, entre id\u00e9ologie et l\u00e9gitimit\u00e9<\/title>\n<meta name=\"description\" content=\"La notion de droit climatique, fondant la condamnation de la Suisse par la CEDH, fait d\u00e9bat, tout comme la l\u00e9gitimit\u00e9 de cette cour.\" \/>\n<meta name=\"robots\" content=\"index, follow, max-snippet:-1, max-image-preview:large, max-video-preview:-1\" \/>\n<link rel=\"canonical\" href=\"https:\/\/leregardlibre.com\/de\/politik\/schweiz\/cedh-das-wiederaufleben-der-naturlichen-rechte-zwischen-ideologie-und-legitimitat\/\" \/>\n<meta property=\"og:locale\" content=\"de_DE\" \/>\n<meta property=\"og:type\" content=\"article\" \/>\n<meta property=\"og:title\" content=\"CEDH: la r\u00e9surgence des droits naturels, entre id\u00e9ologie et l\u00e9gitimit\u00e9\" \/>\n<meta property=\"og:description\" content=\"La notion de droit climatique, fondant la condamnation de la Suisse par la CEDH, fait d\u00e9bat, tout comme la l\u00e9gitimit\u00e9 de cette cour.\" \/>\n<meta property=\"og:url\" content=\"https:\/\/leregardlibre.com\/de\/politik\/schweiz\/cedh-das-wiederaufleben-der-naturlichen-rechte-zwischen-ideologie-und-legitimitat\/\" \/>\n<meta property=\"og:site_name\" content=\"Le Regard Libre\" \/>\n<meta property=\"article:publisher\" content=\"https:\/\/www.facebook.com\/leregardlibre\/\" \/>\n<meta property=\"article:published_time\" content=\"2024-04-14T16:22:43+00:00\" \/>\n<meta property=\"article:modified_time\" content=\"2025-12-13T21:43:05+00:00\" \/>\n<meta property=\"og:image\" content=\"https:\/\/leregardlibre.com\/wp-content\/uploads\/2024\/04\/hanna-zhyhar-xzssg0hdxpq-unsplash.jpg\" \/>\n\t<meta property=\"og:image:width\" content=\"1920\" \/>\n\t<meta property=\"og:image:height\" content=\"1280\" \/>\n\t<meta property=\"og:image:type\" content=\"image\/jpeg\" \/>\n<meta name=\"author\" content=\"Le Regard Libre\" \/>\n<meta name=\"twitter:card\" content=\"summary_large_image\" \/>\n<meta name=\"twitter:creator\" content=\"@LeRegardLibre\" \/>\n<meta name=\"twitter:site\" content=\"@LeRegardLibre\" \/>\n<meta name=\"twitter:label1\" content=\"Verfasst von\" \/>\n\t<meta name=\"twitter:data1\" content=\"Le Regard Libre\" \/>\n\t<meta name=\"twitter:label2\" content=\"Gesch\u00e4tzte Lesezeit\" \/>\n\t<meta name=\"twitter:data2\" content=\"5\u00a0Minuten\" \/>\n<script type=\"application\/ld+json\" class=\"yoast-schema-graph\">{\"@context\":\"https:\\\/\\\/schema.org\",\"@graph\":[{\"@type\":\"Article\",\"@id\":\"https:\\\/\\\/leregardlibre.com\\\/politique\\\/suisse\\\/cedh-la-resurgence-des-droits-naturels-entre-ideologie-et-legitimite\\\/#article\",\"isPartOf\":{\"@id\":\"https:\\\/\\\/leregardlibre.com\\\/politique\\\/suisse\\\/cedh-la-resurgence-des-droits-naturels-entre-ideologie-et-legitimite\\\/\"},\"author\":{\"name\":\"Le Regard Libre\",\"@id\":\"https:\\\/\\\/leregardlibre.com\\\/#\\\/schema\\\/person\\\/68aceea2de84966d0928b49556d54101\"},\"headline\":\"CEDH: la r\u00e9surgence des droits naturels, entre id\u00e9ologie et l\u00e9gitimit\u00e9\",\"datePublished\":\"2024-04-14T16:22:43+00:00\",\"dateModified\":\"2025-12-13T21:43:05+00:00\",\"mainEntityOfPage\":{\"@id\":\"https:\\\/\\\/leregardlibre.com\\\/politique\\\/suisse\\\/cedh-la-resurgence-des-droits-naturels-entre-ideologie-et-legitimite\\\/\"},\"wordCount\":979,\"commentCount\":0,\"publisher\":{\"@id\":\"https:\\\/\\\/leregardlibre.com\\\/#organization\"},\"image\":{\"@id\":\"https:\\\/\\\/leregardlibre.com\\\/politique\\\/suisse\\\/cedh-la-resurgence-des-droits-naturels-entre-ideologie-et-legitimite\\\/#primaryimage\"},\"thumbnailUrl\":\"https:\\\/\\\/leregardlibre.com\\\/wp-content\\\/uploads\\\/2024\\\/04\\\/hanna-zhyhar-xzssg0hdxpq-unsplash.jpg\",\"keywords\":[\"CEDH\",\"Courrier des lecteurs\",\"Droits de l'homme\",\"Libert\u00e9\"],\"articleSection\":[\"Suisse\"],\"inLanguage\":\"de\",\"potentialAction\":[{\"@type\":\"CommentAction\",\"name\":\"Comment\",\"target\":[\"https:\\\/\\\/leregardlibre.com\\\/politique\\\/suisse\\\/cedh-la-resurgence-des-droits-naturels-entre-ideologie-et-legitimite\\\/#respond\"]}]},{\"@type\":\"WebPage\",\"@id\":\"https:\\\/\\\/leregardlibre.com\\\/politique\\\/suisse\\\/cedh-la-resurgence-des-droits-naturels-entre-ideologie-et-legitimite\\\/\",\"url\":\"https:\\\/\\\/leregardlibre.com\\\/politique\\\/suisse\\\/cedh-la-resurgence-des-droits-naturels-entre-ideologie-et-legitimite\\\/\",\"name\":\"CEDH: la r\u00e9surgence des droits naturels, entre id\u00e9ologie et l\u00e9gitimit\u00e9\",\"isPartOf\":{\"@id\":\"https:\\\/\\\/leregardlibre.com\\\/#website\"},\"primaryImageOfPage\":{\"@id\":\"https:\\\/\\\/leregardlibre.com\\\/politique\\\/suisse\\\/cedh-la-resurgence-des-droits-naturels-entre-ideologie-et-legitimite\\\/#primaryimage\"},\"image\":{\"@id\":\"https:\\\/\\\/leregardlibre.com\\\/politique\\\/suisse\\\/cedh-la-resurgence-des-droits-naturels-entre-ideologie-et-legitimite\\\/#primaryimage\"},\"thumbnailUrl\":\"https:\\\/\\\/leregardlibre.com\\\/wp-content\\\/uploads\\\/2024\\\/04\\\/hanna-zhyhar-xzssg0hdxpq-unsplash.jpg\",\"datePublished\":\"2024-04-14T16:22:43+00:00\",\"dateModified\":\"2025-12-13T21:43:05+00:00\",\"description\":\"La notion de droit climatique, fondant la condamnation de la Suisse par la CEDH, fait d\u00e9bat, tout comme la l\u00e9gitimit\u00e9 de cette cour.\",\"breadcrumb\":{\"@id\":\"https:\\\/\\\/leregardlibre.com\\\/politique\\\/suisse\\\/cedh-la-resurgence-des-droits-naturels-entre-ideologie-et-legitimite\\\/#breadcrumb\"},\"inLanguage\":\"de\",\"potentialAction\":[{\"@type\":\"ReadAction\",\"target\":[\"https:\\\/\\\/leregardlibre.com\\\/politique\\\/suisse\\\/cedh-la-resurgence-des-droits-naturels-entre-ideologie-et-legitimite\\\/\"]}]},{\"@type\":\"ImageObject\",\"inLanguage\":\"de\",\"@id\":\"https:\\\/\\\/leregardlibre.com\\\/politique\\\/suisse\\\/cedh-la-resurgence-des-droits-naturels-entre-ideologie-et-legitimite\\\/#primaryimage\",\"url\":\"https:\\\/\\\/leregardlibre.com\\\/wp-content\\\/uploads\\\/2024\\\/04\\\/hanna-zhyhar-xzssg0hdxpq-unsplash.jpg\",\"contentUrl\":\"https:\\\/\\\/leregardlibre.com\\\/wp-content\\\/uploads\\\/2024\\\/04\\\/hanna-zhyhar-xzssg0hdxpq-unsplash.jpg\",\"width\":1920,\"height\":1280,\"caption\":\"\u00a9 Unsplash\"},{\"@type\":\"BreadcrumbList\",\"@id\":\"https:\\\/\\\/leregardlibre.com\\\/politique\\\/suisse\\\/cedh-la-resurgence-des-droits-naturels-entre-ideologie-et-legitimite\\\/#breadcrumb\",\"itemListElement\":[{\"@type\":\"ListItem\",\"position\":1,\"name\":\"Accueil\",\"item\":\"https:\\\/\\\/leregardlibre.com\\\/\"},{\"@type\":\"ListItem\",\"position\":2,\"name\":\"CEDH: la r\u00e9surgence des droits naturels, entre id\u00e9ologie et l\u00e9gitimit\u00e9\"}]},{\"@type\":\"WebSite\",\"@id\":\"https:\\\/\\\/leregardlibre.com\\\/#website\",\"url\":\"https:\\\/\\\/leregardlibre.com\\\/\",\"name\":\"Le Regard Libre\",\"description\":\"Premier mensuel suisse de d\u00e9bat\",\"publisher\":{\"@id\":\"https:\\\/\\\/leregardlibre.com\\\/#organization\"},\"potentialAction\":[{\"@type\":\"SearchAction\",\"target\":{\"@type\":\"EntryPoint\",\"urlTemplate\":\"https:\\\/\\\/leregardlibre.com\\\/?s={search_term_string}\"},\"query-input\":{\"@type\":\"PropertyValueSpecification\",\"valueRequired\":true,\"valueName\":\"search_term_string\"}}],\"inLanguage\":\"de\"},{\"@type\":\"Organization\",\"@id\":\"https:\\\/\\\/leregardlibre.com\\\/#organization\",\"name\":\"Le Regard Libre\",\"url\":\"https:\\\/\\\/leregardlibre.com\\\/\",\"logo\":{\"@type\":\"ImageObject\",\"inLanguage\":\"de\",\"@id\":\"https:\\\/\\\/leregardlibre.com\\\/#\\\/schema\\\/logo\\\/image\\\/\",\"url\":\"https:\\\/\\\/leregardlibre.com\\\/wp-content\\\/uploads\\\/2025\\\/08\\\/logo-rl-icone-neg.jpeg\",\"contentUrl\":\"https:\\\/\\\/leregardlibre.com\\\/wp-content\\\/uploads\\\/2025\\\/08\\\/logo-rl-icone-neg.jpeg\",\"width\":557,\"height\":556,\"caption\":\"Le Regard Libre\"},\"image\":{\"@id\":\"https:\\\/\\\/leregardlibre.com\\\/#\\\/schema\\\/logo\\\/image\\\/\"},\"sameAs\":[\"https:\\\/\\\/www.facebook.com\\\/leregardlibre\\\/\",\"https:\\\/\\\/x.com\\\/LeRegardLibre\",\"https:\\\/\\\/www.linkedin.com\\\/company\\\/le-regard-libre\",\"https:\\\/\\\/www.instagram.com\\\/leregardlibre\\\/\",\"http:\\\/\\\/t.me\\\/leregardlibre\",\"https:\\\/\\\/youtube.com\\\/channel\\\/UC6HzGPomj1LsUmlz-sJtITQ\"],\"description\":\"Le Regard Libre est un mensuel suisse de d\u00e9bat intellectuel et culturel. Sa r\u00e9daction est jeune, b\u00e9n\u00e9vole, lib\u00e9rale et pluraliste. Le magazine para\u00eet en ligne et sous forme papier. Sa langue est le fran\u00e7ais.\",\"email\":\"redaction@leregardlibre.com\",\"legalName\":\"Le Regard Libre\",\"foundingDate\":\"2014-01-01\",\"numberOfEmployees\":{\"@type\":\"QuantitativeValue\",\"minValue\":\"11\",\"maxValue\":\"50\"},\"publishingPrinciples\":\"https:\\\/\\\/leregardlibre.com\\\/a-propos\\\/notre-manifeste\\\/\",\"ownershipFundingInfo\":\"https:\\\/\\\/leregardlibre.com\\\/mentions-legales\\\/\",\"actionableFeedbackPolicy\":\"https:\\\/\\\/leregardlibre.com\\\/conditions-generales-de-vente\\\/\"},{\"@type\":\"Person\",\"@id\":\"https:\\\/\\\/leregardlibre.com\\\/#\\\/schema\\\/person\\\/68aceea2de84966d0928b49556d54101\",\"name\":\"Le Regard Libre\",\"image\":{\"@type\":\"ImageObject\",\"inLanguage\":\"de\",\"@id\":\"https:\\\/\\\/secure.gravatar.com\\\/avatar\\\/ccf13a262e399e026577c8158b11cbdef98921ac28fa06bc0d43a2d0e2a4a1c0?s=96&d=identicon&r=g\",\"url\":\"https:\\\/\\\/secure.gravatar.com\\\/avatar\\\/ccf13a262e399e026577c8158b11cbdef98921ac28fa06bc0d43a2d0e2a4a1c0?s=96&d=identicon&r=g\",\"contentUrl\":\"https:\\\/\\\/secure.gravatar.com\\\/avatar\\\/ccf13a262e399e026577c8158b11cbdef98921ac28fa06bc0d43a2d0e2a4a1c0?s=96&d=identicon&r=g\",\"caption\":\"Le Regard Libre\"},\"description\":\"Premier mensuel suisse de d\u00e9bat\",\"sameAs\":[\"https:\\\/\\\/fr.wikipedia.org\\\/wiki\\\/Le_Regard_libre\"],\"url\":\"https:\\\/\\\/leregardlibre.com\\\/de\\\/author\\\/leregardlibre\\\/\"}]}<\/script>\n<!-- \/ Yoast SEO Premium plugin. -->","yoast_head_json":{"title":"EGMR: Das Wiederaufleben der nat\u00fcrlichen Rechte zwischen Ideologie und Legitimit\u00e4t","description":"Der Begriff des Klimarechts, der die Verurteilung der Schweiz durch den EGMR begr\u00fcndet, ist ebenso umstritten wie die Legitimit\u00e4t des Gerichtshofs.","robots":{"index":"index","follow":"follow","max-snippet":"max-snippet:-1","max-image-preview":"max-image-preview:large","max-video-preview":"max-video-preview:-1"},"canonical":"https:\/\/leregardlibre.com\/de\/politik\/schweiz\/cedh-das-wiederaufleben-der-naturlichen-rechte-zwischen-ideologie-und-legitimitat\/","og_locale":"de_DE","og_type":"article","og_title":"CEDH: la r\u00e9surgence des droits naturels, entre id\u00e9ologie et l\u00e9gitimit\u00e9","og_description":"La notion de droit climatique, fondant la condamnation de la Suisse par la CEDH, fait d\u00e9bat, tout comme la l\u00e9gitimit\u00e9 de cette cour.","og_url":"https:\/\/leregardlibre.com\/de\/politik\/schweiz\/cedh-das-wiederaufleben-der-naturlichen-rechte-zwischen-ideologie-und-legitimitat\/","og_site_name":"Le Regard Libre","article_publisher":"https:\/\/www.facebook.com\/leregardlibre\/","article_published_time":"2024-04-14T16:22:43+00:00","article_modified_time":"2025-12-13T21:43:05+00:00","og_image":[{"width":1920,"height":1280,"url":"https:\/\/leregardlibre.com\/wp-content\/uploads\/2024\/04\/hanna-zhyhar-xzssg0hdxpq-unsplash.jpg","type":"image\/jpeg"}],"author":"Le Regard Libre","twitter_card":"summary_large_image","twitter_creator":"@LeRegardLibre","twitter_site":"@LeRegardLibre","twitter_misc":{"Verfasst von":"Le Regard Libre","Gesch\u00e4tzte Lesezeit":"5\u00a0Minuten"},"schema":{"@context":"https:\/\/schema.org","@graph":[{"@type":"Article","@id":"https:\/\/leregardlibre.com\/politique\/suisse\/cedh-la-resurgence-des-droits-naturels-entre-ideologie-et-legitimite\/#article","isPartOf":{"@id":"https:\/\/leregardlibre.com\/politique\/suisse\/cedh-la-resurgence-des-droits-naturels-entre-ideologie-et-legitimite\/"},"author":{"name":"Le Regard Libre","@id":"https:\/\/leregardlibre.com\/#\/schema\/person\/68aceea2de84966d0928b49556d54101"},"headline":"CEDH: la r\u00e9surgence des droits naturels, entre id\u00e9ologie et l\u00e9gitimit\u00e9","datePublished":"2024-04-14T16:22:43+00:00","dateModified":"2025-12-13T21:43:05+00:00","mainEntityOfPage":{"@id":"https:\/\/leregardlibre.com\/politique\/suisse\/cedh-la-resurgence-des-droits-naturels-entre-ideologie-et-legitimite\/"},"wordCount":979,"commentCount":0,"publisher":{"@id":"https:\/\/leregardlibre.com\/#organization"},"image":{"@id":"https:\/\/leregardlibre.com\/politique\/suisse\/cedh-la-resurgence-des-droits-naturels-entre-ideologie-et-legitimite\/#primaryimage"},"thumbnailUrl":"https:\/\/leregardlibre.com\/wp-content\/uploads\/2024\/04\/hanna-zhyhar-xzssg0hdxpq-unsplash.jpg","keywords":["CEDH","Courrier des lecteurs","Droits de l'homme","Libert\u00e9"],"articleSection":["Suisse"],"inLanguage":"de","potentialAction":[{"@type":"CommentAction","name":"Comment","target":["https:\/\/leregardlibre.com\/politique\/suisse\/cedh-la-resurgence-des-droits-naturels-entre-ideologie-et-legitimite\/#respond"]}]},{"@type":"WebPage","@id":"https:\/\/leregardlibre.com\/politique\/suisse\/cedh-la-resurgence-des-droits-naturels-entre-ideologie-et-legitimite\/","url":"https:\/\/leregardlibre.com\/politique\/suisse\/cedh-la-resurgence-des-droits-naturels-entre-ideologie-et-legitimite\/","name":"EGMR: Das Wiederaufleben der nat\u00fcrlichen Rechte zwischen Ideologie und Legitimit\u00e4t","isPartOf":{"@id":"https:\/\/leregardlibre.com\/#website"},"primaryImageOfPage":{"@id":"https:\/\/leregardlibre.com\/politique\/suisse\/cedh-la-resurgence-des-droits-naturels-entre-ideologie-et-legitimite\/#primaryimage"},"image":{"@id":"https:\/\/leregardlibre.com\/politique\/suisse\/cedh-la-resurgence-des-droits-naturels-entre-ideologie-et-legitimite\/#primaryimage"},"thumbnailUrl":"https:\/\/leregardlibre.com\/wp-content\/uploads\/2024\/04\/hanna-zhyhar-xzssg0hdxpq-unsplash.jpg","datePublished":"2024-04-14T16:22:43+00:00","dateModified":"2025-12-13T21:43:05+00:00","description":"Der Begriff des Klimarechts, der die Verurteilung der Schweiz durch den EGMR begr\u00fcndet, ist ebenso umstritten wie die Legitimit\u00e4t des Gerichtshofs.","breadcrumb":{"@id":"https:\/\/leregardlibre.com\/politique\/suisse\/cedh-la-resurgence-des-droits-naturels-entre-ideologie-et-legitimite\/#breadcrumb"},"inLanguage":"de","potentialAction":[{"@type":"ReadAction","target":["https:\/\/leregardlibre.com\/politique\/suisse\/cedh-la-resurgence-des-droits-naturels-entre-ideologie-et-legitimite\/"]}]},{"@type":"ImageObject","inLanguage":"de","@id":"https:\/\/leregardlibre.com\/politique\/suisse\/cedh-la-resurgence-des-droits-naturels-entre-ideologie-et-legitimite\/#primaryimage","url":"https:\/\/leregardlibre.com\/wp-content\/uploads\/2024\/04\/hanna-zhyhar-xzssg0hdxpq-unsplash.jpg","contentUrl":"https:\/\/leregardlibre.com\/wp-content\/uploads\/2024\/04\/hanna-zhyhar-xzssg0hdxpq-unsplash.jpg","width":1920,"height":1280,"caption":"\u00a9 Unsplash"},{"@type":"BreadcrumbList","@id":"https:\/\/leregardlibre.com\/politique\/suisse\/cedh-la-resurgence-des-droits-naturels-entre-ideologie-et-legitimite\/#breadcrumb","itemListElement":[{"@type":"ListItem","position":1,"name":"Accueil","item":"https:\/\/leregardlibre.com\/"},{"@type":"ListItem","position":2,"name":"CEDH: la r\u00e9surgence des droits naturels, entre id\u00e9ologie et l\u00e9gitimit\u00e9"}]},{"@type":"WebSite","@id":"https:\/\/leregardlibre.com\/#website","url":"https:\/\/leregardlibre.com\/","name":"Le Regard Libre","description":"Erste Schweizer Monatszeitschrift f\u00fcr Debatten","publisher":{"@id":"https:\/\/leregardlibre.com\/#organization"},"potentialAction":[{"@type":"SearchAction","target":{"@type":"EntryPoint","urlTemplate":"https:\/\/leregardlibre.com\/?s={search_term_string}"},"query-input":{"@type":"PropertyValueSpecification","valueRequired":true,"valueName":"search_term_string"}}],"inLanguage":"de"},{"@type":"Organization","@id":"https:\/\/leregardlibre.com\/#organization","name":"Le Regard Libre","url":"https:\/\/leregardlibre.com\/","logo":{"@type":"ImageObject","inLanguage":"de","@id":"https:\/\/leregardlibre.com\/#\/schema\/logo\/image\/","url":"https:\/\/leregardlibre.com\/wp-content\/uploads\/2025\/08\/logo-rl-icone-neg.jpeg","contentUrl":"https:\/\/leregardlibre.com\/wp-content\/uploads\/2025\/08\/logo-rl-icone-neg.jpeg","width":557,"height":556,"caption":"Le Regard Libre"},"image":{"@id":"https:\/\/leregardlibre.com\/#\/schema\/logo\/image\/"},"sameAs":["https:\/\/www.facebook.com\/leregardlibre\/","https:\/\/x.com\/LeRegardLibre","https:\/\/www.linkedin.com\/company\/le-regard-libre","https:\/\/www.instagram.com\/leregardlibre\/","http:\/\/t.me\/leregardlibre","https:\/\/youtube.com\/channel\/UC6HzGPomj1LsUmlz-sJtITQ"],"description":"Le Regard Libre ist eine Schweizer Monatszeitschrift f\u00fcr intellektuelle und kulturelle Debatten. Seine Redaktion ist jung, ehrenamtlich, liberal und pluralistisch. Das Magazin erscheint online und in gedruckter Form. Seine Sprache ist Franz\u00f6sisch.","email":"redaction@leregardlibre.com","legalName":"Le Regard Libre","foundingDate":"2014-01-01","numberOfEmployees":{"@type":"QuantitativeValue","minValue":"11","maxValue":"50"},"publishingPrinciples":"https:\/\/leregardlibre.com\/a-propos\/notre-manifeste\/","ownershipFundingInfo":"https:\/\/leregardlibre.com\/mentions-legales\/","actionableFeedbackPolicy":"https:\/\/leregardlibre.com\/conditions-generales-de-vente\/"},{"@type":"Person","@id":"https:\/\/leregardlibre.com\/#\/schema\/person\/68aceea2de84966d0928b49556d54101","name":"Le Regard Libre","image":{"@type":"ImageObject","inLanguage":"de","@id":"https:\/\/secure.gravatar.com\/avatar\/ccf13a262e399e026577c8158b11cbdef98921ac28fa06bc0d43a2d0e2a4a1c0?s=96&d=identicon&r=g","url":"https:\/\/secure.gravatar.com\/avatar\/ccf13a262e399e026577c8158b11cbdef98921ac28fa06bc0d43a2d0e2a4a1c0?s=96&d=identicon&r=g","contentUrl":"https:\/\/secure.gravatar.com\/avatar\/ccf13a262e399e026577c8158b11cbdef98921ac28fa06bc0d43a2d0e2a4a1c0?s=96&d=identicon&r=g","caption":"Le Regard Libre"},"description":"Erste Schweizer Monatszeitschrift f\u00fcr Debatten","sameAs":["https:\/\/fr.wikipedia.org\/wiki\/Le_Regard_libre"],"url":"https:\/\/leregardlibre.com\/de\/author\/leregardlibre\/"}]}},"_links":{"self":[{"href":"https:\/\/leregardlibre.com\/de\/wp-json\/wp\/v2\/posts\/523084","targetHints":{"allow":["GET"]}}],"collection":[{"href":"https:\/\/leregardlibre.com\/de\/wp-json\/wp\/v2\/posts"}],"about":[{"href":"https:\/\/leregardlibre.com\/de\/wp-json\/wp\/v2\/types\/post"}],"author":[{"embeddable":true,"href":"https:\/\/leregardlibre.com\/de\/wp-json\/wp\/v2\/users\/1"}],"replies":[{"embeddable":true,"href":"https:\/\/leregardlibre.com\/de\/wp-json\/wp\/v2\/comments?post=523084"}],"version-history":[{"count":2,"href":"https:\/\/leregardlibre.com\/de\/wp-json\/wp\/v2\/posts\/523084\/revisions"}],"predecessor-version":[{"id":523182,"href":"https:\/\/leregardlibre.com\/de\/wp-json\/wp\/v2\/posts\/523084\/revisions\/523182"}],"wp:featuredmedia":[{"embeddable":true,"href":"https:\/\/leregardlibre.com\/de\/wp-json\/wp\/v2\/media\/523086"}],"wp:attachment":[{"href":"https:\/\/leregardlibre.com\/de\/wp-json\/wp\/v2\/media?parent=523084"}],"wp:term":[{"taxonomy":"category","embeddable":true,"href":"https:\/\/leregardlibre.com\/de\/wp-json\/wp\/v2\/categories?post=523084"},{"taxonomy":"post_tag","embeddable":true,"href":"https:\/\/leregardlibre.com\/de\/wp-json\/wp\/v2\/tags?post=523084"}],"curies":[{"name":"wp","href":"https:\/\/api.w.org\/{rel}","templated":true}]}}