{"id":523263,"date":"2024-04-28T10:11:16","date_gmt":"2024-04-28T08:11:16","guid":{"rendered":"https:\/\/leregardlibre.com\/?p=523263"},"modified":"2024-04-28T10:20:43","modified_gmt":"2024-04-28T08:20:43","slug":"san-francisco-1906-une-bd-qui-ne-tremble-pas","status":"publish","type":"post","link":"https:\/\/leregardlibre.com\/de\/literatur\/san-francisco-1906-une-bd-qui-ne-tremble-pas\/","title":{"rendered":"Ein Comic, der nicht zittert"},"content":{"rendered":"<p class=\"has-drop-cap\"><strong>Das Duo Damien Marie (Drehbuch) und Fabrice Meddour (Zeichnungen) hat sich erneut zusammengefunden, um einen weiteren Teil der amerikanischen Geschichte zu behandeln. Nach den Nachwehen des B\u00fcrgerkriegs in <em>Nach der H\u00f6lle<\/em>, Ein Jahrhundert sp\u00e4ter kehrten sie mit einem neuen Thriller zur\u00fcck.<\/strong><\/p>\n\n\n\n<!--more-->\n\n\n\n<p>S\u2019articulant en deux volumes, avec comme conclusion un second tome pr\u00e9vu pour fin ao\u00fbt 2024, <em>San Francisco 1906<\/em> m\u00eale \u00e0 la grande criminalit\u00e9 des figures de l\u2019histoire de l\u2019art et, en toile de fond, l\u2019une des plus importantes catastrophes naturelles du XX<sup>.<\/sup> si\u00e8cle. Difficile de faire plus explosif comme cocktail! Alors qu\u2019<em>Nach der H\u00f6lle<\/em> traitait de la Grande Guerre, c\u2019est de la \u00abpetite\u00bb dont il est ici\u00a0question: celle des gangs rivaux de la <em>Fog City<\/em>. Dans le plus ancien Chinatown d\u2019Am\u00e9rique du Nord, une simple \u00e9tincelle peut d\u00e9clencher un v\u00e9ritable brasier entre Italiens et Chinois. Et c\u2019est bien malgr\u00e9 elle que Judith, femme de chambre d\u2019un luxueux h\u00f4tel, va se retrouver au c\u0153ur des hostilit\u00e9s.<\/p>\n\n\n\n<h3 class=\"wp-block-heading\" id=\"h-art-et-mafia-et-opera\">Art et mafia et op\u00e9ra<\/h3>\n\n\n\n<p>Mardi 17 avril 1906 au Palace Hotel; alors qu\u2019elle vient de prendre son service comme tous les soirs, Judith se voit confier un coffret \u00e0 cigares \u00e0 apporter dans la chambre du t\u00e9nor italien Enrico Caruso, en pleine repr\u00e9sentation au Grand Theatre Central o\u00f9 tout le gotha de la ville est en train de lui offrir une standing ovation. Une fois le colis d\u00e9pos\u00e9 et au moment de repartir, elle distingue un myst\u00e9rieux objet emball\u00e9, cach\u00e9 sous les draps de lit. Mais elle n\u2019a le temps que d\u2019entrapercevoir une bribe du paquet qu\u2019un coup s\u2019abat sur l\u2019arri\u00e8re de sa t\u00eate, la laissant sans connaissance. D\u00e9sormais entre les mains des plus grands criminels et au courant d\u2019un trafic qui aurait d\u00fb rester secret, Judith n\u2019aura pas droit aux m\u00eames honneurs que le chanteur d\u2019op\u00e9ra\u2026<\/p>\n\n\n\n<p>Ce qui frappe d\u2019entr\u00e9e \u00e0 la lecture de <em>San Francisco 1906<\/em>, c\u2019est l\u2019atmosph\u00e8re tr\u00e8s tamis\u00e9e, tirant sur le <em>Vintage<\/em> chic, conf\u00e9r\u00e9e par les coloris monochromes des planches. Et cela ancre de mani\u00e8re directe, mais subtile, la dimension artistique dans ce r\u00e9cit mafieux. Les r\u00e9f\u00e9rences au monde de la peinture (Judith d\u00e9capitant Holopherne par exemple) sont, elles, saupoudr\u00e9es plut\u00f4t qu\u2019affich\u00e9es ostensiblement, renfor\u00e7ant ce c\u00f4t\u00e9 dit \u00e0 demi-mot.<\/p>\n\n\n\n<form method=\"post\" action=\"https:\/\/newsletter.infomaniak.com\/external\/submit\" class=\"inf-form\" target=\"_blank\"><input type=\"email\" name=\"email\" style=\"display:none\" \/><input type=\"hidden\" name=\"key\" value=\"eyJpdiI6IlZXRVJGMlRGQUU2alNqUE81bitIUk5adnNVa0c4MllFTStzOHdHT1FQZ3c9IiwidmFsdWUiOiJIYzhwMUVCK1pTNnlhY3MyMmhuZlhReWJqemEwNk93blMxTjFHc0s2VHZrPSIsIm1hYyI6ImVhYTQ5N2I1M2NiYWE4NzBmNjk2NzgzYjliM2Y5NmYzM2E2ZmU3NGQxNTU1ZDFkMTU1MzY5NTdjYjE3ZTJmNTUifQ==\"><input type=\"hidden\" name=\"webform_id\" value=\"7291\"><style> .inf-main_3000311ca56a1cb93397bc676c0b7fff{ background-color:#f5f5f5; padding:25px 20px; margin:25px auto; } .inf-main_3000311ca56a1cb93397bc676c0b7fff .inf-content { margin-top:13px;} .inf-main_3000311ca56a1cb93397bc676c0b7fff h4, .inf-main_3000311ca56a1cb93397bc676c0b7fff span, .inf-main_3000311ca56a1cb93397bc676c0b7fff label, .inf-main_3000311ca56a1cb93397bc676c0b7fff input, .inf-main_3000311ca56a1cb93397bc676c0b7fff .inf-submit, .inf-main_3000311ca56a1cb93397bc676c0b7fff .inf-success p a { color:#555555; font-size:14px; } .inf-main_3000311ca56a1cb93397bc676c0b7fff h4{ font-size:18px; margin:0px 0px 13px 0px; } .inf-main_3000311ca56a1cb93397bc676c0b7fff h4, .inf-main_3000311ca56a1cb93397bc676c0b7fff label{ font-weight:bold; } .inf-main_3000311ca56a1cb93397bc676c0b7fff .inf-input { margin-bottom:7px; } .inf-main_3000311ca56a1cb93397bc676c0b7fff label { display:block;} .inf-main_3000311ca56a1cb93397bc676c0b7fff input{ height:35px; color:#999999; border: 1px solid #E9E9E9; border:none; padding-left:7px; } .inf-main_3000311ca56a1cb93397bc676c0b7fff .inf-input.inf-error label, .inf-main_3000311ca56a1cb93397bc676c0b7fff .inf-input.inf-error span.inf-message{ color: #cc0033; } .inf-main_3000311ca56a1cb93397bc676c0b7fff .inf-input.inf-error input{ border: 1px solid #cc0033; } .inf-main_3000311ca56a1cb93397bc676c0b7fff .inf-input input { width:100%;} .inf-main_3000311ca56a1cb93397bc676c0b7fff .inf-input.inf-error span.inf-message { display: block; } .inf-main_3000311ca56a1cb93397bc676c0b7fff .inf-submit { text-align:right;} .inf-main_3000311ca56a1cb93397bc676c0b7fff .inf-submit input{ background-color:#777777; color:#ffffff; border:none; font-weight: normal; height:auto; padding:7px; } .inf-main_3000311ca56a1cb93397bc676c0b7fff .inf-submit input.disabled{ opacity: 0.4; } .inf-btn { color: rgb(85, 85, 85); border: medium none; font-weight: normal; height: auto; padding: 7px; display: inline-block; background-color: white; box-shadow: 0px 1px 1px rgba(0, 0, 0, 0.24); border-radius: 2px; line-height: 1em; } .inf-rgpd { margin:25px 0px 15px 0px; color:#555555; } <\/style> <div class=\"inf-main_3000311ca56a1cb93397bc676c0b7fff\"> <h4>NEWSLETTER DES FREIEN BLICKS<\/h4> <span>Erhalten Sie unsere Artikel jeden Sonntag.<\/span> <div class=\"inf-success\" style=\"display:none\"> <h4>Ihre Anmeldung f\u00fcr unseren w\u00f6chentlichen Newsletter wurde erfolgreich registriert!<\/h4> <p> <a href=\"#\" class=\"inf-btn\">\u00ab<\/a> <\/p> <\/div> <div class=\"inf-content\"> <div class=\"inf-input inf-input-text\"> <input type=\"text\" name=\"inf[1]\" data-inf-meta = \"1\" data-inf-error = \"Merci de renseigner une adresse email\" required=\"required\" placeholder=\"E-Mail\" > <\/div> <div class=\"inf-submit\"> <input type=\"submit\" name=\"\" value=\"Anmelden\"> <\/div> <\/div> <\/div> <\/form>\n\n\n\n<p>Le sc\u00e9nario est quant \u00e0 lui plus attendu et met en place l\u2019intrigue ainsi que les diff\u00e9rents personnages plus qu\u2019il n\u2019\u00e9tourdit le lecteur. Les quelques pages en fin de volume qui reprennent des d\u00e9tails de l\u2019histoire ou des \u00e9l\u00e9ments de contexte pour les d\u00e9velopper plus amplement sont en revanche une r\u00e9elle richesse! On prend plaisir \u00e0 se plonger dans le San Francisco clandestin, mais on est surtout curieux de voir s\u2019emballer les \u00e9v\u00e9nements dans le prochain tome.<\/p>\n\n\n\n<p><em>Schreiben Sie dem Autor:&nbsp;<a href=\"mailto:quentin.perissinotto@leregardlibre.com\">quentin.perissinotto@leregardlibre.com<\/a><\/em><\/p>\n\n\n\n<h6 class=\"wp-block-heading\" id=\"h-vous-venez-de-lire-un-article-en-libre-acces-nbsp-debats-analyses-actualites-culturelles-nbsp-abonnez-vous-nbsp-a-notre-media-de-reflexion-pour-nous-soutenir-et-avoir-acces-a-tous-nos-contenus\">Sie haben gerade einen frei zug\u00e4nglichen Artikel gelesen. Debatten, Analysen, Kulturnachrichten:&nbsp;<a href=\"https:\/\/leregardlibre.com\/de\/abonnement\/\">abonnieren Sie<\/a>&nbsp;um uns zu unterst\u00fctzen und Zugang zu all unseren Inhalten zu erhalten!<\/h6>\n\n\n\n<div class=\"wp-block-media-text is-stacked-on-mobile\" style=\"grid-template-columns:27% auto\"><figure class=\"wp-block-media-text__media\"><img fetchpriority=\"high\" decoding=\"async\" width=\"400\" height=\"528\" src=\"https:\/\/leregardlibre.com\/wp-content\/uploads\/2024\/04\/couverture.jpg\" alt=\"\" class=\"wp-image-523264 size-full\" srcset=\"https:\/\/leregardlibre.com\/wp-content\/uploads\/2024\/04\/couverture.jpg 400w, https:\/\/leregardlibre.com\/wp-content\/uploads\/2024\/04\/couverture-227x300.jpg 227w, https:\/\/leregardlibre.com\/wp-content\/uploads\/2024\/04\/couverture-114x150.jpg 114w, https:\/\/leregardlibre.com\/wp-content\/uploads\/2024\/04\/couverture-300x396.jpg 300w\" sizes=\"(max-width: 400px) 100vw, 400px\" \/><\/figure><div class=\"wp-block-media-text__content\">\n<p><strong>Damien Marie (sc\u00e9nario)<br>et Fabrice Meddour (dessin)<br><em>San Francisco 1906<\/em><br>Bamboo Edition<br>Februar 2024<br>68 Seiten<\/strong><\/p>\n\n\n\n<div class=\"wp-block-buttons is-layout-flex wp-block-buttons-is-layout-flex\">\n<div class=\"wp-block-button\"><a class=\"wp-block-button__link wp-element-button\" href=\"https:\/\/mobile.payot.ch\/Detail\/san_francisco_1906-fabrice_meddour-9782818980033?cId=0\">Das Buch bestellen<\/a><\/div>\n<\/div>\n<\/div><\/div>","protected":false},"excerpt":{"rendered":"<p>Le duo Damien Marie, au sc\u00e9nario, et Fabrice Meddour, au dessin, se reforme pour aborder un autre pan de l\u2019histoire am\u00e9ricaine. Apr\u00e8s les lendemains de la guerre de S\u00e9cession dans \u00abApr\u00e8s l\u2019enfer\u00bb, ils reviennent un si\u00e8cle plus tard avec un nouveau thriller.<\/p>","protected":false},"author":213,"featured_media":523266,"comment_status":"open","ping_status":"closed","sticky":false,"template":"","format":"standard","meta":{"_acf_changed":false,"footnotes":""},"categories":[20663],"tags":[21752,54879,699,90859,1906,11183],"class_list":["post-523263","post","type-post","status-publish","format-standard","has-post-thumbnail","hentry","category-litterature","tag-bd","tag-critiques-litteraires","tag-etats-unis","tag-mafia","tag-opera","tag-thriller"],"acf":[],"yoast_head":"<!-- This site is optimized with the Yoast SEO Premium plugin v27.4 (Yoast SEO v27.4) - https:\/\/yoast.com\/product\/yoast-seo-premium-wordpress\/ -->\n<title>\u00abSan Francisco 1906\u00bb, une BD qui ne tremble pas<\/title>\n<meta name=\"description\" content=\"Apr\u00e8s les lendemains de la guerre de S\u00e9cession dans \u00abApr\u00e8s l\u2019enfer\u00bb, Damien Marie et Fabrice Meddour reviennent avec une nouvelle BD thriller\" \/>\n<meta name=\"robots\" content=\"index, follow, max-snippet:-1, max-image-preview:large, max-video-preview:-1\" \/>\n<link rel=\"canonical\" href=\"https:\/\/leregardlibre.com\/de\/literatur\/san-francisco-1906-une-bd-qui-ne-tremble-pas\/\" \/>\n<meta property=\"og:locale\" content=\"de_DE\" \/>\n<meta property=\"og:type\" content=\"article\" \/>\n<meta property=\"og:title\" content=\"Une BD qui ne tremble pas\" \/>\n<meta property=\"og:description\" content=\"Apr\u00e8s les lendemains de la guerre de S\u00e9cession dans \u00abApr\u00e8s l\u2019enfer\u00bb, Damien Marie et Fabrice Meddour reviennent avec une nouvelle BD thriller\" \/>\n<meta property=\"og:url\" content=\"https:\/\/leregardlibre.com\/de\/literatur\/san-francisco-1906-une-bd-qui-ne-tremble-pas\/\" \/>\n<meta property=\"og:site_name\" content=\"Le Regard Libre\" \/>\n<meta property=\"article:publisher\" content=\"https:\/\/www.facebook.com\/leregardlibre\/\" \/>\n<meta property=\"article:published_time\" content=\"2024-04-28T08:11:16+00:00\" \/>\n<meta property=\"article:modified_time\" content=\"2024-04-28T08:20:43+00:00\" \/>\n<meta property=\"og:image\" content=\"https:\/\/leregardlibre.com\/wp-content\/uploads\/2024\/04\/illustration--fabrice-meddour.jpeg\" \/>\n\t<meta property=\"og:image:width\" content=\"1371\" \/>\n\t<meta property=\"og:image:height\" content=\"1007\" \/>\n\t<meta property=\"og:image:type\" content=\"image\/jpeg\" \/>\n<meta name=\"author\" content=\"Quentin Perissinotto\" \/>\n<meta name=\"twitter:card\" content=\"summary_large_image\" \/>\n<meta name=\"twitter:creator\" content=\"@LeRegardLibre\" \/>\n<meta name=\"twitter:site\" content=\"@LeRegardLibre\" \/>\n<meta name=\"twitter:label1\" content=\"Verfasst von\" \/>\n\t<meta name=\"twitter:data1\" content=\"Quentin Perissinotto\" \/>\n\t<meta name=\"twitter:label2\" content=\"Gesch\u00e4tzte Lesezeit\" \/>\n\t<meta name=\"twitter:data2\" content=\"4\u00a0Minuten\" \/>\n<script type=\"application\/ld+json\" class=\"yoast-schema-graph\">{\"@context\":\"https:\\\/\\\/schema.org\",\"@graph\":[{\"@type\":\"Article\",\"@id\":\"https:\\\/\\\/leregardlibre.com\\\/litterature\\\/san-francisco-1906-une-bd-qui-ne-tremble-pas\\\/#article\",\"isPartOf\":{\"@id\":\"https:\\\/\\\/leregardlibre.com\\\/litterature\\\/san-francisco-1906-une-bd-qui-ne-tremble-pas\\\/\"},\"author\":{\"name\":\"Quentin Perissinotto\",\"@id\":\"https:\\\/\\\/leregardlibre.com\\\/#\\\/schema\\\/person\\\/b2ac941a3f3efccb93d920d0cd1629f4\"},\"headline\":\"Une BD qui ne tremble pas\",\"datePublished\":\"2024-04-28T08:11:16+00:00\",\"dateModified\":\"2024-04-28T08:20:43+00:00\",\"mainEntityOfPage\":{\"@id\":\"https:\\\/\\\/leregardlibre.com\\\/litterature\\\/san-francisco-1906-une-bd-qui-ne-tremble-pas\\\/\"},\"wordCount\":595,\"commentCount\":0,\"publisher\":{\"@id\":\"https:\\\/\\\/leregardlibre.com\\\/#organization\"},\"image\":{\"@id\":\"https:\\\/\\\/leregardlibre.com\\\/litterature\\\/san-francisco-1906-une-bd-qui-ne-tremble-pas\\\/#primaryimage\"},\"thumbnailUrl\":\"https:\\\/\\\/leregardlibre.com\\\/wp-content\\\/uploads\\\/2024\\\/04\\\/illustration--fabrice-meddour.jpeg\",\"keywords\":[\"BD\",\"Critique litt\u00e9raire\",\"Etats-Unis\",\"Mafia\",\"Op\u00e9ra\",\"Thriller\"],\"articleSection\":[\"Litt\u00e9rature\"],\"inLanguage\":\"de\",\"potentialAction\":[{\"@type\":\"CommentAction\",\"name\":\"Comment\",\"target\":[\"https:\\\/\\\/leregardlibre.com\\\/litterature\\\/san-francisco-1906-une-bd-qui-ne-tremble-pas\\\/#respond\"]}]},{\"@type\":\"WebPage\",\"@id\":\"https:\\\/\\\/leregardlibre.com\\\/litterature\\\/san-francisco-1906-une-bd-qui-ne-tremble-pas\\\/\",\"url\":\"https:\\\/\\\/leregardlibre.com\\\/litterature\\\/san-francisco-1906-une-bd-qui-ne-tremble-pas\\\/\",\"name\":\"\u00abSan Francisco 1906\u00bb, une BD qui ne tremble pas\",\"isPartOf\":{\"@id\":\"https:\\\/\\\/leregardlibre.com\\\/#website\"},\"primaryImageOfPage\":{\"@id\":\"https:\\\/\\\/leregardlibre.com\\\/litterature\\\/san-francisco-1906-une-bd-qui-ne-tremble-pas\\\/#primaryimage\"},\"image\":{\"@id\":\"https:\\\/\\\/leregardlibre.com\\\/litterature\\\/san-francisco-1906-une-bd-qui-ne-tremble-pas\\\/#primaryimage\"},\"thumbnailUrl\":\"https:\\\/\\\/leregardlibre.com\\\/wp-content\\\/uploads\\\/2024\\\/04\\\/illustration--fabrice-meddour.jpeg\",\"datePublished\":\"2024-04-28T08:11:16+00:00\",\"dateModified\":\"2024-04-28T08:20:43+00:00\",\"description\":\"Apr\u00e8s les lendemains de la guerre de S\u00e9cession dans \u00abApr\u00e8s l\u2019enfer\u00bb, Damien Marie et Fabrice Meddour reviennent avec une nouvelle BD thriller\",\"breadcrumb\":{\"@id\":\"https:\\\/\\\/leregardlibre.com\\\/litterature\\\/san-francisco-1906-une-bd-qui-ne-tremble-pas\\\/#breadcrumb\"},\"inLanguage\":\"de\",\"potentialAction\":[{\"@type\":\"ReadAction\",\"target\":[\"https:\\\/\\\/leregardlibre.com\\\/litterature\\\/san-francisco-1906-une-bd-qui-ne-tremble-pas\\\/\"]}]},{\"@type\":\"ImageObject\",\"inLanguage\":\"de\",\"@id\":\"https:\\\/\\\/leregardlibre.com\\\/litterature\\\/san-francisco-1906-une-bd-qui-ne-tremble-pas\\\/#primaryimage\",\"url\":\"https:\\\/\\\/leregardlibre.com\\\/wp-content\\\/uploads\\\/2024\\\/04\\\/illustration--fabrice-meddour.jpeg\",\"contentUrl\":\"https:\\\/\\\/leregardlibre.com\\\/wp-content\\\/uploads\\\/2024\\\/04\\\/illustration--fabrice-meddour.jpeg\",\"width\":1371,\"height\":1007,\"caption\":\"\u00a9 Fabrice Meddour\"},{\"@type\":\"BreadcrumbList\",\"@id\":\"https:\\\/\\\/leregardlibre.com\\\/litterature\\\/san-francisco-1906-une-bd-qui-ne-tremble-pas\\\/#breadcrumb\",\"itemListElement\":[{\"@type\":\"ListItem\",\"position\":1,\"name\":\"Accueil\",\"item\":\"https:\\\/\\\/leregardlibre.com\\\/\"},{\"@type\":\"ListItem\",\"position\":2,\"name\":\"Une BD qui ne tremble pas\"}]},{\"@type\":\"WebSite\",\"@id\":\"https:\\\/\\\/leregardlibre.com\\\/#website\",\"url\":\"https:\\\/\\\/leregardlibre.com\\\/\",\"name\":\"Le Regard Libre\",\"description\":\"Premier mensuel suisse de d\u00e9bat\",\"publisher\":{\"@id\":\"https:\\\/\\\/leregardlibre.com\\\/#organization\"},\"potentialAction\":[{\"@type\":\"SearchAction\",\"target\":{\"@type\":\"EntryPoint\",\"urlTemplate\":\"https:\\\/\\\/leregardlibre.com\\\/?s={search_term_string}\"},\"query-input\":{\"@type\":\"PropertyValueSpecification\",\"valueRequired\":true,\"valueName\":\"search_term_string\"}}],\"inLanguage\":\"de\"},{\"@type\":\"Organization\",\"@id\":\"https:\\\/\\\/leregardlibre.com\\\/#organization\",\"name\":\"Le Regard Libre\",\"url\":\"https:\\\/\\\/leregardlibre.com\\\/\",\"logo\":{\"@type\":\"ImageObject\",\"inLanguage\":\"de\",\"@id\":\"https:\\\/\\\/leregardlibre.com\\\/#\\\/schema\\\/logo\\\/image\\\/\",\"url\":\"https:\\\/\\\/leregardlibre.com\\\/wp-content\\\/uploads\\\/2025\\\/08\\\/logo-rl-icone-neg.jpeg\",\"contentUrl\":\"https:\\\/\\\/leregardlibre.com\\\/wp-content\\\/uploads\\\/2025\\\/08\\\/logo-rl-icone-neg.jpeg\",\"width\":557,\"height\":556,\"caption\":\"Le Regard Libre\"},\"image\":{\"@id\":\"https:\\\/\\\/leregardlibre.com\\\/#\\\/schema\\\/logo\\\/image\\\/\"},\"sameAs\":[\"https:\\\/\\\/www.facebook.com\\\/leregardlibre\\\/\",\"https:\\\/\\\/x.com\\\/LeRegardLibre\",\"https:\\\/\\\/www.linkedin.com\\\/company\\\/le-regard-libre\",\"https:\\\/\\\/www.instagram.com\\\/leregardlibre\\\/\",\"http:\\\/\\\/t.me\\\/leregardlibre\",\"https:\\\/\\\/youtube.com\\\/channel\\\/UC6HzGPomj1LsUmlz-sJtITQ\"],\"description\":\"Le Regard Libre est un mensuel suisse de d\u00e9bat intellectuel et culturel. Sa r\u00e9daction est jeune, b\u00e9n\u00e9vole, lib\u00e9rale et pluraliste. Le magazine para\u00eet en ligne et sous forme papier. Sa langue est le fran\u00e7ais.\",\"email\":\"redaction@leregardlibre.com\",\"legalName\":\"Le Regard Libre\",\"foundingDate\":\"2014-01-01\",\"numberOfEmployees\":{\"@type\":\"QuantitativeValue\",\"minValue\":\"11\",\"maxValue\":\"50\"},\"publishingPrinciples\":\"https:\\\/\\\/leregardlibre.com\\\/a-propos\\\/notre-manifeste\\\/\",\"ownershipFundingInfo\":\"https:\\\/\\\/leregardlibre.com\\\/mentions-legales\\\/\",\"actionableFeedbackPolicy\":\"https:\\\/\\\/leregardlibre.com\\\/conditions-generales-de-vente\\\/\"},{\"@type\":\"Person\",\"@id\":\"https:\\\/\\\/leregardlibre.com\\\/#\\\/schema\\\/person\\\/b2ac941a3f3efccb93d920d0cd1629f4\",\"name\":\"Quentin Perissinotto\",\"image\":{\"@type\":\"ImageObject\",\"inLanguage\":\"de\",\"@id\":\"https:\\\/\\\/secure.gravatar.com\\\/avatar\\\/5bdc85640092297cabef9e4e9fafa5d0f6fdc4d68bde6549c358b1419521e8f3?s=96&d=identicon&r=g\",\"url\":\"https:\\\/\\\/secure.gravatar.com\\\/avatar\\\/5bdc85640092297cabef9e4e9fafa5d0f6fdc4d68bde6549c358b1419521e8f3?s=96&d=identicon&r=g\",\"contentUrl\":\"https:\\\/\\\/secure.gravatar.com\\\/avatar\\\/5bdc85640092297cabef9e4e9fafa5d0f6fdc4d68bde6549c358b1419521e8f3?s=96&d=identicon&r=g\",\"caption\":\"Quentin Perissinotto\"},\"description\":\"Conseiller-clients et \u00e9crivain, Quentin Perissinotto est critique litt\u00e9raire pour Le Regard Libre.\",\"sameAs\":[\"https:\\\/\\\/fr.wikipedia.org\\\/wiki\\\/Le_Regard_libre\"],\"url\":\"https:\\\/\\\/leregardlibre.com\\\/de\\\/author\\\/quentin-perissinotto\\\/\"}]}<\/script>\n<!-- \/ Yoast SEO Premium plugin. -->","yoast_head_json":{"title":"\u00abSan Francisco 1906\u00bb, une BD qui ne tremble pas","description":"Apr\u00e8s les lendemains de la guerre de S\u00e9cession dans \u00abApr\u00e8s l\u2019enfer\u00bb, Damien Marie et Fabrice Meddour reviennent avec une nouvelle BD thriller","robots":{"index":"index","follow":"follow","max-snippet":"max-snippet:-1","max-image-preview":"max-image-preview:large","max-video-preview":"max-video-preview:-1"},"canonical":"https:\/\/leregardlibre.com\/de\/literatur\/san-francisco-1906-une-bd-qui-ne-tremble-pas\/","og_locale":"de_DE","og_type":"article","og_title":"Une BD qui ne tremble pas","og_description":"Apr\u00e8s les lendemains de la guerre de S\u00e9cession dans \u00abApr\u00e8s l\u2019enfer\u00bb, Damien Marie et Fabrice Meddour reviennent avec une nouvelle BD thriller","og_url":"https:\/\/leregardlibre.com\/de\/literatur\/san-francisco-1906-une-bd-qui-ne-tremble-pas\/","og_site_name":"Le Regard Libre","article_publisher":"https:\/\/www.facebook.com\/leregardlibre\/","article_published_time":"2024-04-28T08:11:16+00:00","article_modified_time":"2024-04-28T08:20:43+00:00","og_image":[{"width":1371,"height":1007,"url":"https:\/\/leregardlibre.com\/wp-content\/uploads\/2024\/04\/illustration--fabrice-meddour.jpeg","type":"image\/jpeg"}],"author":"Quentin Perissinotto","twitter_card":"summary_large_image","twitter_creator":"@LeRegardLibre","twitter_site":"@LeRegardLibre","twitter_misc":{"Verfasst von":"Quentin Perissinotto","Gesch\u00e4tzte Lesezeit":"4\u00a0Minuten"},"schema":{"@context":"https:\/\/schema.org","@graph":[{"@type":"Article","@id":"https:\/\/leregardlibre.com\/litterature\/san-francisco-1906-une-bd-qui-ne-tremble-pas\/#article","isPartOf":{"@id":"https:\/\/leregardlibre.com\/litterature\/san-francisco-1906-une-bd-qui-ne-tremble-pas\/"},"author":{"name":"Quentin Perissinotto","@id":"https:\/\/leregardlibre.com\/#\/schema\/person\/b2ac941a3f3efccb93d920d0cd1629f4"},"headline":"Une BD qui ne tremble pas","datePublished":"2024-04-28T08:11:16+00:00","dateModified":"2024-04-28T08:20:43+00:00","mainEntityOfPage":{"@id":"https:\/\/leregardlibre.com\/litterature\/san-francisco-1906-une-bd-qui-ne-tremble-pas\/"},"wordCount":595,"commentCount":0,"publisher":{"@id":"https:\/\/leregardlibre.com\/#organization"},"image":{"@id":"https:\/\/leregardlibre.com\/litterature\/san-francisco-1906-une-bd-qui-ne-tremble-pas\/#primaryimage"},"thumbnailUrl":"https:\/\/leregardlibre.com\/wp-content\/uploads\/2024\/04\/illustration--fabrice-meddour.jpeg","keywords":["BD","Critique litt\u00e9raire","Etats-Unis","Mafia","Op\u00e9ra","Thriller"],"articleSection":["Litt\u00e9rature"],"inLanguage":"de","potentialAction":[{"@type":"CommentAction","name":"Comment","target":["https:\/\/leregardlibre.com\/litterature\/san-francisco-1906-une-bd-qui-ne-tremble-pas\/#respond"]}]},{"@type":"WebPage","@id":"https:\/\/leregardlibre.com\/litterature\/san-francisco-1906-une-bd-qui-ne-tremble-pas\/","url":"https:\/\/leregardlibre.com\/litterature\/san-francisco-1906-une-bd-qui-ne-tremble-pas\/","name":"\u00abSan Francisco 1906\u00bb, une BD qui ne tremble pas","isPartOf":{"@id":"https:\/\/leregardlibre.com\/#website"},"primaryImageOfPage":{"@id":"https:\/\/leregardlibre.com\/litterature\/san-francisco-1906-une-bd-qui-ne-tremble-pas\/#primaryimage"},"image":{"@id":"https:\/\/leregardlibre.com\/litterature\/san-francisco-1906-une-bd-qui-ne-tremble-pas\/#primaryimage"},"thumbnailUrl":"https:\/\/leregardlibre.com\/wp-content\/uploads\/2024\/04\/illustration--fabrice-meddour.jpeg","datePublished":"2024-04-28T08:11:16+00:00","dateModified":"2024-04-28T08:20:43+00:00","description":"Apr\u00e8s les lendemains de la guerre de S\u00e9cession dans \u00abApr\u00e8s l\u2019enfer\u00bb, Damien Marie et Fabrice Meddour reviennent avec une nouvelle BD thriller","breadcrumb":{"@id":"https:\/\/leregardlibre.com\/litterature\/san-francisco-1906-une-bd-qui-ne-tremble-pas\/#breadcrumb"},"inLanguage":"de","potentialAction":[{"@type":"ReadAction","target":["https:\/\/leregardlibre.com\/litterature\/san-francisco-1906-une-bd-qui-ne-tremble-pas\/"]}]},{"@type":"ImageObject","inLanguage":"de","@id":"https:\/\/leregardlibre.com\/litterature\/san-francisco-1906-une-bd-qui-ne-tremble-pas\/#primaryimage","url":"https:\/\/leregardlibre.com\/wp-content\/uploads\/2024\/04\/illustration--fabrice-meddour.jpeg","contentUrl":"https:\/\/leregardlibre.com\/wp-content\/uploads\/2024\/04\/illustration--fabrice-meddour.jpeg","width":1371,"height":1007,"caption":"\u00a9 Fabrice Meddour"},{"@type":"BreadcrumbList","@id":"https:\/\/leregardlibre.com\/litterature\/san-francisco-1906-une-bd-qui-ne-tremble-pas\/#breadcrumb","itemListElement":[{"@type":"ListItem","position":1,"name":"Accueil","item":"https:\/\/leregardlibre.com\/"},{"@type":"ListItem","position":2,"name":"Une BD qui ne tremble pas"}]},{"@type":"WebSite","@id":"https:\/\/leregardlibre.com\/#website","url":"https:\/\/leregardlibre.com\/","name":"Le Regard Libre","description":"Erste Schweizer Monatszeitschrift f\u00fcr Debatten","publisher":{"@id":"https:\/\/leregardlibre.com\/#organization"},"potentialAction":[{"@type":"SearchAction","target":{"@type":"EntryPoint","urlTemplate":"https:\/\/leregardlibre.com\/?s={search_term_string}"},"query-input":{"@type":"PropertyValueSpecification","valueRequired":true,"valueName":"search_term_string"}}],"inLanguage":"de"},{"@type":"Organization","@id":"https:\/\/leregardlibre.com\/#organization","name":"Le Regard Libre","url":"https:\/\/leregardlibre.com\/","logo":{"@type":"ImageObject","inLanguage":"de","@id":"https:\/\/leregardlibre.com\/#\/schema\/logo\/image\/","url":"https:\/\/leregardlibre.com\/wp-content\/uploads\/2025\/08\/logo-rl-icone-neg.jpeg","contentUrl":"https:\/\/leregardlibre.com\/wp-content\/uploads\/2025\/08\/logo-rl-icone-neg.jpeg","width":557,"height":556,"caption":"Le Regard Libre"},"image":{"@id":"https:\/\/leregardlibre.com\/#\/schema\/logo\/image\/"},"sameAs":["https:\/\/www.facebook.com\/leregardlibre\/","https:\/\/x.com\/LeRegardLibre","https:\/\/www.linkedin.com\/company\/le-regard-libre","https:\/\/www.instagram.com\/leregardlibre\/","http:\/\/t.me\/leregardlibre","https:\/\/youtube.com\/channel\/UC6HzGPomj1LsUmlz-sJtITQ"],"description":"Le Regard Libre ist eine Schweizer Monatszeitschrift f\u00fcr intellektuelle und kulturelle Debatten. Seine Redaktion ist jung, ehrenamtlich, liberal und pluralistisch. Das Magazin erscheint online und in gedruckter Form. Seine Sprache ist Franz\u00f6sisch.","email":"redaction@leregardlibre.com","legalName":"Le Regard Libre","foundingDate":"2014-01-01","numberOfEmployees":{"@type":"QuantitativeValue","minValue":"11","maxValue":"50"},"publishingPrinciples":"https:\/\/leregardlibre.com\/a-propos\/notre-manifeste\/","ownershipFundingInfo":"https:\/\/leregardlibre.com\/mentions-legales\/","actionableFeedbackPolicy":"https:\/\/leregardlibre.com\/conditions-generales-de-vente\/"},{"@type":"Person","@id":"https:\/\/leregardlibre.com\/#\/schema\/person\/b2ac941a3f3efccb93d920d0cd1629f4","name":"Quentin Perissinotto","image":{"@type":"ImageObject","inLanguage":"de","@id":"https:\/\/secure.gravatar.com\/avatar\/5bdc85640092297cabef9e4e9fafa5d0f6fdc4d68bde6549c358b1419521e8f3?s=96&d=identicon&r=g","url":"https:\/\/secure.gravatar.com\/avatar\/5bdc85640092297cabef9e4e9fafa5d0f6fdc4d68bde6549c358b1419521e8f3?s=96&d=identicon&r=g","contentUrl":"https:\/\/secure.gravatar.com\/avatar\/5bdc85640092297cabef9e4e9fafa5d0f6fdc4d68bde6549c358b1419521e8f3?s=96&d=identicon&r=g","caption":"Quentin Perissinotto"},"description":"Kundenberater und Schriftsteller, Quentin Perissinotto ist Literaturkritiker f\u00fcr Le Regard Libre.","sameAs":["https:\/\/fr.wikipedia.org\/wiki\/Le_Regard_libre"],"url":"https:\/\/leregardlibre.com\/de\/author\/quentin-perissinotto\/"}]}},"_links":{"self":[{"href":"https:\/\/leregardlibre.com\/de\/wp-json\/wp\/v2\/posts\/523263","targetHints":{"allow":["GET"]}}],"collection":[{"href":"https:\/\/leregardlibre.com\/de\/wp-json\/wp\/v2\/posts"}],"about":[{"href":"https:\/\/leregardlibre.com\/de\/wp-json\/wp\/v2\/types\/post"}],"author":[{"embeddable":true,"href":"https:\/\/leregardlibre.com\/de\/wp-json\/wp\/v2\/users\/213"}],"replies":[{"embeddable":true,"href":"https:\/\/leregardlibre.com\/de\/wp-json\/wp\/v2\/comments?post=523263"}],"version-history":[{"count":2,"href":"https:\/\/leregardlibre.com\/de\/wp-json\/wp\/v2\/posts\/523263\/revisions"}],"predecessor-version":[{"id":523269,"href":"https:\/\/leregardlibre.com\/de\/wp-json\/wp\/v2\/posts\/523263\/revisions\/523269"}],"wp:featuredmedia":[{"embeddable":true,"href":"https:\/\/leregardlibre.com\/de\/wp-json\/wp\/v2\/media\/523266"}],"wp:attachment":[{"href":"https:\/\/leregardlibre.com\/de\/wp-json\/wp\/v2\/media?parent=523263"}],"wp:term":[{"taxonomy":"category","embeddable":true,"href":"https:\/\/leregardlibre.com\/de\/wp-json\/wp\/v2\/categories?post=523263"},{"taxonomy":"post_tag","embeddable":true,"href":"https:\/\/leregardlibre.com\/de\/wp-json\/wp\/v2\/tags?post=523263"}],"curies":[{"name":"wp","href":"https:\/\/api.w.org\/{rel}","templated":true}]}}