{"id":523461,"date":"2024-05-11T17:15:25","date_gmt":"2024-05-11T15:15:25","guid":{"rendered":"https:\/\/leregardlibre.com\/?p=523461"},"modified":"2024-05-11T17:16:29","modified_gmt":"2024-05-11T15:16:29","slug":"renaud-rodier-sortir-du-dedale","status":"publish","type":"post","link":"https:\/\/leregardlibre.com\/de\/literatur\/renaud-rodier-sortir-du-dedale\/","title":{"rendered":"Renaud Rodier, aus dem Labyrinth herauskommen"},"content":{"rendered":"<p class=\"has-drop-cap\">Publi\u00e9 au d\u00e9but de cette ann\u00e9e aux Editions Anne Carri\u00e8re, <em>Les Echapp\u00e9s<\/em> est le premier roman de Renaud\u00a0Rodier. Cartographie litt\u00e9raire en trois mots.<\/p>\n\n\n\n<!--more-->\n\n\n\n<h4 class=\"wp-block-heading\" id=\"h-1-kaleidoscope\">1. Kal\u00e9idoscope<\/h4>\n\n\n\n<p>Lauren, Aaron, Emilie, Nathaniel et Aashakira; du Kansas \u00e0 Mumbai, jusqu\u2019\u00e0 New York, ils sont cinq \u00e0 faire r\u00e9sonner leur voix dans ce roman choral, o\u00f9 chaque chapitre est \u00e9crit \u00e0 la premi\u00e8re personne et place le lecteur au confessionnal. Cinq destins ou plut\u00f4t cinq fuites qui s\u2019entrecroisent pour baliser un monde en d\u00e9sh\u00e9rence.<\/p>\n\n\n\n<h4 class=\"wp-block-heading\" id=\"h-2-tangente-nbsp\">2. Tangente&nbsp;<\/h4>\n\n\n\n<p>Si les protagonistes sont des oppos\u00e9s totaux, ils partagent toutefois une m\u00eame aspiration: s\u2019extraire \u00e0 tout prix de leur pass\u00e9, renier leur lign\u00e9e. Ils tracent chacun leur chemin dans des marges qu\u2019ils essaient de s\u2019approprier, pour oublier leurs origines.<\/p>\n\n\n\n<h4 class=\"wp-block-heading\" id=\"h-3-frenesie\">3. Fr\u00e9n\u00e9sie<\/h4>\n\n\n\n<p>Si la narration est tortueuse, l\u2019\u00e9criture de Renaud Rodier est quant \u00e0 elle extr\u00eamement ma\u00eetris\u00e9e et vivace; elle contrebalance avec calme la fr\u00e9n\u00e9sie qui meut ces \u00eatres tortur\u00e9s.<\/p>\n\n\n\n<blockquote class=\"wp-block-quote is-layout-flow wp-block-quote-is-layout-flow\">\n<p>L\u2019histoire tournerait autour de quatre protagonistes, des antih\u00e9ros esquint\u00e9s par leur enfance, et de leur qu\u00eate de l\u2019\u00e2me s\u0153ur, cet \u00abautre moi\u00bb fantasm\u00e9, seul \u00e0 m\u00eame de les arracher \u00e0 leur spleen. Une sorte de qu\u00eate baudelairienne, o\u00f9 l\u2019Id\u00e9al et le Beau seraient incarn\u00e9s par une figure distante et fugitive qui manifesterait ce gouffre croissant entre ce qu\u2019ils \u00e9taient et ce qu\u2019ils auraient \u00e9t\u00e9 capables d\u2019\u00eatre, la mal\u00e9diction de l\u2019espoir.<\/p>\n<\/blockquote>\n\n\n\n<div class=\"wp-block-media-text is-stacked-on-mobile\" style=\"grid-template-columns:24% auto\"><figure class=\"wp-block-media-text__media\"><img fetchpriority=\"high\" decoding=\"async\" width=\"664\" height=\"1024\" src=\"https:\/\/leregardlibre.com\/wp-content\/uploads\/2024\/05\/les-echappes-664x1024.jpg\" alt=\"\" class=\"wp-image-523466 size-full\" srcset=\"https:\/\/leregardlibre.com\/wp-content\/uploads\/2024\/05\/les-echappes-664x1024.jpg 664w, https:\/\/leregardlibre.com\/wp-content\/uploads\/2024\/05\/les-echappes-195x300.jpg 195w, https:\/\/leregardlibre.com\/wp-content\/uploads\/2024\/05\/les-echappes-97x150.jpg 97w, https:\/\/leregardlibre.com\/wp-content\/uploads\/2024\/05\/les-echappes-768x1184.jpg 768w, https:\/\/leregardlibre.com\/wp-content\/uploads\/2024\/05\/les-echappes-585x902.jpg 585w, https:\/\/leregardlibre.com\/wp-content\/uploads\/2024\/05\/les-echappes-300x463.jpg 300w, https:\/\/leregardlibre.com\/wp-content\/uploads\/2024\/05\/les-echappes-600x925.jpg 600w, https:\/\/leregardlibre.com\/wp-content\/uploads\/2024\/05\/les-echappes.jpg 830w\" sizes=\"(max-width: 664px) 100vw, 664px\" \/><\/figure><div class=\"wp-block-media-text__content\">\n<p><strong>Renaud Rodier<br><em>Les Echapp\u00e9s<\/em><br>Verlag Anne Carri\u00e8re<br>400 Seiten<br>Januar 2024<\/strong><\/p>\n\n\n\n<div class=\"wp-block-buttons is-layout-flex wp-block-buttons-is-layout-flex\">\n<div class=\"wp-block-button\"><a class=\"wp-block-button__link wp-element-button\" href=\"https:\/\/mobile.payot.ch\/Detail\/les_echappes-renaud_rodier-9782380823035?fp=1\">Das Buch bestellen<\/a><\/div>\n<\/div>\n<\/div><\/div>\n\n\n\n<p><em>Schreiben Sie dem Autor:&nbsp;<a href=\"mailto:quentin.perissinotto@leregardlibre.com\">quentin.perissinotto@leregardlibre.com<\/a><\/em><\/p>\n\n\n\n<h6 class=\"wp-block-heading\" id=\"h-vous-venez-de-lire-un-article-en-libre-acces-nbsp-debats-analyses-actualites-culturelles-nbsp-abonnez-vous-nbsp-a-notre-media-de-reflexion-pour-nous-soutenir-et-avoir-acces-a-tous-nos-contenus\">Sie haben gerade einen frei zug\u00e4nglichen Artikel gelesen. Debatten, Analysen, Kulturnachrichten:&nbsp;<a href=\"https:\/\/leregardlibre.com\/de\/abonnement\/\">abonnieren Sie<\/a>&nbsp;um uns zu unterst\u00fctzen und Zugang zu all unseren Inhalten zu erhalten!<\/h6>","protected":false},"excerpt":{"rendered":"<p>Publi\u00e9 au d\u00e9but de cette ann\u00e9e aux Editions Anne Carri\u00e8re, \u00abLes Echapp\u00e9s\u00bb est le premier roman de Renaud\u00a0Rodier. Cartographie litt\u00e9raire en trois mots.<\/p>","protected":false},"author":213,"featured_media":523463,"comment_status":"open","ping_status":"closed","sticky":false,"template":"","format":"standard","meta":{"_acf_changed":false,"footnotes":""},"categories":[20663],"tags":[54879,6564158],"class_list":["post-523461","post","type-post","status-publish","format-standard","has-post-thumbnail","hentry","category-litterature","tag-critiques-litteraires","tag-premier-roman"],"acf":[],"yoast_head":"<!-- This site is optimized with the Yoast SEO Premium plugin v27.4 (Yoast SEO v27.4) - https:\/\/yoast.com\/product\/yoast-seo-premium-wordpress\/ -->\n<title>Renaud Rodier, sortir du d\u00e9dale<\/title>\n<meta name=\"description\" content=\"Publi\u00e9 d\u00e9but 2024 aux Editions Anne Carri\u00e8re, \u00abLes Echapp\u00e9s\u00bb est le premier roman de Renaud\u00a0Rodier. Cartographie litt\u00e9raire en trois mots.\" \/>\n<meta name=\"robots\" content=\"index, follow, max-snippet:-1, max-image-preview:large, max-video-preview:-1\" \/>\n<link rel=\"canonical\" href=\"https:\/\/leregardlibre.com\/de\/literatur\/renaud-rodier-sortir-du-dedale\/\" \/>\n<meta property=\"og:locale\" content=\"de_DE\" \/>\n<meta property=\"og:type\" content=\"article\" \/>\n<meta property=\"og:title\" content=\"Renaud Rodier, sortir du d\u00e9dale\" \/>\n<meta property=\"og:description\" content=\"Publi\u00e9 d\u00e9but 2024 aux Editions Anne Carri\u00e8re, \u00abLes Echapp\u00e9s\u00bb est le premier roman de Renaud\u00a0Rodier. Cartographie litt\u00e9raire en trois mots.\" \/>\n<meta property=\"og:url\" content=\"https:\/\/leregardlibre.com\/de\/literatur\/renaud-rodier-sortir-du-dedale\/\" \/>\n<meta property=\"og:site_name\" content=\"Le Regard Libre\" \/>\n<meta property=\"article:publisher\" content=\"https:\/\/www.facebook.com\/leregardlibre\/\" \/>\n<meta property=\"article:published_time\" content=\"2024-05-11T15:15:25+00:00\" \/>\n<meta property=\"article:modified_time\" content=\"2024-05-11T15:16:29+00:00\" \/>\n<meta property=\"og:image\" content=\"https:\/\/leregardlibre.com\/wp-content\/uploads\/2024\/05\/renaud-rodier--abigail-auperin.jpg\" \/>\n\t<meta property=\"og:image:width\" content=\"1600\" \/>\n\t<meta property=\"og:image:height\" content=\"1067\" \/>\n\t<meta property=\"og:image:type\" content=\"image\/jpeg\" \/>\n<meta name=\"author\" content=\"Quentin Perissinotto\" \/>\n<meta name=\"twitter:card\" content=\"summary_large_image\" \/>\n<meta name=\"twitter:creator\" content=\"@LeRegardLibre\" \/>\n<meta name=\"twitter:site\" content=\"@LeRegardLibre\" \/>\n<meta name=\"twitter:label1\" content=\"Verfasst von\" \/>\n\t<meta name=\"twitter:data1\" content=\"Quentin Perissinotto\" \/>\n\t<meta name=\"twitter:label2\" content=\"Gesch\u00e4tzte Lesezeit\" \/>\n\t<meta name=\"twitter:data2\" content=\"2\u00a0Minuten\" \/>\n<script type=\"application\/ld+json\" class=\"yoast-schema-graph\">{\"@context\":\"https:\\\/\\\/schema.org\",\"@graph\":[{\"@type\":\"Article\",\"@id\":\"https:\\\/\\\/leregardlibre.com\\\/litterature\\\/renaud-rodier-sortir-du-dedale\\\/#article\",\"isPartOf\":{\"@id\":\"https:\\\/\\\/leregardlibre.com\\\/litterature\\\/renaud-rodier-sortir-du-dedale\\\/\"},\"author\":{\"name\":\"Quentin Perissinotto\",\"@id\":\"https:\\\/\\\/leregardlibre.com\\\/#\\\/schema\\\/person\\\/b2ac941a3f3efccb93d920d0cd1629f4\"},\"headline\":\"Renaud Rodier, sortir du d\u00e9dale\",\"datePublished\":\"2024-05-11T15:15:25+00:00\",\"dateModified\":\"2024-05-11T15:16:29+00:00\",\"mainEntityOfPage\":{\"@id\":\"https:\\\/\\\/leregardlibre.com\\\/litterature\\\/renaud-rodier-sortir-du-dedale\\\/\"},\"wordCount\":318,\"commentCount\":0,\"publisher\":{\"@id\":\"https:\\\/\\\/leregardlibre.com\\\/#organization\"},\"image\":{\"@id\":\"https:\\\/\\\/leregardlibre.com\\\/litterature\\\/renaud-rodier-sortir-du-dedale\\\/#primaryimage\"},\"thumbnailUrl\":\"https:\\\/\\\/leregardlibre.com\\\/wp-content\\\/uploads\\\/2024\\\/05\\\/renaud-rodier--abigail-auperin.jpg\",\"keywords\":[\"Critique litt\u00e9raire\",\"Premier roman\"],\"articleSection\":[\"Litt\u00e9rature\"],\"inLanguage\":\"de\",\"potentialAction\":[{\"@type\":\"CommentAction\",\"name\":\"Comment\",\"target\":[\"https:\\\/\\\/leregardlibre.com\\\/litterature\\\/renaud-rodier-sortir-du-dedale\\\/#respond\"]}]},{\"@type\":\"WebPage\",\"@id\":\"https:\\\/\\\/leregardlibre.com\\\/litterature\\\/renaud-rodier-sortir-du-dedale\\\/\",\"url\":\"https:\\\/\\\/leregardlibre.com\\\/litterature\\\/renaud-rodier-sortir-du-dedale\\\/\",\"name\":\"Renaud Rodier, sortir du d\u00e9dale\",\"isPartOf\":{\"@id\":\"https:\\\/\\\/leregardlibre.com\\\/#website\"},\"primaryImageOfPage\":{\"@id\":\"https:\\\/\\\/leregardlibre.com\\\/litterature\\\/renaud-rodier-sortir-du-dedale\\\/#primaryimage\"},\"image\":{\"@id\":\"https:\\\/\\\/leregardlibre.com\\\/litterature\\\/renaud-rodier-sortir-du-dedale\\\/#primaryimage\"},\"thumbnailUrl\":\"https:\\\/\\\/leregardlibre.com\\\/wp-content\\\/uploads\\\/2024\\\/05\\\/renaud-rodier--abigail-auperin.jpg\",\"datePublished\":\"2024-05-11T15:15:25+00:00\",\"dateModified\":\"2024-05-11T15:16:29+00:00\",\"description\":\"Publi\u00e9 d\u00e9but 2024 aux Editions Anne Carri\u00e8re, \u00abLes Echapp\u00e9s\u00bb est le premier roman de Renaud\u00a0Rodier. Cartographie litt\u00e9raire en trois mots.\",\"breadcrumb\":{\"@id\":\"https:\\\/\\\/leregardlibre.com\\\/litterature\\\/renaud-rodier-sortir-du-dedale\\\/#breadcrumb\"},\"inLanguage\":\"de\",\"potentialAction\":[{\"@type\":\"ReadAction\",\"target\":[\"https:\\\/\\\/leregardlibre.com\\\/litterature\\\/renaud-rodier-sortir-du-dedale\\\/\"]}]},{\"@type\":\"ImageObject\",\"inLanguage\":\"de\",\"@id\":\"https:\\\/\\\/leregardlibre.com\\\/litterature\\\/renaud-rodier-sortir-du-dedale\\\/#primaryimage\",\"url\":\"https:\\\/\\\/leregardlibre.com\\\/wp-content\\\/uploads\\\/2024\\\/05\\\/renaud-rodier--abigail-auperin.jpg\",\"contentUrl\":\"https:\\\/\\\/leregardlibre.com\\\/wp-content\\\/uploads\\\/2024\\\/05\\\/renaud-rodier--abigail-auperin.jpg\",\"width\":1600,\"height\":1067,\"caption\":\"L\u2019humanitaire fran\u00e7ais Renaud\u00a0Rodier signe son premier roman aux Editions Anne Carri\u00e8re. \u00a9\u00a0Abigail Auperin\"},{\"@type\":\"BreadcrumbList\",\"@id\":\"https:\\\/\\\/leregardlibre.com\\\/litterature\\\/renaud-rodier-sortir-du-dedale\\\/#breadcrumb\",\"itemListElement\":[{\"@type\":\"ListItem\",\"position\":1,\"name\":\"Accueil\",\"item\":\"https:\\\/\\\/leregardlibre.com\\\/\"},{\"@type\":\"ListItem\",\"position\":2,\"name\":\"Renaud Rodier, sortir du d\u00e9dale\"}]},{\"@type\":\"WebSite\",\"@id\":\"https:\\\/\\\/leregardlibre.com\\\/#website\",\"url\":\"https:\\\/\\\/leregardlibre.com\\\/\",\"name\":\"Le Regard Libre\",\"description\":\"Premier mensuel suisse de d\u00e9bat\",\"publisher\":{\"@id\":\"https:\\\/\\\/leregardlibre.com\\\/#organization\"},\"potentialAction\":[{\"@type\":\"SearchAction\",\"target\":{\"@type\":\"EntryPoint\",\"urlTemplate\":\"https:\\\/\\\/leregardlibre.com\\\/?s={search_term_string}\"},\"query-input\":{\"@type\":\"PropertyValueSpecification\",\"valueRequired\":true,\"valueName\":\"search_term_string\"}}],\"inLanguage\":\"de\"},{\"@type\":\"Organization\",\"@id\":\"https:\\\/\\\/leregardlibre.com\\\/#organization\",\"name\":\"Le Regard Libre\",\"url\":\"https:\\\/\\\/leregardlibre.com\\\/\",\"logo\":{\"@type\":\"ImageObject\",\"inLanguage\":\"de\",\"@id\":\"https:\\\/\\\/leregardlibre.com\\\/#\\\/schema\\\/logo\\\/image\\\/\",\"url\":\"https:\\\/\\\/leregardlibre.com\\\/wp-content\\\/uploads\\\/2025\\\/08\\\/logo-rl-icone-neg.jpeg\",\"contentUrl\":\"https:\\\/\\\/leregardlibre.com\\\/wp-content\\\/uploads\\\/2025\\\/08\\\/logo-rl-icone-neg.jpeg\",\"width\":557,\"height\":556,\"caption\":\"Le Regard Libre\"},\"image\":{\"@id\":\"https:\\\/\\\/leregardlibre.com\\\/#\\\/schema\\\/logo\\\/image\\\/\"},\"sameAs\":[\"https:\\\/\\\/www.facebook.com\\\/leregardlibre\\\/\",\"https:\\\/\\\/x.com\\\/LeRegardLibre\",\"https:\\\/\\\/www.linkedin.com\\\/company\\\/le-regard-libre\",\"https:\\\/\\\/www.instagram.com\\\/leregardlibre\\\/\",\"http:\\\/\\\/t.me\\\/leregardlibre\",\"https:\\\/\\\/youtube.com\\\/channel\\\/UC6HzGPomj1LsUmlz-sJtITQ\"],\"description\":\"Le Regard Libre est un mensuel suisse de d\u00e9bat intellectuel et culturel. Sa r\u00e9daction est jeune, b\u00e9n\u00e9vole, lib\u00e9rale et pluraliste. Le magazine para\u00eet en ligne et sous forme papier. Sa langue est le fran\u00e7ais.\",\"email\":\"redaction@leregardlibre.com\",\"legalName\":\"Le Regard Libre\",\"foundingDate\":\"2014-01-01\",\"numberOfEmployees\":{\"@type\":\"QuantitativeValue\",\"minValue\":\"11\",\"maxValue\":\"50\"},\"publishingPrinciples\":\"https:\\\/\\\/leregardlibre.com\\\/a-propos\\\/notre-manifeste\\\/\",\"ownershipFundingInfo\":\"https:\\\/\\\/leregardlibre.com\\\/mentions-legales\\\/\",\"actionableFeedbackPolicy\":\"https:\\\/\\\/leregardlibre.com\\\/conditions-generales-de-vente\\\/\"},{\"@type\":\"Person\",\"@id\":\"https:\\\/\\\/leregardlibre.com\\\/#\\\/schema\\\/person\\\/b2ac941a3f3efccb93d920d0cd1629f4\",\"name\":\"Quentin Perissinotto\",\"image\":{\"@type\":\"ImageObject\",\"inLanguage\":\"de\",\"@id\":\"https:\\\/\\\/secure.gravatar.com\\\/avatar\\\/5bdc85640092297cabef9e4e9fafa5d0f6fdc4d68bde6549c358b1419521e8f3?s=96&d=identicon&r=g\",\"url\":\"https:\\\/\\\/secure.gravatar.com\\\/avatar\\\/5bdc85640092297cabef9e4e9fafa5d0f6fdc4d68bde6549c358b1419521e8f3?s=96&d=identicon&r=g\",\"contentUrl\":\"https:\\\/\\\/secure.gravatar.com\\\/avatar\\\/5bdc85640092297cabef9e4e9fafa5d0f6fdc4d68bde6549c358b1419521e8f3?s=96&d=identicon&r=g\",\"caption\":\"Quentin Perissinotto\"},\"description\":\"Conseiller-clients et \u00e9crivain, Quentin Perissinotto est critique litt\u00e9raire pour Le Regard Libre.\",\"sameAs\":[\"https:\\\/\\\/fr.wikipedia.org\\\/wiki\\\/Le_Regard_libre\"],\"url\":\"https:\\\/\\\/leregardlibre.com\\\/de\\\/author\\\/quentin-perissinotto\\\/\"}]}<\/script>\n<!-- \/ Yoast SEO Premium plugin. -->","yoast_head_json":{"title":"Renaud Rodier, aus dem Labyrinth herauskommen","description":"Publi\u00e9 d\u00e9but 2024 aux Editions Anne Carri\u00e8re, \u00abLes Echapp\u00e9s\u00bb est le premier roman de Renaud\u00a0Rodier. Cartographie litt\u00e9raire en trois mots.","robots":{"index":"index","follow":"follow","max-snippet":"max-snippet:-1","max-image-preview":"max-image-preview:large","max-video-preview":"max-video-preview:-1"},"canonical":"https:\/\/leregardlibre.com\/de\/literatur\/renaud-rodier-sortir-du-dedale\/","og_locale":"de_DE","og_type":"article","og_title":"Renaud Rodier, sortir du d\u00e9dale","og_description":"Publi\u00e9 d\u00e9but 2024 aux Editions Anne Carri\u00e8re, \u00abLes Echapp\u00e9s\u00bb est le premier roman de Renaud\u00a0Rodier. Cartographie litt\u00e9raire en trois mots.","og_url":"https:\/\/leregardlibre.com\/de\/literatur\/renaud-rodier-sortir-du-dedale\/","og_site_name":"Le Regard Libre","article_publisher":"https:\/\/www.facebook.com\/leregardlibre\/","article_published_time":"2024-05-11T15:15:25+00:00","article_modified_time":"2024-05-11T15:16:29+00:00","og_image":[{"width":1600,"height":1067,"url":"https:\/\/leregardlibre.com\/wp-content\/uploads\/2024\/05\/renaud-rodier--abigail-auperin.jpg","type":"image\/jpeg"}],"author":"Quentin Perissinotto","twitter_card":"summary_large_image","twitter_creator":"@LeRegardLibre","twitter_site":"@LeRegardLibre","twitter_misc":{"Verfasst von":"Quentin Perissinotto","Gesch\u00e4tzte Lesezeit":"2\u00a0Minuten"},"schema":{"@context":"https:\/\/schema.org","@graph":[{"@type":"Article","@id":"https:\/\/leregardlibre.com\/litterature\/renaud-rodier-sortir-du-dedale\/#article","isPartOf":{"@id":"https:\/\/leregardlibre.com\/litterature\/renaud-rodier-sortir-du-dedale\/"},"author":{"name":"Quentin Perissinotto","@id":"https:\/\/leregardlibre.com\/#\/schema\/person\/b2ac941a3f3efccb93d920d0cd1629f4"},"headline":"Renaud Rodier, sortir du d\u00e9dale","datePublished":"2024-05-11T15:15:25+00:00","dateModified":"2024-05-11T15:16:29+00:00","mainEntityOfPage":{"@id":"https:\/\/leregardlibre.com\/litterature\/renaud-rodier-sortir-du-dedale\/"},"wordCount":318,"commentCount":0,"publisher":{"@id":"https:\/\/leregardlibre.com\/#organization"},"image":{"@id":"https:\/\/leregardlibre.com\/litterature\/renaud-rodier-sortir-du-dedale\/#primaryimage"},"thumbnailUrl":"https:\/\/leregardlibre.com\/wp-content\/uploads\/2024\/05\/renaud-rodier--abigail-auperin.jpg","keywords":["Critique litt\u00e9raire","Premier roman"],"articleSection":["Litt\u00e9rature"],"inLanguage":"de","potentialAction":[{"@type":"CommentAction","name":"Comment","target":["https:\/\/leregardlibre.com\/litterature\/renaud-rodier-sortir-du-dedale\/#respond"]}]},{"@type":"WebPage","@id":"https:\/\/leregardlibre.com\/litterature\/renaud-rodier-sortir-du-dedale\/","url":"https:\/\/leregardlibre.com\/litterature\/renaud-rodier-sortir-du-dedale\/","name":"Renaud Rodier, aus dem Labyrinth herauskommen","isPartOf":{"@id":"https:\/\/leregardlibre.com\/#website"},"primaryImageOfPage":{"@id":"https:\/\/leregardlibre.com\/litterature\/renaud-rodier-sortir-du-dedale\/#primaryimage"},"image":{"@id":"https:\/\/leregardlibre.com\/litterature\/renaud-rodier-sortir-du-dedale\/#primaryimage"},"thumbnailUrl":"https:\/\/leregardlibre.com\/wp-content\/uploads\/2024\/05\/renaud-rodier--abigail-auperin.jpg","datePublished":"2024-05-11T15:15:25+00:00","dateModified":"2024-05-11T15:16:29+00:00","description":"Publi\u00e9 d\u00e9but 2024 aux Editions Anne Carri\u00e8re, \u00abLes Echapp\u00e9s\u00bb est le premier roman de Renaud\u00a0Rodier. Cartographie litt\u00e9raire en trois mots.","breadcrumb":{"@id":"https:\/\/leregardlibre.com\/litterature\/renaud-rodier-sortir-du-dedale\/#breadcrumb"},"inLanguage":"de","potentialAction":[{"@type":"ReadAction","target":["https:\/\/leregardlibre.com\/litterature\/renaud-rodier-sortir-du-dedale\/"]}]},{"@type":"ImageObject","inLanguage":"de","@id":"https:\/\/leregardlibre.com\/litterature\/renaud-rodier-sortir-du-dedale\/#primaryimage","url":"https:\/\/leregardlibre.com\/wp-content\/uploads\/2024\/05\/renaud-rodier--abigail-auperin.jpg","contentUrl":"https:\/\/leregardlibre.com\/wp-content\/uploads\/2024\/05\/renaud-rodier--abigail-auperin.jpg","width":1600,"height":1067,"caption":"L\u2019humanitaire fran\u00e7ais Renaud\u00a0Rodier signe son premier roman aux Editions Anne Carri\u00e8re. \u00a9\u00a0Abigail Auperin"},{"@type":"BreadcrumbList","@id":"https:\/\/leregardlibre.com\/litterature\/renaud-rodier-sortir-du-dedale\/#breadcrumb","itemListElement":[{"@type":"ListItem","position":1,"name":"Accueil","item":"https:\/\/leregardlibre.com\/"},{"@type":"ListItem","position":2,"name":"Renaud Rodier, sortir du d\u00e9dale"}]},{"@type":"WebSite","@id":"https:\/\/leregardlibre.com\/#website","url":"https:\/\/leregardlibre.com\/","name":"Le Regard Libre","description":"Erste Schweizer Monatszeitschrift f\u00fcr Debatten","publisher":{"@id":"https:\/\/leregardlibre.com\/#organization"},"potentialAction":[{"@type":"SearchAction","target":{"@type":"EntryPoint","urlTemplate":"https:\/\/leregardlibre.com\/?s={search_term_string}"},"query-input":{"@type":"PropertyValueSpecification","valueRequired":true,"valueName":"search_term_string"}}],"inLanguage":"de"},{"@type":"Organization","@id":"https:\/\/leregardlibre.com\/#organization","name":"Le Regard Libre","url":"https:\/\/leregardlibre.com\/","logo":{"@type":"ImageObject","inLanguage":"de","@id":"https:\/\/leregardlibre.com\/#\/schema\/logo\/image\/","url":"https:\/\/leregardlibre.com\/wp-content\/uploads\/2025\/08\/logo-rl-icone-neg.jpeg","contentUrl":"https:\/\/leregardlibre.com\/wp-content\/uploads\/2025\/08\/logo-rl-icone-neg.jpeg","width":557,"height":556,"caption":"Le Regard Libre"},"image":{"@id":"https:\/\/leregardlibre.com\/#\/schema\/logo\/image\/"},"sameAs":["https:\/\/www.facebook.com\/leregardlibre\/","https:\/\/x.com\/LeRegardLibre","https:\/\/www.linkedin.com\/company\/le-regard-libre","https:\/\/www.instagram.com\/leregardlibre\/","http:\/\/t.me\/leregardlibre","https:\/\/youtube.com\/channel\/UC6HzGPomj1LsUmlz-sJtITQ"],"description":"Le Regard Libre ist eine Schweizer Monatszeitschrift f\u00fcr intellektuelle und kulturelle Debatten. Seine Redaktion ist jung, ehrenamtlich, liberal und pluralistisch. Das Magazin erscheint online und in gedruckter Form. Seine Sprache ist Franz\u00f6sisch.","email":"redaction@leregardlibre.com","legalName":"Le Regard Libre","foundingDate":"2014-01-01","numberOfEmployees":{"@type":"QuantitativeValue","minValue":"11","maxValue":"50"},"publishingPrinciples":"https:\/\/leregardlibre.com\/a-propos\/notre-manifeste\/","ownershipFundingInfo":"https:\/\/leregardlibre.com\/mentions-legales\/","actionableFeedbackPolicy":"https:\/\/leregardlibre.com\/conditions-generales-de-vente\/"},{"@type":"Person","@id":"https:\/\/leregardlibre.com\/#\/schema\/person\/b2ac941a3f3efccb93d920d0cd1629f4","name":"Quentin Perissinotto","image":{"@type":"ImageObject","inLanguage":"de","@id":"https:\/\/secure.gravatar.com\/avatar\/5bdc85640092297cabef9e4e9fafa5d0f6fdc4d68bde6549c358b1419521e8f3?s=96&d=identicon&r=g","url":"https:\/\/secure.gravatar.com\/avatar\/5bdc85640092297cabef9e4e9fafa5d0f6fdc4d68bde6549c358b1419521e8f3?s=96&d=identicon&r=g","contentUrl":"https:\/\/secure.gravatar.com\/avatar\/5bdc85640092297cabef9e4e9fafa5d0f6fdc4d68bde6549c358b1419521e8f3?s=96&d=identicon&r=g","caption":"Quentin Perissinotto"},"description":"Kundenberater und Schriftsteller, Quentin Perissinotto ist Literaturkritiker f\u00fcr Le Regard Libre.","sameAs":["https:\/\/fr.wikipedia.org\/wiki\/Le_Regard_libre"],"url":"https:\/\/leregardlibre.com\/de\/author\/quentin-perissinotto\/"}]}},"_links":{"self":[{"href":"https:\/\/leregardlibre.com\/de\/wp-json\/wp\/v2\/posts\/523461","targetHints":{"allow":["GET"]}}],"collection":[{"href":"https:\/\/leregardlibre.com\/de\/wp-json\/wp\/v2\/posts"}],"about":[{"href":"https:\/\/leregardlibre.com\/de\/wp-json\/wp\/v2\/types\/post"}],"author":[{"embeddable":true,"href":"https:\/\/leregardlibre.com\/de\/wp-json\/wp\/v2\/users\/213"}],"replies":[{"embeddable":true,"href":"https:\/\/leregardlibre.com\/de\/wp-json\/wp\/v2\/comments?post=523461"}],"version-history":[{"count":2,"href":"https:\/\/leregardlibre.com\/de\/wp-json\/wp\/v2\/posts\/523461\/revisions"}],"predecessor-version":[{"id":523468,"href":"https:\/\/leregardlibre.com\/de\/wp-json\/wp\/v2\/posts\/523461\/revisions\/523468"}],"wp:featuredmedia":[{"embeddable":true,"href":"https:\/\/leregardlibre.com\/de\/wp-json\/wp\/v2\/media\/523463"}],"wp:attachment":[{"href":"https:\/\/leregardlibre.com\/de\/wp-json\/wp\/v2\/media?parent=523461"}],"wp:term":[{"taxonomy":"category","embeddable":true,"href":"https:\/\/leregardlibre.com\/de\/wp-json\/wp\/v2\/categories?post=523461"},{"taxonomy":"post_tag","embeddable":true,"href":"https:\/\/leregardlibre.com\/de\/wp-json\/wp\/v2\/tags?post=523461"}],"curies":[{"name":"wp","href":"https:\/\/api.w.org\/{rel}","templated":true}]}}