{"id":523871,"date":"2024-06-15T06:00:00","date_gmt":"2024-06-15T04:00:00","guid":{"rendered":"https:\/\/leregardlibre.com\/?p=523871"},"modified":"2024-06-15T13:42:12","modified_gmt":"2024-06-15T11:42:12","slug":"das-kino-fordert-eine-andere-erzahlung-des-nahostkonflikts","status":"publish","type":"post","link":"https:\/\/leregardlibre.com\/de\/kino\/das-kino-fordert-eine-andere-erzahlung-des-nahostkonflikts\/","title":{"rendered":"Das Kino f\u00f6rdert eine andere Erz\u00e4hlung des Nahostkonflikts"},"content":{"rendered":"<div class='content_excerpt'>\n<p class=\"has-drop-cap\"><strong>The Deer's Tooth war auf dem diesj\u00e4hrigen Filmfestival in Cannes zu sehen. Sein Hauptdarsteller, der Pal\u00e4stinenser Wisam Al Jafari, der 2019 bereits an der Croisette ausgezeichnet wurde, erz\u00e4hlt uns vom Nahen Osten, ohne jemals den Krieg zu erw\u00e4hnen.<\/strong><\/p>\n\n\n\n (mehr ...)\n    <div class='restricted_content_fade'><\/div>\n    <\/div>\n  <style>\n    .content_excerpt{\n      position: relative;\n    }\n    .content_excerpt .restricted_content_fade{\n      position: absolute;\n      bottom: 0;\n      left: 0;\n      right: 0;\n      height: 75px;\n\t  margin-bottom: 0px;\n      background-image: linear-gradient(#ffffff2e, white);\n    }\n\n    .restricted_content{\n      margin-top: 30px;\n      border: solid #dddddd 1px;\n      border-radius: 7px;\n      padding: 30px;\n    }\n    \n    .restricted_content .restricted_content_title{\n      font-size: 22px;\n      font-weight: 600;\n    }\n    .restricted_content .restricted_content_flex_row{\n      display: flex;\n      flex-direction: row;\n    }\n    .restricted_content .restricted_content_image_container{\n      flex: 3;\n    }\n    .restricted_content .restricted_content_flex_column{\n      flex: 4;\n      display: flex;\n      flex-direction: column;\n      margin-left: 40px;\n      justify-content: center;\n    }\n\n\n    .restricted_content_buttons{\n      display: flex;\n      flex-direction: column;\n      width: min-content;\n    }\n    .restricted_content_button{\n      background-color: #f2f2f2;\n      text-transform: uppercase;\n      font-weight: 600;\n      padding: 8px 40px;\n      text-align: center;\n      font-size: 13px;\n      margin-top: 10px;\n      width: max-content;\n      width: 100%;\n      white-space: nowrap;\n    }\n    .restricted_content_button:hover {\n      background-color: #111111;\n      color: white;\n      text-decoration: none !important;\n    }\n\n    .restricted_content_primary_button{\n      background-color: #1F2A68 !important;\n      color: white !important;\n    }\n    .restricted_content_primary_button:hover {\n      background-color: #111111;\n    }\n\n    .restricted_content_text{\n      margin-bottom: 10px;\n      line-height: 1.2;\n      font-weight: 500;\n      font-size: 16px;\n    }\n\n  \n  <\/style>\n  <div class='restricted_content'>\n    <h3 class='restricted_content_title'>Dieser Inhalt ist unseren Abonnenten vorbehalten.<\/h3>\n    <div class='restricted_content_flex_row'>\n      <div class='restricted_content_image_container'>\n        <img class='restricted_content_image' src='\/wp-content\/uploads\/2025\/08\/abo_physique.png' \/>\n      <\/div>\n      <div class='restricted_content_flex_column'>\n        <div class='restricted_content_text'>Wenn Sie ein Konto haben, loggen Sie sich ein. Ansonsten entdecken Sie unsere verschiedenen Abonnements und erstellen Sie ein Konto ab CHF 2.50 im ersten Monat.<\/div>\n        <div class='restricted_content_buttons'>\n          <a href='\/de\/abonnement\/' class='restricted_content_button restricted_content_primary_button'>Abonnements ansehen<\/a><a href='\/de\/mein-konto\/?redirect_to=https:\/\/leregardlibre.com\/de\/kino\/das-kino-fordert-eine-andere-erzahlung-des-nahostkonflikts\/'class='restricted_content_button'>Sich anmelden<\/a><\/div>\n      <\/div>\n    <\/div>\n  <\/div>","protected":false},"excerpt":{"rendered":"<div class='content_excerpt'>\n<p class=\"has-drop-cap\"><strong>The Deer's Tooth war auf dem diesj\u00e4hrigen Filmfestival in Cannes zu sehen. Sein Hauptdarsteller, der Pal\u00e4stinenser Wisam Al Jafari, der 2019 bereits an der Croisette ausgezeichnet wurde, erz\u00e4hlt uns vom Nahen Osten, ohne jemals den Krieg zu erw\u00e4hnen.<\/strong><\/p>\n<p> (mehr ...)<\/p>\n<div class='restricted_content_fade'><\/div>\n<\/p><\/div>\n<style>\n    .content_excerpt{\n      position: relative;\n    }\n    .content_excerpt .restricted_content_fade{\n      position: absolute;\n      bottom: 0;\n      left: 0;\n      right: 0;\n      height: 75px;\n\t  margin-bottom: 0px;\n      background-image: linear-gradient(#ffffff2e, white);\n    }<\/p>\n<p>    .restricted_content{\n      margin-top: 30px;\n      border: solid #dddddd 1px;\n      border-radius: 7px;\n      padding: 30px;\n    }<\/p>\n<p>    .restricted_content .restricted_content_title{\n      font-size: 22px;\n      font-weight: 600;\n    }\n    .restricted_content .restricted_content_flex_row{\n      display: flex;\n      flex-direction: row;\n    }\n    .restricted_content .restricted_content_image_container{\n      flex: 3;\n    }\n    .restricted_content .restricted_content_flex_column{\n      flex: 4;\n      display: flex;\n      flex-direction: column;\n      margin-left: 40px;\n      justify-content: center;\n    }<\/p>\n<p>    .restricted_content_buttons{\n      display: flex;\n      flex-direction: column;\n      width: min-content;\n    }\n    .restricted_content_button{\n      background-color: #f2f2f2;\n      text-transform: uppercase;\n      font-weight: 600;\n      padding: 8px 40px;\n      text-align: center;\n      font-size: 13px;\n      margin-top: 10px;\n      width: max-content;\n      width: 100%;\n      white-space: nowrap;\n    }\n    .restricted_content_button:hover {\n      background-color: #111111;\n      color: white;\n      text-decoration: none !important;\n    }<\/p>\n<p>    .restricted_content_primary_button{\n      background-color: #1F2A68 !important;\n      color: white !important;\n    }\n    .restricted_content_primary_button:hover {\n      background-color: #111111;\n    }<\/p>\n<p>    .restricted_content_text{\n      margin-bottom: 10px;\n      line-height: 1.2;\n      font-weight: 500;\n      font-size: 16px;\n    }<\/p>\n<\/style>\n<div class='restricted_content'>\n<h3 class='restricted_content_title'>Dieser Inhalt ist unseren Abonnenten vorbehalten.<\/h3>\n<div class='restricted_content_flex_row'>\n<div class='restricted_content_image_container'>\n        <img class='restricted_content_image' src='\/wp-content\/uploads\/2025\/08\/abo_physique.png' \/>\n      <\/div>\n<div class='restricted_content_flex_column'>\n<div class='restricted_content_text'>Wenn Sie ein Konto haben, loggen Sie sich ein. Ansonsten entdecken Sie unsere verschiedenen Abonnements und erstellen Sie ein Konto ab CHF 2.50 im ersten Monat.<\/div>\n<div class='restricted_content_buttons'>\n          <a href='\/de\/abonnement\/' class='restricted_content_button restricted_content_primary_button'>Abonnements ansehen<\/a><a href='\/de\/mein-konto\/?redirect_to=https:\/\/leregardlibre.com\/de\/kino\/das-kino-fordert-eine-andere-erzahlung-des-nahostkonflikts\/'class='restricted_content_button'>Sich anmelden<\/a><\/div>\n<\/p><\/div>\n<\/p><\/div>\n<\/p><\/div>","protected":false},"author":58,"featured_media":523874,"comment_status":"open","ping_status":"closed","sticky":false,"template":"","format":"standard","meta":{"_acf_changed":false,"footnotes":""},"categories":[597],"tags":[1120141,15271,140421],"class_list":["post-523871","post","type-post","status-publish","format-standard","has-post-thumbnail","hentry","category-cinema","tag-conflit-israelo-palestinien","tag-palestine","tag-proche-orient","membership-content","access-restricted"],"acf":[],"yoast_head":"<!-- This site is optimized with the Yoast SEO Premium plugin v27.4 (Yoast SEO v27.4) - https:\/\/yoast.com\/product\/yoast-seo-premium-wordpress\/ -->\n<title>Le cin\u00e9ma favorise un autre r\u00e9cit du conflit au Proche-Orient<\/title>\n<meta name=\"description\" content=\"Wisam Aljafari, \u00e0 l\u2019affiche de \u00abThe Deer\u2019s Tooth\u00bb et prim\u00e9 en 2019 \u00e0 Cannes, nous raconte le Proche-Orient sans ne jamais \u00e9voquer la guerre.\" \/>\n<meta name=\"robots\" content=\"index, follow, max-snippet:-1, max-image-preview:large, max-video-preview:-1\" \/>\n<link rel=\"canonical\" href=\"https:\/\/leregardlibre.com\/de\/kino\/das-kino-fordert-eine-andere-erzahlung-des-nahostkonflikts\/\" \/>\n<meta property=\"og:locale\" content=\"de_DE\" \/>\n<meta property=\"og:type\" content=\"article\" \/>\n<meta property=\"og:title\" content=\"Le cin\u00e9ma favorise un autre r\u00e9cit du conflit au Proche-Orient\" \/>\n<meta property=\"og:description\" content=\"Wisam Aljafari, \u00e0 l\u2019affiche de \u00abThe Deer\u2019s Tooth\u00bb et prim\u00e9 en 2019 \u00e0 Cannes, nous raconte le Proche-Orient sans ne jamais \u00e9voquer la guerre.\" \/>\n<meta property=\"og:url\" content=\"https:\/\/leregardlibre.com\/de\/kino\/das-kino-fordert-eine-andere-erzahlung-des-nahostkonflikts\/\" \/>\n<meta property=\"og:site_name\" content=\"Le Regard Libre\" \/>\n<meta property=\"article:publisher\" content=\"https:\/\/www.facebook.com\/leregardlibre\/\" \/>\n<meta property=\"article:published_time\" content=\"2024-06-15T04:00:00+00:00\" \/>\n<meta property=\"article:modified_time\" content=\"2024-06-15T11:42:12+00:00\" \/>\n<meta property=\"og:image\" content=\"https:\/\/leregardlibre.com\/wp-content\/uploads\/2024\/06\/wisam-aljafari-etait-aussi-present-a-geneve-en-2022-a-loccasion-du-festival-palestine-filmer-cest-exister---lemultimedia-info-oreste-di-cristino-geneve-1024x683.jpg\" \/>\n\t<meta property=\"og:image:width\" content=\"1024\" \/>\n\t<meta property=\"og:image:height\" content=\"683\" \/>\n\t<meta property=\"og:image:type\" content=\"image\/jpeg\" \/>\n<meta name=\"author\" content=\"Yves Di Cristino\" \/>\n<meta name=\"twitter:card\" content=\"summary_large_image\" \/>\n<meta name=\"twitter:creator\" content=\"@LeRegardLibre\" \/>\n<meta name=\"twitter:site\" content=\"@LeRegardLibre\" \/>\n<meta name=\"twitter:label1\" content=\"Verfasst von\" \/>\n\t<meta name=\"twitter:data1\" content=\"Yves Di Cristino\" \/>\n\t<meta name=\"twitter:label2\" content=\"Gesch\u00e4tzte Lesezeit\" \/>\n\t<meta name=\"twitter:data2\" content=\"11\u00a0Minuten\" \/>\n<script type=\"application\/ld+json\" class=\"yoast-schema-graph\">{\"@context\":\"https:\\\/\\\/schema.org\",\"@graph\":[{\"@type\":\"Article\",\"@id\":\"https:\\\/\\\/leregardlibre.com\\\/cinema\\\/le-cinema-favorise-un-autre-recit-du-conflit-au-proche-orient\\\/#article\",\"isPartOf\":{\"@id\":\"https:\\\/\\\/leregardlibre.com\\\/cinema\\\/le-cinema-favorise-un-autre-recit-du-conflit-au-proche-orient\\\/\"},\"author\":{\"name\":\"Yves Di Cristino\",\"@id\":\"https:\\\/\\\/leregardlibre.com\\\/#\\\/schema\\\/person\\\/330f12df8a62da99c79f03dd424c99b1\"},\"headline\":\"Le cin\u00e9ma favorise un autre r\u00e9cit du conflit au Proche-Orient\",\"datePublished\":\"2024-06-15T04:00:00+00:00\",\"dateModified\":\"2024-06-15T11:42:12+00:00\",\"mainEntityOfPage\":{\"@id\":\"https:\\\/\\\/leregardlibre.com\\\/cinema\\\/le-cinema-favorise-un-autre-recit-du-conflit-au-proche-orient\\\/\"},\"wordCount\":2185,\"commentCount\":0,\"publisher\":{\"@id\":\"https:\\\/\\\/leregardlibre.com\\\/#organization\"},\"image\":{\"@id\":\"https:\\\/\\\/leregardlibre.com\\\/cinema\\\/le-cinema-favorise-un-autre-recit-du-conflit-au-proche-orient\\\/#primaryimage\"},\"thumbnailUrl\":\"https:\\\/\\\/leregardlibre.com\\\/wp-content\\\/uploads\\\/2024\\\/06\\\/wisam-aljafari-etait-aussi-present-a-geneve-en-2022-a-loccasion-du-festival-palestine-filmer-cest-exister---lemultimedia-info-oreste-di-cristino-geneve-e1718397678500.jpg\",\"keywords\":[\"Conflit isra\u00e9lo-palestinien\",\"Palestine\",\"Proche-Orient\"],\"articleSection\":[\"Cin\u00e9ma\"],\"inLanguage\":\"de\",\"potentialAction\":[{\"@type\":\"CommentAction\",\"name\":\"Comment\",\"target\":[\"https:\\\/\\\/leregardlibre.com\\\/cinema\\\/le-cinema-favorise-un-autre-recit-du-conflit-au-proche-orient\\\/#respond\"]}]},{\"@type\":\"WebPage\",\"@id\":\"https:\\\/\\\/leregardlibre.com\\\/cinema\\\/le-cinema-favorise-un-autre-recit-du-conflit-au-proche-orient\\\/\",\"url\":\"https:\\\/\\\/leregardlibre.com\\\/cinema\\\/le-cinema-favorise-un-autre-recit-du-conflit-au-proche-orient\\\/\",\"name\":\"Le cin\u00e9ma favorise un autre r\u00e9cit du conflit au Proche-Orient\",\"isPartOf\":{\"@id\":\"https:\\\/\\\/leregardlibre.com\\\/#website\"},\"primaryImageOfPage\":{\"@id\":\"https:\\\/\\\/leregardlibre.com\\\/cinema\\\/le-cinema-favorise-un-autre-recit-du-conflit-au-proche-orient\\\/#primaryimage\"},\"image\":{\"@id\":\"https:\\\/\\\/leregardlibre.com\\\/cinema\\\/le-cinema-favorise-un-autre-recit-du-conflit-au-proche-orient\\\/#primaryimage\"},\"thumbnailUrl\":\"https:\\\/\\\/leregardlibre.com\\\/wp-content\\\/uploads\\\/2024\\\/06\\\/wisam-aljafari-etait-aussi-present-a-geneve-en-2022-a-loccasion-du-festival-palestine-filmer-cest-exister---lemultimedia-info-oreste-di-cristino-geneve-e1718397678500.jpg\",\"datePublished\":\"2024-06-15T04:00:00+00:00\",\"dateModified\":\"2024-06-15T11:42:12+00:00\",\"description\":\"Wisam Aljafari, \u00e0 l\u2019affiche de \u00abThe Deer\u2019s Tooth\u00bb et prim\u00e9 en 2019 \u00e0 Cannes, nous raconte le Proche-Orient sans ne jamais \u00e9voquer la guerre.\",\"breadcrumb\":{\"@id\":\"https:\\\/\\\/leregardlibre.com\\\/cinema\\\/le-cinema-favorise-un-autre-recit-du-conflit-au-proche-orient\\\/#breadcrumb\"},\"inLanguage\":\"de\",\"potentialAction\":[{\"@type\":\"ReadAction\",\"target\":[\"https:\\\/\\\/leregardlibre.com\\\/cinema\\\/le-cinema-favorise-un-autre-recit-du-conflit-au-proche-orient\\\/\"]}]},{\"@type\":\"ImageObject\",\"inLanguage\":\"de\",\"@id\":\"https:\\\/\\\/leregardlibre.com\\\/cinema\\\/le-cinema-favorise-un-autre-recit-du-conflit-au-proche-orient\\\/#primaryimage\",\"url\":\"https:\\\/\\\/leregardlibre.com\\\/wp-content\\\/uploads\\\/2024\\\/06\\\/wisam-aljafari-etait-aussi-present-a-geneve-en-2022-a-loccasion-du-festival-palestine-filmer-cest-exister---lemultimedia-info-oreste-di-cristino-geneve-e1718397678500.jpg\",\"contentUrl\":\"https:\\\/\\\/leregardlibre.com\\\/wp-content\\\/uploads\\\/2024\\\/06\\\/wisam-aljafari-etait-aussi-present-a-geneve-en-2022-a-loccasion-du-festival-palestine-filmer-cest-exister---lemultimedia-info-oreste-di-cristino-geneve-e1718397678500.jpg\",\"width\":1920,\"height\":1280},{\"@type\":\"BreadcrumbList\",\"@id\":\"https:\\\/\\\/leregardlibre.com\\\/cinema\\\/le-cinema-favorise-un-autre-recit-du-conflit-au-proche-orient\\\/#breadcrumb\",\"itemListElement\":[{\"@type\":\"ListItem\",\"position\":1,\"name\":\"Accueil\",\"item\":\"https:\\\/\\\/leregardlibre.com\\\/\"},{\"@type\":\"ListItem\",\"position\":2,\"name\":\"Le cin\u00e9ma favorise un autre r\u00e9cit du conflit au Proche-Orient\"}]},{\"@type\":\"WebSite\",\"@id\":\"https:\\\/\\\/leregardlibre.com\\\/#website\",\"url\":\"https:\\\/\\\/leregardlibre.com\\\/\",\"name\":\"Le Regard Libre\",\"description\":\"Premier mensuel suisse de d\u00e9bat\",\"publisher\":{\"@id\":\"https:\\\/\\\/leregardlibre.com\\\/#organization\"},\"potentialAction\":[{\"@type\":\"SearchAction\",\"target\":{\"@type\":\"EntryPoint\",\"urlTemplate\":\"https:\\\/\\\/leregardlibre.com\\\/?s={search_term_string}\"},\"query-input\":{\"@type\":\"PropertyValueSpecification\",\"valueRequired\":true,\"valueName\":\"search_term_string\"}}],\"inLanguage\":\"de\"},{\"@type\":\"Organization\",\"@id\":\"https:\\\/\\\/leregardlibre.com\\\/#organization\",\"name\":\"Le Regard Libre\",\"url\":\"https:\\\/\\\/leregardlibre.com\\\/\",\"logo\":{\"@type\":\"ImageObject\",\"inLanguage\":\"de\",\"@id\":\"https:\\\/\\\/leregardlibre.com\\\/#\\\/schema\\\/logo\\\/image\\\/\",\"url\":\"https:\\\/\\\/leregardlibre.com\\\/wp-content\\\/uploads\\\/2025\\\/08\\\/logo-rl-icone-neg.jpeg\",\"contentUrl\":\"https:\\\/\\\/leregardlibre.com\\\/wp-content\\\/uploads\\\/2025\\\/08\\\/logo-rl-icone-neg.jpeg\",\"width\":557,\"height\":556,\"caption\":\"Le Regard Libre\"},\"image\":{\"@id\":\"https:\\\/\\\/leregardlibre.com\\\/#\\\/schema\\\/logo\\\/image\\\/\"},\"sameAs\":[\"https:\\\/\\\/www.facebook.com\\\/leregardlibre\\\/\",\"https:\\\/\\\/x.com\\\/LeRegardLibre\",\"https:\\\/\\\/www.linkedin.com\\\/company\\\/le-regard-libre\",\"https:\\\/\\\/www.instagram.com\\\/leregardlibre\\\/\",\"http:\\\/\\\/t.me\\\/leregardlibre\",\"https:\\\/\\\/youtube.com\\\/channel\\\/UC6HzGPomj1LsUmlz-sJtITQ\"],\"description\":\"Le Regard Libre est un mensuel suisse de d\u00e9bat intellectuel et culturel. Sa r\u00e9daction est jeune, b\u00e9n\u00e9vole, lib\u00e9rale et pluraliste. Le magazine para\u00eet en ligne et sous forme papier. Sa langue est le fran\u00e7ais.\",\"email\":\"redaction@leregardlibre.com\",\"legalName\":\"Le Regard Libre\",\"foundingDate\":\"2014-01-01\",\"numberOfEmployees\":{\"@type\":\"QuantitativeValue\",\"minValue\":\"11\",\"maxValue\":\"50\"},\"publishingPrinciples\":\"https:\\\/\\\/leregardlibre.com\\\/a-propos\\\/notre-manifeste\\\/\",\"ownershipFundingInfo\":\"https:\\\/\\\/leregardlibre.com\\\/mentions-legales\\\/\",\"actionableFeedbackPolicy\":\"https:\\\/\\\/leregardlibre.com\\\/conditions-generales-de-vente\\\/\"},{\"@type\":\"Person\",\"@id\":\"https:\\\/\\\/leregardlibre.com\\\/#\\\/schema\\\/person\\\/330f12df8a62da99c79f03dd424c99b1\",\"name\":\"Yves Di Cristino\",\"image\":{\"@type\":\"ImageObject\",\"inLanguage\":\"de\",\"@id\":\"https:\\\/\\\/secure.gravatar.com\\\/avatar\\\/936550e0c3b0c0f7b08d557b0f6c672e80fc93b0722acd222ed9a28e5a35d03c?s=96&d=identicon&r=g\",\"url\":\"https:\\\/\\\/secure.gravatar.com\\\/avatar\\\/936550e0c3b0c0f7b08d557b0f6c672e80fc93b0722acd222ed9a28e5a35d03c?s=96&d=identicon&r=g\",\"contentUrl\":\"https:\\\/\\\/secure.gravatar.com\\\/avatar\\\/936550e0c3b0c0f7b08d557b0f6c672e80fc93b0722acd222ed9a28e5a35d03c?s=96&d=identicon&r=g\",\"caption\":\"Yves Di Cristino\"},\"url\":\"https:\\\/\\\/leregardlibre.com\\\/de\\\/author\\\/yves-di-cristino\\\/\"}]}<\/script>\n<!-- \/ Yoast SEO Premium plugin. -->","yoast_head_json":{"title":"Das Kino f\u00f6rdert eine andere Erz\u00e4hlung des Nahostkonflikts","description":"Wisam Aljafari, der in \u00abThe Deer's Tooth\u00bb zu sehen ist und 2019 in Cannes ausgezeichnet wurde, erz\u00e4hlt uns vom Nahen Osten, ohne jemals den Krieg zu erw\u00e4hnen.","robots":{"index":"index","follow":"follow","max-snippet":"max-snippet:-1","max-image-preview":"max-image-preview:large","max-video-preview":"max-video-preview:-1"},"canonical":"https:\/\/leregardlibre.com\/de\/kino\/das-kino-fordert-eine-andere-erzahlung-des-nahostkonflikts\/","og_locale":"de_DE","og_type":"article","og_title":"Le cin\u00e9ma favorise un autre r\u00e9cit du conflit au Proche-Orient","og_description":"Wisam Aljafari, \u00e0 l\u2019affiche de \u00abThe Deer\u2019s Tooth\u00bb et prim\u00e9 en 2019 \u00e0 Cannes, nous raconte le Proche-Orient sans ne jamais \u00e9voquer la guerre.","og_url":"https:\/\/leregardlibre.com\/de\/kino\/das-kino-fordert-eine-andere-erzahlung-des-nahostkonflikts\/","og_site_name":"Le Regard Libre","article_publisher":"https:\/\/www.facebook.com\/leregardlibre\/","article_published_time":"2024-06-15T04:00:00+00:00","article_modified_time":"2024-06-15T11:42:12+00:00","og_image":[{"width":1024,"height":683,"url":"https:\/\/leregardlibre.com\/wp-content\/uploads\/2024\/06\/wisam-aljafari-etait-aussi-present-a-geneve-en-2022-a-loccasion-du-festival-palestine-filmer-cest-exister---lemultimedia-info-oreste-di-cristino-geneve-1024x683.jpg","type":"image\/jpeg"}],"author":"Yves Di Cristino","twitter_card":"summary_large_image","twitter_creator":"@LeRegardLibre","twitter_site":"@LeRegardLibre","twitter_misc":{"Verfasst von":"Yves Di Cristino","Gesch\u00e4tzte Lesezeit":"11\u00a0Minuten"},"schema":{"@context":"https:\/\/schema.org","@graph":[{"@type":"Article","@id":"https:\/\/leregardlibre.com\/cinema\/le-cinema-favorise-un-autre-recit-du-conflit-au-proche-orient\/#article","isPartOf":{"@id":"https:\/\/leregardlibre.com\/cinema\/le-cinema-favorise-un-autre-recit-du-conflit-au-proche-orient\/"},"author":{"name":"Yves Di Cristino","@id":"https:\/\/leregardlibre.com\/#\/schema\/person\/330f12df8a62da99c79f03dd424c99b1"},"headline":"Le cin\u00e9ma favorise un autre r\u00e9cit du conflit au Proche-Orient","datePublished":"2024-06-15T04:00:00+00:00","dateModified":"2024-06-15T11:42:12+00:00","mainEntityOfPage":{"@id":"https:\/\/leregardlibre.com\/cinema\/le-cinema-favorise-un-autre-recit-du-conflit-au-proche-orient\/"},"wordCount":2185,"commentCount":0,"publisher":{"@id":"https:\/\/leregardlibre.com\/#organization"},"image":{"@id":"https:\/\/leregardlibre.com\/cinema\/le-cinema-favorise-un-autre-recit-du-conflit-au-proche-orient\/#primaryimage"},"thumbnailUrl":"https:\/\/leregardlibre.com\/wp-content\/uploads\/2024\/06\/wisam-aljafari-etait-aussi-present-a-geneve-en-2022-a-loccasion-du-festival-palestine-filmer-cest-exister---lemultimedia-info-oreste-di-cristino-geneve-e1718397678500.jpg","keywords":["Conflit isra\u00e9lo-palestinien","Palestine","Proche-Orient"],"articleSection":["Cin\u00e9ma"],"inLanguage":"de","potentialAction":[{"@type":"CommentAction","name":"Comment","target":["https:\/\/leregardlibre.com\/cinema\/le-cinema-favorise-un-autre-recit-du-conflit-au-proche-orient\/#respond"]}]},{"@type":"WebPage","@id":"https:\/\/leregardlibre.com\/cinema\/le-cinema-favorise-un-autre-recit-du-conflit-au-proche-orient\/","url":"https:\/\/leregardlibre.com\/cinema\/le-cinema-favorise-un-autre-recit-du-conflit-au-proche-orient\/","name":"Das Kino f\u00f6rdert eine andere Erz\u00e4hlung des Nahostkonflikts","isPartOf":{"@id":"https:\/\/leregardlibre.com\/#website"},"primaryImageOfPage":{"@id":"https:\/\/leregardlibre.com\/cinema\/le-cinema-favorise-un-autre-recit-du-conflit-au-proche-orient\/#primaryimage"},"image":{"@id":"https:\/\/leregardlibre.com\/cinema\/le-cinema-favorise-un-autre-recit-du-conflit-au-proche-orient\/#primaryimage"},"thumbnailUrl":"https:\/\/leregardlibre.com\/wp-content\/uploads\/2024\/06\/wisam-aljafari-etait-aussi-present-a-geneve-en-2022-a-loccasion-du-festival-palestine-filmer-cest-exister---lemultimedia-info-oreste-di-cristino-geneve-e1718397678500.jpg","datePublished":"2024-06-15T04:00:00+00:00","dateModified":"2024-06-15T11:42:12+00:00","description":"Wisam Aljafari, der in \u00abThe Deer's Tooth\u00bb zu sehen ist und 2019 in Cannes ausgezeichnet wurde, erz\u00e4hlt uns vom Nahen Osten, ohne jemals den Krieg zu erw\u00e4hnen.","breadcrumb":{"@id":"https:\/\/leregardlibre.com\/cinema\/le-cinema-favorise-un-autre-recit-du-conflit-au-proche-orient\/#breadcrumb"},"inLanguage":"de","potentialAction":[{"@type":"ReadAction","target":["https:\/\/leregardlibre.com\/cinema\/le-cinema-favorise-un-autre-recit-du-conflit-au-proche-orient\/"]}]},{"@type":"ImageObject","inLanguage":"de","@id":"https:\/\/leregardlibre.com\/cinema\/le-cinema-favorise-un-autre-recit-du-conflit-au-proche-orient\/#primaryimage","url":"https:\/\/leregardlibre.com\/wp-content\/uploads\/2024\/06\/wisam-aljafari-etait-aussi-present-a-geneve-en-2022-a-loccasion-du-festival-palestine-filmer-cest-exister---lemultimedia-info-oreste-di-cristino-geneve-e1718397678500.jpg","contentUrl":"https:\/\/leregardlibre.com\/wp-content\/uploads\/2024\/06\/wisam-aljafari-etait-aussi-present-a-geneve-en-2022-a-loccasion-du-festival-palestine-filmer-cest-exister---lemultimedia-info-oreste-di-cristino-geneve-e1718397678500.jpg","width":1920,"height":1280},{"@type":"BreadcrumbList","@id":"https:\/\/leregardlibre.com\/cinema\/le-cinema-favorise-un-autre-recit-du-conflit-au-proche-orient\/#breadcrumb","itemListElement":[{"@type":"ListItem","position":1,"name":"Accueil","item":"https:\/\/leregardlibre.com\/"},{"@type":"ListItem","position":2,"name":"Le cin\u00e9ma favorise un autre r\u00e9cit du conflit au Proche-Orient"}]},{"@type":"WebSite","@id":"https:\/\/leregardlibre.com\/#website","url":"https:\/\/leregardlibre.com\/","name":"Le Regard Libre","description":"Erste Schweizer Monatszeitschrift f\u00fcr Debatten","publisher":{"@id":"https:\/\/leregardlibre.com\/#organization"},"potentialAction":[{"@type":"SearchAction","target":{"@type":"EntryPoint","urlTemplate":"https:\/\/leregardlibre.com\/?s={search_term_string}"},"query-input":{"@type":"PropertyValueSpecification","valueRequired":true,"valueName":"search_term_string"}}],"inLanguage":"de"},{"@type":"Organization","@id":"https:\/\/leregardlibre.com\/#organization","name":"Le Regard Libre","url":"https:\/\/leregardlibre.com\/","logo":{"@type":"ImageObject","inLanguage":"de","@id":"https:\/\/leregardlibre.com\/#\/schema\/logo\/image\/","url":"https:\/\/leregardlibre.com\/wp-content\/uploads\/2025\/08\/logo-rl-icone-neg.jpeg","contentUrl":"https:\/\/leregardlibre.com\/wp-content\/uploads\/2025\/08\/logo-rl-icone-neg.jpeg","width":557,"height":556,"caption":"Le Regard Libre"},"image":{"@id":"https:\/\/leregardlibre.com\/#\/schema\/logo\/image\/"},"sameAs":["https:\/\/www.facebook.com\/leregardlibre\/","https:\/\/x.com\/LeRegardLibre","https:\/\/www.linkedin.com\/company\/le-regard-libre","https:\/\/www.instagram.com\/leregardlibre\/","http:\/\/t.me\/leregardlibre","https:\/\/youtube.com\/channel\/UC6HzGPomj1LsUmlz-sJtITQ"],"description":"Le Regard Libre ist eine Schweizer Monatszeitschrift f\u00fcr intellektuelle und kulturelle Debatten. Seine Redaktion ist jung, ehrenamtlich, liberal und pluralistisch. Das Magazin erscheint online und in gedruckter Form. Seine Sprache ist Franz\u00f6sisch.","email":"redaction@leregardlibre.com","legalName":"Le Regard Libre","foundingDate":"2014-01-01","numberOfEmployees":{"@type":"QuantitativeValue","minValue":"11","maxValue":"50"},"publishingPrinciples":"https:\/\/leregardlibre.com\/a-propos\/notre-manifeste\/","ownershipFundingInfo":"https:\/\/leregardlibre.com\/mentions-legales\/","actionableFeedbackPolicy":"https:\/\/leregardlibre.com\/conditions-generales-de-vente\/"},{"@type":"Person","@id":"https:\/\/leregardlibre.com\/#\/schema\/person\/330f12df8a62da99c79f03dd424c99b1","name":"Yves Di Cristino","image":{"@type":"ImageObject","inLanguage":"de","@id":"https:\/\/secure.gravatar.com\/avatar\/936550e0c3b0c0f7b08d557b0f6c672e80fc93b0722acd222ed9a28e5a35d03c?s=96&d=identicon&r=g","url":"https:\/\/secure.gravatar.com\/avatar\/936550e0c3b0c0f7b08d557b0f6c672e80fc93b0722acd222ed9a28e5a35d03c?s=96&d=identicon&r=g","contentUrl":"https:\/\/secure.gravatar.com\/avatar\/936550e0c3b0c0f7b08d557b0f6c672e80fc93b0722acd222ed9a28e5a35d03c?s=96&d=identicon&r=g","caption":"Yves Di Cristino"},"url":"https:\/\/leregardlibre.com\/de\/author\/yves-di-cristino\/"}]}},"_links":{"self":[{"href":"https:\/\/leregardlibre.com\/de\/wp-json\/wp\/v2\/posts\/523871","targetHints":{"allow":["GET"]}}],"collection":[{"href":"https:\/\/leregardlibre.com\/de\/wp-json\/wp\/v2\/posts"}],"about":[{"href":"https:\/\/leregardlibre.com\/de\/wp-json\/wp\/v2\/types\/post"}],"author":[{"embeddable":true,"href":"https:\/\/leregardlibre.com\/de\/wp-json\/wp\/v2\/users\/58"}],"replies":[{"embeddable":true,"href":"https:\/\/leregardlibre.com\/de\/wp-json\/wp\/v2\/comments?post=523871"}],"version-history":[{"count":2,"href":"https:\/\/leregardlibre.com\/de\/wp-json\/wp\/v2\/posts\/523871\/revisions"}],"predecessor-version":[{"id":523881,"href":"https:\/\/leregardlibre.com\/de\/wp-json\/wp\/v2\/posts\/523871\/revisions\/523881"}],"wp:featuredmedia":[{"embeddable":true,"href":"https:\/\/leregardlibre.com\/de\/wp-json\/wp\/v2\/media\/523874"}],"wp:attachment":[{"href":"https:\/\/leregardlibre.com\/de\/wp-json\/wp\/v2\/media?parent=523871"}],"wp:term":[{"taxonomy":"category","embeddable":true,"href":"https:\/\/leregardlibre.com\/de\/wp-json\/wp\/v2\/categories?post=523871"},{"taxonomy":"post_tag","embeddable":true,"href":"https:\/\/leregardlibre.com\/de\/wp-json\/wp\/v2\/tags?post=523871"}],"curies":[{"name":"wp","href":"https:\/\/api.w.org\/{rel}","templated":true}]}}