{"id":524533,"date":"2024-08-16T06:00:00","date_gmt":"2024-08-16T04:00:00","guid":{"rendered":"https:\/\/leregardlibre.com\/?p=524533"},"modified":"2025-08-12T16:22:38","modified_gmt":"2025-08-12T14:22:38","slug":"katharina-fontana-gewinnt-den-bonny-preis-fur-freiheit-2024","status":"publish","type":"post","link":"https:\/\/leregardlibre.com\/de\/gesellschaft\/medien\/katharina-fontana-gewinnt-den-bonny-preis-fur-freiheit-2024\/","title":{"rendered":"Katharina Fontana gewann den Bonny-Preis f\u00fcr Freiheit 2024"},"content":{"rendered":"<p class=\"has-drop-cap\"><strong>Der Freiheitspreis 2024 der Bonny-Stiftung wurde an die \u00abNZZ\u00bb-Journalistin Katharina Fontana verliehen. Die Preisverleihung fand am Donnerstag in Bern vor \u00fcber 650 G\u00e4sten aus Politik, Wirtschaft und Kultur statt.<\/strong><\/p>\n\n\n\n<!--more-->\n\n\n\n<p>Der mit 100.000 CHF dotierte Freiheitspreis der Bonny-Stiftung ging in diesem Jahr an die bekannte Journalistin der <em>NZZ<\/em>, <a href=\"https:\/\/www.nzz.ch\/impressum\/katharina-fontana-ld.1645612\">Katharina Fontana<\/a>.<\/p>\n\n\n\n<p>In seiner Laudatio beschrieb der Vizepr\u00e4sident der Stiftung, Beat Brechb\u00fchl, sie als Freiheitsidealistin mit mutigen Zeilen und klaren Aussagen: \u00abEs ist kein Zufall, dass wir Katharina Fontana den Freiheitspreis im Kant-Jahr verleihen, denn die Trias der Kantischen Lehre ist im heutigen Journalismus selten geworden: das <em>Sapere aude<\/em> (\u201cHabe den Mut, dich deines eigenen Verstandes zu bedienen!\u201d) hat es schwer, sich im Kampf um die Aufmerksamkeit, die von den Einschaltquoten diktiert wird, durchzusetzen.\u00bb<\/p>\n\n\n\n<p>In einer Erkl\u00e4rung der Stiftung hei\u00dft es: \u00abDer kategorische Imperativ wurde durch den Meinungsjournalismus woke ersetzt. Und die erkenntnistheoretische Synthese \u201cGedanken ohne Materie sind leer; Intuitionen ohne Konzepte sind blind\u201d droht in einem Einheitsbrei zu versinken... Katharina Fontana ist zur\u00fcck bei der <em>NZZ<\/em> seit 2021 als Senior Editor - das ist kein Zeichen von Alterung, sondern eine Auszeichnung und offensichtlich ein Pass f\u00fcr grundlegende Fragestellungen, ein Pass in die Tiefe. Sie schreibt \u00fcber viele Themen und tut dies mit stilistischer Eleganz und einer besonders spitzen Feder. Vor allem aber argumentiert sie mit k\u00fchler Vernunft, wo andere sentimentale Emp\u00f6rung kultivieren\u00bb.\u00bb<\/p>\n\n\n\n<h6 class=\"wp-block-heading\" id=\"h-a-lire-aussi-critique-liberale-du-wokisme\">Lesen Sie auch | <a href=\"https:\/\/leregardlibre.com\/de\/philosophie\/liberale-kritik-am-wokismus\/\">Liberale Kritik am Wokismus<\/a><\/h6>\n\n\n\n<p>Der Stiftungsrat sagte, er sei \u00abbeeindruckt von diesem rebellischen Charakter, dieser Unabh\u00e4ngigkeit von Mode und Zeitgeist sowie von diesem inneren Kompass, der sich konsequent an Freiheit, pers\u00f6nlicher Verantwortung und den Kant'schen Tugenden Disziplin, Flei\u00df und Bescheidenheit orientiert...\u00bb gewesen.\u00bb<\/p>\n\n\n\n<p>Dieser Preis sollte ein Alarmsignal und ein Weckruf f\u00fcr die Vernunft sein, betonte Beat Brechb\u00fchl:<\/p>\n\n\n\n<p>\u00abF\u00fcr den gesunden Menschenverstand als Grundlage.<br>F\u00fcr die Proportionalit\u00e4t als Grundstein.<br>F\u00fcr Freiheit als Perspektive\u00bb.\u00bb<\/p>\n\n\n\n<hr class=\"wp-block-separator has-alpha-channel-opacity is-style-wide\"\/>\n\n\n\n<h3 class=\"wp-block-heading\" id=\"h-a-propos-de-la-fondation-bonny-pour-la-liberte\">\u00dcber die Bonny-Stiftung f\u00fcr die Freiheit<\/h3>\n\n\n\n<p>Die parteipolitisch unabh\u00e4ngige Stiftung nominiert jedes Jahr eine Pers\u00f6nlichkeit oder eine Organisation, die sich durch ihren Einsatz f\u00fcr die Erhaltung der Freiheit ausgezeichnet hat. Der Preis f\u00fcr die Freiheit wird seit 2013 verliehen und ist mit 100.000 Schweizer Franken dotiert. Zu den bisherigen Preistr\u00e4gern geh\u00f6ren J\u00e9r\u00e9mie Bongiovanni, Nicolas Jutzet und Diego Taboada von Liber-th\u00e9, Alt-Bundesrat Kaspar Villiger, die Unternehmerin Franziska Tschudi Sauber, der Pr\u00e4sident des Filmfestivals Locarno Marco Solari und die Professoren Peter Gomez, Suzette Sandoz und Silvio Borner.<\/p>\n\n\n\n<p>Die in Bern ans\u00e4ssige Stiftung unterst\u00fctzt Projekte, die sich f\u00fcr die liberale Gesellschaftsordnung und die Marktwirtschaft einsetzen. Sie geh\u00f6rt unter anderem zu den Initiatoren des Deregulierungspreises \u00ab5vor12\u00bb und unterst\u00fctzt die Projekte Wunsch-Schloss Thun und Youngpreneurs an Gymnasien, sowie Publikationen in den Bereichen Gesundheit, Medien und Energie und andere zivilgesellschaftliche Aktivit\u00e4ten.<\/p>\n\n\n\n<p>Dem Stiftungsrat geh\u00f6ren an: Jean-Pierre Bonny (Pr\u00e4sident), Beat Brechb\u00fchl (Vizepr\u00e4sident), Gerold B\u00fchrer, Etienne Jornod und Beat Kappeler.<\/p>\n\n\n\n<h6 class=\"wp-block-heading\" id=\"h-vous-venez-de-lire-un-article-en-libre-acces-nbsp-debats-analyses-actualites-culturelles-nbsp-abonnez-vous-nbsp-a-notre-media-de-reflexion-pour-nous-soutenir-et-avoir-acces-a-tous-nos-contenus\">Sie haben gerade einen frei zug\u00e4nglichen Artikel gelesen. Debatten, Analysen, Kulturnachrichten:&nbsp;<a href=\"https:\/\/leregardlibre.com\/de\/abonnement\/\">abonnieren Sie<\/a>&nbsp;um uns zu unterst\u00fctzen und Zugang zu all unseren Inhalten zu erhalten!<a href=\"https:\/\/leregardlibre.com\/de\/produkt\/jugendabo-2\/\"><\/a><\/h6>","protected":false},"excerpt":{"rendered":"<p>Der Freiheitspreis 2024 der Bonny-Stiftung wurde an die \u00abNZZ\u00bb-Journalistin Katharina Fontana verliehen. Die Preisverleihung fand am Donnerstag in Bern vor \u00fcber 650 G\u00e4sten aus Politik, Wirtschaft und Kultur statt.<\/p>","protected":false},"author":1,"featured_media":524534,"comment_status":"open","ping_status":"closed","sticky":false,"template":"","format":"standard","meta":{"_acf_changed":false,"footnotes":""},"categories":[644358062],"tags":[644358464,26168,33225,644357346],"class_list":["post-524533","post","type-post","status-publish","format-standard","has-post-thumbnail","hentry","category-medias","tag-distinctions","tag-journalisme","tag-liberalisme","tag-wokisme"],"acf":[],"yoast_head":"<!-- This site is optimized with the Yoast SEO Premium plugin v27.4 (Yoast SEO v27.4) - https:\/\/yoast.com\/product\/yoast-seo-premium-wordpress\/ -->\n<title>Katharina Fontana a remport\u00e9 le Prix Bonny pour la liberte\u0301 2024<\/title>\n<meta name=\"description\" content=\"Le Prix de la Libert\u00e9 2024 de la Fondation Bonny a \u00e9t\u00e9 d\u00e9cern\u00e9 jeudi \u00e0 Berne \u00e0 la journaliste de la \u00abNZZ\u00bb Katharina Fontana.\" \/>\n<meta name=\"robots\" content=\"index, follow, max-snippet:-1, max-image-preview:large, max-video-preview:-1\" \/>\n<link rel=\"canonical\" href=\"https:\/\/leregardlibre.com\/de\/gesellschaft\/medien\/katharina-fontana-gewinnt-den-bonny-preis-fur-freiheit-2024\/\" \/>\n<meta property=\"og:locale\" content=\"de_DE\" \/>\n<meta property=\"og:type\" content=\"article\" \/>\n<meta property=\"og:title\" content=\"Katharina Fontana a remport\u00e9 le Prix Bonny pour la liberte\u0301 2024\" \/>\n<meta property=\"og:description\" content=\"Le Prix de la Libert\u00e9 2024 de la Fondation Bonny a \u00e9t\u00e9 d\u00e9cern\u00e9 jeudi \u00e0 Berne \u00e0 la journaliste de la \u00abNZZ\u00bb Katharina Fontana.\" \/>\n<meta property=\"og:url\" content=\"https:\/\/leregardlibre.com\/de\/gesellschaft\/medien\/katharina-fontana-gewinnt-den-bonny-preis-fur-freiheit-2024\/\" \/>\n<meta property=\"og:site_name\" content=\"Le Regard Libre\" \/>\n<meta property=\"article:publisher\" content=\"https:\/\/www.facebook.com\/leregardlibre\/\" \/>\n<meta property=\"article:published_time\" content=\"2024-08-16T04:00:00+00:00\" \/>\n<meta property=\"article:modified_time\" content=\"2025-08-12T14:22:38+00:00\" \/>\n<meta property=\"og:image\" content=\"https:\/\/leregardlibre.com\/wp-content\/uploads\/2024\/08\/katharina-fontana-laureate-du-prix-bonny-pour-la-liberte-2024-e1723733584600-1024x683.jpg\" \/>\n\t<meta property=\"og:image:width\" content=\"1024\" \/>\n\t<meta property=\"og:image:height\" content=\"683\" \/>\n\t<meta property=\"og:image:type\" content=\"image\/jpeg\" \/>\n<meta name=\"author\" content=\"Le Regard Libre\" \/>\n<meta name=\"twitter:card\" content=\"summary_large_image\" \/>\n<meta name=\"twitter:creator\" content=\"@LeRegardLibre\" \/>\n<meta name=\"twitter:site\" content=\"@LeRegardLibre\" \/>\n<meta name=\"twitter:label1\" content=\"Verfasst von\" \/>\n\t<meta name=\"twitter:data1\" content=\"Le Regard Libre\" \/>\n\t<meta name=\"twitter:label2\" content=\"Gesch\u00e4tzte Lesezeit\" \/>\n\t<meta name=\"twitter:data2\" content=\"4\u00a0Minuten\" \/>\n<script type=\"application\/ld+json\" class=\"yoast-schema-graph\">{\"@context\":\"https:\\\/\\\/schema.org\",\"@graph\":[{\"@type\":\"Article\",\"@id\":\"https:\\\/\\\/leregardlibre.com\\\/societe\\\/medias\\\/katharina-fontana-a-remporte-le-prix-bonny-pour-la-liberte-2024\\\/#article\",\"isPartOf\":{\"@id\":\"https:\\\/\\\/leregardlibre.com\\\/societe\\\/medias\\\/katharina-fontana-a-remporte-le-prix-bonny-pour-la-liberte-2024\\\/\"},\"author\":{\"name\":\"Le Regard Libre\",\"@id\":\"https:\\\/\\\/leregardlibre.com\\\/#\\\/schema\\\/person\\\/68aceea2de84966d0928b49556d54101\"},\"headline\":\"Katharina Fontana a remport\u00e9 le Prix Bonny pour la liberte\u0301 2024\",\"datePublished\":\"2024-08-16T04:00:00+00:00\",\"dateModified\":\"2025-08-12T14:22:38+00:00\",\"mainEntityOfPage\":{\"@id\":\"https:\\\/\\\/leregardlibre.com\\\/societe\\\/medias\\\/katharina-fontana-a-remporte-le-prix-bonny-pour-la-liberte-2024\\\/\"},\"wordCount\":645,\"commentCount\":0,\"publisher\":{\"@id\":\"https:\\\/\\\/leregardlibre.com\\\/#organization\"},\"image\":{\"@id\":\"https:\\\/\\\/leregardlibre.com\\\/societe\\\/medias\\\/katharina-fontana-a-remporte-le-prix-bonny-pour-la-liberte-2024\\\/#primaryimage\"},\"thumbnailUrl\":\"https:\\\/\\\/leregardlibre.com\\\/wp-content\\\/uploads\\\/2024\\\/08\\\/katharina-fontana-laureate-du-prix-bonny-pour-la-liberte-2024-e1723733584600.jpg\",\"keywords\":[\"Distinctions\",\"Journalisme\",\"Lib\u00e9ralisme\",\"Wokisme\"],\"articleSection\":[\"M\u00e9dias\"],\"inLanguage\":\"de\",\"potentialAction\":[{\"@type\":\"CommentAction\",\"name\":\"Comment\",\"target\":[\"https:\\\/\\\/leregardlibre.com\\\/societe\\\/medias\\\/katharina-fontana-a-remporte-le-prix-bonny-pour-la-liberte-2024\\\/#respond\"]}]},{\"@type\":\"WebPage\",\"@id\":\"https:\\\/\\\/leregardlibre.com\\\/societe\\\/medias\\\/katharina-fontana-a-remporte-le-prix-bonny-pour-la-liberte-2024\\\/\",\"url\":\"https:\\\/\\\/leregardlibre.com\\\/societe\\\/medias\\\/katharina-fontana-a-remporte-le-prix-bonny-pour-la-liberte-2024\\\/\",\"name\":\"Katharina Fontana a remport\u00e9 le Prix Bonny pour la liberte\u0301 2024\",\"isPartOf\":{\"@id\":\"https:\\\/\\\/leregardlibre.com\\\/#website\"},\"primaryImageOfPage\":{\"@id\":\"https:\\\/\\\/leregardlibre.com\\\/societe\\\/medias\\\/katharina-fontana-a-remporte-le-prix-bonny-pour-la-liberte-2024\\\/#primaryimage\"},\"image\":{\"@id\":\"https:\\\/\\\/leregardlibre.com\\\/societe\\\/medias\\\/katharina-fontana-a-remporte-le-prix-bonny-pour-la-liberte-2024\\\/#primaryimage\"},\"thumbnailUrl\":\"https:\\\/\\\/leregardlibre.com\\\/wp-content\\\/uploads\\\/2024\\\/08\\\/katharina-fontana-laureate-du-prix-bonny-pour-la-liberte-2024-e1723733584600.jpg\",\"datePublished\":\"2024-08-16T04:00:00+00:00\",\"dateModified\":\"2025-08-12T14:22:38+00:00\",\"description\":\"Le Prix de la Libert\u00e9 2024 de la Fondation Bonny a \u00e9t\u00e9 d\u00e9cern\u00e9 jeudi \u00e0 Berne \u00e0 la journaliste de la \u00abNZZ\u00bb Katharina Fontana.\",\"breadcrumb\":{\"@id\":\"https:\\\/\\\/leregardlibre.com\\\/societe\\\/medias\\\/katharina-fontana-a-remporte-le-prix-bonny-pour-la-liberte-2024\\\/#breadcrumb\"},\"inLanguage\":\"de\",\"potentialAction\":[{\"@type\":\"ReadAction\",\"target\":[\"https:\\\/\\\/leregardlibre.com\\\/societe\\\/medias\\\/katharina-fontana-a-remporte-le-prix-bonny-pour-la-liberte-2024\\\/\"]}]},{\"@type\":\"ImageObject\",\"inLanguage\":\"de\",\"@id\":\"https:\\\/\\\/leregardlibre.com\\\/societe\\\/medias\\\/katharina-fontana-a-remporte-le-prix-bonny-pour-la-liberte-2024\\\/#primaryimage\",\"url\":\"https:\\\/\\\/leregardlibre.com\\\/wp-content\\\/uploads\\\/2024\\\/08\\\/katharina-fontana-laureate-du-prix-bonny-pour-la-liberte-2024-e1723733584600.jpg\",\"contentUrl\":\"https:\\\/\\\/leregardlibre.com\\\/wp-content\\\/uploads\\\/2024\\\/08\\\/katharina-fontana-laureate-du-prix-bonny-pour-la-liberte-2024-e1723733584600.jpg\",\"width\":1920,\"height\":1280,\"caption\":\"Katharina Fontana, laure\u0301ate du Prix Bonny pour la liberte\u0301 2024\"},{\"@type\":\"BreadcrumbList\",\"@id\":\"https:\\\/\\\/leregardlibre.com\\\/societe\\\/medias\\\/katharina-fontana-a-remporte-le-prix-bonny-pour-la-liberte-2024\\\/#breadcrumb\",\"itemListElement\":[{\"@type\":\"ListItem\",\"position\":1,\"name\":\"Accueil\",\"item\":\"https:\\\/\\\/leregardlibre.com\\\/\"},{\"@type\":\"ListItem\",\"position\":2,\"name\":\"Katharina Fontana a remport\u00e9 le Prix Bonny pour la liberte\u0301 2024\"}]},{\"@type\":\"WebSite\",\"@id\":\"https:\\\/\\\/leregardlibre.com\\\/#website\",\"url\":\"https:\\\/\\\/leregardlibre.com\\\/\",\"name\":\"Le Regard Libre\",\"description\":\"Premier mensuel suisse de d\u00e9bat\",\"publisher\":{\"@id\":\"https:\\\/\\\/leregardlibre.com\\\/#organization\"},\"potentialAction\":[{\"@type\":\"SearchAction\",\"target\":{\"@type\":\"EntryPoint\",\"urlTemplate\":\"https:\\\/\\\/leregardlibre.com\\\/?s={search_term_string}\"},\"query-input\":{\"@type\":\"PropertyValueSpecification\",\"valueRequired\":true,\"valueName\":\"search_term_string\"}}],\"inLanguage\":\"de\"},{\"@type\":\"Organization\",\"@id\":\"https:\\\/\\\/leregardlibre.com\\\/#organization\",\"name\":\"Le Regard Libre\",\"url\":\"https:\\\/\\\/leregardlibre.com\\\/\",\"logo\":{\"@type\":\"ImageObject\",\"inLanguage\":\"de\",\"@id\":\"https:\\\/\\\/leregardlibre.com\\\/#\\\/schema\\\/logo\\\/image\\\/\",\"url\":\"https:\\\/\\\/leregardlibre.com\\\/wp-content\\\/uploads\\\/2025\\\/08\\\/logo-rl-icone-neg.jpeg\",\"contentUrl\":\"https:\\\/\\\/leregardlibre.com\\\/wp-content\\\/uploads\\\/2025\\\/08\\\/logo-rl-icone-neg.jpeg\",\"width\":557,\"height\":556,\"caption\":\"Le Regard Libre\"},\"image\":{\"@id\":\"https:\\\/\\\/leregardlibre.com\\\/#\\\/schema\\\/logo\\\/image\\\/\"},\"sameAs\":[\"https:\\\/\\\/www.facebook.com\\\/leregardlibre\\\/\",\"https:\\\/\\\/x.com\\\/LeRegardLibre\",\"https:\\\/\\\/www.linkedin.com\\\/company\\\/le-regard-libre\",\"https:\\\/\\\/www.instagram.com\\\/leregardlibre\\\/\",\"http:\\\/\\\/t.me\\\/leregardlibre\",\"https:\\\/\\\/youtube.com\\\/channel\\\/UC6HzGPomj1LsUmlz-sJtITQ\"],\"description\":\"Le Regard Libre est un mensuel suisse de d\u00e9bat intellectuel et culturel. Sa r\u00e9daction est jeune, b\u00e9n\u00e9vole, lib\u00e9rale et pluraliste. Le magazine para\u00eet en ligne et sous forme papier. Sa langue est le fran\u00e7ais.\",\"email\":\"redaction@leregardlibre.com\",\"legalName\":\"Le Regard Libre\",\"foundingDate\":\"2014-01-01\",\"numberOfEmployees\":{\"@type\":\"QuantitativeValue\",\"minValue\":\"11\",\"maxValue\":\"50\"},\"publishingPrinciples\":\"https:\\\/\\\/leregardlibre.com\\\/a-propos\\\/notre-manifeste\\\/\",\"ownershipFundingInfo\":\"https:\\\/\\\/leregardlibre.com\\\/mentions-legales\\\/\",\"actionableFeedbackPolicy\":\"https:\\\/\\\/leregardlibre.com\\\/conditions-generales-de-vente\\\/\"},{\"@type\":\"Person\",\"@id\":\"https:\\\/\\\/leregardlibre.com\\\/#\\\/schema\\\/person\\\/68aceea2de84966d0928b49556d54101\",\"name\":\"Le Regard Libre\",\"image\":{\"@type\":\"ImageObject\",\"inLanguage\":\"de\",\"@id\":\"https:\\\/\\\/secure.gravatar.com\\\/avatar\\\/ccf13a262e399e026577c8158b11cbdef98921ac28fa06bc0d43a2d0e2a4a1c0?s=96&d=identicon&r=g\",\"url\":\"https:\\\/\\\/secure.gravatar.com\\\/avatar\\\/ccf13a262e399e026577c8158b11cbdef98921ac28fa06bc0d43a2d0e2a4a1c0?s=96&d=identicon&r=g\",\"contentUrl\":\"https:\\\/\\\/secure.gravatar.com\\\/avatar\\\/ccf13a262e399e026577c8158b11cbdef98921ac28fa06bc0d43a2d0e2a4a1c0?s=96&d=identicon&r=g\",\"caption\":\"Le Regard Libre\"},\"description\":\"Premier mensuel suisse de d\u00e9bat\",\"sameAs\":[\"https:\\\/\\\/fr.wikipedia.org\\\/wiki\\\/Le_Regard_libre\"],\"url\":\"https:\\\/\\\/leregardlibre.com\\\/de\\\/author\\\/leregardlibre\\\/\"}]}<\/script>\n<!-- \/ Yoast SEO Premium plugin. -->","yoast_head_json":{"title":"Katharina Fontana gewann den Bonny-Preis f\u00fcr Freiheit 2024","description":"Der Freiheitspreis 2024 der Bonny-Stiftung wurde am Donnerstag in Bern an die \u00abNZZ\u00bb-Journalistin Katharina Fontana verliehen.","robots":{"index":"index","follow":"follow","max-snippet":"max-snippet:-1","max-image-preview":"max-image-preview:large","max-video-preview":"max-video-preview:-1"},"canonical":"https:\/\/leregardlibre.com\/de\/gesellschaft\/medien\/katharina-fontana-gewinnt-den-bonny-preis-fur-freiheit-2024\/","og_locale":"de_DE","og_type":"article","og_title":"Katharina Fontana a remport\u00e9 le Prix Bonny pour la liberte\u0301 2024","og_description":"Le Prix de la Libert\u00e9 2024 de la Fondation Bonny a \u00e9t\u00e9 d\u00e9cern\u00e9 jeudi \u00e0 Berne \u00e0 la journaliste de la \u00abNZZ\u00bb Katharina Fontana.","og_url":"https:\/\/leregardlibre.com\/de\/gesellschaft\/medien\/katharina-fontana-gewinnt-den-bonny-preis-fur-freiheit-2024\/","og_site_name":"Le Regard Libre","article_publisher":"https:\/\/www.facebook.com\/leregardlibre\/","article_published_time":"2024-08-16T04:00:00+00:00","article_modified_time":"2025-08-12T14:22:38+00:00","og_image":[{"width":1024,"height":683,"url":"https:\/\/leregardlibre.com\/wp-content\/uploads\/2024\/08\/katharina-fontana-laureate-du-prix-bonny-pour-la-liberte-2024-e1723733584600-1024x683.jpg","type":"image\/jpeg"}],"author":"Le Regard Libre","twitter_card":"summary_large_image","twitter_creator":"@LeRegardLibre","twitter_site":"@LeRegardLibre","twitter_misc":{"Verfasst von":"Le Regard Libre","Gesch\u00e4tzte Lesezeit":"4\u00a0Minuten"},"schema":{"@context":"https:\/\/schema.org","@graph":[{"@type":"Article","@id":"https:\/\/leregardlibre.com\/societe\/medias\/katharina-fontana-a-remporte-le-prix-bonny-pour-la-liberte-2024\/#article","isPartOf":{"@id":"https:\/\/leregardlibre.com\/societe\/medias\/katharina-fontana-a-remporte-le-prix-bonny-pour-la-liberte-2024\/"},"author":{"name":"Le Regard Libre","@id":"https:\/\/leregardlibre.com\/#\/schema\/person\/68aceea2de84966d0928b49556d54101"},"headline":"Katharina Fontana a remport\u00e9 le Prix Bonny pour la liberte\u0301 2024","datePublished":"2024-08-16T04:00:00+00:00","dateModified":"2025-08-12T14:22:38+00:00","mainEntityOfPage":{"@id":"https:\/\/leregardlibre.com\/societe\/medias\/katharina-fontana-a-remporte-le-prix-bonny-pour-la-liberte-2024\/"},"wordCount":645,"commentCount":0,"publisher":{"@id":"https:\/\/leregardlibre.com\/#organization"},"image":{"@id":"https:\/\/leregardlibre.com\/societe\/medias\/katharina-fontana-a-remporte-le-prix-bonny-pour-la-liberte-2024\/#primaryimage"},"thumbnailUrl":"https:\/\/leregardlibre.com\/wp-content\/uploads\/2024\/08\/katharina-fontana-laureate-du-prix-bonny-pour-la-liberte-2024-e1723733584600.jpg","keywords":["Distinctions","Journalisme","Lib\u00e9ralisme","Wokisme"],"articleSection":["M\u00e9dias"],"inLanguage":"de","potentialAction":[{"@type":"CommentAction","name":"Comment","target":["https:\/\/leregardlibre.com\/societe\/medias\/katharina-fontana-a-remporte-le-prix-bonny-pour-la-liberte-2024\/#respond"]}]},{"@type":"WebPage","@id":"https:\/\/leregardlibre.com\/societe\/medias\/katharina-fontana-a-remporte-le-prix-bonny-pour-la-liberte-2024\/","url":"https:\/\/leregardlibre.com\/societe\/medias\/katharina-fontana-a-remporte-le-prix-bonny-pour-la-liberte-2024\/","name":"Katharina Fontana gewann den Bonny-Preis f\u00fcr Freiheit 2024","isPartOf":{"@id":"https:\/\/leregardlibre.com\/#website"},"primaryImageOfPage":{"@id":"https:\/\/leregardlibre.com\/societe\/medias\/katharina-fontana-a-remporte-le-prix-bonny-pour-la-liberte-2024\/#primaryimage"},"image":{"@id":"https:\/\/leregardlibre.com\/societe\/medias\/katharina-fontana-a-remporte-le-prix-bonny-pour-la-liberte-2024\/#primaryimage"},"thumbnailUrl":"https:\/\/leregardlibre.com\/wp-content\/uploads\/2024\/08\/katharina-fontana-laureate-du-prix-bonny-pour-la-liberte-2024-e1723733584600.jpg","datePublished":"2024-08-16T04:00:00+00:00","dateModified":"2025-08-12T14:22:38+00:00","description":"Der Freiheitspreis 2024 der Bonny-Stiftung wurde am Donnerstag in Bern an die \u00abNZZ\u00bb-Journalistin Katharina Fontana verliehen.","breadcrumb":{"@id":"https:\/\/leregardlibre.com\/societe\/medias\/katharina-fontana-a-remporte-le-prix-bonny-pour-la-liberte-2024\/#breadcrumb"},"inLanguage":"de","potentialAction":[{"@type":"ReadAction","target":["https:\/\/leregardlibre.com\/societe\/medias\/katharina-fontana-a-remporte-le-prix-bonny-pour-la-liberte-2024\/"]}]},{"@type":"ImageObject","inLanguage":"de","@id":"https:\/\/leregardlibre.com\/societe\/medias\/katharina-fontana-a-remporte-le-prix-bonny-pour-la-liberte-2024\/#primaryimage","url":"https:\/\/leregardlibre.com\/wp-content\/uploads\/2024\/08\/katharina-fontana-laureate-du-prix-bonny-pour-la-liberte-2024-e1723733584600.jpg","contentUrl":"https:\/\/leregardlibre.com\/wp-content\/uploads\/2024\/08\/katharina-fontana-laureate-du-prix-bonny-pour-la-liberte-2024-e1723733584600.jpg","width":1920,"height":1280,"caption":"Katharina Fontana, laure\u0301ate du Prix Bonny pour la liberte\u0301 2024"},{"@type":"BreadcrumbList","@id":"https:\/\/leregardlibre.com\/societe\/medias\/katharina-fontana-a-remporte-le-prix-bonny-pour-la-liberte-2024\/#breadcrumb","itemListElement":[{"@type":"ListItem","position":1,"name":"Accueil","item":"https:\/\/leregardlibre.com\/"},{"@type":"ListItem","position":2,"name":"Katharina Fontana a remport\u00e9 le Prix Bonny pour la liberte\u0301 2024"}]},{"@type":"WebSite","@id":"https:\/\/leregardlibre.com\/#website","url":"https:\/\/leregardlibre.com\/","name":"Le Regard Libre","description":"Erste Schweizer Monatszeitschrift f\u00fcr Debatten","publisher":{"@id":"https:\/\/leregardlibre.com\/#organization"},"potentialAction":[{"@type":"SearchAction","target":{"@type":"EntryPoint","urlTemplate":"https:\/\/leregardlibre.com\/?s={search_term_string}"},"query-input":{"@type":"PropertyValueSpecification","valueRequired":true,"valueName":"search_term_string"}}],"inLanguage":"de"},{"@type":"Organization","@id":"https:\/\/leregardlibre.com\/#organization","name":"Le Regard Libre","url":"https:\/\/leregardlibre.com\/","logo":{"@type":"ImageObject","inLanguage":"de","@id":"https:\/\/leregardlibre.com\/#\/schema\/logo\/image\/","url":"https:\/\/leregardlibre.com\/wp-content\/uploads\/2025\/08\/logo-rl-icone-neg.jpeg","contentUrl":"https:\/\/leregardlibre.com\/wp-content\/uploads\/2025\/08\/logo-rl-icone-neg.jpeg","width":557,"height":556,"caption":"Le Regard Libre"},"image":{"@id":"https:\/\/leregardlibre.com\/#\/schema\/logo\/image\/"},"sameAs":["https:\/\/www.facebook.com\/leregardlibre\/","https:\/\/x.com\/LeRegardLibre","https:\/\/www.linkedin.com\/company\/le-regard-libre","https:\/\/www.instagram.com\/leregardlibre\/","http:\/\/t.me\/leregardlibre","https:\/\/youtube.com\/channel\/UC6HzGPomj1LsUmlz-sJtITQ"],"description":"Le Regard Libre ist eine Schweizer Monatszeitschrift f\u00fcr intellektuelle und kulturelle Debatten. Seine Redaktion ist jung, ehrenamtlich, liberal und pluralistisch. Das Magazin erscheint online und in gedruckter Form. Seine Sprache ist Franz\u00f6sisch.","email":"redaction@leregardlibre.com","legalName":"Le Regard Libre","foundingDate":"2014-01-01","numberOfEmployees":{"@type":"QuantitativeValue","minValue":"11","maxValue":"50"},"publishingPrinciples":"https:\/\/leregardlibre.com\/a-propos\/notre-manifeste\/","ownershipFundingInfo":"https:\/\/leregardlibre.com\/mentions-legales\/","actionableFeedbackPolicy":"https:\/\/leregardlibre.com\/conditions-generales-de-vente\/"},{"@type":"Person","@id":"https:\/\/leregardlibre.com\/#\/schema\/person\/68aceea2de84966d0928b49556d54101","name":"Le Regard Libre","image":{"@type":"ImageObject","inLanguage":"de","@id":"https:\/\/secure.gravatar.com\/avatar\/ccf13a262e399e026577c8158b11cbdef98921ac28fa06bc0d43a2d0e2a4a1c0?s=96&d=identicon&r=g","url":"https:\/\/secure.gravatar.com\/avatar\/ccf13a262e399e026577c8158b11cbdef98921ac28fa06bc0d43a2d0e2a4a1c0?s=96&d=identicon&r=g","contentUrl":"https:\/\/secure.gravatar.com\/avatar\/ccf13a262e399e026577c8158b11cbdef98921ac28fa06bc0d43a2d0e2a4a1c0?s=96&d=identicon&r=g","caption":"Le Regard Libre"},"description":"Erste Schweizer Monatszeitschrift f\u00fcr Debatten","sameAs":["https:\/\/fr.wikipedia.org\/wiki\/Le_Regard_libre"],"url":"https:\/\/leregardlibre.com\/de\/author\/leregardlibre\/"}]}},"_links":{"self":[{"href":"https:\/\/leregardlibre.com\/de\/wp-json\/wp\/v2\/posts\/524533","targetHints":{"allow":["GET"]}}],"collection":[{"href":"https:\/\/leregardlibre.com\/de\/wp-json\/wp\/v2\/posts"}],"about":[{"href":"https:\/\/leregardlibre.com\/de\/wp-json\/wp\/v2\/types\/post"}],"author":[{"embeddable":true,"href":"https:\/\/leregardlibre.com\/de\/wp-json\/wp\/v2\/users\/1"}],"replies":[{"embeddable":true,"href":"https:\/\/leregardlibre.com\/de\/wp-json\/wp\/v2\/comments?post=524533"}],"version-history":[{"count":2,"href":"https:\/\/leregardlibre.com\/de\/wp-json\/wp\/v2\/posts\/524533\/revisions"}],"predecessor-version":[{"id":528505,"href":"https:\/\/leregardlibre.com\/de\/wp-json\/wp\/v2\/posts\/524533\/revisions\/528505"}],"wp:featuredmedia":[{"embeddable":true,"href":"https:\/\/leregardlibre.com\/de\/wp-json\/wp\/v2\/media\/524534"}],"wp:attachment":[{"href":"https:\/\/leregardlibre.com\/de\/wp-json\/wp\/v2\/media?parent=524533"}],"wp:term":[{"taxonomy":"category","embeddable":true,"href":"https:\/\/leregardlibre.com\/de\/wp-json\/wp\/v2\/categories?post=524533"},{"taxonomy":"post_tag","embeddable":true,"href":"https:\/\/leregardlibre.com\/de\/wp-json\/wp\/v2\/tags?post=524533"}],"curies":[{"name":"wp","href":"https:\/\/api.w.org\/{rel}","templated":true}]}}