{"id":525639,"date":"2024-11-15T10:23:45","date_gmt":"2024-11-15T09:23:45","guid":{"rendered":"https:\/\/leregardlibre.com\/?p=525639"},"modified":"2024-11-15T10:58:56","modified_gmt":"2024-11-15T09:58:56","slug":"rede-von-der-freiwilligen-knechtschaft","status":"publish","type":"post","link":"https:\/\/leregardlibre.com\/de\/philosophie\/rede-von-der-freiwilligen-knechtschaft\/","title":{"rendered":"Der \u00abDiskurs der freiwilligen Knechtschaft\u00bb aus der Sicht von Pascal Couchepin"},"content":{"rendered":"<div class='content_excerpt'>\n<p class=\"has-drop-cap\"><strong>Die Besch\u00e4ftigung mit diesem Text aus dem 16. Jahrhundert, den Etienne de La Bo\u00e9tie im Alter von 16 bis 18 Jahren schrieb, hat laut Pascal Couchepin \u00abetwas Erfrischendes\u00bb. Jeden Monat teilt der ehemalige Bundesrat eine Lekt\u00fcre mit, die ihn herausgefordert hat.<\/strong><\/p>\n\n\n\n (mehr ...)\n    <div class='restricted_content_fade'><\/div>\n    <\/div>\n  <style>\n    .content_excerpt{\n      position: relative;\n    }\n    .content_excerpt .restricted_content_fade{\n      position: absolute;\n      bottom: 0;\n      left: 0;\n      right: 0;\n      height: 75px;\n\t  margin-bottom: 0px;\n      background-image: linear-gradient(#ffffff2e, white);\n    }\n\n    .restricted_content{\n      margin-top: 30px;\n      border: solid #dddddd 1px;\n      border-radius: 7px;\n      padding: 30px;\n    }\n    \n    .restricted_content .restricted_content_title{\n      font-size: 22px;\n      font-weight: 600;\n    }\n    .restricted_content .restricted_content_flex_row{\n      display: flex;\n      flex-direction: row;\n    }\n    .restricted_content .restricted_content_image_container{\n      flex: 3;\n    }\n    .restricted_content .restricted_content_flex_column{\n      flex: 4;\n      display: flex;\n      flex-direction: column;\n      margin-left: 40px;\n      justify-content: center;\n    }\n\n\n    .restricted_content_buttons{\n      display: flex;\n      flex-direction: column;\n      width: min-content;\n    }\n    .restricted_content_button{\n      background-color: #f2f2f2;\n      text-transform: uppercase;\n      font-weight: 600;\n      padding: 8px 40px;\n      text-align: center;\n      font-size: 13px;\n      margin-top: 10px;\n      width: max-content;\n      width: 100%;\n      white-space: nowrap;\n    }\n    .restricted_content_button:hover {\n      background-color: #111111;\n      color: white;\n      text-decoration: none !important;\n    }\n\n    .restricted_content_primary_button{\n      background-color: #1F2A68 !important;\n      color: white !important;\n    }\n    .restricted_content_primary_button:hover {\n      background-color: #111111;\n    }\n\n    .restricted_content_text{\n      margin-bottom: 10px;\n      line-height: 1.2;\n      font-weight: 500;\n      font-size: 16px;\n    }\n\n  \n  <\/style>\n  <div class='restricted_content'>\n    <h3 class='restricted_content_title'>Dieser Inhalt ist unseren Abonnenten vorbehalten.<\/h3>\n    <div class='restricted_content_flex_row'>\n      <div class='restricted_content_image_container'>\n        <img class='restricted_content_image' src='\/wp-content\/uploads\/2025\/08\/abo_physique.png' \/>\n      <\/div>\n      <div class='restricted_content_flex_column'>\n        <div class='restricted_content_text'>Wenn Sie ein Konto haben, loggen Sie sich ein. Ansonsten entdecken Sie unsere verschiedenen Abonnements und erstellen Sie ein Konto ab CHF 2.50 im ersten Monat.<\/div>\n        <div class='restricted_content_buttons'>\n          <a href='\/de\/abonnement\/' class='restricted_content_button restricted_content_primary_button'>Abonnements ansehen<\/a><a href='\/de\/mein-konto\/?redirect_to=https:\/\/leregardlibre.com\/de\/philosophie\/rede-von-der-freiwilligen-knechtschaft\/'class='restricted_content_button'>Sich anmelden<\/a><\/div>\n      <\/div>\n    <\/div>\n  <\/div>","protected":false},"excerpt":{"rendered":"<div class='content_excerpt'>\n<p class=\"has-drop-cap\"><strong>Die Besch\u00e4ftigung mit diesem Text aus dem 16. Jahrhundert, den Etienne de La Bo\u00e9tie im Alter von 16 bis 18 Jahren schrieb, hat laut Pascal Couchepin \u00abetwas Erfrischendes\u00bb. Jeden Monat teilt der ehemalige Bundesrat eine Lekt\u00fcre mit, die ihn herausgefordert hat.<\/strong><\/p>\n<p> (mehr ...)<\/p>\n<div class='restricted_content_fade'><\/div>\n<\/p><\/div>\n<style>\n    .content_excerpt{\n      position: relative;\n    }\n    .content_excerpt .restricted_content_fade{\n      position: absolute;\n      bottom: 0;\n      left: 0;\n      right: 0;\n      height: 75px;\n\t  margin-bottom: 0px;\n      background-image: linear-gradient(#ffffff2e, white);\n    }<\/p>\n<p>    .restricted_content{\n      margin-top: 30px;\n      border: solid #dddddd 1px;\n      border-radius: 7px;\n      padding: 30px;\n    }<\/p>\n<p>    .restricted_content .restricted_content_title{\n      font-size: 22px;\n      font-weight: 600;\n    }\n    .restricted_content .restricted_content_flex_row{\n      display: flex;\n      flex-direction: row;\n    }\n    .restricted_content .restricted_content_image_container{\n      flex: 3;\n    }\n    .restricted_content .restricted_content_flex_column{\n      flex: 4;\n      display: flex;\n      flex-direction: column;\n      margin-left: 40px;\n      justify-content: center;\n    }<\/p>\n<p>    .restricted_content_buttons{\n      display: flex;\n      flex-direction: column;\n      width: min-content;\n    }\n    .restricted_content_button{\n      background-color: #f2f2f2;\n      text-transform: uppercase;\n      font-weight: 600;\n      padding: 8px 40px;\n      text-align: center;\n      font-size: 13px;\n      margin-top: 10px;\n      width: max-content;\n      width: 100%;\n      white-space: nowrap;\n    }\n    .restricted_content_button:hover {\n      background-color: #111111;\n      color: white;\n      text-decoration: none !important;\n    }<\/p>\n<p>    .restricted_content_primary_button{\n      background-color: #1F2A68 !important;\n      color: white !important;\n    }\n    .restricted_content_primary_button:hover {\n      background-color: #111111;\n    }<\/p>\n<p>    .restricted_content_text{\n      margin-bottom: 10px;\n      line-height: 1.2;\n      font-weight: 500;\n      font-size: 16px;\n    }<\/p>\n<\/style>\n<div class='restricted_content'>\n<h3 class='restricted_content_title'>Dieser Inhalt ist unseren Abonnenten vorbehalten.<\/h3>\n<div class='restricted_content_flex_row'>\n<div class='restricted_content_image_container'>\n        <img class='restricted_content_image' src='\/wp-content\/uploads\/2025\/08\/abo_physique.png' \/>\n      <\/div>\n<div class='restricted_content_flex_column'>\n<div class='restricted_content_text'>Wenn Sie ein Konto haben, loggen Sie sich ein. Ansonsten entdecken Sie unsere verschiedenen Abonnements und erstellen Sie ein Konto ab CHF 2.50 im ersten Monat.<\/div>\n<div class='restricted_content_buttons'>\n          <a href='\/de\/abonnement\/' class='restricted_content_button restricted_content_primary_button'>Abonnements ansehen<\/a><a href='\/de\/mein-konto\/?redirect_to=https:\/\/leregardlibre.com\/de\/philosophie\/rede-von-der-freiwilligen-knechtschaft\/'class='restricted_content_button'>Sich anmelden<\/a><\/div>\n<\/p><\/div>\n<\/p><\/div>\n<\/p><\/div>","protected":false},"author":11,"featured_media":49518,"comment_status":"open","ping_status":"closed","sticky":false,"template":"","format":"standard","meta":{"_acf_changed":false,"footnotes":""},"categories":[11566],"tags":[644355830,644343145,33225,45553],"class_list":["post-525639","post","type-post","status-publish","format-standard","has-post-thumbnail","hentry","category-philosophie","tag-chroniques","tag-la-lecture-de-pascal-couchepin","tag-liberalisme","tag-liberte","membership-content","access-restricted"],"acf":[],"yoast_head":"<!-- This site is optimized with the Yoast SEO Premium plugin v27.4 (Yoast SEO v27.4) - https:\/\/yoast.com\/product\/yoast-seo-premium-wordpress\/ -->\n<title>Le \u00abDiscours de la servitude volontaire\u00bb vu par Pascal Couchepin<\/title>\n<meta name=\"description\" content=\"Le \u00abDiscours de la servitude volontaire\u00bb, que La Bo\u00e9tie a \u00e9crit tr\u00e8s jeune, a \u00abquelque chose de rafra\u00eechissant\u00bb, selon Pascal Couchepin.\" \/>\n<meta name=\"robots\" content=\"index, follow, max-snippet:-1, max-image-preview:large, max-video-preview:-1\" \/>\n<link rel=\"canonical\" href=\"https:\/\/leregardlibre.com\/de\/philosophie\/rede-von-der-freiwilligen-knechtschaft\/\" \/>\n<meta property=\"og:locale\" content=\"de_DE\" \/>\n<meta property=\"og:type\" content=\"article\" \/>\n<meta property=\"og:title\" content=\"Le \u00abDiscours de la servitude volontaire\u00bb vu par Pascal Couchepin\" \/>\n<meta property=\"og:description\" content=\"Le \u00abDiscours de la servitude volontaire\u00bb, que La Bo\u00e9tie a \u00e9crit tr\u00e8s jeune, a \u00abquelque chose de rafra\u00eechissant\u00bb, selon Pascal Couchepin.\" \/>\n<meta property=\"og:url\" content=\"https:\/\/leregardlibre.com\/de\/philosophie\/rede-von-der-freiwilligen-knechtschaft\/\" \/>\n<meta property=\"og:site_name\" content=\"Le Regard Libre\" \/>\n<meta property=\"article:publisher\" content=\"https:\/\/www.facebook.com\/leregardlibre\/\" \/>\n<meta property=\"article:published_time\" content=\"2024-11-15T09:23:45+00:00\" \/>\n<meta property=\"article:modified_time\" content=\"2024-11-15T09:58:56+00:00\" \/>\n<meta property=\"og:image\" content=\"https:\/\/leregardlibre.com\/wp-content\/uploads\/2021\/07\/Pascal-Couchepin-\u00a9-Nathanae\u0308l-Schmid-pour-Le-Regard-Libre-1024x576.png\" \/>\n\t<meta property=\"og:image:width\" content=\"1024\" \/>\n\t<meta property=\"og:image:height\" content=\"576\" \/>\n\t<meta property=\"og:image:type\" content=\"image\/png\" \/>\n<meta name=\"author\" content=\"Pascal Couchepin\" \/>\n<meta name=\"twitter:card\" content=\"summary_large_image\" \/>\n<meta name=\"twitter:creator\" content=\"@LeRegardLibre\" \/>\n<meta name=\"twitter:site\" content=\"@LeRegardLibre\" \/>\n<meta name=\"twitter:label1\" content=\"Verfasst von\" \/>\n\t<meta name=\"twitter:data1\" content=\"Pascal Couchepin\" \/>\n\t<meta name=\"twitter:label2\" content=\"Gesch\u00e4tzte Lesezeit\" \/>\n\t<meta name=\"twitter:data2\" content=\"4\u00a0Minuten\" \/>\n<script type=\"application\/ld+json\" class=\"yoast-schema-graph\">{\"@context\":\"https:\\\/\\\/schema.org\",\"@graph\":[{\"@type\":\"Article\",\"@id\":\"https:\\\/\\\/leregardlibre.com\\\/philosophie\\\/discours-de-la-servitude-volontaire\\\/#article\",\"isPartOf\":{\"@id\":\"https:\\\/\\\/leregardlibre.com\\\/philosophie\\\/discours-de-la-servitude-volontaire\\\/\"},\"author\":{\"name\":\"Pascal Couchepin\",\"@id\":\"https:\\\/\\\/leregardlibre.com\\\/#\\\/schema\\\/person\\\/d0e91dbb5116a614318b7ad0e6dd3730\"},\"headline\":\"Le \u00abDiscours de la servitude volontaire\u00bb vu par Pascal Couchepin\",\"datePublished\":\"2024-11-15T09:23:45+00:00\",\"dateModified\":\"2024-11-15T09:58:56+00:00\",\"mainEntityOfPage\":{\"@id\":\"https:\\\/\\\/leregardlibre.com\\\/philosophie\\\/discours-de-la-servitude-volontaire\\\/\"},\"wordCount\":678,\"commentCount\":0,\"publisher\":{\"@id\":\"https:\\\/\\\/leregardlibre.com\\\/#organization\"},\"image\":{\"@id\":\"https:\\\/\\\/leregardlibre.com\\\/philosophie\\\/discours-de-la-servitude-volontaire\\\/#primaryimage\"},\"thumbnailUrl\":\"https:\\\/\\\/leregardlibre.com\\\/wp-content\\\/uploads\\\/2021\\\/07\\\/Pascal-Couchepin-\u00a9-Nathanae\u0308l-Schmid-pour-Le-Regard-Libre.png\",\"keywords\":[\"Chronique\",\"La lecture de Pascal Couchepin\",\"Lib\u00e9ralisme\",\"Libert\u00e9\"],\"articleSection\":[\"Philosophie\"],\"inLanguage\":\"de\",\"potentialAction\":[{\"@type\":\"CommentAction\",\"name\":\"Comment\",\"target\":[\"https:\\\/\\\/leregardlibre.com\\\/philosophie\\\/discours-de-la-servitude-volontaire\\\/#respond\"]}]},{\"@type\":\"WebPage\",\"@id\":\"https:\\\/\\\/leregardlibre.com\\\/philosophie\\\/discours-de-la-servitude-volontaire\\\/\",\"url\":\"https:\\\/\\\/leregardlibre.com\\\/philosophie\\\/discours-de-la-servitude-volontaire\\\/\",\"name\":\"Le \u00abDiscours de la servitude volontaire\u00bb vu par Pascal Couchepin\",\"isPartOf\":{\"@id\":\"https:\\\/\\\/leregardlibre.com\\\/#website\"},\"primaryImageOfPage\":{\"@id\":\"https:\\\/\\\/leregardlibre.com\\\/philosophie\\\/discours-de-la-servitude-volontaire\\\/#primaryimage\"},\"image\":{\"@id\":\"https:\\\/\\\/leregardlibre.com\\\/philosophie\\\/discours-de-la-servitude-volontaire\\\/#primaryimage\"},\"thumbnailUrl\":\"https:\\\/\\\/leregardlibre.com\\\/wp-content\\\/uploads\\\/2021\\\/07\\\/Pascal-Couchepin-\u00a9-Nathanae\u0308l-Schmid-pour-Le-Regard-Libre.png\",\"datePublished\":\"2024-11-15T09:23:45+00:00\",\"dateModified\":\"2024-11-15T09:58:56+00:00\",\"description\":\"Le \u00abDiscours de la servitude volontaire\u00bb, que La Bo\u00e9tie a \u00e9crit tr\u00e8s jeune, a \u00abquelque chose de rafra\u00eechissant\u00bb, selon Pascal Couchepin.\",\"breadcrumb\":{\"@id\":\"https:\\\/\\\/leregardlibre.com\\\/philosophie\\\/discours-de-la-servitude-volontaire\\\/#breadcrumb\"},\"inLanguage\":\"de\",\"potentialAction\":[{\"@type\":\"ReadAction\",\"target\":[\"https:\\\/\\\/leregardlibre.com\\\/philosophie\\\/discours-de-la-servitude-volontaire\\\/\"]}]},{\"@type\":\"ImageObject\",\"inLanguage\":\"de\",\"@id\":\"https:\\\/\\\/leregardlibre.com\\\/philosophie\\\/discours-de-la-servitude-volontaire\\\/#primaryimage\",\"url\":\"https:\\\/\\\/leregardlibre.com\\\/wp-content\\\/uploads\\\/2021\\\/07\\\/Pascal-Couchepin-\u00a9-Nathanae\u0308l-Schmid-pour-Le-Regard-Libre.png\",\"contentUrl\":\"https:\\\/\\\/leregardlibre.com\\\/wp-content\\\/uploads\\\/2021\\\/07\\\/Pascal-Couchepin-\u00a9-Nathanae\u0308l-Schmid-pour-Le-Regard-Libre.png\",\"width\":1920,\"height\":1080,\"caption\":\"L\u2019ancien conseiller f\u00e9d\u00e9ral Pascal Couchepin. Dessin de Nathanae\u0308l Schmid\"},{\"@type\":\"BreadcrumbList\",\"@id\":\"https:\\\/\\\/leregardlibre.com\\\/philosophie\\\/discours-de-la-servitude-volontaire\\\/#breadcrumb\",\"itemListElement\":[{\"@type\":\"ListItem\",\"position\":1,\"name\":\"Accueil\",\"item\":\"https:\\\/\\\/leregardlibre.com\\\/\"},{\"@type\":\"ListItem\",\"position\":2,\"name\":\"Le \u00abDiscours de la servitude volontaire\u00bb vu par Pascal Couchepin\"}]},{\"@type\":\"WebSite\",\"@id\":\"https:\\\/\\\/leregardlibre.com\\\/#website\",\"url\":\"https:\\\/\\\/leregardlibre.com\\\/\",\"name\":\"Le Regard Libre\",\"description\":\"Premier mensuel suisse de d\u00e9bat\",\"publisher\":{\"@id\":\"https:\\\/\\\/leregardlibre.com\\\/#organization\"},\"potentialAction\":[{\"@type\":\"SearchAction\",\"target\":{\"@type\":\"EntryPoint\",\"urlTemplate\":\"https:\\\/\\\/leregardlibre.com\\\/?s={search_term_string}\"},\"query-input\":{\"@type\":\"PropertyValueSpecification\",\"valueRequired\":true,\"valueName\":\"search_term_string\"}}],\"inLanguage\":\"de\"},{\"@type\":\"Organization\",\"@id\":\"https:\\\/\\\/leregardlibre.com\\\/#organization\",\"name\":\"Le Regard Libre\",\"url\":\"https:\\\/\\\/leregardlibre.com\\\/\",\"logo\":{\"@type\":\"ImageObject\",\"inLanguage\":\"de\",\"@id\":\"https:\\\/\\\/leregardlibre.com\\\/#\\\/schema\\\/logo\\\/image\\\/\",\"url\":\"https:\\\/\\\/leregardlibre.com\\\/wp-content\\\/uploads\\\/2025\\\/08\\\/logo-rl-icone-neg.jpeg\",\"contentUrl\":\"https:\\\/\\\/leregardlibre.com\\\/wp-content\\\/uploads\\\/2025\\\/08\\\/logo-rl-icone-neg.jpeg\",\"width\":557,\"height\":556,\"caption\":\"Le Regard Libre\"},\"image\":{\"@id\":\"https:\\\/\\\/leregardlibre.com\\\/#\\\/schema\\\/logo\\\/image\\\/\"},\"sameAs\":[\"https:\\\/\\\/www.facebook.com\\\/leregardlibre\\\/\",\"https:\\\/\\\/x.com\\\/LeRegardLibre\",\"https:\\\/\\\/www.linkedin.com\\\/company\\\/le-regard-libre\",\"https:\\\/\\\/www.instagram.com\\\/leregardlibre\\\/\",\"http:\\\/\\\/t.me\\\/leregardlibre\",\"https:\\\/\\\/youtube.com\\\/channel\\\/UC6HzGPomj1LsUmlz-sJtITQ\"],\"description\":\"Le Regard Libre est un mensuel suisse de d\u00e9bat intellectuel et culturel. Sa r\u00e9daction est jeune, b\u00e9n\u00e9vole, lib\u00e9rale et pluraliste. Le magazine para\u00eet en ligne et sous forme papier. Sa langue est le fran\u00e7ais.\",\"email\":\"redaction@leregardlibre.com\",\"legalName\":\"Le Regard Libre\",\"foundingDate\":\"2014-01-01\",\"numberOfEmployees\":{\"@type\":\"QuantitativeValue\",\"minValue\":\"11\",\"maxValue\":\"50\"},\"publishingPrinciples\":\"https:\\\/\\\/leregardlibre.com\\\/a-propos\\\/notre-manifeste\\\/\",\"ownershipFundingInfo\":\"https:\\\/\\\/leregardlibre.com\\\/mentions-legales\\\/\",\"actionableFeedbackPolicy\":\"https:\\\/\\\/leregardlibre.com\\\/conditions-generales-de-vente\\\/\"},{\"@type\":\"Person\",\"@id\":\"https:\\\/\\\/leregardlibre.com\\\/#\\\/schema\\\/person\\\/d0e91dbb5116a614318b7ad0e6dd3730\",\"name\":\"Pascal Couchepin\",\"image\":{\"@type\":\"ImageObject\",\"inLanguage\":\"de\",\"@id\":\"https:\\\/\\\/secure.gravatar.com\\\/avatar\\\/6cbd02606fe5d08eb4b3284e29b3b7cfc1df5cc09483e27d7f871a60982758c5?s=96&d=identicon&r=g\",\"url\":\"https:\\\/\\\/secure.gravatar.com\\\/avatar\\\/6cbd02606fe5d08eb4b3284e29b3b7cfc1df5cc09483e27d7f871a60982758c5?s=96&d=identicon&r=g\",\"contentUrl\":\"https:\\\/\\\/secure.gravatar.com\\\/avatar\\\/6cbd02606fe5d08eb4b3284e29b3b7cfc1df5cc09483e27d7f871a60982758c5?s=96&d=identicon&r=g\",\"caption\":\"Pascal Couchepin\"},\"sameAs\":[\"https:\\\/\\\/fr.wikipedia.org\\\/wiki\\\/Pascal_Couchepin\"],\"url\":\"https:\\\/\\\/leregardlibre.com\\\/de\\\/author\\\/pascal-couchepin\\\/\"}]}<\/script>\n<!-- \/ Yoast SEO Premium plugin. -->","yoast_head_json":{"title":"Der \u00abDiskurs der freiwilligen Knechtschaft\u00bb aus der Sicht von Pascal Couchepin","description":"Der \u00abDiskurs \u00fcber die freiwillige Knechtschaft\u00bb, den La Bo\u00e9tie in sehr jungen Jahren schrieb, hat laut Pascal Couchepin \u00abetwas Erfrischendes\u00bb.","robots":{"index":"index","follow":"follow","max-snippet":"max-snippet:-1","max-image-preview":"max-image-preview:large","max-video-preview":"max-video-preview:-1"},"canonical":"https:\/\/leregardlibre.com\/de\/philosophie\/rede-von-der-freiwilligen-knechtschaft\/","og_locale":"de_DE","og_type":"article","og_title":"Le \u00abDiscours de la servitude volontaire\u00bb vu par Pascal Couchepin","og_description":"Le \u00abDiscours de la servitude volontaire\u00bb, que La Bo\u00e9tie a \u00e9crit tr\u00e8s jeune, a \u00abquelque chose de rafra\u00eechissant\u00bb, selon Pascal Couchepin.","og_url":"https:\/\/leregardlibre.com\/de\/philosophie\/rede-von-der-freiwilligen-knechtschaft\/","og_site_name":"Le Regard Libre","article_publisher":"https:\/\/www.facebook.com\/leregardlibre\/","article_published_time":"2024-11-15T09:23:45+00:00","article_modified_time":"2024-11-15T09:58:56+00:00","og_image":[{"width":1024,"height":576,"url":"https:\/\/leregardlibre.com\/wp-content\/uploads\/2021\/07\/Pascal-Couchepin-\u00a9-Nathanae\u0308l-Schmid-pour-Le-Regard-Libre-1024x576.png","type":"image\/png"}],"author":"Pascal Couchepin","twitter_card":"summary_large_image","twitter_creator":"@LeRegardLibre","twitter_site":"@LeRegardLibre","twitter_misc":{"Verfasst von":"Pascal Couchepin","Gesch\u00e4tzte Lesezeit":"4\u00a0Minuten"},"schema":{"@context":"https:\/\/schema.org","@graph":[{"@type":"Article","@id":"https:\/\/leregardlibre.com\/philosophie\/discours-de-la-servitude-volontaire\/#article","isPartOf":{"@id":"https:\/\/leregardlibre.com\/philosophie\/discours-de-la-servitude-volontaire\/"},"author":{"name":"Pascal Couchepin","@id":"https:\/\/leregardlibre.com\/#\/schema\/person\/d0e91dbb5116a614318b7ad0e6dd3730"},"headline":"Le \u00abDiscours de la servitude volontaire\u00bb vu par Pascal Couchepin","datePublished":"2024-11-15T09:23:45+00:00","dateModified":"2024-11-15T09:58:56+00:00","mainEntityOfPage":{"@id":"https:\/\/leregardlibre.com\/philosophie\/discours-de-la-servitude-volontaire\/"},"wordCount":678,"commentCount":0,"publisher":{"@id":"https:\/\/leregardlibre.com\/#organization"},"image":{"@id":"https:\/\/leregardlibre.com\/philosophie\/discours-de-la-servitude-volontaire\/#primaryimage"},"thumbnailUrl":"https:\/\/leregardlibre.com\/wp-content\/uploads\/2021\/07\/Pascal-Couchepin-\u00a9-Nathanae\u0308l-Schmid-pour-Le-Regard-Libre.png","keywords":["Chronique","La lecture de Pascal Couchepin","Lib\u00e9ralisme","Libert\u00e9"],"articleSection":["Philosophie"],"inLanguage":"de","potentialAction":[{"@type":"CommentAction","name":"Comment","target":["https:\/\/leregardlibre.com\/philosophie\/discours-de-la-servitude-volontaire\/#respond"]}]},{"@type":"WebPage","@id":"https:\/\/leregardlibre.com\/philosophie\/discours-de-la-servitude-volontaire\/","url":"https:\/\/leregardlibre.com\/philosophie\/discours-de-la-servitude-volontaire\/","name":"Der \u00abDiskurs der freiwilligen Knechtschaft\u00bb aus der Sicht von Pascal Couchepin","isPartOf":{"@id":"https:\/\/leregardlibre.com\/#website"},"primaryImageOfPage":{"@id":"https:\/\/leregardlibre.com\/philosophie\/discours-de-la-servitude-volontaire\/#primaryimage"},"image":{"@id":"https:\/\/leregardlibre.com\/philosophie\/discours-de-la-servitude-volontaire\/#primaryimage"},"thumbnailUrl":"https:\/\/leregardlibre.com\/wp-content\/uploads\/2021\/07\/Pascal-Couchepin-\u00a9-Nathanae\u0308l-Schmid-pour-Le-Regard-Libre.png","datePublished":"2024-11-15T09:23:45+00:00","dateModified":"2024-11-15T09:58:56+00:00","description":"Der \u00abDiskurs \u00fcber die freiwillige Knechtschaft\u00bb, den La Bo\u00e9tie in sehr jungen Jahren schrieb, hat laut Pascal Couchepin \u00abetwas Erfrischendes\u00bb.","breadcrumb":{"@id":"https:\/\/leregardlibre.com\/philosophie\/discours-de-la-servitude-volontaire\/#breadcrumb"},"inLanguage":"de","potentialAction":[{"@type":"ReadAction","target":["https:\/\/leregardlibre.com\/philosophie\/discours-de-la-servitude-volontaire\/"]}]},{"@type":"ImageObject","inLanguage":"de","@id":"https:\/\/leregardlibre.com\/philosophie\/discours-de-la-servitude-volontaire\/#primaryimage","url":"https:\/\/leregardlibre.com\/wp-content\/uploads\/2021\/07\/Pascal-Couchepin-\u00a9-Nathanae\u0308l-Schmid-pour-Le-Regard-Libre.png","contentUrl":"https:\/\/leregardlibre.com\/wp-content\/uploads\/2021\/07\/Pascal-Couchepin-\u00a9-Nathanae\u0308l-Schmid-pour-Le-Regard-Libre.png","width":1920,"height":1080,"caption":"L\u2019ancien conseiller f\u00e9d\u00e9ral Pascal Couchepin. Dessin de Nathanae\u0308l Schmid"},{"@type":"BreadcrumbList","@id":"https:\/\/leregardlibre.com\/philosophie\/discours-de-la-servitude-volontaire\/#breadcrumb","itemListElement":[{"@type":"ListItem","position":1,"name":"Accueil","item":"https:\/\/leregardlibre.com\/"},{"@type":"ListItem","position":2,"name":"Le \u00abDiscours de la servitude volontaire\u00bb vu par Pascal Couchepin"}]},{"@type":"WebSite","@id":"https:\/\/leregardlibre.com\/#website","url":"https:\/\/leregardlibre.com\/","name":"Le Regard Libre","description":"Erste Schweizer Monatszeitschrift f\u00fcr Debatten","publisher":{"@id":"https:\/\/leregardlibre.com\/#organization"},"potentialAction":[{"@type":"SearchAction","target":{"@type":"EntryPoint","urlTemplate":"https:\/\/leregardlibre.com\/?s={search_term_string}"},"query-input":{"@type":"PropertyValueSpecification","valueRequired":true,"valueName":"search_term_string"}}],"inLanguage":"de"},{"@type":"Organization","@id":"https:\/\/leregardlibre.com\/#organization","name":"Le Regard Libre","url":"https:\/\/leregardlibre.com\/","logo":{"@type":"ImageObject","inLanguage":"de","@id":"https:\/\/leregardlibre.com\/#\/schema\/logo\/image\/","url":"https:\/\/leregardlibre.com\/wp-content\/uploads\/2025\/08\/logo-rl-icone-neg.jpeg","contentUrl":"https:\/\/leregardlibre.com\/wp-content\/uploads\/2025\/08\/logo-rl-icone-neg.jpeg","width":557,"height":556,"caption":"Le Regard Libre"},"image":{"@id":"https:\/\/leregardlibre.com\/#\/schema\/logo\/image\/"},"sameAs":["https:\/\/www.facebook.com\/leregardlibre\/","https:\/\/x.com\/LeRegardLibre","https:\/\/www.linkedin.com\/company\/le-regard-libre","https:\/\/www.instagram.com\/leregardlibre\/","http:\/\/t.me\/leregardlibre","https:\/\/youtube.com\/channel\/UC6HzGPomj1LsUmlz-sJtITQ"],"description":"Le Regard Libre ist eine Schweizer Monatszeitschrift f\u00fcr intellektuelle und kulturelle Debatten. Seine Redaktion ist jung, ehrenamtlich, liberal und pluralistisch. Das Magazin erscheint online und in gedruckter Form. Seine Sprache ist Franz\u00f6sisch.","email":"redaction@leregardlibre.com","legalName":"Le Regard Libre","foundingDate":"2014-01-01","numberOfEmployees":{"@type":"QuantitativeValue","minValue":"11","maxValue":"50"},"publishingPrinciples":"https:\/\/leregardlibre.com\/a-propos\/notre-manifeste\/","ownershipFundingInfo":"https:\/\/leregardlibre.com\/mentions-legales\/","actionableFeedbackPolicy":"https:\/\/leregardlibre.com\/conditions-generales-de-vente\/"},{"@type":"Person","@id":"https:\/\/leregardlibre.com\/#\/schema\/person\/d0e91dbb5116a614318b7ad0e6dd3730","name":"Pascal Couchepin","image":{"@type":"ImageObject","inLanguage":"de","@id":"https:\/\/secure.gravatar.com\/avatar\/6cbd02606fe5d08eb4b3284e29b3b7cfc1df5cc09483e27d7f871a60982758c5?s=96&d=identicon&r=g","url":"https:\/\/secure.gravatar.com\/avatar\/6cbd02606fe5d08eb4b3284e29b3b7cfc1df5cc09483e27d7f871a60982758c5?s=96&d=identicon&r=g","contentUrl":"https:\/\/secure.gravatar.com\/avatar\/6cbd02606fe5d08eb4b3284e29b3b7cfc1df5cc09483e27d7f871a60982758c5?s=96&d=identicon&r=g","caption":"Pascal Couchepin"},"sameAs":["https:\/\/fr.wikipedia.org\/wiki\/Pascal_Couchepin"],"url":"https:\/\/leregardlibre.com\/de\/author\/pascal-couchepin\/"}]}},"_links":{"self":[{"href":"https:\/\/leregardlibre.com\/de\/wp-json\/wp\/v2\/posts\/525639","targetHints":{"allow":["GET"]}}],"collection":[{"href":"https:\/\/leregardlibre.com\/de\/wp-json\/wp\/v2\/posts"}],"about":[{"href":"https:\/\/leregardlibre.com\/de\/wp-json\/wp\/v2\/types\/post"}],"author":[{"embeddable":true,"href":"https:\/\/leregardlibre.com\/de\/wp-json\/wp\/v2\/users\/11"}],"replies":[{"embeddable":true,"href":"https:\/\/leregardlibre.com\/de\/wp-json\/wp\/v2\/comments?post=525639"}],"version-history":[{"count":1,"href":"https:\/\/leregardlibre.com\/de\/wp-json\/wp\/v2\/posts\/525639\/revisions"}],"predecessor-version":[{"id":525641,"href":"https:\/\/leregardlibre.com\/de\/wp-json\/wp\/v2\/posts\/525639\/revisions\/525641"}],"wp:featuredmedia":[{"embeddable":true,"href":"https:\/\/leregardlibre.com\/de\/wp-json\/wp\/v2\/media\/49518"}],"wp:attachment":[{"href":"https:\/\/leregardlibre.com\/de\/wp-json\/wp\/v2\/media?parent=525639"}],"wp:term":[{"taxonomy":"category","embeddable":true,"href":"https:\/\/leregardlibre.com\/de\/wp-json\/wp\/v2\/categories?post=525639"},{"taxonomy":"post_tag","embeddable":true,"href":"https:\/\/leregardlibre.com\/de\/wp-json\/wp\/v2\/tags?post=525639"}],"curies":[{"name":"wp","href":"https:\/\/api.w.org\/{rel}","templated":true}]}}