{"id":526594,"date":"2025-02-05T06:00:00","date_gmt":"2025-02-05T05:00:00","guid":{"rendered":"https:\/\/leregardlibre.com\/?p=526594"},"modified":"2025-12-21T10:43:53","modified_gmt":"2025-12-21T09:43:53","slug":"theater-antoine-unbekannt-an-dieser-adresse","status":"publish","type":"post","link":"https:\/\/leregardlibre.com\/de\/darstellende-kunste\/theater\/theater-antoine-unbekannt-an-dieser-adresse\/","title":{"rendered":"Korrespondenz und Verfall im Th\u00e9\u00e2tre Antoine"},"content":{"rendered":"<p class=\"has-drop-cap\"><strong>Seit dem 22. Januar, <em>Unbekannt unter dieser Adresse <\/em>(nach dem gleichnamigen Roman von Kressman Taylor) kehrt unter der Leitung von J\u00e9r\u00e9mie Lipmann und mit den Hauptdarstellern St\u00e9phane Guillon und Pascal Elb\u00e9 in dieses Lokal im X. Arrondissement zur\u00fcck. Fiebriges Ergebnis.<\/strong><\/p>\n\n\n\n<!--more-->\n\n\n\n<p>Von den bequemen roten Sitzen aus kann man den Zerfall einer Freundschaft und den Zerfall des menschlichen Wesens beobachten. Im hinteren Teil des Theaters baut sich eine unruhige Spannung auf. Zwei deutsche Freunde, der eine j\u00fcdisch, der andere nicht, schreiben sich Briefe, nachdem einer der beiden in die USA zur\u00fcckgekehrt ist. Im Laufe der Briefe wird der Ton immer trockener und die Bef\u00fcrchtungen immer dicker. Die faschistische Ideologie sickert durch, der Horror kommt und die Tinte f\u00e4rbt sich. Bis ihre Beziehung ins Wanken ger\u00e4t.<\/p>\n\n\n\n<form method=\"post\" action=\"https:\/\/newsletter.infomaniak.com\/external\/submit\" class=\"inf-form\" target=\"_blank\"><input type=\"email\" name=\"email\" style=\"display:none\" \/><input type=\"hidden\" name=\"key\" value=\"eyJpdiI6IlZXRVJGMlRGQUU2alNqUE81bitIUk5adnNVa0c4MllFTStzOHdHT1FQZ3c9IiwidmFsdWUiOiJIYzhwMUVCK1pTNnlhY3MyMmhuZlhReWJqemEwNk93blMxTjFHc0s2VHZrPSIsIm1hYyI6ImVhYTQ5N2I1M2NiYWE4NzBmNjk2NzgzYjliM2Y5NmYzM2E2ZmU3NGQxNTU1ZDFkMTU1MzY5NTdjYjE3ZTJmNTUifQ==\"><input type=\"hidden\" name=\"webform_id\" value=\"7291\"><style> .inf-main_3000311ca56a1cb93397bc676c0b7fff{ background-color:#f5f5f5; padding:25px 20px; margin:25px auto; } .inf-main_3000311ca56a1cb93397bc676c0b7fff .inf-content { margin-top:13px;} .inf-main_3000311ca56a1cb93397bc676c0b7fff h4, .inf-main_3000311ca56a1cb93397bc676c0b7fff span, .inf-main_3000311ca56a1cb93397bc676c0b7fff label, .inf-main_3000311ca56a1cb93397bc676c0b7fff input, .inf-main_3000311ca56a1cb93397bc676c0b7fff .inf-submit, .inf-main_3000311ca56a1cb93397bc676c0b7fff .inf-success p a { color:#555555; font-size:14px; } .inf-main_3000311ca56a1cb93397bc676c0b7fff h4{ font-size:18px; margin:0px 0px 13px 0px; } .inf-main_3000311ca56a1cb93397bc676c0b7fff h4, .inf-main_3000311ca56a1cb93397bc676c0b7fff label{ font-weight:bold; } .inf-main_3000311ca56a1cb93397bc676c0b7fff .inf-input { margin-bottom:7px; } .inf-main_3000311ca56a1cb93397bc676c0b7fff label { display:block;} .inf-main_3000311ca56a1cb93397bc676c0b7fff input{ height:35px; color:#999999; border: 1px solid #E9E9E9; border:none; padding-left:7px; } .inf-main_3000311ca56a1cb93397bc676c0b7fff .inf-input.inf-error label, .inf-main_3000311ca56a1cb93397bc676c0b7fff .inf-input.inf-error span.inf-message{ color: #cc0033; } .inf-main_3000311ca56a1cb93397bc676c0b7fff .inf-input.inf-error input{ border: 1px solid #cc0033; } .inf-main_3000311ca56a1cb93397bc676c0b7fff .inf-input input { width:100%;} .inf-main_3000311ca56a1cb93397bc676c0b7fff .inf-input.inf-error span.inf-message { display: block; } .inf-main_3000311ca56a1cb93397bc676c0b7fff .inf-submit { text-align:right;} .inf-main_3000311ca56a1cb93397bc676c0b7fff .inf-submit input{ background-color:#777777; color:#ffffff; border:none; font-weight: normal; height:auto; padding:7px; } .inf-main_3000311ca56a1cb93397bc676c0b7fff .inf-submit input.disabled{ opacity: 0.4; } .inf-btn { color: rgb(85, 85, 85); border: medium none; font-weight: normal; height: auto; padding: 7px; display: inline-block; background-color: white; box-shadow: 0px 1px 1px rgba(0, 0, 0, 0.24); border-radius: 2px; line-height: 1em; } .inf-rgpd { margin:25px 0px 15px 0px; color:#555555; } <\/style> <div class=\"inf-main_3000311ca56a1cb93397bc676c0b7fff\"> <h4>NEWSLETTER DES FREIEN BLICKS<\/h4> <span>Erhalten Sie unsere Artikel jeden Sonntag.<\/span> <div class=\"inf-success\" style=\"display:none\"> <h4>Ihre Anmeldung f\u00fcr unseren w\u00f6chentlichen Newsletter wurde erfolgreich registriert!<\/h4> <p> <a href=\"#\" class=\"inf-btn\">\u00ab<\/a> <\/p> <\/div> <div class=\"inf-content\"> <div class=\"inf-input inf-input-text\"> <input type=\"text\" name=\"inf[1]\" data-inf-meta = \"1\" data-inf-error = \"Merci de renseigner une adresse email\" required=\"required\" placeholder=\"E-Mail\" > <\/div> <div class=\"inf-submit\"> <input type=\"submit\" name=\"\" value=\"Anmelden\"> <\/div> <\/div> <\/div> <\/form>\n\n\n\n<p>Die Inszenierung ist intim und auf die N\u00e4he der Worte und des Atems ausgerichtet. St\u00e9phane Guillon und Pascal Elb\u00e9 geben sich nicht nur die Klinke in die Hand, sondern spielen abwechselnd ein schlichtes und packendes Solo mit einer elektrisierenden Atmosph\u00e4re. Trotz einiger zu grober Lichteffekte.<\/p>\n\n\n\n<p><em>Schreiben Sie dem Autor:\u00a0<a href=\"mailto:quentin.perissinotto@leregardlibre.com\">quentin.perissinotto@leregardlibre.com<\/a><\/em><\/p>\n\n\n\n<h6 class=\"wp-block-heading\" id=\"h-vous-venez-de-lire-une-breve-inedite-en-libre-acces-debats-analyses-actualites-culturelles-abonnez-vous-a-notre-media-de-reflexion-pour-nous-soutenir-et-avoir-acces-a-tous-nos-contenus\">Sie haben gerade eine neue, frei zug\u00e4ngliche Kurzmeldung gelesen. Debatten, Analysen, Kulturnachrichten:\u00a0<a href=\"https:\/\/leregardlibre.com\/de\/abonnement\/\">abonnieren Sie<\/a>\u00a0um uns zu unterst\u00fctzen und Zugang zu all unseren Inhalten zu erhalten!<\/h6>\n\n\n\n<p><strong>J\u00e9r\u00e9mie Lipmann<\/strong><br><strong><em>Unbekannt unter dieser Adresse<\/em><\/strong><br><strong>Mit Pascal Elb\u00e9 und St\u00e9phane Guillon<\/strong><br><strong>Antonius-Theater<\/strong><br><strong>Bis zum 16. Februar 2025<\/strong><br><strong>70 Minuten<\/strong><\/p>","protected":false},"excerpt":{"rendered":"<p>Seit dem 22. Januar kehrt \u00abInconnu \u00e0 cette adresse\u00bb (nach dem gleichnamigen Roman von Kressman Taylor) unter der Regie von J\u00e9r\u00e9mie Lipmann und mit den Hauptdarstellern St\u00e9phane Guillon und Pascal Elb\u00e9 in diese Einrichtung im X. Arrondissement zur\u00fcck. Fiebriges Ergebnis.<\/p>","protected":false},"author":213,"featured_media":526595,"comment_status":"open","ping_status":"closed","sticky":false,"template":"","format":"standard","meta":{"_acf_changed":false,"footnotes":""},"categories":[5386],"tags":[84223,644358498,585428,90484],"class_list":["post-526594","post","type-post","status-publish","format-standard","has-post-thumbnail","hentry","category-theatre","tag-amitie","tag-critique-dramatique","tag-nazisme","tag-spectacle"],"acf":[],"yoast_head":"<!-- This site is optimized with the Yoast SEO Premium plugin v27.4 (Yoast SEO v27.4) - https:\/\/yoast.com\/product\/yoast-seo-premium-wordpress\/ -->\n<title>Correspondance et d\u00e9ch\u00e9ance au Th\u00e9\u00e2tre Antoine<\/title>\n<meta name=\"description\" content=\"\u00abInconnu \u00e0 cette adresse\u00bb revient au Th\u00e9\u00e2tre Antoine sous la direction de J\u00e9r\u00e9mie Lipmann, avec St\u00e9phane Guillon et Pascal Elb\u00e9.\" \/>\n<meta name=\"robots\" content=\"index, follow, max-snippet:-1, max-image-preview:large, max-video-preview:-1\" \/>\n<link rel=\"canonical\" href=\"https:\/\/leregardlibre.com\/de\/darstellende-kunste\/theater\/theater-antoine-unbekannt-an-dieser-adresse\/\" \/>\n<meta property=\"og:locale\" content=\"de_DE\" \/>\n<meta property=\"og:type\" content=\"article\" \/>\n<meta property=\"og:title\" content=\"Correspondance et d\u00e9ch\u00e9ance au Th\u00e9\u00e2tre Antoine\" \/>\n<meta property=\"og:description\" content=\"\u00abInconnu \u00e0 cette adresse\u00bb revient au Th\u00e9\u00e2tre Antoine sous la direction de J\u00e9r\u00e9mie Lipmann, avec St\u00e9phane Guillon et Pascal Elb\u00e9.\" \/>\n<meta property=\"og:url\" content=\"https:\/\/leregardlibre.com\/de\/darstellende-kunste\/theater\/theater-antoine-unbekannt-an-dieser-adresse\/\" \/>\n<meta property=\"og:site_name\" content=\"Le Regard Libre\" \/>\n<meta property=\"article:publisher\" content=\"https:\/\/www.facebook.com\/leregardlibre\/\" \/>\n<meta property=\"article:published_time\" content=\"2025-02-05T05:00:00+00:00\" \/>\n<meta property=\"article:modified_time\" content=\"2025-12-21T09:43:53+00:00\" \/>\n<meta property=\"og:image\" content=\"https:\/\/leregardlibre.com\/wp-content\/uploads\/2025\/02\/stephane-guillon-campe-martin-schulse-dans-inconnu-a-cette-adresse--photo_-pascal-ito-e1738744358421.jpg\" \/>\n\t<meta property=\"og:image:width\" content=\"2273\" \/>\n\t<meta property=\"og:image:height\" content=\"1280\" \/>\n\t<meta property=\"og:image:type\" content=\"image\/jpeg\" \/>\n<meta name=\"author\" content=\"Quentin Perissinotto\" \/>\n<meta name=\"twitter:card\" content=\"summary_large_image\" \/>\n<meta name=\"twitter:creator\" content=\"@LeRegardLibre\" \/>\n<meta name=\"twitter:site\" content=\"@LeRegardLibre\" \/>\n<meta name=\"twitter:label1\" content=\"Verfasst von\" \/>\n\t<meta name=\"twitter:data1\" content=\"Quentin Perissinotto\" \/>\n\t<meta name=\"twitter:label2\" content=\"Gesch\u00e4tzte Lesezeit\" \/>\n\t<meta name=\"twitter:data2\" content=\"2\u00a0Minuten\" \/>\n<script type=\"application\/ld+json\" class=\"yoast-schema-graph\">{\"@context\":\"https:\\\/\\\/schema.org\",\"@graph\":[{\"@type\":\"Article\",\"@id\":\"https:\\\/\\\/leregardlibre.com\\\/arts-vivants\\\/theatre\\\/theatre-antoine-inconnue-a-cette-adresse\\\/#article\",\"isPartOf\":{\"@id\":\"https:\\\/\\\/leregardlibre.com\\\/arts-vivants\\\/theatre\\\/theatre-antoine-inconnue-a-cette-adresse\\\/\"},\"author\":{\"name\":\"Quentin Perissinotto\",\"@id\":\"https:\\\/\\\/leregardlibre.com\\\/#\\\/schema\\\/person\\\/b2ac941a3f3efccb93d920d0cd1629f4\"},\"headline\":\"Correspondance et d\u00e9ch\u00e9ance au Th\u00e9\u00e2tre Antoine\",\"datePublished\":\"2025-02-05T05:00:00+00:00\",\"dateModified\":\"2025-12-21T09:43:53+00:00\",\"mainEntityOfPage\":{\"@id\":\"https:\\\/\\\/leregardlibre.com\\\/arts-vivants\\\/theatre\\\/theatre-antoine-inconnue-a-cette-adresse\\\/\"},\"wordCount\":295,\"commentCount\":0,\"publisher\":{\"@id\":\"https:\\\/\\\/leregardlibre.com\\\/#organization\"},\"image\":{\"@id\":\"https:\\\/\\\/leregardlibre.com\\\/arts-vivants\\\/theatre\\\/theatre-antoine-inconnue-a-cette-adresse\\\/#primaryimage\"},\"thumbnailUrl\":\"https:\\\/\\\/leregardlibre.com\\\/wp-content\\\/uploads\\\/2025\\\/02\\\/stephane-guillon-campe-martin-schulse-dans-inconnu-a-cette-adresse--photo_-pascal-ito-e1738744358421.jpg\",\"keywords\":[\"Amiti\u00e9\",\"Critique dramatique\",\"Nazisme\",\"Spectacle\"],\"articleSection\":[\"Th\u00e9\u00e2tre\"],\"inLanguage\":\"de\",\"potentialAction\":[{\"@type\":\"CommentAction\",\"name\":\"Comment\",\"target\":[\"https:\\\/\\\/leregardlibre.com\\\/arts-vivants\\\/theatre\\\/theatre-antoine-inconnue-a-cette-adresse\\\/#respond\"]}]},{\"@type\":\"WebPage\",\"@id\":\"https:\\\/\\\/leregardlibre.com\\\/arts-vivants\\\/theatre\\\/theatre-antoine-inconnue-a-cette-adresse\\\/\",\"url\":\"https:\\\/\\\/leregardlibre.com\\\/arts-vivants\\\/theatre\\\/theatre-antoine-inconnue-a-cette-adresse\\\/\",\"name\":\"Correspondance et d\u00e9ch\u00e9ance au Th\u00e9\u00e2tre Antoine\",\"isPartOf\":{\"@id\":\"https:\\\/\\\/leregardlibre.com\\\/#website\"},\"primaryImageOfPage\":{\"@id\":\"https:\\\/\\\/leregardlibre.com\\\/arts-vivants\\\/theatre\\\/theatre-antoine-inconnue-a-cette-adresse\\\/#primaryimage\"},\"image\":{\"@id\":\"https:\\\/\\\/leregardlibre.com\\\/arts-vivants\\\/theatre\\\/theatre-antoine-inconnue-a-cette-adresse\\\/#primaryimage\"},\"thumbnailUrl\":\"https:\\\/\\\/leregardlibre.com\\\/wp-content\\\/uploads\\\/2025\\\/02\\\/stephane-guillon-campe-martin-schulse-dans-inconnu-a-cette-adresse--photo_-pascal-ito-e1738744358421.jpg\",\"datePublished\":\"2025-02-05T05:00:00+00:00\",\"dateModified\":\"2025-12-21T09:43:53+00:00\",\"description\":\"\u00abInconnu \u00e0 cette adresse\u00bb revient au Th\u00e9\u00e2tre Antoine sous la direction de J\u00e9r\u00e9mie Lipmann, avec St\u00e9phane Guillon et Pascal Elb\u00e9.\",\"breadcrumb\":{\"@id\":\"https:\\\/\\\/leregardlibre.com\\\/arts-vivants\\\/theatre\\\/theatre-antoine-inconnue-a-cette-adresse\\\/#breadcrumb\"},\"inLanguage\":\"de\",\"potentialAction\":[{\"@type\":\"ReadAction\",\"target\":[\"https:\\\/\\\/leregardlibre.com\\\/arts-vivants\\\/theatre\\\/theatre-antoine-inconnue-a-cette-adresse\\\/\"]}]},{\"@type\":\"ImageObject\",\"inLanguage\":\"de\",\"@id\":\"https:\\\/\\\/leregardlibre.com\\\/arts-vivants\\\/theatre\\\/theatre-antoine-inconnue-a-cette-adresse\\\/#primaryimage\",\"url\":\"https:\\\/\\\/leregardlibre.com\\\/wp-content\\\/uploads\\\/2025\\\/02\\\/stephane-guillon-campe-martin-schulse-dans-inconnu-a-cette-adresse--photo_-pascal-ito-e1738744358421.jpg\",\"contentUrl\":\"https:\\\/\\\/leregardlibre.com\\\/wp-content\\\/uploads\\\/2025\\\/02\\\/stephane-guillon-campe-martin-schulse-dans-inconnu-a-cette-adresse--photo_-pascal-ito-e1738744358421.jpg\",\"width\":2273,\"height\":1280,\"caption\":\"Ste\u0301phane Guillon campe Martin Schulse dans \u00abInconnu a\u0300 cette adresse\u00bb. Photo: Pascal Ito\"},{\"@type\":\"BreadcrumbList\",\"@id\":\"https:\\\/\\\/leregardlibre.com\\\/arts-vivants\\\/theatre\\\/theatre-antoine-inconnue-a-cette-adresse\\\/#breadcrumb\",\"itemListElement\":[{\"@type\":\"ListItem\",\"position\":1,\"name\":\"Accueil\",\"item\":\"https:\\\/\\\/leregardlibre.com\\\/\"},{\"@type\":\"ListItem\",\"position\":2,\"name\":\"Correspondance et d\u00e9ch\u00e9ance au Th\u00e9\u00e2tre Antoine\"}]},{\"@type\":\"WebSite\",\"@id\":\"https:\\\/\\\/leregardlibre.com\\\/#website\",\"url\":\"https:\\\/\\\/leregardlibre.com\\\/\",\"name\":\"Le Regard Libre\",\"description\":\"Premier mensuel suisse de d\u00e9bat\",\"publisher\":{\"@id\":\"https:\\\/\\\/leregardlibre.com\\\/#organization\"},\"potentialAction\":[{\"@type\":\"SearchAction\",\"target\":{\"@type\":\"EntryPoint\",\"urlTemplate\":\"https:\\\/\\\/leregardlibre.com\\\/?s={search_term_string}\"},\"query-input\":{\"@type\":\"PropertyValueSpecification\",\"valueRequired\":true,\"valueName\":\"search_term_string\"}}],\"inLanguage\":\"de\"},{\"@type\":\"Organization\",\"@id\":\"https:\\\/\\\/leregardlibre.com\\\/#organization\",\"name\":\"Le Regard Libre\",\"url\":\"https:\\\/\\\/leregardlibre.com\\\/\",\"logo\":{\"@type\":\"ImageObject\",\"inLanguage\":\"de\",\"@id\":\"https:\\\/\\\/leregardlibre.com\\\/#\\\/schema\\\/logo\\\/image\\\/\",\"url\":\"https:\\\/\\\/leregardlibre.com\\\/wp-content\\\/uploads\\\/2025\\\/08\\\/logo-rl-icone-neg.jpeg\",\"contentUrl\":\"https:\\\/\\\/leregardlibre.com\\\/wp-content\\\/uploads\\\/2025\\\/08\\\/logo-rl-icone-neg.jpeg\",\"width\":557,\"height\":556,\"caption\":\"Le Regard Libre\"},\"image\":{\"@id\":\"https:\\\/\\\/leregardlibre.com\\\/#\\\/schema\\\/logo\\\/image\\\/\"},\"sameAs\":[\"https:\\\/\\\/www.facebook.com\\\/leregardlibre\\\/\",\"https:\\\/\\\/x.com\\\/LeRegardLibre\",\"https:\\\/\\\/www.linkedin.com\\\/company\\\/le-regard-libre\",\"https:\\\/\\\/www.instagram.com\\\/leregardlibre\\\/\",\"http:\\\/\\\/t.me\\\/leregardlibre\",\"https:\\\/\\\/youtube.com\\\/channel\\\/UC6HzGPomj1LsUmlz-sJtITQ\"],\"description\":\"Le Regard Libre est un mensuel suisse de d\u00e9bat intellectuel et culturel. Sa r\u00e9daction est jeune, b\u00e9n\u00e9vole, lib\u00e9rale et pluraliste. Le magazine para\u00eet en ligne et sous forme papier. Sa langue est le fran\u00e7ais.\",\"email\":\"redaction@leregardlibre.com\",\"legalName\":\"Le Regard Libre\",\"foundingDate\":\"2014-01-01\",\"numberOfEmployees\":{\"@type\":\"QuantitativeValue\",\"minValue\":\"11\",\"maxValue\":\"50\"},\"publishingPrinciples\":\"https:\\\/\\\/leregardlibre.com\\\/a-propos\\\/notre-manifeste\\\/\",\"ownershipFundingInfo\":\"https:\\\/\\\/leregardlibre.com\\\/mentions-legales\\\/\",\"actionableFeedbackPolicy\":\"https:\\\/\\\/leregardlibre.com\\\/conditions-generales-de-vente\\\/\"},{\"@type\":\"Person\",\"@id\":\"https:\\\/\\\/leregardlibre.com\\\/#\\\/schema\\\/person\\\/b2ac941a3f3efccb93d920d0cd1629f4\",\"name\":\"Quentin Perissinotto\",\"image\":{\"@type\":\"ImageObject\",\"inLanguage\":\"de\",\"@id\":\"https:\\\/\\\/secure.gravatar.com\\\/avatar\\\/5bdc85640092297cabef9e4e9fafa5d0f6fdc4d68bde6549c358b1419521e8f3?s=96&d=identicon&r=g\",\"url\":\"https:\\\/\\\/secure.gravatar.com\\\/avatar\\\/5bdc85640092297cabef9e4e9fafa5d0f6fdc4d68bde6549c358b1419521e8f3?s=96&d=identicon&r=g\",\"contentUrl\":\"https:\\\/\\\/secure.gravatar.com\\\/avatar\\\/5bdc85640092297cabef9e4e9fafa5d0f6fdc4d68bde6549c358b1419521e8f3?s=96&d=identicon&r=g\",\"caption\":\"Quentin Perissinotto\"},\"description\":\"Conseiller-clients et \u00e9crivain, Quentin Perissinotto est critique litt\u00e9raire pour Le Regard Libre.\",\"sameAs\":[\"https:\\\/\\\/fr.wikipedia.org\\\/wiki\\\/Le_Regard_libre\"],\"url\":\"https:\\\/\\\/leregardlibre.com\\\/de\\\/author\\\/quentin-perissinotto\\\/\"}]}<\/script>\n<!-- \/ Yoast SEO Premium plugin. -->","yoast_head_json":{"title":"Korrespondenz und Verfall im Th\u00e9\u00e2tre Antoine","description":"\u00abInconnu \u00e0 cette adresse\u00bb kehrt unter der Regie von J\u00e9r\u00e9mie Lipmann mit St\u00e9phane Guillon und Pascal Elb\u00e9 ins Th\u00e9\u00e2tre Antoine zur\u00fcck.","robots":{"index":"index","follow":"follow","max-snippet":"max-snippet:-1","max-image-preview":"max-image-preview:large","max-video-preview":"max-video-preview:-1"},"canonical":"https:\/\/leregardlibre.com\/de\/darstellende-kunste\/theater\/theater-antoine-unbekannt-an-dieser-adresse\/","og_locale":"de_DE","og_type":"article","og_title":"Correspondance et d\u00e9ch\u00e9ance au Th\u00e9\u00e2tre Antoine","og_description":"\u00abInconnu \u00e0 cette adresse\u00bb revient au Th\u00e9\u00e2tre Antoine sous la direction de J\u00e9r\u00e9mie Lipmann, avec St\u00e9phane Guillon et Pascal Elb\u00e9.","og_url":"https:\/\/leregardlibre.com\/de\/darstellende-kunste\/theater\/theater-antoine-unbekannt-an-dieser-adresse\/","og_site_name":"Le Regard Libre","article_publisher":"https:\/\/www.facebook.com\/leregardlibre\/","article_published_time":"2025-02-05T05:00:00+00:00","article_modified_time":"2025-12-21T09:43:53+00:00","og_image":[{"width":2273,"height":1280,"url":"https:\/\/leregardlibre.com\/wp-content\/uploads\/2025\/02\/stephane-guillon-campe-martin-schulse-dans-inconnu-a-cette-adresse--photo_-pascal-ito-e1738744358421.jpg","type":"image\/jpeg"}],"author":"Quentin Perissinotto","twitter_card":"summary_large_image","twitter_creator":"@LeRegardLibre","twitter_site":"@LeRegardLibre","twitter_misc":{"Verfasst von":"Quentin Perissinotto","Gesch\u00e4tzte Lesezeit":"2\u00a0Minuten"},"schema":{"@context":"https:\/\/schema.org","@graph":[{"@type":"Article","@id":"https:\/\/leregardlibre.com\/arts-vivants\/theatre\/theatre-antoine-inconnue-a-cette-adresse\/#article","isPartOf":{"@id":"https:\/\/leregardlibre.com\/arts-vivants\/theatre\/theatre-antoine-inconnue-a-cette-adresse\/"},"author":{"name":"Quentin Perissinotto","@id":"https:\/\/leregardlibre.com\/#\/schema\/person\/b2ac941a3f3efccb93d920d0cd1629f4"},"headline":"Correspondance et d\u00e9ch\u00e9ance au Th\u00e9\u00e2tre Antoine","datePublished":"2025-02-05T05:00:00+00:00","dateModified":"2025-12-21T09:43:53+00:00","mainEntityOfPage":{"@id":"https:\/\/leregardlibre.com\/arts-vivants\/theatre\/theatre-antoine-inconnue-a-cette-adresse\/"},"wordCount":295,"commentCount":0,"publisher":{"@id":"https:\/\/leregardlibre.com\/#organization"},"image":{"@id":"https:\/\/leregardlibre.com\/arts-vivants\/theatre\/theatre-antoine-inconnue-a-cette-adresse\/#primaryimage"},"thumbnailUrl":"https:\/\/leregardlibre.com\/wp-content\/uploads\/2025\/02\/stephane-guillon-campe-martin-schulse-dans-inconnu-a-cette-adresse--photo_-pascal-ito-e1738744358421.jpg","keywords":["Amiti\u00e9","Critique dramatique","Nazisme","Spectacle"],"articleSection":["Th\u00e9\u00e2tre"],"inLanguage":"de","potentialAction":[{"@type":"CommentAction","name":"Comment","target":["https:\/\/leregardlibre.com\/arts-vivants\/theatre\/theatre-antoine-inconnue-a-cette-adresse\/#respond"]}]},{"@type":"WebPage","@id":"https:\/\/leregardlibre.com\/arts-vivants\/theatre\/theatre-antoine-inconnue-a-cette-adresse\/","url":"https:\/\/leregardlibre.com\/arts-vivants\/theatre\/theatre-antoine-inconnue-a-cette-adresse\/","name":"Korrespondenz und Verfall im Th\u00e9\u00e2tre Antoine","isPartOf":{"@id":"https:\/\/leregardlibre.com\/#website"},"primaryImageOfPage":{"@id":"https:\/\/leregardlibre.com\/arts-vivants\/theatre\/theatre-antoine-inconnue-a-cette-adresse\/#primaryimage"},"image":{"@id":"https:\/\/leregardlibre.com\/arts-vivants\/theatre\/theatre-antoine-inconnue-a-cette-adresse\/#primaryimage"},"thumbnailUrl":"https:\/\/leregardlibre.com\/wp-content\/uploads\/2025\/02\/stephane-guillon-campe-martin-schulse-dans-inconnu-a-cette-adresse--photo_-pascal-ito-e1738744358421.jpg","datePublished":"2025-02-05T05:00:00+00:00","dateModified":"2025-12-21T09:43:53+00:00","description":"\u00abInconnu \u00e0 cette adresse\u00bb kehrt unter der Regie von J\u00e9r\u00e9mie Lipmann mit St\u00e9phane Guillon und Pascal Elb\u00e9 ins Th\u00e9\u00e2tre Antoine zur\u00fcck.","breadcrumb":{"@id":"https:\/\/leregardlibre.com\/arts-vivants\/theatre\/theatre-antoine-inconnue-a-cette-adresse\/#breadcrumb"},"inLanguage":"de","potentialAction":[{"@type":"ReadAction","target":["https:\/\/leregardlibre.com\/arts-vivants\/theatre\/theatre-antoine-inconnue-a-cette-adresse\/"]}]},{"@type":"ImageObject","inLanguage":"de","@id":"https:\/\/leregardlibre.com\/arts-vivants\/theatre\/theatre-antoine-inconnue-a-cette-adresse\/#primaryimage","url":"https:\/\/leregardlibre.com\/wp-content\/uploads\/2025\/02\/stephane-guillon-campe-martin-schulse-dans-inconnu-a-cette-adresse--photo_-pascal-ito-e1738744358421.jpg","contentUrl":"https:\/\/leregardlibre.com\/wp-content\/uploads\/2025\/02\/stephane-guillon-campe-martin-schulse-dans-inconnu-a-cette-adresse--photo_-pascal-ito-e1738744358421.jpg","width":2273,"height":1280,"caption":"Ste\u0301phane Guillon campe Martin Schulse dans \u00abInconnu a\u0300 cette adresse\u00bb. Photo: Pascal Ito"},{"@type":"BreadcrumbList","@id":"https:\/\/leregardlibre.com\/arts-vivants\/theatre\/theatre-antoine-inconnue-a-cette-adresse\/#breadcrumb","itemListElement":[{"@type":"ListItem","position":1,"name":"Accueil","item":"https:\/\/leregardlibre.com\/"},{"@type":"ListItem","position":2,"name":"Correspondance et d\u00e9ch\u00e9ance au Th\u00e9\u00e2tre Antoine"}]},{"@type":"WebSite","@id":"https:\/\/leregardlibre.com\/#website","url":"https:\/\/leregardlibre.com\/","name":"Le Regard Libre","description":"Erste Schweizer Monatszeitschrift f\u00fcr Debatten","publisher":{"@id":"https:\/\/leregardlibre.com\/#organization"},"potentialAction":[{"@type":"SearchAction","target":{"@type":"EntryPoint","urlTemplate":"https:\/\/leregardlibre.com\/?s={search_term_string}"},"query-input":{"@type":"PropertyValueSpecification","valueRequired":true,"valueName":"search_term_string"}}],"inLanguage":"de"},{"@type":"Organization","@id":"https:\/\/leregardlibre.com\/#organization","name":"Le Regard Libre","url":"https:\/\/leregardlibre.com\/","logo":{"@type":"ImageObject","inLanguage":"de","@id":"https:\/\/leregardlibre.com\/#\/schema\/logo\/image\/","url":"https:\/\/leregardlibre.com\/wp-content\/uploads\/2025\/08\/logo-rl-icone-neg.jpeg","contentUrl":"https:\/\/leregardlibre.com\/wp-content\/uploads\/2025\/08\/logo-rl-icone-neg.jpeg","width":557,"height":556,"caption":"Le Regard Libre"},"image":{"@id":"https:\/\/leregardlibre.com\/#\/schema\/logo\/image\/"},"sameAs":["https:\/\/www.facebook.com\/leregardlibre\/","https:\/\/x.com\/LeRegardLibre","https:\/\/www.linkedin.com\/company\/le-regard-libre","https:\/\/www.instagram.com\/leregardlibre\/","http:\/\/t.me\/leregardlibre","https:\/\/youtube.com\/channel\/UC6HzGPomj1LsUmlz-sJtITQ"],"description":"Le Regard Libre ist eine Schweizer Monatszeitschrift f\u00fcr intellektuelle und kulturelle Debatten. Seine Redaktion ist jung, ehrenamtlich, liberal und pluralistisch. Das Magazin erscheint online und in gedruckter Form. Seine Sprache ist Franz\u00f6sisch.","email":"redaction@leregardlibre.com","legalName":"Le Regard Libre","foundingDate":"2014-01-01","numberOfEmployees":{"@type":"QuantitativeValue","minValue":"11","maxValue":"50"},"publishingPrinciples":"https:\/\/leregardlibre.com\/a-propos\/notre-manifeste\/","ownershipFundingInfo":"https:\/\/leregardlibre.com\/mentions-legales\/","actionableFeedbackPolicy":"https:\/\/leregardlibre.com\/conditions-generales-de-vente\/"},{"@type":"Person","@id":"https:\/\/leregardlibre.com\/#\/schema\/person\/b2ac941a3f3efccb93d920d0cd1629f4","name":"Quentin Perissinotto","image":{"@type":"ImageObject","inLanguage":"de","@id":"https:\/\/secure.gravatar.com\/avatar\/5bdc85640092297cabef9e4e9fafa5d0f6fdc4d68bde6549c358b1419521e8f3?s=96&d=identicon&r=g","url":"https:\/\/secure.gravatar.com\/avatar\/5bdc85640092297cabef9e4e9fafa5d0f6fdc4d68bde6549c358b1419521e8f3?s=96&d=identicon&r=g","contentUrl":"https:\/\/secure.gravatar.com\/avatar\/5bdc85640092297cabef9e4e9fafa5d0f6fdc4d68bde6549c358b1419521e8f3?s=96&d=identicon&r=g","caption":"Quentin Perissinotto"},"description":"Kundenberater und Schriftsteller, Quentin Perissinotto ist Literaturkritiker f\u00fcr Le Regard Libre.","sameAs":["https:\/\/fr.wikipedia.org\/wiki\/Le_Regard_libre"],"url":"https:\/\/leregardlibre.com\/de\/author\/quentin-perissinotto\/"}]}},"_links":{"self":[{"href":"https:\/\/leregardlibre.com\/de\/wp-json\/wp\/v2\/posts\/526594","targetHints":{"allow":["GET"]}}],"collection":[{"href":"https:\/\/leregardlibre.com\/de\/wp-json\/wp\/v2\/posts"}],"about":[{"href":"https:\/\/leregardlibre.com\/de\/wp-json\/wp\/v2\/types\/post"}],"author":[{"embeddable":true,"href":"https:\/\/leregardlibre.com\/de\/wp-json\/wp\/v2\/users\/213"}],"replies":[{"embeddable":true,"href":"https:\/\/leregardlibre.com\/de\/wp-json\/wp\/v2\/comments?post=526594"}],"version-history":[{"count":2,"href":"https:\/\/leregardlibre.com\/de\/wp-json\/wp\/v2\/posts\/526594\/revisions"}],"predecessor-version":[{"id":526602,"href":"https:\/\/leregardlibre.com\/de\/wp-json\/wp\/v2\/posts\/526594\/revisions\/526602"}],"wp:featuredmedia":[{"embeddable":true,"href":"https:\/\/leregardlibre.com\/de\/wp-json\/wp\/v2\/media\/526595"}],"wp:attachment":[{"href":"https:\/\/leregardlibre.com\/de\/wp-json\/wp\/v2\/media?parent=526594"}],"wp:term":[{"taxonomy":"category","embeddable":true,"href":"https:\/\/leregardlibre.com\/de\/wp-json\/wp\/v2\/categories?post=526594"},{"taxonomy":"post_tag","embeddable":true,"href":"https:\/\/leregardlibre.com\/de\/wp-json\/wp\/v2\/tags?post=526594"}],"curies":[{"name":"wp","href":"https:\/\/api.w.org\/{rel}","templated":true}]}}