{"id":526792,"date":"2025-02-25T20:04:31","date_gmt":"2025-02-25T19:04:31","guid":{"rendered":"https:\/\/leregardlibre.com\/?p=526792"},"modified":"2026-03-16T20:15:39","modified_gmt":"2026-03-16T19:15:39","slug":"unternehmer-parlament","status":"publish","type":"post","link":"https:\/\/leregardlibre.com\/de\/geschichte\/unternehmer-parlament\/","title":{"rendered":"Die Desertion des Unternehmers aus den Parlamentskammern"},"content":{"rendered":"<p class=\"has-drop-cap\"><strong>Die gro\u00dfen Unternehmer waren direkt am Aufbau des 1848 entstandenen Bundesstaates beteiligt. Sp\u00e4ter wurden diese Wirtschaftsgr\u00f6\u00dfen immer seltener und machten h\u00e4ufig den Vorsitzenden von Arbeitgeberverb\u00e4nden Platz. Diese Entwicklung hat ihre Spuren hinterlassen.<\/strong><\/p>\n\n\n\n<!--more-->\n\n\n\n<p>Es gibt nicht viele Unternehmer unter der Bundeskuppel. Die H\u00e4rte des Wirtschaftslebens, die Notwendigkeit, neue und manchmal weit entfernte M\u00e4rkte zu erobern, und die Anh\u00e4ufung technischer Normen bremsen den politischen Eifer der Unternehmer, die dazu verurteilt sind, ihre ganze Zeit ihren Unternehmen zu widmen. Die Chefs von Gro\u00dfkonzernen haben sich schlie\u00dflich von den Parlamentssitzen zur\u00fcckgezogen, zumal ihnen das Prestige fehlt, das \u00f6ffentliche \u00c4mter fr\u00fcher boten.<\/p>\n\n\n\n<p>Die letzten Vertreter eines Unternehmens, das f\u00fcr den Wirtschaftsstandort Schweiz eine f\u00fchrende Rolle spielt, waren der FDP-Politiker Johann Schneider-Ammann, der von 2010 bis 2018 Bundesrat war, und die SVP-Politiker Peter Spuhler (bis 2012), Christoph Blocher (2014) und dessen Tochter Magdalena Martello-Blocher, die noch immer im Parlament sitzt, sowie der Solothurner FDP-Nationalrat Simon Michel, der bei den letzten Parlamentswahlen hinzugekommen ist. Dies war nicht immer so.<\/p>\n\n\n\n<h3 class=\"wp-block-heading\" id=\"h-les-entrepreneurs-au-berceau-du-jeune-etat-federal\">Unternehmer an der Wiege des jungen Bundesstaates<\/h3>\n\n\n\n<p>Die moderne Schweiz, die aus der Bundesverfassung von 1848 hervorging, wurde gr\u00f6\u00dftenteils von Gro\u00dfunternehmern geformt. Manche w\u00fcrden sofort hinzuf\u00fcgen, dass sie auch f\u00fcr sie gebaut wurde. Das ist nicht ganz falsch, obwohl eine solche Behauptung nuanciert werden muss. Die Unternehmer waren in einer wohlverstandenen Anwendung des Milizsystems aktiv am Aufbau des jungen Bundesstaates beteiligt. Sie gaben der liberalen Schweiz ihre Konturen, die sich ihre Urheber w\u00fcnschten, in der \u00dcberzeugung, die unter den radikalen Siegern des Sonderbunds weitgehend geteilt wurde, dass nur ein \u00abschlanker\u00bb Bundesstaat den Aufschwung einer Eidgenossenschaft f\u00f6rdern k\u00f6nne, die individualistische und f\u00f6deralistische Werte liebt.<\/p>\n\n\n\n<p>W\u00e4hrend das Schweizer Eisenbahnnetz vor 1848 auf der Stelle trat, war es der Z\u00fcrcher Alfred Escher, der den Ansto\u00df zu seinem Aufbau gab. Das Gesetz, das er 1852 von den eidgen\u00f6ssischen R\u00e4ten verabschieden lie\u00df, stellte einen Kompromiss zwischen der Privatwirtschaft dar, die er zusammen mit den Westschweizer Radikalen, die staatstragend, aber gegen den Zentralismus waren, verteidigte, und dem Berner Jakob St\u00e4mpfli, der ein vom Bund geleitetes und verwaltetes Eisenbahnnetz bef\u00fcrwortete. Es wurden Gesellschaften gegr\u00fcndet, die die riesigen Mittel f\u00fcr den Bau der Strecken aufbrachten, die ihrerseits von den Konzessionen der Kantone abhingen. Innerhalb weniger Jahre holte die Schweiz, gest\u00fctzt auf ein mittlerweile extrem dichtes Netz, den R\u00fcckstand gegen\u00fcber anderen L\u00e4ndern auf und \u00fcberholte sie schlie\u00dflich.<\/p>\n\n\n\n<p>Gleichzeitig waren es Basler Bankiers wie Achilles Bischoff, die dem Bundesrat halfen, seine Geldpolitik zu organisieren. Insgesamt waren die Schweizer Industriekapit\u00e4ne in den Kammern stark vertreten, beg\u00fcnstigt durch ein Mehrheitswahlsystem, das frei von \u00abb\u00f6sen\u00bb \u00dcberraschungen war, und fungierten als Berater eines Bundesrats, der von einer laschen Verwaltung unterst\u00fctzt wurde. Nicht, dass diese Situation nicht zu ernsthaften Problemen gef\u00fchrt h\u00e4tte. Escher, der Chef der Nordostbahn, Gr\u00fcnder der Credit Suisse und der Rentenanstalt sowie Gr\u00fcnder der Eidgen\u00f6ssischen Technischen Hochschule Z\u00fcrich (ETHZ), die die Ingenieure f\u00fcr die Eisenbahn lieferte, befand sich im Zentrum einer gef\u00fcrchteten politischen und wirtschaftlichen Maschinerie, die in Bern eine starke Position erlangte.<\/p>\n\n\n\n<p>Seine Industrie- und Bankiersfreunde, die oft mit Eisenbahninteressen verbunden waren, wurden nicht zuf\u00e4llig als \u00abEisenbahnbarone\u00bb bezeichnet. Da sie mehr als die H\u00e4lfte der Parlamentarier in ihrem Netz hielten, sich von den \u00abhistorischen\u00bb Radikalen trennten und sich nun als liberales Zentrum organisierten, hatten sie bei den Wahlen zu den sieben Weisen ein entscheidendes Gewicht. Dies f\u00fchrte schlie\u00dflich zum Zorn der anderen Teile des hegemonialen Radikalismus. Die Westschweizer Radikalen brachen 1855 ihr B\u00fcndnis mit ihnen auf, und in der Nordschweiz formierte sich in den 1860er Jahren insbesondere gegen die Freunde Eschers die Demokratische Bewegung. Diese setzte sich 1869 in Z\u00fcrich durch. Doch schon damals, als noch viele Wirtschaftsleute in den Parlamenten sa\u00dfen, ging die Zusammenarbeit zwischen der Wirtschaft und den Bundesbeh\u00f6rden andere Wege.<\/p>\n\n\n\n<h3 class=\"wp-block-heading\" id=\"h-l-apparition-des-faitieres-economiques\">Die Entstehung von Wirtschaftsdachverb\u00e4nden<\/h3>\n\n\n\n<p>Im Jahr 1870 wurde der Schweizerische Handels- und Industrieverein gegr\u00fcndet, der unter dem Namen Vorort bekannt wurde. Sieben Jahre sp\u00e4ter organisierten sich das Handwerk und die Kleinunternehmen im Schweizerischen Gewerbeverband (SGV). Die Einf\u00fchrung des fakultativen Gesetzesreferendums in die Bundesverfassung im Jahr 1874 sollte die Rolle der Wirtschaftskreise bald ver\u00e4ndern, wenn auch nur allm\u00e4hlich. Bis dahin waren die politischen Konflikte immer noch durch den Hass zwischen katholischen Konservativen und s\u00e4kularen Radikalen gepr\u00e4gt, wobei das Liberale Zentrum als Schiedsrichter fungierte. In diesem Kontext lieferte der Vorort dem Bundesrat Gutachten und Statistiken und unterst\u00fctzte mit seinen Leitern, darunter Konrad Cramer-Frey, die Regierung insbesondere bei den Verhandlungen \u00fcber Handelsabkommen in einer zunehmend protektionistischen Atmosph\u00e4re, die seit 1873 durch eine hartn\u00e4ckige Wirtschaftskrise angeheizt wurde. Der Bundesrat richtete ein Arbeitersekretariat ein, zu einem Zeitpunkt, als die soziale Frage, unterst\u00fctzt durch Streiks, die religi\u00f6se Frage \u00fcberlagerte.<\/p>\n\n\n\n<p>Zwischen dem Ende des 19.<sup>.<\/sup>\u00a0Jahrhundert und zu Beginn des folgenden Jahrhunderts zeichnete sich ein Trend ab, der sich nach dem Ersten Weltkrieg voll entfalten sollte. Die Arbeitgeber \u00fcberlie\u00dfen dem Vorort die allgemeinen Wirtschaftsfragen wie Energie oder Handelspolitik und verst\u00e4rkten ihre Organisation mit der Gr\u00fcndung der Zentralvereinigung der Schweizerischen Arbeitgeberverb\u00e4nde (ZVAS) im Jahr 1908 unter der Schirmherrschaft des Gro\u00dfindustriellen Eduard Sulzer-Ziegler, der soziale Ambitionen hatte, aber strikt gewerkschaftsfeindlich eingestellt war. Dies war die sogenannte \u00abVerwirtschaftlichung\u00bb der Politik, d.h. die endg\u00fcltige Durchsetzung der wirtschaftlichen Frage. Sie wurde ab 1918 durch die kriegsbedingte Stagnation, den traumatischen Sieg der Bolschewiki in Russland und die existenziellen Fragen, die sich eine verunsicherte Bourgeoisie zu stellen begann, angeheizt.<\/p>\n\n\n\n<p>In diesem politisch und wirtschaftlich d\u00fcsteren Klima verselbst\u00e4ndigten sich die Unternehmerkreise vom politischen Leben. Sie agierten nun \u00fcber ihre Arbeitgeberverb\u00e4nde, unterst\u00fctzten parlamentarische Multiplikatoren oder wurden zu direkten Gespr\u00e4chspartnern des Bundesrates. Sie unterst\u00fctzten die b\u00fcrgerlichen Parteien in ihrem Kampf gegen die von der Linken lancierte Kriseninitiative, die ein umfangreiches Instrumentarium staatlicher Eingriffe in die Wirtschaft enthielt und 1936 knapp abgelehnt wurde.<\/p>\n\n\n\n<p>Angesichts der Weltwirtschaftskrise, die sich Anfang der 1930er Jahre in der Schweiz zuspitzte, traten die Gewerkschaften, die sich von den revolution\u00e4ren Bestrebungen der Sozialistischen Partei verabschiedet hatten, an den Verband der Maschinen- und Uhrenindustrie heran und schlugen ihnen eine Vereinbarung vor, die das wirtschaftliche und soziale Leben des von der Krise geplagten Landes stabilisieren sollte.<\/p>\n\n\n\n<h3 class=\"wp-block-heading\" id=\"h-la-paix-du-travail-et-ses-effets\">Der Arbeitsfrieden und seine Auswirkungen<\/h3>\n\n\n\n<p>Zun\u00e4chst z\u00f6gerten die Arbeitgeber der Uhrenindustrie, mit dem \u00abTeufel\u00bb Gewerkschaftler zu paktieren, doch der Bundesrat zwang sie mit der Drohung, sich direkt in den sozialen Dialog einzumischen. Der \u00abArbeitsfrieden\u00bb war geboren. Er dr\u00e4ngte den Streik als letztes Mittel im Falle eines Arbeitskonflikts zur\u00fcck und f\u00f6rderte nach 1945 die Entwicklung von Tarifvertr\u00e4gen. Ab diesem Zeitpunkt entwickelte sich die Rolle der Wirtschaftsverb\u00e4nde in direktdemokratischen Prozessen erst richtig. Ihre zentrale Rolle bei der Ausarbeitung von Gesetzesentw\u00fcrfen wurde 1947 formalisiert und systematisiert, als das Schweizer Volk nicht nur die Alters- und Hinterbliebenenversicherung (AHV), den Grundpfeiler des helvetischen Wohlfahrtsstaates, sondern auch die Wirtschaftsartikel der Verfassung annahm. Die Wirtschaftsartikel billigten nicht nur eine Reihe von staatlichen Eingriffen in bestimmten Bereichen, sondern auch die Verpflichtung, Arbeitgeber und Gewerkschaften im Rahmen von Konsultationsverfahren zu konsultieren, die auch das Risiko eines Referendums verringern sollten.<\/p>\n\n\n\n<p>Die Wirtschaft brach ihre Verbindungen zur parlamentarischen Arena jedoch nicht ab. Sie \u00e4nderten sich jedoch in ihrer Art. Unternehmer, vor allem Kleinunternehmer, verschwanden nicht, auch wenn die Wirtschaft vor allem durch Vorstandsmitglieder vertreten wurde, die nicht unbedingt als Unternehmer t\u00e4tig waren. Es begann die \u00c4ra der Wirtschaftsanw\u00e4lte, die mit der Kunst gl\u00e4nzten, die Liste ihrer Verwaltungsratsmandate zu pr\u00e4sentieren, so wie Leporello den Katalog der Geliebten seines Meisters Don Giovanni aufrollt oder, angesichts der Herkunft einiger von ihnen, so wie Gl\u00e4ubige ihren Rosenkranz aufz\u00e4hlen.<\/p>\n\n\n\n<p>Parallel dazu begann auch die \u00c4ra der hauptamtlichen Mitarbeiter von Berufsverb\u00e4nden, die die letzten Parlamentsjournalisten begleiteten, wie Willy Bretscher, Chefredakteur der <em>NZZ<\/em>. Es gab schon fr\u00fcher welche, wie den Vorort-Direktor Alfred Frey Ende des 19.<sup>.<\/sup>\u00a0Jahrhundert, Ernst Wetter, der 1940 zum Bundesrat gew\u00e4hlt wurde, oder Walther Stampfli, Direktor des Industrievereins des Kantons Solothurn und \u00abVater\u00bb der AHV. Doch der Trend setzte sich immer mehr durch.<\/p>\n\n\n\n<p>Otto Fischer war Berner Nationalrat und Direktor des Schweizerischen Gewerbeverbands. Als Mitglied des rechten Fl\u00fcgels der Radikalen schloss er 1987 eine Allianz mit Christoph Blocher gegen die Vereinten Nationen (UNO). Weitere Beispiele sind Richard Reich, Direktor der 1943 gegr\u00fcndeten Schweizerischen Wirtschaftsf\u00f6rderungsgesellschaft (SDES) und \u00abbewaffneter Arm der Wirtschaft\u00bb, Heinz Allenspach, Direktor der UCAPS, und Pierre Triponez, seit 2000 Direktor des SGV.<\/p>\n\n\n\n<p>Diese Organisation sp\u00fcrte nach und nach ein gr\u00f6\u00dferes Bed\u00fcrfnis nach N\u00e4he zum Parlament und achtete darauf, ihre Pr\u00e4sidenten systematisch in diesem Gremium auszuw\u00e4hlen. Und die letzten Unternehmer, die noch in Bern anwesend sind, sehen sich nicht als Erben ihrer Vorg\u00e4nger aus dem 19.<sup>.<\/sup>&nbsp;Jahrhundert. So verfolgte Blocher zwar wie die anderen seine Interessen, doch er pflegte sich kaum in den Dienst der Regierung zu stellen. Er war vielmehr einer ihrer sch\u00e4rfsten Gegner. Seine Partei tendierte jedoch trotz ihrer eigenen Widerspr\u00fcche im Zusammenhang mit ihrem isolationistischen Kampf dazu, die Radikalen als Vertreter der Interessen der Wirtschaft zu ersetzen.<\/p>\n\n\n\n<h3 class=\"wp-block-heading\" id=\"h-une-evolution-pernicieuse\">Eine sch\u00e4dliche Entwicklung<\/h3>\n\n\n\n<p>Die zunehmend marginale Pr\u00e4senz von Unternehmern an der Spitze der Politik ist ein Zeichen f\u00fcr eine Entwicklung, die nicht ohne echte Probleme ist. Nicht, dass die Monopolisierung der Sitze durch alte und neue \u00abEisenbahnbarone\u00bb immer reibungslos verlaufen w\u00e4re. Die Risiken von Interessenkonflikten konnten nicht immer beseitigt werden. Ihr Fehlen spiegelt jedoch vor allem den gro\u00dfen Wandel wider, der seit den 1990er Jahren an der Spitze der gro\u00dfen Unternehmen stattgefunden hat. Zwar absorbieren die Anforderungen der Zeit ihre gesamte Energie. Dennoch bl\u00fchte damals eine Generation von \u00abCEOs\u00bb auf, die oft aus dem angels\u00e4chsischen Kulturkreis stammen und nicht immer mit den relativ konsensf\u00e4higen politischen Sitten der Schweiz vertraut sind.<\/p>\n\n\n\n<p>Ein \u00e4hnliches Ph\u00e4nomen ist in den Gewerkschaften zu beobachten, die manchmal von <em>F\u00fchrungspers\u00f6nlichkeiten<\/em> die in der franz\u00f6sischen Schule ausgebildet wurden, die nicht gerade f\u00fcr ihre M\u00e4\u00dfigung bekannt ist. Diese Entwicklungen m\u00fcssen unsere Wachsamkeit wecken. Die Pr\u00e4senz von Gro\u00dfunternehmern im Parlament hat den Vorteil, dass sie einer politischen Welt, die dazu neigt, f\u00fcr sich selbst zu leben, ihre Realit\u00e4t besser verst\u00e4ndlich macht, und wenn man eine historische Bilanz zieht, stellt man fest, dass sie dem Land eher zum Vorteil gereicht hat. In diesem Sinne hat die Fusion zwischen dem Vorort und der SDES im Jahr 2000 zu einer m\u00f6glicherweise bedauerlichen Entfremdung zwischen den beiden Sph\u00e4ren beigetragen.<\/p>\n\n\n\n<p><em><strong>Olivier Meuwly<\/strong> ist Historiker, Spezialist f\u00fcr das 19<sup>.<\/sup>\u00a0Jahrhundert. Er ist Autor zahlreicher Essays \u00fcber die direkte Demokratie, den Liberalismus und die politischen Parteien in der Schweiz.<\/em><\/p>\n\n\n\n<h6 class=\"wp-block-heading\" id=\"h-vous-venez-de-lire-une-analyse-en-libre-acces-tiree-de-notre-operation-esprit-entrepreneurial-et-contenue-dans-notre-supplement-vive-l-esprit-d-entreprise-le-regard-libre-hors-serie-n-5\">Sie haben gerade eine frei zug\u00e4ngliche Analyse aus unserer Operation gelesen <a href=\"https:\/\/leregardlibre.com\/de\/tag\/unternehmergeist\/\">\u00abUnternehmerischer Geist\u00bb<\/a> und in unserer Beilage \u00abEs lebe der Unternehmergeist!\u00bb (<a href=\"https:\/\/leregardlibre.com\/de\/cpt-editions\/hors-serie-5-unternehmerischer-geist\/\"><em>Le Regard Libre\u00a0<\/em>Sonderausgabe Nr. 5<\/a>).<\/h6>","protected":false},"excerpt":{"rendered":"<p>Die gro\u00dfen Unternehmer waren direkt am Aufbau des 1848 entstandenen Bundesstaates beteiligt. Sp\u00e4ter wurden diese Wirtschaftsgr\u00f6\u00dfen immer seltener und machten h\u00e4ufig den Vorsitzenden von Arbeitgeberverb\u00e4nden Platz. Diese Entwicklung hat ihre Spuren hinterlassen.<\/p>","protected":false},"author":45,"featured_media":526799,"comment_status":"open","ping_status":"closed","sticky":false,"template":"","format":"standard","meta":{"_acf_changed":false,"footnotes":""},"categories":[27785],"tags":[9472,644358515,12586,644358437,644340919,644358485,644358414],"class_list":["post-526792","post","type-post","status-publish","format-standard","has-post-thumbnail","hentry","category-histoire","tag-analyses","tag-dossier-esprit-dentreprise","tag-entrepreneur","tag-esprit-entrepreneurial","tag-parlement","tag-patronat","tag-systeme-de-milice"],"acf":[],"yoast_head":"<!-- This site is optimized with the Yoast SEO Premium plugin v27.4 (Yoast SEO v27.4) - https:\/\/yoast.com\/product\/yoast-seo-premium-wordpress\/ -->\n<title>La d\u00e9sertion de l\u2019entrepreneur des Chambres parlementaires<\/title>\n<meta name=\"description\" content=\"Les entrepreneurs ont particip\u00e9 \u00e0 la construction de l\u2019Etat f\u00e9d\u00e9ral n\u00e9 en 1848, avant de laisser la place aux dirigeants de fa\u00eeti\u00e8res.\" \/>\n<meta name=\"robots\" content=\"index, follow, max-snippet:-1, max-image-preview:large, max-video-preview:-1\" \/>\n<link rel=\"canonical\" href=\"https:\/\/leregardlibre.com\/de\/geschichte\/unternehmer-parlament\/\" \/>\n<meta property=\"og:locale\" content=\"de_DE\" \/>\n<meta property=\"og:type\" content=\"article\" \/>\n<meta property=\"og:title\" content=\"La d\u00e9sertion de l\u2019entrepreneur des Chambres parlementaires\" \/>\n<meta property=\"og:description\" content=\"Les entrepreneurs ont particip\u00e9 \u00e0 la construction de l\u2019Etat f\u00e9d\u00e9ral n\u00e9 en 1848, avant de laisser la place aux dirigeants de fa\u00eeti\u00e8res.\" \/>\n<meta property=\"og:url\" content=\"https:\/\/leregardlibre.com\/de\/geschichte\/unternehmer-parlament\/\" \/>\n<meta property=\"og:site_name\" content=\"Le Regard Libre\" \/>\n<meta property=\"article:publisher\" content=\"https:\/\/www.facebook.com\/leregardlibre\/\" \/>\n<meta property=\"article:published_time\" content=\"2025-02-25T19:04:31+00:00\" \/>\n<meta property=\"article:modified_time\" content=\"2026-03-16T19:15:39+00:00\" \/>\n<meta property=\"og:image\" content=\"https:\/\/leregardlibre.com\/wp-content\/uploads\/2025\/02\/le-palais-federal-a-berne--photo-jonas-zurcher-via-unsplash-e1740509575165.jpg\" \/>\n\t<meta property=\"og:image:width\" content=\"1920\" \/>\n\t<meta property=\"og:image:height\" content=\"1280\" \/>\n\t<meta property=\"og:image:type\" content=\"image\/jpeg\" \/>\n<meta name=\"author\" content=\"Olivier Meuwly\" \/>\n<meta name=\"twitter:card\" content=\"summary_large_image\" \/>\n<meta name=\"twitter:creator\" content=\"@LeRegardLibre\" \/>\n<meta name=\"twitter:site\" content=\"@LeRegardLibre\" \/>\n<meta name=\"twitter:label1\" content=\"Verfasst von\" \/>\n\t<meta name=\"twitter:data1\" content=\"Olivier Meuwly\" \/>\n\t<meta name=\"twitter:label2\" content=\"Gesch\u00e4tzte Lesezeit\" \/>\n\t<meta name=\"twitter:data2\" content=\"10\u00a0Minuten\" \/>\n<script type=\"application\/ld+json\" class=\"yoast-schema-graph\">{\"@context\":\"https:\\\/\\\/schema.org\",\"@graph\":[{\"@type\":\"Article\",\"@id\":\"https:\\\/\\\/leregardlibre.com\\\/histoire\\\/entrepreneurs-parlement\\\/#article\",\"isPartOf\":{\"@id\":\"https:\\\/\\\/leregardlibre.com\\\/histoire\\\/entrepreneurs-parlement\\\/\"},\"author\":{\"name\":\"Olivier Meuwly\",\"@id\":\"https:\\\/\\\/leregardlibre.com\\\/#\\\/schema\\\/person\\\/d5f8144207b653c27a095c410e55b118\"},\"headline\":\"La d\u00e9sertion de l\u2019entrepreneur des Chambres parlementaires\",\"datePublished\":\"2025-02-25T19:04:31+00:00\",\"dateModified\":\"2026-03-16T19:15:39+00:00\",\"mainEntityOfPage\":{\"@id\":\"https:\\\/\\\/leregardlibre.com\\\/histoire\\\/entrepreneurs-parlement\\\/\"},\"wordCount\":2214,\"commentCount\":0,\"publisher\":{\"@id\":\"https:\\\/\\\/leregardlibre.com\\\/#organization\"},\"image\":{\"@id\":\"https:\\\/\\\/leregardlibre.com\\\/histoire\\\/entrepreneurs-parlement\\\/#primaryimage\"},\"thumbnailUrl\":\"https:\\\/\\\/leregardlibre.com\\\/wp-content\\\/uploads\\\/2025\\\/02\\\/le-palais-federal-a-berne--photo-jonas-zurcher-via-unsplash-e1740509575165.jpg\",\"keywords\":[\"Analyse\",\"Dossier ESPRIT D\u2019ENTREPRISE\",\"Entrepreneuriat\",\"Esprit entrepreneurial\",\"Parlement\",\"Patronat\",\"Syst\u00e8me de milice\"],\"articleSection\":[\"Histoire\"],\"inLanguage\":\"de\",\"potentialAction\":[{\"@type\":\"CommentAction\",\"name\":\"Comment\",\"target\":[\"https:\\\/\\\/leregardlibre.com\\\/histoire\\\/entrepreneurs-parlement\\\/#respond\"]}]},{\"@type\":\"WebPage\",\"@id\":\"https:\\\/\\\/leregardlibre.com\\\/histoire\\\/entrepreneurs-parlement\\\/\",\"url\":\"https:\\\/\\\/leregardlibre.com\\\/histoire\\\/entrepreneurs-parlement\\\/\",\"name\":\"La d\u00e9sertion de l\u2019entrepreneur des Chambres parlementaires\",\"isPartOf\":{\"@id\":\"https:\\\/\\\/leregardlibre.com\\\/#website\"},\"primaryImageOfPage\":{\"@id\":\"https:\\\/\\\/leregardlibre.com\\\/histoire\\\/entrepreneurs-parlement\\\/#primaryimage\"},\"image\":{\"@id\":\"https:\\\/\\\/leregardlibre.com\\\/histoire\\\/entrepreneurs-parlement\\\/#primaryimage\"},\"thumbnailUrl\":\"https:\\\/\\\/leregardlibre.com\\\/wp-content\\\/uploads\\\/2025\\\/02\\\/le-palais-federal-a-berne--photo-jonas-zurcher-via-unsplash-e1740509575165.jpg\",\"datePublished\":\"2025-02-25T19:04:31+00:00\",\"dateModified\":\"2026-03-16T19:15:39+00:00\",\"description\":\"Les entrepreneurs ont particip\u00e9 \u00e0 la construction de l\u2019Etat f\u00e9d\u00e9ral n\u00e9 en 1848, avant de laisser la place aux dirigeants de fa\u00eeti\u00e8res.\",\"breadcrumb\":{\"@id\":\"https:\\\/\\\/leregardlibre.com\\\/histoire\\\/entrepreneurs-parlement\\\/#breadcrumb\"},\"inLanguage\":\"de\",\"potentialAction\":[{\"@type\":\"ReadAction\",\"target\":[\"https:\\\/\\\/leregardlibre.com\\\/histoire\\\/entrepreneurs-parlement\\\/\"]}]},{\"@type\":\"ImageObject\",\"inLanguage\":\"de\",\"@id\":\"https:\\\/\\\/leregardlibre.com\\\/histoire\\\/entrepreneurs-parlement\\\/#primaryimage\",\"url\":\"https:\\\/\\\/leregardlibre.com\\\/wp-content\\\/uploads\\\/2025\\\/02\\\/le-palais-federal-a-berne--photo-jonas-zurcher-via-unsplash-e1740509575165.jpg\",\"contentUrl\":\"https:\\\/\\\/leregardlibre.com\\\/wp-content\\\/uploads\\\/2025\\\/02\\\/le-palais-federal-a-berne--photo-jonas-zurcher-via-unsplash-e1740509575165.jpg\",\"width\":1920,\"height\":1280,\"caption\":\"Le Palais fe\u0301de\u0301ral, a\u0300 Berne. Photo: Jonas Zu\u0308rcher (via Unsplash)\"},{\"@type\":\"BreadcrumbList\",\"@id\":\"https:\\\/\\\/leregardlibre.com\\\/histoire\\\/entrepreneurs-parlement\\\/#breadcrumb\",\"itemListElement\":[{\"@type\":\"ListItem\",\"position\":1,\"name\":\"Accueil\",\"item\":\"https:\\\/\\\/leregardlibre.com\\\/\"},{\"@type\":\"ListItem\",\"position\":2,\"name\":\"La d\u00e9sertion de l\u2019entrepreneur des Chambres parlementaires\"}]},{\"@type\":\"WebSite\",\"@id\":\"https:\\\/\\\/leregardlibre.com\\\/#website\",\"url\":\"https:\\\/\\\/leregardlibre.com\\\/\",\"name\":\"Le Regard Libre\",\"description\":\"Premier mensuel suisse de d\u00e9bat\",\"publisher\":{\"@id\":\"https:\\\/\\\/leregardlibre.com\\\/#organization\"},\"potentialAction\":[{\"@type\":\"SearchAction\",\"target\":{\"@type\":\"EntryPoint\",\"urlTemplate\":\"https:\\\/\\\/leregardlibre.com\\\/?s={search_term_string}\"},\"query-input\":{\"@type\":\"PropertyValueSpecification\",\"valueRequired\":true,\"valueName\":\"search_term_string\"}}],\"inLanguage\":\"de\"},{\"@type\":\"Organization\",\"@id\":\"https:\\\/\\\/leregardlibre.com\\\/#organization\",\"name\":\"Le Regard Libre\",\"url\":\"https:\\\/\\\/leregardlibre.com\\\/\",\"logo\":{\"@type\":\"ImageObject\",\"inLanguage\":\"de\",\"@id\":\"https:\\\/\\\/leregardlibre.com\\\/#\\\/schema\\\/logo\\\/image\\\/\",\"url\":\"https:\\\/\\\/leregardlibre.com\\\/wp-content\\\/uploads\\\/2025\\\/08\\\/logo-rl-icone-neg.jpeg\",\"contentUrl\":\"https:\\\/\\\/leregardlibre.com\\\/wp-content\\\/uploads\\\/2025\\\/08\\\/logo-rl-icone-neg.jpeg\",\"width\":557,\"height\":556,\"caption\":\"Le Regard Libre\"},\"image\":{\"@id\":\"https:\\\/\\\/leregardlibre.com\\\/#\\\/schema\\\/logo\\\/image\\\/\"},\"sameAs\":[\"https:\\\/\\\/www.facebook.com\\\/leregardlibre\\\/\",\"https:\\\/\\\/x.com\\\/LeRegardLibre\",\"https:\\\/\\\/www.linkedin.com\\\/company\\\/le-regard-libre\",\"https:\\\/\\\/www.instagram.com\\\/leregardlibre\\\/\",\"http:\\\/\\\/t.me\\\/leregardlibre\",\"https:\\\/\\\/youtube.com\\\/channel\\\/UC6HzGPomj1LsUmlz-sJtITQ\"],\"description\":\"Le Regard Libre est un mensuel suisse de d\u00e9bat intellectuel et culturel. Sa r\u00e9daction est jeune, b\u00e9n\u00e9vole, lib\u00e9rale et pluraliste. Le magazine para\u00eet en ligne et sous forme papier. Sa langue est le fran\u00e7ais.\",\"email\":\"redaction@leregardlibre.com\",\"legalName\":\"Le Regard Libre\",\"foundingDate\":\"2014-01-01\",\"numberOfEmployees\":{\"@type\":\"QuantitativeValue\",\"minValue\":\"11\",\"maxValue\":\"50\"},\"publishingPrinciples\":\"https:\\\/\\\/leregardlibre.com\\\/a-propos\\\/notre-manifeste\\\/\",\"ownershipFundingInfo\":\"https:\\\/\\\/leregardlibre.com\\\/mentions-legales\\\/\",\"actionableFeedbackPolicy\":\"https:\\\/\\\/leregardlibre.com\\\/conditions-generales-de-vente\\\/\"},{\"@type\":\"Person\",\"@id\":\"https:\\\/\\\/leregardlibre.com\\\/#\\\/schema\\\/person\\\/d5f8144207b653c27a095c410e55b118\",\"name\":\"Olivier Meuwly\",\"image\":{\"@type\":\"ImageObject\",\"inLanguage\":\"de\",\"@id\":\"https:\\\/\\\/secure.gravatar.com\\\/avatar\\\/7779cd8780436cd086312f9e5809142fca67d43a4ba0c894e5147bc82013f3ad?s=96&d=identicon&r=g\",\"url\":\"https:\\\/\\\/secure.gravatar.com\\\/avatar\\\/7779cd8780436cd086312f9e5809142fca67d43a4ba0c894e5147bc82013f3ad?s=96&d=identicon&r=g\",\"contentUrl\":\"https:\\\/\\\/secure.gravatar.com\\\/avatar\\\/7779cd8780436cd086312f9e5809142fca67d43a4ba0c894e5147bc82013f3ad?s=96&d=identicon&r=g\",\"caption\":\"Olivier Meuwly\"},\"description\":\"Juriste et historien, sp\u00e9cialiste du XIXe si\u00e8cle helv\u00e9tique et des partis politiques suisses, Olivier Meuwly contribue au Regard Libre en qualit\u00e9 d'invit\u00e9 de la r\u00e9daction.\",\"sameAs\":[\"https:\\\/\\\/leregardlibre.com\\\/\",\"https:\\\/\\\/fr.wikipedia.org\\\/wiki\\\/Olivier_Meuwly\"],\"url\":\"https:\\\/\\\/leregardlibre.com\\\/de\\\/author\\\/olivier-meuwly\\\/\"}]}<\/script>\n<!-- \/ Yoast SEO Premium plugin. -->","yoast_head_json":{"title":"Die Desertion des Unternehmers aus den Parlamentskammern","description":"Die Unternehmer waren am Aufbau des 1848 entstandenen Bundesstaates beteiligt, bevor sie den Vorsitzenden der Dachverb\u00e4nde Platz machten.","robots":{"index":"index","follow":"follow","max-snippet":"max-snippet:-1","max-image-preview":"max-image-preview:large","max-video-preview":"max-video-preview:-1"},"canonical":"https:\/\/leregardlibre.com\/de\/geschichte\/unternehmer-parlament\/","og_locale":"de_DE","og_type":"article","og_title":"La d\u00e9sertion de l\u2019entrepreneur des Chambres parlementaires","og_description":"Les entrepreneurs ont particip\u00e9 \u00e0 la construction de l\u2019Etat f\u00e9d\u00e9ral n\u00e9 en 1848, avant de laisser la place aux dirigeants de fa\u00eeti\u00e8res.","og_url":"https:\/\/leregardlibre.com\/de\/geschichte\/unternehmer-parlament\/","og_site_name":"Le Regard Libre","article_publisher":"https:\/\/www.facebook.com\/leregardlibre\/","article_published_time":"2025-02-25T19:04:31+00:00","article_modified_time":"2026-03-16T19:15:39+00:00","og_image":[{"width":1920,"height":1280,"url":"https:\/\/leregardlibre.com\/wp-content\/uploads\/2025\/02\/le-palais-federal-a-berne--photo-jonas-zurcher-via-unsplash-e1740509575165.jpg","type":"image\/jpeg"}],"author":"Olivier Meuwly","twitter_card":"summary_large_image","twitter_creator":"@LeRegardLibre","twitter_site":"@LeRegardLibre","twitter_misc":{"Verfasst von":"Olivier Meuwly","Gesch\u00e4tzte Lesezeit":"10\u00a0Minuten"},"schema":{"@context":"https:\/\/schema.org","@graph":[{"@type":"Article","@id":"https:\/\/leregardlibre.com\/histoire\/entrepreneurs-parlement\/#article","isPartOf":{"@id":"https:\/\/leregardlibre.com\/histoire\/entrepreneurs-parlement\/"},"author":{"name":"Olivier Meuwly","@id":"https:\/\/leregardlibre.com\/#\/schema\/person\/d5f8144207b653c27a095c410e55b118"},"headline":"La d\u00e9sertion de l\u2019entrepreneur des Chambres parlementaires","datePublished":"2025-02-25T19:04:31+00:00","dateModified":"2026-03-16T19:15:39+00:00","mainEntityOfPage":{"@id":"https:\/\/leregardlibre.com\/histoire\/entrepreneurs-parlement\/"},"wordCount":2214,"commentCount":0,"publisher":{"@id":"https:\/\/leregardlibre.com\/#organization"},"image":{"@id":"https:\/\/leregardlibre.com\/histoire\/entrepreneurs-parlement\/#primaryimage"},"thumbnailUrl":"https:\/\/leregardlibre.com\/wp-content\/uploads\/2025\/02\/le-palais-federal-a-berne--photo-jonas-zurcher-via-unsplash-e1740509575165.jpg","keywords":["Analyse","Dossier ESPRIT D\u2019ENTREPRISE","Entrepreneuriat","Esprit entrepreneurial","Parlement","Patronat","Syst\u00e8me de milice"],"articleSection":["Histoire"],"inLanguage":"de","potentialAction":[{"@type":"CommentAction","name":"Comment","target":["https:\/\/leregardlibre.com\/histoire\/entrepreneurs-parlement\/#respond"]}]},{"@type":"WebPage","@id":"https:\/\/leregardlibre.com\/histoire\/entrepreneurs-parlement\/","url":"https:\/\/leregardlibre.com\/histoire\/entrepreneurs-parlement\/","name":"Die Desertion des Unternehmers aus den Parlamentskammern","isPartOf":{"@id":"https:\/\/leregardlibre.com\/#website"},"primaryImageOfPage":{"@id":"https:\/\/leregardlibre.com\/histoire\/entrepreneurs-parlement\/#primaryimage"},"image":{"@id":"https:\/\/leregardlibre.com\/histoire\/entrepreneurs-parlement\/#primaryimage"},"thumbnailUrl":"https:\/\/leregardlibre.com\/wp-content\/uploads\/2025\/02\/le-palais-federal-a-berne--photo-jonas-zurcher-via-unsplash-e1740509575165.jpg","datePublished":"2025-02-25T19:04:31+00:00","dateModified":"2026-03-16T19:15:39+00:00","description":"Die Unternehmer waren am Aufbau des 1848 entstandenen Bundesstaates beteiligt, bevor sie den Vorsitzenden der Dachverb\u00e4nde Platz machten.","breadcrumb":{"@id":"https:\/\/leregardlibre.com\/histoire\/entrepreneurs-parlement\/#breadcrumb"},"inLanguage":"de","potentialAction":[{"@type":"ReadAction","target":["https:\/\/leregardlibre.com\/histoire\/entrepreneurs-parlement\/"]}]},{"@type":"ImageObject","inLanguage":"de","@id":"https:\/\/leregardlibre.com\/histoire\/entrepreneurs-parlement\/#primaryimage","url":"https:\/\/leregardlibre.com\/wp-content\/uploads\/2025\/02\/le-palais-federal-a-berne--photo-jonas-zurcher-via-unsplash-e1740509575165.jpg","contentUrl":"https:\/\/leregardlibre.com\/wp-content\/uploads\/2025\/02\/le-palais-federal-a-berne--photo-jonas-zurcher-via-unsplash-e1740509575165.jpg","width":1920,"height":1280,"caption":"Le Palais fe\u0301de\u0301ral, a\u0300 Berne. Photo: Jonas Zu\u0308rcher (via Unsplash)"},{"@type":"BreadcrumbList","@id":"https:\/\/leregardlibre.com\/histoire\/entrepreneurs-parlement\/#breadcrumb","itemListElement":[{"@type":"ListItem","position":1,"name":"Accueil","item":"https:\/\/leregardlibre.com\/"},{"@type":"ListItem","position":2,"name":"La d\u00e9sertion de l\u2019entrepreneur des Chambres parlementaires"}]},{"@type":"WebSite","@id":"https:\/\/leregardlibre.com\/#website","url":"https:\/\/leregardlibre.com\/","name":"Le Regard Libre","description":"Erste Schweizer Monatszeitschrift f\u00fcr Debatten","publisher":{"@id":"https:\/\/leregardlibre.com\/#organization"},"potentialAction":[{"@type":"SearchAction","target":{"@type":"EntryPoint","urlTemplate":"https:\/\/leregardlibre.com\/?s={search_term_string}"},"query-input":{"@type":"PropertyValueSpecification","valueRequired":true,"valueName":"search_term_string"}}],"inLanguage":"de"},{"@type":"Organization","@id":"https:\/\/leregardlibre.com\/#organization","name":"Le Regard Libre","url":"https:\/\/leregardlibre.com\/","logo":{"@type":"ImageObject","inLanguage":"de","@id":"https:\/\/leregardlibre.com\/#\/schema\/logo\/image\/","url":"https:\/\/leregardlibre.com\/wp-content\/uploads\/2025\/08\/logo-rl-icone-neg.jpeg","contentUrl":"https:\/\/leregardlibre.com\/wp-content\/uploads\/2025\/08\/logo-rl-icone-neg.jpeg","width":557,"height":556,"caption":"Le Regard Libre"},"image":{"@id":"https:\/\/leregardlibre.com\/#\/schema\/logo\/image\/"},"sameAs":["https:\/\/www.facebook.com\/leregardlibre\/","https:\/\/x.com\/LeRegardLibre","https:\/\/www.linkedin.com\/company\/le-regard-libre","https:\/\/www.instagram.com\/leregardlibre\/","http:\/\/t.me\/leregardlibre","https:\/\/youtube.com\/channel\/UC6HzGPomj1LsUmlz-sJtITQ"],"description":"Le Regard Libre ist eine Schweizer Monatszeitschrift f\u00fcr intellektuelle und kulturelle Debatten. Seine Redaktion ist jung, ehrenamtlich, liberal und pluralistisch. Das Magazin erscheint online und in gedruckter Form. Seine Sprache ist Franz\u00f6sisch.","email":"redaction@leregardlibre.com","legalName":"Le Regard Libre","foundingDate":"2014-01-01","numberOfEmployees":{"@type":"QuantitativeValue","minValue":"11","maxValue":"50"},"publishingPrinciples":"https:\/\/leregardlibre.com\/a-propos\/notre-manifeste\/","ownershipFundingInfo":"https:\/\/leregardlibre.com\/mentions-legales\/","actionableFeedbackPolicy":"https:\/\/leregardlibre.com\/conditions-generales-de-vente\/"},{"@type":"Person","@id":"https:\/\/leregardlibre.com\/#\/schema\/person\/d5f8144207b653c27a095c410e55b118","name":"Olivier Meuwly","image":{"@type":"ImageObject","inLanguage":"de","@id":"https:\/\/secure.gravatar.com\/avatar\/7779cd8780436cd086312f9e5809142fca67d43a4ba0c894e5147bc82013f3ad?s=96&d=identicon&r=g","url":"https:\/\/secure.gravatar.com\/avatar\/7779cd8780436cd086312f9e5809142fca67d43a4ba0c894e5147bc82013f3ad?s=96&d=identicon&r=g","contentUrl":"https:\/\/secure.gravatar.com\/avatar\/7779cd8780436cd086312f9e5809142fca67d43a4ba0c894e5147bc82013f3ad?s=96&d=identicon&r=g","caption":"Olivier Meuwly"},"description":"Olivier Meuwly ist Jurist und Historiker, Spezialist f\u00fcr das helvetische 19. Jahrhundert und die politischen Parteien in der Schweiz. Er tr\u00e4gt als Gast der Redaktion zum Regard Libre bei.","sameAs":["https:\/\/leregardlibre.com\/","https:\/\/fr.wikipedia.org\/wiki\/Olivier_Meuwly"],"url":"https:\/\/leregardlibre.com\/de\/author\/olivier-meuwly\/"}]}},"_links":{"self":[{"href":"https:\/\/leregardlibre.com\/de\/wp-json\/wp\/v2\/posts\/526792","targetHints":{"allow":["GET"]}}],"collection":[{"href":"https:\/\/leregardlibre.com\/de\/wp-json\/wp\/v2\/posts"}],"about":[{"href":"https:\/\/leregardlibre.com\/de\/wp-json\/wp\/v2\/types\/post"}],"author":[{"embeddable":true,"href":"https:\/\/leregardlibre.com\/de\/wp-json\/wp\/v2\/users\/45"}],"replies":[{"embeddable":true,"href":"https:\/\/leregardlibre.com\/de\/wp-json\/wp\/v2\/comments?post=526792"}],"version-history":[{"count":2,"href":"https:\/\/leregardlibre.com\/de\/wp-json\/wp\/v2\/posts\/526792\/revisions"}],"predecessor-version":[{"id":526795,"href":"https:\/\/leregardlibre.com\/de\/wp-json\/wp\/v2\/posts\/526792\/revisions\/526795"}],"wp:featuredmedia":[{"embeddable":true,"href":"https:\/\/leregardlibre.com\/de\/wp-json\/wp\/v2\/media\/526799"}],"wp:attachment":[{"href":"https:\/\/leregardlibre.com\/de\/wp-json\/wp\/v2\/media?parent=526792"}],"wp:term":[{"taxonomy":"category","embeddable":true,"href":"https:\/\/leregardlibre.com\/de\/wp-json\/wp\/v2\/categories?post=526792"},{"taxonomy":"post_tag","embeddable":true,"href":"https:\/\/leregardlibre.com\/de\/wp-json\/wp\/v2\/tags?post=526792"}],"curies":[{"name":"wp","href":"https:\/\/api.w.org\/{rel}","templated":true}]}}