{"id":527794,"date":"2025-05-09T06:00:00","date_gmt":"2025-05-09T04:00:00","guid":{"rendered":"https:\/\/leregardlibre.com\/?p=527794"},"modified":"2025-05-23T07:20:45","modified_gmt":"2025-05-23T05:20:45","slug":"trumpismus-wokismus","status":"publish","type":"post","link":"https:\/\/leregardlibre.com\/de\/politik\/trumpismus-wokismus\/","title":{"rendered":"Trumpismus und Wokismus, sieben Gemeinsamkeiten"},"content":{"rendered":"<p class=\"has-drop-cap\"><strong>Die Anh\u00e4nger von Donald Trump und die Wokes scheinen Erzfeinde zu sein. Dennoch offenbaren ihre jeweiligen Einstellungen zur Debatte, zu Institutionen und zur Gesellschaft frappierende \u00c4hnlichkeiten.<\/strong><\/p>\n\n\n\n<!--more-->\n\n\n\n<p>Auf den ersten Blick besteht ein gro\u00dfer Unterschied zwischen Donald Trump und seinen Unterst\u00fctzern auf der einen Seite und intersektionalen Aktivisten und Gender- oder Rassentheoretikern auf der anderen Seite. Die Anh\u00e4nger Trumps geben sich gerne konservativ, nationalistisch und populistisch. Die Wokes, die von \u00abstruktureller\u00bb Diskriminierung besessen sind, geben sich progressiv und kosmopolitisch. Trumpismus und Wokismus sind sich jedoch viel \u00e4hnlicher, als sie vorgeben oder scheinen: Beide Ph\u00e4nomene sind Teil desselben zeitgen\u00f6ssischen illiberalen Impulses, wie die folgenden sieben Gemeinsamkeiten zeigen.<\/p>\n\n\n\n<h6 class=\"wp-block-heading\" id=\"h-1-le-mepris-du-debat-rationnel\">1. Die Missachtung der rationalen Debatte<\/h6>\n\n\n\n<p>Wokes wie Trumpisten streben nicht nach Wahrheit, sondern nach Macht. In der <a href=\"https:\/\/leregardlibre.com\/de\/politik\/debattiergrund-jonas-follonier\/\">vorheriger Leitartikel von meiner Wenigkeit<\/a>, In diesem Artikel ging es um die parallelen Trends der \u00abVernunft ohne Debatte\u00bb (politische Korrektheit, die von den Wokes propagiert wird) und der \u00abDebatte ohne Vernunft\u00bb (politische Unkorrektheit, die von den Trumpisten gesch\u00e4tzt wird). Die einen verfallen im Namen der Vernunft (die sie vergessen, in einem Rahmen der Debatte zu praktizieren) in Dogmatismus, die anderen im Namen der Debatte (die sie vergessen, unter das Zeichen der Vernunft zu stellen).<\/p>\n\n\n\n<form method=\"post\" action=\"https:\/\/newsletter.infomaniak.com\/external\/submit\" class=\"inf-form\" target=\"_blank\"><input type=\"email\" name=\"email\" style=\"display:none\" \/><input type=\"hidden\" name=\"key\"\nvalue=\"eyJpdiI6IlZXRVJGMlRGQUU2alNqUE81bitIUk5adnNVa0c4MllFTStzOHdHT1FQZ3c9IiwidmFsdWUiOiJIYzhwMUVCK1pTNnlhY3MyMmhuZlhReWJqemEwNk93blMxTjFHc0s2VHZrPSIsIm1hYyI6ImVhYTQ5N2I1M2NiYWE4NzBmNjk2NzgzYjliM2Y5NmYzM2E2ZmU3NGQxNTU1ZDFkMTU1MzY5NTdjYjE3ZTJmNTUifQ==\"><input type=\"hidden\" name=\"webform_id\" value=\"7291\"><style> .inf-main_3000311ca56a1cb93397bc676c0b7fff{ background-color:#f5f5f5;\npadding:25px 20px; margin:25px auto; } .inf-main_3000311ca56a1cb93397bc676c0b7fff .inf-content { margin-top:13px;} .inf-main_3000311ca56a1cb93397bc676c0b7fff h4, .inf-main_3000311ca56a1cb93397bc676c0b7fff span, .inf-\nmain_3000311ca56a1cb93397bc676c0b7fff label, .inf-main_3000311ca56a1cb93397bc676c0b7fff input, .inf-main_3000311ca56a1cb93397bc676c0b7fff .inf-submit, .inf-main_3000311ca56a1cb93397bc676c0b7fff .inf-success p a { color:#555555; font-\nsize:14px; } .inf-main_3000311ca56a1cb93397bc676c0b7fff h4{ font-size:18px; margin:0px 0px 13px 0px; } .inf-main_3000311ca56a1cb93397bc676c0b7fff h4, .inf-main_3000311ca56a1cb93397bc676c0b7fff label{ font-weight:bold; } .inf-\nmain_3000311ca56a1cb93397bc676c0b7fff .inf-input { margin-bottom:7px; } .inf-main_3000311ca56a1cb93397bc676c0b7fff label { display:block;} .inf-main_3000311ca56a1cb93397bc676c0b7fff input{ height:35px; color:#999999; border: 1px solid\n#E9E9E9; border:none; padding-left:7px; } .inf-main_3000311ca56a1cb93397bc676c0b7fff .inf-input.inf-error label, .inf-main_3000311ca56a1cb93397bc676c0b7fff .inf-input.inf-error span.inf-message{ color: #cc0033; } .inf-\nmain_3000311ca56a1cb93397bc676c0b7fff .inf-input.inf-error input{ border: 1px solid #cc0033; } .inf-main_3000311ca56a1cb93397bc676c0b7fff .inf-input input { width:100%;} .inf-main_3000311ca56a1cb93397bc676c0b7fff .inf-input.inf-error\nspan.inf-message { display: block; } .inf-main_3000311ca56a1cb93397bc676c0b7fff .inf-submit { text-align:right;} .inf-main_3000311ca56a1cb93397bc676c0b7fff .inf-submit input{ background-color:#777777; color:#ffffff; border:none; font-weight:\nnormal; height:auto; padding:7px; } .inf-main_3000311ca56a1cb93397bc676c0b7fff .inf-submit input.disabled{ opacity: 0.4; } .inf-btn { color: rgb(85, 85, 85); border: medium none; font-weight: normal; height: auto; padding: 7px; display: inline-block;\nbackground-color: white; box-shadow: 0px 1px 1px rgba(0, 0, 0, 0.24); border-radius: 2px; line-height: 1em; } .inf-rgpd { margin:25px 0px 15px 0px; color:#555555; } <\/style> <div class=\"inf-main_3000311ca56a1cb93397bc676c0b7fff\">\n<h4>NEWSLETTER DES FREIEN BLICKS<\/h4> <span>Erhalten Sie unsere Artikel jeden Sonntag.<\/span> <div class=\"inf-success\" style=\"display:none\"> <h4>Ihre Anmeldung f\u00fcr unseren w\u00f6chentlichen Newsletter wurde erfolgreich registriert!<\/h4> <p>\n<a href=\"#\" class=\"inf-btn\">\u00ab<\/a> <\/p> <\/div> <div class=\"inf-content\"> <div class=\"inf-input inf-input-text\"> <input type=\"text\" name=\"inf[1]\" data-inf-meta = \"1\" data-inf-error = \"Merci de renseigner une adresse email\" required=\"required\"\nplaceholder=\"E-Mail\" > <\/div> <div class=\"inf-submit\"> <input type=\"submit\" name=\"\" value=\"Anmelden\"> <\/div> <\/div> <\/div> <\/form>\n\n\n\n<h6 class=\"wp-block-heading\" id=\"h-2-une-tolerance-a-l-incoherence\">2. Eine Toleranz gegen\u00fcber Inkonsistenzen<\/h6>\n\n\n\n<p>Auf beiden Seiten werden eklatante Widerspr\u00fcche im Namen der Sache entschuldigt oder sogar gerechtfertigt. Wokes propagieren Inklusion, schlie\u00dfen aber diejenigen aus, die von ihrer Linie abweichen; sie f\u00f6rdern Geschlechtsumwandlungen, verabscheuen aber kulturelle Aneignung; sie behaupten, dass individuelle Identit\u00e4ten durch Unterdr\u00fcckungsstrukturen definiert werden, setzen sich aber f\u00fcr die Abschaffung dieser Strukturen ein... Trumpisten wiederum prangern Wahlbetrug an (der ihrer Meinung nach zur Wahl von Joe Biden gef\u00fchrt hat), begr\u00fc\u00dfen aber gleichzeitig den Bruch von Regeln - z. B. der Welthandelsorganisation -, wenn er ihrer Seite n\u00fctzt.<\/p>\n\n\n\n<h6 class=\"wp-block-heading\" id=\"h-3-la-culture-de-l-emotion\">3. Die Kultur der Emotionen<\/h6>\n\n\n\n<p>Die Wokes prangern unterdr\u00fcckerische Strukturen an, deren Opfer sie sind, w\u00e4hrend sich die Trumpisten als B\u00fcrger darstellen, die von einer abgehobenen Elite ausgegrenzt werden. In beiden F\u00e4llen wird das Ressentiment zu einer politischen Triebfeder und richtet sich gegen das \u00abSystem\u00bb.<\/p>\n\n\n\n<h6 class=\"wp-block-heading\" id=\"h-4-un-rejet-en-bloc-des-institutions-traditionnelles\">4. Eine pauschale Ablehnung traditioneller Institutionen<\/h6>\n\n\n\n<p>Universit\u00e4ten, Medien, Gerichte... Kein institutioneller Pfeiler bleibt von der Diskreditierung verschont <em>a priori<\/em>. Der Wokismus will die Institutionen \u00abentkolonialisieren\u00bb, der Trumpismus sie vom Wokismus \u00abs\u00e4ubern\u00bb, ohne sich darum zu bem\u00fchen, die Spreu vom Weizen zu trennen.<\/p>\n\n\n\n<h6 class=\"wp-block-heading\" id=\"h-5-la-tentation-de-la-censure\">5. Die Versuchung der Zensur<\/h6>\n\n\n\n<p>In beiden F\u00e4llen ist das Recht auf freie Meinungs\u00e4u\u00dferung nicht mehr ein zu respektierendes Prinzip, sondern ein wegzuwischendes Hindernis. W\u00e4hrend der Woke das Halten von sogenannten Hassreden verhindert, darunter auch die Ablehnung der Homo-Ehe oder der medizinischen Behandlung von Kindern zur Geschlechtsumwandlung, entfernt der Trumpist B\u00fccher aus den Bibliotheken wie <em>1984<\/em> von George Orwell aufgrund ihres angeblich sexuellen Charakters.<\/p>\n\n\n\n<h6 class=\"wp-block-heading\" id=\"h-6-la-transgression-pour-la-transgression\">6. \u00dcbertretung um der \u00dcbertretung willen<\/h6>\n\n\n\n<p>Beide Seiten leben von einer Haltung des Bruchs, die einen Wert an sich hat. Der Trumpismus verst\u00f6\u00dft ungeniert gegen politische, diplomatische und rechtliche Regeln.<\/p>\n\n\n\n<h6 class=\"wp-block-heading\" id=\"h-7-l-utopie-d-un-monde-purifie\">7. Die Utopie einer gereinigten Welt<\/h6>\n\n\n\n<p>Beide Visionen versprechen eine erneuerte Gesellschaft: ohne Rassismus und Patriarchat auf der einen Seite, ohne Immigration und Handelsdefizit auf der anderen. Sowohl f\u00fcr Trump als auch f\u00fcr seine Erzfeinde sind Nuancen Verrat und Kompromisse Schw\u00e4che.<\/p>\n\n\n\n<p><em>Schreiben Sie dem Autor:&nbsp;<a href=\"mailto:jonas.follonier@leregardlibre.com\">jonas.follonier@leregardlibre.com<\/a><\/em><\/p>\n\n\n\n<h6 class=\"wp-block-heading\" id=\"h-vous-venez-de-lire-un-editorial-en-libre-acces-tire-de-notre-edition-papier-le-regard-libre-n-116-debats-analyses-actualites-culturelles-abonnez-vous-a-notre-media-de-reflexion-pour-nous-soutenir-et-avoir-acces-a-tous-nos-contenus\">Sie haben gerade einen frei zug\u00e4nglichen Leitartikel aus unserer Printausgabe gelesen (<a href=\"https:\/\/leregardlibre.com\/de\/cpt-editions\/der-freie-blick-116-zivilitat\/\"><em>Le Regard Libre\u00a0<\/em>N\u00b0116<\/a>). Debatten, Analysen, Kulturnachrichten:\u00a0<a href=\"https:\/\/leregardlibre.com\/de\/abonnement\/\">abonnieren Sie<\/a>\u00a0zu unserem Reflexionsmedium, um uns zu unterst\u00fctzen und Zugang zu all unseren Inhalten zu erhalten.<\/h6>","protected":false},"excerpt":{"rendered":"<p>Die Anh\u00e4nger von Donald Trump und die Wokes scheinen Erzfeinde zu sein. Dennoch offenbaren ihre jeweiligen Einstellungen zur Debatte, zu Institutionen und zur Gesellschaft frappierende \u00c4hnlichkeiten.<\/p>","protected":false},"author":138,"featured_media":521760,"comment_status":"closed","ping_status":"closed","sticky":false,"template":"","format":"standard","meta":{"_acf_changed":false,"footnotes":""},"categories":[1001],"tags":[189091,644357659,644357346],"class_list":["post-527794","post","type-post","status-publish","format-standard","has-post-thumbnail","hentry","category-politique","tag-donald-trump","tag-editoriaux","tag-wokisme"],"acf":[],"yoast_head":"<!-- This site is optimized with the Yoast SEO Premium plugin v27.4 (Yoast SEO v27.4) - https:\/\/yoast.com\/product\/yoast-seo-premium-wordpress\/ -->\n<title>Trumpisme et wokisme, sept similitudes<\/title>\n<meta name=\"description\" content=\"Partisans du trumpisme et d\u00e9fenseurs du wokisme semblent \u00eatre des ennemis jur\u00e9s. Pourtant, ils partagent des id\u00e9es et attitudes communes.\" \/>\n<meta name=\"robots\" content=\"index, follow, max-snippet:-1, max-image-preview:large, max-video-preview:-1\" \/>\n<link rel=\"canonical\" href=\"https:\/\/leregardlibre.com\/de\/politik\/trumpismus-wokismus\/\" \/>\n<meta property=\"og:locale\" content=\"de_DE\" \/>\n<meta property=\"og:type\" content=\"article\" \/>\n<meta property=\"og:title\" content=\"Trumpisme et wokisme, sept similitudes\" \/>\n<meta property=\"og:description\" content=\"Partisans du trumpisme et d\u00e9fenseurs du wokisme semblent \u00eatre des ennemis jur\u00e9s. Pourtant, ils partagent des id\u00e9es et attitudes communes.\" \/>\n<meta property=\"og:url\" content=\"https:\/\/leregardlibre.com\/de\/politik\/trumpismus-wokismus\/\" \/>\n<meta property=\"og:site_name\" content=\"Le Regard Libre\" \/>\n<meta property=\"article:publisher\" content=\"https:\/\/www.facebook.com\/leregardlibre\/\" \/>\n<meta property=\"article:author\" content=\"https:\/\/www.facebook.com\/jonas.follonier\/\" \/>\n<meta property=\"article:published_time\" content=\"2025-05-09T04:00:00+00:00\" \/>\n<meta property=\"article:modified_time\" content=\"2025-05-23T05:20:45+00:00\" \/>\n<meta property=\"og:image\" content=\"https:\/\/leregardlibre.com\/wp-content\/uploads\/2024\/01\/jonas-follonier--dessin-de-nathanael-schmid-pour-le-regard-libre-1024x576.png\" \/>\n\t<meta property=\"og:image:width\" content=\"1024\" \/>\n\t<meta property=\"og:image:height\" content=\"576\" \/>\n\t<meta property=\"og:image:type\" content=\"image\/png\" \/>\n<meta name=\"author\" content=\"Jonas Follonier\" \/>\n<meta name=\"twitter:card\" content=\"summary_large_image\" \/>\n<meta name=\"twitter:creator\" content=\"@LeRegardLibre\" \/>\n<meta name=\"twitter:site\" content=\"@LeRegardLibre\" \/>\n<meta name=\"twitter:label1\" content=\"Verfasst von\" \/>\n\t<meta name=\"twitter:data1\" content=\"Jonas Follonier\" \/>\n\t<meta name=\"twitter:label2\" content=\"Gesch\u00e4tzte Lesezeit\" \/>\n\t<meta name=\"twitter:data2\" content=\"4\u00a0Minuten\" \/>\n<script type=\"application\/ld+json\" class=\"yoast-schema-graph\">{\"@context\":\"https:\\\/\\\/schema.org\",\"@graph\":[{\"@type\":\"Article\",\"@id\":\"https:\\\/\\\/leregardlibre.com\\\/politique\\\/trumpisme-wokisme\\\/#article\",\"isPartOf\":{\"@id\":\"https:\\\/\\\/leregardlibre.com\\\/politique\\\/trumpisme-wokisme\\\/\"},\"author\":{\"name\":\"Jonas Follonier\",\"@id\":\"https:\\\/\\\/leregardlibre.com\\\/#\\\/schema\\\/person\\\/bfe5aa794a23be71485d60e2d93ec0d2\"},\"headline\":\"Trumpisme et wokisme, sept similitudes\",\"datePublished\":\"2025-05-09T04:00:00+00:00\",\"dateModified\":\"2025-05-23T05:20:45+00:00\",\"mainEntityOfPage\":{\"@id\":\"https:\\\/\\\/leregardlibre.com\\\/politique\\\/trumpisme-wokisme\\\/\"},\"wordCount\":728,\"publisher\":{\"@id\":\"https:\\\/\\\/leregardlibre.com\\\/#organization\"},\"image\":{\"@id\":\"https:\\\/\\\/leregardlibre.com\\\/politique\\\/trumpisme-wokisme\\\/#primaryimage\"},\"thumbnailUrl\":\"https:\\\/\\\/leregardlibre.com\\\/wp-content\\\/uploads\\\/2024\\\/01\\\/jonas-follonier--dessin-de-nathanael-schmid-pour-le-regard-libre.png\",\"keywords\":[\"Donald Trump\",\"Editorial\",\"Wokisme\"],\"articleSection\":[\"Politique\"],\"inLanguage\":\"de\"},{\"@type\":\"WebPage\",\"@id\":\"https:\\\/\\\/leregardlibre.com\\\/politique\\\/trumpisme-wokisme\\\/\",\"url\":\"https:\\\/\\\/leregardlibre.com\\\/politique\\\/trumpisme-wokisme\\\/\",\"name\":\"Trumpisme et wokisme, sept similitudes\",\"isPartOf\":{\"@id\":\"https:\\\/\\\/leregardlibre.com\\\/#website\"},\"primaryImageOfPage\":{\"@id\":\"https:\\\/\\\/leregardlibre.com\\\/politique\\\/trumpisme-wokisme\\\/#primaryimage\"},\"image\":{\"@id\":\"https:\\\/\\\/leregardlibre.com\\\/politique\\\/trumpisme-wokisme\\\/#primaryimage\"},\"thumbnailUrl\":\"https:\\\/\\\/leregardlibre.com\\\/wp-content\\\/uploads\\\/2024\\\/01\\\/jonas-follonier--dessin-de-nathanael-schmid-pour-le-regard-libre.png\",\"datePublished\":\"2025-05-09T04:00:00+00:00\",\"dateModified\":\"2025-05-23T05:20:45+00:00\",\"description\":\"Partisans du trumpisme et d\u00e9fenseurs du wokisme semblent \u00eatre des ennemis jur\u00e9s. Pourtant, ils partagent des id\u00e9es et attitudes communes.\",\"breadcrumb\":{\"@id\":\"https:\\\/\\\/leregardlibre.com\\\/politique\\\/trumpisme-wokisme\\\/#breadcrumb\"},\"inLanguage\":\"de\",\"potentialAction\":[{\"@type\":\"ReadAction\",\"target\":[\"https:\\\/\\\/leregardlibre.com\\\/politique\\\/trumpisme-wokisme\\\/\"]}]},{\"@type\":\"ImageObject\",\"inLanguage\":\"de\",\"@id\":\"https:\\\/\\\/leregardlibre.com\\\/politique\\\/trumpisme-wokisme\\\/#primaryimage\",\"url\":\"https:\\\/\\\/leregardlibre.com\\\/wp-content\\\/uploads\\\/2024\\\/01\\\/jonas-follonier--dessin-de-nathanael-schmid-pour-le-regard-libre.png\",\"contentUrl\":\"https:\\\/\\\/leregardlibre.com\\\/wp-content\\\/uploads\\\/2024\\\/01\\\/jonas-follonier--dessin-de-nathanael-schmid-pour-le-regard-libre.png\",\"width\":1920,\"height\":1080,\"caption\":\"Dessin r\u00e9alis\u00e9 par Nathanae\u0308l Schmid pour Le Regard Libre\"},{\"@type\":\"BreadcrumbList\",\"@id\":\"https:\\\/\\\/leregardlibre.com\\\/politique\\\/trumpisme-wokisme\\\/#breadcrumb\",\"itemListElement\":[{\"@type\":\"ListItem\",\"position\":1,\"name\":\"Accueil\",\"item\":\"https:\\\/\\\/leregardlibre.com\\\/\"},{\"@type\":\"ListItem\",\"position\":2,\"name\":\"Trumpisme et wokisme, sept similitudes\"}]},{\"@type\":\"WebSite\",\"@id\":\"https:\\\/\\\/leregardlibre.com\\\/#website\",\"url\":\"https:\\\/\\\/leregardlibre.com\\\/\",\"name\":\"Le Regard Libre\",\"description\":\"Premier mensuel suisse de d\u00e9bat\",\"publisher\":{\"@id\":\"https:\\\/\\\/leregardlibre.com\\\/#organization\"},\"potentialAction\":[{\"@type\":\"SearchAction\",\"target\":{\"@type\":\"EntryPoint\",\"urlTemplate\":\"https:\\\/\\\/leregardlibre.com\\\/?s={search_term_string}\"},\"query-input\":{\"@type\":\"PropertyValueSpecification\",\"valueRequired\":true,\"valueName\":\"search_term_string\"}}],\"inLanguage\":\"de\"},{\"@type\":\"Organization\",\"@id\":\"https:\\\/\\\/leregardlibre.com\\\/#organization\",\"name\":\"Le Regard Libre\",\"url\":\"https:\\\/\\\/leregardlibre.com\\\/\",\"logo\":{\"@type\":\"ImageObject\",\"inLanguage\":\"de\",\"@id\":\"https:\\\/\\\/leregardlibre.com\\\/#\\\/schema\\\/logo\\\/image\\\/\",\"url\":\"https:\\\/\\\/leregardlibre.com\\\/wp-content\\\/uploads\\\/2025\\\/08\\\/logo-rl-icone-neg.jpeg\",\"contentUrl\":\"https:\\\/\\\/leregardlibre.com\\\/wp-content\\\/uploads\\\/2025\\\/08\\\/logo-rl-icone-neg.jpeg\",\"width\":557,\"height\":556,\"caption\":\"Le Regard Libre\"},\"image\":{\"@id\":\"https:\\\/\\\/leregardlibre.com\\\/#\\\/schema\\\/logo\\\/image\\\/\"},\"sameAs\":[\"https:\\\/\\\/www.facebook.com\\\/leregardlibre\\\/\",\"https:\\\/\\\/x.com\\\/LeRegardLibre\",\"https:\\\/\\\/www.linkedin.com\\\/company\\\/le-regard-libre\",\"https:\\\/\\\/www.instagram.com\\\/leregardlibre\\\/\",\"http:\\\/\\\/t.me\\\/leregardlibre\",\"https:\\\/\\\/youtube.com\\\/channel\\\/UC6HzGPomj1LsUmlz-sJtITQ\"],\"description\":\"Le Regard Libre est un mensuel suisse de d\u00e9bat intellectuel et culturel. Sa r\u00e9daction est jeune, b\u00e9n\u00e9vole, lib\u00e9rale et pluraliste. Le magazine para\u00eet en ligne et sous forme papier. Sa langue est le fran\u00e7ais.\",\"email\":\"redaction@leregardlibre.com\",\"legalName\":\"Le Regard Libre\",\"foundingDate\":\"2014-01-01\",\"numberOfEmployees\":{\"@type\":\"QuantitativeValue\",\"minValue\":\"11\",\"maxValue\":\"50\"},\"publishingPrinciples\":\"https:\\\/\\\/leregardlibre.com\\\/a-propos\\\/notre-manifeste\\\/\",\"ownershipFundingInfo\":\"https:\\\/\\\/leregardlibre.com\\\/mentions-legales\\\/\",\"actionableFeedbackPolicy\":\"https:\\\/\\\/leregardlibre.com\\\/conditions-generales-de-vente\\\/\"},{\"@type\":\"Person\",\"@id\":\"https:\\\/\\\/leregardlibre.com\\\/#\\\/schema\\\/person\\\/bfe5aa794a23be71485d60e2d93ec0d2\",\"name\":\"Jonas Follonier\",\"image\":{\"@type\":\"ImageObject\",\"inLanguage\":\"de\",\"@id\":\"https:\\\/\\\/secure.gravatar.com\\\/avatar\\\/602060b40f6a458420c2d140f49b6caea99152ce6704f2c332e5a0c5aad80303?s=96&d=identicon&r=g\",\"url\":\"https:\\\/\\\/secure.gravatar.com\\\/avatar\\\/602060b40f6a458420c2d140f49b6caea99152ce6704f2c332e5a0c5aad80303?s=96&d=identicon&r=g\",\"contentUrl\":\"https:\\\/\\\/secure.gravatar.com\\\/avatar\\\/602060b40f6a458420c2d140f49b6caea99152ce6704f2c332e5a0c5aad80303?s=96&d=identicon&r=g\",\"caption\":\"Jonas Follonier\"},\"description\":\"Correspondant au Palais f\u00e9d\u00e9ral pour \u00abL\u2019Agefi\u00bb, auteur-compositeur-interpr\u00e8te et essayiste, Jonas Follonier est le fondateur et r\u00e9dacteur en chef du \u00abRegard Libre\u00bb.\",\"sameAs\":[\"https:\\\/\\\/www.facebook.com\\\/jonas.follonier\\\/\",\"https:\\\/\\\/www.instagram.com\\\/jonasfollonier\\\/\",\"https:\\\/\\\/www.linkedin.com\\\/in\\\/jonasfollonier\\\/\",\"https:\\\/\\\/fr.wikipedia.org\\\/wiki\\\/Le_Regard_libre\"],\"url\":\"https:\\\/\\\/leregardlibre.com\\\/de\\\/author\\\/jonas-follonier\\\/\"}]}<\/script>\n<!-- \/ Yoast SEO Premium plugin. -->","yoast_head_json":{"title":"Trumpismus und Wokismus, sieben Gemeinsamkeiten","description":"Anh\u00e4nger des Trumpismus und Verfechter des Wokismus scheinen Erzfeinde zu sein. Dennoch teilen sie gemeinsame Ideen und Haltungen.","robots":{"index":"index","follow":"follow","max-snippet":"max-snippet:-1","max-image-preview":"max-image-preview:large","max-video-preview":"max-video-preview:-1"},"canonical":"https:\/\/leregardlibre.com\/de\/politik\/trumpismus-wokismus\/","og_locale":"de_DE","og_type":"article","og_title":"Trumpisme et wokisme, sept similitudes","og_description":"Partisans du trumpisme et d\u00e9fenseurs du wokisme semblent \u00eatre des ennemis jur\u00e9s. Pourtant, ils partagent des id\u00e9es et attitudes communes.","og_url":"https:\/\/leregardlibre.com\/de\/politik\/trumpismus-wokismus\/","og_site_name":"Le Regard Libre","article_publisher":"https:\/\/www.facebook.com\/leregardlibre\/","article_author":"https:\/\/www.facebook.com\/jonas.follonier\/","article_published_time":"2025-05-09T04:00:00+00:00","article_modified_time":"2025-05-23T05:20:45+00:00","og_image":[{"width":1024,"height":576,"url":"https:\/\/leregardlibre.com\/wp-content\/uploads\/2024\/01\/jonas-follonier--dessin-de-nathanael-schmid-pour-le-regard-libre-1024x576.png","type":"image\/png"}],"author":"Jonas Follonier","twitter_card":"summary_large_image","twitter_creator":"@LeRegardLibre","twitter_site":"@LeRegardLibre","twitter_misc":{"Verfasst von":"Jonas Follonier","Gesch\u00e4tzte Lesezeit":"4\u00a0Minuten"},"schema":{"@context":"https:\/\/schema.org","@graph":[{"@type":"Article","@id":"https:\/\/leregardlibre.com\/politique\/trumpisme-wokisme\/#article","isPartOf":{"@id":"https:\/\/leregardlibre.com\/politique\/trumpisme-wokisme\/"},"author":{"name":"Jonas Follonier","@id":"https:\/\/leregardlibre.com\/#\/schema\/person\/bfe5aa794a23be71485d60e2d93ec0d2"},"headline":"Trumpisme et wokisme, sept similitudes","datePublished":"2025-05-09T04:00:00+00:00","dateModified":"2025-05-23T05:20:45+00:00","mainEntityOfPage":{"@id":"https:\/\/leregardlibre.com\/politique\/trumpisme-wokisme\/"},"wordCount":728,"publisher":{"@id":"https:\/\/leregardlibre.com\/#organization"},"image":{"@id":"https:\/\/leregardlibre.com\/politique\/trumpisme-wokisme\/#primaryimage"},"thumbnailUrl":"https:\/\/leregardlibre.com\/wp-content\/uploads\/2024\/01\/jonas-follonier--dessin-de-nathanael-schmid-pour-le-regard-libre.png","keywords":["Donald Trump","Editorial","Wokisme"],"articleSection":["Politique"],"inLanguage":"de"},{"@type":"WebPage","@id":"https:\/\/leregardlibre.com\/politique\/trumpisme-wokisme\/","url":"https:\/\/leregardlibre.com\/politique\/trumpisme-wokisme\/","name":"Trumpismus und Wokismus, sieben Gemeinsamkeiten","isPartOf":{"@id":"https:\/\/leregardlibre.com\/#website"},"primaryImageOfPage":{"@id":"https:\/\/leregardlibre.com\/politique\/trumpisme-wokisme\/#primaryimage"},"image":{"@id":"https:\/\/leregardlibre.com\/politique\/trumpisme-wokisme\/#primaryimage"},"thumbnailUrl":"https:\/\/leregardlibre.com\/wp-content\/uploads\/2024\/01\/jonas-follonier--dessin-de-nathanael-schmid-pour-le-regard-libre.png","datePublished":"2025-05-09T04:00:00+00:00","dateModified":"2025-05-23T05:20:45+00:00","description":"Anh\u00e4nger des Trumpismus und Verfechter des Wokismus scheinen Erzfeinde zu sein. Dennoch teilen sie gemeinsame Ideen und Haltungen.","breadcrumb":{"@id":"https:\/\/leregardlibre.com\/politique\/trumpisme-wokisme\/#breadcrumb"},"inLanguage":"de","potentialAction":[{"@type":"ReadAction","target":["https:\/\/leregardlibre.com\/politique\/trumpisme-wokisme\/"]}]},{"@type":"ImageObject","inLanguage":"de","@id":"https:\/\/leregardlibre.com\/politique\/trumpisme-wokisme\/#primaryimage","url":"https:\/\/leregardlibre.com\/wp-content\/uploads\/2024\/01\/jonas-follonier--dessin-de-nathanael-schmid-pour-le-regard-libre.png","contentUrl":"https:\/\/leregardlibre.com\/wp-content\/uploads\/2024\/01\/jonas-follonier--dessin-de-nathanael-schmid-pour-le-regard-libre.png","width":1920,"height":1080,"caption":"Dessin r\u00e9alis\u00e9 par Nathanae\u0308l Schmid pour Le Regard Libre"},{"@type":"BreadcrumbList","@id":"https:\/\/leregardlibre.com\/politique\/trumpisme-wokisme\/#breadcrumb","itemListElement":[{"@type":"ListItem","position":1,"name":"Accueil","item":"https:\/\/leregardlibre.com\/"},{"@type":"ListItem","position":2,"name":"Trumpisme et wokisme, sept similitudes"}]},{"@type":"WebSite","@id":"https:\/\/leregardlibre.com\/#website","url":"https:\/\/leregardlibre.com\/","name":"Le Regard Libre","description":"Erste Schweizer Monatszeitschrift f\u00fcr Debatten","publisher":{"@id":"https:\/\/leregardlibre.com\/#organization"},"potentialAction":[{"@type":"SearchAction","target":{"@type":"EntryPoint","urlTemplate":"https:\/\/leregardlibre.com\/?s={search_term_string}"},"query-input":{"@type":"PropertyValueSpecification","valueRequired":true,"valueName":"search_term_string"}}],"inLanguage":"de"},{"@type":"Organization","@id":"https:\/\/leregardlibre.com\/#organization","name":"Le Regard Libre","url":"https:\/\/leregardlibre.com\/","logo":{"@type":"ImageObject","inLanguage":"de","@id":"https:\/\/leregardlibre.com\/#\/schema\/logo\/image\/","url":"https:\/\/leregardlibre.com\/wp-content\/uploads\/2025\/08\/logo-rl-icone-neg.jpeg","contentUrl":"https:\/\/leregardlibre.com\/wp-content\/uploads\/2025\/08\/logo-rl-icone-neg.jpeg","width":557,"height":556,"caption":"Le Regard Libre"},"image":{"@id":"https:\/\/leregardlibre.com\/#\/schema\/logo\/image\/"},"sameAs":["https:\/\/www.facebook.com\/leregardlibre\/","https:\/\/x.com\/LeRegardLibre","https:\/\/www.linkedin.com\/company\/le-regard-libre","https:\/\/www.instagram.com\/leregardlibre\/","http:\/\/t.me\/leregardlibre","https:\/\/youtube.com\/channel\/UC6HzGPomj1LsUmlz-sJtITQ"],"description":"Le Regard Libre ist eine Schweizer Monatszeitschrift f\u00fcr intellektuelle und kulturelle Debatten. Seine Redaktion ist jung, ehrenamtlich, liberal und pluralistisch. Das Magazin erscheint online und in gedruckter Form. Seine Sprache ist Franz\u00f6sisch.","email":"redaction@leregardlibre.com","legalName":"Le Regard Libre","foundingDate":"2014-01-01","numberOfEmployees":{"@type":"QuantitativeValue","minValue":"11","maxValue":"50"},"publishingPrinciples":"https:\/\/leregardlibre.com\/a-propos\/notre-manifeste\/","ownershipFundingInfo":"https:\/\/leregardlibre.com\/mentions-legales\/","actionableFeedbackPolicy":"https:\/\/leregardlibre.com\/conditions-generales-de-vente\/"},{"@type":"Person","@id":"https:\/\/leregardlibre.com\/#\/schema\/person\/bfe5aa794a23be71485d60e2d93ec0d2","name":"Jonas Follonier","image":{"@type":"ImageObject","inLanguage":"de","@id":"https:\/\/secure.gravatar.com\/avatar\/602060b40f6a458420c2d140f49b6caea99152ce6704f2c332e5a0c5aad80303?s=96&d=identicon&r=g","url":"https:\/\/secure.gravatar.com\/avatar\/602060b40f6a458420c2d140f49b6caea99152ce6704f2c332e5a0c5aad80303?s=96&d=identicon&r=g","contentUrl":"https:\/\/secure.gravatar.com\/avatar\/602060b40f6a458420c2d140f49b6caea99152ce6704f2c332e5a0c5aad80303?s=96&d=identicon&r=g","caption":"Jonas Follonier"},"description":"Bundeshauskorrespondent f\u00fcr \u00abL'Agefi\u00bb, Singer-Songwriter, Jonas Follonier ist Gr\u00fcnder und Chefredakteur von \u00abRegard Libre\u00bb.","sameAs":["https:\/\/www.facebook.com\/jonas.follonier\/","https:\/\/www.instagram.com\/jonasfollonier\/","https:\/\/www.linkedin.com\/in\/jonasfollonier\/","https:\/\/fr.wikipedia.org\/wiki\/Le_Regard_libre"],"url":"https:\/\/leregardlibre.com\/de\/author\/jonas-follonier\/"}]}},"_links":{"self":[{"href":"https:\/\/leregardlibre.com\/de\/wp-json\/wp\/v2\/posts\/527794","targetHints":{"allow":["GET"]}}],"collection":[{"href":"https:\/\/leregardlibre.com\/de\/wp-json\/wp\/v2\/posts"}],"about":[{"href":"https:\/\/leregardlibre.com\/de\/wp-json\/wp\/v2\/types\/post"}],"author":[{"embeddable":true,"href":"https:\/\/leregardlibre.com\/de\/wp-json\/wp\/v2\/users\/138"}],"replies":[{"embeddable":true,"href":"https:\/\/leregardlibre.com\/de\/wp-json\/wp\/v2\/comments?post=527794"}],"version-history":[{"count":2,"href":"https:\/\/leregardlibre.com\/de\/wp-json\/wp\/v2\/posts\/527794\/revisions"}],"predecessor-version":[{"id":527961,"href":"https:\/\/leregardlibre.com\/de\/wp-json\/wp\/v2\/posts\/527794\/revisions\/527961"}],"wp:featuredmedia":[{"embeddable":true,"href":"https:\/\/leregardlibre.com\/de\/wp-json\/wp\/v2\/media\/521760"}],"wp:attachment":[{"href":"https:\/\/leregardlibre.com\/de\/wp-json\/wp\/v2\/media?parent=527794"}],"wp:term":[{"taxonomy":"category","embeddable":true,"href":"https:\/\/leregardlibre.com\/de\/wp-json\/wp\/v2\/categories?post=527794"},{"taxonomy":"post_tag","embeddable":true,"href":"https:\/\/leregardlibre.com\/de\/wp-json\/wp\/v2\/tags?post=527794"}],"curies":[{"name":"wp","href":"https:\/\/api.w.org\/{rel}","templated":true}]}}