{"id":530240,"date":"2025-12-12T07:30:00","date_gmt":"2025-12-12T06:30:00","guid":{"rendered":"https:\/\/leregardlibre.com\/?p=530240"},"modified":"2025-12-12T17:18:02","modified_gmt":"2025-12-12T16:18:02","slug":"eugenik-ralph-muller","status":"publish","type":"post","link":"https:\/\/leregardlibre.com\/de\/gesellschaft\/eugenik-ralph-muller\/","title":{"rendered":"Stoppt die Eugenik"},"content":{"rendered":"<p class=\"has-drop-cap\"><strong>Jeden Monat liefert der Youtuber Ralph M\u00fcller seine bitterb\u00f6se Analyse eines typischen Zeitph\u00e4nomens. In diesem Monat kritisiert er eine zeitgen\u00f6ssische Form der Eugenik.<\/strong><\/p>\n\n\n\n<!--more-->\n\n\n\n<p><em>Der Internationale Kurier<\/em> ver\u00f6ffentlichte am 11. Oktober einen Artikel mit dem Titel \u00abIn der Superbaby-Fabrik des Silicon Valley\u201c. Darin wurde \u00fcber Noor Siddiqui berichtet, die ein Start-up-Unternehmen f\u00fcr \u201dEmbryo-Screening\u00bb gr\u00fcndete, dessen Ziel es ist, \u00abEltern eine nie dagewesene Menge an Informationen \u00fcber ihren zuk\u00fcnftigen Nachwuchs zu liefern, damit sie eine gesunde und sorgenfreie Familie gr\u00fcnden k\u00f6nnen\u00bb.<\/p>\n\n\n\n<p>So wird es m\u00f6glich sein, das Risiko eines Embryos vorherzusagen, an Krankheiten \u00abwie bipolarer St\u00f6rung, Krebs, Alzheimer, Fettleibigkeit oder Schizophrenie\u00bb zu erkranken. Charmantes Programm, aber nein danke.<\/p>\n\n\n\n<p>Was in dieser Form der Eugenik am Werk ist, ist die wissenschaftliche und technikbegeisterte Weltanschauung, die von den Grenzen lebt, die sie \u00fcberschreitet. Die Grenzen zu \u00fcberschreiten ist eine Art Spiel, bei dem man Eitelkeit daraus zieht, die Natur herauszufordern.<\/p>\n\n\n\n<form method=\"post\" action=\"https:\/\/newsletter.infomaniak.com\/external\/submit\" class=\"inf-form\" target=\"_blank\"><input type=\"email\" name=\"email\" style=\"display:none\" \/><input type=\"hidden\" name=\"key\"\nvalue=\"eyJpdiI6IlZXRVJGMlRGQUU2alNqUE81bitIUk5adnNVa0c4MllFTStzOHdHT1FQZ3c9IiwidmFsdWUiOiJIYzhwMUVCK1pTNnlhY3MyMmhuZlhReWJqemEwNk93blMxTjFHc0s2VHZrPSIsIm1hYyI6ImVhYTQ5N2I1M2NiYWE4NzBmNjk2NzgzYjliM2Y5NmYzM2E2ZmU3NGQxNTU1ZDFkMTU1MzY5NTdjYjE3ZTJmNTUifQ==\"><input type=\"hidden\" name=\"webform_id\" value=\"7291\"><style> .inf-main_3000311ca56a1cb93397bc676c0b7fff{ background-color:#f5f5f5;\npadding:25px 20px; margin:25px auto; } .inf-main_3000311ca56a1cb93397bc676c0b7fff .inf-content { margin-top:13px;} .inf-main_3000311ca56a1cb93397bc676c0b7fff h4, .inf-main_3000311ca56a1cb93397bc676c0b7fff span, .inf-\nmain_3000311ca56a1cb93397bc676c0b7fff label, .inf-main_3000311ca56a1cb93397bc676c0b7fff input, .inf-main_3000311ca56a1cb93397bc676c0b7fff .inf-submit, .inf-main_3000311ca56a1cb93397bc676c0b7fff .inf-success p a { color:#555555; font-\nsize:14px; } .inf-main_3000311ca56a1cb93397bc676c0b7fff h4{ font-size:18px; margin:0px 0px 13px 0px; } .inf-main_3000311ca56a1cb93397bc676c0b7fff h4, .inf-main_3000311ca56a1cb93397bc676c0b7fff label{ font-weight:bold; } .inf-\nmain_3000311ca56a1cb93397bc676c0b7fff .inf-input { margin-bottom:7px; } .inf-main_3000311ca56a1cb93397bc676c0b7fff label { display:block;} .inf-main_3000311ca56a1cb93397bc676c0b7fff input{ height:35px; color:#999999; border: 1px solid\n#E9E9E9; border:none; padding-left:7px; } .inf-main_3000311ca56a1cb93397bc676c0b7fff .inf-input.inf-error label, .inf-main_3000311ca56a1cb93397bc676c0b7fff .inf-input.inf-error span.inf-message{ color: #cc0033; } .inf-\nmain_3000311ca56a1cb93397bc676c0b7fff .inf-input.inf-error input{ border: 1px solid #cc0033; } .inf-main_3000311ca56a1cb93397bc676c0b7fff .inf-input input { width:100%;} .inf-main_3000311ca56a1cb93397bc676c0b7fff .inf-input.inf-error\nspan.inf-message { display: block; } .inf-main_3000311ca56a1cb93397bc676c0b7fff .inf-submit { text-align:right;} .inf-main_3000311ca56a1cb93397bc676c0b7fff .inf-submit input{ background-color:#777777; color:#ffffff; border:none; font-weight:\nnormal; height:auto; padding:7px; } .inf-main_3000311ca56a1cb93397bc676c0b7fff .inf-submit input.disabled{ opacity: 0.4; } .inf-btn { color: rgb(85, 85, 85); border: medium none; font-weight: normal; height: auto; padding: 7px; display: inline-block;\nbackground-color: white; box-shadow: 0px 1px 1px rgba(0, 0, 0, 0.24); border-radius: 2px; line-height: 1em; } .inf-rgpd { margin:25px 0px 15px 0px; color:#555555; } <\/style> <div class=\"inf-main_3000311ca56a1cb93397bc676c0b7fff\">\n<h4>NEWSLETTER DES FREIEN BLICKS<\/h4> <span>Erhalten Sie unsere Artikel jeden Sonntag.<\/span> <div class=\"inf-success\" style=\"display:none\"> <h4>Ihre Anmeldung f\u00fcr unseren w\u00f6chentlichen Newsletter wurde erfolgreich registriert!<\/h4> <p>\n<a href=\"#\" class=\"inf-btn\">\u00ab<\/a> <\/p> <\/div> <div class=\"inf-content\"> <div class=\"inf-input inf-input-text\"> <input type=\"text\" name=\"inf[1]\" data-inf-meta = \"1\" data-inf-error = \"Merci de renseigner une adresse email\" required=\"required\"\nplaceholder=\"E-Mail\" > <\/div> <div class=\"inf-submit\"> <input type=\"submit\" name=\"\" value=\"Anmelden\"> <\/div> <\/div> <\/div> <\/form>\n\n\n\n<p>Es liegt etwas Perverses in diesem Streben nach Kontrolle und der wachsenden Intoleranz gegen\u00fcber jeder Form von Ungewissheit. Was diese Leute nicht sehen, ist, dass das, was sie zu \u00aboptimieren\u00bb versuchen, in dem Masse an Bedeutung verliert, wie sie es optimieren, so dass sie unfehlbar das ruinieren, wof\u00fcr sie - sehr ungeschickt - die \u00aboptimalen\u00bb Bedingungen zu schaffen beabsichtigen.<\/p>\n\n\n\n<h6 class=\"wp-block-heading\" id=\"h-a-lire-aussi-pas-de-all-in-dans-l-ia\">Lesen Sie auch | <a href=\"https:\/\/leregardlibre.com\/de\/politik\/ia-marianne-grosjean\/\">Kein \u00aball in\u00bb in der KI <\/a><\/h6>\n\n\n\n<p>Wie willst du ein Wesen authentisch lieben, das du schon vor seiner Geburt dazu verurteilt hast, nicht dein Nachwuchs, sondern dein <em>Produkt<\/em>?<\/p>\n\n\n\n<p>Ein solches von vornherein \u00aboptimiertes\u00bb Kind w\u00fcrde sich im Alter der Vernunft wahrscheinlich eher geformt als geliebt f\u00fchlen. Ein weiteres Risiko sieht der franz\u00f6sische Philosoph und Mathematiker Olivier Rey: \u00abJe mehr das Kind vor seiner Geburt kontrolliert wird, desto weniger wird es danach kontrollierbar sein.\u00bb<\/p>\n\n\n\n<p>Hat man auch nur einen Gedanken an die Unruhe verschwendet, die diese Basteleien unweigerlich verursachen werden?<\/p>\n\n\n\n<p>Das ist die Geschichte der Technik: Probleme l\u00f6sen, indem man neue Probleme schafft, und mit diesen neue Anpassungsformen hervorbringen. Wir sollten immer nach den psychischen Bedingungen fragen, die dieser oder jener technologische \u00abFortschritt\u00bb schafft. Es geht nicht nur um Gegenst\u00e4nde, Methoden und M\u00f6glichkeiten, sondern um das Aufkommen eines neuen Menschentyps und damit auch einer neuen Art von menschlichen Beziehungen. Das ganze Geb\u00e4ude dessen, was unser Menschsein ausmacht, wird auf den Kopf gestellt, wie wir seit der Smartphone-Revolution sehen.<\/p>\n\n\n\n<h6 class=\"wp-block-heading\" id=\"h-a-lire-aussi-face-a-l-ia-la-question-du-sens-de-l-existence\">Lesen Sie auch | <a href=\"https:\/\/leregardlibre.com\/de\/gesellschaft\/ia-ralph-muller\/\">Angesichts der KI die Frage nach dem Sinn des Daseins<\/a><\/h6>\n\n\n\n<p>So wird man wollen, dass die Geburt das Ergebnis einer List ist. Das ist w\u00f6rtlich gemeint. Die besagte Startup-Firma versichert, dass \u00abdie Fortpflanzung zunehmend eine Geschichte der genetischen Auswahl und der Datenanalyse sein wird - und immer weniger eine Sache der Sexualit\u00e4t\u00bb. Man muss schon eine ziemlich verdorbene Seele haben, um sich von einer solchen Aussage verf\u00fchren zu lassen.<\/p>\n\n\n\n<p>Dieser Artikel erinnert uns daran, dass die Wissenschaft \u00fcber die zu verfolgenden Ziele schweigt. Es ist nicht ihre Aufgabe, zu sagen, was w\u00fcnschenswert ist, und auch nicht, was sie m\u00f6glich macht, um unsere Position zu bestimmen. Der Beruf des Menschen ist mit Sicherheit einer der Berufe, die nicht durch k\u00fcnstliche Intelligenz ersetzt werden, und es ist dringend notwendig, wieder Gefallen daran zu finden. Es ist dringend notwendig, in grossem Massstab an Praktiken anzukn\u00fcpfen, die eine gewisse Ruhe und einen Sinn f\u00fcr Tiefe \u2013 moralisch und zeitlich \u2013 bieten k\u00f6nnen. Ob wir nun \u00abSuperbabys\u00bb machen oder nicht, ob wir uns NeuroLink-Chips implantieren oder nicht, der Geist und das Wort m\u00fcssen unsere Wiege und unser Ideal bleiben.<\/p>\n\n\n\n<p><em>Die Lehrkraft\u00a0<strong>Ralph M\u00fcller<\/strong>\u00a0liefert in jeder Ausgabe seine bitterb\u00f6se Analyse eines gesellschaftlichen Ph\u00e4nomens. Finden Sie seine Videos\u00a0<\/em><a href=\"https:\/\/www.youtube.com\/watch?v=NcGWiO7gbHo&amp;ab_channel=LaCartouche\"><em>auf dem YouTube-Kanal \u00abLa Cartouche\u00bb.\u00bb<\/em><\/a>.<\/p>\n\n\n\n<h6 class=\"wp-block-heading\" id=\"h-vous-venez-de-lire-une-chronique-en-libre-acces-publiee-dans-notre-edition-papier-le-regard-libre-n-122-debats-analyses-actualites-culturelles-abonnez-vous-a-notre-media-de-reflexion-pour-nous-soutenir-et-avoir-acces-a-tous-nos-contenus\">Sie haben gerade eine frei zug\u00e4ngliche Kolumne gelesen, die in unserer Printausgabe erschienen ist (<a href=\"https:\/\/leregardlibre.com\/de\/cpt-editions\/le-regard-libre-n122-dossier-kritik-an-der-demokratie\/\"><em>Le Regard Libre <\/em>N\u00b0122<\/a>). Debatten, Analysen, Kulturnachrichten:\u00a0<a href=\"https:\/\/leregardlibre.com\/de\/abonnement\/\">abonnieren Sie<\/a>\u00a0zu unserem Reflexionsmedium, um uns zu unterst\u00fctzen und Zugang zu all unseren Inhalten zu erhalten.<\/h6>","protected":false},"excerpt":{"rendered":"<p>Jeden Monat liefert der Youtuber Ralph M\u00fcller seine bitterb\u00f6se Analyse eines typischen Zeitph\u00e4nomens. In diesem Monat kritisiert er die neue Form der Eugenik.<\/p>","protected":false},"author":323,"featured_media":528789,"comment_status":"open","ping_status":"closed","sticky":false,"template":"","format":"standard","meta":{"_acf_changed":false,"footnotes":""},"categories":[8796],"tags":[644355830,644352236,644357631],"class_list":["post-530240","post","type-post","status-publish","format-standard","has-post-thumbnail","hentry","category-societe","tag-chroniques","tag-eugenisme","tag-la-cartouche-de-ralph-muller"],"acf":[],"yoast_head":"<!-- This site is optimized with the Yoast SEO Premium plugin v27.4 (Yoast SEO v27.4) - https:\/\/yoast.com\/product\/yoast-seo-premium-wordpress\/ -->\n<title>La cartouche de Ralph M\u00fcller: Halte \u00e0 l\u2019eug\u00e9nisme<\/title>\n<meta name=\"description\" content=\"Chaque mois, le youtubeur Ralph M\u00fcller livre son analyse cinglante d\u2019un ph\u00e9nom\u00e8ne typique de l\u2019\u00e9poque. Ce mois-ci, l\u2019eug\u00e9nisme.\" \/>\n<meta name=\"robots\" content=\"index, follow, max-snippet:-1, max-image-preview:large, max-video-preview:-1\" \/>\n<link rel=\"canonical\" href=\"https:\/\/leregardlibre.com\/de\/gesellschaft\/eugenik-ralph-muller\/\" \/>\n<meta property=\"og:locale\" content=\"de_DE\" \/>\n<meta property=\"og:type\" content=\"article\" \/>\n<meta property=\"og:title\" content=\"Halte \u00e0 l\u2019eug\u00e9nisme\" \/>\n<meta property=\"og:description\" content=\"Chaque mois, le youtubeur Ralph M\u00fcller livre son analyse cinglante d\u2019un ph\u00e9nom\u00e8ne typique de l\u2019\u00e9poque. Ce mois-ci, l\u2019eug\u00e9nisme.\" \/>\n<meta property=\"og:url\" content=\"https:\/\/leregardlibre.com\/de\/gesellschaft\/eugenik-ralph-muller\/\" \/>\n<meta property=\"og:site_name\" content=\"Le Regard Libre\" \/>\n<meta property=\"article:publisher\" content=\"https:\/\/www.facebook.com\/leregardlibre\/\" \/>\n<meta property=\"article:published_time\" content=\"2025-12-12T06:30:00+00:00\" \/>\n<meta property=\"article:modified_time\" content=\"2025-12-12T16:18:02+00:00\" \/>\n<meta property=\"og:image\" content=\"https:\/\/leregardlibre.com\/wp-content\/uploads\/2025\/08\/ralph-muller--nathanael-schmid-1024x576.png\" \/>\n\t<meta property=\"og:image:width\" content=\"1024\" \/>\n\t<meta property=\"og:image:height\" content=\"576\" \/>\n\t<meta property=\"og:image:type\" content=\"image\/png\" \/>\n<meta name=\"author\" content=\"Ralph M\u00fcller\" \/>\n<meta name=\"twitter:card\" content=\"summary_large_image\" \/>\n<meta name=\"twitter:creator\" content=\"@LeRegardLibre\" \/>\n<meta name=\"twitter:site\" content=\"@LeRegardLibre\" \/>\n<meta name=\"twitter:label1\" content=\"Verfasst von\" \/>\n\t<meta name=\"twitter:data1\" content=\"Ralph M\u00fcller\" \/>\n\t<meta name=\"twitter:label2\" content=\"Gesch\u00e4tzte Lesezeit\" \/>\n\t<meta name=\"twitter:data2\" content=\"4\u00a0Minuten\" \/>\n<script type=\"application\/ld+json\" class=\"yoast-schema-graph\">{\"@context\":\"https:\\\/\\\/schema.org\",\"@graph\":[{\"@type\":\"Article\",\"@id\":\"https:\\\/\\\/leregardlibre.com\\\/societe\\\/eugenisme-ralph-muller\\\/#article\",\"isPartOf\":{\"@id\":\"https:\\\/\\\/leregardlibre.com\\\/societe\\\/eugenisme-ralph-muller\\\/\"},\"author\":{\"name\":\"Ralph M\u00fcller\",\"@id\":\"https:\\\/\\\/leregardlibre.com\\\/#\\\/schema\\\/person\\\/11b6382549059e998eaaaff375ecb6b8\"},\"headline\":\"Halte \u00e0 l\u2019eug\u00e9nisme\",\"datePublished\":\"2025-12-12T06:30:00+00:00\",\"dateModified\":\"2025-12-12T16:18:02+00:00\",\"mainEntityOfPage\":{\"@id\":\"https:\\\/\\\/leregardlibre.com\\\/societe\\\/eugenisme-ralph-muller\\\/\"},\"wordCount\":780,\"commentCount\":0,\"publisher\":{\"@id\":\"https:\\\/\\\/leregardlibre.com\\\/#organization\"},\"image\":{\"@id\":\"https:\\\/\\\/leregardlibre.com\\\/societe\\\/eugenisme-ralph-muller\\\/#primaryimage\"},\"thumbnailUrl\":\"https:\\\/\\\/leregardlibre.com\\\/wp-content\\\/uploads\\\/2025\\\/08\\\/ralph-muller--nathanael-schmid.png\",\"keywords\":[\"Chronique\",\"Eug\u00e9nisme\",\"La cartouche de Ralph M\u00fcller\"],\"articleSection\":[\"Soci\u00e9t\u00e9\"],\"inLanguage\":\"de\",\"potentialAction\":[{\"@type\":\"CommentAction\",\"name\":\"Comment\",\"target\":[\"https:\\\/\\\/leregardlibre.com\\\/societe\\\/eugenisme-ralph-muller\\\/#respond\"]}]},{\"@type\":\"WebPage\",\"@id\":\"https:\\\/\\\/leregardlibre.com\\\/societe\\\/eugenisme-ralph-muller\\\/\",\"url\":\"https:\\\/\\\/leregardlibre.com\\\/societe\\\/eugenisme-ralph-muller\\\/\",\"name\":\"La cartouche de Ralph M\u00fcller: Halte \u00e0 l\u2019eug\u00e9nisme\",\"isPartOf\":{\"@id\":\"https:\\\/\\\/leregardlibre.com\\\/#website\"},\"primaryImageOfPage\":{\"@id\":\"https:\\\/\\\/leregardlibre.com\\\/societe\\\/eugenisme-ralph-muller\\\/#primaryimage\"},\"image\":{\"@id\":\"https:\\\/\\\/leregardlibre.com\\\/societe\\\/eugenisme-ralph-muller\\\/#primaryimage\"},\"thumbnailUrl\":\"https:\\\/\\\/leregardlibre.com\\\/wp-content\\\/uploads\\\/2025\\\/08\\\/ralph-muller--nathanael-schmid.png\",\"datePublished\":\"2025-12-12T06:30:00+00:00\",\"dateModified\":\"2025-12-12T16:18:02+00:00\",\"description\":\"Chaque mois, le youtubeur Ralph M\u00fcller livre son analyse cinglante d\u2019un ph\u00e9nom\u00e8ne typique de l\u2019\u00e9poque. Ce mois-ci, l\u2019eug\u00e9nisme.\",\"breadcrumb\":{\"@id\":\"https:\\\/\\\/leregardlibre.com\\\/societe\\\/eugenisme-ralph-muller\\\/#breadcrumb\"},\"inLanguage\":\"de\",\"potentialAction\":[{\"@type\":\"ReadAction\",\"target\":[\"https:\\\/\\\/leregardlibre.com\\\/societe\\\/eugenisme-ralph-muller\\\/\"]}]},{\"@type\":\"ImageObject\",\"inLanguage\":\"de\",\"@id\":\"https:\\\/\\\/leregardlibre.com\\\/societe\\\/eugenisme-ralph-muller\\\/#primaryimage\",\"url\":\"https:\\\/\\\/leregardlibre.com\\\/wp-content\\\/uploads\\\/2025\\\/08\\\/ralph-muller--nathanael-schmid.png\",\"contentUrl\":\"https:\\\/\\\/leregardlibre.com\\\/wp-content\\\/uploads\\\/2025\\\/08\\\/ralph-muller--nathanael-schmid.png\",\"width\":1920,\"height\":1080,\"caption\":\"Dessin: Nathanae\u0308l Schmid pour Le Regard Libre\"},{\"@type\":\"BreadcrumbList\",\"@id\":\"https:\\\/\\\/leregardlibre.com\\\/societe\\\/eugenisme-ralph-muller\\\/#breadcrumb\",\"itemListElement\":[{\"@type\":\"ListItem\",\"position\":1,\"name\":\"Accueil\",\"item\":\"https:\\\/\\\/leregardlibre.com\\\/\"},{\"@type\":\"ListItem\",\"position\":2,\"name\":\"Halte \u00e0 l\u2019eug\u00e9nisme\"}]},{\"@type\":\"WebSite\",\"@id\":\"https:\\\/\\\/leregardlibre.com\\\/#website\",\"url\":\"https:\\\/\\\/leregardlibre.com\\\/\",\"name\":\"Le Regard Libre\",\"description\":\"Premier mensuel suisse de d\u00e9bat\",\"publisher\":{\"@id\":\"https:\\\/\\\/leregardlibre.com\\\/#organization\"},\"potentialAction\":[{\"@type\":\"SearchAction\",\"target\":{\"@type\":\"EntryPoint\",\"urlTemplate\":\"https:\\\/\\\/leregardlibre.com\\\/?s={search_term_string}\"},\"query-input\":{\"@type\":\"PropertyValueSpecification\",\"valueRequired\":true,\"valueName\":\"search_term_string\"}}],\"inLanguage\":\"de\"},{\"@type\":\"Organization\",\"@id\":\"https:\\\/\\\/leregardlibre.com\\\/#organization\",\"name\":\"Le Regard Libre\",\"url\":\"https:\\\/\\\/leregardlibre.com\\\/\",\"logo\":{\"@type\":\"ImageObject\",\"inLanguage\":\"de\",\"@id\":\"https:\\\/\\\/leregardlibre.com\\\/#\\\/schema\\\/logo\\\/image\\\/\",\"url\":\"https:\\\/\\\/leregardlibre.com\\\/wp-content\\\/uploads\\\/2025\\\/08\\\/logo-rl-icone-neg.jpeg\",\"contentUrl\":\"https:\\\/\\\/leregardlibre.com\\\/wp-content\\\/uploads\\\/2025\\\/08\\\/logo-rl-icone-neg.jpeg\",\"width\":557,\"height\":556,\"caption\":\"Le Regard Libre\"},\"image\":{\"@id\":\"https:\\\/\\\/leregardlibre.com\\\/#\\\/schema\\\/logo\\\/image\\\/\"},\"sameAs\":[\"https:\\\/\\\/www.facebook.com\\\/leregardlibre\\\/\",\"https:\\\/\\\/x.com\\\/LeRegardLibre\",\"https:\\\/\\\/www.linkedin.com\\\/company\\\/le-regard-libre\",\"https:\\\/\\\/www.instagram.com\\\/leregardlibre\\\/\",\"http:\\\/\\\/t.me\\\/leregardlibre\",\"https:\\\/\\\/youtube.com\\\/channel\\\/UC6HzGPomj1LsUmlz-sJtITQ\"],\"description\":\"Le Regard Libre est un mensuel suisse de d\u00e9bat intellectuel et culturel. Sa r\u00e9daction est jeune, b\u00e9n\u00e9vole, lib\u00e9rale et pluraliste. Le magazine para\u00eet en ligne et sous forme papier. Sa langue est le fran\u00e7ais.\",\"email\":\"redaction@leregardlibre.com\",\"legalName\":\"Le Regard Libre\",\"foundingDate\":\"2014-01-01\",\"numberOfEmployees\":{\"@type\":\"QuantitativeValue\",\"minValue\":\"11\",\"maxValue\":\"50\"},\"publishingPrinciples\":\"https:\\\/\\\/leregardlibre.com\\\/a-propos\\\/notre-manifeste\\\/\",\"ownershipFundingInfo\":\"https:\\\/\\\/leregardlibre.com\\\/mentions-legales\\\/\",\"actionableFeedbackPolicy\":\"https:\\\/\\\/leregardlibre.com\\\/conditions-generales-de-vente\\\/\"},{\"@type\":\"Person\",\"@id\":\"https:\\\/\\\/leregardlibre.com\\\/#\\\/schema\\\/person\\\/11b6382549059e998eaaaff375ecb6b8\",\"name\":\"Ralph M\u00fcller\",\"image\":{\"@type\":\"ImageObject\",\"inLanguage\":\"de\",\"@id\":\"https:\\\/\\\/secure.gravatar.com\\\/avatar\\\/479f0bf2e4ffb37778927bc418186cf27ff7a22811a23b227769eeb0f7afd96f?s=96&d=identicon&r=g\",\"url\":\"https:\\\/\\\/secure.gravatar.com\\\/avatar\\\/479f0bf2e4ffb37778927bc418186cf27ff7a22811a23b227769eeb0f7afd96f?s=96&d=identicon&r=g\",\"contentUrl\":\"https:\\\/\\\/secure.gravatar.com\\\/avatar\\\/479f0bf2e4ffb37778927bc418186cf27ff7a22811a23b227769eeb0f7afd96f?s=96&d=identicon&r=g\",\"caption\":\"Ralph M\u00fcller\"},\"description\":\"Animateur de la cha\u00eene YouTube \u00abLa Cartouche\u00bb et formateur, Ralph M\u00fcller livre tous les mois au Regard Libre son analyse cinglante d\u2019un ph\u00e9nom\u00e8ne typique de l\u2019\u00e9poque.\",\"sameAs\":[\"https:\\\/\\\/fr.wikipedia.org\\\/wiki\\\/Le_Regard_libre\"],\"url\":\"https:\\\/\\\/leregardlibre.com\\\/de\\\/author\\\/ralph-muller\\\/\"}]}<\/script>\n<!-- \/ Yoast SEO Premium plugin. -->","yoast_head_json":{"title":"Ralph M\u00fcllers Patrone: Stoppt die Eugenik","description":"Jeden Monat liefert der Youtuber Ralph M\u00fcller seine bitterb\u00f6se Analyse eines typischen Zeitph\u00e4nomens. Diesen Monat geht es um die Eugenik.","robots":{"index":"index","follow":"follow","max-snippet":"max-snippet:-1","max-image-preview":"max-image-preview:large","max-video-preview":"max-video-preview:-1"},"canonical":"https:\/\/leregardlibre.com\/de\/gesellschaft\/eugenik-ralph-muller\/","og_locale":"de_DE","og_type":"article","og_title":"Halte \u00e0 l\u2019eug\u00e9nisme","og_description":"Chaque mois, le youtubeur Ralph M\u00fcller livre son analyse cinglante d\u2019un ph\u00e9nom\u00e8ne typique de l\u2019\u00e9poque. Ce mois-ci, l\u2019eug\u00e9nisme.","og_url":"https:\/\/leregardlibre.com\/de\/gesellschaft\/eugenik-ralph-muller\/","og_site_name":"Le Regard Libre","article_publisher":"https:\/\/www.facebook.com\/leregardlibre\/","article_published_time":"2025-12-12T06:30:00+00:00","article_modified_time":"2025-12-12T16:18:02+00:00","og_image":[{"width":1024,"height":576,"url":"https:\/\/leregardlibre.com\/wp-content\/uploads\/2025\/08\/ralph-muller--nathanael-schmid-1024x576.png","type":"image\/png"}],"author":"Ralph M\u00fcller","twitter_card":"summary_large_image","twitter_creator":"@LeRegardLibre","twitter_site":"@LeRegardLibre","twitter_misc":{"Verfasst von":"Ralph M\u00fcller","Gesch\u00e4tzte Lesezeit":"4\u00a0Minuten"},"schema":{"@context":"https:\/\/schema.org","@graph":[{"@type":"Article","@id":"https:\/\/leregardlibre.com\/societe\/eugenisme-ralph-muller\/#article","isPartOf":{"@id":"https:\/\/leregardlibre.com\/societe\/eugenisme-ralph-muller\/"},"author":{"name":"Ralph M\u00fcller","@id":"https:\/\/leregardlibre.com\/#\/schema\/person\/11b6382549059e998eaaaff375ecb6b8"},"headline":"Halte \u00e0 l\u2019eug\u00e9nisme","datePublished":"2025-12-12T06:30:00+00:00","dateModified":"2025-12-12T16:18:02+00:00","mainEntityOfPage":{"@id":"https:\/\/leregardlibre.com\/societe\/eugenisme-ralph-muller\/"},"wordCount":780,"commentCount":0,"publisher":{"@id":"https:\/\/leregardlibre.com\/#organization"},"image":{"@id":"https:\/\/leregardlibre.com\/societe\/eugenisme-ralph-muller\/#primaryimage"},"thumbnailUrl":"https:\/\/leregardlibre.com\/wp-content\/uploads\/2025\/08\/ralph-muller--nathanael-schmid.png","keywords":["Chronique","Eug\u00e9nisme","La cartouche de Ralph M\u00fcller"],"articleSection":["Soci\u00e9t\u00e9"],"inLanguage":"de","potentialAction":[{"@type":"CommentAction","name":"Comment","target":["https:\/\/leregardlibre.com\/societe\/eugenisme-ralph-muller\/#respond"]}]},{"@type":"WebPage","@id":"https:\/\/leregardlibre.com\/societe\/eugenisme-ralph-muller\/","url":"https:\/\/leregardlibre.com\/societe\/eugenisme-ralph-muller\/","name":"Ralph M\u00fcllers Patrone: Stoppt die Eugenik","isPartOf":{"@id":"https:\/\/leregardlibre.com\/#website"},"primaryImageOfPage":{"@id":"https:\/\/leregardlibre.com\/societe\/eugenisme-ralph-muller\/#primaryimage"},"image":{"@id":"https:\/\/leregardlibre.com\/societe\/eugenisme-ralph-muller\/#primaryimage"},"thumbnailUrl":"https:\/\/leregardlibre.com\/wp-content\/uploads\/2025\/08\/ralph-muller--nathanael-schmid.png","datePublished":"2025-12-12T06:30:00+00:00","dateModified":"2025-12-12T16:18:02+00:00","description":"Jeden Monat liefert der Youtuber Ralph M\u00fcller seine bitterb\u00f6se Analyse eines typischen Zeitph\u00e4nomens. Diesen Monat geht es um die Eugenik.","breadcrumb":{"@id":"https:\/\/leregardlibre.com\/societe\/eugenisme-ralph-muller\/#breadcrumb"},"inLanguage":"de","potentialAction":[{"@type":"ReadAction","target":["https:\/\/leregardlibre.com\/societe\/eugenisme-ralph-muller\/"]}]},{"@type":"ImageObject","inLanguage":"de","@id":"https:\/\/leregardlibre.com\/societe\/eugenisme-ralph-muller\/#primaryimage","url":"https:\/\/leregardlibre.com\/wp-content\/uploads\/2025\/08\/ralph-muller--nathanael-schmid.png","contentUrl":"https:\/\/leregardlibre.com\/wp-content\/uploads\/2025\/08\/ralph-muller--nathanael-schmid.png","width":1920,"height":1080,"caption":"Dessin: Nathanae\u0308l Schmid pour Le Regard Libre"},{"@type":"BreadcrumbList","@id":"https:\/\/leregardlibre.com\/societe\/eugenisme-ralph-muller\/#breadcrumb","itemListElement":[{"@type":"ListItem","position":1,"name":"Accueil","item":"https:\/\/leregardlibre.com\/"},{"@type":"ListItem","position":2,"name":"Halte \u00e0 l\u2019eug\u00e9nisme"}]},{"@type":"WebSite","@id":"https:\/\/leregardlibre.com\/#website","url":"https:\/\/leregardlibre.com\/","name":"Le Regard Libre","description":"Erste Schweizer Monatszeitschrift f\u00fcr Debatten","publisher":{"@id":"https:\/\/leregardlibre.com\/#organization"},"potentialAction":[{"@type":"SearchAction","target":{"@type":"EntryPoint","urlTemplate":"https:\/\/leregardlibre.com\/?s={search_term_string}"},"query-input":{"@type":"PropertyValueSpecification","valueRequired":true,"valueName":"search_term_string"}}],"inLanguage":"de"},{"@type":"Organization","@id":"https:\/\/leregardlibre.com\/#organization","name":"Le Regard Libre","url":"https:\/\/leregardlibre.com\/","logo":{"@type":"ImageObject","inLanguage":"de","@id":"https:\/\/leregardlibre.com\/#\/schema\/logo\/image\/","url":"https:\/\/leregardlibre.com\/wp-content\/uploads\/2025\/08\/logo-rl-icone-neg.jpeg","contentUrl":"https:\/\/leregardlibre.com\/wp-content\/uploads\/2025\/08\/logo-rl-icone-neg.jpeg","width":557,"height":556,"caption":"Le Regard Libre"},"image":{"@id":"https:\/\/leregardlibre.com\/#\/schema\/logo\/image\/"},"sameAs":["https:\/\/www.facebook.com\/leregardlibre\/","https:\/\/x.com\/LeRegardLibre","https:\/\/www.linkedin.com\/company\/le-regard-libre","https:\/\/www.instagram.com\/leregardlibre\/","http:\/\/t.me\/leregardlibre","https:\/\/youtube.com\/channel\/UC6HzGPomj1LsUmlz-sJtITQ"],"description":"Le Regard Libre ist eine Schweizer Monatszeitschrift f\u00fcr intellektuelle und kulturelle Debatten. Seine Redaktion ist jung, ehrenamtlich, liberal und pluralistisch. Das Magazin erscheint online und in gedruckter Form. Seine Sprache ist Franz\u00f6sisch.","email":"redaction@leregardlibre.com","legalName":"Le Regard Libre","foundingDate":"2014-01-01","numberOfEmployees":{"@type":"QuantitativeValue","minValue":"11","maxValue":"50"},"publishingPrinciples":"https:\/\/leregardlibre.com\/a-propos\/notre-manifeste\/","ownershipFundingInfo":"https:\/\/leregardlibre.com\/mentions-legales\/","actionableFeedbackPolicy":"https:\/\/leregardlibre.com\/conditions-generales-de-vente\/"},{"@type":"Person","@id":"https:\/\/leregardlibre.com\/#\/schema\/person\/11b6382549059e998eaaaff375ecb6b8","name":"Ralph M\u00fcller","image":{"@type":"ImageObject","inLanguage":"de","@id":"https:\/\/secure.gravatar.com\/avatar\/479f0bf2e4ffb37778927bc418186cf27ff7a22811a23b227769eeb0f7afd96f?s=96&d=identicon&r=g","url":"https:\/\/secure.gravatar.com\/avatar\/479f0bf2e4ffb37778927bc418186cf27ff7a22811a23b227769eeb0f7afd96f?s=96&d=identicon&r=g","contentUrl":"https:\/\/secure.gravatar.com\/avatar\/479f0bf2e4ffb37778927bc418186cf27ff7a22811a23b227769eeb0f7afd96f?s=96&d=identicon&r=g","caption":"Ralph M\u00fcller"},"description":"Ralph M\u00fcller, Moderator des YouTube-Kanals \u00abLa Cartouche\u00bb und Ausbilder, liefert dem Regard Libre jeden Monat seine bitterb\u00f6se Analyse eines typischen Zeitph\u00e4nomens.","sameAs":["https:\/\/fr.wikipedia.org\/wiki\/Le_Regard_libre"],"url":"https:\/\/leregardlibre.com\/de\/author\/ralph-muller\/"}]}},"_links":{"self":[{"href":"https:\/\/leregardlibre.com\/de\/wp-json\/wp\/v2\/posts\/530240","targetHints":{"allow":["GET"]}}],"collection":[{"href":"https:\/\/leregardlibre.com\/de\/wp-json\/wp\/v2\/posts"}],"about":[{"href":"https:\/\/leregardlibre.com\/de\/wp-json\/wp\/v2\/types\/post"}],"author":[{"embeddable":true,"href":"https:\/\/leregardlibre.com\/de\/wp-json\/wp\/v2\/users\/323"}],"replies":[{"embeddable":true,"href":"https:\/\/leregardlibre.com\/de\/wp-json\/wp\/v2\/comments?post=530240"}],"version-history":[{"count":2,"href":"https:\/\/leregardlibre.com\/de\/wp-json\/wp\/v2\/posts\/530240\/revisions"}],"predecessor-version":[{"id":530269,"href":"https:\/\/leregardlibre.com\/de\/wp-json\/wp\/v2\/posts\/530240\/revisions\/530269"}],"wp:featuredmedia":[{"embeddable":true,"href":"https:\/\/leregardlibre.com\/de\/wp-json\/wp\/v2\/media\/528789"}],"wp:attachment":[{"href":"https:\/\/leregardlibre.com\/de\/wp-json\/wp\/v2\/media?parent=530240"}],"wp:term":[{"taxonomy":"category","embeddable":true,"href":"https:\/\/leregardlibre.com\/de\/wp-json\/wp\/v2\/categories?post=530240"},{"taxonomy":"post_tag","embeddable":true,"href":"https:\/\/leregardlibre.com\/de\/wp-json\/wp\/v2\/tags?post=530240"}],"curies":[{"name":"wp","href":"https:\/\/api.w.org\/{rel}","templated":true}]}}