{"id":530759,"date":"2026-01-23T07:30:00","date_gmt":"2026-01-23T06:30:00","guid":{"rendered":"https:\/\/leregardlibre.com\/?p=530759"},"modified":"2026-01-24T11:29:19","modified_gmt":"2026-01-24T10:29:19","slug":"desalpe-kritisch","status":"publish","type":"post","link":"https:\/\/leregardlibre.com\/de\/literatur\/desalpe-kritisch\/","title":{"rendered":"Die Abkehr von Illusionen"},"content":{"rendered":"<p class=\"has-drop-cap\"><strong>Jeden Monat nimmt unsere Literaturkritikerin ein Werk unter das Kaleidoskop, um die Bilder, die es projiziert, zu sammeln und ihre Beugung wiederzugeben. Dabei kann es vorkommen, dass sich Geniestreiche als Glassplitter erweisen.<\/strong><\/p>\n\n\n\n<!--more-->\n\n\n\n<p>Es gibt Texte, die den Leser sanft pfl\u00fccken, wie einen Sonntagsskifahrer, der vom Sessellift aufgelesen wird.&nbsp;<em>D\u00e9salpe (\u00abAlpabzug\u00bb)<\/em>&nbsp;macht nat\u00fcrlich nichts dergleichen. Antoine Jaccoud zieht es vor, uns auf dem falschen Fuss zu erwischen, mit der Feinf\u00fchligkeit eines Sch\u00e4fers, der das Schaf schert und dabei H\u00f6lderlin rezitiert. Mit anderen Worten: es reibt, es sticht und es hinterl\u00e4sst ein Muster auf der Haut. Das St\u00fcck wurde 2011 f\u00fcr eine Theaterauff\u00fchrung geschrieben, aber erst \u00fcber ein Jahrzehnt sp\u00e4ter in gedruckter Form ver\u00f6ffentlicht. W\u00e4hrend der Text also bei seiner Entstehung f\u00fcr Lacher sorgte, l\u00e4sst er heute die Gesichter viel verkrampfter aussehen.<\/p>\n\n\n\n<h3 class=\"wp-block-heading\" id=\"h-tomber-d-en-haut-tomber-bien-bas\"><strong>Von oben fallen, tief fallen<\/strong><\/h3>\n\n\n\n<p><em>D\u00e9salpe (\u00abAlpabzug\u00bb)<\/em>&nbsp;ist die Geschichte einer Notlage: Die Notlage der Leute aus dem Oberland, der Alpen, der Borloz, Schindelholz, Zuber, Schnyder, Zufferey, angesichts des Endes des Schnees, der den Zusammenbruch ihres Gesch\u00e4fts mit sich brachte. Von nun an, in die Ebene hinabgestiegen, sprechen sie von ihrem verlorenen weissen Paradies. Dies ist das Katastrophenszenario in Antoine Jaccouds St\u00fcck.<\/p>\n\n\n\n<p>Mit seinem mineralischen Humor stellt der Waadtl\u00e4nder Schriftsteller diese Hoteliers, Skilehrer und Bommelm\u00fctzenverk\u00e4ufer dem grellen Licht der Schmelze aus. Alle hatten die Signale nat\u00fcrlich kommen sehen. Die Winter waren verk\u00fcmmert, die Pisten geflickt, die Schneekanonen spuckten ihr Leugnen in einen immer w\u00e4rmeren Himmel... Doch der \u00dcberfluss hat manchmal die magische Kraft, selbst die Augen zu blenden, die ge\u00fcbt sind, eine Lawine in drei Kilometern Entfernung zu erkennen.<\/p>\n\n\n\n<h3 class=\"wp-block-heading\" id=\"h-patatras-apres-le-ratrac\"><strong>Patatras nach Ratrac<\/strong><\/h3>\n\n\n\n<p><em>D\u00e9salpe (\u00abAlpabzug\u00bb)<\/em>&nbsp;ist kein Requiem, sondern eine sensible Bestandsaufnahme: die einer Welt, die ihr eigenes Schmelzen \u00abnicht hat kommen sehen\u00bb. Es ist nicht mehr das Epos der H\u00f6hen, sondern sein administrativer Bericht, der in feinen Schriften verfasst und mit dem Stempel \u00ababgelaufen\u00bb versehen ist. Antoine Jaccoud nutzt die Akkumulation, um ein G\u00e4stebuch mit vertrauten Akzenten aufscheinen zu lassen.<\/p>\n\n\n\n<form method=\"post\" action=\"https:\/\/newsletter.infomaniak.com\/external\/submit\" class=\"inf-form\" target=\"_blank\"><input type=\"email\" name=\"email\" style=\"display:none\" \/><input type=\"hidden\" name=\"key\"\nvalue=\"eyJpdiI6IlZXRVJGMlRGQUU2alNqUE81bitIUk5adnNVa0c4MllFTStzOHdHT1FQZ3c9IiwidmFsdWUiOiJIYzhwMUVCK1pTNnlhY3MyMmhuZlhReWJqemEwNk93blMxTjFHc0s2VHZrPSIsIm1hYyI6ImVhYTQ5N2I1M2NiYWE4NzBmNjk2NzgzYjliM2Y5NmYzM2E2ZmU3NGQxNTU1ZDFkMTU1MzY5NTdjYjE3ZTJmNTUifQ==\"><input type=\"hidden\" name=\"webform_id\" value=\"7291\"><style> .inf-main_3000311ca56a1cb93397bc676c0b7fff{ background-color:#f5f5f5;\npadding:25px 20px; margin:25px auto; } .inf-main_3000311ca56a1cb93397bc676c0b7fff .inf-content { margin-top:13px;} .inf-main_3000311ca56a1cb93397bc676c0b7fff h4, .inf-main_3000311ca56a1cb93397bc676c0b7fff span, .inf-\nmain_3000311ca56a1cb93397bc676c0b7fff label, .inf-main_3000311ca56a1cb93397bc676c0b7fff input, .inf-main_3000311ca56a1cb93397bc676c0b7fff .inf-submit, .inf-main_3000311ca56a1cb93397bc676c0b7fff .inf-success p a { color:#555555; font-\nsize:14px; } .inf-main_3000311ca56a1cb93397bc676c0b7fff h4{ font-size:18px; margin:0px 0px 13px 0px; } .inf-main_3000311ca56a1cb93397bc676c0b7fff h4, .inf-main_3000311ca56a1cb93397bc676c0b7fff label{ font-weight:bold; } .inf-\nmain_3000311ca56a1cb93397bc676c0b7fff .inf-input { margin-bottom:7px; } .inf-main_3000311ca56a1cb93397bc676c0b7fff label { display:block;} .inf-main_3000311ca56a1cb93397bc676c0b7fff input{ height:35px; color:#999999; border: 1px solid\n#E9E9E9; border:none; padding-left:7px; } .inf-main_3000311ca56a1cb93397bc676c0b7fff .inf-input.inf-error label, .inf-main_3000311ca56a1cb93397bc676c0b7fff .inf-input.inf-error span.inf-message{ color: #cc0033; } .inf-\nmain_3000311ca56a1cb93397bc676c0b7fff .inf-input.inf-error input{ border: 1px solid #cc0033; } .inf-main_3000311ca56a1cb93397bc676c0b7fff .inf-input input { width:100%;} .inf-main_3000311ca56a1cb93397bc676c0b7fff .inf-input.inf-error\nspan.inf-message { display: block; } .inf-main_3000311ca56a1cb93397bc676c0b7fff .inf-submit { text-align:right;} .inf-main_3000311ca56a1cb93397bc676c0b7fff .inf-submit input{ background-color:#777777; color:#ffffff; border:none; font-weight:\nnormal; height:auto; padding:7px; } .inf-main_3000311ca56a1cb93397bc676c0b7fff .inf-submit input.disabled{ opacity: 0.4; } .inf-btn { color: rgb(85, 85, 85); border: medium none; font-weight: normal; height: auto; padding: 7px; display: inline-block;\nbackground-color: white; box-shadow: 0px 1px 1px rgba(0, 0, 0, 0.24); border-radius: 2px; line-height: 1em; } .inf-rgpd { margin:25px 0px 15px 0px; color:#555555; } <\/style> <div class=\"inf-main_3000311ca56a1cb93397bc676c0b7fff\">\n<h4>NEWSLETTER DES FREIEN BLICKS<\/h4> <span>Erhalten Sie unsere Artikel jeden Sonntag.<\/span> <div class=\"inf-success\" style=\"display:none\"> <h4>Ihre Anmeldung f\u00fcr unseren w\u00f6chentlichen Newsletter wurde erfolgreich registriert!<\/h4> <p>\n<a href=\"#\" class=\"inf-btn\">\u00ab<\/a> <\/p> <\/div> <div class=\"inf-content\"> <div class=\"inf-input inf-input-text\"> <input type=\"text\" name=\"inf[1]\" data-inf-meta = \"1\" data-inf-error = \"Merci de renseigner une adresse email\" required=\"required\"\nplaceholder=\"E-Mail\" > <\/div> <div class=\"inf-submit\"> <input type=\"submit\" name=\"\" value=\"Anmelden\"> <\/div> <\/div> <\/div> <\/form>\n\n\n\n<p>Und doch ist es die Balance zwischen Sarkasmus und Z\u00e4rtlichkeit, die auff\u00e4llt. Denn hinter dem Spott kommt noch etwas anderes zum Vorschein: eine seltsame Melancholie. Es ist die Melancholie eines Landes, das lange Zeit geglaubt hat, den Schnee durch Maschinen, den Winter durch ein Budget und die unver\u00e4nderliche Bergfrau durch eine vierfarbige Touristenbrosch\u00fcre ersetzen zu k\u00f6nnen.&nbsp;<em>D\u00e9salpe (\u00abAlpabzug\u00bb)<\/em>&nbsp;erinnert daran, dass alles nur eine Illusion war und dass die letzte grosse helvetische Fata Morgana bereits von der K\u00e4lte verschluckt wurde.<\/p>\n\n\n\n<h3 class=\"wp-block-heading\" id=\"h-la-melodie-des-souvenirs-givres\"><strong>Die Melodie der gefrorenen Erinnerungen<\/strong><\/h3>\n\n\n\n<p>Trotz allem ist dieser Text eher eine Klangpoesie als ein Erz\u00e4hltheater. Antoine Jaccoud spielt mit den W\u00f6rtern, l\u00e4sst sie klingen, sch\u00fcttelt die Kl\u00e4nge durcheinander, verbeult sie, um den dramatischen Refrain \u00abOben, das ist kaputt\u00bb laut zu skandieren. Mehr noch, er hat hier ein totales musikalisches Spektakel geschaffen, denn&nbsp;<em>D\u00e9salpe (\u00abAlpabzug\u00bb)<\/em>&nbsp;wurde inszeniert und von einem Alphornquartett begleitet. So klingt das Theater wie eine knisternde Landschaft.<\/p>\n\n\n\n<p>Es ist kurz, es ist nerv\u00f6s, es ist ein Korpus von Erinnerungen, die aus voller Kehle gespielt werden. Ein Alpabzug, der nicht die Herden zur\u00fcckbringt, sondern eine versunkene Welt. Und die dennoch weiter singt.<\/p>\n\n\n\n<p><em><strong>Quentin Perissinotto<\/strong> ist Literaturkritiker beim <\/em>Regard Libre<em>. Schreiben Sie an den Autor:\u00a0<a href=\"mailto:quentin.perissinotto@leregardlibre.com\">quentin.perissinotto@leregardlibre.com<\/a><\/em><\/p>\n\n\n\n<h6 class=\"wp-block-heading\" id=\"h-vous-venez-de-lire-une-chronique-en-libre-acces-et-publiee-dans-notre-edition-papier-le-regard-lib-re-n-123-debats-analyses-actualites-culturelles-nbsp-abonnez-vous-nbsp-a-notre-media-de-reflexion-pour-nous-soutenir-et-avoir-acces-a-tous-nos-contenus\">Sie haben gerade eine frei zug\u00e4ngliche Kolumne gelesen, die in unserer Printausgabe erschienen ist<em><a href=\"https:\/\/leregardlibre.com\/de\/cpt-editions\/le-regard-libre-n123-dossier-quel-service-public\/\">Le Regard Lib<\/a><\/em><a href=\"https:\/\/leregardlibre.com\/de\/cpt-editions\/le-regard-libre-n123-dossier-quel-service-public\/\"><em>re<\/em> N\u00b0123<\/a>). Debatten, Analysen, Kulturnachrichten:&nbsp;<a href=\"https:\/\/leregardlibre.com\/de\/abonnement\/\">abonnieren Sie<\/a>&nbsp;zu unserem Reflexionsmedium, um uns zu unterst\u00fctzen und Zugang zu all unseren Inhalten zu erhalten.<\/h6>\n\n\n\n<div class=\"wp-block-media-text is-stacked-on-mobile\" style=\"grid-template-columns:23% auto\"><figure class=\"wp-block-media-text__media\"><img fetchpriority=\"high\" decoding=\"async\" width=\"400\" height=\"558\" src=\"https:\/\/leregardlibre.com\/wp-content\/uploads\/2026\/01\/desalpe.jpg\" alt=\"\" class=\"wp-image-530761 size-full\" srcset=\"https:\/\/leregardlibre.com\/wp-content\/uploads\/2026\/01\/desalpe.jpg 400w, https:\/\/leregardlibre.com\/wp-content\/uploads\/2026\/01\/desalpe-215x300.jpg 215w, https:\/\/leregardlibre.com\/wp-content\/uploads\/2026\/01\/desalpe-108x150.jpg 108w, https:\/\/leregardlibre.com\/wp-content\/uploads\/2026\/01\/desalpe-9x12.jpg 9w, https:\/\/leregardlibre.com\/wp-content\/uploads\/2026\/01\/desalpe-300x419.jpg 300w\" sizes=\"(max-width: 400px) 100vw, 400px\" \/><\/figure><div class=\"wp-block-media-text__content\">\n<p><strong>Antoine Jaccoud<br><em><em>Alpabzug.<\/em><\/em> Gefolgt von <em><em>Manchmal f\u00fchre ich Selbstgespr\u00e4che<\/em><\/em><br>BSN Press<br>Dezember 2023<br>88 Seiten<\/strong><\/p>\n\n\n\n<div class=\"wp-block-buttons is-layout-flex wp-block-buttons-is-layout-flex\">\n<div class=\"wp-block-button\"><a class=\"wp-block-button__link wp-element-button\" href=\"https:\/\/www.payot.ch\/Detail\/9782940648412\">Das Buch bestellen<\/a><\/div>\n<\/div>\n<\/div><\/div>","protected":false},"excerpt":{"rendered":"<p>Jeden Monat nimmt unsere Literaturkritikerin ein Werk unter das Kaleidoskop, um die Bilder, die es projiziert, zu sammeln und ihre Beugung wiederzugeben. Dabei kann es vorkommen, dass sich Geniestreiche als Glassplitter erweisen.<\/p>","protected":false},"author":213,"featured_media":530760,"comment_status":"open","ping_status":"closed","sticky":false,"template":"","format":"standard","meta":{"_acf_changed":false,"footnotes":""},"categories":[20663],"tags":[54879,1532851,193275253,644340183,644358453],"class_list":["post-530759","post","type-post","status-publish","format-standard","has-post-thumbnail","hentry","category-litterature","tag-critiques-litteraires","tag-litterature-francophone","tag-litterature-romande","tag-litterature-suisse","tag-mise-en-trope"],"acf":[],"yoast_head":"<!-- This site is optimized with the Yoast SEO Premium plugin v27.4 (Yoast SEO v27.4) - https:\/\/yoast.com\/product\/yoast-seo-premium-wordpress\/ -->\n<title>La d\u00e9salpe des illusions<\/title>\n<meta name=\"description\" content=\"Chaque mois, notre critique litt\u00e9raire passe une \u0153uvre au kal\u00e9idoscope. Quitte \u00e0 ce que les \u00e9clairs de g\u00e9nie s\u2019av\u00e8rent des \u00e9clats de verre.\" \/>\n<meta name=\"robots\" content=\"index, follow, max-snippet:-1, max-image-preview:large, max-video-preview:-1\" \/>\n<link rel=\"canonical\" href=\"https:\/\/leregardlibre.com\/de\/literatur\/desalpe-kritisch\/\" \/>\n<meta property=\"og:locale\" content=\"de_DE\" \/>\n<meta property=\"og:type\" content=\"article\" \/>\n<meta property=\"og:title\" content=\"La d\u00e9salpe des illusions\" \/>\n<meta property=\"og:description\" content=\"Chaque mois, notre critique litt\u00e9raire passe une \u0153uvre au kal\u00e9idoscope. Quitte \u00e0 ce que les \u00e9clairs de g\u00e9nie s\u2019av\u00e8rent des \u00e9clats de verre.\" \/>\n<meta property=\"og:url\" content=\"https:\/\/leregardlibre.com\/de\/literatur\/desalpe-kritisch\/\" \/>\n<meta property=\"og:site_name\" content=\"Le Regard Libre\" \/>\n<meta property=\"article:publisher\" content=\"https:\/\/www.facebook.com\/leregardlibre\/\" \/>\n<meta property=\"article:published_time\" content=\"2026-01-23T06:30:00+00:00\" \/>\n<meta property=\"article:modified_time\" content=\"2026-01-24T10:29:19+00:00\" \/>\n<meta property=\"og:image\" content=\"https:\/\/leregardlibre.com\/wp-content\/uploads\/2026\/01\/photo_-patrick-federi-via-unsplash-e1769151705600.jpg\" \/>\n\t<meta property=\"og:image:width\" content=\"2069\" \/>\n\t<meta property=\"og:image:height\" content=\"1280\" \/>\n\t<meta property=\"og:image:type\" content=\"image\/jpeg\" \/>\n<meta name=\"author\" content=\"Quentin Perissinotto\" \/>\n<meta name=\"twitter:card\" content=\"summary_large_image\" \/>\n<meta name=\"twitter:creator\" content=\"@LeRegardLibre\" \/>\n<meta name=\"twitter:site\" content=\"@LeRegardLibre\" \/>\n<meta name=\"twitter:label1\" content=\"Verfasst von\" \/>\n\t<meta name=\"twitter:data1\" content=\"Quentin Perissinotto\" \/>\n\t<meta name=\"twitter:label2\" content=\"Gesch\u00e4tzte Lesezeit\" \/>\n\t<meta name=\"twitter:data2\" content=\"4\u00a0Minuten\" \/>\n<script type=\"application\/ld+json\" class=\"yoast-schema-graph\">{\"@context\":\"https:\\\/\\\/schema.org\",\"@graph\":[{\"@type\":\"Article\",\"@id\":\"https:\\\/\\\/leregardlibre.com\\\/litterature\\\/desalpe-critique\\\/#article\",\"isPartOf\":{\"@id\":\"https:\\\/\\\/leregardlibre.com\\\/litterature\\\/desalpe-critique\\\/\"},\"author\":{\"name\":\"Quentin Perissinotto\",\"@id\":\"https:\\\/\\\/leregardlibre.com\\\/#\\\/schema\\\/person\\\/b2ac941a3f3efccb93d920d0cd1629f4\"},\"headline\":\"La d\u00e9salpe des illusions\",\"datePublished\":\"2026-01-23T06:30:00+00:00\",\"dateModified\":\"2026-01-24T10:29:19+00:00\",\"mainEntityOfPage\":{\"@id\":\"https:\\\/\\\/leregardlibre.com\\\/litterature\\\/desalpe-critique\\\/\"},\"wordCount\":703,\"commentCount\":0,\"publisher\":{\"@id\":\"https:\\\/\\\/leregardlibre.com\\\/#organization\"},\"image\":{\"@id\":\"https:\\\/\\\/leregardlibre.com\\\/litterature\\\/desalpe-critique\\\/#primaryimage\"},\"thumbnailUrl\":\"https:\\\/\\\/leregardlibre.com\\\/wp-content\\\/uploads\\\/2026\\\/01\\\/photo_-patrick-federi-via-unsplash-e1769151705600.jpg\",\"keywords\":[\"Critique litt\u00e9raire\",\"Litt\u00e9rature francophone\",\"Litt\u00e9rature romande\",\"Litt\u00e9rature suisse\",\"Mise en trope\"],\"articleSection\":[\"Litt\u00e9rature\"],\"inLanguage\":\"de\",\"potentialAction\":[{\"@type\":\"CommentAction\",\"name\":\"Comment\",\"target\":[\"https:\\\/\\\/leregardlibre.com\\\/litterature\\\/desalpe-critique\\\/#respond\"]}]},{\"@type\":\"WebPage\",\"@id\":\"https:\\\/\\\/leregardlibre.com\\\/litterature\\\/desalpe-critique\\\/\",\"url\":\"https:\\\/\\\/leregardlibre.com\\\/litterature\\\/desalpe-critique\\\/\",\"name\":\"La d\u00e9salpe des illusions\",\"isPartOf\":{\"@id\":\"https:\\\/\\\/leregardlibre.com\\\/#website\"},\"primaryImageOfPage\":{\"@id\":\"https:\\\/\\\/leregardlibre.com\\\/litterature\\\/desalpe-critique\\\/#primaryimage\"},\"image\":{\"@id\":\"https:\\\/\\\/leregardlibre.com\\\/litterature\\\/desalpe-critique\\\/#primaryimage\"},\"thumbnailUrl\":\"https:\\\/\\\/leregardlibre.com\\\/wp-content\\\/uploads\\\/2026\\\/01\\\/photo_-patrick-federi-via-unsplash-e1769151705600.jpg\",\"datePublished\":\"2026-01-23T06:30:00+00:00\",\"dateModified\":\"2026-01-24T10:29:19+00:00\",\"description\":\"Chaque mois, notre critique litt\u00e9raire passe une \u0153uvre au kal\u00e9idoscope. Quitte \u00e0 ce que les \u00e9clairs de g\u00e9nie s\u2019av\u00e8rent des \u00e9clats de verre.\",\"breadcrumb\":{\"@id\":\"https:\\\/\\\/leregardlibre.com\\\/litterature\\\/desalpe-critique\\\/#breadcrumb\"},\"inLanguage\":\"de\",\"potentialAction\":[{\"@type\":\"ReadAction\",\"target\":[\"https:\\\/\\\/leregardlibre.com\\\/litterature\\\/desalpe-critique\\\/\"]}]},{\"@type\":\"ImageObject\",\"inLanguage\":\"de\",\"@id\":\"https:\\\/\\\/leregardlibre.com\\\/litterature\\\/desalpe-critique\\\/#primaryimage\",\"url\":\"https:\\\/\\\/leregardlibre.com\\\/wp-content\\\/uploads\\\/2026\\\/01\\\/photo_-patrick-federi-via-unsplash-e1769151705600.jpg\",\"contentUrl\":\"https:\\\/\\\/leregardlibre.com\\\/wp-content\\\/uploads\\\/2026\\\/01\\\/photo_-patrick-federi-via-unsplash-e1769151705600.jpg\",\"width\":2069,\"height\":1280,\"caption\":\"Photo: Patrick Federi (via Unsplash)\"},{\"@type\":\"BreadcrumbList\",\"@id\":\"https:\\\/\\\/leregardlibre.com\\\/litterature\\\/desalpe-critique\\\/#breadcrumb\",\"itemListElement\":[{\"@type\":\"ListItem\",\"position\":1,\"name\":\"Accueil\",\"item\":\"https:\\\/\\\/leregardlibre.com\\\/\"},{\"@type\":\"ListItem\",\"position\":2,\"name\":\"La d\u00e9salpe des illusions\"}]},{\"@type\":\"WebSite\",\"@id\":\"https:\\\/\\\/leregardlibre.com\\\/#website\",\"url\":\"https:\\\/\\\/leregardlibre.com\\\/\",\"name\":\"Le Regard Libre\",\"description\":\"Premier mensuel suisse de d\u00e9bat\",\"publisher\":{\"@id\":\"https:\\\/\\\/leregardlibre.com\\\/#organization\"},\"potentialAction\":[{\"@type\":\"SearchAction\",\"target\":{\"@type\":\"EntryPoint\",\"urlTemplate\":\"https:\\\/\\\/leregardlibre.com\\\/?s={search_term_string}\"},\"query-input\":{\"@type\":\"PropertyValueSpecification\",\"valueRequired\":true,\"valueName\":\"search_term_string\"}}],\"inLanguage\":\"de\"},{\"@type\":\"Organization\",\"@id\":\"https:\\\/\\\/leregardlibre.com\\\/#organization\",\"name\":\"Le Regard Libre\",\"url\":\"https:\\\/\\\/leregardlibre.com\\\/\",\"logo\":{\"@type\":\"ImageObject\",\"inLanguage\":\"de\",\"@id\":\"https:\\\/\\\/leregardlibre.com\\\/#\\\/schema\\\/logo\\\/image\\\/\",\"url\":\"https:\\\/\\\/leregardlibre.com\\\/wp-content\\\/uploads\\\/2025\\\/08\\\/logo-rl-icone-neg.jpeg\",\"contentUrl\":\"https:\\\/\\\/leregardlibre.com\\\/wp-content\\\/uploads\\\/2025\\\/08\\\/logo-rl-icone-neg.jpeg\",\"width\":557,\"height\":556,\"caption\":\"Le Regard Libre\"},\"image\":{\"@id\":\"https:\\\/\\\/leregardlibre.com\\\/#\\\/schema\\\/logo\\\/image\\\/\"},\"sameAs\":[\"https:\\\/\\\/www.facebook.com\\\/leregardlibre\\\/\",\"https:\\\/\\\/x.com\\\/LeRegardLibre\",\"https:\\\/\\\/www.linkedin.com\\\/company\\\/le-regard-libre\",\"https:\\\/\\\/www.instagram.com\\\/leregardlibre\\\/\",\"http:\\\/\\\/t.me\\\/leregardlibre\",\"https:\\\/\\\/youtube.com\\\/channel\\\/UC6HzGPomj1LsUmlz-sJtITQ\"],\"description\":\"Le Regard Libre est un mensuel suisse de d\u00e9bat intellectuel et culturel. Sa r\u00e9daction est jeune, b\u00e9n\u00e9vole, lib\u00e9rale et pluraliste. Le magazine para\u00eet en ligne et sous forme papier. Sa langue est le fran\u00e7ais.\",\"email\":\"redaction@leregardlibre.com\",\"legalName\":\"Le Regard Libre\",\"foundingDate\":\"2014-01-01\",\"numberOfEmployees\":{\"@type\":\"QuantitativeValue\",\"minValue\":\"11\",\"maxValue\":\"50\"},\"publishingPrinciples\":\"https:\\\/\\\/leregardlibre.com\\\/a-propos\\\/notre-manifeste\\\/\",\"ownershipFundingInfo\":\"https:\\\/\\\/leregardlibre.com\\\/mentions-legales\\\/\",\"actionableFeedbackPolicy\":\"https:\\\/\\\/leregardlibre.com\\\/conditions-generales-de-vente\\\/\"},{\"@type\":\"Person\",\"@id\":\"https:\\\/\\\/leregardlibre.com\\\/#\\\/schema\\\/person\\\/b2ac941a3f3efccb93d920d0cd1629f4\",\"name\":\"Quentin Perissinotto\",\"image\":{\"@type\":\"ImageObject\",\"inLanguage\":\"de\",\"@id\":\"https:\\\/\\\/secure.gravatar.com\\\/avatar\\\/5bdc85640092297cabef9e4e9fafa5d0f6fdc4d68bde6549c358b1419521e8f3?s=96&d=identicon&r=g\",\"url\":\"https:\\\/\\\/secure.gravatar.com\\\/avatar\\\/5bdc85640092297cabef9e4e9fafa5d0f6fdc4d68bde6549c358b1419521e8f3?s=96&d=identicon&r=g\",\"contentUrl\":\"https:\\\/\\\/secure.gravatar.com\\\/avatar\\\/5bdc85640092297cabef9e4e9fafa5d0f6fdc4d68bde6549c358b1419521e8f3?s=96&d=identicon&r=g\",\"caption\":\"Quentin Perissinotto\"},\"description\":\"Conseiller-clients et \u00e9crivain, Quentin Perissinotto est critique litt\u00e9raire pour Le Regard Libre.\",\"sameAs\":[\"https:\\\/\\\/fr.wikipedia.org\\\/wiki\\\/Le_Regard_libre\"],\"url\":\"https:\\\/\\\/leregardlibre.com\\\/de\\\/author\\\/quentin-perissinotto\\\/\"}]}<\/script>\n<!-- \/ Yoast SEO Premium plugin. -->","yoast_head_json":{"title":"Die Abkehr von Illusionen","description":"Jeden Monat l\u00e4sst unsere Literaturkritikerin ein Werk durch das Kaleidoskop laufen. Auch auf die Gefahr hin, dass sich die Genieblitze als Glassplitter erweisen.","robots":{"index":"index","follow":"follow","max-snippet":"max-snippet:-1","max-image-preview":"max-image-preview:large","max-video-preview":"max-video-preview:-1"},"canonical":"https:\/\/leregardlibre.com\/de\/literatur\/desalpe-kritisch\/","og_locale":"de_DE","og_type":"article","og_title":"La d\u00e9salpe des illusions","og_description":"Chaque mois, notre critique litt\u00e9raire passe une \u0153uvre au kal\u00e9idoscope. Quitte \u00e0 ce que les \u00e9clairs de g\u00e9nie s\u2019av\u00e8rent des \u00e9clats de verre.","og_url":"https:\/\/leregardlibre.com\/de\/literatur\/desalpe-kritisch\/","og_site_name":"Le Regard Libre","article_publisher":"https:\/\/www.facebook.com\/leregardlibre\/","article_published_time":"2026-01-23T06:30:00+00:00","article_modified_time":"2026-01-24T10:29:19+00:00","og_image":[{"width":2069,"height":1280,"url":"https:\/\/leregardlibre.com\/wp-content\/uploads\/2026\/01\/photo_-patrick-federi-via-unsplash-e1769151705600.jpg","type":"image\/jpeg"}],"author":"Quentin Perissinotto","twitter_card":"summary_large_image","twitter_creator":"@LeRegardLibre","twitter_site":"@LeRegardLibre","twitter_misc":{"Verfasst von":"Quentin Perissinotto","Gesch\u00e4tzte Lesezeit":"4\u00a0Minuten"},"schema":{"@context":"https:\/\/schema.org","@graph":[{"@type":"Article","@id":"https:\/\/leregardlibre.com\/litterature\/desalpe-critique\/#article","isPartOf":{"@id":"https:\/\/leregardlibre.com\/litterature\/desalpe-critique\/"},"author":{"name":"Quentin Perissinotto","@id":"https:\/\/leregardlibre.com\/#\/schema\/person\/b2ac941a3f3efccb93d920d0cd1629f4"},"headline":"La d\u00e9salpe des illusions","datePublished":"2026-01-23T06:30:00+00:00","dateModified":"2026-01-24T10:29:19+00:00","mainEntityOfPage":{"@id":"https:\/\/leregardlibre.com\/litterature\/desalpe-critique\/"},"wordCount":703,"commentCount":0,"publisher":{"@id":"https:\/\/leregardlibre.com\/#organization"},"image":{"@id":"https:\/\/leregardlibre.com\/litterature\/desalpe-critique\/#primaryimage"},"thumbnailUrl":"https:\/\/leregardlibre.com\/wp-content\/uploads\/2026\/01\/photo_-patrick-federi-via-unsplash-e1769151705600.jpg","keywords":["Critique litt\u00e9raire","Litt\u00e9rature francophone","Litt\u00e9rature romande","Litt\u00e9rature suisse","Mise en trope"],"articleSection":["Litt\u00e9rature"],"inLanguage":"de","potentialAction":[{"@type":"CommentAction","name":"Comment","target":["https:\/\/leregardlibre.com\/litterature\/desalpe-critique\/#respond"]}]},{"@type":"WebPage","@id":"https:\/\/leregardlibre.com\/litterature\/desalpe-critique\/","url":"https:\/\/leregardlibre.com\/litterature\/desalpe-critique\/","name":"Die Abkehr von Illusionen","isPartOf":{"@id":"https:\/\/leregardlibre.com\/#website"},"primaryImageOfPage":{"@id":"https:\/\/leregardlibre.com\/litterature\/desalpe-critique\/#primaryimage"},"image":{"@id":"https:\/\/leregardlibre.com\/litterature\/desalpe-critique\/#primaryimage"},"thumbnailUrl":"https:\/\/leregardlibre.com\/wp-content\/uploads\/2026\/01\/photo_-patrick-federi-via-unsplash-e1769151705600.jpg","datePublished":"2026-01-23T06:30:00+00:00","dateModified":"2026-01-24T10:29:19+00:00","description":"Jeden Monat l\u00e4sst unsere Literaturkritikerin ein Werk durch das Kaleidoskop laufen. Auch auf die Gefahr hin, dass sich die Genieblitze als Glassplitter erweisen.","breadcrumb":{"@id":"https:\/\/leregardlibre.com\/litterature\/desalpe-critique\/#breadcrumb"},"inLanguage":"de","potentialAction":[{"@type":"ReadAction","target":["https:\/\/leregardlibre.com\/litterature\/desalpe-critique\/"]}]},{"@type":"ImageObject","inLanguage":"de","@id":"https:\/\/leregardlibre.com\/litterature\/desalpe-critique\/#primaryimage","url":"https:\/\/leregardlibre.com\/wp-content\/uploads\/2026\/01\/photo_-patrick-federi-via-unsplash-e1769151705600.jpg","contentUrl":"https:\/\/leregardlibre.com\/wp-content\/uploads\/2026\/01\/photo_-patrick-federi-via-unsplash-e1769151705600.jpg","width":2069,"height":1280,"caption":"Photo: Patrick Federi (via Unsplash)"},{"@type":"BreadcrumbList","@id":"https:\/\/leregardlibre.com\/litterature\/desalpe-critique\/#breadcrumb","itemListElement":[{"@type":"ListItem","position":1,"name":"Accueil","item":"https:\/\/leregardlibre.com\/"},{"@type":"ListItem","position":2,"name":"La d\u00e9salpe des illusions"}]},{"@type":"WebSite","@id":"https:\/\/leregardlibre.com\/#website","url":"https:\/\/leregardlibre.com\/","name":"Le Regard Libre","description":"Erste Schweizer Monatszeitschrift f\u00fcr Debatten","publisher":{"@id":"https:\/\/leregardlibre.com\/#organization"},"potentialAction":[{"@type":"SearchAction","target":{"@type":"EntryPoint","urlTemplate":"https:\/\/leregardlibre.com\/?s={search_term_string}"},"query-input":{"@type":"PropertyValueSpecification","valueRequired":true,"valueName":"search_term_string"}}],"inLanguage":"de"},{"@type":"Organization","@id":"https:\/\/leregardlibre.com\/#organization","name":"Le Regard Libre","url":"https:\/\/leregardlibre.com\/","logo":{"@type":"ImageObject","inLanguage":"de","@id":"https:\/\/leregardlibre.com\/#\/schema\/logo\/image\/","url":"https:\/\/leregardlibre.com\/wp-content\/uploads\/2025\/08\/logo-rl-icone-neg.jpeg","contentUrl":"https:\/\/leregardlibre.com\/wp-content\/uploads\/2025\/08\/logo-rl-icone-neg.jpeg","width":557,"height":556,"caption":"Le Regard Libre"},"image":{"@id":"https:\/\/leregardlibre.com\/#\/schema\/logo\/image\/"},"sameAs":["https:\/\/www.facebook.com\/leregardlibre\/","https:\/\/x.com\/LeRegardLibre","https:\/\/www.linkedin.com\/company\/le-regard-libre","https:\/\/www.instagram.com\/leregardlibre\/","http:\/\/t.me\/leregardlibre","https:\/\/youtube.com\/channel\/UC6HzGPomj1LsUmlz-sJtITQ"],"description":"Le Regard Libre ist eine Schweizer Monatszeitschrift f\u00fcr intellektuelle und kulturelle Debatten. Seine Redaktion ist jung, ehrenamtlich, liberal und pluralistisch. Das Magazin erscheint online und in gedruckter Form. Seine Sprache ist Franz\u00f6sisch.","email":"redaction@leregardlibre.com","legalName":"Le Regard Libre","foundingDate":"2014-01-01","numberOfEmployees":{"@type":"QuantitativeValue","minValue":"11","maxValue":"50"},"publishingPrinciples":"https:\/\/leregardlibre.com\/a-propos\/notre-manifeste\/","ownershipFundingInfo":"https:\/\/leregardlibre.com\/mentions-legales\/","actionableFeedbackPolicy":"https:\/\/leregardlibre.com\/conditions-generales-de-vente\/"},{"@type":"Person","@id":"https:\/\/leregardlibre.com\/#\/schema\/person\/b2ac941a3f3efccb93d920d0cd1629f4","name":"Quentin Perissinotto","image":{"@type":"ImageObject","inLanguage":"de","@id":"https:\/\/secure.gravatar.com\/avatar\/5bdc85640092297cabef9e4e9fafa5d0f6fdc4d68bde6549c358b1419521e8f3?s=96&d=identicon&r=g","url":"https:\/\/secure.gravatar.com\/avatar\/5bdc85640092297cabef9e4e9fafa5d0f6fdc4d68bde6549c358b1419521e8f3?s=96&d=identicon&r=g","contentUrl":"https:\/\/secure.gravatar.com\/avatar\/5bdc85640092297cabef9e4e9fafa5d0f6fdc4d68bde6549c358b1419521e8f3?s=96&d=identicon&r=g","caption":"Quentin Perissinotto"},"description":"Kundenberater und Schriftsteller, Quentin Perissinotto ist Literaturkritiker f\u00fcr Le Regard Libre.","sameAs":["https:\/\/fr.wikipedia.org\/wiki\/Le_Regard_libre"],"url":"https:\/\/leregardlibre.com\/de\/author\/quentin-perissinotto\/"}]}},"_links":{"self":[{"href":"https:\/\/leregardlibre.com\/de\/wp-json\/wp\/v2\/posts\/530759","targetHints":{"allow":["GET"]}}],"collection":[{"href":"https:\/\/leregardlibre.com\/de\/wp-json\/wp\/v2\/posts"}],"about":[{"href":"https:\/\/leregardlibre.com\/de\/wp-json\/wp\/v2\/types\/post"}],"author":[{"embeddable":true,"href":"https:\/\/leregardlibre.com\/de\/wp-json\/wp\/v2\/users\/213"}],"replies":[{"embeddable":true,"href":"https:\/\/leregardlibre.com\/de\/wp-json\/wp\/v2\/comments?post=530759"}],"version-history":[{"count":2,"href":"https:\/\/leregardlibre.com\/de\/wp-json\/wp\/v2\/posts\/530759\/revisions"}],"predecessor-version":[{"id":530784,"href":"https:\/\/leregardlibre.com\/de\/wp-json\/wp\/v2\/posts\/530759\/revisions\/530784"}],"wp:featuredmedia":[{"embeddable":true,"href":"https:\/\/leregardlibre.com\/de\/wp-json\/wp\/v2\/media\/530760"}],"wp:attachment":[{"href":"https:\/\/leregardlibre.com\/de\/wp-json\/wp\/v2\/media?parent=530759"}],"wp:term":[{"taxonomy":"category","embeddable":true,"href":"https:\/\/leregardlibre.com\/de\/wp-json\/wp\/v2\/categories?post=530759"},{"taxonomy":"post_tag","embeddable":true,"href":"https:\/\/leregardlibre.com\/de\/wp-json\/wp\/v2\/tags?post=530759"}],"curies":[{"name":"wp","href":"https:\/\/api.w.org\/{rel}","templated":true}]}}