{"id":530808,"date":"2026-01-26T07:30:00","date_gmt":"2026-01-26T06:30:00","guid":{"rendered":"https:\/\/leregardlibre.com\/?p=530808"},"modified":"2026-01-26T11:35:12","modified_gmt":"2026-01-26T10:35:12","slug":"chantal-ladesou-die-buhne-ist-der-letzte-raum-der-freiheit","status":"publish","type":"post","link":"https:\/\/leregardlibre.com\/de\/darstellende-kunste\/theater\/chantal-ladesou-die-buhne-ist-der-letzte-raum-der-freiheit\/","title":{"rendered":"Chantal Ladesou: \u00abDie B\u00fchne ist der letzte Raum der Freiheit\u00bb"},"content":{"rendered":"<p class=\"has-drop-cap\"><strong>Die franz\u00f6sische Schauspielerin und Komikerin, die im Juni beim Festival Morges-sous-Rire auftreten wird, behauptet, dass das Theater sie gerettet hat, und bedauert den \u00abschlechten Geist\u00bb der damaligen Zeit. Treffen in ihrer Garderobe nach einem ausverkauften Soloauftritt in Gr\u00f4ne im Wallis.<\/strong><\/p>\n\n\n\n<!--more-->\n\n\n\n<p>Sie k\u00f6nnte alles sagen und ihr Publikum w\u00fcrde auf jeden Fall lachen. Ein Zuschauer sagte ihr einmal, dass er sie schon zum sechsten Mal sehe und dass er umso mehr lache, je weniger er verstehe, was sie sage. Chantal Ladesous Gouaille, ihre tiefe Stimme und ihr schneller Redefluss machen ihre Auftritte zu einem theatralischen Meisterwerk an sich.<\/p>\n\n\n\n<p>Es ist nur so, dass die Komikerin nicht alles erz\u00e4hlt. Zwischen den Zwischenr\u00e4umen ihrer urkomischen Sketche \u00fcber ihre Ehe und die Vulgarit\u00e4t der neuen Garde des Humors gibt es eine Botschaft: Das Theater, das es dieser Nordfranz\u00f6sin erm\u00f6glicht hat, ihre Trauer zu \u00fcberleben, bleibt ein Zufluchtsort in einer Zeit, in der das Feld der zul\u00e4ssigen Ausdrucksweisen immer enger wird.<\/p>\n\n\n\n<figure class=\"wp-block-embed is-type-video is-provider-youtube wp-block-embed-youtube wp-embed-aspect-16-9 wp-has-aspect-ratio\"><div class=\"wp-block-embed__wrapper\">\n<iframe title=\"Chantal Ladesou - On the Road Again - Comedy+\" width=\"1000\" height=\"563\" src=\"https:\/\/www.youtube.com\/embed\/1M-EE_bmIzs?feature=oembed\" frameborder=\"0\" allow=\"accelerometer; autoplay; clipboard-write; encrypted-media; gyroscope; picture-in-picture; web-share\" referrerpolicy=\"strict-origin-when-cross-origin\" allowfullscreen><\/iframe>\n<\/div><\/figure>\n\n\n\n<p>Die 77-j\u00e4hrige Chantal Ladesou, offen und strahlend, beantwortete die Fragen des <em>Regard Libre<\/em> nach einer ausverkauften Vorstellung seiner neuen Show \u00abLe retour\u00bb im Recto-Verso-Saal in Gr\u00f4ne (VS).<\/p>\n\n\n\n<h6 class=\"wp-block-heading\" id=\"h-le-regard-libre-quel-est-le-secret-de-votre-energie\"><em>Le Regard Libre<\/em>Was ist das Geheimnis Ihrer Energie?<\/h6>\n\n\n\n<p>Chantal Ladesou: Ich habe keine Zeit, alt zu werden. Ich mache so viele Dinge, die mich interessieren, ich bin neugierig, es macht mir Spass... Ich wollte diesen Beruf schon seit meiner Kindheit aus\u00fcben, also ist heute alles ein Geschenk. Ausserdem sind die S\u00e4le voll, der Empfang ist toll und ich kann meinen Mann \u00fcberall hin mitnehmen!<\/p>\n\n\n\n<h6 class=\"wp-block-heading\" id=\"h-comment-ne-pas-tomber-dans-la-repetition-et-l-ennui\">Wie kann man verhindern, dass man in Wiederholungen und Langeweile verf\u00e4llt?<\/h6>\n\n\n\n<p>Mit einem gewissen Anteil an Improvisation, was mir sehr viel Spass macht. Es ist nie die gleiche Vorstellung, sonst w\u00e4re es anstrengend und ein bisschen eint\u00f6nig. Meine Improvisation \u00e4ndert sich \u00fcbrigens je nach meinem Publikum oder meiner Stimmung. Ich m\u00f6chte diesen Teil meiner Auff\u00fchrung beibehalten, nicht nur, weil es mir Spass macht, sondern auch, weil ich weiss, dass ich so besser bin.<\/p>\n\n\n\n<h6 class=\"wp-block-heading\" id=\"h-vous-vehiculez-aussi-certaines-idees-en-passant-meme-sur-le-ton-de-l-humour-comme-lorsque-vous-dites-qu-on-ne-peut-plus-rien-dire-n-est-ce-pas\">Sie vermitteln auch ganz nebenbei bestimmte Ideen, sogar auf humorvolle Weise, z. B. wenn Sie sagen, dass man nichts mehr sagen kann, nicht wahr?<\/h6>\n\n\n\n<p>Ja, genau. Man kann \u00fcberhaupt nichts mehr sagen. Ich habe Comedy-Kollegen, die nicht einmal mehr im Fernsehen auftreten d\u00fcrfen, weil sie das Pech hatten, etwas zu sagen. Die B\u00fchne ist der letzte Raum der Freiheit. Aber Vorsicht: Es gibt Leute, die filmen, und das kann in sozialen Netzwerken landen, also muss man \u00fcberall sehr vorsichtig sein. Sehen Sie sich meine Passage \u00fcber Migranten an: Einige k\u00f6nnten schockiert sein, wenn ich sage, dass es in Frankreich viele von ihnen gibt. Dabei ist das einfach nur wahr und ich habe Spass daran.<\/p>\n\n\n\n<h6 class=\"wp-block-heading\" id=\"h-parleriez-vous-de-susceptibilite\">W\u00fcrden Sie von Empfindlichkeit sprechen?<\/h6>\n\n\n\n<p>Ja, und von schlechtem Geist. Eine Mischung aus solchen Dingen, zweifellos. Dieses Ph\u00e4nomen sieht man auch im Bereich der Karikatur oder des Journalismus. Die Leute k\u00f6nnen sich nicht mehr ausdr\u00fccken, man dringt in ihre Intimsph\u00e4re ein... Sicherlich haben Ph\u00e4nomene wie MeToo gut getan, denn es gab Missbrauch. Aber das Ganze ist zu weit gegangen. Menschen werden gegeneinander aufgehetzt, M\u00e4nner gegen Frauen, Frauen gegen M\u00e4nner... Das wird ein b\u00f6ses Ende nehmen, diese Geschichte.<\/p>\n\n\n\n<h6 class=\"wp-block-heading\" id=\"h-parmi-les-jeunes-humoristes-que-vous-egratignez-dans-votre-spectacle-avec-beaucoup-d-autoderision-voyez-vous-des-artistes-libres\">Sehen Sie unter den jungen Komikern, die Sie in Ihrer Show mit viel Selbstironie auf die Schippe nehmen, freie K\u00fcnstler?<\/h6>\n\n\n\n<p>Ja, nat\u00fcrlich gibt es sie, und sie sind extrem gut. Das bedeutet, dass man sich trauen muss, Dinge zu sagen, die man normalerweise nicht h\u00f6rt. Sie bringen mich zum Lachen. Ich werde keine Namen nennen, um niemanden zu beleidigen. Ich weiss nicht, wie es mit ihnen weitergehen wird, denn sie werden sehr schnell durchgestrichen und \u00abgecancelt\u00bb. Aber das kann sich noch \u00e4ndern.<\/p>\n\n\n\n<h6 class=\"wp-block-heading\" id=\"h-outre-la-liberte-que-represente-la-scene-pour-vous\">Was bedeutet die B\u00fchne f\u00fcr Sie, abgesehen von der Freiheit?<\/h6>\n\n\n\n<p>Das Theater hat mich gerettet, als ich ein gro\u00dfes Drama in meiner Familie erlebt habe <em>(Anm. d. \u00dc.: Als Chantal Ladesou 16 Jahre alt war, verlor sie ihre Mutter bei einem Autounfall \u2013 eine Trag\u00f6die, die 1998 auch den \u00e4ltesten Sohn der Schauspielerin traf.)<\/em>. Am Anfang war es sehr schwierig, aber die B\u00fchne und meine Mitspieler haben mich gerettet. Ich denke, ich h\u00e4tte auch auf andere Weise gerettet werden k\u00f6nnen, denn man muss ja irgendwie weiterleben. Aber in meinem Fall war es so.<\/p>\n\n\n\n<h6 class=\"wp-block-heading\" id=\"h-cette-passion-vous-porte-t-elle-au-jour-le-jour-et-pas-seulement-quand-vous-etes-sur-les-planches\">Tr\u00e4gt Sie diese Leidenschaft jeden Tag und nicht nur, wenn Sie auf der B\u00fchne stehen?<\/h6>\n\n\n\n<p>Ja. Wenn man f\u00fcr etwas brennt, schenkt man seiner Umgebung Gl\u00fcck. Und im Gegenzug bekommt man viel davon zur\u00fcck. Wellen von Gel\u00e4chter wie heute Abend sind etwas Aussergew\u00f6hnliches. Sie laden mich auf. Vor der Auff\u00fchrung ziehe ich mich eine Stunde lang \u00e4ngstlich zur\u00fcck, lese meine Sketche durch ... Und nach der Auff\u00fchrung geht es mir gut, genau wie jetzt. Bis zum n\u00e4chsten Termin! <em>(Lachen)<\/em><\/p>\n\n\n\n<p><em>Chantal Ladesou tritt beim Festival Morges-sous-Rire auf <a href=\"https:\/\/morges-sous-rire.ch\/spectacles\/chantal-ladesou\/\">am 9. Juni<\/a>.<\/em><\/p>\n\n\n\n<h6 class=\"wp-block-heading\" id=\"h-vous-venez-de-lire-un-article-en-libre-acces-debats-analyses-actualites-culturelles-abonnez-vous-au-regard-libre-pour-nous-soutenir-et-avoir-acces-a-tous-nos-contenus\">Sie haben gerade einen frei zug\u00e4nglichen Artikel gelesen. Debatten, Analysen, Kulturnachrichten:&nbsp;<a href=\"https:\/\/leregardlibre.com\/de\/abonnement\/\">abonnieren Sie<\/a>&nbsp;unter <em>Regard Libre<\/em> um uns zu unterst\u00fctzen und Zugang zu all unseren Inhalten zu erhalten.<\/h6>\n\n\n\n<p><em>Schreiben Sie dem Autor: <a href=\"mailto:jonas.follonier@leregardlibre.com\">jonas.follonier@leregardlibre.com<\/a><\/em><\/p>","protected":false},"excerpt":{"rendered":"<p>Die franz\u00f6sische Schauspielerin und Komikerin, die im Juni beim Festival Morges-sous-Rire auftreten wird, behauptet, dass das Theater sie gerettet hat, und bedauert den \u00abschlechten Geist\u00bb der damaligen Zeit. Treffen in ihrer Garderobe nach einem ausverkauften Soloauftritt in Gr\u00f4ne im Wallis.<\/p>","protected":false},"author":138,"featured_media":530809,"comment_status":"open","ping_status":"closed","sticky":false,"template":"","format":"standard","meta":{"_acf_changed":false,"footnotes":""},"categories":[5386],"tags":[1686924,35,11788,45553,1385941,644358365],"class_list":["post-530808","post","type-post","status-publish","format-standard","has-post-thumbnail","hentry","category-theatre","tag-deuil","tag-humour","tag-interviews","tag-liberte","tag-politiquement-correct","tag-seuls-en-scene"],"acf":[],"yoast_head":"<!-- This site is optimized with the Yoast SEO Premium plugin v27.4 (Yoast SEO v27.4) - https:\/\/yoast.com\/product\/yoast-seo-premium-wordpress\/ -->\n<title>Chantal Ladesou: \u00abLa sc\u00e8ne est le dernier espace de libert\u00e9\u00bb<\/title>\n<meta name=\"description\" content=\"Chantal Ladesou affirme que le th\u00e9\u00e2tre l\u2019a sauv\u00e9e et regrette le \u00abmauvais esprit\u00bb de l\u2019\u00e9poque. Interview \u00e0 Gr\u00f4ne, au c\u0153ur de sa tourn\u00e9e.\" \/>\n<meta name=\"robots\" content=\"index, follow, max-snippet:-1, max-image-preview:large, max-video-preview:-1\" \/>\n<link rel=\"canonical\" href=\"https:\/\/leregardlibre.com\/de\/darstellende-kunste\/theater\/chantal-ladesou-die-buhne-ist-der-letzte-raum-der-freiheit\/\" \/>\n<meta property=\"og:locale\" content=\"de_DE\" \/>\n<meta property=\"og:type\" content=\"article\" \/>\n<meta property=\"og:title\" content=\"Chantal Ladesou: \u00abLa sc\u00e8ne est le dernier espace de libert\u00e9\u00bb\" \/>\n<meta property=\"og:description\" content=\"Chantal Ladesou affirme que le th\u00e9\u00e2tre l\u2019a sauv\u00e9e et regrette le \u00abmauvais esprit\u00bb de l\u2019\u00e9poque. Interview \u00e0 Gr\u00f4ne, au c\u0153ur de sa tourn\u00e9e.\" \/>\n<meta property=\"og:url\" content=\"https:\/\/leregardlibre.com\/de\/darstellende-kunste\/theater\/chantal-ladesou-die-buhne-ist-der-letzte-raum-der-freiheit\/\" \/>\n<meta property=\"og:site_name\" content=\"Le Regard Libre\" \/>\n<meta property=\"article:publisher\" content=\"https:\/\/www.facebook.com\/leregardlibre\/\" \/>\n<meta property=\"article:author\" content=\"https:\/\/www.facebook.com\/jonas.follonier\/\" \/>\n<meta property=\"article:published_time\" content=\"2026-01-26T06:30:00+00:00\" \/>\n<meta property=\"article:modified_time\" content=\"2026-01-26T10:35:12+00:00\" \/>\n<meta property=\"og:image\" content=\"https:\/\/leregardlibre.com\/wp-content\/uploads\/2026\/01\/chantal-ladesou.png\" \/>\n\t<meta property=\"og:image:width\" content=\"1132\" \/>\n\t<meta property=\"og:image:height\" content=\"855\" \/>\n\t<meta property=\"og:image:type\" content=\"image\/png\" \/>\n<meta name=\"author\" content=\"Jonas Follonier\" \/>\n<meta name=\"twitter:card\" content=\"summary_large_image\" \/>\n<meta name=\"twitter:creator\" content=\"@LeRegardLibre\" \/>\n<meta name=\"twitter:site\" content=\"@LeRegardLibre\" \/>\n<meta name=\"twitter:label1\" content=\"Verfasst von\" \/>\n\t<meta name=\"twitter:data1\" content=\"Jonas Follonier\" \/>\n\t<meta name=\"twitter:label2\" content=\"Gesch\u00e4tzte Lesezeit\" \/>\n\t<meta name=\"twitter:data2\" content=\"5\u00a0Minuten\" \/>\n<script type=\"application\/ld+json\" class=\"yoast-schema-graph\">{\"@context\":\"https:\\\/\\\/schema.org\",\"@graph\":[{\"@type\":\"Article\",\"@id\":\"https:\\\/\\\/leregardlibre.com\\\/arts-vivants\\\/theatre\\\/chantal-ladesou-la-scene-est-le-dernier-espace-de-liberte\\\/#article\",\"isPartOf\":{\"@id\":\"https:\\\/\\\/leregardlibre.com\\\/arts-vivants\\\/theatre\\\/chantal-ladesou-la-scene-est-le-dernier-espace-de-liberte\\\/\"},\"author\":{\"name\":\"Jonas Follonier\",\"@id\":\"https:\\\/\\\/leregardlibre.com\\\/#\\\/schema\\\/person\\\/bfe5aa794a23be71485d60e2d93ec0d2\"},\"headline\":\"Chantal Ladesou: \u00abLa sc\u00e8ne est le dernier espace de libert\u00e9\u00bb\",\"datePublished\":\"2026-01-26T06:30:00+00:00\",\"dateModified\":\"2026-01-26T10:35:12+00:00\",\"mainEntityOfPage\":{\"@id\":\"https:\\\/\\\/leregardlibre.com\\\/arts-vivants\\\/theatre\\\/chantal-ladesou-la-scene-est-le-dernier-espace-de-liberte\\\/\"},\"wordCount\":996,\"commentCount\":0,\"publisher\":{\"@id\":\"https:\\\/\\\/leregardlibre.com\\\/#organization\"},\"image\":{\"@id\":\"https:\\\/\\\/leregardlibre.com\\\/arts-vivants\\\/theatre\\\/chantal-ladesou-la-scene-est-le-dernier-espace-de-liberte\\\/#primaryimage\"},\"thumbnailUrl\":\"https:\\\/\\\/leregardlibre.com\\\/wp-content\\\/uploads\\\/2026\\\/01\\\/chantal-ladesou.png\",\"keywords\":[\"Deuil\",\"Humour\",\"Interview\",\"Libert\u00e9\",\"Politiquement correct\",\"Seul en sc\u00e8ne\"],\"articleSection\":[\"Th\u00e9\u00e2tre\"],\"inLanguage\":\"de\",\"potentialAction\":[{\"@type\":\"CommentAction\",\"name\":\"Comment\",\"target\":[\"https:\\\/\\\/leregardlibre.com\\\/arts-vivants\\\/theatre\\\/chantal-ladesou-la-scene-est-le-dernier-espace-de-liberte\\\/#respond\"]}]},{\"@type\":\"WebPage\",\"@id\":\"https:\\\/\\\/leregardlibre.com\\\/arts-vivants\\\/theatre\\\/chantal-ladesou-la-scene-est-le-dernier-espace-de-liberte\\\/\",\"url\":\"https:\\\/\\\/leregardlibre.com\\\/arts-vivants\\\/theatre\\\/chantal-ladesou-la-scene-est-le-dernier-espace-de-liberte\\\/\",\"name\":\"Chantal Ladesou: \u00abLa sc\u00e8ne est le dernier espace de libert\u00e9\u00bb\",\"isPartOf\":{\"@id\":\"https:\\\/\\\/leregardlibre.com\\\/#website\"},\"primaryImageOfPage\":{\"@id\":\"https:\\\/\\\/leregardlibre.com\\\/arts-vivants\\\/theatre\\\/chantal-ladesou-la-scene-est-le-dernier-espace-de-liberte\\\/#primaryimage\"},\"image\":{\"@id\":\"https:\\\/\\\/leregardlibre.com\\\/arts-vivants\\\/theatre\\\/chantal-ladesou-la-scene-est-le-dernier-espace-de-liberte\\\/#primaryimage\"},\"thumbnailUrl\":\"https:\\\/\\\/leregardlibre.com\\\/wp-content\\\/uploads\\\/2026\\\/01\\\/chantal-ladesou.png\",\"datePublished\":\"2026-01-26T06:30:00+00:00\",\"dateModified\":\"2026-01-26T10:35:12+00:00\",\"description\":\"Chantal Ladesou affirme que le th\u00e9\u00e2tre l\u2019a sauv\u00e9e et regrette le \u00abmauvais esprit\u00bb de l\u2019\u00e9poque. Interview \u00e0 Gr\u00f4ne, au c\u0153ur de sa tourn\u00e9e.\",\"breadcrumb\":{\"@id\":\"https:\\\/\\\/leregardlibre.com\\\/arts-vivants\\\/theatre\\\/chantal-ladesou-la-scene-est-le-dernier-espace-de-liberte\\\/#breadcrumb\"},\"inLanguage\":\"de\",\"potentialAction\":[{\"@type\":\"ReadAction\",\"target\":[\"https:\\\/\\\/leregardlibre.com\\\/arts-vivants\\\/theatre\\\/chantal-ladesou-la-scene-est-le-dernier-espace-de-liberte\\\/\"]}]},{\"@type\":\"ImageObject\",\"inLanguage\":\"de\",\"@id\":\"https:\\\/\\\/leregardlibre.com\\\/arts-vivants\\\/theatre\\\/chantal-ladesou-la-scene-est-le-dernier-espace-de-liberte\\\/#primaryimage\",\"url\":\"https:\\\/\\\/leregardlibre.com\\\/wp-content\\\/uploads\\\/2026\\\/01\\\/chantal-ladesou.png\",\"contentUrl\":\"https:\\\/\\\/leregardlibre.com\\\/wp-content\\\/uploads\\\/2026\\\/01\\\/chantal-ladesou.png\",\"width\":1132,\"height\":855,\"caption\":\"L\u2019artiste se livre \u00e0 l\u2019occasion de sa tourn\u00e9e \u00abLe retour\u00bb. Photo: Pascal Ito\"},{\"@type\":\"BreadcrumbList\",\"@id\":\"https:\\\/\\\/leregardlibre.com\\\/arts-vivants\\\/theatre\\\/chantal-ladesou-la-scene-est-le-dernier-espace-de-liberte\\\/#breadcrumb\",\"itemListElement\":[{\"@type\":\"ListItem\",\"position\":1,\"name\":\"Accueil\",\"item\":\"https:\\\/\\\/leregardlibre.com\\\/\"},{\"@type\":\"ListItem\",\"position\":2,\"name\":\"Chantal Ladesou: \u00abLa sc\u00e8ne est le dernier espace de libert\u00e9\u00bb\"}]},{\"@type\":\"WebSite\",\"@id\":\"https:\\\/\\\/leregardlibre.com\\\/#website\",\"url\":\"https:\\\/\\\/leregardlibre.com\\\/\",\"name\":\"Le Regard Libre\",\"description\":\"Premier mensuel suisse de d\u00e9bat\",\"publisher\":{\"@id\":\"https:\\\/\\\/leregardlibre.com\\\/#organization\"},\"potentialAction\":[{\"@type\":\"SearchAction\",\"target\":{\"@type\":\"EntryPoint\",\"urlTemplate\":\"https:\\\/\\\/leregardlibre.com\\\/?s={search_term_string}\"},\"query-input\":{\"@type\":\"PropertyValueSpecification\",\"valueRequired\":true,\"valueName\":\"search_term_string\"}}],\"inLanguage\":\"de\"},{\"@type\":\"Organization\",\"@id\":\"https:\\\/\\\/leregardlibre.com\\\/#organization\",\"name\":\"Le Regard Libre\",\"url\":\"https:\\\/\\\/leregardlibre.com\\\/\",\"logo\":{\"@type\":\"ImageObject\",\"inLanguage\":\"de\",\"@id\":\"https:\\\/\\\/leregardlibre.com\\\/#\\\/schema\\\/logo\\\/image\\\/\",\"url\":\"https:\\\/\\\/leregardlibre.com\\\/wp-content\\\/uploads\\\/2025\\\/08\\\/logo-rl-icone-neg.jpeg\",\"contentUrl\":\"https:\\\/\\\/leregardlibre.com\\\/wp-content\\\/uploads\\\/2025\\\/08\\\/logo-rl-icone-neg.jpeg\",\"width\":557,\"height\":556,\"caption\":\"Le Regard Libre\"},\"image\":{\"@id\":\"https:\\\/\\\/leregardlibre.com\\\/#\\\/schema\\\/logo\\\/image\\\/\"},\"sameAs\":[\"https:\\\/\\\/www.facebook.com\\\/leregardlibre\\\/\",\"https:\\\/\\\/x.com\\\/LeRegardLibre\",\"https:\\\/\\\/www.linkedin.com\\\/company\\\/le-regard-libre\",\"https:\\\/\\\/www.instagram.com\\\/leregardlibre\\\/\",\"http:\\\/\\\/t.me\\\/leregardlibre\",\"https:\\\/\\\/youtube.com\\\/channel\\\/UC6HzGPomj1LsUmlz-sJtITQ\"],\"description\":\"Le Regard Libre est un mensuel suisse de d\u00e9bat intellectuel et culturel. Sa r\u00e9daction est jeune, b\u00e9n\u00e9vole, lib\u00e9rale et pluraliste. Le magazine para\u00eet en ligne et sous forme papier. Sa langue est le fran\u00e7ais.\",\"email\":\"redaction@leregardlibre.com\",\"legalName\":\"Le Regard Libre\",\"foundingDate\":\"2014-01-01\",\"numberOfEmployees\":{\"@type\":\"QuantitativeValue\",\"minValue\":\"11\",\"maxValue\":\"50\"},\"publishingPrinciples\":\"https:\\\/\\\/leregardlibre.com\\\/a-propos\\\/notre-manifeste\\\/\",\"ownershipFundingInfo\":\"https:\\\/\\\/leregardlibre.com\\\/mentions-legales\\\/\",\"actionableFeedbackPolicy\":\"https:\\\/\\\/leregardlibre.com\\\/conditions-generales-de-vente\\\/\"},{\"@type\":\"Person\",\"@id\":\"https:\\\/\\\/leregardlibre.com\\\/#\\\/schema\\\/person\\\/bfe5aa794a23be71485d60e2d93ec0d2\",\"name\":\"Jonas Follonier\",\"image\":{\"@type\":\"ImageObject\",\"inLanguage\":\"de\",\"@id\":\"https:\\\/\\\/secure.gravatar.com\\\/avatar\\\/602060b40f6a458420c2d140f49b6caea99152ce6704f2c332e5a0c5aad80303?s=96&d=identicon&r=g\",\"url\":\"https:\\\/\\\/secure.gravatar.com\\\/avatar\\\/602060b40f6a458420c2d140f49b6caea99152ce6704f2c332e5a0c5aad80303?s=96&d=identicon&r=g\",\"contentUrl\":\"https:\\\/\\\/secure.gravatar.com\\\/avatar\\\/602060b40f6a458420c2d140f49b6caea99152ce6704f2c332e5a0c5aad80303?s=96&d=identicon&r=g\",\"caption\":\"Jonas Follonier\"},\"description\":\"Correspondant au Palais f\u00e9d\u00e9ral pour \u00abL\u2019Agefi\u00bb, auteur-compositeur-interpr\u00e8te et essayiste, Jonas Follonier est le fondateur et r\u00e9dacteur en chef du \u00abRegard Libre\u00bb.\",\"sameAs\":[\"https:\\\/\\\/www.facebook.com\\\/jonas.follonier\\\/\",\"https:\\\/\\\/www.instagram.com\\\/jonasfollonier\\\/\",\"https:\\\/\\\/www.linkedin.com\\\/in\\\/jonasfollonier\\\/\",\"https:\\\/\\\/fr.wikipedia.org\\\/wiki\\\/Le_Regard_libre\"],\"url\":\"https:\\\/\\\/leregardlibre.com\\\/de\\\/author\\\/jonas-follonier\\\/\"}]}<\/script>\n<!-- \/ Yoast SEO Premium plugin. -->","yoast_head_json":{"title":"Chantal Ladesou: \u00abDie B\u00fchne ist der letzte Raum der Freiheit\u00bb","description":"Chantal Ladesou sagt, dass das Theater sie gerettet hat, und bedauert den \u00abschlechten Geist\u00bb der damaligen Zeit. Interview in Gr\u00f4ne, im Herzen ihrer Tournee.","robots":{"index":"index","follow":"follow","max-snippet":"max-snippet:-1","max-image-preview":"max-image-preview:large","max-video-preview":"max-video-preview:-1"},"canonical":"https:\/\/leregardlibre.com\/de\/darstellende-kunste\/theater\/chantal-ladesou-die-buhne-ist-der-letzte-raum-der-freiheit\/","og_locale":"de_DE","og_type":"article","og_title":"Chantal Ladesou: \u00abLa sc\u00e8ne est le dernier espace de libert\u00e9\u00bb","og_description":"Chantal Ladesou affirme que le th\u00e9\u00e2tre l\u2019a sauv\u00e9e et regrette le \u00abmauvais esprit\u00bb de l\u2019\u00e9poque. Interview \u00e0 Gr\u00f4ne, au c\u0153ur de sa tourn\u00e9e.","og_url":"https:\/\/leregardlibre.com\/de\/darstellende-kunste\/theater\/chantal-ladesou-die-buhne-ist-der-letzte-raum-der-freiheit\/","og_site_name":"Le Regard Libre","article_publisher":"https:\/\/www.facebook.com\/leregardlibre\/","article_author":"https:\/\/www.facebook.com\/jonas.follonier\/","article_published_time":"2026-01-26T06:30:00+00:00","article_modified_time":"2026-01-26T10:35:12+00:00","og_image":[{"width":1132,"height":855,"url":"https:\/\/leregardlibre.com\/wp-content\/uploads\/2026\/01\/chantal-ladesou.png","type":"image\/png"}],"author":"Jonas Follonier","twitter_card":"summary_large_image","twitter_creator":"@LeRegardLibre","twitter_site":"@LeRegardLibre","twitter_misc":{"Verfasst von":"Jonas Follonier","Gesch\u00e4tzte Lesezeit":"5\u00a0Minuten"},"schema":{"@context":"https:\/\/schema.org","@graph":[{"@type":"Article","@id":"https:\/\/leregardlibre.com\/arts-vivants\/theatre\/chantal-ladesou-la-scene-est-le-dernier-espace-de-liberte\/#article","isPartOf":{"@id":"https:\/\/leregardlibre.com\/arts-vivants\/theatre\/chantal-ladesou-la-scene-est-le-dernier-espace-de-liberte\/"},"author":{"name":"Jonas Follonier","@id":"https:\/\/leregardlibre.com\/#\/schema\/person\/bfe5aa794a23be71485d60e2d93ec0d2"},"headline":"Chantal Ladesou: \u00abLa sc\u00e8ne est le dernier espace de libert\u00e9\u00bb","datePublished":"2026-01-26T06:30:00+00:00","dateModified":"2026-01-26T10:35:12+00:00","mainEntityOfPage":{"@id":"https:\/\/leregardlibre.com\/arts-vivants\/theatre\/chantal-ladesou-la-scene-est-le-dernier-espace-de-liberte\/"},"wordCount":996,"commentCount":0,"publisher":{"@id":"https:\/\/leregardlibre.com\/#organization"},"image":{"@id":"https:\/\/leregardlibre.com\/arts-vivants\/theatre\/chantal-ladesou-la-scene-est-le-dernier-espace-de-liberte\/#primaryimage"},"thumbnailUrl":"https:\/\/leregardlibre.com\/wp-content\/uploads\/2026\/01\/chantal-ladesou.png","keywords":["Deuil","Humour","Interview","Libert\u00e9","Politiquement correct","Seul en sc\u00e8ne"],"articleSection":["Th\u00e9\u00e2tre"],"inLanguage":"de","potentialAction":[{"@type":"CommentAction","name":"Comment","target":["https:\/\/leregardlibre.com\/arts-vivants\/theatre\/chantal-ladesou-la-scene-est-le-dernier-espace-de-liberte\/#respond"]}]},{"@type":"WebPage","@id":"https:\/\/leregardlibre.com\/arts-vivants\/theatre\/chantal-ladesou-la-scene-est-le-dernier-espace-de-liberte\/","url":"https:\/\/leregardlibre.com\/arts-vivants\/theatre\/chantal-ladesou-la-scene-est-le-dernier-espace-de-liberte\/","name":"Chantal Ladesou: \u00abDie B\u00fchne ist der letzte Raum der Freiheit\u00bb","isPartOf":{"@id":"https:\/\/leregardlibre.com\/#website"},"primaryImageOfPage":{"@id":"https:\/\/leregardlibre.com\/arts-vivants\/theatre\/chantal-ladesou-la-scene-est-le-dernier-espace-de-liberte\/#primaryimage"},"image":{"@id":"https:\/\/leregardlibre.com\/arts-vivants\/theatre\/chantal-ladesou-la-scene-est-le-dernier-espace-de-liberte\/#primaryimage"},"thumbnailUrl":"https:\/\/leregardlibre.com\/wp-content\/uploads\/2026\/01\/chantal-ladesou.png","datePublished":"2026-01-26T06:30:00+00:00","dateModified":"2026-01-26T10:35:12+00:00","description":"Chantal Ladesou sagt, dass das Theater sie gerettet hat, und bedauert den \u00abschlechten Geist\u00bb der damaligen Zeit. Interview in Gr\u00f4ne, im Herzen ihrer Tournee.","breadcrumb":{"@id":"https:\/\/leregardlibre.com\/arts-vivants\/theatre\/chantal-ladesou-la-scene-est-le-dernier-espace-de-liberte\/#breadcrumb"},"inLanguage":"de","potentialAction":[{"@type":"ReadAction","target":["https:\/\/leregardlibre.com\/arts-vivants\/theatre\/chantal-ladesou-la-scene-est-le-dernier-espace-de-liberte\/"]}]},{"@type":"ImageObject","inLanguage":"de","@id":"https:\/\/leregardlibre.com\/arts-vivants\/theatre\/chantal-ladesou-la-scene-est-le-dernier-espace-de-liberte\/#primaryimage","url":"https:\/\/leregardlibre.com\/wp-content\/uploads\/2026\/01\/chantal-ladesou.png","contentUrl":"https:\/\/leregardlibre.com\/wp-content\/uploads\/2026\/01\/chantal-ladesou.png","width":1132,"height":855,"caption":"L\u2019artiste se livre \u00e0 l\u2019occasion de sa tourn\u00e9e \u00abLe retour\u00bb. Photo: Pascal Ito"},{"@type":"BreadcrumbList","@id":"https:\/\/leregardlibre.com\/arts-vivants\/theatre\/chantal-ladesou-la-scene-est-le-dernier-espace-de-liberte\/#breadcrumb","itemListElement":[{"@type":"ListItem","position":1,"name":"Accueil","item":"https:\/\/leregardlibre.com\/"},{"@type":"ListItem","position":2,"name":"Chantal Ladesou: \u00abLa sc\u00e8ne est le dernier espace de libert\u00e9\u00bb"}]},{"@type":"WebSite","@id":"https:\/\/leregardlibre.com\/#website","url":"https:\/\/leregardlibre.com\/","name":"Le Regard Libre","description":"Erste Schweizer Monatszeitschrift f\u00fcr Debatten","publisher":{"@id":"https:\/\/leregardlibre.com\/#organization"},"potentialAction":[{"@type":"SearchAction","target":{"@type":"EntryPoint","urlTemplate":"https:\/\/leregardlibre.com\/?s={search_term_string}"},"query-input":{"@type":"PropertyValueSpecification","valueRequired":true,"valueName":"search_term_string"}}],"inLanguage":"de"},{"@type":"Organization","@id":"https:\/\/leregardlibre.com\/#organization","name":"Le Regard Libre","url":"https:\/\/leregardlibre.com\/","logo":{"@type":"ImageObject","inLanguage":"de","@id":"https:\/\/leregardlibre.com\/#\/schema\/logo\/image\/","url":"https:\/\/leregardlibre.com\/wp-content\/uploads\/2025\/08\/logo-rl-icone-neg.jpeg","contentUrl":"https:\/\/leregardlibre.com\/wp-content\/uploads\/2025\/08\/logo-rl-icone-neg.jpeg","width":557,"height":556,"caption":"Le Regard Libre"},"image":{"@id":"https:\/\/leregardlibre.com\/#\/schema\/logo\/image\/"},"sameAs":["https:\/\/www.facebook.com\/leregardlibre\/","https:\/\/x.com\/LeRegardLibre","https:\/\/www.linkedin.com\/company\/le-regard-libre","https:\/\/www.instagram.com\/leregardlibre\/","http:\/\/t.me\/leregardlibre","https:\/\/youtube.com\/channel\/UC6HzGPomj1LsUmlz-sJtITQ"],"description":"Le Regard Libre ist eine Schweizer Monatszeitschrift f\u00fcr intellektuelle und kulturelle Debatten. Seine Redaktion ist jung, ehrenamtlich, liberal und pluralistisch. Das Magazin erscheint online und in gedruckter Form. Seine Sprache ist Franz\u00f6sisch.","email":"redaction@leregardlibre.com","legalName":"Le Regard Libre","foundingDate":"2014-01-01","numberOfEmployees":{"@type":"QuantitativeValue","minValue":"11","maxValue":"50"},"publishingPrinciples":"https:\/\/leregardlibre.com\/a-propos\/notre-manifeste\/","ownershipFundingInfo":"https:\/\/leregardlibre.com\/mentions-legales\/","actionableFeedbackPolicy":"https:\/\/leregardlibre.com\/conditions-generales-de-vente\/"},{"@type":"Person","@id":"https:\/\/leregardlibre.com\/#\/schema\/person\/bfe5aa794a23be71485d60e2d93ec0d2","name":"Jonas Follonier","image":{"@type":"ImageObject","inLanguage":"de","@id":"https:\/\/secure.gravatar.com\/avatar\/602060b40f6a458420c2d140f49b6caea99152ce6704f2c332e5a0c5aad80303?s=96&d=identicon&r=g","url":"https:\/\/secure.gravatar.com\/avatar\/602060b40f6a458420c2d140f49b6caea99152ce6704f2c332e5a0c5aad80303?s=96&d=identicon&r=g","contentUrl":"https:\/\/secure.gravatar.com\/avatar\/602060b40f6a458420c2d140f49b6caea99152ce6704f2c332e5a0c5aad80303?s=96&d=identicon&r=g","caption":"Jonas Follonier"},"description":"Bundeshauskorrespondent f\u00fcr \u00abL'Agefi\u00bb, Singer-Songwriter, Jonas Follonier ist Gr\u00fcnder und Chefredakteur von \u00abRegard Libre\u00bb.","sameAs":["https:\/\/www.facebook.com\/jonas.follonier\/","https:\/\/www.instagram.com\/jonasfollonier\/","https:\/\/www.linkedin.com\/in\/jonasfollonier\/","https:\/\/fr.wikipedia.org\/wiki\/Le_Regard_libre"],"url":"https:\/\/leregardlibre.com\/de\/author\/jonas-follonier\/"}]}},"_links":{"self":[{"href":"https:\/\/leregardlibre.com\/de\/wp-json\/wp\/v2\/posts\/530808","targetHints":{"allow":["GET"]}}],"collection":[{"href":"https:\/\/leregardlibre.com\/de\/wp-json\/wp\/v2\/posts"}],"about":[{"href":"https:\/\/leregardlibre.com\/de\/wp-json\/wp\/v2\/types\/post"}],"author":[{"embeddable":true,"href":"https:\/\/leregardlibre.com\/de\/wp-json\/wp\/v2\/users\/138"}],"replies":[{"embeddable":true,"href":"https:\/\/leregardlibre.com\/de\/wp-json\/wp\/v2\/comments?post=530808"}],"version-history":[{"count":2,"href":"https:\/\/leregardlibre.com\/de\/wp-json\/wp\/v2\/posts\/530808\/revisions"}],"predecessor-version":[{"id":530824,"href":"https:\/\/leregardlibre.com\/de\/wp-json\/wp\/v2\/posts\/530808\/revisions\/530824"}],"wp:featuredmedia":[{"embeddable":true,"href":"https:\/\/leregardlibre.com\/de\/wp-json\/wp\/v2\/media\/530809"}],"wp:attachment":[{"href":"https:\/\/leregardlibre.com\/de\/wp-json\/wp\/v2\/media?parent=530808"}],"wp:term":[{"taxonomy":"category","embeddable":true,"href":"https:\/\/leregardlibre.com\/de\/wp-json\/wp\/v2\/categories?post=530808"},{"taxonomy":"post_tag","embeddable":true,"href":"https:\/\/leregardlibre.com\/de\/wp-json\/wp\/v2\/tags?post=530808"}],"curies":[{"name":"wp","href":"https:\/\/api.w.org\/{rel}","templated":true}]}}