{"id":531680,"date":"2026-03-12T07:30:00","date_gmt":"2026-03-12T06:30:00","guid":{"rendered":"https:\/\/leregardlibre.com\/?p=531680"},"modified":"2026-03-12T07:53:47","modified_gmt":"2026-03-12T06:53:47","slug":"irene-frain-lor-der-nacht","status":"publish","type":"post","link":"https:\/\/leregardlibre.com\/de\/literatur\/irene-frain-lor-der-nacht\/","title":{"rendered":"Ir\u00e8ne Frain, das Gold der Versprechungen\u00a0"},"content":{"rendered":"<p class=\"has-drop-cap\"><strong>Jeden Monat nimmt unsere Literaturkritikerin ein Werk unter das Kaleidoskop, um die Bilder, die es projiziert, zu sammeln und ihre Beugung wiederzugeben. Dabei kann es vorkommen, dass sich Geniestreiche als Glassplitter erweisen.&nbsp;<\/strong><\/p>\n\n\n\n<!--more-->\n\n\n\n<p><em>Das Gold der Nacht (\u00abL\u2019Or de la nuit\u00bb)<\/em>&nbsp;ist die Geschichte des Namens, den die \u00dcbertragung annimmt, wenn sie zum Schicksal wird: Affabulation. Ir\u00e8ne Frain f\u00fchrt uns in das Herz des XVIII.<sup>.<\/sup>&nbsp;Jahrhundert, als ein bescheidener Orientalist zuf\u00e4llig anonyme arabische M\u00e4rchen entdeckte und beschloss, sie in die H\u00e4nde der Leser zu bringen. Zu diesem Zweck \u00fcbersetzt er sie. Nur dass \u00fcbersetzen nicht das richtige Wort ist. Er stickt, kommentiert, erfindet und verziert. \u00abOhne Skrupel \u2013 er hatte vergessen, was ein Skrupel ist. Der Tr\u00e4umer in ihm hatte den Gelehrten zum Schweigen gebracht. Und wie m\u00e4chtig er an jenem Abend war!\u00bb.\u00bb&nbsp;<\/p>\n\n\n\n<h6 class=\"wp-block-heading\" id=\"h-a-lire-aussi-un-livre-sans-importance\">Lesen Sie auch | <a href=\"https:\/\/leregardlibre.com\/de\/literatur\/un-crime-sans-importance\/\" type=\"post\" id=\"50507\">Ein unwichtiges Buch?<\/a><\/h6>\n\n\n\n<p>Der Erfolg war enorm, und alle Zuschauer dr\u00e4ngten auf eine Fortsetzung. Aber was soll's? Es gelingt ihm nicht, die anderen Erz\u00e4hlungen in die Finger zu bekommen. Obwohl er Antiquit\u00e4tenh\u00e4ndler und Buchh\u00e4ndler befragte und an seine Kontakte im Nahen Osten schrieb, blieb der zweite Teil des Manuskripts unauffindbar. Draussen riefen die Revoluzzer: \u00abGalland, Filignant, eine Fortsetzung, schnell, worauf wartest du, Filignant, wir warten auf dich...\u00bb. Im Schraubstock der Worte gefangen, verfolgt Antoine Galland eine unsichtbare Beute.&nbsp;<\/p>\n\n\n\n<blockquote class=\"wp-block-quote is-layout-flow wp-block-quote-is-layout-flow\">\n<p>\u00abEr hatte sich lange Zeit die Weisheit Scheherazades zu eigen gemacht, dass es nicht darauf ankommt, was wahr oder falsch ist, sondern nur auf die Sch\u00f6nheit der Geste desjenigen, der in der Einsamkeit und unter der Bedrohung der Nacht eine Geschichte aufschnappt, die an der Mondsichel h\u00e4ngt, kurz bevor sie in den Abgrund des Sternenhimmels hinabst\u00fcrzt.\u00bb\u00a0<\/p>\n<\/blockquote>\n\n\n\n<p>Zwischen Versailles und dem Orient nimmt die Autorin von mehr als 60 B\u00fcchern den Leser mit auf die Spuren von Antoine Galland, einem reisenden Gelehrten, Konsul und Mitglied der Acad\u00e9mie des inscriptions et belles-lettres, vor allem aber dem ersten \u00dcbersetzer der&nbsp;<em>Tausend und eine Nacht<\/em>. In zehn grossen Kapiteln, die jeweils aus Kurzgeschichten bestehen, tr\u00e4umt sie sich als Scheherazade und orchestriert den Rhythmus, destilliert vorsichtig die Spannung und zieht die Handlung in die L\u00e4nge, bis sich parallele Leben \u00f6ffnen. Aber \u00fcber die faszinierende Odyssee eines Textes hinaus,&nbsp;<em>Das Gold der Nacht (\u00abL\u2019Or de la nuit\u00bb)<\/em>&nbsp;ist die Erz\u00e4hlung eines doppelten Verrats: Gallands Verrat an den Worten und Ir\u00e8ne Frains Verrat am Leser.&nbsp;<\/p>\n\n\n\n<h3 class=\"wp-block-heading\" id=\"h-irene-nbsp-frain-nbsp-fait-caler-l-histoire-nbsp\"><strong>Ir\u00e8ne Frain l\u00e4sst die Geschichte abk\u00fchlen<\/strong>&nbsp;<\/h3>\n\n\n\n<p>Das Versprechen war sch\u00f6n und verlockend: Dieser Roman sollte das Buch, von dem er handelt, spiegeln, mithilfe von Wendungen, gestreuten Zweifeln, kontrollierten Wendungen und endlosen Ans\u00e4tzen. So soll ein hungriger Leser in Atem gehalten werden. Ja, aber unter der h\u00fcbschen rhetorischen Karosserie hat sich der Motor eines Mopeds offenbart. Man sp\u00fcrt die Absicht, man sieht die Geste, aber es funktioniert nicht. Nach dem ersten Viertel der Geschichte und dem Aufbau der Handlung hustet die Erz\u00e4hlung, um sich dann m\u00fchsam zu verzetteln. Man langweilt sich f\u00fcrchterlich und bl\u00e4ttert immer schneller um, liest diagonal, um den an den Fingern klebenden Schlamm zu l\u00f6sen.&nbsp;<\/p>\n\n\n\n<form method=\"post\" action=\"https:\/\/newsletter.infomaniak.com\/external\/submit\" class=\"inf-form\" target=\"_blank\"><input type=\"email\" name=\"email\" style=\"display:none\" \/><input type=\"hidden\" name=\"key\"\nvalue=\"eyJpdiI6IlZXRVJGMlRGQUU2alNqUE81bitIUk5adnNVa0c4MllFTStzOHdHT1FQZ3c9IiwidmFsdWUiOiJIYzhwMUVCK1pTNnlhY3MyMmhuZlhReWJqemEwNk93blMxTjFHc0s2VHZrPSIsIm1hYyI6ImVhYTQ5N2I1M2NiYWE4NzBmNjk2NzgzYjliM2Y5NmYzM2E2ZmU3NGQxNTU1ZDFkMTU1MzY5NTdjYjE3ZTJmNTUifQ==\"><input type=\"hidden\" name=\"webform_id\" value=\"7291\"><style> .inf-main_3000311ca56a1cb93397bc676c0b7fff{ background-color:#f5f5f5;\npadding:25px 20px; margin:25px auto; } .inf-main_3000311ca56a1cb93397bc676c0b7fff .inf-content { margin-top:13px;} .inf-main_3000311ca56a1cb93397bc676c0b7fff h4, .inf-main_3000311ca56a1cb93397bc676c0b7fff span, .inf-\nmain_3000311ca56a1cb93397bc676c0b7fff label, .inf-main_3000311ca56a1cb93397bc676c0b7fff input, .inf-main_3000311ca56a1cb93397bc676c0b7fff .inf-submit, .inf-main_3000311ca56a1cb93397bc676c0b7fff .inf-success p a { color:#555555; font-\nsize:14px; } .inf-main_3000311ca56a1cb93397bc676c0b7fff h4{ font-size:18px; margin:0px 0px 13px 0px; } .inf-main_3000311ca56a1cb93397bc676c0b7fff h4, .inf-main_3000311ca56a1cb93397bc676c0b7fff label{ font-weight:bold; } .inf-\nmain_3000311ca56a1cb93397bc676c0b7fff .inf-input { margin-bottom:7px; } .inf-main_3000311ca56a1cb93397bc676c0b7fff label { display:block;} .inf-main_3000311ca56a1cb93397bc676c0b7fff input{ height:35px; color:#999999; border: 1px solid\n#E9E9E9; border:none; padding-left:7px; } .inf-main_3000311ca56a1cb93397bc676c0b7fff .inf-input.inf-error label, .inf-main_3000311ca56a1cb93397bc676c0b7fff .inf-input.inf-error span.inf-message{ color: #cc0033; } .inf-\nmain_3000311ca56a1cb93397bc676c0b7fff .inf-input.inf-error input{ border: 1px solid #cc0033; } .inf-main_3000311ca56a1cb93397bc676c0b7fff .inf-input input { width:100%;} .inf-main_3000311ca56a1cb93397bc676c0b7fff .inf-input.inf-error\nspan.inf-message { display: block; } .inf-main_3000311ca56a1cb93397bc676c0b7fff .inf-submit { text-align:right;} .inf-main_3000311ca56a1cb93397bc676c0b7fff .inf-submit input{ background-color:#777777; color:#ffffff; border:none; font-weight:\nnormal; height:auto; padding:7px; } .inf-main_3000311ca56a1cb93397bc676c0b7fff .inf-submit input.disabled{ opacity: 0.4; } .inf-btn { color: rgb(85, 85, 85); border: medium none; font-weight: normal; height: auto; padding: 7px; display: inline-block;\nbackground-color: white; box-shadow: 0px 1px 1px rgba(0, 0, 0, 0.24); border-radius: 2px; line-height: 1em; } .inf-rgpd { margin:25px 0px 15px 0px; color:#555555; } <\/style> <div class=\"inf-main_3000311ca56a1cb93397bc676c0b7fff\">\n<h4>NEWSLETTER DES FREIEN BLICKS<\/h4> <span>Erhalten Sie unsere Artikel jeden Sonntag.<\/span> <div class=\"inf-success\" style=\"display:none\"> <h4>Ihre Anmeldung f\u00fcr unseren w\u00f6chentlichen Newsletter wurde erfolgreich registriert!<\/h4> <p>\n<a href=\"#\" class=\"inf-btn\">\u00ab<\/a> <\/p> <\/div> <div class=\"inf-content\"> <div class=\"inf-input inf-input-text\"> <input type=\"text\" name=\"inf[1]\" data-inf-meta = \"1\" data-inf-error = \"Merci de renseigner une adresse email\" required=\"required\"\nplaceholder=\"E-Mail\" > <\/div> <div class=\"inf-submit\"> <input type=\"submit\" name=\"\" value=\"Anmelden\"> <\/div> <\/div> <\/div> <\/form>\n\n\n\n<p>Es w\u00e4re nicht zu gewagt zu behaupten, dass&nbsp;<em>Das Gold der Nacht (\u00abL\u2019Or de la nuit\u00bb)<\/em>&nbsp;ist eine Leseoase: Man glaubt, einen spannenden Roman voller Erwartungen in den H\u00e4nden zu halten, doch nach wenigen Augenblicken ist die Illusion wieder verschwunden. Die Intrigen am Hof und die schmutzigen Tricks der Adligen gleiten \u00fcber uns hinweg wie die Pocken \u00fcber die Monarchie.&nbsp;&nbsp;<\/p>\n\n\n\n<p>Der Leser ist kein Versuchskaninchen f\u00fcr literarische Experimente: Wenn der Mechanismus nur interessant ist, aber nicht die gew\u00fcnschte Wirkung hat, geht alles schief. Und es n\u00fctzt nichts, zu nachsichtig zu sein: Man gratuliert nicht demjenigen, der einen abgelehnten Heiratsantrag macht, sondern demjenigen, der vom Altar herabsteigt.<\/p>\n\n\n\n<p>Durch das Versprechen von Faszination,&nbsp;<em>Das Gold der Nacht (\u00abL\u2019Or de la nuit\u00bb)<\/em>&nbsp;gleicht schliesslich einem \u00fcberm\u00e4ssig beleuchteten Schaufenster, hinter dem es nicht viel zu sehen gibt. Ir\u00e8ne Frain wirbelt mit Bergen und Wundern, beschw\u00f6rt die Geheimnisse des Orients, das Murmeln der Bibliotheken und das Theater der Existenz herauf, um dem Leser nur eine blasse F\u00e4lschung anzuvertrauen. Sie ist zwar kunstvoll verpackt, kann aber nicht verzaubern. Wo die Heldin der&nbsp;<em>Tausend und eine Nacht<\/em>&nbsp;den Tod durch den Faden der Erz\u00e4hlung festhielt, h\u00e4lt dieser Roman nichts fest. Im Gegenteil, der Leser wird von niemandem gefangen genommen. Es gen\u00fcgt, das Buch zu schliessen, um diesem M\u00e4rchen ohne Zauber unversehrt zu entfliehen. Wie in einem M\u00e4rchen wird ein letztes Zauberwort ausgesprochen: Cheh-\u00e9razade.&nbsp;<\/p>\n\n\n\n<p><em><strong>Quentin Perissinotto<\/strong> ist Literaturkritiker beim <\/em>Regard Libre<em>. Schreiben Sie an den Autor:&nbsp;<a href=\"mailto:quentin.perissinotto@leregardlibre.com\">quentin.perissinotto@leregardlibre.com<\/a><\/em><\/p>\n\n\n\n<h6 class=\"wp-block-heading\" id=\"h-vous-venez-de-lire-une-chronique-en-libre-acces-et-publiee-dans-notre-edition-papier-le-regard-libre-n-124-debats-analyses-actualites-culturelles-nbsp-abonnez-vous-nbsp-a-notre-media-de-reflexion-pour-nous-soutenir-et-avoir-acces-a-tous-nos-contenus\">Sie haben gerade eine frei zug\u00e4ngliche Kolumne gelesen, die in unserer Printausgabe erschienen ist<a href=\"https:\/\/leregardlibre.com\/de\/cpt-editions\/der-freie-blick-124-volk\/\">Le Regard Libre Nr. 124<\/a>). Debatten, Analysen, Kulturnachrichten:&nbsp;<a href=\"https:\/\/leregardlibre.com\/de\/abonnement\/\">abonnieren Sie<\/a>&nbsp;zu unserem Reflexionsmedium, um uns zu unterst\u00fctzen und Zugang zu all unseren Inhalten zu erhalten.<\/h6>\n\n\n\n<div class=\"wp-block-media-text is-stacked-on-mobile\" style=\"grid-template-columns:23% auto\"><figure class=\"wp-block-media-text__media\"><img fetchpriority=\"high\" decoding=\"async\" width=\"699\" height=\"1024\" src=\"https:\/\/leregardlibre.com\/wp-content\/uploads\/2026\/03\/couverture-1-699x1024.jpg\" alt=\"\" class=\"wp-image-531682 size-full\" srcset=\"https:\/\/leregardlibre.com\/wp-content\/uploads\/2026\/03\/couverture-1-699x1024.jpg 699w, https:\/\/leregardlibre.com\/wp-content\/uploads\/2026\/03\/couverture-1-205x300.jpg 205w, https:\/\/leregardlibre.com\/wp-content\/uploads\/2026\/03\/couverture-1-102x150.jpg 102w, https:\/\/leregardlibre.com\/wp-content\/uploads\/2026\/03\/couverture-1-768x1125.jpg 768w, https:\/\/leregardlibre.com\/wp-content\/uploads\/2026\/03\/couverture-1-8x12.jpg 8w, https:\/\/leregardlibre.com\/wp-content\/uploads\/2026\/03\/couverture-1-444x650.jpg 444w, https:\/\/leregardlibre.com\/wp-content\/uploads\/2026\/03\/couverture-1-300x440.jpg 300w, https:\/\/leregardlibre.com\/wp-content\/uploads\/2026\/03\/couverture-1-600x879.jpg 600w, https:\/\/leregardlibre.com\/wp-content\/uploads\/2026\/03\/couverture-1.jpg 800w\" sizes=\"(max-width: 699px) 100vw, 699px\" \/><\/figure><div class=\"wp-block-media-text__content\">\n<p><strong>Ir\u00e8ne Frain<\/strong><br><strong><em>Das Gold der Nacht<br><\/em>Mai 2025 <br>384 Seiten<\/strong><\/p>\n\n\n\n<div class=\"wp-block-buttons is-layout-flex wp-block-buttons-is-layout-flex\">\n<div class=\"wp-block-button\"><a class=\"wp-block-button__link wp-element-button\" href=\"https:\/\/www.payot.ch\/Detail\/9782940648412\">Das Buch bestellen<\/a><\/div>\n<\/div>\n<\/div><\/div>","protected":false},"excerpt":{"rendered":"<p>Jeden Monat nimmt unsere Literaturkritikerin ein Werk unter das Kaleidoskop, um die Bilder, die es projiziert, zu sammeln und ihre Beugung wiederzugeben. Dabei kann es vorkommen, dass sich Geniestreiche als Glassplitter erweisen.\u00a0<\/p>","protected":false},"author":213,"featured_media":531681,"comment_status":"open","ping_status":"closed","sticky":false,"template":"","format":"standard","meta":{"_acf_changed":false,"footnotes":""},"categories":[20663],"tags":[277140,1532851,644358453,38542],"class_list":["post-531680","post","type-post","status-publish","format-standard","has-post-thumbnail","hentry","category-litterature","tag-litterature-francaise","tag-litterature-francophone","tag-mise-en-trope","tag-roman"],"acf":[],"yoast_head":"<!-- This site is optimized with the Yoast SEO Premium plugin v27.4 (Yoast SEO v27.4) - https:\/\/yoast.com\/product\/yoast-seo-premium-wordpress\/ -->\n<title>Ir\u00e8ne\u00a0Frain, tout l\u2019or des promesses\u00a0<\/title>\n<meta name=\"description\" content=\"\u00abL\u2019Or de la nuit\u00bb d\u2019Ir\u00e8ne Frain\u00a0finit par ressembler \u00e0 une vitrine trop \u00e9clair\u00e9e derri\u00e8re laquelle il n\u2019y a pas grand-chose. Notre critique\" \/>\n<meta name=\"robots\" content=\"index, follow, max-snippet:-1, max-image-preview:large, max-video-preview:-1\" \/>\n<link rel=\"canonical\" href=\"https:\/\/leregardlibre.com\/de\/literatur\/irene-frain-lor-der-nacht\/\" \/>\n<meta property=\"og:locale\" content=\"de_DE\" \/>\n<meta property=\"og:type\" content=\"article\" \/>\n<meta property=\"og:title\" content=\"Ir\u00e8ne\u00a0Frain, tout l\u2019or des promesses\u00a0\" \/>\n<meta property=\"og:description\" content=\"\u00abL\u2019Or de la nuit\u00bb d\u2019Ir\u00e8ne Frain\u00a0finit par ressembler \u00e0 une vitrine trop \u00e9clair\u00e9e derri\u00e8re laquelle il n\u2019y a pas grand-chose. Notre critique\" \/>\n<meta property=\"og:url\" content=\"https:\/\/leregardlibre.com\/de\/literatur\/irene-frain-lor-der-nacht\/\" \/>\n<meta property=\"og:site_name\" content=\"Le Regard Libre\" \/>\n<meta property=\"article:publisher\" content=\"https:\/\/www.facebook.com\/leregardlibre\/\" \/>\n<meta property=\"article:published_time\" content=\"2026-03-12T06:30:00+00:00\" \/>\n<meta property=\"article:modified_time\" content=\"2026-03-12T06:53:47+00:00\" \/>\n<meta property=\"og:image\" content=\"https:\/\/leregardlibre.com\/wp-content\/uploads\/2026\/03\/illustration-1-scaled-e1773257068129.jpeg\" \/>\n\t<meta property=\"og:image:width\" content=\"2560\" \/>\n\t<meta property=\"og:image:height\" content=\"1442\" \/>\n\t<meta property=\"og:image:type\" content=\"image\/jpeg\" \/>\n<meta name=\"author\" content=\"Quentin Perissinotto\" \/>\n<meta name=\"twitter:card\" content=\"summary_large_image\" \/>\n<meta name=\"twitter:creator\" content=\"@LeRegardLibre\" \/>\n<meta name=\"twitter:site\" content=\"@LeRegardLibre\" \/>\n<meta name=\"twitter:label1\" content=\"Verfasst von\" \/>\n\t<meta name=\"twitter:data1\" content=\"Quentin Perissinotto\" \/>\n\t<meta name=\"twitter:label2\" content=\"Gesch\u00e4tzte Lesezeit\" \/>\n\t<meta name=\"twitter:data2\" content=\"5\u00a0Minuten\" \/>\n<script type=\"application\/ld+json\" class=\"yoast-schema-graph\">{\"@context\":\"https:\\\/\\\/schema.org\",\"@graph\":[{\"@type\":\"Article\",\"@id\":\"https:\\\/\\\/leregardlibre.com\\\/litterature\\\/irene-frain-lor-de-la-nuit\\\/#article\",\"isPartOf\":{\"@id\":\"https:\\\/\\\/leregardlibre.com\\\/litterature\\\/irene-frain-lor-de-la-nuit\\\/\"},\"author\":{\"name\":\"Quentin Perissinotto\",\"@id\":\"https:\\\/\\\/leregardlibre.com\\\/#\\\/schema\\\/person\\\/b2ac941a3f3efccb93d920d0cd1629f4\"},\"headline\":\"Ir\u00e8ne\u00a0Frain, tout l\u2019or des promesses\u00a0\",\"datePublished\":\"2026-03-12T06:30:00+00:00\",\"dateModified\":\"2026-03-12T06:53:47+00:00\",\"mainEntityOfPage\":{\"@id\":\"https:\\\/\\\/leregardlibre.com\\\/litterature\\\/irene-frain-lor-de-la-nuit\\\/\"},\"wordCount\":989,\"commentCount\":0,\"publisher\":{\"@id\":\"https:\\\/\\\/leregardlibre.com\\\/#organization\"},\"image\":{\"@id\":\"https:\\\/\\\/leregardlibre.com\\\/litterature\\\/irene-frain-lor-de-la-nuit\\\/#primaryimage\"},\"thumbnailUrl\":\"https:\\\/\\\/leregardlibre.com\\\/wp-content\\\/uploads\\\/2026\\\/03\\\/illustration-1-scaled-e1773257068129.jpeg\",\"keywords\":[\"Litt\u00e9rature fran\u00e7aise\",\"Litt\u00e9rature francophone\",\"Mise en trope\",\"Roman\"],\"articleSection\":[\"Litt\u00e9rature\"],\"inLanguage\":\"de\",\"potentialAction\":[{\"@type\":\"CommentAction\",\"name\":\"Comment\",\"target\":[\"https:\\\/\\\/leregardlibre.com\\\/litterature\\\/irene-frain-lor-de-la-nuit\\\/#respond\"]}]},{\"@type\":\"WebPage\",\"@id\":\"https:\\\/\\\/leregardlibre.com\\\/litterature\\\/irene-frain-lor-de-la-nuit\\\/\",\"url\":\"https:\\\/\\\/leregardlibre.com\\\/litterature\\\/irene-frain-lor-de-la-nuit\\\/\",\"name\":\"Ir\u00e8ne\u00a0Frain, tout l\u2019or des promesses\u00a0\",\"isPartOf\":{\"@id\":\"https:\\\/\\\/leregardlibre.com\\\/#website\"},\"primaryImageOfPage\":{\"@id\":\"https:\\\/\\\/leregardlibre.com\\\/litterature\\\/irene-frain-lor-de-la-nuit\\\/#primaryimage\"},\"image\":{\"@id\":\"https:\\\/\\\/leregardlibre.com\\\/litterature\\\/irene-frain-lor-de-la-nuit\\\/#primaryimage\"},\"thumbnailUrl\":\"https:\\\/\\\/leregardlibre.com\\\/wp-content\\\/uploads\\\/2026\\\/03\\\/illustration-1-scaled-e1773257068129.jpeg\",\"datePublished\":\"2026-03-12T06:30:00+00:00\",\"dateModified\":\"2026-03-12T06:53:47+00:00\",\"description\":\"\u00abL\u2019Or de la nuit\u00bb d\u2019Ir\u00e8ne Frain\u00a0finit par ressembler \u00e0 une vitrine trop \u00e9clair\u00e9e derri\u00e8re laquelle il n\u2019y a pas grand-chose. Notre critique\",\"breadcrumb\":{\"@id\":\"https:\\\/\\\/leregardlibre.com\\\/litterature\\\/irene-frain-lor-de-la-nuit\\\/#breadcrumb\"},\"inLanguage\":\"de\",\"potentialAction\":[{\"@type\":\"ReadAction\",\"target\":[\"https:\\\/\\\/leregardlibre.com\\\/litterature\\\/irene-frain-lor-de-la-nuit\\\/\"]}]},{\"@type\":\"ImageObject\",\"inLanguage\":\"de\",\"@id\":\"https:\\\/\\\/leregardlibre.com\\\/litterature\\\/irene-frain-lor-de-la-nuit\\\/#primaryimage\",\"url\":\"https:\\\/\\\/leregardlibre.com\\\/wp-content\\\/uploads\\\/2026\\\/03\\\/illustration-1-scaled-e1773257068129.jpeg\",\"contentUrl\":\"https:\\\/\\\/leregardlibre.com\\\/wp-content\\\/uploads\\\/2026\\\/03\\\/illustration-1-scaled-e1773257068129.jpeg\",\"width\":2560,\"height\":1442,\"caption\":\"Un ouvrage savamment emball\u00e9, mais sans pouvoir d\u2019envo\u00fbtement. Photo: Quentin Perissinotto pour Le Regard Libre\"},{\"@type\":\"BreadcrumbList\",\"@id\":\"https:\\\/\\\/leregardlibre.com\\\/litterature\\\/irene-frain-lor-de-la-nuit\\\/#breadcrumb\",\"itemListElement\":[{\"@type\":\"ListItem\",\"position\":1,\"name\":\"Accueil\",\"item\":\"https:\\\/\\\/leregardlibre.com\\\/\"},{\"@type\":\"ListItem\",\"position\":2,\"name\":\"Ir\u00e8ne\u00a0Frain, tout l\u2019or des promesses\u00a0\"}]},{\"@type\":\"WebSite\",\"@id\":\"https:\\\/\\\/leregardlibre.com\\\/#website\",\"url\":\"https:\\\/\\\/leregardlibre.com\\\/\",\"name\":\"Le Regard Libre\",\"description\":\"Premier mensuel suisse de d\u00e9bat\",\"publisher\":{\"@id\":\"https:\\\/\\\/leregardlibre.com\\\/#organization\"},\"potentialAction\":[{\"@type\":\"SearchAction\",\"target\":{\"@type\":\"EntryPoint\",\"urlTemplate\":\"https:\\\/\\\/leregardlibre.com\\\/?s={search_term_string}\"},\"query-input\":{\"@type\":\"PropertyValueSpecification\",\"valueRequired\":true,\"valueName\":\"search_term_string\"}}],\"inLanguage\":\"de\"},{\"@type\":\"Organization\",\"@id\":\"https:\\\/\\\/leregardlibre.com\\\/#organization\",\"name\":\"Le Regard Libre\",\"url\":\"https:\\\/\\\/leregardlibre.com\\\/\",\"logo\":{\"@type\":\"ImageObject\",\"inLanguage\":\"de\",\"@id\":\"https:\\\/\\\/leregardlibre.com\\\/#\\\/schema\\\/logo\\\/image\\\/\",\"url\":\"https:\\\/\\\/leregardlibre.com\\\/wp-content\\\/uploads\\\/2025\\\/08\\\/logo-rl-icone-neg.jpeg\",\"contentUrl\":\"https:\\\/\\\/leregardlibre.com\\\/wp-content\\\/uploads\\\/2025\\\/08\\\/logo-rl-icone-neg.jpeg\",\"width\":557,\"height\":556,\"caption\":\"Le Regard Libre\"},\"image\":{\"@id\":\"https:\\\/\\\/leregardlibre.com\\\/#\\\/schema\\\/logo\\\/image\\\/\"},\"sameAs\":[\"https:\\\/\\\/www.facebook.com\\\/leregardlibre\\\/\",\"https:\\\/\\\/x.com\\\/LeRegardLibre\",\"https:\\\/\\\/www.linkedin.com\\\/company\\\/le-regard-libre\",\"https:\\\/\\\/www.instagram.com\\\/leregardlibre\\\/\",\"http:\\\/\\\/t.me\\\/leregardlibre\",\"https:\\\/\\\/youtube.com\\\/channel\\\/UC6HzGPomj1LsUmlz-sJtITQ\"],\"description\":\"Le Regard Libre est un mensuel suisse de d\u00e9bat intellectuel et culturel. Sa r\u00e9daction est jeune, b\u00e9n\u00e9vole, lib\u00e9rale et pluraliste. Le magazine para\u00eet en ligne et sous forme papier. Sa langue est le fran\u00e7ais.\",\"email\":\"redaction@leregardlibre.com\",\"legalName\":\"Le Regard Libre\",\"foundingDate\":\"2014-01-01\",\"numberOfEmployees\":{\"@type\":\"QuantitativeValue\",\"minValue\":\"11\",\"maxValue\":\"50\"},\"publishingPrinciples\":\"https:\\\/\\\/leregardlibre.com\\\/a-propos\\\/notre-manifeste\\\/\",\"ownershipFundingInfo\":\"https:\\\/\\\/leregardlibre.com\\\/mentions-legales\\\/\",\"actionableFeedbackPolicy\":\"https:\\\/\\\/leregardlibre.com\\\/conditions-generales-de-vente\\\/\"},{\"@type\":\"Person\",\"@id\":\"https:\\\/\\\/leregardlibre.com\\\/#\\\/schema\\\/person\\\/b2ac941a3f3efccb93d920d0cd1629f4\",\"name\":\"Quentin Perissinotto\",\"image\":{\"@type\":\"ImageObject\",\"inLanguage\":\"de\",\"@id\":\"https:\\\/\\\/secure.gravatar.com\\\/avatar\\\/5bdc85640092297cabef9e4e9fafa5d0f6fdc4d68bde6549c358b1419521e8f3?s=96&d=identicon&r=g\",\"url\":\"https:\\\/\\\/secure.gravatar.com\\\/avatar\\\/5bdc85640092297cabef9e4e9fafa5d0f6fdc4d68bde6549c358b1419521e8f3?s=96&d=identicon&r=g\",\"contentUrl\":\"https:\\\/\\\/secure.gravatar.com\\\/avatar\\\/5bdc85640092297cabef9e4e9fafa5d0f6fdc4d68bde6549c358b1419521e8f3?s=96&d=identicon&r=g\",\"caption\":\"Quentin Perissinotto\"},\"description\":\"Conseiller-clients et \u00e9crivain, Quentin Perissinotto est critique litt\u00e9raire pour Le Regard Libre.\",\"sameAs\":[\"https:\\\/\\\/fr.wikipedia.org\\\/wiki\\\/Le_Regard_libre\"],\"url\":\"https:\\\/\\\/leregardlibre.com\\\/de\\\/author\\\/quentin-perissinotto\\\/\"}]}<\/script>\n<!-- \/ Yoast SEO Premium plugin. -->","yoast_head_json":{"title":"Ir\u00e8ne Frain, das Gold der Versprechungen\u00a0","description":"\u00abL'Or de la nuit\u00bb von Ir\u00e8ne Frain wirkt am Ende wie ein \u00fcberm\u00e4\u00dfig beleuchtetes Schaufenster, hinter dem sich nicht viel befindet. Unsere Kritik","robots":{"index":"index","follow":"follow","max-snippet":"max-snippet:-1","max-image-preview":"max-image-preview:large","max-video-preview":"max-video-preview:-1"},"canonical":"https:\/\/leregardlibre.com\/de\/literatur\/irene-frain-lor-der-nacht\/","og_locale":"de_DE","og_type":"article","og_title":"Ir\u00e8ne\u00a0Frain, tout l\u2019or des promesses\u00a0","og_description":"\u00abL\u2019Or de la nuit\u00bb d\u2019Ir\u00e8ne Frain\u00a0finit par ressembler \u00e0 une vitrine trop \u00e9clair\u00e9e derri\u00e8re laquelle il n\u2019y a pas grand-chose. Notre critique","og_url":"https:\/\/leregardlibre.com\/de\/literatur\/irene-frain-lor-der-nacht\/","og_site_name":"Le Regard Libre","article_publisher":"https:\/\/www.facebook.com\/leregardlibre\/","article_published_time":"2026-03-12T06:30:00+00:00","article_modified_time":"2026-03-12T06:53:47+00:00","og_image":[{"width":2560,"height":1442,"url":"https:\/\/leregardlibre.com\/wp-content\/uploads\/2026\/03\/illustration-1-scaled-e1773257068129.jpeg","type":"image\/jpeg"}],"author":"Quentin Perissinotto","twitter_card":"summary_large_image","twitter_creator":"@LeRegardLibre","twitter_site":"@LeRegardLibre","twitter_misc":{"Verfasst von":"Quentin Perissinotto","Gesch\u00e4tzte Lesezeit":"5\u00a0Minuten"},"schema":{"@context":"https:\/\/schema.org","@graph":[{"@type":"Article","@id":"https:\/\/leregardlibre.com\/litterature\/irene-frain-lor-de-la-nuit\/#article","isPartOf":{"@id":"https:\/\/leregardlibre.com\/litterature\/irene-frain-lor-de-la-nuit\/"},"author":{"name":"Quentin Perissinotto","@id":"https:\/\/leregardlibre.com\/#\/schema\/person\/b2ac941a3f3efccb93d920d0cd1629f4"},"headline":"Ir\u00e8ne\u00a0Frain, tout l\u2019or des promesses\u00a0","datePublished":"2026-03-12T06:30:00+00:00","dateModified":"2026-03-12T06:53:47+00:00","mainEntityOfPage":{"@id":"https:\/\/leregardlibre.com\/litterature\/irene-frain-lor-de-la-nuit\/"},"wordCount":989,"commentCount":0,"publisher":{"@id":"https:\/\/leregardlibre.com\/#organization"},"image":{"@id":"https:\/\/leregardlibre.com\/litterature\/irene-frain-lor-de-la-nuit\/#primaryimage"},"thumbnailUrl":"https:\/\/leregardlibre.com\/wp-content\/uploads\/2026\/03\/illustration-1-scaled-e1773257068129.jpeg","keywords":["Litt\u00e9rature fran\u00e7aise","Litt\u00e9rature francophone","Mise en trope","Roman"],"articleSection":["Litt\u00e9rature"],"inLanguage":"de","potentialAction":[{"@type":"CommentAction","name":"Comment","target":["https:\/\/leregardlibre.com\/litterature\/irene-frain-lor-de-la-nuit\/#respond"]}]},{"@type":"WebPage","@id":"https:\/\/leregardlibre.com\/litterature\/irene-frain-lor-de-la-nuit\/","url":"https:\/\/leregardlibre.com\/litterature\/irene-frain-lor-de-la-nuit\/","name":"Ir\u00e8ne Frain, das Gold der Versprechungen\u00a0","isPartOf":{"@id":"https:\/\/leregardlibre.com\/#website"},"primaryImageOfPage":{"@id":"https:\/\/leregardlibre.com\/litterature\/irene-frain-lor-de-la-nuit\/#primaryimage"},"image":{"@id":"https:\/\/leregardlibre.com\/litterature\/irene-frain-lor-de-la-nuit\/#primaryimage"},"thumbnailUrl":"https:\/\/leregardlibre.com\/wp-content\/uploads\/2026\/03\/illustration-1-scaled-e1773257068129.jpeg","datePublished":"2026-03-12T06:30:00+00:00","dateModified":"2026-03-12T06:53:47+00:00","description":"\u00abL'Or de la nuit\u00bb von Ir\u00e8ne Frain wirkt am Ende wie ein \u00fcberm\u00e4\u00dfig beleuchtetes Schaufenster, hinter dem sich nicht viel befindet. Unsere Kritik","breadcrumb":{"@id":"https:\/\/leregardlibre.com\/litterature\/irene-frain-lor-de-la-nuit\/#breadcrumb"},"inLanguage":"de","potentialAction":[{"@type":"ReadAction","target":["https:\/\/leregardlibre.com\/litterature\/irene-frain-lor-de-la-nuit\/"]}]},{"@type":"ImageObject","inLanguage":"de","@id":"https:\/\/leregardlibre.com\/litterature\/irene-frain-lor-de-la-nuit\/#primaryimage","url":"https:\/\/leregardlibre.com\/wp-content\/uploads\/2026\/03\/illustration-1-scaled-e1773257068129.jpeg","contentUrl":"https:\/\/leregardlibre.com\/wp-content\/uploads\/2026\/03\/illustration-1-scaled-e1773257068129.jpeg","width":2560,"height":1442,"caption":"Un ouvrage savamment emball\u00e9, mais sans pouvoir d\u2019envo\u00fbtement. Photo: Quentin Perissinotto pour Le Regard Libre"},{"@type":"BreadcrumbList","@id":"https:\/\/leregardlibre.com\/litterature\/irene-frain-lor-de-la-nuit\/#breadcrumb","itemListElement":[{"@type":"ListItem","position":1,"name":"Accueil","item":"https:\/\/leregardlibre.com\/"},{"@type":"ListItem","position":2,"name":"Ir\u00e8ne\u00a0Frain, tout l\u2019or des promesses\u00a0"}]},{"@type":"WebSite","@id":"https:\/\/leregardlibre.com\/#website","url":"https:\/\/leregardlibre.com\/","name":"Le Regard Libre","description":"Erste Schweizer Monatszeitschrift f\u00fcr Debatten","publisher":{"@id":"https:\/\/leregardlibre.com\/#organization"},"potentialAction":[{"@type":"SearchAction","target":{"@type":"EntryPoint","urlTemplate":"https:\/\/leregardlibre.com\/?s={search_term_string}"},"query-input":{"@type":"PropertyValueSpecification","valueRequired":true,"valueName":"search_term_string"}}],"inLanguage":"de"},{"@type":"Organization","@id":"https:\/\/leregardlibre.com\/#organization","name":"Le Regard Libre","url":"https:\/\/leregardlibre.com\/","logo":{"@type":"ImageObject","inLanguage":"de","@id":"https:\/\/leregardlibre.com\/#\/schema\/logo\/image\/","url":"https:\/\/leregardlibre.com\/wp-content\/uploads\/2025\/08\/logo-rl-icone-neg.jpeg","contentUrl":"https:\/\/leregardlibre.com\/wp-content\/uploads\/2025\/08\/logo-rl-icone-neg.jpeg","width":557,"height":556,"caption":"Le Regard Libre"},"image":{"@id":"https:\/\/leregardlibre.com\/#\/schema\/logo\/image\/"},"sameAs":["https:\/\/www.facebook.com\/leregardlibre\/","https:\/\/x.com\/LeRegardLibre","https:\/\/www.linkedin.com\/company\/le-regard-libre","https:\/\/www.instagram.com\/leregardlibre\/","http:\/\/t.me\/leregardlibre","https:\/\/youtube.com\/channel\/UC6HzGPomj1LsUmlz-sJtITQ"],"description":"Le Regard Libre ist eine Schweizer Monatszeitschrift f\u00fcr intellektuelle und kulturelle Debatten. Seine Redaktion ist jung, ehrenamtlich, liberal und pluralistisch. Das Magazin erscheint online und in gedruckter Form. Seine Sprache ist Franz\u00f6sisch.","email":"redaction@leregardlibre.com","legalName":"Le Regard Libre","foundingDate":"2014-01-01","numberOfEmployees":{"@type":"QuantitativeValue","minValue":"11","maxValue":"50"},"publishingPrinciples":"https:\/\/leregardlibre.com\/a-propos\/notre-manifeste\/","ownershipFundingInfo":"https:\/\/leregardlibre.com\/mentions-legales\/","actionableFeedbackPolicy":"https:\/\/leregardlibre.com\/conditions-generales-de-vente\/"},{"@type":"Person","@id":"https:\/\/leregardlibre.com\/#\/schema\/person\/b2ac941a3f3efccb93d920d0cd1629f4","name":"Quentin Perissinotto","image":{"@type":"ImageObject","inLanguage":"de","@id":"https:\/\/secure.gravatar.com\/avatar\/5bdc85640092297cabef9e4e9fafa5d0f6fdc4d68bde6549c358b1419521e8f3?s=96&d=identicon&r=g","url":"https:\/\/secure.gravatar.com\/avatar\/5bdc85640092297cabef9e4e9fafa5d0f6fdc4d68bde6549c358b1419521e8f3?s=96&d=identicon&r=g","contentUrl":"https:\/\/secure.gravatar.com\/avatar\/5bdc85640092297cabef9e4e9fafa5d0f6fdc4d68bde6549c358b1419521e8f3?s=96&d=identicon&r=g","caption":"Quentin Perissinotto"},"description":"Kundenberater und Schriftsteller, Quentin Perissinotto ist Literaturkritiker f\u00fcr Le Regard Libre.","sameAs":["https:\/\/fr.wikipedia.org\/wiki\/Le_Regard_libre"],"url":"https:\/\/leregardlibre.com\/de\/author\/quentin-perissinotto\/"}]}},"_links":{"self":[{"href":"https:\/\/leregardlibre.com\/de\/wp-json\/wp\/v2\/posts\/531680","targetHints":{"allow":["GET"]}}],"collection":[{"href":"https:\/\/leregardlibre.com\/de\/wp-json\/wp\/v2\/posts"}],"about":[{"href":"https:\/\/leregardlibre.com\/de\/wp-json\/wp\/v2\/types\/post"}],"author":[{"embeddable":true,"href":"https:\/\/leregardlibre.com\/de\/wp-json\/wp\/v2\/users\/213"}],"replies":[{"embeddable":true,"href":"https:\/\/leregardlibre.com\/de\/wp-json\/wp\/v2\/comments?post=531680"}],"version-history":[{"count":3,"href":"https:\/\/leregardlibre.com\/de\/wp-json\/wp\/v2\/posts\/531680\/revisions"}],"predecessor-version":[{"id":531688,"href":"https:\/\/leregardlibre.com\/de\/wp-json\/wp\/v2\/posts\/531680\/revisions\/531688"}],"wp:featuredmedia":[{"embeddable":true,"href":"https:\/\/leregardlibre.com\/de\/wp-json\/wp\/v2\/media\/531681"}],"wp:attachment":[{"href":"https:\/\/leregardlibre.com\/de\/wp-json\/wp\/v2\/media?parent=531680"}],"wp:term":[{"taxonomy":"category","embeddable":true,"href":"https:\/\/leregardlibre.com\/de\/wp-json\/wp\/v2\/categories?post=531680"},{"taxonomy":"post_tag","embeddable":true,"href":"https:\/\/leregardlibre.com\/de\/wp-json\/wp\/v2\/tags?post=531680"}],"curies":[{"name":"wp","href":"https:\/\/api.w.org\/{rel}","templated":true}]}}