{"id":531702,"date":"2026-03-13T07:30:00","date_gmt":"2026-03-13T06:30:00","guid":{"rendered":"https:\/\/leregardlibre.com\/?p=531702"},"modified":"2026-03-16T18:09:56","modified_gmt":"2026-03-16T17:09:56","slug":"jacques-baud-charlie","status":"publish","type":"post","link":"https:\/\/leregardlibre.com\/de\/politik\/schweiz\/jacques-baud-charlie\/","title":{"rendered":"Angesichts von \u00abCharlie Hebdo\u00bb oder Jacques Baud: eine illiberale Schweiz"},"content":{"rendered":"<p class=\"has-drop-cap\"><strong>Die Alpenrepublik h\u00e4lt sich gerne f\u00fcr ein Modell des Liberalismus. Doch zwischen der Klage gegen einem franz\u00f6sischen Satireblatt und dem Schweigen der Regierung angesichts der EU-Sanktionen gegen Jacques Baud versagt das Land im Test der Verteidigung der Freiheit.<\/strong><\/p>\n\n\n\n<!--more-->\n\n\n\n<p>Il\u00a0est un sport qui se pratique couramment dans la R\u00e9publique\u00a0alpine:\u00a0celui de l\u2019autocongratulation. Ah, qu\u2019il est bon de rappeler que la Suisse compte le meilleur ou le seul syst\u00e8me de d\u00e9mocratie directe au monde, qu\u2019elle cultive un sens in\u00e9gal\u00e9 du consensus\u2026 Ou encore qu\u2019elle\u00a0est\u00a0si lib\u00e9rale en comparaison de toutes les formes plus ou moins avanc\u00e9es de collectivisme pr\u00e9sents sur le globe. Certes, le chauvinisme est universel, nos voisins fran\u00e7ais en sont peut-\u00eatre la d\u00e9monstration la plus \u00e9vidente. Mais la Suisse aurait tort de s\u2019estimer \u00e9pargn\u00e9e par cette tentation \u2013 ce serait encore une arrogance que de ne pas se trouver arrogant.<\/p>\n\n\n\n<p>Diese menschliche und nationale Eigenschaft wird zu einer Gefahr, wenn sie dazu f\u00fchrt, dass ihre ewigen Qualit\u00e4ten beurteilt werden. Die Eidgenossenschaft ist nur relativ liberal, und es ist kein Stolz f\u00fcr sie, immer den gleichen Abstand zu anderen L\u00e4ndern zu halten, wenn diese L\u00e4nder auch erleben, dass ihr Staat st\u00e4ndig w\u00e4chst, die Meinungsfreiheit eingeschr\u00e4nkt wird oder die Emotionen \u00fcber die Vernunft siegen.<\/p>\n\n\n\n<h6 class=\"wp-block-heading\" id=\"h-a-lire-aussi-le-poids-de-l-etat-en-suisse-n-est-pas-si-faible-qu-on-le-pense\">Lesen Sie auch | <a href=\"https:\/\/leregardlibre.com\/de\/wirtschaft\/schweizer-staat-nicht-so-schwach-wie-gedacht\/\" type=\"post\" id=\"519204\">Das Gewicht des Staates in der Schweiz ist nicht so gering, wie man denkt<\/a><\/h6>\n\n\n\n<p>Deux \u00e9v\u00e9nements r\u00e9cents permettent de se rendre compte \u00e0 quel point des cas flagrants d\u2019illib\u00e9ralisme\u00a0ne provoquent au mieux que des haussements de sourcils en Suisse.<\/p>\n\n\n\n<p>Als beispielsweise die franz\u00f6sische satirische Wochenzeitung\u00a0<em>Charlie Hebdo<\/em>\u00a0im Januar seine Zeichnung \u00abDie Verbrannten fahren Ski\u00bb in Anspielung auf die Trag\u00f6die in Crans-Montana ver\u00f6ffentlichte, waren viele Schweizer B\u00fcrger nicht nur der Meinung, dass diese Illustration geschmacklos sei, sondern f\u00fcgten hinzu, dass eine Karikatur \u00abimmer auf die M\u00e4chtigen abzielen sollte\u00bb. Dass eine \u00absolche Zeichnung nicht erlaubt sein sollte\u00bb. Oder sogar, dass die Redaktion dieser f\u00fcr ihren schwarzen Humor bekannten Zeitung \u00abes im Grunde genommen mit den Mohammed-Karikaturen gut gemeint hat\u00bb. Das bedeutet, dass die Kunst moralischen Regeln gehorchen muss, dass der Staat daf\u00fcr sorgt, dass diese Regeln eingehalten werden, und dass im schlimmsten Fall Fanatiker diese Freigeister ausrotten werden.<\/p>\n\n\n\n<form method=\"post\" action=\"https:\/\/newsletter.infomaniak.com\/external\/submit\" class=\"inf-form\" target=\"_blank\"><input type=\"email\" name=\"email\" style=\"display:none\" \/><input type=\"hidden\" name=\"key\"\nvalue=\"eyJpdiI6IlZXRVJGMlRGQUU2alNqUE81bitIUk5adnNVa0c4MllFTStzOHdHT1FQZ3c9IiwidmFsdWUiOiJIYzhwMUVCK1pTNnlhY3MyMmhuZlhReWJqemEwNk93blMxTjFHc0s2VHZrPSIsIm1hYyI6ImVhYTQ5N2I1M2NiYWE4NzBmNjk2NzgzYjliM2Y5NmYzM2E2ZmU3NGQxNTU1ZDFkMTU1MzY5NTdjYjE3ZTJmNTUifQ==\"><input type=\"hidden\" name=\"webform_id\" value=\"7291\"><style> .inf-main_3000311ca56a1cb93397bc676c0b7fff{ background-color:#f5f5f5;\npadding:25px 20px; margin:25px auto; } .inf-main_3000311ca56a1cb93397bc676c0b7fff .inf-content { margin-top:13px;} .inf-main_3000311ca56a1cb93397bc676c0b7fff h4, .inf-main_3000311ca56a1cb93397bc676c0b7fff span, .inf-\nmain_3000311ca56a1cb93397bc676c0b7fff label, .inf-main_3000311ca56a1cb93397bc676c0b7fff input, .inf-main_3000311ca56a1cb93397bc676c0b7fff .inf-submit, .inf-main_3000311ca56a1cb93397bc676c0b7fff .inf-success p a { color:#555555; font-\nsize:14px; } .inf-main_3000311ca56a1cb93397bc676c0b7fff h4{ font-size:18px; margin:0px 0px 13px 0px; } .inf-main_3000311ca56a1cb93397bc676c0b7fff h4, .inf-main_3000311ca56a1cb93397bc676c0b7fff label{ font-weight:bold; } .inf-\nmain_3000311ca56a1cb93397bc676c0b7fff .inf-input { margin-bottom:7px; } .inf-main_3000311ca56a1cb93397bc676c0b7fff label { display:block;} .inf-main_3000311ca56a1cb93397bc676c0b7fff input{ height:35px; color:#999999; border: 1px solid\n#E9E9E9; border:none; padding-left:7px; } .inf-main_3000311ca56a1cb93397bc676c0b7fff .inf-input.inf-error label, .inf-main_3000311ca56a1cb93397bc676c0b7fff .inf-input.inf-error span.inf-message{ color: #cc0033; } .inf-\nmain_3000311ca56a1cb93397bc676c0b7fff .inf-input.inf-error input{ border: 1px solid #cc0033; } .inf-main_3000311ca56a1cb93397bc676c0b7fff .inf-input input { width:100%;} .inf-main_3000311ca56a1cb93397bc676c0b7fff .inf-input.inf-error\nspan.inf-message { display: block; } .inf-main_3000311ca56a1cb93397bc676c0b7fff .inf-submit { text-align:right;} .inf-main_3000311ca56a1cb93397bc676c0b7fff .inf-submit input{ background-color:#777777; color:#ffffff; border:none; font-weight:\nnormal; height:auto; padding:7px; } .inf-main_3000311ca56a1cb93397bc676c0b7fff .inf-submit input.disabled{ opacity: 0.4; } .inf-btn { color: rgb(85, 85, 85); border: medium none; font-weight: normal; height: auto; padding: 7px; display: inline-block;\nbackground-color: white; box-shadow: 0px 1px 1px rgba(0, 0, 0, 0.24); border-radius: 2px; line-height: 1em; } .inf-rgpd { margin:25px 0px 15px 0px; color:#555555; } <\/style> <div class=\"inf-main_3000311ca56a1cb93397bc676c0b7fff\">\n<h4>NEWSLETTER DES FREIEN BLICKS<\/h4> <span>Erhalten Sie unsere Artikel jeden Sonntag.<\/span> <div class=\"inf-success\" style=\"display:none\"> <h4>Ihre Anmeldung f\u00fcr unseren w\u00f6chentlichen Newsletter wurde erfolgreich registriert!<\/h4> <p>\n<a href=\"#\" class=\"inf-btn\">\u00ab<\/a> <\/p> <\/div> <div class=\"inf-content\"> <div class=\"inf-input inf-input-text\"> <input type=\"text\" name=\"inf[1]\" data-inf-meta = \"1\" data-inf-error = \"Merci de renseigner une adresse email\" required=\"required\"\nplaceholder=\"E-Mail\" > <\/div> <div class=\"inf-submit\"> <input type=\"submit\" name=\"\" value=\"Anmelden\"> <\/div> <\/div> <\/div> <\/form>\n\n\n\n<p>Un couple valaisan a m\u00eame d\u00e9pos\u00e9 une plainte contre le journal. Il est peu probable qu\u2019elle aboutisse, d\u2019autant plus au paradis du blasph\u00e8me. N\u00e9anmoins, avec cette d\u00e9nonciation p\u00e9nale, la Suisse renvoie une image de personne fragile r\u00e9clamant aux autorit\u00e9s de reconna\u00eetre son offense. Rappelons que le lib\u00e9ralisme n\u2019a pas seulement th\u00e9oris\u00e9 la s\u00e9paration entre les pouvoirs l\u00e9gislatif, ex\u00e9cutif et judiciaire, mais aussi entre le politique lui-m\u00eame et le religieux, et entre le public et le priv\u00e9. De la m\u00eame mani\u00e8re,&nbsp;\u00ab\u00eatre&nbsp;<em>Charlie<\/em>\u00bb&nbsp;n\u2019a jamais signifi\u00e9 se reconna\u00eetre dans son lectorat, mais accepter qu\u2019une telle niche puisse exister, qu\u2019on en fasse partie ou non.<\/p>\n\n\n\n<h6 class=\"wp-block-heading\" id=\"h-a-lire-aussi-etre-solidaire-de-claude-inga-barbey-qu-on-aime-ou-non-ses-sketchs\">Lesen Sie auch | <a href=\"https:\/\/leregardlibre.com\/de\/gesellschaft\/solidarisch-mit-claude-inga-barbey-sein-egal-ob-man-seine-sketche-mag-oder-nicht\/\" type=\"post\" id=\"44276\">Solidarisch sein von Claude-Inga Barbey<\/a>, Die Sketche, die er vorschl\u00e4gt, kann man m\u00f6gen oder nicht.<\/h6>\n\n\n\n<p>Dans un autre registre, ce qui est arriv\u00e9 \u00e0 l\u2019ex-colonel suisse Jacques Baud est encore plus alarmant, car la restriction de sa libert\u00e9 n\u2019a pas \u00e9t\u00e9 simplement souhait\u00e9e, mais appliqu\u00e9e. En d\u00e9cembre, l\u2019Union europ\u00e9enne a sanctionn\u00e9 cet ancien collaborateur du Service de renseignement de la Conf\u00e9d\u00e9ration pour\u00a0\u00abpropagande\u00a0pro-russe\u00bb, ainsi que dix autres personnes. On ne sait toujours pas sur quels motifs pr\u00e9cis se fondent ces mesures impliquant le gel de leurs avoirs et une interdiction de faire des affaires et d\u2019entrer sur le sol europ\u00e9en. Bruxelles affirme que les actes concern\u00e9s ont atteint un niveau susceptible de menacer la d\u00e9mocratie, l\u2019Etat de droit, la stabilit\u00e9 ou la s\u00e9curit\u00e9 de l\u2019UE ou d\u2019un Etat membre.<\/p>\n\n\n\n<p>Le fait que la Suisse officielle ne soit pas mont\u00e9e au cr\u00e9neau publiquement pour d\u00e9fendre les droits de son citoyen face \u00e0 cette d\u00e9fense si vague d\u2019une d\u00e9cision purement administrative est pr\u00e9occupant. Il ne s\u2019agit pas de soutenir les id\u00e9es v\u00e9hicul\u00e9es par Jacques Baud, mais de lui reconna\u00eetre la libert\u00e9 de les exprimer. Du reste, quels pourraient \u00eatre les prochains\u00a0pas?\u00a0Le rire du conseiller f\u00e9d\u00e9ral Beat Jans en fin d\u2019ann\u00e9e quand un journaliste lui a pos\u00e9 une question sur ce th\u00e8me \u2013 que le gouvernement n\u2019avait m\u00eame pas pris la peine de traiter en s\u00e9ance \u2013 est \u00e0 lui seul un aveu d\u2019\u00e9chec de la Suisse au test du lib\u00e9ralisme.<\/p>\n\n\n\n<p><em>Abschluss in Philosophie und von Beruf Journalist, <strong>Jonas Follonier<\/strong> ist Gr\u00fcnder und Chefredakteur des <\/em>Regard Libre<em>. <em>Schreiben Sie dem Autor:\u00a0<a href=\"mailto:jonas.follonier@leregardlibre.com\">jonas.follonier@leregardlibre.com<\/a><\/em>.<\/em><\/p>\n\n\n\n<h6 class=\"wp-block-heading\" id=\"h-vous-venez-de-lire-un-article-en-libre-acces-tire-de-notre-edition-papier-le-regard-libre-n-124-debats-analyses-actualites-culturelles-abonnez-vous-a-notre-media-de-reflexion-pour-nous-soutenir-et-avoir-acces-a-tous-nos-contenus\">Sie haben gerade einen frei zug\u00e4nglichen Artikel aus unserer Printausgabe gelesen (<a href=\"https:\/\/leregardlibre.com\/de\/cpt-editions\/der-freie-blick-124-volk\/\"><em>Le Regard Libre<\/em> N\u00b0124<\/a>). Debatten, Analysen, Kulturnachrichten:\u00a0<a href=\"https:\/\/leregardlibre.com\/de\/abonnement\/\">abonnieren Sie<\/a>\u00a0zu unserem Reflexionsmedium, um uns zu unterst\u00fctzen und Zugang zu all unseren Inhalten zu erhalten.<\/h6>","protected":false},"excerpt":{"rendered":"<p>Die Alpenrepublik h\u00e4lt sich gerne f\u00fcr ein Modell des Liberalismus. Doch zwischen der Klage gegen einem franz\u00f6sischen Satireblatt und dem Schweigen der Regierung angesichts der EU-Sanktionen gegen Jacques Baud versagt das Land im Test der Verteidigung der Freiheit.<\/p>","protected":false},"author":138,"featured_media":521760,"comment_status":"open","ping_status":"closed","sticky":false,"template":"","format":"standard","meta":{"_acf_changed":false,"footnotes":""},"categories":[644357279],"tags":[710081,644357659,644357431,33225,491880],"class_list":["post-531702","post","type-post","status-publish","format-standard","has-post-thumbnail","hentry","category-suisse","tag-charlie-hebdo","tag-editoriaux","tag-guerre-en-ukraine","tag-liberalisme","tag-liberte-dexpression"],"acf":[],"yoast_head":"<!-- This site is optimized with the Yoast SEO Premium plugin v27.4 (Yoast SEO v27.4) - https:\/\/yoast.com\/product\/yoast-seo-premium-wordpress\/ -->\n<title>Face \u00e0\u00a0\u00abCharlie\u00a0Hebdo\u00bb ou \u00e0 Jacques Baud,\u00a0une Suisse\u00a0illib\u00e9rale<\/title>\n<meta name=\"description\" content=\"Entre pol\u00e9mique autour de \u00abCharlie Hebdo\u00bb et affaire Jacques Baud, le lib\u00e9ralisme suisse est mis \u00e0 l\u2019\u00e9preuve. L\u2019\u00e9ditorial de Jonas Follonier.\" \/>\n<meta name=\"robots\" content=\"index, follow, max-snippet:-1, max-image-preview:large, max-video-preview:-1\" \/>\n<link rel=\"canonical\" href=\"https:\/\/leregardlibre.com\/de\/politik\/schweiz\/jacques-baud-charlie\/\" \/>\n<meta property=\"og:locale\" content=\"de_DE\" \/>\n<meta property=\"og:type\" content=\"article\" \/>\n<meta property=\"og:title\" content=\"Face \u00e0\u00a0\u00abCharlie\u00a0Hebdo\u00bb ou \u00e0 Jacques Baud,\u00a0une Suisse\u00a0illib\u00e9rale\" \/>\n<meta property=\"og:description\" content=\"Entre pol\u00e9mique autour de \u00abCharlie Hebdo\u00bb et affaire Jacques Baud, le lib\u00e9ralisme suisse est mis \u00e0 l\u2019\u00e9preuve. L\u2019\u00e9ditorial de Jonas Follonier.\" \/>\n<meta property=\"og:url\" content=\"https:\/\/leregardlibre.com\/de\/politik\/schweiz\/jacques-baud-charlie\/\" \/>\n<meta property=\"og:site_name\" content=\"Le Regard Libre\" \/>\n<meta property=\"article:publisher\" content=\"https:\/\/www.facebook.com\/leregardlibre\/\" \/>\n<meta property=\"article:author\" content=\"https:\/\/www.facebook.com\/jonas.follonier\/\" \/>\n<meta property=\"article:published_time\" content=\"2026-03-13T06:30:00+00:00\" \/>\n<meta property=\"article:modified_time\" content=\"2026-03-16T17:09:56+00:00\" \/>\n<meta property=\"og:image\" content=\"https:\/\/leregardlibre.com\/wp-content\/uploads\/2024\/01\/jonas-follonier--dessin-de-nathanael-schmid-pour-le-regard-libre-1024x576.png\" \/>\n\t<meta property=\"og:image:width\" content=\"1024\" \/>\n\t<meta property=\"og:image:height\" content=\"576\" \/>\n\t<meta property=\"og:image:type\" content=\"image\/png\" \/>\n<meta name=\"author\" content=\"Jonas Follonier\" \/>\n<meta name=\"twitter:card\" content=\"summary_large_image\" \/>\n<meta name=\"twitter:creator\" content=\"@LeRegardLibre\" \/>\n<meta name=\"twitter:site\" content=\"@LeRegardLibre\" \/>\n<meta name=\"twitter:label1\" content=\"Verfasst von\" \/>\n\t<meta name=\"twitter:data1\" content=\"Jonas Follonier\" \/>\n\t<meta name=\"twitter:label2\" content=\"Gesch\u00e4tzte Lesezeit\" \/>\n\t<meta name=\"twitter:data2\" content=\"5\u00a0Minuten\" \/>\n<script type=\"application\/ld+json\" class=\"yoast-schema-graph\">{\"@context\":\"https:\\\/\\\/schema.org\",\"@graph\":[{\"@type\":\"Article\",\"@id\":\"https:\\\/\\\/leregardlibre.com\\\/politique\\\/suisse\\\/jacques-baud-charlie\\\/#article\",\"isPartOf\":{\"@id\":\"https:\\\/\\\/leregardlibre.com\\\/politique\\\/suisse\\\/jacques-baud-charlie\\\/\"},\"author\":{\"name\":\"Jonas Follonier\",\"@id\":\"https:\\\/\\\/leregardlibre.com\\\/#\\\/schema\\\/person\\\/bfe5aa794a23be71485d60e2d93ec0d2\"},\"headline\":\"Face \u00e0\u00a0\u00abCharlie\u00a0Hebdo\u00bb ou \u00e0 Jacques Baud,\u00a0une Suisse\u00a0illib\u00e9rale\",\"datePublished\":\"2026-03-13T06:30:00+00:00\",\"dateModified\":\"2026-03-16T17:09:56+00:00\",\"mainEntityOfPage\":{\"@id\":\"https:\\\/\\\/leregardlibre.com\\\/politique\\\/suisse\\\/jacques-baud-charlie\\\/\"},\"wordCount\":938,\"commentCount\":0,\"publisher\":{\"@id\":\"https:\\\/\\\/leregardlibre.com\\\/#organization\"},\"image\":{\"@id\":\"https:\\\/\\\/leregardlibre.com\\\/politique\\\/suisse\\\/jacques-baud-charlie\\\/#primaryimage\"},\"thumbnailUrl\":\"https:\\\/\\\/leregardlibre.com\\\/wp-content\\\/uploads\\\/2024\\\/01\\\/jonas-follonier--dessin-de-nathanael-schmid-pour-le-regard-libre.png\",\"keywords\":[\"Charlie Hebdo\",\"Editorial\",\"Guerre en Ukraine\",\"Lib\u00e9ralisme\",\"Libert\u00e9 d'expression\"],\"articleSection\":[\"Suisse\"],\"inLanguage\":\"de\",\"potentialAction\":[{\"@type\":\"CommentAction\",\"name\":\"Comment\",\"target\":[\"https:\\\/\\\/leregardlibre.com\\\/politique\\\/suisse\\\/jacques-baud-charlie\\\/#respond\"]}]},{\"@type\":\"WebPage\",\"@id\":\"https:\\\/\\\/leregardlibre.com\\\/politique\\\/suisse\\\/jacques-baud-charlie\\\/\",\"url\":\"https:\\\/\\\/leregardlibre.com\\\/politique\\\/suisse\\\/jacques-baud-charlie\\\/\",\"name\":\"Face \u00e0\u00a0\u00abCharlie\u00a0Hebdo\u00bb ou \u00e0 Jacques Baud,\u00a0une Suisse\u00a0illib\u00e9rale\",\"isPartOf\":{\"@id\":\"https:\\\/\\\/leregardlibre.com\\\/#website\"},\"primaryImageOfPage\":{\"@id\":\"https:\\\/\\\/leregardlibre.com\\\/politique\\\/suisse\\\/jacques-baud-charlie\\\/#primaryimage\"},\"image\":{\"@id\":\"https:\\\/\\\/leregardlibre.com\\\/politique\\\/suisse\\\/jacques-baud-charlie\\\/#primaryimage\"},\"thumbnailUrl\":\"https:\\\/\\\/leregardlibre.com\\\/wp-content\\\/uploads\\\/2024\\\/01\\\/jonas-follonier--dessin-de-nathanael-schmid-pour-le-regard-libre.png\",\"datePublished\":\"2026-03-13T06:30:00+00:00\",\"dateModified\":\"2026-03-16T17:09:56+00:00\",\"description\":\"Entre pol\u00e9mique autour de \u00abCharlie Hebdo\u00bb et affaire Jacques Baud, le lib\u00e9ralisme suisse est mis \u00e0 l\u2019\u00e9preuve. L\u2019\u00e9ditorial de Jonas Follonier.\",\"breadcrumb\":{\"@id\":\"https:\\\/\\\/leregardlibre.com\\\/politique\\\/suisse\\\/jacques-baud-charlie\\\/#breadcrumb\"},\"inLanguage\":\"de\",\"potentialAction\":[{\"@type\":\"ReadAction\",\"target\":[\"https:\\\/\\\/leregardlibre.com\\\/politique\\\/suisse\\\/jacques-baud-charlie\\\/\"]}]},{\"@type\":\"ImageObject\",\"inLanguage\":\"de\",\"@id\":\"https:\\\/\\\/leregardlibre.com\\\/politique\\\/suisse\\\/jacques-baud-charlie\\\/#primaryimage\",\"url\":\"https:\\\/\\\/leregardlibre.com\\\/wp-content\\\/uploads\\\/2024\\\/01\\\/jonas-follonier--dessin-de-nathanael-schmid-pour-le-regard-libre.png\",\"contentUrl\":\"https:\\\/\\\/leregardlibre.com\\\/wp-content\\\/uploads\\\/2024\\\/01\\\/jonas-follonier--dessin-de-nathanael-schmid-pour-le-regard-libre.png\",\"width\":1920,\"height\":1080,\"caption\":\"Dessin r\u00e9alis\u00e9 par Nathanae\u0308l Schmid pour Le Regard Libre\"},{\"@type\":\"BreadcrumbList\",\"@id\":\"https:\\\/\\\/leregardlibre.com\\\/politique\\\/suisse\\\/jacques-baud-charlie\\\/#breadcrumb\",\"itemListElement\":[{\"@type\":\"ListItem\",\"position\":1,\"name\":\"Accueil\",\"item\":\"https:\\\/\\\/leregardlibre.com\\\/\"},{\"@type\":\"ListItem\",\"position\":2,\"name\":\"Face \u00e0\u00a0\u00abCharlie\u00a0Hebdo\u00bb ou \u00e0 Jacques Baud,\u00a0une Suisse\u00a0illib\u00e9rale\"}]},{\"@type\":\"WebSite\",\"@id\":\"https:\\\/\\\/leregardlibre.com\\\/#website\",\"url\":\"https:\\\/\\\/leregardlibre.com\\\/\",\"name\":\"Le Regard Libre\",\"description\":\"Premier mensuel suisse de d\u00e9bat\",\"publisher\":{\"@id\":\"https:\\\/\\\/leregardlibre.com\\\/#organization\"},\"potentialAction\":[{\"@type\":\"SearchAction\",\"target\":{\"@type\":\"EntryPoint\",\"urlTemplate\":\"https:\\\/\\\/leregardlibre.com\\\/?s={search_term_string}\"},\"query-input\":{\"@type\":\"PropertyValueSpecification\",\"valueRequired\":true,\"valueName\":\"search_term_string\"}}],\"inLanguage\":\"de\"},{\"@type\":\"Organization\",\"@id\":\"https:\\\/\\\/leregardlibre.com\\\/#organization\",\"name\":\"Le Regard Libre\",\"url\":\"https:\\\/\\\/leregardlibre.com\\\/\",\"logo\":{\"@type\":\"ImageObject\",\"inLanguage\":\"de\",\"@id\":\"https:\\\/\\\/leregardlibre.com\\\/#\\\/schema\\\/logo\\\/image\\\/\",\"url\":\"https:\\\/\\\/leregardlibre.com\\\/wp-content\\\/uploads\\\/2025\\\/08\\\/logo-rl-icone-neg.jpeg\",\"contentUrl\":\"https:\\\/\\\/leregardlibre.com\\\/wp-content\\\/uploads\\\/2025\\\/08\\\/logo-rl-icone-neg.jpeg\",\"width\":557,\"height\":556,\"caption\":\"Le Regard Libre\"},\"image\":{\"@id\":\"https:\\\/\\\/leregardlibre.com\\\/#\\\/schema\\\/logo\\\/image\\\/\"},\"sameAs\":[\"https:\\\/\\\/www.facebook.com\\\/leregardlibre\\\/\",\"https:\\\/\\\/x.com\\\/LeRegardLibre\",\"https:\\\/\\\/www.linkedin.com\\\/company\\\/le-regard-libre\",\"https:\\\/\\\/www.instagram.com\\\/leregardlibre\\\/\",\"http:\\\/\\\/t.me\\\/leregardlibre\",\"https:\\\/\\\/youtube.com\\\/channel\\\/UC6HzGPomj1LsUmlz-sJtITQ\"],\"description\":\"Le Regard Libre est un mensuel suisse de d\u00e9bat intellectuel et culturel. Sa r\u00e9daction est jeune, b\u00e9n\u00e9vole, lib\u00e9rale et pluraliste. Le magazine para\u00eet en ligne et sous forme papier. Sa langue est le fran\u00e7ais.\",\"email\":\"redaction@leregardlibre.com\",\"legalName\":\"Le Regard Libre\",\"foundingDate\":\"2014-01-01\",\"numberOfEmployees\":{\"@type\":\"QuantitativeValue\",\"minValue\":\"11\",\"maxValue\":\"50\"},\"publishingPrinciples\":\"https:\\\/\\\/leregardlibre.com\\\/a-propos\\\/notre-manifeste\\\/\",\"ownershipFundingInfo\":\"https:\\\/\\\/leregardlibre.com\\\/mentions-legales\\\/\",\"actionableFeedbackPolicy\":\"https:\\\/\\\/leregardlibre.com\\\/conditions-generales-de-vente\\\/\"},{\"@type\":\"Person\",\"@id\":\"https:\\\/\\\/leregardlibre.com\\\/#\\\/schema\\\/person\\\/bfe5aa794a23be71485d60e2d93ec0d2\",\"name\":\"Jonas Follonier\",\"image\":{\"@type\":\"ImageObject\",\"inLanguage\":\"de\",\"@id\":\"https:\\\/\\\/secure.gravatar.com\\\/avatar\\\/602060b40f6a458420c2d140f49b6caea99152ce6704f2c332e5a0c5aad80303?s=96&d=identicon&r=g\",\"url\":\"https:\\\/\\\/secure.gravatar.com\\\/avatar\\\/602060b40f6a458420c2d140f49b6caea99152ce6704f2c332e5a0c5aad80303?s=96&d=identicon&r=g\",\"contentUrl\":\"https:\\\/\\\/secure.gravatar.com\\\/avatar\\\/602060b40f6a458420c2d140f49b6caea99152ce6704f2c332e5a0c5aad80303?s=96&d=identicon&r=g\",\"caption\":\"Jonas Follonier\"},\"description\":\"Correspondant au Palais f\u00e9d\u00e9ral pour \u00abL\u2019Agefi\u00bb, auteur-compositeur-interpr\u00e8te et essayiste, Jonas Follonier est le fondateur et r\u00e9dacteur en chef du \u00abRegard Libre\u00bb.\",\"sameAs\":[\"https:\\\/\\\/www.facebook.com\\\/jonas.follonier\\\/\",\"https:\\\/\\\/www.instagram.com\\\/jonasfollonier\\\/\",\"https:\\\/\\\/www.linkedin.com\\\/in\\\/jonasfollonier\\\/\",\"https:\\\/\\\/fr.wikipedia.org\\\/wiki\\\/Le_Regard_libre\"],\"url\":\"https:\\\/\\\/leregardlibre.com\\\/de\\\/author\\\/jonas-follonier\\\/\"}]}<\/script>\n<!-- \/ Yoast SEO Premium plugin. -->","yoast_head_json":{"title":"Angesichts von \u00abCharlie Hebdo\u00bb oder Jacques Baud: eine illiberale Schweiz","description":"Zwischen der Polemik um \u00abCharlie Hebdo\u00bb und dem Fall Jacques Baud wird der Schweizer Liberalismus auf die Probe gestellt. Der Leitartikel von Jonas Follonier.","robots":{"index":"index","follow":"follow","max-snippet":"max-snippet:-1","max-image-preview":"max-image-preview:large","max-video-preview":"max-video-preview:-1"},"canonical":"https:\/\/leregardlibre.com\/de\/politik\/schweiz\/jacques-baud-charlie\/","og_locale":"de_DE","og_type":"article","og_title":"Face \u00e0\u00a0\u00abCharlie\u00a0Hebdo\u00bb ou \u00e0 Jacques Baud,\u00a0une Suisse\u00a0illib\u00e9rale","og_description":"Entre pol\u00e9mique autour de \u00abCharlie Hebdo\u00bb et affaire Jacques Baud, le lib\u00e9ralisme suisse est mis \u00e0 l\u2019\u00e9preuve. L\u2019\u00e9ditorial de Jonas Follonier.","og_url":"https:\/\/leregardlibre.com\/de\/politik\/schweiz\/jacques-baud-charlie\/","og_site_name":"Le Regard Libre","article_publisher":"https:\/\/www.facebook.com\/leregardlibre\/","article_author":"https:\/\/www.facebook.com\/jonas.follonier\/","article_published_time":"2026-03-13T06:30:00+00:00","article_modified_time":"2026-03-16T17:09:56+00:00","og_image":[{"width":1024,"height":576,"url":"https:\/\/leregardlibre.com\/wp-content\/uploads\/2024\/01\/jonas-follonier--dessin-de-nathanael-schmid-pour-le-regard-libre-1024x576.png","type":"image\/png"}],"author":"Jonas Follonier","twitter_card":"summary_large_image","twitter_creator":"@LeRegardLibre","twitter_site":"@LeRegardLibre","twitter_misc":{"Verfasst von":"Jonas Follonier","Gesch\u00e4tzte Lesezeit":"5\u00a0Minuten"},"schema":{"@context":"https:\/\/schema.org","@graph":[{"@type":"Article","@id":"https:\/\/leregardlibre.com\/politique\/suisse\/jacques-baud-charlie\/#article","isPartOf":{"@id":"https:\/\/leregardlibre.com\/politique\/suisse\/jacques-baud-charlie\/"},"author":{"name":"Jonas Follonier","@id":"https:\/\/leregardlibre.com\/#\/schema\/person\/bfe5aa794a23be71485d60e2d93ec0d2"},"headline":"Face \u00e0\u00a0\u00abCharlie\u00a0Hebdo\u00bb ou \u00e0 Jacques Baud,\u00a0une Suisse\u00a0illib\u00e9rale","datePublished":"2026-03-13T06:30:00+00:00","dateModified":"2026-03-16T17:09:56+00:00","mainEntityOfPage":{"@id":"https:\/\/leregardlibre.com\/politique\/suisse\/jacques-baud-charlie\/"},"wordCount":938,"commentCount":0,"publisher":{"@id":"https:\/\/leregardlibre.com\/#organization"},"image":{"@id":"https:\/\/leregardlibre.com\/politique\/suisse\/jacques-baud-charlie\/#primaryimage"},"thumbnailUrl":"https:\/\/leregardlibre.com\/wp-content\/uploads\/2024\/01\/jonas-follonier--dessin-de-nathanael-schmid-pour-le-regard-libre.png","keywords":["Charlie Hebdo","Editorial","Guerre en Ukraine","Lib\u00e9ralisme","Libert\u00e9 d'expression"],"articleSection":["Suisse"],"inLanguage":"de","potentialAction":[{"@type":"CommentAction","name":"Comment","target":["https:\/\/leregardlibre.com\/politique\/suisse\/jacques-baud-charlie\/#respond"]}]},{"@type":"WebPage","@id":"https:\/\/leregardlibre.com\/politique\/suisse\/jacques-baud-charlie\/","url":"https:\/\/leregardlibre.com\/politique\/suisse\/jacques-baud-charlie\/","name":"Angesichts von \u00abCharlie Hebdo\u00bb oder Jacques Baud: eine illiberale Schweiz","isPartOf":{"@id":"https:\/\/leregardlibre.com\/#website"},"primaryImageOfPage":{"@id":"https:\/\/leregardlibre.com\/politique\/suisse\/jacques-baud-charlie\/#primaryimage"},"image":{"@id":"https:\/\/leregardlibre.com\/politique\/suisse\/jacques-baud-charlie\/#primaryimage"},"thumbnailUrl":"https:\/\/leregardlibre.com\/wp-content\/uploads\/2024\/01\/jonas-follonier--dessin-de-nathanael-schmid-pour-le-regard-libre.png","datePublished":"2026-03-13T06:30:00+00:00","dateModified":"2026-03-16T17:09:56+00:00","description":"Zwischen der Polemik um \u00abCharlie Hebdo\u00bb und dem Fall Jacques Baud wird der Schweizer Liberalismus auf die Probe gestellt. Der Leitartikel von Jonas Follonier.","breadcrumb":{"@id":"https:\/\/leregardlibre.com\/politique\/suisse\/jacques-baud-charlie\/#breadcrumb"},"inLanguage":"de","potentialAction":[{"@type":"ReadAction","target":["https:\/\/leregardlibre.com\/politique\/suisse\/jacques-baud-charlie\/"]}]},{"@type":"ImageObject","inLanguage":"de","@id":"https:\/\/leregardlibre.com\/politique\/suisse\/jacques-baud-charlie\/#primaryimage","url":"https:\/\/leregardlibre.com\/wp-content\/uploads\/2024\/01\/jonas-follonier--dessin-de-nathanael-schmid-pour-le-regard-libre.png","contentUrl":"https:\/\/leregardlibre.com\/wp-content\/uploads\/2024\/01\/jonas-follonier--dessin-de-nathanael-schmid-pour-le-regard-libre.png","width":1920,"height":1080,"caption":"Dessin r\u00e9alis\u00e9 par Nathanae\u0308l Schmid pour Le Regard Libre"},{"@type":"BreadcrumbList","@id":"https:\/\/leregardlibre.com\/politique\/suisse\/jacques-baud-charlie\/#breadcrumb","itemListElement":[{"@type":"ListItem","position":1,"name":"Accueil","item":"https:\/\/leregardlibre.com\/"},{"@type":"ListItem","position":2,"name":"Face \u00e0\u00a0\u00abCharlie\u00a0Hebdo\u00bb ou \u00e0 Jacques Baud,\u00a0une Suisse\u00a0illib\u00e9rale"}]},{"@type":"WebSite","@id":"https:\/\/leregardlibre.com\/#website","url":"https:\/\/leregardlibre.com\/","name":"Le Regard Libre","description":"Erste Schweizer Monatszeitschrift f\u00fcr Debatten","publisher":{"@id":"https:\/\/leregardlibre.com\/#organization"},"potentialAction":[{"@type":"SearchAction","target":{"@type":"EntryPoint","urlTemplate":"https:\/\/leregardlibre.com\/?s={search_term_string}"},"query-input":{"@type":"PropertyValueSpecification","valueRequired":true,"valueName":"search_term_string"}}],"inLanguage":"de"},{"@type":"Organization","@id":"https:\/\/leregardlibre.com\/#organization","name":"Le Regard Libre","url":"https:\/\/leregardlibre.com\/","logo":{"@type":"ImageObject","inLanguage":"de","@id":"https:\/\/leregardlibre.com\/#\/schema\/logo\/image\/","url":"https:\/\/leregardlibre.com\/wp-content\/uploads\/2025\/08\/logo-rl-icone-neg.jpeg","contentUrl":"https:\/\/leregardlibre.com\/wp-content\/uploads\/2025\/08\/logo-rl-icone-neg.jpeg","width":557,"height":556,"caption":"Le Regard Libre"},"image":{"@id":"https:\/\/leregardlibre.com\/#\/schema\/logo\/image\/"},"sameAs":["https:\/\/www.facebook.com\/leregardlibre\/","https:\/\/x.com\/LeRegardLibre","https:\/\/www.linkedin.com\/company\/le-regard-libre","https:\/\/www.instagram.com\/leregardlibre\/","http:\/\/t.me\/leregardlibre","https:\/\/youtube.com\/channel\/UC6HzGPomj1LsUmlz-sJtITQ"],"description":"Le Regard Libre ist eine Schweizer Monatszeitschrift f\u00fcr intellektuelle und kulturelle Debatten. Seine Redaktion ist jung, ehrenamtlich, liberal und pluralistisch. Das Magazin erscheint online und in gedruckter Form. Seine Sprache ist Franz\u00f6sisch.","email":"redaction@leregardlibre.com","legalName":"Le Regard Libre","foundingDate":"2014-01-01","numberOfEmployees":{"@type":"QuantitativeValue","minValue":"11","maxValue":"50"},"publishingPrinciples":"https:\/\/leregardlibre.com\/a-propos\/notre-manifeste\/","ownershipFundingInfo":"https:\/\/leregardlibre.com\/mentions-legales\/","actionableFeedbackPolicy":"https:\/\/leregardlibre.com\/conditions-generales-de-vente\/"},{"@type":"Person","@id":"https:\/\/leregardlibre.com\/#\/schema\/person\/bfe5aa794a23be71485d60e2d93ec0d2","name":"Jonas Follonier","image":{"@type":"ImageObject","inLanguage":"de","@id":"https:\/\/secure.gravatar.com\/avatar\/602060b40f6a458420c2d140f49b6caea99152ce6704f2c332e5a0c5aad80303?s=96&d=identicon&r=g","url":"https:\/\/secure.gravatar.com\/avatar\/602060b40f6a458420c2d140f49b6caea99152ce6704f2c332e5a0c5aad80303?s=96&d=identicon&r=g","contentUrl":"https:\/\/secure.gravatar.com\/avatar\/602060b40f6a458420c2d140f49b6caea99152ce6704f2c332e5a0c5aad80303?s=96&d=identicon&r=g","caption":"Jonas Follonier"},"description":"Bundeshauskorrespondent f\u00fcr \u00abL'Agefi\u00bb, Singer-Songwriter, Jonas Follonier ist Gr\u00fcnder und Chefredakteur von \u00abRegard Libre\u00bb.","sameAs":["https:\/\/www.facebook.com\/jonas.follonier\/","https:\/\/www.instagram.com\/jonasfollonier\/","https:\/\/www.linkedin.com\/in\/jonasfollonier\/","https:\/\/fr.wikipedia.org\/wiki\/Le_Regard_libre"],"url":"https:\/\/leregardlibre.com\/de\/author\/jonas-follonier\/"}]}},"_links":{"self":[{"href":"https:\/\/leregardlibre.com\/de\/wp-json\/wp\/v2\/posts\/531702","targetHints":{"allow":["GET"]}}],"collection":[{"href":"https:\/\/leregardlibre.com\/de\/wp-json\/wp\/v2\/posts"}],"about":[{"href":"https:\/\/leregardlibre.com\/de\/wp-json\/wp\/v2\/types\/post"}],"author":[{"embeddable":true,"href":"https:\/\/leregardlibre.com\/de\/wp-json\/wp\/v2\/users\/138"}],"replies":[{"embeddable":true,"href":"https:\/\/leregardlibre.com\/de\/wp-json\/wp\/v2\/comments?post=531702"}],"version-history":[{"count":6,"href":"https:\/\/leregardlibre.com\/de\/wp-json\/wp\/v2\/posts\/531702\/revisions"}],"predecessor-version":[{"id":531759,"href":"https:\/\/leregardlibre.com\/de\/wp-json\/wp\/v2\/posts\/531702\/revisions\/531759"}],"wp:featuredmedia":[{"embeddable":true,"href":"https:\/\/leregardlibre.com\/de\/wp-json\/wp\/v2\/media\/521760"}],"wp:attachment":[{"href":"https:\/\/leregardlibre.com\/de\/wp-json\/wp\/v2\/media?parent=531702"}],"wp:term":[{"taxonomy":"category","embeddable":true,"href":"https:\/\/leregardlibre.com\/de\/wp-json\/wp\/v2\/categories?post=531702"},{"taxonomy":"post_tag","embeddable":true,"href":"https:\/\/leregardlibre.com\/de\/wp-json\/wp\/v2\/tags?post=531702"}],"curies":[{"name":"wp","href":"https:\/\/api.w.org\/{rel}","templated":true}]}}