{"id":531712,"date":"2026-03-14T07:30:00","date_gmt":"2026-03-14T06:30:00","guid":{"rendered":"https:\/\/leregardlibre.com\/?p=531712"},"modified":"2026-03-15T10:24:41","modified_gmt":"2026-03-15T09:24:41","slug":"ousmane-ndiaye","status":"publish","type":"post","link":"https:\/\/leregardlibre.com\/de\/politik\/welt\/ousmane-ndiaye\/","title":{"rendered":"Den antidemokratischen Mythos in Afrika zerlegen"},"content":{"rendered":"<p class=\"has-drop-cap\"><strong>In <em>Afrika gegen die Demokratie (\u00abL\u2019Afrique contre la d\u00e9mocratie\u00bb)<\/em>r\u00e4umt der senegalesische Journalist Ousmane Ndiaye in seinem Buch mit einem immer weiter verbreiteten Narrativ auf: dem eines Kontinents, der angeblich nicht mit der Demokratie vereinbar ist. Eine energische Untersuchung \u00fcber eine Idee, die zum Alibi der neuen Autoritarismen geworden ist.<\/strong><\/p>\n\n\n\n<!--more-->\n\n\n\n<p>\u00abAfrika ist nicht f\u00fcr die Demokratie geschaffen.\u00bb Dieser Mythos hat sich wie eine faule Selbstverst\u00e4ndlichkeit durchgesetzt. Er hat sich langsam von den Reden in die K\u00f6pfe der Menschen geschlichen. Er wurde zu einer rhetorischen Waffe bei Diktatoren, verf\u00fchrte einige Intellektuelle und panafrikanische Aktivisten, bis er schliesslich auf ein beachtliches Echo in der afrikanischen Bev\u00f6lkerung stiess. In seinem Essay&nbsp;<em>Afrika gegen die Demokratie (\u00abL\u2019Afrique contre la d\u00e9mocratie\u00bb)<\/em>, Ousmane Ndiaye, ehemaliger Afrika-Redakteur von TV5 Monde, nimmt dieses ideologische Konstrukt mit seinen negativen Folgen methodisch auseinander.&nbsp;<\/p>\n\n\n\n<p>Seit der Erlangung der Unabh\u00e4ngigkeit wurde die Demokratie auf der anderen Seite des Mittelmeers zunehmend disqualifiziert. Die \u00abdemokratischen Revolutionen\u00bb der 1990er Jahre versprachen einen tiefen Bruch mit den autorit\u00e4ren Regimen. Doch der so sehr erhoffte Machtwechsel, der durch die Macht\u00fcbernahme von Oppositionellen wie Laurent Gbagbo in der Elfenbeink\u00fcste oder Alpha Cond\u00e9 in Guinea verk\u00f6rpert wurde, erwies sich als nichts anderes als eine Fortsetzung des Autoritarismus in einem anderen Gewand. Diese \u00abTrag\u00f6die der historischen Oppositionellen\u00bb, wie Ndiaye sie nennt, hat stark zur Abkehr von demokratischen Systemen beigetragen.&nbsp;<\/p>\n\n\n\n<h2 class=\"wp-block-heading\" id=\"h-impasse-du-panafricanisme\">Sackgasse des Panafrikanismus<\/h2>\n\n\n\n<p>Zu dieser \u00abTrag\u00f6die der Oppositionellen\u00bb gesellte sich ein Narrativ, demzufolge die Demokratie nur ein Import des europ\u00e4ischen Imperialismus sei. Ein System, das den afrikanischen Realit\u00e4ten nicht angemessen sei. Der senegalesische Journalist zeigt, dass dieser Diskurs vor allem als Alibi dient. Er wird von einer Konstellation von Figuren wie dem Aktivisten Kemi Seba oder dem Journalisten Alain Foka getragen und legitimiert autorit\u00e4re Regime, die als souver\u00e4ner, effizienter und \u00abwahrhaft\u00bb afrikanisch dargestellt werden.<\/p>\n\n\n\n<p>So werden die Junta der Sahelzone zu Hoffnungen des Panafrikanismus erhoben, ihre F\u00fchrer heroisiert, w\u00e4hrend freiheitsfeindliche Massnahmen verschwiegen werden. Einige Intellektuelle wie Boubacar Boris Diop oder Aminata Dramane Traor\u00e9, einst S\u00e4nger der Freiheit, verharmlosen heute die Verbrechen der Diktaturen im Namen des Kampfes gegen den Imperialismus. Sie sind, wie Ndiaye es formuliert, \u00abzum intellektuellen Schirm der Demokratieverweigerung\u00bb geworden.&nbsp;<\/p>\n\n\n\n<p>Der ruandische Fall erscheint als der paradigmatischste. Paul Kagames Ruanda wird zum absoluten Vorbild erhoben und als Beweis daf\u00fcr herangezogen, dass ein effektiver Autoritarismus besser sei als eine instabile Demokratie. Der Essayist weist darauf hin, dass dieses Modell in erster Linie als Symbol funktioniert. Die Ergebnisse sind weitaus kontrastreicher.&nbsp;<\/p>\n\n\n\n<form method=\"post\" action=\"https:\/\/newsletter.infomaniak.com\/external\/submit\" class=\"inf-form\" target=\"_blank\"><input type=\"email\" name=\"email\" style=\"display:none\" \/><input type=\"hidden\" name=\"key\"\nvalue=\"eyJpdiI6IlZXRVJGMlRGQUU2alNqUE81bitIUk5adnNVa0c4MllFTStzOHdHT1FQZ3c9IiwidmFsdWUiOiJIYzhwMUVCK1pTNnlhY3MyMmhuZlhReWJqemEwNk93blMxTjFHc0s2VHZrPSIsIm1hYyI6ImVhYTQ5N2I1M2NiYWE4NzBmNjk2NzgzYjliM2Y5NmYzM2E2ZmU3NGQxNTU1ZDFkMTU1MzY5NTdjYjE3ZTJmNTUifQ==\"><input type=\"hidden\" name=\"webform_id\" value=\"7291\"><style> .inf-main_3000311ca56a1cb93397bc676c0b7fff{ background-color:#f5f5f5;\npadding:25px 20px; margin:25px auto; } .inf-main_3000311ca56a1cb93397bc676c0b7fff .inf-content { margin-top:13px;} .inf-main_3000311ca56a1cb93397bc676c0b7fff h4, .inf-main_3000311ca56a1cb93397bc676c0b7fff span, .inf-\nmain_3000311ca56a1cb93397bc676c0b7fff label, .inf-main_3000311ca56a1cb93397bc676c0b7fff input, .inf-main_3000311ca56a1cb93397bc676c0b7fff .inf-submit, .inf-main_3000311ca56a1cb93397bc676c0b7fff .inf-success p a { color:#555555; font-\nsize:14px; } .inf-main_3000311ca56a1cb93397bc676c0b7fff h4{ font-size:18px; margin:0px 0px 13px 0px; } .inf-main_3000311ca56a1cb93397bc676c0b7fff h4, .inf-main_3000311ca56a1cb93397bc676c0b7fff label{ font-weight:bold; } .inf-\nmain_3000311ca56a1cb93397bc676c0b7fff .inf-input { margin-bottom:7px; } .inf-main_3000311ca56a1cb93397bc676c0b7fff label { display:block;} .inf-main_3000311ca56a1cb93397bc676c0b7fff input{ height:35px; color:#999999; border: 1px solid\n#E9E9E9; border:none; padding-left:7px; } .inf-main_3000311ca56a1cb93397bc676c0b7fff .inf-input.inf-error label, .inf-main_3000311ca56a1cb93397bc676c0b7fff .inf-input.inf-error span.inf-message{ color: #cc0033; } .inf-\nmain_3000311ca56a1cb93397bc676c0b7fff .inf-input.inf-error input{ border: 1px solid #cc0033; } .inf-main_3000311ca56a1cb93397bc676c0b7fff .inf-input input { width:100%;} .inf-main_3000311ca56a1cb93397bc676c0b7fff .inf-input.inf-error\nspan.inf-message { display: block; } .inf-main_3000311ca56a1cb93397bc676c0b7fff .inf-submit { text-align:right;} .inf-main_3000311ca56a1cb93397bc676c0b7fff .inf-submit input{ background-color:#777777; color:#ffffff; border:none; font-weight:\nnormal; height:auto; padding:7px; } .inf-main_3000311ca56a1cb93397bc676c0b7fff .inf-submit input.disabled{ opacity: 0.4; } .inf-btn { color: rgb(85, 85, 85); border: medium none; font-weight: normal; height: auto; padding: 7px; display: inline-block;\nbackground-color: white; box-shadow: 0px 1px 1px rgba(0, 0, 0, 0.24); border-radius: 2px; line-height: 1em; } .inf-rgpd { margin:25px 0px 15px 0px; color:#555555; } <\/style> <div class=\"inf-main_3000311ca56a1cb93397bc676c0b7fff\">\n<h4>NEWSLETTER DES FREIEN BLICKS<\/h4> <span>Erhalten Sie unsere Artikel jeden Sonntag.<\/span> <div class=\"inf-success\" style=\"display:none\"> <h4>Ihre Anmeldung f\u00fcr unseren w\u00f6chentlichen Newsletter wurde erfolgreich registriert!<\/h4> <p>\n<a href=\"#\" class=\"inf-btn\">\u00ab<\/a> <\/p> <\/div> <div class=\"inf-content\"> <div class=\"inf-input inf-input-text\"> <input type=\"text\" name=\"inf[1]\" data-inf-meta = \"1\" data-inf-error = \"Merci de renseigner une adresse email\" required=\"required\"\nplaceholder=\"E-Mail\" > <\/div> <div class=\"inf-submit\"> <input type=\"submit\" name=\"\" value=\"Anmelden\"> <\/div> <\/div> <\/div> <\/form>\n\n\n\n<p>Nach mehr als 20 Jahren unter Kagame ist Ruanda laut Human Development Index immer noch eines der am wenigsten entwickelten L\u00e4nder der Welt und liegt weit hinter Demokratien wie Botswana oder Kap Verde zur\u00fcck. Die wirtschaftliche Entwicklung konzentriert sich haupts\u00e4chlich auf die Hauptstadt Kigali, in der nur etwa 17 % der Bev\u00f6lkerung leben. Andernorts verblasst das ruandische Wunder. Das Argument der Effizienz erweist sich angesichts der politischen Kosten als schwach: eine ausgeschaltete Opposition und eine mundtot gemachte Presse.<\/p>\n\n\n\n<h2 class=\"wp-block-heading\" id=\"h-ingerences-occidentales\">Westliche Einmischung<\/h2>\n\n\n\n<p>Angesichts dieses antidemokratischen Mythos kehrt der senegalesische Journalist die Perspektive um und versucht, die Demokratie aus ihrer westlichen Zuordnung zu reissen. Ohne in eine Idealisierung des vorkolonialen Afrika zu verfallen, erinnert er daran, dass der Kontinent nicht auf Europa gewartet hat, um Formen der Beratung, der Repr\u00e4sentation und des Machtausgleichs zu erfinden. Ndiaye vertritt die Ansicht, dass die Kolonialisierung vor allem endogene demokratische Formen einged\u00e4mmt hat. Diese anregende These wird durch mehrere Beispiele untermauert, wie die Lebu-Republik im XVIII.<sup>.<\/sup>&nbsp;Jahrhundert oder bestimmte Praktiken der Amazigh und Tuareg, die jedoch von einer weiteren Vertiefung profitiert h\u00e4tten.&nbsp;<\/p>\n\n\n\n<p>Mit grossem Aufwand an Analysen und Portr\u00e4ts, ist\u00a0<em>Afrika gegen die Demokratie (\u00abL\u2019Afrique contre la d\u00e9mocratie\u00bb)<\/em>\u00a0ein mutiger Essay. Der Autor leugnet weder die Realit\u00e4t des Imperialismus noch die der westlichen Einmischungen, weigert sich aber, daraus eine totalisierende Erkl\u00e4rung und eine falsche Rechtfertigung f\u00fcr diktatorische Regime zu machen. Diese Position ist zweifellos die intellektuell ehrlichste, um \u00fcber das heutige Afrika nachzudenken. Und die politisch unrentabelste.<\/p>\n\n\n\n<p><em>Journalist und Berater,&nbsp;<strong>Pablo S\u00e1nchez<\/strong>&nbsp;ist Redakteur beim&nbsp;<\/em>Regard Libre<em>.<\/em> <em>Schreiben Sie dem Autor: <a href=\"http:\/\/pablo.s\u00e1nchez@leregardlibre.com\/de\/\">pablo.s<em>\u00e1nchez<\/em>@leregardlibre.com<\/a><\/em>.<\/p>\n\n\n\n<h6 class=\"wp-block-heading\" id=\"h-vous-venez-de-lire-un-article-en-libre-acces-tire-de-notre-edition-papier-le-regard-libre-n-124-debats-analyses-actualites-culturelles-abonnez-vous-a-notre-media-de-reflexion-pour-nous-soutenir-et-avoir-acces-a-tous-nos-contenus\">Sie haben gerade einen frei zug\u00e4nglichen Artikel aus unserer Printausgabe gelesen (<a href=\"https:\/\/leregardlibre.com\/de\/cpt-editions\/der-freie-blick-124-volk\/\"><em>Le Regard Libre<\/em> N\u00b0124<\/a>). Debatten, Analysen, Kulturnachrichten:\u00a0<a href=\"https:\/\/leregardlibre.com\/de\/abonnement\/\">abonnieren Sie<\/a>\u00a0zu unserem Reflexionsmedium, um uns zu unterst\u00fctzen und Zugang zu all unseren Inhalten zu erhalten.<\/h6>\n\n\n\n<div class=\"wp-block-media-text alignwide is-stacked-on-mobile\" style=\"grid-template-columns:15% auto\"><figure class=\"wp-block-media-text__media\"><img fetchpriority=\"high\" decoding=\"async\" width=\"500\" height=\"728\" src=\"https:\/\/leregardlibre.com\/wp-content\/uploads\/2026\/03\/capture-decran-2026-03-13-a-22-19-33.png\" alt=\"\" class=\"wp-image-531717 size-full\" srcset=\"https:\/\/leregardlibre.com\/wp-content\/uploads\/2026\/03\/capture-decran-2026-03-13-a-22-19-33.png 500w, https:\/\/leregardlibre.com\/wp-content\/uploads\/2026\/03\/capture-decran-2026-03-13-a-22-19-33-206x300.png 206w, https:\/\/leregardlibre.com\/wp-content\/uploads\/2026\/03\/capture-decran-2026-03-13-a-22-19-33-103x150.png 103w, https:\/\/leregardlibre.com\/wp-content\/uploads\/2026\/03\/capture-decran-2026-03-13-a-22-19-33-8x12.png 8w, https:\/\/leregardlibre.com\/wp-content\/uploads\/2026\/03\/capture-decran-2026-03-13-a-22-19-33-446x650.png 446w, https:\/\/leregardlibre.com\/wp-content\/uploads\/2026\/03\/capture-decran-2026-03-13-a-22-19-33-300x437.png 300w\" sizes=\"(max-width: 500px) 100vw, 500px\" \/><\/figure><div class=\"wp-block-media-text__content\">\n<p><strong>Ousmane Ndiaye<\/strong><br><em><strong><em>Afrika gegen die Demokratie (\u00abL\u2019Afrique contre la d\u00e9mocratie\u00bb)<\/em><br><\/strong><\/em><strong>Riveneuve<\/strong><br><strong>Juli 2025<br>172 Seiten<\/strong><\/p>\n\n\n\n<div class=\"wp-block-buttons is-layout-flex wp-block-buttons-is-layout-flex\">\n<div class=\"wp-block-button\"><a class=\"wp-block-button__link wp-element-button\" href=\"https:\/\/www.payot.ch\/Detail\/lafrique_contre_la_democratie-ousmane_ndiaye__jean_fran%C3%A7ois_akandji_kombe-9782360137398\">Das Buch bestellen<\/a><\/div>\n<\/div>\n<\/div><\/div>","protected":false},"excerpt":{"rendered":"<p>In \u00abAfrika gegen die Demokratie\u00bb r\u00e4umt der senegalesische Journalist Ousmane Ndiaye mit einem immer weiter verbreiteten Narrativ auf: dem eines Kontinents, der angeblich mit der Demokratie unvereinbar ist. Eine energische Untersuchung \u00fcber eine Idee, die zum Alibi der neuen Autoritarismen geworden ist.<\/p>","protected":false},"author":735,"featured_media":531724,"comment_status":"open","ping_status":"closed","sticky":false,"template":"","format":"standard","meta":{"_acf_changed":false,"footnotes":""},"categories":[644357281],"tags":[61519,14421,644358446,644358450],"class_list":["post-531712","post","type-post","status-publish","format-standard","has-post-thumbnail","hentry","category-monde","tag-afrique","tag-essais","tag-lessai-du-mois","tag-recensions"],"acf":[],"yoast_head":"<!-- This site is optimized with the Yoast SEO Premium plugin v27.4 (Yoast SEO v27.4) - https:\/\/yoast.com\/product\/yoast-seo-premium-wordpress\/ -->\n<title>D\u00e9monter le mythe\u00a0anti-d\u00e9mocratique en Afrique<\/title>\n<meta name=\"description\" content=\"Ousmane Ndiaye s\u2019emploie dans un essai \u00e0 d\u00e9monter m\u00e9thodiquement le mythe selon lequel \u00abl\u2019Afrique\u00a0n\u2019est pas faite pour la d\u00e9mocratie\u00bb.\" \/>\n<meta name=\"robots\" content=\"index, follow, max-snippet:-1, max-image-preview:large, max-video-preview:-1\" \/>\n<link rel=\"canonical\" href=\"https:\/\/leregardlibre.com\/de\/politik\/welt\/ousmane-ndiaye\/\" \/>\n<meta property=\"og:locale\" content=\"de_DE\" \/>\n<meta property=\"og:type\" content=\"article\" \/>\n<meta property=\"og:title\" content=\"D\u00e9monter le mythe\u00a0anti-d\u00e9mocratique en Afrique\" \/>\n<meta property=\"og:description\" content=\"Ousmane Ndiaye s\u2019emploie dans un essai \u00e0 d\u00e9monter m\u00e9thodiquement le mythe selon lequel \u00abl\u2019Afrique\u00a0n\u2019est pas faite pour la d\u00e9mocratie\u00bb.\" \/>\n<meta property=\"og:url\" content=\"https:\/\/leregardlibre.com\/de\/politik\/welt\/ousmane-ndiaye\/\" \/>\n<meta property=\"og:site_name\" content=\"Le Regard Libre\" \/>\n<meta property=\"article:publisher\" content=\"https:\/\/www.facebook.com\/leregardlibre\/\" \/>\n<meta property=\"article:published_time\" content=\"2026-03-14T06:30:00+00:00\" \/>\n<meta property=\"article:modified_time\" content=\"2026-03-15T09:24:41+00:00\" \/>\n<meta property=\"og:image\" content=\"https:\/\/leregardlibre.com\/wp-content\/uploads\/2026\/03\/ousmane-ndiaye.jpg\" \/>\n\t<meta property=\"og:image:width\" content=\"1275\" \/>\n\t<meta property=\"og:image:height\" content=\"955\" \/>\n\t<meta property=\"og:image:type\" content=\"image\/jpeg\" \/>\n<meta name=\"author\" content=\"Pablo S\u00e1nchez\" \/>\n<meta name=\"twitter:card\" content=\"summary_large_image\" \/>\n<meta name=\"twitter:creator\" content=\"@LeRegardLibre\" \/>\n<meta name=\"twitter:site\" content=\"@LeRegardLibre\" \/>\n<meta name=\"twitter:label1\" content=\"Verfasst von\" \/>\n\t<meta name=\"twitter:data1\" content=\"Pablo S\u00e1nchez\" \/>\n\t<meta name=\"twitter:label2\" content=\"Gesch\u00e4tzte Lesezeit\" \/>\n\t<meta name=\"twitter:data2\" content=\"1\u00a0Minute\" \/>\n<script type=\"application\/ld+json\" class=\"yoast-schema-graph\">{\"@context\":\"https:\\\/\\\/schema.org\",\"@graph\":[{\"@type\":\"Article\",\"@id\":\"https:\\\/\\\/leregardlibre.com\\\/politique\\\/monde\\\/ousmane-ndiaye\\\/#article\",\"isPartOf\":{\"@id\":\"https:\\\/\\\/leregardlibre.com\\\/politique\\\/monde\\\/ousmane-ndiaye\\\/\"},\"author\":{\"name\":\"Pablo S\u00e1nchez\",\"@id\":\"https:\\\/\\\/leregardlibre.com\\\/#\\\/schema\\\/person\\\/44629bb0ecb67ddea1fc4c5d4447095f\"},\"headline\":\"D\u00e9monter le mythe\u00a0anti-d\u00e9mocratique en Afrique\",\"datePublished\":\"2026-03-14T06:30:00+00:00\",\"dateModified\":\"2026-03-15T09:24:41+00:00\",\"mainEntityOfPage\":{\"@id\":\"https:\\\/\\\/leregardlibre.com\\\/politique\\\/monde\\\/ousmane-ndiaye\\\/\"},\"wordCount\":884,\"commentCount\":0,\"publisher\":{\"@id\":\"https:\\\/\\\/leregardlibre.com\\\/#organization\"},\"image\":{\"@id\":\"https:\\\/\\\/leregardlibre.com\\\/politique\\\/monde\\\/ousmane-ndiaye\\\/#primaryimage\"},\"thumbnailUrl\":\"https:\\\/\\\/leregardlibre.com\\\/wp-content\\\/uploads\\\/2026\\\/03\\\/ousmane-ndiaye.jpg\",\"keywords\":[\"Afrique\",\"Essai\",\"L\u2019essai du mois\",\"Recension\"],\"articleSection\":[\"Monde\"],\"inLanguage\":\"de\",\"potentialAction\":[{\"@type\":\"CommentAction\",\"name\":\"Comment\",\"target\":[\"https:\\\/\\\/leregardlibre.com\\\/politique\\\/monde\\\/ousmane-ndiaye\\\/#respond\"]}]},{\"@type\":\"WebPage\",\"@id\":\"https:\\\/\\\/leregardlibre.com\\\/politique\\\/monde\\\/ousmane-ndiaye\\\/\",\"url\":\"https:\\\/\\\/leregardlibre.com\\\/politique\\\/monde\\\/ousmane-ndiaye\\\/\",\"name\":\"D\u00e9monter le mythe\u00a0anti-d\u00e9mocratique en Afrique\",\"isPartOf\":{\"@id\":\"https:\\\/\\\/leregardlibre.com\\\/#website\"},\"primaryImageOfPage\":{\"@id\":\"https:\\\/\\\/leregardlibre.com\\\/politique\\\/monde\\\/ousmane-ndiaye\\\/#primaryimage\"},\"image\":{\"@id\":\"https:\\\/\\\/leregardlibre.com\\\/politique\\\/monde\\\/ousmane-ndiaye\\\/#primaryimage\"},\"thumbnailUrl\":\"https:\\\/\\\/leregardlibre.com\\\/wp-content\\\/uploads\\\/2026\\\/03\\\/ousmane-ndiaye.jpg\",\"datePublished\":\"2026-03-14T06:30:00+00:00\",\"dateModified\":\"2026-03-15T09:24:41+00:00\",\"description\":\"Ousmane Ndiaye s\u2019emploie dans un essai \u00e0 d\u00e9monter m\u00e9thodiquement le mythe selon lequel \u00abl\u2019Afrique\u00a0n\u2019est pas faite pour la d\u00e9mocratie\u00bb.\",\"breadcrumb\":{\"@id\":\"https:\\\/\\\/leregardlibre.com\\\/politique\\\/monde\\\/ousmane-ndiaye\\\/#breadcrumb\"},\"inLanguage\":\"de\",\"potentialAction\":[{\"@type\":\"ReadAction\",\"target\":[\"https:\\\/\\\/leregardlibre.com\\\/politique\\\/monde\\\/ousmane-ndiaye\\\/\"]}]},{\"@type\":\"ImageObject\",\"inLanguage\":\"de\",\"@id\":\"https:\\\/\\\/leregardlibre.com\\\/politique\\\/monde\\\/ousmane-ndiaye\\\/#primaryimage\",\"url\":\"https:\\\/\\\/leregardlibre.com\\\/wp-content\\\/uploads\\\/2026\\\/03\\\/ousmane-ndiaye.jpg\",\"contentUrl\":\"https:\\\/\\\/leregardlibre.com\\\/wp-content\\\/uploads\\\/2026\\\/03\\\/ousmane-ndiaye.jpg\",\"width\":1275,\"height\":955,\"caption\":\"L\u2019essayiste Ousmane Ndiaye, ancien r\u00e9dacteur en chef Afrique de TV5 Monde. Photo: Darnel Lindor\"},{\"@type\":\"BreadcrumbList\",\"@id\":\"https:\\\/\\\/leregardlibre.com\\\/politique\\\/monde\\\/ousmane-ndiaye\\\/#breadcrumb\",\"itemListElement\":[{\"@type\":\"ListItem\",\"position\":1,\"name\":\"Accueil\",\"item\":\"https:\\\/\\\/leregardlibre.com\\\/\"},{\"@type\":\"ListItem\",\"position\":2,\"name\":\"D\u00e9monter le mythe\u00a0anti-d\u00e9mocratique en Afrique\"}]},{\"@type\":\"WebSite\",\"@id\":\"https:\\\/\\\/leregardlibre.com\\\/#website\",\"url\":\"https:\\\/\\\/leregardlibre.com\\\/\",\"name\":\"Le Regard Libre\",\"description\":\"Premier mensuel suisse de d\u00e9bat\",\"publisher\":{\"@id\":\"https:\\\/\\\/leregardlibre.com\\\/#organization\"},\"potentialAction\":[{\"@type\":\"SearchAction\",\"target\":{\"@type\":\"EntryPoint\",\"urlTemplate\":\"https:\\\/\\\/leregardlibre.com\\\/?s={search_term_string}\"},\"query-input\":{\"@type\":\"PropertyValueSpecification\",\"valueRequired\":true,\"valueName\":\"search_term_string\"}}],\"inLanguage\":\"de\"},{\"@type\":\"Organization\",\"@id\":\"https:\\\/\\\/leregardlibre.com\\\/#organization\",\"name\":\"Le Regard Libre\",\"url\":\"https:\\\/\\\/leregardlibre.com\\\/\",\"logo\":{\"@type\":\"ImageObject\",\"inLanguage\":\"de\",\"@id\":\"https:\\\/\\\/leregardlibre.com\\\/#\\\/schema\\\/logo\\\/image\\\/\",\"url\":\"https:\\\/\\\/leregardlibre.com\\\/wp-content\\\/uploads\\\/2025\\\/08\\\/logo-rl-icone-neg.jpeg\",\"contentUrl\":\"https:\\\/\\\/leregardlibre.com\\\/wp-content\\\/uploads\\\/2025\\\/08\\\/logo-rl-icone-neg.jpeg\",\"width\":557,\"height\":556,\"caption\":\"Le Regard Libre\"},\"image\":{\"@id\":\"https:\\\/\\\/leregardlibre.com\\\/#\\\/schema\\\/logo\\\/image\\\/\"},\"sameAs\":[\"https:\\\/\\\/www.facebook.com\\\/leregardlibre\\\/\",\"https:\\\/\\\/x.com\\\/LeRegardLibre\",\"https:\\\/\\\/www.linkedin.com\\\/company\\\/le-regard-libre\",\"https:\\\/\\\/www.instagram.com\\\/leregardlibre\\\/\",\"http:\\\/\\\/t.me\\\/leregardlibre\",\"https:\\\/\\\/youtube.com\\\/channel\\\/UC6HzGPomj1LsUmlz-sJtITQ\"],\"description\":\"Le Regard Libre est un mensuel suisse de d\u00e9bat intellectuel et culturel. Sa r\u00e9daction est jeune, b\u00e9n\u00e9vole, lib\u00e9rale et pluraliste. Le magazine para\u00eet en ligne et sous forme papier. Sa langue est le fran\u00e7ais.\",\"email\":\"redaction@leregardlibre.com\",\"legalName\":\"Le Regard Libre\",\"foundingDate\":\"2014-01-01\",\"numberOfEmployees\":{\"@type\":\"QuantitativeValue\",\"minValue\":\"11\",\"maxValue\":\"50\"},\"publishingPrinciples\":\"https:\\\/\\\/leregardlibre.com\\\/a-propos\\\/notre-manifeste\\\/\",\"ownershipFundingInfo\":\"https:\\\/\\\/leregardlibre.com\\\/mentions-legales\\\/\",\"actionableFeedbackPolicy\":\"https:\\\/\\\/leregardlibre.com\\\/conditions-generales-de-vente\\\/\"},{\"@type\":\"Person\",\"@id\":\"https:\\\/\\\/leregardlibre.com\\\/#\\\/schema\\\/person\\\/44629bb0ecb67ddea1fc4c5d4447095f\",\"name\":\"Pablo S\u00e1nchez\",\"image\":{\"@type\":\"ImageObject\",\"inLanguage\":\"de\",\"@id\":\"https:\\\/\\\/secure.gravatar.com\\\/avatar\\\/042ba7a969c76812b47949be3b376ebea3869c370353c327e7b19305a9698e65?s=96&d=identicon&r=g\",\"url\":\"https:\\\/\\\/secure.gravatar.com\\\/avatar\\\/042ba7a969c76812b47949be3b376ebea3869c370353c327e7b19305a9698e65?s=96&d=identicon&r=g\",\"contentUrl\":\"https:\\\/\\\/secure.gravatar.com\\\/avatar\\\/042ba7a969c76812b47949be3b376ebea3869c370353c327e7b19305a9698e65?s=96&d=identicon&r=g\",\"caption\":\"Pablo S\u00e1nchez\"},\"url\":\"https:\\\/\\\/leregardlibre.com\\\/de\\\/author\\\/pablo-sanchez\\\/\"}]}<\/script>\n<!-- \/ Yoast SEO Premium plugin. -->","yoast_head_json":{"title":"Den antidemokratischen Mythos in Afrika zerlegen","description":"Ousmane Ndiaye versucht in einem Essay methodisch den Mythos zu zerlegen, dass \u00abAfrika nicht f\u00fcr die Demokratie geschaffen ist\u00bb.","robots":{"index":"index","follow":"follow","max-snippet":"max-snippet:-1","max-image-preview":"max-image-preview:large","max-video-preview":"max-video-preview:-1"},"canonical":"https:\/\/leregardlibre.com\/de\/politik\/welt\/ousmane-ndiaye\/","og_locale":"de_DE","og_type":"article","og_title":"D\u00e9monter le mythe\u00a0anti-d\u00e9mocratique en Afrique","og_description":"Ousmane Ndiaye s\u2019emploie dans un essai \u00e0 d\u00e9monter m\u00e9thodiquement le mythe selon lequel \u00abl\u2019Afrique\u00a0n\u2019est pas faite pour la d\u00e9mocratie\u00bb.","og_url":"https:\/\/leregardlibre.com\/de\/politik\/welt\/ousmane-ndiaye\/","og_site_name":"Le Regard Libre","article_publisher":"https:\/\/www.facebook.com\/leregardlibre\/","article_published_time":"2026-03-14T06:30:00+00:00","article_modified_time":"2026-03-15T09:24:41+00:00","og_image":[{"width":1275,"height":955,"url":"https:\/\/leregardlibre.com\/wp-content\/uploads\/2026\/03\/ousmane-ndiaye.jpg","type":"image\/jpeg"}],"author":"Pablo S\u00e1nchez","twitter_card":"summary_large_image","twitter_creator":"@LeRegardLibre","twitter_site":"@LeRegardLibre","twitter_misc":{"Verfasst von":"Pablo S\u00e1nchez","Gesch\u00e4tzte Lesezeit":"1\u00a0Minute"},"schema":{"@context":"https:\/\/schema.org","@graph":[{"@type":"Article","@id":"https:\/\/leregardlibre.com\/politique\/monde\/ousmane-ndiaye\/#article","isPartOf":{"@id":"https:\/\/leregardlibre.com\/politique\/monde\/ousmane-ndiaye\/"},"author":{"name":"Pablo S\u00e1nchez","@id":"https:\/\/leregardlibre.com\/#\/schema\/person\/44629bb0ecb67ddea1fc4c5d4447095f"},"headline":"D\u00e9monter le mythe\u00a0anti-d\u00e9mocratique en Afrique","datePublished":"2026-03-14T06:30:00+00:00","dateModified":"2026-03-15T09:24:41+00:00","mainEntityOfPage":{"@id":"https:\/\/leregardlibre.com\/politique\/monde\/ousmane-ndiaye\/"},"wordCount":884,"commentCount":0,"publisher":{"@id":"https:\/\/leregardlibre.com\/#organization"},"image":{"@id":"https:\/\/leregardlibre.com\/politique\/monde\/ousmane-ndiaye\/#primaryimage"},"thumbnailUrl":"https:\/\/leregardlibre.com\/wp-content\/uploads\/2026\/03\/ousmane-ndiaye.jpg","keywords":["Afrique","Essai","L\u2019essai du mois","Recension"],"articleSection":["Monde"],"inLanguage":"de","potentialAction":[{"@type":"CommentAction","name":"Comment","target":["https:\/\/leregardlibre.com\/politique\/monde\/ousmane-ndiaye\/#respond"]}]},{"@type":"WebPage","@id":"https:\/\/leregardlibre.com\/politique\/monde\/ousmane-ndiaye\/","url":"https:\/\/leregardlibre.com\/politique\/monde\/ousmane-ndiaye\/","name":"Den antidemokratischen Mythos in Afrika zerlegen","isPartOf":{"@id":"https:\/\/leregardlibre.com\/#website"},"primaryImageOfPage":{"@id":"https:\/\/leregardlibre.com\/politique\/monde\/ousmane-ndiaye\/#primaryimage"},"image":{"@id":"https:\/\/leregardlibre.com\/politique\/monde\/ousmane-ndiaye\/#primaryimage"},"thumbnailUrl":"https:\/\/leregardlibre.com\/wp-content\/uploads\/2026\/03\/ousmane-ndiaye.jpg","datePublished":"2026-03-14T06:30:00+00:00","dateModified":"2026-03-15T09:24:41+00:00","description":"Ousmane Ndiaye versucht in einem Essay methodisch den Mythos zu zerlegen, dass \u00abAfrika nicht f\u00fcr die Demokratie geschaffen ist\u00bb.","breadcrumb":{"@id":"https:\/\/leregardlibre.com\/politique\/monde\/ousmane-ndiaye\/#breadcrumb"},"inLanguage":"de","potentialAction":[{"@type":"ReadAction","target":["https:\/\/leregardlibre.com\/politique\/monde\/ousmane-ndiaye\/"]}]},{"@type":"ImageObject","inLanguage":"de","@id":"https:\/\/leregardlibre.com\/politique\/monde\/ousmane-ndiaye\/#primaryimage","url":"https:\/\/leregardlibre.com\/wp-content\/uploads\/2026\/03\/ousmane-ndiaye.jpg","contentUrl":"https:\/\/leregardlibre.com\/wp-content\/uploads\/2026\/03\/ousmane-ndiaye.jpg","width":1275,"height":955,"caption":"L\u2019essayiste Ousmane Ndiaye, ancien r\u00e9dacteur en chef Afrique de TV5 Monde. Photo: Darnel Lindor"},{"@type":"BreadcrumbList","@id":"https:\/\/leregardlibre.com\/politique\/monde\/ousmane-ndiaye\/#breadcrumb","itemListElement":[{"@type":"ListItem","position":1,"name":"Accueil","item":"https:\/\/leregardlibre.com\/"},{"@type":"ListItem","position":2,"name":"D\u00e9monter le mythe\u00a0anti-d\u00e9mocratique en Afrique"}]},{"@type":"WebSite","@id":"https:\/\/leregardlibre.com\/#website","url":"https:\/\/leregardlibre.com\/","name":"Le Regard Libre","description":"Erste Schweizer Monatszeitschrift f\u00fcr Debatten","publisher":{"@id":"https:\/\/leregardlibre.com\/#organization"},"potentialAction":[{"@type":"SearchAction","target":{"@type":"EntryPoint","urlTemplate":"https:\/\/leregardlibre.com\/?s={search_term_string}"},"query-input":{"@type":"PropertyValueSpecification","valueRequired":true,"valueName":"search_term_string"}}],"inLanguage":"de"},{"@type":"Organization","@id":"https:\/\/leregardlibre.com\/#organization","name":"Le Regard Libre","url":"https:\/\/leregardlibre.com\/","logo":{"@type":"ImageObject","inLanguage":"de","@id":"https:\/\/leregardlibre.com\/#\/schema\/logo\/image\/","url":"https:\/\/leregardlibre.com\/wp-content\/uploads\/2025\/08\/logo-rl-icone-neg.jpeg","contentUrl":"https:\/\/leregardlibre.com\/wp-content\/uploads\/2025\/08\/logo-rl-icone-neg.jpeg","width":557,"height":556,"caption":"Le Regard Libre"},"image":{"@id":"https:\/\/leregardlibre.com\/#\/schema\/logo\/image\/"},"sameAs":["https:\/\/www.facebook.com\/leregardlibre\/","https:\/\/x.com\/LeRegardLibre","https:\/\/www.linkedin.com\/company\/le-regard-libre","https:\/\/www.instagram.com\/leregardlibre\/","http:\/\/t.me\/leregardlibre","https:\/\/youtube.com\/channel\/UC6HzGPomj1LsUmlz-sJtITQ"],"description":"Le Regard Libre ist eine Schweizer Monatszeitschrift f\u00fcr intellektuelle und kulturelle Debatten. Seine Redaktion ist jung, ehrenamtlich, liberal und pluralistisch. Das Magazin erscheint online und in gedruckter Form. Seine Sprache ist Franz\u00f6sisch.","email":"redaction@leregardlibre.com","legalName":"Le Regard Libre","foundingDate":"2014-01-01","numberOfEmployees":{"@type":"QuantitativeValue","minValue":"11","maxValue":"50"},"publishingPrinciples":"https:\/\/leregardlibre.com\/a-propos\/notre-manifeste\/","ownershipFundingInfo":"https:\/\/leregardlibre.com\/mentions-legales\/","actionableFeedbackPolicy":"https:\/\/leregardlibre.com\/conditions-generales-de-vente\/"},{"@type":"Person","@id":"https:\/\/leregardlibre.com\/#\/schema\/person\/44629bb0ecb67ddea1fc4c5d4447095f","name":"Pablo S\u00e1nchez","image":{"@type":"ImageObject","inLanguage":"de","@id":"https:\/\/secure.gravatar.com\/avatar\/042ba7a969c76812b47949be3b376ebea3869c370353c327e7b19305a9698e65?s=96&d=identicon&r=g","url":"https:\/\/secure.gravatar.com\/avatar\/042ba7a969c76812b47949be3b376ebea3869c370353c327e7b19305a9698e65?s=96&d=identicon&r=g","contentUrl":"https:\/\/secure.gravatar.com\/avatar\/042ba7a969c76812b47949be3b376ebea3869c370353c327e7b19305a9698e65?s=96&d=identicon&r=g","caption":"Pablo S\u00e1nchez"},"url":"https:\/\/leregardlibre.com\/de\/author\/pablo-sanchez\/"}]}},"_links":{"self":[{"href":"https:\/\/leregardlibre.com\/de\/wp-json\/wp\/v2\/posts\/531712","targetHints":{"allow":["GET"]}}],"collection":[{"href":"https:\/\/leregardlibre.com\/de\/wp-json\/wp\/v2\/posts"}],"about":[{"href":"https:\/\/leregardlibre.com\/de\/wp-json\/wp\/v2\/types\/post"}],"author":[{"embeddable":true,"href":"https:\/\/leregardlibre.com\/de\/wp-json\/wp\/v2\/users\/735"}],"replies":[{"embeddable":true,"href":"https:\/\/leregardlibre.com\/de\/wp-json\/wp\/v2\/comments?post=531712"}],"version-history":[{"count":8,"href":"https:\/\/leregardlibre.com\/de\/wp-json\/wp\/v2\/posts\/531712\/revisions"}],"predecessor-version":[{"id":531746,"href":"https:\/\/leregardlibre.com\/de\/wp-json\/wp\/v2\/posts\/531712\/revisions\/531746"}],"wp:featuredmedia":[{"embeddable":true,"href":"https:\/\/leregardlibre.com\/de\/wp-json\/wp\/v2\/media\/531724"}],"wp:attachment":[{"href":"https:\/\/leregardlibre.com\/de\/wp-json\/wp\/v2\/media?parent=531712"}],"wp:term":[{"taxonomy":"category","embeddable":true,"href":"https:\/\/leregardlibre.com\/de\/wp-json\/wp\/v2\/categories?post=531712"},{"taxonomy":"post_tag","embeddable":true,"href":"https:\/\/leregardlibre.com\/de\/wp-json\/wp\/v2\/tags?post=531712"}],"curies":[{"name":"wp","href":"https:\/\/api.w.org\/{rel}","templated":true}]}}