{"id":531752,"date":"2026-03-18T18:38:28","date_gmt":"2026-03-18T17:38:28","guid":{"rendered":"https:\/\/leregardlibre.com\/?p=531752"},"modified":"2026-03-19T12:18:29","modified_gmt":"2026-03-19T11:18:29","slug":"freie-unternehmer","status":"publish","type":"post","link":"https:\/\/leregardlibre.com\/de\/wirtschaft\/freie-unternehmer\/","title":{"rendered":"Unternehmer sind freiere Menschen"},"content":{"rendered":"<p class=\"has-drop-cap\"><strong>Unternehmer sehen die Welt mit anderen Augen. Eine Liebeserkl\u00e4rung an eine sch\u00fctzenswerte Minderheit aus der Sicht eines Medienprofis.<\/strong><\/p>\n\n\n\n<!--more-->\n\n\n\n<p>Einer der Vorteile des Lebens als Journalist ist es, viele interessante Menschen zu treffen. Viele von ihnen sind Pers\u00f6nlichkeiten: Pr\u00e4sidenten, Unternehmer, Politiker oder Sportler. Als junger Journalist habe ich schon fr\u00fch zwei Dinge festgestellt. Erstens: Personen und damit auch meine Artikel werden nicht automatisch interessanter, wenn meine Gespr\u00e4chspartner ber\u00fchmt sind. Oft ist das Gegenteil der Fall. Zweitens: Die Begegnungen, die mich am meisten beeindruckt haben, waren fast immer die mit Unternehmern. Das hat sich bis heute nicht ge\u00e4ndert.&nbsp;<\/p>\n\n\n\n<h2 class=\"wp-block-heading\" id=\"h-une-conversation-d-egal-a-egal\">Ein Gespr\u00e4ch von Gleich zu Gleich<\/h2>\n\n\n\n<p>Ich erinnere mich an meinen allerersten Auftrag als freie Mitarbeiterin f\u00fcr die <em>Basler Zeitung<\/em>. Ich war zu einer eher n\u00fcchternen Veranstaltung geschickt worden, die von einem Verband junger Bauunternehmer organisiert worden war. In dem ebenso n\u00fcchternen Ausstellungsviertel der Stadt hatten sich Maurer, Maler, Gipser, Klempner und andere Baufachleute zu einem informellen Austausch versammelt.<\/p>\n\n\n\n<p>Alle leiteten ihr eigenes KMU. Als Redner hatten sie den Besitzer einer chemischen Fabrik in Graub\u00fcnden eingeladen: Christoph Blocher, damals Nationalrat und CEO von Ems-Chemie. Damals hatte ich eine kritischere Meinung von ihm als heute. An jenem Abend sprach er jedoch \u00fcber Wirtschaft - und in diesem Bereich war er eine Autorit\u00e4t. Selbst seine Gegner bestritten das nicht.&nbsp;<\/p>\n\n\n\n<p>Was mich an diesem Abend beeindruckte, waren nicht die \u00e4usseren Zeichen des Erfolgs, wie der selbstbewusst auf dem B\u00fcrgersteig geparkte Audi A8 mit Chauffeur, mit dem er an diesem Tag aus Bern angereist war.&nbsp;<\/p>\n\n\n\n<p>Ich war mehr von der Zeit beeindruckt, die er den jungen Basler Unternehmern widmete, von seiner Neugier und seiner Verf\u00fcgbarkeit. Er hielt seine Rede bewusst kurz, um mehr Zeit f\u00fcr pers\u00f6nliche Gespr\u00e4che zu haben. Er selbst war erfolgreich und extrem reich; die anderen weder das eine noch das andere. Weder der Altersunterschied noch die Tatsache, dass sie in v\u00f6llig unterschiedlichen Branchen arbeiteten \u2013 der eine global, die anderen regional \u2013 schienen eine Rolle zu spielen. Trotz all ihrer Unterschiede diskutierten sie gewissermassen auf Augenh\u00f6he, von Unternehmer zu Unternehmer.<\/p>\n\n\n\n<h2 class=\"wp-block-heading\" id=\"h-cadres-superieurs\">Leitende Angestellte<\/h2>\n\n\n\n<p>Aus Sicht der Medienschaffenden sind auch die Unterschiede zwischen echten Unternehmern, die mit ihrem eigenen Geld Risiken eingehen, und Managern \u2013 d. h. F\u00fchrungskr\u00e4ften im oberen Lohnsegment \u2013 interessant, wenn nicht sogar auff\u00e4llig. Von aussen betrachtet scheinen sie vielleicht in der gleichen Kategorie zu spielen, <a href=\"https:\/\/leregardlibre.com\/de\/wirtschaft\/metier-de-reve-employe\/\">wie die Strassenumfragen unter Jugendlichen durch den <em>Schweizer Monat<\/em> und <em>Le Regard Libre<\/em><\/a>. Viele Menschen setzen Unternehmer mit Managern gleich. Zu Unrecht.&nbsp;<\/p>\n\n\n\n<p>Manager \u2013 selbst CEOs und Vorstandsvorsitzende multinationaler Konzerne \u2013 befinden sich in einem m\u00e4chtigen Getriebe aus internen und externen Interessengruppen, die es zu ber\u00fccksichtigen gilt. Dies wirkt sich zwangsl\u00e4ufig auf ihr Verhalten aus.<\/p>\n\n\n\n<p>Angestellte Manager \u00e4ussern sich daher vorsichtiger, wobei sie stets darauf achten, niemanden zu br\u00fcskieren. H\u00e4ufig verwenden sie nach einer relativ schlagkr\u00e4ftigen Aussage die n\u00e4chsten drei S\u00e4tze, um sie sofort abzuschw\u00e4chen. Sie relativieren, formulieren zweideutig, verw\u00e4ssern und lassen keine Gelegenheit aus, die ausgekl\u00fcgelten Slogans ihrer Marketingabteilungen in das Gespr\u00e4ch einzubringen. Unterst\u00fctzt werden sie oft von (fast immer weiblichen) Pressesprechern, die auf jedes Wort achten und den Chef (oder den Journalisten) gegebenenfalls zur Ordnung rufen.&nbsp;<\/p>\n\n\n\n<p>Es sind auch die Pressesprecher, die den Journalisten eine zuvor erstellte Liste mit Fragen geben und den Rahmen f\u00fcr das Gespr\u00e4ch mithilfe einer Negativliste abstecken, d. h. mit Themen, \u00fcber die nicht gesprochen werden soll.<\/p>\n\n\n\n<p>Sowohl Topmanager als auch Journalisten halten sich an die Regeln dieser \u00abUnternehmenszensur\u00bb. Bei Unternehmern habe ich das noch nie beobachtet. All dies hat seine Gr\u00fcnde, die ich sehr gut verstehen kann. Es ist offensichtlich, dass es in grossen Unternehmen wichtigere Dinge gibt als die Beobachtungen eines Journalisten. Was ich damit sagen will, ist, dass diese Zw\u00e4nge nicht automatisch jede hochrangige F\u00fchrungskraft zu einem wichtigen Gespr\u00e4chspartner machen.&nbsp;<\/p>\n\n\n\n<h2 class=\"wp-block-heading\" id=\"h-nonchalance-decontractee\">L\u00e4ssige Nonchalance<\/h2>\n\n\n\n<p>Firmeninhaber hingegen sind von einem anderen Typus. Sie wirken entspannter, souver\u00e4ner, pr\u00e4gnanter, oft auch wagemutiger, getragen von einer l\u00e4ssigen Nonchalance, die man bei den oft genormt wirkenden Managern nicht findet. Nat\u00fcrlich sind auch Unternehmer nicht v\u00f6llig frei. Auch sie sind Zw\u00e4ngen unterworfen und m\u00fcssen R\u00fccksicht nehmen. Allerdings k\u00fcmmern sie sich deutlich weniger um Konventionen, haben sogar etwas Rebellisches an sich und handeln besonnener als viele ihrer Managerkollegen - Stichwort Gehaltsexzesse. Unternehmer gehen vielmehr ihren eigenen Weg. Sie versuchen nicht krampfhaft, sich in ein System \u00abeinzuf\u00fcgen\u00bb, sondern heben sich angenehm von der Masse ab \u2013 bewusst oder unbewusst.<\/p>\n\n\n\n<p>Unternehmer sehen die Welt mit anderen Augen. Ihre Sinne sind wacher, sie sind Tr\u00e4umer, sie denken in Kategorien des Potenzials und nicht des Erreichten. Sie wollen gestalten und nicht nur verwalten, wie es so viele Manager, Auswanderer oder Diplomaten tun, die es sich in dem ihnen anvertrauten Kokon bequem gemacht haben und vor allem darauf achten, nicht aufzufallen, wenn schon nicht \u00fcberm\u00e4ssig positiv, dann zumindest nicht negativ. Unternehmer sind unauff\u00e4llige Macher, T\u00fcftler oder Sch\u00f6pfer, die oft ihrer Zeit voraus sind und an ihrem n\u00e4chsten grossen Projekt arbeiten. Und vor allem sind sie vielleicht die interessantesten Gespr\u00e4chspartner, die es gibt.<\/p>\n\n\n\n<h2 class=\"wp-block-heading\" id=\"h-pas-de-prosperite-sans-entrepreneurs\">Kein Wohlstand ohne Unternehmer<\/h2>\n\n\n\n<p>Die Schweiz hat ein Interesse daran, zu ihren Unternehmern Sorge zu tragen. Mit ihrer Innovationskraft und Leistungsf\u00e4higkeit halten sie die Schweiz wettbewerbsf\u00e4hig, finanzieren den Staat auf allen Ebenen und schaffen zu einem grossen Teil Arbeitspl\u00e4tze und damit Wohlstand. Man kann also nie genug von ihnen haben. Den Schweizern kann es nur gut gehen, wenn es auch den Unternehmern gut geht. Es gibt kein wohlhabendes Land, in dem es den Unternehmern nicht gut geht.<\/p>\n\n\n\n<p>Die Schweizerinnen und Schweizer wissen das sehr wohl, mit Ausnahme der politischen Linken mit ihrer Klassenkampfrhetorik und ihrer Propaganda gegen \u00abdie Reichen\u00bb. Im Rahmen des Projekts <a href=\"https:\/\/leregardlibre.com\/de\/ee\/\">\u00abUnternehmerischer Geist\u00bb<\/a>, In zahlreichen Gespr\u00e4chen mit Unternehmern haben sich zwei Konstanten f\u00fcr die Schweiz herauskristallisiert. Die gute Nachricht zuerst: Die Schweiz bietet nach wie vor gute Rahmenbedingungen f\u00fcr das Unternehmertum.<\/p>\n\n\n\n<p>Der Unternehmergeist ist in unserem Land nach wie vor stark ausgepr\u00e4gt. Dies best\u00e4tigt auch die Studie \u00abGEM Switzerland National Report\u00bb, die Ende Januar von der Hochschule f\u00fcr Wirtschaft Freiburg ver\u00f6ffentlicht wurde. Demnach lag der Anteil der \u2019unternehmerischen Aktivit\u00e4t in der Gr\u00fcndungsphase\u00ab, d. h. von Unternehmen, die seit weniger als dreieinhalb Jahren existieren, im Jahr 2024 stabil bei knapp 10% der Erwerbsbev\u00f6lkerung.<\/p>\n\n\n\n<p>Laut derselben Studie gaben 2024 auch rund 56,2% der Befragten an, jemanden zu kennen, der ein eigenes Unternehmen gegr\u00fcndet hat, w\u00e4hrend es 2020 nur 44,6% waren. Diese Ergebnisse deuten darauf hin, dass das Unternehmertum in der Schweiz an Sichtbarkeit gewinnt, was ermutigend ist.<\/p>\n\n\n\n<h2 class=\"wp-block-heading\" id=\"h-la-suisse-doit-agir-de-toute-urgence\">Die Schweiz muss dringend handeln<\/h2>\n\n\n\n<p>Die Schweiz bietet viele Vorteile. Die Bev\u00f6lkerung ist gut ausgebildet und fleissig, die Infrastruktur entspricht der eines hochleistungsf\u00e4higen Landes, die Steuern sind moderat, der Arbeitsmarkt ist liberal und die Vorschriften sind unternehmensfreundlicher als anderswo. Dennoch ist auch hier Vorsicht geboten. Mehr noch: Verbesserungen sind unerl\u00e4sslich, denn nichts ist f\u00fcr ein Land oder ein Unternehmen gef\u00e4hrlicher als Selbstgef\u00e4lligkeit.<\/p>\n\n\n\n<p>Damit kommen wir zu den schlechten Nachrichten. Ausgerechnet in der reichen Schweiz fehlt es an Risikokapital und risikobereiten Investoren. Das hat fatale und weit reichende Folgen: Ambitionierte, kapitalintensive und besonders riskante Ideen haben es in der Schweiz schwer. Sie werden entweder selten oder nie realisiert oder direkt im Ausland umgesetzt. Grossbritannien und die USA nehmen hier die Pole-Position ein.<\/p>\n\n\n\n<p>Dieser unsichtbare \u00abBrain Drain\u00bb sollte auf der politischen B\u00fchne angegangen werden. Was sollte konkret getan werden? Eine Steuerbefreiung f\u00fcr Investitionen in Risikokapital wie in Grossbritannien w\u00e4re ein guter Anfang. W\u00e4hrend diese Investitionen in der Schweiz zum Verm\u00f6gen gez\u00e4hlt und entsprechend besteuert werden, kann Risikokapital in Grossbritannien vom Einkommen abgezogen werden. Interessant ist auch ein Blick auf die USA: Dort d\u00fcrfen Pensionskassen in Risikokapitalfonds investieren, was Start-ups zus\u00e4tzliche Liquidit\u00e4t verschafft. Ausserdem muss der Unternehmergeist im Bildungswesen gef\u00f6rdert werden, damit die Bev\u00f6lkerung das Wissen und das Vertrauen erwirbt, das f\u00fcr eine selbstst\u00e4ndige T\u00e4tigkeit erforderlich ist. Fall folgt.<\/p>\n\n\n\n<p><em>Der Journalist <strong>Fabian Gull<\/strong> ist Redakteur beim <\/em>Schweizer Monat<em>.<\/em><\/p>\n\n\n\n<h6 class=\"wp-block-heading\" id=\"h-vous-venez-de-lire-un-article-en-libre-acces-tire-de-notre-edition-papier-le-regard-libre-hors-serie-n-7-debats-analyses-actualites-culturelles-nbsp-abonnez-vous-nbsp-a-notre-media-de-reflexion-pour-nous-soutenir-et-avoir-acces-a-tous-nos-contenus\">Sie haben gerade einen frei zug\u00e4nglichen Artikel aus unserer Printausgabe gelesen (<a href=\"https:\/\/leregardlibre.com\/de\/cpt-editions\/le-regard-libre-hors-serie-n7-bereit-dein-unternehmen-zu-grunden\/\"><em>Le Regard Libre<\/em> Sonderausgabe Nr. 7<\/a>). Debatten, Analysen, Kulturnachrichten:&nbsp;<a href=\"https:\/\/leregardlibre.com\/de\/abonnement\/\">abonnieren Sie<\/a>&nbsp;zu unserem Reflexionsmedium, um uns zu unterst\u00fctzen und Zugang zu all unseren Inhalten zu erhalten.<\/h6>","protected":false},"excerpt":{"rendered":"<p>Les entrepreneurs voient le monde d&#8217;un autre \u0153il. Une d\u00e9claration d&#8217;amour \u00e0 une minorit\u00e9 qui m\u00e9rite d&#8217;\u00eatre prot\u00e9g\u00e9e, vue par un professionnel des m\u00e9dias.<\/p>","protected":false},"author":1063,"featured_media":531754,"comment_status":"open","ping_status":"closed","sticky":false,"template":"","format":"standard","meta":{"_acf_changed":false,"footnotes":""},"categories":[27371],"tags":[644358514,12586,644358437],"class_list":["post-531752","post","type-post","status-publish","format-standard","has-post-thumbnail","hentry","category-economie","tag-dossier-entreprise","tag-entrepreneur","tag-esprit-entrepreneurial"],"acf":[],"yoast_head":"<!-- This site is optimized with the Yoast SEO Premium plugin v27.4 (Yoast SEO v27.4) - https:\/\/yoast.com\/product\/yoast-seo-premium-wordpress\/ -->\n<title>Les entrepreneurs sont des personnes plus libres<\/title>\n<meta name=\"description\" content=\"Les entrepreneurs voient le monde d\u2019un autre \u0153il. D\u00e9claration d\u2019amour d\u2019un journaliste \u00e0 une minorit\u00e9 qui m\u00e9rite d&#039;\u00eatre prot\u00e9g\u00e9e.\" \/>\n<meta name=\"robots\" content=\"index, follow, max-snippet:-1, max-image-preview:large, max-video-preview:-1\" \/>\n<link rel=\"canonical\" href=\"https:\/\/leregardlibre.com\/de\/wirtschaft\/freie-unternehmer\/\" \/>\n<meta property=\"og:locale\" content=\"de_DE\" \/>\n<meta property=\"og:type\" content=\"article\" \/>\n<meta property=\"og:title\" content=\"Les entrepreneurs sont des personnes plus libres\" \/>\n<meta property=\"og:description\" content=\"Les entrepreneurs voient le monde d\u2019un autre \u0153il. D\u00e9claration d\u2019amour d\u2019un journaliste \u00e0 une minorit\u00e9 qui m\u00e9rite d&#039;\u00eatre prot\u00e9g\u00e9e.\" \/>\n<meta property=\"og:url\" content=\"https:\/\/leregardlibre.com\/de\/wirtschaft\/freie-unternehmer\/\" \/>\n<meta property=\"og:site_name\" content=\"Le Regard Libre\" \/>\n<meta property=\"article:publisher\" content=\"https:\/\/www.facebook.com\/leregardlibre\/\" \/>\n<meta property=\"article:published_time\" content=\"2026-03-18T17:38:28+00:00\" \/>\n<meta property=\"article:modified_time\" content=\"2026-03-19T11:18:29+00:00\" \/>\n<meta property=\"og:image\" content=\"https:\/\/leregardlibre.com\/wp-content\/uploads\/2026\/03\/fabian-gull-fotografiert-von-selina-seiler-noir-et-blanc-scaled-e1773680614118.png\" \/>\n\t<meta property=\"og:image:width\" content=\"1707\" \/>\n\t<meta property=\"og:image:height\" content=\"1270\" \/>\n\t<meta property=\"og:image:type\" content=\"image\/png\" \/>\n<meta name=\"author\" content=\"Fabian Gull\" \/>\n<meta name=\"twitter:card\" content=\"summary_large_image\" \/>\n<meta name=\"twitter:creator\" content=\"@LeRegardLibre\" \/>\n<meta name=\"twitter:site\" content=\"@LeRegardLibre\" \/>\n<meta name=\"twitter:label1\" content=\"Verfasst von\" \/>\n\t<meta name=\"twitter:data1\" content=\"Fabian Gull\" \/>\n\t<meta name=\"twitter:label2\" content=\"Gesch\u00e4tzte Lesezeit\" \/>\n\t<meta name=\"twitter:data2\" content=\"8\u00a0Minuten\" \/>\n<script type=\"application\/ld+json\" class=\"yoast-schema-graph\">{\"@context\":\"https:\\\/\\\/schema.org\",\"@graph\":[{\"@type\":\"Article\",\"@id\":\"https:\\\/\\\/leregardlibre.com\\\/economie\\\/entrepreneurs-libres\\\/#article\",\"isPartOf\":{\"@id\":\"https:\\\/\\\/leregardlibre.com\\\/economie\\\/entrepreneurs-libres\\\/\"},\"author\":{\"name\":\"Fabian Gull\",\"@id\":\"https:\\\/\\\/leregardlibre.com\\\/#\\\/schema\\\/person\\\/a22e2ebe2f74ed8c90931d5c8fb9b281\"},\"headline\":\"Les entrepreneurs sont des personnes plus libres\",\"datePublished\":\"2026-03-18T17:38:28+00:00\",\"dateModified\":\"2026-03-19T11:18:29+00:00\",\"mainEntityOfPage\":{\"@id\":\"https:\\\/\\\/leregardlibre.com\\\/economie\\\/entrepreneurs-libres\\\/\"},\"wordCount\":1721,\"commentCount\":0,\"publisher\":{\"@id\":\"https:\\\/\\\/leregardlibre.com\\\/#organization\"},\"image\":{\"@id\":\"https:\\\/\\\/leregardlibre.com\\\/economie\\\/entrepreneurs-libres\\\/#primaryimage\"},\"thumbnailUrl\":\"https:\\\/\\\/leregardlibre.com\\\/wp-content\\\/uploads\\\/2026\\\/03\\\/fabian-gull-fotografiert-von-selina-seiler-noir-et-blanc-scaled-e1773680614118.png\",\"keywords\":[\"Dossier ENTREPRISE\",\"Entrepreneuriat\",\"Esprit entrepreneurial\"],\"articleSection\":[\"Economie\"],\"inLanguage\":\"de\",\"potentialAction\":[{\"@type\":\"CommentAction\",\"name\":\"Comment\",\"target\":[\"https:\\\/\\\/leregardlibre.com\\\/economie\\\/entrepreneurs-libres\\\/#respond\"]}]},{\"@type\":\"WebPage\",\"@id\":\"https:\\\/\\\/leregardlibre.com\\\/economie\\\/entrepreneurs-libres\\\/\",\"url\":\"https:\\\/\\\/leregardlibre.com\\\/economie\\\/entrepreneurs-libres\\\/\",\"name\":\"Les entrepreneurs sont des personnes plus libres\",\"isPartOf\":{\"@id\":\"https:\\\/\\\/leregardlibre.com\\\/#website\"},\"primaryImageOfPage\":{\"@id\":\"https:\\\/\\\/leregardlibre.com\\\/economie\\\/entrepreneurs-libres\\\/#primaryimage\"},\"image\":{\"@id\":\"https:\\\/\\\/leregardlibre.com\\\/economie\\\/entrepreneurs-libres\\\/#primaryimage\"},\"thumbnailUrl\":\"https:\\\/\\\/leregardlibre.com\\\/wp-content\\\/uploads\\\/2026\\\/03\\\/fabian-gull-fotografiert-von-selina-seiler-noir-et-blanc-scaled-e1773680614118.png\",\"datePublished\":\"2026-03-18T17:38:28+00:00\",\"dateModified\":\"2026-03-19T11:18:29+00:00\",\"description\":\"Les entrepreneurs voient le monde d\u2019un autre \u0153il. D\u00e9claration d\u2019amour d\u2019un journaliste \u00e0 une minorit\u00e9 qui m\u00e9rite d'\u00eatre prot\u00e9g\u00e9e.\",\"breadcrumb\":{\"@id\":\"https:\\\/\\\/leregardlibre.com\\\/economie\\\/entrepreneurs-libres\\\/#breadcrumb\"},\"inLanguage\":\"de\",\"potentialAction\":[{\"@type\":\"ReadAction\",\"target\":[\"https:\\\/\\\/leregardlibre.com\\\/economie\\\/entrepreneurs-libres\\\/\"]}]},{\"@type\":\"ImageObject\",\"inLanguage\":\"de\",\"@id\":\"https:\\\/\\\/leregardlibre.com\\\/economie\\\/entrepreneurs-libres\\\/#primaryimage\",\"url\":\"https:\\\/\\\/leregardlibre.com\\\/wp-content\\\/uploads\\\/2026\\\/03\\\/fabian-gull-fotografiert-von-selina-seiler-noir-et-blanc-scaled-e1773680614118.png\",\"contentUrl\":\"https:\\\/\\\/leregardlibre.com\\\/wp-content\\\/uploads\\\/2026\\\/03\\\/fabian-gull-fotografiert-von-selina-seiler-noir-et-blanc-scaled-e1773680614118.png\",\"width\":1707,\"height\":1270},{\"@type\":\"BreadcrumbList\",\"@id\":\"https:\\\/\\\/leregardlibre.com\\\/economie\\\/entrepreneurs-libres\\\/#breadcrumb\",\"itemListElement\":[{\"@type\":\"ListItem\",\"position\":1,\"name\":\"Accueil\",\"item\":\"https:\\\/\\\/leregardlibre.com\\\/\"},{\"@type\":\"ListItem\",\"position\":2,\"name\":\"Les entrepreneurs sont des personnes plus libres\"}]},{\"@type\":\"WebSite\",\"@id\":\"https:\\\/\\\/leregardlibre.com\\\/#website\",\"url\":\"https:\\\/\\\/leregardlibre.com\\\/\",\"name\":\"Le Regard Libre\",\"description\":\"Premier mensuel suisse de d\u00e9bat\",\"publisher\":{\"@id\":\"https:\\\/\\\/leregardlibre.com\\\/#organization\"},\"potentialAction\":[{\"@type\":\"SearchAction\",\"target\":{\"@type\":\"EntryPoint\",\"urlTemplate\":\"https:\\\/\\\/leregardlibre.com\\\/?s={search_term_string}\"},\"query-input\":{\"@type\":\"PropertyValueSpecification\",\"valueRequired\":true,\"valueName\":\"search_term_string\"}}],\"inLanguage\":\"de\"},{\"@type\":\"Organization\",\"@id\":\"https:\\\/\\\/leregardlibre.com\\\/#organization\",\"name\":\"Le Regard Libre\",\"url\":\"https:\\\/\\\/leregardlibre.com\\\/\",\"logo\":{\"@type\":\"ImageObject\",\"inLanguage\":\"de\",\"@id\":\"https:\\\/\\\/leregardlibre.com\\\/#\\\/schema\\\/logo\\\/image\\\/\",\"url\":\"https:\\\/\\\/leregardlibre.com\\\/wp-content\\\/uploads\\\/2025\\\/08\\\/logo-rl-icone-neg.jpeg\",\"contentUrl\":\"https:\\\/\\\/leregardlibre.com\\\/wp-content\\\/uploads\\\/2025\\\/08\\\/logo-rl-icone-neg.jpeg\",\"width\":557,\"height\":556,\"caption\":\"Le Regard Libre\"},\"image\":{\"@id\":\"https:\\\/\\\/leregardlibre.com\\\/#\\\/schema\\\/logo\\\/image\\\/\"},\"sameAs\":[\"https:\\\/\\\/www.facebook.com\\\/leregardlibre\\\/\",\"https:\\\/\\\/x.com\\\/LeRegardLibre\",\"https:\\\/\\\/www.linkedin.com\\\/company\\\/le-regard-libre\",\"https:\\\/\\\/www.instagram.com\\\/leregardlibre\\\/\",\"http:\\\/\\\/t.me\\\/leregardlibre\",\"https:\\\/\\\/youtube.com\\\/channel\\\/UC6HzGPomj1LsUmlz-sJtITQ\"],\"description\":\"Le Regard Libre est un mensuel suisse de d\u00e9bat intellectuel et culturel. Sa r\u00e9daction est jeune, b\u00e9n\u00e9vole, lib\u00e9rale et pluraliste. Le magazine para\u00eet en ligne et sous forme papier. Sa langue est le fran\u00e7ais.\",\"email\":\"redaction@leregardlibre.com\",\"legalName\":\"Le Regard Libre\",\"foundingDate\":\"2014-01-01\",\"numberOfEmployees\":{\"@type\":\"QuantitativeValue\",\"minValue\":\"11\",\"maxValue\":\"50\"},\"publishingPrinciples\":\"https:\\\/\\\/leregardlibre.com\\\/a-propos\\\/notre-manifeste\\\/\",\"ownershipFundingInfo\":\"https:\\\/\\\/leregardlibre.com\\\/mentions-legales\\\/\",\"actionableFeedbackPolicy\":\"https:\\\/\\\/leregardlibre.com\\\/conditions-generales-de-vente\\\/\"},{\"@type\":\"Person\",\"@id\":\"https:\\\/\\\/leregardlibre.com\\\/#\\\/schema\\\/person\\\/a22e2ebe2f74ed8c90931d5c8fb9b281\",\"name\":\"Fabian Gull\",\"image\":{\"@type\":\"ImageObject\",\"inLanguage\":\"de\",\"@id\":\"https:\\\/\\\/secure.gravatar.com\\\/avatar\\\/170a5fdfa98d2eb6902f1ee7c6ff75a96906eb96d906f2eb7c3f76248020cdb2?s=96&d=identicon&r=g\",\"url\":\"https:\\\/\\\/secure.gravatar.com\\\/avatar\\\/170a5fdfa98d2eb6902f1ee7c6ff75a96906eb96d906f2eb7c3f76248020cdb2?s=96&d=identicon&r=g\",\"contentUrl\":\"https:\\\/\\\/secure.gravatar.com\\\/avatar\\\/170a5fdfa98d2eb6902f1ee7c6ff75a96906eb96d906f2eb7c3f76248020cdb2?s=96&d=identicon&r=g\",\"caption\":\"Fabian Gull\"},\"description\":\"Le journaliste Fabian\u00a0Gull est r\u00e9dacteur au \u00abSchweizer Monat\u00bb.\",\"url\":\"https:\\\/\\\/leregardlibre.com\\\/de\\\/author\\\/fabian-gull\\\/\"}]}<\/script>\n<!-- \/ Yoast SEO Premium plugin. -->","yoast_head_json":{"title":"Unternehmer sind freiere Menschen","description":"Unternehmer sehen die Welt mit anderen Augen. Liebeserkl\u00e4rung eines Journalisten an eine Minderheit, die es verdient, gesch\u00fctzt zu werden.","robots":{"index":"index","follow":"follow","max-snippet":"max-snippet:-1","max-image-preview":"max-image-preview:large","max-video-preview":"max-video-preview:-1"},"canonical":"https:\/\/leregardlibre.com\/de\/wirtschaft\/freie-unternehmer\/","og_locale":"de_DE","og_type":"article","og_title":"Les entrepreneurs sont des personnes plus libres","og_description":"Les entrepreneurs voient le monde d\u2019un autre \u0153il. D\u00e9claration d\u2019amour d\u2019un journaliste \u00e0 une minorit\u00e9 qui m\u00e9rite d'\u00eatre prot\u00e9g\u00e9e.","og_url":"https:\/\/leregardlibre.com\/de\/wirtschaft\/freie-unternehmer\/","og_site_name":"Le Regard Libre","article_publisher":"https:\/\/www.facebook.com\/leregardlibre\/","article_published_time":"2026-03-18T17:38:28+00:00","article_modified_time":"2026-03-19T11:18:29+00:00","og_image":[{"width":1707,"height":1270,"url":"https:\/\/leregardlibre.com\/wp-content\/uploads\/2026\/03\/fabian-gull-fotografiert-von-selina-seiler-noir-et-blanc-scaled-e1773680614118.png","type":"image\/png"}],"author":"Fabian Gull","twitter_card":"summary_large_image","twitter_creator":"@LeRegardLibre","twitter_site":"@LeRegardLibre","twitter_misc":{"Verfasst von":"Fabian Gull","Gesch\u00e4tzte Lesezeit":"8\u00a0Minuten"},"schema":{"@context":"https:\/\/schema.org","@graph":[{"@type":"Article","@id":"https:\/\/leregardlibre.com\/economie\/entrepreneurs-libres\/#article","isPartOf":{"@id":"https:\/\/leregardlibre.com\/economie\/entrepreneurs-libres\/"},"author":{"name":"Fabian Gull","@id":"https:\/\/leregardlibre.com\/#\/schema\/person\/a22e2ebe2f74ed8c90931d5c8fb9b281"},"headline":"Les entrepreneurs sont des personnes plus libres","datePublished":"2026-03-18T17:38:28+00:00","dateModified":"2026-03-19T11:18:29+00:00","mainEntityOfPage":{"@id":"https:\/\/leregardlibre.com\/economie\/entrepreneurs-libres\/"},"wordCount":1721,"commentCount":0,"publisher":{"@id":"https:\/\/leregardlibre.com\/#organization"},"image":{"@id":"https:\/\/leregardlibre.com\/economie\/entrepreneurs-libres\/#primaryimage"},"thumbnailUrl":"https:\/\/leregardlibre.com\/wp-content\/uploads\/2026\/03\/fabian-gull-fotografiert-von-selina-seiler-noir-et-blanc-scaled-e1773680614118.png","keywords":["Dossier ENTREPRISE","Entrepreneuriat","Esprit entrepreneurial"],"articleSection":["Economie"],"inLanguage":"de","potentialAction":[{"@type":"CommentAction","name":"Comment","target":["https:\/\/leregardlibre.com\/economie\/entrepreneurs-libres\/#respond"]}]},{"@type":"WebPage","@id":"https:\/\/leregardlibre.com\/economie\/entrepreneurs-libres\/","url":"https:\/\/leregardlibre.com\/economie\/entrepreneurs-libres\/","name":"Unternehmer sind freiere Menschen","isPartOf":{"@id":"https:\/\/leregardlibre.com\/#website"},"primaryImageOfPage":{"@id":"https:\/\/leregardlibre.com\/economie\/entrepreneurs-libres\/#primaryimage"},"image":{"@id":"https:\/\/leregardlibre.com\/economie\/entrepreneurs-libres\/#primaryimage"},"thumbnailUrl":"https:\/\/leregardlibre.com\/wp-content\/uploads\/2026\/03\/fabian-gull-fotografiert-von-selina-seiler-noir-et-blanc-scaled-e1773680614118.png","datePublished":"2026-03-18T17:38:28+00:00","dateModified":"2026-03-19T11:18:29+00:00","description":"Unternehmer sehen die Welt mit anderen Augen. Liebeserkl\u00e4rung eines Journalisten an eine Minderheit, die es verdient, gesch\u00fctzt zu werden.","breadcrumb":{"@id":"https:\/\/leregardlibre.com\/economie\/entrepreneurs-libres\/#breadcrumb"},"inLanguage":"de","potentialAction":[{"@type":"ReadAction","target":["https:\/\/leregardlibre.com\/economie\/entrepreneurs-libres\/"]}]},{"@type":"ImageObject","inLanguage":"de","@id":"https:\/\/leregardlibre.com\/economie\/entrepreneurs-libres\/#primaryimage","url":"https:\/\/leregardlibre.com\/wp-content\/uploads\/2026\/03\/fabian-gull-fotografiert-von-selina-seiler-noir-et-blanc-scaled-e1773680614118.png","contentUrl":"https:\/\/leregardlibre.com\/wp-content\/uploads\/2026\/03\/fabian-gull-fotografiert-von-selina-seiler-noir-et-blanc-scaled-e1773680614118.png","width":1707,"height":1270},{"@type":"BreadcrumbList","@id":"https:\/\/leregardlibre.com\/economie\/entrepreneurs-libres\/#breadcrumb","itemListElement":[{"@type":"ListItem","position":1,"name":"Accueil","item":"https:\/\/leregardlibre.com\/"},{"@type":"ListItem","position":2,"name":"Les entrepreneurs sont des personnes plus libres"}]},{"@type":"WebSite","@id":"https:\/\/leregardlibre.com\/#website","url":"https:\/\/leregardlibre.com\/","name":"Le Regard Libre","description":"Erste Schweizer Monatszeitschrift f\u00fcr Debatten","publisher":{"@id":"https:\/\/leregardlibre.com\/#organization"},"potentialAction":[{"@type":"SearchAction","target":{"@type":"EntryPoint","urlTemplate":"https:\/\/leregardlibre.com\/?s={search_term_string}"},"query-input":{"@type":"PropertyValueSpecification","valueRequired":true,"valueName":"search_term_string"}}],"inLanguage":"de"},{"@type":"Organization","@id":"https:\/\/leregardlibre.com\/#organization","name":"Le Regard Libre","url":"https:\/\/leregardlibre.com\/","logo":{"@type":"ImageObject","inLanguage":"de","@id":"https:\/\/leregardlibre.com\/#\/schema\/logo\/image\/","url":"https:\/\/leregardlibre.com\/wp-content\/uploads\/2025\/08\/logo-rl-icone-neg.jpeg","contentUrl":"https:\/\/leregardlibre.com\/wp-content\/uploads\/2025\/08\/logo-rl-icone-neg.jpeg","width":557,"height":556,"caption":"Le Regard Libre"},"image":{"@id":"https:\/\/leregardlibre.com\/#\/schema\/logo\/image\/"},"sameAs":["https:\/\/www.facebook.com\/leregardlibre\/","https:\/\/x.com\/LeRegardLibre","https:\/\/www.linkedin.com\/company\/le-regard-libre","https:\/\/www.instagram.com\/leregardlibre\/","http:\/\/t.me\/leregardlibre","https:\/\/youtube.com\/channel\/UC6HzGPomj1LsUmlz-sJtITQ"],"description":"Le Regard Libre ist eine Schweizer Monatszeitschrift f\u00fcr intellektuelle und kulturelle Debatten. Seine Redaktion ist jung, ehrenamtlich, liberal und pluralistisch. Das Magazin erscheint online und in gedruckter Form. Seine Sprache ist Franz\u00f6sisch.","email":"redaction@leregardlibre.com","legalName":"Le Regard Libre","foundingDate":"2014-01-01","numberOfEmployees":{"@type":"QuantitativeValue","minValue":"11","maxValue":"50"},"publishingPrinciples":"https:\/\/leregardlibre.com\/a-propos\/notre-manifeste\/","ownershipFundingInfo":"https:\/\/leregardlibre.com\/mentions-legales\/","actionableFeedbackPolicy":"https:\/\/leregardlibre.com\/conditions-generales-de-vente\/"},{"@type":"Person","@id":"https:\/\/leregardlibre.com\/#\/schema\/person\/a22e2ebe2f74ed8c90931d5c8fb9b281","name":"Fabian Gull","image":{"@type":"ImageObject","inLanguage":"de","@id":"https:\/\/secure.gravatar.com\/avatar\/170a5fdfa98d2eb6902f1ee7c6ff75a96906eb96d906f2eb7c3f76248020cdb2?s=96&d=identicon&r=g","url":"https:\/\/secure.gravatar.com\/avatar\/170a5fdfa98d2eb6902f1ee7c6ff75a96906eb96d906f2eb7c3f76248020cdb2?s=96&d=identicon&r=g","contentUrl":"https:\/\/secure.gravatar.com\/avatar\/170a5fdfa98d2eb6902f1ee7c6ff75a96906eb96d906f2eb7c3f76248020cdb2?s=96&d=identicon&r=g","caption":"Fabian Gull"},"description":"Der Journalist Fabian Gull ist Redaktor beim \u00abSchweizer Monat\u00bb.","url":"https:\/\/leregardlibre.com\/de\/author\/fabian-gull\/"}]}},"_links":{"self":[{"href":"https:\/\/leregardlibre.com\/de\/wp-json\/wp\/v2\/posts\/531752","targetHints":{"allow":["GET"]}}],"collection":[{"href":"https:\/\/leregardlibre.com\/de\/wp-json\/wp\/v2\/posts"}],"about":[{"href":"https:\/\/leregardlibre.com\/de\/wp-json\/wp\/v2\/types\/post"}],"author":[{"embeddable":true,"href":"https:\/\/leregardlibre.com\/de\/wp-json\/wp\/v2\/users\/1063"}],"replies":[{"embeddable":true,"href":"https:\/\/leregardlibre.com\/de\/wp-json\/wp\/v2\/comments?post=531752"}],"version-history":[{"count":7,"href":"https:\/\/leregardlibre.com\/de\/wp-json\/wp\/v2\/posts\/531752\/revisions"}],"predecessor-version":[{"id":531792,"href":"https:\/\/leregardlibre.com\/de\/wp-json\/wp\/v2\/posts\/531752\/revisions\/531792"}],"wp:featuredmedia":[{"embeddable":true,"href":"https:\/\/leregardlibre.com\/de\/wp-json\/wp\/v2\/media\/531754"}],"wp:attachment":[{"href":"https:\/\/leregardlibre.com\/de\/wp-json\/wp\/v2\/media?parent=531752"}],"wp:term":[{"taxonomy":"category","embeddable":true,"href":"https:\/\/leregardlibre.com\/de\/wp-json\/wp\/v2\/categories?post=531752"},{"taxonomy":"post_tag","embeddable":true,"href":"https:\/\/leregardlibre.com\/de\/wp-json\/wp\/v2\/tags?post=531752"}],"curies":[{"name":"wp","href":"https:\/\/api.w.org\/{rel}","templated":true}]}}