{"id":531757,"date":"2026-03-01T18:23:09","date_gmt":"2026-03-01T17:23:09","guid":{"rendered":"https:\/\/leregardlibre.com\/?p=531757"},"modified":"2026-03-16T21:53:46","modified_gmt":"2026-03-16T20:53:46","slug":"metier-de-reve-employe","status":"publish","type":"post","link":"https:\/\/leregardlibre.com\/de\/wirtschaft\/metier-de-reve-employe\/","title":{"rendered":"Traumberuf: \u00abAngestellte\/r\u00bb"},"content":{"rendered":"<p class=\"has-drop-cap\"><strong>Jeder kennt Elon Musk, aber kaum jemand will Unternehmer werden. Trotzdem fasziniert das Unternehmertum, wie unsere Mikrotrottoirs mit Jugendlichen in Lausanne und Z\u00fcrich zeigen.<\/strong><\/p>\n\n\n\n<!--more-->\n\n\n\n<p>Dans l\u2019imaginaire collectif, l\u2019entrepreneur semble \u00eatre une figure famili\u00e8re, mais vague. Les microtrottoirs men\u00e9s par le <em>Schweizer Monat<\/em> und <em>Le Regard Libre<\/em> des deux c\u00f4t\u00e9s de la Sarine montrent \u00e0 quel point cette notion est une fausse \u00e9vidence. Lorsque les jeunes interrog\u00e9s disent avoir une id\u00e9e de ce qu\u2019est un entrepreneur, leurs r\u00e9ponses sont souvent similaires, sans toutefois \u00eatre tr\u00e8s pr\u00e9cises: il organise l\u2019entreprise, la dirige et veille \u00e0 ce que \u00abl\u2019argent rentre\u00bb. L\u2019entrepreneur semble \u00eatre per\u00e7u avant tout comme un manager et les deux termes sont consid\u00e9r\u00e9s comme synonymes par la grande majorit\u00e9 des jeunes.<\/p>\n\n\n\n<h2 class=\"wp-block-heading\" id=\"h-acceptation-de-l-echec\">Acceptation de l\u2019\u00e9chec<\/h2>\n\n\n\n<p>Certains participants soulignent toutefois une caract\u00e9ristique centrale, plus repr\u00e9sentative et li\u00e9e \u00e0 l\u2019esprit d\u2019entreprise: la prise de risques. Ainsi, \u00abl\u2019entrepreneur identifie les lacunes du march\u00e9 et propose des produits ou des services qui les comblent\u00bb, explique un jeune Allemand sur la promenade du lac de Zurich. \u00abC\u2019est toujours bien d\u2019inventer des choses qui n\u2019existent pas encore\u00bb, estime un jeune du quartier du Flon \u00e0 Lausanne. En bref, un entrepreneur \u00abstimule l\u2019\u00e9conomie en cr\u00e9ant une entreprise\u00bb. Et \u00abdans l\u2019id\u00e9al, il en tire des b\u00e9n\u00e9fices\u00bb.<\/p>\n\n\n\n<p>Prendre des risques suppose aussi d\u2019accepter l\u2019\u00e9chec. Interrog\u00e9s sur leur dernier \u00e9chec personnel, de nombreux participants citent des situations quotidiennes \u2013\u00a0souvent des examens rat\u00e9s\u00a0\u2013 qui sont toutefois interpr\u00e9t\u00e9es comme des opportunit\u00e9s d\u2019apprentissage. \u00abJ\u2019\u00e9choue tous les jours, mais cela me permet de grandir et d\u2019apprendre beaucoup\u00bb, explique un passant en Suisse al\u00e9manique. Un Romand raconte sa premi\u00e8re exp\u00e9rience entrepreneuriale: \u00abUne fois, j\u2019ai achet\u00e9 des boissons avec des amis pour les revendre plus cher, mais cela n\u2019a pas tr\u00e8s bien fonctionn\u00e9.\u00bb<\/p>\n\n\n\n<p>Les risques sont pr\u00e9sents dans la vie de chacun. Chaque jour, nous \u00e9valuons \u2013 souvent inconsciemment \u2013 d\u2019innombrables risques avant de prendre des d\u00e9cisions. Que nous le voulions ou non, nous sommes tous des analystes de risques professionnels. En d\u2019autres termes, nous avons tous en nous cette disposition qui caract\u00e9rise notamment les entrepreneurs prosp\u00e8res. La jeune g\u00e9n\u00e9ration prend \u00e9galement des risques en toute conscience, mais g\u00e9n\u00e9ralement loin du monde des affaires et de l\u2019entrepreneuriat, par exemple en partant \u00e9tudier \u00e0 l\u2019\u00e9tranger ou en s\u2019adonnant \u00e0 des loisirs risqu\u00e9s, comme ils le mentionnent. Une condition importante pour franchir le pas sans doute risqu\u00e9 vers l\u2019ind\u00e9pendance est donc remplie.<\/p>\n\n\n\n<h2 class=\"wp-block-heading\" id=\"h-autorite-et-resistance\">Autorit\u00e9 et r\u00e9sistance<\/h2>\n\n\n\n<p>Sur la liste des qualit\u00e9s requises pour se lancer dans une aventure entrepreneuriale, nos interlocuteurs mentionnent r\u00e9guli\u00e8rement la d\u00e9termination et l\u2019autorit\u00e9. A cela s\u2019ajoutent l\u2019aptitude \u00e0 convaincre, ainsi que la capacit\u00e9 d\u2019\u00e9coute. Il est remarquable de constater que, lorsqu\u2019on y regarde de plus pr\u00e8s, l\u2019image autoritaire du chef c\u00e8de la place \u00e0 celle d\u2019un chef d\u2019orchestre, capable de donner une direction tout en tenant compte de son environnement.Le courage, la r\u00e9sistance au stress et l\u2019optimisme sont \u00e9galement souvent cit\u00e9s comme des conditions pr\u00e9alables \u00e0 un d\u00e9marrage r\u00e9ussi en tant qu\u2019entrepreneur. Il semble que, du point de vue des personnes interrog\u00e9es, l\u2019entrepreneuriat exige avant tout une disposition mentale \u00e0 surmonter les revers.<\/p>\n\n\n\n<p>En mati\u00e8re de figures entrepreneuriales, les grands noms mondialement connus des \u00absuper-riches\u00bb tels qu\u2019Elon Musk ou Jeff Bezos viennent imm\u00e9diatement \u00e0 l\u2019esprit. Un Suisse allemand cite quant \u00e0 lui son p\u00e8re, \u00abqui a fond\u00e9 une start-up avec un coll\u00e8gue\u00bb. Un autre mentionne Peter Spuhler, l\u2019entrepreneur et homme politique thurgovien qui a fait de la petite entreprise Stadler Rail un constructeur de v\u00e9hicules ferroviaires \u00e0 succ\u00e8s international. Il estime en outre que les dirigeants des nombreuses PME, artisans, coiffeurs ou jardiniers constituent la v\u00e9ritable \u00abcolonne vert\u00e9brale de l\u2019\u00e9conomie suisse\u00bb.<\/p>\n\n\n\n<h2 class=\"wp-block-heading\" id=\"h-securite-versus-independance\">S\u00e9curit\u00e9 versus ind\u00e9pendance<\/h2>\n\n\n\n<p>Les jeunes que nous avons rencontr\u00e9s souhaitent-ils devenir eux-m\u00eames entrepreneurs? La plupart d\u2019entre eux ne le souhaitent pas, selon la conclusion claire de notre enqu\u00eate, qui, esp\u00e9rons-le, n\u2019est pas repr\u00e9sentative \u00e0 cet \u00e9gard. \u00abJe pr\u00e9f\u00e8re \u00eatre employ\u00e9\u00bb, telle est la r\u00e9ponse la plus fr\u00e9quente. Certains sont \u00e9galement s\u00e9duits par l\u2019id\u00e9e motivante et satisfaisante de pouvoir verser un salaire mensuel \u00e0 leurs employ\u00e9s. \u00abJe pourrais imaginer cr\u00e9er ma propre entreprise, mais le chemin pour y parvenir me semble assez difficile.\u00bb<\/p>\n\n\n\n<p>Difficile? Certainement. R\u00e9alisable? Absolument. Les r\u00e9ponses de nombreux jeunes refl\u00e8tent un profond respect \u2013 souvent m\u00eame une admiration\u00a0\u2013 pour les entrepreneurs et leurs r\u00e9alisations. Tout commence par une bonne id\u00e9e qui se d\u00e9marque des autres et r\u00e9pond \u00e0 un besoin du march\u00e9. Ensuite, il faut \u00abun bon business plan\u00bb, comme le dit un futur entrepreneur potentiel. Mais comment proc\u00e9der concr\u00e8tement par la suite?<\/p>\n\n\n\n<p>Mit <a href=\"https:\/\/leregardlibre.com\/de\/cpt-editions\/le-regard-libre-hors-serie-n7-bereit-dein-unternehmen-zu-grunden\/\">ce hors-s\u00e9rie<\/a>, nous souhaitons lever les obstacles, inspirer et informer. Nous voulons faciliter les premiers pas des jeunes vers l\u2019ind\u00e9pendance, afin que le \u00ab\u2009m\u00e9tier de r\u00eave d\u2019employ\u00e9\u2009\u00bb puisse se transformer en une vie de r\u00eave en tant qu\u2019entrepreneur.<\/p>\n\n\n\n<p><em>Journaliste de profession, <strong>Jonas Follonier<\/strong> ist Gr\u00fcnder und Chefredakteur des <\/em>Regard Libre<em>.<\/em> <em><em>Schreiben Sie dem Autor:\u00a0<a href=\"mailto:jonas.follonier@leregardlibre.com\">jonas.follonier@leregardlibre.com<\/a><\/em>.<\/em><\/p>\n\n\n\n<h6 class=\"wp-block-heading\" id=\"h-vous-venez-de-lire-un-article-en-libre-acces-tire-de-notre-edition-papier-le-regard-libre-hors-serie-n-7-debats-analyses-actualites-culturelles-abonnez-vous-a-notre-media-de-reflexion-pour-nous-soutenir-et-avoir-acces-a-tous-nos-contenus\">Sie haben gerade einen frei zug\u00e4nglichen Artikel aus unserer Printausgabe gelesen (<a href=\"https:\/\/leregardlibre.com\/de\/cpt-editions\/le-regard-libre-hors-serie-n7-bereit-dein-unternehmen-zu-grunden\/\"><em>Le Regard Libre<\/em> Sonderausgabe Nr. 7<\/a>). Debatten, Analysen, Kulturnachrichten:\u00a0<a href=\"https:\/\/leregardlibre.com\/de\/abonnement\/\">abonnieren Sie<\/a>\u00a0zu unserem Reflexionsmedium, um uns zu unterst\u00fctzen und Zugang zu all unseren Inhalten zu erhalten.<\/h6>","protected":false},"excerpt":{"rendered":"<p>Jeder kennt Elon Musk, aber kaum jemand will Unternehmer werden. Trotzdem fasziniert das Unternehmertum, wie unsere Mikrotrottoirs mit Jugendlichen in Lausanne und Z\u00fcrich zeigen.<\/p>","protected":false},"author":138,"featured_media":531764,"comment_status":"open","ping_status":"closed","sticky":false,"template":"","format":"standard","meta":{"_acf_changed":false,"footnotes":""},"categories":[27371],"tags":[644358514,12586,644358437],"class_list":["post-531757","post","type-post","status-publish","format-standard","has-post-thumbnail","hentry","category-economie","tag-dossier-entreprise","tag-entrepreneur","tag-esprit-entrepreneurial"],"acf":[],"yoast_head":"<!-- This site is optimized with the Yoast SEO Premium plugin v27.4 (Yoast SEO v27.4) - https:\/\/yoast.com\/product\/yoast-seo-premium-wordpress\/ -->\n<title>M\u00e9tier de r\u00eave: \u00abemploy\u00e9\u00bb<\/title>\n<meta name=\"description\" content=\"Tout le monde conna\u00eet Elon Musk, mais souhaite devenir employ\u00e9, comme le montrent nos microtrottoirs men\u00e9s aupr\u00e8s de jeunes en Suisse.\" \/>\n<meta name=\"robots\" content=\"index, follow, max-snippet:-1, max-image-preview:large, max-video-preview:-1\" \/>\n<link rel=\"canonical\" href=\"https:\/\/leregardlibre.com\/de\/wirtschaft\/metier-de-reve-employe\/\" \/>\n<meta property=\"og:locale\" content=\"de_DE\" \/>\n<meta property=\"og:type\" content=\"article\" \/>\n<meta property=\"og:title\" content=\"M\u00e9tier de r\u00eave: \u00abemploy\u00e9\u00bb\" \/>\n<meta property=\"og:description\" content=\"Tout le monde conna\u00eet Elon Musk, mais souhaite devenir employ\u00e9, comme le montrent nos microtrottoirs men\u00e9s aupr\u00e8s de jeunes en Suisse.\" \/>\n<meta property=\"og:url\" content=\"https:\/\/leregardlibre.com\/de\/wirtschaft\/metier-de-reve-employe\/\" \/>\n<meta property=\"og:site_name\" content=\"Le Regard Libre\" \/>\n<meta property=\"article:publisher\" content=\"https:\/\/www.facebook.com\/leregardlibre\/\" \/>\n<meta property=\"article:author\" content=\"https:\/\/www.facebook.com\/jonas.follonier\/\" \/>\n<meta property=\"article:published_time\" content=\"2026-03-01T17:23:09+00:00\" \/>\n<meta property=\"article:modified_time\" content=\"2026-03-16T20:53:46+00:00\" \/>\n<meta property=\"og:image\" content=\"https:\/\/leregardlibre.com\/wp-content\/uploads\/2026\/03\/untitled-1536x862-1.jpg\" \/>\n\t<meta property=\"og:image:width\" content=\"1536\" \/>\n\t<meta property=\"og:image:height\" content=\"862\" \/>\n\t<meta property=\"og:image:type\" content=\"image\/jpeg\" \/>\n<meta name=\"author\" content=\"Jonas Follonier\" \/>\n<meta name=\"twitter:card\" content=\"summary_large_image\" \/>\n<meta name=\"twitter:creator\" content=\"@LeRegardLibre\" \/>\n<meta name=\"twitter:site\" content=\"@LeRegardLibre\" \/>\n<meta name=\"twitter:label1\" content=\"Verfasst von\" \/>\n\t<meta name=\"twitter:data1\" content=\"Jonas Follonier\" \/>\n\t<meta name=\"twitter:label2\" content=\"Gesch\u00e4tzte Lesezeit\" \/>\n\t<meta name=\"twitter:data2\" content=\"5\u00a0Minuten\" \/>\n<script type=\"application\/ld+json\" class=\"yoast-schema-graph\">{\"@context\":\"https:\\\/\\\/schema.org\",\"@graph\":[{\"@type\":\"Article\",\"@id\":\"https:\\\/\\\/leregardlibre.com\\\/economie\\\/metier-de-reve-employe\\\/#article\",\"isPartOf\":{\"@id\":\"https:\\\/\\\/leregardlibre.com\\\/economie\\\/metier-de-reve-employe\\\/\"},\"author\":{\"name\":\"Jonas Follonier\",\"@id\":\"https:\\\/\\\/leregardlibre.com\\\/#\\\/schema\\\/person\\\/bfe5aa794a23be71485d60e2d93ec0d2\"},\"headline\":\"M\u00e9tier de r\u00eave: \u00abemploy\u00e9\u00bb\",\"datePublished\":\"2026-03-01T17:23:09+00:00\",\"dateModified\":\"2026-03-16T20:53:46+00:00\",\"mainEntityOfPage\":{\"@id\":\"https:\\\/\\\/leregardlibre.com\\\/economie\\\/metier-de-reve-employe\\\/\"},\"wordCount\":982,\"commentCount\":0,\"publisher\":{\"@id\":\"https:\\\/\\\/leregardlibre.com\\\/#organization\"},\"image\":{\"@id\":\"https:\\\/\\\/leregardlibre.com\\\/economie\\\/metier-de-reve-employe\\\/#primaryimage\"},\"thumbnailUrl\":\"https:\\\/\\\/leregardlibre.com\\\/wp-content\\\/uploads\\\/2026\\\/03\\\/untitled-1536x862-1.jpg\",\"keywords\":[\"Dossier ENTREPRISE\",\"Entrepreneuriat\",\"Esprit entrepreneurial\"],\"articleSection\":[\"Economie\"],\"inLanguage\":\"de\",\"potentialAction\":[{\"@type\":\"CommentAction\",\"name\":\"Comment\",\"target\":[\"https:\\\/\\\/leregardlibre.com\\\/economie\\\/metier-de-reve-employe\\\/#respond\"]}]},{\"@type\":\"WebPage\",\"@id\":\"https:\\\/\\\/leregardlibre.com\\\/economie\\\/metier-de-reve-employe\\\/\",\"url\":\"https:\\\/\\\/leregardlibre.com\\\/economie\\\/metier-de-reve-employe\\\/\",\"name\":\"M\u00e9tier de r\u00eave: \u00abemploy\u00e9\u00bb\",\"isPartOf\":{\"@id\":\"https:\\\/\\\/leregardlibre.com\\\/#website\"},\"primaryImageOfPage\":{\"@id\":\"https:\\\/\\\/leregardlibre.com\\\/economie\\\/metier-de-reve-employe\\\/#primaryimage\"},\"image\":{\"@id\":\"https:\\\/\\\/leregardlibre.com\\\/economie\\\/metier-de-reve-employe\\\/#primaryimage\"},\"thumbnailUrl\":\"https:\\\/\\\/leregardlibre.com\\\/wp-content\\\/uploads\\\/2026\\\/03\\\/untitled-1536x862-1.jpg\",\"datePublished\":\"2026-03-01T17:23:09+00:00\",\"dateModified\":\"2026-03-16T20:53:46+00:00\",\"description\":\"Tout le monde conna\u00eet Elon Musk, mais souhaite devenir employ\u00e9, comme le montrent nos microtrottoirs men\u00e9s aupr\u00e8s de jeunes en Suisse.\",\"breadcrumb\":{\"@id\":\"https:\\\/\\\/leregardlibre.com\\\/economie\\\/metier-de-reve-employe\\\/#breadcrumb\"},\"inLanguage\":\"de\",\"potentialAction\":[{\"@type\":\"ReadAction\",\"target\":[\"https:\\\/\\\/leregardlibre.com\\\/economie\\\/metier-de-reve-employe\\\/\"]}]},{\"@type\":\"ImageObject\",\"inLanguage\":\"de\",\"@id\":\"https:\\\/\\\/leregardlibre.com\\\/economie\\\/metier-de-reve-employe\\\/#primaryimage\",\"url\":\"https:\\\/\\\/leregardlibre.com\\\/wp-content\\\/uploads\\\/2026\\\/03\\\/untitled-1536x862-1.jpg\",\"contentUrl\":\"https:\\\/\\\/leregardlibre.com\\\/wp-content\\\/uploads\\\/2026\\\/03\\\/untitled-1536x862-1.jpg\",\"width\":1536,\"height\":862,\"caption\":\"Lorsque les jeunes interrog\u00e9s disent avoir une id\u00e9e de ce qu\u2019est un entrepreneur, leurs r\u00e9ponses sont souvent similaires, sans toutefois \u00eatre tr\u00e8s pr\u00e9cises.\"},{\"@type\":\"BreadcrumbList\",\"@id\":\"https:\\\/\\\/leregardlibre.com\\\/economie\\\/metier-de-reve-employe\\\/#breadcrumb\",\"itemListElement\":[{\"@type\":\"ListItem\",\"position\":1,\"name\":\"Accueil\",\"item\":\"https:\\\/\\\/leregardlibre.com\\\/\"},{\"@type\":\"ListItem\",\"position\":2,\"name\":\"M\u00e9tier de r\u00eave: \u00abemploy\u00e9\u00bb\"}]},{\"@type\":\"WebSite\",\"@id\":\"https:\\\/\\\/leregardlibre.com\\\/#website\",\"url\":\"https:\\\/\\\/leregardlibre.com\\\/\",\"name\":\"Le Regard Libre\",\"description\":\"Premier mensuel suisse de d\u00e9bat\",\"publisher\":{\"@id\":\"https:\\\/\\\/leregardlibre.com\\\/#organization\"},\"potentialAction\":[{\"@type\":\"SearchAction\",\"target\":{\"@type\":\"EntryPoint\",\"urlTemplate\":\"https:\\\/\\\/leregardlibre.com\\\/?s={search_term_string}\"},\"query-input\":{\"@type\":\"PropertyValueSpecification\",\"valueRequired\":true,\"valueName\":\"search_term_string\"}}],\"inLanguage\":\"de\"},{\"@type\":\"Organization\",\"@id\":\"https:\\\/\\\/leregardlibre.com\\\/#organization\",\"name\":\"Le Regard Libre\",\"url\":\"https:\\\/\\\/leregardlibre.com\\\/\",\"logo\":{\"@type\":\"ImageObject\",\"inLanguage\":\"de\",\"@id\":\"https:\\\/\\\/leregardlibre.com\\\/#\\\/schema\\\/logo\\\/image\\\/\",\"url\":\"https:\\\/\\\/leregardlibre.com\\\/wp-content\\\/uploads\\\/2025\\\/08\\\/logo-rl-icone-neg.jpeg\",\"contentUrl\":\"https:\\\/\\\/leregardlibre.com\\\/wp-content\\\/uploads\\\/2025\\\/08\\\/logo-rl-icone-neg.jpeg\",\"width\":557,\"height\":556,\"caption\":\"Le Regard Libre\"},\"image\":{\"@id\":\"https:\\\/\\\/leregardlibre.com\\\/#\\\/schema\\\/logo\\\/image\\\/\"},\"sameAs\":[\"https:\\\/\\\/www.facebook.com\\\/leregardlibre\\\/\",\"https:\\\/\\\/x.com\\\/LeRegardLibre\",\"https:\\\/\\\/www.linkedin.com\\\/company\\\/le-regard-libre\",\"https:\\\/\\\/www.instagram.com\\\/leregardlibre\\\/\",\"http:\\\/\\\/t.me\\\/leregardlibre\",\"https:\\\/\\\/youtube.com\\\/channel\\\/UC6HzGPomj1LsUmlz-sJtITQ\"],\"description\":\"Le Regard Libre est un mensuel suisse de d\u00e9bat intellectuel et culturel. Sa r\u00e9daction est jeune, b\u00e9n\u00e9vole, lib\u00e9rale et pluraliste. Le magazine para\u00eet en ligne et sous forme papier. Sa langue est le fran\u00e7ais.\",\"email\":\"redaction@leregardlibre.com\",\"legalName\":\"Le Regard Libre\",\"foundingDate\":\"2014-01-01\",\"numberOfEmployees\":{\"@type\":\"QuantitativeValue\",\"minValue\":\"11\",\"maxValue\":\"50\"},\"publishingPrinciples\":\"https:\\\/\\\/leregardlibre.com\\\/a-propos\\\/notre-manifeste\\\/\",\"ownershipFundingInfo\":\"https:\\\/\\\/leregardlibre.com\\\/mentions-legales\\\/\",\"actionableFeedbackPolicy\":\"https:\\\/\\\/leregardlibre.com\\\/conditions-generales-de-vente\\\/\"},{\"@type\":\"Person\",\"@id\":\"https:\\\/\\\/leregardlibre.com\\\/#\\\/schema\\\/person\\\/bfe5aa794a23be71485d60e2d93ec0d2\",\"name\":\"Jonas Follonier\",\"image\":{\"@type\":\"ImageObject\",\"inLanguage\":\"de\",\"@id\":\"https:\\\/\\\/secure.gravatar.com\\\/avatar\\\/602060b40f6a458420c2d140f49b6caea99152ce6704f2c332e5a0c5aad80303?s=96&d=identicon&r=g\",\"url\":\"https:\\\/\\\/secure.gravatar.com\\\/avatar\\\/602060b40f6a458420c2d140f49b6caea99152ce6704f2c332e5a0c5aad80303?s=96&d=identicon&r=g\",\"contentUrl\":\"https:\\\/\\\/secure.gravatar.com\\\/avatar\\\/602060b40f6a458420c2d140f49b6caea99152ce6704f2c332e5a0c5aad80303?s=96&d=identicon&r=g\",\"caption\":\"Jonas Follonier\"},\"description\":\"Correspondant au Palais f\u00e9d\u00e9ral pour \u00abL\u2019Agefi\u00bb, auteur-compositeur-interpr\u00e8te et essayiste, Jonas Follonier est le fondateur et r\u00e9dacteur en chef du \u00abRegard Libre\u00bb.\",\"sameAs\":[\"https:\\\/\\\/www.facebook.com\\\/jonas.follonier\\\/\",\"https:\\\/\\\/www.instagram.com\\\/jonasfollonier\\\/\",\"https:\\\/\\\/www.linkedin.com\\\/in\\\/jonasfollonier\\\/\",\"https:\\\/\\\/fr.wikipedia.org\\\/wiki\\\/Le_Regard_libre\"],\"url\":\"https:\\\/\\\/leregardlibre.com\\\/de\\\/author\\\/jonas-follonier\\\/\"}]}<\/script>\n<!-- \/ Yoast SEO Premium plugin. -->","yoast_head_json":{"title":"Traumberuf: \u00abAngestellte\/r\u00bb","description":"Tout le monde conna\u00eet Elon Musk, mais souhaite devenir employ\u00e9, comme le montrent nos microtrottoirs men\u00e9s aupr\u00e8s de jeunes en Suisse.","robots":{"index":"index","follow":"follow","max-snippet":"max-snippet:-1","max-image-preview":"max-image-preview:large","max-video-preview":"max-video-preview:-1"},"canonical":"https:\/\/leregardlibre.com\/de\/wirtschaft\/metier-de-reve-employe\/","og_locale":"de_DE","og_type":"article","og_title":"M\u00e9tier de r\u00eave: \u00abemploy\u00e9\u00bb","og_description":"Tout le monde conna\u00eet Elon Musk, mais souhaite devenir employ\u00e9, comme le montrent nos microtrottoirs men\u00e9s aupr\u00e8s de jeunes en Suisse.","og_url":"https:\/\/leregardlibre.com\/de\/wirtschaft\/metier-de-reve-employe\/","og_site_name":"Le Regard Libre","article_publisher":"https:\/\/www.facebook.com\/leregardlibre\/","article_author":"https:\/\/www.facebook.com\/jonas.follonier\/","article_published_time":"2026-03-01T17:23:09+00:00","article_modified_time":"2026-03-16T20:53:46+00:00","og_image":[{"width":1536,"height":862,"url":"https:\/\/leregardlibre.com\/wp-content\/uploads\/2026\/03\/untitled-1536x862-1.jpg","type":"image\/jpeg"}],"author":"Jonas Follonier","twitter_card":"summary_large_image","twitter_creator":"@LeRegardLibre","twitter_site":"@LeRegardLibre","twitter_misc":{"Verfasst von":"Jonas Follonier","Gesch\u00e4tzte Lesezeit":"5\u00a0Minuten"},"schema":{"@context":"https:\/\/schema.org","@graph":[{"@type":"Article","@id":"https:\/\/leregardlibre.com\/economie\/metier-de-reve-employe\/#article","isPartOf":{"@id":"https:\/\/leregardlibre.com\/economie\/metier-de-reve-employe\/"},"author":{"name":"Jonas Follonier","@id":"https:\/\/leregardlibre.com\/#\/schema\/person\/bfe5aa794a23be71485d60e2d93ec0d2"},"headline":"M\u00e9tier de r\u00eave: \u00abemploy\u00e9\u00bb","datePublished":"2026-03-01T17:23:09+00:00","dateModified":"2026-03-16T20:53:46+00:00","mainEntityOfPage":{"@id":"https:\/\/leregardlibre.com\/economie\/metier-de-reve-employe\/"},"wordCount":982,"commentCount":0,"publisher":{"@id":"https:\/\/leregardlibre.com\/#organization"},"image":{"@id":"https:\/\/leregardlibre.com\/economie\/metier-de-reve-employe\/#primaryimage"},"thumbnailUrl":"https:\/\/leregardlibre.com\/wp-content\/uploads\/2026\/03\/untitled-1536x862-1.jpg","keywords":["Dossier ENTREPRISE","Entrepreneuriat","Esprit entrepreneurial"],"articleSection":["Economie"],"inLanguage":"de","potentialAction":[{"@type":"CommentAction","name":"Comment","target":["https:\/\/leregardlibre.com\/economie\/metier-de-reve-employe\/#respond"]}]},{"@type":"WebPage","@id":"https:\/\/leregardlibre.com\/economie\/metier-de-reve-employe\/","url":"https:\/\/leregardlibre.com\/economie\/metier-de-reve-employe\/","name":"Traumberuf: \u00abAngestellte\/r\u00bb","isPartOf":{"@id":"https:\/\/leregardlibre.com\/#website"},"primaryImageOfPage":{"@id":"https:\/\/leregardlibre.com\/economie\/metier-de-reve-employe\/#primaryimage"},"image":{"@id":"https:\/\/leregardlibre.com\/economie\/metier-de-reve-employe\/#primaryimage"},"thumbnailUrl":"https:\/\/leregardlibre.com\/wp-content\/uploads\/2026\/03\/untitled-1536x862-1.jpg","datePublished":"2026-03-01T17:23:09+00:00","dateModified":"2026-03-16T20:53:46+00:00","description":"Tout le monde conna\u00eet Elon Musk, mais souhaite devenir employ\u00e9, comme le montrent nos microtrottoirs men\u00e9s aupr\u00e8s de jeunes en Suisse.","breadcrumb":{"@id":"https:\/\/leregardlibre.com\/economie\/metier-de-reve-employe\/#breadcrumb"},"inLanguage":"de","potentialAction":[{"@type":"ReadAction","target":["https:\/\/leregardlibre.com\/economie\/metier-de-reve-employe\/"]}]},{"@type":"ImageObject","inLanguage":"de","@id":"https:\/\/leregardlibre.com\/economie\/metier-de-reve-employe\/#primaryimage","url":"https:\/\/leregardlibre.com\/wp-content\/uploads\/2026\/03\/untitled-1536x862-1.jpg","contentUrl":"https:\/\/leregardlibre.com\/wp-content\/uploads\/2026\/03\/untitled-1536x862-1.jpg","width":1536,"height":862,"caption":"Lorsque les jeunes interrog\u00e9s disent avoir une id\u00e9e de ce qu\u2019est un entrepreneur, leurs r\u00e9ponses sont souvent similaires, sans toutefois \u00eatre tr\u00e8s pr\u00e9cises."},{"@type":"BreadcrumbList","@id":"https:\/\/leregardlibre.com\/economie\/metier-de-reve-employe\/#breadcrumb","itemListElement":[{"@type":"ListItem","position":1,"name":"Accueil","item":"https:\/\/leregardlibre.com\/"},{"@type":"ListItem","position":2,"name":"M\u00e9tier de r\u00eave: \u00abemploy\u00e9\u00bb"}]},{"@type":"WebSite","@id":"https:\/\/leregardlibre.com\/#website","url":"https:\/\/leregardlibre.com\/","name":"Le Regard Libre","description":"Erste Schweizer Monatszeitschrift f\u00fcr Debatten","publisher":{"@id":"https:\/\/leregardlibre.com\/#organization"},"potentialAction":[{"@type":"SearchAction","target":{"@type":"EntryPoint","urlTemplate":"https:\/\/leregardlibre.com\/?s={search_term_string}"},"query-input":{"@type":"PropertyValueSpecification","valueRequired":true,"valueName":"search_term_string"}}],"inLanguage":"de"},{"@type":"Organization","@id":"https:\/\/leregardlibre.com\/#organization","name":"Le Regard Libre","url":"https:\/\/leregardlibre.com\/","logo":{"@type":"ImageObject","inLanguage":"de","@id":"https:\/\/leregardlibre.com\/#\/schema\/logo\/image\/","url":"https:\/\/leregardlibre.com\/wp-content\/uploads\/2025\/08\/logo-rl-icone-neg.jpeg","contentUrl":"https:\/\/leregardlibre.com\/wp-content\/uploads\/2025\/08\/logo-rl-icone-neg.jpeg","width":557,"height":556,"caption":"Le Regard Libre"},"image":{"@id":"https:\/\/leregardlibre.com\/#\/schema\/logo\/image\/"},"sameAs":["https:\/\/www.facebook.com\/leregardlibre\/","https:\/\/x.com\/LeRegardLibre","https:\/\/www.linkedin.com\/company\/le-regard-libre","https:\/\/www.instagram.com\/leregardlibre\/","http:\/\/t.me\/leregardlibre","https:\/\/youtube.com\/channel\/UC6HzGPomj1LsUmlz-sJtITQ"],"description":"Le Regard Libre ist eine Schweizer Monatszeitschrift f\u00fcr intellektuelle und kulturelle Debatten. Seine Redaktion ist jung, ehrenamtlich, liberal und pluralistisch. Das Magazin erscheint online und in gedruckter Form. Seine Sprache ist Franz\u00f6sisch.","email":"redaction@leregardlibre.com","legalName":"Le Regard Libre","foundingDate":"2014-01-01","numberOfEmployees":{"@type":"QuantitativeValue","minValue":"11","maxValue":"50"},"publishingPrinciples":"https:\/\/leregardlibre.com\/a-propos\/notre-manifeste\/","ownershipFundingInfo":"https:\/\/leregardlibre.com\/mentions-legales\/","actionableFeedbackPolicy":"https:\/\/leregardlibre.com\/conditions-generales-de-vente\/"},{"@type":"Person","@id":"https:\/\/leregardlibre.com\/#\/schema\/person\/bfe5aa794a23be71485d60e2d93ec0d2","name":"Jonas Follonier","image":{"@type":"ImageObject","inLanguage":"de","@id":"https:\/\/secure.gravatar.com\/avatar\/602060b40f6a458420c2d140f49b6caea99152ce6704f2c332e5a0c5aad80303?s=96&d=identicon&r=g","url":"https:\/\/secure.gravatar.com\/avatar\/602060b40f6a458420c2d140f49b6caea99152ce6704f2c332e5a0c5aad80303?s=96&d=identicon&r=g","contentUrl":"https:\/\/secure.gravatar.com\/avatar\/602060b40f6a458420c2d140f49b6caea99152ce6704f2c332e5a0c5aad80303?s=96&d=identicon&r=g","caption":"Jonas Follonier"},"description":"Bundeshauskorrespondent f\u00fcr \u00abL'Agefi\u00bb, Singer-Songwriter, Jonas Follonier ist Gr\u00fcnder und Chefredakteur von \u00abRegard Libre\u00bb.","sameAs":["https:\/\/www.facebook.com\/jonas.follonier\/","https:\/\/www.instagram.com\/jonasfollonier\/","https:\/\/www.linkedin.com\/in\/jonasfollonier\/","https:\/\/fr.wikipedia.org\/wiki\/Le_Regard_libre"],"url":"https:\/\/leregardlibre.com\/de\/author\/jonas-follonier\/"}]}},"_links":{"self":[{"href":"https:\/\/leregardlibre.com\/de\/wp-json\/wp\/v2\/posts\/531757","targetHints":{"allow":["GET"]}}],"collection":[{"href":"https:\/\/leregardlibre.com\/de\/wp-json\/wp\/v2\/posts"}],"about":[{"href":"https:\/\/leregardlibre.com\/de\/wp-json\/wp\/v2\/types\/post"}],"author":[{"embeddable":true,"href":"https:\/\/leregardlibre.com\/de\/wp-json\/wp\/v2\/users\/138"}],"replies":[{"embeddable":true,"href":"https:\/\/leregardlibre.com\/de\/wp-json\/wp\/v2\/comments?post=531757"}],"version-history":[{"count":5,"href":"https:\/\/leregardlibre.com\/de\/wp-json\/wp\/v2\/posts\/531757\/revisions"}],"predecessor-version":[{"id":531767,"href":"https:\/\/leregardlibre.com\/de\/wp-json\/wp\/v2\/posts\/531757\/revisions\/531767"}],"wp:featuredmedia":[{"embeddable":true,"href":"https:\/\/leregardlibre.com\/de\/wp-json\/wp\/v2\/media\/531764"}],"wp:attachment":[{"href":"https:\/\/leregardlibre.com\/de\/wp-json\/wp\/v2\/media?parent=531757"}],"wp:term":[{"taxonomy":"category","embeddable":true,"href":"https:\/\/leregardlibre.com\/de\/wp-json\/wp\/v2\/categories?post=531757"},{"taxonomy":"post_tag","embeddable":true,"href":"https:\/\/leregardlibre.com\/de\/wp-json\/wp\/v2\/tags?post=531757"}],"curies":[{"name":"wp","href":"https:\/\/api.w.org\/{rel}","templated":true}]}}