{"id":532246,"date":"2026-04-27T09:30:00","date_gmt":"2026-04-27T07:30:00","guid":{"rendered":"https:\/\/leregardlibre.com\/?p=532246"},"modified":"2026-04-27T17:30:56","modified_gmt":"2026-04-27T15:30:56","slug":"liberale-internationale-ordnung","status":"publish","type":"post","link":"https:\/\/leregardlibre.com\/de\/politik\/welt\/liberale-internationale-ordnung\/","title":{"rendered":"Die liberale internationale Ordnung angesichts der R\u00fcckkehr der Macht"},"content":{"rendered":"<p class=\"has-drop-cap\"><strong>Die Intensivierung des Handels nach 1989 hat die Vorstellung von einer Welt gen\u00e4hrt, die von Kooperation bestimmt wird. Heute ersch\u00fcttern geopolitische Rivalit\u00e4ten diesen Glauben und gestalten die Wirtschaftsbeziehungen neu.<\/strong><\/p>\n\n\n\n<!--more-->\n\n\n\n<p>Nach dem Fall der Berliner Mauer glaubten viele an das von Francis Fukuyama beschriebene \u00abEnde der Geschichte\u00bb: den Beginn einer liberalen internationalen Ordnung, die auf Regeln, wirtschaftlicher Offenheit und gegenseitiger Abh\u00e4ngigkeit beruht. In den folgenden Jahrzehnten schien sich diese Vision zu materialisieren. Die 1994 gegr\u00fcndete Welthandelsorganisation (WTO) wurde zum Eckpfeiler eines Systems, das auf gegenseitigem Gewinn beruhen sollte.<\/p>\n\n\n\n<p>Diese \u2013 wenn auch unvollkommene \u2013 Ordnung beruhte auf der Vorstellung, dass wirtschaftliche Zusammenarbeit, die durch rechtliche Regeln eingegrenzt wird, zu gemeinsamem Wohlstand f\u00fchren und das Risiko von Konflikten verringern kann. Der internationale Handel und die internationalen Investitionen haben tats\u00e4chlich zu einer starken Verringerung der weltweiten Armut und zu einer Intensivierung der gegenseitigen Abh\u00e4ngigkeiten beigetragen.<\/p>\n\n\n\n<h2 class=\"wp-block-heading\" id=\"h-fausse-unanimite-des-le-depart\">Falsche Einstimmigkeit von Anfang an<\/h2>\n\n\n\n<p>In Wirklichkeit war diese liberale Ordnung nie einhellige Meinung. Bereits in den 1990er Jahren traten mehrere Kritiker auf. Neomarxistische Str\u00f6mungen prangerten zun\u00e4chst ein System an, das in erster Linie den multinationalen Konzernen zugute kommt. Dann haben populistische Bewegungen, sowohl von links als auch von rechts, die Verlierer der Globalisierung in den Vordergrund ger\u00fcckt, insbesondere in den unteren Klassen der Industriel\u00e4nder. In j\u00fcngerer Zeit haben andere, geopolitische Kritiker darauf hingewiesen, dass die wirtschaftliche \u00d6ffnung von m\u00e4chtigen Staaten, die strategische Ziele verfolgen, ausgenutzt werden kann.<\/p>\n\n\n\n<p>Heute laufen diese Anfechtungen zusammen, um eine Verschiebung hin zu dem, was man mittlerweile als Geo\u00f6konomie bezeichnet, zu f\u00f6rdern. In diesem Umfeld wird die Wirtschaft zu einem Machtinstrument: Sanktionen, Investitionskontrollen oder industrielle Umsiedlungen dienen politischen und sicherheitsrelevanten Zielen. Die wirtschaftliche Interdependenz, die einst als stabilisierend galt, kann auch als Druckmittel \u00abinstrumentalisiert\u00bb werden.<\/p>\n\n\n\n<form method=\"post\" action=\"https:\/\/newsletter.infomaniak.com\/external\/submit\" class=\"inf-form\" target=\"_blank\"><input type=\"email\" name=\"email\" style=\"display:none\" \/><input type=\"hidden\" name=\"key\"\nvalue=\"eyJpdiI6IlZXRVJGMlRGQUU2alNqUE81bitIUk5adnNVa0c4MllFTStzOHdHT1FQZ3c9IiwidmFsdWUiOiJIYzhwMUVCK1pTNnlhY3MyMmhuZlhReWJqemEwNk93blMxTjFHc0s2VHZrPSIsIm1hYyI6ImVhYTQ5N2I1M2NiYWE4NzBmNjk2NzgzYjliM2Y5NmYzM2E2ZmU3NGQxNTU1ZDFkMTU1MzY5NTdjYjE3ZTJmNTUifQ==\"><input type=\"hidden\" name=\"webform_id\" value=\"7291\"><style> .inf-main_3000311ca56a1cb93397bc676c0b7fff{ background-color:#f5f5f5;\npadding:25px 20px; margin:25px auto; } .inf-main_3000311ca56a1cb93397bc676c0b7fff .inf-content { margin-top:13px;} .inf-main_3000311ca56a1cb93397bc676c0b7fff h4, .inf-main_3000311ca56a1cb93397bc676c0b7fff span, .inf-\nmain_3000311ca56a1cb93397bc676c0b7fff label, .inf-main_3000311ca56a1cb93397bc676c0b7fff input, .inf-main_3000311ca56a1cb93397bc676c0b7fff .inf-submit, .inf-main_3000311ca56a1cb93397bc676c0b7fff .inf-success p a { color:#555555; font-\nsize:14px; } .inf-main_3000311ca56a1cb93397bc676c0b7fff h4{ font-size:18px; margin:0px 0px 13px 0px; } .inf-main_3000311ca56a1cb93397bc676c0b7fff h4, .inf-main_3000311ca56a1cb93397bc676c0b7fff label{ font-weight:bold; } .inf-\nmain_3000311ca56a1cb93397bc676c0b7fff .inf-input { margin-bottom:7px; } .inf-main_3000311ca56a1cb93397bc676c0b7fff label { display:block;} .inf-main_3000311ca56a1cb93397bc676c0b7fff input{ height:35px; color:#999999; border: 1px solid\n#E9E9E9; border:none; padding-left:7px; } .inf-main_3000311ca56a1cb93397bc676c0b7fff .inf-input.inf-error label, .inf-main_3000311ca56a1cb93397bc676c0b7fff .inf-input.inf-error span.inf-message{ color: #cc0033; } .inf-\nmain_3000311ca56a1cb93397bc676c0b7fff .inf-input.inf-error input{ border: 1px solid #cc0033; } .inf-main_3000311ca56a1cb93397bc676c0b7fff .inf-input input { width:100%;} .inf-main_3000311ca56a1cb93397bc676c0b7fff .inf-input.inf-error\nspan.inf-message { display: block; } .inf-main_3000311ca56a1cb93397bc676c0b7fff .inf-submit { text-align:right;} .inf-main_3000311ca56a1cb93397bc676c0b7fff .inf-submit input{ background-color:#777777; color:#ffffff; border:none; font-weight:\nnormal; height:auto; padding:7px; } .inf-main_3000311ca56a1cb93397bc676c0b7fff .inf-submit input.disabled{ opacity: 0.4; } .inf-btn { color: rgb(85, 85, 85); border: medium none; font-weight: normal; height: auto; padding: 7px; display: inline-block;\nbackground-color: white; box-shadow: 0px 1px 1px rgba(0, 0, 0, 0.24); border-radius: 2px; line-height: 1em; } .inf-rgpd { margin:25px 0px 15px 0px; color:#555555; } <\/style> <div class=\"inf-main_3000311ca56a1cb93397bc676c0b7fff\">\n<h4>NEWSLETTER DES FREIEN BLICKS<\/h4> <span>Erhalten Sie unsere Artikel jeden Sonntag.<\/span> <div class=\"inf-success\" style=\"display:none\"> <h4>Ihre Anmeldung f\u00fcr unseren w\u00f6chentlichen Newsletter wurde erfolgreich registriert!<\/h4> <p>\n<a href=\"#\" class=\"inf-btn\">\u00ab<\/a> <\/p> <\/div> <div class=\"inf-content\"> <div class=\"inf-input inf-input-text\"> <input type=\"text\" name=\"inf[1]\" data-inf-meta = \"1\" data-inf-error = \"Merci de renseigner une adresse email\" required=\"required\"\nplaceholder=\"E-Mail\" > <\/div> <div class=\"inf-submit\"> <input type=\"submit\" name=\"\" value=\"Anmelden\"> <\/div> <\/div> <\/div> <\/form>\n\n\n\n<p>Der Aufstieg Chinas hat bei dieser Entwicklung eine entscheidende Rolle gespielt. In den 1990er Jahren glaubten viele, dass seine Integration in den Welthandel dazu f\u00fchren w\u00fcrde, dass das Land allm\u00e4hlich zu einem liberaleren Modell konvergiert. China kombinierte jedoch Handels\u00f6ffnung und staatliche Strategie und nutzte seine wirtschaftliche St\u00e4rke, um seine geopolitische Position zu st\u00e4rken. Dieser Kurs hat die Zweifel an der Idee einer sich selbst stabilisierenden liberalen Ordnung gen\u00e4hrt.<\/p>\n\n\n\n<p>Ein weiterer Faktor f\u00fcr den Niedergang dieser Idee sind die Asymmetrien der gegenseitigen Abh\u00e4ngigkeit. Die internationalen Wirtschaftsbeziehungen sind nie vollkommen ausgeglichen: Einige L\u00e4nder sind st\u00e4rker von ihren Partnern abh\u00e4ngig als umgekehrt\u00a0<em>(<a href=\"https:\/\/leregardlibre.com\/de\/wirtschaft\/epargne-jean-marc-daniel\/\">lesen Sie auch die Analyse von Jean-Marc Daniel<\/a>)<\/em>. Wenn diese Verwundbarkeit sichtbar wird, sei es bei Energie, Technologie oder Rohstoffen, w\u00e4chst die Versuchung, die Abh\u00e4ngigkeit zu verringern, selbst um den Preis eines R\u00fcckschritts beim Freihandel.<\/p>\n\n\n\n<h2 class=\"wp-block-heading\" id=\"h-dominance-liberale\">Liberale Dominanz<\/h2>\n\n\n\n<p>Dies bedeutet jedoch nicht, dass die liberale internationale Ordnung verschwunden ist. Institutionen, Handelsabkommen und rechtliche Regeln strukturieren nach wie vor einen Grossteil des internationalen Handels. Und obwohl die Zahl der weltweit neu eingef\u00fchrten Freihandelsabkommen Mitte der 1990er Jahre ihren H\u00f6hepunkt erreichte, bedeutet dies nicht, dass ihr kumulatives Wachstum danach stagnierte, ganz im Gegenteil. Es waren noch nie so viele in Kraft.<\/p>\n\n\n\n<p>Dieser Rahmen wird nun jedoch durch industriepolitische Massnahmen, wirtschaftliche Sicherheitsmassnahmen oder Standortverlagerungsstrategien erg\u00e4nzt \u2013 oder umgangen. Die Schweiz ist ein gutes Beispiel f\u00fcr diese Spannung. Sie geh\u00f6rt traditionell zu den konsequentesten Verfechtern des Freihandels und setzt sich weiterhin f\u00fcr wirtschaftliche Offenheit ein. Doch selbst in diesem Kontext w\u00e4chst der Druck: Umweltauflagen in Handelsabkommen, Debatten \u00fcber Industriepolitik \u2013 auch auf der rechten Seite \u2013 oder Bedenken hinsichtlich der wirtschaftlichen Sicherheit.<\/p>\n\n\n\n<h6 class=\"wp-block-heading\" id=\"h-a-lire-aussi-le-regard-libre-aux-etats-unis\">Lesen Sie auch | <a href=\"https:\/\/leregardlibre.com\/de\/politik\/welt\/vereinigte-staaten-freier-blick\/\" type=\"post\" id=\"529898\"><em>Le Regard Libre<\/em> in den USA<\/a><\/h6>\n\n\n\n<p>Die Welt gibt also den Liberalismus nicht auf, sondern entwickelt sich zu einem Hybridsystem. Die internationale Wirtschaftsordnung gleicht immer mehr einem \u00abMillefeuille\u00bb, in dem die Regeln des freien Handels neben Machtpolitik und Sicherheitsbedenken bestehen. Vor diesem Hintergrund ist die zentrale Frage nicht, ob der Liberalismus \u00fcberleben wird, sondern in welcher Form er sich daran anpassen kann.<\/p>\n\n\n\n<p>In dieser Hinsicht bricht die von der Schweiz mit den USA unterzeichnete gemeinsame Erkl\u00e4rung v\u00f6llig mit dem, wof\u00fcr die Eidgenossenschaft und die WTO eintreten. Artikel 5 des Textes, in dem von \u00abwirtschaftlicher Sicherheit\u00bb die Rede ist, schr\u00e4nkt die M\u00f6glichkeit der Alpenrepublik, mit Drittstaaten zu handeln, drastisch ein, d.h. in der Tat mit China. Ein solches Signal kommt zu einem ung\u00fcnstigen Zeitpunkt, da Bern gerade sein Freihandelsabkommen mit Peking aktualisiert.<\/p>\n\n\n\n<p><em><strong>C\u00e9dric Dupont<\/strong> ist Professor f\u00fcr Internationale Beziehungen und Politikwissenschaft am Graduate Institute of International and Development Studies (IHEID). Dieser Text ist eine zusammengefasste Version von\u00a0<\/em>Der Freie Blick<em>\u00a0aus ihrem Vortrag, den sie im Februar bei der Journ\u00e9e lib\u00e9rale romande in Lausanne gehalten hat.<\/em><\/p>\n\n\n\n<h6 class=\"wp-block-heading\" id=\"h-vous-venez-de-lire-un-article-en-libre-acces-tire-de-notre-dossier-quelles-alliances-pour-les-liberaux-publie-dans-notre-edition-papier-le-regard-libre-n-125-debats-analyses-actualites-culturelles-abonnez-vous-a-notre-media-de-reflexion-pour-nous-soutenir-et-avoir-acces-a-tous-nos-contenus\">Sie haben gerade einen frei zug\u00e4nglichen Artikel aus unserem Dossier \u00abWelche Allianzen f\u00fcr Liberale?\u00bb gelesen, der in unserer Printausgabe (<a href=\"https:\/\/leregardlibre.com\/de\/cpt-editions\/le-regard-libre-125-liberaux\/\"><em>DER FREIE BLICK\u00a0<\/em>N\u00b0125<\/a>). Debatten, Analysen, Kulturnachrichten:\u00a0<a href=\"https:\/\/leregardlibre.com\/de\/abonnement\/\">abonnieren Sie<\/a>\u00a0zu unserem Reflexionsmedium, um uns zu unterst\u00fctzen und Zugang zu all unseren Inhalten zu erhalten.<\/h6>","protected":false},"excerpt":{"rendered":"<p>Die Intensivierung des Handels nach 1989 hat die Vorstellung von einer Welt gen\u00e4hrt, die von Kooperation bestimmt wird. Heute ersch\u00fcttern geopolitische Rivalit\u00e4ten diesen Glauben und gestalten die Wirtschaftsbeziehungen neu.<\/p>","protected":false},"author":1259,"featured_media":532247,"comment_status":"open","ping_status":"closed","sticky":false,"template":"","format":"standard","meta":{"_acf_changed":false,"footnotes":""},"categories":[644357281],"tags":[9472,699,378150,33225],"class_list":["post-532246","post","type-post","status-publish","format-standard","has-post-thumbnail","hentry","category-monde","tag-analyses","tag-etats-unis","tag-geopolitique","tag-liberalisme"],"acf":[],"yoast_head":"<!-- This site is optimized with the Yoast SEO Premium plugin v27.4 (Yoast SEO v27.4) - https:\/\/yoast.com\/product\/yoast-seo-premium-wordpress\/ -->\n<title>L\u2019ordre international lib\u00e9ral\u00a0face au retour de la puissance<\/title>\n<meta name=\"description\" content=\"Les rivalit\u00e9s g\u00e9opolitiques bousculent la croyance d\u2019un monde r\u00e9gi par la coop\u00e9ration et recomposent les relations \u00e9conomiques. C\u00e9dric Dupont\" \/>\n<meta name=\"robots\" content=\"index, follow, max-snippet:-1, max-image-preview:large, max-video-preview:-1\" \/>\n<link rel=\"canonical\" href=\"https:\/\/leregardlibre.com\/de\/politik\/welt\/liberale-internationale-ordnung\/\" \/>\n<meta property=\"og:locale\" content=\"de_DE\" \/>\n<meta property=\"og:type\" content=\"article\" \/>\n<meta property=\"og:title\" content=\"L\u2019ordre international lib\u00e9ral\u00a0face au retour de la puissance\" \/>\n<meta property=\"og:description\" content=\"Les rivalit\u00e9s g\u00e9opolitiques bousculent la croyance d\u2019un monde r\u00e9gi par la coop\u00e9ration et recomposent les relations \u00e9conomiques. C\u00e9dric Dupont\" \/>\n<meta property=\"og:url\" content=\"https:\/\/leregardlibre.com\/de\/politik\/welt\/liberale-internationale-ordnung\/\" \/>\n<meta property=\"og:site_name\" content=\"Le Regard Libre\" \/>\n<meta property=\"article:publisher\" content=\"https:\/\/www.facebook.com\/leregardlibre\/\" \/>\n<meta property=\"article:published_time\" content=\"2026-04-27T07:30:00+00:00\" \/>\n<meta property=\"article:modified_time\" content=\"2026-04-27T15:30:56+00:00\" \/>\n<meta property=\"og:image\" content=\"https:\/\/leregardlibre.com\/wp-content\/uploads\/2026\/04\/markus-spiske-via-unsplash.jpg\" \/>\n\t<meta property=\"og:image:width\" content=\"1920\" \/>\n\t<meta property=\"og:image:height\" content=\"1280\" \/>\n\t<meta property=\"og:image:type\" content=\"image\/jpeg\" \/>\n<meta name=\"author\" content=\"C\u00e9dric Dupont\" \/>\n<meta name=\"twitter:card\" content=\"summary_large_image\" \/>\n<meta name=\"twitter:creator\" content=\"@LeRegardLibre\" \/>\n<meta name=\"twitter:site\" content=\"@LeRegardLibre\" \/>\n<meta name=\"twitter:label1\" content=\"Verfasst von\" \/>\n\t<meta name=\"twitter:data1\" content=\"C\u00e9dric Dupont\" \/>\n\t<meta name=\"twitter:label2\" content=\"Gesch\u00e4tzte Lesezeit\" \/>\n\t<meta name=\"twitter:data2\" content=\"5\u00a0Minuten\" \/>\n<script type=\"application\/ld+json\" class=\"yoast-schema-graph\">{\"@context\":\"https:\\\/\\\/schema.org\",\"@graph\":[{\"@type\":\"Article\",\"@id\":\"https:\\\/\\\/leregardlibre.com\\\/politique\\\/monde\\\/ordre-international-liberal\\\/#article\",\"isPartOf\":{\"@id\":\"https:\\\/\\\/leregardlibre.com\\\/politique\\\/monde\\\/ordre-international-liberal\\\/\"},\"author\":{\"name\":\"C\u00e9dric Dupont\",\"@id\":\"https:\\\/\\\/leregardlibre.com\\\/#\\\/schema\\\/person\\\/20fffde4f8b940bf9073f0156c278010\"},\"headline\":\"L\u2019ordre international lib\u00e9ral\u00a0face au retour de la puissance\",\"datePublished\":\"2026-04-27T07:30:00+00:00\",\"dateModified\":\"2026-04-27T15:30:56+00:00\",\"mainEntityOfPage\":{\"@id\":\"https:\\\/\\\/leregardlibre.com\\\/politique\\\/monde\\\/ordre-international-liberal\\\/\"},\"wordCount\":987,\"commentCount\":0,\"publisher\":{\"@id\":\"https:\\\/\\\/leregardlibre.com\\\/#organization\"},\"image\":{\"@id\":\"https:\\\/\\\/leregardlibre.com\\\/politique\\\/monde\\\/ordre-international-liberal\\\/#primaryimage\"},\"thumbnailUrl\":\"https:\\\/\\\/leregardlibre.com\\\/wp-content\\\/uploads\\\/2026\\\/04\\\/markus-spiske-via-unsplash.jpg\",\"keywords\":[\"Analyse\",\"Etats-Unis\",\"G\u00e9opolitique\",\"Lib\u00e9ralisme\"],\"articleSection\":[\"Monde\"],\"inLanguage\":\"de\",\"potentialAction\":[{\"@type\":\"CommentAction\",\"name\":\"Comment\",\"target\":[\"https:\\\/\\\/leregardlibre.com\\\/politique\\\/monde\\\/ordre-international-liberal\\\/#respond\"]}]},{\"@type\":\"WebPage\",\"@id\":\"https:\\\/\\\/leregardlibre.com\\\/politique\\\/monde\\\/ordre-international-liberal\\\/\",\"url\":\"https:\\\/\\\/leregardlibre.com\\\/politique\\\/monde\\\/ordre-international-liberal\\\/\",\"name\":\"L\u2019ordre international lib\u00e9ral\u00a0face au retour de la puissance\",\"isPartOf\":{\"@id\":\"https:\\\/\\\/leregardlibre.com\\\/#website\"},\"primaryImageOfPage\":{\"@id\":\"https:\\\/\\\/leregardlibre.com\\\/politique\\\/monde\\\/ordre-international-liberal\\\/#primaryimage\"},\"image\":{\"@id\":\"https:\\\/\\\/leregardlibre.com\\\/politique\\\/monde\\\/ordre-international-liberal\\\/#primaryimage\"},\"thumbnailUrl\":\"https:\\\/\\\/leregardlibre.com\\\/wp-content\\\/uploads\\\/2026\\\/04\\\/markus-spiske-via-unsplash.jpg\",\"datePublished\":\"2026-04-27T07:30:00+00:00\",\"dateModified\":\"2026-04-27T15:30:56+00:00\",\"description\":\"Les rivalit\u00e9s g\u00e9opolitiques bousculent la croyance d\u2019un monde r\u00e9gi par la coop\u00e9ration et recomposent les relations \u00e9conomiques. C\u00e9dric Dupont\",\"breadcrumb\":{\"@id\":\"https:\\\/\\\/leregardlibre.com\\\/politique\\\/monde\\\/ordre-international-liberal\\\/#breadcrumb\"},\"inLanguage\":\"de\",\"potentialAction\":[{\"@type\":\"ReadAction\",\"target\":[\"https:\\\/\\\/leregardlibre.com\\\/politique\\\/monde\\\/ordre-international-liberal\\\/\"]}]},{\"@type\":\"ImageObject\",\"inLanguage\":\"de\",\"@id\":\"https:\\\/\\\/leregardlibre.com\\\/politique\\\/monde\\\/ordre-international-liberal\\\/#primaryimage\",\"url\":\"https:\\\/\\\/leregardlibre.com\\\/wp-content\\\/uploads\\\/2026\\\/04\\\/markus-spiske-via-unsplash.jpg\",\"contentUrl\":\"https:\\\/\\\/leregardlibre.com\\\/wp-content\\\/uploads\\\/2026\\\/04\\\/markus-spiske-via-unsplash.jpg\",\"width\":1920,\"height\":1280,\"caption\":\"Photo: Markus Spiske (via Unsplash)\"},{\"@type\":\"BreadcrumbList\",\"@id\":\"https:\\\/\\\/leregardlibre.com\\\/politique\\\/monde\\\/ordre-international-liberal\\\/#breadcrumb\",\"itemListElement\":[{\"@type\":\"ListItem\",\"position\":1,\"name\":\"Accueil\",\"item\":\"https:\\\/\\\/leregardlibre.com\\\/\"},{\"@type\":\"ListItem\",\"position\":2,\"name\":\"L\u2019ordre international lib\u00e9ral\u00a0face au retour de la puissance\"}]},{\"@type\":\"WebSite\",\"@id\":\"https:\\\/\\\/leregardlibre.com\\\/#website\",\"url\":\"https:\\\/\\\/leregardlibre.com\\\/\",\"name\":\"Le Regard Libre\",\"description\":\"Premier mensuel suisse de d\u00e9bat\",\"publisher\":{\"@id\":\"https:\\\/\\\/leregardlibre.com\\\/#organization\"},\"potentialAction\":[{\"@type\":\"SearchAction\",\"target\":{\"@type\":\"EntryPoint\",\"urlTemplate\":\"https:\\\/\\\/leregardlibre.com\\\/?s={search_term_string}\"},\"query-input\":{\"@type\":\"PropertyValueSpecification\",\"valueRequired\":true,\"valueName\":\"search_term_string\"}}],\"inLanguage\":\"de\"},{\"@type\":\"Organization\",\"@id\":\"https:\\\/\\\/leregardlibre.com\\\/#organization\",\"name\":\"Le Regard Libre\",\"url\":\"https:\\\/\\\/leregardlibre.com\\\/\",\"logo\":{\"@type\":\"ImageObject\",\"inLanguage\":\"de\",\"@id\":\"https:\\\/\\\/leregardlibre.com\\\/#\\\/schema\\\/logo\\\/image\\\/\",\"url\":\"https:\\\/\\\/leregardlibre.com\\\/wp-content\\\/uploads\\\/2025\\\/08\\\/logo-rl-icone-neg.jpeg\",\"contentUrl\":\"https:\\\/\\\/leregardlibre.com\\\/wp-content\\\/uploads\\\/2025\\\/08\\\/logo-rl-icone-neg.jpeg\",\"width\":557,\"height\":556,\"caption\":\"Le Regard Libre\"},\"image\":{\"@id\":\"https:\\\/\\\/leregardlibre.com\\\/#\\\/schema\\\/logo\\\/image\\\/\"},\"sameAs\":[\"https:\\\/\\\/www.facebook.com\\\/leregardlibre\\\/\",\"https:\\\/\\\/x.com\\\/LeRegardLibre\",\"https:\\\/\\\/www.linkedin.com\\\/company\\\/le-regard-libre\",\"https:\\\/\\\/www.instagram.com\\\/leregardlibre\\\/\",\"http:\\\/\\\/t.me\\\/leregardlibre\",\"https:\\\/\\\/youtube.com\\\/channel\\\/UC6HzGPomj1LsUmlz-sJtITQ\"],\"description\":\"Le Regard Libre est un mensuel suisse de d\u00e9bat intellectuel et culturel. Sa r\u00e9daction est jeune, b\u00e9n\u00e9vole, lib\u00e9rale et pluraliste. Le magazine para\u00eet en ligne et sous forme papier. Sa langue est le fran\u00e7ais.\",\"email\":\"redaction@leregardlibre.com\",\"legalName\":\"Le Regard Libre\",\"foundingDate\":\"2014-01-01\",\"numberOfEmployees\":{\"@type\":\"QuantitativeValue\",\"minValue\":\"11\",\"maxValue\":\"50\"},\"publishingPrinciples\":\"https:\\\/\\\/leregardlibre.com\\\/a-propos\\\/notre-manifeste\\\/\",\"ownershipFundingInfo\":\"https:\\\/\\\/leregardlibre.com\\\/mentions-legales\\\/\",\"actionableFeedbackPolicy\":\"https:\\\/\\\/leregardlibre.com\\\/conditions-generales-de-vente\\\/\"},{\"@type\":\"Person\",\"@id\":\"https:\\\/\\\/leregardlibre.com\\\/#\\\/schema\\\/person\\\/20fffde4f8b940bf9073f0156c278010\",\"name\":\"C\u00e9dric Dupont\",\"image\":{\"@type\":\"ImageObject\",\"inLanguage\":\"de\",\"@id\":\"https:\\\/\\\/secure.gravatar.com\\\/avatar\\\/99f508fafdd4e67e0860d692e91dec1e58cbd118e4fd7f4b621c704c78cb7671?s=96&d=identicon&r=g\",\"url\":\"https:\\\/\\\/secure.gravatar.com\\\/avatar\\\/99f508fafdd4e67e0860d692e91dec1e58cbd118e4fd7f4b621c704c78cb7671?s=96&d=identicon&r=g\",\"contentUrl\":\"https:\\\/\\\/secure.gravatar.com\\\/avatar\\\/99f508fafdd4e67e0860d692e91dec1e58cbd118e4fd7f4b621c704c78cb7671?s=96&d=identicon&r=g\",\"caption\":\"C\u00e9dric Dupont\"},\"description\":\"C\u00e9dric Dupont est professeur de relations internationales et sciences politiques \u00e0 l\u2019Institut de hautes \u00e9tudes internationales et du d\u00e9veloppement (IHEID).\",\"url\":\"https:\\\/\\\/leregardlibre.com\\\/de\\\/author\\\/cedric-dupot\\\/\"}]}<\/script>\n<!-- \/ Yoast SEO Premium plugin. -->","yoast_head_json":{"title":"Die liberale internationale Ordnung angesichts der R\u00fcckkehr der Macht","description":"Geopolitische Rivalit\u00e4ten ersch\u00fcttern den Glauben an eine Welt, die von Kooperation bestimmt wird, und stellen die Wirtschaftsbeziehungen neu zusammen. C\u00e9dric Dupont","robots":{"index":"index","follow":"follow","max-snippet":"max-snippet:-1","max-image-preview":"max-image-preview:large","max-video-preview":"max-video-preview:-1"},"canonical":"https:\/\/leregardlibre.com\/de\/politik\/welt\/liberale-internationale-ordnung\/","og_locale":"de_DE","og_type":"article","og_title":"L\u2019ordre international lib\u00e9ral\u00a0face au retour de la puissance","og_description":"Les rivalit\u00e9s g\u00e9opolitiques bousculent la croyance d\u2019un monde r\u00e9gi par la coop\u00e9ration et recomposent les relations \u00e9conomiques. C\u00e9dric Dupont","og_url":"https:\/\/leregardlibre.com\/de\/politik\/welt\/liberale-internationale-ordnung\/","og_site_name":"Le Regard Libre","article_publisher":"https:\/\/www.facebook.com\/leregardlibre\/","article_published_time":"2026-04-27T07:30:00+00:00","article_modified_time":"2026-04-27T15:30:56+00:00","og_image":[{"width":1920,"height":1280,"url":"https:\/\/leregardlibre.com\/wp-content\/uploads\/2026\/04\/markus-spiske-via-unsplash.jpg","type":"image\/jpeg"}],"author":"C\u00e9dric Dupont","twitter_card":"summary_large_image","twitter_creator":"@LeRegardLibre","twitter_site":"@LeRegardLibre","twitter_misc":{"Verfasst von":"C\u00e9dric Dupont","Gesch\u00e4tzte Lesezeit":"5\u00a0Minuten"},"schema":{"@context":"https:\/\/schema.org","@graph":[{"@type":"Article","@id":"https:\/\/leregardlibre.com\/politique\/monde\/ordre-international-liberal\/#article","isPartOf":{"@id":"https:\/\/leregardlibre.com\/politique\/monde\/ordre-international-liberal\/"},"author":{"name":"C\u00e9dric Dupont","@id":"https:\/\/leregardlibre.com\/#\/schema\/person\/20fffde4f8b940bf9073f0156c278010"},"headline":"L\u2019ordre international lib\u00e9ral\u00a0face au retour de la puissance","datePublished":"2026-04-27T07:30:00+00:00","dateModified":"2026-04-27T15:30:56+00:00","mainEntityOfPage":{"@id":"https:\/\/leregardlibre.com\/politique\/monde\/ordre-international-liberal\/"},"wordCount":987,"commentCount":0,"publisher":{"@id":"https:\/\/leregardlibre.com\/#organization"},"image":{"@id":"https:\/\/leregardlibre.com\/politique\/monde\/ordre-international-liberal\/#primaryimage"},"thumbnailUrl":"https:\/\/leregardlibre.com\/wp-content\/uploads\/2026\/04\/markus-spiske-via-unsplash.jpg","keywords":["Analyse","Etats-Unis","G\u00e9opolitique","Lib\u00e9ralisme"],"articleSection":["Monde"],"inLanguage":"de","potentialAction":[{"@type":"CommentAction","name":"Comment","target":["https:\/\/leregardlibre.com\/politique\/monde\/ordre-international-liberal\/#respond"]}]},{"@type":"WebPage","@id":"https:\/\/leregardlibre.com\/politique\/monde\/ordre-international-liberal\/","url":"https:\/\/leregardlibre.com\/politique\/monde\/ordre-international-liberal\/","name":"Die liberale internationale Ordnung angesichts der R\u00fcckkehr der Macht","isPartOf":{"@id":"https:\/\/leregardlibre.com\/#website"},"primaryImageOfPage":{"@id":"https:\/\/leregardlibre.com\/politique\/monde\/ordre-international-liberal\/#primaryimage"},"image":{"@id":"https:\/\/leregardlibre.com\/politique\/monde\/ordre-international-liberal\/#primaryimage"},"thumbnailUrl":"https:\/\/leregardlibre.com\/wp-content\/uploads\/2026\/04\/markus-spiske-via-unsplash.jpg","datePublished":"2026-04-27T07:30:00+00:00","dateModified":"2026-04-27T15:30:56+00:00","description":"Geopolitische Rivalit\u00e4ten ersch\u00fcttern den Glauben an eine Welt, die von Kooperation bestimmt wird, und stellen die Wirtschaftsbeziehungen neu zusammen. C\u00e9dric Dupont","breadcrumb":{"@id":"https:\/\/leregardlibre.com\/politique\/monde\/ordre-international-liberal\/#breadcrumb"},"inLanguage":"de","potentialAction":[{"@type":"ReadAction","target":["https:\/\/leregardlibre.com\/politique\/monde\/ordre-international-liberal\/"]}]},{"@type":"ImageObject","inLanguage":"de","@id":"https:\/\/leregardlibre.com\/politique\/monde\/ordre-international-liberal\/#primaryimage","url":"https:\/\/leregardlibre.com\/wp-content\/uploads\/2026\/04\/markus-spiske-via-unsplash.jpg","contentUrl":"https:\/\/leregardlibre.com\/wp-content\/uploads\/2026\/04\/markus-spiske-via-unsplash.jpg","width":1920,"height":1280,"caption":"Photo: Markus Spiske (via Unsplash)"},{"@type":"BreadcrumbList","@id":"https:\/\/leregardlibre.com\/politique\/monde\/ordre-international-liberal\/#breadcrumb","itemListElement":[{"@type":"ListItem","position":1,"name":"Accueil","item":"https:\/\/leregardlibre.com\/"},{"@type":"ListItem","position":2,"name":"L\u2019ordre international lib\u00e9ral\u00a0face au retour de la puissance"}]},{"@type":"WebSite","@id":"https:\/\/leregardlibre.com\/#website","url":"https:\/\/leregardlibre.com\/","name":"Le Regard Libre","description":"Erste Schweizer Monatszeitschrift f\u00fcr Debatten","publisher":{"@id":"https:\/\/leregardlibre.com\/#organization"},"potentialAction":[{"@type":"SearchAction","target":{"@type":"EntryPoint","urlTemplate":"https:\/\/leregardlibre.com\/?s={search_term_string}"},"query-input":{"@type":"PropertyValueSpecification","valueRequired":true,"valueName":"search_term_string"}}],"inLanguage":"de"},{"@type":"Organization","@id":"https:\/\/leregardlibre.com\/#organization","name":"Le Regard Libre","url":"https:\/\/leregardlibre.com\/","logo":{"@type":"ImageObject","inLanguage":"de","@id":"https:\/\/leregardlibre.com\/#\/schema\/logo\/image\/","url":"https:\/\/leregardlibre.com\/wp-content\/uploads\/2025\/08\/logo-rl-icone-neg.jpeg","contentUrl":"https:\/\/leregardlibre.com\/wp-content\/uploads\/2025\/08\/logo-rl-icone-neg.jpeg","width":557,"height":556,"caption":"Le Regard Libre"},"image":{"@id":"https:\/\/leregardlibre.com\/#\/schema\/logo\/image\/"},"sameAs":["https:\/\/www.facebook.com\/leregardlibre\/","https:\/\/x.com\/LeRegardLibre","https:\/\/www.linkedin.com\/company\/le-regard-libre","https:\/\/www.instagram.com\/leregardlibre\/","http:\/\/t.me\/leregardlibre","https:\/\/youtube.com\/channel\/UC6HzGPomj1LsUmlz-sJtITQ"],"description":"Le Regard Libre ist eine Schweizer Monatszeitschrift f\u00fcr intellektuelle und kulturelle Debatten. Seine Redaktion ist jung, ehrenamtlich, liberal und pluralistisch. Das Magazin erscheint online und in gedruckter Form. Seine Sprache ist Franz\u00f6sisch.","email":"redaction@leregardlibre.com","legalName":"Le Regard Libre","foundingDate":"2014-01-01","numberOfEmployees":{"@type":"QuantitativeValue","minValue":"11","maxValue":"50"},"publishingPrinciples":"https:\/\/leregardlibre.com\/a-propos\/notre-manifeste\/","ownershipFundingInfo":"https:\/\/leregardlibre.com\/mentions-legales\/","actionableFeedbackPolicy":"https:\/\/leregardlibre.com\/conditions-generales-de-vente\/"},{"@type":"Person","@id":"https:\/\/leregardlibre.com\/#\/schema\/person\/20fffde4f8b940bf9073f0156c278010","name":"C\u00e9dric Dupont","image":{"@type":"ImageObject","inLanguage":"de","@id":"https:\/\/secure.gravatar.com\/avatar\/99f508fafdd4e67e0860d692e91dec1e58cbd118e4fd7f4b621c704c78cb7671?s=96&d=identicon&r=g","url":"https:\/\/secure.gravatar.com\/avatar\/99f508fafdd4e67e0860d692e91dec1e58cbd118e4fd7f4b621c704c78cb7671?s=96&d=identicon&r=g","contentUrl":"https:\/\/secure.gravatar.com\/avatar\/99f508fafdd4e67e0860d692e91dec1e58cbd118e4fd7f4b621c704c78cb7671?s=96&d=identicon&r=g","caption":"C\u00e9dric Dupont"},"description":"C\u00e9dric Dupont ist Professor f\u00fcr Internationale Beziehungen und Politikwissenschaft am Graduate Institute of International and Development Studies (IHEID).","url":"https:\/\/leregardlibre.com\/de\/author\/cedric-dupot\/"}]}},"_links":{"self":[{"href":"https:\/\/leregardlibre.com\/de\/wp-json\/wp\/v2\/posts\/532246","targetHints":{"allow":["GET"]}}],"collection":[{"href":"https:\/\/leregardlibre.com\/de\/wp-json\/wp\/v2\/posts"}],"about":[{"href":"https:\/\/leregardlibre.com\/de\/wp-json\/wp\/v2\/types\/post"}],"author":[{"embeddable":true,"href":"https:\/\/leregardlibre.com\/de\/wp-json\/wp\/v2\/users\/1259"}],"replies":[{"embeddable":true,"href":"https:\/\/leregardlibre.com\/de\/wp-json\/wp\/v2\/comments?post=532246"}],"version-history":[{"count":3,"href":"https:\/\/leregardlibre.com\/de\/wp-json\/wp\/v2\/posts\/532246\/revisions"}],"predecessor-version":[{"id":532278,"href":"https:\/\/leregardlibre.com\/de\/wp-json\/wp\/v2\/posts\/532246\/revisions\/532278"}],"wp:featuredmedia":[{"embeddable":true,"href":"https:\/\/leregardlibre.com\/de\/wp-json\/wp\/v2\/media\/532247"}],"wp:attachment":[{"href":"https:\/\/leregardlibre.com\/de\/wp-json\/wp\/v2\/media?parent=532246"}],"wp:term":[{"taxonomy":"category","embeddable":true,"href":"https:\/\/leregardlibre.com\/de\/wp-json\/wp\/v2\/categories?post=532246"},{"taxonomy":"post_tag","embeddable":true,"href":"https:\/\/leregardlibre.com\/de\/wp-json\/wp\/v2\/tags?post=532246"}],"curies":[{"name":"wp","href":"https:\/\/api.w.org\/{rel}","templated":true}]}}