{"id":532306,"date":"2026-05-01T12:00:00","date_gmt":"2026-05-01T10:00:00","guid":{"rendered":"https:\/\/leregardlibre.com\/?p=532306"},"modified":"2026-05-01T12:11:33","modified_gmt":"2026-05-01T10:11:33","slug":"libertare-konservative","status":"publish","type":"post","link":"https:\/\/leregardlibre.com\/de\/geschichte\/libertare-konservative\/","title":{"rendered":"Der Pakt der Libert\u00e4ren mit den Konservativen"},"content":{"rendered":"<p class=\"has-drop-cap\"><strong>Die libert\u00e4re Str\u00f6mung in den USA, deren wichtigste Figur Murray Rothbard war, hat den dogmatischen Anti-Etatismus verlassen und sich mit der populistischen Rechten verb\u00fcndet. Diese Entwicklung wirft f\u00fcr die Liberalen eine zentrale Frage auf: Wie weit kann man sich verb\u00fcnden, ohne sich selbst zu verleugnen?<\/strong><\/p>\n\n\n\n<!--more-->\n\n\n\n<p>In den letzten Jahren haben die libert\u00e4ren Ideen eine neue Sichtbarkeit erfahren. Die Wahl von Javier Milei in Argentinien, die Rolle einiger Figuren aus dem Silicon Valley oder auch die durch den Trumpismus ausgel\u00f6sten Debatten haben dazu beigetragen, diese Str\u00f6mung wieder in den Mittelpunkt der Diskussionen \u00fcber die Zukunft des Liberalismus zu r\u00fccken. Dennoch offenbart die intellektuelle Geschichte des Libertarismus eine komplexe Entwicklung, die von manchmal paradoxen politischen Allianzen gepr\u00e4gt ist.<\/p>\n\n\n\n<p>Einer der entscheidenden Denker dieser Str\u00f6mung ist der amerikanische Wirtschaftswissenschaftler und Philosoph Murray Rothbard (1926-1995). Als Sch\u00fcler der \u00d6sterreichischen Schule der Wirtschaftswissenschaften und eines ihrer wichtigsten Theoretiker, des \u00f6sterreichisch-amerikanischen \u00d6konomen Ludwig von Mises, radikalisierte Rothbard die Grunds\u00e4tze der klassischen Liberalen. W\u00e4hrend die Liberalen f\u00fcr einen Minimalstaat eintraten, der sich zumindest auf die hoheitlichen Funktionen Verteidigung, Polizei und Justiz beschr\u00e4nkt, ging Rothbard noch einen Schritt weiter: Er pl\u00e4dierte f\u00fcr die v\u00f6llige Abschaffung des Staates. Nach dieser Theorie, die oft als Anarchokapitalismus bezeichnet wird, stellt jeder staatliche Zwang einen Angriff auf die nat\u00fcrlichen Rechte des Individuums dar.<\/p>\n\n\n\n<h2 class=\"wp-block-heading\" id=\"h-tradition-des-droits-naturels-de-locke\"><strong>Tradition der nat\u00fcrlichen Rechte von Locke<\/strong><\/h2>\n\n\n\n<p>Im Zentrum dieser Philosophie steht eine zentrale Idee: die absolute Souver\u00e4nit\u00e4t des Individuums. Aus dieser Perspektive ist Privateigentum ein Grundrecht und jede Form der Besteuerung wird zu einer Enteignung. Steuern in jeglicher Form werden als Verletzung des Eigentumsrechts, als schlichter Diebstahl angesehen. Die Rolle des Staates kann daher nicht gerechtfertigt werden. Diese Radikalisierung unterscheidet Rothbard grundlegend von den grossen Vertretern des Liberalismus des 20.<sup>.<\/sup>\u00a0Jahrhundert. Autoren wie Friedrich Hayek \u2013 ebenfalls aus der \u00f6sterreichischen Tradition \u2013 oder Milton Friedman \u2013 Inspirator des Monetarismus \u2013 hielten hingegen an der Idee eines Minimalstaates fest.<\/p>\n\n\n\n<p>Diese Meinungsverschiedenheit betrifft nicht nur die Rolle des Staates. Sie betrifft auch die Art und Weise, wie der Kapitalismus gerechtfertigt wird. Die klassischen liberalen \u00d6konomen verfolgten h\u00e4ufig einen utilitaristischen Ansatz: Der Markt ist besser, weil er besser funktioniert und mehr Wohlstand produziert. Rothbard hingegen berief sich auf die Tradition der nat\u00fcrlichen Rechte, die er von John Locke \u00fcbernommen hatte. Der Kapitalismus ist nicht nur moralisch, weil er effizient ist, sondern auch, weil er nicht gegen die unver\u00e4usserlichen Rechte des Einzelnen verst\u00f6sst.<\/p>\n\n\n\n<p>Aus dieser Vision leitet sich das ab, was Libert\u00e4re als \u00abPrinzip der Nicht-Aggression\u00bb bezeichnen: Keine Person darf Zwang oder Gewalt ausgesetzt werden, auch nicht von Seiten des Staates. Diese Idee begr\u00fcndet unter anderem eine starke isolationistische Tradition innerhalb des amerikanischen Libertarismus. Kriege und Interventionen von aussen werden als Verletzung der Rechte des Einzelnen betrachtet.<\/p>\n\n\n\n<h2 class=\"wp-block-heading\" id=\"h-des-alliances-politiques-changeantes\"><strong>Wechselnde politische Allianzen<\/strong><\/h2>\n\n\n\n<p>Doch gerade wenn die libert\u00e4re Doktrin radikal koh\u00e4rent sein will, ist ihre politische Geschichte viel bewegter. In den 1960er Jahren verb\u00fcndete sich ein Teil der amerikanischen Libert\u00e4ren mit der radikalen Linken. Die Opposition gegen den Vietnamkrieg, die Kritik am Staat und die Verteidigung bestimmter pers\u00f6nlicher Freiheiten brachten diese Aktivisten in die N\u00e4he von Protestbewegungen, die manchmal sehr weit vom traditionellen Liberalismus entfernt waren.<\/p>\n\n\n\n<p>Rothbard selbst unterst\u00fctzte einige Akteure der radikalen Linken in den USA und nahm sehr kritische Positionen gegen\u00fcber der Aussenpolitik der USA ein. Die Feindseligkeit gegen\u00fcber milit\u00e4rischen Interventionen bildete damals den Hauptkonvergenzpunkt. Ab den 1970er Jahren fand jedoch ein Umschwung statt. Rothbard und ein Teil der Libert\u00e4ren brachen allm\u00e4hlich mit der Linken und suchten Allianzen auf der konservativen Rechten. Diese strategische Wende wurde in den 1990er Jahren vollends theoretisiert.<\/p>\n\n\n\n<p>Der Kerngedanke ist einfach: Wenn der Libertarismus politisch etwas bewirken will, muss er die akademischen Kreise verlassen und die amerikanischen Mittelschichten, insbesondere die weissen, ansprechen. Hayek und Mises glaubten nicht, dass man \u00fcber Nacht in eine liberale Gesellschaft eintreten k\u00f6nne, und waren der Ansicht, dass sie zun\u00e4chst den Krieg der Ideen gewinnen m\u00fcssten. Rothbard hingegen entschied sich f\u00fcr eine \u00abpopulistische\u00bb Strategie, wie er sie selbst nannte.<\/p>\n\n\n\n<form method=\"post\" action=\"https:\/\/newsletter.infomaniak.com\/external\/submit\" class=\"inf-form\" target=\"_blank\"><input type=\"email\" name=\"email\" style=\"display:none\" \/><input type=\"hidden\" name=\"key\"\nvalue=\"eyJpdiI6IlZXRVJGMlRGQUU2alNqUE81bitIUk5adnNVa0c4MllFTStzOHdHT1FQZ3c9IiwidmFsdWUiOiJIYzhwMUVCK1pTNnlhY3MyMmhuZlhReWJqemEwNk93blMxTjFHc0s2VHZrPSIsIm1hYyI6ImVhYTQ5N2I1M2NiYWE4NzBmNjk2NzgzYjliM2Y5NmYzM2E2ZmU3NGQxNTU1ZDFkMTU1MzY5NTdjYjE3ZTJmNTUifQ==\"><input type=\"hidden\" name=\"webform_id\" value=\"7291\"><style> .inf-main_3000311ca56a1cb93397bc676c0b7fff{ background-color:#f5f5f5;\npadding:25px 20px; margin:25px auto; } .inf-main_3000311ca56a1cb93397bc676c0b7fff .inf-content { margin-top:13px;} .inf-main_3000311ca56a1cb93397bc676c0b7fff h4, .inf-main_3000311ca56a1cb93397bc676c0b7fff span, .inf-\nmain_3000311ca56a1cb93397bc676c0b7fff label, .inf-main_3000311ca56a1cb93397bc676c0b7fff input, .inf-main_3000311ca56a1cb93397bc676c0b7fff .inf-submit, .inf-main_3000311ca56a1cb93397bc676c0b7fff .inf-success p a { color:#555555; font-\nsize:14px; } .inf-main_3000311ca56a1cb93397bc676c0b7fff h4{ font-size:18px; margin:0px 0px 13px 0px; } .inf-main_3000311ca56a1cb93397bc676c0b7fff h4, .inf-main_3000311ca56a1cb93397bc676c0b7fff label{ font-weight:bold; } .inf-\nmain_3000311ca56a1cb93397bc676c0b7fff .inf-input { margin-bottom:7px; } .inf-main_3000311ca56a1cb93397bc676c0b7fff label { display:block;} .inf-main_3000311ca56a1cb93397bc676c0b7fff input{ height:35px; color:#999999; border: 1px solid\n#E9E9E9; border:none; padding-left:7px; } .inf-main_3000311ca56a1cb93397bc676c0b7fff .inf-input.inf-error label, .inf-main_3000311ca56a1cb93397bc676c0b7fff .inf-input.inf-error span.inf-message{ color: #cc0033; } .inf-\nmain_3000311ca56a1cb93397bc676c0b7fff .inf-input.inf-error input{ border: 1px solid #cc0033; } .inf-main_3000311ca56a1cb93397bc676c0b7fff .inf-input input { width:100%;} .inf-main_3000311ca56a1cb93397bc676c0b7fff .inf-input.inf-error\nspan.inf-message { display: block; } .inf-main_3000311ca56a1cb93397bc676c0b7fff .inf-submit { text-align:right;} .inf-main_3000311ca56a1cb93397bc676c0b7fff .inf-submit input{ background-color:#777777; color:#ffffff; border:none; font-weight:\nnormal; height:auto; padding:7px; } .inf-main_3000311ca56a1cb93397bc676c0b7fff .inf-submit input.disabled{ opacity: 0.4; } .inf-btn { color: rgb(85, 85, 85); border: medium none; font-weight: normal; height: auto; padding: 7px; display: inline-block;\nbackground-color: white; box-shadow: 0px 1px 1px rgba(0, 0, 0, 0.24); border-radius: 2px; line-height: 1em; } .inf-rgpd { margin:25px 0px 15px 0px; color:#555555; } <\/style> <div class=\"inf-main_3000311ca56a1cb93397bc676c0b7fff\">\n<h4>NEWSLETTER DES FREIEN BLICKS<\/h4> <span>Erhalten Sie unsere Artikel jeden Sonntag.<\/span> <div class=\"inf-success\" style=\"display:none\"> <h4>Ihre Anmeldung f\u00fcr unseren w\u00f6chentlichen Newsletter wurde erfolgreich registriert!<\/h4> <p>\n<a href=\"#\" class=\"inf-btn\">\u00ab<\/a> <\/p> <\/div> <div class=\"inf-content\"> <div class=\"inf-input inf-input-text\"> <input type=\"text\" name=\"inf[1]\" data-inf-meta = \"1\" data-inf-error = \"Merci de renseigner une adresse email\" required=\"required\"\nplaceholder=\"E-Mail\" > <\/div> <div class=\"inf-submit\"> <input type=\"submit\" name=\"\" value=\"Anmelden\"> <\/div> <\/div> <\/div> <\/form>\n\n\n\n<p>F\u00fcr ihn f\u00fchrt der Weg zur Macht \u00fcber einen Diskurs, der in der Lage ist, einen Teil der W\u00e4hlerschaft gegen die politischen, b\u00fcrokratischen und intellektuellen Eliten zu mobilisieren. Diese Strategie orientiert sich ausdr\u00fccklich an bew\u00e4hrten politischen Methoden, einschliesslich der kommunistischen und nationalsozialistischen. Rothbard hat zum Beispiel genau verstanden, dass die Forderung nach Sicherheit in den USA sehr stark war, und begann daraufhin, das Recht der Polizei zu verteidigen, auf so ziemlich alles zu schiessen, was sich bewegt \u2013 was f\u00fcr einen Liberalen nicht sehr offensichtlich ist.<\/p>\n\n\n\n<h2 class=\"wp-block-heading\" id=\"h-le-tournant-populiste\"><strong>Die populistische Wende<\/strong><\/h2>\n\n\n\n<p>Diese Strategie zeigte sich insbesondere w\u00e4hrend der amerikanischen Pr\u00e4sidentschaftskampagne 1992, als Rothbard die Kandidatur des Konservativen Pat Buchanan in den Vorwahlen der Republikaner unterst\u00fctzte. Buchanan entwickelte daraufhin eine nationalistische und populistische Rhetorik, die in mancher Hinsicht die trumpistische Rhetorik der folgenden Jahrzehnte ank\u00fcndigte.<\/p>\n\n\n\n<p>Dieser Moment markiert einen wichtigen Schritt in der Entwicklung eines Teils der libert\u00e4ren Bewegung. Von diesem Zeitpunkt an versuchten einige Libert\u00e4re, ihre wirtschaftlichen Ideen mit dem kulturellen und identit\u00e4tsstiftenden Diskurs der populistischen Rechten zu artikulieren.<\/p>\n\n\n\n<p>Diese Ausrichtung wurde durch mehrere nachfolgende politische Episoden verst\u00e4rkt. Die Tea-Party-Bewegung ab 2008 und die Wahlen von Donald Trump 2016 und 2024 sind Beispiele f\u00fcr die Entstehung neuer politischer Koalitionen in den USA. In diesen Bewegungen werden libert\u00e4re Themen - Steuerfeindlichkeit, Kritik an der B\u00fcrokratie, Verteidigung des Marktes - manchmal mit konservativen oder nationalistischen Positionen kombiniert.<\/p>\n\n\n\n<p>Auch heute noch zeigt sich diese Entwicklung in bestimmten Allianzen. Mehrere Figuren aus dem Silicon Valley, wie Peter Thiel oder Elon Musk, berufen sich teilweise auf das libert\u00e4re Erbe, unterst\u00fctzen aber gleichzeitig politische Projekte, die der populistischen Rechten nahestehen.<\/p>\n\n\n\n<h2 class=\"wp-block-heading\" id=\"h-une-tension-au-coeur-du-libertarianisme\"><strong>Eine Spannung im Herzen des Libertarismus<\/strong><\/h2>\n\n\n\n<p>Diese Entwicklung wirft jedoch eine grundlegende Frage auf: Sind diese B\u00fcndnisse noch mit den Prinzipien des Liberalismus vereinbar? Der Libertarismus beruht theoretisch auf drei S\u00e4ulen: wirtschaftliche Freiheit, individuelle Freiheit und Isolationismus in der Aussenpolitik. Einige der Positionen, die in den neuen Allianzen vertreten werden, k\u00f6nnten diesen Prinzipien widersprechen.<\/p>\n\n\n\n<p>Die Frage der Einwanderung stellt beispielsweise ein offensichtliches Problem dar. Eine auf individueller Freiheit basierende Doktrin sollte logischerweise die Freiz\u00fcgigkeit von Personen verteidigen. Dennoch rechtfertigen einige Libert\u00e4re heute eine restriktive Migrationspolitik im Namen des Eigentumsrechts - das normalerweise individuell ist, in diesem Fall aber auf Nationen ausgeweitet wird - oder des Schutzes lokaler Gemeinschaften.<\/p>\n\n\n\n<p>Die Abtreibungsdebatte ist ebenfalls ein Beispiel f\u00fcr diese Spannungen. Wenn das Individuum \u00fcber seinen eigenen K\u00f6rper bestimmen kann, wie l\u00e4sst sich dann ein Verbot der Abtreibung rechtfertigen? Angesichts dieser Schwierigkeit schlagen einige Libert\u00e4re vor, die Entscheidung auf die einzelnen Staaten zu \u00fcbertragen, um eine zu eindeutige Position zu vermeiden.<\/p>\n\n\n\n<p>Die aktuelle Debatte \u00fcber die amerikanischen Libert\u00e4ren zeigt eine st\u00e4ndige Spannung in der Geschichte des Liberalismus: Wie kann man Prinzipientreue mit politischer Effizienz vereinbaren? Die Frage bleibt offen. Eines ist jedoch sicher: Die Allianzen, die Liberale eingehen, sind nie neutral. Sie pr\u00e4gen die Art und Weise, wie sich ihre Ideen im Kontakt mit der politischen Realit\u00e4t ver\u00e4ndern \u2013 und manchmal auch verzerren. Wenn eine Bewegung die Grunds\u00e4tze des politischen Liberalismus wie Rechtsstaatlichkeit, Gewaltenteilung oder pers\u00f6nliche Freiheit in Frage stellt, ist die Vereinbarkeit mit dem Liberalismus fraglich.<\/p>\n\n\n\n<p><em>Dieser Text ist eine zusammengefasste Version von\u00a0<\/em>Le Regard Libre<em>\u00a0des Vortrags von J\u00e9r\u00f4me Perrier, den er im Februar bei der Journ\u00e9e lib\u00e9rale romande in Lausanne gehalten hat. J\u00e9r\u00f4me Perrier ist Agr\u00e9g\u00e9 d'histoire und Doktor der Geschichte am Institut d'\u00e9tudes politiques (IEP) in Paris. Er ist Autor des Papiers \u00abLe d\u00e9tournement populiste du courant libertarien\u00bb, das letztes Jahr in zwei B\u00e4nden von der Fondation politique pour l'innovation (Fondapol) ver\u00f6ffentlicht wurde.<\/em><\/p>\n\n\n\n<h6 class=\"wp-block-heading\" id=\"h-vous-venez-de-lire-une-analyse-en-libre-acces-tiree-de-notre-dossier-quelles-alliances-pour-les-liberaux-publie-dans-notre-edition-papier-le-regard-libre-nbsp-n-125-debats-analyses-actualites-culturelles-nbsp-abonnez-vous-nbsp-a-notre-media-de-reflexion-pour-nous-soutenir-et-avoir-acces-a-tous-nos-contenus\">Sie haben soeben eine frei zug\u00e4ngliche Analyse aus unserem Dossier \u00abWelche B\u00fcndnisse f\u00fcr Liberale?\u00bb gelesen, das in unserer Printausgabe ver\u00f6ffentlicht wurde (<a href=\"https:\/\/leregardlibre.com\/de\/cpt-editions\/le-regard-libre-125-liberaux\/\"><em>DER FREIE BLICK&nbsp;<\/em>N\u00b0125<\/a>). Debatten, Analysen, Kulturnachrichten:&nbsp;<a href=\"https:\/\/leregardlibre.com\/de\/abonnement\/\">abonnieren Sie<\/a>&nbsp;zu unserem Reflexionsmedium, um uns zu unterst\u00fctzen und Zugang zu all unseren Inhalten zu erhalten.<\/h6>","protected":false},"excerpt":{"rendered":"<p>Die libert\u00e4re Str\u00f6mung in den USA, deren wichtigste Figur Murray Rothbard war, hat den dogmatischen Anti-Etatismus verlassen und sich mit der populistischen Rechten verb\u00fcndet. Diese Entwicklung wirft f\u00fcr die Liberalen eine zentrale Frage auf: Wie weit kann man sich verb\u00fcnden, ohne sich selbst zu verleugnen?\u00a0<\/p>","protected":false},"author":1261,"featured_media":532307,"comment_status":"open","ping_status":"closed","sticky":false,"template":"","format":"standard","meta":{"_acf_changed":false,"footnotes":""},"categories":[27785],"tags":[9472,453465,699,644358388,33225,644358352,535111],"class_list":["post-532306","post","type-post","status-publish","format-standard","has-post-thumbnail","hentry","category-histoire","tag-analyses","tag-conservatisme","tag-etats-unis","tag-friedrich-hayek","tag-liberalisme","tag-libertarianisme","tag-murray-rothbard"],"acf":[],"yoast_head":"<!-- This site is optimized with the Yoast SEO Premium plugin v27.4 (Yoast SEO v27.4) - https:\/\/yoast.com\/product\/yoast-seo-premium-wordpress\/ -->\n<title>Le pacte des libertariens avec les conservateurs<\/title>\n<meta name=\"description\" content=\"Le libertarianisme am\u00e9ricain, incarn\u00e9 par Murray Rothbard, a gliss\u00e9 vers la droite populiste. Jusqu\u2019o\u00f9 les lib\u00e9raux peuvent-ils s\u2019allier sans se renier?\" \/>\n<meta name=\"robots\" content=\"index, follow, max-snippet:-1, max-image-preview:large, max-video-preview:-1\" \/>\n<link rel=\"canonical\" href=\"https:\/\/leregardlibre.com\/de\/geschichte\/libertare-konservative\/\" \/>\n<meta property=\"og:locale\" content=\"de_DE\" \/>\n<meta property=\"og:type\" content=\"article\" \/>\n<meta property=\"og:title\" content=\"Le pacte des libertariens avec les conservateurs\" \/>\n<meta property=\"og:description\" content=\"Le libertarianisme am\u00e9ricain, incarn\u00e9 par Murray Rothbard, a gliss\u00e9 vers la droite populiste. Jusqu\u2019o\u00f9 les lib\u00e9raux peuvent-ils s\u2019allier sans se renier?\" \/>\n<meta property=\"og:url\" content=\"https:\/\/leregardlibre.com\/de\/geschichte\/libertare-konservative\/\" \/>\n<meta property=\"og:site_name\" content=\"Le Regard Libre\" \/>\n<meta property=\"article:publisher\" content=\"https:\/\/www.facebook.com\/leregardlibre\/\" \/>\n<meta property=\"article:published_time\" content=\"2026-05-01T10:00:00+00:00\" \/>\n<meta property=\"article:modified_time\" content=\"2026-05-01T10:11:33+00:00\" \/>\n<meta property=\"og:image\" content=\"https:\/\/leregardlibre.com\/wp-content\/uploads\/2026\/04\/murray-rothbard--photo-the-ludwig-von-mises-institute-via-wikimedia-sous-cc-3-0-scaled-e1777563441353.jpg\" \/>\n\t<meta property=\"og:image:width\" content=\"2030\" \/>\n\t<meta property=\"og:image:height\" content=\"1357\" \/>\n\t<meta property=\"og:image:type\" content=\"image\/jpeg\" \/>\n<meta name=\"author\" content=\"J\u00e9r\u00f4me Perrier\" \/>\n<meta name=\"twitter:card\" content=\"summary_large_image\" \/>\n<meta name=\"twitter:creator\" content=\"@LeRegardLibre\" \/>\n<meta name=\"twitter:site\" content=\"@LeRegardLibre\" \/>\n<meta name=\"twitter:label1\" content=\"Verfasst von\" \/>\n\t<meta name=\"twitter:data1\" content=\"J\u00e9r\u00f4me Perrier\" \/>\n\t<meta name=\"twitter:label2\" content=\"Gesch\u00e4tzte Lesezeit\" \/>\n\t<meta name=\"twitter:data2\" content=\"7\u00a0Minuten\" \/>\n<script type=\"application\/ld+json\" class=\"yoast-schema-graph\">{\"@context\":\"https:\\\/\\\/schema.org\",\"@graph\":[{\"@type\":\"Article\",\"@id\":\"https:\\\/\\\/leregardlibre.com\\\/histoire\\\/libertariens-conservateurs\\\/#article\",\"isPartOf\":{\"@id\":\"https:\\\/\\\/leregardlibre.com\\\/histoire\\\/libertariens-conservateurs\\\/\"},\"author\":{\"name\":\"J\u00e9r\u00f4me Perrier\",\"@id\":\"https:\\\/\\\/leregardlibre.com\\\/#\\\/schema\\\/person\\\/3a794d63e38eb3160c44c4e9007e25cf\"},\"headline\":\"Le pacte des libertariens avec les conservateurs\",\"datePublished\":\"2026-05-01T10:00:00+00:00\",\"dateModified\":\"2026-05-01T10:11:33+00:00\",\"mainEntityOfPage\":{\"@id\":\"https:\\\/\\\/leregardlibre.com\\\/histoire\\\/libertariens-conservateurs\\\/\"},\"wordCount\":1519,\"commentCount\":0,\"publisher\":{\"@id\":\"https:\\\/\\\/leregardlibre.com\\\/#organization\"},\"image\":{\"@id\":\"https:\\\/\\\/leregardlibre.com\\\/histoire\\\/libertariens-conservateurs\\\/#primaryimage\"},\"thumbnailUrl\":\"https:\\\/\\\/leregardlibre.com\\\/wp-content\\\/uploads\\\/2026\\\/04\\\/murray-rothbard--photo-the-ludwig-von-mises-institute-via-wikimedia-sous-cc-3-0-scaled-e1777563441353.jpg\",\"keywords\":[\"Analyse\",\"Conservatisme\",\"Etats-Unis\",\"Friedrich Hayek\",\"Lib\u00e9ralisme\",\"Libertarianisme\",\"Murray Rothbard\"],\"articleSection\":[\"Histoire\"],\"inLanguage\":\"de\",\"potentialAction\":[{\"@type\":\"CommentAction\",\"name\":\"Comment\",\"target\":[\"https:\\\/\\\/leregardlibre.com\\\/histoire\\\/libertariens-conservateurs\\\/#respond\"]}]},{\"@type\":\"WebPage\",\"@id\":\"https:\\\/\\\/leregardlibre.com\\\/histoire\\\/libertariens-conservateurs\\\/\",\"url\":\"https:\\\/\\\/leregardlibre.com\\\/histoire\\\/libertariens-conservateurs\\\/\",\"name\":\"Le pacte des libertariens avec les conservateurs\",\"isPartOf\":{\"@id\":\"https:\\\/\\\/leregardlibre.com\\\/#website\"},\"primaryImageOfPage\":{\"@id\":\"https:\\\/\\\/leregardlibre.com\\\/histoire\\\/libertariens-conservateurs\\\/#primaryimage\"},\"image\":{\"@id\":\"https:\\\/\\\/leregardlibre.com\\\/histoire\\\/libertariens-conservateurs\\\/#primaryimage\"},\"thumbnailUrl\":\"https:\\\/\\\/leregardlibre.com\\\/wp-content\\\/uploads\\\/2026\\\/04\\\/murray-rothbard--photo-the-ludwig-von-mises-institute-via-wikimedia-sous-cc-3-0-scaled-e1777563441353.jpg\",\"datePublished\":\"2026-05-01T10:00:00+00:00\",\"dateModified\":\"2026-05-01T10:11:33+00:00\",\"description\":\"Le libertarianisme am\u00e9ricain, incarn\u00e9 par Murray Rothbard, a gliss\u00e9 vers la droite populiste. Jusqu\u2019o\u00f9 les lib\u00e9raux peuvent-ils s\u2019allier sans se renier?\",\"breadcrumb\":{\"@id\":\"https:\\\/\\\/leregardlibre.com\\\/histoire\\\/libertariens-conservateurs\\\/#breadcrumb\"},\"inLanguage\":\"de\",\"potentialAction\":[{\"@type\":\"ReadAction\",\"target\":[\"https:\\\/\\\/leregardlibre.com\\\/histoire\\\/libertariens-conservateurs\\\/\"]}]},{\"@type\":\"ImageObject\",\"inLanguage\":\"de\",\"@id\":\"https:\\\/\\\/leregardlibre.com\\\/histoire\\\/libertariens-conservateurs\\\/#primaryimage\",\"url\":\"https:\\\/\\\/leregardlibre.com\\\/wp-content\\\/uploads\\\/2026\\\/04\\\/murray-rothbard--photo-the-ludwig-von-mises-institute-via-wikimedia-sous-cc-3-0-scaled-e1777563441353.jpg\",\"contentUrl\":\"https:\\\/\\\/leregardlibre.com\\\/wp-content\\\/uploads\\\/2026\\\/04\\\/murray-rothbard--photo-the-ludwig-von-mises-institute-via-wikimedia-sous-cc-3-0-scaled-e1777563441353.jpg\",\"width\":2030,\"height\":1357,\"caption\":\"Murray Rothbard, figure de l\u2019anarcho-capitalisme et du pal\u00e9olibertarianisme. Photo: Ludwig von Mises Institute \\\/ Wikim\u00e9dia, sous CC 3.0)\"},{\"@type\":\"BreadcrumbList\",\"@id\":\"https:\\\/\\\/leregardlibre.com\\\/histoire\\\/libertariens-conservateurs\\\/#breadcrumb\",\"itemListElement\":[{\"@type\":\"ListItem\",\"position\":1,\"name\":\"Accueil\",\"item\":\"https:\\\/\\\/leregardlibre.com\\\/\"},{\"@type\":\"ListItem\",\"position\":2,\"name\":\"Le pacte des libertariens avec les conservateurs\"}]},{\"@type\":\"WebSite\",\"@id\":\"https:\\\/\\\/leregardlibre.com\\\/#website\",\"url\":\"https:\\\/\\\/leregardlibre.com\\\/\",\"name\":\"Le Regard Libre\",\"description\":\"Premier mensuel suisse de d\u00e9bat\",\"publisher\":{\"@id\":\"https:\\\/\\\/leregardlibre.com\\\/#organization\"},\"potentialAction\":[{\"@type\":\"SearchAction\",\"target\":{\"@type\":\"EntryPoint\",\"urlTemplate\":\"https:\\\/\\\/leregardlibre.com\\\/?s={search_term_string}\"},\"query-input\":{\"@type\":\"PropertyValueSpecification\",\"valueRequired\":true,\"valueName\":\"search_term_string\"}}],\"inLanguage\":\"de\"},{\"@type\":\"Organization\",\"@id\":\"https:\\\/\\\/leregardlibre.com\\\/#organization\",\"name\":\"Le Regard Libre\",\"url\":\"https:\\\/\\\/leregardlibre.com\\\/\",\"logo\":{\"@type\":\"ImageObject\",\"inLanguage\":\"de\",\"@id\":\"https:\\\/\\\/leregardlibre.com\\\/#\\\/schema\\\/logo\\\/image\\\/\",\"url\":\"https:\\\/\\\/leregardlibre.com\\\/wp-content\\\/uploads\\\/2025\\\/08\\\/logo-rl-icone-neg.jpeg\",\"contentUrl\":\"https:\\\/\\\/leregardlibre.com\\\/wp-content\\\/uploads\\\/2025\\\/08\\\/logo-rl-icone-neg.jpeg\",\"width\":557,\"height\":556,\"caption\":\"Le Regard Libre\"},\"image\":{\"@id\":\"https:\\\/\\\/leregardlibre.com\\\/#\\\/schema\\\/logo\\\/image\\\/\"},\"sameAs\":[\"https:\\\/\\\/www.facebook.com\\\/leregardlibre\\\/\",\"https:\\\/\\\/x.com\\\/LeRegardLibre\",\"https:\\\/\\\/www.linkedin.com\\\/company\\\/le-regard-libre\",\"https:\\\/\\\/www.instagram.com\\\/leregardlibre\\\/\",\"http:\\\/\\\/t.me\\\/leregardlibre\",\"https:\\\/\\\/youtube.com\\\/channel\\\/UC6HzGPomj1LsUmlz-sJtITQ\"],\"description\":\"Le Regard Libre est un mensuel suisse de d\u00e9bat intellectuel et culturel. Sa r\u00e9daction est jeune, b\u00e9n\u00e9vole, lib\u00e9rale et pluraliste. Le magazine para\u00eet en ligne et sous forme papier. Sa langue est le fran\u00e7ais.\",\"email\":\"redaction@leregardlibre.com\",\"legalName\":\"Le Regard Libre\",\"foundingDate\":\"2014-01-01\",\"numberOfEmployees\":{\"@type\":\"QuantitativeValue\",\"minValue\":\"11\",\"maxValue\":\"50\"},\"publishingPrinciples\":\"https:\\\/\\\/leregardlibre.com\\\/a-propos\\\/notre-manifeste\\\/\",\"ownershipFundingInfo\":\"https:\\\/\\\/leregardlibre.com\\\/mentions-legales\\\/\",\"actionableFeedbackPolicy\":\"https:\\\/\\\/leregardlibre.com\\\/conditions-generales-de-vente\\\/\"},{\"@type\":\"Person\",\"@id\":\"https:\\\/\\\/leregardlibre.com\\\/#\\\/schema\\\/person\\\/3a794d63e38eb3160c44c4e9007e25cf\",\"name\":\"J\u00e9r\u00f4me Perrier\",\"image\":{\"@type\":\"ImageObject\",\"inLanguage\":\"de\",\"@id\":\"https:\\\/\\\/secure.gravatar.com\\\/avatar\\\/064a0e8853c30cd0beaacbabf58014641569ce020e6d96326bf6bff2b6c9dd75?s=96&d=identicon&r=g\",\"url\":\"https:\\\/\\\/secure.gravatar.com\\\/avatar\\\/064a0e8853c30cd0beaacbabf58014641569ce020e6d96326bf6bff2b6c9dd75?s=96&d=identicon&r=g\",\"contentUrl\":\"https:\\\/\\\/secure.gravatar.com\\\/avatar\\\/064a0e8853c30cd0beaacbabf58014641569ce020e6d96326bf6bff2b6c9dd75?s=96&d=identicon&r=g\",\"caption\":\"J\u00e9r\u00f4me Perrier\"},\"description\":\"Agr\u00e9g\u00e9 d\u2019histoire et docteur en histoire de l\u2019Institut d\u2019\u00e9tudes politiques (IEP) de Paris, J\u00e9r\u00f4me Perrier est l\u2019auteur de la note\u00a0\u00abLe\u00a0d\u00e9tournement populiste du courant\u00a0libertarien\u00bb\u00a0publi\u00e9e l\u2019an dernier en deux tomes par la Fondation politique pour l\u2019innovation (Fondapol).\",\"url\":\"https:\\\/\\\/leregardlibre.com\\\/de\\\/author\\\/jerome-perrier\\\/\"}]}<\/script>\n<!-- \/ Yoast SEO Premium plugin. -->","yoast_head_json":{"title":"Der Pakt der Libert\u00e4ren mit den Konservativen","description":"Der amerikanische Libertarismus, der von Murray Rothbard verk\u00f6rpert wurde, ist in die rechtspopulistische Ecke gerutscht. Wie weit k\u00f6nnen sich die Liberalen verb\u00fcnden, ohne sich selbst zu verleugnen?","robots":{"index":"index","follow":"follow","max-snippet":"max-snippet:-1","max-image-preview":"max-image-preview:large","max-video-preview":"max-video-preview:-1"},"canonical":"https:\/\/leregardlibre.com\/de\/geschichte\/libertare-konservative\/","og_locale":"de_DE","og_type":"article","og_title":"Le pacte des libertariens avec les conservateurs","og_description":"Le libertarianisme am\u00e9ricain, incarn\u00e9 par Murray Rothbard, a gliss\u00e9 vers la droite populiste. Jusqu\u2019o\u00f9 les lib\u00e9raux peuvent-ils s\u2019allier sans se renier?","og_url":"https:\/\/leregardlibre.com\/de\/geschichte\/libertare-konservative\/","og_site_name":"Le Regard Libre","article_publisher":"https:\/\/www.facebook.com\/leregardlibre\/","article_published_time":"2026-05-01T10:00:00+00:00","article_modified_time":"2026-05-01T10:11:33+00:00","og_image":[{"width":2030,"height":1357,"url":"https:\/\/leregardlibre.com\/wp-content\/uploads\/2026\/04\/murray-rothbard--photo-the-ludwig-von-mises-institute-via-wikimedia-sous-cc-3-0-scaled-e1777563441353.jpg","type":"image\/jpeg"}],"author":"J\u00e9r\u00f4me Perrier","twitter_card":"summary_large_image","twitter_creator":"@LeRegardLibre","twitter_site":"@LeRegardLibre","twitter_misc":{"Verfasst von":"J\u00e9r\u00f4me Perrier","Gesch\u00e4tzte Lesezeit":"7\u00a0Minuten"},"schema":{"@context":"https:\/\/schema.org","@graph":[{"@type":"Article","@id":"https:\/\/leregardlibre.com\/histoire\/libertariens-conservateurs\/#article","isPartOf":{"@id":"https:\/\/leregardlibre.com\/histoire\/libertariens-conservateurs\/"},"author":{"name":"J\u00e9r\u00f4me Perrier","@id":"https:\/\/leregardlibre.com\/#\/schema\/person\/3a794d63e38eb3160c44c4e9007e25cf"},"headline":"Le pacte des libertariens avec les conservateurs","datePublished":"2026-05-01T10:00:00+00:00","dateModified":"2026-05-01T10:11:33+00:00","mainEntityOfPage":{"@id":"https:\/\/leregardlibre.com\/histoire\/libertariens-conservateurs\/"},"wordCount":1519,"commentCount":0,"publisher":{"@id":"https:\/\/leregardlibre.com\/#organization"},"image":{"@id":"https:\/\/leregardlibre.com\/histoire\/libertariens-conservateurs\/#primaryimage"},"thumbnailUrl":"https:\/\/leregardlibre.com\/wp-content\/uploads\/2026\/04\/murray-rothbard--photo-the-ludwig-von-mises-institute-via-wikimedia-sous-cc-3-0-scaled-e1777563441353.jpg","keywords":["Analyse","Conservatisme","Etats-Unis","Friedrich Hayek","Lib\u00e9ralisme","Libertarianisme","Murray Rothbard"],"articleSection":["Histoire"],"inLanguage":"de","potentialAction":[{"@type":"CommentAction","name":"Comment","target":["https:\/\/leregardlibre.com\/histoire\/libertariens-conservateurs\/#respond"]}]},{"@type":"WebPage","@id":"https:\/\/leregardlibre.com\/histoire\/libertariens-conservateurs\/","url":"https:\/\/leregardlibre.com\/histoire\/libertariens-conservateurs\/","name":"Der Pakt der Libert\u00e4ren mit den Konservativen","isPartOf":{"@id":"https:\/\/leregardlibre.com\/#website"},"primaryImageOfPage":{"@id":"https:\/\/leregardlibre.com\/histoire\/libertariens-conservateurs\/#primaryimage"},"image":{"@id":"https:\/\/leregardlibre.com\/histoire\/libertariens-conservateurs\/#primaryimage"},"thumbnailUrl":"https:\/\/leregardlibre.com\/wp-content\/uploads\/2026\/04\/murray-rothbard--photo-the-ludwig-von-mises-institute-via-wikimedia-sous-cc-3-0-scaled-e1777563441353.jpg","datePublished":"2026-05-01T10:00:00+00:00","dateModified":"2026-05-01T10:11:33+00:00","description":"Der amerikanische Libertarismus, der von Murray Rothbard verk\u00f6rpert wurde, ist in die rechtspopulistische Ecke gerutscht. Wie weit k\u00f6nnen sich die Liberalen verb\u00fcnden, ohne sich selbst zu verleugnen?","breadcrumb":{"@id":"https:\/\/leregardlibre.com\/histoire\/libertariens-conservateurs\/#breadcrumb"},"inLanguage":"de","potentialAction":[{"@type":"ReadAction","target":["https:\/\/leregardlibre.com\/histoire\/libertariens-conservateurs\/"]}]},{"@type":"ImageObject","inLanguage":"de","@id":"https:\/\/leregardlibre.com\/histoire\/libertariens-conservateurs\/#primaryimage","url":"https:\/\/leregardlibre.com\/wp-content\/uploads\/2026\/04\/murray-rothbard--photo-the-ludwig-von-mises-institute-via-wikimedia-sous-cc-3-0-scaled-e1777563441353.jpg","contentUrl":"https:\/\/leregardlibre.com\/wp-content\/uploads\/2026\/04\/murray-rothbard--photo-the-ludwig-von-mises-institute-via-wikimedia-sous-cc-3-0-scaled-e1777563441353.jpg","width":2030,"height":1357,"caption":"Murray Rothbard, figure de l\u2019anarcho-capitalisme et du pal\u00e9olibertarianisme. Photo: Ludwig von Mises Institute \/ Wikim\u00e9dia, sous CC 3.0)"},{"@type":"BreadcrumbList","@id":"https:\/\/leregardlibre.com\/histoire\/libertariens-conservateurs\/#breadcrumb","itemListElement":[{"@type":"ListItem","position":1,"name":"Accueil","item":"https:\/\/leregardlibre.com\/"},{"@type":"ListItem","position":2,"name":"Le pacte des libertariens avec les conservateurs"}]},{"@type":"WebSite","@id":"https:\/\/leregardlibre.com\/#website","url":"https:\/\/leregardlibre.com\/","name":"Le Regard Libre","description":"Erste Schweizer Monatszeitschrift f\u00fcr Debatten","publisher":{"@id":"https:\/\/leregardlibre.com\/#organization"},"potentialAction":[{"@type":"SearchAction","target":{"@type":"EntryPoint","urlTemplate":"https:\/\/leregardlibre.com\/?s={search_term_string}"},"query-input":{"@type":"PropertyValueSpecification","valueRequired":true,"valueName":"search_term_string"}}],"inLanguage":"de"},{"@type":"Organization","@id":"https:\/\/leregardlibre.com\/#organization","name":"Le Regard Libre","url":"https:\/\/leregardlibre.com\/","logo":{"@type":"ImageObject","inLanguage":"de","@id":"https:\/\/leregardlibre.com\/#\/schema\/logo\/image\/","url":"https:\/\/leregardlibre.com\/wp-content\/uploads\/2025\/08\/logo-rl-icone-neg.jpeg","contentUrl":"https:\/\/leregardlibre.com\/wp-content\/uploads\/2025\/08\/logo-rl-icone-neg.jpeg","width":557,"height":556,"caption":"Le Regard Libre"},"image":{"@id":"https:\/\/leregardlibre.com\/#\/schema\/logo\/image\/"},"sameAs":["https:\/\/www.facebook.com\/leregardlibre\/","https:\/\/x.com\/LeRegardLibre","https:\/\/www.linkedin.com\/company\/le-regard-libre","https:\/\/www.instagram.com\/leregardlibre\/","http:\/\/t.me\/leregardlibre","https:\/\/youtube.com\/channel\/UC6HzGPomj1LsUmlz-sJtITQ"],"description":"Le Regard Libre ist eine Schweizer Monatszeitschrift f\u00fcr intellektuelle und kulturelle Debatten. Seine Redaktion ist jung, ehrenamtlich, liberal und pluralistisch. Das Magazin erscheint online und in gedruckter Form. Seine Sprache ist Franz\u00f6sisch.","email":"redaction@leregardlibre.com","legalName":"Le Regard Libre","foundingDate":"2014-01-01","numberOfEmployees":{"@type":"QuantitativeValue","minValue":"11","maxValue":"50"},"publishingPrinciples":"https:\/\/leregardlibre.com\/a-propos\/notre-manifeste\/","ownershipFundingInfo":"https:\/\/leregardlibre.com\/mentions-legales\/","actionableFeedbackPolicy":"https:\/\/leregardlibre.com\/conditions-generales-de-vente\/"},{"@type":"Person","@id":"https:\/\/leregardlibre.com\/#\/schema\/person\/3a794d63e38eb3160c44c4e9007e25cf","name":"J\u00e9r\u00f4me Perrier","image":{"@type":"ImageObject","inLanguage":"de","@id":"https:\/\/secure.gravatar.com\/avatar\/064a0e8853c30cd0beaacbabf58014641569ce020e6d96326bf6bff2b6c9dd75?s=96&d=identicon&r=g","url":"https:\/\/secure.gravatar.com\/avatar\/064a0e8853c30cd0beaacbabf58014641569ce020e6d96326bf6bff2b6c9dd75?s=96&d=identicon&r=g","contentUrl":"https:\/\/secure.gravatar.com\/avatar\/064a0e8853c30cd0beaacbabf58014641569ce020e6d96326bf6bff2b6c9dd75?s=96&d=identicon&r=g","caption":"J\u00e9r\u00f4me Perrier"},"description":"J\u00e9r\u00f4me Perrier ist Agr\u00e9g\u00e9 d'histoire und Doktor der Geschichte am Institut d'\u00e9tudes politiques (IEP) in Paris. Er ist der Autor des Papiers \u00abLe d\u00e9tournement populiste du courant libertarien\u00bb, das letztes Jahr in zwei B\u00e4nden von der Fondation politique pour l'innovation (Fondapol) ver\u00f6ffentlicht wurde.","url":"https:\/\/leregardlibre.com\/de\/author\/jerome-perrier\/"}]}},"_links":{"self":[{"href":"https:\/\/leregardlibre.com\/de\/wp-json\/wp\/v2\/posts\/532306","targetHints":{"allow":["GET"]}}],"collection":[{"href":"https:\/\/leregardlibre.com\/de\/wp-json\/wp\/v2\/posts"}],"about":[{"href":"https:\/\/leregardlibre.com\/de\/wp-json\/wp\/v2\/types\/post"}],"author":[{"embeddable":true,"href":"https:\/\/leregardlibre.com\/de\/wp-json\/wp\/v2\/users\/1261"}],"replies":[{"embeddable":true,"href":"https:\/\/leregardlibre.com\/de\/wp-json\/wp\/v2\/comments?post=532306"}],"version-history":[{"count":2,"href":"https:\/\/leregardlibre.com\/de\/wp-json\/wp\/v2\/posts\/532306\/revisions"}],"predecessor-version":[{"id":532325,"href":"https:\/\/leregardlibre.com\/de\/wp-json\/wp\/v2\/posts\/532306\/revisions\/532325"}],"wp:featuredmedia":[{"embeddable":true,"href":"https:\/\/leregardlibre.com\/de\/wp-json\/wp\/v2\/media\/532307"}],"wp:attachment":[{"href":"https:\/\/leregardlibre.com\/de\/wp-json\/wp\/v2\/media?parent=532306"}],"wp:term":[{"taxonomy":"category","embeddable":true,"href":"https:\/\/leregardlibre.com\/de\/wp-json\/wp\/v2\/categories?post=532306"},{"taxonomy":"post_tag","embeddable":true,"href":"https:\/\/leregardlibre.com\/de\/wp-json\/wp\/v2\/tags?post=532306"}],"curies":[{"name":"wp","href":"https:\/\/api.w.org\/{rel}","templated":true}]}}