{"id":5953,"date":"2017-03-27T16:57:43","date_gmt":"2017-03-27T15:57:43","guid":{"rendered":"http:\/\/leregardlibre.com\/2017\/03\/27\/smartwatch-quand-la-technologie-avance-trop-rapidement-pour-la-loi\/"},"modified":"2025-12-13T22:45:36","modified_gmt":"2025-12-13T21:45:36","slug":"smartwatch-wenn-die-technologie-zu-schnell-fur-das-gesetz-voranschreitet","status":"publish","type":"post","link":"https:\/\/leregardlibre.com\/de\/politik\/schweiz\/smartwatch-wenn-die-technologie-zu-schnell-fur-das-gesetz-voranschreitet\/","title":{"rendered":"Smartwatch: Wenn die Technologie zu schnell f\u00fcr das Gesetz ist"},"content":{"rendered":"<p class=\"has-drop-cap\"><strong>Das am 1. Januar 2017 aktualisierte \u00abSwiss made\u00bb-Label, das Uhrenmarken vor der globalen Konkurrenz sch\u00fctzt, ist wegen seiner Starrheit und Komplexit\u00e4t umstritten. Dieser Fall ist ein Beispiel f\u00fcr ein gr\u00f6\u00dferes Ph\u00e4nomen: Das Gesetz kann den Fortschritt nicht mehr eind\u00e4mmen.<\/strong><\/p>\n\n\n\n<!--more-->\n\n\n\n<p>Bis heute ist die Software der <em>Smartwatch<\/em> (intelligente Uhr), die das ber\u00fchmte Label verwenden will, muss aus der Schweiz stammen. Val\u00e8re Gogniat, Journalist bei <i>Zeit<\/i>, fasst die absurde Situation zusammen: \u00abDas Problem ist, dass niemand gekl\u00e4rt hat, worauf sich das Schl\u00fcsselwort (Software) bezieht. Auf das Betriebssystem? Auf die Anwendungen der Uhr? Auf die Firmware, die die Komponenten steuert? Die F\u00e9d\u00e9ration Horlog\u00e8re r\u00e4umt diese L\u00fccke ein und plant, das Gesetz von Fall zu Fall auszulegen. Das ist nicht ausreichend.\u00bb Es herrscht Unsicherheit, als ob die Logik des neuen Paradigmas vom Gesetzgeber nicht verstanden wird.<\/p>\n\n\n\n<form method=\"post\" action=\"https:\/\/newsletter.infomaniak.com\/external\/submit\" class=\"inf-form\" target=\"_blank\"><input type=\"email\" name=\"email\" style=\"display:none\"><input type=\"hidden\" name=\"key\" value=\"eyJpdiI6IlZXRVJGMlRGQUU2alNqUE81bitIUk5adnNVa0c4MllFTStzOHdHT1FQZ3c9IiwidmFsdWUiOiJIYzhwMUVCK1pTNnlhY3MyMmhuZlhReWJqemEwNk93blMxTjFHc0s2VHZrPSIsIm1hYyI6ImVhYTQ5N2I1M2NiYWE4NzBmNjk2NzgzYjliM2Y5NmYzM2E2ZmU3NGQxNTU1ZDFkMTU1MzY5NTdjYjE3ZTJmNTUifQ==\"><input type=\"hidden\" name=\"webform_id\" value=\"7291\"><style> .inf-main_3000311ca56a1cb93397bc676c0b7fff{ background-color:#f5f5f5; padding:25px 20px; margin:25px auto; } .inf-main_3000311ca56a1cb93397bc676c0b7fff .inf-content { margin-top:13px;} .inf-main_3000311ca56a1cb93397bc676c0b7fff h4, .inf-main_3000311ca56a1cb93397bc676c0b7fff span, .inf-main_3000311ca56a1cb93397bc676c0b7fff label, .inf-main_3000311ca56a1cb93397bc676c0b7fff input, .inf-main_3000311ca56a1cb93397bc676c0b7fff .inf-submit, .inf-main_3000311ca56a1cb93397bc676c0b7fff .inf-success p a { color:#555555; font-size:14px; } .inf-main_3000311ca56a1cb93397bc676c0b7fff h4{ font-size:18px; margin:0px 0px 13px 0px; } .inf-main_3000311ca56a1cb93397bc676c0b7fff h4, .inf-main_3000311ca56a1cb93397bc676c0b7fff label{ font-weight:bold; } .inf-main_3000311ca56a1cb93397bc676c0b7fff .inf-input { margin-bottom:7px; } .inf-main_3000311ca56a1cb93397bc676c0b7fff label { display:block;} .inf-main_3000311ca56a1cb93397bc676c0b7fff input{ height:35px; color:#999999; border: 1px solid #E9E9E9; border:none; padding-left:7px; } .inf-main_3000311ca56a1cb93397bc676c0b7fff .inf-input.inf-error label, .inf-main_3000311ca56a1cb93397bc676c0b7fff .inf-input.inf-error span.inf-message{ color: #cc0033; } .inf-main_3000311ca56a1cb93397bc676c0b7fff .inf-input.inf-error input{ border: 1px solid #cc0033; } .inf-main_3000311ca56a1cb93397bc676c0b7fff .inf-input input { width:100%;} .inf-main_3000311ca56a1cb93397bc676c0b7fff .inf-input.inf-error span.inf-message { display: block; } .inf-main_3000311ca56a1cb93397bc676c0b7fff .inf-submit { text-align:right;} .inf-main_3000311ca56a1cb93397bc676c0b7fff .inf-submit input{ background-color:#777777; color:#ffffff; border:none; font-weight: normal; height:auto; padding:7px; } .inf-main_3000311ca56a1cb93397bc676c0b7fff .inf-submit input.disabled{ opacity: 0.4; } .inf-btn { color: rgb(85, 85, 85); border: medium none; font-weight: normal; height: auto; padding: 7px; display: inline-block; background-color: white; box-shadow: 0px 1px 1px rgba(0, 0, 0, 0.24); border-radius: 2px; line-height: 1em; } .inf-rgpd { margin:25px 0px 15px 0px; color:#555555; } <\/style> <div class=\"inf-main_3000311ca56a1cb93397bc676c0b7fff\"> <h4>NEWSLETTER DES FREIEN BLICKS<\/h4> <span>Erhalten Sie unsere Artikel jeden Sonntag.<\/span> <div class=\"inf-success\" style=\"display:none\"> <h4>Ihre Anmeldung f\u00fcr unseren w\u00f6chentlichen Newsletter wurde erfolgreich registriert!<\/h4> <p> <a href=\"#\" class=\"inf-btn\">\u00ab<\/a> <\/p> <\/div> <div class=\"inf-content\"> <div class=\"inf-input inf-input-text\"> <input type=\"text\" name=\"inf[1]\" data-inf-meta=\"1\" data-inf-error=\"Merci de renseigner une adresse email\" required=\"required\" placeholder=\"E-Mail\"> <\/div> <div class=\"inf-submit\"> <input type=\"submit\" name=\"\" value=\"Anmelden\"> <\/div> <\/div> <\/div> <\/form>\n\n\n\n<p>Nachdem die Uhrenindustrie in unserem Land die Wende zum Quarz aus Arroganz verpasst hat, wird sie nun in der Lage sein, diese neue, tiefgreifende Ver\u00e4nderung der Uhrenlandschaft zu meistern? Nichts ist weniger sicher...<\/p>","protected":false},"excerpt":{"rendered":"<p>Das am 1. Januar 2017 aktualisierte \u00abSwiss made\u00bb-Label, das Uhrenmarken vor der globalen Konkurrenz sch\u00fctzt, ist wegen seiner Starrheit und Komplexit\u00e4t umstritten. Dieser Fall ist ein Beispiel f\u00fcr ein gr\u00f6\u00dferes Ph\u00e4nomen: Das Gesetz kann den Fortschritt nicht mehr eind\u00e4mmen.<\/p>","protected":false},"author":314,"featured_media":0,"comment_status":"open","ping_status":"open","sticky":false,"template":"","format":"standard","meta":{"_acf_changed":false,"footnotes":""},"categories":[644357279],"tags":[644357152,644358403,4399],"class_list":["post-5953","post","type-post","status-publish","format-standard","hentry","category-suisse","tag-commentaire","tag-horlogerie","tag-technologie"],"acf":[],"yoast_head":"<!-- This site is optimized with the Yoast SEO Premium plugin v27.4 (Yoast SEO v27.4) - https:\/\/yoast.com\/product\/yoast-seo-premium-wordpress\/ -->\n<title>Smartwatch: quand la technologie avance trop rapidement pour la loi<\/title>\n<meta name=\"description\" content=\"Smartwatch: Les critiques contre le label \u00abSwiss made\u00bb, \u00e0 nouveau obsol\u00e8te, illustrent le fait que la loi n\u2019arrive plus \u00e0 encadrer le progr\u00e8s\" \/>\n<meta name=\"robots\" content=\"index, follow, max-snippet:-1, max-image-preview:large, max-video-preview:-1\" \/>\n<link rel=\"canonical\" href=\"https:\/\/leregardlibre.com\/de\/politik\/schweiz\/smartwatch-wenn-die-technologie-zu-schnell-fur-das-gesetz-voranschreitet\/\" \/>\n<meta property=\"og:locale\" content=\"de_DE\" \/>\n<meta property=\"og:type\" content=\"article\" \/>\n<meta property=\"og:title\" content=\"Smartwatch: quand la technologie avance trop rapidement pour la loi\" \/>\n<meta property=\"og:description\" content=\"Smartwatch: Les critiques contre le label \u00abSwiss made\u00bb, \u00e0 nouveau obsol\u00e8te, illustrent le fait que la loi n\u2019arrive plus \u00e0 encadrer le progr\u00e8s\" \/>\n<meta property=\"og:url\" content=\"https:\/\/leregardlibre.com\/de\/politik\/schweiz\/smartwatch-wenn-die-technologie-zu-schnell-fur-das-gesetz-voranschreitet\/\" \/>\n<meta property=\"og:site_name\" content=\"Le Regard Libre\" \/>\n<meta property=\"article:publisher\" content=\"https:\/\/www.facebook.com\/leregardlibre\/\" \/>\n<meta property=\"article:published_time\" content=\"2017-03-27T15:57:43+00:00\" \/>\n<meta property=\"article:modified_time\" content=\"2025-12-13T21:45:36+00:00\" \/>\n<meta property=\"og:image\" content=\"https:\/\/leregardlibre.com\/wp-content\/uploads\/2025\/11\/rl_logo_1a-e1762609033480.jpg\" \/>\n\t<meta property=\"og:image:width\" content=\"2154\" \/>\n\t<meta property=\"og:image:height\" content=\"1264\" \/>\n\t<meta property=\"og:image:type\" content=\"image\/jpeg\" \/>\n<meta name=\"author\" content=\"Nicolas Jutzet\" \/>\n<meta name=\"twitter:card\" content=\"summary_large_image\" \/>\n<meta name=\"twitter:creator\" content=\"@LeRegardLibre\" \/>\n<meta name=\"twitter:site\" content=\"@LeRegardLibre\" \/>\n<meta name=\"twitter:label1\" content=\"Verfasst von\" \/>\n\t<meta name=\"twitter:data1\" content=\"Nicolas Jutzet\" \/>\n\t<meta name=\"twitter:label2\" content=\"Gesch\u00e4tzte Lesezeit\" \/>\n\t<meta name=\"twitter:data2\" content=\"2\u00a0Minuten\" \/>\n<script type=\"application\/ld+json\" class=\"yoast-schema-graph\">{\"@context\":\"https:\\\/\\\/schema.org\",\"@graph\":[{\"@type\":\"Article\",\"@id\":\"https:\\\/\\\/leregardlibre.com\\\/politique\\\/suisse\\\/smartwatch-quand-la-technologie-avance-trop-rapidement-pour-la-loi\\\/#article\",\"isPartOf\":{\"@id\":\"https:\\\/\\\/leregardlibre.com\\\/politique\\\/suisse\\\/smartwatch-quand-la-technologie-avance-trop-rapidement-pour-la-loi\\\/\"},\"author\":{\"name\":\"Nicolas Jutzet\",\"@id\":\"https:\\\/\\\/leregardlibre.com\\\/#\\\/schema\\\/person\\\/3446d3a78b45211305188d4401e7719a\"},\"headline\":\"Smartwatch: quand la technologie avance trop rapidement pour la loi\",\"datePublished\":\"2017-03-27T15:57:43+00:00\",\"dateModified\":\"2025-12-13T21:45:36+00:00\",\"mainEntityOfPage\":{\"@id\":\"https:\\\/\\\/leregardlibre.com\\\/politique\\\/suisse\\\/smartwatch-quand-la-technologie-avance-trop-rapidement-pour-la-loi\\\/\"},\"wordCount\":211,\"commentCount\":0,\"publisher\":{\"@id\":\"https:\\\/\\\/leregardlibre.com\\\/#organization\"},\"keywords\":[\"Commentaire\",\"Horlogerie\",\"Technologie\"],\"articleSection\":[\"Suisse\"],\"inLanguage\":\"de\",\"potentialAction\":[{\"@type\":\"CommentAction\",\"name\":\"Comment\",\"target\":[\"https:\\\/\\\/leregardlibre.com\\\/politique\\\/suisse\\\/smartwatch-quand-la-technologie-avance-trop-rapidement-pour-la-loi\\\/#respond\"]}]},{\"@type\":\"WebPage\",\"@id\":\"https:\\\/\\\/leregardlibre.com\\\/politique\\\/suisse\\\/smartwatch-quand-la-technologie-avance-trop-rapidement-pour-la-loi\\\/\",\"url\":\"https:\\\/\\\/leregardlibre.com\\\/politique\\\/suisse\\\/smartwatch-quand-la-technologie-avance-trop-rapidement-pour-la-loi\\\/\",\"name\":\"Smartwatch: quand la technologie avance trop rapidement pour la loi\",\"isPartOf\":{\"@id\":\"https:\\\/\\\/leregardlibre.com\\\/#website\"},\"datePublished\":\"2017-03-27T15:57:43+00:00\",\"dateModified\":\"2025-12-13T21:45:36+00:00\",\"description\":\"Smartwatch: Les critiques contre le label \u00abSwiss made\u00bb, \u00e0 nouveau obsol\u00e8te, illustrent le fait que la loi n\u2019arrive plus \u00e0 encadrer le progr\u00e8s\",\"breadcrumb\":{\"@id\":\"https:\\\/\\\/leregardlibre.com\\\/politique\\\/suisse\\\/smartwatch-quand-la-technologie-avance-trop-rapidement-pour-la-loi\\\/#breadcrumb\"},\"inLanguage\":\"de\",\"potentialAction\":[{\"@type\":\"ReadAction\",\"target\":[\"https:\\\/\\\/leregardlibre.com\\\/politique\\\/suisse\\\/smartwatch-quand-la-technologie-avance-trop-rapidement-pour-la-loi\\\/\"]}]},{\"@type\":\"BreadcrumbList\",\"@id\":\"https:\\\/\\\/leregardlibre.com\\\/politique\\\/suisse\\\/smartwatch-quand-la-technologie-avance-trop-rapidement-pour-la-loi\\\/#breadcrumb\",\"itemListElement\":[{\"@type\":\"ListItem\",\"position\":1,\"name\":\"Accueil\",\"item\":\"https:\\\/\\\/leregardlibre.com\\\/\"},{\"@type\":\"ListItem\",\"position\":2,\"name\":\"Smartwatch: quand la technologie avance trop rapidement pour la loi\"}]},{\"@type\":\"WebSite\",\"@id\":\"https:\\\/\\\/leregardlibre.com\\\/#website\",\"url\":\"https:\\\/\\\/leregardlibre.com\\\/\",\"name\":\"Le Regard Libre\",\"description\":\"Premier mensuel suisse de d\u00e9bat\",\"publisher\":{\"@id\":\"https:\\\/\\\/leregardlibre.com\\\/#organization\"},\"potentialAction\":[{\"@type\":\"SearchAction\",\"target\":{\"@type\":\"EntryPoint\",\"urlTemplate\":\"https:\\\/\\\/leregardlibre.com\\\/?s={search_term_string}\"},\"query-input\":{\"@type\":\"PropertyValueSpecification\",\"valueRequired\":true,\"valueName\":\"search_term_string\"}}],\"inLanguage\":\"de\"},{\"@type\":\"Organization\",\"@id\":\"https:\\\/\\\/leregardlibre.com\\\/#organization\",\"name\":\"Le Regard Libre\",\"url\":\"https:\\\/\\\/leregardlibre.com\\\/\",\"logo\":{\"@type\":\"ImageObject\",\"inLanguage\":\"de\",\"@id\":\"https:\\\/\\\/leregardlibre.com\\\/#\\\/schema\\\/logo\\\/image\\\/\",\"url\":\"https:\\\/\\\/leregardlibre.com\\\/wp-content\\\/uploads\\\/2025\\\/08\\\/logo-rl-icone-neg.jpeg\",\"contentUrl\":\"https:\\\/\\\/leregardlibre.com\\\/wp-content\\\/uploads\\\/2025\\\/08\\\/logo-rl-icone-neg.jpeg\",\"width\":557,\"height\":556,\"caption\":\"Le Regard Libre\"},\"image\":{\"@id\":\"https:\\\/\\\/leregardlibre.com\\\/#\\\/schema\\\/logo\\\/image\\\/\"},\"sameAs\":[\"https:\\\/\\\/www.facebook.com\\\/leregardlibre\\\/\",\"https:\\\/\\\/x.com\\\/LeRegardLibre\",\"https:\\\/\\\/www.linkedin.com\\\/company\\\/le-regard-libre\",\"https:\\\/\\\/www.instagram.com\\\/leregardlibre\\\/\",\"http:\\\/\\\/t.me\\\/leregardlibre\",\"https:\\\/\\\/youtube.com\\\/channel\\\/UC6HzGPomj1LsUmlz-sJtITQ\"],\"description\":\"Le Regard Libre est un mensuel suisse de d\u00e9bat intellectuel et culturel. Sa r\u00e9daction est jeune, b\u00e9n\u00e9vole, lib\u00e9rale et pluraliste. Le magazine para\u00eet en ligne et sous forme papier. Sa langue est le fran\u00e7ais.\",\"email\":\"redaction@leregardlibre.com\",\"legalName\":\"Le Regard Libre\",\"foundingDate\":\"2014-01-01\",\"numberOfEmployees\":{\"@type\":\"QuantitativeValue\",\"minValue\":\"11\",\"maxValue\":\"50\"},\"publishingPrinciples\":\"https:\\\/\\\/leregardlibre.com\\\/a-propos\\\/notre-manifeste\\\/\",\"ownershipFundingInfo\":\"https:\\\/\\\/leregardlibre.com\\\/mentions-legales\\\/\",\"actionableFeedbackPolicy\":\"https:\\\/\\\/leregardlibre.com\\\/conditions-generales-de-vente\\\/\"},{\"@type\":\"Person\",\"@id\":\"https:\\\/\\\/leregardlibre.com\\\/#\\\/schema\\\/person\\\/3446d3a78b45211305188d4401e7719a\",\"name\":\"Nicolas Jutzet\",\"image\":{\"@type\":\"ImageObject\",\"inLanguage\":\"de\",\"@id\":\"https:\\\/\\\/secure.gravatar.com\\\/avatar\\\/0051d940078d390e50a5e700a6c653e3776f3a164b8878a91d3c09ee3a174239?s=96&d=identicon&r=g\",\"url\":\"https:\\\/\\\/secure.gravatar.com\\\/avatar\\\/0051d940078d390e50a5e700a6c653e3776f3a164b8878a91d3c09ee3a174239?s=96&d=identicon&r=g\",\"contentUrl\":\"https:\\\/\\\/secure.gravatar.com\\\/avatar\\\/0051d940078d390e50a5e700a6c653e3776f3a164b8878a91d3c09ee3a174239?s=96&d=identicon&r=g\",\"caption\":\"Nicolas Jutzet\"},\"description\":\"Co-fondateur du m\u00e9dia Liber-th\u00e9, Nicolas Jutzet est vice-directeur de l\u2019Institut lib\u00e9ral, en Suisse.\",\"sameAs\":[\"https:\\\/\\\/nicolasjutzet.ch\\\/a-propos\\\/\",\"https:\\\/\\\/fr.wikipedia.org\\\/wiki\\\/Le_Regard_libre\"],\"url\":\"https:\\\/\\\/leregardlibre.com\\\/de\\\/author\\\/nicolas-jutzet\\\/\"}]}<\/script>\n<!-- \/ Yoast SEO Premium plugin. -->","yoast_head_json":{"title":"Smartwatch: Wenn die Technologie zu schnell f\u00fcr das Gesetz ist","description":"Smartwatch: Kritik am veralteten \u00abSwiss made\u00bb-Label zeigt, dass das Gesetz den Fortschritt nicht mehr eind\u00e4mmen kann","robots":{"index":"index","follow":"follow","max-snippet":"max-snippet:-1","max-image-preview":"max-image-preview:large","max-video-preview":"max-video-preview:-1"},"canonical":"https:\/\/leregardlibre.com\/de\/politik\/schweiz\/smartwatch-wenn-die-technologie-zu-schnell-fur-das-gesetz-voranschreitet\/","og_locale":"de_DE","og_type":"article","og_title":"Smartwatch: quand la technologie avance trop rapidement pour la loi","og_description":"Smartwatch: Les critiques contre le label \u00abSwiss made\u00bb, \u00e0 nouveau obsol\u00e8te, illustrent le fait que la loi n\u2019arrive plus \u00e0 encadrer le progr\u00e8s","og_url":"https:\/\/leregardlibre.com\/de\/politik\/schweiz\/smartwatch-wenn-die-technologie-zu-schnell-fur-das-gesetz-voranschreitet\/","og_site_name":"Le Regard Libre","article_publisher":"https:\/\/www.facebook.com\/leregardlibre\/","article_published_time":"2017-03-27T15:57:43+00:00","article_modified_time":"2025-12-13T21:45:36+00:00","og_image":[{"width":2154,"height":1264,"url":"https:\/\/leregardlibre.com\/wp-content\/uploads\/2025\/11\/rl_logo_1a-e1762609033480.jpg","type":"image\/jpeg"}],"author":"Nicolas Jutzet","twitter_card":"summary_large_image","twitter_creator":"@LeRegardLibre","twitter_site":"@LeRegardLibre","twitter_misc":{"Verfasst von":"Nicolas Jutzet","Gesch\u00e4tzte Lesezeit":"2\u00a0Minuten"},"schema":{"@context":"https:\/\/schema.org","@graph":[{"@type":"Article","@id":"https:\/\/leregardlibre.com\/politique\/suisse\/smartwatch-quand-la-technologie-avance-trop-rapidement-pour-la-loi\/#article","isPartOf":{"@id":"https:\/\/leregardlibre.com\/politique\/suisse\/smartwatch-quand-la-technologie-avance-trop-rapidement-pour-la-loi\/"},"author":{"name":"Nicolas Jutzet","@id":"https:\/\/leregardlibre.com\/#\/schema\/person\/3446d3a78b45211305188d4401e7719a"},"headline":"Smartwatch: quand la technologie avance trop rapidement pour la loi","datePublished":"2017-03-27T15:57:43+00:00","dateModified":"2025-12-13T21:45:36+00:00","mainEntityOfPage":{"@id":"https:\/\/leregardlibre.com\/politique\/suisse\/smartwatch-quand-la-technologie-avance-trop-rapidement-pour-la-loi\/"},"wordCount":211,"commentCount":0,"publisher":{"@id":"https:\/\/leregardlibre.com\/#organization"},"keywords":["Commentaire","Horlogerie","Technologie"],"articleSection":["Suisse"],"inLanguage":"de","potentialAction":[{"@type":"CommentAction","name":"Comment","target":["https:\/\/leregardlibre.com\/politique\/suisse\/smartwatch-quand-la-technologie-avance-trop-rapidement-pour-la-loi\/#respond"]}]},{"@type":"WebPage","@id":"https:\/\/leregardlibre.com\/politique\/suisse\/smartwatch-quand-la-technologie-avance-trop-rapidement-pour-la-loi\/","url":"https:\/\/leregardlibre.com\/politique\/suisse\/smartwatch-quand-la-technologie-avance-trop-rapidement-pour-la-loi\/","name":"Smartwatch: Wenn die Technologie zu schnell f\u00fcr das Gesetz ist","isPartOf":{"@id":"https:\/\/leregardlibre.com\/#website"},"datePublished":"2017-03-27T15:57:43+00:00","dateModified":"2025-12-13T21:45:36+00:00","description":"Smartwatch: Kritik am veralteten \u00abSwiss made\u00bb-Label zeigt, dass das Gesetz den Fortschritt nicht mehr eind\u00e4mmen kann","breadcrumb":{"@id":"https:\/\/leregardlibre.com\/politique\/suisse\/smartwatch-quand-la-technologie-avance-trop-rapidement-pour-la-loi\/#breadcrumb"},"inLanguage":"de","potentialAction":[{"@type":"ReadAction","target":["https:\/\/leregardlibre.com\/politique\/suisse\/smartwatch-quand-la-technologie-avance-trop-rapidement-pour-la-loi\/"]}]},{"@type":"BreadcrumbList","@id":"https:\/\/leregardlibre.com\/politique\/suisse\/smartwatch-quand-la-technologie-avance-trop-rapidement-pour-la-loi\/#breadcrumb","itemListElement":[{"@type":"ListItem","position":1,"name":"Accueil","item":"https:\/\/leregardlibre.com\/"},{"@type":"ListItem","position":2,"name":"Smartwatch: quand la technologie avance trop rapidement pour la loi"}]},{"@type":"WebSite","@id":"https:\/\/leregardlibre.com\/#website","url":"https:\/\/leregardlibre.com\/","name":"Le Regard Libre","description":"Erste Schweizer Monatszeitschrift f\u00fcr Debatten","publisher":{"@id":"https:\/\/leregardlibre.com\/#organization"},"potentialAction":[{"@type":"SearchAction","target":{"@type":"EntryPoint","urlTemplate":"https:\/\/leregardlibre.com\/?s={search_term_string}"},"query-input":{"@type":"PropertyValueSpecification","valueRequired":true,"valueName":"search_term_string"}}],"inLanguage":"de"},{"@type":"Organization","@id":"https:\/\/leregardlibre.com\/#organization","name":"Le Regard Libre","url":"https:\/\/leregardlibre.com\/","logo":{"@type":"ImageObject","inLanguage":"de","@id":"https:\/\/leregardlibre.com\/#\/schema\/logo\/image\/","url":"https:\/\/leregardlibre.com\/wp-content\/uploads\/2025\/08\/logo-rl-icone-neg.jpeg","contentUrl":"https:\/\/leregardlibre.com\/wp-content\/uploads\/2025\/08\/logo-rl-icone-neg.jpeg","width":557,"height":556,"caption":"Le Regard Libre"},"image":{"@id":"https:\/\/leregardlibre.com\/#\/schema\/logo\/image\/"},"sameAs":["https:\/\/www.facebook.com\/leregardlibre\/","https:\/\/x.com\/LeRegardLibre","https:\/\/www.linkedin.com\/company\/le-regard-libre","https:\/\/www.instagram.com\/leregardlibre\/","http:\/\/t.me\/leregardlibre","https:\/\/youtube.com\/channel\/UC6HzGPomj1LsUmlz-sJtITQ"],"description":"Le Regard Libre ist eine Schweizer Monatszeitschrift f\u00fcr intellektuelle und kulturelle Debatten. Seine Redaktion ist jung, ehrenamtlich, liberal und pluralistisch. Das Magazin erscheint online und in gedruckter Form. Seine Sprache ist Franz\u00f6sisch.","email":"redaction@leregardlibre.com","legalName":"Le Regard Libre","foundingDate":"2014-01-01","numberOfEmployees":{"@type":"QuantitativeValue","minValue":"11","maxValue":"50"},"publishingPrinciples":"https:\/\/leregardlibre.com\/a-propos\/notre-manifeste\/","ownershipFundingInfo":"https:\/\/leregardlibre.com\/mentions-legales\/","actionableFeedbackPolicy":"https:\/\/leregardlibre.com\/conditions-generales-de-vente\/"},{"@type":"Person","@id":"https:\/\/leregardlibre.com\/#\/schema\/person\/3446d3a78b45211305188d4401e7719a","name":"Nicolas Jutzet","image":{"@type":"ImageObject","inLanguage":"de","@id":"https:\/\/secure.gravatar.com\/avatar\/0051d940078d390e50a5e700a6c653e3776f3a164b8878a91d3c09ee3a174239?s=96&d=identicon&r=g","url":"https:\/\/secure.gravatar.com\/avatar\/0051d940078d390e50a5e700a6c653e3776f3a164b8878a91d3c09ee3a174239?s=96&d=identicon&r=g","contentUrl":"https:\/\/secure.gravatar.com\/avatar\/0051d940078d390e50a5e700a6c653e3776f3a164b8878a91d3c09ee3a174239?s=96&d=identicon&r=g","caption":"Nicolas Jutzet"},"description":"Nicolas Jutzet ist Mitbegr\u00fcnder des Mediums Liber-th\u00e9 und Vize-Direktor des Liberalen Instituts in der Schweiz.","sameAs":["https:\/\/nicolasjutzet.ch\/a-propos\/","https:\/\/fr.wikipedia.org\/wiki\/Le_Regard_libre"],"url":"https:\/\/leregardlibre.com\/de\/author\/nicolas-jutzet\/"}]}},"_links":{"self":[{"href":"https:\/\/leregardlibre.com\/de\/wp-json\/wp\/v2\/posts\/5953","targetHints":{"allow":["GET"]}}],"collection":[{"href":"https:\/\/leregardlibre.com\/de\/wp-json\/wp\/v2\/posts"}],"about":[{"href":"https:\/\/leregardlibre.com\/de\/wp-json\/wp\/v2\/types\/post"}],"author":[{"embeddable":true,"href":"https:\/\/leregardlibre.com\/de\/wp-json\/wp\/v2\/users\/314"}],"replies":[{"embeddable":true,"href":"https:\/\/leregardlibre.com\/de\/wp-json\/wp\/v2\/comments?post=5953"}],"version-history":[{"count":2,"href":"https:\/\/leregardlibre.com\/de\/wp-json\/wp\/v2\/posts\/5953\/revisions"}],"predecessor-version":[{"id":524285,"href":"https:\/\/leregardlibre.com\/de\/wp-json\/wp\/v2\/posts\/5953\/revisions\/524285"}],"wp:attachment":[{"href":"https:\/\/leregardlibre.com\/de\/wp-json\/wp\/v2\/media?parent=5953"}],"wp:term":[{"taxonomy":"category","embeddable":true,"href":"https:\/\/leregardlibre.com\/de\/wp-json\/wp\/v2\/categories?post=5953"},{"taxonomy":"post_tag","embeddable":true,"href":"https:\/\/leregardlibre.com\/de\/wp-json\/wp\/v2\/tags?post=5953"}],"curies":[{"name":"wp","href":"https:\/\/api.w.org\/{rel}","templated":true}]}}