{"id":6649,"date":"2014-05-15T07:00:30","date_gmt":"2014-05-15T06:00:30","guid":{"rendered":"http:\/\/leregardlibre.com\/?p=6649"},"modified":"2025-11-12T19:17:10","modified_gmt":"2025-11-12T18:17:10","slug":"der-grose-karl-ist-neunzig-jahre-alt","status":"publish","type":"post","link":"https:\/\/leregardlibre.com\/de\/musik\/der-grose-karl-ist-neunzig-jahre-alt\/","title":{"rendered":"Der gro\u00dfe Charles ist neunzig Jahre alt"},"content":{"rendered":"<p>In diesem Monat feiert einer der gr\u00f6\u00dften Namen, die das franz\u00f6sische Chanson je hervorgebracht hat, seinen Geburtstag: Charles, der gro\u00dfe Charles, wurde am 22. Mai 2014 neunzig Jahre alt. Er wurde neunzig Jahre alt und hat immer noch alle seine Z\u00e4hne.<\/p>\n\n\n\n<p>Das ist das Unglaubliche an diesem Ph\u00e4nomen: Er ist immer noch da. Wie Johnny Hallyday fasziniert auch Aznavour durch seine unersch\u00fctterliche Langlebigkeit, seine Liebe zum Leben und zu seiner Leidenschaft, die st\u00e4rker ist als der Tod. Im Gegensatz zu Johnny, seinem 70-j\u00e4hrigen Sch\u00fcler, hat Charles Azavnour seine gesamte Karriere hindurch eine eigene Linie verfolgt - beide Situationen sind bewundernswert, man muss nur das Positive herausgreifen: k\u00fcnstlerische Neugier und Entwicklung bei dem einen, Best\u00e4ndigkeit und Authentizit\u00e4t bei dem anderen.<\/p>\n\n\n\n<!--more-->\n\n\n\n<p>Es war ein gl\u00fccklicher Zufall, dass der Autor, Komponist und Interpret von <em>La Boh\u00e8me<\/em> am 22. Mai 1924 in Paris geboren wurde. Seine armenischen Eltern warteten n\u00e4mlich in Frankreich auf ein Visum f\u00fcr die USA. Die Umst\u00e4nde f\u00fchrten also zu einer unglaublichen Karriere, die niemand je erreicht hat. Erfolg ist nicht nur eine Frage des Gl\u00fccks, sondern vor allem das Ergebnis eines gewissen Talents. Und in dieser Hinsicht gibt es viel zu sagen. Der Text seines ber\u00fchmten <em>Ich sah mich schon<\/em> verlieren ihre Ironie:<\/p>\n\n\n\n<blockquote class=\"wp-block-quote is-layout-flow wp-block-quote-is-layout-flow\">\n<p>\u00abMan hat mir nie eine Chance gegeben<br>Andere haben es mit wenigen Stimmen und viel Geld geschafft<br>Ich war zu rein oder zu fr\u00fch.<br>Aber der Tag wird kommen, an dem ich ihnen zeigen werde, dass ich Talent habe\u00bb.\u00bb<\/p>\n<\/blockquote>\n\n\n\n<p>Der unersch\u00fctterliche Stil von Charles Aznavour regt zur Bewunderung an. Von <em>Wie traurig ist Venedig<\/em>\u00a0unsere Fehler<em>\u00a0Liebe<\/em> <em>und Krieg<\/em> \u00fcber <em>Jetzt<\/em>, Die gleiche musikalische Poesie bleibt bestehen: die erhabene, die bellissime, die Vigny und Tschaikowsky vereint, die das Genie von Piaf verl\u00e4ngert und die Verse von Brel adelt; die, die in die Eingeweide und in die Schl\u00e4fen greift!<\/p>\n\n\n\n<p>Das gr\u00f6\u00dfte Verdienst des S\u00e4ngers ist es, klassische franz\u00f6sische Verse popul\u00e4r gemacht zu haben - \u00abpopul\u00e4r\u00bb im Sinne von \u00abbekannt\u00bb, \u00abgesch\u00e4tzt\u00bb, \u00abvorherrschend\u00bb, \u00abverbreitet\u00bb und nicht \u00abgew\u00f6hnlich\u00bb oder \u00abvolksnah\u00bb, was den Stil Aznavours f\u00e4lschlicherweise mit der widerw\u00e4rtigen Bewegung des Realismus, der Vorliebe f\u00fcr das Mittelm\u00e4\u00dfige, f\u00fcr das Nat\u00fcrliche in all seiner H\u00e4sslichkeit in Verbindung bringen w\u00fcrde. Aznavours Lieder streben nach dem extremen, aber harmonischen Gegenteil: dem Klassizismus. Es handelt sich jedoch um einen sehr intelligenten Klassizismus mit noch mehr Klasse, da er sich f\u00fcr alle menschlichen Leidenschaften, alle Situationen in der Gesellschaft interessiert: Ein Vater in Not, ein homosexueller Teenager und ein Stierk\u00e4mpfer finden sich in den Liedern dieses gro\u00dfen Humanisten wieder.<\/p>\n\n\n\n<p>Zw\u00f6lf- oder achtsilbige Verse sind kein Hindernis mehr, sondern fast schon eine Bedingung f\u00fcr den Erfolg von Aznavours Liedern.<\/p>\n\n\n\n<p>Wer sollte nicht ger\u00fchrt sein, wenn er das Meisterwerk h\u00f6rt <em>Nein, ich habe nichts vergessen<\/em>\u00a0von den ersten Worten an?<\/p>\n\n\n\n<blockquote class=\"wp-block-quote is-layout-flow wp-block-quote-is-layout-flow\">\n<p>\u00abIch h\u00e4tte nie gedacht, dass wir uns treffen w\u00fcrden<br>Der Zufall ist neugierig, er provoziert die Dinge<br>Und das Schicksal eilt einen Augenblick und macht Pause\u00bb.\u00bb<\/p>\n<\/blockquote>\n\n\n\n<p>Wer kann einem Vater zuh\u00f6ren, dessen Kind an einer \u00dcberdosis gestorben ist?<\/p>\n\n\n\n<blockquote class=\"wp-block-quote is-layout-flow wp-block-quote-is-layout-flow\">\n<p><em>Mein Kind, meine reine Luft, mein Blut, meine Hoffnung<br><\/em><em>Mein Ferment, meine Zukunft, mein Fleisch, mein \u00dcberleben<br><\/em><em>Du sollst meinen Namen und mein Geschlecht nicht fortsetzen<br><\/em><em>Alles, was ich gebaut habe, habe ich vergeblich getr\u00e4umt<br><\/em><em>Ich werde diese Welt verlassen, ohne Spuren zu hinterlassen<br><\/em><em>Deine Augen werden sich f\u00fcr kein Morgen \u00f6ffnen.<\/em><\/p>\n<\/blockquote>\n\n\n\n<p>(<em>Die Nadel<\/em>)<\/p>\n\n\n\n<p>Neben diesen Oden an die Vielfalt des menschlichen Lebens und diesem R<em>\u00e9<\/em>Komfort, den Charles Aznavour vielen Menschen bietet - so wie seinen Wunsch, den er in <em>Ave Maria:<\/em> \u00abErleuchte ihren Weg und nimm sie bei der Hand\u00bb - ein sehr gro\u00dfer Appell wird an die Jugend gerichtet. \u00abGestern noch war ich zwanzig \/ Ich streichelte die Zeit und spielte mit dem Leben \/ Wie man mit der Liebe spielt, und ich lebte in der Nacht \/ Ohne meine Tage zu z\u00e4hlen, die durch die Zeit flohen \/ Ich machte so viele Pl\u00e4ne, die in der Luft hingen \/ Ich machte so viele Hoffnungen, die sich in Luft aufl\u00f6sten \/ Dass ich verloren bin und nicht wei\u00df, wohin ich gehen soll \/ Meine Augen suchen den Himmel, aber mein Herz ist geerdet\u00bb, gesteht uns der S\u00e4nger. Aber man sollte seine jungen Jahre nicht vergeuden, sondern sie genie\u00dfen:<\/p>\n\n\n\n<blockquote class=\"wp-block-quote is-layout-flow wp-block-quote-is-layout-flow\">\n<p>Bevor wir l\u00e4cheln und die Kindheit verlassen<br>Bevor man wei\u00df, dass die Jugend flieht<br>Es scheint so kurz zu sein, dass man ganz \u00fcberrascht ist<br>Dass man, bevor man versteht, die Existenz verl\u00e4sst<\/p>\n<\/blockquote>\n\n\n\n<p>Deshalb <em>Seine Jugend<\/em> betont einen Punkt:<\/p>\n\n\n\n<blockquote class=\"wp-block-quote is-layout-flow wp-block-quote-is-layout-flow\">\n<p>Wenn wir sehen<br>Weit vor sich<br>Lachen das Leben<br>Mit Hoffnung bestickt<br>Reich an Freuden<br>Und von Verr\u00fccktheiten<br>Man muss bis zur Trunkenheit trinken<br>Seine Jugend<\/p>\n<\/blockquote>\n\n\n\n<p>Die Welt von Charles Aznavour ist eine Welt des Genies, aber sie bleibt auf menschlicher Ebene. Ein Freund bezeichnete ihn als \u00abletzten Poeten des franz\u00f6sischen Chansons\u00bb. Zweifellos, und vor allem ein Vorbild, dem man folgen sollte!<\/p>\n\n\n\n<p><em>Schreiben Sie dem Autor: <\/em><a href=\"mailto:jonas.follonier@leregardlibre.com\"><em>jonas.follonier@leregardlibre.com<\/em><\/a><\/p>","protected":false},"excerpt":{"rendered":"<p>Ce mois-ci marque l\u2019anniversaire d\u2019un des plus grands noms que la chanson fran\u00e7aise ait jamais connus; Charles, le grand Charles,&#8230;<\/p>","protected":false},"author":138,"featured_media":529618,"comment_status":"open","ping_status":"open","sticky":false,"template":"","format":"standard","meta":{"_acf_changed":false,"footnotes":""},"categories":[6460],"tags":[644339057,488322,989358],"class_list":["post-6649","post","type-post","status-publish","format-standard","has-post-thumbnail","hentry","category-musique","tag-chanson","tag-chanson-francaise","tag-charles-aznavour"],"acf":[],"yoast_head":"<!-- This site is optimized with the Yoast SEO Premium plugin v27.4 (Yoast SEO v27.4) - https:\/\/yoast.com\/product\/yoast-seo-premium-wordpress\/ -->\n<title>Le grand Charles a nonante ans<\/title>\n<meta name=\"robots\" content=\"index, follow, max-snippet:-1, max-image-preview:large, max-video-preview:-1\" \/>\n<link rel=\"canonical\" href=\"https:\/\/leregardlibre.com\/de\/musik\/der-grose-karl-ist-neunzig-jahre-alt\/\" \/>\n<meta property=\"og:locale\" content=\"de_DE\" \/>\n<meta property=\"og:type\" content=\"article\" \/>\n<meta property=\"og:title\" content=\"Le grand Charles a nonante ans\" \/>\n<meta property=\"og:description\" content=\"Ce mois-ci marque l\u2019anniversaire d\u2019un des plus grands noms que la chanson fran\u00e7aise ait jamais connus; Charles, le grand Charles,...\" \/>\n<meta property=\"og:url\" content=\"https:\/\/leregardlibre.com\/de\/musik\/der-grose-karl-ist-neunzig-jahre-alt\/\" \/>\n<meta property=\"og:site_name\" content=\"Le Regard Libre\" \/>\n<meta property=\"article:publisher\" content=\"https:\/\/www.facebook.com\/leregardlibre\/\" \/>\n<meta property=\"article:author\" content=\"https:\/\/www.facebook.com\/jonas.follonier\/\" \/>\n<meta property=\"article:published_time\" content=\"2014-05-15T06:00:30+00:00\" \/>\n<meta property=\"article:modified_time\" content=\"2025-11-12T18:17:10+00:00\" \/>\n<meta property=\"og:image\" content=\"https:\/\/leregardlibre.com\/wp-content\/uploads\/2014\/05\/charles-zanavour-en-concert-ce-mois-ci--photo-president-am-via-wikimedia-sous-cc-3-0-e1762080640591.jpg\" \/>\n\t<meta property=\"og:image:width\" content=\"1920\" \/>\n\t<meta property=\"og:image:height\" content=\"1280\" \/>\n\t<meta property=\"og:image:type\" content=\"image\/jpeg\" \/>\n<meta name=\"author\" content=\"Jonas Follonier\" \/>\n<meta name=\"twitter:card\" content=\"summary_large_image\" \/>\n<meta name=\"twitter:creator\" content=\"@LeRegardLibre\" \/>\n<meta name=\"twitter:site\" content=\"@LeRegardLibre\" \/>\n<meta name=\"twitter:label1\" content=\"Verfasst von\" \/>\n\t<meta name=\"twitter:data1\" content=\"Jonas Follonier\" \/>\n\t<meta name=\"twitter:label2\" content=\"Gesch\u00e4tzte Lesezeit\" \/>\n\t<meta name=\"twitter:data2\" content=\"4\u00a0Minuten\" \/>\n<script type=\"application\/ld+json\" class=\"yoast-schema-graph\">{\"@context\":\"https:\\\/\\\/schema.org\",\"@graph\":[{\"@type\":\"Article\",\"@id\":\"https:\\\/\\\/leregardlibre.com\\\/musique\\\/le-grand-charles-a-nonante-ans\\\/#article\",\"isPartOf\":{\"@id\":\"https:\\\/\\\/leregardlibre.com\\\/musique\\\/le-grand-charles-a-nonante-ans\\\/\"},\"author\":{\"name\":\"Jonas Follonier\",\"@id\":\"https:\\\/\\\/leregardlibre.com\\\/#\\\/schema\\\/person\\\/bfe5aa794a23be71485d60e2d93ec0d2\"},\"headline\":\"Le grand Charles a nonante ans\",\"datePublished\":\"2014-05-15T06:00:30+00:00\",\"dateModified\":\"2025-11-12T18:17:10+00:00\",\"mainEntityOfPage\":{\"@id\":\"https:\\\/\\\/leregardlibre.com\\\/musique\\\/le-grand-charles-a-nonante-ans\\\/\"},\"wordCount\":904,\"commentCount\":0,\"publisher\":{\"@id\":\"https:\\\/\\\/leregardlibre.com\\\/#organization\"},\"image\":{\"@id\":\"https:\\\/\\\/leregardlibre.com\\\/musique\\\/le-grand-charles-a-nonante-ans\\\/#primaryimage\"},\"thumbnailUrl\":\"https:\\\/\\\/leregardlibre.com\\\/wp-content\\\/uploads\\\/2014\\\/05\\\/charles-zanavour-en-concert-ce-mois-ci--photo-president-am-via-wikimedia-sous-cc-3-0-e1762080640591.jpg\",\"keywords\":[\"Chanson\",\"Chanson fran\u00e7aise\",\"Charles Aznavour\"],\"articleSection\":[\"Musique\"],\"inLanguage\":\"de\",\"potentialAction\":[{\"@type\":\"CommentAction\",\"name\":\"Comment\",\"target\":[\"https:\\\/\\\/leregardlibre.com\\\/musique\\\/le-grand-charles-a-nonante-ans\\\/#respond\"]}]},{\"@type\":\"WebPage\",\"@id\":\"https:\\\/\\\/leregardlibre.com\\\/musique\\\/le-grand-charles-a-nonante-ans\\\/\",\"url\":\"https:\\\/\\\/leregardlibre.com\\\/musique\\\/le-grand-charles-a-nonante-ans\\\/\",\"name\":\"Le grand Charles a nonante ans\",\"isPartOf\":{\"@id\":\"https:\\\/\\\/leregardlibre.com\\\/#website\"},\"primaryImageOfPage\":{\"@id\":\"https:\\\/\\\/leregardlibre.com\\\/musique\\\/le-grand-charles-a-nonante-ans\\\/#primaryimage\"},\"image\":{\"@id\":\"https:\\\/\\\/leregardlibre.com\\\/musique\\\/le-grand-charles-a-nonante-ans\\\/#primaryimage\"},\"thumbnailUrl\":\"https:\\\/\\\/leregardlibre.com\\\/wp-content\\\/uploads\\\/2014\\\/05\\\/charles-zanavour-en-concert-ce-mois-ci--photo-president-am-via-wikimedia-sous-cc-3-0-e1762080640591.jpg\",\"datePublished\":\"2014-05-15T06:00:30+00:00\",\"dateModified\":\"2025-11-12T18:17:10+00:00\",\"breadcrumb\":{\"@id\":\"https:\\\/\\\/leregardlibre.com\\\/musique\\\/le-grand-charles-a-nonante-ans\\\/#breadcrumb\"},\"inLanguage\":\"de\",\"potentialAction\":[{\"@type\":\"ReadAction\",\"target\":[\"https:\\\/\\\/leregardlibre.com\\\/musique\\\/le-grand-charles-a-nonante-ans\\\/\"]}]},{\"@type\":\"ImageObject\",\"inLanguage\":\"de\",\"@id\":\"https:\\\/\\\/leregardlibre.com\\\/musique\\\/le-grand-charles-a-nonante-ans\\\/#primaryimage\",\"url\":\"https:\\\/\\\/leregardlibre.com\\\/wp-content\\\/uploads\\\/2014\\\/05\\\/charles-zanavour-en-concert-ce-mois-ci--photo-president-am-via-wikimedia-sous-cc-3-0-e1762080640591.jpg\",\"contentUrl\":\"https:\\\/\\\/leregardlibre.com\\\/wp-content\\\/uploads\\\/2014\\\/05\\\/charles-zanavour-en-concert-ce-mois-ci--photo-president-am-via-wikimedia-sous-cc-3-0-e1762080640591.jpg\",\"width\":1920,\"height\":1280,\"caption\":\"Charles Zanavour en concert ce mois-ci. Photo President.am (via Wikime\u0301dia, sous CC 3.0)\"},{\"@type\":\"BreadcrumbList\",\"@id\":\"https:\\\/\\\/leregardlibre.com\\\/musique\\\/le-grand-charles-a-nonante-ans\\\/#breadcrumb\",\"itemListElement\":[{\"@type\":\"ListItem\",\"position\":1,\"name\":\"Accueil\",\"item\":\"https:\\\/\\\/leregardlibre.com\\\/\"},{\"@type\":\"ListItem\",\"position\":2,\"name\":\"Le grand Charles a nonante ans\"}]},{\"@type\":\"WebSite\",\"@id\":\"https:\\\/\\\/leregardlibre.com\\\/#website\",\"url\":\"https:\\\/\\\/leregardlibre.com\\\/\",\"name\":\"Le Regard Libre\",\"description\":\"Premier mensuel suisse de d\u00e9bat\",\"publisher\":{\"@id\":\"https:\\\/\\\/leregardlibre.com\\\/#organization\"},\"potentialAction\":[{\"@type\":\"SearchAction\",\"target\":{\"@type\":\"EntryPoint\",\"urlTemplate\":\"https:\\\/\\\/leregardlibre.com\\\/?s={search_term_string}\"},\"query-input\":{\"@type\":\"PropertyValueSpecification\",\"valueRequired\":true,\"valueName\":\"search_term_string\"}}],\"inLanguage\":\"de\"},{\"@type\":\"Organization\",\"@id\":\"https:\\\/\\\/leregardlibre.com\\\/#organization\",\"name\":\"Le Regard Libre\",\"url\":\"https:\\\/\\\/leregardlibre.com\\\/\",\"logo\":{\"@type\":\"ImageObject\",\"inLanguage\":\"de\",\"@id\":\"https:\\\/\\\/leregardlibre.com\\\/#\\\/schema\\\/logo\\\/image\\\/\",\"url\":\"https:\\\/\\\/leregardlibre.com\\\/wp-content\\\/uploads\\\/2025\\\/08\\\/logo-rl-icone-neg.jpeg\",\"contentUrl\":\"https:\\\/\\\/leregardlibre.com\\\/wp-content\\\/uploads\\\/2025\\\/08\\\/logo-rl-icone-neg.jpeg\",\"width\":557,\"height\":556,\"caption\":\"Le Regard Libre\"},\"image\":{\"@id\":\"https:\\\/\\\/leregardlibre.com\\\/#\\\/schema\\\/logo\\\/image\\\/\"},\"sameAs\":[\"https:\\\/\\\/www.facebook.com\\\/leregardlibre\\\/\",\"https:\\\/\\\/x.com\\\/LeRegardLibre\",\"https:\\\/\\\/www.linkedin.com\\\/company\\\/le-regard-libre\",\"https:\\\/\\\/www.instagram.com\\\/leregardlibre\\\/\",\"http:\\\/\\\/t.me\\\/leregardlibre\",\"https:\\\/\\\/youtube.com\\\/channel\\\/UC6HzGPomj1LsUmlz-sJtITQ\"],\"description\":\"Le Regard Libre est un mensuel suisse de d\u00e9bat intellectuel et culturel. Sa r\u00e9daction est jeune, b\u00e9n\u00e9vole, lib\u00e9rale et pluraliste. Le magazine para\u00eet en ligne et sous forme papier. Sa langue est le fran\u00e7ais.\",\"email\":\"redaction@leregardlibre.com\",\"legalName\":\"Le Regard Libre\",\"foundingDate\":\"2014-01-01\",\"numberOfEmployees\":{\"@type\":\"QuantitativeValue\",\"minValue\":\"11\",\"maxValue\":\"50\"},\"publishingPrinciples\":\"https:\\\/\\\/leregardlibre.com\\\/a-propos\\\/notre-manifeste\\\/\",\"ownershipFundingInfo\":\"https:\\\/\\\/leregardlibre.com\\\/mentions-legales\\\/\",\"actionableFeedbackPolicy\":\"https:\\\/\\\/leregardlibre.com\\\/conditions-generales-de-vente\\\/\"},{\"@type\":\"Person\",\"@id\":\"https:\\\/\\\/leregardlibre.com\\\/#\\\/schema\\\/person\\\/bfe5aa794a23be71485d60e2d93ec0d2\",\"name\":\"Jonas Follonier\",\"image\":{\"@type\":\"ImageObject\",\"inLanguage\":\"de\",\"@id\":\"https:\\\/\\\/secure.gravatar.com\\\/avatar\\\/602060b40f6a458420c2d140f49b6caea99152ce6704f2c332e5a0c5aad80303?s=96&d=identicon&r=g\",\"url\":\"https:\\\/\\\/secure.gravatar.com\\\/avatar\\\/602060b40f6a458420c2d140f49b6caea99152ce6704f2c332e5a0c5aad80303?s=96&d=identicon&r=g\",\"contentUrl\":\"https:\\\/\\\/secure.gravatar.com\\\/avatar\\\/602060b40f6a458420c2d140f49b6caea99152ce6704f2c332e5a0c5aad80303?s=96&d=identicon&r=g\",\"caption\":\"Jonas Follonier\"},\"description\":\"Correspondant au Palais f\u00e9d\u00e9ral pour \u00abL\u2019Agefi\u00bb, auteur-compositeur-interpr\u00e8te et essayiste, Jonas Follonier est le fondateur et r\u00e9dacteur en chef du \u00abRegard Libre\u00bb.\",\"sameAs\":[\"https:\\\/\\\/www.facebook.com\\\/jonas.follonier\\\/\",\"https:\\\/\\\/www.instagram.com\\\/jonasfollonier\\\/\",\"https:\\\/\\\/www.linkedin.com\\\/in\\\/jonasfollonier\\\/\",\"https:\\\/\\\/fr.wikipedia.org\\\/wiki\\\/Le_Regard_libre\"],\"url\":\"https:\\\/\\\/leregardlibre.com\\\/de\\\/author\\\/jonas-follonier\\\/\"}]}<\/script>\n<!-- \/ Yoast SEO Premium plugin. -->","yoast_head_json":{"title":"Der gro\u00dfe Charles ist neunzig Jahre alt","robots":{"index":"index","follow":"follow","max-snippet":"max-snippet:-1","max-image-preview":"max-image-preview:large","max-video-preview":"max-video-preview:-1"},"canonical":"https:\/\/leregardlibre.com\/de\/musik\/der-grose-karl-ist-neunzig-jahre-alt\/","og_locale":"de_DE","og_type":"article","og_title":"Le grand Charles a nonante ans","og_description":"Ce mois-ci marque l\u2019anniversaire d\u2019un des plus grands noms que la chanson fran\u00e7aise ait jamais connus; Charles, le grand Charles,...","og_url":"https:\/\/leregardlibre.com\/de\/musik\/der-grose-karl-ist-neunzig-jahre-alt\/","og_site_name":"Le Regard Libre","article_publisher":"https:\/\/www.facebook.com\/leregardlibre\/","article_author":"https:\/\/www.facebook.com\/jonas.follonier\/","article_published_time":"2014-05-15T06:00:30+00:00","article_modified_time":"2025-11-12T18:17:10+00:00","og_image":[{"width":1920,"height":1280,"url":"https:\/\/leregardlibre.com\/wp-content\/uploads\/2014\/05\/charles-zanavour-en-concert-ce-mois-ci--photo-president-am-via-wikimedia-sous-cc-3-0-e1762080640591.jpg","type":"image\/jpeg"}],"author":"Jonas Follonier","twitter_card":"summary_large_image","twitter_creator":"@LeRegardLibre","twitter_site":"@LeRegardLibre","twitter_misc":{"Verfasst von":"Jonas Follonier","Gesch\u00e4tzte Lesezeit":"4\u00a0Minuten"},"schema":{"@context":"https:\/\/schema.org","@graph":[{"@type":"Article","@id":"https:\/\/leregardlibre.com\/musique\/le-grand-charles-a-nonante-ans\/#article","isPartOf":{"@id":"https:\/\/leregardlibre.com\/musique\/le-grand-charles-a-nonante-ans\/"},"author":{"name":"Jonas Follonier","@id":"https:\/\/leregardlibre.com\/#\/schema\/person\/bfe5aa794a23be71485d60e2d93ec0d2"},"headline":"Le grand Charles a nonante ans","datePublished":"2014-05-15T06:00:30+00:00","dateModified":"2025-11-12T18:17:10+00:00","mainEntityOfPage":{"@id":"https:\/\/leregardlibre.com\/musique\/le-grand-charles-a-nonante-ans\/"},"wordCount":904,"commentCount":0,"publisher":{"@id":"https:\/\/leregardlibre.com\/#organization"},"image":{"@id":"https:\/\/leregardlibre.com\/musique\/le-grand-charles-a-nonante-ans\/#primaryimage"},"thumbnailUrl":"https:\/\/leregardlibre.com\/wp-content\/uploads\/2014\/05\/charles-zanavour-en-concert-ce-mois-ci--photo-president-am-via-wikimedia-sous-cc-3-0-e1762080640591.jpg","keywords":["Chanson","Chanson fran\u00e7aise","Charles Aznavour"],"articleSection":["Musique"],"inLanguage":"de","potentialAction":[{"@type":"CommentAction","name":"Comment","target":["https:\/\/leregardlibre.com\/musique\/le-grand-charles-a-nonante-ans\/#respond"]}]},{"@type":"WebPage","@id":"https:\/\/leregardlibre.com\/musique\/le-grand-charles-a-nonante-ans\/","url":"https:\/\/leregardlibre.com\/musique\/le-grand-charles-a-nonante-ans\/","name":"Der gro\u00dfe Charles ist neunzig Jahre alt","isPartOf":{"@id":"https:\/\/leregardlibre.com\/#website"},"primaryImageOfPage":{"@id":"https:\/\/leregardlibre.com\/musique\/le-grand-charles-a-nonante-ans\/#primaryimage"},"image":{"@id":"https:\/\/leregardlibre.com\/musique\/le-grand-charles-a-nonante-ans\/#primaryimage"},"thumbnailUrl":"https:\/\/leregardlibre.com\/wp-content\/uploads\/2014\/05\/charles-zanavour-en-concert-ce-mois-ci--photo-president-am-via-wikimedia-sous-cc-3-0-e1762080640591.jpg","datePublished":"2014-05-15T06:00:30+00:00","dateModified":"2025-11-12T18:17:10+00:00","breadcrumb":{"@id":"https:\/\/leregardlibre.com\/musique\/le-grand-charles-a-nonante-ans\/#breadcrumb"},"inLanguage":"de","potentialAction":[{"@type":"ReadAction","target":["https:\/\/leregardlibre.com\/musique\/le-grand-charles-a-nonante-ans\/"]}]},{"@type":"ImageObject","inLanguage":"de","@id":"https:\/\/leregardlibre.com\/musique\/le-grand-charles-a-nonante-ans\/#primaryimage","url":"https:\/\/leregardlibre.com\/wp-content\/uploads\/2014\/05\/charles-zanavour-en-concert-ce-mois-ci--photo-president-am-via-wikimedia-sous-cc-3-0-e1762080640591.jpg","contentUrl":"https:\/\/leregardlibre.com\/wp-content\/uploads\/2014\/05\/charles-zanavour-en-concert-ce-mois-ci--photo-president-am-via-wikimedia-sous-cc-3-0-e1762080640591.jpg","width":1920,"height":1280,"caption":"Charles Zanavour en concert ce mois-ci. Photo President.am (via Wikime\u0301dia, sous CC 3.0)"},{"@type":"BreadcrumbList","@id":"https:\/\/leregardlibre.com\/musique\/le-grand-charles-a-nonante-ans\/#breadcrumb","itemListElement":[{"@type":"ListItem","position":1,"name":"Accueil","item":"https:\/\/leregardlibre.com\/"},{"@type":"ListItem","position":2,"name":"Le grand Charles a nonante ans"}]},{"@type":"WebSite","@id":"https:\/\/leregardlibre.com\/#website","url":"https:\/\/leregardlibre.com\/","name":"Le Regard Libre","description":"Erste Schweizer Monatszeitschrift f\u00fcr Debatten","publisher":{"@id":"https:\/\/leregardlibre.com\/#organization"},"potentialAction":[{"@type":"SearchAction","target":{"@type":"EntryPoint","urlTemplate":"https:\/\/leregardlibre.com\/?s={search_term_string}"},"query-input":{"@type":"PropertyValueSpecification","valueRequired":true,"valueName":"search_term_string"}}],"inLanguage":"de"},{"@type":"Organization","@id":"https:\/\/leregardlibre.com\/#organization","name":"Le Regard Libre","url":"https:\/\/leregardlibre.com\/","logo":{"@type":"ImageObject","inLanguage":"de","@id":"https:\/\/leregardlibre.com\/#\/schema\/logo\/image\/","url":"https:\/\/leregardlibre.com\/wp-content\/uploads\/2025\/08\/logo-rl-icone-neg.jpeg","contentUrl":"https:\/\/leregardlibre.com\/wp-content\/uploads\/2025\/08\/logo-rl-icone-neg.jpeg","width":557,"height":556,"caption":"Le Regard Libre"},"image":{"@id":"https:\/\/leregardlibre.com\/#\/schema\/logo\/image\/"},"sameAs":["https:\/\/www.facebook.com\/leregardlibre\/","https:\/\/x.com\/LeRegardLibre","https:\/\/www.linkedin.com\/company\/le-regard-libre","https:\/\/www.instagram.com\/leregardlibre\/","http:\/\/t.me\/leregardlibre","https:\/\/youtube.com\/channel\/UC6HzGPomj1LsUmlz-sJtITQ"],"description":"Le Regard Libre ist eine Schweizer Monatszeitschrift f\u00fcr intellektuelle und kulturelle Debatten. Seine Redaktion ist jung, ehrenamtlich, liberal und pluralistisch. Das Magazin erscheint online und in gedruckter Form. Seine Sprache ist Franz\u00f6sisch.","email":"redaction@leregardlibre.com","legalName":"Le Regard Libre","foundingDate":"2014-01-01","numberOfEmployees":{"@type":"QuantitativeValue","minValue":"11","maxValue":"50"},"publishingPrinciples":"https:\/\/leregardlibre.com\/a-propos\/notre-manifeste\/","ownershipFundingInfo":"https:\/\/leregardlibre.com\/mentions-legales\/","actionableFeedbackPolicy":"https:\/\/leregardlibre.com\/conditions-generales-de-vente\/"},{"@type":"Person","@id":"https:\/\/leregardlibre.com\/#\/schema\/person\/bfe5aa794a23be71485d60e2d93ec0d2","name":"Jonas Follonier","image":{"@type":"ImageObject","inLanguage":"de","@id":"https:\/\/secure.gravatar.com\/avatar\/602060b40f6a458420c2d140f49b6caea99152ce6704f2c332e5a0c5aad80303?s=96&d=identicon&r=g","url":"https:\/\/secure.gravatar.com\/avatar\/602060b40f6a458420c2d140f49b6caea99152ce6704f2c332e5a0c5aad80303?s=96&d=identicon&r=g","contentUrl":"https:\/\/secure.gravatar.com\/avatar\/602060b40f6a458420c2d140f49b6caea99152ce6704f2c332e5a0c5aad80303?s=96&d=identicon&r=g","caption":"Jonas Follonier"},"description":"Bundeshauskorrespondent f\u00fcr \u00abL'Agefi\u00bb, Singer-Songwriter, Jonas Follonier ist Gr\u00fcnder und Chefredakteur von \u00abRegard Libre\u00bb.","sameAs":["https:\/\/www.facebook.com\/jonas.follonier\/","https:\/\/www.instagram.com\/jonasfollonier\/","https:\/\/www.linkedin.com\/in\/jonasfollonier\/","https:\/\/fr.wikipedia.org\/wiki\/Le_Regard_libre"],"url":"https:\/\/leregardlibre.com\/de\/author\/jonas-follonier\/"}]}},"_links":{"self":[{"href":"https:\/\/leregardlibre.com\/de\/wp-json\/wp\/v2\/posts\/6649","targetHints":{"allow":["GET"]}}],"collection":[{"href":"https:\/\/leregardlibre.com\/de\/wp-json\/wp\/v2\/posts"}],"about":[{"href":"https:\/\/leregardlibre.com\/de\/wp-json\/wp\/v2\/types\/post"}],"author":[{"embeddable":true,"href":"https:\/\/leregardlibre.com\/de\/wp-json\/wp\/v2\/users\/138"}],"replies":[{"embeddable":true,"href":"https:\/\/leregardlibre.com\/de\/wp-json\/wp\/v2\/comments?post=6649"}],"version-history":[{"count":2,"href":"https:\/\/leregardlibre.com\/de\/wp-json\/wp\/v2\/posts\/6649\/revisions"}],"predecessor-version":[{"id":529619,"href":"https:\/\/leregardlibre.com\/de\/wp-json\/wp\/v2\/posts\/6649\/revisions\/529619"}],"wp:featuredmedia":[{"embeddable":true,"href":"https:\/\/leregardlibre.com\/de\/wp-json\/wp\/v2\/media\/529618"}],"wp:attachment":[{"href":"https:\/\/leregardlibre.com\/de\/wp-json\/wp\/v2\/media?parent=6649"}],"wp:term":[{"taxonomy":"category","embeddable":true,"href":"https:\/\/leregardlibre.com\/de\/wp-json\/wp\/v2\/categories?post=6649"},{"taxonomy":"post_tag","embeddable":true,"href":"https:\/\/leregardlibre.com\/de\/wp-json\/wp\/v2\/tags?post=6649"}],"curies":[{"name":"wp","href":"https:\/\/api.w.org\/{rel}","templated":true}]}}