{"id":7885,"date":"2016-11-15T07:00:11","date_gmt":"2016-11-15T06:00:11","guid":{"rendered":"http:\/\/leregardlibre.com\/?p=7885"},"modified":"2025-12-04T23:02:32","modified_gmt":"2025-12-04T22:02:32","slug":"mal-de-pierres","status":"publish","type":"post","link":"https:\/\/leregardlibre.com\/de\/kino\/filme\/mal-de-pierres\/","title":{"rendered":"\u00abSteinkrankheit\u00bb"},"content":{"rendered":"<p><em>Le Regard Libre Nr. 22 - Loris S. Musumeci<\/em><\/p>\n\n\n\n<p class=\"has-drop-cap\">Die banalste aller Liebestrag\u00f6dien wird hier im ersten Teil von <em>Steinkrankheit<\/em>. Doch angesichts dieses Meisterwerks von Nicole Garcia, das derzeit im Cin\u00e9matographe gezeigt wird, bleibt man nicht gleichg\u00fcltig. Man sieht ihn nicht einfach als einen guten Film, f\u00fcr den man am Ende der Vorstellung bestenfalls ein paar Tr\u00e4nen vergie\u00dfen wird. Die Auswahl der Schauspieler, die makellose und freie \u00c4sthetik der Aufnahmen sowie die grundlegenden Details, die der Liebe einen Sinn verleihen, machen diesen Film \u00fcber das Leben zu einem ausgezeichneten Erfolg.<\/p>\n\n\n\n<p>Gabrielle ist mit den Knien an die Bank der Kapelle genagelt, ihre Augen tr\u00e4nen und ihre H\u00e4nde ersticken im Gebet, als sie den noch leidenden Christus von seinem elenden Kreuz aus bittet: \u00abGib mir die Hauptsache oder lass mich sterben.\u00bb<\/p>\n\n\n\n<!--more-->\n\n\n\n<p>Elle est amoureuse de son professeur, passionn\u00e9ment. Ce dernier ne veut pas d\u2019elle. Que peut une pauvre jeune fille au sein d\u2019une d\u00e9ception sans issue? Que peut-elle, de plus, alors qu\u2019elle est soumise \u00e0 ses parents dans une France proven\u00e7ale des ann\u00e9es cinquante? Rien. Elle se r\u00e9volte n\u00e9anmoins. On la prend pour une folle; elle est malade. Il faut la marier ou l\u2019interner. Elle est donc litt\u00e9ralement \u00e9pous\u00e9e \u00e0 un jeune ouvrier espagnol du p\u00e8re. Gabrielle se r\u00e9signe, accepte tout en refusant chaque chose qui l\u2019entoure.<\/p>\n\n\n\n<p>L\u2019internement arrivera, pour un mal de pierres: des calculs r\u00e9naux qui emp\u00eachent le nouveau couple d\u2019enfanter. A l\u2019endroit de la cure, en Suisse, appara\u00eet Monsieur Sauvage, un bell\u00e2tre noiraud bless\u00e9 \u00e0 la guerre d\u2019Indochine. Il sera la seconde passion de Gabrielle, celle qui occupe la plus grande partie du film. Entre illusions, d\u00e9sir sexuel, joie et amertume de vie, le drame se charge de continuer l\u2019histoire \u00e0 sa mani\u00e8re.<\/p>\n\n\n\n<p>Marion Cotillard, interpr\u00e9tant la protagoniste principale, \u00e0 savoir la jeune Gabrielle, donne chair \u00e0 son personnage avec charme, certes, mais aussi avec innocence, \u00e9rotisme, angoisse, douceur et sauvagerie. Elle tire un h\u00e9ritage de Madame Bovary et de sainte Th\u00e9r\u00e8se de Lisieux. Louis Garrel, dans la peau de Monsieur Sauvage, joue avec son apparence. Il est calme et cultiv\u00e9, sombre et catholique, droit et sublime. Alex Brendem\u00fchl a le r\u00f4le le plus difficile; celui de l\u2019espagnol oubli\u00e9 dont on s\u2019est servi pour trouver un mari \u00e0 Gabrielle. Il est l\u2019homme de l\u2019histoire en gardien de l\u2019amour. Un amour qui souffre, pleure, boit et se tait, mais demeure; j\u2019ai nomm\u00e9 le v\u00e9ritable amour.<\/p>\n\n\n\n<p>Chaque image met en valeur ces acteurs parce qu\u2019elle est signifiante. La richesse du contenu est due aussi et surtout \u00e0 l\u2019italienne Milena Angus dont le roman homonyme a inspir\u00e9 la r\u00e9alisation de <em>Steinkrankheit<\/em>. En fait, ce qui donne sans doute au film tout entier une mystique r\u00e9aliste et envo\u00fbtante, c\u2019est l\u2019humanit\u00e9 d\u00e9nud\u00e9e offerte par ses histoires de vies ordinaires et uniques. Une jeune femme r\u00eavant de \u00abla chose principale\u00bb, un soldat nostalgique de la guerre, un ouvrier en qu\u00eate de sens et de pain.<\/p>\n\n\n\n<p><em>Schreiben Sie dem Autor: <a href=\"mailto:loris.musumeci@leregardlibre.com\">loris.musumeci@leregardlibre.com<\/a><\/em><\/p>\n\n\n\n<p>Cr\u00e9dit photo: \u00a9\u00a0http:\/\/cdn1-lejdd.ladmedia.fr<\/p>","protected":false},"excerpt":{"rendered":"<p>Le Regard Libre N\u00b0 22 &#8211; Loris S. Musumeci La plus banale des trag\u00e9dies amoureuses est ici pr\u00e9sent\u00e9e dans la&#8230;<\/p>","protected":false},"author":18,"featured_media":7898,"comment_status":"open","ping_status":"open","sticky":false,"template":"","format":"standard","meta":{"_acf_changed":false,"footnotes":""},"categories":[644355829],"tags":[31254,14228,209662,1178031,3091440],"class_list":["post-7885","post","type-post","status-publish","format-standard","has-post-thumbnail","hentry","category-films","tag-amour","tag-drame","tag-espagne","tag-marion-cotillard","tag-nicole-garcia"],"acf":[],"yoast_head":"<!-- This site is optimized with the Yoast SEO Premium plugin v27.4 (Yoast SEO v27.4) - https:\/\/yoast.com\/product\/yoast-seo-premium-wordpress\/ -->\n<title>\u00abMal de pierres\u00bb<\/title>\n<meta name=\"robots\" content=\"index, follow, max-snippet:-1, max-image-preview:large, max-video-preview:-1\" \/>\n<link rel=\"canonical\" href=\"https:\/\/leregardlibre.com\/de\/kino\/filme\/mal-de-pierres\/\" \/>\n<meta property=\"og:locale\" content=\"de_DE\" \/>\n<meta property=\"og:type\" content=\"article\" \/>\n<meta property=\"og:title\" content=\"\u00abMal de pierres\u00bb\" \/>\n<meta property=\"og:description\" content=\"Le Regard Libre N\u00b0 22 - Loris S. Musumeci La plus banale des trag\u00e9dies amoureuses est ici pr\u00e9sent\u00e9e dans la...\" \/>\n<meta property=\"og:url\" content=\"https:\/\/leregardlibre.com\/de\/kino\/filme\/mal-de-pierres\/\" \/>\n<meta property=\"og:site_name\" content=\"Le Regard Libre\" \/>\n<meta property=\"article:publisher\" content=\"https:\/\/www.facebook.com\/leregardlibre\/\" \/>\n<meta property=\"article:published_time\" content=\"2016-11-15T06:00:11+00:00\" \/>\n<meta property=\"article:modified_time\" content=\"2025-12-04T22:02:32+00:00\" \/>\n<meta property=\"og:image\" content=\"https:\/\/leregardlibre.com\/wp-content\/uploads\/2017\/05\/marion-cotillard.jpg\" \/>\n\t<meta property=\"og:image:width\" content=\"1980\" \/>\n\t<meta property=\"og:image:height\" content=\"1267\" \/>\n\t<meta property=\"og:image:type\" content=\"image\/jpeg\" \/>\n<meta name=\"author\" content=\"Loris S. Musumeci\" \/>\n<meta name=\"twitter:card\" content=\"summary_large_image\" \/>\n<meta name=\"twitter:creator\" content=\"@LeRegardLibre\" \/>\n<meta name=\"twitter:site\" content=\"@LeRegardLibre\" \/>\n<meta name=\"twitter:label1\" content=\"Verfasst von\" \/>\n\t<meta name=\"twitter:data1\" content=\"Loris S. Musumeci\" \/>\n\t<meta name=\"twitter:label2\" content=\"Gesch\u00e4tzte Lesezeit\" \/>\n\t<meta name=\"twitter:data2\" content=\"3\u00a0Minuten\" \/>\n<script type=\"application\/ld+json\" class=\"yoast-schema-graph\">{\"@context\":\"https:\\\/\\\/schema.org\",\"@graph\":[{\"@type\":\"Article\",\"@id\":\"https:\\\/\\\/leregardlibre.com\\\/cinema\\\/films\\\/mal-de-pierres\\\/#article\",\"isPartOf\":{\"@id\":\"https:\\\/\\\/leregardlibre.com\\\/cinema\\\/films\\\/mal-de-pierres\\\/\"},\"author\":{\"name\":\"Loris S. Musumeci\",\"@id\":\"https:\\\/\\\/leregardlibre.com\\\/#\\\/schema\\\/person\\\/04d80ec47094bca6b1fa22dffad24005\"},\"headline\":\"\u00abMal de pierres\u00bb\",\"datePublished\":\"2016-11-15T06:00:11+00:00\",\"dateModified\":\"2025-12-04T22:02:32+00:00\",\"mainEntityOfPage\":{\"@id\":\"https:\\\/\\\/leregardlibre.com\\\/cinema\\\/films\\\/mal-de-pierres\\\/\"},\"wordCount\":573,\"commentCount\":0,\"publisher\":{\"@id\":\"https:\\\/\\\/leregardlibre.com\\\/#organization\"},\"image\":{\"@id\":\"https:\\\/\\\/leregardlibre.com\\\/cinema\\\/films\\\/mal-de-pierres\\\/#primaryimage\"},\"thumbnailUrl\":\"https:\\\/\\\/leregardlibre.com\\\/wp-content\\\/uploads\\\/2017\\\/05\\\/marion-cotillard.jpg\",\"keywords\":[\"Amour\",\"Drame\",\"Espagne\",\"Marion Cotillard\",\"Nicole Garcia\"],\"articleSection\":[\"Films\"],\"inLanguage\":\"de\",\"potentialAction\":[{\"@type\":\"CommentAction\",\"name\":\"Comment\",\"target\":[\"https:\\\/\\\/leregardlibre.com\\\/cinema\\\/films\\\/mal-de-pierres\\\/#respond\"]}]},{\"@type\":\"WebPage\",\"@id\":\"https:\\\/\\\/leregardlibre.com\\\/cinema\\\/films\\\/mal-de-pierres\\\/\",\"url\":\"https:\\\/\\\/leregardlibre.com\\\/cinema\\\/films\\\/mal-de-pierres\\\/\",\"name\":\"\u00abMal de pierres\u00bb\",\"isPartOf\":{\"@id\":\"https:\\\/\\\/leregardlibre.com\\\/#website\"},\"primaryImageOfPage\":{\"@id\":\"https:\\\/\\\/leregardlibre.com\\\/cinema\\\/films\\\/mal-de-pierres\\\/#primaryimage\"},\"image\":{\"@id\":\"https:\\\/\\\/leregardlibre.com\\\/cinema\\\/films\\\/mal-de-pierres\\\/#primaryimage\"},\"thumbnailUrl\":\"https:\\\/\\\/leregardlibre.com\\\/wp-content\\\/uploads\\\/2017\\\/05\\\/marion-cotillard.jpg\",\"datePublished\":\"2016-11-15T06:00:11+00:00\",\"dateModified\":\"2025-12-04T22:02:32+00:00\",\"breadcrumb\":{\"@id\":\"https:\\\/\\\/leregardlibre.com\\\/cinema\\\/films\\\/mal-de-pierres\\\/#breadcrumb\"},\"inLanguage\":\"de\",\"potentialAction\":[{\"@type\":\"ReadAction\",\"target\":[\"https:\\\/\\\/leregardlibre.com\\\/cinema\\\/films\\\/mal-de-pierres\\\/\"]}]},{\"@type\":\"ImageObject\",\"inLanguage\":\"de\",\"@id\":\"https:\\\/\\\/leregardlibre.com\\\/cinema\\\/films\\\/mal-de-pierres\\\/#primaryimage\",\"url\":\"https:\\\/\\\/leregardlibre.com\\\/wp-content\\\/uploads\\\/2017\\\/05\\\/marion-cotillard.jpg\",\"contentUrl\":\"https:\\\/\\\/leregardlibre.com\\\/wp-content\\\/uploads\\\/2017\\\/05\\\/marion-cotillard.jpg\",\"width\":1980,\"height\":1267},{\"@type\":\"BreadcrumbList\",\"@id\":\"https:\\\/\\\/leregardlibre.com\\\/cinema\\\/films\\\/mal-de-pierres\\\/#breadcrumb\",\"itemListElement\":[{\"@type\":\"ListItem\",\"position\":1,\"name\":\"Accueil\",\"item\":\"https:\\\/\\\/leregardlibre.com\\\/\"},{\"@type\":\"ListItem\",\"position\":2,\"name\":\"\u00abMal de pierres\u00bb\"}]},{\"@type\":\"WebSite\",\"@id\":\"https:\\\/\\\/leregardlibre.com\\\/#website\",\"url\":\"https:\\\/\\\/leregardlibre.com\\\/\",\"name\":\"Le Regard Libre\",\"description\":\"Premier mensuel suisse de d\u00e9bat\",\"publisher\":{\"@id\":\"https:\\\/\\\/leregardlibre.com\\\/#organization\"},\"potentialAction\":[{\"@type\":\"SearchAction\",\"target\":{\"@type\":\"EntryPoint\",\"urlTemplate\":\"https:\\\/\\\/leregardlibre.com\\\/?s={search_term_string}\"},\"query-input\":{\"@type\":\"PropertyValueSpecification\",\"valueRequired\":true,\"valueName\":\"search_term_string\"}}],\"inLanguage\":\"de\"},{\"@type\":\"Organization\",\"@id\":\"https:\\\/\\\/leregardlibre.com\\\/#organization\",\"name\":\"Le Regard Libre\",\"url\":\"https:\\\/\\\/leregardlibre.com\\\/\",\"logo\":{\"@type\":\"ImageObject\",\"inLanguage\":\"de\",\"@id\":\"https:\\\/\\\/leregardlibre.com\\\/#\\\/schema\\\/logo\\\/image\\\/\",\"url\":\"https:\\\/\\\/leregardlibre.com\\\/wp-content\\\/uploads\\\/2025\\\/08\\\/logo-rl-icone-neg.jpeg\",\"contentUrl\":\"https:\\\/\\\/leregardlibre.com\\\/wp-content\\\/uploads\\\/2025\\\/08\\\/logo-rl-icone-neg.jpeg\",\"width\":557,\"height\":556,\"caption\":\"Le Regard Libre\"},\"image\":{\"@id\":\"https:\\\/\\\/leregardlibre.com\\\/#\\\/schema\\\/logo\\\/image\\\/\"},\"sameAs\":[\"https:\\\/\\\/www.facebook.com\\\/leregardlibre\\\/\",\"https:\\\/\\\/x.com\\\/LeRegardLibre\",\"https:\\\/\\\/www.linkedin.com\\\/company\\\/le-regard-libre\",\"https:\\\/\\\/www.instagram.com\\\/leregardlibre\\\/\",\"http:\\\/\\\/t.me\\\/leregardlibre\",\"https:\\\/\\\/youtube.com\\\/channel\\\/UC6HzGPomj1LsUmlz-sJtITQ\"],\"description\":\"Le Regard Libre est un mensuel suisse de d\u00e9bat intellectuel et culturel. Sa r\u00e9daction est jeune, b\u00e9n\u00e9vole, lib\u00e9rale et pluraliste. Le magazine para\u00eet en ligne et sous forme papier. Sa langue est le fran\u00e7ais.\",\"email\":\"redaction@leregardlibre.com\",\"legalName\":\"Le Regard Libre\",\"foundingDate\":\"2014-01-01\",\"numberOfEmployees\":{\"@type\":\"QuantitativeValue\",\"minValue\":\"11\",\"maxValue\":\"50\"},\"publishingPrinciples\":\"https:\\\/\\\/leregardlibre.com\\\/a-propos\\\/notre-manifeste\\\/\",\"ownershipFundingInfo\":\"https:\\\/\\\/leregardlibre.com\\\/mentions-legales\\\/\",\"actionableFeedbackPolicy\":\"https:\\\/\\\/leregardlibre.com\\\/conditions-generales-de-vente\\\/\"},{\"@type\":\"Person\",\"@id\":\"https:\\\/\\\/leregardlibre.com\\\/#\\\/schema\\\/person\\\/04d80ec47094bca6b1fa22dffad24005\",\"name\":\"Loris S. Musumeci\",\"image\":{\"@type\":\"ImageObject\",\"inLanguage\":\"de\",\"@id\":\"https:\\\/\\\/secure.gravatar.com\\\/avatar\\\/fa476654dadfee0d962e80160d0303549febb2769f8fa26c7a1ebe037f7c7c54?s=96&d=identicon&r=g\",\"url\":\"https:\\\/\\\/secure.gravatar.com\\\/avatar\\\/fa476654dadfee0d962e80160d0303549febb2769f8fa26c7a1ebe037f7c7c54?s=96&d=identicon&r=g\",\"contentUrl\":\"https:\\\/\\\/secure.gravatar.com\\\/avatar\\\/fa476654dadfee0d962e80160d0303549febb2769f8fa26c7a1ebe037f7c7c54?s=96&d=identicon&r=g\",\"caption\":\"Loris S. Musumeci\"},\"sameAs\":[\"https:\\\/\\\/leregardlibre.com\\\/\",\"https:\\\/\\\/fr.wikipedia.org\\\/wiki\\\/Le_Regard_libre\"],\"url\":\"https:\\\/\\\/leregardlibre.com\\\/de\\\/author\\\/loris-musumeci\\\/\"}]}<\/script>\n<!-- \/ Yoast SEO Premium plugin. -->","yoast_head_json":{"title":"\u00abSteinkrankheit\u00bb","robots":{"index":"index","follow":"follow","max-snippet":"max-snippet:-1","max-image-preview":"max-image-preview:large","max-video-preview":"max-video-preview:-1"},"canonical":"https:\/\/leregardlibre.com\/de\/kino\/filme\/mal-de-pierres\/","og_locale":"de_DE","og_type":"article","og_title":"\u00abMal de pierres\u00bb","og_description":"Le Regard Libre N\u00b0 22 - Loris S. Musumeci La plus banale des trag\u00e9dies amoureuses est ici pr\u00e9sent\u00e9e dans la...","og_url":"https:\/\/leregardlibre.com\/de\/kino\/filme\/mal-de-pierres\/","og_site_name":"Le Regard Libre","article_publisher":"https:\/\/www.facebook.com\/leregardlibre\/","article_published_time":"2016-11-15T06:00:11+00:00","article_modified_time":"2025-12-04T22:02:32+00:00","og_image":[{"width":1980,"height":1267,"url":"https:\/\/leregardlibre.com\/wp-content\/uploads\/2017\/05\/marion-cotillard.jpg","type":"image\/jpeg"}],"author":"Loris S. Musumeci","twitter_card":"summary_large_image","twitter_creator":"@LeRegardLibre","twitter_site":"@LeRegardLibre","twitter_misc":{"Verfasst von":"Loris S. Musumeci","Gesch\u00e4tzte Lesezeit":"3\u00a0Minuten"},"schema":{"@context":"https:\/\/schema.org","@graph":[{"@type":"Article","@id":"https:\/\/leregardlibre.com\/cinema\/films\/mal-de-pierres\/#article","isPartOf":{"@id":"https:\/\/leregardlibre.com\/cinema\/films\/mal-de-pierres\/"},"author":{"name":"Loris S. Musumeci","@id":"https:\/\/leregardlibre.com\/#\/schema\/person\/04d80ec47094bca6b1fa22dffad24005"},"headline":"\u00abMal de pierres\u00bb","datePublished":"2016-11-15T06:00:11+00:00","dateModified":"2025-12-04T22:02:32+00:00","mainEntityOfPage":{"@id":"https:\/\/leregardlibre.com\/cinema\/films\/mal-de-pierres\/"},"wordCount":573,"commentCount":0,"publisher":{"@id":"https:\/\/leregardlibre.com\/#organization"},"image":{"@id":"https:\/\/leregardlibre.com\/cinema\/films\/mal-de-pierres\/#primaryimage"},"thumbnailUrl":"https:\/\/leregardlibre.com\/wp-content\/uploads\/2017\/05\/marion-cotillard.jpg","keywords":["Amour","Drame","Espagne","Marion Cotillard","Nicole Garcia"],"articleSection":["Films"],"inLanguage":"de","potentialAction":[{"@type":"CommentAction","name":"Comment","target":["https:\/\/leregardlibre.com\/cinema\/films\/mal-de-pierres\/#respond"]}]},{"@type":"WebPage","@id":"https:\/\/leregardlibre.com\/cinema\/films\/mal-de-pierres\/","url":"https:\/\/leregardlibre.com\/cinema\/films\/mal-de-pierres\/","name":"\u00abSteinkrankheit\u00bb","isPartOf":{"@id":"https:\/\/leregardlibre.com\/#website"},"primaryImageOfPage":{"@id":"https:\/\/leregardlibre.com\/cinema\/films\/mal-de-pierres\/#primaryimage"},"image":{"@id":"https:\/\/leregardlibre.com\/cinema\/films\/mal-de-pierres\/#primaryimage"},"thumbnailUrl":"https:\/\/leregardlibre.com\/wp-content\/uploads\/2017\/05\/marion-cotillard.jpg","datePublished":"2016-11-15T06:00:11+00:00","dateModified":"2025-12-04T22:02:32+00:00","breadcrumb":{"@id":"https:\/\/leregardlibre.com\/cinema\/films\/mal-de-pierres\/#breadcrumb"},"inLanguage":"de","potentialAction":[{"@type":"ReadAction","target":["https:\/\/leregardlibre.com\/cinema\/films\/mal-de-pierres\/"]}]},{"@type":"ImageObject","inLanguage":"de","@id":"https:\/\/leregardlibre.com\/cinema\/films\/mal-de-pierres\/#primaryimage","url":"https:\/\/leregardlibre.com\/wp-content\/uploads\/2017\/05\/marion-cotillard.jpg","contentUrl":"https:\/\/leregardlibre.com\/wp-content\/uploads\/2017\/05\/marion-cotillard.jpg","width":1980,"height":1267},{"@type":"BreadcrumbList","@id":"https:\/\/leregardlibre.com\/cinema\/films\/mal-de-pierres\/#breadcrumb","itemListElement":[{"@type":"ListItem","position":1,"name":"Accueil","item":"https:\/\/leregardlibre.com\/"},{"@type":"ListItem","position":2,"name":"\u00abMal de pierres\u00bb"}]},{"@type":"WebSite","@id":"https:\/\/leregardlibre.com\/#website","url":"https:\/\/leregardlibre.com\/","name":"Le Regard Libre","description":"Erste Schweizer Monatszeitschrift f\u00fcr Debatten","publisher":{"@id":"https:\/\/leregardlibre.com\/#organization"},"potentialAction":[{"@type":"SearchAction","target":{"@type":"EntryPoint","urlTemplate":"https:\/\/leregardlibre.com\/?s={search_term_string}"},"query-input":{"@type":"PropertyValueSpecification","valueRequired":true,"valueName":"search_term_string"}}],"inLanguage":"de"},{"@type":"Organization","@id":"https:\/\/leregardlibre.com\/#organization","name":"Le Regard Libre","url":"https:\/\/leregardlibre.com\/","logo":{"@type":"ImageObject","inLanguage":"de","@id":"https:\/\/leregardlibre.com\/#\/schema\/logo\/image\/","url":"https:\/\/leregardlibre.com\/wp-content\/uploads\/2025\/08\/logo-rl-icone-neg.jpeg","contentUrl":"https:\/\/leregardlibre.com\/wp-content\/uploads\/2025\/08\/logo-rl-icone-neg.jpeg","width":557,"height":556,"caption":"Le Regard Libre"},"image":{"@id":"https:\/\/leregardlibre.com\/#\/schema\/logo\/image\/"},"sameAs":["https:\/\/www.facebook.com\/leregardlibre\/","https:\/\/x.com\/LeRegardLibre","https:\/\/www.linkedin.com\/company\/le-regard-libre","https:\/\/www.instagram.com\/leregardlibre\/","http:\/\/t.me\/leregardlibre","https:\/\/youtube.com\/channel\/UC6HzGPomj1LsUmlz-sJtITQ"],"description":"Le Regard Libre ist eine Schweizer Monatszeitschrift f\u00fcr intellektuelle und kulturelle Debatten. Seine Redaktion ist jung, ehrenamtlich, liberal und pluralistisch. Das Magazin erscheint online und in gedruckter Form. Seine Sprache ist Franz\u00f6sisch.","email":"redaction@leregardlibre.com","legalName":"Le Regard Libre","foundingDate":"2014-01-01","numberOfEmployees":{"@type":"QuantitativeValue","minValue":"11","maxValue":"50"},"publishingPrinciples":"https:\/\/leregardlibre.com\/a-propos\/notre-manifeste\/","ownershipFundingInfo":"https:\/\/leregardlibre.com\/mentions-legales\/","actionableFeedbackPolicy":"https:\/\/leregardlibre.com\/conditions-generales-de-vente\/"},{"@type":"Person","@id":"https:\/\/leregardlibre.com\/#\/schema\/person\/04d80ec47094bca6b1fa22dffad24005","name":"Loris S. Musumeci","image":{"@type":"ImageObject","inLanguage":"de","@id":"https:\/\/secure.gravatar.com\/avatar\/fa476654dadfee0d962e80160d0303549febb2769f8fa26c7a1ebe037f7c7c54?s=96&d=identicon&r=g","url":"https:\/\/secure.gravatar.com\/avatar\/fa476654dadfee0d962e80160d0303549febb2769f8fa26c7a1ebe037f7c7c54?s=96&d=identicon&r=g","contentUrl":"https:\/\/secure.gravatar.com\/avatar\/fa476654dadfee0d962e80160d0303549febb2769f8fa26c7a1ebe037f7c7c54?s=96&d=identicon&r=g","caption":"Loris S. Musumeci"},"sameAs":["https:\/\/leregardlibre.com\/","https:\/\/fr.wikipedia.org\/wiki\/Le_Regard_libre"],"url":"https:\/\/leregardlibre.com\/de\/author\/loris-musumeci\/"}]}},"_links":{"self":[{"href":"https:\/\/leregardlibre.com\/de\/wp-json\/wp\/v2\/posts\/7885","targetHints":{"allow":["GET"]}}],"collection":[{"href":"https:\/\/leregardlibre.com\/de\/wp-json\/wp\/v2\/posts"}],"about":[{"href":"https:\/\/leregardlibre.com\/de\/wp-json\/wp\/v2\/types\/post"}],"author":[{"embeddable":true,"href":"https:\/\/leregardlibre.com\/de\/wp-json\/wp\/v2\/users\/18"}],"replies":[{"embeddable":true,"href":"https:\/\/leregardlibre.com\/de\/wp-json\/wp\/v2\/comments?post=7885"}],"version-history":[{"count":1,"href":"https:\/\/leregardlibre.com\/de\/wp-json\/wp\/v2\/posts\/7885\/revisions"}],"predecessor-version":[{"id":509369,"href":"https:\/\/leregardlibre.com\/de\/wp-json\/wp\/v2\/posts\/7885\/revisions\/509369"}],"wp:featuredmedia":[{"embeddable":true,"href":"https:\/\/leregardlibre.com\/de\/wp-json\/wp\/v2\/media\/7898"}],"wp:attachment":[{"href":"https:\/\/leregardlibre.com\/de\/wp-json\/wp\/v2\/media?parent=7885"}],"wp:term":[{"taxonomy":"category","embeddable":true,"href":"https:\/\/leregardlibre.com\/de\/wp-json\/wp\/v2\/categories?post=7885"},{"taxonomy":"post_tag","embeddable":true,"href":"https:\/\/leregardlibre.com\/de\/wp-json\/wp\/v2\/tags?post=7885"}],"curies":[{"name":"wp","href":"https:\/\/api.w.org\/{rel}","templated":true}]}}