{"id":9607,"date":"2017-06-30T19:00:14","date_gmt":"2017-06-30T17:00:14","guid":{"rendered":"http:\/\/leregardlibre.com\/?p=9607"},"modified":"2025-11-09T15:49:35","modified_gmt":"2025-11-09T14:49:35","slug":"das-blut-extrakt-nr-4","status":"publish","type":"post","link":"https:\/\/leregardlibre.com\/de\/literatur\/das-blut-extrakt-nr-4\/","title":{"rendered":"\u00abDas Blut\u00bb, Auszug Nr. 4"},"content":{"rendered":"<p><em>Le Regard Libre Nr. 28 - S\u00e9bastien Oreiller<\/em><\/p>\n\n\n\n<p><strong>Kapitel I: Der Verlust (Fortsetzung)<\/strong><\/p>\n\n\n\n<p class=\"has-drop-cap\"><i>So waren seine Tr\u00e4ume, als ihn zum ersten Mal der lieblose Morgen \u00fcberfiel. Er tat, was alle anderen tun, jedenfalls die St\u00e4rksten: Er stand auf und machte sich auf die Suche nach seiner Jugend und erinnerte sich an die Liebe, die er noch nicht getroffen hatte. Er ging an den Mauern entlang und verlie\u00df das Dorf. Die sommerlichen Haine waren noch frisch vom Tau, genau wie seine Schritte. Er stie\u00df die T\u00fcr des Kellers auf, in den er vor drei Tagen gegangen war, und sah, dass sie nichts hinterlassen hatten; der Raum war leer und der Boden glatt; er bezweifelte sogar, dass er ihn jemals betreten hatte. Nur die Sepulkralfrau, die sie beobachtet hatte und die sie f\u00fcr die Frau des Toten gehalten hatten, erinnerte ihn daran, als sie vor ihm stand, immer noch wei\u00df, aber real, obwohl das Fleisch nur ein Hauch war. Sie fragte ihn, wer er sei. Er sagte: \u00abIch bin der Mann, der seine Jugend verloren hat. Ich dachte, ich h\u00e4tte sie hier gefunden, aber sie war nicht hier. Und doch habe ich ihren Geruch gerochen, den Geruch der lachenden M\u00e4dchen und der Weinreben im Fr\u00fchling. Ich habe gesp\u00fcrt, dass mein Sommer kommt, und mein Sommer verbrennt mich\u00bb. Der Geruch, sagte sie ihm, war der Geruch des Flieders und der Millefeuilles, die ihre T\u00f6chter aus ihren Haaren flochten, und deshalb hatte er sich verh\u00f6rt. Sie fand, dass es hier k\u00fchl war; sie war aus der Stadt, aus der kleinen Stadt, hochgekommen, weil es zu hei\u00df war, und sie mochte die frische Bergluft und die Luft der Bergw\u00e4lder. Sie war Frau L* und hatte ihn als Kind kennengelernt, als sein Vater die G\u00e4rten beschnitten hatte. Es stimmt, er hatte sie erkannt. Er wusste, dass sie eine gro\u00dfe Dame aus der Stadt war, jung, aber verwitwet, und dass das Blut der gro\u00dfen Verfolgungen aus dem letzten Jahrhundert, als sein Vater Richter war, in ihren Adern floss; sie sah aus wie eine L\u00f6win, die in ihrem Stolz verletzt war. Doch er hatte sie an ihrer Stimme erkannt. Er wollte gehen, aber sie bat ihn, zu bleiben. \u00abSie haben nach dem Toten gesucht, nicht wahr? Es gibt keinen, in diesem Haus hat es nie einen Toten gegeben. Niemand ist je geboren worden.\u00bb Sie fragte ihn, was er tat. Er arbeitete auf den Feldern, aber er hatte genug von der Sonne und dem Schwei\u00df. Er wollte den Schatten. Sie nahm ihn in ihren Dienst. Nat\u00fcrlich wusste er davon; aber er stimmte trotzdem zu. Vielleicht brauchte er es, geliebt zu werden, vielleicht akzeptierte er auch aus Verzweiflung, weil er den Abgrund schmeckte, den der lieblose Morgen hinterlassen hatte. Der Duft seiner Jugend hing noch im Garten, und er wollte ihn nicht verlieren.<\/i><\/p>\n\n\n\n<!--more-->\n\n\n\n<p><i>Sie wollte ihm das Haus zeigen. Es war ein gro\u00dfes Haus, nicht einmal angenehm zu bewohnen und zudem st\u00f6rend. Der Kardinal hatte hier seine Feste gefeiert, als er die Gerichtsbarkeit \u00fcber das Land aus\u00fcbte, bevor es dem Bannermann als Wohnung diente; danach war es in der Familie geblieben, in seiner eigenen. Das alles wusste er bereits. Im Erdgeschoss gab es nicht viel. Nur ein schmaler Flur, der auf einen Innenhof f\u00fchrte, wo eine monumentale Treppe in den ersten Stock f\u00fchrte. Dort erstreckte sich das, was sie den gro\u00dfen Saal nannte, ein gro\u00dfer Raum mit einer hohen, get\u00e4felten Decke, der nach der Strenge vergangener Zeiten roch und in dem einige Portr\u00e4ts ihrer Vorfahren hingen, die weniger sch\u00f6nen. Die anderen hatte sie mit in die Stadt genommen, weil ihr Mann, der ein neuer Mensch war, keine hatte. Im Obergeschoss befanden sich nur die Schlafzimmer.<\/i><\/p>\n\n\n\n<p><i>Es war ein Haus, in dem die Menschen lebten, ohne zu leben. Aber sie m\u00fcssen es geliebt haben, denn sie verbrachten fast die H\u00e4lfte des Jahres dort. Er wusste nicht, dass sie noch immer hierher kamen; er dachte, sie w\u00fcrden immer in der Stadt bleiben. Er sah, dass sie in der Mitte des massiven Holztisches Fliederb\u00fcsche aufgestellt hatte, als ob sie auf jemanden gewartet h\u00e4tte. Die Hausangestellten waren unten geblieben; sie hatte nur einen alten Chauffeur mitgenommen, der im Dorf wohnte, aber ihr Sohn w\u00fcrde als erster in der n\u00e4chsten Woche aus der gro\u00dfen Stadt, in der er studierte, ankommen. Er verbrachte den Sommer gerne dort, und sie war hinaufgegangen, um auf ihn zu warten.<\/i><\/p>\n\n\n\n<p><em>Bildnachweis: \u00a9 valais.ch<\/em><\/p>","protected":false},"excerpt":{"rendered":"<p>Fortsetzung der Erz\u00e4hlung<\/p>","protected":false},"author":548,"featured_media":9613,"comment_status":"open","ping_status":"open","sticky":false,"template":"","format":"standard","meta":{"_acf_changed":false,"footnotes":""},"categories":[20663],"tags":[219270,20707704,1532851,193275253,644340183,550110006,281566],"class_list":["post-9607","post","type-post","status-publish","format-standard","has-post-thumbnail","hentry","category-litterature","tag-conte","tag-le-sang","tag-litterature-francophone","tag-litterature-romande","tag-litterature-suisse","tag-litterature-valaisanne","tag-valais"],"acf":[],"yoast_head":"<!-- This site is optimized with the Yoast SEO Premium plugin v27.4 (Yoast SEO v27.4) - https:\/\/yoast.com\/product\/yoast-seo-premium-wordpress\/ -->\n<title>\u00abLe Sang\u00bb, extrait n\u00b0 4<\/title>\n<meta name=\"robots\" content=\"index, follow, max-snippet:-1, max-image-preview:large, max-video-preview:-1\" \/>\n<link rel=\"canonical\" href=\"https:\/\/leregardlibre.com\/de\/literatur\/das-blut-extrakt-nr-4\/\" \/>\n<meta property=\"og:locale\" content=\"de_DE\" \/>\n<meta property=\"og:type\" content=\"article\" \/>\n<meta property=\"og:title\" content=\"\u00abLe Sang\u00bb, extrait n\u00b0 4\" \/>\n<meta property=\"og:description\" content=\"Suite du r\u00e9cit\" \/>\n<meta property=\"og:url\" content=\"https:\/\/leregardlibre.com\/de\/literatur\/das-blut-extrakt-nr-4\/\" \/>\n<meta property=\"og:site_name\" content=\"Le Regard Libre\" \/>\n<meta property=\"article:publisher\" content=\"https:\/\/www.facebook.com\/leregardlibre\/\" \/>\n<meta property=\"article:published_time\" content=\"2017-06-30T17:00:14+00:00\" \/>\n<meta property=\"article:modified_time\" content=\"2025-11-09T14:49:35+00:00\" \/>\n<meta property=\"og:image\" content=\"https:\/\/leregardlibre.com\/wp-content\/uploads\/2017\/06\/valais.jpg\" \/>\n\t<meta property=\"og:image:width\" content=\"2560\" \/>\n\t<meta property=\"og:image:height\" content=\"1440\" \/>\n\t<meta property=\"og:image:type\" content=\"image\/jpeg\" \/>\n<meta name=\"author\" content=\"S\u00e9bastien Oreiller\" \/>\n<meta name=\"twitter:card\" content=\"summary_large_image\" \/>\n<meta name=\"twitter:creator\" content=\"@LeRegardLibre\" \/>\n<meta name=\"twitter:site\" content=\"@LeRegardLibre\" \/>\n<meta name=\"twitter:label1\" content=\"Verfasst von\" \/>\n\t<meta name=\"twitter:data1\" content=\"S\u00e9bastien Oreiller\" \/>\n\t<meta name=\"twitter:label2\" content=\"Gesch\u00e4tzte Lesezeit\" \/>\n\t<meta name=\"twitter:data2\" content=\"4\u00a0Minuten\" \/>\n<script type=\"application\/ld+json\" class=\"yoast-schema-graph\">{\"@context\":\"https:\\\/\\\/schema.org\",\"@graph\":[{\"@type\":\"Article\",\"@id\":\"https:\\\/\\\/leregardlibre.com\\\/litterature\\\/le-sang-extrait-n-4\\\/#article\",\"isPartOf\":{\"@id\":\"https:\\\/\\\/leregardlibre.com\\\/litterature\\\/le-sang-extrait-n-4\\\/\"},\"author\":{\"name\":\"S\u00e9bastien Oreiller\",\"@id\":\"https:\\\/\\\/leregardlibre.com\\\/#\\\/schema\\\/person\\\/66eab886a6544870b69d1fd355ab4fe7\"},\"headline\":\"\u00abLe Sang\u00bb, extrait n\u00b0 4\",\"datePublished\":\"2017-06-30T17:00:14+00:00\",\"dateModified\":\"2025-11-09T14:49:35+00:00\",\"mainEntityOfPage\":{\"@id\":\"https:\\\/\\\/leregardlibre.com\\\/litterature\\\/le-sang-extrait-n-4\\\/\"},\"wordCount\":811,\"commentCount\":0,\"publisher\":{\"@id\":\"https:\\\/\\\/leregardlibre.com\\\/#organization\"},\"image\":{\"@id\":\"https:\\\/\\\/leregardlibre.com\\\/litterature\\\/le-sang-extrait-n-4\\\/#primaryimage\"},\"thumbnailUrl\":\"https:\\\/\\\/leregardlibre.com\\\/wp-content\\\/uploads\\\/2017\\\/06\\\/valais.jpg\",\"keywords\":[\"Conte\",\"Le Sang\",\"Litt\u00e9rature francophone\",\"Litt\u00e9rature romande\",\"Litt\u00e9rature suisse\",\"Litt\u00e9rature valaisanne\",\"Valais\"],\"articleSection\":[\"Litt\u00e9rature\"],\"inLanguage\":\"de\",\"potentialAction\":[{\"@type\":\"CommentAction\",\"name\":\"Comment\",\"target\":[\"https:\\\/\\\/leregardlibre.com\\\/litterature\\\/le-sang-extrait-n-4\\\/#respond\"]}]},{\"@type\":\"WebPage\",\"@id\":\"https:\\\/\\\/leregardlibre.com\\\/litterature\\\/le-sang-extrait-n-4\\\/\",\"url\":\"https:\\\/\\\/leregardlibre.com\\\/litterature\\\/le-sang-extrait-n-4\\\/\",\"name\":\"\u00abLe Sang\u00bb, extrait n\u00b0 4\",\"isPartOf\":{\"@id\":\"https:\\\/\\\/leregardlibre.com\\\/#website\"},\"primaryImageOfPage\":{\"@id\":\"https:\\\/\\\/leregardlibre.com\\\/litterature\\\/le-sang-extrait-n-4\\\/#primaryimage\"},\"image\":{\"@id\":\"https:\\\/\\\/leregardlibre.com\\\/litterature\\\/le-sang-extrait-n-4\\\/#primaryimage\"},\"thumbnailUrl\":\"https:\\\/\\\/leregardlibre.com\\\/wp-content\\\/uploads\\\/2017\\\/06\\\/valais.jpg\",\"datePublished\":\"2017-06-30T17:00:14+00:00\",\"dateModified\":\"2025-11-09T14:49:35+00:00\",\"breadcrumb\":{\"@id\":\"https:\\\/\\\/leregardlibre.com\\\/litterature\\\/le-sang-extrait-n-4\\\/#breadcrumb\"},\"inLanguage\":\"de\",\"potentialAction\":[{\"@type\":\"ReadAction\",\"target\":[\"https:\\\/\\\/leregardlibre.com\\\/litterature\\\/le-sang-extrait-n-4\\\/\"]}]},{\"@type\":\"ImageObject\",\"inLanguage\":\"de\",\"@id\":\"https:\\\/\\\/leregardlibre.com\\\/litterature\\\/le-sang-extrait-n-4\\\/#primaryimage\",\"url\":\"https:\\\/\\\/leregardlibre.com\\\/wp-content\\\/uploads\\\/2017\\\/06\\\/valais.jpg\",\"contentUrl\":\"https:\\\/\\\/leregardlibre.com\\\/wp-content\\\/uploads\\\/2017\\\/06\\\/valais.jpg\",\"width\":2560,\"height\":1440},{\"@type\":\"BreadcrumbList\",\"@id\":\"https:\\\/\\\/leregardlibre.com\\\/litterature\\\/le-sang-extrait-n-4\\\/#breadcrumb\",\"itemListElement\":[{\"@type\":\"ListItem\",\"position\":1,\"name\":\"Accueil\",\"item\":\"https:\\\/\\\/leregardlibre.com\\\/\"},{\"@type\":\"ListItem\",\"position\":2,\"name\":\"\u00abLe Sang\u00bb, extrait n\u00b0 4\"}]},{\"@type\":\"WebSite\",\"@id\":\"https:\\\/\\\/leregardlibre.com\\\/#website\",\"url\":\"https:\\\/\\\/leregardlibre.com\\\/\",\"name\":\"Le Regard Libre\",\"description\":\"Premier mensuel suisse de d\u00e9bat\",\"publisher\":{\"@id\":\"https:\\\/\\\/leregardlibre.com\\\/#organization\"},\"potentialAction\":[{\"@type\":\"SearchAction\",\"target\":{\"@type\":\"EntryPoint\",\"urlTemplate\":\"https:\\\/\\\/leregardlibre.com\\\/?s={search_term_string}\"},\"query-input\":{\"@type\":\"PropertyValueSpecification\",\"valueRequired\":true,\"valueName\":\"search_term_string\"}}],\"inLanguage\":\"de\"},{\"@type\":\"Organization\",\"@id\":\"https:\\\/\\\/leregardlibre.com\\\/#organization\",\"name\":\"Le Regard Libre\",\"url\":\"https:\\\/\\\/leregardlibre.com\\\/\",\"logo\":{\"@type\":\"ImageObject\",\"inLanguage\":\"de\",\"@id\":\"https:\\\/\\\/leregardlibre.com\\\/#\\\/schema\\\/logo\\\/image\\\/\",\"url\":\"https:\\\/\\\/leregardlibre.com\\\/wp-content\\\/uploads\\\/2025\\\/08\\\/logo-rl-icone-neg.jpeg\",\"contentUrl\":\"https:\\\/\\\/leregardlibre.com\\\/wp-content\\\/uploads\\\/2025\\\/08\\\/logo-rl-icone-neg.jpeg\",\"width\":557,\"height\":556,\"caption\":\"Le Regard Libre\"},\"image\":{\"@id\":\"https:\\\/\\\/leregardlibre.com\\\/#\\\/schema\\\/logo\\\/image\\\/\"},\"sameAs\":[\"https:\\\/\\\/www.facebook.com\\\/leregardlibre\\\/\",\"https:\\\/\\\/x.com\\\/LeRegardLibre\",\"https:\\\/\\\/www.linkedin.com\\\/company\\\/le-regard-libre\",\"https:\\\/\\\/www.instagram.com\\\/leregardlibre\\\/\",\"http:\\\/\\\/t.me\\\/leregardlibre\",\"https:\\\/\\\/youtube.com\\\/channel\\\/UC6HzGPomj1LsUmlz-sJtITQ\"],\"description\":\"Le Regard Libre est un mensuel suisse de d\u00e9bat intellectuel et culturel. Sa r\u00e9daction est jeune, b\u00e9n\u00e9vole, lib\u00e9rale et pluraliste. Le magazine para\u00eet en ligne et sous forme papier. Sa langue est le fran\u00e7ais.\",\"email\":\"redaction@leregardlibre.com\",\"legalName\":\"Le Regard Libre\",\"foundingDate\":\"2014-01-01\",\"numberOfEmployees\":{\"@type\":\"QuantitativeValue\",\"minValue\":\"11\",\"maxValue\":\"50\"},\"publishingPrinciples\":\"https:\\\/\\\/leregardlibre.com\\\/a-propos\\\/notre-manifeste\\\/\",\"ownershipFundingInfo\":\"https:\\\/\\\/leregardlibre.com\\\/mentions-legales\\\/\",\"actionableFeedbackPolicy\":\"https:\\\/\\\/leregardlibre.com\\\/conditions-generales-de-vente\\\/\"},{\"@type\":\"Person\",\"@id\":\"https:\\\/\\\/leregardlibre.com\\\/#\\\/schema\\\/person\\\/66eab886a6544870b69d1fd355ab4fe7\",\"name\":\"S\u00e9bastien Oreiller\",\"image\":{\"@type\":\"ImageObject\",\"inLanguage\":\"de\",\"@id\":\"https:\\\/\\\/secure.gravatar.com\\\/avatar\\\/1ec4f6f5174212f0d64af2c7eb2077f6c9d3bf6cd875513625fd3f2fabf5c1d5?s=96&d=identicon&r=g\",\"url\":\"https:\\\/\\\/secure.gravatar.com\\\/avatar\\\/1ec4f6f5174212f0d64af2c7eb2077f6c9d3bf6cd875513625fd3f2fabf5c1d5?s=96&d=identicon&r=g\",\"contentUrl\":\"https:\\\/\\\/secure.gravatar.com\\\/avatar\\\/1ec4f6f5174212f0d64af2c7eb2077f6c9d3bf6cd875513625fd3f2fabf5c1d5?s=96&d=identicon&r=g\",\"caption\":\"S\u00e9bastien Oreiller\"},\"url\":\"https:\\\/\\\/leregardlibre.com\\\/de\\\/author\\\/sebastien-oreiller\\\/\"}]}<\/script>\n<!-- \/ Yoast SEO Premium plugin. -->","yoast_head_json":{"title":"\u00abDas Blut\u00bb, Auszug Nr. 4","robots":{"index":"index","follow":"follow","max-snippet":"max-snippet:-1","max-image-preview":"max-image-preview:large","max-video-preview":"max-video-preview:-1"},"canonical":"https:\/\/leregardlibre.com\/de\/literatur\/das-blut-extrakt-nr-4\/","og_locale":"de_DE","og_type":"article","og_title":"\u00abLe Sang\u00bb, extrait n\u00b0 4","og_description":"Suite du r\u00e9cit","og_url":"https:\/\/leregardlibre.com\/de\/literatur\/das-blut-extrakt-nr-4\/","og_site_name":"Le Regard Libre","article_publisher":"https:\/\/www.facebook.com\/leregardlibre\/","article_published_time":"2017-06-30T17:00:14+00:00","article_modified_time":"2025-11-09T14:49:35+00:00","og_image":[{"width":2560,"height":1440,"url":"https:\/\/leregardlibre.com\/wp-content\/uploads\/2017\/06\/valais.jpg","type":"image\/jpeg"}],"author":"S\u00e9bastien Oreiller","twitter_card":"summary_large_image","twitter_creator":"@LeRegardLibre","twitter_site":"@LeRegardLibre","twitter_misc":{"Verfasst von":"S\u00e9bastien Oreiller","Gesch\u00e4tzte Lesezeit":"4\u00a0Minuten"},"schema":{"@context":"https:\/\/schema.org","@graph":[{"@type":"Article","@id":"https:\/\/leregardlibre.com\/litterature\/le-sang-extrait-n-4\/#article","isPartOf":{"@id":"https:\/\/leregardlibre.com\/litterature\/le-sang-extrait-n-4\/"},"author":{"name":"S\u00e9bastien Oreiller","@id":"https:\/\/leregardlibre.com\/#\/schema\/person\/66eab886a6544870b69d1fd355ab4fe7"},"headline":"\u00abLe Sang\u00bb, extrait n\u00b0 4","datePublished":"2017-06-30T17:00:14+00:00","dateModified":"2025-11-09T14:49:35+00:00","mainEntityOfPage":{"@id":"https:\/\/leregardlibre.com\/litterature\/le-sang-extrait-n-4\/"},"wordCount":811,"commentCount":0,"publisher":{"@id":"https:\/\/leregardlibre.com\/#organization"},"image":{"@id":"https:\/\/leregardlibre.com\/litterature\/le-sang-extrait-n-4\/#primaryimage"},"thumbnailUrl":"https:\/\/leregardlibre.com\/wp-content\/uploads\/2017\/06\/valais.jpg","keywords":["Conte","Le Sang","Litt\u00e9rature francophone","Litt\u00e9rature romande","Litt\u00e9rature suisse","Litt\u00e9rature valaisanne","Valais"],"articleSection":["Litt\u00e9rature"],"inLanguage":"de","potentialAction":[{"@type":"CommentAction","name":"Comment","target":["https:\/\/leregardlibre.com\/litterature\/le-sang-extrait-n-4\/#respond"]}]},{"@type":"WebPage","@id":"https:\/\/leregardlibre.com\/litterature\/le-sang-extrait-n-4\/","url":"https:\/\/leregardlibre.com\/litterature\/le-sang-extrait-n-4\/","name":"\u00abDas Blut\u00bb, Auszug Nr. 4","isPartOf":{"@id":"https:\/\/leregardlibre.com\/#website"},"primaryImageOfPage":{"@id":"https:\/\/leregardlibre.com\/litterature\/le-sang-extrait-n-4\/#primaryimage"},"image":{"@id":"https:\/\/leregardlibre.com\/litterature\/le-sang-extrait-n-4\/#primaryimage"},"thumbnailUrl":"https:\/\/leregardlibre.com\/wp-content\/uploads\/2017\/06\/valais.jpg","datePublished":"2017-06-30T17:00:14+00:00","dateModified":"2025-11-09T14:49:35+00:00","breadcrumb":{"@id":"https:\/\/leregardlibre.com\/litterature\/le-sang-extrait-n-4\/#breadcrumb"},"inLanguage":"de","potentialAction":[{"@type":"ReadAction","target":["https:\/\/leregardlibre.com\/litterature\/le-sang-extrait-n-4\/"]}]},{"@type":"ImageObject","inLanguage":"de","@id":"https:\/\/leregardlibre.com\/litterature\/le-sang-extrait-n-4\/#primaryimage","url":"https:\/\/leregardlibre.com\/wp-content\/uploads\/2017\/06\/valais.jpg","contentUrl":"https:\/\/leregardlibre.com\/wp-content\/uploads\/2017\/06\/valais.jpg","width":2560,"height":1440},{"@type":"BreadcrumbList","@id":"https:\/\/leregardlibre.com\/litterature\/le-sang-extrait-n-4\/#breadcrumb","itemListElement":[{"@type":"ListItem","position":1,"name":"Accueil","item":"https:\/\/leregardlibre.com\/"},{"@type":"ListItem","position":2,"name":"\u00abLe Sang\u00bb, extrait n\u00b0 4"}]},{"@type":"WebSite","@id":"https:\/\/leregardlibre.com\/#website","url":"https:\/\/leregardlibre.com\/","name":"Le Regard Libre","description":"Erste Schweizer Monatszeitschrift f\u00fcr Debatten","publisher":{"@id":"https:\/\/leregardlibre.com\/#organization"},"potentialAction":[{"@type":"SearchAction","target":{"@type":"EntryPoint","urlTemplate":"https:\/\/leregardlibre.com\/?s={search_term_string}"},"query-input":{"@type":"PropertyValueSpecification","valueRequired":true,"valueName":"search_term_string"}}],"inLanguage":"de"},{"@type":"Organization","@id":"https:\/\/leregardlibre.com\/#organization","name":"Le Regard Libre","url":"https:\/\/leregardlibre.com\/","logo":{"@type":"ImageObject","inLanguage":"de","@id":"https:\/\/leregardlibre.com\/#\/schema\/logo\/image\/","url":"https:\/\/leregardlibre.com\/wp-content\/uploads\/2025\/08\/logo-rl-icone-neg.jpeg","contentUrl":"https:\/\/leregardlibre.com\/wp-content\/uploads\/2025\/08\/logo-rl-icone-neg.jpeg","width":557,"height":556,"caption":"Le Regard Libre"},"image":{"@id":"https:\/\/leregardlibre.com\/#\/schema\/logo\/image\/"},"sameAs":["https:\/\/www.facebook.com\/leregardlibre\/","https:\/\/x.com\/LeRegardLibre","https:\/\/www.linkedin.com\/company\/le-regard-libre","https:\/\/www.instagram.com\/leregardlibre\/","http:\/\/t.me\/leregardlibre","https:\/\/youtube.com\/channel\/UC6HzGPomj1LsUmlz-sJtITQ"],"description":"Le Regard Libre ist eine Schweizer Monatszeitschrift f\u00fcr intellektuelle und kulturelle Debatten. Seine Redaktion ist jung, ehrenamtlich, liberal und pluralistisch. Das Magazin erscheint online und in gedruckter Form. Seine Sprache ist Franz\u00f6sisch.","email":"redaction@leregardlibre.com","legalName":"Le Regard Libre","foundingDate":"2014-01-01","numberOfEmployees":{"@type":"QuantitativeValue","minValue":"11","maxValue":"50"},"publishingPrinciples":"https:\/\/leregardlibre.com\/a-propos\/notre-manifeste\/","ownershipFundingInfo":"https:\/\/leregardlibre.com\/mentions-legales\/","actionableFeedbackPolicy":"https:\/\/leregardlibre.com\/conditions-generales-de-vente\/"},{"@type":"Person","@id":"https:\/\/leregardlibre.com\/#\/schema\/person\/66eab886a6544870b69d1fd355ab4fe7","name":"S\u00e9bastien Oreiller","image":{"@type":"ImageObject","inLanguage":"de","@id":"https:\/\/secure.gravatar.com\/avatar\/1ec4f6f5174212f0d64af2c7eb2077f6c9d3bf6cd875513625fd3f2fabf5c1d5?s=96&d=identicon&r=g","url":"https:\/\/secure.gravatar.com\/avatar\/1ec4f6f5174212f0d64af2c7eb2077f6c9d3bf6cd875513625fd3f2fabf5c1d5?s=96&d=identicon&r=g","contentUrl":"https:\/\/secure.gravatar.com\/avatar\/1ec4f6f5174212f0d64af2c7eb2077f6c9d3bf6cd875513625fd3f2fabf5c1d5?s=96&d=identicon&r=g","caption":"S\u00e9bastien Oreiller"},"url":"https:\/\/leregardlibre.com\/de\/author\/sebastien-oreiller\/"}]}},"_links":{"self":[{"href":"https:\/\/leregardlibre.com\/de\/wp-json\/wp\/v2\/posts\/9607","targetHints":{"allow":["GET"]}}],"collection":[{"href":"https:\/\/leregardlibre.com\/de\/wp-json\/wp\/v2\/posts"}],"about":[{"href":"https:\/\/leregardlibre.com\/de\/wp-json\/wp\/v2\/types\/post"}],"author":[{"embeddable":true,"href":"https:\/\/leregardlibre.com\/de\/wp-json\/wp\/v2\/users\/548"}],"replies":[{"embeddable":true,"href":"https:\/\/leregardlibre.com\/de\/wp-json\/wp\/v2\/comments?post=9607"}],"version-history":[{"count":1,"href":"https:\/\/leregardlibre.com\/de\/wp-json\/wp\/v2\/posts\/9607\/revisions"}],"predecessor-version":[{"id":509415,"href":"https:\/\/leregardlibre.com\/de\/wp-json\/wp\/v2\/posts\/9607\/revisions\/509415"}],"wp:featuredmedia":[{"embeddable":true,"href":"https:\/\/leregardlibre.com\/de\/wp-json\/wp\/v2\/media\/9613"}],"wp:attachment":[{"href":"https:\/\/leregardlibre.com\/de\/wp-json\/wp\/v2\/media?parent=9607"}],"wp:term":[{"taxonomy":"category","embeddable":true,"href":"https:\/\/leregardlibre.com\/de\/wp-json\/wp\/v2\/categories?post=9607"},{"taxonomy":"post_tag","embeddable":true,"href":"https:\/\/leregardlibre.com\/de\/wp-json\/wp\/v2\/tags?post=9607"}],"curies":[{"name":"wp","href":"https:\/\/api.w.org\/{rel}","templated":true}]}}