{"id":9798,"date":"2017-07-10T11:24:50","date_gmt":"2017-07-10T09:24:50","guid":{"rendered":"http:\/\/leregardlibre.com\/?p=9798"},"modified":"2022-09-04T10:13:15","modified_gmt":"2022-09-04T08:13:15","slug":"radio-perfecto-la-radio-rock-de-philippe-manoeuvre","status":"publish","type":"post","link":"https:\/\/leregardlibre.com\/de\/musik\/radio-perfecto-la-radio-rock-de-philippe-manoeuvre\/","title":{"rendered":"\u00abRadio Perfecto\u00bb, das Rockradio von Philippe Man\u0153uvre"},"content":{"rendered":"<p><em>Montags Nachrichten - <a href=\"https:\/\/leregardlibre.com\/de\/tag\/jonas-follonier\/\">Jonas Follonier<\/a><\/em><\/p>\n\n\n\n<p>\u00abSex, Drugs and Rock \u2018n\u00bb Roll: Ohne Risiko kein Vergn\u00fcgen\". Seit dem 19. Juni, dem Geburtstag seines Gr\u00fcnders (vier Tage nach dem Geburtstag seines Freundes Johnny Hallyday), kann man sich in die Wellen von <em>Radio Perfecto<\/em>. Es handelt sich um die neue Verr\u00fccktheit von Philippe Man\u0153uvre. Der ehemalige Chefredakteur des Musikmagazins <em>Rock &amp; Folk<\/em> macht keinen Hehl aus seiner Freude, bei diesem ersten franz\u00f6sischen Classic-Rock-Radio auf Sendung zu gehen.<\/p>\n\n\n\n<!--more Lire la suite de l'article (en libre acc\u00e8s)-->\n\n\n\n\n\n<p>Il faut dire que son aura cro\u00eet de fa\u00e7on assez spectaculaire depuis le mois dernier. Nous l&#8217;avons \u00e9cout\u00e9e depuis son lancement. L&#8217;un des succ\u00e8s de cette nouvelle venue dans le paysage sonore, outre l&#8217;identit\u00e9 de son chef, est sans doute d&#8217;avoir repos\u00e9 tout de suite sur un souci de qualit\u00e9. Tout a bien \u00e9t\u00e9 pr\u00e9par\u00e9 pour que ce foisonnement de rock ne passe pas inaper\u00e7u. Et ce, d\u00e8s le premier jour. A commencer par la programmation habilement \u00abman\u0153uvr\u00e9e\u00bb par Philman.<\/p>\n\n\n\n<p>Quelques exemples de monuments diffus\u00e9s sur les ondes \u00e9mises depuis la capitale fran\u00e7aise. <em>Good Times Bad Times<\/em>, de Led Zeppelin. <em>As Tears Go By<\/em>, des Rolling Stones. <em>Gimme Shelter<\/em>, de Paul Brady &amp; The Forest Rangers. <em>All Along The Watchtower<\/em>, de Jimi Hendrix. <em>Mr Mister<\/em> de Broken Wings. Et tant d&#8217;autres&#8230; <em>Radio Perfecto<\/em>, c&#8217;est une ambiance, une \u00e9poque, un style. C&#8217;est surtout une musique coh\u00e9rente, et belle.<\/p>\n\n\n\n\n\n<p>Un m\u00e9dia moderne, \u00e9galement.&nbsp;<em>Radio Perfecto<\/em>&nbsp;compte uniquement sur les moyens de diffusion nouvelle g\u00e9n\u00e9ration: internet (<a href=\"http:\/\/radioperfecto.net\">radioperfecto.net<\/a>) et les applications pour tablettes et smartphones. Cette webradio est un exemple pour ses homologues. Son application affiche bien s\u00fbr le titre du morceau diffus\u00e9 en direct ainsi que l&#8217;artiste, mais elle propose \u00e9galement un choix de listes de lecture et permet de cr\u00e9er son r\u00e9pertoire de chansons favorites.<\/p>\n\n\n\n<form method=\"post\" action=\"https:\/\/newsletter.infomaniak.com\/external\/submit\" class=\"inf-form\" target=\"_blank\"><input type=\"email\" name=\"email\" style=\"display:none\"><input type=\"hidden\" name=\"key\" value=\"eyJpdiI6IlZXRVJGMlRGQUU2alNqUE81bitIUk5adnNVa0c4MllFTStzOHdHT1FQZ3c9IiwidmFsdWUiOiJIYzhwMUVCK1pTNnlhY3MyMmhuZlhReWJqemEwNk93blMxTjFHc0s2VHZrPSIsIm1hYyI6ImVhYTQ5N2I1M2NiYWE4NzBmNjk2NzgzYjliM2Y5NmYzM2E2ZmU3NGQxNTU1ZDFkMTU1MzY5NTdjYjE3ZTJmNTUifQ==\"><input type=\"hidden\" name=\"webform_id\" value=\"7291\"><style> .inf-main_3000311ca56a1cb93397bc676c0b7fff{ background-color:#f5f5f5; padding:25px 20px; margin:25px auto; } .inf-main_3000311ca56a1cb93397bc676c0b7fff .inf-content { margin-top:13px;} .inf-main_3000311ca56a1cb93397bc676c0b7fff h4, .inf-main_3000311ca56a1cb93397bc676c0b7fff span, .inf-main_3000311ca56a1cb93397bc676c0b7fff label, .inf-main_3000311ca56a1cb93397bc676c0b7fff input, .inf-main_3000311ca56a1cb93397bc676c0b7fff .inf-submit, .inf-main_3000311ca56a1cb93397bc676c0b7fff .inf-success p a { color:#555555; font-size:14px; } .inf-main_3000311ca56a1cb93397bc676c0b7fff h4{ font-size:18px; margin:0px 0px 13px 0px; } .inf-main_3000311ca56a1cb93397bc676c0b7fff h4, .inf-main_3000311ca56a1cb93397bc676c0b7fff label{ font-weight:bold; } .inf-main_3000311ca56a1cb93397bc676c0b7fff .inf-input { margin-bottom:7px; } .inf-main_3000311ca56a1cb93397bc676c0b7fff label { display:block;} .inf-main_3000311ca56a1cb93397bc676c0b7fff input{ height:35px; color:#999999; border: 1px solid #E9E9E9; border:none; padding-left:7px; } .inf-main_3000311ca56a1cb93397bc676c0b7fff .inf-input.inf-error label, .inf-main_3000311ca56a1cb93397bc676c0b7fff .inf-input.inf-error span.inf-message{ color: #cc0033; } .inf-main_3000311ca56a1cb93397bc676c0b7fff .inf-input.inf-error input{ border: 1px solid #cc0033; } .inf-main_3000311ca56a1cb93397bc676c0b7fff .inf-input input { width:100%;} .inf-main_3000311ca56a1cb93397bc676c0b7fff .inf-input.inf-error span.inf-message { display: block; } .inf-main_3000311ca56a1cb93397bc676c0b7fff .inf-submit { text-align:right;} .inf-main_3000311ca56a1cb93397bc676c0b7fff .inf-submit input{ background-color:#777777; color:#ffffff; border:none; font-weight: normal; height:auto; padding:7px; } .inf-main_3000311ca56a1cb93397bc676c0b7fff .inf-submit input.disabled{ opacity: 0.4; } .inf-btn { color: rgb(85, 85, 85); border: medium none; font-weight: normal; height: auto; padding: 7px; display: inline-block; background-color: white; box-shadow: 0px 1px 1px rgba(0, 0, 0, 0.24); border-radius: 2px; line-height: 1em; } .inf-rgpd { margin:25px 0px 15px 0px; color:#555555; } <\/style> <div class=\"inf-main_3000311ca56a1cb93397bc676c0b7fff\"> <h4>NEWSLETTER DES FREIEN BLICKS<\/h4> <span>Erhalten Sie unsere Artikel jeden Sonntag.<\/span> <div class=\"inf-success\" style=\"display:none\"> <h4>Ihre Anmeldung f\u00fcr unseren w\u00f6chentlichen Newsletter wurde erfolgreich registriert!<\/h4> <p> <a href=\"#\" class=\"inf-btn\">\u00ab<\/a> <\/p> <\/div> <div class=\"inf-content\"> <div class=\"inf-input inf-input-text\"> <input type=\"text\" name=\"inf[1]\" data-inf-meta=\"1\" data-inf-error=\"Merci de renseigner une adresse email\" required=\"required\" placeholder=\"E-Mail\"> <\/div> <div class=\"inf-submit\"> <input type=\"submit\" name=\"\" value=\"Anmelden\"> <\/div> <\/div> <\/div> <\/form>\n\n\n\n<p>Enfin, une station agr\u00e9able: gratuite, sans publicit\u00e9 et sans glose inutile. Les interventions vocales vont \u00e0 l&#8217;essentiel et se concentrent sur les anecdotes et explications de passionn\u00e9s tels que Dominique Duforest,&nbsp;Fred Marc ou encore Eric Lange, sans oublier le patron Philippe Man\u0153uvre. Effets de voix tr\u00e8s am\u00e9ricains, \u00e9missions intimistes, encha\u00eenements dr\u00f4les, la&nbsp;\u00abseule radio du classic rock\u00bb&nbsp;se laisse r\u00e9sumer \u00e0 l&#8217;un de ses jingles: \u00ab<em>Radio Perfecto<\/em>, la putain de radio rock, et pis c&#8217;est tout.\u00bb<\/p>\n\n\n\n<p><em>Schreiben Sie dem Autor: <a href=\"mailto:jonas.follonier@leregardlibre.com\">jonas.follonier@leregardlibre.com<\/a><\/em><\/p>\n\n\n\n<p>Cr\u00e9dit photo: \u00a9 Culturebox<\/p>","protected":false},"excerpt":{"rendered":"<p>Les lundis de l&#8217;actualit\u00e9 \u2013 Jonas Follonier \u00abSexe, drogue et rock &#8216;n roll: sans risque y a pas de plaisir\u00bb&#8230;.<\/p>","protected":false},"author":138,"featured_media":9898,"comment_status":"open","ping_status":"open","sticky":false,"template":"","format":"standard","meta":{"_acf_changed":false,"footnotes":""},"categories":[6460],"tags":[57165645,14778729,196654130,4945119,275,1433],"class_list":["post-9798","post","type-post","status-publish","format-standard","has-post-thumbnail","hentry","category-musique","tag-dominique-duforest","tag-eric-lange","tag-fred-marc","tag-philippe-manoeuvre","tag-radio","tag-rock"],"acf":[],"yoast_head":"<!-- This site is optimized with the Yoast SEO Premium plugin v27.4 (Yoast SEO v27.4) - https:\/\/yoast.com\/product\/yoast-seo-premium-wordpress\/ -->\n<title>\u00abRadio Perfecto\u00bb, la radio rock de Philippe Man\u0153uvre<\/title>\n<meta name=\"description\" content=\"Radio Perfecto est la premi\u00e8re radio classic rock fran\u00e7aise. Il s&#039;agit de la nouvelle folie de Philippe Man\u0153uvre. Pr\u00e9sentation\" \/>\n<meta name=\"robots\" content=\"index, follow, max-snippet:-1, max-image-preview:large, max-video-preview:-1\" \/>\n<link rel=\"canonical\" href=\"https:\/\/leregardlibre.com\/de\/musik\/radio-perfecto-la-radio-rock-de-philippe-manoeuvre\/\" \/>\n<meta property=\"og:locale\" content=\"de_DE\" \/>\n<meta property=\"og:type\" content=\"article\" \/>\n<meta property=\"og:title\" content=\"\u00abRadio Perfecto\u00bb, la radio rock de Philippe Man\u0153uvre\" \/>\n<meta property=\"og:description\" content=\"Radio Perfecto est la premi\u00e8re radio classic rock fran\u00e7aise. Il s&#039;agit de la nouvelle folie de Philippe Man\u0153uvre. Pr\u00e9sentation\" \/>\n<meta property=\"og:url\" content=\"https:\/\/leregardlibre.com\/de\/musik\/radio-perfecto-la-radio-rock-de-philippe-manoeuvre\/\" \/>\n<meta property=\"og:site_name\" content=\"Le Regard Libre\" \/>\n<meta property=\"article:publisher\" content=\"https:\/\/www.facebook.com\/leregardlibre\/\" \/>\n<meta property=\"article:author\" content=\"https:\/\/www.facebook.com\/jonas.follonier\/\" \/>\n<meta property=\"article:published_time\" content=\"2017-07-10T09:24:50+00:00\" \/>\n<meta property=\"article:modified_time\" content=\"2022-09-04T08:13:15+00:00\" \/>\n<meta property=\"og:image\" content=\"https:\/\/leregardlibre.com\/wp-content\/uploads\/2017\/07\/philippe-manoeuvre-c3a0-radio-perfecto.jpg\" \/>\n\t<meta property=\"og:image:width\" content=\"2000\" \/>\n\t<meta property=\"og:image:height\" content=\"1000\" \/>\n\t<meta property=\"og:image:type\" content=\"image\/jpeg\" \/>\n<meta name=\"author\" content=\"Jonas Follonier\" \/>\n<meta name=\"twitter:card\" content=\"summary_large_image\" \/>\n<meta name=\"twitter:creator\" content=\"@LeRegardLibre\" \/>\n<meta name=\"twitter:site\" content=\"@LeRegardLibre\" \/>\n<meta name=\"twitter:label1\" content=\"Verfasst von\" \/>\n\t<meta name=\"twitter:data1\" content=\"Jonas Follonier\" \/>\n\t<meta name=\"twitter:label2\" content=\"Gesch\u00e4tzte Lesezeit\" \/>\n\t<meta name=\"twitter:data2\" content=\"3\u00a0Minuten\" \/>\n<script type=\"application\/ld+json\" class=\"yoast-schema-graph\">{\"@context\":\"https:\\\/\\\/schema.org\",\"@graph\":[{\"@type\":\"Article\",\"@id\":\"https:\\\/\\\/leregardlibre.com\\\/musique\\\/radio-perfecto-la-radio-rock-de-philippe-manoeuvre\\\/#article\",\"isPartOf\":{\"@id\":\"https:\\\/\\\/leregardlibre.com\\\/musique\\\/radio-perfecto-la-radio-rock-de-philippe-manoeuvre\\\/\"},\"author\":{\"name\":\"Jonas Follonier\",\"@id\":\"https:\\\/\\\/leregardlibre.com\\\/#\\\/schema\\\/person\\\/bfe5aa794a23be71485d60e2d93ec0d2\"},\"headline\":\"\u00abRadio Perfecto\u00bb, la radio rock de Philippe Man\u0153uvre\",\"datePublished\":\"2017-07-10T09:24:50+00:00\",\"dateModified\":\"2022-09-04T08:13:15+00:00\",\"mainEntityOfPage\":{\"@id\":\"https:\\\/\\\/leregardlibre.com\\\/musique\\\/radio-perfecto-la-radio-rock-de-philippe-manoeuvre\\\/\"},\"wordCount\":459,\"commentCount\":0,\"publisher\":{\"@id\":\"https:\\\/\\\/leregardlibre.com\\\/#organization\"},\"image\":{\"@id\":\"https:\\\/\\\/leregardlibre.com\\\/musique\\\/radio-perfecto-la-radio-rock-de-philippe-manoeuvre\\\/#primaryimage\"},\"thumbnailUrl\":\"https:\\\/\\\/leregardlibre.com\\\/wp-content\\\/uploads\\\/2017\\\/07\\\/philippe-manoeuvre-c3a0-radio-perfecto.jpg\",\"keywords\":[\"dominique duforest\",\"eric lange\",\"fred marc\",\"Philippe Man\u0153uvre\",\"Radio\",\"Rock\"],\"articleSection\":[\"Musique\"],\"inLanguage\":\"de\",\"potentialAction\":[{\"@type\":\"CommentAction\",\"name\":\"Comment\",\"target\":[\"https:\\\/\\\/leregardlibre.com\\\/musique\\\/radio-perfecto-la-radio-rock-de-philippe-manoeuvre\\\/#respond\"]}]},{\"@type\":\"WebPage\",\"@id\":\"https:\\\/\\\/leregardlibre.com\\\/musique\\\/radio-perfecto-la-radio-rock-de-philippe-manoeuvre\\\/\",\"url\":\"https:\\\/\\\/leregardlibre.com\\\/musique\\\/radio-perfecto-la-radio-rock-de-philippe-manoeuvre\\\/\",\"name\":\"\u00abRadio Perfecto\u00bb, la radio rock de Philippe Man\u0153uvre\",\"isPartOf\":{\"@id\":\"https:\\\/\\\/leregardlibre.com\\\/#website\"},\"primaryImageOfPage\":{\"@id\":\"https:\\\/\\\/leregardlibre.com\\\/musique\\\/radio-perfecto-la-radio-rock-de-philippe-manoeuvre\\\/#primaryimage\"},\"image\":{\"@id\":\"https:\\\/\\\/leregardlibre.com\\\/musique\\\/radio-perfecto-la-radio-rock-de-philippe-manoeuvre\\\/#primaryimage\"},\"thumbnailUrl\":\"https:\\\/\\\/leregardlibre.com\\\/wp-content\\\/uploads\\\/2017\\\/07\\\/philippe-manoeuvre-c3a0-radio-perfecto.jpg\",\"datePublished\":\"2017-07-10T09:24:50+00:00\",\"dateModified\":\"2022-09-04T08:13:15+00:00\",\"description\":\"Radio Perfecto est la premi\u00e8re radio classic rock fran\u00e7aise. Il s'agit de la nouvelle folie de Philippe Man\u0153uvre. Pr\u00e9sentation\",\"breadcrumb\":{\"@id\":\"https:\\\/\\\/leregardlibre.com\\\/musique\\\/radio-perfecto-la-radio-rock-de-philippe-manoeuvre\\\/#breadcrumb\"},\"inLanguage\":\"de\",\"potentialAction\":[{\"@type\":\"ReadAction\",\"target\":[\"https:\\\/\\\/leregardlibre.com\\\/musique\\\/radio-perfecto-la-radio-rock-de-philippe-manoeuvre\\\/\"]}]},{\"@type\":\"ImageObject\",\"inLanguage\":\"de\",\"@id\":\"https:\\\/\\\/leregardlibre.com\\\/musique\\\/radio-perfecto-la-radio-rock-de-philippe-manoeuvre\\\/#primaryimage\",\"url\":\"https:\\\/\\\/leregardlibre.com\\\/wp-content\\\/uploads\\\/2017\\\/07\\\/philippe-manoeuvre-c3a0-radio-perfecto.jpg\",\"contentUrl\":\"https:\\\/\\\/leregardlibre.com\\\/wp-content\\\/uploads\\\/2017\\\/07\\\/philippe-manoeuvre-c3a0-radio-perfecto.jpg\",\"width\":2000,\"height\":1000,\"caption\":\"Philippe Manoeuvre lors de l'enregistrement de l'emission Radio Fauteuil Club. Paris, FRANCE - 31\\\/08\\\/2019\\\/\\\/BENHAMOU_075908\\\/Credit:LAURENT BENHAMOU\\\/SIPA\\\/1609020806\"},{\"@type\":\"BreadcrumbList\",\"@id\":\"https:\\\/\\\/leregardlibre.com\\\/musique\\\/radio-perfecto-la-radio-rock-de-philippe-manoeuvre\\\/#breadcrumb\",\"itemListElement\":[{\"@type\":\"ListItem\",\"position\":1,\"name\":\"Accueil\",\"item\":\"https:\\\/\\\/leregardlibre.com\\\/\"},{\"@type\":\"ListItem\",\"position\":2,\"name\":\"\u00abRadio Perfecto\u00bb, la radio rock de Philippe Man\u0153uvre\"}]},{\"@type\":\"WebSite\",\"@id\":\"https:\\\/\\\/leregardlibre.com\\\/#website\",\"url\":\"https:\\\/\\\/leregardlibre.com\\\/\",\"name\":\"Le Regard Libre\",\"description\":\"Premier mensuel suisse de d\u00e9bat\",\"publisher\":{\"@id\":\"https:\\\/\\\/leregardlibre.com\\\/#organization\"},\"potentialAction\":[{\"@type\":\"SearchAction\",\"target\":{\"@type\":\"EntryPoint\",\"urlTemplate\":\"https:\\\/\\\/leregardlibre.com\\\/?s={search_term_string}\"},\"query-input\":{\"@type\":\"PropertyValueSpecification\",\"valueRequired\":true,\"valueName\":\"search_term_string\"}}],\"inLanguage\":\"de\"},{\"@type\":\"Organization\",\"@id\":\"https:\\\/\\\/leregardlibre.com\\\/#organization\",\"name\":\"Le Regard Libre\",\"url\":\"https:\\\/\\\/leregardlibre.com\\\/\",\"logo\":{\"@type\":\"ImageObject\",\"inLanguage\":\"de\",\"@id\":\"https:\\\/\\\/leregardlibre.com\\\/#\\\/schema\\\/logo\\\/image\\\/\",\"url\":\"https:\\\/\\\/leregardlibre.com\\\/wp-content\\\/uploads\\\/2025\\\/08\\\/logo-rl-icone-neg.jpeg\",\"contentUrl\":\"https:\\\/\\\/leregardlibre.com\\\/wp-content\\\/uploads\\\/2025\\\/08\\\/logo-rl-icone-neg.jpeg\",\"width\":557,\"height\":556,\"caption\":\"Le Regard Libre\"},\"image\":{\"@id\":\"https:\\\/\\\/leregardlibre.com\\\/#\\\/schema\\\/logo\\\/image\\\/\"},\"sameAs\":[\"https:\\\/\\\/www.facebook.com\\\/leregardlibre\\\/\",\"https:\\\/\\\/x.com\\\/LeRegardLibre\",\"https:\\\/\\\/www.linkedin.com\\\/company\\\/le-regard-libre\",\"https:\\\/\\\/www.instagram.com\\\/leregardlibre\\\/\",\"http:\\\/\\\/t.me\\\/leregardlibre\",\"https:\\\/\\\/youtube.com\\\/channel\\\/UC6HzGPomj1LsUmlz-sJtITQ\"],\"description\":\"Le Regard Libre est un mensuel suisse de d\u00e9bat intellectuel et culturel. Sa r\u00e9daction est jeune, b\u00e9n\u00e9vole, lib\u00e9rale et pluraliste. Le magazine para\u00eet en ligne et sous forme papier. Sa langue est le fran\u00e7ais.\",\"email\":\"redaction@leregardlibre.com\",\"legalName\":\"Le Regard Libre\",\"foundingDate\":\"2014-01-01\",\"numberOfEmployees\":{\"@type\":\"QuantitativeValue\",\"minValue\":\"11\",\"maxValue\":\"50\"},\"publishingPrinciples\":\"https:\\\/\\\/leregardlibre.com\\\/a-propos\\\/notre-manifeste\\\/\",\"ownershipFundingInfo\":\"https:\\\/\\\/leregardlibre.com\\\/mentions-legales\\\/\",\"actionableFeedbackPolicy\":\"https:\\\/\\\/leregardlibre.com\\\/conditions-generales-de-vente\\\/\"},{\"@type\":\"Person\",\"@id\":\"https:\\\/\\\/leregardlibre.com\\\/#\\\/schema\\\/person\\\/bfe5aa794a23be71485d60e2d93ec0d2\",\"name\":\"Jonas Follonier\",\"image\":{\"@type\":\"ImageObject\",\"inLanguage\":\"de\",\"@id\":\"https:\\\/\\\/secure.gravatar.com\\\/avatar\\\/602060b40f6a458420c2d140f49b6caea99152ce6704f2c332e5a0c5aad80303?s=96&d=identicon&r=g\",\"url\":\"https:\\\/\\\/secure.gravatar.com\\\/avatar\\\/602060b40f6a458420c2d140f49b6caea99152ce6704f2c332e5a0c5aad80303?s=96&d=identicon&r=g\",\"contentUrl\":\"https:\\\/\\\/secure.gravatar.com\\\/avatar\\\/602060b40f6a458420c2d140f49b6caea99152ce6704f2c332e5a0c5aad80303?s=96&d=identicon&r=g\",\"caption\":\"Jonas Follonier\"},\"description\":\"Correspondant au Palais f\u00e9d\u00e9ral pour \u00abL\u2019Agefi\u00bb, auteur-compositeur-interpr\u00e8te et essayiste, Jonas Follonier est le fondateur et r\u00e9dacteur en chef du \u00abRegard Libre\u00bb.\",\"sameAs\":[\"https:\\\/\\\/www.facebook.com\\\/jonas.follonier\\\/\",\"https:\\\/\\\/www.instagram.com\\\/jonasfollonier\\\/\",\"https:\\\/\\\/www.linkedin.com\\\/in\\\/jonasfollonier\\\/\",\"https:\\\/\\\/fr.wikipedia.org\\\/wiki\\\/Le_Regard_libre\"],\"url\":\"https:\\\/\\\/leregardlibre.com\\\/de\\\/author\\\/jonas-follonier\\\/\"}]}<\/script>\n<!-- \/ Yoast SEO Premium plugin. -->","yoast_head_json":{"title":"\u00abRadio Perfecto\u00bb, das Rockradio von Philippe Man\u0153uvre","description":"Radio Perfecto est la premi\u00e8re radio classic rock fran\u00e7aise. Il s'agit de la nouvelle folie de Philippe Man\u0153uvre. Pr\u00e9sentation","robots":{"index":"index","follow":"follow","max-snippet":"max-snippet:-1","max-image-preview":"max-image-preview:large","max-video-preview":"max-video-preview:-1"},"canonical":"https:\/\/leregardlibre.com\/de\/musik\/radio-perfecto-la-radio-rock-de-philippe-manoeuvre\/","og_locale":"de_DE","og_type":"article","og_title":"\u00abRadio Perfecto\u00bb, la radio rock de Philippe Man\u0153uvre","og_description":"Radio Perfecto est la premi\u00e8re radio classic rock fran\u00e7aise. Il s'agit de la nouvelle folie de Philippe Man\u0153uvre. Pr\u00e9sentation","og_url":"https:\/\/leregardlibre.com\/de\/musik\/radio-perfecto-la-radio-rock-de-philippe-manoeuvre\/","og_site_name":"Le Regard Libre","article_publisher":"https:\/\/www.facebook.com\/leregardlibre\/","article_author":"https:\/\/www.facebook.com\/jonas.follonier\/","article_published_time":"2017-07-10T09:24:50+00:00","article_modified_time":"2022-09-04T08:13:15+00:00","og_image":[{"width":2000,"height":1000,"url":"https:\/\/leregardlibre.com\/wp-content\/uploads\/2017\/07\/philippe-manoeuvre-c3a0-radio-perfecto.jpg","type":"image\/jpeg"}],"author":"Jonas Follonier","twitter_card":"summary_large_image","twitter_creator":"@LeRegardLibre","twitter_site":"@LeRegardLibre","twitter_misc":{"Verfasst von":"Jonas Follonier","Gesch\u00e4tzte Lesezeit":"3\u00a0Minuten"},"schema":{"@context":"https:\/\/schema.org","@graph":[{"@type":"Article","@id":"https:\/\/leregardlibre.com\/musique\/radio-perfecto-la-radio-rock-de-philippe-manoeuvre\/#article","isPartOf":{"@id":"https:\/\/leregardlibre.com\/musique\/radio-perfecto-la-radio-rock-de-philippe-manoeuvre\/"},"author":{"name":"Jonas Follonier","@id":"https:\/\/leregardlibre.com\/#\/schema\/person\/bfe5aa794a23be71485d60e2d93ec0d2"},"headline":"\u00abRadio Perfecto\u00bb, la radio rock de Philippe Man\u0153uvre","datePublished":"2017-07-10T09:24:50+00:00","dateModified":"2022-09-04T08:13:15+00:00","mainEntityOfPage":{"@id":"https:\/\/leregardlibre.com\/musique\/radio-perfecto-la-radio-rock-de-philippe-manoeuvre\/"},"wordCount":459,"commentCount":0,"publisher":{"@id":"https:\/\/leregardlibre.com\/#organization"},"image":{"@id":"https:\/\/leregardlibre.com\/musique\/radio-perfecto-la-radio-rock-de-philippe-manoeuvre\/#primaryimage"},"thumbnailUrl":"https:\/\/leregardlibre.com\/wp-content\/uploads\/2017\/07\/philippe-manoeuvre-c3a0-radio-perfecto.jpg","keywords":["dominique duforest","eric lange","fred marc","Philippe Man\u0153uvre","Radio","Rock"],"articleSection":["Musique"],"inLanguage":"de","potentialAction":[{"@type":"CommentAction","name":"Comment","target":["https:\/\/leregardlibre.com\/musique\/radio-perfecto-la-radio-rock-de-philippe-manoeuvre\/#respond"]}]},{"@type":"WebPage","@id":"https:\/\/leregardlibre.com\/musique\/radio-perfecto-la-radio-rock-de-philippe-manoeuvre\/","url":"https:\/\/leregardlibre.com\/musique\/radio-perfecto-la-radio-rock-de-philippe-manoeuvre\/","name":"\u00abRadio Perfecto\u00bb, das Rockradio von Philippe Man\u0153uvre","isPartOf":{"@id":"https:\/\/leregardlibre.com\/#website"},"primaryImageOfPage":{"@id":"https:\/\/leregardlibre.com\/musique\/radio-perfecto-la-radio-rock-de-philippe-manoeuvre\/#primaryimage"},"image":{"@id":"https:\/\/leregardlibre.com\/musique\/radio-perfecto-la-radio-rock-de-philippe-manoeuvre\/#primaryimage"},"thumbnailUrl":"https:\/\/leregardlibre.com\/wp-content\/uploads\/2017\/07\/philippe-manoeuvre-c3a0-radio-perfecto.jpg","datePublished":"2017-07-10T09:24:50+00:00","dateModified":"2022-09-04T08:13:15+00:00","description":"Radio Perfecto est la premi\u00e8re radio classic rock fran\u00e7aise. Il s'agit de la nouvelle folie de Philippe Man\u0153uvre. Pr\u00e9sentation","breadcrumb":{"@id":"https:\/\/leregardlibre.com\/musique\/radio-perfecto-la-radio-rock-de-philippe-manoeuvre\/#breadcrumb"},"inLanguage":"de","potentialAction":[{"@type":"ReadAction","target":["https:\/\/leregardlibre.com\/musique\/radio-perfecto-la-radio-rock-de-philippe-manoeuvre\/"]}]},{"@type":"ImageObject","inLanguage":"de","@id":"https:\/\/leregardlibre.com\/musique\/radio-perfecto-la-radio-rock-de-philippe-manoeuvre\/#primaryimage","url":"https:\/\/leregardlibre.com\/wp-content\/uploads\/2017\/07\/philippe-manoeuvre-c3a0-radio-perfecto.jpg","contentUrl":"https:\/\/leregardlibre.com\/wp-content\/uploads\/2017\/07\/philippe-manoeuvre-c3a0-radio-perfecto.jpg","width":2000,"height":1000,"caption":"Philippe Manoeuvre lors de l'enregistrement de l'emission Radio Fauteuil Club. Paris, FRANCE - 31\/08\/2019\/\/BENHAMOU_075908\/Credit:LAURENT BENHAMOU\/SIPA\/1609020806"},{"@type":"BreadcrumbList","@id":"https:\/\/leregardlibre.com\/musique\/radio-perfecto-la-radio-rock-de-philippe-manoeuvre\/#breadcrumb","itemListElement":[{"@type":"ListItem","position":1,"name":"Accueil","item":"https:\/\/leregardlibre.com\/"},{"@type":"ListItem","position":2,"name":"\u00abRadio Perfecto\u00bb, la radio rock de Philippe Man\u0153uvre"}]},{"@type":"WebSite","@id":"https:\/\/leregardlibre.com\/#website","url":"https:\/\/leregardlibre.com\/","name":"Le Regard Libre","description":"Erste Schweizer Monatszeitschrift f\u00fcr Debatten","publisher":{"@id":"https:\/\/leregardlibre.com\/#organization"},"potentialAction":[{"@type":"SearchAction","target":{"@type":"EntryPoint","urlTemplate":"https:\/\/leregardlibre.com\/?s={search_term_string}"},"query-input":{"@type":"PropertyValueSpecification","valueRequired":true,"valueName":"search_term_string"}}],"inLanguage":"de"},{"@type":"Organization","@id":"https:\/\/leregardlibre.com\/#organization","name":"Le Regard Libre","url":"https:\/\/leregardlibre.com\/","logo":{"@type":"ImageObject","inLanguage":"de","@id":"https:\/\/leregardlibre.com\/#\/schema\/logo\/image\/","url":"https:\/\/leregardlibre.com\/wp-content\/uploads\/2025\/08\/logo-rl-icone-neg.jpeg","contentUrl":"https:\/\/leregardlibre.com\/wp-content\/uploads\/2025\/08\/logo-rl-icone-neg.jpeg","width":557,"height":556,"caption":"Le Regard Libre"},"image":{"@id":"https:\/\/leregardlibre.com\/#\/schema\/logo\/image\/"},"sameAs":["https:\/\/www.facebook.com\/leregardlibre\/","https:\/\/x.com\/LeRegardLibre","https:\/\/www.linkedin.com\/company\/le-regard-libre","https:\/\/www.instagram.com\/leregardlibre\/","http:\/\/t.me\/leregardlibre","https:\/\/youtube.com\/channel\/UC6HzGPomj1LsUmlz-sJtITQ"],"description":"Le Regard Libre ist eine Schweizer Monatszeitschrift f\u00fcr intellektuelle und kulturelle Debatten. Seine Redaktion ist jung, ehrenamtlich, liberal und pluralistisch. Das Magazin erscheint online und in gedruckter Form. Seine Sprache ist Franz\u00f6sisch.","email":"redaction@leregardlibre.com","legalName":"Le Regard Libre","foundingDate":"2014-01-01","numberOfEmployees":{"@type":"QuantitativeValue","minValue":"11","maxValue":"50"},"publishingPrinciples":"https:\/\/leregardlibre.com\/a-propos\/notre-manifeste\/","ownershipFundingInfo":"https:\/\/leregardlibre.com\/mentions-legales\/","actionableFeedbackPolicy":"https:\/\/leregardlibre.com\/conditions-generales-de-vente\/"},{"@type":"Person","@id":"https:\/\/leregardlibre.com\/#\/schema\/person\/bfe5aa794a23be71485d60e2d93ec0d2","name":"Jonas Follonier","image":{"@type":"ImageObject","inLanguage":"de","@id":"https:\/\/secure.gravatar.com\/avatar\/602060b40f6a458420c2d140f49b6caea99152ce6704f2c332e5a0c5aad80303?s=96&d=identicon&r=g","url":"https:\/\/secure.gravatar.com\/avatar\/602060b40f6a458420c2d140f49b6caea99152ce6704f2c332e5a0c5aad80303?s=96&d=identicon&r=g","contentUrl":"https:\/\/secure.gravatar.com\/avatar\/602060b40f6a458420c2d140f49b6caea99152ce6704f2c332e5a0c5aad80303?s=96&d=identicon&r=g","caption":"Jonas Follonier"},"description":"Bundeshauskorrespondent f\u00fcr \u00abL'Agefi\u00bb, Singer-Songwriter, Jonas Follonier ist Gr\u00fcnder und Chefredakteur von \u00abRegard Libre\u00bb.","sameAs":["https:\/\/www.facebook.com\/jonas.follonier\/","https:\/\/www.instagram.com\/jonasfollonier\/","https:\/\/www.linkedin.com\/in\/jonasfollonier\/","https:\/\/fr.wikipedia.org\/wiki\/Le_Regard_libre"],"url":"https:\/\/leregardlibre.com\/de\/author\/jonas-follonier\/"}]}},"_links":{"self":[{"href":"https:\/\/leregardlibre.com\/de\/wp-json\/wp\/v2\/posts\/9798","targetHints":{"allow":["GET"]}}],"collection":[{"href":"https:\/\/leregardlibre.com\/de\/wp-json\/wp\/v2\/posts"}],"about":[{"href":"https:\/\/leregardlibre.com\/de\/wp-json\/wp\/v2\/types\/post"}],"author":[{"embeddable":true,"href":"https:\/\/leregardlibre.com\/de\/wp-json\/wp\/v2\/users\/138"}],"replies":[{"embeddable":true,"href":"https:\/\/leregardlibre.com\/de\/wp-json\/wp\/v2\/comments?post=9798"}],"version-history":[{"count":1,"href":"https:\/\/leregardlibre.com\/de\/wp-json\/wp\/v2\/posts\/9798\/revisions"}],"predecessor-version":[{"id":509420,"href":"https:\/\/leregardlibre.com\/de\/wp-json\/wp\/v2\/posts\/9798\/revisions\/509420"}],"wp:featuredmedia":[{"embeddable":true,"href":"https:\/\/leregardlibre.com\/de\/wp-json\/wp\/v2\/media\/9898"}],"wp:attachment":[{"href":"https:\/\/leregardlibre.com\/de\/wp-json\/wp\/v2\/media?parent=9798"}],"wp:term":[{"taxonomy":"category","embeddable":true,"href":"https:\/\/leregardlibre.com\/de\/wp-json\/wp\/v2\/categories?post=9798"},{"taxonomy":"post_tag","embeddable":true,"href":"https:\/\/leregardlibre.com\/de\/wp-json\/wp\/v2\/tags?post=9798"}],"curies":[{"name":"wp","href":"https:\/\/api.w.org\/{rel}","templated":true}]}}