{"id":584136230,"count":1,"description":"","link":"https:\/\/leregardlibre.com\/de\/tag\/morgen-und-an-allen-anderen-tagen\/","name":"morgen und an allen anderen Tagen","slug":"morgen-und-an-allen-anderen-tagen","taxonomy":"post_tag","meta":[],"yoast_head":"<!-- This site is optimized with the Yoast SEO Premium plugin v27.4 (Yoast SEO v27.4) - https:\/\/yoast.com\/product\/yoast-seo-premium-wordpress\/ -->\n<title>demain et tous les autres jours | Le Regard Libre<\/title>\n<meta name=\"robots\" content=\"index, follow, max-snippet:-1, max-image-preview:large, max-video-preview:-1\" \/>\n<link rel=\"canonical\" href=\"https:\/\/leregardlibre.com\/de\/tag\/morgen-und-an-allen-anderen-tagen\/\" \/>\n<meta property=\"og:locale\" content=\"de_DE\" \/>\n<meta property=\"og:type\" content=\"article\" \/>\n<meta property=\"og:title\" content=\"demain et tous les autres jours | Le Regard Libre\" \/>\n<meta property=\"og:url\" content=\"https:\/\/leregardlibre.com\/de\/tag\/morgen-und-an-allen-anderen-tagen\/\" \/>\n<meta property=\"og:site_name\" content=\"Le Regard Libre\" \/>\n<meta property=\"og:image\" content=\"https:\/\/leregardlibre.com\/wp-content\/uploads\/2025\/11\/rl_logo_1a-e1762609033480.jpg\" \/>\n\t<meta property=\"og:image:width\" content=\"2154\" \/>\n\t<meta property=\"og:image:height\" content=\"1264\" \/>\n\t<meta property=\"og:image:type\" content=\"image\/jpeg\" \/>\n<meta name=\"twitter:card\" content=\"summary_large_image\" \/>\n<meta name=\"twitter:site\" content=\"@LeRegardLibre\" \/>\n<script type=\"application\/ld+json\" class=\"yoast-schema-graph\">{\"@context\":\"https:\\\/\\\/schema.org\",\"@graph\":[{\"@type\":\"CollectionPage\",\"@id\":\"https:\\\/\\\/leregardlibre.com\\\/tag\\\/demain-et-tous-les-autres-jours\\\/\",\"url\":\"https:\\\/\\\/leregardlibre.com\\\/tag\\\/demain-et-tous-les-autres-jours\\\/\",\"name\":\"demain et tous les autres jours | Le Regard Libre\",\"isPartOf\":{\"@id\":\"https:\\\/\\\/leregardlibre.com\\\/#website\"},\"breadcrumb\":{\"@id\":\"https:\\\/\\\/leregardlibre.com\\\/tag\\\/demain-et-tous-les-autres-jours\\\/#breadcrumb\"},\"inLanguage\":\"de\"},{\"@type\":\"BreadcrumbList\",\"@id\":\"https:\\\/\\\/leregardlibre.com\\\/tag\\\/demain-et-tous-les-autres-jours\\\/#breadcrumb\",\"itemListElement\":[{\"@type\":\"ListItem\",\"position\":1,\"name\":\"Accueil\",\"item\":\"https:\\\/\\\/leregardlibre.com\\\/\"},{\"@type\":\"ListItem\",\"position\":2,\"name\":\"demain et tous les autres jours\"}]},{\"@type\":\"WebSite\",\"@id\":\"https:\\\/\\\/leregardlibre.com\\\/#website\",\"url\":\"https:\\\/\\\/leregardlibre.com\\\/\",\"name\":\"Le Regard Libre\",\"description\":\"Premier mensuel suisse de d\u00e9bat\",\"publisher\":{\"@id\":\"https:\\\/\\\/leregardlibre.com\\\/#organization\"},\"potentialAction\":[{\"@type\":\"SearchAction\",\"target\":{\"@type\":\"EntryPoint\",\"urlTemplate\":\"https:\\\/\\\/leregardlibre.com\\\/?s={search_term_string}\"},\"query-input\":{\"@type\":\"PropertyValueSpecification\",\"valueRequired\":true,\"valueName\":\"search_term_string\"}}],\"inLanguage\":\"de\"},{\"@type\":\"Organization\",\"@id\":\"https:\\\/\\\/leregardlibre.com\\\/#organization\",\"name\":\"Le Regard Libre\",\"url\":\"https:\\\/\\\/leregardlibre.com\\\/\",\"logo\":{\"@type\":\"ImageObject\",\"inLanguage\":\"de\",\"@id\":\"https:\\\/\\\/leregardlibre.com\\\/#\\\/schema\\\/logo\\\/image\\\/\",\"url\":\"https:\\\/\\\/leregardlibre.com\\\/wp-content\\\/uploads\\\/2025\\\/08\\\/logo-rl-icone-neg.jpeg\",\"contentUrl\":\"https:\\\/\\\/leregardlibre.com\\\/wp-content\\\/uploads\\\/2025\\\/08\\\/logo-rl-icone-neg.jpeg\",\"width\":557,\"height\":556,\"caption\":\"Le Regard Libre\"},\"image\":{\"@id\":\"https:\\\/\\\/leregardlibre.com\\\/#\\\/schema\\\/logo\\\/image\\\/\"},\"sameAs\":[\"https:\\\/\\\/www.facebook.com\\\/leregardlibre\\\/\",\"https:\\\/\\\/x.com\\\/LeRegardLibre\",\"https:\\\/\\\/www.linkedin.com\\\/company\\\/le-regard-libre\",\"https:\\\/\\\/www.instagram.com\\\/leregardlibre\\\/\",\"http:\\\/\\\/t.me\\\/leregardlibre\",\"https:\\\/\\\/youtube.com\\\/channel\\\/UC6HzGPomj1LsUmlz-sJtITQ\"],\"description\":\"Le Regard Libre est un mensuel suisse de d\u00e9bat intellectuel et culturel. Sa r\u00e9daction est jeune, b\u00e9n\u00e9vole, lib\u00e9rale et pluraliste. Le magazine para\u00eet en ligne et sous forme papier. Sa langue est le fran\u00e7ais.\",\"email\":\"redaction@leregardlibre.com\",\"legalName\":\"Le Regard Libre\",\"foundingDate\":\"2014-01-01\",\"numberOfEmployees\":{\"@type\":\"QuantitativeValue\",\"minValue\":\"11\",\"maxValue\":\"50\"},\"publishingPrinciples\":\"https:\\\/\\\/leregardlibre.com\\\/a-propos\\\/notre-manifeste\\\/\",\"ownershipFundingInfo\":\"https:\\\/\\\/leregardlibre.com\\\/mentions-legales\\\/\",\"actionableFeedbackPolicy\":\"https:\\\/\\\/leregardlibre.com\\\/conditions-generales-de-vente\\\/\"}]}<\/script>\n<!-- \/ Yoast SEO Premium plugin. -->","yoast_head_json":{"title":"demain et tous les autres jours | Le Regard Libre","robots":{"index":"index","follow":"follow","max-snippet":"max-snippet:-1","max-image-preview":"max-image-preview:large","max-video-preview":"max-video-preview:-1"},"canonical":"https:\/\/leregardlibre.com\/de\/tag\/morgen-und-an-allen-anderen-tagen\/","og_locale":"de_DE","og_type":"article","og_title":"demain et tous les autres jours | Le Regard Libre","og_url":"https:\/\/leregardlibre.com\/de\/tag\/morgen-und-an-allen-anderen-tagen\/","og_site_name":"Le Regard Libre","og_image":[{"width":2154,"height":1264,"url":"https:\/\/leregardlibre.com\/wp-content\/uploads\/2025\/11\/rl_logo_1a-e1762609033480.jpg","type":"image\/jpeg"}],"twitter_card":"summary_large_image","twitter_site":"@LeRegardLibre","schema":{"@context":"https:\/\/schema.org","@graph":[{"@type":"CollectionPage","@id":"https:\/\/leregardlibre.com\/tag\/demain-et-tous-les-autres-jours\/","url":"https:\/\/leregardlibre.com\/tag\/demain-et-tous-les-autres-jours\/","name":"morgen und alle anderen Tage | Le Regard Libre","isPartOf":{"@id":"https:\/\/leregardlibre.com\/#website"},"breadcrumb":{"@id":"https:\/\/leregardlibre.com\/tag\/demain-et-tous-les-autres-jours\/#breadcrumb"},"inLanguage":"de"},{"@type":"BreadcrumbList","@id":"https:\/\/leregardlibre.com\/tag\/demain-et-tous-les-autres-jours\/#breadcrumb","itemListElement":[{"@type":"ListItem","position":1,"name":"Accueil","item":"https:\/\/leregardlibre.com\/"},{"@type":"ListItem","position":2,"name":"demain et tous les autres jours"}]},{"@type":"WebSite","@id":"https:\/\/leregardlibre.com\/#website","url":"https:\/\/leregardlibre.com\/","name":"Le Regard Libre","description":"Erste Schweizer Monatszeitschrift f\u00fcr Debatten","publisher":{"@id":"https:\/\/leregardlibre.com\/#organization"},"potentialAction":[{"@type":"SearchAction","target":{"@type":"EntryPoint","urlTemplate":"https:\/\/leregardlibre.com\/?s={search_term_string}"},"query-input":{"@type":"PropertyValueSpecification","valueRequired":true,"valueName":"search_term_string"}}],"inLanguage":"de"},{"@type":"Organization","@id":"https:\/\/leregardlibre.com\/#organization","name":"Le Regard Libre","url":"https:\/\/leregardlibre.com\/","logo":{"@type":"ImageObject","inLanguage":"de","@id":"https:\/\/leregardlibre.com\/#\/schema\/logo\/image\/","url":"https:\/\/leregardlibre.com\/wp-content\/uploads\/2025\/08\/logo-rl-icone-neg.jpeg","contentUrl":"https:\/\/leregardlibre.com\/wp-content\/uploads\/2025\/08\/logo-rl-icone-neg.jpeg","width":557,"height":556,"caption":"Le Regard Libre"},"image":{"@id":"https:\/\/leregardlibre.com\/#\/schema\/logo\/image\/"},"sameAs":["https:\/\/www.facebook.com\/leregardlibre\/","https:\/\/x.com\/LeRegardLibre","https:\/\/www.linkedin.com\/company\/le-regard-libre","https:\/\/www.instagram.com\/leregardlibre\/","http:\/\/t.me\/leregardlibre","https:\/\/youtube.com\/channel\/UC6HzGPomj1LsUmlz-sJtITQ"],"description":"Le Regard Libre ist eine Schweizer Monatszeitschrift f\u00fcr intellektuelle und kulturelle Debatten. Seine Redaktion ist jung, ehrenamtlich, liberal und pluralistisch. Das Magazin erscheint online und in gedruckter Form. Seine Sprache ist Franz\u00f6sisch.","email":"redaction@leregardlibre.com","legalName":"Le Regard Libre","foundingDate":"2014-01-01","numberOfEmployees":{"@type":"QuantitativeValue","minValue":"11","maxValue":"50"},"publishingPrinciples":"https:\/\/leregardlibre.com\/a-propos\/notre-manifeste\/","ownershipFundingInfo":"https:\/\/leregardlibre.com\/mentions-legales\/","actionableFeedbackPolicy":"https:\/\/leregardlibre.com\/conditions-generales-de-vente\/"}]}},"_links":{"self":[{"href":"https:\/\/leregardlibre.com\/de\/wp-json\/wp\/v2\/tags\/584136230","targetHints":{"allow":["GET"]}}],"collection":[{"href":"https:\/\/leregardlibre.com\/de\/wp-json\/wp\/v2\/tags"}],"about":[{"href":"https:\/\/leregardlibre.com\/de\/wp-json\/wp\/v2\/taxonomies\/post_tag"}],"wp:post_type":[{"href":"https:\/\/leregardlibre.com\/de\/wp-json\/wp\/v2\/posts?tags=584136230"}],"curies":[{"name":"wp","href":"https:\/\/api.w.org\/{rel}","templated":true}]}}