{"id":10324,"date":"2017-07-26T18:53:38","date_gmt":"2017-07-26T16:53:38","guid":{"rendered":"http:\/\/leregardlibre.com\/?p=10324"},"modified":"2025-12-04T23:01:48","modified_gmt":"2025-12-04T22:01:48","slug":"dunkerque-et-les-visages-de-la-guerre","status":"publish","type":"post","link":"https:\/\/leregardlibre.com\/en\/cinema\/films\/dunkerque-et-les-visages-de-la-guerre\/","title":{"rendered":"\u00abDunkirk\u00bb and the faces of war"},"content":{"rendered":"<p><em>Cinema Wednesdays - Loris S. Musumeci<br \/>\n<\/em><\/p>\n<p><strong>A partner section of <em><a href=\"https:\/\/neuchvox.ch\/cinerevue\/\">Cin\u00e9revue<\/a><\/em>, NeuchVox's film program. Next live broadcast: Monday August 7, 2017, 8:30 pm - 9:00 pm<\/strong><\/p>\n<p>\u00abThis film is dedicated to all those whose lives were shaken at Dunkirk.\u00bb<\/p>\n<p>The street is deserted. Only a few shots ring out in the deathly silence. Paper corpses fly here and there. A young English soldier runs, alone. He makes his way to the beach to leave this bastion of defeat: Dunkirk. The Germans have taken the Allies hostage. Locked up like rats by the sea, 400,000 men are waiting for salvation, \u2019waiting for a miracle\u00ab.<\/p>\n<p>At the same time, British pleasure boats set out to free their soldiers; destroyers were not enough. Forty tiny kilometers divide the two coasts, but Axis aircraft bombs complicate the mission. It is in the air, therefore, that the third story of <em>Dunkerque<\/em>. A brave Royal Air Force aviator, almost out of fuel, flies around in a merciless battle to protect the boats and the beach from the enemy.<\/p>\n<p><!--more--><\/p>\n<h3><strong>Jeux de temps et d\u2019Histoire<\/strong><\/h3>\n<p>Le r\u00e9alisateur, Christopher Nolan, est connu pour aimer jouer avec le temps. Des d\u00e9calages dimensionnels d\u2019<em>Inception<\/em> aux analepses de la saga <em>The Dark Knight<\/em>, il s\u2019avance cette fois vers un \u00ab\u00a0simultan\u00e9 de dur\u00e9es diff\u00e9rentes\u00a0\u00bb. Trois temps, trois chapitres. I. <em>Le M\u00f4le<\/em>, II. <em>La Mer<\/em>, III. <em>L\u2019Air<\/em>. Chacune de ces parties rel\u00e8ve un espace de l\u2019op\u00e9ration Dynamo, qui eut pour but d\u2019\u00e9vacuer les troupes encercl\u00e9es du 26 mai au 4 juin 1940. Le spectateur suit ainsi le jeune soldat et ses compagnons, cherchant \u00e0 fuir au plus vite, pendant une semaine\u00a0; le bateau civil de Monsieur Dawson, pour un jour\u00a0; et le pilote de chasse, une heure durant. Chacun reconna\u00eet l\u2019excellence du cin\u00e9aste dans ce proc\u00e9d\u00e9 r\u00e9volutionnaire du domptage des temps. Ceux-ci deviennent relatifs\u00a0; selon le rythme personnel d\u2019un aviateur \u00e0 l\u2019urgente mission, ou celui de soldats fondant doucement de d\u00e9sespoir sur le sable.<\/p>\n<p>Un autre point, en revanche, est loin de faire l\u2019unanimit\u00e9\u00a0: le focus historique. La presse fran\u00e7aise s\u2019insurge de voir son arm\u00e9e r\u00e9sistante quasiment absente du long-m\u00e9trage. <em>Les Inrocks<\/em>, notamment, revient aux sources de manuels sp\u00e9cialis\u00e9s sur l\u2019op\u00e9ration Dynamo. \u00ab\u00a0Pour permettre aux troupes britanniques d\u2019embarquer, 40&#8217;000 soldats fran\u00e7ais r\u00e9sistent face \u00e0 120&#8217;000 Allemands. \u2018Ils se sont sacrifi\u00e9s\u2019, insiste Dominique Lormier, historien sp\u00e9cialiste de l\u2019\u00e9poque et auteur de\u00a0<em>La bataille de Dunkerque<\/em>\u00a0(\u00e9d. Tallandier, 2011).\u00a0\u00bb Et de s\u2019en plaindre\u00a0: \u00ab\u00a0Les rares \u00e9vocations du r\u00f4le de l\u2019arm\u00e9e fran\u00e7aise tiennent en deux citations. Lorsque le capitaine Winnant rapporte que \u2018l\u2019arri\u00e8re-garde tient, les Fran\u00e7ais la prot\u00e8gent\u2019 et quand le commandant Bolton, qui, tel le capitaine du Titanic refusant de quitter le navire, d\u00e9cide de rester \u00e0 Dunkerque pour \u2018aider les Fran\u00e7ais\u2019.\u00a0\u00bb<\/p>\n<h3><strong>Du patriotisme<\/strong><\/h3>\n<p>En r\u00e9ponse au ton l\u00e9gitime de cette critique, il y a le patriotisme dont le film se nourrit. Nolan ne para\u00eet pas tant ignorer les Fran\u00e7ais que raconter, pr\u00e9cis\u00e9ment, la mobilisation g\u00e9n\u00e9reuse et courageuse d\u2019un peuple pour les siens. Et l\u2019amour de sa terre. Le commandant Bolton, charg\u00e9 du sort de tous les 400&#8217;000 occupants patients du rivage, chante la proximit\u00e9 rendue lointaine de la patrie, avec nostalgie.<\/p>\n<p>Monsieur Dawson, lui-m\u00eame, ne cesse de rappeler \u00e0 son jeune \u00e9quipage que \u00ab\u00a0c\u2019est un devoir de sauver les n\u00f4tres.\u00a0\u00bb Un tel engouement national ne va pas sans choquer le gauchisme de <em>T\u00e9l\u00e9rama<\/em> \u2013 bien qu\u2019il reste une r\u00e9f\u00e9rence en mati\u00e8re de critique cin\u00e9matographique. \u00ab\u00a0Plus g\u00eanant : l\u2019emballement patriotique tr\u00e8s appuy\u00e9, lorsque surgit la flottille civile, valeureuse. Tout juste si, \u00e0 la fin,\u00a0l\u2019hymne britannique ne se met pas \u00e0 r\u00e9sonner. Un peu\u00a0<em>too much<\/em>.\u00a0\u00bb<\/p>\n<h3><strong>L\u2019angoisse des sons<\/strong><\/h3>\n<p>Plus artistiquement parlant, la musique tient un r\u00f4le fondamental dans le d\u00e9roulement de l\u2019intrigue. Presque constante, elle ne commet pas de prouesses quant \u00e0 sa composition. Son effet, n\u00e9anmoins, sugg\u00e8re dans la salle une inconsolable angoisse. Les violons sont pinc\u00e9s de plus en rapidement\u00a0; les contrebasses, \u00e0 l\u2019arri\u00e8re, donnent \u00e0 l\u2019air r\u00e9p\u00e9titif une r\u00e9sonnance d\u2019alarme. Le son m\u00eame d\u2019un chronom\u00e8tre de bombe s\u2019\u00e9coute, grave, dans l\u2019avion mitraillant et \u00e9vitant brusquement les balles adversaires.<\/p>\n<p>En outre, tout le bruitage du film se manifeste avec brio en marge de la musique. Suffit-il de repenser aux cris des avions d\u00e9chirant le ciel. Ou encore, de simples pas h\u00e9sitants s\u2019ajoutent au rythme anxieux des cachettes dans des petits bateaux apparemment abandonn\u00e9s, \u00e9chou\u00e9s sur la plage. Les plus bouleversants, demeurent les pleurs et souffles ultimes de militaires, forts et fragiles \u00e0 la fois. Par ailleurs, des vagissements t\u00e9moignent de la jeunesse innocente de ces derniers. Finir noy\u00e9, \u00e0 vingt ans. Ces sons restent. Accroch\u00e9s aux tripes.<\/p>\n<h3><strong><img fetchpriority=\"high\" decoding=\"async\" class=\"alignnone  wp-image-10351\" src=\"http:\/\/leregardlibre.com\/wp-content\/uploads\/2017\/07\/108361.jpg\" alt=\"108361\" width=\"463\" height=\"617\" srcset=\"https:\/\/leregardlibre.com\/wp-content\/uploads\/2017\/07\/108361.jpg 1200w, https:\/\/leregardlibre.com\/wp-content\/uploads\/2017\/07\/108361-113x150.jpg 113w, https:\/\/leregardlibre.com\/wp-content\/uploads\/2017\/07\/108361-225x300.jpg 225w, https:\/\/leregardlibre.com\/wp-content\/uploads\/2017\/07\/108361-768x1024.jpg 768w, https:\/\/leregardlibre.com\/wp-content\/uploads\/2017\/07\/108361-1152x1536.jpg 1152w, https:\/\/leregardlibre.com\/wp-content\/uploads\/2017\/07\/108361-900x1200.jpg 900w, https:\/\/leregardlibre.com\/wp-content\/uploads\/2017\/07\/108361-600x800.jpg 600w, https:\/\/leregardlibre.com\/wp-content\/uploads\/2017\/07\/108361-300x400.jpg 300w, https:\/\/leregardlibre.com\/wp-content\/uploads\/2017\/07\/108361-150x200.jpg 150w, https:\/\/leregardlibre.com\/wp-content\/uploads\/2017\/07\/108361-1170x1560.jpg 1170w, https:\/\/leregardlibre.com\/wp-content\/uploads\/2017\/07\/108361-585x780.jpg 585w\" sizes=\"(max-width: 463px) 100vw, 463px\" \/><\/strong><\/h3>\n<h3><strong>Des images significatives<\/strong><\/h3>\n<p>Du c\u00f4t\u00e9 des cam\u00e9ras, si leur ma\u00eetrise irr\u00e9prochable ne fait aucunement d\u00e9faut, trois seraient les proc\u00e9d\u00e9s les plus travaill\u00e9s \u00e0 retenir. Le plus banal des trois, c\u2019est la collection massive de vues a\u00e9riennes. Elle offre des s\u00e9quences tout bonnement spectaculaires. Plus subtil, le lien tr\u00e8s pr\u00e9sent entre la cam\u00e9ra et le visage. A plusieurs reprises, face aux acteurs principaux, qui repr\u00e9sentent l\u2019\u00e9tat d\u2019\u00e2me de tous les autres camarades, l\u2019appareil se meut dans un axe sym\u00e9trique au personnage. Les chutes, grimaces, essoufflements et d\u00e9chirures d\u00e9sesp\u00e9r\u00e9es se pendent au regard du spectateur.<\/p>\n<p>Enfin, intervient l\u2019alternance entre l\u2019individu et la masse. De l\u2019image d\u2019un regard, appara\u00eet une vue panoramique de milliers de casques sur la plage. Cette d\u00e9marche en dit long sur la r\u00e9alit\u00e9 de cette guerre o\u00f9, malgr\u00e9 la solidarit\u00e9 patriotique prononc\u00e9e, tout un chacun cherche \u00e0 sauver sa peau. Survivre, pour soi.<\/p>\n<p>Concernant la photographie, elle s\u2019arme de deux filtres unicolores qui, en premier lieu, rendent le film agr\u00e9able \u00e0 voir par sa beaut\u00e9, m\u00eame s\u2019il \u00e9tait muet ; et qui comportent, en second lieu, une d\u00e9licate signification, s\u2019imposant aux yeux du public m\u00eame de mani\u00e8re inconsciente. Les tons bleut\u00e9s dominent, dans la mesure o\u00f9 ils confondent ciel et mer pour exposer la similarit\u00e9 du tragique qui s\u2019y vit. Aussi, par leur omnipr\u00e9sence jusqu\u2019\u00e0 quelques minutes avant la fin, ils marquent cette id\u00e9e d\u2019enfermement. La lib\u00e9ration casse le bleu pour laisser place \u00e0 un orange, accompagn\u00e9 de nuances rouge\u00e2tres, plus chaud, apais\u00e9 et sain.<\/p>\n<p><em>Dunkerque<\/em> s\u2019appr\u00eate \u00e0 rester dans les m\u00e9moires comme une grande \u0153uvre. Certes, les r\u00e9serves exprim\u00e9es \u00e0 son \u00e9gard ont leurs fondements. De plus, les acteurs ne doivent pas esp\u00e9rer inscrire leur trace dans le cin\u00e9ma par ce film, tant leur personnalit\u00e9 est camoufl\u00e9e au profit de l\u2019ensemble. Seuls les visages demeureront, et les silences, racontant mieux la guerre que tout discours.<\/p>\n<p>\u00ab\u00a0Nous nous battrons jusqu\u2019au bout. \u00bb<\/p>\n<p><em>Write to the author : <a href=\"mailto:loris.musumeci@leregardlibre.com\">loris.musumeci@leregardlibre.com<\/a><\/em><\/p>\n<p>Cr\u00e9dit photo : \u00a9\u00a0lvdnena.rosselcdn.net<\/p>","protected":false},"excerpt":{"rendered":"<p>Les mercredis du cin\u00e9ma \u2013 Loris S. Musumeci Une rubrique partenaire de Cin\u00e9revue, l\u2019\u00e9mission\u00a0cin\u00e9matographique de NeuchVox. Prochain direct : lundi&#8230;<\/p>","protected":false},"author":18,"featured_media":10348,"comment_status":"open","ping_status":"open","sticky":false,"template":"","format":"standard","meta":{"_acf_changed":false,"footnotes":""},"categories":[644355829],"tags":[119951,48028,410438,204170,310507,584997599,307118,535035,584997600,58308364,1149527,2337222,439632780,61091,675690,686,19991,457599,568929,584997598,274561,2957063,584997597,250973,1639715,3232,146064,49203,4454,267811,225265],"class_list":["post-10324","post","type-post","status-publish","format-standard","has-post-thumbnail","hentry","category-films","tag-allies","tag-angleterre","tag-angoisse","tag-axe","tag-bateau","tag-capitaine-winnant","tag-christopher-nolan","tag-cillian-murphy","tag-commandant-bolton","tag-dominique-lormier","tag-dunkerque","tag-dunkirk","tag-fionn-whitehead","tag-guerre","tag-hans-zimmer","tag-image","tag-inception","tag-kenneth-branagh","tag-lair","tag-la-bataille-de-dunkerque","tag-la-mer","tag-le-mole","tag-monsieur-dawson","tag-patriotisme","tag-seconde-guerre-mondiale","tag-silence","tag-soldat","tag-solidarite","tag-sons","tag-the-dark-knight","tag-visage"],"acf":[],"yoast_head":"<!-- This site is optimized with the Yoast SEO Premium plugin v27.4 (Yoast SEO v27.4) - https:\/\/yoast.com\/product\/yoast-seo-premium-wordpress\/ -->\n<title>\u00abDunkerque\u00bb et les visages de la guerre<\/title>\n<meta name=\"robots\" content=\"index, follow, max-snippet:-1, max-image-preview:large, max-video-preview:-1\" \/>\n<link rel=\"canonical\" href=\"https:\/\/leregardlibre.com\/en\/cinema\/films\/dunkerque-et-les-visages-de-la-guerre\/\" \/>\n<meta property=\"og:locale\" content=\"en_US\" \/>\n<meta property=\"og:type\" content=\"article\" \/>\n<meta property=\"og:title\" content=\"\u00abDunkerque\u00bb et les visages de la guerre\" \/>\n<meta property=\"og:description\" content=\"Les mercredis du cin\u00e9ma \u2013 Loris S. Musumeci Une rubrique partenaire de Cin\u00e9revue, l\u2019\u00e9mission\u00a0cin\u00e9matographique de NeuchVox. Prochain direct : lundi...\" \/>\n<meta property=\"og:url\" content=\"https:\/\/leregardlibre.com\/en\/cinema\/films\/dunkerque-et-les-visages-de-la-guerre\/\" \/>\n<meta property=\"og:site_name\" content=\"Le Regard Libre\" \/>\n<meta property=\"article:publisher\" content=\"https:\/\/www.facebook.com\/leregardlibre\/\" \/>\n<meta property=\"article:published_time\" content=\"2017-07-26T16:53:38+00:00\" \/>\n<meta property=\"article:modified_time\" content=\"2025-12-04T22:01:48+00:00\" \/>\n<meta property=\"og:image\" content=\"https:\/\/leregardlibre.com\/wp-content\/uploads\/2017\/07\/b9711931131z-1_20170505185402_000gsp90qkpv-1-0.jpg\" \/>\n\t<meta property=\"og:image:width\" content=\"1350\" \/>\n\t<meta property=\"og:image:height\" content=\"759\" \/>\n\t<meta property=\"og:image:type\" content=\"image\/jpeg\" \/>\n<meta name=\"author\" content=\"Loris S. Musumeci\" \/>\n<meta name=\"twitter:card\" content=\"summary_large_image\" \/>\n<meta name=\"twitter:creator\" content=\"@LeRegardLibre\" \/>\n<meta name=\"twitter:site\" content=\"@LeRegardLibre\" \/>\n<meta name=\"twitter:label1\" content=\"Written by\" \/>\n\t<meta name=\"twitter:data1\" content=\"Loris S. Musumeci\" \/>\n\t<meta name=\"twitter:label2\" content=\"Est. reading time\" \/>\n\t<meta name=\"twitter:data2\" content=\"6 minutes\" \/>\n<script type=\"application\/ld+json\" class=\"yoast-schema-graph\">{\"@context\":\"https:\\\/\\\/schema.org\",\"@graph\":[{\"@type\":\"Article\",\"@id\":\"https:\\\/\\\/leregardlibre.com\\\/cinema\\\/films\\\/dunkerque-et-les-visages-de-la-guerre\\\/#article\",\"isPartOf\":{\"@id\":\"https:\\\/\\\/leregardlibre.com\\\/cinema\\\/films\\\/dunkerque-et-les-visages-de-la-guerre\\\/\"},\"author\":{\"name\":\"Loris S. Musumeci\",\"@id\":\"https:\\\/\\\/leregardlibre.com\\\/#\\\/schema\\\/person\\\/04d80ec47094bca6b1fa22dffad24005\"},\"headline\":\"\u00abDunkerque\u00bb et les visages de la guerre\",\"datePublished\":\"2017-07-26T16:53:38+00:00\",\"dateModified\":\"2025-12-04T22:01:48+00:00\",\"mainEntityOfPage\":{\"@id\":\"https:\\\/\\\/leregardlibre.com\\\/cinema\\\/films\\\/dunkerque-et-les-visages-de-la-guerre\\\/\"},\"wordCount\":1244,\"commentCount\":0,\"publisher\":{\"@id\":\"https:\\\/\\\/leregardlibre.com\\\/#organization\"},\"image\":{\"@id\":\"https:\\\/\\\/leregardlibre.com\\\/cinema\\\/films\\\/dunkerque-et-les-visages-de-la-guerre\\\/#primaryimage\"},\"thumbnailUrl\":\"https:\\\/\\\/leregardlibre.com\\\/wp-content\\\/uploads\\\/2017\\\/07\\\/b9711931131z-1_20170505185402_000gsp90qkpv-1-0.jpg\",\"keywords\":[\"alli\u00e9s\",\"Angleterre\",\"angoisse\",\"axe\",\"B\u00e2teau\",\"capitaine winnant\",\"Christopher Nolan\",\"cillian murphy\",\"commandant bolton\",\"dominique lormier\",\"dunkerque\",\"dunkirk\",\"Fionn Whitehead\",\"Guerre\",\"hans zimmer\",\"image\",\"inception\",\"kenneth branagh\",\"l'air\",\"la bataille de dunkerque\",\"la mer\",\"le m\u00f4le\",\"Monsieur Dawson\",\"patriotisme\",\"Seconde Guerre mondiale\",\"Silence\",\"soldat\",\"solidarit\u00e9\",\"sons\",\"the dark knight\",\"visage\"],\"articleSection\":[\"Films\"],\"inLanguage\":\"en-US\",\"potentialAction\":[{\"@type\":\"CommentAction\",\"name\":\"Comment\",\"target\":[\"https:\\\/\\\/leregardlibre.com\\\/cinema\\\/films\\\/dunkerque-et-les-visages-de-la-guerre\\\/#respond\"]}]},{\"@type\":\"WebPage\",\"@id\":\"https:\\\/\\\/leregardlibre.com\\\/cinema\\\/films\\\/dunkerque-et-les-visages-de-la-guerre\\\/\",\"url\":\"https:\\\/\\\/leregardlibre.com\\\/cinema\\\/films\\\/dunkerque-et-les-visages-de-la-guerre\\\/\",\"name\":\"\u00abDunkerque\u00bb et les visages de la guerre\",\"isPartOf\":{\"@id\":\"https:\\\/\\\/leregardlibre.com\\\/#website\"},\"primaryImageOfPage\":{\"@id\":\"https:\\\/\\\/leregardlibre.com\\\/cinema\\\/films\\\/dunkerque-et-les-visages-de-la-guerre\\\/#primaryimage\"},\"image\":{\"@id\":\"https:\\\/\\\/leregardlibre.com\\\/cinema\\\/films\\\/dunkerque-et-les-visages-de-la-guerre\\\/#primaryimage\"},\"thumbnailUrl\":\"https:\\\/\\\/leregardlibre.com\\\/wp-content\\\/uploads\\\/2017\\\/07\\\/b9711931131z-1_20170505185402_000gsp90qkpv-1-0.jpg\",\"datePublished\":\"2017-07-26T16:53:38+00:00\",\"dateModified\":\"2025-12-04T22:01:48+00:00\",\"breadcrumb\":{\"@id\":\"https:\\\/\\\/leregardlibre.com\\\/cinema\\\/films\\\/dunkerque-et-les-visages-de-la-guerre\\\/#breadcrumb\"},\"inLanguage\":\"en-US\",\"potentialAction\":[{\"@type\":\"ReadAction\",\"target\":[\"https:\\\/\\\/leregardlibre.com\\\/cinema\\\/films\\\/dunkerque-et-les-visages-de-la-guerre\\\/\"]}]},{\"@type\":\"ImageObject\",\"inLanguage\":\"en-US\",\"@id\":\"https:\\\/\\\/leregardlibre.com\\\/cinema\\\/films\\\/dunkerque-et-les-visages-de-la-guerre\\\/#primaryimage\",\"url\":\"https:\\\/\\\/leregardlibre.com\\\/wp-content\\\/uploads\\\/2017\\\/07\\\/b9711931131z-1_20170505185402_000gsp90qkpv-1-0.jpg\",\"contentUrl\":\"https:\\\/\\\/leregardlibre.com\\\/wp-content\\\/uploads\\\/2017\\\/07\\\/b9711931131z-1_20170505185402_000gsp90qkpv-1-0.jpg\",\"width\":1350,\"height\":759},{\"@type\":\"BreadcrumbList\",\"@id\":\"https:\\\/\\\/leregardlibre.com\\\/cinema\\\/films\\\/dunkerque-et-les-visages-de-la-guerre\\\/#breadcrumb\",\"itemListElement\":[{\"@type\":\"ListItem\",\"position\":1,\"name\":\"Accueil\",\"item\":\"https:\\\/\\\/leregardlibre.com\\\/\"},{\"@type\":\"ListItem\",\"position\":2,\"name\":\"\u00abDunkerque\u00bb et les visages de la guerre\"}]},{\"@type\":\"WebSite\",\"@id\":\"https:\\\/\\\/leregardlibre.com\\\/#website\",\"url\":\"https:\\\/\\\/leregardlibre.com\\\/\",\"name\":\"Le Regard Libre\",\"description\":\"Premier mensuel suisse de d\u00e9bat\",\"publisher\":{\"@id\":\"https:\\\/\\\/leregardlibre.com\\\/#organization\"},\"potentialAction\":[{\"@type\":\"SearchAction\",\"target\":{\"@type\":\"EntryPoint\",\"urlTemplate\":\"https:\\\/\\\/leregardlibre.com\\\/?s={search_term_string}\"},\"query-input\":{\"@type\":\"PropertyValueSpecification\",\"valueRequired\":true,\"valueName\":\"search_term_string\"}}],\"inLanguage\":\"en-US\"},{\"@type\":\"Organization\",\"@id\":\"https:\\\/\\\/leregardlibre.com\\\/#organization\",\"name\":\"Le Regard Libre\",\"url\":\"https:\\\/\\\/leregardlibre.com\\\/\",\"logo\":{\"@type\":\"ImageObject\",\"inLanguage\":\"en-US\",\"@id\":\"https:\\\/\\\/leregardlibre.com\\\/#\\\/schema\\\/logo\\\/image\\\/\",\"url\":\"https:\\\/\\\/leregardlibre.com\\\/wp-content\\\/uploads\\\/2025\\\/08\\\/logo-rl-icone-neg.jpeg\",\"contentUrl\":\"https:\\\/\\\/leregardlibre.com\\\/wp-content\\\/uploads\\\/2025\\\/08\\\/logo-rl-icone-neg.jpeg\",\"width\":557,\"height\":556,\"caption\":\"Le Regard Libre\"},\"image\":{\"@id\":\"https:\\\/\\\/leregardlibre.com\\\/#\\\/schema\\\/logo\\\/image\\\/\"},\"sameAs\":[\"https:\\\/\\\/www.facebook.com\\\/leregardlibre\\\/\",\"https:\\\/\\\/x.com\\\/LeRegardLibre\",\"https:\\\/\\\/www.linkedin.com\\\/company\\\/le-regard-libre\",\"https:\\\/\\\/www.instagram.com\\\/leregardlibre\\\/\",\"http:\\\/\\\/t.me\\\/leregardlibre\",\"https:\\\/\\\/youtube.com\\\/channel\\\/UC6HzGPomj1LsUmlz-sJtITQ\"],\"description\":\"Le Regard Libre est un mensuel suisse de d\u00e9bat intellectuel et culturel. Sa r\u00e9daction est jeune, b\u00e9n\u00e9vole, lib\u00e9rale et pluraliste. Le magazine para\u00eet en ligne et sous forme papier. Sa langue est le fran\u00e7ais.\",\"email\":\"redaction@leregardlibre.com\",\"legalName\":\"Le Regard Libre\",\"foundingDate\":\"2014-01-01\",\"numberOfEmployees\":{\"@type\":\"QuantitativeValue\",\"minValue\":\"11\",\"maxValue\":\"50\"},\"publishingPrinciples\":\"https:\\\/\\\/leregardlibre.com\\\/a-propos\\\/notre-manifeste\\\/\",\"ownershipFundingInfo\":\"https:\\\/\\\/leregardlibre.com\\\/mentions-legales\\\/\",\"actionableFeedbackPolicy\":\"https:\\\/\\\/leregardlibre.com\\\/conditions-generales-de-vente\\\/\"},{\"@type\":\"Person\",\"@id\":\"https:\\\/\\\/leregardlibre.com\\\/#\\\/schema\\\/person\\\/04d80ec47094bca6b1fa22dffad24005\",\"name\":\"Loris S. Musumeci\",\"image\":{\"@type\":\"ImageObject\",\"inLanguage\":\"en-US\",\"@id\":\"https:\\\/\\\/secure.gravatar.com\\\/avatar\\\/fa476654dadfee0d962e80160d0303549febb2769f8fa26c7a1ebe037f7c7c54?s=96&d=identicon&r=g\",\"url\":\"https:\\\/\\\/secure.gravatar.com\\\/avatar\\\/fa476654dadfee0d962e80160d0303549febb2769f8fa26c7a1ebe037f7c7c54?s=96&d=identicon&r=g\",\"contentUrl\":\"https:\\\/\\\/secure.gravatar.com\\\/avatar\\\/fa476654dadfee0d962e80160d0303549febb2769f8fa26c7a1ebe037f7c7c54?s=96&d=identicon&r=g\",\"caption\":\"Loris S. Musumeci\"},\"sameAs\":[\"https:\\\/\\\/leregardlibre.com\\\/\",\"https:\\\/\\\/fr.wikipedia.org\\\/wiki\\\/Le_Regard_libre\"],\"url\":\"https:\\\/\\\/leregardlibre.com\\\/en\\\/author\\\/loris-musumeci\\\/\"}]}<\/script>\n<!-- \/ Yoast SEO Premium plugin. -->","yoast_head_json":{"title":"\u00abDunkirk\u00bb and the faces of war","robots":{"index":"index","follow":"follow","max-snippet":"max-snippet:-1","max-image-preview":"max-image-preview:large","max-video-preview":"max-video-preview:-1"},"canonical":"https:\/\/leregardlibre.com\/en\/cinema\/films\/dunkerque-et-les-visages-de-la-guerre\/","og_locale":"en_US","og_type":"article","og_title":"\u00abDunkerque\u00bb et les visages de la guerre","og_description":"Les mercredis du cin\u00e9ma \u2013 Loris S. Musumeci Une rubrique partenaire de Cin\u00e9revue, l\u2019\u00e9mission\u00a0cin\u00e9matographique de NeuchVox. Prochain direct : lundi...","og_url":"https:\/\/leregardlibre.com\/en\/cinema\/films\/dunkerque-et-les-visages-de-la-guerre\/","og_site_name":"Le Regard Libre","article_publisher":"https:\/\/www.facebook.com\/leregardlibre\/","article_published_time":"2017-07-26T16:53:38+00:00","article_modified_time":"2025-12-04T22:01:48+00:00","og_image":[{"width":1350,"height":759,"url":"https:\/\/leregardlibre.com\/wp-content\/uploads\/2017\/07\/b9711931131z-1_20170505185402_000gsp90qkpv-1-0.jpg","type":"image\/jpeg"}],"author":"Loris S. Musumeci","twitter_card":"summary_large_image","twitter_creator":"@LeRegardLibre","twitter_site":"@LeRegardLibre","twitter_misc":{"Written by":"Loris S. Musumeci","Est. reading time":"6 minutes"},"schema":{"@context":"https:\/\/schema.org","@graph":[{"@type":"Article","@id":"https:\/\/leregardlibre.com\/cinema\/films\/dunkerque-et-les-visages-de-la-guerre\/#article","isPartOf":{"@id":"https:\/\/leregardlibre.com\/cinema\/films\/dunkerque-et-les-visages-de-la-guerre\/"},"author":{"name":"Loris S. Musumeci","@id":"https:\/\/leregardlibre.com\/#\/schema\/person\/04d80ec47094bca6b1fa22dffad24005"},"headline":"\u00abDunkerque\u00bb et les visages de la guerre","datePublished":"2017-07-26T16:53:38+00:00","dateModified":"2025-12-04T22:01:48+00:00","mainEntityOfPage":{"@id":"https:\/\/leregardlibre.com\/cinema\/films\/dunkerque-et-les-visages-de-la-guerre\/"},"wordCount":1244,"commentCount":0,"publisher":{"@id":"https:\/\/leregardlibre.com\/#organization"},"image":{"@id":"https:\/\/leregardlibre.com\/cinema\/films\/dunkerque-et-les-visages-de-la-guerre\/#primaryimage"},"thumbnailUrl":"https:\/\/leregardlibre.com\/wp-content\/uploads\/2017\/07\/b9711931131z-1_20170505185402_000gsp90qkpv-1-0.jpg","keywords":["alli\u00e9s","Angleterre","angoisse","axe","B\u00e2teau","capitaine winnant","Christopher Nolan","cillian murphy","commandant bolton","dominique lormier","dunkerque","dunkirk","Fionn Whitehead","Guerre","hans zimmer","image","inception","kenneth branagh","l'air","la bataille de dunkerque","la mer","le m\u00f4le","Monsieur Dawson","patriotisme","Seconde Guerre mondiale","Silence","soldat","solidarit\u00e9","sons","the dark knight","visage"],"articleSection":["Films"],"inLanguage":"en-US","potentialAction":[{"@type":"CommentAction","name":"Comment","target":["https:\/\/leregardlibre.com\/cinema\/films\/dunkerque-et-les-visages-de-la-guerre\/#respond"]}]},{"@type":"WebPage","@id":"https:\/\/leregardlibre.com\/cinema\/films\/dunkerque-et-les-visages-de-la-guerre\/","url":"https:\/\/leregardlibre.com\/cinema\/films\/dunkerque-et-les-visages-de-la-guerre\/","name":"\u00abDunkirk\u00bb and the faces of war","isPartOf":{"@id":"https:\/\/leregardlibre.com\/#website"},"primaryImageOfPage":{"@id":"https:\/\/leregardlibre.com\/cinema\/films\/dunkerque-et-les-visages-de-la-guerre\/#primaryimage"},"image":{"@id":"https:\/\/leregardlibre.com\/cinema\/films\/dunkerque-et-les-visages-de-la-guerre\/#primaryimage"},"thumbnailUrl":"https:\/\/leregardlibre.com\/wp-content\/uploads\/2017\/07\/b9711931131z-1_20170505185402_000gsp90qkpv-1-0.jpg","datePublished":"2017-07-26T16:53:38+00:00","dateModified":"2025-12-04T22:01:48+00:00","breadcrumb":{"@id":"https:\/\/leregardlibre.com\/cinema\/films\/dunkerque-et-les-visages-de-la-guerre\/#breadcrumb"},"inLanguage":"en-US","potentialAction":[{"@type":"ReadAction","target":["https:\/\/leregardlibre.com\/cinema\/films\/dunkerque-et-les-visages-de-la-guerre\/"]}]},{"@type":"ImageObject","inLanguage":"en-US","@id":"https:\/\/leregardlibre.com\/cinema\/films\/dunkerque-et-les-visages-de-la-guerre\/#primaryimage","url":"https:\/\/leregardlibre.com\/wp-content\/uploads\/2017\/07\/b9711931131z-1_20170505185402_000gsp90qkpv-1-0.jpg","contentUrl":"https:\/\/leregardlibre.com\/wp-content\/uploads\/2017\/07\/b9711931131z-1_20170505185402_000gsp90qkpv-1-0.jpg","width":1350,"height":759},{"@type":"BreadcrumbList","@id":"https:\/\/leregardlibre.com\/cinema\/films\/dunkerque-et-les-visages-de-la-guerre\/#breadcrumb","itemListElement":[{"@type":"ListItem","position":1,"name":"Accueil","item":"https:\/\/leregardlibre.com\/"},{"@type":"ListItem","position":2,"name":"\u00abDunkerque\u00bb et les visages de la guerre"}]},{"@type":"WebSite","@id":"https:\/\/leregardlibre.com\/#website","url":"https:\/\/leregardlibre.com\/","name":"Le Regard Libre","description":"Switzerland's first monthly debate magazine","publisher":{"@id":"https:\/\/leregardlibre.com\/#organization"},"potentialAction":[{"@type":"SearchAction","target":{"@type":"EntryPoint","urlTemplate":"https:\/\/leregardlibre.com\/?s={search_term_string}"},"query-input":{"@type":"PropertyValueSpecification","valueRequired":true,"valueName":"search_term_string"}}],"inLanguage":"en-US"},{"@type":"Organization","@id":"https:\/\/leregardlibre.com\/#organization","name":"Le Regard Libre","url":"https:\/\/leregardlibre.com\/","logo":{"@type":"ImageObject","inLanguage":"en-US","@id":"https:\/\/leregardlibre.com\/#\/schema\/logo\/image\/","url":"https:\/\/leregardlibre.com\/wp-content\/uploads\/2025\/08\/logo-rl-icone-neg.jpeg","contentUrl":"https:\/\/leregardlibre.com\/wp-content\/uploads\/2025\/08\/logo-rl-icone-neg.jpeg","width":557,"height":556,"caption":"Le Regard Libre"},"image":{"@id":"https:\/\/leregardlibre.com\/#\/schema\/logo\/image\/"},"sameAs":["https:\/\/www.facebook.com\/leregardlibre\/","https:\/\/x.com\/LeRegardLibre","https:\/\/www.linkedin.com\/company\/le-regard-libre","https:\/\/www.instagram.com\/leregardlibre\/","http:\/\/t.me\/leregardlibre","https:\/\/youtube.com\/channel\/UC6HzGPomj1LsUmlz-sJtITQ"],"description":"Le Regard Libre is a Swiss monthly magazine for intellectual and cultural debate. Its editorial team is young, voluntary, liberal and pluralist. The magazine appears online and in print. Its language is French.","email":"redaction@leregardlibre.com","legalName":"Le Regard Libre","foundingDate":"2014-01-01","numberOfEmployees":{"@type":"QuantitativeValue","minValue":"11","maxValue":"50"},"publishingPrinciples":"https:\/\/leregardlibre.com\/a-propos\/notre-manifeste\/","ownershipFundingInfo":"https:\/\/leregardlibre.com\/mentions-legales\/","actionableFeedbackPolicy":"https:\/\/leregardlibre.com\/conditions-generales-de-vente\/"},{"@type":"Person","@id":"https:\/\/leregardlibre.com\/#\/schema\/person\/04d80ec47094bca6b1fa22dffad24005","name":"Loris S. Musumeci","image":{"@type":"ImageObject","inLanguage":"en-US","@id":"https:\/\/secure.gravatar.com\/avatar\/fa476654dadfee0d962e80160d0303549febb2769f8fa26c7a1ebe037f7c7c54?s=96&d=identicon&r=g","url":"https:\/\/secure.gravatar.com\/avatar\/fa476654dadfee0d962e80160d0303549febb2769f8fa26c7a1ebe037f7c7c54?s=96&d=identicon&r=g","contentUrl":"https:\/\/secure.gravatar.com\/avatar\/fa476654dadfee0d962e80160d0303549febb2769f8fa26c7a1ebe037f7c7c54?s=96&d=identicon&r=g","caption":"Loris S. Musumeci"},"sameAs":["https:\/\/leregardlibre.com\/","https:\/\/fr.wikipedia.org\/wiki\/Le_Regard_libre"],"url":"https:\/\/leregardlibre.com\/en\/author\/loris-musumeci\/"}]}},"_links":{"self":[{"href":"https:\/\/leregardlibre.com\/en\/wp-json\/wp\/v2\/posts\/10324","targetHints":{"allow":["GET"]}}],"collection":[{"href":"https:\/\/leregardlibre.com\/en\/wp-json\/wp\/v2\/posts"}],"about":[{"href":"https:\/\/leregardlibre.com\/en\/wp-json\/wp\/v2\/types\/post"}],"author":[{"embeddable":true,"href":"https:\/\/leregardlibre.com\/en\/wp-json\/wp\/v2\/users\/18"}],"replies":[{"embeddable":true,"href":"https:\/\/leregardlibre.com\/en\/wp-json\/wp\/v2\/comments?post=10324"}],"version-history":[{"count":2,"href":"https:\/\/leregardlibre.com\/en\/wp-json\/wp\/v2\/posts\/10324\/revisions"}],"predecessor-version":[{"id":512534,"href":"https:\/\/leregardlibre.com\/en\/wp-json\/wp\/v2\/posts\/10324\/revisions\/512534"}],"wp:featuredmedia":[{"embeddable":true,"href":"https:\/\/leregardlibre.com\/en\/wp-json\/wp\/v2\/media\/10348"}],"wp:attachment":[{"href":"https:\/\/leregardlibre.com\/en\/wp-json\/wp\/v2\/media?parent=10324"}],"wp:term":[{"taxonomy":"category","embeddable":true,"href":"https:\/\/leregardlibre.com\/en\/wp-json\/wp\/v2\/categories?post=10324"},{"taxonomy":"post_tag","embeddable":true,"href":"https:\/\/leregardlibre.com\/en\/wp-json\/wp\/v2\/tags?post=10324"}],"curies":[{"name":"wp","href":"https:\/\/api.w.org\/{rel}","templated":true}]}}