{"id":10357,"date":"2017-07-31T12:45:53","date_gmt":"2017-07-31T10:45:53","guid":{"rendered":"http:\/\/leregardlibre.com\/?p=10357"},"modified":"2023-06-28T12:06:51","modified_gmt":"2023-06-28T10:06:51","slug":"meeting-with-elisa-shua-dusapin-a-metissee-revelation-of-french-literature","status":"publish","type":"post","link":"https:\/\/leregardlibre.com\/en\/literature\/meeting-with-elisa-shua-dusapin-a-metissee-revelation-of-french-literature\/","title":{"rendered":"Meeting with Elisa Shua Dusapin, a mixed-race revelation in French-language literature"},"content":{"rendered":"<p class=\"has-drop-cap\"><em>As well as being young and charming, Elisa Shua Dusapin is emerging on the French-language literary scene as a spellbinding revelation, for her delicate pen and her sense of m\u00e9tissage. With a Korean mother and French father, the writer grew up on the border between these two cultures. This gave a multicultural tone to her first novel, <\/em>Winter in Sokcho<em> (2016). It tells the story of a meeting between an unnamed French-Korean narrator and Kerrand, a comic book artist from Normandy. She works in a seedy boarding house to finance her studies; he becomes her host in search of inspiration. A bond of anguish and sensuality, weariness and modesty is forged between these two people, whom everything seems to separate. This simple, hard-hitting work is a real success, and has recently won numerous awards.<\/em><\/p>\n\n\n\n<!--more-->\n\n\n\n<p><b><em>Le Regard Libre<\/em>Your family origins are not unrelated to the novel. What kind of happy mix are you?<\/b><\/p>\n\n\n\n<p>Elisa S. Dusapin: From the outset, I consider it fundamental to establish that\u2019<em>Winter in Sokcho<\/em> is not an autobiography. The only thing the narrator and I have in common is our Franco-Korean origins. My mother is Korean and my father French. I was born in France, but most of my life was spent here, in Porrentruy. My protagonist, on the other hand, was born in Korea and knows France only through literature.<\/p>\n\n\n\n<p><b>How did you come to write this book?<\/b><\/p>\n\n\n\n<p>It all started in high school. More than just a desire to write, I felt the need to do so. I needed to talk about my relationship with mixed race and multiculturalism. Intimidated, however, by the weight of my literary masters, I didn't dare set to work. The trigger came when I had to choose a subject for my mature thesis. It was now or never to write, for the simple reason that there would be a deadline to meet and the judgment of teachers to guide me. And then, revelation. I knew from that moment on how important writing would be in my life. What's more, I had the real good fortune to hear about the Swiss Literary Institute in Biel just a day before I was due to submit my work. Without giving it much thought, I signed up.<\/p>\n\n\n\n<p><b>What have you learned from the Literary Institute?<\/b><\/p>\n\n\n\n<p>Mainly, the professional relationship with writing. In the solitude it implies, in its rigor. Writing isn't just about putting your emotions down on paper. It's an authentic craft.<\/p>\n\n\n\n<p><b>A craft?<\/b><\/p>\n\n\n\n<p>Yes, absolutely. Such a consideration desacralizes writing. At school, we tend to place literature so high that it seems inaccessible. There are certainly Rimbauds and Baudelaires whom everyone admires, but the work of a novelist today, as in the past, consists in writing, deleting, reading, rereading, criticizing, removing entire passages and adding new ones. And exchanging ideas with other writers.<\/p>\n\n\n\n<p><b>No\u00eblle Revaz, in particular.<\/b><\/p>\n\n\n\n<p>In this case, since she was my mentor at the Literary Institute. But also with my fellow students. After all, it's not with everyone that you can discuss the problems encountered in a text in progress. Their opinion is very important, if not essential.<\/p>\n\n\n\n<p><b>Your entire novel is set in Sokcho. Why did you choose this seaside town in South Korea?<\/b><\/p>\n\n\n\n<p>To tell the truth, I had originally set the story in Pusan, the country's second-largest city and a major international fishing port. Above all, I wanted the sea to be present in my story. As the writing progressed, I realized that I wasn't at ease with Pusan, even though I know it well. Intimately, I didn't feel close to the place. Then I remembered another place: Sokcho. I was there by chance with my family in 2011. It's not a beautiful town, but it did resonate with me. In its nostalgia, in its heartbreak, since it's forty kilometers from North Korea. Its inhabitants are constantly waiting for the serenity of summer, with its more livable climate and tourists. And even in high season, the seaside resort still suffers from the presence of the military and barbed wire. It's strange, because joy and life coexist with the omnipresence of death. With its alternating emptiness and overflow, and its scarred geographical location, Sokcho is an extension of the narrator.<\/p>\n\n\n\n<p><b>In a dialogue between the narrator and Kerrand, you write: \u00abMy Normandy is no longer Maupassant's Normandy. - Maybe it isn't. But it's like Sokcho.\u00bb What is the deep connection between Sokcho and Normandy?<\/b><\/p>\n\n\n\n<p>The only link I really wanted to show between these two lands was the fantasy of difference. The girl in the novel has never been to France. But Maupassant gives her an idea of Normandy. Kerrand, on the other hand, seems to be alone under Sokcho's spell.<\/p>\n\n\n\n<p><b>With a detour into history, the narrator tells us about the Korean War: \u00abYour beaches, the war has passed over them, they bear the scars, but life goes on. The beaches here are waiting for the end of a war that's been going on for so long that we end up believing it's over, so we build hotels and put up garlands, but it's all a lie [...]\u00bb. What is false?<\/b><\/p>\n\n\n\n<p>As the author, I'm making no personal judgement here. What's wrong is in the character's eyes. She's perpetually frustrated by living in this city of Sokcho, when she'd love to leave, if only to stay close to her mother. What's more, she must be overwhelmed with jealousy of the tourists who come during the summer boom, only to leave again, leaving a nostalgic void. They know only the make-up of the place, its tinsel and pomp. The illusion of a war over, of happiness regained. My grandparents themselves, who lived through the country's tearing apart, are still hoping for a reunification of the two Koreas.<\/p>\n\n\n\n<p><b>You speak of frustration and jealousy; isn't it in fact a tragedy that takes shape through the intimate history of each of the characters, from the narrator to her boyfriend, to her mother and Kerrand?<\/b><\/p>\n\n\n\n<p>There's certainly tragedy in all these characters. But beyond the tragedy, I would emphasize the state of affairs. A fatality revealing a reality against which we can do nothing. For the narrator, this is true of her relationship with her body. She doesn't feel good about it, and would like to change it, while rebelling against the dictates of appearance. Nevertheless, I tried to avoid tackling this theme head-on, so as not to fall into clich\u00e9 or pathos. I absolutely wanted to avoid the two pitfalls of a flat romance or a psychologizing drama. At the same time, the ambient tragedy and nostalgia of\u2019<em>Winter in Sokcho<\/em> are very representative of the Korean people. A bit like the Portuguese, whose emblematic song is the Fado. It's been said that Koreans are the Latins of the Far East; they express sadness through the beauty of art. In folk songs and tales, there's always the idea of the occupation and cultural hegemony of Mongolia, China or Japan. In reality, I think it's a feeling of confinement that's being expressed.<\/p>\n\n\n\n<p><b>Isn't it the paradox of people living by the ocean that they feel enclosed?<\/b><\/p>\n\n\n\n<p>The sea and the ocean represent birth, life and absence, the distant at once. Looking at the sea is ultimately looking at a line. So how do we relate to the coastline? What does it inspire in us? A barrier, freedom? That's the paradox of beaches.<\/p>\n\n\n\n<p><b>In other interviews, you've been systematically asked about the place given to food in this novel. Let's talk about alcohol this time, which is also very present. Does it help facilitate the relationship between the narrator and Kerrand, or does it block it?<\/b><\/p>\n\n\n\n<p>Koreans drink a lot, it's a cultural thing. As for the narrator, she finds her spirit of control altered by alcohol. She, who usually wants to control everything, doesn't let go of anything. In any case, whether or not drinking really relaxes the relationship between the two, it certainly brings her a discreet sensuality.<\/p>\n\n\n\n<p><b>Basically, what's blocking the relationship between your main protagonist and Kerrand?<\/b><\/p>\n\n\n\n<p>It's so hard to really meet someone. That's the case in general, but even more so when there's a cultural barrier between people. Differences in language, gender and so on make it difficult to make contact. Kerrand and the narrator stand at these boundaries, although they also have things in common, including loneliness. Perhaps they understand each other in their loneliness. Dealing with this similarity between the two allowed me to ask myself the question of the status of an author, who lives terribly alone, facing his paper, to write a text without knowing its destiny. Like Kerrand, I ask myself why I write. What is this will or need?<\/p>\n\n\n\n<p><b>The unease of both gives rise to a sensual desire to be embalmed with modesty. But why not cross the line into eroticism?<\/b><\/p>\n\n\n\n<p>It was the characters who forced me to maintain constant modesty. In the first drafts of the novel, there were many more scenes of nudity or direct eroticism, especially through the description of Kerrand's drawings. I cut most of these passages because I didn't want Kerrand to be seen as an erotic comic book writer. I had to say as little as possible about sensuality to give the reader greater freedom of imagination. I also wanted to avoid the easy way out of sex, which is certainly pleasurable but doesn't add much to the story. What's more, given the coldness of both of them, there's much more eroticism in the touch of a hand than in any other kind of touching.<\/p>\n\n\n\n<p><b>Finally, what are your literary projects? Will they remain in Korea?<\/b><\/p>\n\n\n\n<p>At the moment, I'm working on two parallel projects: a second novel, which is already well advanced, and a musical theater for young audiences based on Debussy. I can tell you that, in the novel, Korea will indeed be present, and there will be links with Japan and Switzerland. Overall, I'll be taking up the idea of the national symbol, with its reappropriation and reinterpretation on the other side of the world. The relationship with language will also play an important role. But I won't tell you any more, to leave you with a bit of a surprise.<\/p>","protected":false},"excerpt":{"rendered":"<p>En plus d\u2019\u00eatre jeune et charmante, Elisa Shua Dusapin appara\u00eet sur la sc\u00e8ne des lettres romandes comme une r\u00e9v\u00e9lation envo\u00fbtante,&#8230;<\/p>","protected":false},"author":18,"featured_media":509431,"comment_status":"open","ping_status":"open","sticky":false,"template":"","format":"standard","meta":{"_acf_changed":false,"footnotes":""},"categories":[20663],"tags":[443770,2385984,36722,412552,120342,506484651,61091,107596,585454746,11788,1532851,193275253,671541,24947510,265825,56942,81519,38542,314241,2486787],"class_list":["post-10357","post","type-post","status-publish","format-standard","has-post-thumbnail","hentry","category-litterature","tag-autobiographie","tag-bienne","tag-coree","tag-coree-du-nord","tag-coree-du-sud","tag-elisa-shua-dusapin","tag-guerre","tag-hiver","tag-institut-litteraire-suisse","tag-interviews","tag-litterature-francophone","tag-litterature-romande","tag-melancolie","tag-noelle-revaz","tag-normandie","tag-nostalgie","tag-ocean","tag-roman","tag-sensualite","tag-tragique"],"acf":[],"yoast_head":"<!-- This site is optimized with the Yoast SEO Premium plugin v27.4 (Yoast SEO v27.4) - https:\/\/yoast.com\/product\/yoast-seo-premium-wordpress\/ -->\n<title>Rencontre avec Elisa Shua Dusapin, une r\u00e9v\u00e9lation m\u00e9tiss\u00e9e des lettres romandes<\/title>\n<meta name=\"robots\" content=\"index, follow, max-snippet:-1, max-image-preview:large, max-video-preview:-1\" \/>\n<link rel=\"canonical\" href=\"https:\/\/leregardlibre.com\/en\/literature\/meeting-with-elisa-shua-dusapin-a-metissee-revelation-of-french-literature\/\" \/>\n<meta property=\"og:locale\" content=\"en_US\" \/>\n<meta property=\"og:type\" content=\"article\" \/>\n<meta property=\"og:title\" content=\"Rencontre avec Elisa Shua Dusapin, une r\u00e9v\u00e9lation m\u00e9tiss\u00e9e des lettres romandes\" \/>\n<meta property=\"og:description\" content=\"En plus d\u2019\u00eatre jeune et charmante, Elisa Shua Dusapin appara\u00eet sur la sc\u00e8ne des lettres romandes comme une r\u00e9v\u00e9lation envo\u00fbtante,...\" \/>\n<meta property=\"og:url\" content=\"https:\/\/leregardlibre.com\/en\/literature\/meeting-with-elisa-shua-dusapin-a-metissee-revelation-of-french-literature\/\" \/>\n<meta property=\"og:site_name\" content=\"Le Regard Libre\" \/>\n<meta property=\"article:publisher\" content=\"https:\/\/www.facebook.com\/leregardlibre\/\" \/>\n<meta property=\"article:published_time\" content=\"2017-07-31T10:45:53+00:00\" \/>\n<meta property=\"article:modified_time\" content=\"2023-06-28T10:06:51+00:00\" \/>\n<meta property=\"og:image\" content=\"https:\/\/leregardlibre.com\/wp-content\/uploads\/2017\/07\/170613-rencontre-avec-elisa-dusapin29-1-1024x683.jpg\" \/>\n\t<meta property=\"og:image:width\" content=\"1024\" \/>\n\t<meta property=\"og:image:height\" content=\"683\" \/>\n\t<meta property=\"og:image:type\" content=\"image\/jpeg\" \/>\n<meta name=\"author\" content=\"Loris S. Musumeci\" \/>\n<meta name=\"twitter:card\" content=\"summary_large_image\" \/>\n<meta name=\"twitter:creator\" content=\"@LeRegardLibre\" \/>\n<meta name=\"twitter:site\" content=\"@LeRegardLibre\" \/>\n<meta name=\"twitter:label1\" content=\"Written by\" \/>\n\t<meta name=\"twitter:data1\" content=\"Loris S. Musumeci\" \/>\n\t<meta name=\"twitter:label2\" content=\"Est. reading time\" \/>\n\t<meta name=\"twitter:data2\" content=\"9 minutes\" \/>\n<script type=\"application\/ld+json\" class=\"yoast-schema-graph\">{\"@context\":\"https:\\\/\\\/schema.org\",\"@graph\":[{\"@type\":\"Article\",\"@id\":\"https:\\\/\\\/leregardlibre.com\\\/litterature\\\/rencontre-avec-elisa-shua-dusapin-une-revelation-metissee-des-lettres-romandes\\\/#article\",\"isPartOf\":{\"@id\":\"https:\\\/\\\/leregardlibre.com\\\/litterature\\\/rencontre-avec-elisa-shua-dusapin-une-revelation-metissee-des-lettres-romandes\\\/\"},\"author\":{\"name\":\"Loris S. Musumeci\",\"@id\":\"https:\\\/\\\/leregardlibre.com\\\/#\\\/schema\\\/person\\\/04d80ec47094bca6b1fa22dffad24005\"},\"headline\":\"Rencontre avec Elisa Shua Dusapin, une r\u00e9v\u00e9lation m\u00e9tiss\u00e9e des lettres romandes\",\"datePublished\":\"2017-07-31T10:45:53+00:00\",\"dateModified\":\"2023-06-28T10:06:51+00:00\",\"mainEntityOfPage\":{\"@id\":\"https:\\\/\\\/leregardlibre.com\\\/litterature\\\/rencontre-avec-elisa-shua-dusapin-une-revelation-metissee-des-lettres-romandes\\\/\"},\"wordCount\":2034,\"commentCount\":1,\"publisher\":{\"@id\":\"https:\\\/\\\/leregardlibre.com\\\/#organization\"},\"image\":{\"@id\":\"https:\\\/\\\/leregardlibre.com\\\/litterature\\\/rencontre-avec-elisa-shua-dusapin-une-revelation-metissee-des-lettres-romandes\\\/#primaryimage\"},\"thumbnailUrl\":\"https:\\\/\\\/leregardlibre.com\\\/wp-content\\\/uploads\\\/2017\\\/07\\\/170613-rencontre-avec-elisa-dusapin29-1.jpg\",\"keywords\":[\"Autobiographie\",\"Bienne\",\"Cor\u00e9e\",\"Cor\u00e9e du Nord\",\"Cor\u00e9e du Sud\",\"Elisa Shua Dusapin\",\"Guerre\",\"Hiver\",\"Institut litt\u00e9raire suisse\",\"Interview\",\"Litt\u00e9rature francophone\",\"Litt\u00e9rature romande\",\"M\u00e9lancolie\",\"No\u00eblle Revaz\",\"Normandie\",\"Nostalgie\",\"oc\u00e9an\",\"Roman\",\"Sensualit\u00e9\",\"Tragique\"],\"articleSection\":[\"Litt\u00e9rature\"],\"inLanguage\":\"en-US\",\"potentialAction\":[{\"@type\":\"CommentAction\",\"name\":\"Comment\",\"target\":[\"https:\\\/\\\/leregardlibre.com\\\/litterature\\\/rencontre-avec-elisa-shua-dusapin-une-revelation-metissee-des-lettres-romandes\\\/#respond\"]}]},{\"@type\":\"WebPage\",\"@id\":\"https:\\\/\\\/leregardlibre.com\\\/litterature\\\/rencontre-avec-elisa-shua-dusapin-une-revelation-metissee-des-lettres-romandes\\\/\",\"url\":\"https:\\\/\\\/leregardlibre.com\\\/litterature\\\/rencontre-avec-elisa-shua-dusapin-une-revelation-metissee-des-lettres-romandes\\\/\",\"name\":\"Rencontre avec Elisa Shua Dusapin, une r\u00e9v\u00e9lation m\u00e9tiss\u00e9e des lettres romandes\",\"isPartOf\":{\"@id\":\"https:\\\/\\\/leregardlibre.com\\\/#website\"},\"primaryImageOfPage\":{\"@id\":\"https:\\\/\\\/leregardlibre.com\\\/litterature\\\/rencontre-avec-elisa-shua-dusapin-une-revelation-metissee-des-lettres-romandes\\\/#primaryimage\"},\"image\":{\"@id\":\"https:\\\/\\\/leregardlibre.com\\\/litterature\\\/rencontre-avec-elisa-shua-dusapin-une-revelation-metissee-des-lettres-romandes\\\/#primaryimage\"},\"thumbnailUrl\":\"https:\\\/\\\/leregardlibre.com\\\/wp-content\\\/uploads\\\/2017\\\/07\\\/170613-rencontre-avec-elisa-dusapin29-1.jpg\",\"datePublished\":\"2017-07-31T10:45:53+00:00\",\"dateModified\":\"2023-06-28T10:06:51+00:00\",\"breadcrumb\":{\"@id\":\"https:\\\/\\\/leregardlibre.com\\\/litterature\\\/rencontre-avec-elisa-shua-dusapin-une-revelation-metissee-des-lettres-romandes\\\/#breadcrumb\"},\"inLanguage\":\"en-US\",\"potentialAction\":[{\"@type\":\"ReadAction\",\"target\":[\"https:\\\/\\\/leregardlibre.com\\\/litterature\\\/rencontre-avec-elisa-shua-dusapin-une-revelation-metissee-des-lettres-romandes\\\/\"]}]},{\"@type\":\"ImageObject\",\"inLanguage\":\"en-US\",\"@id\":\"https:\\\/\\\/leregardlibre.com\\\/litterature\\\/rencontre-avec-elisa-shua-dusapin-une-revelation-metissee-des-lettres-romandes\\\/#primaryimage\",\"url\":\"https:\\\/\\\/leregardlibre.com\\\/wp-content\\\/uploads\\\/2017\\\/07\\\/170613-rencontre-avec-elisa-dusapin29-1.jpg\",\"contentUrl\":\"https:\\\/\\\/leregardlibre.com\\\/wp-content\\\/uploads\\\/2017\\\/07\\\/170613-rencontre-avec-elisa-dusapin29-1.jpg\",\"width\":6000,\"height\":4000},{\"@type\":\"BreadcrumbList\",\"@id\":\"https:\\\/\\\/leregardlibre.com\\\/litterature\\\/rencontre-avec-elisa-shua-dusapin-une-revelation-metissee-des-lettres-romandes\\\/#breadcrumb\",\"itemListElement\":[{\"@type\":\"ListItem\",\"position\":1,\"name\":\"Accueil\",\"item\":\"https:\\\/\\\/leregardlibre.com\\\/\"},{\"@type\":\"ListItem\",\"position\":2,\"name\":\"Rencontre avec Elisa Shua Dusapin, une r\u00e9v\u00e9lation m\u00e9tiss\u00e9e des lettres romandes\"}]},{\"@type\":\"WebSite\",\"@id\":\"https:\\\/\\\/leregardlibre.com\\\/#website\",\"url\":\"https:\\\/\\\/leregardlibre.com\\\/\",\"name\":\"Le Regard Libre\",\"description\":\"Premier mensuel suisse de d\u00e9bat\",\"publisher\":{\"@id\":\"https:\\\/\\\/leregardlibre.com\\\/#organization\"},\"potentialAction\":[{\"@type\":\"SearchAction\",\"target\":{\"@type\":\"EntryPoint\",\"urlTemplate\":\"https:\\\/\\\/leregardlibre.com\\\/?s={search_term_string}\"},\"query-input\":{\"@type\":\"PropertyValueSpecification\",\"valueRequired\":true,\"valueName\":\"search_term_string\"}}],\"inLanguage\":\"en-US\"},{\"@type\":\"Organization\",\"@id\":\"https:\\\/\\\/leregardlibre.com\\\/#organization\",\"name\":\"Le Regard Libre\",\"url\":\"https:\\\/\\\/leregardlibre.com\\\/\",\"logo\":{\"@type\":\"ImageObject\",\"inLanguage\":\"en-US\",\"@id\":\"https:\\\/\\\/leregardlibre.com\\\/#\\\/schema\\\/logo\\\/image\\\/\",\"url\":\"https:\\\/\\\/leregardlibre.com\\\/wp-content\\\/uploads\\\/2025\\\/08\\\/logo-rl-icone-neg.jpeg\",\"contentUrl\":\"https:\\\/\\\/leregardlibre.com\\\/wp-content\\\/uploads\\\/2025\\\/08\\\/logo-rl-icone-neg.jpeg\",\"width\":557,\"height\":556,\"caption\":\"Le Regard Libre\"},\"image\":{\"@id\":\"https:\\\/\\\/leregardlibre.com\\\/#\\\/schema\\\/logo\\\/image\\\/\"},\"sameAs\":[\"https:\\\/\\\/www.facebook.com\\\/leregardlibre\\\/\",\"https:\\\/\\\/x.com\\\/LeRegardLibre\",\"https:\\\/\\\/www.linkedin.com\\\/company\\\/le-regard-libre\",\"https:\\\/\\\/www.instagram.com\\\/leregardlibre\\\/\",\"http:\\\/\\\/t.me\\\/leregardlibre\",\"https:\\\/\\\/youtube.com\\\/channel\\\/UC6HzGPomj1LsUmlz-sJtITQ\"],\"description\":\"Le Regard Libre est un mensuel suisse de d\u00e9bat intellectuel et culturel. Sa r\u00e9daction est jeune, b\u00e9n\u00e9vole, lib\u00e9rale et pluraliste. Le magazine para\u00eet en ligne et sous forme papier. Sa langue est le fran\u00e7ais.\",\"email\":\"redaction@leregardlibre.com\",\"legalName\":\"Le Regard Libre\",\"foundingDate\":\"2014-01-01\",\"numberOfEmployees\":{\"@type\":\"QuantitativeValue\",\"minValue\":\"11\",\"maxValue\":\"50\"},\"publishingPrinciples\":\"https:\\\/\\\/leregardlibre.com\\\/a-propos\\\/notre-manifeste\\\/\",\"ownershipFundingInfo\":\"https:\\\/\\\/leregardlibre.com\\\/mentions-legales\\\/\",\"actionableFeedbackPolicy\":\"https:\\\/\\\/leregardlibre.com\\\/conditions-generales-de-vente\\\/\"},{\"@type\":\"Person\",\"@id\":\"https:\\\/\\\/leregardlibre.com\\\/#\\\/schema\\\/person\\\/04d80ec47094bca6b1fa22dffad24005\",\"name\":\"Loris S. Musumeci\",\"image\":{\"@type\":\"ImageObject\",\"inLanguage\":\"en-US\",\"@id\":\"https:\\\/\\\/secure.gravatar.com\\\/avatar\\\/fa476654dadfee0d962e80160d0303549febb2769f8fa26c7a1ebe037f7c7c54?s=96&d=identicon&r=g\",\"url\":\"https:\\\/\\\/secure.gravatar.com\\\/avatar\\\/fa476654dadfee0d962e80160d0303549febb2769f8fa26c7a1ebe037f7c7c54?s=96&d=identicon&r=g\",\"contentUrl\":\"https:\\\/\\\/secure.gravatar.com\\\/avatar\\\/fa476654dadfee0d962e80160d0303549febb2769f8fa26c7a1ebe037f7c7c54?s=96&d=identicon&r=g\",\"caption\":\"Loris S. Musumeci\"},\"sameAs\":[\"https:\\\/\\\/leregardlibre.com\\\/\",\"https:\\\/\\\/fr.wikipedia.org\\\/wiki\\\/Le_Regard_libre\"],\"url\":\"https:\\\/\\\/leregardlibre.com\\\/en\\\/author\\\/loris-musumeci\\\/\"}]}<\/script>\n<!-- \/ Yoast SEO Premium plugin. -->","yoast_head_json":{"title":"Meeting with Elisa Shua Dusapin, a mixed-race revelation in French-language literature","robots":{"index":"index","follow":"follow","max-snippet":"max-snippet:-1","max-image-preview":"max-image-preview:large","max-video-preview":"max-video-preview:-1"},"canonical":"https:\/\/leregardlibre.com\/en\/literature\/meeting-with-elisa-shua-dusapin-a-metissee-revelation-of-french-literature\/","og_locale":"en_US","og_type":"article","og_title":"Rencontre avec Elisa Shua Dusapin, une r\u00e9v\u00e9lation m\u00e9tiss\u00e9e des lettres romandes","og_description":"En plus d\u2019\u00eatre jeune et charmante, Elisa Shua Dusapin appara\u00eet sur la sc\u00e8ne des lettres romandes comme une r\u00e9v\u00e9lation envo\u00fbtante,...","og_url":"https:\/\/leregardlibre.com\/en\/literature\/meeting-with-elisa-shua-dusapin-a-metissee-revelation-of-french-literature\/","og_site_name":"Le Regard Libre","article_publisher":"https:\/\/www.facebook.com\/leregardlibre\/","article_published_time":"2017-07-31T10:45:53+00:00","article_modified_time":"2023-06-28T10:06:51+00:00","og_image":[{"width":1024,"height":683,"url":"https:\/\/leregardlibre.com\/wp-content\/uploads\/2017\/07\/170613-rencontre-avec-elisa-dusapin29-1-1024x683.jpg","type":"image\/jpeg"}],"author":"Loris S. Musumeci","twitter_card":"summary_large_image","twitter_creator":"@LeRegardLibre","twitter_site":"@LeRegardLibre","twitter_misc":{"Written by":"Loris S. Musumeci","Est. reading time":"9 minutes"},"schema":{"@context":"https:\/\/schema.org","@graph":[{"@type":"Article","@id":"https:\/\/leregardlibre.com\/litterature\/rencontre-avec-elisa-shua-dusapin-une-revelation-metissee-des-lettres-romandes\/#article","isPartOf":{"@id":"https:\/\/leregardlibre.com\/litterature\/rencontre-avec-elisa-shua-dusapin-une-revelation-metissee-des-lettres-romandes\/"},"author":{"name":"Loris S. Musumeci","@id":"https:\/\/leregardlibre.com\/#\/schema\/person\/04d80ec47094bca6b1fa22dffad24005"},"headline":"Rencontre avec Elisa Shua Dusapin, une r\u00e9v\u00e9lation m\u00e9tiss\u00e9e des lettres romandes","datePublished":"2017-07-31T10:45:53+00:00","dateModified":"2023-06-28T10:06:51+00:00","mainEntityOfPage":{"@id":"https:\/\/leregardlibre.com\/litterature\/rencontre-avec-elisa-shua-dusapin-une-revelation-metissee-des-lettres-romandes\/"},"wordCount":2034,"commentCount":1,"publisher":{"@id":"https:\/\/leregardlibre.com\/#organization"},"image":{"@id":"https:\/\/leregardlibre.com\/litterature\/rencontre-avec-elisa-shua-dusapin-une-revelation-metissee-des-lettres-romandes\/#primaryimage"},"thumbnailUrl":"https:\/\/leregardlibre.com\/wp-content\/uploads\/2017\/07\/170613-rencontre-avec-elisa-dusapin29-1.jpg","keywords":["Autobiographie","Bienne","Cor\u00e9e","Cor\u00e9e du Nord","Cor\u00e9e du Sud","Elisa Shua Dusapin","Guerre","Hiver","Institut litt\u00e9raire suisse","Interview","Litt\u00e9rature francophone","Litt\u00e9rature romande","M\u00e9lancolie","No\u00eblle Revaz","Normandie","Nostalgie","oc\u00e9an","Roman","Sensualit\u00e9","Tragique"],"articleSection":["Litt\u00e9rature"],"inLanguage":"en-US","potentialAction":[{"@type":"CommentAction","name":"Comment","target":["https:\/\/leregardlibre.com\/litterature\/rencontre-avec-elisa-shua-dusapin-une-revelation-metissee-des-lettres-romandes\/#respond"]}]},{"@type":"WebPage","@id":"https:\/\/leregardlibre.com\/litterature\/rencontre-avec-elisa-shua-dusapin-une-revelation-metissee-des-lettres-romandes\/","url":"https:\/\/leregardlibre.com\/litterature\/rencontre-avec-elisa-shua-dusapin-une-revelation-metissee-des-lettres-romandes\/","name":"Meeting with Elisa Shua Dusapin, a mixed-race revelation in French-language literature","isPartOf":{"@id":"https:\/\/leregardlibre.com\/#website"},"primaryImageOfPage":{"@id":"https:\/\/leregardlibre.com\/litterature\/rencontre-avec-elisa-shua-dusapin-une-revelation-metissee-des-lettres-romandes\/#primaryimage"},"image":{"@id":"https:\/\/leregardlibre.com\/litterature\/rencontre-avec-elisa-shua-dusapin-une-revelation-metissee-des-lettres-romandes\/#primaryimage"},"thumbnailUrl":"https:\/\/leregardlibre.com\/wp-content\/uploads\/2017\/07\/170613-rencontre-avec-elisa-dusapin29-1.jpg","datePublished":"2017-07-31T10:45:53+00:00","dateModified":"2023-06-28T10:06:51+00:00","breadcrumb":{"@id":"https:\/\/leregardlibre.com\/litterature\/rencontre-avec-elisa-shua-dusapin-une-revelation-metissee-des-lettres-romandes\/#breadcrumb"},"inLanguage":"en-US","potentialAction":[{"@type":"ReadAction","target":["https:\/\/leregardlibre.com\/litterature\/rencontre-avec-elisa-shua-dusapin-une-revelation-metissee-des-lettres-romandes\/"]}]},{"@type":"ImageObject","inLanguage":"en-US","@id":"https:\/\/leregardlibre.com\/litterature\/rencontre-avec-elisa-shua-dusapin-une-revelation-metissee-des-lettres-romandes\/#primaryimage","url":"https:\/\/leregardlibre.com\/wp-content\/uploads\/2017\/07\/170613-rencontre-avec-elisa-dusapin29-1.jpg","contentUrl":"https:\/\/leregardlibre.com\/wp-content\/uploads\/2017\/07\/170613-rencontre-avec-elisa-dusapin29-1.jpg","width":6000,"height":4000},{"@type":"BreadcrumbList","@id":"https:\/\/leregardlibre.com\/litterature\/rencontre-avec-elisa-shua-dusapin-une-revelation-metissee-des-lettres-romandes\/#breadcrumb","itemListElement":[{"@type":"ListItem","position":1,"name":"Accueil","item":"https:\/\/leregardlibre.com\/"},{"@type":"ListItem","position":2,"name":"Rencontre avec Elisa Shua Dusapin, une r\u00e9v\u00e9lation m\u00e9tiss\u00e9e des lettres romandes"}]},{"@type":"WebSite","@id":"https:\/\/leregardlibre.com\/#website","url":"https:\/\/leregardlibre.com\/","name":"Le Regard Libre","description":"Switzerland's first monthly debate magazine","publisher":{"@id":"https:\/\/leregardlibre.com\/#organization"},"potentialAction":[{"@type":"SearchAction","target":{"@type":"EntryPoint","urlTemplate":"https:\/\/leregardlibre.com\/?s={search_term_string}"},"query-input":{"@type":"PropertyValueSpecification","valueRequired":true,"valueName":"search_term_string"}}],"inLanguage":"en-US"},{"@type":"Organization","@id":"https:\/\/leregardlibre.com\/#organization","name":"Le Regard Libre","url":"https:\/\/leregardlibre.com\/","logo":{"@type":"ImageObject","inLanguage":"en-US","@id":"https:\/\/leregardlibre.com\/#\/schema\/logo\/image\/","url":"https:\/\/leregardlibre.com\/wp-content\/uploads\/2025\/08\/logo-rl-icone-neg.jpeg","contentUrl":"https:\/\/leregardlibre.com\/wp-content\/uploads\/2025\/08\/logo-rl-icone-neg.jpeg","width":557,"height":556,"caption":"Le Regard Libre"},"image":{"@id":"https:\/\/leregardlibre.com\/#\/schema\/logo\/image\/"},"sameAs":["https:\/\/www.facebook.com\/leregardlibre\/","https:\/\/x.com\/LeRegardLibre","https:\/\/www.linkedin.com\/company\/le-regard-libre","https:\/\/www.instagram.com\/leregardlibre\/","http:\/\/t.me\/leregardlibre","https:\/\/youtube.com\/channel\/UC6HzGPomj1LsUmlz-sJtITQ"],"description":"Le Regard Libre is a Swiss monthly magazine for intellectual and cultural debate. Its editorial team is young, voluntary, liberal and pluralist. The magazine appears online and in print. Its language is French.","email":"redaction@leregardlibre.com","legalName":"Le Regard Libre","foundingDate":"2014-01-01","numberOfEmployees":{"@type":"QuantitativeValue","minValue":"11","maxValue":"50"},"publishingPrinciples":"https:\/\/leregardlibre.com\/a-propos\/notre-manifeste\/","ownershipFundingInfo":"https:\/\/leregardlibre.com\/mentions-legales\/","actionableFeedbackPolicy":"https:\/\/leregardlibre.com\/conditions-generales-de-vente\/"},{"@type":"Person","@id":"https:\/\/leregardlibre.com\/#\/schema\/person\/04d80ec47094bca6b1fa22dffad24005","name":"Loris S. Musumeci","image":{"@type":"ImageObject","inLanguage":"en-US","@id":"https:\/\/secure.gravatar.com\/avatar\/fa476654dadfee0d962e80160d0303549febb2769f8fa26c7a1ebe037f7c7c54?s=96&d=identicon&r=g","url":"https:\/\/secure.gravatar.com\/avatar\/fa476654dadfee0d962e80160d0303549febb2769f8fa26c7a1ebe037f7c7c54?s=96&d=identicon&r=g","contentUrl":"https:\/\/secure.gravatar.com\/avatar\/fa476654dadfee0d962e80160d0303549febb2769f8fa26c7a1ebe037f7c7c54?s=96&d=identicon&r=g","caption":"Loris S. Musumeci"},"sameAs":["https:\/\/leregardlibre.com\/","https:\/\/fr.wikipedia.org\/wiki\/Le_Regard_libre"],"url":"https:\/\/leregardlibre.com\/en\/author\/loris-musumeci\/"}]}},"_links":{"self":[{"href":"https:\/\/leregardlibre.com\/en\/wp-json\/wp\/v2\/posts\/10357","targetHints":{"allow":["GET"]}}],"collection":[{"href":"https:\/\/leregardlibre.com\/en\/wp-json\/wp\/v2\/posts"}],"about":[{"href":"https:\/\/leregardlibre.com\/en\/wp-json\/wp\/v2\/types\/post"}],"author":[{"embeddable":true,"href":"https:\/\/leregardlibre.com\/en\/wp-json\/wp\/v2\/users\/18"}],"replies":[{"embeddable":true,"href":"https:\/\/leregardlibre.com\/en\/wp-json\/wp\/v2\/comments?post=10357"}],"version-history":[{"count":2,"href":"https:\/\/leregardlibre.com\/en\/wp-json\/wp\/v2\/posts\/10357\/revisions"}],"predecessor-version":[{"id":518963,"href":"https:\/\/leregardlibre.com\/en\/wp-json\/wp\/v2\/posts\/10357\/revisions\/518963"}],"wp:featuredmedia":[{"embeddable":true,"href":"https:\/\/leregardlibre.com\/en\/wp-json\/wp\/v2\/media\/509431"}],"wp:attachment":[{"href":"https:\/\/leregardlibre.com\/en\/wp-json\/wp\/v2\/media?parent=10357"}],"wp:term":[{"taxonomy":"category","embeddable":true,"href":"https:\/\/leregardlibre.com\/en\/wp-json\/wp\/v2\/categories?post=10357"},{"taxonomy":"post_tag","embeddable":true,"href":"https:\/\/leregardlibre.com\/en\/wp-json\/wp\/v2\/tags?post=10357"}],"curies":[{"name":"wp","href":"https:\/\/api.w.org\/{rel}","templated":true}]}}