{"id":10576,"date":"2017-08-07T05:02:44","date_gmt":"2017-08-07T03:02:44","guid":{"rendered":"http:\/\/leregardlibre.com\/?p=10576"},"modified":"2025-12-13T22:45:32","modified_gmt":"2025-12-13T21:45:32","slug":"pierre-maudet-larrogant-du-bout-du-lac","status":"publish","type":"post","link":"https:\/\/leregardlibre.com\/en\/policy\/switzerland\/pierre-maudet-larrogant-du-bout-du-lac\/","title":{"rendered":"Pierre Maudet, the arrogant man at the end of the lake"},"content":{"rendered":"<p class=\"has-drop-cap\">Pierre Maudet is therefore officially a candidate. Surprising, given his reputation for intelligence and far-sightedness. His candidacy reveals the boundless ambition that has always been his compass. Blinding? The victory of a Latin candidate risks blocking his horizon for a long time, if not forever. The man's in a hurry. Destiny has to be forced. Ambition in itself is eminently desirable and respectable; here, the individual's desire risks harming his community.<\/p>\n\n\n\n<!--more Lire la suite du commentaire (en libre acc\u00e8s)-->\n\n\n\n<p>For the PLR, this announcement is poison. While it shows that the party has many high-quality personalities, if there were any doubt, it will ultimately give the party a bad image. Maudet will be seen as the killer of Ticinois or the obstacle over which a woman has fallen. All this for a young man endowed with charisma for want of a solid philosophical backbone. A utilitarian through and through. Maudet doesn't sell dreams, he executes them. His life is shaped by the State, he thinks for it. He is the very embodiment of the coldness of the state machine. A brilliant senior civil servant. He prides himself on not being the candidate of any lobby. He forgets all about his corporation, undoubtedly the most voracious.<\/p>\n\n\n\n<p>We like to compare him to the new President of the Republic. Note the similarity of co-optation: Attali for Macron, Couchepin for Maudet. The illusion of youthfulness works wonders, even though both men are products of the structure. But it's easy to forget that, unlike Maudet, Macron knows what it's like to work in the corporate world, that he's driving a real movement behind him and that he loves risk. Maudet, on the other hand, is an authoritarian master. This love of discipline can be seen in his military career - which is apparently still an argument in the 21st century.<sup>th<\/sup> century - his reign over the Geneva PLR, his dossiers for the Conseil d'Etat.<\/p>\n\n\n\n<p>In the end, the worst thing that will remain is that the self-proclaimed candidate of youth understands nothing. <a rel=\"noopener noreferrer\" href=\"https:\/\/www.tdg.ch\/reflexions\/enjeux-caches-blockchain-maudet\/story\/13757655\" target=\"_blank\">to the logic of digital transformation<\/a>. The Genevan defended tooth and nail an intelligence law which, to put it mildly, endangers the security of citizens, daring to assert that \u00abcollective security demands it and it is not dangerous for individual liberties\u00bb. Yet another member of the \u00abliberal... but\u00bb family.<\/p>\n\n\n\n<p>On the other hand, Cassis defends the decriminalization of all drugs. I repeat, all drugs. He exudes warmth, knows what it's like to work in a company, and is fighting to ensure that old-age provision is not excessively made on the backs of the next generation. Being young is in your head, not on your identity card.<\/p>\n\n\n\n<hr class=\"wp-block-separator has-css-opacity\"\/>\n\n\n\n<h5 class=\"wp-block-heading\">Update:<\/h5>\n\n\n\n<p><em>After discussions with the principal and various people close to him, the author would like to make the following clarifications:<\/em><\/p>\n\n\n\n<ul class=\"wp-block-list\"><li><em>It was in no way intended to call into question the quality of the work carried out by Mr. Maudet in the course of his various mandates - on the contrary. The introduction to the article pays tribute to him. The divergence concerns his profile.<\/em><\/li><\/ul>\n\n\n\n<ul class=\"wp-block-list\"><li><em>Regarding his private sector activity, it should have been specified that he \u00abhas never held a position of comparable responsibility in the private sector\u00bb.<\/em><\/li><\/ul>\n\n\n\n<ul class=\"wp-block-list\"><li><em>On the subject of the LRens, it makes sense to recall that both Mrs Moret and Mr Cassis supported the same position.<\/em><\/li><\/ul>\n\n\n\n<ul class=\"wp-block-list\"><li><em>In view of all his work on the theme of digital change, the judgment above was clearly simplistic and biased. The author of the article acknowledges his misunderstanding and is delighted to see the emergence of a player with such expertise and vision in this field in his country. Geneva's new cab law can serve as an example.&nbsp;<\/em><\/li><\/ul>\n\n\n\n<hr class=\"wp-block-separator has-css-opacity\"\/>\n\n\n\n<p><a href=\"https:\/\/pierremaudet.ch\/uploads\/2017-8-10-18-47-46-250-fr-lettre-suisse-pierremaudet-1.pdf\" target=\"_blank\" rel=\"noopener noreferrer\"><em>Link to candidate Pierre Maudet's full program<\/em><\/a><\/p>\n\n\n\n<hr class=\"wp-block-separator has-css-opacity\"\/>\n\n\n\n<p><em>Write to the author: <a href=\"mailto:nicolas.jutzet@leregardlibre.com\">nicolas.jutzet@leregardlibre.com<\/a><\/em><\/p>\n\n\n\n<p><strong>You've just read an open-access commentary.\u00a0<\/strong>Debates, analysis, cultural news:\u00a0<a href=\"https:\/\/leregardlibre.com\/en\/subscription\/\">subscribe<\/a>\u00a0to support us and get access to all our content!<a href=\"https:\/\/leregardlibre.com\/wp-content\/uploads\/2022\/12\/affiche_fumer-fait-tousser.jpg\"><\/a><\/p>\n\n\n\n<p>Photo credit: Nielsackermann \/ <a href=\"https:\/\/fr.wikipedia.org\/wiki\/Fichier:Pierre-Maudet-in-2019.jpg\">Wikimedia<\/a> CC 4.0<\/p>","protected":false},"excerpt":{"rendered":"<p>An authoritarian master<\/p>","protected":false},"author":314,"featured_media":33543,"comment_status":"open","ping_status":"open","sticky":false,"template":"","format":"standard","meta":{"_acf_changed":false,"footnotes":""},"categories":[644357279],"tags":[3167292,74619484,977843,57220,33299527,19359327,413468],"class_list":["post-10576","post","type-post","status-publish","format-standard","has-post-thumbnail","hentry","category-suisse","tag-conseil-federal","tag-emmanuel-macron","tag-etat","tag-geneve","tag-ignazio-cassis","tag-pierre-maudet","tag-plr"],"acf":[],"yoast_head":"<!-- This site is optimized with the Yoast SEO Premium plugin v27.4 (Yoast SEO v27.4) - https:\/\/yoast.com\/product\/yoast-seo-premium-wordpress\/ -->\n<title>Pierre Maudet, l&#039;arrogant du bout du lac<\/title>\n<meta name=\"description\" content=\"Pierre Maudet est donc officiellement candidat. Etonnant: il est pourtant connu pour son intelligence et sa clairvoyance. Commentaire.\" \/>\n<meta name=\"robots\" content=\"index, follow, max-snippet:-1, max-image-preview:large, max-video-preview:-1\" \/>\n<link rel=\"canonical\" href=\"https:\/\/leregardlibre.com\/en\/policy\/switzerland\/pierre-maudet-larrogant-du-bout-du-lac\/\" \/>\n<meta property=\"og:locale\" content=\"en_US\" \/>\n<meta property=\"og:type\" content=\"article\" \/>\n<meta property=\"og:title\" content=\"Pierre Maudet, l&#039;arrogant du bout du lac\" \/>\n<meta property=\"og:description\" content=\"Pierre Maudet est donc officiellement candidat. Etonnant: il est pourtant connu pour son intelligence et sa clairvoyance. Commentaire.\" \/>\n<meta property=\"og:url\" content=\"https:\/\/leregardlibre.com\/en\/policy\/switzerland\/pierre-maudet-larrogant-du-bout-du-lac\/\" \/>\n<meta property=\"og:site_name\" content=\"Le Regard Libre\" \/>\n<meta property=\"article:publisher\" content=\"https:\/\/www.facebook.com\/leregardlibre\/\" \/>\n<meta property=\"article:published_time\" content=\"2017-08-07T03:02:44+00:00\" \/>\n<meta property=\"article:modified_time\" content=\"2025-12-13T21:45:32+00:00\" \/>\n<meta property=\"og:image\" content=\"https:\/\/leregardlibre.com\/wp-content\/uploads\/2020\/04\/Pierre-Maudet-in-2019-1157121641-1587809384529.jpg\" \/>\n\t<meta property=\"og:image:width\" content=\"1600\" \/>\n\t<meta property=\"og:image:height\" content=\"900\" \/>\n\t<meta property=\"og:image:type\" content=\"image\/jpeg\" \/>\n<meta name=\"author\" content=\"Nicolas Jutzet\" \/>\n<meta name=\"twitter:card\" content=\"summary_large_image\" \/>\n<meta name=\"twitter:creator\" content=\"@LeRegardLibre\" \/>\n<meta name=\"twitter:site\" content=\"@LeRegardLibre\" \/>\n<meta name=\"twitter:label1\" content=\"Written by\" \/>\n\t<meta name=\"twitter:data1\" content=\"Nicolas Jutzet\" \/>\n\t<meta name=\"twitter:label2\" content=\"Est. reading time\" \/>\n\t<meta name=\"twitter:data2\" content=\"4 minutes\" \/>\n<script type=\"application\/ld+json\" class=\"yoast-schema-graph\">{\"@context\":\"https:\\\/\\\/schema.org\",\"@graph\":[{\"@type\":\"Article\",\"@id\":\"https:\\\/\\\/leregardlibre.com\\\/politique\\\/suisse\\\/pierre-maudet-larrogant-du-bout-du-lac\\\/#article\",\"isPartOf\":{\"@id\":\"https:\\\/\\\/leregardlibre.com\\\/politique\\\/suisse\\\/pierre-maudet-larrogant-du-bout-du-lac\\\/\"},\"author\":{\"name\":\"Nicolas Jutzet\",\"@id\":\"https:\\\/\\\/leregardlibre.com\\\/#\\\/schema\\\/person\\\/3446d3a78b45211305188d4401e7719a\"},\"headline\":\"Pierre Maudet, l&#8217;arrogant du bout du lac\",\"datePublished\":\"2017-08-07T03:02:44+00:00\",\"dateModified\":\"2025-12-13T21:45:32+00:00\",\"mainEntityOfPage\":{\"@id\":\"https:\\\/\\\/leregardlibre.com\\\/politique\\\/suisse\\\/pierre-maudet-larrogant-du-bout-du-lac\\\/\"},\"wordCount\":732,\"commentCount\":1,\"publisher\":{\"@id\":\"https:\\\/\\\/leregardlibre.com\\\/#organization\"},\"image\":{\"@id\":\"https:\\\/\\\/leregardlibre.com\\\/politique\\\/suisse\\\/pierre-maudet-larrogant-du-bout-du-lac\\\/#primaryimage\"},\"thumbnailUrl\":\"https:\\\/\\\/leregardlibre.com\\\/wp-content\\\/uploads\\\/2020\\\/04\\\/Pierre-Maudet-in-2019-1157121641-1587809384529.jpg\",\"keywords\":[\"Conseil f\u00e9d\u00e9ral\",\"Emmanuel Macron\",\"Etat\",\"Gen\u00e8ve\",\"Ignazio Cassis\",\"Pierre Maudet\",\"PLR\"],\"articleSection\":[\"Suisse\"],\"inLanguage\":\"en-US\",\"potentialAction\":[{\"@type\":\"CommentAction\",\"name\":\"Comment\",\"target\":[\"https:\\\/\\\/leregardlibre.com\\\/politique\\\/suisse\\\/pierre-maudet-larrogant-du-bout-du-lac\\\/#respond\"]}]},{\"@type\":\"WebPage\",\"@id\":\"https:\\\/\\\/leregardlibre.com\\\/politique\\\/suisse\\\/pierre-maudet-larrogant-du-bout-du-lac\\\/\",\"url\":\"https:\\\/\\\/leregardlibre.com\\\/politique\\\/suisse\\\/pierre-maudet-larrogant-du-bout-du-lac\\\/\",\"name\":\"Pierre Maudet, l'arrogant du bout du lac\",\"isPartOf\":{\"@id\":\"https:\\\/\\\/leregardlibre.com\\\/#website\"},\"primaryImageOfPage\":{\"@id\":\"https:\\\/\\\/leregardlibre.com\\\/politique\\\/suisse\\\/pierre-maudet-larrogant-du-bout-du-lac\\\/#primaryimage\"},\"image\":{\"@id\":\"https:\\\/\\\/leregardlibre.com\\\/politique\\\/suisse\\\/pierre-maudet-larrogant-du-bout-du-lac\\\/#primaryimage\"},\"thumbnailUrl\":\"https:\\\/\\\/leregardlibre.com\\\/wp-content\\\/uploads\\\/2020\\\/04\\\/Pierre-Maudet-in-2019-1157121641-1587809384529.jpg\",\"datePublished\":\"2017-08-07T03:02:44+00:00\",\"dateModified\":\"2025-12-13T21:45:32+00:00\",\"description\":\"Pierre Maudet est donc officiellement candidat. Etonnant: il est pourtant connu pour son intelligence et sa clairvoyance. Commentaire.\",\"breadcrumb\":{\"@id\":\"https:\\\/\\\/leregardlibre.com\\\/politique\\\/suisse\\\/pierre-maudet-larrogant-du-bout-du-lac\\\/#breadcrumb\"},\"inLanguage\":\"en-US\",\"potentialAction\":[{\"@type\":\"ReadAction\",\"target\":[\"https:\\\/\\\/leregardlibre.com\\\/politique\\\/suisse\\\/pierre-maudet-larrogant-du-bout-du-lac\\\/\"]}]},{\"@type\":\"ImageObject\",\"inLanguage\":\"en-US\",\"@id\":\"https:\\\/\\\/leregardlibre.com\\\/politique\\\/suisse\\\/pierre-maudet-larrogant-du-bout-du-lac\\\/#primaryimage\",\"url\":\"https:\\\/\\\/leregardlibre.com\\\/wp-content\\\/uploads\\\/2020\\\/04\\\/Pierre-Maudet-in-2019-1157121641-1587809384529.jpg\",\"contentUrl\":\"https:\\\/\\\/leregardlibre.com\\\/wp-content\\\/uploads\\\/2020\\\/04\\\/Pierre-Maudet-in-2019-1157121641-1587809384529.jpg\",\"width\":1600,\"height\":900},{\"@type\":\"BreadcrumbList\",\"@id\":\"https:\\\/\\\/leregardlibre.com\\\/politique\\\/suisse\\\/pierre-maudet-larrogant-du-bout-du-lac\\\/#breadcrumb\",\"itemListElement\":[{\"@type\":\"ListItem\",\"position\":1,\"name\":\"Accueil\",\"item\":\"https:\\\/\\\/leregardlibre.com\\\/\"},{\"@type\":\"ListItem\",\"position\":2,\"name\":\"Pierre Maudet, l&#8217;arrogant du bout du lac\"}]},{\"@type\":\"WebSite\",\"@id\":\"https:\\\/\\\/leregardlibre.com\\\/#website\",\"url\":\"https:\\\/\\\/leregardlibre.com\\\/\",\"name\":\"Le Regard Libre\",\"description\":\"Premier mensuel suisse de d\u00e9bat\",\"publisher\":{\"@id\":\"https:\\\/\\\/leregardlibre.com\\\/#organization\"},\"potentialAction\":[{\"@type\":\"SearchAction\",\"target\":{\"@type\":\"EntryPoint\",\"urlTemplate\":\"https:\\\/\\\/leregardlibre.com\\\/?s={search_term_string}\"},\"query-input\":{\"@type\":\"PropertyValueSpecification\",\"valueRequired\":true,\"valueName\":\"search_term_string\"}}],\"inLanguage\":\"en-US\"},{\"@type\":\"Organization\",\"@id\":\"https:\\\/\\\/leregardlibre.com\\\/#organization\",\"name\":\"Le Regard Libre\",\"url\":\"https:\\\/\\\/leregardlibre.com\\\/\",\"logo\":{\"@type\":\"ImageObject\",\"inLanguage\":\"en-US\",\"@id\":\"https:\\\/\\\/leregardlibre.com\\\/#\\\/schema\\\/logo\\\/image\\\/\",\"url\":\"https:\\\/\\\/leregardlibre.com\\\/wp-content\\\/uploads\\\/2025\\\/08\\\/logo-rl-icone-neg.jpeg\",\"contentUrl\":\"https:\\\/\\\/leregardlibre.com\\\/wp-content\\\/uploads\\\/2025\\\/08\\\/logo-rl-icone-neg.jpeg\",\"width\":557,\"height\":556,\"caption\":\"Le Regard Libre\"},\"image\":{\"@id\":\"https:\\\/\\\/leregardlibre.com\\\/#\\\/schema\\\/logo\\\/image\\\/\"},\"sameAs\":[\"https:\\\/\\\/www.facebook.com\\\/leregardlibre\\\/\",\"https:\\\/\\\/x.com\\\/LeRegardLibre\",\"https:\\\/\\\/www.linkedin.com\\\/company\\\/le-regard-libre\",\"https:\\\/\\\/www.instagram.com\\\/leregardlibre\\\/\",\"http:\\\/\\\/t.me\\\/leregardlibre\",\"https:\\\/\\\/youtube.com\\\/channel\\\/UC6HzGPomj1LsUmlz-sJtITQ\"],\"description\":\"Le Regard Libre est un mensuel suisse de d\u00e9bat intellectuel et culturel. Sa r\u00e9daction est jeune, b\u00e9n\u00e9vole, lib\u00e9rale et pluraliste. Le magazine para\u00eet en ligne et sous forme papier. Sa langue est le fran\u00e7ais.\",\"email\":\"redaction@leregardlibre.com\",\"legalName\":\"Le Regard Libre\",\"foundingDate\":\"2014-01-01\",\"numberOfEmployees\":{\"@type\":\"QuantitativeValue\",\"minValue\":\"11\",\"maxValue\":\"50\"},\"publishingPrinciples\":\"https:\\\/\\\/leregardlibre.com\\\/a-propos\\\/notre-manifeste\\\/\",\"ownershipFundingInfo\":\"https:\\\/\\\/leregardlibre.com\\\/mentions-legales\\\/\",\"actionableFeedbackPolicy\":\"https:\\\/\\\/leregardlibre.com\\\/conditions-generales-de-vente\\\/\"},{\"@type\":\"Person\",\"@id\":\"https:\\\/\\\/leregardlibre.com\\\/#\\\/schema\\\/person\\\/3446d3a78b45211305188d4401e7719a\",\"name\":\"Nicolas Jutzet\",\"image\":{\"@type\":\"ImageObject\",\"inLanguage\":\"en-US\",\"@id\":\"https:\\\/\\\/secure.gravatar.com\\\/avatar\\\/0051d940078d390e50a5e700a6c653e3776f3a164b8878a91d3c09ee3a174239?s=96&d=identicon&r=g\",\"url\":\"https:\\\/\\\/secure.gravatar.com\\\/avatar\\\/0051d940078d390e50a5e700a6c653e3776f3a164b8878a91d3c09ee3a174239?s=96&d=identicon&r=g\",\"contentUrl\":\"https:\\\/\\\/secure.gravatar.com\\\/avatar\\\/0051d940078d390e50a5e700a6c653e3776f3a164b8878a91d3c09ee3a174239?s=96&d=identicon&r=g\",\"caption\":\"Nicolas Jutzet\"},\"description\":\"Co-fondateur du m\u00e9dia Liber-th\u00e9, Nicolas Jutzet est vice-directeur de l\u2019Institut lib\u00e9ral, en Suisse.\",\"sameAs\":[\"https:\\\/\\\/nicolasjutzet.ch\\\/a-propos\\\/\",\"https:\\\/\\\/fr.wikipedia.org\\\/wiki\\\/Le_Regard_libre\"],\"url\":\"https:\\\/\\\/leregardlibre.com\\\/en\\\/author\\\/nicolas-jutzet\\\/\"}]}<\/script>\n<!-- \/ Yoast SEO Premium plugin. -->","yoast_head_json":{"title":"Pierre Maudet, the arrogant man at the end of the lake","description":"Pierre Maudet is therefore officially a candidate. Surprising, given his reputation for intelligence and far-sightedness. Commentary.","robots":{"index":"index","follow":"follow","max-snippet":"max-snippet:-1","max-image-preview":"max-image-preview:large","max-video-preview":"max-video-preview:-1"},"canonical":"https:\/\/leregardlibre.com\/en\/policy\/switzerland\/pierre-maudet-larrogant-du-bout-du-lac\/","og_locale":"en_US","og_type":"article","og_title":"Pierre Maudet, l'arrogant du bout du lac","og_description":"Pierre Maudet est donc officiellement candidat. Etonnant: il est pourtant connu pour son intelligence et sa clairvoyance. Commentaire.","og_url":"https:\/\/leregardlibre.com\/en\/policy\/switzerland\/pierre-maudet-larrogant-du-bout-du-lac\/","og_site_name":"Le Regard Libre","article_publisher":"https:\/\/www.facebook.com\/leregardlibre\/","article_published_time":"2017-08-07T03:02:44+00:00","article_modified_time":"2025-12-13T21:45:32+00:00","og_image":[{"width":1600,"height":900,"url":"https:\/\/leregardlibre.com\/wp-content\/uploads\/2020\/04\/Pierre-Maudet-in-2019-1157121641-1587809384529.jpg","type":"image\/jpeg"}],"author":"Nicolas Jutzet","twitter_card":"summary_large_image","twitter_creator":"@LeRegardLibre","twitter_site":"@LeRegardLibre","twitter_misc":{"Written by":"Nicolas Jutzet","Est. reading time":"4 minutes"},"schema":{"@context":"https:\/\/schema.org","@graph":[{"@type":"Article","@id":"https:\/\/leregardlibre.com\/politique\/suisse\/pierre-maudet-larrogant-du-bout-du-lac\/#article","isPartOf":{"@id":"https:\/\/leregardlibre.com\/politique\/suisse\/pierre-maudet-larrogant-du-bout-du-lac\/"},"author":{"name":"Nicolas Jutzet","@id":"https:\/\/leregardlibre.com\/#\/schema\/person\/3446d3a78b45211305188d4401e7719a"},"headline":"Pierre Maudet, l&#8217;arrogant du bout du lac","datePublished":"2017-08-07T03:02:44+00:00","dateModified":"2025-12-13T21:45:32+00:00","mainEntityOfPage":{"@id":"https:\/\/leregardlibre.com\/politique\/suisse\/pierre-maudet-larrogant-du-bout-du-lac\/"},"wordCount":732,"commentCount":1,"publisher":{"@id":"https:\/\/leregardlibre.com\/#organization"},"image":{"@id":"https:\/\/leregardlibre.com\/politique\/suisse\/pierre-maudet-larrogant-du-bout-du-lac\/#primaryimage"},"thumbnailUrl":"https:\/\/leregardlibre.com\/wp-content\/uploads\/2020\/04\/Pierre-Maudet-in-2019-1157121641-1587809384529.jpg","keywords":["Conseil f\u00e9d\u00e9ral","Emmanuel Macron","Etat","Gen\u00e8ve","Ignazio Cassis","Pierre Maudet","PLR"],"articleSection":["Suisse"],"inLanguage":"en-US","potentialAction":[{"@type":"CommentAction","name":"Comment","target":["https:\/\/leregardlibre.com\/politique\/suisse\/pierre-maudet-larrogant-du-bout-du-lac\/#respond"]}]},{"@type":"WebPage","@id":"https:\/\/leregardlibre.com\/politique\/suisse\/pierre-maudet-larrogant-du-bout-du-lac\/","url":"https:\/\/leregardlibre.com\/politique\/suisse\/pierre-maudet-larrogant-du-bout-du-lac\/","name":"Pierre Maudet, the arrogant man at the end of the lake","isPartOf":{"@id":"https:\/\/leregardlibre.com\/#website"},"primaryImageOfPage":{"@id":"https:\/\/leregardlibre.com\/politique\/suisse\/pierre-maudet-larrogant-du-bout-du-lac\/#primaryimage"},"image":{"@id":"https:\/\/leregardlibre.com\/politique\/suisse\/pierre-maudet-larrogant-du-bout-du-lac\/#primaryimage"},"thumbnailUrl":"https:\/\/leregardlibre.com\/wp-content\/uploads\/2020\/04\/Pierre-Maudet-in-2019-1157121641-1587809384529.jpg","datePublished":"2017-08-07T03:02:44+00:00","dateModified":"2025-12-13T21:45:32+00:00","description":"Pierre Maudet is therefore officially a candidate. Surprising, given his reputation for intelligence and far-sightedness. Commentary.","breadcrumb":{"@id":"https:\/\/leregardlibre.com\/politique\/suisse\/pierre-maudet-larrogant-du-bout-du-lac\/#breadcrumb"},"inLanguage":"en-US","potentialAction":[{"@type":"ReadAction","target":["https:\/\/leregardlibre.com\/politique\/suisse\/pierre-maudet-larrogant-du-bout-du-lac\/"]}]},{"@type":"ImageObject","inLanguage":"en-US","@id":"https:\/\/leregardlibre.com\/politique\/suisse\/pierre-maudet-larrogant-du-bout-du-lac\/#primaryimage","url":"https:\/\/leregardlibre.com\/wp-content\/uploads\/2020\/04\/Pierre-Maudet-in-2019-1157121641-1587809384529.jpg","contentUrl":"https:\/\/leregardlibre.com\/wp-content\/uploads\/2020\/04\/Pierre-Maudet-in-2019-1157121641-1587809384529.jpg","width":1600,"height":900},{"@type":"BreadcrumbList","@id":"https:\/\/leregardlibre.com\/politique\/suisse\/pierre-maudet-larrogant-du-bout-du-lac\/#breadcrumb","itemListElement":[{"@type":"ListItem","position":1,"name":"Accueil","item":"https:\/\/leregardlibre.com\/"},{"@type":"ListItem","position":2,"name":"Pierre Maudet, l&#8217;arrogant du bout du lac"}]},{"@type":"WebSite","@id":"https:\/\/leregardlibre.com\/#website","url":"https:\/\/leregardlibre.com\/","name":"Le Regard Libre","description":"Switzerland's first monthly debate magazine","publisher":{"@id":"https:\/\/leregardlibre.com\/#organization"},"potentialAction":[{"@type":"SearchAction","target":{"@type":"EntryPoint","urlTemplate":"https:\/\/leregardlibre.com\/?s={search_term_string}"},"query-input":{"@type":"PropertyValueSpecification","valueRequired":true,"valueName":"search_term_string"}}],"inLanguage":"en-US"},{"@type":"Organization","@id":"https:\/\/leregardlibre.com\/#organization","name":"Le Regard Libre","url":"https:\/\/leregardlibre.com\/","logo":{"@type":"ImageObject","inLanguage":"en-US","@id":"https:\/\/leregardlibre.com\/#\/schema\/logo\/image\/","url":"https:\/\/leregardlibre.com\/wp-content\/uploads\/2025\/08\/logo-rl-icone-neg.jpeg","contentUrl":"https:\/\/leregardlibre.com\/wp-content\/uploads\/2025\/08\/logo-rl-icone-neg.jpeg","width":557,"height":556,"caption":"Le Regard Libre"},"image":{"@id":"https:\/\/leregardlibre.com\/#\/schema\/logo\/image\/"},"sameAs":["https:\/\/www.facebook.com\/leregardlibre\/","https:\/\/x.com\/LeRegardLibre","https:\/\/www.linkedin.com\/company\/le-regard-libre","https:\/\/www.instagram.com\/leregardlibre\/","http:\/\/t.me\/leregardlibre","https:\/\/youtube.com\/channel\/UC6HzGPomj1LsUmlz-sJtITQ"],"description":"Le Regard Libre is a Swiss monthly magazine for intellectual and cultural debate. Its editorial team is young, voluntary, liberal and pluralist. The magazine appears online and in print. Its language is French.","email":"redaction@leregardlibre.com","legalName":"Le Regard Libre","foundingDate":"2014-01-01","numberOfEmployees":{"@type":"QuantitativeValue","minValue":"11","maxValue":"50"},"publishingPrinciples":"https:\/\/leregardlibre.com\/a-propos\/notre-manifeste\/","ownershipFundingInfo":"https:\/\/leregardlibre.com\/mentions-legales\/","actionableFeedbackPolicy":"https:\/\/leregardlibre.com\/conditions-generales-de-vente\/"},{"@type":"Person","@id":"https:\/\/leregardlibre.com\/#\/schema\/person\/3446d3a78b45211305188d4401e7719a","name":"Nicolas Jutzet","image":{"@type":"ImageObject","inLanguage":"en-US","@id":"https:\/\/secure.gravatar.com\/avatar\/0051d940078d390e50a5e700a6c653e3776f3a164b8878a91d3c09ee3a174239?s=96&d=identicon&r=g","url":"https:\/\/secure.gravatar.com\/avatar\/0051d940078d390e50a5e700a6c653e3776f3a164b8878a91d3c09ee3a174239?s=96&d=identicon&r=g","contentUrl":"https:\/\/secure.gravatar.com\/avatar\/0051d940078d390e50a5e700a6c653e3776f3a164b8878a91d3c09ee3a174239?s=96&d=identicon&r=g","caption":"Nicolas Jutzet"},"description":"Co-founder of the Liber-th\u00e9 media, Nicolas Jutzet is vice-director of the Institut lib\u00e9ral in Switzerland.","sameAs":["https:\/\/nicolasjutzet.ch\/a-propos\/","https:\/\/fr.wikipedia.org\/wiki\/Le_Regard_libre"],"url":"https:\/\/leregardlibre.com\/en\/author\/nicolas-jutzet\/"}]}},"_links":{"self":[{"href":"https:\/\/leregardlibre.com\/en\/wp-json\/wp\/v2\/posts\/10576","targetHints":{"allow":["GET"]}}],"collection":[{"href":"https:\/\/leregardlibre.com\/en\/wp-json\/wp\/v2\/posts"}],"about":[{"href":"https:\/\/leregardlibre.com\/en\/wp-json\/wp\/v2\/types\/post"}],"author":[{"embeddable":true,"href":"https:\/\/leregardlibre.com\/en\/wp-json\/wp\/v2\/users\/314"}],"replies":[{"embeddable":true,"href":"https:\/\/leregardlibre.com\/en\/wp-json\/wp\/v2\/comments?post=10576"}],"version-history":[{"count":2,"href":"https:\/\/leregardlibre.com\/en\/wp-json\/wp\/v2\/posts\/10576\/revisions"}],"predecessor-version":[{"id":515109,"href":"https:\/\/leregardlibre.com\/en\/wp-json\/wp\/v2\/posts\/10576\/revisions\/515109"}],"wp:featuredmedia":[{"embeddable":true,"href":"https:\/\/leregardlibre.com\/en\/wp-json\/wp\/v2\/media\/33543"}],"wp:attachment":[{"href":"https:\/\/leregardlibre.com\/en\/wp-json\/wp\/v2\/media?parent=10576"}],"wp:term":[{"taxonomy":"category","embeddable":true,"href":"https:\/\/leregardlibre.com\/en\/wp-json\/wp\/v2\/categories?post=10576"},{"taxonomy":"post_tag","embeddable":true,"href":"https:\/\/leregardlibre.com\/en\/wp-json\/wp\/v2\/tags?post=10576"}],"curies":[{"name":"wp","href":"https:\/\/api.w.org\/{rel}","templated":true}]}}