{"id":12725,"date":"2017-11-03T19:23:27","date_gmt":"2017-11-03T18:23:27","guid":{"rendered":"http:\/\/leregardlibre.com\/?p=12725"},"modified":"2022-09-04T10:13:31","modified_gmt":"2022-09-04T08:13:31","slug":"saviesanne-identity-in-the-spotlight-this-year","status":"publish","type":"post","link":"https:\/\/leregardlibre.com\/en\/company\/saviesanne-identity-in-the-spotlight-this-year\/","title":{"rendered":"Savoy identity in the spotlight this year"},"content":{"rendered":"<p>Le Regard Libre N\u00b0 32 - Jonas Follonier<\/p>\n<p><i>For the past twenty years, Anne-Gabrielle Bretz-H\u00e9ritier and her husband Nicola have made it their mission to safeguard the heritage of their commune, Savi\u00e8se. To this end, they created the Bretz-H\u00e9ritier Foundation. To celebrate this anniversary, the Foundation is organizing its Troisi\u00e8mes Rencontres on the theme of Savi\u00e8se identity. This is the story of an extraordinary local adventure.<\/i><\/p>\n<p><b>Jonas Follonier: Where did the idea of creating a Foundation come from?<\/b><\/p>\n<p>Anne-Gabrielle Bretz-H\u00e9ritier: My parents were Savi\u00e8se people and have always been passionate about village things, both tangible and intangible. They passed this passion on to me. I married my husband Nicola in 1988, and at first it was a small private business. As villagers began to come to us asking for archives, books and information, the idea of founding an organization germinated within us. In 1997, out of our desire to separate the public from the private, we decided to create a clear, autonomous entity. We chose to set up a foundation, rather than an association, because we wanted to create something that was our own and that could be sustained over time.<!--more--><\/p>\n<p><b>What is the purpose of your foundation?<\/b><\/p>\n<p>The aim is to safeguard Savi\u00e8se's heritage through the written word, images and sound. As a foundation, we are obliged to fulfill the purpose we have set ourselves. In our case, the supervisory body is the Savi\u00e8se Communal Council. We didn't want to set up a museum, as the intangible was one of the most important aspects for us.<\/p>\n<p><b>Is your target audience exclusively from Savoie? Is this commune of interest to everyone?<\/b><\/p>\n<p>Over the past twenty years, our open-mindedness has grown. Although Savi\u00e8se is our base of work and our primary interest, we enjoy bringing together a wider public than before, and linking our customs, objects and so on with other places in the Alpine arc. But our anchor remains Savi\u00e8se.<\/p>\n<p>The rural history that shaped our little corner of paradise until the 1960s is likely to be of interest to many, especially in Alpine regions.<\/p>\n<p><b>You have published several works with the Foundation. <em>Corpus Christi in Savi\u00e8se<\/em> (2008) is one of the most important. What does this festival mean to you?<\/b><\/p>\n<p>This Catholic celebration of the Eucharist, which takes place on the second Thursday after Pentecost, is experienced in a very special way in Savi\u00e8se. The procession, the traditional costumes and the presence of the company give the \u00abF\u00e9ita-Djyo\u00bb its spiritual and dynamic aspect. If there's one great Savi\u00e8se tradition with a strong identity, it's Corpus Christi. It brings together all strata of the population, all ages, all genders, all parties, young and old, locals and newcomers. The festival is recognized as one of Switzerland's living traditions. It was this living history book, published to coincide with our Second Meeting, that really put the Foundation on the map. We needed a reference manual. We set ourselves the goal of producing one. Of course, as a living tradition, Corpus Christi evolves imperceptibly. It changes little by little, to keep pace with society.<\/p>\n<p><b>An example of developments since 2008?<\/b><\/p>\n<p>Women are now admitted to the company on an equal footing with men. This is an impressive fact, especially as it was the men who initiated this decision.<\/p>\n<p><b>The theme of the Foundation's third Rencontres will be Savoie identity. If identity is difficult to define, it remains above all\u00a0<\/b><b>linked to the concept of culture: what are the important elements of Savoyard culture?\u00a0<\/b><\/p>\n<p>First of all, an essential component of our village culture is Corpus Christi, which we've already mentioned. In terms of culinary heritage, I'd like to mention the tarte savi\u00e9sanne, known in local dialect as \u00abflon\u00bb, originally made with apples, but now available with all kinds of fruit. In the same vein, there's the g\u00e2teau savi\u00e9san, made with leeks, potatoes and bacon, all wrapped in pastry. Now that's feeding your man! There's also gruel soup, with vegetables from the kitchen garden, for autumn and winter. A lot of people also come to Savi\u00e8se for brisol\u00e9e, although you can't really say it's from here. As for wine, there used to be a lot of talk about Savi\u00e8se Muscat. All this has evolved, from the time of my father, who was a winegrower, to the present day. For me, the symbol of this winegrowing memory is a family object: the wine press.<\/p>\n<p><b>Another facet of identity is language. In Savi\u00e8se, some people still speak patois. How many people does this represent?<\/b><\/p>\n<p>Absolutely, patois is truly a language. Until around 1945, parents spoke patois with all their children. When siblings continued to live together after the war, the pattern was often as follows: the first siblings spoke patois with their parents and were polite to them; the second siblings spoke French with them and were polite to them. There's been a big change. In 2000, a federal census was carried out in the commune of Savi\u00e8se: out of a population of 5,300, some 600 people still spoke patois on a daily basis, i.e. 11.3% of the population. Today, out of Savi\u00e8se's 7,500 inhabitants, I would estimate that 200 people still speak Patois on a daily basis, i.e. 2.7%. After that, you have to bear in mind that these figures represent the tip of the iceberg: there's also my generation, which understands Patois but doesn't speak it, and which unfortunately won't be passing it on either.<\/p>\n<p><b>Why is it so important for you to defend this linguistic heritage?<\/b><\/p>\n<p>My passion for Savoie dialect began in the 90s, when I realized that I belonged to the generation that would see the extinction of a language spoken by so many generations before. Perhaps there's something absurd about committing oneself to the patois when it's on the verge of extinction, but I see it as a fine challenge.<\/p>\n<p><b>It's often said that Saviezans are very demonstrative people, who like to compete with their neighbors and do things in a big way. Clich\u00e9 or reality?<\/b><\/p>\n<p>The Savi\u00e9san likes to do well. He's relatively gruff, or at least very proud, but that's not without his great quality: he's hospitable. Voluntary work is very present in Savi\u00e8se; people are always helping each other out. Basically, these traits apply to all Valaisans, but Savi\u00e8se people are perhaps a little more boastful than others.<\/p>\n<p><b>In a few words, why come to the Rencontres du 18 novembre?<\/b><\/p>\n<p>First of all, to share a convivial moment, and discover what took our various speakers so long to prepare. Their personal accounts, once assembled, will give a picture of what Savi\u00e8se is now. Because Savi\u00e8se in 2017 is not the same as Savi\u00e8se in 1960, nor Savi\u00e8se in 2030. These encounters will create a time to stop and think, in a positive and constructive way, rather than turning in on ourselves.<\/p>\n<p><b>Do you already have another project in mind?<\/b><\/p>\n<p>I'd like to explore the theme of death. I'd like to look at how villagers understand this passage from earth to heaven. I began this research in 2011, when the Savi\u00e8se cemetery was being restructured: when I learned that a thousand graves were to be disused, I knelt down in front of each of them with my camera, to immortalize them.<\/p>\n<blockquote><p>Visit <b>Saturday, November 18, 2017<\/b> will be held at the Troisi\u00e8mes Rencontres de la <b>Bretz-H\u00e9ritier Foundation<\/b>, in the auditorium of the Centre scolaire de Mor\u00e9chon (Savi\u00e8se, VS). Several speakers will address the theme of Savi\u00e8se identity through personal accounts. A publication will be released in conjunction with the event. Jonas Follonier will present <em>Le Regard Libre<\/em>. Link to the event : <a href=\"http:\/\/www.bretzheritier.ch\/Lidentite_saviesanne.html\">The Savoy identity<\/a>.<\/p><\/blockquote>\n<p><em>Write to the author : <a href=\"mailto:jonas.follonier@leregardlibre.com\">jonas.follonier@leregardlibre.com<\/a><\/em><\/p>\n<p>Photo credit: \u00a9 WikiValais<\/p>","protected":false},"excerpt":{"rendered":"<p>Le Regard Libre N\u00b0 32 &#8211; Jonas Follonier Cela fait vingt ans qu\u2019Anne-Gabrielle Bretz-H\u00e9ritier et son \u00e9poux Nicola se donnent&#8230;<\/p>","protected":false},"author":1,"featured_media":509487,"comment_status":"open","ping_status":"open","sticky":false,"template":"","format":"standard","meta":{"_acf_changed":false,"footnotes":""},"categories":[8796],"tags":[11788],"class_list":["post-12725","post","type-post","status-publish","format-standard","has-post-thumbnail","hentry","category-societe","tag-interviews"],"acf":[],"yoast_head":"<!-- This site is optimized with the Yoast SEO Premium plugin v27.4 (Yoast SEO v27.4) - https:\/\/yoast.com\/product\/yoast-seo-premium-wordpress\/ -->\n<title>L&#039;identit\u00e9 savi\u00e9sanne \u00e0 l&#039;honneur cette ann\u00e9e<\/title>\n<meta name=\"robots\" content=\"index, follow, max-snippet:-1, max-image-preview:large, max-video-preview:-1\" \/>\n<link rel=\"canonical\" href=\"https:\/\/leregardlibre.com\/en\/company\/saviesanne-identity-in-the-spotlight-this-year\/\" \/>\n<meta property=\"og:locale\" content=\"en_US\" \/>\n<meta property=\"og:type\" content=\"article\" \/>\n<meta property=\"og:title\" content=\"L&#039;identit\u00e9 savi\u00e9sanne \u00e0 l&#039;honneur cette ann\u00e9e\" \/>\n<meta property=\"og:description\" content=\"Le Regard Libre N\u00b0 32 - Jonas Follonier Cela fait vingt ans qu\u2019Anne-Gabrielle Bretz-H\u00e9ritier et son \u00e9poux Nicola se donnent...\" \/>\n<meta property=\"og:url\" content=\"https:\/\/leregardlibre.com\/en\/company\/saviesanne-identity-in-the-spotlight-this-year\/\" \/>\n<meta property=\"og:site_name\" content=\"Le Regard Libre\" \/>\n<meta property=\"article:publisher\" content=\"https:\/\/www.facebook.com\/leregardlibre\/\" \/>\n<meta property=\"article:published_time\" content=\"2017-11-03T18:23:27+00:00\" \/>\n<meta property=\"article:modified_time\" content=\"2022-09-04T08:13:31+00:00\" \/>\n<meta property=\"og:image\" content=\"https:\/\/leregardlibre.com\/wp-content\/uploads\/2017\/11\/anne-gabrielle-et-nicola-v-bretz-hc3a9ritier-1-1024x724.jpeg\" \/>\n\t<meta property=\"og:image:width\" content=\"1024\" \/>\n\t<meta property=\"og:image:height\" content=\"724\" \/>\n\t<meta property=\"og:image:type\" content=\"image\/jpeg\" \/>\n<meta name=\"author\" content=\"Le Regard Libre\" \/>\n<meta name=\"twitter:card\" content=\"summary_large_image\" \/>\n<meta name=\"twitter:creator\" content=\"@LeRegardLibre\" \/>\n<meta name=\"twitter:site\" content=\"@LeRegardLibre\" \/>\n<meta name=\"twitter:label1\" content=\"Written by\" \/>\n\t<meta name=\"twitter:data1\" content=\"Le Regard Libre\" \/>\n\t<meta name=\"twitter:label2\" content=\"Est. reading time\" \/>\n\t<meta name=\"twitter:data2\" content=\"8 minutes\" \/>\n<script type=\"application\/ld+json\" class=\"yoast-schema-graph\">{\"@context\":\"https:\\\/\\\/schema.org\",\"@graph\":[{\"@type\":\"Article\",\"@id\":\"https:\\\/\\\/leregardlibre.com\\\/societe\\\/lidentite-saviesanne-a-lhonneur-cette-annee\\\/#article\",\"isPartOf\":{\"@id\":\"https:\\\/\\\/leregardlibre.com\\\/societe\\\/lidentite-saviesanne-a-lhonneur-cette-annee\\\/\"},\"author\":{\"name\":\"Le Regard Libre\",\"@id\":\"https:\\\/\\\/leregardlibre.com\\\/#\\\/schema\\\/person\\\/68aceea2de84966d0928b49556d54101\"},\"headline\":\"L&#8217;identit\u00e9 savi\u00e9sanne \u00e0 l&#8217;honneur cette ann\u00e9e\",\"datePublished\":\"2017-11-03T18:23:27+00:00\",\"dateModified\":\"2022-09-04T08:13:31+00:00\",\"mainEntityOfPage\":{\"@id\":\"https:\\\/\\\/leregardlibre.com\\\/societe\\\/lidentite-saviesanne-a-lhonneur-cette-annee\\\/\"},\"wordCount\":1548,\"commentCount\":0,\"publisher\":{\"@id\":\"https:\\\/\\\/leregardlibre.com\\\/#organization\"},\"image\":{\"@id\":\"https:\\\/\\\/leregardlibre.com\\\/societe\\\/lidentite-saviesanne-a-lhonneur-cette-annee\\\/#primaryimage\"},\"thumbnailUrl\":\"https:\\\/\\\/leregardlibre.com\\\/wp-content\\\/uploads\\\/2017\\\/11\\\/anne-gabrielle-et-nicola-v-bretz-hc3a9ritier-1.jpeg\",\"keywords\":[\"Interview\"],\"articleSection\":[\"Soci\u00e9t\u00e9\"],\"inLanguage\":\"en-US\",\"potentialAction\":[{\"@type\":\"CommentAction\",\"name\":\"Comment\",\"target\":[\"https:\\\/\\\/leregardlibre.com\\\/societe\\\/lidentite-saviesanne-a-lhonneur-cette-annee\\\/#respond\"]}]},{\"@type\":\"WebPage\",\"@id\":\"https:\\\/\\\/leregardlibre.com\\\/societe\\\/lidentite-saviesanne-a-lhonneur-cette-annee\\\/\",\"url\":\"https:\\\/\\\/leregardlibre.com\\\/societe\\\/lidentite-saviesanne-a-lhonneur-cette-annee\\\/\",\"name\":\"L'identit\u00e9 savi\u00e9sanne \u00e0 l'honneur cette ann\u00e9e\",\"isPartOf\":{\"@id\":\"https:\\\/\\\/leregardlibre.com\\\/#website\"},\"primaryImageOfPage\":{\"@id\":\"https:\\\/\\\/leregardlibre.com\\\/societe\\\/lidentite-saviesanne-a-lhonneur-cette-annee\\\/#primaryimage\"},\"image\":{\"@id\":\"https:\\\/\\\/leregardlibre.com\\\/societe\\\/lidentite-saviesanne-a-lhonneur-cette-annee\\\/#primaryimage\"},\"thumbnailUrl\":\"https:\\\/\\\/leregardlibre.com\\\/wp-content\\\/uploads\\\/2017\\\/11\\\/anne-gabrielle-et-nicola-v-bretz-hc3a9ritier-1.jpeg\",\"datePublished\":\"2017-11-03T18:23:27+00:00\",\"dateModified\":\"2022-09-04T08:13:31+00:00\",\"breadcrumb\":{\"@id\":\"https:\\\/\\\/leregardlibre.com\\\/societe\\\/lidentite-saviesanne-a-lhonneur-cette-annee\\\/#breadcrumb\"},\"inLanguage\":\"en-US\",\"potentialAction\":[{\"@type\":\"ReadAction\",\"target\":[\"https:\\\/\\\/leregardlibre.com\\\/societe\\\/lidentite-saviesanne-a-lhonneur-cette-annee\\\/\"]}]},{\"@type\":\"ImageObject\",\"inLanguage\":\"en-US\",\"@id\":\"https:\\\/\\\/leregardlibre.com\\\/societe\\\/lidentite-saviesanne-a-lhonneur-cette-annee\\\/#primaryimage\",\"url\":\"https:\\\/\\\/leregardlibre.com\\\/wp-content\\\/uploads\\\/2017\\\/11\\\/anne-gabrielle-et-nicola-v-bretz-hc3a9ritier-1.jpeg\",\"contentUrl\":\"https:\\\/\\\/leregardlibre.com\\\/wp-content\\\/uploads\\\/2017\\\/11\\\/anne-gabrielle-et-nicola-v-bretz-hc3a9ritier-1.jpeg\",\"width\":3507,\"height\":2480},{\"@type\":\"BreadcrumbList\",\"@id\":\"https:\\\/\\\/leregardlibre.com\\\/societe\\\/lidentite-saviesanne-a-lhonneur-cette-annee\\\/#breadcrumb\",\"itemListElement\":[{\"@type\":\"ListItem\",\"position\":1,\"name\":\"Accueil\",\"item\":\"https:\\\/\\\/leregardlibre.com\\\/\"},{\"@type\":\"ListItem\",\"position\":2,\"name\":\"L&#8217;identit\u00e9 savi\u00e9sanne \u00e0 l&#8217;honneur cette ann\u00e9e\"}]},{\"@type\":\"WebSite\",\"@id\":\"https:\\\/\\\/leregardlibre.com\\\/#website\",\"url\":\"https:\\\/\\\/leregardlibre.com\\\/\",\"name\":\"Le Regard Libre\",\"description\":\"Premier mensuel suisse de d\u00e9bat\",\"publisher\":{\"@id\":\"https:\\\/\\\/leregardlibre.com\\\/#organization\"},\"potentialAction\":[{\"@type\":\"SearchAction\",\"target\":{\"@type\":\"EntryPoint\",\"urlTemplate\":\"https:\\\/\\\/leregardlibre.com\\\/?s={search_term_string}\"},\"query-input\":{\"@type\":\"PropertyValueSpecification\",\"valueRequired\":true,\"valueName\":\"search_term_string\"}}],\"inLanguage\":\"en-US\"},{\"@type\":\"Organization\",\"@id\":\"https:\\\/\\\/leregardlibre.com\\\/#organization\",\"name\":\"Le Regard Libre\",\"url\":\"https:\\\/\\\/leregardlibre.com\\\/\",\"logo\":{\"@type\":\"ImageObject\",\"inLanguage\":\"en-US\",\"@id\":\"https:\\\/\\\/leregardlibre.com\\\/#\\\/schema\\\/logo\\\/image\\\/\",\"url\":\"https:\\\/\\\/leregardlibre.com\\\/wp-content\\\/uploads\\\/2025\\\/08\\\/logo-rl-icone-neg.jpeg\",\"contentUrl\":\"https:\\\/\\\/leregardlibre.com\\\/wp-content\\\/uploads\\\/2025\\\/08\\\/logo-rl-icone-neg.jpeg\",\"width\":557,\"height\":556,\"caption\":\"Le Regard Libre\"},\"image\":{\"@id\":\"https:\\\/\\\/leregardlibre.com\\\/#\\\/schema\\\/logo\\\/image\\\/\"},\"sameAs\":[\"https:\\\/\\\/www.facebook.com\\\/leregardlibre\\\/\",\"https:\\\/\\\/x.com\\\/LeRegardLibre\",\"https:\\\/\\\/www.linkedin.com\\\/company\\\/le-regard-libre\",\"https:\\\/\\\/www.instagram.com\\\/leregardlibre\\\/\",\"http:\\\/\\\/t.me\\\/leregardlibre\",\"https:\\\/\\\/youtube.com\\\/channel\\\/UC6HzGPomj1LsUmlz-sJtITQ\"],\"description\":\"Le Regard Libre est un mensuel suisse de d\u00e9bat intellectuel et culturel. Sa r\u00e9daction est jeune, b\u00e9n\u00e9vole, lib\u00e9rale et pluraliste. Le magazine para\u00eet en ligne et sous forme papier. Sa langue est le fran\u00e7ais.\",\"email\":\"redaction@leregardlibre.com\",\"legalName\":\"Le Regard Libre\",\"foundingDate\":\"2014-01-01\",\"numberOfEmployees\":{\"@type\":\"QuantitativeValue\",\"minValue\":\"11\",\"maxValue\":\"50\"},\"publishingPrinciples\":\"https:\\\/\\\/leregardlibre.com\\\/a-propos\\\/notre-manifeste\\\/\",\"ownershipFundingInfo\":\"https:\\\/\\\/leregardlibre.com\\\/mentions-legales\\\/\",\"actionableFeedbackPolicy\":\"https:\\\/\\\/leregardlibre.com\\\/conditions-generales-de-vente\\\/\"},{\"@type\":\"Person\",\"@id\":\"https:\\\/\\\/leregardlibre.com\\\/#\\\/schema\\\/person\\\/68aceea2de84966d0928b49556d54101\",\"name\":\"Le Regard Libre\",\"image\":{\"@type\":\"ImageObject\",\"inLanguage\":\"en-US\",\"@id\":\"https:\\\/\\\/secure.gravatar.com\\\/avatar\\\/ccf13a262e399e026577c8158b11cbdef98921ac28fa06bc0d43a2d0e2a4a1c0?s=96&d=identicon&r=g\",\"url\":\"https:\\\/\\\/secure.gravatar.com\\\/avatar\\\/ccf13a262e399e026577c8158b11cbdef98921ac28fa06bc0d43a2d0e2a4a1c0?s=96&d=identicon&r=g\",\"contentUrl\":\"https:\\\/\\\/secure.gravatar.com\\\/avatar\\\/ccf13a262e399e026577c8158b11cbdef98921ac28fa06bc0d43a2d0e2a4a1c0?s=96&d=identicon&r=g\",\"caption\":\"Le Regard Libre\"},\"description\":\"Premier mensuel suisse de d\u00e9bat\",\"sameAs\":[\"https:\\\/\\\/fr.wikipedia.org\\\/wiki\\\/Le_Regard_libre\"],\"url\":\"https:\\\/\\\/leregardlibre.com\\\/en\\\/author\\\/leregardlibre\\\/\"}]}<\/script>\n<!-- \/ Yoast SEO Premium plugin. -->","yoast_head_json":{"title":"Savoy identity in the spotlight this year","robots":{"index":"index","follow":"follow","max-snippet":"max-snippet:-1","max-image-preview":"max-image-preview:large","max-video-preview":"max-video-preview:-1"},"canonical":"https:\/\/leregardlibre.com\/en\/company\/saviesanne-identity-in-the-spotlight-this-year\/","og_locale":"en_US","og_type":"article","og_title":"L'identit\u00e9 savi\u00e9sanne \u00e0 l'honneur cette ann\u00e9e","og_description":"Le Regard Libre N\u00b0 32 - Jonas Follonier Cela fait vingt ans qu\u2019Anne-Gabrielle Bretz-H\u00e9ritier et son \u00e9poux Nicola se donnent...","og_url":"https:\/\/leregardlibre.com\/en\/company\/saviesanne-identity-in-the-spotlight-this-year\/","og_site_name":"Le Regard Libre","article_publisher":"https:\/\/www.facebook.com\/leregardlibre\/","article_published_time":"2017-11-03T18:23:27+00:00","article_modified_time":"2022-09-04T08:13:31+00:00","og_image":[{"width":1024,"height":724,"url":"https:\/\/leregardlibre.com\/wp-content\/uploads\/2017\/11\/anne-gabrielle-et-nicola-v-bretz-hc3a9ritier-1-1024x724.jpeg","type":"image\/jpeg"}],"author":"Le Regard Libre","twitter_card":"summary_large_image","twitter_creator":"@LeRegardLibre","twitter_site":"@LeRegardLibre","twitter_misc":{"Written by":"Le Regard Libre","Est. reading time":"8 minutes"},"schema":{"@context":"https:\/\/schema.org","@graph":[{"@type":"Article","@id":"https:\/\/leregardlibre.com\/societe\/lidentite-saviesanne-a-lhonneur-cette-annee\/#article","isPartOf":{"@id":"https:\/\/leregardlibre.com\/societe\/lidentite-saviesanne-a-lhonneur-cette-annee\/"},"author":{"name":"Le Regard Libre","@id":"https:\/\/leregardlibre.com\/#\/schema\/person\/68aceea2de84966d0928b49556d54101"},"headline":"L&#8217;identit\u00e9 savi\u00e9sanne \u00e0 l&#8217;honneur cette ann\u00e9e","datePublished":"2017-11-03T18:23:27+00:00","dateModified":"2022-09-04T08:13:31+00:00","mainEntityOfPage":{"@id":"https:\/\/leregardlibre.com\/societe\/lidentite-saviesanne-a-lhonneur-cette-annee\/"},"wordCount":1548,"commentCount":0,"publisher":{"@id":"https:\/\/leregardlibre.com\/#organization"},"image":{"@id":"https:\/\/leregardlibre.com\/societe\/lidentite-saviesanne-a-lhonneur-cette-annee\/#primaryimage"},"thumbnailUrl":"https:\/\/leregardlibre.com\/wp-content\/uploads\/2017\/11\/anne-gabrielle-et-nicola-v-bretz-hc3a9ritier-1.jpeg","keywords":["Interview"],"articleSection":["Soci\u00e9t\u00e9"],"inLanguage":"en-US","potentialAction":[{"@type":"CommentAction","name":"Comment","target":["https:\/\/leregardlibre.com\/societe\/lidentite-saviesanne-a-lhonneur-cette-annee\/#respond"]}]},{"@type":"WebPage","@id":"https:\/\/leregardlibre.com\/societe\/lidentite-saviesanne-a-lhonneur-cette-annee\/","url":"https:\/\/leregardlibre.com\/societe\/lidentite-saviesanne-a-lhonneur-cette-annee\/","name":"Savoy identity in the spotlight this year","isPartOf":{"@id":"https:\/\/leregardlibre.com\/#website"},"primaryImageOfPage":{"@id":"https:\/\/leregardlibre.com\/societe\/lidentite-saviesanne-a-lhonneur-cette-annee\/#primaryimage"},"image":{"@id":"https:\/\/leregardlibre.com\/societe\/lidentite-saviesanne-a-lhonneur-cette-annee\/#primaryimage"},"thumbnailUrl":"https:\/\/leregardlibre.com\/wp-content\/uploads\/2017\/11\/anne-gabrielle-et-nicola-v-bretz-hc3a9ritier-1.jpeg","datePublished":"2017-11-03T18:23:27+00:00","dateModified":"2022-09-04T08:13:31+00:00","breadcrumb":{"@id":"https:\/\/leregardlibre.com\/societe\/lidentite-saviesanne-a-lhonneur-cette-annee\/#breadcrumb"},"inLanguage":"en-US","potentialAction":[{"@type":"ReadAction","target":["https:\/\/leregardlibre.com\/societe\/lidentite-saviesanne-a-lhonneur-cette-annee\/"]}]},{"@type":"ImageObject","inLanguage":"en-US","@id":"https:\/\/leregardlibre.com\/societe\/lidentite-saviesanne-a-lhonneur-cette-annee\/#primaryimage","url":"https:\/\/leregardlibre.com\/wp-content\/uploads\/2017\/11\/anne-gabrielle-et-nicola-v-bretz-hc3a9ritier-1.jpeg","contentUrl":"https:\/\/leregardlibre.com\/wp-content\/uploads\/2017\/11\/anne-gabrielle-et-nicola-v-bretz-hc3a9ritier-1.jpeg","width":3507,"height":2480},{"@type":"BreadcrumbList","@id":"https:\/\/leregardlibre.com\/societe\/lidentite-saviesanne-a-lhonneur-cette-annee\/#breadcrumb","itemListElement":[{"@type":"ListItem","position":1,"name":"Accueil","item":"https:\/\/leregardlibre.com\/"},{"@type":"ListItem","position":2,"name":"L&#8217;identit\u00e9 savi\u00e9sanne \u00e0 l&#8217;honneur cette ann\u00e9e"}]},{"@type":"WebSite","@id":"https:\/\/leregardlibre.com\/#website","url":"https:\/\/leregardlibre.com\/","name":"Le Regard Libre","description":"Switzerland's first monthly debate magazine","publisher":{"@id":"https:\/\/leregardlibre.com\/#organization"},"potentialAction":[{"@type":"SearchAction","target":{"@type":"EntryPoint","urlTemplate":"https:\/\/leregardlibre.com\/?s={search_term_string}"},"query-input":{"@type":"PropertyValueSpecification","valueRequired":true,"valueName":"search_term_string"}}],"inLanguage":"en-US"},{"@type":"Organization","@id":"https:\/\/leregardlibre.com\/#organization","name":"Le Regard Libre","url":"https:\/\/leregardlibre.com\/","logo":{"@type":"ImageObject","inLanguage":"en-US","@id":"https:\/\/leregardlibre.com\/#\/schema\/logo\/image\/","url":"https:\/\/leregardlibre.com\/wp-content\/uploads\/2025\/08\/logo-rl-icone-neg.jpeg","contentUrl":"https:\/\/leregardlibre.com\/wp-content\/uploads\/2025\/08\/logo-rl-icone-neg.jpeg","width":557,"height":556,"caption":"Le Regard Libre"},"image":{"@id":"https:\/\/leregardlibre.com\/#\/schema\/logo\/image\/"},"sameAs":["https:\/\/www.facebook.com\/leregardlibre\/","https:\/\/x.com\/LeRegardLibre","https:\/\/www.linkedin.com\/company\/le-regard-libre","https:\/\/www.instagram.com\/leregardlibre\/","http:\/\/t.me\/leregardlibre","https:\/\/youtube.com\/channel\/UC6HzGPomj1LsUmlz-sJtITQ"],"description":"Le Regard Libre is a Swiss monthly magazine for intellectual and cultural debate. Its editorial team is young, voluntary, liberal and pluralist. The magazine appears online and in print. Its language is French.","email":"redaction@leregardlibre.com","legalName":"Le Regard Libre","foundingDate":"2014-01-01","numberOfEmployees":{"@type":"QuantitativeValue","minValue":"11","maxValue":"50"},"publishingPrinciples":"https:\/\/leregardlibre.com\/a-propos\/notre-manifeste\/","ownershipFundingInfo":"https:\/\/leregardlibre.com\/mentions-legales\/","actionableFeedbackPolicy":"https:\/\/leregardlibre.com\/conditions-generales-de-vente\/"},{"@type":"Person","@id":"https:\/\/leregardlibre.com\/#\/schema\/person\/68aceea2de84966d0928b49556d54101","name":"Le Regard Libre","image":{"@type":"ImageObject","inLanguage":"en-US","@id":"https:\/\/secure.gravatar.com\/avatar\/ccf13a262e399e026577c8158b11cbdef98921ac28fa06bc0d43a2d0e2a4a1c0?s=96&d=identicon&r=g","url":"https:\/\/secure.gravatar.com\/avatar\/ccf13a262e399e026577c8158b11cbdef98921ac28fa06bc0d43a2d0e2a4a1c0?s=96&d=identicon&r=g","contentUrl":"https:\/\/secure.gravatar.com\/avatar\/ccf13a262e399e026577c8158b11cbdef98921ac28fa06bc0d43a2d0e2a4a1c0?s=96&d=identicon&r=g","caption":"Le Regard Libre"},"description":"Switzerland's first monthly debate magazine","sameAs":["https:\/\/fr.wikipedia.org\/wiki\/Le_Regard_libre"],"url":"https:\/\/leregardlibre.com\/en\/author\/leregardlibre\/"}]}},"_links":{"self":[{"href":"https:\/\/leregardlibre.com\/en\/wp-json\/wp\/v2\/posts\/12725","targetHints":{"allow":["GET"]}}],"collection":[{"href":"https:\/\/leregardlibre.com\/en\/wp-json\/wp\/v2\/posts"}],"about":[{"href":"https:\/\/leregardlibre.com\/en\/wp-json\/wp\/v2\/types\/post"}],"author":[{"embeddable":true,"href":"https:\/\/leregardlibre.com\/en\/wp-json\/wp\/v2\/users\/1"}],"replies":[{"embeddable":true,"href":"https:\/\/leregardlibre.com\/en\/wp-json\/wp\/v2\/comments?post=12725"}],"version-history":[{"count":1,"href":"https:\/\/leregardlibre.com\/en\/wp-json\/wp\/v2\/posts\/12725\/revisions"}],"predecessor-version":[{"id":509486,"href":"https:\/\/leregardlibre.com\/en\/wp-json\/wp\/v2\/posts\/12725\/revisions\/509486"}],"wp:featuredmedia":[{"embeddable":true,"href":"https:\/\/leregardlibre.com\/en\/wp-json\/wp\/v2\/media\/509487"}],"wp:attachment":[{"href":"https:\/\/leregardlibre.com\/en\/wp-json\/wp\/v2\/media?parent=12725"}],"wp:term":[{"taxonomy":"category","embeddable":true,"href":"https:\/\/leregardlibre.com\/en\/wp-json\/wp\/v2\/categories?post=12725"},{"taxonomy":"post_tag","embeddable":true,"href":"https:\/\/leregardlibre.com\/en\/wp-json\/wp\/v2\/tags?post=12725"}],"curies":[{"name":"wp","href":"https:\/\/api.w.org\/{rel}","templated":true}]}}