{"id":12912,"date":"2017-11-08T08:00:52","date_gmt":"2017-11-08T06:00:52","guid":{"rendered":"http:\/\/leregardlibre.com\/?p=12912"},"modified":"2025-12-04T23:01:25","modified_gmt":"2025-12-04T22:01:25","slug":"polanski-novel-based-on-a-true-story","status":"publish","type":"post","link":"https:\/\/leregardlibre.com\/en\/cinema\/films\/polanski-novel-based-on-a-true-story\/","title":{"rendered":"Roman Polanski - \u00abBased on a true story\u00bb"},"content":{"rendered":"<p><em>Cinema Wednesdays - Alexandre W\u00e4lti<\/em><\/p>\n\n\n\n<p class=\"has-drop-cap\"><strong>Some films need a verse to be commented on and summarized. Because they leave you wondering. Because they leave us with the strange sensation of an incomplete work.<\/strong><\/p>\n\n\n\n<!--more Lire la critique-->\n\n\n\n<p>That's the prevailing impression on release of the film. <em>Based on a true story<\/em> by Roman Polanski, freely adapted from the novel by Delphine de Vigan. The trailer was intriguing. The final result only half satisfies. This is the story of Delphine, author of a best-selling novel, played by Emmanuelle Seigner. In a moment of deep doubt, she encounters a strong, seductive but also manipulative woman, the actress Eva Green. At first, Elle, as she is known, is real, and then Delphine and the viewer become confused.<\/p>\n\n\n\n<h3 class=\"wp-block-heading\">\u00abOne more book and I'll split in two\u00bb.\u00bb<\/h3>\n\n\n\n<p>This is what Delphine confides at the start of the film, after an exhausting signing session. It's a foreshadowing that doesn't yet reveal the main character's destiny. In this respect, the plot keeps its promises, even if we are too quick to guess the outcome.<\/p>\n\n\n\n<p>Emanuelle Seigner and Eva Green, that's something else. The duo works. We have nothing to say about that. We're thinking above all of the excellent performance by the former, who goes through every emotion, even physically. She transforms from scene to scene, from livid to luminous, from gloomy to candid, and so on throughout the film. She marvels when She encourages her, she destroys herself when She threatens her. Elle's omnipresence tortures Delphine, delighting her, touching her, weakening her with each scene, lie and confession.<\/p>\n\n\n\n<p>There's a tension that builds to a crescendo. It resembles the uncomfortable tension between Ewan McGregor and Pierce Brosnan in <em>The Ghost Writer <\/em>by the same director. But it doesn't run through the whole film, and that's precisely the missing half of the work. It never fully reaches the viewer, and is concentrated almost exclusively in the face-to-face encounters between Delphine and Elle. When Elle starts answering all Delphine's e-mails. When Delphine thinks she has the upper hand over Elle. The theme of the literary ghostwriter can also be found in both features. It's Elle's job.<\/p>\n\n\n\n<h3 class=\"wp-block-heading\">Semi-convincing tension<\/h3>\n\n\n\n<p>Roman Polanski succeeds in the tour de force of losing the viewer. We're thinking in particular of the few characters who intervene in Delphine's day-to-day life to create ongoing confusion: Delphine's press attach\u00e9, the archivist at the Lyc\u00e9e Balzac library where the author was due to give a lecture, the publisher and the e-mail he supposedly received, and so on.<\/p>\n\n\n\n<p>The director has mastered the art of deceptive clues. He shows the viewer false leads, then makes them true, only to disprove them, and so on. It's a successful game, since at times we get as lost as Delphine.<\/p>\n\n\n\n<p>But the rest isn't totally convincing: the empathy for Delphine doesn't work, and the dialogue is too flat and tension-free. The film lacks the heart to really touch. The tension, befitting a psychological thriller, ebbs and flows when it should hold the viewer in suspense throughout. Perhaps that's just the way it's conceived. Finally, product placements abound and are too obvious. It's almost annoying.<\/p>\n\n\n\n<p>In the end, <em>Based on a true story <\/em>by Roman Polanski is technically masterful, but empathy is never fully aroused for the characters. This is a pity. Hence the initial skepticism that spoils the final result. Is this intentional? The question remains open. The film alternates between uninteresting and intense scenes. Incomplete as a verse without its poem.<\/p>\n\n\n\n<p><em>\u00abFor a bored heart\u00bb.\u00bb<\/em><br> Paul Verlaine<\/p>\n\n\n\n<p><em>Write to the author: <a href=\"mailto:alexandrewaelti@gmail.com\">alexandrewaelti@gmail.com<\/a><\/em><\/p>\n\n\n\n<p>Photo credit: \u00a9 Ecran Large<\/p>","protected":false},"excerpt":{"rendered":"<p>Les mercredis du cin\u00e9ma &#8211; Alexandre W\u00e4lti Certains films n\u00e9cessitent un vers pour \u00eatre comment\u00e9s et r\u00e9sum\u00e9s. Parce qu\u2019ils laissent&#8230;<\/p>","protected":false},"author":335,"featured_media":509494,"comment_status":"open","ping_status":"open","sticky":false,"template":"","format":"standard","meta":{"_acf_changed":false,"footnotes":""},"categories":[644355829],"tags":[24202243,914264,8516791,34836,157655993,247807,595702212,1099848,203230,334958,200242,5098332,28510650],"class_list":["post-12912","post","type-post","status-publish","format-standard","has-post-thumbnail","hentry","category-films","tag-dapres-une-histoire-vraie","tag-delphine","tag-delphine-de-vigan","tag-elle","tag-erwan-mcgregor","tag-eva-green","tag-oeuvre-incomplete","tag-paul-verlaine","tag-pierce-brosnan","tag-roman-polanski","tag-tension","tag-the-ghost-writer","tag-thriller-psychologique"],"acf":[],"yoast_head":"<!-- This site is optimized with the Yoast SEO Premium plugin v27.4 (Yoast SEO v27.4) - https:\/\/yoast.com\/product\/yoast-seo-premium-wordpress\/ -->\n<title>Roman Polanski \u2013 \u00abD&#039;apr\u00e8s une histoire vraie\u00bb<\/title>\n<meta name=\"robots\" content=\"index, follow, max-snippet:-1, max-image-preview:large, max-video-preview:-1\" \/>\n<link rel=\"canonical\" href=\"https:\/\/leregardlibre.com\/en\/cinema\/films\/polanski-novel-based-on-a-true-story\/\" \/>\n<meta property=\"og:locale\" content=\"en_US\" \/>\n<meta property=\"og:type\" content=\"article\" \/>\n<meta property=\"og:title\" content=\"Roman Polanski \u2013 \u00abD&#039;apr\u00e8s une histoire vraie\u00bb\" \/>\n<meta property=\"og:description\" content=\"Les mercredis du cin\u00e9ma - Alexandre W\u00e4lti Certains films n\u00e9cessitent un vers pour \u00eatre comment\u00e9s et r\u00e9sum\u00e9s. Parce qu\u2019ils laissent...\" \/>\n<meta property=\"og:url\" content=\"https:\/\/leregardlibre.com\/en\/cinema\/films\/polanski-novel-based-on-a-true-story\/\" \/>\n<meta property=\"og:site_name\" content=\"Le Regard Libre\" \/>\n<meta property=\"article:publisher\" content=\"https:\/\/www.facebook.com\/leregardlibre\/\" \/>\n<meta property=\"article:published_time\" content=\"2017-11-08T06:00:52+00:00\" \/>\n<meta property=\"article:modified_time\" content=\"2025-12-04T22:01:25+00:00\" \/>\n<meta property=\"og:image\" content=\"https:\/\/leregardlibre.com\/wp-content\/uploads\/2017\/11\/22daprc3a8s-une-histoire-vraie22-1-1024x576.jpg\" \/>\n\t<meta property=\"og:image:width\" content=\"1024\" \/>\n\t<meta property=\"og:image:height\" content=\"576\" \/>\n\t<meta property=\"og:image:type\" content=\"image\/jpeg\" \/>\n<meta name=\"author\" content=\"Alexandre W\u00e4lti\" \/>\n<meta name=\"twitter:card\" content=\"summary_large_image\" \/>\n<meta name=\"twitter:creator\" content=\"@LeRegardLibre\" \/>\n<meta name=\"twitter:site\" content=\"@LeRegardLibre\" \/>\n<meta name=\"twitter:label1\" content=\"Written by\" \/>\n\t<meta name=\"twitter:data1\" content=\"Alexandre W\u00e4lti\" \/>\n\t<meta name=\"twitter:label2\" content=\"Est. reading time\" \/>\n\t<meta name=\"twitter:data2\" content=\"4 minutes\" \/>\n<script type=\"application\/ld+json\" class=\"yoast-schema-graph\">{\"@context\":\"https:\\\/\\\/schema.org\",\"@graph\":[{\"@type\":\"Article\",\"@id\":\"https:\\\/\\\/leregardlibre.com\\\/cinema\\\/films\\\/roman-polanski-dapres-une-histoire-vraie\\\/#article\",\"isPartOf\":{\"@id\":\"https:\\\/\\\/leregardlibre.com\\\/cinema\\\/films\\\/roman-polanski-dapres-une-histoire-vraie\\\/\"},\"author\":{\"name\":\"Alexandre W\u00e4lti\",\"@id\":\"https:\\\/\\\/leregardlibre.com\\\/#\\\/schema\\\/person\\\/634006bb230566361a27c65cfd0aaf24\"},\"headline\":\"Roman Polanski \u2013 \u00abD&#8217;apr\u00e8s une histoire vraie\u00bb\",\"datePublished\":\"2017-11-08T06:00:52+00:00\",\"dateModified\":\"2025-12-04T22:01:25+00:00\",\"mainEntityOfPage\":{\"@id\":\"https:\\\/\\\/leregardlibre.com\\\/cinema\\\/films\\\/roman-polanski-dapres-une-histoire-vraie\\\/\"},\"wordCount\":715,\"commentCount\":0,\"publisher\":{\"@id\":\"https:\\\/\\\/leregardlibre.com\\\/#organization\"},\"image\":{\"@id\":\"https:\\\/\\\/leregardlibre.com\\\/cinema\\\/films\\\/roman-polanski-dapres-une-histoire-vraie\\\/#primaryimage\"},\"thumbnailUrl\":\"https:\\\/\\\/leregardlibre.com\\\/wp-content\\\/uploads\\\/2017\\\/11\\\/22daprc3a8s-une-histoire-vraie22-1.jpg\",\"keywords\":[\"d'apr\u00e8s une histoire vraie\",\"delphine\",\"delphine de vigan\",\"elle\",\"erwan mcgregor\",\"eva green\",\"\u0153uvre incompl\u00e8te\",\"Paul Verlaine\",\"pierce brosnan\",\"Roman Polanski\",\"tension\",\"the ghost writer\",\"Thriller psychologique\"],\"articleSection\":[\"Films\"],\"inLanguage\":\"en-US\",\"potentialAction\":[{\"@type\":\"CommentAction\",\"name\":\"Comment\",\"target\":[\"https:\\\/\\\/leregardlibre.com\\\/cinema\\\/films\\\/roman-polanski-dapres-une-histoire-vraie\\\/#respond\"]}]},{\"@type\":\"WebPage\",\"@id\":\"https:\\\/\\\/leregardlibre.com\\\/cinema\\\/films\\\/roman-polanski-dapres-une-histoire-vraie\\\/\",\"url\":\"https:\\\/\\\/leregardlibre.com\\\/cinema\\\/films\\\/roman-polanski-dapres-une-histoire-vraie\\\/\",\"name\":\"Roman Polanski \u2013 \u00abD'apr\u00e8s une histoire vraie\u00bb\",\"isPartOf\":{\"@id\":\"https:\\\/\\\/leregardlibre.com\\\/#website\"},\"primaryImageOfPage\":{\"@id\":\"https:\\\/\\\/leregardlibre.com\\\/cinema\\\/films\\\/roman-polanski-dapres-une-histoire-vraie\\\/#primaryimage\"},\"image\":{\"@id\":\"https:\\\/\\\/leregardlibre.com\\\/cinema\\\/films\\\/roman-polanski-dapres-une-histoire-vraie\\\/#primaryimage\"},\"thumbnailUrl\":\"https:\\\/\\\/leregardlibre.com\\\/wp-content\\\/uploads\\\/2017\\\/11\\\/22daprc3a8s-une-histoire-vraie22-1.jpg\",\"datePublished\":\"2017-11-08T06:00:52+00:00\",\"dateModified\":\"2025-12-04T22:01:25+00:00\",\"breadcrumb\":{\"@id\":\"https:\\\/\\\/leregardlibre.com\\\/cinema\\\/films\\\/roman-polanski-dapres-une-histoire-vraie\\\/#breadcrumb\"},\"inLanguage\":\"en-US\",\"potentialAction\":[{\"@type\":\"ReadAction\",\"target\":[\"https:\\\/\\\/leregardlibre.com\\\/cinema\\\/films\\\/roman-polanski-dapres-une-histoire-vraie\\\/\"]}]},{\"@type\":\"ImageObject\",\"inLanguage\":\"en-US\",\"@id\":\"https:\\\/\\\/leregardlibre.com\\\/cinema\\\/films\\\/roman-polanski-dapres-une-histoire-vraie\\\/#primaryimage\",\"url\":\"https:\\\/\\\/leregardlibre.com\\\/wp-content\\\/uploads\\\/2017\\\/11\\\/22daprc3a8s-une-histoire-vraie22-1.jpg\",\"contentUrl\":\"https:\\\/\\\/leregardlibre.com\\\/wp-content\\\/uploads\\\/2017\\\/11\\\/22daprc3a8s-une-histoire-vraie22-1.jpg\",\"width\":4724,\"height\":2657},{\"@type\":\"BreadcrumbList\",\"@id\":\"https:\\\/\\\/leregardlibre.com\\\/cinema\\\/films\\\/roman-polanski-dapres-une-histoire-vraie\\\/#breadcrumb\",\"itemListElement\":[{\"@type\":\"ListItem\",\"position\":1,\"name\":\"Accueil\",\"item\":\"https:\\\/\\\/leregardlibre.com\\\/\"},{\"@type\":\"ListItem\",\"position\":2,\"name\":\"Roman Polanski \u2013 \u00abD&#8217;apr\u00e8s une histoire vraie\u00bb\"}]},{\"@type\":\"WebSite\",\"@id\":\"https:\\\/\\\/leregardlibre.com\\\/#website\",\"url\":\"https:\\\/\\\/leregardlibre.com\\\/\",\"name\":\"Le Regard Libre\",\"description\":\"Premier mensuel suisse de d\u00e9bat\",\"publisher\":{\"@id\":\"https:\\\/\\\/leregardlibre.com\\\/#organization\"},\"potentialAction\":[{\"@type\":\"SearchAction\",\"target\":{\"@type\":\"EntryPoint\",\"urlTemplate\":\"https:\\\/\\\/leregardlibre.com\\\/?s={search_term_string}\"},\"query-input\":{\"@type\":\"PropertyValueSpecification\",\"valueRequired\":true,\"valueName\":\"search_term_string\"}}],\"inLanguage\":\"en-US\"},{\"@type\":\"Organization\",\"@id\":\"https:\\\/\\\/leregardlibre.com\\\/#organization\",\"name\":\"Le Regard Libre\",\"url\":\"https:\\\/\\\/leregardlibre.com\\\/\",\"logo\":{\"@type\":\"ImageObject\",\"inLanguage\":\"en-US\",\"@id\":\"https:\\\/\\\/leregardlibre.com\\\/#\\\/schema\\\/logo\\\/image\\\/\",\"url\":\"https:\\\/\\\/leregardlibre.com\\\/wp-content\\\/uploads\\\/2025\\\/08\\\/logo-rl-icone-neg.jpeg\",\"contentUrl\":\"https:\\\/\\\/leregardlibre.com\\\/wp-content\\\/uploads\\\/2025\\\/08\\\/logo-rl-icone-neg.jpeg\",\"width\":557,\"height\":556,\"caption\":\"Le Regard Libre\"},\"image\":{\"@id\":\"https:\\\/\\\/leregardlibre.com\\\/#\\\/schema\\\/logo\\\/image\\\/\"},\"sameAs\":[\"https:\\\/\\\/www.facebook.com\\\/leregardlibre\\\/\",\"https:\\\/\\\/x.com\\\/LeRegardLibre\",\"https:\\\/\\\/www.linkedin.com\\\/company\\\/le-regard-libre\",\"https:\\\/\\\/www.instagram.com\\\/leregardlibre\\\/\",\"http:\\\/\\\/t.me\\\/leregardlibre\",\"https:\\\/\\\/youtube.com\\\/channel\\\/UC6HzGPomj1LsUmlz-sJtITQ\"],\"description\":\"Le Regard Libre est un mensuel suisse de d\u00e9bat intellectuel et culturel. Sa r\u00e9daction est jeune, b\u00e9n\u00e9vole, lib\u00e9rale et pluraliste. Le magazine para\u00eet en ligne et sous forme papier. Sa langue est le fran\u00e7ais.\",\"email\":\"redaction@leregardlibre.com\",\"legalName\":\"Le Regard Libre\",\"foundingDate\":\"2014-01-01\",\"numberOfEmployees\":{\"@type\":\"QuantitativeValue\",\"minValue\":\"11\",\"maxValue\":\"50\"},\"publishingPrinciples\":\"https:\\\/\\\/leregardlibre.com\\\/a-propos\\\/notre-manifeste\\\/\",\"ownershipFundingInfo\":\"https:\\\/\\\/leregardlibre.com\\\/mentions-legales\\\/\",\"actionableFeedbackPolicy\":\"https:\\\/\\\/leregardlibre.com\\\/conditions-generales-de-vente\\\/\"},{\"@type\":\"Person\",\"@id\":\"https:\\\/\\\/leregardlibre.com\\\/#\\\/schema\\\/person\\\/634006bb230566361a27c65cfd0aaf24\",\"name\":\"Alexandre W\u00e4lti\",\"image\":{\"@type\":\"ImageObject\",\"inLanguage\":\"en-US\",\"@id\":\"https:\\\/\\\/secure.gravatar.com\\\/avatar\\\/f7336d62d9c120955b2d7027964ca5a2e0245c0903661056e2e625d561f30fef?s=96&d=identicon&r=g\",\"url\":\"https:\\\/\\\/secure.gravatar.com\\\/avatar\\\/f7336d62d9c120955b2d7027964ca5a2e0245c0903661056e2e625d561f30fef?s=96&d=identicon&r=g\",\"contentUrl\":\"https:\\\/\\\/secure.gravatar.com\\\/avatar\\\/f7336d62d9c120955b2d7027964ca5a2e0245c0903661056e2e625d561f30fef?s=96&d=identicon&r=g\",\"caption\":\"Alexandre W\u00e4lti\"},\"sameAs\":[\"https:\\\/\\\/leregardlibre.com\\\/\"],\"url\":\"https:\\\/\\\/leregardlibre.com\\\/en\\\/author\\\/alexandre-waelti\\\/\"}]}<\/script>\n<!-- \/ Yoast SEO Premium plugin. -->","yoast_head_json":{"title":"Roman Polanski - \u00abBased on a true story\u00bb","robots":{"index":"index","follow":"follow","max-snippet":"max-snippet:-1","max-image-preview":"max-image-preview:large","max-video-preview":"max-video-preview:-1"},"canonical":"https:\/\/leregardlibre.com\/en\/cinema\/films\/polanski-novel-based-on-a-true-story\/","og_locale":"en_US","og_type":"article","og_title":"Roman Polanski \u2013 \u00abD'apr\u00e8s une histoire vraie\u00bb","og_description":"Les mercredis du cin\u00e9ma - Alexandre W\u00e4lti Certains films n\u00e9cessitent un vers pour \u00eatre comment\u00e9s et r\u00e9sum\u00e9s. Parce qu\u2019ils laissent...","og_url":"https:\/\/leregardlibre.com\/en\/cinema\/films\/polanski-novel-based-on-a-true-story\/","og_site_name":"Le Regard Libre","article_publisher":"https:\/\/www.facebook.com\/leregardlibre\/","article_published_time":"2017-11-08T06:00:52+00:00","article_modified_time":"2025-12-04T22:01:25+00:00","og_image":[{"width":1024,"height":576,"url":"https:\/\/leregardlibre.com\/wp-content\/uploads\/2017\/11\/22daprc3a8s-une-histoire-vraie22-1-1024x576.jpg","type":"image\/jpeg"}],"author":"Alexandre W\u00e4lti","twitter_card":"summary_large_image","twitter_creator":"@LeRegardLibre","twitter_site":"@LeRegardLibre","twitter_misc":{"Written by":"Alexandre W\u00e4lti","Est. reading time":"4 minutes"},"schema":{"@context":"https:\/\/schema.org","@graph":[{"@type":"Article","@id":"https:\/\/leregardlibre.com\/cinema\/films\/roman-polanski-dapres-une-histoire-vraie\/#article","isPartOf":{"@id":"https:\/\/leregardlibre.com\/cinema\/films\/roman-polanski-dapres-une-histoire-vraie\/"},"author":{"name":"Alexandre W\u00e4lti","@id":"https:\/\/leregardlibre.com\/#\/schema\/person\/634006bb230566361a27c65cfd0aaf24"},"headline":"Roman Polanski \u2013 \u00abD&#8217;apr\u00e8s une histoire vraie\u00bb","datePublished":"2017-11-08T06:00:52+00:00","dateModified":"2025-12-04T22:01:25+00:00","mainEntityOfPage":{"@id":"https:\/\/leregardlibre.com\/cinema\/films\/roman-polanski-dapres-une-histoire-vraie\/"},"wordCount":715,"commentCount":0,"publisher":{"@id":"https:\/\/leregardlibre.com\/#organization"},"image":{"@id":"https:\/\/leregardlibre.com\/cinema\/films\/roman-polanski-dapres-une-histoire-vraie\/#primaryimage"},"thumbnailUrl":"https:\/\/leregardlibre.com\/wp-content\/uploads\/2017\/11\/22daprc3a8s-une-histoire-vraie22-1.jpg","keywords":["d'apr\u00e8s une histoire vraie","delphine","delphine de vigan","elle","erwan mcgregor","eva green","\u0153uvre incompl\u00e8te","Paul Verlaine","pierce brosnan","Roman Polanski","tension","the ghost writer","Thriller psychologique"],"articleSection":["Films"],"inLanguage":"en-US","potentialAction":[{"@type":"CommentAction","name":"Comment","target":["https:\/\/leregardlibre.com\/cinema\/films\/roman-polanski-dapres-une-histoire-vraie\/#respond"]}]},{"@type":"WebPage","@id":"https:\/\/leregardlibre.com\/cinema\/films\/roman-polanski-dapres-une-histoire-vraie\/","url":"https:\/\/leregardlibre.com\/cinema\/films\/roman-polanski-dapres-une-histoire-vraie\/","name":"Roman Polanski - \u00abBased on a true story\u00bb","isPartOf":{"@id":"https:\/\/leregardlibre.com\/#website"},"primaryImageOfPage":{"@id":"https:\/\/leregardlibre.com\/cinema\/films\/roman-polanski-dapres-une-histoire-vraie\/#primaryimage"},"image":{"@id":"https:\/\/leregardlibre.com\/cinema\/films\/roman-polanski-dapres-une-histoire-vraie\/#primaryimage"},"thumbnailUrl":"https:\/\/leregardlibre.com\/wp-content\/uploads\/2017\/11\/22daprc3a8s-une-histoire-vraie22-1.jpg","datePublished":"2017-11-08T06:00:52+00:00","dateModified":"2025-12-04T22:01:25+00:00","breadcrumb":{"@id":"https:\/\/leregardlibre.com\/cinema\/films\/roman-polanski-dapres-une-histoire-vraie\/#breadcrumb"},"inLanguage":"en-US","potentialAction":[{"@type":"ReadAction","target":["https:\/\/leregardlibre.com\/cinema\/films\/roman-polanski-dapres-une-histoire-vraie\/"]}]},{"@type":"ImageObject","inLanguage":"en-US","@id":"https:\/\/leregardlibre.com\/cinema\/films\/roman-polanski-dapres-une-histoire-vraie\/#primaryimage","url":"https:\/\/leregardlibre.com\/wp-content\/uploads\/2017\/11\/22daprc3a8s-une-histoire-vraie22-1.jpg","contentUrl":"https:\/\/leregardlibre.com\/wp-content\/uploads\/2017\/11\/22daprc3a8s-une-histoire-vraie22-1.jpg","width":4724,"height":2657},{"@type":"BreadcrumbList","@id":"https:\/\/leregardlibre.com\/cinema\/films\/roman-polanski-dapres-une-histoire-vraie\/#breadcrumb","itemListElement":[{"@type":"ListItem","position":1,"name":"Accueil","item":"https:\/\/leregardlibre.com\/"},{"@type":"ListItem","position":2,"name":"Roman Polanski \u2013 \u00abD&#8217;apr\u00e8s une histoire vraie\u00bb"}]},{"@type":"WebSite","@id":"https:\/\/leregardlibre.com\/#website","url":"https:\/\/leregardlibre.com\/","name":"Le Regard Libre","description":"Switzerland's first monthly debate magazine","publisher":{"@id":"https:\/\/leregardlibre.com\/#organization"},"potentialAction":[{"@type":"SearchAction","target":{"@type":"EntryPoint","urlTemplate":"https:\/\/leregardlibre.com\/?s={search_term_string}"},"query-input":{"@type":"PropertyValueSpecification","valueRequired":true,"valueName":"search_term_string"}}],"inLanguage":"en-US"},{"@type":"Organization","@id":"https:\/\/leregardlibre.com\/#organization","name":"Le Regard Libre","url":"https:\/\/leregardlibre.com\/","logo":{"@type":"ImageObject","inLanguage":"en-US","@id":"https:\/\/leregardlibre.com\/#\/schema\/logo\/image\/","url":"https:\/\/leregardlibre.com\/wp-content\/uploads\/2025\/08\/logo-rl-icone-neg.jpeg","contentUrl":"https:\/\/leregardlibre.com\/wp-content\/uploads\/2025\/08\/logo-rl-icone-neg.jpeg","width":557,"height":556,"caption":"Le Regard Libre"},"image":{"@id":"https:\/\/leregardlibre.com\/#\/schema\/logo\/image\/"},"sameAs":["https:\/\/www.facebook.com\/leregardlibre\/","https:\/\/x.com\/LeRegardLibre","https:\/\/www.linkedin.com\/company\/le-regard-libre","https:\/\/www.instagram.com\/leregardlibre\/","http:\/\/t.me\/leregardlibre","https:\/\/youtube.com\/channel\/UC6HzGPomj1LsUmlz-sJtITQ"],"description":"Le Regard Libre is a Swiss monthly magazine for intellectual and cultural debate. Its editorial team is young, voluntary, liberal and pluralist. The magazine appears online and in print. Its language is French.","email":"redaction@leregardlibre.com","legalName":"Le Regard Libre","foundingDate":"2014-01-01","numberOfEmployees":{"@type":"QuantitativeValue","minValue":"11","maxValue":"50"},"publishingPrinciples":"https:\/\/leregardlibre.com\/a-propos\/notre-manifeste\/","ownershipFundingInfo":"https:\/\/leregardlibre.com\/mentions-legales\/","actionableFeedbackPolicy":"https:\/\/leregardlibre.com\/conditions-generales-de-vente\/"},{"@type":"Person","@id":"https:\/\/leregardlibre.com\/#\/schema\/person\/634006bb230566361a27c65cfd0aaf24","name":"Alexandre W\u00e4lti","image":{"@type":"ImageObject","inLanguage":"en-US","@id":"https:\/\/secure.gravatar.com\/avatar\/f7336d62d9c120955b2d7027964ca5a2e0245c0903661056e2e625d561f30fef?s=96&d=identicon&r=g","url":"https:\/\/secure.gravatar.com\/avatar\/f7336d62d9c120955b2d7027964ca5a2e0245c0903661056e2e625d561f30fef?s=96&d=identicon&r=g","contentUrl":"https:\/\/secure.gravatar.com\/avatar\/f7336d62d9c120955b2d7027964ca5a2e0245c0903661056e2e625d561f30fef?s=96&d=identicon&r=g","caption":"Alexandre W\u00e4lti"},"sameAs":["https:\/\/leregardlibre.com\/"],"url":"https:\/\/leregardlibre.com\/en\/author\/alexandre-waelti\/"}]}},"_links":{"self":[{"href":"https:\/\/leregardlibre.com\/en\/wp-json\/wp\/v2\/posts\/12912","targetHints":{"allow":["GET"]}}],"collection":[{"href":"https:\/\/leregardlibre.com\/en\/wp-json\/wp\/v2\/posts"}],"about":[{"href":"https:\/\/leregardlibre.com\/en\/wp-json\/wp\/v2\/types\/post"}],"author":[{"embeddable":true,"href":"https:\/\/leregardlibre.com\/en\/wp-json\/wp\/v2\/users\/335"}],"replies":[{"embeddable":true,"href":"https:\/\/leregardlibre.com\/en\/wp-json\/wp\/v2\/comments?post=12912"}],"version-history":[{"count":1,"href":"https:\/\/leregardlibre.com\/en\/wp-json\/wp\/v2\/posts\/12912\/revisions"}],"predecessor-version":[{"id":509493,"href":"https:\/\/leregardlibre.com\/en\/wp-json\/wp\/v2\/posts\/12912\/revisions\/509493"}],"wp:featuredmedia":[{"embeddable":true,"href":"https:\/\/leregardlibre.com\/en\/wp-json\/wp\/v2\/media\/509494"}],"wp:attachment":[{"href":"https:\/\/leregardlibre.com\/en\/wp-json\/wp\/v2\/media?parent=12912"}],"wp:term":[{"taxonomy":"category","embeddable":true,"href":"https:\/\/leregardlibre.com\/en\/wp-json\/wp\/v2\/categories?post=12912"},{"taxonomy":"post_tag","embeddable":true,"href":"https:\/\/leregardlibre.com\/en\/wp-json\/wp\/v2\/tags?post=12912"}],"curies":[{"name":"wp","href":"https:\/\/api.w.org\/{rel}","templated":true}]}}