{"id":13450,"date":"2017-12-03T16:02:47","date_gmt":"2017-12-03T14:02:47","guid":{"rendered":"http:\/\/leregardlibre.com\/?p=13450"},"modified":"2022-09-04T10:13:36","modified_gmt":"2022-09-04T08:13:36","slug":"lart-essence-de-la-mode","status":"publish","type":"post","link":"https:\/\/leregardlibre.com\/en\/company\/lart-essence-de-la-mode\/","title":{"rendered":"Art, the essence of fashion?"},"content":{"rendered":"<div class='content_excerpt'>\n<p>Le Regard Libre N\u00b0 33 - H\u00e9l\u00e8ne Lavoyer<\/p>\n\n\n\n<p class=\"has-drop-cap\"><strong>We all breathe the fragrant air of something we know well: fashion. Pleasant or not, this fragrance is charged with a captivating energy, inclined to create movement. Ready-to-wear tends to standardize the individuals who choose to conform to it - or submit to it. Yet fashion, in the singular, is at the origin of its plural, a craft capable of distorting the boundaries of norms, of shaking them up to make them yield. Is it an art form? The arrival at the Mus\u00e9e des Arts D\u00e9coratifs, in Paris, of an exhibition devoted to the House of Dior, or one dedicated to Balenciaga, puts the question back on the table.<\/strong><\/p>\n\n\n\n Read the article (subscribers)\n    <div class='restricted_content_fade'><\/div>\n    <\/div>\n  <style>\n    .content_excerpt{\n      position: relative;\n    }\n    .content_excerpt .restricted_content_fade{\n      position: absolute;\n      bottom: 0;\n      left: 0;\n      right: 0;\n      height: 75px;\n\t  margin-bottom: 0px;\n      background-image: linear-gradient(#ffffff2e, white);\n    }\n\n    .restricted_content{\n      margin-top: 30px;\n      border: solid #dddddd 1px;\n      border-radius: 7px;\n      padding: 30px;\n    }\n    \n    .restricted_content .restricted_content_title{\n      font-size: 22px;\n      font-weight: 600;\n    }\n    .restricted_content .restricted_content_flex_row{\n      display: flex;\n      flex-direction: row;\n    }\n    .restricted_content .restricted_content_image_container{\n      flex: 3;\n    }\n    .restricted_content .restricted_content_flex_column{\n      flex: 4;\n      display: flex;\n      flex-direction: column;\n      margin-left: 40px;\n      justify-content: center;\n    }\n\n\n    .restricted_content_buttons{\n      display: flex;\n      flex-direction: column;\n      width: min-content;\n    }\n    .restricted_content_button{\n      background-color: #f2f2f2;\n      text-transform: uppercase;\n      font-weight: 600;\n      padding: 8px 40px;\n      text-align: center;\n      font-size: 13px;\n      margin-top: 10px;\n      width: max-content;\n      width: 100%;\n      white-space: nowrap;\n    }\n    .restricted_content_button:hover {\n      background-color: #111111;\n      color: white;\n      text-decoration: none !important;\n    }\n\n    .restricted_content_primary_button{\n      background-color: #1F2A68 !important;\n      color: white !important;\n    }\n    .restricted_content_primary_button:hover {\n      background-color: #111111;\n    }\n\n    .restricted_content_text{\n      margin-bottom: 10px;\n      line-height: 1.2;\n      font-weight: 500;\n      font-size: 16px;\n    }\n\n  \n  <\/style>\n  <div class='restricted_content'>\n    <h3 class='restricted_content_title'>This content is reserved for our subscribers.<\/h3>\n    <div class='restricted_content_flex_row'>\n      <div class='restricted_content_image_container'>\n        <img class='restricted_content_image' src='\/wp-content\/uploads\/2025\/08\/abo_physique.png' \/>\n      <\/div>\n      <div class='restricted_content_flex_column'>\n        <div class='restricted_content_text'>If you have an account, please log in. Otherwise, discover our different subscription packages and create an account from CHF 2.50 for the first month.<\/div>\n        <div class='restricted_content_buttons'>\n          <a href='\/en\/subscription\/' class='restricted_content_button restricted_content_primary_button'>See subscriptions<\/a><a href='\/en\/my-account\/?redirect_to=https:\/\/leregardlibre.com\/en\/company\/lart-essence-de-la-mode\/'class='restricted_content_button'>Login<\/a><\/div>\n      <\/div>\n    <\/div>\n  <\/div>","protected":false},"excerpt":{"rendered":"<div class='content_excerpt'>\n<p>Le Regard Libre N\u00b0 33 - H\u00e9l\u00e8ne Lavoyer<\/p>\n<p class=\"has-drop-cap\"><strong>We all breathe the fragrant air of something we know well: fashion. Pleasant or not, this fragrance is charged with a captivating energy, inclined to create movement. Ready-to-wear tends to standardize the individuals who choose to conform to it - or submit to it. Yet fashion, in the singular, is at the origin of its plural, a craft capable of distorting the boundaries of norms, of shaking them up to make them yield. Is it an art form? The arrival at the Mus\u00e9e des Arts D\u00e9coratifs, in Paris, of an exhibition devoted to the House of Dior, or one dedicated to Balenciaga, puts the question back on the table.<\/strong><\/p>\n<p> Read the article (subscribers)<\/p>\n<div class='restricted_content_fade'><\/div>\n<\/p><\/div>\n<style>\n    .content_excerpt{\n      position: relative;\n    }\n    .content_excerpt .restricted_content_fade{\n      position: absolute;\n      bottom: 0;\n      left: 0;\n      right: 0;\n      height: 75px;\n\t  margin-bottom: 0px;\n      background-image: linear-gradient(#ffffff2e, white);\n    }<\/p>\n<p>    .restricted_content{\n      margin-top: 30px;\n      border: solid #dddddd 1px;\n      border-radius: 7px;\n      padding: 30px;\n    }<\/p>\n<p>    .restricted_content .restricted_content_title{\n      font-size: 22px;\n      font-weight: 600;\n    }\n    .restricted_content .restricted_content_flex_row{\n      display: flex;\n      flex-direction: row;\n    }\n    .restricted_content .restricted_content_image_container{\n      flex: 3;\n    }\n    .restricted_content .restricted_content_flex_column{\n      flex: 4;\n      display: flex;\n      flex-direction: column;\n      margin-left: 40px;\n      justify-content: center;\n    }<\/p>\n<p>    .restricted_content_buttons{\n      display: flex;\n      flex-direction: column;\n      width: min-content;\n    }\n    .restricted_content_button{\n      background-color: #f2f2f2;\n      text-transform: uppercase;\n      font-weight: 600;\n      padding: 8px 40px;\n      text-align: center;\n      font-size: 13px;\n      margin-top: 10px;\n      width: max-content;\n      width: 100%;\n      white-space: nowrap;\n    }\n    .restricted_content_button:hover {\n      background-color: #111111;\n      color: white;\n      text-decoration: none !important;\n    }<\/p>\n<p>    .restricted_content_primary_button{\n      background-color: #1F2A68 !important;\n      color: white !important;\n    }\n    .restricted_content_primary_button:hover {\n      background-color: #111111;\n    }<\/p>\n<p>    .restricted_content_text{\n      margin-bottom: 10px;\n      line-height: 1.2;\n      font-weight: 500;\n      font-size: 16px;\n    }<\/p>\n<\/style>\n<div class='restricted_content'>\n<h3 class='restricted_content_title'>This content is reserved for our subscribers.<\/h3>\n<div class='restricted_content_flex_row'>\n<div class='restricted_content_image_container'>\n        <img class='restricted_content_image' src='\/wp-content\/uploads\/2025\/08\/abo_physique.png' \/>\n      <\/div>\n<div class='restricted_content_flex_column'>\n<div class='restricted_content_text'>If you have an account, please log in. Otherwise, discover our different subscription packages and create an account from CHF 2.50 for the first month.<\/div>\n<div class='restricted_content_buttons'>\n          <a href='\/en\/subscription\/' class='restricted_content_button restricted_content_primary_button'>See subscriptions<\/a><a href='\/en\/my-account\/?redirect_to=https:\/\/leregardlibre.com\/en\/company\/lart-essence-de-la-mode\/'class='restricted_content_button'>Login<\/a><\/div>\n<\/p><\/div>\n<\/p><\/div>\n<\/p><\/div>","protected":false},"author":326,"featured_media":13451,"comment_status":"open","ping_status":"open","sticky":false,"template":"","format":"standard","meta":{"_acf_changed":false,"footnotes":""},"categories":[8796],"tags":[579371,165239,553712,20872,488193085,58141227,313902,36593,592877811,598560126,537976,598560128,20132328,16101818,598559984,65609286,42231,340256,7123341,70881272,20531],"class_list":["post-13450","post","type-post","status-publish","format-standard","has-post-thumbnail","hentry","category-societe","tag-art-moderne","tag-artiste","tag-balenciaga","tag-chanel","tag-consultant-mode","tag-designers-de-mode","tag-diane-von-furstenberg","tag-kant","tag-essence-de-lart","tag-essence-de-la-mode","tag-esthetique","tag-esthetique-de-la-mode","tag-issey-miyaki","tag-jean-jacques-picart","tag-lart-dans-la-mode","tag-liberte-artistique","tag-mode","tag-ontologie","tag-produits-de-luxe","tag-ready-mode","tag-yves-saint-laurent","membership-content","access-restricted"],"acf":[],"yoast_head":"<!-- This site is optimized with the Yoast SEO Premium plugin v27.4 (Yoast SEO v27.4) - https:\/\/yoast.com\/product\/yoast-seo-premium-wordpress\/ -->\n<title>L\u2019art, essence de la mode?<\/title>\n<meta name=\"description\" content=\"La mode est \u00e0 l\u2019origine de son pluriel, un artisanat capable de d\u00e9former les fronti\u00e8res des normes. Est-elle pour autant un art?\" \/>\n<meta name=\"robots\" content=\"index, follow, max-snippet:-1, max-image-preview:large, max-video-preview:-1\" \/>\n<link rel=\"canonical\" href=\"https:\/\/leregardlibre.com\/en\/company\/lart-essence-de-la-mode\/\" \/>\n<meta property=\"og:locale\" content=\"en_US\" \/>\n<meta property=\"og:type\" content=\"article\" \/>\n<meta property=\"og:title\" content=\"L\u2019art, essence de la mode?\" \/>\n<meta property=\"og:description\" content=\"La mode est \u00e0 l\u2019origine de son pluriel, un artisanat capable de d\u00e9former les fronti\u00e8res des normes. Est-elle pour autant un art?\" \/>\n<meta property=\"og:url\" content=\"https:\/\/leregardlibre.com\/en\/company\/lart-essence-de-la-mode\/\" \/>\n<meta property=\"og:site_name\" content=\"Le Regard Libre\" \/>\n<meta property=\"article:publisher\" content=\"https:\/\/www.facebook.com\/leregardlibre\/\" \/>\n<meta property=\"article:published_time\" content=\"2017-12-03T14:02:47+00:00\" \/>\n<meta property=\"article:modified_time\" content=\"2022-09-04T08:13:36+00:00\" \/>\n<meta property=\"og:image\" content=\"https:\/\/leregardlibre.com\/wp-content\/uploads\/2017\/12\/mondrian-dress-yves-saint-laurent.jpg\" \/>\n\t<meta property=\"og:image:width\" content=\"990\" \/>\n\t<meta property=\"og:image:height\" content=\"1449\" \/>\n\t<meta property=\"og:image:type\" content=\"image\/jpeg\" \/>\n<meta name=\"author\" content=\"H\u00e9l\u00e8ne Lavoyer\" \/>\n<meta name=\"twitter:card\" content=\"summary_large_image\" \/>\n<meta name=\"twitter:creator\" content=\"@LeRegardLibre\" \/>\n<meta name=\"twitter:site\" content=\"@LeRegardLibre\" \/>\n<meta name=\"twitter:label1\" content=\"Written by\" \/>\n\t<meta name=\"twitter:data1\" content=\"H\u00e9l\u00e8ne Lavoyer\" \/>\n\t<meta name=\"twitter:label2\" content=\"Est. reading time\" \/>\n\t<meta name=\"twitter:data2\" content=\"6 minutes\" \/>\n<script type=\"application\/ld+json\" class=\"yoast-schema-graph\">{\"@context\":\"https:\\\/\\\/schema.org\",\"@graph\":[{\"@type\":\"Article\",\"@id\":\"https:\\\/\\\/leregardlibre.com\\\/societe\\\/lart-essence-de-la-mode\\\/#article\",\"isPartOf\":{\"@id\":\"https:\\\/\\\/leregardlibre.com\\\/societe\\\/lart-essence-de-la-mode\\\/\"},\"author\":{\"name\":\"H\u00e9l\u00e8ne Lavoyer\",\"@id\":\"https:\\\/\\\/leregardlibre.com\\\/#\\\/schema\\\/person\\\/d54c307d35ad5a1c6bd687ddd86054f8\"},\"headline\":\"L\u2019art, essence de la mode?\",\"datePublished\":\"2017-12-03T14:02:47+00:00\",\"dateModified\":\"2022-09-04T08:13:36+00:00\",\"mainEntityOfPage\":{\"@id\":\"https:\\\/\\\/leregardlibre.com\\\/societe\\\/lart-essence-de-la-mode\\\/\"},\"wordCount\":1214,\"commentCount\":0,\"publisher\":{\"@id\":\"https:\\\/\\\/leregardlibre.com\\\/#organization\"},\"image\":{\"@id\":\"https:\\\/\\\/leregardlibre.com\\\/societe\\\/lart-essence-de-la-mode\\\/#primaryimage\"},\"thumbnailUrl\":\"https:\\\/\\\/leregardlibre.com\\\/wp-content\\\/uploads\\\/2017\\\/12\\\/mondrian-dress-yves-saint-laurent.jpg\",\"keywords\":[\"Art moderne\",\"artiste\",\"balenciaga\",\"chanel\",\"consultant mode\",\"designers de mode\",\"diane von furstenberg\",\"Emmanuel Kant\",\"essence de l'art\",\"essence de la mode\",\"Esth\u00e9tique\",\"esth\u00e9tique de la mode\",\"issey miyaki\",\"jean-jacques picart\",\"l'art dans la mode\",\"Libert\u00e9 artistique\",\"Mode\",\"Ontologie\",\"produits de luxe\",\"ready-mode\",\"yves saint laurent\"],\"articleSection\":[\"Soci\u00e9t\u00e9\"],\"inLanguage\":\"en-US\",\"potentialAction\":[{\"@type\":\"CommentAction\",\"name\":\"Comment\",\"target\":[\"https:\\\/\\\/leregardlibre.com\\\/societe\\\/lart-essence-de-la-mode\\\/#respond\"]}]},{\"@type\":\"WebPage\",\"@id\":\"https:\\\/\\\/leregardlibre.com\\\/societe\\\/lart-essence-de-la-mode\\\/\",\"url\":\"https:\\\/\\\/leregardlibre.com\\\/societe\\\/lart-essence-de-la-mode\\\/\",\"name\":\"L\u2019art, essence de la mode?\",\"isPartOf\":{\"@id\":\"https:\\\/\\\/leregardlibre.com\\\/#website\"},\"primaryImageOfPage\":{\"@id\":\"https:\\\/\\\/leregardlibre.com\\\/societe\\\/lart-essence-de-la-mode\\\/#primaryimage\"},\"image\":{\"@id\":\"https:\\\/\\\/leregardlibre.com\\\/societe\\\/lart-essence-de-la-mode\\\/#primaryimage\"},\"thumbnailUrl\":\"https:\\\/\\\/leregardlibre.com\\\/wp-content\\\/uploads\\\/2017\\\/12\\\/mondrian-dress-yves-saint-laurent.jpg\",\"datePublished\":\"2017-12-03T14:02:47+00:00\",\"dateModified\":\"2022-09-04T08:13:36+00:00\",\"description\":\"La mode est \u00e0 l\u2019origine de son pluriel, un artisanat capable de d\u00e9former les fronti\u00e8res des normes. Est-elle pour autant un art?\",\"breadcrumb\":{\"@id\":\"https:\\\/\\\/leregardlibre.com\\\/societe\\\/lart-essence-de-la-mode\\\/#breadcrumb\"},\"inLanguage\":\"en-US\",\"potentialAction\":[{\"@type\":\"ReadAction\",\"target\":[\"https:\\\/\\\/leregardlibre.com\\\/societe\\\/lart-essence-de-la-mode\\\/\"]}]},{\"@type\":\"ImageObject\",\"inLanguage\":\"en-US\",\"@id\":\"https:\\\/\\\/leregardlibre.com\\\/societe\\\/lart-essence-de-la-mode\\\/#primaryimage\",\"url\":\"https:\\\/\\\/leregardlibre.com\\\/wp-content\\\/uploads\\\/2017\\\/12\\\/mondrian-dress-yves-saint-laurent.jpg\",\"contentUrl\":\"https:\\\/\\\/leregardlibre.com\\\/wp-content\\\/uploads\\\/2017\\\/12\\\/mondrian-dress-yves-saint-laurent.jpg\",\"width\":990,\"height\":1449},{\"@type\":\"BreadcrumbList\",\"@id\":\"https:\\\/\\\/leregardlibre.com\\\/societe\\\/lart-essence-de-la-mode\\\/#breadcrumb\",\"itemListElement\":[{\"@type\":\"ListItem\",\"position\":1,\"name\":\"Accueil\",\"item\":\"https:\\\/\\\/leregardlibre.com\\\/\"},{\"@type\":\"ListItem\",\"position\":2,\"name\":\"L\u2019art, essence de la mode?\"}]},{\"@type\":\"WebSite\",\"@id\":\"https:\\\/\\\/leregardlibre.com\\\/#website\",\"url\":\"https:\\\/\\\/leregardlibre.com\\\/\",\"name\":\"Le Regard Libre\",\"description\":\"Premier mensuel suisse de d\u00e9bat\",\"publisher\":{\"@id\":\"https:\\\/\\\/leregardlibre.com\\\/#organization\"},\"potentialAction\":[{\"@type\":\"SearchAction\",\"target\":{\"@type\":\"EntryPoint\",\"urlTemplate\":\"https:\\\/\\\/leregardlibre.com\\\/?s={search_term_string}\"},\"query-input\":{\"@type\":\"PropertyValueSpecification\",\"valueRequired\":true,\"valueName\":\"search_term_string\"}}],\"inLanguage\":\"en-US\"},{\"@type\":\"Organization\",\"@id\":\"https:\\\/\\\/leregardlibre.com\\\/#organization\",\"name\":\"Le Regard Libre\",\"url\":\"https:\\\/\\\/leregardlibre.com\\\/\",\"logo\":{\"@type\":\"ImageObject\",\"inLanguage\":\"en-US\",\"@id\":\"https:\\\/\\\/leregardlibre.com\\\/#\\\/schema\\\/logo\\\/image\\\/\",\"url\":\"https:\\\/\\\/leregardlibre.com\\\/wp-content\\\/uploads\\\/2025\\\/08\\\/logo-rl-icone-neg.jpeg\",\"contentUrl\":\"https:\\\/\\\/leregardlibre.com\\\/wp-content\\\/uploads\\\/2025\\\/08\\\/logo-rl-icone-neg.jpeg\",\"width\":557,\"height\":556,\"caption\":\"Le Regard Libre\"},\"image\":{\"@id\":\"https:\\\/\\\/leregardlibre.com\\\/#\\\/schema\\\/logo\\\/image\\\/\"},\"sameAs\":[\"https:\\\/\\\/www.facebook.com\\\/leregardlibre\\\/\",\"https:\\\/\\\/x.com\\\/LeRegardLibre\",\"https:\\\/\\\/www.linkedin.com\\\/company\\\/le-regard-libre\",\"https:\\\/\\\/www.instagram.com\\\/leregardlibre\\\/\",\"http:\\\/\\\/t.me\\\/leregardlibre\",\"https:\\\/\\\/youtube.com\\\/channel\\\/UC6HzGPomj1LsUmlz-sJtITQ\"],\"description\":\"Le Regard Libre est un mensuel suisse de d\u00e9bat intellectuel et culturel. Sa r\u00e9daction est jeune, b\u00e9n\u00e9vole, lib\u00e9rale et pluraliste. Le magazine para\u00eet en ligne et sous forme papier. Sa langue est le fran\u00e7ais.\",\"email\":\"redaction@leregardlibre.com\",\"legalName\":\"Le Regard Libre\",\"foundingDate\":\"2014-01-01\",\"numberOfEmployees\":{\"@type\":\"QuantitativeValue\",\"minValue\":\"11\",\"maxValue\":\"50\"},\"publishingPrinciples\":\"https:\\\/\\\/leregardlibre.com\\\/a-propos\\\/notre-manifeste\\\/\",\"ownershipFundingInfo\":\"https:\\\/\\\/leregardlibre.com\\\/mentions-legales\\\/\",\"actionableFeedbackPolicy\":\"https:\\\/\\\/leregardlibre.com\\\/conditions-generales-de-vente\\\/\"},{\"@type\":\"Person\",\"@id\":\"https:\\\/\\\/leregardlibre.com\\\/#\\\/schema\\\/person\\\/d54c307d35ad5a1c6bd687ddd86054f8\",\"name\":\"H\u00e9l\u00e8ne Lavoyer\",\"image\":{\"@type\":\"ImageObject\",\"inLanguage\":\"en-US\",\"@id\":\"https:\\\/\\\/secure.gravatar.com\\\/avatar\\\/68b25ff5328818574bf42822e9324221321679833884bc3d9c090886fea2d133?s=96&d=identicon&r=g\",\"url\":\"https:\\\/\\\/secure.gravatar.com\\\/avatar\\\/68b25ff5328818574bf42822e9324221321679833884bc3d9c090886fea2d133?s=96&d=identicon&r=g\",\"contentUrl\":\"https:\\\/\\\/secure.gravatar.com\\\/avatar\\\/68b25ff5328818574bf42822e9324221321679833884bc3d9c090886fea2d133?s=96&d=identicon&r=g\",\"caption\":\"H\u00e9l\u00e8ne Lavoyer\"},\"sameAs\":[\"https:\\\/\\\/leregardlibre.com\\\/\"],\"url\":\"https:\\\/\\\/leregardlibre.com\\\/en\\\/author\\\/helene-lavoyer\\\/\"}]}<\/script>\n<!-- \/ Yoast SEO Premium plugin. -->","yoast_head_json":{"title":"Art, the essence of fashion?","description":"La mode est \u00e0 l\u2019origine de son pluriel, un artisanat capable de d\u00e9former les fronti\u00e8res des normes. Est-elle pour autant un art?","robots":{"index":"index","follow":"follow","max-snippet":"max-snippet:-1","max-image-preview":"max-image-preview:large","max-video-preview":"max-video-preview:-1"},"canonical":"https:\/\/leregardlibre.com\/en\/company\/lart-essence-de-la-mode\/","og_locale":"en_US","og_type":"article","og_title":"L\u2019art, essence de la mode?","og_description":"La mode est \u00e0 l\u2019origine de son pluriel, un artisanat capable de d\u00e9former les fronti\u00e8res des normes. Est-elle pour autant un art?","og_url":"https:\/\/leregardlibre.com\/en\/company\/lart-essence-de-la-mode\/","og_site_name":"Le Regard Libre","article_publisher":"https:\/\/www.facebook.com\/leregardlibre\/","article_published_time":"2017-12-03T14:02:47+00:00","article_modified_time":"2022-09-04T08:13:36+00:00","og_image":[{"width":990,"height":1449,"url":"https:\/\/leregardlibre.com\/wp-content\/uploads\/2017\/12\/mondrian-dress-yves-saint-laurent.jpg","type":"image\/jpeg"}],"author":"H\u00e9l\u00e8ne Lavoyer","twitter_card":"summary_large_image","twitter_creator":"@LeRegardLibre","twitter_site":"@LeRegardLibre","twitter_misc":{"Written by":"H\u00e9l\u00e8ne Lavoyer","Est. reading time":"6 minutes"},"schema":{"@context":"https:\/\/schema.org","@graph":[{"@type":"Article","@id":"https:\/\/leregardlibre.com\/societe\/lart-essence-de-la-mode\/#article","isPartOf":{"@id":"https:\/\/leregardlibre.com\/societe\/lart-essence-de-la-mode\/"},"author":{"name":"H\u00e9l\u00e8ne Lavoyer","@id":"https:\/\/leregardlibre.com\/#\/schema\/person\/d54c307d35ad5a1c6bd687ddd86054f8"},"headline":"L\u2019art, essence de la mode?","datePublished":"2017-12-03T14:02:47+00:00","dateModified":"2022-09-04T08:13:36+00:00","mainEntityOfPage":{"@id":"https:\/\/leregardlibre.com\/societe\/lart-essence-de-la-mode\/"},"wordCount":1214,"commentCount":0,"publisher":{"@id":"https:\/\/leregardlibre.com\/#organization"},"image":{"@id":"https:\/\/leregardlibre.com\/societe\/lart-essence-de-la-mode\/#primaryimage"},"thumbnailUrl":"https:\/\/leregardlibre.com\/wp-content\/uploads\/2017\/12\/mondrian-dress-yves-saint-laurent.jpg","keywords":["Art moderne","artiste","balenciaga","chanel","consultant mode","designers de mode","diane von furstenberg","Emmanuel Kant","essence de l'art","essence de la mode","Esth\u00e9tique","esth\u00e9tique de la mode","issey miyaki","jean-jacques picart","l'art dans la mode","Libert\u00e9 artistique","Mode","Ontologie","produits de luxe","ready-mode","yves saint laurent"],"articleSection":["Soci\u00e9t\u00e9"],"inLanguage":"en-US","potentialAction":[{"@type":"CommentAction","name":"Comment","target":["https:\/\/leregardlibre.com\/societe\/lart-essence-de-la-mode\/#respond"]}]},{"@type":"WebPage","@id":"https:\/\/leregardlibre.com\/societe\/lart-essence-de-la-mode\/","url":"https:\/\/leregardlibre.com\/societe\/lart-essence-de-la-mode\/","name":"Art, the essence of fashion?","isPartOf":{"@id":"https:\/\/leregardlibre.com\/#website"},"primaryImageOfPage":{"@id":"https:\/\/leregardlibre.com\/societe\/lart-essence-de-la-mode\/#primaryimage"},"image":{"@id":"https:\/\/leregardlibre.com\/societe\/lart-essence-de-la-mode\/#primaryimage"},"thumbnailUrl":"https:\/\/leregardlibre.com\/wp-content\/uploads\/2017\/12\/mondrian-dress-yves-saint-laurent.jpg","datePublished":"2017-12-03T14:02:47+00:00","dateModified":"2022-09-04T08:13:36+00:00","description":"La mode est \u00e0 l\u2019origine de son pluriel, un artisanat capable de d\u00e9former les fronti\u00e8res des normes. Est-elle pour autant un art?","breadcrumb":{"@id":"https:\/\/leregardlibre.com\/societe\/lart-essence-de-la-mode\/#breadcrumb"},"inLanguage":"en-US","potentialAction":[{"@type":"ReadAction","target":["https:\/\/leregardlibre.com\/societe\/lart-essence-de-la-mode\/"]}]},{"@type":"ImageObject","inLanguage":"en-US","@id":"https:\/\/leregardlibre.com\/societe\/lart-essence-de-la-mode\/#primaryimage","url":"https:\/\/leregardlibre.com\/wp-content\/uploads\/2017\/12\/mondrian-dress-yves-saint-laurent.jpg","contentUrl":"https:\/\/leregardlibre.com\/wp-content\/uploads\/2017\/12\/mondrian-dress-yves-saint-laurent.jpg","width":990,"height":1449},{"@type":"BreadcrumbList","@id":"https:\/\/leregardlibre.com\/societe\/lart-essence-de-la-mode\/#breadcrumb","itemListElement":[{"@type":"ListItem","position":1,"name":"Accueil","item":"https:\/\/leregardlibre.com\/"},{"@type":"ListItem","position":2,"name":"L\u2019art, essence de la mode?"}]},{"@type":"WebSite","@id":"https:\/\/leregardlibre.com\/#website","url":"https:\/\/leregardlibre.com\/","name":"Le Regard Libre","description":"Switzerland's first monthly debate magazine","publisher":{"@id":"https:\/\/leregardlibre.com\/#organization"},"potentialAction":[{"@type":"SearchAction","target":{"@type":"EntryPoint","urlTemplate":"https:\/\/leregardlibre.com\/?s={search_term_string}"},"query-input":{"@type":"PropertyValueSpecification","valueRequired":true,"valueName":"search_term_string"}}],"inLanguage":"en-US"},{"@type":"Organization","@id":"https:\/\/leregardlibre.com\/#organization","name":"Le Regard Libre","url":"https:\/\/leregardlibre.com\/","logo":{"@type":"ImageObject","inLanguage":"en-US","@id":"https:\/\/leregardlibre.com\/#\/schema\/logo\/image\/","url":"https:\/\/leregardlibre.com\/wp-content\/uploads\/2025\/08\/logo-rl-icone-neg.jpeg","contentUrl":"https:\/\/leregardlibre.com\/wp-content\/uploads\/2025\/08\/logo-rl-icone-neg.jpeg","width":557,"height":556,"caption":"Le Regard Libre"},"image":{"@id":"https:\/\/leregardlibre.com\/#\/schema\/logo\/image\/"},"sameAs":["https:\/\/www.facebook.com\/leregardlibre\/","https:\/\/x.com\/LeRegardLibre","https:\/\/www.linkedin.com\/company\/le-regard-libre","https:\/\/www.instagram.com\/leregardlibre\/","http:\/\/t.me\/leregardlibre","https:\/\/youtube.com\/channel\/UC6HzGPomj1LsUmlz-sJtITQ"],"description":"Le Regard Libre is a Swiss monthly magazine for intellectual and cultural debate. Its editorial team is young, voluntary, liberal and pluralist. The magazine appears online and in print. Its language is French.","email":"redaction@leregardlibre.com","legalName":"Le Regard Libre","foundingDate":"2014-01-01","numberOfEmployees":{"@type":"QuantitativeValue","minValue":"11","maxValue":"50"},"publishingPrinciples":"https:\/\/leregardlibre.com\/a-propos\/notre-manifeste\/","ownershipFundingInfo":"https:\/\/leregardlibre.com\/mentions-legales\/","actionableFeedbackPolicy":"https:\/\/leregardlibre.com\/conditions-generales-de-vente\/"},{"@type":"Person","@id":"https:\/\/leregardlibre.com\/#\/schema\/person\/d54c307d35ad5a1c6bd687ddd86054f8","name":"H\u00e9l\u00e8ne Lavoyer","image":{"@type":"ImageObject","inLanguage":"en-US","@id":"https:\/\/secure.gravatar.com\/avatar\/68b25ff5328818574bf42822e9324221321679833884bc3d9c090886fea2d133?s=96&d=identicon&r=g","url":"https:\/\/secure.gravatar.com\/avatar\/68b25ff5328818574bf42822e9324221321679833884bc3d9c090886fea2d133?s=96&d=identicon&r=g","contentUrl":"https:\/\/secure.gravatar.com\/avatar\/68b25ff5328818574bf42822e9324221321679833884bc3d9c090886fea2d133?s=96&d=identicon&r=g","caption":"H\u00e9l\u00e8ne Lavoyer"},"sameAs":["https:\/\/leregardlibre.com\/"],"url":"https:\/\/leregardlibre.com\/en\/author\/helene-lavoyer\/"}]}},"_links":{"self":[{"href":"https:\/\/leregardlibre.com\/en\/wp-json\/wp\/v2\/posts\/13450","targetHints":{"allow":["GET"]}}],"collection":[{"href":"https:\/\/leregardlibre.com\/en\/wp-json\/wp\/v2\/posts"}],"about":[{"href":"https:\/\/leregardlibre.com\/en\/wp-json\/wp\/v2\/types\/post"}],"author":[{"embeddable":true,"href":"https:\/\/leregardlibre.com\/en\/wp-json\/wp\/v2\/users\/326"}],"replies":[{"embeddable":true,"href":"https:\/\/leregardlibre.com\/en\/wp-json\/wp\/v2\/comments?post=13450"}],"version-history":[{"count":1,"href":"https:\/\/leregardlibre.com\/en\/wp-json\/wp\/v2\/posts\/13450\/revisions"}],"predecessor-version":[{"id":509519,"href":"https:\/\/leregardlibre.com\/en\/wp-json\/wp\/v2\/posts\/13450\/revisions\/509519"}],"wp:featuredmedia":[{"embeddable":true,"href":"https:\/\/leregardlibre.com\/en\/wp-json\/wp\/v2\/media\/13451"}],"wp:attachment":[{"href":"https:\/\/leregardlibre.com\/en\/wp-json\/wp\/v2\/media?parent=13450"}],"wp:term":[{"taxonomy":"category","embeddable":true,"href":"https:\/\/leregardlibre.com\/en\/wp-json\/wp\/v2\/categories?post=13450"},{"taxonomy":"post_tag","embeddable":true,"href":"https:\/\/leregardlibre.com\/en\/wp-json\/wp\/v2\/tags?post=13450"}],"curies":[{"name":"wp","href":"https:\/\/api.w.org\/{rel}","templated":true}]}}