{"id":13585,"date":"2017-12-13T13:06:13","date_gmt":"2017-12-13T11:06:13","guid":{"rendered":"http:\/\/leregardlibre.com\/?p=13585"},"modified":"2025-12-04T23:01:09","modified_gmt":"2025-12-04T22:01:09","slug":"welcome-to-suburbicon-behind-the-american-dream","status":"publish","type":"post","link":"https:\/\/leregardlibre.com\/en\/cinema\/films\/welcome-to-suburbicon-behind-the-american-dream\/","title":{"rendered":"\u00abWelcome to Suburbicon: behind the American dream"},"content":{"rendered":"<p><em>Cinema Wednesdays - <a href=\"https:\/\/leregardlibre.com\/en\/tag\/nicolas-jutzet\/\">Nicolas Jutzet<\/a><\/em><\/p>\n\n\n\n<p class=\"has-drop-cap\">This film evokes the caricatured image that everyone has of the\u2019<em>american way of life<\/em>. George Clooney manages, without the heaviness we sometimes know him for, to bring out the different characteristics of the country in the Fifties. With an explosive cast, including Matt Damon in an unexpected but masterful role, he has succeeded in making <em>Welcome to Suburbicon<\/em> a work that should allow every viewer to appreciate the one hundred and five minutes of film.<\/p>\n\n\n\n<!--more Lire la suite de l\u2019article (en libre acc\u00e8s)-->\n\n\n\n\n\n<p>Behind the idyllic presentation of a peaceful America that allows its middle class to emancipate itself, the scenario opens up perspectives on fundamental questions. In particular, the psychological health of a segment of the population that, drowned by its need for consumption, seems ready to make do with rules and manners. The father-son, man-woman relationship, with its omissions and weaknesses, reveals an unsuspected side of the director's personality.<\/p>\n\n\n\n<h3 class=\"wp-block-heading\">The African-American community and discrimination<\/h3>\n\n\n\n<p>The backdrop, the treatment of the Mayer family, reminds us all that skin color is still a problem for some sections of the population. Insidious or overt, this rejection wreaks havoc that is difficult to justify in an open, tolerant society.<\/p>\n\n\n\n<p>In the end, this successful film has the merit of addressing some of the problems still ravaging the country today, without taking a sanctimonious, blissful approach.<\/p>\n\n\n\n<p><em>Write to the author:\u00a0<a href=\"mailto:nicolas.jutzet@leregardlibre.com\">nicolas.jutzet@leregardlibre.com<\/a><\/em><\/p>\n\n\n\n<p>Photo credit: \u00a9 Cin\u00e9ma Utopia<\/p>","protected":false},"excerpt":{"rendered":"<p>Les mercredis du cin\u00e9ma \u2013 Nicolas Jutzet Ce film \u00e9voque l\u2019image caricaturale que se fait chacun de l\u2019american way of&#8230;<\/p>","protected":false},"author":314,"featured_media":13596,"comment_status":"open","ping_status":"open","sticky":false,"template":"","format":"standard","meta":{"_acf_changed":false,"footnotes":""},"categories":[644355829],"tags":[334893,415599,699,5063859,119438,454104,2900141],"class_list":["post-13585","post","type-post","status-publish","format-standard","has-post-thumbnail","hentry","category-films","tag-american-way-of-life","tag-cinema-americain","tag-etats-unis","tag-george-cloney","tag-matt-damon","tag-peanut-butter","tag-reve-americain"],"acf":[],"yoast_head":"<!-- This site is optimized with the Yoast SEO Premium plugin v27.4 (Yoast SEO v27.4) - https:\/\/yoast.com\/product\/yoast-seo-premium-wordpress\/ -->\n<title>\u00abBienvenue \u00e0 Suburbicon\u00bb: derri\u00e8re le r\u00eave am\u00e9ricain<\/title>\n<meta name=\"robots\" content=\"index, follow, max-snippet:-1, max-image-preview:large, max-video-preview:-1\" \/>\n<link rel=\"canonical\" href=\"https:\/\/leregardlibre.com\/en\/cinema\/films\/welcome-to-suburbicon-behind-the-american-dream\/\" \/>\n<meta property=\"og:locale\" content=\"en_US\" \/>\n<meta property=\"og:type\" content=\"article\" \/>\n<meta property=\"og:title\" content=\"\u00abBienvenue \u00e0 Suburbicon\u00bb: derri\u00e8re le r\u00eave am\u00e9ricain\" \/>\n<meta property=\"og:description\" content=\"Les mercredis du cin\u00e9ma \u2013 Nicolas Jutzet Ce film \u00e9voque l\u2019image caricaturale que se fait chacun de l\u2019american way of...\" \/>\n<meta property=\"og:url\" content=\"https:\/\/leregardlibre.com\/en\/cinema\/films\/welcome-to-suburbicon-behind-the-american-dream\/\" \/>\n<meta property=\"og:site_name\" content=\"Le Regard Libre\" \/>\n<meta property=\"article:publisher\" content=\"https:\/\/www.facebook.com\/leregardlibre\/\" \/>\n<meta property=\"article:published_time\" content=\"2017-12-13T11:06:13+00:00\" \/>\n<meta property=\"article:modified_time\" content=\"2025-12-04T22:01:09+00:00\" \/>\n<meta property=\"og:image\" content=\"https:\/\/leregardlibre.com\/wp-content\/uploads\/2017\/12\/bienvenue-a-suburbicon1.jpg\" \/>\n\t<meta property=\"og:image:width\" content=\"672\" \/>\n\t<meta property=\"og:image:height\" content=\"372\" \/>\n\t<meta property=\"og:image:type\" content=\"image\/jpeg\" \/>\n<meta name=\"author\" content=\"Nicolas Jutzet\" \/>\n<meta name=\"twitter:card\" content=\"summary_large_image\" \/>\n<meta name=\"twitter:creator\" content=\"@LeRegardLibre\" \/>\n<meta name=\"twitter:site\" content=\"@LeRegardLibre\" \/>\n<meta name=\"twitter:label1\" content=\"Written by\" \/>\n\t<meta name=\"twitter:data1\" content=\"Nicolas Jutzet\" \/>\n\t<meta name=\"twitter:label2\" content=\"Est. reading time\" \/>\n\t<meta name=\"twitter:data2\" content=\"2 minutes\" \/>\n<script type=\"application\/ld+json\" class=\"yoast-schema-graph\">{\"@context\":\"https:\\\/\\\/schema.org\",\"@graph\":[{\"@type\":\"Article\",\"@id\":\"https:\\\/\\\/leregardlibre.com\\\/cinema\\\/films\\\/bienvenue-a-suburbicon-derriere-le-reve-americain\\\/#article\",\"isPartOf\":{\"@id\":\"https:\\\/\\\/leregardlibre.com\\\/cinema\\\/films\\\/bienvenue-a-suburbicon-derriere-le-reve-americain\\\/\"},\"author\":{\"name\":\"Nicolas Jutzet\",\"@id\":\"https:\\\/\\\/leregardlibre.com\\\/#\\\/schema\\\/person\\\/3446d3a78b45211305188d4401e7719a\"},\"headline\":\"\u00abBienvenue \u00e0 Suburbicon\u00bb: derri\u00e8re le r\u00eave am\u00e9ricain\",\"datePublished\":\"2017-12-13T11:06:13+00:00\",\"dateModified\":\"2025-12-04T22:01:09+00:00\",\"mainEntityOfPage\":{\"@id\":\"https:\\\/\\\/leregardlibre.com\\\/cinema\\\/films\\\/bienvenue-a-suburbicon-derriere-le-reve-americain\\\/\"},\"wordCount\":282,\"commentCount\":0,\"publisher\":{\"@id\":\"https:\\\/\\\/leregardlibre.com\\\/#organization\"},\"image\":{\"@id\":\"https:\\\/\\\/leregardlibre.com\\\/cinema\\\/films\\\/bienvenue-a-suburbicon-derriere-le-reve-americain\\\/#primaryimage\"},\"thumbnailUrl\":\"https:\\\/\\\/leregardlibre.com\\\/wp-content\\\/uploads\\\/2017\\\/12\\\/bienvenue-a-suburbicon1.jpg\",\"keywords\":[\"american way of life\",\"Cin\u00e9ma am\u00e9ricain\",\"Etats-Unis\",\"George Cloney\",\"Matt Damon\",\"Peanut Butter\",\"R\u00eave am\u00e9ricain\"],\"articleSection\":[\"Films\"],\"inLanguage\":\"en-US\",\"potentialAction\":[{\"@type\":\"CommentAction\",\"name\":\"Comment\",\"target\":[\"https:\\\/\\\/leregardlibre.com\\\/cinema\\\/films\\\/bienvenue-a-suburbicon-derriere-le-reve-americain\\\/#respond\"]}]},{\"@type\":\"WebPage\",\"@id\":\"https:\\\/\\\/leregardlibre.com\\\/cinema\\\/films\\\/bienvenue-a-suburbicon-derriere-le-reve-americain\\\/\",\"url\":\"https:\\\/\\\/leregardlibre.com\\\/cinema\\\/films\\\/bienvenue-a-suburbicon-derriere-le-reve-americain\\\/\",\"name\":\"\u00abBienvenue \u00e0 Suburbicon\u00bb: derri\u00e8re le r\u00eave am\u00e9ricain\",\"isPartOf\":{\"@id\":\"https:\\\/\\\/leregardlibre.com\\\/#website\"},\"primaryImageOfPage\":{\"@id\":\"https:\\\/\\\/leregardlibre.com\\\/cinema\\\/films\\\/bienvenue-a-suburbicon-derriere-le-reve-americain\\\/#primaryimage\"},\"image\":{\"@id\":\"https:\\\/\\\/leregardlibre.com\\\/cinema\\\/films\\\/bienvenue-a-suburbicon-derriere-le-reve-americain\\\/#primaryimage\"},\"thumbnailUrl\":\"https:\\\/\\\/leregardlibre.com\\\/wp-content\\\/uploads\\\/2017\\\/12\\\/bienvenue-a-suburbicon1.jpg\",\"datePublished\":\"2017-12-13T11:06:13+00:00\",\"dateModified\":\"2025-12-04T22:01:09+00:00\",\"breadcrumb\":{\"@id\":\"https:\\\/\\\/leregardlibre.com\\\/cinema\\\/films\\\/bienvenue-a-suburbicon-derriere-le-reve-americain\\\/#breadcrumb\"},\"inLanguage\":\"en-US\",\"potentialAction\":[{\"@type\":\"ReadAction\",\"target\":[\"https:\\\/\\\/leregardlibre.com\\\/cinema\\\/films\\\/bienvenue-a-suburbicon-derriere-le-reve-americain\\\/\"]}]},{\"@type\":\"ImageObject\",\"inLanguage\":\"en-US\",\"@id\":\"https:\\\/\\\/leregardlibre.com\\\/cinema\\\/films\\\/bienvenue-a-suburbicon-derriere-le-reve-americain\\\/#primaryimage\",\"url\":\"https:\\\/\\\/leregardlibre.com\\\/wp-content\\\/uploads\\\/2017\\\/12\\\/bienvenue-a-suburbicon1.jpg\",\"contentUrl\":\"https:\\\/\\\/leregardlibre.com\\\/wp-content\\\/uploads\\\/2017\\\/12\\\/bienvenue-a-suburbicon1.jpg\",\"width\":672,\"height\":372},{\"@type\":\"BreadcrumbList\",\"@id\":\"https:\\\/\\\/leregardlibre.com\\\/cinema\\\/films\\\/bienvenue-a-suburbicon-derriere-le-reve-americain\\\/#breadcrumb\",\"itemListElement\":[{\"@type\":\"ListItem\",\"position\":1,\"name\":\"Accueil\",\"item\":\"https:\\\/\\\/leregardlibre.com\\\/\"},{\"@type\":\"ListItem\",\"position\":2,\"name\":\"\u00abBienvenue \u00e0 Suburbicon\u00bb: derri\u00e8re le r\u00eave am\u00e9ricain\"}]},{\"@type\":\"WebSite\",\"@id\":\"https:\\\/\\\/leregardlibre.com\\\/#website\",\"url\":\"https:\\\/\\\/leregardlibre.com\\\/\",\"name\":\"Le Regard Libre\",\"description\":\"Premier mensuel suisse de d\u00e9bat\",\"publisher\":{\"@id\":\"https:\\\/\\\/leregardlibre.com\\\/#organization\"},\"potentialAction\":[{\"@type\":\"SearchAction\",\"target\":{\"@type\":\"EntryPoint\",\"urlTemplate\":\"https:\\\/\\\/leregardlibre.com\\\/?s={search_term_string}\"},\"query-input\":{\"@type\":\"PropertyValueSpecification\",\"valueRequired\":true,\"valueName\":\"search_term_string\"}}],\"inLanguage\":\"en-US\"},{\"@type\":\"Organization\",\"@id\":\"https:\\\/\\\/leregardlibre.com\\\/#organization\",\"name\":\"Le Regard Libre\",\"url\":\"https:\\\/\\\/leregardlibre.com\\\/\",\"logo\":{\"@type\":\"ImageObject\",\"inLanguage\":\"en-US\",\"@id\":\"https:\\\/\\\/leregardlibre.com\\\/#\\\/schema\\\/logo\\\/image\\\/\",\"url\":\"https:\\\/\\\/leregardlibre.com\\\/wp-content\\\/uploads\\\/2025\\\/08\\\/logo-rl-icone-neg.jpeg\",\"contentUrl\":\"https:\\\/\\\/leregardlibre.com\\\/wp-content\\\/uploads\\\/2025\\\/08\\\/logo-rl-icone-neg.jpeg\",\"width\":557,\"height\":556,\"caption\":\"Le Regard Libre\"},\"image\":{\"@id\":\"https:\\\/\\\/leregardlibre.com\\\/#\\\/schema\\\/logo\\\/image\\\/\"},\"sameAs\":[\"https:\\\/\\\/www.facebook.com\\\/leregardlibre\\\/\",\"https:\\\/\\\/x.com\\\/LeRegardLibre\",\"https:\\\/\\\/www.linkedin.com\\\/company\\\/le-regard-libre\",\"https:\\\/\\\/www.instagram.com\\\/leregardlibre\\\/\",\"http:\\\/\\\/t.me\\\/leregardlibre\",\"https:\\\/\\\/youtube.com\\\/channel\\\/UC6HzGPomj1LsUmlz-sJtITQ\"],\"description\":\"Le Regard Libre est un mensuel suisse de d\u00e9bat intellectuel et culturel. Sa r\u00e9daction est jeune, b\u00e9n\u00e9vole, lib\u00e9rale et pluraliste. Le magazine para\u00eet en ligne et sous forme papier. Sa langue est le fran\u00e7ais.\",\"email\":\"redaction@leregardlibre.com\",\"legalName\":\"Le Regard Libre\",\"foundingDate\":\"2014-01-01\",\"numberOfEmployees\":{\"@type\":\"QuantitativeValue\",\"minValue\":\"11\",\"maxValue\":\"50\"},\"publishingPrinciples\":\"https:\\\/\\\/leregardlibre.com\\\/a-propos\\\/notre-manifeste\\\/\",\"ownershipFundingInfo\":\"https:\\\/\\\/leregardlibre.com\\\/mentions-legales\\\/\",\"actionableFeedbackPolicy\":\"https:\\\/\\\/leregardlibre.com\\\/conditions-generales-de-vente\\\/\"},{\"@type\":\"Person\",\"@id\":\"https:\\\/\\\/leregardlibre.com\\\/#\\\/schema\\\/person\\\/3446d3a78b45211305188d4401e7719a\",\"name\":\"Nicolas Jutzet\",\"image\":{\"@type\":\"ImageObject\",\"inLanguage\":\"en-US\",\"@id\":\"https:\\\/\\\/secure.gravatar.com\\\/avatar\\\/0051d940078d390e50a5e700a6c653e3776f3a164b8878a91d3c09ee3a174239?s=96&d=identicon&r=g\",\"url\":\"https:\\\/\\\/secure.gravatar.com\\\/avatar\\\/0051d940078d390e50a5e700a6c653e3776f3a164b8878a91d3c09ee3a174239?s=96&d=identicon&r=g\",\"contentUrl\":\"https:\\\/\\\/secure.gravatar.com\\\/avatar\\\/0051d940078d390e50a5e700a6c653e3776f3a164b8878a91d3c09ee3a174239?s=96&d=identicon&r=g\",\"caption\":\"Nicolas Jutzet\"},\"description\":\"Co-fondateur du m\u00e9dia Liber-th\u00e9, Nicolas Jutzet est vice-directeur de l\u2019Institut lib\u00e9ral, en Suisse.\",\"sameAs\":[\"https:\\\/\\\/nicolasjutzet.ch\\\/a-propos\\\/\",\"https:\\\/\\\/fr.wikipedia.org\\\/wiki\\\/Le_Regard_libre\"],\"url\":\"https:\\\/\\\/leregardlibre.com\\\/en\\\/author\\\/nicolas-jutzet\\\/\"}]}<\/script>\n<!-- \/ Yoast SEO Premium plugin. -->","yoast_head_json":{"title":"\u00abWelcome to Suburbicon: behind the American dream","robots":{"index":"index","follow":"follow","max-snippet":"max-snippet:-1","max-image-preview":"max-image-preview:large","max-video-preview":"max-video-preview:-1"},"canonical":"https:\/\/leregardlibre.com\/en\/cinema\/films\/welcome-to-suburbicon-behind-the-american-dream\/","og_locale":"en_US","og_type":"article","og_title":"\u00abBienvenue \u00e0 Suburbicon\u00bb: derri\u00e8re le r\u00eave am\u00e9ricain","og_description":"Les mercredis du cin\u00e9ma \u2013 Nicolas Jutzet Ce film \u00e9voque l\u2019image caricaturale que se fait chacun de l\u2019american way of...","og_url":"https:\/\/leregardlibre.com\/en\/cinema\/films\/welcome-to-suburbicon-behind-the-american-dream\/","og_site_name":"Le Regard Libre","article_publisher":"https:\/\/www.facebook.com\/leregardlibre\/","article_published_time":"2017-12-13T11:06:13+00:00","article_modified_time":"2025-12-04T22:01:09+00:00","og_image":[{"width":672,"height":372,"url":"https:\/\/leregardlibre.com\/wp-content\/uploads\/2017\/12\/bienvenue-a-suburbicon1.jpg","type":"image\/jpeg"}],"author":"Nicolas Jutzet","twitter_card":"summary_large_image","twitter_creator":"@LeRegardLibre","twitter_site":"@LeRegardLibre","twitter_misc":{"Written by":"Nicolas Jutzet","Est. reading time":"2 minutes"},"schema":{"@context":"https:\/\/schema.org","@graph":[{"@type":"Article","@id":"https:\/\/leregardlibre.com\/cinema\/films\/bienvenue-a-suburbicon-derriere-le-reve-americain\/#article","isPartOf":{"@id":"https:\/\/leregardlibre.com\/cinema\/films\/bienvenue-a-suburbicon-derriere-le-reve-americain\/"},"author":{"name":"Nicolas Jutzet","@id":"https:\/\/leregardlibre.com\/#\/schema\/person\/3446d3a78b45211305188d4401e7719a"},"headline":"\u00abBienvenue \u00e0 Suburbicon\u00bb: derri\u00e8re le r\u00eave am\u00e9ricain","datePublished":"2017-12-13T11:06:13+00:00","dateModified":"2025-12-04T22:01:09+00:00","mainEntityOfPage":{"@id":"https:\/\/leregardlibre.com\/cinema\/films\/bienvenue-a-suburbicon-derriere-le-reve-americain\/"},"wordCount":282,"commentCount":0,"publisher":{"@id":"https:\/\/leregardlibre.com\/#organization"},"image":{"@id":"https:\/\/leregardlibre.com\/cinema\/films\/bienvenue-a-suburbicon-derriere-le-reve-americain\/#primaryimage"},"thumbnailUrl":"https:\/\/leregardlibre.com\/wp-content\/uploads\/2017\/12\/bienvenue-a-suburbicon1.jpg","keywords":["american way of life","Cin\u00e9ma am\u00e9ricain","Etats-Unis","George Cloney","Matt Damon","Peanut Butter","R\u00eave am\u00e9ricain"],"articleSection":["Films"],"inLanguage":"en-US","potentialAction":[{"@type":"CommentAction","name":"Comment","target":["https:\/\/leregardlibre.com\/cinema\/films\/bienvenue-a-suburbicon-derriere-le-reve-americain\/#respond"]}]},{"@type":"WebPage","@id":"https:\/\/leregardlibre.com\/cinema\/films\/bienvenue-a-suburbicon-derriere-le-reve-americain\/","url":"https:\/\/leregardlibre.com\/cinema\/films\/bienvenue-a-suburbicon-derriere-le-reve-americain\/","name":"\u00abWelcome to Suburbicon: behind the American dream","isPartOf":{"@id":"https:\/\/leregardlibre.com\/#website"},"primaryImageOfPage":{"@id":"https:\/\/leregardlibre.com\/cinema\/films\/bienvenue-a-suburbicon-derriere-le-reve-americain\/#primaryimage"},"image":{"@id":"https:\/\/leregardlibre.com\/cinema\/films\/bienvenue-a-suburbicon-derriere-le-reve-americain\/#primaryimage"},"thumbnailUrl":"https:\/\/leregardlibre.com\/wp-content\/uploads\/2017\/12\/bienvenue-a-suburbicon1.jpg","datePublished":"2017-12-13T11:06:13+00:00","dateModified":"2025-12-04T22:01:09+00:00","breadcrumb":{"@id":"https:\/\/leregardlibre.com\/cinema\/films\/bienvenue-a-suburbicon-derriere-le-reve-americain\/#breadcrumb"},"inLanguage":"en-US","potentialAction":[{"@type":"ReadAction","target":["https:\/\/leregardlibre.com\/cinema\/films\/bienvenue-a-suburbicon-derriere-le-reve-americain\/"]}]},{"@type":"ImageObject","inLanguage":"en-US","@id":"https:\/\/leregardlibre.com\/cinema\/films\/bienvenue-a-suburbicon-derriere-le-reve-americain\/#primaryimage","url":"https:\/\/leregardlibre.com\/wp-content\/uploads\/2017\/12\/bienvenue-a-suburbicon1.jpg","contentUrl":"https:\/\/leregardlibre.com\/wp-content\/uploads\/2017\/12\/bienvenue-a-suburbicon1.jpg","width":672,"height":372},{"@type":"BreadcrumbList","@id":"https:\/\/leregardlibre.com\/cinema\/films\/bienvenue-a-suburbicon-derriere-le-reve-americain\/#breadcrumb","itemListElement":[{"@type":"ListItem","position":1,"name":"Accueil","item":"https:\/\/leregardlibre.com\/"},{"@type":"ListItem","position":2,"name":"\u00abBienvenue \u00e0 Suburbicon\u00bb: derri\u00e8re le r\u00eave am\u00e9ricain"}]},{"@type":"WebSite","@id":"https:\/\/leregardlibre.com\/#website","url":"https:\/\/leregardlibre.com\/","name":"Le Regard Libre","description":"Switzerland's first monthly debate magazine","publisher":{"@id":"https:\/\/leregardlibre.com\/#organization"},"potentialAction":[{"@type":"SearchAction","target":{"@type":"EntryPoint","urlTemplate":"https:\/\/leregardlibre.com\/?s={search_term_string}"},"query-input":{"@type":"PropertyValueSpecification","valueRequired":true,"valueName":"search_term_string"}}],"inLanguage":"en-US"},{"@type":"Organization","@id":"https:\/\/leregardlibre.com\/#organization","name":"Le Regard Libre","url":"https:\/\/leregardlibre.com\/","logo":{"@type":"ImageObject","inLanguage":"en-US","@id":"https:\/\/leregardlibre.com\/#\/schema\/logo\/image\/","url":"https:\/\/leregardlibre.com\/wp-content\/uploads\/2025\/08\/logo-rl-icone-neg.jpeg","contentUrl":"https:\/\/leregardlibre.com\/wp-content\/uploads\/2025\/08\/logo-rl-icone-neg.jpeg","width":557,"height":556,"caption":"Le Regard Libre"},"image":{"@id":"https:\/\/leregardlibre.com\/#\/schema\/logo\/image\/"},"sameAs":["https:\/\/www.facebook.com\/leregardlibre\/","https:\/\/x.com\/LeRegardLibre","https:\/\/www.linkedin.com\/company\/le-regard-libre","https:\/\/www.instagram.com\/leregardlibre\/","http:\/\/t.me\/leregardlibre","https:\/\/youtube.com\/channel\/UC6HzGPomj1LsUmlz-sJtITQ"],"description":"Le Regard Libre is a Swiss monthly magazine for intellectual and cultural debate. Its editorial team is young, voluntary, liberal and pluralist. The magazine appears online and in print. Its language is French.","email":"redaction@leregardlibre.com","legalName":"Le Regard Libre","foundingDate":"2014-01-01","numberOfEmployees":{"@type":"QuantitativeValue","minValue":"11","maxValue":"50"},"publishingPrinciples":"https:\/\/leregardlibre.com\/a-propos\/notre-manifeste\/","ownershipFundingInfo":"https:\/\/leregardlibre.com\/mentions-legales\/","actionableFeedbackPolicy":"https:\/\/leregardlibre.com\/conditions-generales-de-vente\/"},{"@type":"Person","@id":"https:\/\/leregardlibre.com\/#\/schema\/person\/3446d3a78b45211305188d4401e7719a","name":"Nicolas Jutzet","image":{"@type":"ImageObject","inLanguage":"en-US","@id":"https:\/\/secure.gravatar.com\/avatar\/0051d940078d390e50a5e700a6c653e3776f3a164b8878a91d3c09ee3a174239?s=96&d=identicon&r=g","url":"https:\/\/secure.gravatar.com\/avatar\/0051d940078d390e50a5e700a6c653e3776f3a164b8878a91d3c09ee3a174239?s=96&d=identicon&r=g","contentUrl":"https:\/\/secure.gravatar.com\/avatar\/0051d940078d390e50a5e700a6c653e3776f3a164b8878a91d3c09ee3a174239?s=96&d=identicon&r=g","caption":"Nicolas Jutzet"},"description":"Co-founder of the Liber-th\u00e9 media, Nicolas Jutzet is vice-director of the Institut lib\u00e9ral in Switzerland.","sameAs":["https:\/\/nicolasjutzet.ch\/a-propos\/","https:\/\/fr.wikipedia.org\/wiki\/Le_Regard_libre"],"url":"https:\/\/leregardlibre.com\/en\/author\/nicolas-jutzet\/"}]}},"_links":{"self":[{"href":"https:\/\/leregardlibre.com\/en\/wp-json\/wp\/v2\/posts\/13585","targetHints":{"allow":["GET"]}}],"collection":[{"href":"https:\/\/leregardlibre.com\/en\/wp-json\/wp\/v2\/posts"}],"about":[{"href":"https:\/\/leregardlibre.com\/en\/wp-json\/wp\/v2\/types\/post"}],"author":[{"embeddable":true,"href":"https:\/\/leregardlibre.com\/en\/wp-json\/wp\/v2\/users\/314"}],"replies":[{"embeddable":true,"href":"https:\/\/leregardlibre.com\/en\/wp-json\/wp\/v2\/comments?post=13585"}],"version-history":[{"count":1,"href":"https:\/\/leregardlibre.com\/en\/wp-json\/wp\/v2\/posts\/13585\/revisions"}],"predecessor-version":[{"id":509526,"href":"https:\/\/leregardlibre.com\/en\/wp-json\/wp\/v2\/posts\/13585\/revisions\/509526"}],"wp:featuredmedia":[{"embeddable":true,"href":"https:\/\/leregardlibre.com\/en\/wp-json\/wp\/v2\/media\/13596"}],"wp:attachment":[{"href":"https:\/\/leregardlibre.com\/en\/wp-json\/wp\/v2\/media?parent=13585"}],"wp:term":[{"taxonomy":"category","embeddable":true,"href":"https:\/\/leregardlibre.com\/en\/wp-json\/wp\/v2\/categories?post=13585"},{"taxonomy":"post_tag","embeddable":true,"href":"https:\/\/leregardlibre.com\/en\/wp-json\/wp\/v2\/tags?post=13585"}],"curies":[{"name":"wp","href":"https:\/\/api.w.org\/{rel}","templated":true}]}}