{"id":13807,"date":"2017-12-27T10:18:56","date_gmt":"2017-12-27T08:18:56","guid":{"rendered":"http:\/\/leregardlibre.com\/?p=13807"},"modified":"2025-12-04T23:01:03","modified_gmt":"2025-12-04T22:01:03","slug":"ferdinand-a-beautiful-animated-drawing-in-the-decor-of-lespagne","status":"publish","type":"post","link":"https:\/\/leregardlibre.com\/en\/cinema\/films\/ferdinand-a-beautiful-animated-drawing-in-the-decor-of-lespagne\/","title":{"rendered":"\u00abFerdinand\u00bb, a beautiful cartoon set in Spain"},"content":{"rendered":"<p><em>Cinema Wednesdays - Jonas Follonier<\/em><\/p>\n\n\n\n<p class=\"has-drop-cap\">In 1938, Walt Disney released a short film featuring a fearsomely muscular bull with a sentimental heart, more interested in the scent of flowers than in horn-fighting. Now, in 2017, a feature-length adaptation of this tale is hitting the screens, <em>Ferdinand<\/em>, which brings a new light to the praise of difference and the denunciation of bullfighting. The film is directed by Carlos Saldanha, who made the first three <em>Ice Age<\/em>.<\/p>\n\n\n\n<!--more Lire la suite de la critique-->\n\n\n\n<p>Growing up in a <em>casa del toros<\/em>&nbsp;Alongside his fighting friends, Ferdinand enjoys sniffing the pretty red flower in the yard. The day his father is taken to the arena, the young bull runs off into the wild. This is followed by a magnificent sequence in which Ferdinand is adopted by a horticulturist's young daughter, who also takes a liking to the animal. This is the film's most touching and aesthetically pleasing moment.<\/p>\n\n\n\n<p>But the young bull soon becomes a robust bull. And when he finds himself in town to attend the flower festival, the festivities quickly turn to disaster. Stung by a bee, the oversized animal dashes through the crowd, turning stalls and shops upside down. The police intervene, and Ferdinand, who has become accustomed to his new life with the farmer and his daughter, is taken back to his childhood prison.<\/p>\n\n\n\n\n\n<p>The story unfolds over the course of an hour, culminating in a colorful finale in the Madrid arena. <em>Ferdinand<\/em> certainly achieves its entertainment objective. A well-balanced, well-researched sense of humor emerges, as does a most exquisite instrumental score. Above all, the beautiful computer-generated images across the Spanish countryside, from windmills to arid fields in the moonlight, show the full potential of modern animation.<\/p>\n\n\n\n<p><em>Write to the author: <a href=\"mailto:jonas.follonier@leregardlibre.com\">jonas.follonier@leregardlibre.com<\/a><\/em><\/p>\n\n\n\n<p>Photo credit: \u00a9 Twentieth Century Fox Film Corporation<\/p>","protected":false},"excerpt":{"rendered":"<p>Les mercredis du cin\u00e9ma &#8211; Jonas Follonier En 1938 sortait un court-m\u00e9trage de Walt Disney mettant \u00e0 l&#8217;honneur un taureau&#8230;<\/p>","protected":false},"author":138,"featured_media":509538,"comment_status":"open","ping_status":"open","sticky":false,"template":"","format":"standard","meta":{"_acf_changed":false,"footnotes":""},"categories":[644355829],"tags":[3870660,119212,1090624,209662,4310513,219901,5265466,791560,200531],"class_list":["post-13807","post","type-post","status-publish","format-standard","has-post-thumbnail","hentry","category-films","tag-carlos-saldanha","tag-corrida","tag-dessin-anime","tag-espagne","tag-film-danimation","tag-fleurs","tag-musique-instrumentale","tag-taureau","tag-walt-disney"],"acf":[],"yoast_head":"<!-- This site is optimized with the Yoast SEO Premium plugin v27.4 (Yoast SEO v27.4) - https:\/\/yoast.com\/product\/yoast-seo-premium-wordpress\/ -->\n<title>\u00abFerdinand\u00bb, un beau dessin anim\u00e9 dans le d\u00e9cor de l&#039;Espagne<\/title>\n<meta name=\"robots\" content=\"index, follow, max-snippet:-1, max-image-preview:large, max-video-preview:-1\" \/>\n<link rel=\"canonical\" href=\"https:\/\/leregardlibre.com\/en\/cinema\/films\/ferdinand-a-beautiful-animated-drawing-in-the-decor-of-lespagne\/\" \/>\n<meta property=\"og:locale\" content=\"en_US\" \/>\n<meta property=\"og:type\" content=\"article\" \/>\n<meta property=\"og:title\" content=\"\u00abFerdinand\u00bb, un beau dessin anim\u00e9 dans le d\u00e9cor de l&#039;Espagne\" \/>\n<meta property=\"og:description\" content=\"Les mercredis du cin\u00e9ma - Jonas Follonier En 1938 sortait un court-m\u00e9trage de Walt Disney mettant \u00e0 l&#039;honneur un taureau...\" \/>\n<meta property=\"og:url\" content=\"https:\/\/leregardlibre.com\/en\/cinema\/films\/ferdinand-a-beautiful-animated-drawing-in-the-decor-of-lespagne\/\" \/>\n<meta property=\"og:site_name\" content=\"Le Regard Libre\" \/>\n<meta property=\"article:publisher\" content=\"https:\/\/www.facebook.com\/leregardlibre\/\" \/>\n<meta property=\"article:author\" content=\"https:\/\/www.facebook.com\/jonas.follonier\/\" \/>\n<meta property=\"article:published_time\" content=\"2017-12-27T08:18:56+00:00\" \/>\n<meta property=\"article:modified_time\" content=\"2025-12-04T22:01:03+00:00\" \/>\n<meta property=\"og:image\" content=\"https:\/\/leregardlibre.com\/wp-content\/uploads\/2018\/02\/picture-1-1.jpg\" \/>\n\t<meta property=\"og:image:width\" content=\"4096\" \/>\n\t<meta property=\"og:image:height\" content=\"1716\" \/>\n\t<meta property=\"og:image:type\" content=\"image\/jpeg\" \/>\n<meta name=\"author\" content=\"Jonas Follonier\" \/>\n<meta name=\"twitter:card\" content=\"summary_large_image\" \/>\n<meta name=\"twitter:creator\" content=\"@LeRegardLibre\" \/>\n<meta name=\"twitter:site\" content=\"@LeRegardLibre\" \/>\n<meta name=\"twitter:label1\" content=\"Written by\" \/>\n\t<meta name=\"twitter:data1\" content=\"Jonas Follonier\" \/>\n\t<meta name=\"twitter:label2\" content=\"Est. reading time\" \/>\n\t<meta name=\"twitter:data2\" content=\"2 minutes\" \/>\n<script type=\"application\/ld+json\" class=\"yoast-schema-graph\">{\"@context\":\"https:\\\/\\\/schema.org\",\"@graph\":[{\"@type\":\"Article\",\"@id\":\"https:\\\/\\\/leregardlibre.com\\\/cinema\\\/films\\\/ferdinand-un-beau-dessin-anime-dans-le-decor-de-lespagne\\\/#article\",\"isPartOf\":{\"@id\":\"https:\\\/\\\/leregardlibre.com\\\/cinema\\\/films\\\/ferdinand-un-beau-dessin-anime-dans-le-decor-de-lespagne\\\/\"},\"author\":{\"name\":\"Jonas Follonier\",\"@id\":\"https:\\\/\\\/leregardlibre.com\\\/#\\\/schema\\\/person\\\/bfe5aa794a23be71485d60e2d93ec0d2\"},\"headline\":\"\u00abFerdinand\u00bb, un beau dessin anim\u00e9 dans le d\u00e9cor de l&#8217;Espagne\",\"datePublished\":\"2017-12-27T08:18:56+00:00\",\"dateModified\":\"2025-12-04T22:01:03+00:00\",\"mainEntityOfPage\":{\"@id\":\"https:\\\/\\\/leregardlibre.com\\\/cinema\\\/films\\\/ferdinand-un-beau-dessin-anime-dans-le-decor-de-lespagne\\\/\"},\"wordCount\":380,\"commentCount\":0,\"publisher\":{\"@id\":\"https:\\\/\\\/leregardlibre.com\\\/#organization\"},\"image\":{\"@id\":\"https:\\\/\\\/leregardlibre.com\\\/cinema\\\/films\\\/ferdinand-un-beau-dessin-anime-dans-le-decor-de-lespagne\\\/#primaryimage\"},\"thumbnailUrl\":\"https:\\\/\\\/leregardlibre.com\\\/wp-content\\\/uploads\\\/2018\\\/02\\\/picture-1-1.jpg\",\"keywords\":[\"carlos saldanha\",\"corrida\",\"dessin anim\u00e9\",\"Espagne\",\"Film d'animation\",\"fleurs\",\"Musique instrumentale\",\"taureau\",\"Walt Disney\"],\"articleSection\":[\"Films\"],\"inLanguage\":\"en-US\",\"potentialAction\":[{\"@type\":\"CommentAction\",\"name\":\"Comment\",\"target\":[\"https:\\\/\\\/leregardlibre.com\\\/cinema\\\/films\\\/ferdinand-un-beau-dessin-anime-dans-le-decor-de-lespagne\\\/#respond\"]}]},{\"@type\":\"WebPage\",\"@id\":\"https:\\\/\\\/leregardlibre.com\\\/cinema\\\/films\\\/ferdinand-un-beau-dessin-anime-dans-le-decor-de-lespagne\\\/\",\"url\":\"https:\\\/\\\/leregardlibre.com\\\/cinema\\\/films\\\/ferdinand-un-beau-dessin-anime-dans-le-decor-de-lespagne\\\/\",\"name\":\"\u00abFerdinand\u00bb, un beau dessin anim\u00e9 dans le d\u00e9cor de l'Espagne\",\"isPartOf\":{\"@id\":\"https:\\\/\\\/leregardlibre.com\\\/#website\"},\"primaryImageOfPage\":{\"@id\":\"https:\\\/\\\/leregardlibre.com\\\/cinema\\\/films\\\/ferdinand-un-beau-dessin-anime-dans-le-decor-de-lespagne\\\/#primaryimage\"},\"image\":{\"@id\":\"https:\\\/\\\/leregardlibre.com\\\/cinema\\\/films\\\/ferdinand-un-beau-dessin-anime-dans-le-decor-de-lespagne\\\/#primaryimage\"},\"thumbnailUrl\":\"https:\\\/\\\/leregardlibre.com\\\/wp-content\\\/uploads\\\/2018\\\/02\\\/picture-1-1.jpg\",\"datePublished\":\"2017-12-27T08:18:56+00:00\",\"dateModified\":\"2025-12-04T22:01:03+00:00\",\"breadcrumb\":{\"@id\":\"https:\\\/\\\/leregardlibre.com\\\/cinema\\\/films\\\/ferdinand-un-beau-dessin-anime-dans-le-decor-de-lespagne\\\/#breadcrumb\"},\"inLanguage\":\"en-US\",\"potentialAction\":[{\"@type\":\"ReadAction\",\"target\":[\"https:\\\/\\\/leregardlibre.com\\\/cinema\\\/films\\\/ferdinand-un-beau-dessin-anime-dans-le-decor-de-lespagne\\\/\"]}]},{\"@type\":\"ImageObject\",\"inLanguage\":\"en-US\",\"@id\":\"https:\\\/\\\/leregardlibre.com\\\/cinema\\\/films\\\/ferdinand-un-beau-dessin-anime-dans-le-decor-de-lespagne\\\/#primaryimage\",\"url\":\"https:\\\/\\\/leregardlibre.com\\\/wp-content\\\/uploads\\\/2018\\\/02\\\/picture-1-1.jpg\",\"contentUrl\":\"https:\\\/\\\/leregardlibre.com\\\/wp-content\\\/uploads\\\/2018\\\/02\\\/picture-1-1.jpg\",\"width\":4096,\"height\":1716,\"caption\":\"Twentieth Century Fox and Blue Sky Studios present \\\"Ferdinand.\\\"\"},{\"@type\":\"BreadcrumbList\",\"@id\":\"https:\\\/\\\/leregardlibre.com\\\/cinema\\\/films\\\/ferdinand-un-beau-dessin-anime-dans-le-decor-de-lespagne\\\/#breadcrumb\",\"itemListElement\":[{\"@type\":\"ListItem\",\"position\":1,\"name\":\"Accueil\",\"item\":\"https:\\\/\\\/leregardlibre.com\\\/\"},{\"@type\":\"ListItem\",\"position\":2,\"name\":\"\u00abFerdinand\u00bb, un beau dessin anim\u00e9 dans le d\u00e9cor de l&#8217;Espagne\"}]},{\"@type\":\"WebSite\",\"@id\":\"https:\\\/\\\/leregardlibre.com\\\/#website\",\"url\":\"https:\\\/\\\/leregardlibre.com\\\/\",\"name\":\"Le Regard Libre\",\"description\":\"Premier mensuel suisse de d\u00e9bat\",\"publisher\":{\"@id\":\"https:\\\/\\\/leregardlibre.com\\\/#organization\"},\"potentialAction\":[{\"@type\":\"SearchAction\",\"target\":{\"@type\":\"EntryPoint\",\"urlTemplate\":\"https:\\\/\\\/leregardlibre.com\\\/?s={search_term_string}\"},\"query-input\":{\"@type\":\"PropertyValueSpecification\",\"valueRequired\":true,\"valueName\":\"search_term_string\"}}],\"inLanguage\":\"en-US\"},{\"@type\":\"Organization\",\"@id\":\"https:\\\/\\\/leregardlibre.com\\\/#organization\",\"name\":\"Le Regard Libre\",\"url\":\"https:\\\/\\\/leregardlibre.com\\\/\",\"logo\":{\"@type\":\"ImageObject\",\"inLanguage\":\"en-US\",\"@id\":\"https:\\\/\\\/leregardlibre.com\\\/#\\\/schema\\\/logo\\\/image\\\/\",\"url\":\"https:\\\/\\\/leregardlibre.com\\\/wp-content\\\/uploads\\\/2025\\\/08\\\/logo-rl-icone-neg.jpeg\",\"contentUrl\":\"https:\\\/\\\/leregardlibre.com\\\/wp-content\\\/uploads\\\/2025\\\/08\\\/logo-rl-icone-neg.jpeg\",\"width\":557,\"height\":556,\"caption\":\"Le Regard Libre\"},\"image\":{\"@id\":\"https:\\\/\\\/leregardlibre.com\\\/#\\\/schema\\\/logo\\\/image\\\/\"},\"sameAs\":[\"https:\\\/\\\/www.facebook.com\\\/leregardlibre\\\/\",\"https:\\\/\\\/x.com\\\/LeRegardLibre\",\"https:\\\/\\\/www.linkedin.com\\\/company\\\/le-regard-libre\",\"https:\\\/\\\/www.instagram.com\\\/leregardlibre\\\/\",\"http:\\\/\\\/t.me\\\/leregardlibre\",\"https:\\\/\\\/youtube.com\\\/channel\\\/UC6HzGPomj1LsUmlz-sJtITQ\"],\"description\":\"Le Regard Libre est un mensuel suisse de d\u00e9bat intellectuel et culturel. Sa r\u00e9daction est jeune, b\u00e9n\u00e9vole, lib\u00e9rale et pluraliste. Le magazine para\u00eet en ligne et sous forme papier. Sa langue est le fran\u00e7ais.\",\"email\":\"redaction@leregardlibre.com\",\"legalName\":\"Le Regard Libre\",\"foundingDate\":\"2014-01-01\",\"numberOfEmployees\":{\"@type\":\"QuantitativeValue\",\"minValue\":\"11\",\"maxValue\":\"50\"},\"publishingPrinciples\":\"https:\\\/\\\/leregardlibre.com\\\/a-propos\\\/notre-manifeste\\\/\",\"ownershipFundingInfo\":\"https:\\\/\\\/leregardlibre.com\\\/mentions-legales\\\/\",\"actionableFeedbackPolicy\":\"https:\\\/\\\/leregardlibre.com\\\/conditions-generales-de-vente\\\/\"},{\"@type\":\"Person\",\"@id\":\"https:\\\/\\\/leregardlibre.com\\\/#\\\/schema\\\/person\\\/bfe5aa794a23be71485d60e2d93ec0d2\",\"name\":\"Jonas Follonier\",\"image\":{\"@type\":\"ImageObject\",\"inLanguage\":\"en-US\",\"@id\":\"https:\\\/\\\/secure.gravatar.com\\\/avatar\\\/602060b40f6a458420c2d140f49b6caea99152ce6704f2c332e5a0c5aad80303?s=96&d=identicon&r=g\",\"url\":\"https:\\\/\\\/secure.gravatar.com\\\/avatar\\\/602060b40f6a458420c2d140f49b6caea99152ce6704f2c332e5a0c5aad80303?s=96&d=identicon&r=g\",\"contentUrl\":\"https:\\\/\\\/secure.gravatar.com\\\/avatar\\\/602060b40f6a458420c2d140f49b6caea99152ce6704f2c332e5a0c5aad80303?s=96&d=identicon&r=g\",\"caption\":\"Jonas Follonier\"},\"description\":\"Correspondant au Palais f\u00e9d\u00e9ral pour \u00abL\u2019Agefi\u00bb, auteur-compositeur-interpr\u00e8te et essayiste, Jonas Follonier est le fondateur et r\u00e9dacteur en chef du \u00abRegard Libre\u00bb.\",\"sameAs\":[\"https:\\\/\\\/www.facebook.com\\\/jonas.follonier\\\/\",\"https:\\\/\\\/www.instagram.com\\\/jonasfollonier\\\/\",\"https:\\\/\\\/www.linkedin.com\\\/in\\\/jonasfollonier\\\/\",\"https:\\\/\\\/fr.wikipedia.org\\\/wiki\\\/Le_Regard_libre\"],\"url\":\"https:\\\/\\\/leregardlibre.com\\\/en\\\/author\\\/jonas-follonier\\\/\"}]}<\/script>\n<!-- \/ Yoast SEO Premium plugin. -->","yoast_head_json":{"title":"\u00abFerdinand\u00bb, a beautiful cartoon set in Spain","robots":{"index":"index","follow":"follow","max-snippet":"max-snippet:-1","max-image-preview":"max-image-preview:large","max-video-preview":"max-video-preview:-1"},"canonical":"https:\/\/leregardlibre.com\/en\/cinema\/films\/ferdinand-a-beautiful-animated-drawing-in-the-decor-of-lespagne\/","og_locale":"en_US","og_type":"article","og_title":"\u00abFerdinand\u00bb, un beau dessin anim\u00e9 dans le d\u00e9cor de l'Espagne","og_description":"Les mercredis du cin\u00e9ma - Jonas Follonier En 1938 sortait un court-m\u00e9trage de Walt Disney mettant \u00e0 l'honneur un taureau...","og_url":"https:\/\/leregardlibre.com\/en\/cinema\/films\/ferdinand-a-beautiful-animated-drawing-in-the-decor-of-lespagne\/","og_site_name":"Le Regard Libre","article_publisher":"https:\/\/www.facebook.com\/leregardlibre\/","article_author":"https:\/\/www.facebook.com\/jonas.follonier\/","article_published_time":"2017-12-27T08:18:56+00:00","article_modified_time":"2025-12-04T22:01:03+00:00","og_image":[{"width":4096,"height":1716,"url":"https:\/\/leregardlibre.com\/wp-content\/uploads\/2018\/02\/picture-1-1.jpg","type":"image\/jpeg"}],"author":"Jonas Follonier","twitter_card":"summary_large_image","twitter_creator":"@LeRegardLibre","twitter_site":"@LeRegardLibre","twitter_misc":{"Written by":"Jonas Follonier","Est. reading time":"2 minutes"},"schema":{"@context":"https:\/\/schema.org","@graph":[{"@type":"Article","@id":"https:\/\/leregardlibre.com\/cinema\/films\/ferdinand-un-beau-dessin-anime-dans-le-decor-de-lespagne\/#article","isPartOf":{"@id":"https:\/\/leregardlibre.com\/cinema\/films\/ferdinand-un-beau-dessin-anime-dans-le-decor-de-lespagne\/"},"author":{"name":"Jonas Follonier","@id":"https:\/\/leregardlibre.com\/#\/schema\/person\/bfe5aa794a23be71485d60e2d93ec0d2"},"headline":"\u00abFerdinand\u00bb, un beau dessin anim\u00e9 dans le d\u00e9cor de l&#8217;Espagne","datePublished":"2017-12-27T08:18:56+00:00","dateModified":"2025-12-04T22:01:03+00:00","mainEntityOfPage":{"@id":"https:\/\/leregardlibre.com\/cinema\/films\/ferdinand-un-beau-dessin-anime-dans-le-decor-de-lespagne\/"},"wordCount":380,"commentCount":0,"publisher":{"@id":"https:\/\/leregardlibre.com\/#organization"},"image":{"@id":"https:\/\/leregardlibre.com\/cinema\/films\/ferdinand-un-beau-dessin-anime-dans-le-decor-de-lespagne\/#primaryimage"},"thumbnailUrl":"https:\/\/leregardlibre.com\/wp-content\/uploads\/2018\/02\/picture-1-1.jpg","keywords":["carlos saldanha","corrida","dessin anim\u00e9","Espagne","Film d'animation","fleurs","Musique instrumentale","taureau","Walt Disney"],"articleSection":["Films"],"inLanguage":"en-US","potentialAction":[{"@type":"CommentAction","name":"Comment","target":["https:\/\/leregardlibre.com\/cinema\/films\/ferdinand-un-beau-dessin-anime-dans-le-decor-de-lespagne\/#respond"]}]},{"@type":"WebPage","@id":"https:\/\/leregardlibre.com\/cinema\/films\/ferdinand-un-beau-dessin-anime-dans-le-decor-de-lespagne\/","url":"https:\/\/leregardlibre.com\/cinema\/films\/ferdinand-un-beau-dessin-anime-dans-le-decor-de-lespagne\/","name":"\u00abFerdinand\u00bb, a beautiful cartoon set in Spain","isPartOf":{"@id":"https:\/\/leregardlibre.com\/#website"},"primaryImageOfPage":{"@id":"https:\/\/leregardlibre.com\/cinema\/films\/ferdinand-un-beau-dessin-anime-dans-le-decor-de-lespagne\/#primaryimage"},"image":{"@id":"https:\/\/leregardlibre.com\/cinema\/films\/ferdinand-un-beau-dessin-anime-dans-le-decor-de-lespagne\/#primaryimage"},"thumbnailUrl":"https:\/\/leregardlibre.com\/wp-content\/uploads\/2018\/02\/picture-1-1.jpg","datePublished":"2017-12-27T08:18:56+00:00","dateModified":"2025-12-04T22:01:03+00:00","breadcrumb":{"@id":"https:\/\/leregardlibre.com\/cinema\/films\/ferdinand-un-beau-dessin-anime-dans-le-decor-de-lespagne\/#breadcrumb"},"inLanguage":"en-US","potentialAction":[{"@type":"ReadAction","target":["https:\/\/leregardlibre.com\/cinema\/films\/ferdinand-un-beau-dessin-anime-dans-le-decor-de-lespagne\/"]}]},{"@type":"ImageObject","inLanguage":"en-US","@id":"https:\/\/leregardlibre.com\/cinema\/films\/ferdinand-un-beau-dessin-anime-dans-le-decor-de-lespagne\/#primaryimage","url":"https:\/\/leregardlibre.com\/wp-content\/uploads\/2018\/02\/picture-1-1.jpg","contentUrl":"https:\/\/leregardlibre.com\/wp-content\/uploads\/2018\/02\/picture-1-1.jpg","width":4096,"height":1716,"caption":"Twentieth Century Fox and Blue Sky Studios present \"Ferdinand.\""},{"@type":"BreadcrumbList","@id":"https:\/\/leregardlibre.com\/cinema\/films\/ferdinand-un-beau-dessin-anime-dans-le-decor-de-lespagne\/#breadcrumb","itemListElement":[{"@type":"ListItem","position":1,"name":"Accueil","item":"https:\/\/leregardlibre.com\/"},{"@type":"ListItem","position":2,"name":"\u00abFerdinand\u00bb, un beau dessin anim\u00e9 dans le d\u00e9cor de l&#8217;Espagne"}]},{"@type":"WebSite","@id":"https:\/\/leregardlibre.com\/#website","url":"https:\/\/leregardlibre.com\/","name":"Le Regard Libre","description":"Switzerland's first monthly debate magazine","publisher":{"@id":"https:\/\/leregardlibre.com\/#organization"},"potentialAction":[{"@type":"SearchAction","target":{"@type":"EntryPoint","urlTemplate":"https:\/\/leregardlibre.com\/?s={search_term_string}"},"query-input":{"@type":"PropertyValueSpecification","valueRequired":true,"valueName":"search_term_string"}}],"inLanguage":"en-US"},{"@type":"Organization","@id":"https:\/\/leregardlibre.com\/#organization","name":"Le Regard Libre","url":"https:\/\/leregardlibre.com\/","logo":{"@type":"ImageObject","inLanguage":"en-US","@id":"https:\/\/leregardlibre.com\/#\/schema\/logo\/image\/","url":"https:\/\/leregardlibre.com\/wp-content\/uploads\/2025\/08\/logo-rl-icone-neg.jpeg","contentUrl":"https:\/\/leregardlibre.com\/wp-content\/uploads\/2025\/08\/logo-rl-icone-neg.jpeg","width":557,"height":556,"caption":"Le Regard Libre"},"image":{"@id":"https:\/\/leregardlibre.com\/#\/schema\/logo\/image\/"},"sameAs":["https:\/\/www.facebook.com\/leregardlibre\/","https:\/\/x.com\/LeRegardLibre","https:\/\/www.linkedin.com\/company\/le-regard-libre","https:\/\/www.instagram.com\/leregardlibre\/","http:\/\/t.me\/leregardlibre","https:\/\/youtube.com\/channel\/UC6HzGPomj1LsUmlz-sJtITQ"],"description":"Le Regard Libre is a Swiss monthly magazine for intellectual and cultural debate. Its editorial team is young, voluntary, liberal and pluralist. The magazine appears online and in print. Its language is French.","email":"redaction@leregardlibre.com","legalName":"Le Regard Libre","foundingDate":"2014-01-01","numberOfEmployees":{"@type":"QuantitativeValue","minValue":"11","maxValue":"50"},"publishingPrinciples":"https:\/\/leregardlibre.com\/a-propos\/notre-manifeste\/","ownershipFundingInfo":"https:\/\/leregardlibre.com\/mentions-legales\/","actionableFeedbackPolicy":"https:\/\/leregardlibre.com\/conditions-generales-de-vente\/"},{"@type":"Person","@id":"https:\/\/leregardlibre.com\/#\/schema\/person\/bfe5aa794a23be71485d60e2d93ec0d2","name":"Jonas Follonier","image":{"@type":"ImageObject","inLanguage":"en-US","@id":"https:\/\/secure.gravatar.com\/avatar\/602060b40f6a458420c2d140f49b6caea99152ce6704f2c332e5a0c5aad80303?s=96&d=identicon&r=g","url":"https:\/\/secure.gravatar.com\/avatar\/602060b40f6a458420c2d140f49b6caea99152ce6704f2c332e5a0c5aad80303?s=96&d=identicon&r=g","contentUrl":"https:\/\/secure.gravatar.com\/avatar\/602060b40f6a458420c2d140f49b6caea99152ce6704f2c332e5a0c5aad80303?s=96&d=identicon&r=g","caption":"Jonas Follonier"},"description":"Federal Palace correspondent for \u00abL'Agefi\u00bb, singer-songwriter Jonas Follonier is the founder and editor-in-chief of \u00abRegard Libre\u00bb.","sameAs":["https:\/\/www.facebook.com\/jonas.follonier\/","https:\/\/www.instagram.com\/jonasfollonier\/","https:\/\/www.linkedin.com\/in\/jonasfollonier\/","https:\/\/fr.wikipedia.org\/wiki\/Le_Regard_libre"],"url":"https:\/\/leregardlibre.com\/en\/author\/jonas-follonier\/"}]}},"_links":{"self":[{"href":"https:\/\/leregardlibre.com\/en\/wp-json\/wp\/v2\/posts\/13807","targetHints":{"allow":["GET"]}}],"collection":[{"href":"https:\/\/leregardlibre.com\/en\/wp-json\/wp\/v2\/posts"}],"about":[{"href":"https:\/\/leregardlibre.com\/en\/wp-json\/wp\/v2\/types\/post"}],"author":[{"embeddable":true,"href":"https:\/\/leregardlibre.com\/en\/wp-json\/wp\/v2\/users\/138"}],"replies":[{"embeddable":true,"href":"https:\/\/leregardlibre.com\/en\/wp-json\/wp\/v2\/comments?post=13807"}],"version-history":[{"count":1,"href":"https:\/\/leregardlibre.com\/en\/wp-json\/wp\/v2\/posts\/13807\/revisions"}],"predecessor-version":[{"id":509537,"href":"https:\/\/leregardlibre.com\/en\/wp-json\/wp\/v2\/posts\/13807\/revisions\/509537"}],"wp:featuredmedia":[{"embeddable":true,"href":"https:\/\/leregardlibre.com\/en\/wp-json\/wp\/v2\/media\/509538"}],"wp:attachment":[{"href":"https:\/\/leregardlibre.com\/en\/wp-json\/wp\/v2\/media?parent=13807"}],"wp:term":[{"taxonomy":"category","embeddable":true,"href":"https:\/\/leregardlibre.com\/en\/wp-json\/wp\/v2\/categories?post=13807"},{"taxonomy":"post_tag","embeddable":true,"href":"https:\/\/leregardlibre.com\/en\/wp-json\/wp\/v2\/tags?post=13807"}],"curies":[{"name":"wp","href":"https:\/\/api.w.org\/{rel}","templated":true}]}}