{"id":14947,"date":"2018-04-10T10:08:40","date_gmt":"2018-04-10T08:08:40","guid":{"rendered":"http:\/\/leregardlibre.com\/?p=14947"},"modified":"2025-12-04T22:49:36","modified_gmt":"2025-12-04T21:49:36","slug":"green-days-by-the-river","status":"publish","type":"post","link":"https:\/\/leregardlibre.com\/en\/cinema\/films\/green-days-by-the-river\/","title":{"rendered":"\u00abGreen Days by the River\u00bb"},"content":{"rendered":"<p><i>Fribourg International Film Festival - Loris S. Musumeci<\/i><\/p>\n<p>\u00abYou left school to pick cocoa?\u00bb<\/p>\n<p>Drums, songs. Fishermen at the river; birds flying from tree to tree, crossing the sky. In this immaculate natural setting, a boy named Shell experiences human nature: he watches, bewildered, as a young girl bathes in the river. Her form is graceful, her skin warm and her gaze seductive. She is Rosalie, daughter of the Indian farmer Gidharee.<\/p>\n<p>He knows Shell's family. He is a friend of the ailing father, and develops a particular sympathy for the son. Gidarhee offers to take him and his dogs hunting and gathering on his vast estate. Shell sees this as an opportunity to kill the boredom of summer vacations, get closer to Rosalie and appear as the ideal son-in-law. The light-hearted flirting begins, the work intensifies and Shell becomes a man. With its pleasures and responsibilities, even the most restrictive.<\/p>\n<p><!--more--><\/p>\n<h3>Une \u0153uvre typiquement trinidadienne<\/h3>\n<p><em>Green Days by the River\u00a0<\/em>est adapt\u00e9 d\u2019un roman homonyme du Trinidadien Michael Anthony. Le r\u00e9alisateur, Michael Mooleedhar, a voulu puiser dans du local pour son premier long-m\u00e9trage. Il a conserv\u00e9 d\u2019ailleurs l\u2019\u00e9poque pr\u00e9cise durant laquelle se d\u00e9roule l\u2019histoire\u00a0: en 1952. Son film s\u2019inscrit ainsi dans l\u2019\u0153uvre typiquement trinidadienne. Il rend hommage \u00e0 son pays, tant pour sa nature, que pour son histoire. Alors que l\u2019\u00eele est encore une colonie anglaise, les diff\u00e9rences culturelles sont marqu\u00e9es entre Indiens et Noirs tout particuli\u00e8rement.<\/p>\n<p>Sous cet aspect, le film pourrait tomber dans le pi\u00e8ge d\u2019une propagande chauvine\u00a0; <em>Green Days by the River<\/em> serait un panneau publicitaire pour la R\u00e9publique de Trinit\u00e9-et-Tobago. Or ce n\u2019est pas le cas. Le r\u00e9alisateur s\u2019applique \u00e0 livrer les prises de vue de sa terre au service de la trame et de l\u2019esth\u00e9tique du cin\u00e9ma. Il faut noter en effet que la photographie du film est sans doute l\u2019une des plus pures parmi celles des autres longs-m\u00e9trages en comp\u00e9tition au Festival International de Films de Fribourg.<\/p>\n<h3>Au rythme de la danse<\/h3>\n<p>Non seulement les images regorgent d\u2019une beaut\u00e9 limpide, figurant notamment le vert des feuilles et des champs jamais de mani\u00e8re excessive, mais elles sont dot\u00e9es aussi d\u2019un vrai rythme. D\u2019une part, il y a rythme par le retour cyclique de plans fixes tels ceux de la rivi\u00e8re ou du ciel\u00a0; d\u2019autre part il y a rythme dans les sc\u00e8nes de travail.<\/p>\n<p>Celles-ci prennent l\u2019allure d\u2019une danse sublime. Lorsque Shell est employ\u00e9 chez Gidarhee, la musique accompagne la jolie Rosalie qui moud le cacao, m\u00ealant son activit\u00e9 \u00e0 de la s\u00e9duction. Shell entre lui aussi dans la danse, tout en travaillant\u00a0: bougeant d\u00e9licatement son corps d\u00e9j\u00e0 fort mais encore fr\u00eale.<\/p>\n<h3>De la suggestion \u00e0 la complexit\u00e9<\/h3>\n<p>Puisque le film parle d\u2019amour, et surtout d\u2019apprentissage de l\u2019amour, l\u2019\u00e9vocation tient une place essentielle. Elle offre au spectateur toute la sensualit\u00e9 des jeunes gens tout en ne d\u00e9passant jamais les limites d\u2019une pudeur intransigeante, stricte mais douce. Est-ce aujourd\u2019hui au cin\u00e9ma d\u2019Afrique et d\u2019Am\u00e9rique du Sud \u00e0 r\u00e9apprendre au cin\u00e9ma occidentale l\u2019art de la suggestion en mati\u00e8re d&#8217;amourettes et de sexe ?<\/p>\n<p>En outre, l\u2019amour dont il est question se d\u00e9ploie sous des formes assez \u00e9tonnantes, des plus naturelles et sentimentales au plus p\u00e9dagogiques et dures. La complexit\u00e9 des personnages se r\u00e9v\u00e8le justement dans les statuts de l\u2019amour, et le choc promet de venir percer l\u2019insouciance des journ\u00e9es verdoyantes au bord de la rivi\u00e8re.<\/p>\n<p>\u00ab Je crois en la terre et en sa culture. \u00bb<\/p>\n<p><em>Write to the author : <a href=\"mailto:loris.musumeci@leregardlibre.com\">loris.musumeci@leregardlibre.com<\/a><\/em><\/p>\n<p>Cr\u00e9dit photo : \u00a9 Green Days by the River<\/p>","protected":false},"excerpt":{"rendered":"<p>Festival International de Films de Fribourg\u00a0\u2013 Loris S. Musumeci \u00ab\u00a0Tu as quitt\u00e9 l\u2019\u00e9cole pour cueillir du cacao\u00a0? \u00bb Tambours, chants&#8230;.<\/p>","protected":false},"author":18,"featured_media":14949,"comment_status":"open","ping_status":"open","sticky":false,"template":"","format":"standard","meta":{"_acf_changed":false,"footnotes":""},"categories":[644355829],"tags":[14572,31254,204472,1122003,404156,10273462,608214487,1443803,610103439,358015310,1308250,35831746,35499,2350317,43912,12370038],"class_list":["post-14947","post","type-post","status-publish","format-standard","has-post-thumbnail","hentry","category-films","tag-agriculture","tag-amour","tag-cacao","tag-chasse","tag-cueillette","tag-fiff","tag-fiff-2018","tag-gendre","tag-gidharee","tag-green-days-by-the-river","tag-michael-anthony","tag-michael-mooleedhar","tag-noirs","tag-riviere","tag-shell","tag-trinite-et-tobago"],"acf":[],"yoast_head":"<!-- This site is optimized with the Yoast SEO Premium plugin v27.4 (Yoast SEO v27.4) - https:\/\/yoast.com\/product\/yoast-seo-premium-wordpress\/ -->\n<title>\u00abGreen Days by the River\u00bb<\/title>\n<meta name=\"robots\" content=\"index, follow, max-snippet:-1, max-image-preview:large, max-video-preview:-1\" \/>\n<link rel=\"canonical\" href=\"https:\/\/leregardlibre.com\/en\/cinema\/films\/green-days-by-the-river\/\" \/>\n<meta property=\"og:locale\" content=\"en_US\" \/>\n<meta property=\"og:type\" content=\"article\" \/>\n<meta property=\"og:title\" content=\"\u00abGreen Days by the River\u00bb\" \/>\n<meta property=\"og:description\" content=\"Festival International de Films de Fribourg\u00a0\u2013 Loris S. Musumeci \u00ab\u00a0Tu as quitt\u00e9 l\u2019\u00e9cole pour cueillir du cacao\u00a0? \u00bb Tambours, chants....\" \/>\n<meta property=\"og:url\" content=\"https:\/\/leregardlibre.com\/en\/cinema\/films\/green-days-by-the-river\/\" \/>\n<meta property=\"og:site_name\" content=\"Le Regard Libre\" \/>\n<meta property=\"article:publisher\" content=\"https:\/\/www.facebook.com\/leregardlibre\/\" \/>\n<meta property=\"article:published_time\" content=\"2018-04-10T08:08:40+00:00\" \/>\n<meta property=\"article:modified_time\" content=\"2025-12-04T21:49:36+00:00\" \/>\n<meta property=\"og:image\" content=\"https:\/\/leregardlibre.com\/wp-content\/uploads\/2018\/04\/green-days-by-the-river-1-c2a9-green-days-by-the-river.jpg\" \/>\n\t<meta property=\"og:image:width\" content=\"1200\" \/>\n\t<meta property=\"og:image:height\" content=\"675\" \/>\n\t<meta property=\"og:image:type\" content=\"image\/jpeg\" \/>\n<meta name=\"author\" content=\"Loris S. Musumeci\" \/>\n<meta name=\"twitter:card\" content=\"summary_large_image\" \/>\n<meta name=\"twitter:creator\" content=\"@LeRegardLibre\" \/>\n<meta name=\"twitter:site\" content=\"@LeRegardLibre\" \/>\n<meta name=\"twitter:label1\" content=\"Written by\" \/>\n\t<meta name=\"twitter:data1\" content=\"Loris S. Musumeci\" \/>\n\t<meta name=\"twitter:label2\" content=\"Est. reading time\" \/>\n\t<meta name=\"twitter:data2\" content=\"3 minutes\" \/>\n<script type=\"application\/ld+json\" class=\"yoast-schema-graph\">{\"@context\":\"https:\\\/\\\/schema.org\",\"@graph\":[{\"@type\":\"Article\",\"@id\":\"https:\\\/\\\/leregardlibre.com\\\/cinema\\\/films\\\/green-days-by-the-river\\\/#article\",\"isPartOf\":{\"@id\":\"https:\\\/\\\/leregardlibre.com\\\/cinema\\\/films\\\/green-days-by-the-river\\\/\"},\"author\":{\"name\":\"Loris S. Musumeci\",\"@id\":\"https:\\\/\\\/leregardlibre.com\\\/#\\\/schema\\\/person\\\/04d80ec47094bca6b1fa22dffad24005\"},\"headline\":\"\u00abGreen Days by the River\u00bb\",\"datePublished\":\"2018-04-10T08:08:40+00:00\",\"dateModified\":\"2025-12-04T21:49:36+00:00\",\"mainEntityOfPage\":{\"@id\":\"https:\\\/\\\/leregardlibre.com\\\/cinema\\\/films\\\/green-days-by-the-river\\\/\"},\"wordCount\":690,\"commentCount\":0,\"publisher\":{\"@id\":\"https:\\\/\\\/leregardlibre.com\\\/#organization\"},\"image\":{\"@id\":\"https:\\\/\\\/leregardlibre.com\\\/cinema\\\/films\\\/green-days-by-the-river\\\/#primaryimage\"},\"thumbnailUrl\":\"https:\\\/\\\/leregardlibre.com\\\/wp-content\\\/uploads\\\/2018\\\/04\\\/green-days-by-the-river-1-c2a9-green-days-by-the-river.jpg\",\"keywords\":[\"Agriculture\",\"Amour\",\"cacao\",\"chasse\",\"cueillette\",\"FIFF\",\"FIFF 2018\",\"gendre\",\"gidharee\",\"green days by the river\",\"michael anthony\",\"michael mooleedhar\",\"Noirs\",\"rivi\u00e8re\",\"shell\",\"trinit\u00e9-et-tobago\"],\"articleSection\":[\"Films\"],\"inLanguage\":\"en-US\",\"potentialAction\":[{\"@type\":\"CommentAction\",\"name\":\"Comment\",\"target\":[\"https:\\\/\\\/leregardlibre.com\\\/cinema\\\/films\\\/green-days-by-the-river\\\/#respond\"]}]},{\"@type\":\"WebPage\",\"@id\":\"https:\\\/\\\/leregardlibre.com\\\/cinema\\\/films\\\/green-days-by-the-river\\\/\",\"url\":\"https:\\\/\\\/leregardlibre.com\\\/cinema\\\/films\\\/green-days-by-the-river\\\/\",\"name\":\"\u00abGreen Days by the River\u00bb\",\"isPartOf\":{\"@id\":\"https:\\\/\\\/leregardlibre.com\\\/#website\"},\"primaryImageOfPage\":{\"@id\":\"https:\\\/\\\/leregardlibre.com\\\/cinema\\\/films\\\/green-days-by-the-river\\\/#primaryimage\"},\"image\":{\"@id\":\"https:\\\/\\\/leregardlibre.com\\\/cinema\\\/films\\\/green-days-by-the-river\\\/#primaryimage\"},\"thumbnailUrl\":\"https:\\\/\\\/leregardlibre.com\\\/wp-content\\\/uploads\\\/2018\\\/04\\\/green-days-by-the-river-1-c2a9-green-days-by-the-river.jpg\",\"datePublished\":\"2018-04-10T08:08:40+00:00\",\"dateModified\":\"2025-12-04T21:49:36+00:00\",\"breadcrumb\":{\"@id\":\"https:\\\/\\\/leregardlibre.com\\\/cinema\\\/films\\\/green-days-by-the-river\\\/#breadcrumb\"},\"inLanguage\":\"en-US\",\"potentialAction\":[{\"@type\":\"ReadAction\",\"target\":[\"https:\\\/\\\/leregardlibre.com\\\/cinema\\\/films\\\/green-days-by-the-river\\\/\"]}]},{\"@type\":\"ImageObject\",\"inLanguage\":\"en-US\",\"@id\":\"https:\\\/\\\/leregardlibre.com\\\/cinema\\\/films\\\/green-days-by-the-river\\\/#primaryimage\",\"url\":\"https:\\\/\\\/leregardlibre.com\\\/wp-content\\\/uploads\\\/2018\\\/04\\\/green-days-by-the-river-1-c2a9-green-days-by-the-river.jpg\",\"contentUrl\":\"https:\\\/\\\/leregardlibre.com\\\/wp-content\\\/uploads\\\/2018\\\/04\\\/green-days-by-the-river-1-c2a9-green-days-by-the-river.jpg\",\"width\":1200,\"height\":675},{\"@type\":\"BreadcrumbList\",\"@id\":\"https:\\\/\\\/leregardlibre.com\\\/cinema\\\/films\\\/green-days-by-the-river\\\/#breadcrumb\",\"itemListElement\":[{\"@type\":\"ListItem\",\"position\":1,\"name\":\"Accueil\",\"item\":\"https:\\\/\\\/leregardlibre.com\\\/\"},{\"@type\":\"ListItem\",\"position\":2,\"name\":\"\u00abGreen Days by the River\u00bb\"}]},{\"@type\":\"WebSite\",\"@id\":\"https:\\\/\\\/leregardlibre.com\\\/#website\",\"url\":\"https:\\\/\\\/leregardlibre.com\\\/\",\"name\":\"Le Regard Libre\",\"description\":\"Premier mensuel suisse de d\u00e9bat\",\"publisher\":{\"@id\":\"https:\\\/\\\/leregardlibre.com\\\/#organization\"},\"potentialAction\":[{\"@type\":\"SearchAction\",\"target\":{\"@type\":\"EntryPoint\",\"urlTemplate\":\"https:\\\/\\\/leregardlibre.com\\\/?s={search_term_string}\"},\"query-input\":{\"@type\":\"PropertyValueSpecification\",\"valueRequired\":true,\"valueName\":\"search_term_string\"}}],\"inLanguage\":\"en-US\"},{\"@type\":\"Organization\",\"@id\":\"https:\\\/\\\/leregardlibre.com\\\/#organization\",\"name\":\"Le Regard Libre\",\"url\":\"https:\\\/\\\/leregardlibre.com\\\/\",\"logo\":{\"@type\":\"ImageObject\",\"inLanguage\":\"en-US\",\"@id\":\"https:\\\/\\\/leregardlibre.com\\\/#\\\/schema\\\/logo\\\/image\\\/\",\"url\":\"https:\\\/\\\/leregardlibre.com\\\/wp-content\\\/uploads\\\/2025\\\/08\\\/logo-rl-icone-neg.jpeg\",\"contentUrl\":\"https:\\\/\\\/leregardlibre.com\\\/wp-content\\\/uploads\\\/2025\\\/08\\\/logo-rl-icone-neg.jpeg\",\"width\":557,\"height\":556,\"caption\":\"Le Regard Libre\"},\"image\":{\"@id\":\"https:\\\/\\\/leregardlibre.com\\\/#\\\/schema\\\/logo\\\/image\\\/\"},\"sameAs\":[\"https:\\\/\\\/www.facebook.com\\\/leregardlibre\\\/\",\"https:\\\/\\\/x.com\\\/LeRegardLibre\",\"https:\\\/\\\/www.linkedin.com\\\/company\\\/le-regard-libre\",\"https:\\\/\\\/www.instagram.com\\\/leregardlibre\\\/\",\"http:\\\/\\\/t.me\\\/leregardlibre\",\"https:\\\/\\\/youtube.com\\\/channel\\\/UC6HzGPomj1LsUmlz-sJtITQ\"],\"description\":\"Le Regard Libre est un mensuel suisse de d\u00e9bat intellectuel et culturel. Sa r\u00e9daction est jeune, b\u00e9n\u00e9vole, lib\u00e9rale et pluraliste. Le magazine para\u00eet en ligne et sous forme papier. Sa langue est le fran\u00e7ais.\",\"email\":\"redaction@leregardlibre.com\",\"legalName\":\"Le Regard Libre\",\"foundingDate\":\"2014-01-01\",\"numberOfEmployees\":{\"@type\":\"QuantitativeValue\",\"minValue\":\"11\",\"maxValue\":\"50\"},\"publishingPrinciples\":\"https:\\\/\\\/leregardlibre.com\\\/a-propos\\\/notre-manifeste\\\/\",\"ownershipFundingInfo\":\"https:\\\/\\\/leregardlibre.com\\\/mentions-legales\\\/\",\"actionableFeedbackPolicy\":\"https:\\\/\\\/leregardlibre.com\\\/conditions-generales-de-vente\\\/\"},{\"@type\":\"Person\",\"@id\":\"https:\\\/\\\/leregardlibre.com\\\/#\\\/schema\\\/person\\\/04d80ec47094bca6b1fa22dffad24005\",\"name\":\"Loris S. Musumeci\",\"image\":{\"@type\":\"ImageObject\",\"inLanguage\":\"en-US\",\"@id\":\"https:\\\/\\\/secure.gravatar.com\\\/avatar\\\/fa476654dadfee0d962e80160d0303549febb2769f8fa26c7a1ebe037f7c7c54?s=96&d=identicon&r=g\",\"url\":\"https:\\\/\\\/secure.gravatar.com\\\/avatar\\\/fa476654dadfee0d962e80160d0303549febb2769f8fa26c7a1ebe037f7c7c54?s=96&d=identicon&r=g\",\"contentUrl\":\"https:\\\/\\\/secure.gravatar.com\\\/avatar\\\/fa476654dadfee0d962e80160d0303549febb2769f8fa26c7a1ebe037f7c7c54?s=96&d=identicon&r=g\",\"caption\":\"Loris S. Musumeci\"},\"sameAs\":[\"https:\\\/\\\/leregardlibre.com\\\/\",\"https:\\\/\\\/fr.wikipedia.org\\\/wiki\\\/Le_Regard_libre\"],\"url\":\"https:\\\/\\\/leregardlibre.com\\\/en\\\/author\\\/loris-musumeci\\\/\"}]}<\/script>\n<!-- \/ Yoast SEO Premium plugin. -->","yoast_head_json":{"title":"\u00abGreen Days by the River\u00bb","robots":{"index":"index","follow":"follow","max-snippet":"max-snippet:-1","max-image-preview":"max-image-preview:large","max-video-preview":"max-video-preview:-1"},"canonical":"https:\/\/leregardlibre.com\/en\/cinema\/films\/green-days-by-the-river\/","og_locale":"en_US","og_type":"article","og_title":"\u00abGreen Days by the River\u00bb","og_description":"Festival International de Films de Fribourg\u00a0\u2013 Loris S. Musumeci \u00ab\u00a0Tu as quitt\u00e9 l\u2019\u00e9cole pour cueillir du cacao\u00a0? \u00bb Tambours, chants....","og_url":"https:\/\/leregardlibre.com\/en\/cinema\/films\/green-days-by-the-river\/","og_site_name":"Le Regard Libre","article_publisher":"https:\/\/www.facebook.com\/leregardlibre\/","article_published_time":"2018-04-10T08:08:40+00:00","article_modified_time":"2025-12-04T21:49:36+00:00","og_image":[{"width":1200,"height":675,"url":"https:\/\/leregardlibre.com\/wp-content\/uploads\/2018\/04\/green-days-by-the-river-1-c2a9-green-days-by-the-river.jpg","type":"image\/jpeg"}],"author":"Loris S. Musumeci","twitter_card":"summary_large_image","twitter_creator":"@LeRegardLibre","twitter_site":"@LeRegardLibre","twitter_misc":{"Written by":"Loris S. Musumeci","Est. reading time":"3 minutes"},"schema":{"@context":"https:\/\/schema.org","@graph":[{"@type":"Article","@id":"https:\/\/leregardlibre.com\/cinema\/films\/green-days-by-the-river\/#article","isPartOf":{"@id":"https:\/\/leregardlibre.com\/cinema\/films\/green-days-by-the-river\/"},"author":{"name":"Loris S. Musumeci","@id":"https:\/\/leregardlibre.com\/#\/schema\/person\/04d80ec47094bca6b1fa22dffad24005"},"headline":"\u00abGreen Days by the River\u00bb","datePublished":"2018-04-10T08:08:40+00:00","dateModified":"2025-12-04T21:49:36+00:00","mainEntityOfPage":{"@id":"https:\/\/leregardlibre.com\/cinema\/films\/green-days-by-the-river\/"},"wordCount":690,"commentCount":0,"publisher":{"@id":"https:\/\/leregardlibre.com\/#organization"},"image":{"@id":"https:\/\/leregardlibre.com\/cinema\/films\/green-days-by-the-river\/#primaryimage"},"thumbnailUrl":"https:\/\/leregardlibre.com\/wp-content\/uploads\/2018\/04\/green-days-by-the-river-1-c2a9-green-days-by-the-river.jpg","keywords":["Agriculture","Amour","cacao","chasse","cueillette","FIFF","FIFF 2018","gendre","gidharee","green days by the river","michael anthony","michael mooleedhar","Noirs","rivi\u00e8re","shell","trinit\u00e9-et-tobago"],"articleSection":["Films"],"inLanguage":"en-US","potentialAction":[{"@type":"CommentAction","name":"Comment","target":["https:\/\/leregardlibre.com\/cinema\/films\/green-days-by-the-river\/#respond"]}]},{"@type":"WebPage","@id":"https:\/\/leregardlibre.com\/cinema\/films\/green-days-by-the-river\/","url":"https:\/\/leregardlibre.com\/cinema\/films\/green-days-by-the-river\/","name":"\u00abGreen Days by the River\u00bb","isPartOf":{"@id":"https:\/\/leregardlibre.com\/#website"},"primaryImageOfPage":{"@id":"https:\/\/leregardlibre.com\/cinema\/films\/green-days-by-the-river\/#primaryimage"},"image":{"@id":"https:\/\/leregardlibre.com\/cinema\/films\/green-days-by-the-river\/#primaryimage"},"thumbnailUrl":"https:\/\/leregardlibre.com\/wp-content\/uploads\/2018\/04\/green-days-by-the-river-1-c2a9-green-days-by-the-river.jpg","datePublished":"2018-04-10T08:08:40+00:00","dateModified":"2025-12-04T21:49:36+00:00","breadcrumb":{"@id":"https:\/\/leregardlibre.com\/cinema\/films\/green-days-by-the-river\/#breadcrumb"},"inLanguage":"en-US","potentialAction":[{"@type":"ReadAction","target":["https:\/\/leregardlibre.com\/cinema\/films\/green-days-by-the-river\/"]}]},{"@type":"ImageObject","inLanguage":"en-US","@id":"https:\/\/leregardlibre.com\/cinema\/films\/green-days-by-the-river\/#primaryimage","url":"https:\/\/leregardlibre.com\/wp-content\/uploads\/2018\/04\/green-days-by-the-river-1-c2a9-green-days-by-the-river.jpg","contentUrl":"https:\/\/leregardlibre.com\/wp-content\/uploads\/2018\/04\/green-days-by-the-river-1-c2a9-green-days-by-the-river.jpg","width":1200,"height":675},{"@type":"BreadcrumbList","@id":"https:\/\/leregardlibre.com\/cinema\/films\/green-days-by-the-river\/#breadcrumb","itemListElement":[{"@type":"ListItem","position":1,"name":"Accueil","item":"https:\/\/leregardlibre.com\/"},{"@type":"ListItem","position":2,"name":"\u00abGreen Days by the River\u00bb"}]},{"@type":"WebSite","@id":"https:\/\/leregardlibre.com\/#website","url":"https:\/\/leregardlibre.com\/","name":"Le Regard Libre","description":"Switzerland's first monthly debate magazine","publisher":{"@id":"https:\/\/leregardlibre.com\/#organization"},"potentialAction":[{"@type":"SearchAction","target":{"@type":"EntryPoint","urlTemplate":"https:\/\/leregardlibre.com\/?s={search_term_string}"},"query-input":{"@type":"PropertyValueSpecification","valueRequired":true,"valueName":"search_term_string"}}],"inLanguage":"en-US"},{"@type":"Organization","@id":"https:\/\/leregardlibre.com\/#organization","name":"Le Regard Libre","url":"https:\/\/leregardlibre.com\/","logo":{"@type":"ImageObject","inLanguage":"en-US","@id":"https:\/\/leregardlibre.com\/#\/schema\/logo\/image\/","url":"https:\/\/leregardlibre.com\/wp-content\/uploads\/2025\/08\/logo-rl-icone-neg.jpeg","contentUrl":"https:\/\/leregardlibre.com\/wp-content\/uploads\/2025\/08\/logo-rl-icone-neg.jpeg","width":557,"height":556,"caption":"Le Regard Libre"},"image":{"@id":"https:\/\/leregardlibre.com\/#\/schema\/logo\/image\/"},"sameAs":["https:\/\/www.facebook.com\/leregardlibre\/","https:\/\/x.com\/LeRegardLibre","https:\/\/www.linkedin.com\/company\/le-regard-libre","https:\/\/www.instagram.com\/leregardlibre\/","http:\/\/t.me\/leregardlibre","https:\/\/youtube.com\/channel\/UC6HzGPomj1LsUmlz-sJtITQ"],"description":"Le Regard Libre is a Swiss monthly magazine for intellectual and cultural debate. Its editorial team is young, voluntary, liberal and pluralist. The magazine appears online and in print. Its language is French.","email":"redaction@leregardlibre.com","legalName":"Le Regard Libre","foundingDate":"2014-01-01","numberOfEmployees":{"@type":"QuantitativeValue","minValue":"11","maxValue":"50"},"publishingPrinciples":"https:\/\/leregardlibre.com\/a-propos\/notre-manifeste\/","ownershipFundingInfo":"https:\/\/leregardlibre.com\/mentions-legales\/","actionableFeedbackPolicy":"https:\/\/leregardlibre.com\/conditions-generales-de-vente\/"},{"@type":"Person","@id":"https:\/\/leregardlibre.com\/#\/schema\/person\/04d80ec47094bca6b1fa22dffad24005","name":"Loris S. Musumeci","image":{"@type":"ImageObject","inLanguage":"en-US","@id":"https:\/\/secure.gravatar.com\/avatar\/fa476654dadfee0d962e80160d0303549febb2769f8fa26c7a1ebe037f7c7c54?s=96&d=identicon&r=g","url":"https:\/\/secure.gravatar.com\/avatar\/fa476654dadfee0d962e80160d0303549febb2769f8fa26c7a1ebe037f7c7c54?s=96&d=identicon&r=g","contentUrl":"https:\/\/secure.gravatar.com\/avatar\/fa476654dadfee0d962e80160d0303549febb2769f8fa26c7a1ebe037f7c7c54?s=96&d=identicon&r=g","caption":"Loris S. Musumeci"},"sameAs":["https:\/\/leregardlibre.com\/","https:\/\/fr.wikipedia.org\/wiki\/Le_Regard_libre"],"url":"https:\/\/leregardlibre.com\/en\/author\/loris-musumeci\/"}]}},"_links":{"self":[{"href":"https:\/\/leregardlibre.com\/en\/wp-json\/wp\/v2\/posts\/14947","targetHints":{"allow":["GET"]}}],"collection":[{"href":"https:\/\/leregardlibre.com\/en\/wp-json\/wp\/v2\/posts"}],"about":[{"href":"https:\/\/leregardlibre.com\/en\/wp-json\/wp\/v2\/types\/post"}],"author":[{"embeddable":true,"href":"https:\/\/leregardlibre.com\/en\/wp-json\/wp\/v2\/users\/18"}],"replies":[{"embeddable":true,"href":"https:\/\/leregardlibre.com\/en\/wp-json\/wp\/v2\/comments?post=14947"}],"version-history":[{"count":1,"href":"https:\/\/leregardlibre.com\/en\/wp-json\/wp\/v2\/posts\/14947\/revisions"}],"predecessor-version":[{"id":509750,"href":"https:\/\/leregardlibre.com\/en\/wp-json\/wp\/v2\/posts\/14947\/revisions\/509750"}],"wp:featuredmedia":[{"embeddable":true,"href":"https:\/\/leregardlibre.com\/en\/wp-json\/wp\/v2\/media\/14949"}],"wp:attachment":[{"href":"https:\/\/leregardlibre.com\/en\/wp-json\/wp\/v2\/media?parent=14947"}],"wp:term":[{"taxonomy":"category","embeddable":true,"href":"https:\/\/leregardlibre.com\/en\/wp-json\/wp\/v2\/categories?post=14947"},{"taxonomy":"post_tag","embeddable":true,"href":"https:\/\/leregardlibre.com\/en\/wp-json\/wp\/v2\/tags?post=14947"}],"curies":[{"name":"wp","href":"https:\/\/api.w.org\/{rel}","templated":true}]}}