{"id":15217,"date":"2018-04-28T13:30:51","date_gmt":"2018-04-28T12:30:51","guid":{"rendered":"http:\/\/leregardlibre.com\/?p=15217"},"modified":"2022-09-04T10:15:09","modified_gmt":"2022-09-04T08:15:09","slug":"bienne-photography-days","status":"publish","type":"post","link":"https:\/\/leregardlibre.com\/en\/visual-arts\/photography\/bienne-photography-days\/","title":{"rendered":"Biel Photographic Days"},"content":{"rendered":"<p><em>Unpublished article - Marina De Toro<\/em><\/p>\n<p><strong>From May 4 to May 27, 2018, discover the 22<sup>th<\/sup> edition of the Journ\u00e9es photographiques de Bienne, whose direction has been taken over by Sarah Girard since February of this year. The Journ\u00e9es consist of exhibitions in six different locations in the city of Biel: the Photoforum Pasquart, the Nouveau Mus\u00e9e, the <em>Gew\u00f6lbe Galerie<\/em>, the\u00a0<em>Farelhaus<\/em>, Le Grenier and <em>Schule f\u00fcr Gestaltu<\/em><em>ng<\/em>.<\/strong><\/p>\n<p>This year, it's happiness - or rather, the way it's represented to us - that's being questioned by the many professional photographers. They come from the four corners of the globe, but also include Swiss photographers such as Thomas Brasey, Calypso Mahieu and many others. In addition to the exhibitions, a variety of events will enliven these four photographic weeks, including conferences, workshops, screenings, competitions and tours. In a meeting with Sarah Girard, we discussed the event in greater depth, as well as the contemporary uses of images in our society.<\/p>\n<div id=\"attachment_15222\" style=\"width: 420px\" class=\"wp-caption aligncenter\"><img fetchpriority=\"high\" decoding=\"async\" aria-describedby=\"caption-attachment-15222\" class=\"alignnone size-full wp-image-15222\" src=\"http:\/\/leregardlibre.com\/wp-content\/uploads\/2018\/04\/portrait-s-girard1.jpg\" alt=\"Portrait-S.Girard1\" width=\"410\" height=\"410\" srcset=\"https:\/\/leregardlibre.com\/wp-content\/uploads\/2018\/04\/portrait-s-girard1.jpg 410w, https:\/\/leregardlibre.com\/wp-content\/uploads\/2018\/04\/portrait-s-girard1-150x150.jpg 150w, https:\/\/leregardlibre.com\/wp-content\/uploads\/2018\/04\/portrait-s-girard1-300x300.jpg 300w, https:\/\/leregardlibre.com\/wp-content\/uploads\/2018\/04\/portrait-s-girard1-400x400.jpg 400w, https:\/\/leregardlibre.com\/wp-content\/uploads\/2018\/04\/portrait-s-girard1-200x200.jpg 200w, https:\/\/leregardlibre.com\/wp-content\/uploads\/2018\/04\/portrait-s-girard1-100x100.jpg 100w\" sizes=\"(max-width: 410px) 100vw, 410px\" \/><p id=\"caption-attachment-15222\" class=\"wp-caption-text\">Sarah Girard, director of Journ\u00e9es photographiques de Bienne since February 2018<\/p><\/div>\n<h3><!--more--><strong>The festival, its projects and events<\/strong><\/h3>\n<p>The festival will take place over four weeks with twenty-three exhibitions including that of the work of nineteen photographers as well as collective projects. The Journ\u00e9es photographiques will kick off on May 4, 2018, with an opening reception introduced by a performance from Geneva's Am Stram Gram theater. The aim of the festival is to present new photographic trends in Switzerland and abroad by young artists. The aim is also to show photography as a \u00abcivic endeavor\u00bb, according to Sarah Girard, and to consider \u00abthe photographer as an active member in his or her social environment.\u00bb<\/p>\n<p>Alongside the permanent exhibitions, events will take place to enliven the festival and deepen photographic discovery in relation to the question of happiness. There will also be screenings and lectures, including one on \u00abPhotography and sociology: crossed histories\u00bb hosted by Micha\u00ebl Meyer (University of Lausanne) and Fabien Reix (Centre Emile Durkheim), who will present the simultaneous birth of photography and sociology. French photographer Sandra Mehl will also present a work related to sociology, in which she follows two teenage sisters as they develop their identities.<\/p>\n<div id=\"attachment_15220\" style=\"width: 3956px\" class=\"wp-caption alignnone\"><img decoding=\"async\" aria-describedby=\"caption-attachment-15220\" class=\"alignnone size-full wp-image-15220\" src=\"http:\/\/leregardlibre.com\/wp-content\/uploads\/2018\/04\/2hd-scaled.jpg\" alt=\"2HD\" width=\"3946\" height=\"3157\" \/><p id=\"caption-attachment-15220\" class=\"wp-caption-text\">Sandra Mehl, Ilona and Maddelena, 2016 \u00a9 Sandra Mehl<\/p><\/div>\n<p>On the Swiss side, Thomas Brasey's work will offer a vision of the remnants left behind by the B\u00e9lier group in the 1970s in support of Jura independence. In \u00abLes formes de l'illustration du pardon\u00bb, Hungarian artist Lana Mes\u00ecc exhibits photographs of the victims and persecutors of the genocide in Rwanda in the 1990s. The artist presents the encounters she organized between victims and persecutors to \u00abhelp them measure forgiveness\u00bb, as Sarah Girard explains. Forgiveness is presented here as a possible path to happiness. During the last week of the festival, a reflection on the perspectives between cultural mediation and photography will be proposed with Franziska D\u00fcrr, Christine Loriol and Kuverum 10 as guests.<\/p>\n<p>Photography is a constantly evolving art form, and always manages to innovate thanks to new technological tools. A case in point is the collective project \u00abPhotographing Virtual Spaces\u00bb, in collaboration with the Fotomuseum Winterthur, which will be exhibiting work from workshops devoted to photography in virtual spaces. The exhibition opens on May 6 at Photoforum Pasquart. Then, on the other side of Seevorstadt Road, the Swiss National Science Foundation will be presenting the results of a scientific photography competition at the Schwab Museum.<\/p>\n<div id=\"attachment_15223\" style=\"width: 2667px\" class=\"wp-caption alignnone\"><img decoding=\"async\" aria-describedby=\"caption-attachment-15223\" class=\"alignnone size-full wp-image-15223\" src=\"http:\/\/leregardlibre.com\/wp-content\/uploads\/2018\/04\/libre_1_hr-scaled.jpg\" alt=\"free_1_hr\" width=\"2657\" height=\"2126\" \/><p id=\"caption-attachment-15223\" class=\"wp-caption-text\">Thomas Brasey, LIBRE 2012-ongoing \u00a9 Thomas Brasey<\/p><\/div>\n<h3><strong>Photography as engaged art\u00a0<\/strong><\/h3>\n<p>Professionally practiced photographic art is indeed a committed approach. It's about using images to question photographic and social practices. Today, the use of new media such as social networks raises questions about the current use of the image. Several Journ\u00e9es photographiques exhibitions, such as the aforementioned \u00abPhotographing Virtual Spaces\u00bb, will explore new ways of using images.<\/p>\n<p>In addition to his artistic production, Dutch artist Constant Dullaart's work is based on a committed approach. His work, entitled \u00abLe socialisme adapt\u00e9 aux r\u00e9seaux sociaux\u00bb (Socialism adapted to social networks), deviates from competitive business practices on the networks, based on the number of users. <em>followers<\/em>. The artist managed to equalize the number of <em>followers\u00a0<\/em>between several companies to short-circuit a system that holds users' attention for commercial purposes. At the Photoforum Pasquart, he will be exhibiting profiles from social networks, showing the number of <em>followers\u00a0<\/em>that he may have modified.<\/p>\n<div id=\"attachment_15225\" style=\"width: 531px\" class=\"wp-caption aligncenter\"><img loading=\"lazy\" decoding=\"async\" aria-describedby=\"caption-attachment-15225\" class=\"alignnone  wp-image-15225\" src=\"http:\/\/leregardlibre.com\/wp-content\/uploads\/2018\/04\/image3-scaled.jpg\" alt=\"Image3\" width=\"521\" height=\"735\" \/><p id=\"caption-attachment-15225\" class=\"wp-caption-text\">Constant Dullaart, High Retention, Slow Delivery, 2014 \u00a9 Constant Dullaart<\/p><\/div>\n<p>The festival is very diverse, with photographers producing images, but also ethnologists and sociologists questioning the different uses and productions of images. Swiss artist Calypso Mahieu has turned her attention to the digital mausoleum, the still-active profiles of people who have passed away. Her exhibition explores the sensitive subject of death in relation to the ever-changing virtual world.<\/p>\n<div id=\"attachment_15224\" style=\"width: 5177px\" class=\"wp-caption alignnone\"><img loading=\"lazy\" decoding=\"async\" aria-describedby=\"caption-attachment-15224\" class=\"alignnone size-full wp-image-15224\" src=\"http:\/\/leregardlibre.com\/wp-content\/uploads\/2018\/04\/jevivraipourtoi_com_04-scaled.jpg\" alt=\"jevivraipourtoi_com_04\" width=\"5167\" height=\"4134\" \/><p id=\"caption-attachment-15224\" class=\"wp-caption-text\">Calypso Mahieu, Je Vivrai Pour Toi, 2017 \u00a9 Calypso Mahieu<\/p><\/div>\n<h3><strong>Happiness as a photographic question<\/strong><\/h3>\n<p>Each exhibition focuses on a common theme: happiness. Admittedly, it's a vast subject, but one that ties in perfectly with photography, insofar as our current society is very focused on the image as a representation of reality. In the final analysis, happiness is just an image, the representation of which is unique to each individual, but it is also a universal quest. So how do we represent happiness through our contemporary use of images? What are the territories of happiness?<\/p>\n<p>Sarah Girard cites family albums as a typical example of the representation of happiness in images: birthdays, family reunions and vacation memories. Family photos are often sorted to keep only those that faithfully embody the joy of the moment. According to the festival director, family albums are not only a sociological reference for the idea of happiness, they also form the basis of an individual's identity. Happiness is therefore the main subject of these albums, unlike unhappy moments, which are very rarely immortalized and preserved. Instead, the exhibiting photographers will question the negatives of these family photos, i.e. those we don't keep, or don't take, but which evoke moments that also build us up.<strong>\u00a0<\/strong><\/p>\n<h3><strong>New uses for images<\/strong><\/h3>\n<p>Looking at today's society, images and video are the ubiquitous elements of information and communication. What's more, anyone can create visual or audiovisual content, thanks to the new technologies now accessible to all. Yet this phenomenon has developed in just a few short years, and the uses to which images are put have changed considerably since the beginning of the 21st century. Sarah Girard evokes the tragedy of September 11, 2001 as a turning point in the use of images:<\/p>\n<p>\u00abThis was one of the first dramatic events to be transmitted through amateur videos and photographs. All of a sudden, information was transmitted not only by professionals, but also by amateurs. This event surely marked the beginning of a new form of communication and use of images.\u00bb<\/p>\n<p>We then see the posture that the individual can have: \u00abhe or she can be both subject and author of a photograph\u00bb, emphasizes Sarah Girard. Visit <em>selfie\u00a0<\/em>is the most representative example of these new photographic practices.<\/p>\n<p>This photographic festival is perfectly situated in today's questioning of the image and technological developments. In particular, it aims to reveal the different ways in which photography can be approached, whether from a scientific point of view with sociology or virtuality, or from a philosophical perspective by questioning the notion of happiness. The Journ\u00e9es photographiques also give visitors the chance to explore the city of Biel and its cultural venues, thanks to the many exhibitions scattered across different spaces. In the final analysis, even if the title \u00abJourn\u00e9es photographiques\u00bb evokes photography alone, interdisciplinary events are also on offer throughout the festival, which is just as suited to lovers of images and art as it is to science enthusiasts.<\/p>\n<p><em>Write to the author : <a href=\"mailto:marina.detoro@leregardlibre.com\">marina.detoro@leregardlibre.com<\/a><br \/>\n<\/em><\/p>\n<p>For further information, visit the Journ\u00e9es photographiques de Bienne website:\u00a0<a href=\"http:\/\/www.bielerfototage.ch\/fr\/home.html\">http:\/\/www.bielerfototage.ch\/fr\/home.html<\/a><\/p>","protected":false},"excerpt":{"rendered":"<p>Article in\u00e9dit \u2013 Marina De Toro Du 4 mai au 27 mai 2018, ce sera l\u2019occasion de d\u00e9couvrir la 22e&#8230;<\/p>","protected":false},"author":17,"featured_media":15231,"comment_status":"open","ping_status":"open","sticky":false,"template":"","format":"standard","meta":{"_acf_changed":false,"footnotes":""},"categories":[19349],"tags":[177,2385984,261720,681615,368452,914,14257933,142755,6913290],"class_list":["post-15217","post","type-post","status-publish","format-standard","has-post-thumbnail","hentry","category-photographie","tag-art","tag-bienne","tag-bonheur","tag-diversite","tag-etranger","tag-images","tag-nouveaux-usages","tag-questionnements","tag-sarah-girard"],"acf":[],"yoast_head":"<!-- This site is optimized with the Yoast SEO Premium plugin v27.4 (Yoast SEO v27.4) - https:\/\/yoast.com\/product\/yoast-seo-premium-wordpress\/ -->\n<title>Les Journ\u00e9es photographiques de Bienne<\/title>\n<meta name=\"robots\" content=\"index, follow, max-snippet:-1, max-image-preview:large, max-video-preview:-1\" \/>\n<link rel=\"canonical\" href=\"https:\/\/leregardlibre.com\/en\/visual-arts\/photography\/bienne-photography-days\/\" \/>\n<meta property=\"og:locale\" content=\"en_US\" \/>\n<meta property=\"og:type\" content=\"article\" \/>\n<meta property=\"og:title\" content=\"Les Journ\u00e9es photographiques de Bienne\" \/>\n<meta property=\"og:description\" content=\"Article in\u00e9dit \u2013 Marina De Toro Du 4 mai au 27 mai 2018, ce sera l\u2019occasion de d\u00e9couvrir la 22e...\" \/>\n<meta property=\"og:url\" content=\"https:\/\/leregardlibre.com\/en\/visual-arts\/photography\/bienne-photography-days\/\" \/>\n<meta property=\"og:site_name\" content=\"Le Regard Libre\" \/>\n<meta property=\"article:publisher\" content=\"https:\/\/www.facebook.com\/leregardlibre\/\" \/>\n<meta property=\"article:published_time\" content=\"2018-04-28T12:30:51+00:00\" \/>\n<meta property=\"article:modified_time\" content=\"2022-09-04T08:15:09+00:00\" \/>\n<meta property=\"og:image\" content=\"https:\/\/leregardlibre.com\/wp-content\/uploads\/2018\/04\/image4.png\" \/>\n\t<meta property=\"og:image:width\" content=\"450\" \/>\n\t<meta property=\"og:image:height\" content=\"249\" \/>\n\t<meta property=\"og:image:type\" content=\"image\/png\" \/>\n<meta name=\"author\" content=\"Marina De Toro\" \/>\n<meta name=\"twitter:card\" content=\"summary_large_image\" \/>\n<meta name=\"twitter:creator\" content=\"@LeRegardLibre\" \/>\n<meta name=\"twitter:site\" content=\"@LeRegardLibre\" \/>\n<meta name=\"twitter:label1\" content=\"Written by\" \/>\n\t<meta name=\"twitter:data1\" content=\"Marina De Toro\" \/>\n\t<meta name=\"twitter:label2\" content=\"Est. reading time\" \/>\n\t<meta name=\"twitter:data2\" content=\"8 minutes\" \/>\n<script type=\"application\/ld+json\" class=\"yoast-schema-graph\">{\"@context\":\"https:\\\/\\\/schema.org\",\"@graph\":[{\"@type\":\"Article\",\"@id\":\"https:\\\/\\\/leregardlibre.com\\\/arts-visuels\\\/photographie\\\/les-journees-photographiques-de-bienne\\\/#article\",\"isPartOf\":{\"@id\":\"https:\\\/\\\/leregardlibre.com\\\/arts-visuels\\\/photographie\\\/les-journees-photographiques-de-bienne\\\/\"},\"author\":{\"name\":\"Marina De Toro\",\"@id\":\"https:\\\/\\\/leregardlibre.com\\\/#\\\/schema\\\/person\\\/707c6b37669c41ff3db20bd7c64e110a\"},\"headline\":\"Les Journ\u00e9es photographiques de Bienne\",\"datePublished\":\"2018-04-28T12:30:51+00:00\",\"dateModified\":\"2022-09-04T08:15:09+00:00\",\"mainEntityOfPage\":{\"@id\":\"https:\\\/\\\/leregardlibre.com\\\/arts-visuels\\\/photographie\\\/les-journees-photographiques-de-bienne\\\/\"},\"wordCount\":1627,\"commentCount\":0,\"publisher\":{\"@id\":\"https:\\\/\\\/leregardlibre.com\\\/#organization\"},\"image\":{\"@id\":\"https:\\\/\\\/leregardlibre.com\\\/arts-visuels\\\/photographie\\\/les-journees-photographiques-de-bienne\\\/#primaryimage\"},\"thumbnailUrl\":\"https:\\\/\\\/leregardlibre.com\\\/wp-content\\\/uploads\\\/2018\\\/04\\\/image4.png\",\"keywords\":[\"Art\",\"Bienne\",\"Bonheur\",\"Diversit\u00e9\",\"\u00e9tranger\",\"images\",\"nouveaux usages\",\"questionnements\",\"Sarah Girard\"],\"articleSection\":[\"Photographie\"],\"inLanguage\":\"en-US\",\"potentialAction\":[{\"@type\":\"CommentAction\",\"name\":\"Comment\",\"target\":[\"https:\\\/\\\/leregardlibre.com\\\/arts-visuels\\\/photographie\\\/les-journees-photographiques-de-bienne\\\/#respond\"]}]},{\"@type\":\"WebPage\",\"@id\":\"https:\\\/\\\/leregardlibre.com\\\/arts-visuels\\\/photographie\\\/les-journees-photographiques-de-bienne\\\/\",\"url\":\"https:\\\/\\\/leregardlibre.com\\\/arts-visuels\\\/photographie\\\/les-journees-photographiques-de-bienne\\\/\",\"name\":\"Les Journ\u00e9es photographiques de Bienne\",\"isPartOf\":{\"@id\":\"https:\\\/\\\/leregardlibre.com\\\/#website\"},\"primaryImageOfPage\":{\"@id\":\"https:\\\/\\\/leregardlibre.com\\\/arts-visuels\\\/photographie\\\/les-journees-photographiques-de-bienne\\\/#primaryimage\"},\"image\":{\"@id\":\"https:\\\/\\\/leregardlibre.com\\\/arts-visuels\\\/photographie\\\/les-journees-photographiques-de-bienne\\\/#primaryimage\"},\"thumbnailUrl\":\"https:\\\/\\\/leregardlibre.com\\\/wp-content\\\/uploads\\\/2018\\\/04\\\/image4.png\",\"datePublished\":\"2018-04-28T12:30:51+00:00\",\"dateModified\":\"2022-09-04T08:15:09+00:00\",\"breadcrumb\":{\"@id\":\"https:\\\/\\\/leregardlibre.com\\\/arts-visuels\\\/photographie\\\/les-journees-photographiques-de-bienne\\\/#breadcrumb\"},\"inLanguage\":\"en-US\",\"potentialAction\":[{\"@type\":\"ReadAction\",\"target\":[\"https:\\\/\\\/leregardlibre.com\\\/arts-visuels\\\/photographie\\\/les-journees-photographiques-de-bienne\\\/\"]}]},{\"@type\":\"ImageObject\",\"inLanguage\":\"en-US\",\"@id\":\"https:\\\/\\\/leregardlibre.com\\\/arts-visuels\\\/photographie\\\/les-journees-photographiques-de-bienne\\\/#primaryimage\",\"url\":\"https:\\\/\\\/leregardlibre.com\\\/wp-content\\\/uploads\\\/2018\\\/04\\\/image4.png\",\"contentUrl\":\"https:\\\/\\\/leregardlibre.com\\\/wp-content\\\/uploads\\\/2018\\\/04\\\/image4.png\",\"width\":450,\"height\":249},{\"@type\":\"BreadcrumbList\",\"@id\":\"https:\\\/\\\/leregardlibre.com\\\/arts-visuels\\\/photographie\\\/les-journees-photographiques-de-bienne\\\/#breadcrumb\",\"itemListElement\":[{\"@type\":\"ListItem\",\"position\":1,\"name\":\"Accueil\",\"item\":\"https:\\\/\\\/leregardlibre.com\\\/\"},{\"@type\":\"ListItem\",\"position\":2,\"name\":\"Les Journ\u00e9es photographiques de Bienne\"}]},{\"@type\":\"WebSite\",\"@id\":\"https:\\\/\\\/leregardlibre.com\\\/#website\",\"url\":\"https:\\\/\\\/leregardlibre.com\\\/\",\"name\":\"Le Regard Libre\",\"description\":\"Premier mensuel suisse de d\u00e9bat\",\"publisher\":{\"@id\":\"https:\\\/\\\/leregardlibre.com\\\/#organization\"},\"potentialAction\":[{\"@type\":\"SearchAction\",\"target\":{\"@type\":\"EntryPoint\",\"urlTemplate\":\"https:\\\/\\\/leregardlibre.com\\\/?s={search_term_string}\"},\"query-input\":{\"@type\":\"PropertyValueSpecification\",\"valueRequired\":true,\"valueName\":\"search_term_string\"}}],\"inLanguage\":\"en-US\"},{\"@type\":\"Organization\",\"@id\":\"https:\\\/\\\/leregardlibre.com\\\/#organization\",\"name\":\"Le Regard Libre\",\"url\":\"https:\\\/\\\/leregardlibre.com\\\/\",\"logo\":{\"@type\":\"ImageObject\",\"inLanguage\":\"en-US\",\"@id\":\"https:\\\/\\\/leregardlibre.com\\\/#\\\/schema\\\/logo\\\/image\\\/\",\"url\":\"https:\\\/\\\/leregardlibre.com\\\/wp-content\\\/uploads\\\/2025\\\/08\\\/logo-rl-icone-neg.jpeg\",\"contentUrl\":\"https:\\\/\\\/leregardlibre.com\\\/wp-content\\\/uploads\\\/2025\\\/08\\\/logo-rl-icone-neg.jpeg\",\"width\":557,\"height\":556,\"caption\":\"Le Regard Libre\"},\"image\":{\"@id\":\"https:\\\/\\\/leregardlibre.com\\\/#\\\/schema\\\/logo\\\/image\\\/\"},\"sameAs\":[\"https:\\\/\\\/www.facebook.com\\\/leregardlibre\\\/\",\"https:\\\/\\\/x.com\\\/LeRegardLibre\",\"https:\\\/\\\/www.linkedin.com\\\/company\\\/le-regard-libre\",\"https:\\\/\\\/www.instagram.com\\\/leregardlibre\\\/\",\"http:\\\/\\\/t.me\\\/leregardlibre\",\"https:\\\/\\\/youtube.com\\\/channel\\\/UC6HzGPomj1LsUmlz-sJtITQ\"],\"description\":\"Le Regard Libre est un mensuel suisse de d\u00e9bat intellectuel et culturel. Sa r\u00e9daction est jeune, b\u00e9n\u00e9vole, lib\u00e9rale et pluraliste. Le magazine para\u00eet en ligne et sous forme papier. Sa langue est le fran\u00e7ais.\",\"email\":\"redaction@leregardlibre.com\",\"legalName\":\"Le Regard Libre\",\"foundingDate\":\"2014-01-01\",\"numberOfEmployees\":{\"@type\":\"QuantitativeValue\",\"minValue\":\"11\",\"maxValue\":\"50\"},\"publishingPrinciples\":\"https:\\\/\\\/leregardlibre.com\\\/a-propos\\\/notre-manifeste\\\/\",\"ownershipFundingInfo\":\"https:\\\/\\\/leregardlibre.com\\\/mentions-legales\\\/\",\"actionableFeedbackPolicy\":\"https:\\\/\\\/leregardlibre.com\\\/conditions-generales-de-vente\\\/\"},{\"@type\":\"Person\",\"@id\":\"https:\\\/\\\/leregardlibre.com\\\/#\\\/schema\\\/person\\\/707c6b37669c41ff3db20bd7c64e110a\",\"name\":\"Marina De Toro\",\"image\":{\"@type\":\"ImageObject\",\"inLanguage\":\"en-US\",\"@id\":\"https:\\\/\\\/secure.gravatar.com\\\/avatar\\\/73480382af258f553ab5feb17c3e14d211ebf97cbc8b67b8316479abd1529c69?s=96&d=identicon&r=g\",\"url\":\"https:\\\/\\\/secure.gravatar.com\\\/avatar\\\/73480382af258f553ab5feb17c3e14d211ebf97cbc8b67b8316479abd1529c69?s=96&d=identicon&r=g\",\"contentUrl\":\"https:\\\/\\\/secure.gravatar.com\\\/avatar\\\/73480382af258f553ab5feb17c3e14d211ebf97cbc8b67b8316479abd1529c69?s=96&d=identicon&r=g\",\"caption\":\"Marina De Toro\"},\"sameAs\":[\"https:\\\/\\\/leregardlibre.com\\\/\",\"https:\\\/\\\/fr.wikipedia.org\\\/wiki\\\/Le_Regard_libre\"],\"url\":\"https:\\\/\\\/leregardlibre.com\\\/en\\\/author\\\/marina-detoro-mdt\\\/\"}]}<\/script>\n<!-- \/ Yoast SEO Premium plugin. -->","yoast_head_json":{"title":"Biel Photographic Days","robots":{"index":"index","follow":"follow","max-snippet":"max-snippet:-1","max-image-preview":"max-image-preview:large","max-video-preview":"max-video-preview:-1"},"canonical":"https:\/\/leregardlibre.com\/en\/visual-arts\/photography\/bienne-photography-days\/","og_locale":"en_US","og_type":"article","og_title":"Les Journ\u00e9es photographiques de Bienne","og_description":"Article in\u00e9dit \u2013 Marina De Toro Du 4 mai au 27 mai 2018, ce sera l\u2019occasion de d\u00e9couvrir la 22e...","og_url":"https:\/\/leregardlibre.com\/en\/visual-arts\/photography\/bienne-photography-days\/","og_site_name":"Le Regard Libre","article_publisher":"https:\/\/www.facebook.com\/leregardlibre\/","article_published_time":"2018-04-28T12:30:51+00:00","article_modified_time":"2022-09-04T08:15:09+00:00","og_image":[{"width":450,"height":249,"url":"https:\/\/leregardlibre.com\/wp-content\/uploads\/2018\/04\/image4.png","type":"image\/png"}],"author":"Marina De Toro","twitter_card":"summary_large_image","twitter_creator":"@LeRegardLibre","twitter_site":"@LeRegardLibre","twitter_misc":{"Written by":"Marina De Toro","Est. reading time":"8 minutes"},"schema":{"@context":"https:\/\/schema.org","@graph":[{"@type":"Article","@id":"https:\/\/leregardlibre.com\/arts-visuels\/photographie\/les-journees-photographiques-de-bienne\/#article","isPartOf":{"@id":"https:\/\/leregardlibre.com\/arts-visuels\/photographie\/les-journees-photographiques-de-bienne\/"},"author":{"name":"Marina De Toro","@id":"https:\/\/leregardlibre.com\/#\/schema\/person\/707c6b37669c41ff3db20bd7c64e110a"},"headline":"Les Journ\u00e9es photographiques de Bienne","datePublished":"2018-04-28T12:30:51+00:00","dateModified":"2022-09-04T08:15:09+00:00","mainEntityOfPage":{"@id":"https:\/\/leregardlibre.com\/arts-visuels\/photographie\/les-journees-photographiques-de-bienne\/"},"wordCount":1627,"commentCount":0,"publisher":{"@id":"https:\/\/leregardlibre.com\/#organization"},"image":{"@id":"https:\/\/leregardlibre.com\/arts-visuels\/photographie\/les-journees-photographiques-de-bienne\/#primaryimage"},"thumbnailUrl":"https:\/\/leregardlibre.com\/wp-content\/uploads\/2018\/04\/image4.png","keywords":["Art","Bienne","Bonheur","Diversit\u00e9","\u00e9tranger","images","nouveaux usages","questionnements","Sarah Girard"],"articleSection":["Photographie"],"inLanguage":"en-US","potentialAction":[{"@type":"CommentAction","name":"Comment","target":["https:\/\/leregardlibre.com\/arts-visuels\/photographie\/les-journees-photographiques-de-bienne\/#respond"]}]},{"@type":"WebPage","@id":"https:\/\/leregardlibre.com\/arts-visuels\/photographie\/les-journees-photographiques-de-bienne\/","url":"https:\/\/leregardlibre.com\/arts-visuels\/photographie\/les-journees-photographiques-de-bienne\/","name":"Biel Photographic Days","isPartOf":{"@id":"https:\/\/leregardlibre.com\/#website"},"primaryImageOfPage":{"@id":"https:\/\/leregardlibre.com\/arts-visuels\/photographie\/les-journees-photographiques-de-bienne\/#primaryimage"},"image":{"@id":"https:\/\/leregardlibre.com\/arts-visuels\/photographie\/les-journees-photographiques-de-bienne\/#primaryimage"},"thumbnailUrl":"https:\/\/leregardlibre.com\/wp-content\/uploads\/2018\/04\/image4.png","datePublished":"2018-04-28T12:30:51+00:00","dateModified":"2022-09-04T08:15:09+00:00","breadcrumb":{"@id":"https:\/\/leregardlibre.com\/arts-visuels\/photographie\/les-journees-photographiques-de-bienne\/#breadcrumb"},"inLanguage":"en-US","potentialAction":[{"@type":"ReadAction","target":["https:\/\/leregardlibre.com\/arts-visuels\/photographie\/les-journees-photographiques-de-bienne\/"]}]},{"@type":"ImageObject","inLanguage":"en-US","@id":"https:\/\/leregardlibre.com\/arts-visuels\/photographie\/les-journees-photographiques-de-bienne\/#primaryimage","url":"https:\/\/leregardlibre.com\/wp-content\/uploads\/2018\/04\/image4.png","contentUrl":"https:\/\/leregardlibre.com\/wp-content\/uploads\/2018\/04\/image4.png","width":450,"height":249},{"@type":"BreadcrumbList","@id":"https:\/\/leregardlibre.com\/arts-visuels\/photographie\/les-journees-photographiques-de-bienne\/#breadcrumb","itemListElement":[{"@type":"ListItem","position":1,"name":"Accueil","item":"https:\/\/leregardlibre.com\/"},{"@type":"ListItem","position":2,"name":"Les Journ\u00e9es photographiques de Bienne"}]},{"@type":"WebSite","@id":"https:\/\/leregardlibre.com\/#website","url":"https:\/\/leregardlibre.com\/","name":"Le Regard Libre","description":"Switzerland's first monthly debate magazine","publisher":{"@id":"https:\/\/leregardlibre.com\/#organization"},"potentialAction":[{"@type":"SearchAction","target":{"@type":"EntryPoint","urlTemplate":"https:\/\/leregardlibre.com\/?s={search_term_string}"},"query-input":{"@type":"PropertyValueSpecification","valueRequired":true,"valueName":"search_term_string"}}],"inLanguage":"en-US"},{"@type":"Organization","@id":"https:\/\/leregardlibre.com\/#organization","name":"Le Regard Libre","url":"https:\/\/leregardlibre.com\/","logo":{"@type":"ImageObject","inLanguage":"en-US","@id":"https:\/\/leregardlibre.com\/#\/schema\/logo\/image\/","url":"https:\/\/leregardlibre.com\/wp-content\/uploads\/2025\/08\/logo-rl-icone-neg.jpeg","contentUrl":"https:\/\/leregardlibre.com\/wp-content\/uploads\/2025\/08\/logo-rl-icone-neg.jpeg","width":557,"height":556,"caption":"Le Regard Libre"},"image":{"@id":"https:\/\/leregardlibre.com\/#\/schema\/logo\/image\/"},"sameAs":["https:\/\/www.facebook.com\/leregardlibre\/","https:\/\/x.com\/LeRegardLibre","https:\/\/www.linkedin.com\/company\/le-regard-libre","https:\/\/www.instagram.com\/leregardlibre\/","http:\/\/t.me\/leregardlibre","https:\/\/youtube.com\/channel\/UC6HzGPomj1LsUmlz-sJtITQ"],"description":"Le Regard Libre is a Swiss monthly magazine for intellectual and cultural debate. Its editorial team is young, voluntary, liberal and pluralist. The magazine appears online and in print. Its language is French.","email":"redaction@leregardlibre.com","legalName":"Le Regard Libre","foundingDate":"2014-01-01","numberOfEmployees":{"@type":"QuantitativeValue","minValue":"11","maxValue":"50"},"publishingPrinciples":"https:\/\/leregardlibre.com\/a-propos\/notre-manifeste\/","ownershipFundingInfo":"https:\/\/leregardlibre.com\/mentions-legales\/","actionableFeedbackPolicy":"https:\/\/leregardlibre.com\/conditions-generales-de-vente\/"},{"@type":"Person","@id":"https:\/\/leregardlibre.com\/#\/schema\/person\/707c6b37669c41ff3db20bd7c64e110a","name":"Marina De Toro","image":{"@type":"ImageObject","inLanguage":"en-US","@id":"https:\/\/secure.gravatar.com\/avatar\/73480382af258f553ab5feb17c3e14d211ebf97cbc8b67b8316479abd1529c69?s=96&d=identicon&r=g","url":"https:\/\/secure.gravatar.com\/avatar\/73480382af258f553ab5feb17c3e14d211ebf97cbc8b67b8316479abd1529c69?s=96&d=identicon&r=g","contentUrl":"https:\/\/secure.gravatar.com\/avatar\/73480382af258f553ab5feb17c3e14d211ebf97cbc8b67b8316479abd1529c69?s=96&d=identicon&r=g","caption":"Marina De Toro"},"sameAs":["https:\/\/leregardlibre.com\/","https:\/\/fr.wikipedia.org\/wiki\/Le_Regard_libre"],"url":"https:\/\/leregardlibre.com\/en\/author\/marina-detoro-mdt\/"}]}},"_links":{"self":[{"href":"https:\/\/leregardlibre.com\/en\/wp-json\/wp\/v2\/posts\/15217","targetHints":{"allow":["GET"]}}],"collection":[{"href":"https:\/\/leregardlibre.com\/en\/wp-json\/wp\/v2\/posts"}],"about":[{"href":"https:\/\/leregardlibre.com\/en\/wp-json\/wp\/v2\/types\/post"}],"author":[{"embeddable":true,"href":"https:\/\/leregardlibre.com\/en\/wp-json\/wp\/v2\/users\/17"}],"replies":[{"embeddable":true,"href":"https:\/\/leregardlibre.com\/en\/wp-json\/wp\/v2\/comments?post=15217"}],"version-history":[{"count":1,"href":"https:\/\/leregardlibre.com\/en\/wp-json\/wp\/v2\/posts\/15217\/revisions"}],"predecessor-version":[{"id":509802,"href":"https:\/\/leregardlibre.com\/en\/wp-json\/wp\/v2\/posts\/15217\/revisions\/509802"}],"wp:featuredmedia":[{"embeddable":true,"href":"https:\/\/leregardlibre.com\/en\/wp-json\/wp\/v2\/media\/15231"}],"wp:attachment":[{"href":"https:\/\/leregardlibre.com\/en\/wp-json\/wp\/v2\/media?parent=15217"}],"wp:term":[{"taxonomy":"category","embeddable":true,"href":"https:\/\/leregardlibre.com\/en\/wp-json\/wp\/v2\/categories?post=15217"},{"taxonomy":"post_tag","embeddable":true,"href":"https:\/\/leregardlibre.com\/en\/wp-json\/wp\/v2\/tags?post=15217"}],"curies":[{"name":"wp","href":"https:\/\/api.w.org\/{rel}","templated":true}]}}