{"id":15272,"date":"2018-05-01T20:05:13","date_gmt":"2018-05-01T19:05:13","guid":{"rendered":"http:\/\/leregardlibre.com\/?p=15272"},"modified":"2022-09-25T16:24:27","modified_gmt":"2022-09-25T14:24:27","slug":"notre-dame-des-egarees-until-eternal-silence","status":"publish","type":"post","link":"https:\/\/leregardlibre.com\/en\/literature\/notre-dame-des-egarees-until-eternal-silence\/","title":{"rendered":"\u00abNotre-Dame des \u00e9gar\u00e9es\u00bb, to eternal silence"},"content":{"rendered":"<p><em>Les lettres romandes du mardi - <a href=\"https:\/\/leregardlibre.com\/en\/tag\/loris-musumeci\/\">Loris S. Musumeci<\/a><\/em><\/p>\n\n\n\n<blockquote class=\"wp-block-quote is-layout-flow wp-block-quote-is-layout-flow\"><p>\u00abH\u00e9l\u00e8ne especially, a Proven\u00e7al whose parents had settled here, a town that was French at the time, proclaimed: \u2018\u2018Je suis du Rh\u00f4ne, vaille que vaille!\u2019\u2019 As for Karel, from Prague, he's forever referred to as a \u2018man of the Rhine\u2018 by the prickly lady.\u2019<\/p><\/blockquote>\n\n\n\n<p>She's from the Rhone, he's from the Rhine. They meet in occupied Colmar at the end of the 19th century.<sup>th\u00a0<\/sup>century. Both work at the \u00abvery select\u00bb boarding school for girls. She teaches Latin and French; he teaches music. Their eyes meet. The feeling of love isn't direct, but eventually becomes obvious. Love happens, moves their bodies, and unites them on New Year's Eve. The result: \u00abStella was born on October 10, 1894\u00bb.<\/p>\n\n\n\n<!--more-->\n\n\n\n<blockquote class=\"wp-block-quote is-layout-flow wp-block-quote-is-layout-flow\"><p>\u00abThe infinitely intersecting destinies of human beings, from their birth to their final demise, resemble this fortuitous and gigantic movement of the waters. The channel that originally took them by the belt will scarcely leave them for the rest of their lives. Men trace the path with the same fatal acquiescence as the waters in their courses. And so they move in unison and from all eternity in the flow of fountains and time.\u00bb<\/p><\/blockquote>\n\n\n\n<p>Fates cross, like rivers. And yet, the Rhone and Rhine will never really cross, according to H\u00e9l\u00e8ne. And the separation. Little Stella died at the age of four. Her mother, unable to accept her daughter's disappearance, left to find her. Karel remains alone. Silent. He has lost everything. One morning, he decides to set off as a wandering Jew in search of his wife, his daughter, his destiny. Along the way, he finds friends, doubts, hopes, despair, meaning and the absurdity of life.<\/p>\n\n\n\n<p>In the guise of a simple, banal novel, the Jura-born author delivers a poignant, profound and striking tale. In the space of a hundred and ninety pages, Alexandre Voisard succeeds in expressing the loneliness of a man:<\/p>\n\n\n\n<blockquote class=\"wp-block-quote is-layout-flow wp-block-quote-is-layout-flow\"><p>\u00abI'm not expected, maybe that's just it, a man's solitude, not this walk with no one at his side but this nagging feeling that there's no one on the horizon of his path.\u00bb<\/p><\/blockquote>\n\n\n\n<p>It also expresses, with delicate language, the joy of finally finding true love, and then losing it forever. And the music that accompanies Karel on his journey. And the chance encounters, including that of Father Vienot and the Goldberg family. And nature, which welcomes Karel in his wanderings. And the Virgin Mary, mysterious comforter of lost men; Our Lady of lost women.<\/p>\n\n\n\n<p>The words used are poetic, not because they seem learned and inaccessible. Quite the contrary. They speak of stripping things down to their bare essentials. An authentic verb, telling an unpretentious story. But the story of a man who lived, following a destiny, following a river.<\/p>\n\n\n\n<p>In the course of Karel's story, the writer brings the reader's most primitive senses to life, managing in his words to convey the nobility of \u00absteaming soup\u00bb and \u00abthickly sliced bread\u00bb. Country life thus takes on a profoundly evocative meaning, becoming a breath of fresh air for protagonist and reader alike:<\/p>\n\n\n\n<blockquote class=\"wp-block-quote is-layout-flow wp-block-quote-is-layout-flow\"><p>\u00abThe air is crisp on these great pastures. Karel fills his lungs with great aspirations, here life, all the gestures of his peasants are just and necessary, every word in their mouths has a precise meaning, this is true life, Karel thinks, the simplicity to which the parish priest encouraged me I see with my own eyes.\u00bb<\/p><\/blockquote>\n\n\n\n<p><em>Our Lady of the Lost&nbsp;<\/em>is one of those novels where you'll never quite forget the story of the characters, the places they've been, the encounters they've had and the river destiny that has swept them away. The musicality of the book and its poetry follow you, reminding you that life is inevitably tragic, but that it nevertheless has meaning in the past lived, happy if brief. Because it follows its course, like the river. Because the sky guides it, leading it in music to the point where the music ceases, giving way to relieved tears. To eternal silence.<\/p>\n\n\n\n<blockquote class=\"wp-block-quote is-layout-flow wp-block-quote-is-layout-flow\"><p>\u00abAll waters, from spring to stream, from river to river, the smallest trickle of water, are fulfilled in this ceaseless quest for the other, just as human destinies cross, toe each other, brush against each other, collide and sometimes marry in this irresistible movement of the universe.\u00bb<\/p><\/blockquote>\n\n\n\n<p><em>Write to the author : <a href=\"mailto:loris.musumeci@leregardlibre.com\">loris.musumeci@leregardlibre.com<\/a><\/em><\/p>\n\n\n\n<p>Photo credit: \u00a9 Editions Zo\u00e9<\/p>","protected":false},"excerpt":{"rendered":"<p>Les lettres romandes du mardi&nbsp;\u2013 Loris S. Musumeci \u00abH\u00e9l\u00e8ne surtout, Proven\u00e7ale dont les parents s\u2019\u00e9taient \u00e9tablis ici, ville qui \u00e9tait&#8230;<\/p>","protected":false},"author":18,"featured_media":15274,"comment_status":"open","ping_status":"open","sticky":false,"template":"","format":"standard","meta":{"_acf_changed":false,"footnotes":""},"categories":[20663],"tags":[38553437,2481698,54879,1686924,2989249,333520,86171,1237298,1600902,634784,56707,95429,78735229,1851887],"class_list":["post-15272","post","type-post","status-publish","format-standard","has-post-thumbnail","hentry","category-litterature","tag-alexandre-voisard","tag-colmar","tag-critiques-litteraires","tag-deuil","tag-fleuve","tag-goldberg","tag-helene","tag-karel","tag-rhin","tag-rhone","tag-solitude","tag-stella","tag-vienot","tag-vierge-marie"],"acf":[],"yoast_head":"<!-- This site is optimized with the Yoast SEO Premium plugin v27.4 (Yoast SEO v27.4) - https:\/\/yoast.com\/product\/yoast-seo-premium-wordpress\/ -->\n<title>\u00abNotre-Dame des \u00e9gar\u00e9es\u00bb, jusqu\u2019au silence \u00e9ternel<\/title>\n<meta name=\"description\" content=\"\u00abNotre-Dame des Egar\u00e9es\u00bb d&#039;Alexandre Voisard: la critique de Loris S. Musumeci dans le cadre de la rubrique \u00abLes bouquins du mardi\u00bb\" \/>\n<meta name=\"robots\" content=\"index, follow, max-snippet:-1, max-image-preview:large, max-video-preview:-1\" \/>\n<link rel=\"canonical\" href=\"https:\/\/leregardlibre.com\/en\/literature\/notre-dame-des-egarees-until-eternal-silence\/\" \/>\n<meta property=\"og:locale\" content=\"en_US\" \/>\n<meta property=\"og:type\" content=\"article\" \/>\n<meta property=\"og:title\" content=\"\u00abNotre-Dame des \u00e9gar\u00e9es\u00bb, jusqu\u2019au silence \u00e9ternel\" \/>\n<meta property=\"og:description\" content=\"\u00abNotre-Dame des Egar\u00e9es\u00bb d&#039;Alexandre Voisard: la critique de Loris S. Musumeci dans le cadre de la rubrique \u00abLes bouquins du mardi\u00bb\" \/>\n<meta property=\"og:url\" content=\"https:\/\/leregardlibre.com\/en\/literature\/notre-dame-des-egarees-until-eternal-silence\/\" \/>\n<meta property=\"og:site_name\" content=\"Le Regard Libre\" \/>\n<meta property=\"article:publisher\" content=\"https:\/\/www.facebook.com\/leregardlibre\/\" \/>\n<meta property=\"article:published_time\" content=\"2018-05-01T19:05:13+00:00\" \/>\n<meta property=\"article:modified_time\" content=\"2022-09-25T14:24:27+00:00\" \/>\n<meta property=\"og:image\" content=\"https:\/\/leregardlibre.com\/wp-content\/uploads\/2018\/05\/notre-dame-des-c3a9garc3a9es-c2a9-editions-zoc3a91.jpg\" \/>\n\t<meta property=\"og:image:width\" content=\"496\" \/>\n\t<meta property=\"og:image:height\" content=\"445\" \/>\n\t<meta property=\"og:image:type\" content=\"image\/jpeg\" \/>\n<meta name=\"author\" content=\"Loris S. Musumeci\" \/>\n<meta name=\"twitter:card\" content=\"summary_large_image\" \/>\n<meta name=\"twitter:creator\" content=\"@LeRegardLibre\" \/>\n<meta name=\"twitter:site\" content=\"@LeRegardLibre\" \/>\n<meta name=\"twitter:label1\" content=\"Written by\" \/>\n\t<meta name=\"twitter:data1\" content=\"Loris S. Musumeci\" \/>\n\t<meta name=\"twitter:label2\" content=\"Est. reading time\" \/>\n\t<meta name=\"twitter:data2\" content=\"4 minutes\" \/>\n<script type=\"application\/ld+json\" class=\"yoast-schema-graph\">{\"@context\":\"https:\\\/\\\/schema.org\",\"@graph\":[{\"@type\":\"Article\",\"@id\":\"https:\\\/\\\/leregardlibre.com\\\/litterature\\\/notre-dame-des-egarees-jusquau-silence-eternel\\\/#article\",\"isPartOf\":{\"@id\":\"https:\\\/\\\/leregardlibre.com\\\/litterature\\\/notre-dame-des-egarees-jusquau-silence-eternel\\\/\"},\"author\":{\"name\":\"Loris S. Musumeci\",\"@id\":\"https:\\\/\\\/leregardlibre.com\\\/#\\\/schema\\\/person\\\/04d80ec47094bca6b1fa22dffad24005\"},\"headline\":\"\u00abNotre-Dame des \u00e9gar\u00e9es\u00bb, jusqu\u2019au silence \u00e9ternel\",\"datePublished\":\"2018-05-01T19:05:13+00:00\",\"dateModified\":\"2022-09-25T14:24:27+00:00\",\"mainEntityOfPage\":{\"@id\":\"https:\\\/\\\/leregardlibre.com\\\/litterature\\\/notre-dame-des-egarees-jusquau-silence-eternel\\\/\"},\"wordCount\":869,\"commentCount\":0,\"publisher\":{\"@id\":\"https:\\\/\\\/leregardlibre.com\\\/#organization\"},\"image\":{\"@id\":\"https:\\\/\\\/leregardlibre.com\\\/litterature\\\/notre-dame-des-egarees-jusquau-silence-eternel\\\/#primaryimage\"},\"thumbnailUrl\":\"https:\\\/\\\/leregardlibre.com\\\/wp-content\\\/uploads\\\/2018\\\/05\\\/notre-dame-des-c3a9garc3a9es-c2a9-editions-zoc3a91.jpg\",\"keywords\":[\"alexandre voisard\",\"colmar\",\"Critique litt\u00e9raire\",\"Deuil\",\"fleuve\",\"goldberg\",\"h\u00e9l\u00e8ne\",\"karel\",\"rhin\",\"rh\u00f4ne\",\"Solitude\",\"stella\",\"vienot\",\"vierge marie\"],\"articleSection\":[\"Litt\u00e9rature\"],\"inLanguage\":\"en-US\",\"potentialAction\":[{\"@type\":\"CommentAction\",\"name\":\"Comment\",\"target\":[\"https:\\\/\\\/leregardlibre.com\\\/litterature\\\/notre-dame-des-egarees-jusquau-silence-eternel\\\/#respond\"]}]},{\"@type\":\"WebPage\",\"@id\":\"https:\\\/\\\/leregardlibre.com\\\/litterature\\\/notre-dame-des-egarees-jusquau-silence-eternel\\\/\",\"url\":\"https:\\\/\\\/leregardlibre.com\\\/litterature\\\/notre-dame-des-egarees-jusquau-silence-eternel\\\/\",\"name\":\"\u00abNotre-Dame des \u00e9gar\u00e9es\u00bb, jusqu\u2019au silence \u00e9ternel\",\"isPartOf\":{\"@id\":\"https:\\\/\\\/leregardlibre.com\\\/#website\"},\"primaryImageOfPage\":{\"@id\":\"https:\\\/\\\/leregardlibre.com\\\/litterature\\\/notre-dame-des-egarees-jusquau-silence-eternel\\\/#primaryimage\"},\"image\":{\"@id\":\"https:\\\/\\\/leregardlibre.com\\\/litterature\\\/notre-dame-des-egarees-jusquau-silence-eternel\\\/#primaryimage\"},\"thumbnailUrl\":\"https:\\\/\\\/leregardlibre.com\\\/wp-content\\\/uploads\\\/2018\\\/05\\\/notre-dame-des-c3a9garc3a9es-c2a9-editions-zoc3a91.jpg\",\"datePublished\":\"2018-05-01T19:05:13+00:00\",\"dateModified\":\"2022-09-25T14:24:27+00:00\",\"description\":\"\u00abNotre-Dame des Egar\u00e9es\u00bb d'Alexandre Voisard: la critique de Loris S. Musumeci dans le cadre de la rubrique \u00abLes bouquins du mardi\u00bb\",\"breadcrumb\":{\"@id\":\"https:\\\/\\\/leregardlibre.com\\\/litterature\\\/notre-dame-des-egarees-jusquau-silence-eternel\\\/#breadcrumb\"},\"inLanguage\":\"en-US\",\"potentialAction\":[{\"@type\":\"ReadAction\",\"target\":[\"https:\\\/\\\/leregardlibre.com\\\/litterature\\\/notre-dame-des-egarees-jusquau-silence-eternel\\\/\"]}]},{\"@type\":\"ImageObject\",\"inLanguage\":\"en-US\",\"@id\":\"https:\\\/\\\/leregardlibre.com\\\/litterature\\\/notre-dame-des-egarees-jusquau-silence-eternel\\\/#primaryimage\",\"url\":\"https:\\\/\\\/leregardlibre.com\\\/wp-content\\\/uploads\\\/2018\\\/05\\\/notre-dame-des-c3a9garc3a9es-c2a9-editions-zoc3a91.jpg\",\"contentUrl\":\"https:\\\/\\\/leregardlibre.com\\\/wp-content\\\/uploads\\\/2018\\\/05\\\/notre-dame-des-c3a9garc3a9es-c2a9-editions-zoc3a91.jpg\",\"width\":496,\"height\":445},{\"@type\":\"BreadcrumbList\",\"@id\":\"https:\\\/\\\/leregardlibre.com\\\/litterature\\\/notre-dame-des-egarees-jusquau-silence-eternel\\\/#breadcrumb\",\"itemListElement\":[{\"@type\":\"ListItem\",\"position\":1,\"name\":\"Accueil\",\"item\":\"https:\\\/\\\/leregardlibre.com\\\/\"},{\"@type\":\"ListItem\",\"position\":2,\"name\":\"\u00abNotre-Dame des \u00e9gar\u00e9es\u00bb, jusqu\u2019au silence \u00e9ternel\"}]},{\"@type\":\"WebSite\",\"@id\":\"https:\\\/\\\/leregardlibre.com\\\/#website\",\"url\":\"https:\\\/\\\/leregardlibre.com\\\/\",\"name\":\"Le Regard Libre\",\"description\":\"Premier mensuel suisse de d\u00e9bat\",\"publisher\":{\"@id\":\"https:\\\/\\\/leregardlibre.com\\\/#organization\"},\"potentialAction\":[{\"@type\":\"SearchAction\",\"target\":{\"@type\":\"EntryPoint\",\"urlTemplate\":\"https:\\\/\\\/leregardlibre.com\\\/?s={search_term_string}\"},\"query-input\":{\"@type\":\"PropertyValueSpecification\",\"valueRequired\":true,\"valueName\":\"search_term_string\"}}],\"inLanguage\":\"en-US\"},{\"@type\":\"Organization\",\"@id\":\"https:\\\/\\\/leregardlibre.com\\\/#organization\",\"name\":\"Le Regard Libre\",\"url\":\"https:\\\/\\\/leregardlibre.com\\\/\",\"logo\":{\"@type\":\"ImageObject\",\"inLanguage\":\"en-US\",\"@id\":\"https:\\\/\\\/leregardlibre.com\\\/#\\\/schema\\\/logo\\\/image\\\/\",\"url\":\"https:\\\/\\\/leregardlibre.com\\\/wp-content\\\/uploads\\\/2025\\\/08\\\/logo-rl-icone-neg.jpeg\",\"contentUrl\":\"https:\\\/\\\/leregardlibre.com\\\/wp-content\\\/uploads\\\/2025\\\/08\\\/logo-rl-icone-neg.jpeg\",\"width\":557,\"height\":556,\"caption\":\"Le Regard Libre\"},\"image\":{\"@id\":\"https:\\\/\\\/leregardlibre.com\\\/#\\\/schema\\\/logo\\\/image\\\/\"},\"sameAs\":[\"https:\\\/\\\/www.facebook.com\\\/leregardlibre\\\/\",\"https:\\\/\\\/x.com\\\/LeRegardLibre\",\"https:\\\/\\\/www.linkedin.com\\\/company\\\/le-regard-libre\",\"https:\\\/\\\/www.instagram.com\\\/leregardlibre\\\/\",\"http:\\\/\\\/t.me\\\/leregardlibre\",\"https:\\\/\\\/youtube.com\\\/channel\\\/UC6HzGPomj1LsUmlz-sJtITQ\"],\"description\":\"Le Regard Libre est un mensuel suisse de d\u00e9bat intellectuel et culturel. Sa r\u00e9daction est jeune, b\u00e9n\u00e9vole, lib\u00e9rale et pluraliste. Le magazine para\u00eet en ligne et sous forme papier. Sa langue est le fran\u00e7ais.\",\"email\":\"redaction@leregardlibre.com\",\"legalName\":\"Le Regard Libre\",\"foundingDate\":\"2014-01-01\",\"numberOfEmployees\":{\"@type\":\"QuantitativeValue\",\"minValue\":\"11\",\"maxValue\":\"50\"},\"publishingPrinciples\":\"https:\\\/\\\/leregardlibre.com\\\/a-propos\\\/notre-manifeste\\\/\",\"ownershipFundingInfo\":\"https:\\\/\\\/leregardlibre.com\\\/mentions-legales\\\/\",\"actionableFeedbackPolicy\":\"https:\\\/\\\/leregardlibre.com\\\/conditions-generales-de-vente\\\/\"},{\"@type\":\"Person\",\"@id\":\"https:\\\/\\\/leregardlibre.com\\\/#\\\/schema\\\/person\\\/04d80ec47094bca6b1fa22dffad24005\",\"name\":\"Loris S. Musumeci\",\"image\":{\"@type\":\"ImageObject\",\"inLanguage\":\"en-US\",\"@id\":\"https:\\\/\\\/secure.gravatar.com\\\/avatar\\\/fa476654dadfee0d962e80160d0303549febb2769f8fa26c7a1ebe037f7c7c54?s=96&d=identicon&r=g\",\"url\":\"https:\\\/\\\/secure.gravatar.com\\\/avatar\\\/fa476654dadfee0d962e80160d0303549febb2769f8fa26c7a1ebe037f7c7c54?s=96&d=identicon&r=g\",\"contentUrl\":\"https:\\\/\\\/secure.gravatar.com\\\/avatar\\\/fa476654dadfee0d962e80160d0303549febb2769f8fa26c7a1ebe037f7c7c54?s=96&d=identicon&r=g\",\"caption\":\"Loris S. Musumeci\"},\"sameAs\":[\"https:\\\/\\\/leregardlibre.com\\\/\",\"https:\\\/\\\/fr.wikipedia.org\\\/wiki\\\/Le_Regard_libre\"],\"url\":\"https:\\\/\\\/leregardlibre.com\\\/en\\\/author\\\/loris-musumeci\\\/\"}]}<\/script>\n<!-- \/ Yoast SEO Premium plugin. -->","yoast_head_json":{"title":"\u00abNotre-Dame des \u00e9gar\u00e9es\u00bb, to eternal silence","description":"\u00abAlexandre Voisard's \u00bbNotre-Dame des Egar\u00e9es\u00ab: Loris S. Musumeci's review as part of our \u00bbTuesday's Books\" feature.\u00bb","robots":{"index":"index","follow":"follow","max-snippet":"max-snippet:-1","max-image-preview":"max-image-preview:large","max-video-preview":"max-video-preview:-1"},"canonical":"https:\/\/leregardlibre.com\/en\/literature\/notre-dame-des-egarees-until-eternal-silence\/","og_locale":"en_US","og_type":"article","og_title":"\u00abNotre-Dame des \u00e9gar\u00e9es\u00bb, jusqu\u2019au silence \u00e9ternel","og_description":"\u00abNotre-Dame des Egar\u00e9es\u00bb d'Alexandre Voisard: la critique de Loris S. Musumeci dans le cadre de la rubrique \u00abLes bouquins du mardi\u00bb","og_url":"https:\/\/leregardlibre.com\/en\/literature\/notre-dame-des-egarees-until-eternal-silence\/","og_site_name":"Le Regard Libre","article_publisher":"https:\/\/www.facebook.com\/leregardlibre\/","article_published_time":"2018-05-01T19:05:13+00:00","article_modified_time":"2022-09-25T14:24:27+00:00","og_image":[{"width":496,"height":445,"url":"https:\/\/leregardlibre.com\/wp-content\/uploads\/2018\/05\/notre-dame-des-c3a9garc3a9es-c2a9-editions-zoc3a91.jpg","type":"image\/jpeg"}],"author":"Loris S. Musumeci","twitter_card":"summary_large_image","twitter_creator":"@LeRegardLibre","twitter_site":"@LeRegardLibre","twitter_misc":{"Written by":"Loris S. Musumeci","Est. reading time":"4 minutes"},"schema":{"@context":"https:\/\/schema.org","@graph":[{"@type":"Article","@id":"https:\/\/leregardlibre.com\/litterature\/notre-dame-des-egarees-jusquau-silence-eternel\/#article","isPartOf":{"@id":"https:\/\/leregardlibre.com\/litterature\/notre-dame-des-egarees-jusquau-silence-eternel\/"},"author":{"name":"Loris S. Musumeci","@id":"https:\/\/leregardlibre.com\/#\/schema\/person\/04d80ec47094bca6b1fa22dffad24005"},"headline":"\u00abNotre-Dame des \u00e9gar\u00e9es\u00bb, jusqu\u2019au silence \u00e9ternel","datePublished":"2018-05-01T19:05:13+00:00","dateModified":"2022-09-25T14:24:27+00:00","mainEntityOfPage":{"@id":"https:\/\/leregardlibre.com\/litterature\/notre-dame-des-egarees-jusquau-silence-eternel\/"},"wordCount":869,"commentCount":0,"publisher":{"@id":"https:\/\/leregardlibre.com\/#organization"},"image":{"@id":"https:\/\/leregardlibre.com\/litterature\/notre-dame-des-egarees-jusquau-silence-eternel\/#primaryimage"},"thumbnailUrl":"https:\/\/leregardlibre.com\/wp-content\/uploads\/2018\/05\/notre-dame-des-c3a9garc3a9es-c2a9-editions-zoc3a91.jpg","keywords":["alexandre voisard","colmar","Critique litt\u00e9raire","Deuil","fleuve","goldberg","h\u00e9l\u00e8ne","karel","rhin","rh\u00f4ne","Solitude","stella","vienot","vierge marie"],"articleSection":["Litt\u00e9rature"],"inLanguage":"en-US","potentialAction":[{"@type":"CommentAction","name":"Comment","target":["https:\/\/leregardlibre.com\/litterature\/notre-dame-des-egarees-jusquau-silence-eternel\/#respond"]}]},{"@type":"WebPage","@id":"https:\/\/leregardlibre.com\/litterature\/notre-dame-des-egarees-jusquau-silence-eternel\/","url":"https:\/\/leregardlibre.com\/litterature\/notre-dame-des-egarees-jusquau-silence-eternel\/","name":"\u00abNotre-Dame des \u00e9gar\u00e9es\u00bb, to eternal silence","isPartOf":{"@id":"https:\/\/leregardlibre.com\/#website"},"primaryImageOfPage":{"@id":"https:\/\/leregardlibre.com\/litterature\/notre-dame-des-egarees-jusquau-silence-eternel\/#primaryimage"},"image":{"@id":"https:\/\/leregardlibre.com\/litterature\/notre-dame-des-egarees-jusquau-silence-eternel\/#primaryimage"},"thumbnailUrl":"https:\/\/leregardlibre.com\/wp-content\/uploads\/2018\/05\/notre-dame-des-c3a9garc3a9es-c2a9-editions-zoc3a91.jpg","datePublished":"2018-05-01T19:05:13+00:00","dateModified":"2022-09-25T14:24:27+00:00","description":"\u00abAlexandre Voisard's \u00bbNotre-Dame des Egar\u00e9es\u00ab: Loris S. Musumeci's review as part of our \u00bbTuesday's Books\" feature.\u00bb","breadcrumb":{"@id":"https:\/\/leregardlibre.com\/litterature\/notre-dame-des-egarees-jusquau-silence-eternel\/#breadcrumb"},"inLanguage":"en-US","potentialAction":[{"@type":"ReadAction","target":["https:\/\/leregardlibre.com\/litterature\/notre-dame-des-egarees-jusquau-silence-eternel\/"]}]},{"@type":"ImageObject","inLanguage":"en-US","@id":"https:\/\/leregardlibre.com\/litterature\/notre-dame-des-egarees-jusquau-silence-eternel\/#primaryimage","url":"https:\/\/leregardlibre.com\/wp-content\/uploads\/2018\/05\/notre-dame-des-c3a9garc3a9es-c2a9-editions-zoc3a91.jpg","contentUrl":"https:\/\/leregardlibre.com\/wp-content\/uploads\/2018\/05\/notre-dame-des-c3a9garc3a9es-c2a9-editions-zoc3a91.jpg","width":496,"height":445},{"@type":"BreadcrumbList","@id":"https:\/\/leregardlibre.com\/litterature\/notre-dame-des-egarees-jusquau-silence-eternel\/#breadcrumb","itemListElement":[{"@type":"ListItem","position":1,"name":"Accueil","item":"https:\/\/leregardlibre.com\/"},{"@type":"ListItem","position":2,"name":"\u00abNotre-Dame des \u00e9gar\u00e9es\u00bb, jusqu\u2019au silence \u00e9ternel"}]},{"@type":"WebSite","@id":"https:\/\/leregardlibre.com\/#website","url":"https:\/\/leregardlibre.com\/","name":"Le Regard Libre","description":"Switzerland's first monthly debate magazine","publisher":{"@id":"https:\/\/leregardlibre.com\/#organization"},"potentialAction":[{"@type":"SearchAction","target":{"@type":"EntryPoint","urlTemplate":"https:\/\/leregardlibre.com\/?s={search_term_string}"},"query-input":{"@type":"PropertyValueSpecification","valueRequired":true,"valueName":"search_term_string"}}],"inLanguage":"en-US"},{"@type":"Organization","@id":"https:\/\/leregardlibre.com\/#organization","name":"Le Regard Libre","url":"https:\/\/leregardlibre.com\/","logo":{"@type":"ImageObject","inLanguage":"en-US","@id":"https:\/\/leregardlibre.com\/#\/schema\/logo\/image\/","url":"https:\/\/leregardlibre.com\/wp-content\/uploads\/2025\/08\/logo-rl-icone-neg.jpeg","contentUrl":"https:\/\/leregardlibre.com\/wp-content\/uploads\/2025\/08\/logo-rl-icone-neg.jpeg","width":557,"height":556,"caption":"Le Regard Libre"},"image":{"@id":"https:\/\/leregardlibre.com\/#\/schema\/logo\/image\/"},"sameAs":["https:\/\/www.facebook.com\/leregardlibre\/","https:\/\/x.com\/LeRegardLibre","https:\/\/www.linkedin.com\/company\/le-regard-libre","https:\/\/www.instagram.com\/leregardlibre\/","http:\/\/t.me\/leregardlibre","https:\/\/youtube.com\/channel\/UC6HzGPomj1LsUmlz-sJtITQ"],"description":"Le Regard Libre is a Swiss monthly magazine for intellectual and cultural debate. Its editorial team is young, voluntary, liberal and pluralist. The magazine appears online and in print. Its language is French.","email":"redaction@leregardlibre.com","legalName":"Le Regard Libre","foundingDate":"2014-01-01","numberOfEmployees":{"@type":"QuantitativeValue","minValue":"11","maxValue":"50"},"publishingPrinciples":"https:\/\/leregardlibre.com\/a-propos\/notre-manifeste\/","ownershipFundingInfo":"https:\/\/leregardlibre.com\/mentions-legales\/","actionableFeedbackPolicy":"https:\/\/leregardlibre.com\/conditions-generales-de-vente\/"},{"@type":"Person","@id":"https:\/\/leregardlibre.com\/#\/schema\/person\/04d80ec47094bca6b1fa22dffad24005","name":"Loris S. Musumeci","image":{"@type":"ImageObject","inLanguage":"en-US","@id":"https:\/\/secure.gravatar.com\/avatar\/fa476654dadfee0d962e80160d0303549febb2769f8fa26c7a1ebe037f7c7c54?s=96&d=identicon&r=g","url":"https:\/\/secure.gravatar.com\/avatar\/fa476654dadfee0d962e80160d0303549febb2769f8fa26c7a1ebe037f7c7c54?s=96&d=identicon&r=g","contentUrl":"https:\/\/secure.gravatar.com\/avatar\/fa476654dadfee0d962e80160d0303549febb2769f8fa26c7a1ebe037f7c7c54?s=96&d=identicon&r=g","caption":"Loris S. Musumeci"},"sameAs":["https:\/\/leregardlibre.com\/","https:\/\/fr.wikipedia.org\/wiki\/Le_Regard_libre"],"url":"https:\/\/leregardlibre.com\/en\/author\/loris-musumeci\/"}]}},"_links":{"self":[{"href":"https:\/\/leregardlibre.com\/en\/wp-json\/wp\/v2\/posts\/15272","targetHints":{"allow":["GET"]}}],"collection":[{"href":"https:\/\/leregardlibre.com\/en\/wp-json\/wp\/v2\/posts"}],"about":[{"href":"https:\/\/leregardlibre.com\/en\/wp-json\/wp\/v2\/types\/post"}],"author":[{"embeddable":true,"href":"https:\/\/leregardlibre.com\/en\/wp-json\/wp\/v2\/users\/18"}],"replies":[{"embeddable":true,"href":"https:\/\/leregardlibre.com\/en\/wp-json\/wp\/v2\/comments?post=15272"}],"version-history":[{"count":1,"href":"https:\/\/leregardlibre.com\/en\/wp-json\/wp\/v2\/posts\/15272\/revisions"}],"predecessor-version":[{"id":509808,"href":"https:\/\/leregardlibre.com\/en\/wp-json\/wp\/v2\/posts\/15272\/revisions\/509808"}],"wp:featuredmedia":[{"embeddable":true,"href":"https:\/\/leregardlibre.com\/en\/wp-json\/wp\/v2\/media\/15274"}],"wp:attachment":[{"href":"https:\/\/leregardlibre.com\/en\/wp-json\/wp\/v2\/media?parent=15272"}],"wp:term":[{"taxonomy":"category","embeddable":true,"href":"https:\/\/leregardlibre.com\/en\/wp-json\/wp\/v2\/categories?post=15272"},{"taxonomy":"post_tag","embeddable":true,"href":"https:\/\/leregardlibre.com\/en\/wp-json\/wp\/v2\/tags?post=15272"}],"curies":[{"name":"wp","href":"https:\/\/api.w.org\/{rel}","templated":true}]}}