{"id":15322,"date":"2018-05-09T11:00:36","date_gmt":"2018-05-09T09:00:36","guid":{"rendered":"http:\/\/leregardlibre.com\/?p=15322"},"modified":"2025-12-04T22:49:17","modified_gmt":"2025-12-04T21:49:17","slug":"la-particule-humaine-metaphore-du-chemin-interieur","status":"publish","type":"post","link":"https:\/\/leregardlibre.com\/en\/cinema\/films\/la-particule-humaine-metaphore-du-chemin-interieur\/","title":{"rendered":"\u00abThe Human Particle, a metaphor for the inner journey"},"content":{"rendered":"<p><em>Cinema Wednesdays - H\u00e9l\u00e8ne Lavoyer<\/em><\/p>\n<p>\u00abBreath or wheat?<br \/>\n<em>-<\/em> Wheat.\u00bb<\/p>\n<p>In Semih Kaplano\u011flu's eyes, the future population is enclosed within the walls of cities protected by electromagnetic portals that burn out those who try to leave - or enter without having been selected. Agriculture is in the hands of private laboratories unable to understand why, or how, GM crops - the only ones they have - end up deteriorating and self-destructing. Erin Erol (Jean-Marc Barr), a genetic engineer and seed specialist working for the city, is struggling to create a seed that will make harvests sustainable over time.<!--more--><\/p>\n<p>Il entend alors parler de Cemil (Ermin Bravo), un ancien chercheur pour le m\u00eame laboratoire, disparu au-del\u00e0 du mur, entre les Terres Mortes et les Friches. A l\u2019instant m\u00eame o\u00f9 il d\u00e9couvre la th\u00e9orie morale et \u00e9thique qui avait valu \u00e0 son confr\u00e8re son licenciement, Erin comprend que la communaut\u00e9 scientifique n\u2019avait su accepter l\u2019immense erreur commise par les soci\u00e9t\u00e9s industrielles. La particule \u00ab\u00a0M\u00a0\u00bb, pourtant pr\u00e9sente dans chacun des atomes de tout ce qui existe\u00a0\u2013 l\u2019homme, le roc, le vent, les sons les ondes les \u00e9toiles et l\u2019eau \u2013 est selon lui absente des cr\u00e9ations humaines\u00a0; elle est l\u2019unique chose impossible \u00e0 reproduire, la particule sans laquelle ni culture ni vie ne sont possibles.<\/p>\n<p>D\u00e9bute alors l\u2019\u00e9prouvant voyage d\u2019Erin par-del\u00e0 les fronti\u00e8res de la ville. Pouss\u00e9 par une intuition in\u00e9branlable et l\u2019espoir de restituer \u00e0 la population une vie meilleure, il traverse aux c\u00f4t\u00e9s d\u2019Andrei le mur br\u00fblant qui l\u2019avait jusqu\u2019alors s\u00e9par\u00e9 des vall\u00e9es pollu\u00e9es, des pluies acides et d\u2019amoncellements de cadavres putr\u00e9fi\u00e9s. Andrei, il le quitte sur une plage, afin de suivre Cemil, pourtant r\u00e9ticent. A la recherche de graines saines, c\u2019est lui-m\u00eame qu\u2019il trouvera en acceptant de remettre sa vie au creux paisible des mains du guide, ce dernier affichant un regard amus\u00e9 et bienveillant \u00e0 chaque \u0153illade port\u00e9e sur Erin. Harass\u00e9 par les marches et un travail hercul\u00e9en, sa d\u00e9termination l\u2019emm\u00e8nera au-del\u00e0 d\u2019hostiles tentations, jusqu\u2019\u00e0 l\u2019\u00e9veil de cette particule humaine.<\/p>\n<p>\u00ab\u00a0Souffle.\u00a0\u00bb<\/p>\n<h2>Oppresser gr\u00e2ce aux sens<\/h2>\n<p>Plusieurs aspects permettent \u00e0 ce film ambitieux de laisser une trace irr\u00e9versible \u00e0 l\u2019esprit du spectateur. Bien qu\u2019il semblerait que le but premier soit de sortir du format contemporain classique du film, c\u2019est avant tout le public qui se voit extirp\u00e9 de l\u2019environnement visuel et sonore qu\u2019il c\u00f4toie d\u2019ordinaire.<\/p>\n<p>En imposant un noir et blanc du d\u00e9but \u00e0 la fin de l\u2019histoire, le cadre habituel s\u2019\u00e9tiole pour laisser place \u00e0 une angoisse\u00a0; alors m\u00eame que la technologie nous permet tout, elle peut \u00e9galement \u00eatre celle qui nous force au retour en arri\u00e8re. Dans cette ambiance \u00e9trang\u00e8re, m\u00eame l\u2019ou\u00efe perd ses rep\u00e8res\u00a0; ni musique, ni chants, seuls les murmures de menaces technologiques ou environnementales, amen\u00e9s par des ondes sonores mena\u00e7antes, un clapotis pers\u00e9v\u00e9rant ou la chute de cailloux sous les pieds d\u2019Erin.<\/p>\n<h2>Une m\u00e9taphore derri\u00e8re les remparts<\/h2>\n<p>Frappant de sinc\u00e9rit\u00e9, gonfl\u00e9 d\u2019une inqui\u00e9tude ternie par l\u2019espoir et la foi en l\u2019humanit\u00e9, le long-m\u00e9trage porte un message philosophique et spirituel ind\u00e9niable, beaucoup plus profond que la simple n\u00e9cessit\u00e9 de pr\u00eater attention et soin \u00e0 la nature.<\/p>\n<p>Semih Kaplano\u011flu va bien au-del\u00e0 des sch\u00e9mas moralisateurs ou culpabilisants des films catastrophes ou apocalyptiques du cin\u00e9ma hollywoodien\u00a0; impr\u00e9gn\u00e9 de cette qu\u00eate de sens, dont l\u2019impulsion, comme souvent, est donn\u00e9e par le d\u00e9tail dont personne ne se pr\u00e9occupe \u2013 ici, la r\u00e9f\u00e9rence au travail de Cemil lors d\u2019une r\u00e9union \u2013, il s\u2019agit d\u2019une m\u00e9taphore du chemin int\u00e9rieur vers la spiritualit\u00e9 et la coh\u00e9rence.<\/p>\n<h2>Des personnages pour un seul voyage<\/h2>\n<p>Une intuition grossit et perdure au c\u0153ur d\u2019Erin, ce qui le pousse \u00e0 entamer un voyage en dehors de sa zone de confort \u2013 la ville \u2013, \u00e0 l\u2019int\u00e9rieur de laquelle certaines choses lui sont autoris\u00e9es et d\u2019autres, interdites. A l\u2019instar des \u00eatres \u00e0 la recherche de sens, le personnage doit \u00e9clater le cocon de croyances et de g\u00e9n\u00e9ralit\u00e9s dans lequel on l\u2019a \u00e9duqu\u00e9.<\/p>\n<p>Au fur et \u00e0 mesure du film, un doute s\u2019installe\u00a0: qui sont Andrei, Cemil, la passeuse ou l\u2019enfant du d\u00e9sert\u00a0? Existent-ils r\u00e9ellement\u00a0? \u00c0 l\u2019instant m\u00eame o\u00f9 la question investit notre esprit, nous comprenons que tous ces personnages ne sont que les guides et tentateurs d\u2019Erin.<\/p>\n<p>Dans les multiples chemins possibles pour entrer en contact avec cette particule qui fait de nous des Hommes pensants, unissant l\u2019enti\u00e8ret\u00e9 de la Cr\u00e9ation, les autres et les passions int\u00e9rieures sont comme ces personnages\u00a0: des possibilit\u00e9s d\u2019\u00e9cart ou de rapprochement vers l\u2019\u00e9treinte et la compr\u00e9hension de notre vie.<\/p>\n<p><em>Write to the author :\u00a0<a href=\"mailto:helene.lavoyer@leregardlibre.com\">helene.lavoyer@leregardlibre.com<\/a><\/em><\/p>\n<p>Cr\u00e9dit photo : \u00a9<span style=\"font-weight:400;\">\u00a0trigon-film.org<\/span><\/p>","protected":false},"excerpt":{"rendered":"<p>Les mercredis du cin\u00e9ma \u2013 H\u00e9l\u00e8ne Lavoyer \u00ab\u00a0Souffle ou bl\u00e9\u00a0? \u2013 Bl\u00e9.\u00a0\u00bb Dans les yeux de Semih Kaplano\u011flu, la population&#8230;<\/p>","protected":false},"author":326,"featured_media":15323,"comment_status":"open","ping_status":"open","sticky":false,"template":"","format":"standard","meta":{"_acf_changed":false,"footnotes":""},"categories":[644355829],"tags":[14572,135830,15218086,360174,367220,44169,440367,5140883,633968891,270315,1099,5536,2732373,38418553,237239],"class_list":["post-15322","post","type-post","status-publish","format-standard","has-post-thumbnail","hentry","category-films","tag-agriculture","tag-apocalypse","tag-cinema-turque","tag-developpement-personnel","tag-espoir","tag-famine","tag-fin-du-monde","tag-jean-marc-barr","tag-la-particule-humaine","tag-laboratoire","tag-nature","tag-robots","tag-semih-kaplanoglu","tag-spiritualite","tag-terre"],"acf":[],"yoast_head":"<!-- This site is optimized with the Yoast SEO Premium plugin v27.4 (Yoast SEO v27.4) - https:\/\/yoast.com\/product\/yoast-seo-premium-wordpress\/ -->\n<title>\u00abLa Particule Humaine\u00bb, m\u00e9taphore du chemin int\u00e9rieur<\/title>\n<meta name=\"robots\" content=\"index, follow, max-snippet:-1, max-image-preview:large, max-video-preview:-1\" \/>\n<link rel=\"canonical\" href=\"https:\/\/leregardlibre.com\/en\/cinema\/films\/la-particule-humaine-metaphore-du-chemin-interieur\/\" \/>\n<meta property=\"og:locale\" content=\"en_US\" \/>\n<meta property=\"og:type\" content=\"article\" \/>\n<meta property=\"og:title\" content=\"\u00abLa Particule Humaine\u00bb, m\u00e9taphore du chemin int\u00e9rieur\" \/>\n<meta property=\"og:description\" content=\"Les mercredis du cin\u00e9ma \u2013 H\u00e9l\u00e8ne Lavoyer \u00ab\u00a0Souffle ou bl\u00e9\u00a0? \u2013 Bl\u00e9.\u00a0\u00bb Dans les yeux de Semih Kaplano\u011flu, la population...\" \/>\n<meta property=\"og:url\" content=\"https:\/\/leregardlibre.com\/en\/cinema\/films\/la-particule-humaine-metaphore-du-chemin-interieur\/\" \/>\n<meta property=\"og:site_name\" content=\"Le Regard Libre\" \/>\n<meta property=\"article:publisher\" content=\"https:\/\/www.facebook.com\/leregardlibre\/\" \/>\n<meta property=\"article:published_time\" content=\"2018-05-09T09:00:36+00:00\" \/>\n<meta property=\"article:modified_time\" content=\"2025-12-04T21:49:17+00:00\" \/>\n<meta property=\"og:image\" content=\"https:\/\/leregardlibre.com\/wp-content\/uploads\/2018\/05\/grain_01-1024x500.jpg\" \/>\n\t<meta property=\"og:image:width\" content=\"1024\" \/>\n\t<meta property=\"og:image:height\" content=\"500\" \/>\n\t<meta property=\"og:image:type\" content=\"image\/jpeg\" \/>\n<meta name=\"author\" content=\"H\u00e9l\u00e8ne Lavoyer\" \/>\n<meta name=\"twitter:card\" content=\"summary_large_image\" \/>\n<meta name=\"twitter:creator\" content=\"@LeRegardLibre\" \/>\n<meta name=\"twitter:site\" content=\"@LeRegardLibre\" \/>\n<meta name=\"twitter:label1\" content=\"Written by\" \/>\n\t<meta name=\"twitter:data1\" content=\"H\u00e9l\u00e8ne Lavoyer\" \/>\n\t<meta name=\"twitter:label2\" content=\"Est. reading time\" \/>\n\t<meta name=\"twitter:data2\" content=\"4 minutes\" \/>\n<script type=\"application\/ld+json\" class=\"yoast-schema-graph\">{\"@context\":\"https:\\\/\\\/schema.org\",\"@graph\":[{\"@type\":\"Article\",\"@id\":\"https:\\\/\\\/leregardlibre.com\\\/cinema\\\/films\\\/la-particule-humaine-metaphore-du-chemin-interieur\\\/#article\",\"isPartOf\":{\"@id\":\"https:\\\/\\\/leregardlibre.com\\\/cinema\\\/films\\\/la-particule-humaine-metaphore-du-chemin-interieur\\\/\"},\"author\":{\"name\":\"H\u00e9l\u00e8ne Lavoyer\",\"@id\":\"https:\\\/\\\/leregardlibre.com\\\/#\\\/schema\\\/person\\\/d54c307d35ad5a1c6bd687ddd86054f8\"},\"headline\":\"\u00abLa Particule Humaine\u00bb, m\u00e9taphore du chemin int\u00e9rieur\",\"datePublished\":\"2018-05-09T09:00:36+00:00\",\"dateModified\":\"2025-12-04T21:49:17+00:00\",\"mainEntityOfPage\":{\"@id\":\"https:\\\/\\\/leregardlibre.com\\\/cinema\\\/films\\\/la-particule-humaine-metaphore-du-chemin-interieur\\\/\"},\"wordCount\":887,\"commentCount\":1,\"publisher\":{\"@id\":\"https:\\\/\\\/leregardlibre.com\\\/#organization\"},\"image\":{\"@id\":\"https:\\\/\\\/leregardlibre.com\\\/cinema\\\/films\\\/la-particule-humaine-metaphore-du-chemin-interieur\\\/#primaryimage\"},\"thumbnailUrl\":\"https:\\\/\\\/leregardlibre.com\\\/wp-content\\\/uploads\\\/2018\\\/05\\\/grain_01-scaled.jpg\",\"keywords\":[\"Agriculture\",\"Apocalypse\",\"Cin\u00e9ma turc\",\"D\u00e9veloppement personnel\",\"espoir\",\"famine\",\"Fin du monde\",\"jean-marc barr\",\"la particule humaine\",\"laboratoire\",\"Nature\",\"Robots\",\"semih kaplano\u011flu\",\"Spiritualit\u00e9\",\"terre\"],\"articleSection\":[\"Films\"],\"inLanguage\":\"en-US\",\"potentialAction\":[{\"@type\":\"CommentAction\",\"name\":\"Comment\",\"target\":[\"https:\\\/\\\/leregardlibre.com\\\/cinema\\\/films\\\/la-particule-humaine-metaphore-du-chemin-interieur\\\/#respond\"]}]},{\"@type\":\"WebPage\",\"@id\":\"https:\\\/\\\/leregardlibre.com\\\/cinema\\\/films\\\/la-particule-humaine-metaphore-du-chemin-interieur\\\/\",\"url\":\"https:\\\/\\\/leregardlibre.com\\\/cinema\\\/films\\\/la-particule-humaine-metaphore-du-chemin-interieur\\\/\",\"name\":\"\u00abLa Particule Humaine\u00bb, m\u00e9taphore du chemin int\u00e9rieur\",\"isPartOf\":{\"@id\":\"https:\\\/\\\/leregardlibre.com\\\/#website\"},\"primaryImageOfPage\":{\"@id\":\"https:\\\/\\\/leregardlibre.com\\\/cinema\\\/films\\\/la-particule-humaine-metaphore-du-chemin-interieur\\\/#primaryimage\"},\"image\":{\"@id\":\"https:\\\/\\\/leregardlibre.com\\\/cinema\\\/films\\\/la-particule-humaine-metaphore-du-chemin-interieur\\\/#primaryimage\"},\"thumbnailUrl\":\"https:\\\/\\\/leregardlibre.com\\\/wp-content\\\/uploads\\\/2018\\\/05\\\/grain_01-scaled.jpg\",\"datePublished\":\"2018-05-09T09:00:36+00:00\",\"dateModified\":\"2025-12-04T21:49:17+00:00\",\"breadcrumb\":{\"@id\":\"https:\\\/\\\/leregardlibre.com\\\/cinema\\\/films\\\/la-particule-humaine-metaphore-du-chemin-interieur\\\/#breadcrumb\"},\"inLanguage\":\"en-US\",\"potentialAction\":[{\"@type\":\"ReadAction\",\"target\":[\"https:\\\/\\\/leregardlibre.com\\\/cinema\\\/films\\\/la-particule-humaine-metaphore-du-chemin-interieur\\\/\"]}]},{\"@type\":\"ImageObject\",\"inLanguage\":\"en-US\",\"@id\":\"https:\\\/\\\/leregardlibre.com\\\/cinema\\\/films\\\/la-particule-humaine-metaphore-du-chemin-interieur\\\/#primaryimage\",\"url\":\"https:\\\/\\\/leregardlibre.com\\\/wp-content\\\/uploads\\\/2018\\\/05\\\/grain_01-scaled.jpg\",\"contentUrl\":\"https:\\\/\\\/leregardlibre.com\\\/wp-content\\\/uploads\\\/2018\\\/05\\\/grain_01-scaled.jpg\",\"width\":4096,\"height\":2000},{\"@type\":\"BreadcrumbList\",\"@id\":\"https:\\\/\\\/leregardlibre.com\\\/cinema\\\/films\\\/la-particule-humaine-metaphore-du-chemin-interieur\\\/#breadcrumb\",\"itemListElement\":[{\"@type\":\"ListItem\",\"position\":1,\"name\":\"Accueil\",\"item\":\"https:\\\/\\\/leregardlibre.com\\\/\"},{\"@type\":\"ListItem\",\"position\":2,\"name\":\"\u00abLa Particule Humaine\u00bb, m\u00e9taphore du chemin int\u00e9rieur\"}]},{\"@type\":\"WebSite\",\"@id\":\"https:\\\/\\\/leregardlibre.com\\\/#website\",\"url\":\"https:\\\/\\\/leregardlibre.com\\\/\",\"name\":\"Le Regard Libre\",\"description\":\"Premier mensuel suisse de d\u00e9bat\",\"publisher\":{\"@id\":\"https:\\\/\\\/leregardlibre.com\\\/#organization\"},\"potentialAction\":[{\"@type\":\"SearchAction\",\"target\":{\"@type\":\"EntryPoint\",\"urlTemplate\":\"https:\\\/\\\/leregardlibre.com\\\/?s={search_term_string}\"},\"query-input\":{\"@type\":\"PropertyValueSpecification\",\"valueRequired\":true,\"valueName\":\"search_term_string\"}}],\"inLanguage\":\"en-US\"},{\"@type\":\"Organization\",\"@id\":\"https:\\\/\\\/leregardlibre.com\\\/#organization\",\"name\":\"Le Regard Libre\",\"url\":\"https:\\\/\\\/leregardlibre.com\\\/\",\"logo\":{\"@type\":\"ImageObject\",\"inLanguage\":\"en-US\",\"@id\":\"https:\\\/\\\/leregardlibre.com\\\/#\\\/schema\\\/logo\\\/image\\\/\",\"url\":\"https:\\\/\\\/leregardlibre.com\\\/wp-content\\\/uploads\\\/2025\\\/08\\\/logo-rl-icone-neg.jpeg\",\"contentUrl\":\"https:\\\/\\\/leregardlibre.com\\\/wp-content\\\/uploads\\\/2025\\\/08\\\/logo-rl-icone-neg.jpeg\",\"width\":557,\"height\":556,\"caption\":\"Le Regard Libre\"},\"image\":{\"@id\":\"https:\\\/\\\/leregardlibre.com\\\/#\\\/schema\\\/logo\\\/image\\\/\"},\"sameAs\":[\"https:\\\/\\\/www.facebook.com\\\/leregardlibre\\\/\",\"https:\\\/\\\/x.com\\\/LeRegardLibre\",\"https:\\\/\\\/www.linkedin.com\\\/company\\\/le-regard-libre\",\"https:\\\/\\\/www.instagram.com\\\/leregardlibre\\\/\",\"http:\\\/\\\/t.me\\\/leregardlibre\",\"https:\\\/\\\/youtube.com\\\/channel\\\/UC6HzGPomj1LsUmlz-sJtITQ\"],\"description\":\"Le Regard Libre est un mensuel suisse de d\u00e9bat intellectuel et culturel. Sa r\u00e9daction est jeune, b\u00e9n\u00e9vole, lib\u00e9rale et pluraliste. Le magazine para\u00eet en ligne et sous forme papier. Sa langue est le fran\u00e7ais.\",\"email\":\"redaction@leregardlibre.com\",\"legalName\":\"Le Regard Libre\",\"foundingDate\":\"2014-01-01\",\"numberOfEmployees\":{\"@type\":\"QuantitativeValue\",\"minValue\":\"11\",\"maxValue\":\"50\"},\"publishingPrinciples\":\"https:\\\/\\\/leregardlibre.com\\\/a-propos\\\/notre-manifeste\\\/\",\"ownershipFundingInfo\":\"https:\\\/\\\/leregardlibre.com\\\/mentions-legales\\\/\",\"actionableFeedbackPolicy\":\"https:\\\/\\\/leregardlibre.com\\\/conditions-generales-de-vente\\\/\"},{\"@type\":\"Person\",\"@id\":\"https:\\\/\\\/leregardlibre.com\\\/#\\\/schema\\\/person\\\/d54c307d35ad5a1c6bd687ddd86054f8\",\"name\":\"H\u00e9l\u00e8ne Lavoyer\",\"image\":{\"@type\":\"ImageObject\",\"inLanguage\":\"en-US\",\"@id\":\"https:\\\/\\\/secure.gravatar.com\\\/avatar\\\/68b25ff5328818574bf42822e9324221321679833884bc3d9c090886fea2d133?s=96&d=identicon&r=g\",\"url\":\"https:\\\/\\\/secure.gravatar.com\\\/avatar\\\/68b25ff5328818574bf42822e9324221321679833884bc3d9c090886fea2d133?s=96&d=identicon&r=g\",\"contentUrl\":\"https:\\\/\\\/secure.gravatar.com\\\/avatar\\\/68b25ff5328818574bf42822e9324221321679833884bc3d9c090886fea2d133?s=96&d=identicon&r=g\",\"caption\":\"H\u00e9l\u00e8ne Lavoyer\"},\"sameAs\":[\"https:\\\/\\\/leregardlibre.com\\\/\"],\"url\":\"https:\\\/\\\/leregardlibre.com\\\/en\\\/author\\\/helene-lavoyer\\\/\"}]}<\/script>\n<!-- \/ Yoast SEO Premium plugin. -->","yoast_head_json":{"title":"\u00abThe Human Particle, a metaphor for the inner journey","robots":{"index":"index","follow":"follow","max-snippet":"max-snippet:-1","max-image-preview":"max-image-preview:large","max-video-preview":"max-video-preview:-1"},"canonical":"https:\/\/leregardlibre.com\/en\/cinema\/films\/la-particule-humaine-metaphore-du-chemin-interieur\/","og_locale":"en_US","og_type":"article","og_title":"\u00abLa Particule Humaine\u00bb, m\u00e9taphore du chemin int\u00e9rieur","og_description":"Les mercredis du cin\u00e9ma \u2013 H\u00e9l\u00e8ne Lavoyer \u00ab\u00a0Souffle ou bl\u00e9\u00a0? \u2013 Bl\u00e9.\u00a0\u00bb Dans les yeux de Semih Kaplano\u011flu, la population...","og_url":"https:\/\/leregardlibre.com\/en\/cinema\/films\/la-particule-humaine-metaphore-du-chemin-interieur\/","og_site_name":"Le Regard Libre","article_publisher":"https:\/\/www.facebook.com\/leregardlibre\/","article_published_time":"2018-05-09T09:00:36+00:00","article_modified_time":"2025-12-04T21:49:17+00:00","og_image":[{"width":1024,"height":500,"url":"https:\/\/leregardlibre.com\/wp-content\/uploads\/2018\/05\/grain_01-1024x500.jpg","type":"image\/jpeg"}],"author":"H\u00e9l\u00e8ne Lavoyer","twitter_card":"summary_large_image","twitter_creator":"@LeRegardLibre","twitter_site":"@LeRegardLibre","twitter_misc":{"Written by":"H\u00e9l\u00e8ne Lavoyer","Est. reading time":"4 minutes"},"schema":{"@context":"https:\/\/schema.org","@graph":[{"@type":"Article","@id":"https:\/\/leregardlibre.com\/cinema\/films\/la-particule-humaine-metaphore-du-chemin-interieur\/#article","isPartOf":{"@id":"https:\/\/leregardlibre.com\/cinema\/films\/la-particule-humaine-metaphore-du-chemin-interieur\/"},"author":{"name":"H\u00e9l\u00e8ne Lavoyer","@id":"https:\/\/leregardlibre.com\/#\/schema\/person\/d54c307d35ad5a1c6bd687ddd86054f8"},"headline":"\u00abLa Particule Humaine\u00bb, m\u00e9taphore du chemin int\u00e9rieur","datePublished":"2018-05-09T09:00:36+00:00","dateModified":"2025-12-04T21:49:17+00:00","mainEntityOfPage":{"@id":"https:\/\/leregardlibre.com\/cinema\/films\/la-particule-humaine-metaphore-du-chemin-interieur\/"},"wordCount":887,"commentCount":1,"publisher":{"@id":"https:\/\/leregardlibre.com\/#organization"},"image":{"@id":"https:\/\/leregardlibre.com\/cinema\/films\/la-particule-humaine-metaphore-du-chemin-interieur\/#primaryimage"},"thumbnailUrl":"https:\/\/leregardlibre.com\/wp-content\/uploads\/2018\/05\/grain_01-scaled.jpg","keywords":["Agriculture","Apocalypse","Cin\u00e9ma turc","D\u00e9veloppement personnel","espoir","famine","Fin du monde","jean-marc barr","la particule humaine","laboratoire","Nature","Robots","semih kaplano\u011flu","Spiritualit\u00e9","terre"],"articleSection":["Films"],"inLanguage":"en-US","potentialAction":[{"@type":"CommentAction","name":"Comment","target":["https:\/\/leregardlibre.com\/cinema\/films\/la-particule-humaine-metaphore-du-chemin-interieur\/#respond"]}]},{"@type":"WebPage","@id":"https:\/\/leregardlibre.com\/cinema\/films\/la-particule-humaine-metaphore-du-chemin-interieur\/","url":"https:\/\/leregardlibre.com\/cinema\/films\/la-particule-humaine-metaphore-du-chemin-interieur\/","name":"\u00abThe Human Particle, a metaphor for the inner journey","isPartOf":{"@id":"https:\/\/leregardlibre.com\/#website"},"primaryImageOfPage":{"@id":"https:\/\/leregardlibre.com\/cinema\/films\/la-particule-humaine-metaphore-du-chemin-interieur\/#primaryimage"},"image":{"@id":"https:\/\/leregardlibre.com\/cinema\/films\/la-particule-humaine-metaphore-du-chemin-interieur\/#primaryimage"},"thumbnailUrl":"https:\/\/leregardlibre.com\/wp-content\/uploads\/2018\/05\/grain_01-scaled.jpg","datePublished":"2018-05-09T09:00:36+00:00","dateModified":"2025-12-04T21:49:17+00:00","breadcrumb":{"@id":"https:\/\/leregardlibre.com\/cinema\/films\/la-particule-humaine-metaphore-du-chemin-interieur\/#breadcrumb"},"inLanguage":"en-US","potentialAction":[{"@type":"ReadAction","target":["https:\/\/leregardlibre.com\/cinema\/films\/la-particule-humaine-metaphore-du-chemin-interieur\/"]}]},{"@type":"ImageObject","inLanguage":"en-US","@id":"https:\/\/leregardlibre.com\/cinema\/films\/la-particule-humaine-metaphore-du-chemin-interieur\/#primaryimage","url":"https:\/\/leregardlibre.com\/wp-content\/uploads\/2018\/05\/grain_01-scaled.jpg","contentUrl":"https:\/\/leregardlibre.com\/wp-content\/uploads\/2018\/05\/grain_01-scaled.jpg","width":4096,"height":2000},{"@type":"BreadcrumbList","@id":"https:\/\/leregardlibre.com\/cinema\/films\/la-particule-humaine-metaphore-du-chemin-interieur\/#breadcrumb","itemListElement":[{"@type":"ListItem","position":1,"name":"Accueil","item":"https:\/\/leregardlibre.com\/"},{"@type":"ListItem","position":2,"name":"\u00abLa Particule Humaine\u00bb, m\u00e9taphore du chemin int\u00e9rieur"}]},{"@type":"WebSite","@id":"https:\/\/leregardlibre.com\/#website","url":"https:\/\/leregardlibre.com\/","name":"Le Regard Libre","description":"Switzerland's first monthly debate magazine","publisher":{"@id":"https:\/\/leregardlibre.com\/#organization"},"potentialAction":[{"@type":"SearchAction","target":{"@type":"EntryPoint","urlTemplate":"https:\/\/leregardlibre.com\/?s={search_term_string}"},"query-input":{"@type":"PropertyValueSpecification","valueRequired":true,"valueName":"search_term_string"}}],"inLanguage":"en-US"},{"@type":"Organization","@id":"https:\/\/leregardlibre.com\/#organization","name":"Le Regard Libre","url":"https:\/\/leregardlibre.com\/","logo":{"@type":"ImageObject","inLanguage":"en-US","@id":"https:\/\/leregardlibre.com\/#\/schema\/logo\/image\/","url":"https:\/\/leregardlibre.com\/wp-content\/uploads\/2025\/08\/logo-rl-icone-neg.jpeg","contentUrl":"https:\/\/leregardlibre.com\/wp-content\/uploads\/2025\/08\/logo-rl-icone-neg.jpeg","width":557,"height":556,"caption":"Le Regard Libre"},"image":{"@id":"https:\/\/leregardlibre.com\/#\/schema\/logo\/image\/"},"sameAs":["https:\/\/www.facebook.com\/leregardlibre\/","https:\/\/x.com\/LeRegardLibre","https:\/\/www.linkedin.com\/company\/le-regard-libre","https:\/\/www.instagram.com\/leregardlibre\/","http:\/\/t.me\/leregardlibre","https:\/\/youtube.com\/channel\/UC6HzGPomj1LsUmlz-sJtITQ"],"description":"Le Regard Libre is a Swiss monthly magazine for intellectual and cultural debate. Its editorial team is young, voluntary, liberal and pluralist. The magazine appears online and in print. Its language is French.","email":"redaction@leregardlibre.com","legalName":"Le Regard Libre","foundingDate":"2014-01-01","numberOfEmployees":{"@type":"QuantitativeValue","minValue":"11","maxValue":"50"},"publishingPrinciples":"https:\/\/leregardlibre.com\/a-propos\/notre-manifeste\/","ownershipFundingInfo":"https:\/\/leregardlibre.com\/mentions-legales\/","actionableFeedbackPolicy":"https:\/\/leregardlibre.com\/conditions-generales-de-vente\/"},{"@type":"Person","@id":"https:\/\/leregardlibre.com\/#\/schema\/person\/d54c307d35ad5a1c6bd687ddd86054f8","name":"H\u00e9l\u00e8ne Lavoyer","image":{"@type":"ImageObject","inLanguage":"en-US","@id":"https:\/\/secure.gravatar.com\/avatar\/68b25ff5328818574bf42822e9324221321679833884bc3d9c090886fea2d133?s=96&d=identicon&r=g","url":"https:\/\/secure.gravatar.com\/avatar\/68b25ff5328818574bf42822e9324221321679833884bc3d9c090886fea2d133?s=96&d=identicon&r=g","contentUrl":"https:\/\/secure.gravatar.com\/avatar\/68b25ff5328818574bf42822e9324221321679833884bc3d9c090886fea2d133?s=96&d=identicon&r=g","caption":"H\u00e9l\u00e8ne Lavoyer"},"sameAs":["https:\/\/leregardlibre.com\/"],"url":"https:\/\/leregardlibre.com\/en\/author\/helene-lavoyer\/"}]}},"_links":{"self":[{"href":"https:\/\/leregardlibre.com\/en\/wp-json\/wp\/v2\/posts\/15322","targetHints":{"allow":["GET"]}}],"collection":[{"href":"https:\/\/leregardlibre.com\/en\/wp-json\/wp\/v2\/posts"}],"about":[{"href":"https:\/\/leregardlibre.com\/en\/wp-json\/wp\/v2\/types\/post"}],"author":[{"embeddable":true,"href":"https:\/\/leregardlibre.com\/en\/wp-json\/wp\/v2\/users\/326"}],"replies":[{"embeddable":true,"href":"https:\/\/leregardlibre.com\/en\/wp-json\/wp\/v2\/comments?post=15322"}],"version-history":[{"count":1,"href":"https:\/\/leregardlibre.com\/en\/wp-json\/wp\/v2\/posts\/15322\/revisions"}],"predecessor-version":[{"id":509820,"href":"https:\/\/leregardlibre.com\/en\/wp-json\/wp\/v2\/posts\/15322\/revisions\/509820"}],"wp:featuredmedia":[{"embeddable":true,"href":"https:\/\/leregardlibre.com\/en\/wp-json\/wp\/v2\/media\/15323"}],"wp:attachment":[{"href":"https:\/\/leregardlibre.com\/en\/wp-json\/wp\/v2\/media?parent=15322"}],"wp:term":[{"taxonomy":"category","embeddable":true,"href":"https:\/\/leregardlibre.com\/en\/wp-json\/wp\/v2\/categories?post=15322"},{"taxonomy":"post_tag","embeddable":true,"href":"https:\/\/leregardlibre.com\/en\/wp-json\/wp\/v2\/tags?post=15322"}],"curies":[{"name":"wp","href":"https:\/\/api.w.org\/{rel}","templated":true}]}}