{"id":15411,"date":"2018-05-20T18:40:47","date_gmt":"2018-05-20T16:40:47","guid":{"rendered":"http:\/\/leregardlibre.com\/?p=15411"},"modified":"2023-09-10T18:45:44","modified_gmt":"2023-09-10T16:45:44","slug":"metin-arditi-in-all-my-books-im-looking-for-my-fathers-esteem","status":"publish","type":"post","link":"https:\/\/leregardlibre.com\/en\/literature\/metin-arditi-in-all-my-books-im-looking-for-my-fathers-esteem\/","title":{"rendered":"Metin Arditi: \u00abIn all my books, I've sought my father's esteem\u00bb.\u00bb"},"content":{"rendered":"<div class='content_excerpt'>\n<p>Le Regard Libre N\u00b0 37 - Jonas Follonier<\/p>\n\n\n\n<p class=\"has-drop-cap\">Known for his many cultural commitments, Metin Arditi has become one of Switzerland's most important writers in recent years. The author of Sephardic Turkish origin opened the doors of his Geneva home to us for a discussion of his latest novel, Mon p\u00e8re sur mes \u00e9paules (2017), published by Editions Grasset. In this interview, we discuss one of the common threads running through his work: the relationship with his father.<\/p>\n\n\n\n Read the full interview\n    <div class='restricted_content_fade'><\/div>\n    <\/div>\n  <style>\n    .content_excerpt{\n      position: relative;\n    }\n    .content_excerpt .restricted_content_fade{\n      position: absolute;\n      bottom: 0;\n      left: 0;\n      right: 0;\n      height: 75px;\n\t  margin-bottom: 0px;\n      background-image: linear-gradient(#ffffff2e, white);\n    }\n\n    .restricted_content{\n      margin-top: 30px;\n      border: solid #dddddd 1px;\n      border-radius: 7px;\n      padding: 30px;\n    }\n    \n    .restricted_content .restricted_content_title{\n      font-size: 22px;\n      font-weight: 600;\n    }\n    .restricted_content .restricted_content_flex_row{\n      display: flex;\n      flex-direction: row;\n    }\n    .restricted_content .restricted_content_image_container{\n      flex: 3;\n    }\n    .restricted_content .restricted_content_flex_column{\n      flex: 4;\n      display: flex;\n      flex-direction: column;\n      margin-left: 40px;\n      justify-content: center;\n    }\n\n\n    .restricted_content_buttons{\n      display: flex;\n      flex-direction: column;\n      width: min-content;\n    }\n    .restricted_content_button{\n      background-color: #f2f2f2;\n      text-transform: uppercase;\n      font-weight: 600;\n      padding: 8px 40px;\n      text-align: center;\n      font-size: 13px;\n      margin-top: 10px;\n      width: max-content;\n      width: 100%;\n      white-space: nowrap;\n    }\n    .restricted_content_button:hover {\n      background-color: #111111;\n      color: white;\n      text-decoration: none !important;\n    }\n\n    .restricted_content_primary_button{\n      background-color: #1F2A68 !important;\n      color: white !important;\n    }\n    .restricted_content_primary_button:hover {\n      background-color: #111111;\n    }\n\n    .restricted_content_text{\n      margin-bottom: 10px;\n      line-height: 1.2;\n      font-weight: 500;\n      font-size: 16px;\n    }\n\n  \n  <\/style>\n  <div class='restricted_content'>\n    <h3 class='restricted_content_title'>This content is reserved for our subscribers.<\/h3>\n    <div class='restricted_content_flex_row'>\n      <div class='restricted_content_image_container'>\n        <img class='restricted_content_image' src='\/wp-content\/uploads\/2025\/08\/abo_physique.png' \/>\n      <\/div>\n      <div class='restricted_content_flex_column'>\n        <div class='restricted_content_text'>If you have an account, please log in. Otherwise, discover our different subscription packages and create an account from CHF 2.50 for the first month.<\/div>\n        <div class='restricted_content_buttons'>\n          <a href='\/en\/subscription\/' class='restricted_content_button restricted_content_primary_button'>See subscriptions<\/a><a href='\/en\/my-account\/?redirect_to=https:\/\/leregardlibre.com\/en\/literature\/metin-arditi-in-all-my-books-im-looking-for-my-fathers-esteem\/'class='restricted_content_button'>Login<\/a><\/div>\n      <\/div>\n    <\/div>\n  <\/div>","protected":false},"excerpt":{"rendered":"<div class='content_excerpt'>\n<p>Le Regard Libre N\u00b0 37 - Jonas Follonier<\/p>\n<p class=\"has-drop-cap\">Known for his many cultural commitments, Metin Arditi has become one of Switzerland's most important writers in recent years. The author of Sephardic Turkish origin opened the doors of his Geneva home to us for a discussion of his latest novel, Mon p\u00e8re sur mes \u00e9paules (2017), published by Editions Grasset. In this interview, we discuss one of the common threads running through his work: the relationship with his father.<\/p>\n<p> Read the full interview<\/p>\n<div class='restricted_content_fade'><\/div>\n<\/p><\/div>\n<style>\n    .content_excerpt{\n      position: relative;\n    }\n    .content_excerpt .restricted_content_fade{\n      position: absolute;\n      bottom: 0;\n      left: 0;\n      right: 0;\n      height: 75px;\n\t  margin-bottom: 0px;\n      background-image: linear-gradient(#ffffff2e, white);\n    }<\/p>\n<p>    .restricted_content{\n      margin-top: 30px;\n      border: solid #dddddd 1px;\n      border-radius: 7px;\n      padding: 30px;\n    }<\/p>\n<p>    .restricted_content .restricted_content_title{\n      font-size: 22px;\n      font-weight: 600;\n    }\n    .restricted_content .restricted_content_flex_row{\n      display: flex;\n      flex-direction: row;\n    }\n    .restricted_content .restricted_content_image_container{\n      flex: 3;\n    }\n    .restricted_content .restricted_content_flex_column{\n      flex: 4;\n      display: flex;\n      flex-direction: column;\n      margin-left: 40px;\n      justify-content: center;\n    }<\/p>\n<p>    .restricted_content_buttons{\n      display: flex;\n      flex-direction: column;\n      width: min-content;\n    }\n    .restricted_content_button{\n      background-color: #f2f2f2;\n      text-transform: uppercase;\n      font-weight: 600;\n      padding: 8px 40px;\n      text-align: center;\n      font-size: 13px;\n      margin-top: 10px;\n      width: max-content;\n      width: 100%;\n      white-space: nowrap;\n    }\n    .restricted_content_button:hover {\n      background-color: #111111;\n      color: white;\n      text-decoration: none !important;\n    }<\/p>\n<p>    .restricted_content_primary_button{\n      background-color: #1F2A68 !important;\n      color: white !important;\n    }\n    .restricted_content_primary_button:hover {\n      background-color: #111111;\n    }<\/p>\n<p>    .restricted_content_text{\n      margin-bottom: 10px;\n      line-height: 1.2;\n      font-weight: 500;\n      font-size: 16px;\n    }<\/p>\n<\/style>\n<div class='restricted_content'>\n<h3 class='restricted_content_title'>This content is reserved for our subscribers.<\/h3>\n<div class='restricted_content_flex_row'>\n<div class='restricted_content_image_container'>\n        <img class='restricted_content_image' src='\/wp-content\/uploads\/2025\/08\/abo_physique.png' \/>\n      <\/div>\n<div class='restricted_content_flex_column'>\n<div class='restricted_content_text'>If you have an account, please log in. Otherwise, discover our different subscription packages and create an account from CHF 2.50 for the first month.<\/div>\n<div class='restricted_content_buttons'>\n          <a href='\/en\/subscription\/' class='restricted_content_button restricted_content_primary_button'>See subscriptions<\/a><a href='\/en\/my-account\/?redirect_to=https:\/\/leregardlibre.com\/en\/literature\/metin-arditi-in-all-my-books-im-looking-for-my-fathers-esteem\/'class='restricted_content_button'>Login<\/a><\/div>\n<\/p><\/div>\n<\/p><\/div>\n<\/p><\/div>","protected":false},"author":1,"featured_media":509838,"comment_status":"open","ping_status":"open","sticky":false,"template":"","format":"standard","meta":{"_acf_changed":false,"footnotes":""},"categories":[20663],"tags":[4902837,467436158,1120141,41577,2436120,11239,90908,57220,11788,9937,207392,1832102,5591787,179880,24947513,310221,278849],"class_list":["post-15411","post","type-post","status-publish","format-standard","has-post-thumbnail","hentry","category-litterature","tag-arditi","tag-but-de-lecriture","tag-conflit-israelo-palestinien","tag-ecriture","tag-estime","tag-famille","tag-franz-kafka","tag-geneve","tag-interviews","tag-israel","tag-kafka","tag-la-croix","tag-la-metamorphose","tag-memoire","tag-metin-arditi","tag-pere","tag-sensations","membership-content","access-restricted"],"acf":[],"yoast_head":"<!-- This site is optimized with the Yoast SEO Premium plugin v27.4 (Yoast SEO v27.4) - https:\/\/yoast.com\/product\/yoast-seo-premium-wordpress\/ -->\n<title>Metin Arditi: \u00abDans tous mes livres, j\u2019ai cherch\u00e9 l\u2019estime de mon p\u00e8re\u00bb<\/title>\n<meta name=\"robots\" content=\"index, follow, max-snippet:-1, max-image-preview:large, max-video-preview:-1\" \/>\n<link rel=\"canonical\" href=\"https:\/\/leregardlibre.com\/en\/literature\/metin-arditi-in-all-my-books-im-looking-for-my-fathers-esteem\/\" \/>\n<meta property=\"og:locale\" content=\"en_US\" \/>\n<meta property=\"og:type\" content=\"article\" \/>\n<meta property=\"og:title\" content=\"Metin Arditi: \u00abDans tous mes livres, j\u2019ai cherch\u00e9 l\u2019estime de mon p\u00e8re\u00bb\" \/>\n<meta property=\"og:description\" content=\"\u00abMon p\u00e8re sur mes \u00e9paules\u00bb: interview\" \/>\n<meta property=\"og:url\" content=\"https:\/\/leregardlibre.com\/en\/literature\/metin-arditi-in-all-my-books-im-looking-for-my-fathers-esteem\/\" \/>\n<meta property=\"og:site_name\" content=\"Le Regard Libre\" \/>\n<meta property=\"article:publisher\" content=\"https:\/\/www.facebook.com\/leregardlibre\/\" \/>\n<meta property=\"article:published_time\" content=\"2018-05-20T16:40:47+00:00\" \/>\n<meta property=\"article:modified_time\" content=\"2023-09-10T16:45:44+00:00\" \/>\n<meta property=\"og:image\" content=\"https:\/\/leregardlibre.com\/wp-content\/uploads\/2021\/07\/Metin-Arditi-en-2018-\u00a9-Marina-De-Toro-pour-Le-Regard-Libre-3872610746-1626818943712-1-e1698134939744-1024x576.jpg\" \/>\n\t<meta property=\"og:image:width\" content=\"1024\" \/>\n\t<meta property=\"og:image:height\" content=\"576\" \/>\n\t<meta property=\"og:image:type\" content=\"image\/jpeg\" \/>\n<meta name=\"author\" content=\"Le Regard Libre\" \/>\n<meta name=\"twitter:card\" content=\"summary_large_image\" \/>\n<meta name=\"twitter:creator\" content=\"@LeRegardLibre\" \/>\n<meta name=\"twitter:site\" content=\"@LeRegardLibre\" \/>\n<meta name=\"twitter:label1\" content=\"Written by\" \/>\n\t<meta name=\"twitter:data1\" content=\"Le Regard Libre\" \/>\n\t<meta name=\"twitter:label2\" content=\"Est. reading time\" \/>\n\t<meta name=\"twitter:data2\" content=\"10 minutes\" \/>\n<script type=\"application\/ld+json\" class=\"yoast-schema-graph\">{\"@context\":\"https:\\\/\\\/schema.org\",\"@graph\":[{\"@type\":\"Article\",\"@id\":\"https:\\\/\\\/leregardlibre.com\\\/litterature\\\/metin-arditi-dans-tous-mes-livres-jai-cherche-lestime-de-mon-pere\\\/#article\",\"isPartOf\":{\"@id\":\"https:\\\/\\\/leregardlibre.com\\\/litterature\\\/metin-arditi-dans-tous-mes-livres-jai-cherche-lestime-de-mon-pere\\\/\"},\"author\":{\"name\":\"Le Regard Libre\",\"@id\":\"https:\\\/\\\/leregardlibre.com\\\/#\\\/schema\\\/person\\\/68aceea2de84966d0928b49556d54101\"},\"headline\":\"Metin Arditi: \u00abDans tous mes livres, j\u2019ai cherch\u00e9 l\u2019estime de mon p\u00e8re\u00bb\",\"datePublished\":\"2018-05-20T16:40:47+00:00\",\"dateModified\":\"2023-09-10T16:45:44+00:00\",\"mainEntityOfPage\":{\"@id\":\"https:\\\/\\\/leregardlibre.com\\\/litterature\\\/metin-arditi-dans-tous-mes-livres-jai-cherche-lestime-de-mon-pere\\\/\"},\"wordCount\":1954,\"commentCount\":0,\"publisher\":{\"@id\":\"https:\\\/\\\/leregardlibre.com\\\/#organization\"},\"image\":{\"@id\":\"https:\\\/\\\/leregardlibre.com\\\/litterature\\\/metin-arditi-dans-tous-mes-livres-jai-cherche-lestime-de-mon-pere\\\/#primaryimage\"},\"thumbnailUrl\":\"https:\\\/\\\/leregardlibre.com\\\/wp-content\\\/uploads\\\/2021\\\/07\\\/Metin-Arditi-en-2018-\u00a9-Marina-De-Toro-pour-Le-Regard-Libre-3872610746-1626818943712-1-e1698134939744.jpg\",\"keywords\":[\"arditi\",\"but de l'\u00e9criture\",\"Conflit isra\u00e9lo-palestinien\",\"\u00e9criture\",\"estime\",\"Famille\",\"franz kafka\",\"Gen\u00e8ve\",\"Interview\",\"Isra\u00ebl\",\"kafka\",\"la croix\",\"la m\u00e9tamorphose\",\"M\u00e9moire\",\"Metin Arditi\",\"P\u00e8re\",\"sensations\"],\"articleSection\":[\"Litt\u00e9rature\"],\"inLanguage\":\"en-US\",\"potentialAction\":[{\"@type\":\"CommentAction\",\"name\":\"Comment\",\"target\":[\"https:\\\/\\\/leregardlibre.com\\\/litterature\\\/metin-arditi-dans-tous-mes-livres-jai-cherche-lestime-de-mon-pere\\\/#respond\"]}]},{\"@type\":\"WebPage\",\"@id\":\"https:\\\/\\\/leregardlibre.com\\\/litterature\\\/metin-arditi-dans-tous-mes-livres-jai-cherche-lestime-de-mon-pere\\\/\",\"url\":\"https:\\\/\\\/leregardlibre.com\\\/litterature\\\/metin-arditi-dans-tous-mes-livres-jai-cherche-lestime-de-mon-pere\\\/\",\"name\":\"Metin Arditi: \u00abDans tous mes livres, j\u2019ai cherch\u00e9 l\u2019estime de mon p\u00e8re\u00bb\",\"isPartOf\":{\"@id\":\"https:\\\/\\\/leregardlibre.com\\\/#website\"},\"primaryImageOfPage\":{\"@id\":\"https:\\\/\\\/leregardlibre.com\\\/litterature\\\/metin-arditi-dans-tous-mes-livres-jai-cherche-lestime-de-mon-pere\\\/#primaryimage\"},\"image\":{\"@id\":\"https:\\\/\\\/leregardlibre.com\\\/litterature\\\/metin-arditi-dans-tous-mes-livres-jai-cherche-lestime-de-mon-pere\\\/#primaryimage\"},\"thumbnailUrl\":\"https:\\\/\\\/leregardlibre.com\\\/wp-content\\\/uploads\\\/2021\\\/07\\\/Metin-Arditi-en-2018-\u00a9-Marina-De-Toro-pour-Le-Regard-Libre-3872610746-1626818943712-1-e1698134939744.jpg\",\"datePublished\":\"2018-05-20T16:40:47+00:00\",\"dateModified\":\"2023-09-10T16:45:44+00:00\",\"breadcrumb\":{\"@id\":\"https:\\\/\\\/leregardlibre.com\\\/litterature\\\/metin-arditi-dans-tous-mes-livres-jai-cherche-lestime-de-mon-pere\\\/#breadcrumb\"},\"inLanguage\":\"en-US\",\"potentialAction\":[{\"@type\":\"ReadAction\",\"target\":[\"https:\\\/\\\/leregardlibre.com\\\/litterature\\\/metin-arditi-dans-tous-mes-livres-jai-cherche-lestime-de-mon-pere\\\/\"]}]},{\"@type\":\"ImageObject\",\"inLanguage\":\"en-US\",\"@id\":\"https:\\\/\\\/leregardlibre.com\\\/litterature\\\/metin-arditi-dans-tous-mes-livres-jai-cherche-lestime-de-mon-pere\\\/#primaryimage\",\"url\":\"https:\\\/\\\/leregardlibre.com\\\/wp-content\\\/uploads\\\/2021\\\/07\\\/Metin-Arditi-en-2018-\u00a9-Marina-De-Toro-pour-Le-Regard-Libre-3872610746-1626818943712-1-e1698134939744.jpg\",\"contentUrl\":\"https:\\\/\\\/leregardlibre.com\\\/wp-content\\\/uploads\\\/2021\\\/07\\\/Metin-Arditi-en-2018-\u00a9-Marina-De-Toro-pour-Le-Regard-Libre-3872610746-1626818943712-1-e1698134939744.jpg\",\"width\":2275,\"height\":1280},{\"@type\":\"BreadcrumbList\",\"@id\":\"https:\\\/\\\/leregardlibre.com\\\/litterature\\\/metin-arditi-dans-tous-mes-livres-jai-cherche-lestime-de-mon-pere\\\/#breadcrumb\",\"itemListElement\":[{\"@type\":\"ListItem\",\"position\":1,\"name\":\"Accueil\",\"item\":\"https:\\\/\\\/leregardlibre.com\\\/\"},{\"@type\":\"ListItem\",\"position\":2,\"name\":\"Metin Arditi: \u00abDans tous mes livres, j\u2019ai cherch\u00e9 l\u2019estime de mon p\u00e8re\u00bb\"}]},{\"@type\":\"WebSite\",\"@id\":\"https:\\\/\\\/leregardlibre.com\\\/#website\",\"url\":\"https:\\\/\\\/leregardlibre.com\\\/\",\"name\":\"Le Regard Libre\",\"description\":\"Premier mensuel suisse de d\u00e9bat\",\"publisher\":{\"@id\":\"https:\\\/\\\/leregardlibre.com\\\/#organization\"},\"potentialAction\":[{\"@type\":\"SearchAction\",\"target\":{\"@type\":\"EntryPoint\",\"urlTemplate\":\"https:\\\/\\\/leregardlibre.com\\\/?s={search_term_string}\"},\"query-input\":{\"@type\":\"PropertyValueSpecification\",\"valueRequired\":true,\"valueName\":\"search_term_string\"}}],\"inLanguage\":\"en-US\"},{\"@type\":\"Organization\",\"@id\":\"https:\\\/\\\/leregardlibre.com\\\/#organization\",\"name\":\"Le Regard Libre\",\"url\":\"https:\\\/\\\/leregardlibre.com\\\/\",\"logo\":{\"@type\":\"ImageObject\",\"inLanguage\":\"en-US\",\"@id\":\"https:\\\/\\\/leregardlibre.com\\\/#\\\/schema\\\/logo\\\/image\\\/\",\"url\":\"https:\\\/\\\/leregardlibre.com\\\/wp-content\\\/uploads\\\/2025\\\/08\\\/logo-rl-icone-neg.jpeg\",\"contentUrl\":\"https:\\\/\\\/leregardlibre.com\\\/wp-content\\\/uploads\\\/2025\\\/08\\\/logo-rl-icone-neg.jpeg\",\"width\":557,\"height\":556,\"caption\":\"Le Regard Libre\"},\"image\":{\"@id\":\"https:\\\/\\\/leregardlibre.com\\\/#\\\/schema\\\/logo\\\/image\\\/\"},\"sameAs\":[\"https:\\\/\\\/www.facebook.com\\\/leregardlibre\\\/\",\"https:\\\/\\\/x.com\\\/LeRegardLibre\",\"https:\\\/\\\/www.linkedin.com\\\/company\\\/le-regard-libre\",\"https:\\\/\\\/www.instagram.com\\\/leregardlibre\\\/\",\"http:\\\/\\\/t.me\\\/leregardlibre\",\"https:\\\/\\\/youtube.com\\\/channel\\\/UC6HzGPomj1LsUmlz-sJtITQ\"],\"description\":\"Le Regard Libre est un mensuel suisse de d\u00e9bat intellectuel et culturel. Sa r\u00e9daction est jeune, b\u00e9n\u00e9vole, lib\u00e9rale et pluraliste. Le magazine para\u00eet en ligne et sous forme papier. Sa langue est le fran\u00e7ais.\",\"email\":\"redaction@leregardlibre.com\",\"legalName\":\"Le Regard Libre\",\"foundingDate\":\"2014-01-01\",\"numberOfEmployees\":{\"@type\":\"QuantitativeValue\",\"minValue\":\"11\",\"maxValue\":\"50\"},\"publishingPrinciples\":\"https:\\\/\\\/leregardlibre.com\\\/a-propos\\\/notre-manifeste\\\/\",\"ownershipFundingInfo\":\"https:\\\/\\\/leregardlibre.com\\\/mentions-legales\\\/\",\"actionableFeedbackPolicy\":\"https:\\\/\\\/leregardlibre.com\\\/conditions-generales-de-vente\\\/\"},{\"@type\":\"Person\",\"@id\":\"https:\\\/\\\/leregardlibre.com\\\/#\\\/schema\\\/person\\\/68aceea2de84966d0928b49556d54101\",\"name\":\"Le Regard Libre\",\"image\":{\"@type\":\"ImageObject\",\"inLanguage\":\"en-US\",\"@id\":\"https:\\\/\\\/secure.gravatar.com\\\/avatar\\\/ccf13a262e399e026577c8158b11cbdef98921ac28fa06bc0d43a2d0e2a4a1c0?s=96&d=identicon&r=g\",\"url\":\"https:\\\/\\\/secure.gravatar.com\\\/avatar\\\/ccf13a262e399e026577c8158b11cbdef98921ac28fa06bc0d43a2d0e2a4a1c0?s=96&d=identicon&r=g\",\"contentUrl\":\"https:\\\/\\\/secure.gravatar.com\\\/avatar\\\/ccf13a262e399e026577c8158b11cbdef98921ac28fa06bc0d43a2d0e2a4a1c0?s=96&d=identicon&r=g\",\"caption\":\"Le Regard Libre\"},\"description\":\"Premier mensuel suisse de d\u00e9bat\",\"sameAs\":[\"https:\\\/\\\/fr.wikipedia.org\\\/wiki\\\/Le_Regard_libre\"],\"url\":\"https:\\\/\\\/leregardlibre.com\\\/en\\\/author\\\/leregardlibre\\\/\"}]}<\/script>\n<!-- \/ Yoast SEO Premium plugin. -->","yoast_head_json":{"title":"Metin Arditi: \u00abIn all my books, I've sought my father's esteem\u00bb.\u00bb","robots":{"index":"index","follow":"follow","max-snippet":"max-snippet:-1","max-image-preview":"max-image-preview:large","max-video-preview":"max-video-preview:-1"},"canonical":"https:\/\/leregardlibre.com\/en\/literature\/metin-arditi-in-all-my-books-im-looking-for-my-fathers-esteem\/","og_locale":"en_US","og_type":"article","og_title":"Metin Arditi: \u00abDans tous mes livres, j\u2019ai cherch\u00e9 l\u2019estime de mon p\u00e8re\u00bb","og_description":"\u00abMon p\u00e8re sur mes \u00e9paules\u00bb: interview","og_url":"https:\/\/leregardlibre.com\/en\/literature\/metin-arditi-in-all-my-books-im-looking-for-my-fathers-esteem\/","og_site_name":"Le Regard Libre","article_publisher":"https:\/\/www.facebook.com\/leregardlibre\/","article_published_time":"2018-05-20T16:40:47+00:00","article_modified_time":"2023-09-10T16:45:44+00:00","og_image":[{"width":1024,"height":576,"url":"https:\/\/leregardlibre.com\/wp-content\/uploads\/2021\/07\/Metin-Arditi-en-2018-\u00a9-Marina-De-Toro-pour-Le-Regard-Libre-3872610746-1626818943712-1-e1698134939744-1024x576.jpg","type":"image\/jpeg"}],"author":"Le Regard Libre","twitter_card":"summary_large_image","twitter_creator":"@LeRegardLibre","twitter_site":"@LeRegardLibre","twitter_misc":{"Written by":"Le Regard Libre","Est. reading time":"10 minutes"},"schema":{"@context":"https:\/\/schema.org","@graph":[{"@type":"Article","@id":"https:\/\/leregardlibre.com\/litterature\/metin-arditi-dans-tous-mes-livres-jai-cherche-lestime-de-mon-pere\/#article","isPartOf":{"@id":"https:\/\/leregardlibre.com\/litterature\/metin-arditi-dans-tous-mes-livres-jai-cherche-lestime-de-mon-pere\/"},"author":{"name":"Le Regard Libre","@id":"https:\/\/leregardlibre.com\/#\/schema\/person\/68aceea2de84966d0928b49556d54101"},"headline":"Metin Arditi: \u00abDans tous mes livres, j\u2019ai cherch\u00e9 l\u2019estime de mon p\u00e8re\u00bb","datePublished":"2018-05-20T16:40:47+00:00","dateModified":"2023-09-10T16:45:44+00:00","mainEntityOfPage":{"@id":"https:\/\/leregardlibre.com\/litterature\/metin-arditi-dans-tous-mes-livres-jai-cherche-lestime-de-mon-pere\/"},"wordCount":1954,"commentCount":0,"publisher":{"@id":"https:\/\/leregardlibre.com\/#organization"},"image":{"@id":"https:\/\/leregardlibre.com\/litterature\/metin-arditi-dans-tous-mes-livres-jai-cherche-lestime-de-mon-pere\/#primaryimage"},"thumbnailUrl":"https:\/\/leregardlibre.com\/wp-content\/uploads\/2021\/07\/Metin-Arditi-en-2018-\u00a9-Marina-De-Toro-pour-Le-Regard-Libre-3872610746-1626818943712-1-e1698134939744.jpg","keywords":["arditi","but de l'\u00e9criture","Conflit isra\u00e9lo-palestinien","\u00e9criture","estime","Famille","franz kafka","Gen\u00e8ve","Interview","Isra\u00ebl","kafka","la croix","la m\u00e9tamorphose","M\u00e9moire","Metin Arditi","P\u00e8re","sensations"],"articleSection":["Litt\u00e9rature"],"inLanguage":"en-US","potentialAction":[{"@type":"CommentAction","name":"Comment","target":["https:\/\/leregardlibre.com\/litterature\/metin-arditi-dans-tous-mes-livres-jai-cherche-lestime-de-mon-pere\/#respond"]}]},{"@type":"WebPage","@id":"https:\/\/leregardlibre.com\/litterature\/metin-arditi-dans-tous-mes-livres-jai-cherche-lestime-de-mon-pere\/","url":"https:\/\/leregardlibre.com\/litterature\/metin-arditi-dans-tous-mes-livres-jai-cherche-lestime-de-mon-pere\/","name":"Metin Arditi: \u00abIn all my books, I've sought my father's esteem\u00bb.\u00bb","isPartOf":{"@id":"https:\/\/leregardlibre.com\/#website"},"primaryImageOfPage":{"@id":"https:\/\/leregardlibre.com\/litterature\/metin-arditi-dans-tous-mes-livres-jai-cherche-lestime-de-mon-pere\/#primaryimage"},"image":{"@id":"https:\/\/leregardlibre.com\/litterature\/metin-arditi-dans-tous-mes-livres-jai-cherche-lestime-de-mon-pere\/#primaryimage"},"thumbnailUrl":"https:\/\/leregardlibre.com\/wp-content\/uploads\/2021\/07\/Metin-Arditi-en-2018-\u00a9-Marina-De-Toro-pour-Le-Regard-Libre-3872610746-1626818943712-1-e1698134939744.jpg","datePublished":"2018-05-20T16:40:47+00:00","dateModified":"2023-09-10T16:45:44+00:00","breadcrumb":{"@id":"https:\/\/leregardlibre.com\/litterature\/metin-arditi-dans-tous-mes-livres-jai-cherche-lestime-de-mon-pere\/#breadcrumb"},"inLanguage":"en-US","potentialAction":[{"@type":"ReadAction","target":["https:\/\/leregardlibre.com\/litterature\/metin-arditi-dans-tous-mes-livres-jai-cherche-lestime-de-mon-pere\/"]}]},{"@type":"ImageObject","inLanguage":"en-US","@id":"https:\/\/leregardlibre.com\/litterature\/metin-arditi-dans-tous-mes-livres-jai-cherche-lestime-de-mon-pere\/#primaryimage","url":"https:\/\/leregardlibre.com\/wp-content\/uploads\/2021\/07\/Metin-Arditi-en-2018-\u00a9-Marina-De-Toro-pour-Le-Regard-Libre-3872610746-1626818943712-1-e1698134939744.jpg","contentUrl":"https:\/\/leregardlibre.com\/wp-content\/uploads\/2021\/07\/Metin-Arditi-en-2018-\u00a9-Marina-De-Toro-pour-Le-Regard-Libre-3872610746-1626818943712-1-e1698134939744.jpg","width":2275,"height":1280},{"@type":"BreadcrumbList","@id":"https:\/\/leregardlibre.com\/litterature\/metin-arditi-dans-tous-mes-livres-jai-cherche-lestime-de-mon-pere\/#breadcrumb","itemListElement":[{"@type":"ListItem","position":1,"name":"Accueil","item":"https:\/\/leregardlibre.com\/"},{"@type":"ListItem","position":2,"name":"Metin Arditi: \u00abDans tous mes livres, j\u2019ai cherch\u00e9 l\u2019estime de mon p\u00e8re\u00bb"}]},{"@type":"WebSite","@id":"https:\/\/leregardlibre.com\/#website","url":"https:\/\/leregardlibre.com\/","name":"Le Regard Libre","description":"Switzerland's first monthly debate magazine","publisher":{"@id":"https:\/\/leregardlibre.com\/#organization"},"potentialAction":[{"@type":"SearchAction","target":{"@type":"EntryPoint","urlTemplate":"https:\/\/leregardlibre.com\/?s={search_term_string}"},"query-input":{"@type":"PropertyValueSpecification","valueRequired":true,"valueName":"search_term_string"}}],"inLanguage":"en-US"},{"@type":"Organization","@id":"https:\/\/leregardlibre.com\/#organization","name":"Le Regard Libre","url":"https:\/\/leregardlibre.com\/","logo":{"@type":"ImageObject","inLanguage":"en-US","@id":"https:\/\/leregardlibre.com\/#\/schema\/logo\/image\/","url":"https:\/\/leregardlibre.com\/wp-content\/uploads\/2025\/08\/logo-rl-icone-neg.jpeg","contentUrl":"https:\/\/leregardlibre.com\/wp-content\/uploads\/2025\/08\/logo-rl-icone-neg.jpeg","width":557,"height":556,"caption":"Le Regard Libre"},"image":{"@id":"https:\/\/leregardlibre.com\/#\/schema\/logo\/image\/"},"sameAs":["https:\/\/www.facebook.com\/leregardlibre\/","https:\/\/x.com\/LeRegardLibre","https:\/\/www.linkedin.com\/company\/le-regard-libre","https:\/\/www.instagram.com\/leregardlibre\/","http:\/\/t.me\/leregardlibre","https:\/\/youtube.com\/channel\/UC6HzGPomj1LsUmlz-sJtITQ"],"description":"Le Regard Libre is a Swiss monthly magazine for intellectual and cultural debate. Its editorial team is young, voluntary, liberal and pluralist. The magazine appears online and in print. Its language is French.","email":"redaction@leregardlibre.com","legalName":"Le Regard Libre","foundingDate":"2014-01-01","numberOfEmployees":{"@type":"QuantitativeValue","minValue":"11","maxValue":"50"},"publishingPrinciples":"https:\/\/leregardlibre.com\/a-propos\/notre-manifeste\/","ownershipFundingInfo":"https:\/\/leregardlibre.com\/mentions-legales\/","actionableFeedbackPolicy":"https:\/\/leregardlibre.com\/conditions-generales-de-vente\/"},{"@type":"Person","@id":"https:\/\/leregardlibre.com\/#\/schema\/person\/68aceea2de84966d0928b49556d54101","name":"Le Regard Libre","image":{"@type":"ImageObject","inLanguage":"en-US","@id":"https:\/\/secure.gravatar.com\/avatar\/ccf13a262e399e026577c8158b11cbdef98921ac28fa06bc0d43a2d0e2a4a1c0?s=96&d=identicon&r=g","url":"https:\/\/secure.gravatar.com\/avatar\/ccf13a262e399e026577c8158b11cbdef98921ac28fa06bc0d43a2d0e2a4a1c0?s=96&d=identicon&r=g","contentUrl":"https:\/\/secure.gravatar.com\/avatar\/ccf13a262e399e026577c8158b11cbdef98921ac28fa06bc0d43a2d0e2a4a1c0?s=96&d=identicon&r=g","caption":"Le Regard Libre"},"description":"Switzerland's first monthly debate magazine","sameAs":["https:\/\/fr.wikipedia.org\/wiki\/Le_Regard_libre"],"url":"https:\/\/leregardlibre.com\/en\/author\/leregardlibre\/"}]}},"_links":{"self":[{"href":"https:\/\/leregardlibre.com\/en\/wp-json\/wp\/v2\/posts\/15411","targetHints":{"allow":["GET"]}}],"collection":[{"href":"https:\/\/leregardlibre.com\/en\/wp-json\/wp\/v2\/posts"}],"about":[{"href":"https:\/\/leregardlibre.com\/en\/wp-json\/wp\/v2\/types\/post"}],"author":[{"embeddable":true,"href":"https:\/\/leregardlibre.com\/en\/wp-json\/wp\/v2\/users\/1"}],"replies":[{"embeddable":true,"href":"https:\/\/leregardlibre.com\/en\/wp-json\/wp\/v2\/comments?post=15411"}],"version-history":[{"count":1,"href":"https:\/\/leregardlibre.com\/en\/wp-json\/wp\/v2\/posts\/15411\/revisions"}],"predecessor-version":[{"id":509837,"href":"https:\/\/leregardlibre.com\/en\/wp-json\/wp\/v2\/posts\/15411\/revisions\/509837"}],"wp:featuredmedia":[{"embeddable":true,"href":"https:\/\/leregardlibre.com\/en\/wp-json\/wp\/v2\/media\/509838"}],"wp:attachment":[{"href":"https:\/\/leregardlibre.com\/en\/wp-json\/wp\/v2\/media?parent=15411"}],"wp:term":[{"taxonomy":"category","embeddable":true,"href":"https:\/\/leregardlibre.com\/en\/wp-json\/wp\/v2\/categories?post=15411"},{"taxonomy":"post_tag","embeddable":true,"href":"https:\/\/leregardlibre.com\/en\/wp-json\/wp\/v2\/tags?post=15411"}],"curies":[{"name":"wp","href":"https:\/\/api.w.org\/{rel}","templated":true}]}}