{"id":15609,"date":"2018-06-06T03:36:38","date_gmt":"2018-06-06T02:36:38","guid":{"rendered":"http:\/\/leregardlibre.com\/?p=15609"},"modified":"2025-12-04T22:49:05","modified_gmt":"2025-12-04T21:49:05","slug":"lextraordinaire-voyage-du-fakir","status":"publish","type":"post","link":"https:\/\/leregardlibre.com\/en\/cinema\/films\/lextraordinaire-voyage-du-fakir\/","title":{"rendered":"The extraordinary adventures of a radiant Fakir"},"content":{"rendered":"<p><em>Cinema Wednesdays - Alexandre W\u00e4lti<\/em><\/p>\n<p>Dreams extend reality, amplifying it or sometimes softening it. It can also lead to a life goal on which to rely with serenity. Two phrases that speak to the essence of Ken Scott's film. A director who has built a cultural bridge between Bollywood and Hollywood codes. He has created a fable at the crossroads of these two cinemas, with the added bonus of imagination.<\/p>\n<p><!--more--><\/p>\n<p>A fable. The word perfectly suits the world of <em>The Fakir's Extraordinary Journey<\/em>. Ajatashatru Oghash Rathod (Dhanush) grew up in a poor district of Bombay, where his mother raised him alone. Together, they nurture the dream of one day living in Paris. When she dies, the young Indian man decides to take her ashes to the City of Light. From that moment on, the adventure really begins.<\/p>\n<h3><strong>A journey of the unexpected<\/strong><\/h3>\n<p>From being a simple tourist who gets ripped off by cab driver Gustave (G\u00e9rard Jugnot), Aja becomes by chance an undocumented immigrant and finds himself overnight in Spain, sleeping in an airport with other migrants. Aja's only wish is to return to Paris, where he has fallen under the spell of Marie (Erin Moriarty). There's another reason for this much-needed return: to find his mother's ashes. But here he is in Rome, jumping out of the luggage of artist Nelly Marnay (B\u00e9r\u00e9nice B\u00e9jo) and finding himself thrown into a luxurious palace. Like a character in a good novel, Aja traverses the world's diverse human realities.<\/p>\n<p>How does one embark on Aja's extraordinary journey? He tells it to three children who are threatened with imprisonment in India for repeated thefts. This allows for constant leaps between reality and fable, between the law of the street and that of the imagination. Listening to the adventures of wardrobes, hot-air balloons and pirates, the three children are at first reluctant, as is the guard who watches over them. But storyteller Aja's art suddenly makes them less aggressive and more attentive, dreamers above all. The same effect applies to the viewer. They never know whether Aja's story is real or just a magician of words.<\/p>\n<h3><strong>A fantastic story in tune with the times<\/strong><\/h3>\n<p>In short, Ken Scott's film is the result of a succession of unforeseen events. There's no time for boredom, quite the contrary. One scene follows another, and the camera follows the characters as if in a chase against time. Two dance scenes in particular stand out, reminding us that\u00a0<em>The Fakir's extraordinary journey<\/em> is also a bridge between Indian and Anglo-Saxon cinema. Colors and glitter explode everywhere, without abuse, even in the saddest passages. As if to thumb one's nose at the prevailing gloom. Simply luminous cinema.<\/p>\n<p>The film's main interest lies in the choice of the main character's perspective and the jovial atmosphere in which it deals with a serious subject: migration. Without ever lacking in dignity or modesty. Aja is the most naive man in the world. He observes what's going on around him and experiences what happens to him with touching purity. He ventures out wherever he pleases, making the best of any situation with the sole aim of helping his fellow man. Making other people's dreams come true. A comic scenario for a tragic film.<\/p>\n<p><i>Write to the author : <a href=\"mailto:alexandre.waelti@leregardlibre.com\">alexandre.waelti@leregardlibre.com<\/a><\/i><\/p>\n<p>Photo credit: \u00a9 Impuls Pictures<\/p>","protected":false},"excerpt":{"rendered":"<p>Les mercredis du cin\u00e9ma &#8211; Alexandre W\u00e4lti Le r\u00eave prolonge la r\u00e9alit\u00e9, l\u2019amplifie ou la rend parfois moins dure. Il&#8230;<\/p>","protected":false},"author":335,"featured_media":15611,"comment_status":"open","ping_status":"open","sticky":false,"template":"","format":"standard","meta":{"_acf_changed":false,"footnotes":""},"categories":[644355829],"tags":[5414655,4051,204263,510753,3166761,4052,97571,4088126,145927],"class_list":["post-15609","post","type-post","status-publish","format-standard","has-post-thumbnail","hentry","category-films","tag-berenice-bejo","tag-bollywood","tag-dhanush","tag-erin-moriarty","tag-gerard-jugnot","tag-hollywood","tag-inde","tag-ken-scott","tag-reve"],"acf":[],"yoast_head":"<!-- This site is optimized with the Yoast SEO Premium plugin v27.4 (Yoast SEO v27.4) - https:\/\/yoast.com\/product\/yoast-seo-premium-wordpress\/ -->\n<title>Les extraordinaires aventures d&#039;un Fakir irradiant<\/title>\n<meta name=\"robots\" content=\"index, follow, max-snippet:-1, max-image-preview:large, max-video-preview:-1\" \/>\n<link rel=\"canonical\" href=\"https:\/\/leregardlibre.com\/en\/cinema\/films\/lextraordinaire-voyage-du-fakir\/\" \/>\n<meta property=\"og:locale\" content=\"en_US\" \/>\n<meta property=\"og:type\" content=\"article\" \/>\n<meta property=\"og:title\" content=\"Les extraordinaires aventures d&#039;un Fakir irradiant\" \/>\n<meta property=\"og:description\" content=\"Les mercredis du cin\u00e9ma - Alexandre W\u00e4lti Le r\u00eave prolonge la r\u00e9alit\u00e9, l\u2019amplifie ou la rend parfois moins dure. Il...\" \/>\n<meta property=\"og:url\" content=\"https:\/\/leregardlibre.com\/en\/cinema\/films\/lextraordinaire-voyage-du-fakir\/\" \/>\n<meta property=\"og:site_name\" content=\"Le Regard Libre\" \/>\n<meta property=\"article:publisher\" content=\"https:\/\/www.facebook.com\/leregardlibre\/\" \/>\n<meta property=\"article:published_time\" content=\"2018-06-06T02:36:38+00:00\" \/>\n<meta property=\"article:modified_time\" content=\"2025-12-04T21:49:05+00:00\" \/>\n<meta property=\"og:image\" content=\"https:\/\/leregardlibre.com\/wp-content\/uploads\/2018\/06\/l-extraordinaire-voyage-du-fakir.jpg\" \/>\n\t<meta property=\"og:image:width\" content=\"1023\" \/>\n\t<meta property=\"og:image:height\" content=\"682\" \/>\n\t<meta property=\"og:image:type\" content=\"image\/jpeg\" \/>\n<meta name=\"author\" content=\"Alexandre W\u00e4lti\" \/>\n<meta name=\"twitter:card\" content=\"summary_large_image\" \/>\n<meta name=\"twitter:creator\" content=\"@LeRegardLibre\" \/>\n<meta name=\"twitter:site\" content=\"@LeRegardLibre\" \/>\n<meta name=\"twitter:label1\" content=\"Written by\" \/>\n\t<meta name=\"twitter:data1\" content=\"Alexandre W\u00e4lti\" \/>\n\t<meta name=\"twitter:label2\" content=\"Est. reading time\" \/>\n\t<meta name=\"twitter:data2\" content=\"3 minutes\" \/>\n<script type=\"application\/ld+json\" class=\"yoast-schema-graph\">{\"@context\":\"https:\\\/\\\/schema.org\",\"@graph\":[{\"@type\":\"Article\",\"@id\":\"https:\\\/\\\/leregardlibre.com\\\/cinema\\\/films\\\/lextraordinaire-voyage-du-fakir\\\/#article\",\"isPartOf\":{\"@id\":\"https:\\\/\\\/leregardlibre.com\\\/cinema\\\/films\\\/lextraordinaire-voyage-du-fakir\\\/\"},\"author\":{\"name\":\"Alexandre W\u00e4lti\",\"@id\":\"https:\\\/\\\/leregardlibre.com\\\/#\\\/schema\\\/person\\\/634006bb230566361a27c65cfd0aaf24\"},\"headline\":\"Les extraordinaires aventures d&#8217;un Fakir irradiant\",\"datePublished\":\"2018-06-06T02:36:38+00:00\",\"dateModified\":\"2025-12-04T21:49:05+00:00\",\"mainEntityOfPage\":{\"@id\":\"https:\\\/\\\/leregardlibre.com\\\/cinema\\\/films\\\/lextraordinaire-voyage-du-fakir\\\/\"},\"wordCount\":668,\"commentCount\":0,\"publisher\":{\"@id\":\"https:\\\/\\\/leregardlibre.com\\\/#organization\"},\"image\":{\"@id\":\"https:\\\/\\\/leregardlibre.com\\\/cinema\\\/films\\\/lextraordinaire-voyage-du-fakir\\\/#primaryimage\"},\"thumbnailUrl\":\"https:\\\/\\\/leregardlibre.com\\\/wp-content\\\/uploads\\\/2018\\\/06\\\/l-extraordinaire-voyage-du-fakir.jpg\",\"keywords\":[\"B\u00e9r\u00e9nice B\u00e9jo\",\"Bollywood\",\"Dhanush\",\"erin moriarty\",\"G\u00e9rard jugnot\",\"Hollywood\",\"Inde\",\"Ken Scott\",\"R\u00eave\"],\"articleSection\":[\"Films\"],\"inLanguage\":\"en-US\",\"potentialAction\":[{\"@type\":\"CommentAction\",\"name\":\"Comment\",\"target\":[\"https:\\\/\\\/leregardlibre.com\\\/cinema\\\/films\\\/lextraordinaire-voyage-du-fakir\\\/#respond\"]}]},{\"@type\":\"WebPage\",\"@id\":\"https:\\\/\\\/leregardlibre.com\\\/cinema\\\/films\\\/lextraordinaire-voyage-du-fakir\\\/\",\"url\":\"https:\\\/\\\/leregardlibre.com\\\/cinema\\\/films\\\/lextraordinaire-voyage-du-fakir\\\/\",\"name\":\"Les extraordinaires aventures d'un Fakir irradiant\",\"isPartOf\":{\"@id\":\"https:\\\/\\\/leregardlibre.com\\\/#website\"},\"primaryImageOfPage\":{\"@id\":\"https:\\\/\\\/leregardlibre.com\\\/cinema\\\/films\\\/lextraordinaire-voyage-du-fakir\\\/#primaryimage\"},\"image\":{\"@id\":\"https:\\\/\\\/leregardlibre.com\\\/cinema\\\/films\\\/lextraordinaire-voyage-du-fakir\\\/#primaryimage\"},\"thumbnailUrl\":\"https:\\\/\\\/leregardlibre.com\\\/wp-content\\\/uploads\\\/2018\\\/06\\\/l-extraordinaire-voyage-du-fakir.jpg\",\"datePublished\":\"2018-06-06T02:36:38+00:00\",\"dateModified\":\"2025-12-04T21:49:05+00:00\",\"breadcrumb\":{\"@id\":\"https:\\\/\\\/leregardlibre.com\\\/cinema\\\/films\\\/lextraordinaire-voyage-du-fakir\\\/#breadcrumb\"},\"inLanguage\":\"en-US\",\"potentialAction\":[{\"@type\":\"ReadAction\",\"target\":[\"https:\\\/\\\/leregardlibre.com\\\/cinema\\\/films\\\/lextraordinaire-voyage-du-fakir\\\/\"]}]},{\"@type\":\"ImageObject\",\"inLanguage\":\"en-US\",\"@id\":\"https:\\\/\\\/leregardlibre.com\\\/cinema\\\/films\\\/lextraordinaire-voyage-du-fakir\\\/#primaryimage\",\"url\":\"https:\\\/\\\/leregardlibre.com\\\/wp-content\\\/uploads\\\/2018\\\/06\\\/l-extraordinaire-voyage-du-fakir.jpg\",\"contentUrl\":\"https:\\\/\\\/leregardlibre.com\\\/wp-content\\\/uploads\\\/2018\\\/06\\\/l-extraordinaire-voyage-du-fakir.jpg\",\"width\":1023,\"height\":682},{\"@type\":\"BreadcrumbList\",\"@id\":\"https:\\\/\\\/leregardlibre.com\\\/cinema\\\/films\\\/lextraordinaire-voyage-du-fakir\\\/#breadcrumb\",\"itemListElement\":[{\"@type\":\"ListItem\",\"position\":1,\"name\":\"Accueil\",\"item\":\"https:\\\/\\\/leregardlibre.com\\\/\"},{\"@type\":\"ListItem\",\"position\":2,\"name\":\"Les extraordinaires aventures d&#8217;un Fakir irradiant\"}]},{\"@type\":\"WebSite\",\"@id\":\"https:\\\/\\\/leregardlibre.com\\\/#website\",\"url\":\"https:\\\/\\\/leregardlibre.com\\\/\",\"name\":\"Le Regard Libre\",\"description\":\"Premier mensuel suisse de d\u00e9bat\",\"publisher\":{\"@id\":\"https:\\\/\\\/leregardlibre.com\\\/#organization\"},\"potentialAction\":[{\"@type\":\"SearchAction\",\"target\":{\"@type\":\"EntryPoint\",\"urlTemplate\":\"https:\\\/\\\/leregardlibre.com\\\/?s={search_term_string}\"},\"query-input\":{\"@type\":\"PropertyValueSpecification\",\"valueRequired\":true,\"valueName\":\"search_term_string\"}}],\"inLanguage\":\"en-US\"},{\"@type\":\"Organization\",\"@id\":\"https:\\\/\\\/leregardlibre.com\\\/#organization\",\"name\":\"Le Regard Libre\",\"url\":\"https:\\\/\\\/leregardlibre.com\\\/\",\"logo\":{\"@type\":\"ImageObject\",\"inLanguage\":\"en-US\",\"@id\":\"https:\\\/\\\/leregardlibre.com\\\/#\\\/schema\\\/logo\\\/image\\\/\",\"url\":\"https:\\\/\\\/leregardlibre.com\\\/wp-content\\\/uploads\\\/2025\\\/08\\\/logo-rl-icone-neg.jpeg\",\"contentUrl\":\"https:\\\/\\\/leregardlibre.com\\\/wp-content\\\/uploads\\\/2025\\\/08\\\/logo-rl-icone-neg.jpeg\",\"width\":557,\"height\":556,\"caption\":\"Le Regard Libre\"},\"image\":{\"@id\":\"https:\\\/\\\/leregardlibre.com\\\/#\\\/schema\\\/logo\\\/image\\\/\"},\"sameAs\":[\"https:\\\/\\\/www.facebook.com\\\/leregardlibre\\\/\",\"https:\\\/\\\/x.com\\\/LeRegardLibre\",\"https:\\\/\\\/www.linkedin.com\\\/company\\\/le-regard-libre\",\"https:\\\/\\\/www.instagram.com\\\/leregardlibre\\\/\",\"http:\\\/\\\/t.me\\\/leregardlibre\",\"https:\\\/\\\/youtube.com\\\/channel\\\/UC6HzGPomj1LsUmlz-sJtITQ\"],\"description\":\"Le Regard Libre est un mensuel suisse de d\u00e9bat intellectuel et culturel. Sa r\u00e9daction est jeune, b\u00e9n\u00e9vole, lib\u00e9rale et pluraliste. Le magazine para\u00eet en ligne et sous forme papier. Sa langue est le fran\u00e7ais.\",\"email\":\"redaction@leregardlibre.com\",\"legalName\":\"Le Regard Libre\",\"foundingDate\":\"2014-01-01\",\"numberOfEmployees\":{\"@type\":\"QuantitativeValue\",\"minValue\":\"11\",\"maxValue\":\"50\"},\"publishingPrinciples\":\"https:\\\/\\\/leregardlibre.com\\\/a-propos\\\/notre-manifeste\\\/\",\"ownershipFundingInfo\":\"https:\\\/\\\/leregardlibre.com\\\/mentions-legales\\\/\",\"actionableFeedbackPolicy\":\"https:\\\/\\\/leregardlibre.com\\\/conditions-generales-de-vente\\\/\"},{\"@type\":\"Person\",\"@id\":\"https:\\\/\\\/leregardlibre.com\\\/#\\\/schema\\\/person\\\/634006bb230566361a27c65cfd0aaf24\",\"name\":\"Alexandre W\u00e4lti\",\"image\":{\"@type\":\"ImageObject\",\"inLanguage\":\"en-US\",\"@id\":\"https:\\\/\\\/secure.gravatar.com\\\/avatar\\\/f7336d62d9c120955b2d7027964ca5a2e0245c0903661056e2e625d561f30fef?s=96&d=identicon&r=g\",\"url\":\"https:\\\/\\\/secure.gravatar.com\\\/avatar\\\/f7336d62d9c120955b2d7027964ca5a2e0245c0903661056e2e625d561f30fef?s=96&d=identicon&r=g\",\"contentUrl\":\"https:\\\/\\\/secure.gravatar.com\\\/avatar\\\/f7336d62d9c120955b2d7027964ca5a2e0245c0903661056e2e625d561f30fef?s=96&d=identicon&r=g\",\"caption\":\"Alexandre W\u00e4lti\"},\"sameAs\":[\"https:\\\/\\\/leregardlibre.com\\\/\"],\"url\":\"https:\\\/\\\/leregardlibre.com\\\/en\\\/author\\\/alexandre-waelti\\\/\"}]}<\/script>\n<!-- \/ Yoast SEO Premium plugin. -->","yoast_head_json":{"title":"The extraordinary adventures of a radiant Fakir","robots":{"index":"index","follow":"follow","max-snippet":"max-snippet:-1","max-image-preview":"max-image-preview:large","max-video-preview":"max-video-preview:-1"},"canonical":"https:\/\/leregardlibre.com\/en\/cinema\/films\/lextraordinaire-voyage-du-fakir\/","og_locale":"en_US","og_type":"article","og_title":"Les extraordinaires aventures d'un Fakir irradiant","og_description":"Les mercredis du cin\u00e9ma - Alexandre W\u00e4lti Le r\u00eave prolonge la r\u00e9alit\u00e9, l\u2019amplifie ou la rend parfois moins dure. Il...","og_url":"https:\/\/leregardlibre.com\/en\/cinema\/films\/lextraordinaire-voyage-du-fakir\/","og_site_name":"Le Regard Libre","article_publisher":"https:\/\/www.facebook.com\/leregardlibre\/","article_published_time":"2018-06-06T02:36:38+00:00","article_modified_time":"2025-12-04T21:49:05+00:00","og_image":[{"width":1023,"height":682,"url":"https:\/\/leregardlibre.com\/wp-content\/uploads\/2018\/06\/l-extraordinaire-voyage-du-fakir.jpg","type":"image\/jpeg"}],"author":"Alexandre W\u00e4lti","twitter_card":"summary_large_image","twitter_creator":"@LeRegardLibre","twitter_site":"@LeRegardLibre","twitter_misc":{"Written by":"Alexandre W\u00e4lti","Est. reading time":"3 minutes"},"schema":{"@context":"https:\/\/schema.org","@graph":[{"@type":"Article","@id":"https:\/\/leregardlibre.com\/cinema\/films\/lextraordinaire-voyage-du-fakir\/#article","isPartOf":{"@id":"https:\/\/leregardlibre.com\/cinema\/films\/lextraordinaire-voyage-du-fakir\/"},"author":{"name":"Alexandre W\u00e4lti","@id":"https:\/\/leregardlibre.com\/#\/schema\/person\/634006bb230566361a27c65cfd0aaf24"},"headline":"Les extraordinaires aventures d&#8217;un Fakir irradiant","datePublished":"2018-06-06T02:36:38+00:00","dateModified":"2025-12-04T21:49:05+00:00","mainEntityOfPage":{"@id":"https:\/\/leregardlibre.com\/cinema\/films\/lextraordinaire-voyage-du-fakir\/"},"wordCount":668,"commentCount":0,"publisher":{"@id":"https:\/\/leregardlibre.com\/#organization"},"image":{"@id":"https:\/\/leregardlibre.com\/cinema\/films\/lextraordinaire-voyage-du-fakir\/#primaryimage"},"thumbnailUrl":"https:\/\/leregardlibre.com\/wp-content\/uploads\/2018\/06\/l-extraordinaire-voyage-du-fakir.jpg","keywords":["B\u00e9r\u00e9nice B\u00e9jo","Bollywood","Dhanush","erin moriarty","G\u00e9rard jugnot","Hollywood","Inde","Ken Scott","R\u00eave"],"articleSection":["Films"],"inLanguage":"en-US","potentialAction":[{"@type":"CommentAction","name":"Comment","target":["https:\/\/leregardlibre.com\/cinema\/films\/lextraordinaire-voyage-du-fakir\/#respond"]}]},{"@type":"WebPage","@id":"https:\/\/leregardlibre.com\/cinema\/films\/lextraordinaire-voyage-du-fakir\/","url":"https:\/\/leregardlibre.com\/cinema\/films\/lextraordinaire-voyage-du-fakir\/","name":"The extraordinary adventures of a radiant Fakir","isPartOf":{"@id":"https:\/\/leregardlibre.com\/#website"},"primaryImageOfPage":{"@id":"https:\/\/leregardlibre.com\/cinema\/films\/lextraordinaire-voyage-du-fakir\/#primaryimage"},"image":{"@id":"https:\/\/leregardlibre.com\/cinema\/films\/lextraordinaire-voyage-du-fakir\/#primaryimage"},"thumbnailUrl":"https:\/\/leregardlibre.com\/wp-content\/uploads\/2018\/06\/l-extraordinaire-voyage-du-fakir.jpg","datePublished":"2018-06-06T02:36:38+00:00","dateModified":"2025-12-04T21:49:05+00:00","breadcrumb":{"@id":"https:\/\/leregardlibre.com\/cinema\/films\/lextraordinaire-voyage-du-fakir\/#breadcrumb"},"inLanguage":"en-US","potentialAction":[{"@type":"ReadAction","target":["https:\/\/leregardlibre.com\/cinema\/films\/lextraordinaire-voyage-du-fakir\/"]}]},{"@type":"ImageObject","inLanguage":"en-US","@id":"https:\/\/leregardlibre.com\/cinema\/films\/lextraordinaire-voyage-du-fakir\/#primaryimage","url":"https:\/\/leregardlibre.com\/wp-content\/uploads\/2018\/06\/l-extraordinaire-voyage-du-fakir.jpg","contentUrl":"https:\/\/leregardlibre.com\/wp-content\/uploads\/2018\/06\/l-extraordinaire-voyage-du-fakir.jpg","width":1023,"height":682},{"@type":"BreadcrumbList","@id":"https:\/\/leregardlibre.com\/cinema\/films\/lextraordinaire-voyage-du-fakir\/#breadcrumb","itemListElement":[{"@type":"ListItem","position":1,"name":"Accueil","item":"https:\/\/leregardlibre.com\/"},{"@type":"ListItem","position":2,"name":"Les extraordinaires aventures d&#8217;un Fakir irradiant"}]},{"@type":"WebSite","@id":"https:\/\/leregardlibre.com\/#website","url":"https:\/\/leregardlibre.com\/","name":"Le Regard Libre","description":"Switzerland's first monthly debate magazine","publisher":{"@id":"https:\/\/leregardlibre.com\/#organization"},"potentialAction":[{"@type":"SearchAction","target":{"@type":"EntryPoint","urlTemplate":"https:\/\/leregardlibre.com\/?s={search_term_string}"},"query-input":{"@type":"PropertyValueSpecification","valueRequired":true,"valueName":"search_term_string"}}],"inLanguage":"en-US"},{"@type":"Organization","@id":"https:\/\/leregardlibre.com\/#organization","name":"Le Regard Libre","url":"https:\/\/leregardlibre.com\/","logo":{"@type":"ImageObject","inLanguage":"en-US","@id":"https:\/\/leregardlibre.com\/#\/schema\/logo\/image\/","url":"https:\/\/leregardlibre.com\/wp-content\/uploads\/2025\/08\/logo-rl-icone-neg.jpeg","contentUrl":"https:\/\/leregardlibre.com\/wp-content\/uploads\/2025\/08\/logo-rl-icone-neg.jpeg","width":557,"height":556,"caption":"Le Regard Libre"},"image":{"@id":"https:\/\/leregardlibre.com\/#\/schema\/logo\/image\/"},"sameAs":["https:\/\/www.facebook.com\/leregardlibre\/","https:\/\/x.com\/LeRegardLibre","https:\/\/www.linkedin.com\/company\/le-regard-libre","https:\/\/www.instagram.com\/leregardlibre\/","http:\/\/t.me\/leregardlibre","https:\/\/youtube.com\/channel\/UC6HzGPomj1LsUmlz-sJtITQ"],"description":"Le Regard Libre is a Swiss monthly magazine for intellectual and cultural debate. Its editorial team is young, voluntary, liberal and pluralist. The magazine appears online and in print. Its language is French.","email":"redaction@leregardlibre.com","legalName":"Le Regard Libre","foundingDate":"2014-01-01","numberOfEmployees":{"@type":"QuantitativeValue","minValue":"11","maxValue":"50"},"publishingPrinciples":"https:\/\/leregardlibre.com\/a-propos\/notre-manifeste\/","ownershipFundingInfo":"https:\/\/leregardlibre.com\/mentions-legales\/","actionableFeedbackPolicy":"https:\/\/leregardlibre.com\/conditions-generales-de-vente\/"},{"@type":"Person","@id":"https:\/\/leregardlibre.com\/#\/schema\/person\/634006bb230566361a27c65cfd0aaf24","name":"Alexandre W\u00e4lti","image":{"@type":"ImageObject","inLanguage":"en-US","@id":"https:\/\/secure.gravatar.com\/avatar\/f7336d62d9c120955b2d7027964ca5a2e0245c0903661056e2e625d561f30fef?s=96&d=identicon&r=g","url":"https:\/\/secure.gravatar.com\/avatar\/f7336d62d9c120955b2d7027964ca5a2e0245c0903661056e2e625d561f30fef?s=96&d=identicon&r=g","contentUrl":"https:\/\/secure.gravatar.com\/avatar\/f7336d62d9c120955b2d7027964ca5a2e0245c0903661056e2e625d561f30fef?s=96&d=identicon&r=g","caption":"Alexandre W\u00e4lti"},"sameAs":["https:\/\/leregardlibre.com\/"],"url":"https:\/\/leregardlibre.com\/en\/author\/alexandre-waelti\/"}]}},"_links":{"self":[{"href":"https:\/\/leregardlibre.com\/en\/wp-json\/wp\/v2\/posts\/15609","targetHints":{"allow":["GET"]}}],"collection":[{"href":"https:\/\/leregardlibre.com\/en\/wp-json\/wp\/v2\/posts"}],"about":[{"href":"https:\/\/leregardlibre.com\/en\/wp-json\/wp\/v2\/types\/post"}],"author":[{"embeddable":true,"href":"https:\/\/leregardlibre.com\/en\/wp-json\/wp\/v2\/users\/335"}],"replies":[{"embeddable":true,"href":"https:\/\/leregardlibre.com\/en\/wp-json\/wp\/v2\/comments?post=15609"}],"version-history":[{"count":1,"href":"https:\/\/leregardlibre.com\/en\/wp-json\/wp\/v2\/posts\/15609\/revisions"}],"predecessor-version":[{"id":509866,"href":"https:\/\/leregardlibre.com\/en\/wp-json\/wp\/v2\/posts\/15609\/revisions\/509866"}],"wp:featuredmedia":[{"embeddable":true,"href":"https:\/\/leregardlibre.com\/en\/wp-json\/wp\/v2\/media\/15611"}],"wp:attachment":[{"href":"https:\/\/leregardlibre.com\/en\/wp-json\/wp\/v2\/media?parent=15609"}],"wp:term":[{"taxonomy":"category","embeddable":true,"href":"https:\/\/leregardlibre.com\/en\/wp-json\/wp\/v2\/categories?post=15609"},{"taxonomy":"post_tag","embeddable":true,"href":"https:\/\/leregardlibre.com\/en\/wp-json\/wp\/v2\/tags?post=15609"}],"curies":[{"name":"wp","href":"https:\/\/api.w.org\/{rel}","templated":true}]}}