{"id":16175,"date":"2018-07-11T09:00:38","date_gmt":"2018-07-11T08:00:38","guid":{"rendered":"https:\/\/leregardlibre.com\/?p=16175"},"modified":"2025-12-04T22:40:40","modified_gmt":"2025-12-04T21:40:40","slug":"the-indestructibles-2-or-the-return-of-the-superheroes","status":"publish","type":"post","link":"https:\/\/leregardlibre.com\/en\/cinema\/films\/the-indestructibles-2-or-the-return-of-the-superheroes\/","title":{"rendered":"\u00abThe Incredibles 2\u00bb or the return of superheroes"},"content":{"rendered":"<p><i>Cinema Wednesdays - Marina De Toro<\/i><\/p>\n<p>After years of anticipation, youngsters of the 2000s and 2010s will at last be able to discover the sequel to the animated series the <em>Indestructibles\u00a0<\/em>released in 2004. This new <em>opus <\/em>is the continuation of the first film, which ended with the Demolisher's attack on the banks. All members of the Parr family don the mythical red costumes of the Indestructibles to stop this powerful burglar. Nevertheless, superheroes are still outlaws in this universe, and the Indestructibles are not applauded by the authorities when they intervene to save the world.<\/p>\n<p><!--more--><\/p>\n<p>Fortunately for the Indestructibles, Winston Devor is on the side of superhero rehabilitation, and is desperate to use the influence of his DEVTECH company to change society's perception of these extraordinary individuals. Elastigirl, or H\u00e9l\u00e8ne Parr, is chosen by Winston to carry out rescue missions, with an onboard camera created by her sister, to show the world the need for superheroes in action. However, the superheroine has to contend with the Hypnotist, who always manages to escape, raising questions about his modus operandi...<\/p>\n<h3><strong>Impressive visuals<\/strong><\/h3>\n<p>Between 2004 and 2018, it was obvious that the digital quality would be different, but it turns out to be quite exceptional at the microscopic level. Indeed, the clothes of Mr. Indestructible, or Bob Parr, come close to reality with the detail of texture and creasing. Then there's the designers' special attention to the characters' body movements, including the raising and lowering of the ribcage in the breathing process. All these new details, however, maintain a close graphic relationship with the first film, giving the effect of an uninterrupted sequel.<\/p>\n<p>The world of The Incredibles is also interesting in terms of its composition, which blends the style of 1960s America with advanced technology worthy of science fiction. Pixar Studios have thus succeeded in their visual challenge, presenting us not only with today's level of technology, but also with the ability to stay close to the original.<\/p>\n<h3><strong>Questions and criticism<\/strong><\/h3>\n<p><em>The Incredibles 2 <\/em>is entertaining with its action scenes, breathtaking superhero demonstrations and, above all, the new abilities finally unveiled by the Parr family's very young Jack-Jack. In addition to the stunts, this cartoon poses some interesting questions, particularly on the subject of legislation against superheroes: should an unjust law be obeyed? This is a fundamental question that has been debated since the advent of modern society, but there are also much more topical and critical questions concerning technology in particular. It is through the Hypnotist that the idea is raised, and he argues that new technologies, like superheroes, enslave individuals by making them weak and passive in society.<\/p>\n<p>Ultimately, this cartoon plays with the limits of Manichaeism, as the superheroes are outlaws while they are portrayed as \u00abgood guys\u00bb and the \u00abbad guys\u00bb are complex, rebellious beings, as we saw with the disappointment of Syndrome in the first film. On the other hand, the script could have been more elaborate, as the denouement is easily deciphered. However, let's not forget that this film was originally intended for children, which doesn't prevent older viewers from having an entertaining time!<\/p>\n<p><em>Write to the author :\u00a0<a href=\"mailto:marina.detoro@leregardlibre.ch\">marina.detoro@leregardlibre.ch<\/a><\/em><\/p>\n<p>Photo credit: \u00a9 The Walt Disney Company Switzerland<\/p>","protected":false},"excerpt":{"rendered":"<p>Les mercredis du cin\u00e9ma \u2013\u00a0Marina De Toro Apr\u00e8s plusieurs ann\u00e9es d\u2019attente, les jeunes des ann\u00e9es 2000 et 2010 vont enfin&#8230;<\/p>","protected":false},"author":17,"featured_media":509989,"comment_status":"open","ping_status":"open","sticky":false,"template":"","format":"standard","meta":{"_acf_changed":false,"footnotes":""},"categories":[644355829],"tags":[177,644338996,1090624,644338991,644338989,644338990,35,644338994,644338988,644338993,33605,644338992],"class_list":["post-16175","post","type-post","status-publish","format-standard","has-post-thumbnail","hentry","category-films","tag-art","tag-costumes","tag-dessin-anime","tag-elastigirl","tag-fleche","tag-frozon","tag-humour","tag-hypnotiseur","tag-indestructible","tag-jack-jack","tag-loi","tag-violet"],"acf":[],"yoast_head":"<!-- This site is optimized with the Yoast SEO Premium plugin v27.4 (Yoast SEO v27.4) - https:\/\/yoast.com\/product\/yoast-seo-premium-wordpress\/ -->\n<title>\u00abLes Indestructibles 2\u00bb ou le retour des super-h\u00e9ros<\/title>\n<meta name=\"robots\" content=\"index, follow, max-snippet:-1, max-image-preview:large, max-video-preview:-1\" \/>\n<link rel=\"canonical\" href=\"https:\/\/leregardlibre.com\/en\/cinema\/films\/the-indestructibles-2-or-the-return-of-the-superheroes\/\" \/>\n<meta property=\"og:locale\" content=\"en_US\" \/>\n<meta property=\"og:type\" content=\"article\" \/>\n<meta property=\"og:title\" content=\"\u00abLes Indestructibles 2\u00bb ou le retour des super-h\u00e9ros\" \/>\n<meta property=\"og:description\" content=\"Les mercredis du cin\u00e9ma \u2013\u00a0Marina De Toro Apr\u00e8s plusieurs ann\u00e9es d\u2019attente, les jeunes des ann\u00e9es 2000 et 2010 vont enfin...\" \/>\n<meta property=\"og:url\" content=\"https:\/\/leregardlibre.com\/en\/cinema\/films\/the-indestructibles-2-or-the-return-of-the-superheroes\/\" \/>\n<meta property=\"og:site_name\" content=\"Le Regard Libre\" \/>\n<meta property=\"article:publisher\" content=\"https:\/\/www.facebook.com\/leregardlibre\/\" \/>\n<meta property=\"article:published_time\" content=\"2018-07-11T08:00:38+00:00\" \/>\n<meta property=\"article:modified_time\" content=\"2025-12-04T21:40:40+00:00\" \/>\n<meta property=\"og:image\" content=\"https:\/\/leregardlibre.com\/wp-content\/uploads\/2018\/07\/Les-Indestructibles-II-2-\u00a9-The-Walt-Disney-Company-Switzerland-1-1024x466.jpg\" \/>\n\t<meta property=\"og:image:width\" content=\"1024\" \/>\n\t<meta property=\"og:image:height\" content=\"466\" \/>\n\t<meta property=\"og:image:type\" content=\"image\/jpeg\" \/>\n<meta name=\"author\" content=\"Marina De Toro\" \/>\n<meta name=\"twitter:card\" content=\"summary_large_image\" \/>\n<meta name=\"twitter:creator\" content=\"@LeRegardLibre\" \/>\n<meta name=\"twitter:site\" content=\"@LeRegardLibre\" \/>\n<meta name=\"twitter:label1\" content=\"Written by\" \/>\n\t<meta name=\"twitter:data1\" content=\"Marina De Toro\" \/>\n\t<meta name=\"twitter:label2\" content=\"Est. reading time\" \/>\n\t<meta name=\"twitter:data2\" content=\"3 minutes\" \/>\n<script type=\"application\/ld+json\" class=\"yoast-schema-graph\">{\"@context\":\"https:\\\/\\\/schema.org\",\"@graph\":[{\"@type\":\"Article\",\"@id\":\"https:\\\/\\\/leregardlibre.com\\\/cinema\\\/films\\\/les-indestructibles-2-ou-le-retour-des-super-heros\\\/#article\",\"isPartOf\":{\"@id\":\"https:\\\/\\\/leregardlibre.com\\\/cinema\\\/films\\\/les-indestructibles-2-ou-le-retour-des-super-heros\\\/\"},\"author\":{\"name\":\"Marina De Toro\",\"@id\":\"https:\\\/\\\/leregardlibre.com\\\/#\\\/schema\\\/person\\\/707c6b37669c41ff3db20bd7c64e110a\"},\"headline\":\"\u00abLes Indestructibles 2\u00bb ou le retour des super-h\u00e9ros\",\"datePublished\":\"2018-07-11T08:00:38+00:00\",\"dateModified\":\"2025-12-04T21:40:40+00:00\",\"mainEntityOfPage\":{\"@id\":\"https:\\\/\\\/leregardlibre.com\\\/cinema\\\/films\\\/les-indestructibles-2-ou-le-retour-des-super-heros\\\/\"},\"wordCount\":660,\"commentCount\":0,\"publisher\":{\"@id\":\"https:\\\/\\\/leregardlibre.com\\\/#organization\"},\"image\":{\"@id\":\"https:\\\/\\\/leregardlibre.com\\\/cinema\\\/films\\\/les-indestructibles-2-ou-le-retour-des-super-heros\\\/#primaryimage\"},\"thumbnailUrl\":\"https:\\\/\\\/leregardlibre.com\\\/wp-content\\\/uploads\\\/2018\\\/07\\\/Les-Indestructibles-II-2-\u00a9-The-Walt-Disney-Company-Switzerland-1.jpg\",\"keywords\":[\"Art\",\"costumes\",\"dessin anim\u00e9\",\"elastigirl\",\"fl\u00e8che\",\"frozon\",\"Humour\",\"hypnotiseur\",\"indestructible\",\"jack-jack\",\"loi\",\"violet\"],\"articleSection\":[\"Films\"],\"inLanguage\":\"en-US\",\"potentialAction\":[{\"@type\":\"CommentAction\",\"name\":\"Comment\",\"target\":[\"https:\\\/\\\/leregardlibre.com\\\/cinema\\\/films\\\/les-indestructibles-2-ou-le-retour-des-super-heros\\\/#respond\"]}]},{\"@type\":\"WebPage\",\"@id\":\"https:\\\/\\\/leregardlibre.com\\\/cinema\\\/films\\\/les-indestructibles-2-ou-le-retour-des-super-heros\\\/\",\"url\":\"https:\\\/\\\/leregardlibre.com\\\/cinema\\\/films\\\/les-indestructibles-2-ou-le-retour-des-super-heros\\\/\",\"name\":\"\u00abLes Indestructibles 2\u00bb ou le retour des super-h\u00e9ros\",\"isPartOf\":{\"@id\":\"https:\\\/\\\/leregardlibre.com\\\/#website\"},\"primaryImageOfPage\":{\"@id\":\"https:\\\/\\\/leregardlibre.com\\\/cinema\\\/films\\\/les-indestructibles-2-ou-le-retour-des-super-heros\\\/#primaryimage\"},\"image\":{\"@id\":\"https:\\\/\\\/leregardlibre.com\\\/cinema\\\/films\\\/les-indestructibles-2-ou-le-retour-des-super-heros\\\/#primaryimage\"},\"thumbnailUrl\":\"https:\\\/\\\/leregardlibre.com\\\/wp-content\\\/uploads\\\/2018\\\/07\\\/Les-Indestructibles-II-2-\u00a9-The-Walt-Disney-Company-Switzerland-1.jpg\",\"datePublished\":\"2018-07-11T08:00:38+00:00\",\"dateModified\":\"2025-12-04T21:40:40+00:00\",\"breadcrumb\":{\"@id\":\"https:\\\/\\\/leregardlibre.com\\\/cinema\\\/films\\\/les-indestructibles-2-ou-le-retour-des-super-heros\\\/#breadcrumb\"},\"inLanguage\":\"en-US\",\"potentialAction\":[{\"@type\":\"ReadAction\",\"target\":[\"https:\\\/\\\/leregardlibre.com\\\/cinema\\\/films\\\/les-indestructibles-2-ou-le-retour-des-super-heros\\\/\"]}]},{\"@type\":\"ImageObject\",\"inLanguage\":\"en-US\",\"@id\":\"https:\\\/\\\/leregardlibre.com\\\/cinema\\\/films\\\/les-indestructibles-2-ou-le-retour-des-super-heros\\\/#primaryimage\",\"url\":\"https:\\\/\\\/leregardlibre.com\\\/wp-content\\\/uploads\\\/2018\\\/07\\\/Les-Indestructibles-II-2-\u00a9-The-Walt-Disney-Company-Switzerland-1.jpg\",\"contentUrl\":\"https:\\\/\\\/leregardlibre.com\\\/wp-content\\\/uploads\\\/2018\\\/07\\\/Les-Indestructibles-II-2-\u00a9-The-Walt-Disney-Company-Switzerland-1.jpg\",\"width\":4096,\"height\":1862,\"caption\":\"SUPER FAMILY -- In Disney Pixar\u2019s \u201cIncredibles 2,\u201d Helen (voice of Holly Hunter) is in the spotlight, while Bob (voice of Craig T. Nelson) navigates the day-to-day heroics of \u201cnormal\u201d life at home when a new villain hatches a brilliant and dangerous plot that only the Incredibles can overcome together. Also featuring the voices of Sarah Vowell as Violet and Huck Milner as Dash, \u201cIncredibles 2\u201d opens in U.S. theaters on June 15, 2018. \u00a92017 Disney\u2022Pixar. All Rights Reserved.\"},{\"@type\":\"BreadcrumbList\",\"@id\":\"https:\\\/\\\/leregardlibre.com\\\/cinema\\\/films\\\/les-indestructibles-2-ou-le-retour-des-super-heros\\\/#breadcrumb\",\"itemListElement\":[{\"@type\":\"ListItem\",\"position\":1,\"name\":\"Accueil\",\"item\":\"https:\\\/\\\/leregardlibre.com\\\/\"},{\"@type\":\"ListItem\",\"position\":2,\"name\":\"\u00abLes Indestructibles 2\u00bb ou le retour des super-h\u00e9ros\"}]},{\"@type\":\"WebSite\",\"@id\":\"https:\\\/\\\/leregardlibre.com\\\/#website\",\"url\":\"https:\\\/\\\/leregardlibre.com\\\/\",\"name\":\"Le Regard Libre\",\"description\":\"Premier mensuel suisse de d\u00e9bat\",\"publisher\":{\"@id\":\"https:\\\/\\\/leregardlibre.com\\\/#organization\"},\"potentialAction\":[{\"@type\":\"SearchAction\",\"target\":{\"@type\":\"EntryPoint\",\"urlTemplate\":\"https:\\\/\\\/leregardlibre.com\\\/?s={search_term_string}\"},\"query-input\":{\"@type\":\"PropertyValueSpecification\",\"valueRequired\":true,\"valueName\":\"search_term_string\"}}],\"inLanguage\":\"en-US\"},{\"@type\":\"Organization\",\"@id\":\"https:\\\/\\\/leregardlibre.com\\\/#organization\",\"name\":\"Le Regard Libre\",\"url\":\"https:\\\/\\\/leregardlibre.com\\\/\",\"logo\":{\"@type\":\"ImageObject\",\"inLanguage\":\"en-US\",\"@id\":\"https:\\\/\\\/leregardlibre.com\\\/#\\\/schema\\\/logo\\\/image\\\/\",\"url\":\"https:\\\/\\\/leregardlibre.com\\\/wp-content\\\/uploads\\\/2025\\\/08\\\/logo-rl-icone-neg.jpeg\",\"contentUrl\":\"https:\\\/\\\/leregardlibre.com\\\/wp-content\\\/uploads\\\/2025\\\/08\\\/logo-rl-icone-neg.jpeg\",\"width\":557,\"height\":556,\"caption\":\"Le Regard Libre\"},\"image\":{\"@id\":\"https:\\\/\\\/leregardlibre.com\\\/#\\\/schema\\\/logo\\\/image\\\/\"},\"sameAs\":[\"https:\\\/\\\/www.facebook.com\\\/leregardlibre\\\/\",\"https:\\\/\\\/x.com\\\/LeRegardLibre\",\"https:\\\/\\\/www.linkedin.com\\\/company\\\/le-regard-libre\",\"https:\\\/\\\/www.instagram.com\\\/leregardlibre\\\/\",\"http:\\\/\\\/t.me\\\/leregardlibre\",\"https:\\\/\\\/youtube.com\\\/channel\\\/UC6HzGPomj1LsUmlz-sJtITQ\"],\"description\":\"Le Regard Libre est un mensuel suisse de d\u00e9bat intellectuel et culturel. Sa r\u00e9daction est jeune, b\u00e9n\u00e9vole, lib\u00e9rale et pluraliste. Le magazine para\u00eet en ligne et sous forme papier. Sa langue est le fran\u00e7ais.\",\"email\":\"redaction@leregardlibre.com\",\"legalName\":\"Le Regard Libre\",\"foundingDate\":\"2014-01-01\",\"numberOfEmployees\":{\"@type\":\"QuantitativeValue\",\"minValue\":\"11\",\"maxValue\":\"50\"},\"publishingPrinciples\":\"https:\\\/\\\/leregardlibre.com\\\/a-propos\\\/notre-manifeste\\\/\",\"ownershipFundingInfo\":\"https:\\\/\\\/leregardlibre.com\\\/mentions-legales\\\/\",\"actionableFeedbackPolicy\":\"https:\\\/\\\/leregardlibre.com\\\/conditions-generales-de-vente\\\/\"},{\"@type\":\"Person\",\"@id\":\"https:\\\/\\\/leregardlibre.com\\\/#\\\/schema\\\/person\\\/707c6b37669c41ff3db20bd7c64e110a\",\"name\":\"Marina De Toro\",\"image\":{\"@type\":\"ImageObject\",\"inLanguage\":\"en-US\",\"@id\":\"https:\\\/\\\/secure.gravatar.com\\\/avatar\\\/73480382af258f553ab5feb17c3e14d211ebf97cbc8b67b8316479abd1529c69?s=96&d=identicon&r=g\",\"url\":\"https:\\\/\\\/secure.gravatar.com\\\/avatar\\\/73480382af258f553ab5feb17c3e14d211ebf97cbc8b67b8316479abd1529c69?s=96&d=identicon&r=g\",\"contentUrl\":\"https:\\\/\\\/secure.gravatar.com\\\/avatar\\\/73480382af258f553ab5feb17c3e14d211ebf97cbc8b67b8316479abd1529c69?s=96&d=identicon&r=g\",\"caption\":\"Marina De Toro\"},\"sameAs\":[\"https:\\\/\\\/leregardlibre.com\\\/\",\"https:\\\/\\\/fr.wikipedia.org\\\/wiki\\\/Le_Regard_libre\"],\"url\":\"https:\\\/\\\/leregardlibre.com\\\/en\\\/author\\\/marina-detoro-mdt\\\/\"}]}<\/script>\n<!-- \/ Yoast SEO Premium plugin. -->","yoast_head_json":{"title":"\u00abThe Incredibles 2\u00bb or the return of superheroes","robots":{"index":"index","follow":"follow","max-snippet":"max-snippet:-1","max-image-preview":"max-image-preview:large","max-video-preview":"max-video-preview:-1"},"canonical":"https:\/\/leregardlibre.com\/en\/cinema\/films\/the-indestructibles-2-or-the-return-of-the-superheroes\/","og_locale":"en_US","og_type":"article","og_title":"\u00abLes Indestructibles 2\u00bb ou le retour des super-h\u00e9ros","og_description":"Les mercredis du cin\u00e9ma \u2013\u00a0Marina De Toro Apr\u00e8s plusieurs ann\u00e9es d\u2019attente, les jeunes des ann\u00e9es 2000 et 2010 vont enfin...","og_url":"https:\/\/leregardlibre.com\/en\/cinema\/films\/the-indestructibles-2-or-the-return-of-the-superheroes\/","og_site_name":"Le Regard Libre","article_publisher":"https:\/\/www.facebook.com\/leregardlibre\/","article_published_time":"2018-07-11T08:00:38+00:00","article_modified_time":"2025-12-04T21:40:40+00:00","og_image":[{"width":1024,"height":466,"url":"https:\/\/leregardlibre.com\/wp-content\/uploads\/2018\/07\/Les-Indestructibles-II-2-\u00a9-The-Walt-Disney-Company-Switzerland-1-1024x466.jpg","type":"image\/jpeg"}],"author":"Marina De Toro","twitter_card":"summary_large_image","twitter_creator":"@LeRegardLibre","twitter_site":"@LeRegardLibre","twitter_misc":{"Written by":"Marina De Toro","Est. reading time":"3 minutes"},"schema":{"@context":"https:\/\/schema.org","@graph":[{"@type":"Article","@id":"https:\/\/leregardlibre.com\/cinema\/films\/les-indestructibles-2-ou-le-retour-des-super-heros\/#article","isPartOf":{"@id":"https:\/\/leregardlibre.com\/cinema\/films\/les-indestructibles-2-ou-le-retour-des-super-heros\/"},"author":{"name":"Marina De Toro","@id":"https:\/\/leregardlibre.com\/#\/schema\/person\/707c6b37669c41ff3db20bd7c64e110a"},"headline":"\u00abLes Indestructibles 2\u00bb ou le retour des super-h\u00e9ros","datePublished":"2018-07-11T08:00:38+00:00","dateModified":"2025-12-04T21:40:40+00:00","mainEntityOfPage":{"@id":"https:\/\/leregardlibre.com\/cinema\/films\/les-indestructibles-2-ou-le-retour-des-super-heros\/"},"wordCount":660,"commentCount":0,"publisher":{"@id":"https:\/\/leregardlibre.com\/#organization"},"image":{"@id":"https:\/\/leregardlibre.com\/cinema\/films\/les-indestructibles-2-ou-le-retour-des-super-heros\/#primaryimage"},"thumbnailUrl":"https:\/\/leregardlibre.com\/wp-content\/uploads\/2018\/07\/Les-Indestructibles-II-2-\u00a9-The-Walt-Disney-Company-Switzerland-1.jpg","keywords":["Art","costumes","dessin anim\u00e9","elastigirl","fl\u00e8che","frozon","Humour","hypnotiseur","indestructible","jack-jack","loi","violet"],"articleSection":["Films"],"inLanguage":"en-US","potentialAction":[{"@type":"CommentAction","name":"Comment","target":["https:\/\/leregardlibre.com\/cinema\/films\/les-indestructibles-2-ou-le-retour-des-super-heros\/#respond"]}]},{"@type":"WebPage","@id":"https:\/\/leregardlibre.com\/cinema\/films\/les-indestructibles-2-ou-le-retour-des-super-heros\/","url":"https:\/\/leregardlibre.com\/cinema\/films\/les-indestructibles-2-ou-le-retour-des-super-heros\/","name":"\u00abThe Incredibles 2\u00bb or the return of superheroes","isPartOf":{"@id":"https:\/\/leregardlibre.com\/#website"},"primaryImageOfPage":{"@id":"https:\/\/leregardlibre.com\/cinema\/films\/les-indestructibles-2-ou-le-retour-des-super-heros\/#primaryimage"},"image":{"@id":"https:\/\/leregardlibre.com\/cinema\/films\/les-indestructibles-2-ou-le-retour-des-super-heros\/#primaryimage"},"thumbnailUrl":"https:\/\/leregardlibre.com\/wp-content\/uploads\/2018\/07\/Les-Indestructibles-II-2-\u00a9-The-Walt-Disney-Company-Switzerland-1.jpg","datePublished":"2018-07-11T08:00:38+00:00","dateModified":"2025-12-04T21:40:40+00:00","breadcrumb":{"@id":"https:\/\/leregardlibre.com\/cinema\/films\/les-indestructibles-2-ou-le-retour-des-super-heros\/#breadcrumb"},"inLanguage":"en-US","potentialAction":[{"@type":"ReadAction","target":["https:\/\/leregardlibre.com\/cinema\/films\/les-indestructibles-2-ou-le-retour-des-super-heros\/"]}]},{"@type":"ImageObject","inLanguage":"en-US","@id":"https:\/\/leregardlibre.com\/cinema\/films\/les-indestructibles-2-ou-le-retour-des-super-heros\/#primaryimage","url":"https:\/\/leregardlibre.com\/wp-content\/uploads\/2018\/07\/Les-Indestructibles-II-2-\u00a9-The-Walt-Disney-Company-Switzerland-1.jpg","contentUrl":"https:\/\/leregardlibre.com\/wp-content\/uploads\/2018\/07\/Les-Indestructibles-II-2-\u00a9-The-Walt-Disney-Company-Switzerland-1.jpg","width":4096,"height":1862,"caption":"SUPER FAMILY -- In Disney Pixar\u2019s \u201cIncredibles 2,\u201d Helen (voice of Holly Hunter) is in the spotlight, while Bob (voice of Craig T. Nelson) navigates the day-to-day heroics of \u201cnormal\u201d life at home when a new villain hatches a brilliant and dangerous plot that only the Incredibles can overcome together. Also featuring the voices of Sarah Vowell as Violet and Huck Milner as Dash, \u201cIncredibles 2\u201d opens in U.S. theaters on June 15, 2018. \u00a92017 Disney\u2022Pixar. All Rights Reserved."},{"@type":"BreadcrumbList","@id":"https:\/\/leregardlibre.com\/cinema\/films\/les-indestructibles-2-ou-le-retour-des-super-heros\/#breadcrumb","itemListElement":[{"@type":"ListItem","position":1,"name":"Accueil","item":"https:\/\/leregardlibre.com\/"},{"@type":"ListItem","position":2,"name":"\u00abLes Indestructibles 2\u00bb ou le retour des super-h\u00e9ros"}]},{"@type":"WebSite","@id":"https:\/\/leregardlibre.com\/#website","url":"https:\/\/leregardlibre.com\/","name":"Le Regard Libre","description":"Switzerland's first monthly debate magazine","publisher":{"@id":"https:\/\/leregardlibre.com\/#organization"},"potentialAction":[{"@type":"SearchAction","target":{"@type":"EntryPoint","urlTemplate":"https:\/\/leregardlibre.com\/?s={search_term_string}"},"query-input":{"@type":"PropertyValueSpecification","valueRequired":true,"valueName":"search_term_string"}}],"inLanguage":"en-US"},{"@type":"Organization","@id":"https:\/\/leregardlibre.com\/#organization","name":"Le Regard Libre","url":"https:\/\/leregardlibre.com\/","logo":{"@type":"ImageObject","inLanguage":"en-US","@id":"https:\/\/leregardlibre.com\/#\/schema\/logo\/image\/","url":"https:\/\/leregardlibre.com\/wp-content\/uploads\/2025\/08\/logo-rl-icone-neg.jpeg","contentUrl":"https:\/\/leregardlibre.com\/wp-content\/uploads\/2025\/08\/logo-rl-icone-neg.jpeg","width":557,"height":556,"caption":"Le Regard Libre"},"image":{"@id":"https:\/\/leregardlibre.com\/#\/schema\/logo\/image\/"},"sameAs":["https:\/\/www.facebook.com\/leregardlibre\/","https:\/\/x.com\/LeRegardLibre","https:\/\/www.linkedin.com\/company\/le-regard-libre","https:\/\/www.instagram.com\/leregardlibre\/","http:\/\/t.me\/leregardlibre","https:\/\/youtube.com\/channel\/UC6HzGPomj1LsUmlz-sJtITQ"],"description":"Le Regard Libre is a Swiss monthly magazine for intellectual and cultural debate. Its editorial team is young, voluntary, liberal and pluralist. The magazine appears online and in print. Its language is French.","email":"redaction@leregardlibre.com","legalName":"Le Regard Libre","foundingDate":"2014-01-01","numberOfEmployees":{"@type":"QuantitativeValue","minValue":"11","maxValue":"50"},"publishingPrinciples":"https:\/\/leregardlibre.com\/a-propos\/notre-manifeste\/","ownershipFundingInfo":"https:\/\/leregardlibre.com\/mentions-legales\/","actionableFeedbackPolicy":"https:\/\/leregardlibre.com\/conditions-generales-de-vente\/"},{"@type":"Person","@id":"https:\/\/leregardlibre.com\/#\/schema\/person\/707c6b37669c41ff3db20bd7c64e110a","name":"Marina De Toro","image":{"@type":"ImageObject","inLanguage":"en-US","@id":"https:\/\/secure.gravatar.com\/avatar\/73480382af258f553ab5feb17c3e14d211ebf97cbc8b67b8316479abd1529c69?s=96&d=identicon&r=g","url":"https:\/\/secure.gravatar.com\/avatar\/73480382af258f553ab5feb17c3e14d211ebf97cbc8b67b8316479abd1529c69?s=96&d=identicon&r=g","contentUrl":"https:\/\/secure.gravatar.com\/avatar\/73480382af258f553ab5feb17c3e14d211ebf97cbc8b67b8316479abd1529c69?s=96&d=identicon&r=g","caption":"Marina De Toro"},"sameAs":["https:\/\/leregardlibre.com\/","https:\/\/fr.wikipedia.org\/wiki\/Le_Regard_libre"],"url":"https:\/\/leregardlibre.com\/en\/author\/marina-detoro-mdt\/"}]}},"_links":{"self":[{"href":"https:\/\/leregardlibre.com\/en\/wp-json\/wp\/v2\/posts\/16175","targetHints":{"allow":["GET"]}}],"collection":[{"href":"https:\/\/leregardlibre.com\/en\/wp-json\/wp\/v2\/posts"}],"about":[{"href":"https:\/\/leregardlibre.com\/en\/wp-json\/wp\/v2\/types\/post"}],"author":[{"embeddable":true,"href":"https:\/\/leregardlibre.com\/en\/wp-json\/wp\/v2\/users\/17"}],"replies":[{"embeddable":true,"href":"https:\/\/leregardlibre.com\/en\/wp-json\/wp\/v2\/comments?post=16175"}],"version-history":[{"count":1,"href":"https:\/\/leregardlibre.com\/en\/wp-json\/wp\/v2\/posts\/16175\/revisions"}],"predecessor-version":[{"id":509988,"href":"https:\/\/leregardlibre.com\/en\/wp-json\/wp\/v2\/posts\/16175\/revisions\/509988"}],"wp:featuredmedia":[{"embeddable":true,"href":"https:\/\/leregardlibre.com\/en\/wp-json\/wp\/v2\/media\/509989"}],"wp:attachment":[{"href":"https:\/\/leregardlibre.com\/en\/wp-json\/wp\/v2\/media?parent=16175"}],"wp:term":[{"taxonomy":"category","embeddable":true,"href":"https:\/\/leregardlibre.com\/en\/wp-json\/wp\/v2\/categories?post=16175"},{"taxonomy":"post_tag","embeddable":true,"href":"https:\/\/leregardlibre.com\/en\/wp-json\/wp\/v2\/tags?post=16175"}],"curies":[{"name":"wp","href":"https:\/\/api.w.org\/{rel}","templated":true}]}}