{"id":17055,"date":"2018-09-19T18:20:49","date_gmt":"2018-09-19T17:20:49","guid":{"rendered":"https:\/\/leregardlibre.com\/?p=17055"},"modified":"2025-12-04T22:39:42","modified_gmt":"2025-12-04T21:39:42","slug":"a-lecole-des-philosophes-a-magnificent-philosophy-of-life","status":"publish","type":"post","link":"https:\/\/leregardlibre.com\/en\/cinema\/films\/a-lecole-des-philosophes-a-magnificent-philosophy-of-life\/","title":{"rendered":"\u00abA l'\u00e9cole des philosophes\u00bb, a magnificent philosophy of life"},"content":{"rendered":"<p><em>Cinema Wednesdays - <a href=\"https:\/\/leregardlibre.com\/en\/tag\/lauriane-pipoz\/\">Lauriane Pipoz<\/a><\/em><\/p>\n\n\n\n<p class=\"has-drop-cap\"><strong>In his latest documentary, Fernand Melgar takes a look at five children with disabilities. Accompanied by professionals, they experience their first day at school at Rue des philosophes. Their objective for the year: \u00abto learn how to be a schoolboy\u00bb, according to Adeline, the class teacher.<\/strong><\/p>\n\n\n\n<!--more Lire la critique (en libre acc\u00e8s)-->\n\n\n\n<figure class=\"wp-block-embed is-type-video is-provider-youtube wp-block-embed-youtube wp-embed-aspect-16-9 wp-has-aspect-ratio\"><div class=\"wp-block-embed__wrapper\">\n<iframe title=\"Trailer \u00c0 L&#039;\u00c9COLE DES PHILOSOPHES by Fernand Melgar\" width=\"1000\" height=\"563\" src=\"https:\/\/www.youtube.com\/embed\/SvV2ihaFZj0?feature=oembed\" frameborder=\"0\" allow=\"accelerometer; autoplay; clipboard-write; encrypted-media; gyroscope; picture-in-picture; web-share\" referrerpolicy=\"strict-origin-when-cross-origin\" allowfullscreen><\/iframe>\n<\/div><\/figure>\n\n\n\n<p>The camera opens on three special girls and two boys, accompanied by their parents. For a year and a half, they will be followed daily by Fernand Melgar, the Lausanne-based filmmaker familiar with committed documentaries. And so the magic slowly unfolds before our eyes: if the children seem chaotic on their first day at school, they slowly seem to tame themselves, under the constant attention and benevolence of their carers.<\/p>\n\n\n\n<h3 class=\"wp-block-heading\">Progress as a guideline<\/h3>\n\n\n\n<p>Throughout the documentary, the viewer observes the \u00abactors\u00bb evolve, guided by the comments of the teachers and therapists. This will be the film's common thread: the children seem to open up as they discover each other and learn to live in community. It has to be said that some were used to being the center of attention. Take Albiana, for example, whose exhausted mother confides that she had to leave her youngest daughter in Kosovo with her parents: her first daughter, suffering from Dawn's syndrome, was beating her up because she was no longer the sole focus of the family's attention. If, at the beginning of the film, the child seems uncontrollable and gives the educators a great deal of trouble, she gradually becomes more manageable, thanks to the extreme patience and optimism of the educators.<\/p>\n\n\n\n\n\n<p>It's hard to talk about it without mentioning the poignant scene in which Albiana's mother emotionally reveals her daily life: the unruly little girl runs around screaming and rips off a few handkerchiefs. Her mother reprimands her energetically, but the teacher, with a smile and a tender look, tells her to use the handkerchief, as it was her daughter who gave it to her. In this way, she teaches us that things take on the meaning we want to give them.<\/p>\n\n\n\n<h3 class=\"wp-block-heading\">The first ingredient: love<\/h3>\n\n\n\n<p>That's what this documentary is: a lesson in the miracles of love. In Melgar's words to <em>Swissinfo<\/em>,The first ingredient for \u00abmaking any being progress\u00bb.<a name=\"_ftnref1\" href=\"applewebdata:\/\/52368DC5-D5CD-4170-8AA1-E7B013A6B43F#_ftn1\">[1]<\/a>\u00a0We're talking here about the love of the professionals committed to their work at 100%, but also the love of the parents. The latter seem to have built their daily lives around their different child, and seem to do so willingly, despite all the difficulties. One example is the mother of little Chlo\u00e9, who suffers from degenerative tochondriopathy and has a very short life expectancy. She declares that her marriage did not survive the diagnosis, because she could no longer bear to run around in her life for futile things: she wants to make the most of the time she has with her daughter. She makes this declaration by covering her with an affectionate look and calling her \u00abray of sunshine\u00bb.<\/p>\n\n\n\n<form method=\"post\" action=\"https:\/\/newsletter.infomaniak.com\/external\/submit\" class=\"inf-form\" target=\"_blank\"><input type=\"email\" name=\"email\" style=\"display:none\" \/><input type=\"hidden\" name=\"key\" value=\"eyJpdiI6IlZXRVJGMlRGQUU2alNqUE81bitIUk5adnNVa0c4MllFTStzOHdHT1FQZ3c9IiwidmFsdWUiOiJIYzhwMUVCK1pTNnlhY3MyMmhuZlhReWJqemEwNk93blMxTjFHc0s2VHZrPSIsIm1hYyI6ImVhYTQ5N2I1M2NiYWE4NzBmNjk2NzgzYjliM2Y5NmYzM2E2ZmU3NGQxNTU1ZDFkMTU1MzY5NTdjYjE3ZTJmNTUifQ==\"><input type=\"hidden\" name=\"webform_id\" value=\"7291\"><style> .inf-main_3000311ca56a1cb93397bc676c0b7fff{ background-color:#f5f5f5; padding:25px 20px; margin:25px auto; } .inf-main_3000311ca56a1cb93397bc676c0b7fff .inf-content { margin-top:13px;} .inf-main_3000311ca56a1cb93397bc676c0b7fff h4, .inf-main_3000311ca56a1cb93397bc676c0b7fff span, .inf-main_3000311ca56a1cb93397bc676c0b7fff label, .inf-main_3000311ca56a1cb93397bc676c0b7fff input, .inf-main_3000311ca56a1cb93397bc676c0b7fff .inf-submit, .inf-main_3000311ca56a1cb93397bc676c0b7fff .inf-success p a { color:#555555; font-size:14px; } .inf-main_3000311ca56a1cb93397bc676c0b7fff h4{ font-size:18px; margin:0px 0px 13px 0px; } .inf-main_3000311ca56a1cb93397bc676c0b7fff h4, .inf-main_3000311ca56a1cb93397bc676c0b7fff label{ font-weight:bold; } .inf-main_3000311ca56a1cb93397bc676c0b7fff .inf-input { margin-bottom:7px; } .inf-main_3000311ca56a1cb93397bc676c0b7fff label { display:block;} .inf-main_3000311ca56a1cb93397bc676c0b7fff input{ height:35px; color:#999999; border: 1px solid #E9E9E9; border:none; padding-left:7px; } .inf-main_3000311ca56a1cb93397bc676c0b7fff .inf-input.inf-error label, .inf-main_3000311ca56a1cb93397bc676c0b7fff .inf-input.inf-error span.inf-message{ color: #cc0033; } .inf-main_3000311ca56a1cb93397bc676c0b7fff .inf-input.inf-error input{ border: 1px solid #cc0033; } .inf-main_3000311ca56a1cb93397bc676c0b7fff .inf-input input { width:100%;} .inf-main_3000311ca56a1cb93397bc676c0b7fff .inf-input.inf-error span.inf-message { display: block; } .inf-main_3000311ca56a1cb93397bc676c0b7fff .inf-submit { text-align:right;} .inf-main_3000311ca56a1cb93397bc676c0b7fff .inf-submit input{ background-color:#777777; color:#ffffff; border:none; font-weight: normal; height:auto; padding:7px; } .inf-main_3000311ca56a1cb93397bc676c0b7fff .inf-submit input.disabled{ opacity: 0.4; } .inf-btn { color: rgb(85, 85, 85); border: medium none; font-weight: normal; height: auto; padding: 7px; display: inline-block; background-color: white; box-shadow: 0px 1px 1px rgba(0, 0, 0, 0.24); border-radius: 2px; line-height: 1em; } .inf-rgpd { margin:25px 0px 15px 0px; color:#555555; } <\/style> <div class=\"inf-main_3000311ca56a1cb93397bc676c0b7fff\"> <h4>NEWSLETTER DU REGARD LIBRE<\/h4> <span>Receive our articles every Sunday.<\/span> <div class=\"inf-success\" style=\"display:none\"> <h4>Your subscription to our weekly newsletter has been successfully registered!<\/h4> <p> <a href=\"#\" class=\"inf-btn\">\u00ab<\/a> <\/p> <\/div> <div class=\"inf-content\"> <div class=\"inf-input inf-input-text\"> <input type=\"text\" name=\"inf[1]\" data-inf-meta = \"1\" data-inf-error = \"Merci de renseigner une adresse email\" required=\"required\" placeholder=\"Email\" > <\/div> <div class=\"inf-submit\"> <input type=\"submit\" name=\"\" value=\"Sign up\"> <\/div> <\/div> <\/div> <\/form>\n\n\n\n<p>It's hard not to be deeply moved by the life lesson Fernand Melgar offers us through these wonderful people who have built their lives around these different children. They teach us just how much progress everyone is capable of if given the chance and the right environment. Among other lessons, they also show us how important optimism is, and how looking at difference can teach us more about life. So, to all those who claim that philosophy is boring, let's dare to reply that it doesn't just lurk on library shelves: it's all around us, if we dare to look at what others have to teach us, and it's magnificent.<\/p>\n\n\n\n<p><em>Write to the author: <a href=\"mailto:laurianepipoz@gmail.com\">laurianepipoz@gmail.com<\/a><\/em><\/p>\n\n\n\n<p>Photo credit: \u00a9 Outside The Box<\/p>\n\n\n\n<p><a href=\"applewebdata:\/\/52368DC5-D5CD-4170-8AA1-E7B013A6B43F#_ftnref1\" name=\"_ftn1\">[1]<\/a><a href=\"https:\/\/www.swissinfo.ch\/fre\/economie\/-a-l-%C3%A9cole-des-philosophes--de-fernand-melgar_-je-ne-vois-plus-le-handicap--je-vois-des-enfants-avec-d-autres-qualit%C3%A9s-\/43845828\">https:\/\/www.swissinfo.ch\/fre\/economie\/-a-l-%C3%A9cole-des-philosophes&#8211;de-fernand-melgar_-je-ne-vois-plus-le-handicap&#8211;je-vois-des-enfants-avec-d-autres-qualit%C3%A9s-\/43845828<\/a>, accessed September 19, 2018.<\/p>","protected":false},"excerpt":{"rendered":"<p>Les mercredis du cin\u00e9ma\u00a0\u2013 Lauriane Pipoz Dans son dernier documentaire, Fernand Melgar nous livre un regard sur cinq enfants affect\u00e9s&#8230;<\/p>","protected":false},"author":102,"featured_media":510105,"comment_status":"open","ping_status":"open","sticky":false,"template":"","format":"standard","meta":{"_acf_changed":false,"footnotes":""},"categories":[644355829],"tags":[31254,10521245,21948,644358196,39791,1701973,37362],"class_list":["post-17055","post","type-post","status-publish","format-standard","has-post-thumbnail","hentry","category-films","tag-amour","tag-cinema-suisse","tag-documentaires","tag-ecole-2","tag-handicap","tag-lecon-de-vie","tag-progres"],"acf":[],"yoast_head":"<!-- This site is optimized with the Yoast SEO Premium plugin v27.4 (Yoast SEO v27.4) - https:\/\/yoast.com\/product\/yoast-seo-premium-wordpress\/ -->\n<title>\u00abA l\u2019\u00e9cole des philosophes\u00bb, une magnifique philosophie de vie<\/title>\n<meta name=\"robots\" content=\"index, follow, max-snippet:-1, max-image-preview:large, max-video-preview:-1\" \/>\n<link rel=\"canonical\" href=\"https:\/\/leregardlibre.com\/en\/cinema\/films\/a-lecole-des-philosophes-a-magnificent-philosophy-of-life\/\" \/>\n<meta property=\"og:locale\" content=\"en_US\" \/>\n<meta property=\"og:type\" content=\"article\" \/>\n<meta property=\"og:title\" content=\"\u00abA l\u2019\u00e9cole des philosophes\u00bb, une magnifique philosophie de vie\" \/>\n<meta property=\"og:description\" content=\"Les mercredis du cin\u00e9ma\u00a0\u2013 Lauriane Pipoz Dans son dernier documentaire, Fernand Melgar nous livre un regard sur cinq enfants affect\u00e9s...\" \/>\n<meta property=\"og:url\" content=\"https:\/\/leregardlibre.com\/en\/cinema\/films\/a-lecole-des-philosophes-a-magnificent-philosophy-of-life\/\" \/>\n<meta property=\"og:site_name\" content=\"Le Regard Libre\" \/>\n<meta property=\"article:publisher\" content=\"https:\/\/www.facebook.com\/leregardlibre\/\" \/>\n<meta property=\"article:published_time\" content=\"2018-09-19T17:20:49+00:00\" \/>\n<meta property=\"article:modified_time\" content=\"2025-12-04T21:39:42+00:00\" \/>\n<meta property=\"og:image\" content=\"https:\/\/leregardlibre.com\/wp-content\/uploads\/2018\/09\/27_-A-lecole-des-Philosophes-1024x576.jpg\" \/>\n\t<meta property=\"og:image:width\" content=\"1024\" \/>\n\t<meta property=\"og:image:height\" content=\"576\" \/>\n\t<meta property=\"og:image:type\" content=\"image\/jpeg\" \/>\n<meta name=\"author\" content=\"Lauriane Pipoz\" \/>\n<meta name=\"twitter:card\" content=\"summary_large_image\" \/>\n<meta name=\"twitter:creator\" content=\"@LeRegardLibre\" \/>\n<meta name=\"twitter:site\" content=\"@LeRegardLibre\" \/>\n<meta name=\"twitter:label1\" content=\"Written by\" \/>\n\t<meta name=\"twitter:data1\" content=\"Lauriane Pipoz\" \/>\n\t<meta name=\"twitter:label2\" content=\"Est. reading time\" \/>\n\t<meta name=\"twitter:data2\" content=\"4 minutes\" \/>\n<script type=\"application\/ld+json\" class=\"yoast-schema-graph\">{\"@context\":\"https:\\\/\\\/schema.org\",\"@graph\":[{\"@type\":\"Article\",\"@id\":\"https:\\\/\\\/leregardlibre.com\\\/cinema\\\/films\\\/a-lecole-des-philosophes-une-magnifique-philosophie-de-vie\\\/#article\",\"isPartOf\":{\"@id\":\"https:\\\/\\\/leregardlibre.com\\\/cinema\\\/films\\\/a-lecole-des-philosophes-une-magnifique-philosophie-de-vie\\\/\"},\"author\":{\"name\":\"Lauriane Pipoz\",\"@id\":\"https:\\\/\\\/leregardlibre.com\\\/#\\\/schema\\\/person\\\/4a90f0c5c8d33c0d6228249a2f2d37f5\"},\"headline\":\"\u00abA l\u2019\u00e9cole des philosophes\u00bb, une magnifique philosophie de vie\",\"datePublished\":\"2018-09-19T17:20:49+00:00\",\"dateModified\":\"2025-12-04T21:39:42+00:00\",\"mainEntityOfPage\":{\"@id\":\"https:\\\/\\\/leregardlibre.com\\\/cinema\\\/films\\\/a-lecole-des-philosophes-une-magnifique-philosophie-de-vie\\\/\"},\"wordCount\":770,\"commentCount\":0,\"publisher\":{\"@id\":\"https:\\\/\\\/leregardlibre.com\\\/#organization\"},\"image\":{\"@id\":\"https:\\\/\\\/leregardlibre.com\\\/cinema\\\/films\\\/a-lecole-des-philosophes-une-magnifique-philosophie-de-vie\\\/#primaryimage\"},\"thumbnailUrl\":\"https:\\\/\\\/leregardlibre.com\\\/wp-content\\\/uploads\\\/2018\\\/09\\\/27_-A-lecole-des-Philosophes.jpg\",\"keywords\":[\"Amour\",\"Cin\u00e9ma suisse\",\"Documentaire\",\"Ecole\",\"Handicap\",\"le\u00e7on de vie\",\"Progr\u00e8s\"],\"articleSection\":[\"Films\"],\"inLanguage\":\"en-US\",\"potentialAction\":[{\"@type\":\"CommentAction\",\"name\":\"Comment\",\"target\":[\"https:\\\/\\\/leregardlibre.com\\\/cinema\\\/films\\\/a-lecole-des-philosophes-une-magnifique-philosophie-de-vie\\\/#respond\"]}]},{\"@type\":\"WebPage\",\"@id\":\"https:\\\/\\\/leregardlibre.com\\\/cinema\\\/films\\\/a-lecole-des-philosophes-une-magnifique-philosophie-de-vie\\\/\",\"url\":\"https:\\\/\\\/leregardlibre.com\\\/cinema\\\/films\\\/a-lecole-des-philosophes-une-magnifique-philosophie-de-vie\\\/\",\"name\":\"\u00abA l\u2019\u00e9cole des philosophes\u00bb, une magnifique philosophie de vie\",\"isPartOf\":{\"@id\":\"https:\\\/\\\/leregardlibre.com\\\/#website\"},\"primaryImageOfPage\":{\"@id\":\"https:\\\/\\\/leregardlibre.com\\\/cinema\\\/films\\\/a-lecole-des-philosophes-une-magnifique-philosophie-de-vie\\\/#primaryimage\"},\"image\":{\"@id\":\"https:\\\/\\\/leregardlibre.com\\\/cinema\\\/films\\\/a-lecole-des-philosophes-une-magnifique-philosophie-de-vie\\\/#primaryimage\"},\"thumbnailUrl\":\"https:\\\/\\\/leregardlibre.com\\\/wp-content\\\/uploads\\\/2018\\\/09\\\/27_-A-lecole-des-Philosophes.jpg\",\"datePublished\":\"2018-09-19T17:20:49+00:00\",\"dateModified\":\"2025-12-04T21:39:42+00:00\",\"breadcrumb\":{\"@id\":\"https:\\\/\\\/leregardlibre.com\\\/cinema\\\/films\\\/a-lecole-des-philosophes-une-magnifique-philosophie-de-vie\\\/#breadcrumb\"},\"inLanguage\":\"en-US\",\"potentialAction\":[{\"@type\":\"ReadAction\",\"target\":[\"https:\\\/\\\/leregardlibre.com\\\/cinema\\\/films\\\/a-lecole-des-philosophes-une-magnifique-philosophie-de-vie\\\/\"]}]},{\"@type\":\"ImageObject\",\"inLanguage\":\"en-US\",\"@id\":\"https:\\\/\\\/leregardlibre.com\\\/cinema\\\/films\\\/a-lecole-des-philosophes-une-magnifique-philosophie-de-vie\\\/#primaryimage\",\"url\":\"https:\\\/\\\/leregardlibre.com\\\/wp-content\\\/uploads\\\/2018\\\/09\\\/27_-A-lecole-des-Philosophes.jpg\",\"contentUrl\":\"https:\\\/\\\/leregardlibre.com\\\/wp-content\\\/uploads\\\/2018\\\/09\\\/27_-A-lecole-des-Philosophes.jpg\",\"width\":3840,\"height\":2160,\"caption\":\"Adeline l'enseignate \u00e0 l'\u00e9coute des parents. Image du film de Fernand Melgar \\\" \u00c0 l'\u00e9cole des Philosophes\\\" \u00a9 2018 Le Dz\u00e8\"},{\"@type\":\"BreadcrumbList\",\"@id\":\"https:\\\/\\\/leregardlibre.com\\\/cinema\\\/films\\\/a-lecole-des-philosophes-une-magnifique-philosophie-de-vie\\\/#breadcrumb\",\"itemListElement\":[{\"@type\":\"ListItem\",\"position\":1,\"name\":\"Accueil\",\"item\":\"https:\\\/\\\/leregardlibre.com\\\/\"},{\"@type\":\"ListItem\",\"position\":2,\"name\":\"\u00abA l\u2019\u00e9cole des philosophes\u00bb, une magnifique philosophie de vie\"}]},{\"@type\":\"WebSite\",\"@id\":\"https:\\\/\\\/leregardlibre.com\\\/#website\",\"url\":\"https:\\\/\\\/leregardlibre.com\\\/\",\"name\":\"Le Regard Libre\",\"description\":\"Premier mensuel suisse de d\u00e9bat\",\"publisher\":{\"@id\":\"https:\\\/\\\/leregardlibre.com\\\/#organization\"},\"potentialAction\":[{\"@type\":\"SearchAction\",\"target\":{\"@type\":\"EntryPoint\",\"urlTemplate\":\"https:\\\/\\\/leregardlibre.com\\\/?s={search_term_string}\"},\"query-input\":{\"@type\":\"PropertyValueSpecification\",\"valueRequired\":true,\"valueName\":\"search_term_string\"}}],\"inLanguage\":\"en-US\"},{\"@type\":\"Organization\",\"@id\":\"https:\\\/\\\/leregardlibre.com\\\/#organization\",\"name\":\"Le Regard Libre\",\"url\":\"https:\\\/\\\/leregardlibre.com\\\/\",\"logo\":{\"@type\":\"ImageObject\",\"inLanguage\":\"en-US\",\"@id\":\"https:\\\/\\\/leregardlibre.com\\\/#\\\/schema\\\/logo\\\/image\\\/\",\"url\":\"https:\\\/\\\/leregardlibre.com\\\/wp-content\\\/uploads\\\/2025\\\/08\\\/logo-rl-icone-neg.jpeg\",\"contentUrl\":\"https:\\\/\\\/leregardlibre.com\\\/wp-content\\\/uploads\\\/2025\\\/08\\\/logo-rl-icone-neg.jpeg\",\"width\":557,\"height\":556,\"caption\":\"Le Regard Libre\"},\"image\":{\"@id\":\"https:\\\/\\\/leregardlibre.com\\\/#\\\/schema\\\/logo\\\/image\\\/\"},\"sameAs\":[\"https:\\\/\\\/www.facebook.com\\\/leregardlibre\\\/\",\"https:\\\/\\\/x.com\\\/LeRegardLibre\",\"https:\\\/\\\/www.linkedin.com\\\/company\\\/le-regard-libre\",\"https:\\\/\\\/www.instagram.com\\\/leregardlibre\\\/\",\"http:\\\/\\\/t.me\\\/leregardlibre\",\"https:\\\/\\\/youtube.com\\\/channel\\\/UC6HzGPomj1LsUmlz-sJtITQ\"],\"description\":\"Le Regard Libre est un mensuel suisse de d\u00e9bat intellectuel et culturel. Sa r\u00e9daction est jeune, b\u00e9n\u00e9vole, lib\u00e9rale et pluraliste. Le magazine para\u00eet en ligne et sous forme papier. Sa langue est le fran\u00e7ais.\",\"email\":\"redaction@leregardlibre.com\",\"legalName\":\"Le Regard Libre\",\"foundingDate\":\"2014-01-01\",\"numberOfEmployees\":{\"@type\":\"QuantitativeValue\",\"minValue\":\"11\",\"maxValue\":\"50\"},\"publishingPrinciples\":\"https:\\\/\\\/leregardlibre.com\\\/a-propos\\\/notre-manifeste\\\/\",\"ownershipFundingInfo\":\"https:\\\/\\\/leregardlibre.com\\\/mentions-legales\\\/\",\"actionableFeedbackPolicy\":\"https:\\\/\\\/leregardlibre.com\\\/conditions-generales-de-vente\\\/\"},{\"@type\":\"Person\",\"@id\":\"https:\\\/\\\/leregardlibre.com\\\/#\\\/schema\\\/person\\\/4a90f0c5c8d33c0d6228249a2f2d37f5\",\"name\":\"Lauriane Pipoz\",\"image\":{\"@type\":\"ImageObject\",\"inLanguage\":\"en-US\",\"@id\":\"https:\\\/\\\/secure.gravatar.com\\\/avatar\\\/9a20095942ede01d828f2fc30b63370b5d10612b2f5f1b4099e9dd868b95749d?s=96&d=identicon&r=g\",\"url\":\"https:\\\/\\\/secure.gravatar.com\\\/avatar\\\/9a20095942ede01d828f2fc30b63370b5d10612b2f5f1b4099e9dd868b95749d?s=96&d=identicon&r=g\",\"contentUrl\":\"https:\\\/\\\/secure.gravatar.com\\\/avatar\\\/9a20095942ede01d828f2fc30b63370b5d10612b2f5f1b4099e9dd868b95749d?s=96&d=identicon&r=g\",\"caption\":\"Lauriane Pipoz\"},\"sameAs\":[\"https:\\\/\\\/leregardlibre.com\\\/\",\"https:\\\/\\\/fr.wikipedia.org\\\/wiki\\\/Le_Regard_libre\"],\"url\":\"https:\\\/\\\/leregardlibre.com\\\/en\\\/author\\\/lauriane00\\\/\"}]}<\/script>\n<!-- \/ Yoast SEO Premium plugin. -->","yoast_head_json":{"title":"\u00abA l'\u00e9cole des philosophes\u00bb, a magnificent philosophy of life","robots":{"index":"index","follow":"follow","max-snippet":"max-snippet:-1","max-image-preview":"max-image-preview:large","max-video-preview":"max-video-preview:-1"},"canonical":"https:\/\/leregardlibre.com\/en\/cinema\/films\/a-lecole-des-philosophes-a-magnificent-philosophy-of-life\/","og_locale":"en_US","og_type":"article","og_title":"\u00abA l\u2019\u00e9cole des philosophes\u00bb, une magnifique philosophie de vie","og_description":"Les mercredis du cin\u00e9ma\u00a0\u2013 Lauriane Pipoz Dans son dernier documentaire, Fernand Melgar nous livre un regard sur cinq enfants affect\u00e9s...","og_url":"https:\/\/leregardlibre.com\/en\/cinema\/films\/a-lecole-des-philosophes-a-magnificent-philosophy-of-life\/","og_site_name":"Le Regard Libre","article_publisher":"https:\/\/www.facebook.com\/leregardlibre\/","article_published_time":"2018-09-19T17:20:49+00:00","article_modified_time":"2025-12-04T21:39:42+00:00","og_image":[{"width":1024,"height":576,"url":"https:\/\/leregardlibre.com\/wp-content\/uploads\/2018\/09\/27_-A-lecole-des-Philosophes-1024x576.jpg","type":"image\/jpeg"}],"author":"Lauriane Pipoz","twitter_card":"summary_large_image","twitter_creator":"@LeRegardLibre","twitter_site":"@LeRegardLibre","twitter_misc":{"Written by":"Lauriane Pipoz","Est. reading time":"4 minutes"},"schema":{"@context":"https:\/\/schema.org","@graph":[{"@type":"Article","@id":"https:\/\/leregardlibre.com\/cinema\/films\/a-lecole-des-philosophes-une-magnifique-philosophie-de-vie\/#article","isPartOf":{"@id":"https:\/\/leregardlibre.com\/cinema\/films\/a-lecole-des-philosophes-une-magnifique-philosophie-de-vie\/"},"author":{"name":"Lauriane Pipoz","@id":"https:\/\/leregardlibre.com\/#\/schema\/person\/4a90f0c5c8d33c0d6228249a2f2d37f5"},"headline":"\u00abA l\u2019\u00e9cole des philosophes\u00bb, une magnifique philosophie de vie","datePublished":"2018-09-19T17:20:49+00:00","dateModified":"2025-12-04T21:39:42+00:00","mainEntityOfPage":{"@id":"https:\/\/leregardlibre.com\/cinema\/films\/a-lecole-des-philosophes-une-magnifique-philosophie-de-vie\/"},"wordCount":770,"commentCount":0,"publisher":{"@id":"https:\/\/leregardlibre.com\/#organization"},"image":{"@id":"https:\/\/leregardlibre.com\/cinema\/films\/a-lecole-des-philosophes-une-magnifique-philosophie-de-vie\/#primaryimage"},"thumbnailUrl":"https:\/\/leregardlibre.com\/wp-content\/uploads\/2018\/09\/27_-A-lecole-des-Philosophes.jpg","keywords":["Amour","Cin\u00e9ma suisse","Documentaire","Ecole","Handicap","le\u00e7on de vie","Progr\u00e8s"],"articleSection":["Films"],"inLanguage":"en-US","potentialAction":[{"@type":"CommentAction","name":"Comment","target":["https:\/\/leregardlibre.com\/cinema\/films\/a-lecole-des-philosophes-une-magnifique-philosophie-de-vie\/#respond"]}]},{"@type":"WebPage","@id":"https:\/\/leregardlibre.com\/cinema\/films\/a-lecole-des-philosophes-une-magnifique-philosophie-de-vie\/","url":"https:\/\/leregardlibre.com\/cinema\/films\/a-lecole-des-philosophes-une-magnifique-philosophie-de-vie\/","name":"\u00abA l'\u00e9cole des philosophes\u00bb, a magnificent philosophy of life","isPartOf":{"@id":"https:\/\/leregardlibre.com\/#website"},"primaryImageOfPage":{"@id":"https:\/\/leregardlibre.com\/cinema\/films\/a-lecole-des-philosophes-une-magnifique-philosophie-de-vie\/#primaryimage"},"image":{"@id":"https:\/\/leregardlibre.com\/cinema\/films\/a-lecole-des-philosophes-une-magnifique-philosophie-de-vie\/#primaryimage"},"thumbnailUrl":"https:\/\/leregardlibre.com\/wp-content\/uploads\/2018\/09\/27_-A-lecole-des-Philosophes.jpg","datePublished":"2018-09-19T17:20:49+00:00","dateModified":"2025-12-04T21:39:42+00:00","breadcrumb":{"@id":"https:\/\/leregardlibre.com\/cinema\/films\/a-lecole-des-philosophes-une-magnifique-philosophie-de-vie\/#breadcrumb"},"inLanguage":"en-US","potentialAction":[{"@type":"ReadAction","target":["https:\/\/leregardlibre.com\/cinema\/films\/a-lecole-des-philosophes-une-magnifique-philosophie-de-vie\/"]}]},{"@type":"ImageObject","inLanguage":"en-US","@id":"https:\/\/leregardlibre.com\/cinema\/films\/a-lecole-des-philosophes-une-magnifique-philosophie-de-vie\/#primaryimage","url":"https:\/\/leregardlibre.com\/wp-content\/uploads\/2018\/09\/27_-A-lecole-des-Philosophes.jpg","contentUrl":"https:\/\/leregardlibre.com\/wp-content\/uploads\/2018\/09\/27_-A-lecole-des-Philosophes.jpg","width":3840,"height":2160,"caption":"Adeline l'enseignate \u00e0 l'\u00e9coute des parents. Image du film de Fernand Melgar \" \u00c0 l'\u00e9cole des Philosophes\" \u00a9 2018 Le Dz\u00e8"},{"@type":"BreadcrumbList","@id":"https:\/\/leregardlibre.com\/cinema\/films\/a-lecole-des-philosophes-une-magnifique-philosophie-de-vie\/#breadcrumb","itemListElement":[{"@type":"ListItem","position":1,"name":"Accueil","item":"https:\/\/leregardlibre.com\/"},{"@type":"ListItem","position":2,"name":"\u00abA l\u2019\u00e9cole des philosophes\u00bb, une magnifique philosophie de vie"}]},{"@type":"WebSite","@id":"https:\/\/leregardlibre.com\/#website","url":"https:\/\/leregardlibre.com\/","name":"Le Regard Libre","description":"Switzerland's first monthly debate magazine","publisher":{"@id":"https:\/\/leregardlibre.com\/#organization"},"potentialAction":[{"@type":"SearchAction","target":{"@type":"EntryPoint","urlTemplate":"https:\/\/leregardlibre.com\/?s={search_term_string}"},"query-input":{"@type":"PropertyValueSpecification","valueRequired":true,"valueName":"search_term_string"}}],"inLanguage":"en-US"},{"@type":"Organization","@id":"https:\/\/leregardlibre.com\/#organization","name":"Le Regard Libre","url":"https:\/\/leregardlibre.com\/","logo":{"@type":"ImageObject","inLanguage":"en-US","@id":"https:\/\/leregardlibre.com\/#\/schema\/logo\/image\/","url":"https:\/\/leregardlibre.com\/wp-content\/uploads\/2025\/08\/logo-rl-icone-neg.jpeg","contentUrl":"https:\/\/leregardlibre.com\/wp-content\/uploads\/2025\/08\/logo-rl-icone-neg.jpeg","width":557,"height":556,"caption":"Le Regard Libre"},"image":{"@id":"https:\/\/leregardlibre.com\/#\/schema\/logo\/image\/"},"sameAs":["https:\/\/www.facebook.com\/leregardlibre\/","https:\/\/x.com\/LeRegardLibre","https:\/\/www.linkedin.com\/company\/le-regard-libre","https:\/\/www.instagram.com\/leregardlibre\/","http:\/\/t.me\/leregardlibre","https:\/\/youtube.com\/channel\/UC6HzGPomj1LsUmlz-sJtITQ"],"description":"Le Regard Libre is a Swiss monthly magazine for intellectual and cultural debate. Its editorial team is young, voluntary, liberal and pluralist. The magazine appears online and in print. Its language is French.","email":"redaction@leregardlibre.com","legalName":"Le Regard Libre","foundingDate":"2014-01-01","numberOfEmployees":{"@type":"QuantitativeValue","minValue":"11","maxValue":"50"},"publishingPrinciples":"https:\/\/leregardlibre.com\/a-propos\/notre-manifeste\/","ownershipFundingInfo":"https:\/\/leregardlibre.com\/mentions-legales\/","actionableFeedbackPolicy":"https:\/\/leregardlibre.com\/conditions-generales-de-vente\/"},{"@type":"Person","@id":"https:\/\/leregardlibre.com\/#\/schema\/person\/4a90f0c5c8d33c0d6228249a2f2d37f5","name":"Lauriane Pipoz","image":{"@type":"ImageObject","inLanguage":"en-US","@id":"https:\/\/secure.gravatar.com\/avatar\/9a20095942ede01d828f2fc30b63370b5d10612b2f5f1b4099e9dd868b95749d?s=96&d=identicon&r=g","url":"https:\/\/secure.gravatar.com\/avatar\/9a20095942ede01d828f2fc30b63370b5d10612b2f5f1b4099e9dd868b95749d?s=96&d=identicon&r=g","contentUrl":"https:\/\/secure.gravatar.com\/avatar\/9a20095942ede01d828f2fc30b63370b5d10612b2f5f1b4099e9dd868b95749d?s=96&d=identicon&r=g","caption":"Lauriane Pipoz"},"sameAs":["https:\/\/leregardlibre.com\/","https:\/\/fr.wikipedia.org\/wiki\/Le_Regard_libre"],"url":"https:\/\/leregardlibre.com\/en\/author\/lauriane00\/"}]}},"_links":{"self":[{"href":"https:\/\/leregardlibre.com\/en\/wp-json\/wp\/v2\/posts\/17055","targetHints":{"allow":["GET"]}}],"collection":[{"href":"https:\/\/leregardlibre.com\/en\/wp-json\/wp\/v2\/posts"}],"about":[{"href":"https:\/\/leregardlibre.com\/en\/wp-json\/wp\/v2\/types\/post"}],"author":[{"embeddable":true,"href":"https:\/\/leregardlibre.com\/en\/wp-json\/wp\/v2\/users\/102"}],"replies":[{"embeddable":true,"href":"https:\/\/leregardlibre.com\/en\/wp-json\/wp\/v2\/comments?post=17055"}],"version-history":[{"count":1,"href":"https:\/\/leregardlibre.com\/en\/wp-json\/wp\/v2\/posts\/17055\/revisions"}],"predecessor-version":[{"id":510104,"href":"https:\/\/leregardlibre.com\/en\/wp-json\/wp\/v2\/posts\/17055\/revisions\/510104"}],"wp:featuredmedia":[{"embeddable":true,"href":"https:\/\/leregardlibre.com\/en\/wp-json\/wp\/v2\/media\/510105"}],"wp:attachment":[{"href":"https:\/\/leregardlibre.com\/en\/wp-json\/wp\/v2\/media?parent=17055"}],"wp:term":[{"taxonomy":"category","embeddable":true,"href":"https:\/\/leregardlibre.com\/en\/wp-json\/wp\/v2\/categories?post=17055"},{"taxonomy":"post_tag","embeddable":true,"href":"https:\/\/leregardlibre.com\/en\/wp-json\/wp\/v2\/tags?post=17055"}],"curies":[{"name":"wp","href":"https:\/\/api.w.org\/{rel}","templated":true}]}}