{"id":17200,"date":"2018-10-05T17:15:17","date_gmt":"2018-10-05T16:15:17","guid":{"rendered":"https:\/\/leregardlibre.com\/?p=17200"},"modified":"2026-02-08T21:27:27","modified_gmt":"2026-02-08T20:27:27","slug":"la-blz-company-le-succes-au-parfum-local","status":"publish","type":"post","link":"https:\/\/leregardlibre.com\/en\/gastronomy\/la-blz-company-le-succes-au-parfum-local\/","title":{"rendered":"The BLZ Company, success with a local flavour"},"content":{"rendered":"<p><em>Microbrewery Fridays - Max Moeschler<\/em><\/p>\n<p class=\"Corps\"><span lang=\"FR\">Like the plethora of craft breweries emerging in French-speaking Switzerland, Orvin's Brasserie BLZ Company is on a roll. Since it was founded in 2014, its success has continued to grow, as has its production to meet exponential demand, and its reputation, which now extends far beyond the borders of the small village in the Bernese Jura.<\/span><\/p>\n<p class=\"Corps\"><!--more--><\/p>\n<p class=\"Corps\"><span lang=\"FR\">C\u2019est \u00e0 l\u2019\u00e9t\u00e9 2014 que les graines de cet impressionnant succ\u00e8s ont \u00e9t\u00e9 sem\u00e9es par les fondateurs de la brasserie, les fr\u00e8res Guillaume et Arthur Balz. Tous deux passionn\u00e9s par le monde des <em>craft beers<\/em> am\u00e9ricaines, ils s\u2019essaient au brassage, dans leur petite cuisine d\u2019Orvin tout d\u2019abord. Le projet prenant rapidement forme, le nom \u00abLa Balzeuse\u00bb a tout d\u2019abord \u00e9t\u00e9 choisi, avant de devenir \u00abBLZ Company\u00bb, lorsque l\u2019\u00e9quipe s\u2019est agrandie afin de r\u00e9pondre \u00e0 une demande en augmentation. \u00abLa raison du \u201c<\/span>Company<span lang=\"FR\">\u201d<\/span><span lang=\"IT\">\u00a0<\/span><span lang=\"FR\">dans le nom de la brasserie a pour but d<\/span>\u2019<span lang=\"FR\">englober toutes les personnes impliqu\u00e9es de pr\u00e8s ou de loin dans le projet et le rendant concret\u00bb, expliquent-ils.<\/span><\/p>\n<p class=\"Corps\"><span lang=\"FR\">Au fur et \u00e0 mesure du d\u00e9veloppement de la brasserie et du succ\u00e8s croissant de ses produits, la n\u00e9cessit\u00e9 de trouver de nouveaux locaux plus spacieux s\u2019est fait ressentir. C\u2019est chose faite au d\u00e9but de l\u2019ann\u00e9e 2017 avec l\u2019acquisition d\u2019un nouvel espace de brassage \u00e0 Bienne. Ce dernier permet, notamment, de pousser la capacit\u00e9 de production \u00e0 neuf cents litres par brass\u00e9e, ce qui permet un brassin plus stable et un contr\u00f4le des saveurs plus pr\u00e9cis. Ce succ\u00e8s am\u00e8ne la BLZ \u00e0 remporter le premier prix du festival Artisa\u2019malt en 2017 pour la Mosaic IPA. <\/span><\/p>\n<p class=\"Corps\"><span lang=\"FR\">Le respect de l\u2019environnement et l\u2019approvisionnement en circuits courts sont \u00e9galement au c\u0153ur de la philosophie de la brasserie: \u00abUtiliser des ressources locales peut para<\/span>\u00ee<span lang=\"FR\">tre \u00e9vident mais sa production, notamment du malt, est encore rare\u00bb, pr\u00e9cisent les brasseurs. Afin de proposer des produits r\u00e9solument locaux et naturels, la brasserie s\u2019implique dans plusieurs collectifs, tels que la coop\u00e9rative \u00abMalticulture\u00bb \u00e0 Del\u00e9mont, qui vise \u00e0 encourager et valoriser la production de malt local de qualit\u00e9, et l\u2019association \u00abBois ta R\u00e9gion\u00bb qui promeut la production et la distribution de boissons r\u00e9gionales.<\/span><\/p>\n<p class=\"Corps\"><span lang=\"FR\">Mais ni la passion de ses cr\u00e9ateurs, ni l\u2019engagement \u00e9cologique dont ils font preuve n\u2019aurait suffit \u00e0 b\u00e2tir une telle r\u00e9ussite sans l\u2019essentiel: des bi\u00e8res surprenantes et de grande qualit\u00e9. Ces derni\u00e8res tirent leur originalit\u00e9 d\u2019ingr\u00e9dients inhabituels dans la bi\u00e8re, comme du mat\u00e9 ou de la gentiane. Au nombre de six, chacune se distingue par des saveurs uniques et un caract\u00e8re fort. De la tr\u00e8s demand\u00e9e Mosaic IPA, \u00e0 l\u2019amertume fruit\u00e9e unique, \u00e0 la Black Roots, bi\u00e8re brune tr\u00e8s typ\u00e9e et aromatis\u00e9e \u00e0 la gentiane, en passant par l\u2019\u00e9tonnante Don Mat\u00e9 aux saveurs myst\u00e9rieuses, la BLZ Company a de quoi flatter tous les palais avides de bi\u00e8re et de d\u00e9couvertes.<\/span><\/p>\n<p><span lang=\"FR\">Cr\u00e9dit photo: \u00a9 Yolane Rais<\/span><\/p>","protected":false},"excerpt":{"rendered":"<p>Les vendredis de la microbrasserie\u00a0\u2013 Max Moeschler A l\u2019image de la pl\u00e9thore de brasserie artisanales \u00e9mergeant en Suisse romande, la&#8230;<\/p>","protected":false},"author":100,"featured_media":17201,"comment_status":"open","ping_status":"open","sticky":false,"template":"","format":"standard","meta":{"_acf_changed":false,"footnotes":""},"categories":[42546],"tags":[644339933,2385984,241857,3079770,644339928,644339930,644339939,2821424,644339784,10981976,644339942,186991959,644339932,644339931,19289439,644339935],"class_list":["post-17200","post","type-post","status-publish","format-standard","has-post-thumbnail","hentry","category-gastronomie","tag-arthur-balz","tag-bienne","tag-biere","tag-biere-artisanale","tag-blz","tag-blz-company","tag-bois-ta-region","tag-brasserie-artisanale","tag-craft-beers","tag-delemont","tag-don-mate","tag-gastronomie-suisse","tag-guillaume-balz","tag-guillaume-et-arthur-balz","tag-jura-bernois","tag-mosaic-ipa"],"acf":[],"yoast_head":"<!-- This site is optimized with the Yoast SEO Premium plugin v27.4 (Yoast SEO v27.4) - https:\/\/yoast.com\/product\/yoast-seo-premium-wordpress\/ -->\n<title>La BLZ Company, le succ\u00e8s au parfum local<\/title>\n<meta name=\"robots\" content=\"index, follow, max-snippet:-1, max-image-preview:large, max-video-preview:-1\" \/>\n<link rel=\"canonical\" href=\"https:\/\/leregardlibre.com\/en\/gastronomy\/la-blz-company-le-succes-au-parfum-local\/\" \/>\n<meta property=\"og:locale\" content=\"en_US\" \/>\n<meta property=\"og:type\" content=\"article\" \/>\n<meta property=\"og:title\" content=\"La BLZ Company, le succ\u00e8s au parfum local\" \/>\n<meta property=\"og:description\" content=\"Les vendredis de la microbrasserie\u00a0\u2013 Max Moeschler A l\u2019image de la pl\u00e9thore de brasserie artisanales \u00e9mergeant en Suisse romande, la...\" \/>\n<meta property=\"og:url\" content=\"https:\/\/leregardlibre.com\/en\/gastronomy\/la-blz-company-le-succes-au-parfum-local\/\" \/>\n<meta property=\"og:site_name\" content=\"Le Regard Libre\" \/>\n<meta property=\"article:publisher\" content=\"https:\/\/www.facebook.com\/leregardlibre\/\" \/>\n<meta property=\"article:published_time\" content=\"2018-10-05T16:15:17+00:00\" \/>\n<meta property=\"article:modified_time\" content=\"2026-02-08T20:27:27+00:00\" \/>\n<meta property=\"og:image\" content=\"https:\/\/leregardlibre.com\/wp-content\/uploads\/2018\/10\/BLZ.png\" \/>\n\t<meta property=\"og:image:width\" content=\"1004\" \/>\n\t<meta property=\"og:image:height\" content=\"670\" \/>\n\t<meta property=\"og:image:type\" content=\"image\/png\" \/>\n<meta name=\"author\" content=\"Max Moeschler\" \/>\n<meta name=\"twitter:card\" content=\"summary_large_image\" \/>\n<meta name=\"twitter:creator\" content=\"@LeRegardLibre\" \/>\n<meta name=\"twitter:site\" content=\"@LeRegardLibre\" \/>\n<meta name=\"twitter:label1\" content=\"Written by\" \/>\n\t<meta name=\"twitter:data1\" content=\"Max Moeschler\" \/>\n\t<meta name=\"twitter:label2\" content=\"Est. reading time\" \/>\n\t<meta name=\"twitter:data2\" content=\"3 minutes\" \/>\n<script type=\"application\/ld+json\" class=\"yoast-schema-graph\">{\"@context\":\"https:\\\/\\\/schema.org\",\"@graph\":[{\"@type\":\"Article\",\"@id\":\"https:\\\/\\\/leregardlibre.com\\\/gastronomie\\\/la-blz-company-le-succes-au-parfum-local\\\/#article\",\"isPartOf\":{\"@id\":\"https:\\\/\\\/leregardlibre.com\\\/gastronomie\\\/la-blz-company-le-succes-au-parfum-local\\\/\"},\"author\":{\"name\":\"Max Moeschler\",\"@id\":\"https:\\\/\\\/leregardlibre.com\\\/#\\\/schema\\\/person\\\/439e8d2dc64266e912da6f674b0b2c4b\"},\"headline\":\"La BLZ Company, le succ\u00e8s au parfum local\",\"datePublished\":\"2018-10-05T16:15:17+00:00\",\"dateModified\":\"2026-02-08T20:27:27+00:00\",\"mainEntityOfPage\":{\"@id\":\"https:\\\/\\\/leregardlibre.com\\\/gastronomie\\\/la-blz-company-le-succes-au-parfum-local\\\/\"},\"wordCount\":545,\"commentCount\":1,\"publisher\":{\"@id\":\"https:\\\/\\\/leregardlibre.com\\\/#organization\"},\"image\":{\"@id\":\"https:\\\/\\\/leregardlibre.com\\\/gastronomie\\\/la-blz-company-le-succes-au-parfum-local\\\/#primaryimage\"},\"thumbnailUrl\":\"https:\\\/\\\/leregardlibre.com\\\/wp-content\\\/uploads\\\/2018\\\/10\\\/BLZ.png\",\"keywords\":[\"arthur balz\",\"Bienne\",\"Bi\u00e8re\",\"Bi\u00e8re artisanale\",\"blz\",\"blz company\",\"bois ta r\u00e9gion\",\"Brasseries artisanales\",\"craft beers\",\"del\u00e9mont\",\"don mat\u00e9\",\"Gastronomie suisse\",\"guillaume balz\",\"guillaume et arthur balz\",\"Jura bernois\",\"mosaic ipa\"],\"articleSection\":[\"Gastronomie\"],\"inLanguage\":\"en-US\",\"potentialAction\":[{\"@type\":\"CommentAction\",\"name\":\"Comment\",\"target\":[\"https:\\\/\\\/leregardlibre.com\\\/gastronomie\\\/la-blz-company-le-succes-au-parfum-local\\\/#respond\"]}]},{\"@type\":\"WebPage\",\"@id\":\"https:\\\/\\\/leregardlibre.com\\\/gastronomie\\\/la-blz-company-le-succes-au-parfum-local\\\/\",\"url\":\"https:\\\/\\\/leregardlibre.com\\\/gastronomie\\\/la-blz-company-le-succes-au-parfum-local\\\/\",\"name\":\"La BLZ Company, le succ\u00e8s au parfum local\",\"isPartOf\":{\"@id\":\"https:\\\/\\\/leregardlibre.com\\\/#website\"},\"primaryImageOfPage\":{\"@id\":\"https:\\\/\\\/leregardlibre.com\\\/gastronomie\\\/la-blz-company-le-succes-au-parfum-local\\\/#primaryimage\"},\"image\":{\"@id\":\"https:\\\/\\\/leregardlibre.com\\\/gastronomie\\\/la-blz-company-le-succes-au-parfum-local\\\/#primaryimage\"},\"thumbnailUrl\":\"https:\\\/\\\/leregardlibre.com\\\/wp-content\\\/uploads\\\/2018\\\/10\\\/BLZ.png\",\"datePublished\":\"2018-10-05T16:15:17+00:00\",\"dateModified\":\"2026-02-08T20:27:27+00:00\",\"breadcrumb\":{\"@id\":\"https:\\\/\\\/leregardlibre.com\\\/gastronomie\\\/la-blz-company-le-succes-au-parfum-local\\\/#breadcrumb\"},\"inLanguage\":\"en-US\",\"potentialAction\":[{\"@type\":\"ReadAction\",\"target\":[\"https:\\\/\\\/leregardlibre.com\\\/gastronomie\\\/la-blz-company-le-succes-au-parfum-local\\\/\"]}]},{\"@type\":\"ImageObject\",\"inLanguage\":\"en-US\",\"@id\":\"https:\\\/\\\/leregardlibre.com\\\/gastronomie\\\/la-blz-company-le-succes-au-parfum-local\\\/#primaryimage\",\"url\":\"https:\\\/\\\/leregardlibre.com\\\/wp-content\\\/uploads\\\/2018\\\/10\\\/BLZ.png\",\"contentUrl\":\"https:\\\/\\\/leregardlibre.com\\\/wp-content\\\/uploads\\\/2018\\\/10\\\/BLZ.png\",\"width\":1004,\"height\":670},{\"@type\":\"BreadcrumbList\",\"@id\":\"https:\\\/\\\/leregardlibre.com\\\/gastronomie\\\/la-blz-company-le-succes-au-parfum-local\\\/#breadcrumb\",\"itemListElement\":[{\"@type\":\"ListItem\",\"position\":1,\"name\":\"Accueil\",\"item\":\"https:\\\/\\\/leregardlibre.com\\\/\"},{\"@type\":\"ListItem\",\"position\":2,\"name\":\"La BLZ Company, le succ\u00e8s au parfum local\"}]},{\"@type\":\"WebSite\",\"@id\":\"https:\\\/\\\/leregardlibre.com\\\/#website\",\"url\":\"https:\\\/\\\/leregardlibre.com\\\/\",\"name\":\"Le Regard Libre\",\"description\":\"Premier mensuel suisse de d\u00e9bat\",\"publisher\":{\"@id\":\"https:\\\/\\\/leregardlibre.com\\\/#organization\"},\"potentialAction\":[{\"@type\":\"SearchAction\",\"target\":{\"@type\":\"EntryPoint\",\"urlTemplate\":\"https:\\\/\\\/leregardlibre.com\\\/?s={search_term_string}\"},\"query-input\":{\"@type\":\"PropertyValueSpecification\",\"valueRequired\":true,\"valueName\":\"search_term_string\"}}],\"inLanguage\":\"en-US\"},{\"@type\":\"Organization\",\"@id\":\"https:\\\/\\\/leregardlibre.com\\\/#organization\",\"name\":\"Le Regard Libre\",\"url\":\"https:\\\/\\\/leregardlibre.com\\\/\",\"logo\":{\"@type\":\"ImageObject\",\"inLanguage\":\"en-US\",\"@id\":\"https:\\\/\\\/leregardlibre.com\\\/#\\\/schema\\\/logo\\\/image\\\/\",\"url\":\"https:\\\/\\\/leregardlibre.com\\\/wp-content\\\/uploads\\\/2025\\\/08\\\/logo-rl-icone-neg.jpeg\",\"contentUrl\":\"https:\\\/\\\/leregardlibre.com\\\/wp-content\\\/uploads\\\/2025\\\/08\\\/logo-rl-icone-neg.jpeg\",\"width\":557,\"height\":556,\"caption\":\"Le Regard Libre\"},\"image\":{\"@id\":\"https:\\\/\\\/leregardlibre.com\\\/#\\\/schema\\\/logo\\\/image\\\/\"},\"sameAs\":[\"https:\\\/\\\/www.facebook.com\\\/leregardlibre\\\/\",\"https:\\\/\\\/x.com\\\/LeRegardLibre\",\"https:\\\/\\\/www.linkedin.com\\\/company\\\/le-regard-libre\",\"https:\\\/\\\/www.instagram.com\\\/leregardlibre\\\/\",\"http:\\\/\\\/t.me\\\/leregardlibre\",\"https:\\\/\\\/youtube.com\\\/channel\\\/UC6HzGPomj1LsUmlz-sJtITQ\"],\"description\":\"Le Regard Libre est un mensuel suisse de d\u00e9bat intellectuel et culturel. Sa r\u00e9daction est jeune, b\u00e9n\u00e9vole, lib\u00e9rale et pluraliste. Le magazine para\u00eet en ligne et sous forme papier. Sa langue est le fran\u00e7ais.\",\"email\":\"redaction@leregardlibre.com\",\"legalName\":\"Le Regard Libre\",\"foundingDate\":\"2014-01-01\",\"numberOfEmployees\":{\"@type\":\"QuantitativeValue\",\"minValue\":\"11\",\"maxValue\":\"50\"},\"publishingPrinciples\":\"https:\\\/\\\/leregardlibre.com\\\/a-propos\\\/notre-manifeste\\\/\",\"ownershipFundingInfo\":\"https:\\\/\\\/leregardlibre.com\\\/mentions-legales\\\/\",\"actionableFeedbackPolicy\":\"https:\\\/\\\/leregardlibre.com\\\/conditions-generales-de-vente\\\/\"},{\"@type\":\"Person\",\"@id\":\"https:\\\/\\\/leregardlibre.com\\\/#\\\/schema\\\/person\\\/439e8d2dc64266e912da6f674b0b2c4b\",\"name\":\"Max Moeschler\",\"image\":{\"@type\":\"ImageObject\",\"inLanguage\":\"en-US\",\"@id\":\"https:\\\/\\\/secure.gravatar.com\\\/avatar\\\/a68b78ce98e86136d3956bc6f17e4879a7897c9744bef17da17a56ef38a02555?s=96&d=identicon&r=g\",\"url\":\"https:\\\/\\\/secure.gravatar.com\\\/avatar\\\/a68b78ce98e86136d3956bc6f17e4879a7897c9744bef17da17a56ef38a02555?s=96&d=identicon&r=g\",\"contentUrl\":\"https:\\\/\\\/secure.gravatar.com\\\/avatar\\\/a68b78ce98e86136d3956bc6f17e4879a7897c9744bef17da17a56ef38a02555?s=96&d=identicon&r=g\",\"caption\":\"Max Moeschler\"},\"sameAs\":[\"https:\\\/\\\/leregardlibre.com\\\/\",\"https:\\\/\\\/fr.wikipedia.org\\\/wiki\\\/Le_Regard_libre\"],\"url\":\"https:\\\/\\\/leregardlibre.com\\\/en\\\/author\\\/max-moeschler\\\/\"}]}<\/script>\n<!-- \/ Yoast SEO Premium plugin. -->","yoast_head_json":{"title":"The BLZ Company, success with a local flavour","robots":{"index":"index","follow":"follow","max-snippet":"max-snippet:-1","max-image-preview":"max-image-preview:large","max-video-preview":"max-video-preview:-1"},"canonical":"https:\/\/leregardlibre.com\/en\/gastronomy\/la-blz-company-le-succes-au-parfum-local\/","og_locale":"en_US","og_type":"article","og_title":"La BLZ Company, le succ\u00e8s au parfum local","og_description":"Les vendredis de la microbrasserie\u00a0\u2013 Max Moeschler A l\u2019image de la pl\u00e9thore de brasserie artisanales \u00e9mergeant en Suisse romande, la...","og_url":"https:\/\/leregardlibre.com\/en\/gastronomy\/la-blz-company-le-succes-au-parfum-local\/","og_site_name":"Le Regard Libre","article_publisher":"https:\/\/www.facebook.com\/leregardlibre\/","article_published_time":"2018-10-05T16:15:17+00:00","article_modified_time":"2026-02-08T20:27:27+00:00","og_image":[{"width":1004,"height":670,"url":"https:\/\/leregardlibre.com\/wp-content\/uploads\/2018\/10\/BLZ.png","type":"image\/png"}],"author":"Max Moeschler","twitter_card":"summary_large_image","twitter_creator":"@LeRegardLibre","twitter_site":"@LeRegardLibre","twitter_misc":{"Written by":"Max Moeschler","Est. reading time":"3 minutes"},"schema":{"@context":"https:\/\/schema.org","@graph":[{"@type":"Article","@id":"https:\/\/leregardlibre.com\/gastronomie\/la-blz-company-le-succes-au-parfum-local\/#article","isPartOf":{"@id":"https:\/\/leregardlibre.com\/gastronomie\/la-blz-company-le-succes-au-parfum-local\/"},"author":{"name":"Max Moeschler","@id":"https:\/\/leregardlibre.com\/#\/schema\/person\/439e8d2dc64266e912da6f674b0b2c4b"},"headline":"La BLZ Company, le succ\u00e8s au parfum local","datePublished":"2018-10-05T16:15:17+00:00","dateModified":"2026-02-08T20:27:27+00:00","mainEntityOfPage":{"@id":"https:\/\/leregardlibre.com\/gastronomie\/la-blz-company-le-succes-au-parfum-local\/"},"wordCount":545,"commentCount":1,"publisher":{"@id":"https:\/\/leregardlibre.com\/#organization"},"image":{"@id":"https:\/\/leregardlibre.com\/gastronomie\/la-blz-company-le-succes-au-parfum-local\/#primaryimage"},"thumbnailUrl":"https:\/\/leregardlibre.com\/wp-content\/uploads\/2018\/10\/BLZ.png","keywords":["arthur balz","Bienne","Bi\u00e8re","Bi\u00e8re artisanale","blz","blz company","bois ta r\u00e9gion","Brasseries artisanales","craft beers","del\u00e9mont","don mat\u00e9","Gastronomie suisse","guillaume balz","guillaume et arthur balz","Jura bernois","mosaic ipa"],"articleSection":["Gastronomie"],"inLanguage":"en-US","potentialAction":[{"@type":"CommentAction","name":"Comment","target":["https:\/\/leregardlibre.com\/gastronomie\/la-blz-company-le-succes-au-parfum-local\/#respond"]}]},{"@type":"WebPage","@id":"https:\/\/leregardlibre.com\/gastronomie\/la-blz-company-le-succes-au-parfum-local\/","url":"https:\/\/leregardlibre.com\/gastronomie\/la-blz-company-le-succes-au-parfum-local\/","name":"The BLZ Company, success with a local flavour","isPartOf":{"@id":"https:\/\/leregardlibre.com\/#website"},"primaryImageOfPage":{"@id":"https:\/\/leregardlibre.com\/gastronomie\/la-blz-company-le-succes-au-parfum-local\/#primaryimage"},"image":{"@id":"https:\/\/leregardlibre.com\/gastronomie\/la-blz-company-le-succes-au-parfum-local\/#primaryimage"},"thumbnailUrl":"https:\/\/leregardlibre.com\/wp-content\/uploads\/2018\/10\/BLZ.png","datePublished":"2018-10-05T16:15:17+00:00","dateModified":"2026-02-08T20:27:27+00:00","breadcrumb":{"@id":"https:\/\/leregardlibre.com\/gastronomie\/la-blz-company-le-succes-au-parfum-local\/#breadcrumb"},"inLanguage":"en-US","potentialAction":[{"@type":"ReadAction","target":["https:\/\/leregardlibre.com\/gastronomie\/la-blz-company-le-succes-au-parfum-local\/"]}]},{"@type":"ImageObject","inLanguage":"en-US","@id":"https:\/\/leregardlibre.com\/gastronomie\/la-blz-company-le-succes-au-parfum-local\/#primaryimage","url":"https:\/\/leregardlibre.com\/wp-content\/uploads\/2018\/10\/BLZ.png","contentUrl":"https:\/\/leregardlibre.com\/wp-content\/uploads\/2018\/10\/BLZ.png","width":1004,"height":670},{"@type":"BreadcrumbList","@id":"https:\/\/leregardlibre.com\/gastronomie\/la-blz-company-le-succes-au-parfum-local\/#breadcrumb","itemListElement":[{"@type":"ListItem","position":1,"name":"Accueil","item":"https:\/\/leregardlibre.com\/"},{"@type":"ListItem","position":2,"name":"La BLZ Company, le succ\u00e8s au parfum local"}]},{"@type":"WebSite","@id":"https:\/\/leregardlibre.com\/#website","url":"https:\/\/leregardlibre.com\/","name":"Le Regard Libre","description":"Switzerland's first monthly debate magazine","publisher":{"@id":"https:\/\/leregardlibre.com\/#organization"},"potentialAction":[{"@type":"SearchAction","target":{"@type":"EntryPoint","urlTemplate":"https:\/\/leregardlibre.com\/?s={search_term_string}"},"query-input":{"@type":"PropertyValueSpecification","valueRequired":true,"valueName":"search_term_string"}}],"inLanguage":"en-US"},{"@type":"Organization","@id":"https:\/\/leregardlibre.com\/#organization","name":"Le Regard Libre","url":"https:\/\/leregardlibre.com\/","logo":{"@type":"ImageObject","inLanguage":"en-US","@id":"https:\/\/leregardlibre.com\/#\/schema\/logo\/image\/","url":"https:\/\/leregardlibre.com\/wp-content\/uploads\/2025\/08\/logo-rl-icone-neg.jpeg","contentUrl":"https:\/\/leregardlibre.com\/wp-content\/uploads\/2025\/08\/logo-rl-icone-neg.jpeg","width":557,"height":556,"caption":"Le Regard Libre"},"image":{"@id":"https:\/\/leregardlibre.com\/#\/schema\/logo\/image\/"},"sameAs":["https:\/\/www.facebook.com\/leregardlibre\/","https:\/\/x.com\/LeRegardLibre","https:\/\/www.linkedin.com\/company\/le-regard-libre","https:\/\/www.instagram.com\/leregardlibre\/","http:\/\/t.me\/leregardlibre","https:\/\/youtube.com\/channel\/UC6HzGPomj1LsUmlz-sJtITQ"],"description":"Le Regard Libre is a Swiss monthly magazine for intellectual and cultural debate. Its editorial team is young, voluntary, liberal and pluralist. The magazine appears online and in print. Its language is French.","email":"redaction@leregardlibre.com","legalName":"Le Regard Libre","foundingDate":"2014-01-01","numberOfEmployees":{"@type":"QuantitativeValue","minValue":"11","maxValue":"50"},"publishingPrinciples":"https:\/\/leregardlibre.com\/a-propos\/notre-manifeste\/","ownershipFundingInfo":"https:\/\/leregardlibre.com\/mentions-legales\/","actionableFeedbackPolicy":"https:\/\/leregardlibre.com\/conditions-generales-de-vente\/"},{"@type":"Person","@id":"https:\/\/leregardlibre.com\/#\/schema\/person\/439e8d2dc64266e912da6f674b0b2c4b","name":"Max Moeschler","image":{"@type":"ImageObject","inLanguage":"en-US","@id":"https:\/\/secure.gravatar.com\/avatar\/a68b78ce98e86136d3956bc6f17e4879a7897c9744bef17da17a56ef38a02555?s=96&d=identicon&r=g","url":"https:\/\/secure.gravatar.com\/avatar\/a68b78ce98e86136d3956bc6f17e4879a7897c9744bef17da17a56ef38a02555?s=96&d=identicon&r=g","contentUrl":"https:\/\/secure.gravatar.com\/avatar\/a68b78ce98e86136d3956bc6f17e4879a7897c9744bef17da17a56ef38a02555?s=96&d=identicon&r=g","caption":"Max Moeschler"},"sameAs":["https:\/\/leregardlibre.com\/","https:\/\/fr.wikipedia.org\/wiki\/Le_Regard_libre"],"url":"https:\/\/leregardlibre.com\/en\/author\/max-moeschler\/"}]}},"_links":{"self":[{"href":"https:\/\/leregardlibre.com\/en\/wp-json\/wp\/v2\/posts\/17200","targetHints":{"allow":["GET"]}}],"collection":[{"href":"https:\/\/leregardlibre.com\/en\/wp-json\/wp\/v2\/posts"}],"about":[{"href":"https:\/\/leregardlibre.com\/en\/wp-json\/wp\/v2\/types\/post"}],"author":[{"embeddable":true,"href":"https:\/\/leregardlibre.com\/en\/wp-json\/wp\/v2\/users\/100"}],"replies":[{"embeddable":true,"href":"https:\/\/leregardlibre.com\/en\/wp-json\/wp\/v2\/comments?post=17200"}],"version-history":[{"count":1,"href":"https:\/\/leregardlibre.com\/en\/wp-json\/wp\/v2\/posts\/17200\/revisions"}],"predecessor-version":[{"id":510124,"href":"https:\/\/leregardlibre.com\/en\/wp-json\/wp\/v2\/posts\/17200\/revisions\/510124"}],"wp:featuredmedia":[{"embeddable":true,"href":"https:\/\/leregardlibre.com\/en\/wp-json\/wp\/v2\/media\/17201"}],"wp:attachment":[{"href":"https:\/\/leregardlibre.com\/en\/wp-json\/wp\/v2\/media?parent=17200"}],"wp:term":[{"taxonomy":"category","embeddable":true,"href":"https:\/\/leregardlibre.com\/en\/wp-json\/wp\/v2\/categories?post=17200"},{"taxonomy":"post_tag","embeddable":true,"href":"https:\/\/leregardlibre.com\/en\/wp-json\/wp\/v2\/tags?post=17200"}],"curies":[{"name":"wp","href":"https:\/\/api.w.org\/{rel}","templated":true}]}}